{"id":479691,"date":"2014-01-27T22:31:18","date_gmt":"2014-01-27T23:31:18","guid":{"rendered":"http:\/\/www.eldigitaldeasturias.com\/noticias\/?p=479691"},"modified":"2014-01-27T22:31:18","modified_gmt":"2014-01-27T23:31:18","slug":"un-jubilado-recoge-el-cupon-que-la-once-dedica-a-efe-por-su-75-aniversario","status":"publish","type":"post","link":"https:\/\/www.eldigitaldeasturias.com\/noticias\/un-jubilado-recoge-el-cupon-que-la-once-dedica-a-efe-por-su-75-aniversario\/","title":{"rendered":"El periodista Xos\u00e9 Anxo Rodr\u00edguez Costoya recoge el cup\u00f3n que la ONCE dedica a EFE por su 75 aniversario"},"content":{"rendered":"<p><img loading=\"lazy\" decoding=\"async\" class=\"alignleft size-medium wp-image-479692\" alt=\"5879264w\" src=\"https:\/\/www.eldigitaldeasturias.com\/noticias\/wp-content\/uploads\/2014\/01\/5879264w-360x218.jpg\" width=\"360\" height=\"218\" \/>Santiago de Compostela, 27 ene (EFE).- El periodista Xos\u00e9 Anxo Rodr\u00edguez Costoya, jubilado de EFE-Galicia desde noviembre de 2012, ha recogido este mediod\u00eda en la capital gallega el cup\u00f3n que la ONCE dedica el pr\u00f3ximo 1 de febrero al 75 aniversario de la agencia de noticias, en un acto en el que ha estado acompa\u00f1ado por la delegada general, Ana Mart\u00ednez.<\/p>\n<p>Cinco millones y medio de cupones son los que llevar\u00e1n a toda Espa\u00f1a una significativa ilustraci\u00f3n de esta compa\u00f1\u00eda, la fotograf\u00eda de la antigua sala de teletipos, imagen que ha centrado buena parte de la conversaci\u00f3n mantenida entre Rodr\u00edguez Costoya, que a menudo se encargaba tambi\u00e9n de las \u00abreparaciones\u00bb, como ha relatado; y el delegado territorial de la ONCE en Galicia, Manuel Mart\u00ednez Pan.<\/p>\n<p>En el evento, tambi\u00e9n ha estado presente la presidenta del Consejo Territorial de ONCE-Galicia, Dolores Venancio.<\/p>\n<p>Mart\u00ednez Pan fue el maestro de ceremonias en la entrega de la reproducci\u00f3n enmarcada en la sede de EFE, en la compostelana R\u00faa do Vilar.<\/p>\n<p>Tras la correspondiente fotograf\u00eda de grupo, hubo una charla en la que los representantes de la ONCE pudieron escuchar las an\u00e9cdotas vividas por Rodr\u00edguez Costoya a lo largo de sus 42 a\u00f1os de trabajo consecutivos en esta empresa period\u00edstica.<\/p>\n<p>Fundada en 1939 en Madrid, EFE es la primera agencia de noticias del mundo en espa\u00f1ol y la cuarta a nivel global.<\/p>\n<p>En la actualidad es una empresa informativa multimedia, reconocida por su credibilidad y rigor, en la que colaboran profesionales de 60 nacionalidades que trabajan en diferentes lenguas para informar 24 horas al d\u00eda desde 181 ciudades de 120 pa\u00edses de los cinco continentes.<\/p>\n<p>En Espa\u00f1a, EFE tiene delegaciones en las capitales de las 17 comunidades aut\u00f3nomas, adem\u00e1s de Ceuta y Melilla, y oficinas permanentes en otras muchas ciudades.<\/p>\n<p>Desde el a\u00f1o 2009, la delegaci\u00f3n de EFE en Galicia presta su servicio tambi\u00e9n en gallego en el \u00e1mbito de esta comunidad aut\u00f3noma.<\/p>\n<p>Al frente de la delegaci\u00f3n gallega de EFE est\u00e1 actualmente la periodista Ana Mart\u00ednez Pedrosa, que dirige a un nutrido equipo de profesionales que cubren la informaci\u00f3n en los diferentes soportes, prensa escrita, radio, televisi\u00f3n e internet.<\/p>\n<p>Naci\u00f3 en Noia (A Coru\u00f1a) y tiene 35 a\u00f1os.<\/p>\n<p>Con motivo de esta celebraci\u00f3n, ha querido que en la recogida del cup\u00f3n de la ONCE estuviese presente una persona que ha dedicado 42 a\u00f1os de su vida a la agencia. En el caso de esta mujer, todav\u00eda no ha cumplido dos al frente de EFE-Galicia.<\/p>\n<p>As\u00ed, Rodr\u00edguez Costoya ha sido citado para una hora concreta pero sin saber el motivo. Al conocerlo, se ha emocionado.<\/p>\n<p>El cup\u00f3n de la ONCE ofrece, los fines de semana, un premio principal a las cinco cifras y serie de 300.000 euros, m\u00e1s 5.000 euros al mes durante 20 a\u00f1os consecutivos a un solo cup\u00f3n del n\u00famero y serie premiados en la primera extracci\u00f3n.<\/p>\n<p>Adem\u00e1s, premios de 2.000 euros al mes durante 10 a\u00f1os consecutivos, a los cuatro cupones de los n\u00fameros y serie premiados en alguna de las extracciones de la 2\u00aa a la 5\u00aa; 54 premios de 20.000 euros a las 5 cifras del n\u00famero premiado en la primera extracci\u00f3n, y premios de 400, 200, 30, 4 y 2 euros.<\/p>\n<p>Los cupones de la ONCE se comercializan por los m\u00e1s de 20.000 agentes vendedores de la ONCE. Como siempre, gracias al Terminal Punto de Venta (TPV), el cliente puede elegir el n\u00famero que m\u00e1s le guste. Adem\u00e1s, se pueden adquirir desde la p\u00e1gina web oficial de juego de la ONCE www.juegosonce.es.<\/p>\n","protected":false},"excerpt":{"rendered":"<p>Santiago de Compostela, 27 ene (EFE).- El periodista Xos\u00e9 Anxo Rodr\u00edguez Costoya, jubilado de EFE-Galicia desde noviembre de 2012, ha recogido este mediod\u00eda en la capital gallega el cup\u00f3n que la ONCE dedica el pr\u00f3ximo 1 de febrero al 75 aniversario de la agencia de noticias, en un acto en el que ha estado acompa\u00f1ado [&hellip;]<\/p>\n","protected":false},"author":1,"featured_media":1132184,"comment_status":"closed","ping_status":"open","sticky":false,"template":"","format":"standard","meta":{"footnotes":""},"categories":[1],"tags":[],"class_list":["post-479691","post","type-post","status-publish","format-standard","has-post-thumbnail","hentry","category-actualidad"],"aioseo_notices":[],"aioseo_head":"\n\t\t<!-- All in One SEO Pro 5.0.1 - aioseo.com -->\n\t<meta name=\"description\" content=\"Santiago de Compostela, 27 ene (EFE).- El periodista Xos\u00e9 Anxo Rodr\u00edguez Costoya, jubilado de EFE-Galicia desde noviembre de 2012, ha recogido este mediod\u00eda en la capital gallega el cup\u00f3n que la ONCE dedica el pr\u00f3ximo 1 de febrero al 75 aniversario de la agencia de noticias, en un acto en el que ha estado acompa\u00f1ado\" \/>\n\t<meta name=\"robots\" content=\"max-image-preview:large\" \/>\n\t<meta name=\"author\" content=\"El Digital de Asturias\"\/>\n\t<meta name=\"google-site-verification\" content=\"UA-38556648-1\" \/>\n\t<meta name=\"msvalidate.01\" content=\"7dfe9f3f1b24437ab69f4f2559babe99\" \/>\n\t<meta name=\"keywords\" content=\"actualidad\" \/>\n\t<link rel=\"canonical\" href=\"https:\/\/www.eldigitaldeasturias.com\/noticias\/un-jubilado-recoge-el-cupon-que-la-once-dedica-a-efe-por-su-75-aniversario\/\" \/>\n\t<meta name=\"generator\" content=\"All in One SEO Pro (AIOSEO) 5.0.1\" \/>\n\t\t<meta property=\"og:locale\" content=\"es_ES\" \/>\n\t\t<meta property=\"og:site_name\" content=\"El Digital de Asturias\" \/>\n\t\t<meta property=\"og:type\" content=\"article\" \/>\n\t\t<meta property=\"og:title\" content=\"El periodista Xos\u00e9 Anxo Rodr\u00edguez Costoya recoge el cup\u00f3n que la ONCE dedica a EFE por su 75 aniversario - El Digital de Asturias\" \/>\n\t\t<meta property=\"og:description\" content=\"Santiago de Compostela, 27 ene (EFE).- El periodista Xos\u00e9 Anxo Rodr\u00edguez Costoya, jubilado de EFE-Galicia desde noviembre de 2012, ha recogido este mediod\u00eda en la capital gallega el cup\u00f3n que la ONCE dedica el pr\u00f3ximo 1 de febrero al 75 aniversario de la agencia de noticias, en un acto en el que ha estado acompa\u00f1ado\" \/>\n\t\t<meta property=\"og:url\" content=\"https:\/\/www.eldigitaldeasturias.com\/noticias\/un-jubilado-recoge-el-cupon-que-la-once-dedica-a-efe-por-su-75-aniversario\/\" \/>\n\t\t<meta property=\"og:image\" content=\"https:\/\/www.eldigitaldeasturias.com\/noticias\/wp-content\/uploads\/2026\/06\/Contenidos.jpg\" \/>\n\t\t<meta property=\"og:image:secure_url\" content=\"https:\/\/www.eldigitaldeasturias.com\/noticias\/wp-content\/uploads\/2026\/06\/Contenidos.jpg\" \/>\n\t\t<meta property=\"og:image:width\" content=\"1265\" \/>\n\t\t<meta property=\"og:image:height\" content=\"697\" \/>\n\t\t<meta property=\"article:tag\" content=\"actualidad\" \/>\n\t\t<meta property=\"article:published_time\" content=\"2014-01-27T23:31:18+00:00\" \/>\n\t\t<meta property=\"article:modified_time\" content=\"2014-01-27T23:31:18+00:00\" \/>\n\t\t<meta property=\"article:publisher\" content=\"https:\/\/facebook.com\/eldigitaldeasturias\" \/>\n\t\t<meta name=\"twitter:card\" content=\"summary_large_image\" \/>\n\t\t<meta name=\"twitter:title\" content=\"El periodista Xos\u00e9 Anxo Rodr\u00edguez Costoya recoge el cup\u00f3n que la ONCE dedica a EFE por su 75 aniversario - El Digital de Asturias\" \/>\n\t\t<meta name=\"twitter:description\" content=\"Santiago de Compostela, 27 ene (EFE).- El periodista Xos\u00e9 Anxo Rodr\u00edguez Costoya, jubilado de EFE-Galicia desde noviembre de 2012, ha recogido este mediod\u00eda en la capital gallega el cup\u00f3n que la ONCE dedica el pr\u00f3ximo 1 de febrero al 75 aniversario de la agencia de noticias, en un acto en el que ha estado acompa\u00f1ado\" \/>\n\t\t<meta name=\"twitter:image\" content=\"https:\/\/www.eldigitaldeasturias.com\/noticias\/wp-content\/uploads\/2026\/06\/Contenidos.jpg\" \/>\n\t\t<meta name=\"twitter:label1\" content=\"Escrito por\" \/>\n\t\t<meta name=\"twitter:data1\" content=\"El Digital de Asturias\" \/>\n\t\t<meta name=\"twitter:label2\" content=\"Tiempo de lectura estimado\" \/>\n\t\t<meta name=\"twitter:data2\" content=\"3 minutos\" \/>\n\t\t<script type=\"application\/ld+json\" class=\"aioseo-schema\">\n\t\t\t{\"@context\":\"https:\\\/\\\/schema.org\",\"@graph\":[{\"@type\":\"BlogPosting\",\"@id\":\"https:\\\/\\\/www.eldigitaldeasturias.com\\\/noticias\\\/un-jubilado-recoge-el-cupon-que-la-once-dedica-a-efe-por-su-75-aniversario\\\/#blogposting\",\"name\":\"El periodista Xos\\u00e9 Anxo Rodr\\u00edguez Costoya recoge el cup\\u00f3n que la ONCE dedica a EFE por su 75 aniversario - El Digital de Asturias\",\"headline\":\"El periodista Xos\\u00e9 Anxo Rodr\\u00edguez Costoya recoge el cup\\u00f3n que la ONCE dedica a EFE por su 75 aniversario\",\"author\":{\"@id\":\"https:\\\/\\\/www.eldigitaldeasturias.com\\\/noticias\\\/author\\\/admin\\\/#author\"},\"publisher\":{\"@id\":\"https:\\\/\\\/www.eldigitaldeasturias.com\\\/noticias\\\/#organization\"},\"image\":{\"@type\":\"ImageObject\",\"url\":\"https:\\\/\\\/www.eldigitaldeasturias.com\\\/noticias\\\/wp-content\\\/uploads\\\/2026\\\/06\\\/Contenidos.jpg\",\"width\":1265,\"height\":697,\"caption\":\"Contenidos\"},\"datePublished\":\"2014-01-27T22:31:18+01:00\",\"dateModified\":\"2014-01-27T22:31:18+01:00\",\"inLanguage\":\"es-ES\",\"mainEntityOfPage\":{\"@id\":\"https:\\\/\\\/www.eldigitaldeasturias.com\\\/noticias\\\/un-jubilado-recoge-el-cupon-que-la-once-dedica-a-efe-por-su-75-aniversario\\\/#webpage\"},\"isPartOf\":{\"@id\":\"https:\\\/\\\/www.eldigitaldeasturias.com\\\/noticias\\\/un-jubilado-recoge-el-cupon-que-la-once-dedica-a-efe-por-su-75-aniversario\\\/#webpage\"},\"articleSection\":\"Actualidad\"},{\"@type\":\"BreadcrumbList\",\"@id\":\"https:\\\/\\\/www.eldigitaldeasturias.com\\\/noticias\\\/un-jubilado-recoge-el-cupon-que-la-once-dedica-a-efe-por-su-75-aniversario\\\/#breadcrumblist\",\"itemListElement\":[{\"@type\":\"ListItem\",\"@id\":\"https:\\\/\\\/www.eldigitaldeasturias.com\\\/noticias#listItem\",\"position\":1,\"name\":\"Home\",\"item\":\"https:\\\/\\\/www.eldigitaldeasturias.com\\\/noticias\",\"nextItem\":{\"@type\":\"ListItem\",\"@id\":\"https:\\\/\\\/www.eldigitaldeasturias.com\\\/noticias\\\/category\\\/actualidad\\\/#listItem\",\"name\":\"Actualidad\"}},{\"@type\":\"ListItem\",\"@id\":\"https:\\\/\\\/www.eldigitaldeasturias.com\\\/noticias\\\/category\\\/actualidad\\\/#listItem\",\"position\":2,\"name\":\"Actualidad\",\"item\":\"https:\\\/\\\/www.eldigitaldeasturias.com\\\/noticias\\\/category\\\/actualidad\\\/\",\"nextItem\":{\"@type\":\"ListItem\",\"@id\":\"https:\\\/\\\/www.eldigitaldeasturias.com\\\/noticias\\\/un-jubilado-recoge-el-cupon-que-la-once-dedica-a-efe-por-su-75-aniversario\\\/#listItem\",\"name\":\"El periodista Xos\\u00e9 Anxo Rodr\\u00edguez Costoya recoge el cup\\u00f3n que la ONCE dedica a EFE por su 75 aniversario\"},\"previousItem\":{\"@type\":\"ListItem\",\"@id\":\"https:\\\/\\\/www.eldigitaldeasturias.com\\\/noticias#listItem\",\"name\":\"Home\"}},{\"@type\":\"ListItem\",\"@id\":\"https:\\\/\\\/www.eldigitaldeasturias.com\\\/noticias\\\/un-jubilado-recoge-el-cupon-que-la-once-dedica-a-efe-por-su-75-aniversario\\\/#listItem\",\"position\":3,\"name\":\"El periodista Xos\\u00e9 Anxo Rodr\\u00edguez Costoya recoge el cup\\u00f3n que la ONCE dedica a EFE por su 75 aniversario\",\"previousItem\":{\"@type\":\"ListItem\",\"@id\":\"https:\\\/\\\/www.eldigitaldeasturias.com\\\/noticias\\\/category\\\/actualidad\\\/#listItem\",\"name\":\"Actualidad\"}}]},{\"@type\":\"Organization\",\"@id\":\"https:\\\/\\\/www.eldigitaldeasturias.com\\\/noticias\\\/#organization\",\"name\":\"El Digital de Asturias\",\"description\":\"Hemeroteca\",\"url\":\"https:\\\/\\\/www.eldigitaldeasturias.com\\\/noticias\\\/\",\"email\":\"info@eldigitaldeasturias.com\",\"telephone\":\"+34652131393\",\"logo\":{\"@type\":\"ImageObject\",\"url\":\"https:\\\/\\\/www.eldigitaldeasturias.com\\\/noticias\\\/wp-content\\\/uploads\\\/2020\\\/12\\\/EDA.jpg\",\"@id\":\"https:\\\/\\\/www.eldigitaldeasturias.com\\\/noticias\\\/un-jubilado-recoge-el-cupon-que-la-once-dedica-a-efe-por-su-75-aniversario\\\/#organizationLogo\"},\"image\":{\"@id\":\"https:\\\/\\\/www.eldigitaldeasturias.com\\\/noticias\\\/un-jubilado-recoge-el-cupon-que-la-once-dedica-a-efe-por-su-75-aniversario\\\/#organizationLogo\"},\"sameAs\":[\"https:\\\/\\\/facebook.com\\\/eldigitaldeasturias\",\"https:\\\/\\\/www.youtube.com\\\/channel\\\/UCZP-2wLEB9Rv6erhFmqVnvg\"],\"address\":{\"@id\":\"https:\\\/\\\/www.eldigitaldeasturias.com\\\/noticias\\\/#postaladdress\",\"@type\":\"PostalAddress\",\"streetAddress\":\"san antonio 4\",\"postalCode\":\"33430\",\"addressLocality\":\"Cand\\u00e1s\",\"addressRegion\":\"Asturias\",\"addressCountry\":\"ES\"}},{\"@type\":\"Person\",\"@id\":\"https:\\\/\\\/www.eldigitaldeasturias.com\\\/noticias\\\/author\\\/admin\\\/#author\",\"url\":\"https:\\\/\\\/www.eldigitaldeasturias.com\\\/noticias\\\/author\\\/admin\\\/\",\"name\":\"El Digital de Asturias\",\"image\":{\"@type\":\"ImageObject\",\"@id\":\"https:\\\/\\\/www.eldigitaldeasturias.com\\\/noticias\\\/un-jubilado-recoge-el-cupon-que-la-once-dedica-a-efe-por-su-75-aniversario\\\/#authorImage\",\"url\":\"https:\\\/\\\/secure.gravatar.com\\\/avatar\\\/df2aeffc32bcd13f8d26072ef8a91b623d677766deac7f97ca815868cd41bf5e?s=96&d=mm&r=g\",\"width\":96,\"height\":96,\"caption\":\"El Digital de Asturias\"}},{\"@type\":\"WebPage\",\"@id\":\"https:\\\/\\\/www.eldigitaldeasturias.com\\\/noticias\\\/un-jubilado-recoge-el-cupon-que-la-once-dedica-a-efe-por-su-75-aniversario\\\/#webpage\",\"url\":\"https:\\\/\\\/www.eldigitaldeasturias.com\\\/noticias\\\/un-jubilado-recoge-el-cupon-que-la-once-dedica-a-efe-por-su-75-aniversario\\\/\",\"name\":\"El periodista Xos\\u00e9 Anxo Rodr\\u00edguez Costoya recoge el cup\\u00f3n que la ONCE dedica a EFE por su 75 aniversario - El Digital de Asturias\",\"description\":\"Santiago de Compostela, 27 ene (EFE).- El periodista Xos\\u00e9 Anxo Rodr\\u00edguez Costoya, jubilado de EFE-Galicia desde noviembre de 2012, ha recogido este mediod\\u00eda en la capital gallega el cup\\u00f3n que la ONCE dedica el pr\\u00f3ximo 1 de febrero al 75 aniversario de la agencia de noticias, en un acto en el que ha estado acompa\\u00f1ado\",\"inLanguage\":\"es-ES\",\"isPartOf\":{\"@id\":\"https:\\\/\\\/www.eldigitaldeasturias.com\\\/noticias\\\/#website\"},\"breadcrumb\":{\"@id\":\"https:\\\/\\\/www.eldigitaldeasturias.com\\\/noticias\\\/un-jubilado-recoge-el-cupon-que-la-once-dedica-a-efe-por-su-75-aniversario\\\/#breadcrumblist\"},\"author\":{\"@id\":\"https:\\\/\\\/www.eldigitaldeasturias.com\\\/noticias\\\/author\\\/admin\\\/#author\"},\"creator\":{\"@id\":\"https:\\\/\\\/www.eldigitaldeasturias.com\\\/noticias\\\/author\\\/admin\\\/#author\"},\"image\":{\"@type\":\"ImageObject\",\"url\":\"https:\\\/\\\/www.eldigitaldeasturias.com\\\/noticias\\\/wp-content\\\/uploads\\\/2026\\\/06\\\/Contenidos.jpg\",\"@id\":\"https:\\\/\\\/www.eldigitaldeasturias.com\\\/noticias\\\/un-jubilado-recoge-el-cupon-que-la-once-dedica-a-efe-por-su-75-aniversario\\\/#mainImage\",\"width\":1265,\"height\":697,\"caption\":\"Contenidos\"},\"primaryImageOfPage\":{\"@id\":\"https:\\\/\\\/www.eldigitaldeasturias.com\\\/noticias\\\/un-jubilado-recoge-el-cupon-que-la-once-dedica-a-efe-por-su-75-aniversario\\\/#mainImage\"},\"datePublished\":\"2014-01-27T22:31:18+01:00\",\"dateModified\":\"2014-01-27T22:31:18+01:00\"},{\"@type\":\"WebSite\",\"@id\":\"https:\\\/\\\/www.eldigitaldeasturias.com\\\/noticias\\\/#website\",\"url\":\"https:\\\/\\\/www.eldigitaldeasturias.com\\\/noticias\\\/\",\"name\":\"El Digital de Asturias - Diario de actualidad y noticias\",\"alternateName\":\"El Digital de Asturias - Diario de actualidad y noticias\",\"description\":\"Hemeroteca\",\"inLanguage\":\"es-ES\",\"publisher\":{\"@id\":\"https:\\\/\\\/www.eldigitaldeasturias.com\\\/noticias\\\/#organization\"}}]}\n\t\t<\/script>\n\t\t<!-- All in One SEO Pro -->\r\n\t\t<title>El periodista Xos\u00e9 Anxo Rodr\u00edguez Costoya recoge el cup\u00f3n que la ONCE dedica a EFE por su 75 aniversario - El Digital de Asturias<\/title>\n\n","aioseo_head_json":{"title":"El periodista Xos\u00e9 Anxo Rodr\u00edguez Costoya recoge el cup\u00f3n que la ONCE dedica a EFE por su 75 aniversario - El Digital de Asturias","description":"Santiago de Compostela, 27 ene (EFE).- El periodista Xos\u00e9 Anxo Rodr\u00edguez Costoya, jubilado de EFE-Galicia desde noviembre de 2012, ha recogido este mediod\u00eda en la capital gallega el cup\u00f3n que la ONCE dedica el pr\u00f3ximo 1 de febrero al 75 aniversario de la agencia de noticias, en un acto en el que ha estado acompa\u00f1ado","canonical_url":"https:\/\/www.eldigitaldeasturias.com\/noticias\/un-jubilado-recoge-el-cupon-que-la-once-dedica-a-efe-por-su-75-aniversario\/","robots":"max-image-preview:large","keywords":"actualidad","webmasterTools":{"google-site-verification":"UA-38556648-1","msvalidate.01":"7dfe9f3f1b24437ab69f4f2559babe99","miscellaneous":""},"schema":{"@context":"https:\/\/schema.org","@graph":[{"@type":"BlogPosting","@id":"https:\/\/www.eldigitaldeasturias.com\/noticias\/un-jubilado-recoge-el-cupon-que-la-once-dedica-a-efe-por-su-75-aniversario\/#blogposting","name":"El periodista Xos\u00e9 Anxo Rodr\u00edguez Costoya recoge el cup\u00f3n que la ONCE dedica a EFE por su 75 aniversario - El Digital de Asturias","headline":"El periodista Xos\u00e9 Anxo Rodr\u00edguez Costoya recoge el cup\u00f3n que la ONCE dedica a EFE por su 75 aniversario","author":{"@id":"https:\/\/www.eldigitaldeasturias.com\/noticias\/author\/admin\/#author"},"publisher":{"@id":"https:\/\/www.eldigitaldeasturias.com\/noticias\/#organization"},"image":{"@type":"ImageObject","url":"https:\/\/www.eldigitaldeasturias.com\/noticias\/wp-content\/uploads\/2026\/06\/Contenidos.jpg","width":1265,"height":697,"caption":"Contenidos"},"datePublished":"2014-01-27T22:31:18+01:00","dateModified":"2014-01-27T22:31:18+01:00","inLanguage":"es-ES","mainEntityOfPage":{"@id":"https:\/\/www.eldigitaldeasturias.com\/noticias\/un-jubilado-recoge-el-cupon-que-la-once-dedica-a-efe-por-su-75-aniversario\/#webpage"},"isPartOf":{"@id":"https:\/\/www.eldigitaldeasturias.com\/noticias\/un-jubilado-recoge-el-cupon-que-la-once-dedica-a-efe-por-su-75-aniversario\/#webpage"},"articleSection":"Actualidad"},{"@type":"BreadcrumbList","@id":"https:\/\/www.eldigitaldeasturias.com\/noticias\/un-jubilado-recoge-el-cupon-que-la-once-dedica-a-efe-por-su-75-aniversario\/#breadcrumblist","itemListElement":[{"@type":"ListItem","@id":"https:\/\/www.eldigitaldeasturias.com\/noticias#listItem","position":1,"name":"Home","item":"https:\/\/www.eldigitaldeasturias.com\/noticias","nextItem":{"@type":"ListItem","@id":"https:\/\/www.eldigitaldeasturias.com\/noticias\/category\/actualidad\/#listItem","name":"Actualidad"}},{"@type":"ListItem","@id":"https:\/\/www.eldigitaldeasturias.com\/noticias\/category\/actualidad\/#listItem","position":2,"name":"Actualidad","item":"https:\/\/www.eldigitaldeasturias.com\/noticias\/category\/actualidad\/","nextItem":{"@type":"ListItem","@id":"https:\/\/www.eldigitaldeasturias.com\/noticias\/un-jubilado-recoge-el-cupon-que-la-once-dedica-a-efe-por-su-75-aniversario\/#listItem","name":"El periodista Xos\u00e9 Anxo Rodr\u00edguez Costoya recoge el cup\u00f3n que la ONCE dedica a EFE por su 75 aniversario"},"previousItem":{"@type":"ListItem","@id":"https:\/\/www.eldigitaldeasturias.com\/noticias#listItem","name":"Home"}},{"@type":"ListItem","@id":"https:\/\/www.eldigitaldeasturias.com\/noticias\/un-jubilado-recoge-el-cupon-que-la-once-dedica-a-efe-por-su-75-aniversario\/#listItem","position":3,"name":"El periodista Xos\u00e9 Anxo Rodr\u00edguez Costoya recoge el cup\u00f3n que la ONCE dedica a EFE por su 75 aniversario","previousItem":{"@type":"ListItem","@id":"https:\/\/www.eldigitaldeasturias.com\/noticias\/category\/actualidad\/#listItem","name":"Actualidad"}}]},{"@type":"Organization","@id":"https:\/\/www.eldigitaldeasturias.com\/noticias\/#organization","name":"El Digital de Asturias","description":"Hemeroteca","url":"https:\/\/www.eldigitaldeasturias.com\/noticias\/","email":"info@eldigitaldeasturias.com","telephone":"+34652131393","logo":{"@type":"ImageObject","url":"https:\/\/www.eldigitaldeasturias.com\/noticias\/wp-content\/uploads\/2020\/12\/EDA.jpg","@id":"https:\/\/www.eldigitaldeasturias.com\/noticias\/un-jubilado-recoge-el-cupon-que-la-once-dedica-a-efe-por-su-75-aniversario\/#organizationLogo"},"image":{"@id":"https:\/\/www.eldigitaldeasturias.com\/noticias\/un-jubilado-recoge-el-cupon-que-la-once-dedica-a-efe-por-su-75-aniversario\/#organizationLogo"},"sameAs":["https:\/\/facebook.com\/eldigitaldeasturias","https:\/\/www.youtube.com\/channel\/UCZP-2wLEB9Rv6erhFmqVnvg"],"address":{"@id":"https:\/\/www.eldigitaldeasturias.com\/noticias\/#postaladdress","@type":"PostalAddress","streetAddress":"san antonio 4","postalCode":"33430","addressLocality":"Cand\u00e1s","addressRegion":"Asturias","addressCountry":"ES"}},{"@type":"Person","@id":"https:\/\/www.eldigitaldeasturias.com\/noticias\/author\/admin\/#author","url":"https:\/\/www.eldigitaldeasturias.com\/noticias\/author\/admin\/","name":"El Digital de Asturias","image":{"@type":"ImageObject","@id":"https:\/\/www.eldigitaldeasturias.com\/noticias\/un-jubilado-recoge-el-cupon-que-la-once-dedica-a-efe-por-su-75-aniversario\/#authorImage","url":"https:\/\/secure.gravatar.com\/avatar\/df2aeffc32bcd13f8d26072ef8a91b623d677766deac7f97ca815868cd41bf5e?s=96&d=mm&r=g","width":96,"height":96,"caption":"El Digital de Asturias"}},{"@type":"WebPage","@id":"https:\/\/www.eldigitaldeasturias.com\/noticias\/un-jubilado-recoge-el-cupon-que-la-once-dedica-a-efe-por-su-75-aniversario\/#webpage","url":"https:\/\/www.eldigitaldeasturias.com\/noticias\/un-jubilado-recoge-el-cupon-que-la-once-dedica-a-efe-por-su-75-aniversario\/","name":"El periodista Xos\u00e9 Anxo Rodr\u00edguez Costoya recoge el cup\u00f3n que la ONCE dedica a EFE por su 75 aniversario - El Digital de Asturias","description":"Santiago de Compostela, 27 ene (EFE).- El periodista Xos\u00e9 Anxo Rodr\u00edguez Costoya, jubilado de EFE-Galicia desde noviembre de 2012, ha recogido este mediod\u00eda en la capital gallega el cup\u00f3n que la ONCE dedica el pr\u00f3ximo 1 de febrero al 75 aniversario de la agencia de noticias, en un acto en el que ha estado acompa\u00f1ado","inLanguage":"es-ES","isPartOf":{"@id":"https:\/\/www.eldigitaldeasturias.com\/noticias\/#website"},"breadcrumb":{"@id":"https:\/\/www.eldigitaldeasturias.com\/noticias\/un-jubilado-recoge-el-cupon-que-la-once-dedica-a-efe-por-su-75-aniversario\/#breadcrumblist"},"author":{"@id":"https:\/\/www.eldigitaldeasturias.com\/noticias\/author\/admin\/#author"},"creator":{"@id":"https:\/\/www.eldigitaldeasturias.com\/noticias\/author\/admin\/#author"},"image":{"@type":"ImageObject","url":"https:\/\/www.eldigitaldeasturias.com\/noticias\/wp-content\/uploads\/2026\/06\/Contenidos.jpg","@id":"https:\/\/www.eldigitaldeasturias.com\/noticias\/un-jubilado-recoge-el-cupon-que-la-once-dedica-a-efe-por-su-75-aniversario\/#mainImage","width":1265,"height":697,"caption":"Contenidos"},"primaryImageOfPage":{"@id":"https:\/\/www.eldigitaldeasturias.com\/noticias\/un-jubilado-recoge-el-cupon-que-la-once-dedica-a-efe-por-su-75-aniversario\/#mainImage"},"datePublished":"2014-01-27T22:31:18+01:00","dateModified":"2014-01-27T22:31:18+01:00"},{"@type":"WebSite","@id":"https:\/\/www.eldigitaldeasturias.com\/noticias\/#website","url":"https:\/\/www.eldigitaldeasturias.com\/noticias\/","name":"El Digital de Asturias - Diario de actualidad y noticias","alternateName":"El Digital de Asturias - Diario de actualidad y noticias","description":"Hemeroteca","inLanguage":"es-ES","publisher":{"@id":"https:\/\/www.eldigitaldeasturias.com\/noticias\/#organization"}}]},"og:locale":"es_ES","og:site_name":"El Digital de Asturias","og:type":"article","og:title":"El periodista Xos\u00e9 Anxo Rodr\u00edguez Costoya recoge el cup\u00f3n que la ONCE dedica a EFE por su 75 aniversario - El Digital de Asturias","og:description":"Santiago de Compostela, 27 ene (EFE).- El periodista Xos\u00e9 Anxo Rodr\u00edguez Costoya, jubilado de EFE-Galicia desde noviembre de 2012, ha recogido este mediod\u00eda en la capital gallega el cup\u00f3n que la ONCE dedica el pr\u00f3ximo 1 de febrero al 75 aniversario de la agencia de noticias, en un acto en el que ha estado acompa\u00f1ado","og:url":"https:\/\/www.eldigitaldeasturias.com\/noticias\/un-jubilado-recoge-el-cupon-que-la-once-dedica-a-efe-por-su-75-aniversario\/","og:image":"https:\/\/www.eldigitaldeasturias.com\/noticias\/wp-content\/uploads\/2026\/06\/Contenidos.jpg","og:image:secure_url":"https:\/\/www.eldigitaldeasturias.com\/noticias\/wp-content\/uploads\/2026\/06\/Contenidos.jpg","og:image:width":1265,"og:image:height":697,"article:tag":["actualidad"],"article:published_time":"2014-01-27T23:31:18+00:00","article:modified_time":"2014-01-27T23:31:18+00:00","article:publisher":"https:\/\/facebook.com\/eldigitaldeasturias","twitter:card":"summary_large_image","twitter:title":"El periodista Xos\u00e9 Anxo Rodr\u00edguez Costoya recoge el cup\u00f3n que la ONCE dedica a EFE por su 75 aniversario - El Digital de Asturias","twitter:description":"Santiago de Compostela, 27 ene (EFE).- El periodista Xos\u00e9 Anxo Rodr\u00edguez Costoya, jubilado de EFE-Galicia desde noviembre de 2012, ha recogido este mediod\u00eda en la capital gallega el cup\u00f3n que la ONCE dedica el pr\u00f3ximo 1 de febrero al 75 aniversario de la agencia de noticias, en un acto en el que ha estado acompa\u00f1ado","twitter:image":"https:\/\/www.eldigitaldeasturias.com\/noticias\/wp-content\/uploads\/2026\/06\/Contenidos.jpg","twitter:label1":"Escrito por","twitter:data1":"El Digital de Asturias","twitter:label2":"Tiempo de lectura estimado","twitter:data2":"3 minutos"},"aioseo_meta_data":{"post_id":"479691","title":null,"description":null,"keywords":null,"keyphrases":null,"primary_term":null,"canonical_url":null,"og_title":null,"og_description":null,"og_object_type":"default","og_image_type":"default","og_image_url":null,"og_image_width":null,"og_image_height":null,"og_image_custom_url":null,"og_image_custom_fields":null,"og_video":null,"og_custom_url":null,"og_article_section":null,"og_article_tags":null,"twitter_use_og":true,"twitter_card":"default","twitter_image_type":"default","twitter_image_url":null,"twitter_image_custom_url":null,"twitter_image_custom_fields":null,"twitter_title":null,"twitter_description":null,"schema":{"blockGraphs":[],"customGraphs":[],"default":{"data":{"Article":[],"Course":[],"Dataset":[],"FAQPage":[],"Movie":[],"Person":[],"Product":[],"ProductReview":[],"Car":[],"Recipe":[],"Service":[],"SoftwareApplication":[],"WebPage":[]},"graphName":"","isEnabled":true},"graphs":[],"defaultGraph":"","defaultPostTypeGraph":""},"schema_type":null,"schema_type_options":null,"pillar_content":false,"robots_default":true,"robots_noindex":false,"robots_noarchive":false,"robots_nosnippet":false,"robots_nofollow":false,"robots_noimageindex":false,"robots_noodp":false,"robots_notranslate":false,"robots_max_snippet":null,"robots_max_videopreview":null,"robots_max_imagepreview":"none","priority":null,"frequency":null,"local_seo":null,"seo_analyzer_scan_date":"2026-06-02 01:17:56","breadcrumb_settings":null,"limit_modified_date":false,"open_ai":null,"ai":null,"created":"2020-11-14 22:54:05","updated":"2026-06-02 01:17:56","focus_keyword":null,"additional_keywords":null,"truseo_locale":null},"aioseo_breadcrumb":"<div class=\"aioseo-breadcrumbs\"><span class=\"aioseo-breadcrumb\">\n\t<a href=\"https:\/\/www.eldigitaldeasturias.com\/noticias\" title=\"Home\">Home<\/a>\n<\/span><span class=\"aioseo-breadcrumb-separator\">\u2013<\/span><span class=\"aioseo-breadcrumb\">\n\t<a href=\"https:\/\/www.eldigitaldeasturias.com\/noticias\/category\/actualidad\/\" title=\"Actualidad\">Actualidad<\/a>\n<\/span><span class=\"aioseo-breadcrumb-separator\">\u2013<\/span><span class=\"aioseo-breadcrumb\">\n\t<a href=\"https:\/\/www.eldigitaldeasturias.com\/noticias\/un-jubilado-recoge-el-cupon-que-la-once-dedica-a-efe-por-su-75-aniversario\/\" title=\"El periodista Xos\u00e9 Anxo Rodr\u00edguez Costoya recoge el cup\u00f3n que la ONCE dedica a EFE por su 75 aniversario\">El periodista Xos\u00e9 Anxo Rodr\u00edguez Costoya recoge el cup\u00f3n que la ONCE dedica a EFE por su 75 aniversario<\/a>\n<\/span><\/div>","aioseo_breadcrumb_json":[{"label":"Home","link":"https:\/\/www.eldigitaldeasturias.com\/noticias"},{"label":"Actualidad","link":"https:\/\/www.eldigitaldeasturias.com\/noticias\/category\/actualidad\/"},{"label":"El periodista Xos\u00e9 Anxo Rodr\u00edguez Costoya recoge el cup\u00f3n que la ONCE dedica a EFE por su 75 aniversario","link":"https:\/\/www.eldigitaldeasturias.com\/noticias\/un-jubilado-recoge-el-cupon-que-la-once-dedica-a-efe-por-su-75-aniversario\/"}],"_links":{"self":[{"href":"https:\/\/www.eldigitaldeasturias.com\/noticias\/wp-json\/wp\/v2\/posts\/479691","targetHints":{"allow":["GET"]}}],"collection":[{"href":"https:\/\/www.eldigitaldeasturias.com\/noticias\/wp-json\/wp\/v2\/posts"}],"about":[{"href":"https:\/\/www.eldigitaldeasturias.com\/noticias\/wp-json\/wp\/v2\/types\/post"}],"author":[{"embeddable":true,"href":"https:\/\/www.eldigitaldeasturias.com\/noticias\/wp-json\/wp\/v2\/users\/1"}],"replies":[{"embeddable":true,"href":"https:\/\/www.eldigitaldeasturias.com\/noticias\/wp-json\/wp\/v2\/comments?post=479691"}],"version-history":[{"count":0,"href":"https:\/\/www.eldigitaldeasturias.com\/noticias\/wp-json\/wp\/v2\/posts\/479691\/revisions"}],"wp:featuredmedia":[{"embeddable":true,"href":"https:\/\/www.eldigitaldeasturias.com\/noticias\/wp-json\/wp\/v2\/media\/1132184"}],"wp:attachment":[{"href":"https:\/\/www.eldigitaldeasturias.com\/noticias\/wp-json\/wp\/v2\/media?parent=479691"}],"wp:term":[{"taxonomy":"category","embeddable":true,"href":"https:\/\/www.eldigitaldeasturias.com\/noticias\/wp-json\/wp\/v2\/categories?post=479691"},{"taxonomy":"post_tag","embeddable":true,"href":"https:\/\/www.eldigitaldeasturias.com\/noticias\/wp-json\/wp\/v2\/tags?post=479691"}],"curies":[{"name":"wp","href":"https:\/\/api.w.org\/{rel}","templated":true}]}}