{"id":479688,"date":"2014-01-27T22:28:50","date_gmt":"2014-01-27T23:28:50","guid":{"rendered":"http:\/\/www.eldigitaldeasturias.com\/noticias\/?p=479688"},"modified":"2014-01-27T22:28:54","modified_gmt":"2014-01-27T23:28:54","slug":"el-psoe-sobre-vidal-quadras-dice-que-no-tienen-nada-que-decir-de-los-problemas-del-pp","status":"publish","type":"post","link":"https:\/\/www.eldigitaldeasturias.com\/noticias\/el-psoe-sobre-vidal-quadras-dice-que-no-tienen-nada-que-decir-de-los-problemas-del-pp\/","title":{"rendered":"El PSOE sobre Vidal-Quadras dice que no tienen nada que decir de los \u00abproblemas del PP\u00bb"},"content":{"rendered":"<p><img loading=\"lazy\" decoding=\"async\" class=\"alignleft size-medium wp-image-479689\" alt=\"5879225w\" src=\"https:\/\/www.eldigitaldeasturias.com\/noticias\/wp-content\/uploads\/2014\/01\/5879225w-360x234.jpg\" width=\"360\" height=\"234\" \/>Madrid, 27 ene (EFE).- El secretario de Organizaci\u00f3n del PSOE, \u00d3scar L\u00f3pez, ha afirmado hoy que su partido no tiene \u00abnada que decir\u00bb de \u00ablos problemas y l\u00edos\u00bb que pueda tener el PP, en referencia a la decisi\u00f3n del eurodiputado Alejo Vidal-Quadras de abandonar esta formaci\u00f3n pol\u00edtica.<\/p>\n<p>El vicepresidente del Parlamento Europeo y eurodiputado del PP, Alejo Vidal-Quadras, ha confirmado hoy que fichar\u00e1 por la nueva formaci\u00f3n Vox de \u00abforma inmediata\u00bb tras solicitar su baja del PP.<\/p>\n<p>\u00abLos problemas del PP y los l\u00edos que pueda tener el PP en su casa, all\u00e1 el PP\u00bb, ha dicho L\u00f3pez en rueda de prensa, quien ha a\u00f1adido que los socialistas no tienen \u00abnada que decir\u00bb al respecto.<\/p>\n","protected":false},"excerpt":{"rendered":"<p>Madrid, 27 ene (EFE).- El secretario de Organizaci\u00f3n del PSOE, \u00d3scar L\u00f3pez, ha afirmado hoy que su partido no tiene \u00abnada que decir\u00bb de \u00ablos problemas y l\u00edos\u00bb que pueda tener el PP, en referencia a la decisi\u00f3n del eurodiputado Alejo Vidal-Quadras de abandonar esta formaci\u00f3n pol\u00edtica. El vicepresidente del Parlamento Europeo y eurodiputado del [&hellip;]<\/p>\n","protected":false},"author":1,"featured_media":1132184,"comment_status":"closed","ping_status":"open","sticky":false,"template":"","format":"standard","meta":{"footnotes":""},"categories":[1],"tags":[],"class_list":["post-479688","post","type-post","status-publish","format-standard","has-post-thumbnail","hentry","category-actualidad"],"aioseo_notices":[],"aioseo_head":"\n\t\t<!-- All in One SEO Pro 5.0.1 - aioseo.com -->\n\t<meta name=\"description\" content=\"Madrid, 27 ene (EFE).- El secretario de Organizaci\u00f3n del PSOE, \u00d3scar L\u00f3pez, ha afirmado hoy que su partido no tiene &quot;nada que decir&quot; de &quot;los problemas y l\u00edos&quot; que pueda tener el PP, en referencia a la decisi\u00f3n del eurodiputado Alejo Vidal-Quadras de abandonar esta formaci\u00f3n pol\u00edtica. El vicepresidente del Parlamento Europeo y eurodiputado del\" \/>\n\t<meta name=\"robots\" content=\"max-image-preview:large\" \/>\n\t<meta name=\"author\" content=\"El Digital de Asturias\"\/>\n\t<meta name=\"google-site-verification\" content=\"UA-38556648-1\" \/>\n\t<meta name=\"msvalidate.01\" content=\"7dfe9f3f1b24437ab69f4f2559babe99\" \/>\n\t<meta name=\"keywords\" content=\"actualidad\" \/>\n\t<link rel=\"canonical\" href=\"https:\/\/www.eldigitaldeasturias.com\/noticias\/el-psoe-sobre-vidal-quadras-dice-que-no-tienen-nada-que-decir-de-los-problemas-del-pp\/\" \/>\n\t<meta name=\"generator\" content=\"All in One SEO Pro (AIOSEO) 5.0.1\" \/>\n\t\t<meta property=\"og:locale\" content=\"es_ES\" \/>\n\t\t<meta property=\"og:site_name\" content=\"El Digital de Asturias\" \/>\n\t\t<meta property=\"og:type\" content=\"article\" \/>\n\t\t<meta property=\"og:title\" content=\"El PSOE sobre Vidal-Quadras dice que no tienen nada que decir de los \u00abproblemas del PP\u00bb - El Digital de Asturias\" \/>\n\t\t<meta property=\"og:description\" content=\"Madrid, 27 ene (EFE).- El secretario de Organizaci\u00f3n del PSOE, \u00d3scar L\u00f3pez, ha afirmado hoy que su partido no tiene &quot;nada que decir&quot; de &quot;los problemas y l\u00edos&quot; que pueda tener el PP, en referencia a la decisi\u00f3n del eurodiputado Alejo Vidal-Quadras de abandonar esta formaci\u00f3n pol\u00edtica. El vicepresidente del Parlamento Europeo y eurodiputado del\" \/>\n\t\t<meta property=\"og:url\" content=\"https:\/\/www.eldigitaldeasturias.com\/noticias\/el-psoe-sobre-vidal-quadras-dice-que-no-tienen-nada-que-decir-de-los-problemas-del-pp\/\" \/>\n\t\t<meta property=\"og:image\" content=\"https:\/\/www.eldigitaldeasturias.com\/noticias\/wp-content\/uploads\/2026\/06\/Contenidos.jpg\" \/>\n\t\t<meta property=\"og:image:secure_url\" content=\"https:\/\/www.eldigitaldeasturias.com\/noticias\/wp-content\/uploads\/2026\/06\/Contenidos.jpg\" \/>\n\t\t<meta property=\"og:image:width\" content=\"1265\" \/>\n\t\t<meta property=\"og:image:height\" content=\"697\" \/>\n\t\t<meta property=\"article:tag\" content=\"actualidad\" \/>\n\t\t<meta property=\"article:published_time\" content=\"2014-01-27T23:28:50+00:00\" \/>\n\t\t<meta property=\"article:modified_time\" content=\"2014-01-27T23:28:54+00:00\" \/>\n\t\t<meta property=\"article:publisher\" content=\"https:\/\/facebook.com\/eldigitaldeasturias\" \/>\n\t\t<meta name=\"twitter:card\" content=\"summary_large_image\" \/>\n\t\t<meta name=\"twitter:title\" content=\"El PSOE sobre Vidal-Quadras dice que no tienen nada que decir de los \u00abproblemas del PP\u00bb - El Digital de Asturias\" \/>\n\t\t<meta name=\"twitter:description\" content=\"Madrid, 27 ene (EFE).- El secretario de Organizaci\u00f3n del PSOE, \u00d3scar L\u00f3pez, ha afirmado hoy que su partido no tiene &quot;nada que decir&quot; de &quot;los problemas y l\u00edos&quot; que pueda tener el PP, en referencia a la decisi\u00f3n del eurodiputado Alejo Vidal-Quadras de abandonar esta formaci\u00f3n pol\u00edtica. El vicepresidente del Parlamento Europeo y eurodiputado del\" \/>\n\t\t<meta name=\"twitter:image\" content=\"https:\/\/www.eldigitaldeasturias.com\/noticias\/wp-content\/uploads\/2026\/06\/Contenidos.jpg\" \/>\n\t\t<meta name=\"twitter:label1\" content=\"Escrito por\" \/>\n\t\t<meta name=\"twitter:data1\" content=\"El Digital de Asturias\" \/>\n\t\t<meta name=\"twitter:label2\" content=\"Tiempo de lectura estimado\" \/>\n\t\t<meta name=\"twitter:data2\" content=\"1 minuto\" \/>\n\t\t<script type=\"application\/ld+json\" class=\"aioseo-schema\">\n\t\t\t{\"@context\":\"https:\\\/\\\/schema.org\",\"@graph\":[{\"@type\":\"BlogPosting\",\"@id\":\"https:\\\/\\\/www.eldigitaldeasturias.com\\\/noticias\\\/el-psoe-sobre-vidal-quadras-dice-que-no-tienen-nada-que-decir-de-los-problemas-del-pp\\\/#blogposting\",\"name\":\"El PSOE sobre Vidal-Quadras dice que no tienen nada que decir de los \\u00abproblemas del PP\\u00bb - El Digital de Asturias\",\"headline\":\"El PSOE sobre Vidal-Quadras dice que no tienen nada que decir de los \\u00abproblemas del PP\\u00bb\",\"author\":{\"@id\":\"https:\\\/\\\/www.eldigitaldeasturias.com\\\/noticias\\\/author\\\/admin\\\/#author\"},\"publisher\":{\"@id\":\"https:\\\/\\\/www.eldigitaldeasturias.com\\\/noticias\\\/#organization\"},\"image\":{\"@type\":\"ImageObject\",\"url\":\"https:\\\/\\\/www.eldigitaldeasturias.com\\\/noticias\\\/wp-content\\\/uploads\\\/2026\\\/06\\\/Contenidos.jpg\",\"width\":1265,\"height\":697,\"caption\":\"Contenidos\"},\"datePublished\":\"2014-01-27T22:28:50+01:00\",\"dateModified\":\"2014-01-27T22:28:54+01:00\",\"inLanguage\":\"es-ES\",\"mainEntityOfPage\":{\"@id\":\"https:\\\/\\\/www.eldigitaldeasturias.com\\\/noticias\\\/el-psoe-sobre-vidal-quadras-dice-que-no-tienen-nada-que-decir-de-los-problemas-del-pp\\\/#webpage\"},\"isPartOf\":{\"@id\":\"https:\\\/\\\/www.eldigitaldeasturias.com\\\/noticias\\\/el-psoe-sobre-vidal-quadras-dice-que-no-tienen-nada-que-decir-de-los-problemas-del-pp\\\/#webpage\"},\"articleSection\":\"Actualidad\"},{\"@type\":\"BreadcrumbList\",\"@id\":\"https:\\\/\\\/www.eldigitaldeasturias.com\\\/noticias\\\/el-psoe-sobre-vidal-quadras-dice-que-no-tienen-nada-que-decir-de-los-problemas-del-pp\\\/#breadcrumblist\",\"itemListElement\":[{\"@type\":\"ListItem\",\"@id\":\"https:\\\/\\\/www.eldigitaldeasturias.com\\\/noticias#listItem\",\"position\":1,\"name\":\"Home\",\"item\":\"https:\\\/\\\/www.eldigitaldeasturias.com\\\/noticias\",\"nextItem\":{\"@type\":\"ListItem\",\"@id\":\"https:\\\/\\\/www.eldigitaldeasturias.com\\\/noticias\\\/category\\\/actualidad\\\/#listItem\",\"name\":\"Actualidad\"}},{\"@type\":\"ListItem\",\"@id\":\"https:\\\/\\\/www.eldigitaldeasturias.com\\\/noticias\\\/category\\\/actualidad\\\/#listItem\",\"position\":2,\"name\":\"Actualidad\",\"item\":\"https:\\\/\\\/www.eldigitaldeasturias.com\\\/noticias\\\/category\\\/actualidad\\\/\",\"nextItem\":{\"@type\":\"ListItem\",\"@id\":\"https:\\\/\\\/www.eldigitaldeasturias.com\\\/noticias\\\/el-psoe-sobre-vidal-quadras-dice-que-no-tienen-nada-que-decir-de-los-problemas-del-pp\\\/#listItem\",\"name\":\"El PSOE sobre Vidal-Quadras dice que no tienen nada que decir de los \\u00abproblemas del PP\\u00bb\"},\"previousItem\":{\"@type\":\"ListItem\",\"@id\":\"https:\\\/\\\/www.eldigitaldeasturias.com\\\/noticias#listItem\",\"name\":\"Home\"}},{\"@type\":\"ListItem\",\"@id\":\"https:\\\/\\\/www.eldigitaldeasturias.com\\\/noticias\\\/el-psoe-sobre-vidal-quadras-dice-que-no-tienen-nada-que-decir-de-los-problemas-del-pp\\\/#listItem\",\"position\":3,\"name\":\"El PSOE sobre Vidal-Quadras dice que no tienen nada que decir de los \\u00abproblemas del PP\\u00bb\",\"previousItem\":{\"@type\":\"ListItem\",\"@id\":\"https:\\\/\\\/www.eldigitaldeasturias.com\\\/noticias\\\/category\\\/actualidad\\\/#listItem\",\"name\":\"Actualidad\"}}]},{\"@type\":\"Organization\",\"@id\":\"https:\\\/\\\/www.eldigitaldeasturias.com\\\/noticias\\\/#organization\",\"name\":\"El Digital de Asturias\",\"description\":\"Hemeroteca\",\"url\":\"https:\\\/\\\/www.eldigitaldeasturias.com\\\/noticias\\\/\",\"email\":\"info@eldigitaldeasturias.com\",\"telephone\":\"+34652131393\",\"logo\":{\"@type\":\"ImageObject\",\"url\":\"https:\\\/\\\/www.eldigitaldeasturias.com\\\/noticias\\\/wp-content\\\/uploads\\\/2020\\\/12\\\/EDA.jpg\",\"@id\":\"https:\\\/\\\/www.eldigitaldeasturias.com\\\/noticias\\\/el-psoe-sobre-vidal-quadras-dice-que-no-tienen-nada-que-decir-de-los-problemas-del-pp\\\/#organizationLogo\"},\"image\":{\"@id\":\"https:\\\/\\\/www.eldigitaldeasturias.com\\\/noticias\\\/el-psoe-sobre-vidal-quadras-dice-que-no-tienen-nada-que-decir-de-los-problemas-del-pp\\\/#organizationLogo\"},\"sameAs\":[\"https:\\\/\\\/facebook.com\\\/eldigitaldeasturias\",\"https:\\\/\\\/www.youtube.com\\\/channel\\\/UCZP-2wLEB9Rv6erhFmqVnvg\"],\"address\":{\"@id\":\"https:\\\/\\\/www.eldigitaldeasturias.com\\\/noticias\\\/#postaladdress\",\"@type\":\"PostalAddress\",\"streetAddress\":\"san antonio 4\",\"postalCode\":\"33430\",\"addressLocality\":\"Cand\\u00e1s\",\"addressRegion\":\"Asturias\",\"addressCountry\":\"ES\"}},{\"@type\":\"Person\",\"@id\":\"https:\\\/\\\/www.eldigitaldeasturias.com\\\/noticias\\\/author\\\/admin\\\/#author\",\"url\":\"https:\\\/\\\/www.eldigitaldeasturias.com\\\/noticias\\\/author\\\/admin\\\/\",\"name\":\"El Digital de Asturias\",\"image\":{\"@type\":\"ImageObject\",\"@id\":\"https:\\\/\\\/www.eldigitaldeasturias.com\\\/noticias\\\/el-psoe-sobre-vidal-quadras-dice-que-no-tienen-nada-que-decir-de-los-problemas-del-pp\\\/#authorImage\",\"url\":\"https:\\\/\\\/secure.gravatar.com\\\/avatar\\\/df2aeffc32bcd13f8d26072ef8a91b623d677766deac7f97ca815868cd41bf5e?s=96&d=mm&r=g\",\"width\":96,\"height\":96,\"caption\":\"El Digital de Asturias\"}},{\"@type\":\"WebPage\",\"@id\":\"https:\\\/\\\/www.eldigitaldeasturias.com\\\/noticias\\\/el-psoe-sobre-vidal-quadras-dice-que-no-tienen-nada-que-decir-de-los-problemas-del-pp\\\/#webpage\",\"url\":\"https:\\\/\\\/www.eldigitaldeasturias.com\\\/noticias\\\/el-psoe-sobre-vidal-quadras-dice-que-no-tienen-nada-que-decir-de-los-problemas-del-pp\\\/\",\"name\":\"El PSOE sobre Vidal-Quadras dice que no tienen nada que decir de los \\u00abproblemas del PP\\u00bb - El Digital de Asturias\",\"description\":\"Madrid, 27 ene (EFE).- El secretario de Organizaci\\u00f3n del PSOE, \\u00d3scar L\\u00f3pez, ha afirmado hoy que su partido no tiene \\\"nada que decir\\\" de \\\"los problemas y l\\u00edos\\\" que pueda tener el PP, en referencia a la decisi\\u00f3n del eurodiputado Alejo Vidal-Quadras de abandonar esta formaci\\u00f3n pol\\u00edtica. El vicepresidente del Parlamento Europeo y eurodiputado del\",\"inLanguage\":\"es-ES\",\"isPartOf\":{\"@id\":\"https:\\\/\\\/www.eldigitaldeasturias.com\\\/noticias\\\/#website\"},\"breadcrumb\":{\"@id\":\"https:\\\/\\\/www.eldigitaldeasturias.com\\\/noticias\\\/el-psoe-sobre-vidal-quadras-dice-que-no-tienen-nada-que-decir-de-los-problemas-del-pp\\\/#breadcrumblist\"},\"author\":{\"@id\":\"https:\\\/\\\/www.eldigitaldeasturias.com\\\/noticias\\\/author\\\/admin\\\/#author\"},\"creator\":{\"@id\":\"https:\\\/\\\/www.eldigitaldeasturias.com\\\/noticias\\\/author\\\/admin\\\/#author\"},\"image\":{\"@type\":\"ImageObject\",\"url\":\"https:\\\/\\\/www.eldigitaldeasturias.com\\\/noticias\\\/wp-content\\\/uploads\\\/2026\\\/06\\\/Contenidos.jpg\",\"@id\":\"https:\\\/\\\/www.eldigitaldeasturias.com\\\/noticias\\\/el-psoe-sobre-vidal-quadras-dice-que-no-tienen-nada-que-decir-de-los-problemas-del-pp\\\/#mainImage\",\"width\":1265,\"height\":697,\"caption\":\"Contenidos\"},\"primaryImageOfPage\":{\"@id\":\"https:\\\/\\\/www.eldigitaldeasturias.com\\\/noticias\\\/el-psoe-sobre-vidal-quadras-dice-que-no-tienen-nada-que-decir-de-los-problemas-del-pp\\\/#mainImage\"},\"datePublished\":\"2014-01-27T22:28:50+01:00\",\"dateModified\":\"2014-01-27T22:28:54+01:00\"},{\"@type\":\"WebSite\",\"@id\":\"https:\\\/\\\/www.eldigitaldeasturias.com\\\/noticias\\\/#website\",\"url\":\"https:\\\/\\\/www.eldigitaldeasturias.com\\\/noticias\\\/\",\"name\":\"El Digital de Asturias - Diario de actualidad y noticias\",\"alternateName\":\"El Digital de Asturias - Diario de actualidad y noticias\",\"description\":\"Hemeroteca\",\"inLanguage\":\"es-ES\",\"publisher\":{\"@id\":\"https:\\\/\\\/www.eldigitaldeasturias.com\\\/noticias\\\/#organization\"}}]}\n\t\t<\/script>\n\t\t<!-- All in One SEO Pro -->\r\n\t\t<title>El PSOE sobre Vidal-Quadras dice que no tienen nada que decir de los \u00abproblemas del PP\u00bb - El Digital de Asturias<\/title>\n\n","aioseo_head_json":{"title":"El PSOE sobre Vidal-Quadras dice que no tienen nada que decir de los \u00abproblemas del PP\u00bb - El Digital de Asturias","description":"Madrid, 27 ene (EFE).- El secretario de Organizaci\u00f3n del PSOE, \u00d3scar L\u00f3pez, ha afirmado hoy que su partido no tiene \"nada que decir\" de \"los problemas y l\u00edos\" que pueda tener el PP, en referencia a la decisi\u00f3n del eurodiputado Alejo Vidal-Quadras de abandonar esta formaci\u00f3n pol\u00edtica. El vicepresidente del Parlamento Europeo y eurodiputado del","canonical_url":"https:\/\/www.eldigitaldeasturias.com\/noticias\/el-psoe-sobre-vidal-quadras-dice-que-no-tienen-nada-que-decir-de-los-problemas-del-pp\/","robots":"max-image-preview:large","keywords":"actualidad","webmasterTools":{"google-site-verification":"UA-38556648-1","msvalidate.01":"7dfe9f3f1b24437ab69f4f2559babe99","miscellaneous":""},"schema":{"@context":"https:\/\/schema.org","@graph":[{"@type":"BlogPosting","@id":"https:\/\/www.eldigitaldeasturias.com\/noticias\/el-psoe-sobre-vidal-quadras-dice-que-no-tienen-nada-que-decir-de-los-problemas-del-pp\/#blogposting","name":"El PSOE sobre Vidal-Quadras dice que no tienen nada que decir de los \u00abproblemas del PP\u00bb - El Digital de Asturias","headline":"El PSOE sobre Vidal-Quadras dice que no tienen nada que decir de los \u00abproblemas del PP\u00bb","author":{"@id":"https:\/\/www.eldigitaldeasturias.com\/noticias\/author\/admin\/#author"},"publisher":{"@id":"https:\/\/www.eldigitaldeasturias.com\/noticias\/#organization"},"image":{"@type":"ImageObject","url":"https:\/\/www.eldigitaldeasturias.com\/noticias\/wp-content\/uploads\/2026\/06\/Contenidos.jpg","width":1265,"height":697,"caption":"Contenidos"},"datePublished":"2014-01-27T22:28:50+01:00","dateModified":"2014-01-27T22:28:54+01:00","inLanguage":"es-ES","mainEntityOfPage":{"@id":"https:\/\/www.eldigitaldeasturias.com\/noticias\/el-psoe-sobre-vidal-quadras-dice-que-no-tienen-nada-que-decir-de-los-problemas-del-pp\/#webpage"},"isPartOf":{"@id":"https:\/\/www.eldigitaldeasturias.com\/noticias\/el-psoe-sobre-vidal-quadras-dice-que-no-tienen-nada-que-decir-de-los-problemas-del-pp\/#webpage"},"articleSection":"Actualidad"},{"@type":"BreadcrumbList","@id":"https:\/\/www.eldigitaldeasturias.com\/noticias\/el-psoe-sobre-vidal-quadras-dice-que-no-tienen-nada-que-decir-de-los-problemas-del-pp\/#breadcrumblist","itemListElement":[{"@type":"ListItem","@id":"https:\/\/www.eldigitaldeasturias.com\/noticias#listItem","position":1,"name":"Home","item":"https:\/\/www.eldigitaldeasturias.com\/noticias","nextItem":{"@type":"ListItem","@id":"https:\/\/www.eldigitaldeasturias.com\/noticias\/category\/actualidad\/#listItem","name":"Actualidad"}},{"@type":"ListItem","@id":"https:\/\/www.eldigitaldeasturias.com\/noticias\/category\/actualidad\/#listItem","position":2,"name":"Actualidad","item":"https:\/\/www.eldigitaldeasturias.com\/noticias\/category\/actualidad\/","nextItem":{"@type":"ListItem","@id":"https:\/\/www.eldigitaldeasturias.com\/noticias\/el-psoe-sobre-vidal-quadras-dice-que-no-tienen-nada-que-decir-de-los-problemas-del-pp\/#listItem","name":"El PSOE sobre Vidal-Quadras dice que no tienen nada que decir de los \u00abproblemas del PP\u00bb"},"previousItem":{"@type":"ListItem","@id":"https:\/\/www.eldigitaldeasturias.com\/noticias#listItem","name":"Home"}},{"@type":"ListItem","@id":"https:\/\/www.eldigitaldeasturias.com\/noticias\/el-psoe-sobre-vidal-quadras-dice-que-no-tienen-nada-que-decir-de-los-problemas-del-pp\/#listItem","position":3,"name":"El PSOE sobre Vidal-Quadras dice que no tienen nada que decir de los \u00abproblemas del PP\u00bb","previousItem":{"@type":"ListItem","@id":"https:\/\/www.eldigitaldeasturias.com\/noticias\/category\/actualidad\/#listItem","name":"Actualidad"}}]},{"@type":"Organization","@id":"https:\/\/www.eldigitaldeasturias.com\/noticias\/#organization","name":"El Digital de Asturias","description":"Hemeroteca","url":"https:\/\/www.eldigitaldeasturias.com\/noticias\/","email":"info@eldigitaldeasturias.com","telephone":"+34652131393","logo":{"@type":"ImageObject","url":"https:\/\/www.eldigitaldeasturias.com\/noticias\/wp-content\/uploads\/2020\/12\/EDA.jpg","@id":"https:\/\/www.eldigitaldeasturias.com\/noticias\/el-psoe-sobre-vidal-quadras-dice-que-no-tienen-nada-que-decir-de-los-problemas-del-pp\/#organizationLogo"},"image":{"@id":"https:\/\/www.eldigitaldeasturias.com\/noticias\/el-psoe-sobre-vidal-quadras-dice-que-no-tienen-nada-que-decir-de-los-problemas-del-pp\/#organizationLogo"},"sameAs":["https:\/\/facebook.com\/eldigitaldeasturias","https:\/\/www.youtube.com\/channel\/UCZP-2wLEB9Rv6erhFmqVnvg"],"address":{"@id":"https:\/\/www.eldigitaldeasturias.com\/noticias\/#postaladdress","@type":"PostalAddress","streetAddress":"san antonio 4","postalCode":"33430","addressLocality":"Cand\u00e1s","addressRegion":"Asturias","addressCountry":"ES"}},{"@type":"Person","@id":"https:\/\/www.eldigitaldeasturias.com\/noticias\/author\/admin\/#author","url":"https:\/\/www.eldigitaldeasturias.com\/noticias\/author\/admin\/","name":"El Digital de Asturias","image":{"@type":"ImageObject","@id":"https:\/\/www.eldigitaldeasturias.com\/noticias\/el-psoe-sobre-vidal-quadras-dice-que-no-tienen-nada-que-decir-de-los-problemas-del-pp\/#authorImage","url":"https:\/\/secure.gravatar.com\/avatar\/df2aeffc32bcd13f8d26072ef8a91b623d677766deac7f97ca815868cd41bf5e?s=96&d=mm&r=g","width":96,"height":96,"caption":"El Digital de Asturias"}},{"@type":"WebPage","@id":"https:\/\/www.eldigitaldeasturias.com\/noticias\/el-psoe-sobre-vidal-quadras-dice-que-no-tienen-nada-que-decir-de-los-problemas-del-pp\/#webpage","url":"https:\/\/www.eldigitaldeasturias.com\/noticias\/el-psoe-sobre-vidal-quadras-dice-que-no-tienen-nada-que-decir-de-los-problemas-del-pp\/","name":"El PSOE sobre Vidal-Quadras dice que no tienen nada que decir de los \u00abproblemas del PP\u00bb - El Digital de Asturias","description":"Madrid, 27 ene (EFE).- El secretario de Organizaci\u00f3n del PSOE, \u00d3scar L\u00f3pez, ha afirmado hoy que su partido no tiene \"nada que decir\" de \"los problemas y l\u00edos\" que pueda tener el PP, en referencia a la decisi\u00f3n del eurodiputado Alejo Vidal-Quadras de abandonar esta formaci\u00f3n pol\u00edtica. El vicepresidente del Parlamento Europeo y eurodiputado del","inLanguage":"es-ES","isPartOf":{"@id":"https:\/\/www.eldigitaldeasturias.com\/noticias\/#website"},"breadcrumb":{"@id":"https:\/\/www.eldigitaldeasturias.com\/noticias\/el-psoe-sobre-vidal-quadras-dice-que-no-tienen-nada-que-decir-de-los-problemas-del-pp\/#breadcrumblist"},"author":{"@id":"https:\/\/www.eldigitaldeasturias.com\/noticias\/author\/admin\/#author"},"creator":{"@id":"https:\/\/www.eldigitaldeasturias.com\/noticias\/author\/admin\/#author"},"image":{"@type":"ImageObject","url":"https:\/\/www.eldigitaldeasturias.com\/noticias\/wp-content\/uploads\/2026\/06\/Contenidos.jpg","@id":"https:\/\/www.eldigitaldeasturias.com\/noticias\/el-psoe-sobre-vidal-quadras-dice-que-no-tienen-nada-que-decir-de-los-problemas-del-pp\/#mainImage","width":1265,"height":697,"caption":"Contenidos"},"primaryImageOfPage":{"@id":"https:\/\/www.eldigitaldeasturias.com\/noticias\/el-psoe-sobre-vidal-quadras-dice-que-no-tienen-nada-que-decir-de-los-problemas-del-pp\/#mainImage"},"datePublished":"2014-01-27T22:28:50+01:00","dateModified":"2014-01-27T22:28:54+01:00"},{"@type":"WebSite","@id":"https:\/\/www.eldigitaldeasturias.com\/noticias\/#website","url":"https:\/\/www.eldigitaldeasturias.com\/noticias\/","name":"El Digital de Asturias - Diario de actualidad y noticias","alternateName":"El Digital de Asturias - Diario de actualidad y noticias","description":"Hemeroteca","inLanguage":"es-ES","publisher":{"@id":"https:\/\/www.eldigitaldeasturias.com\/noticias\/#organization"}}]},"og:locale":"es_ES","og:site_name":"El Digital de Asturias","og:type":"article","og:title":"El PSOE sobre Vidal-Quadras dice que no tienen nada que decir de los \u00abproblemas del PP\u00bb - El Digital de Asturias","og:description":"Madrid, 27 ene (EFE).- El secretario de Organizaci\u00f3n del PSOE, \u00d3scar L\u00f3pez, ha afirmado hoy que su partido no tiene &quot;nada que decir&quot; de &quot;los problemas y l\u00edos&quot; que pueda tener el PP, en referencia a la decisi\u00f3n del eurodiputado Alejo Vidal-Quadras de abandonar esta formaci\u00f3n pol\u00edtica. El vicepresidente del Parlamento Europeo y eurodiputado del","og:url":"https:\/\/www.eldigitaldeasturias.com\/noticias\/el-psoe-sobre-vidal-quadras-dice-que-no-tienen-nada-que-decir-de-los-problemas-del-pp\/","og:image":"https:\/\/www.eldigitaldeasturias.com\/noticias\/wp-content\/uploads\/2026\/06\/Contenidos.jpg","og:image:secure_url":"https:\/\/www.eldigitaldeasturias.com\/noticias\/wp-content\/uploads\/2026\/06\/Contenidos.jpg","og:image:width":1265,"og:image:height":697,"article:tag":["actualidad"],"article:published_time":"2014-01-27T23:28:50+00:00","article:modified_time":"2014-01-27T23:28:54+00:00","article:publisher":"https:\/\/facebook.com\/eldigitaldeasturias","twitter:card":"summary_large_image","twitter:title":"El PSOE sobre Vidal-Quadras dice que no tienen nada que decir de los \u00abproblemas del PP\u00bb - El Digital de Asturias","twitter:description":"Madrid, 27 ene (EFE).- El secretario de Organizaci\u00f3n del PSOE, \u00d3scar L\u00f3pez, ha afirmado hoy que su partido no tiene &quot;nada que decir&quot; de &quot;los problemas y l\u00edos&quot; que pueda tener el PP, en referencia a la decisi\u00f3n del eurodiputado Alejo Vidal-Quadras de abandonar esta formaci\u00f3n pol\u00edtica. El vicepresidente del Parlamento Europeo y eurodiputado del","twitter:image":"https:\/\/www.eldigitaldeasturias.com\/noticias\/wp-content\/uploads\/2026\/06\/Contenidos.jpg","twitter:label1":"Escrito por","twitter:data1":"El Digital de Asturias","twitter:label2":"Tiempo de lectura estimado","twitter:data2":"1 minuto"},"aioseo_meta_data":{"post_id":"479688","title":null,"description":null,"keywords":null,"keyphrases":null,"primary_term":null,"canonical_url":null,"og_title":null,"og_description":null,"og_object_type":"default","og_image_type":"default","og_image_url":null,"og_image_width":null,"og_image_height":null,"og_image_custom_url":null,"og_image_custom_fields":null,"og_video":null,"og_custom_url":null,"og_article_section":null,"og_article_tags":null,"twitter_use_og":true,"twitter_card":"default","twitter_image_type":"default","twitter_image_url":null,"twitter_image_custom_url":null,"twitter_image_custom_fields":null,"twitter_title":null,"twitter_description":null,"schema":{"blockGraphs":[],"customGraphs":[],"default":{"data":{"Article":[],"Course":[],"Dataset":[],"FAQPage":[],"Movie":[],"Person":[],"Product":[],"ProductReview":[],"Car":[],"Recipe":[],"Service":[],"SoftwareApplication":[],"WebPage":[]},"graphName":"","isEnabled":true},"graphs":[],"defaultGraph":"","defaultPostTypeGraph":""},"schema_type":null,"schema_type_options":null,"pillar_content":false,"robots_default":true,"robots_noindex":false,"robots_noarchive":false,"robots_nosnippet":false,"robots_nofollow":false,"robots_noimageindex":false,"robots_noodp":false,"robots_notranslate":false,"robots_max_snippet":null,"robots_max_videopreview":null,"robots_max_imagepreview":"none","priority":null,"frequency":null,"local_seo":null,"seo_analyzer_scan_date":"2026-06-02 01:17:56","breadcrumb_settings":null,"limit_modified_date":false,"open_ai":null,"ai":null,"created":"2020-11-14 22:54:05","updated":"2026-06-02 01:17:56","focus_keyword":null,"additional_keywords":null,"truseo_locale":null},"aioseo_breadcrumb":"<div class=\"aioseo-breadcrumbs\"><span class=\"aioseo-breadcrumb\">\n\t<a href=\"https:\/\/www.eldigitaldeasturias.com\/noticias\" title=\"Home\">Home<\/a>\n<\/span><span class=\"aioseo-breadcrumb-separator\">\u2013<\/span><span class=\"aioseo-breadcrumb\">\n\t<a href=\"https:\/\/www.eldigitaldeasturias.com\/noticias\/category\/actualidad\/\" title=\"Actualidad\">Actualidad<\/a>\n<\/span><span class=\"aioseo-breadcrumb-separator\">\u2013<\/span><span class=\"aioseo-breadcrumb\">\n\t<a href=\"https:\/\/www.eldigitaldeasturias.com\/noticias\/el-psoe-sobre-vidal-quadras-dice-que-no-tienen-nada-que-decir-de-los-problemas-del-pp\/\" title=\"El PSOE sobre Vidal-Quadras dice que no tienen nada que decir de los \u00abproblemas del PP\u00bb\">El PSOE sobre Vidal-Quadras dice que no tienen nada que decir de los \u00abproblemas del PP\u00bb<\/a>\n<\/span><\/div>","aioseo_breadcrumb_json":[{"label":"Home","link":"https:\/\/www.eldigitaldeasturias.com\/noticias"},{"label":"Actualidad","link":"https:\/\/www.eldigitaldeasturias.com\/noticias\/category\/actualidad\/"},{"label":"El PSOE sobre Vidal-Quadras dice que no tienen nada que decir de los \u00abproblemas del PP\u00bb","link":"https:\/\/www.eldigitaldeasturias.com\/noticias\/el-psoe-sobre-vidal-quadras-dice-que-no-tienen-nada-que-decir-de-los-problemas-del-pp\/"}],"_links":{"self":[{"href":"https:\/\/www.eldigitaldeasturias.com\/noticias\/wp-json\/wp\/v2\/posts\/479688","targetHints":{"allow":["GET"]}}],"collection":[{"href":"https:\/\/www.eldigitaldeasturias.com\/noticias\/wp-json\/wp\/v2\/posts"}],"about":[{"href":"https:\/\/www.eldigitaldeasturias.com\/noticias\/wp-json\/wp\/v2\/types\/post"}],"author":[{"embeddable":true,"href":"https:\/\/www.eldigitaldeasturias.com\/noticias\/wp-json\/wp\/v2\/users\/1"}],"replies":[{"embeddable":true,"href":"https:\/\/www.eldigitaldeasturias.com\/noticias\/wp-json\/wp\/v2\/comments?post=479688"}],"version-history":[{"count":0,"href":"https:\/\/www.eldigitaldeasturias.com\/noticias\/wp-json\/wp\/v2\/posts\/479688\/revisions"}],"wp:featuredmedia":[{"embeddable":true,"href":"https:\/\/www.eldigitaldeasturias.com\/noticias\/wp-json\/wp\/v2\/media\/1132184"}],"wp:attachment":[{"href":"https:\/\/www.eldigitaldeasturias.com\/noticias\/wp-json\/wp\/v2\/media?parent=479688"}],"wp:term":[{"taxonomy":"category","embeddable":true,"href":"https:\/\/www.eldigitaldeasturias.com\/noticias\/wp-json\/wp\/v2\/categories?post=479688"},{"taxonomy":"post_tag","embeddable":true,"href":"https:\/\/www.eldigitaldeasturias.com\/noticias\/wp-json\/wp\/v2\/tags?post=479688"}],"curies":[{"name":"wp","href":"https:\/\/api.w.org\/{rel}","templated":true}]}}