{"id":479679,"date":"2014-01-27T22:25:08","date_gmt":"2014-01-27T23:25:08","guid":{"rendered":"http:\/\/www.eldigitaldeasturias.com\/noticias\/?p=479679"},"modified":"2014-01-27T22:25:08","modified_gmt":"2014-01-27T23:25:08","slug":"el-consejo-del-poder-judicial-controlara-los-viajes-en-espana-de-sus-vocales","status":"publish","type":"post","link":"https:\/\/www.eldigitaldeasturias.com\/noticias\/el-consejo-del-poder-judicial-controlara-los-viajes-en-espana-de-sus-vocales\/","title":{"rendered":"El Consejo del Poder Judicial controlar\u00e1 los viajes en Espa\u00f1a de sus vocales"},"content":{"rendered":"<p><img loading=\"lazy\" decoding=\"async\" class=\"alignleft size-medium wp-image-479680\" alt=\"5879213w\" src=\"https:\/\/www.eldigitaldeasturias.com\/noticias\/wp-content\/uploads\/2014\/01\/5879213w-245x320.jpg\" width=\"245\" height=\"320\" \/>Madrid, 27 ene (EFE).- El Consejo General del Poder Judicial (CGPJ), el \u00f3rgano de gobierno de los jueces, tiene previsto aprobar ma\u00f1ana una nueva norma que obligar\u00e1 a cualquiera de sus miembros, incluido el presidente, a someter a autorizaci\u00f3n previa por parte de la Comisi\u00f3n Permanente sus gastos de viajes desarrollados dentro de Espa\u00f1a.<\/p>\n<p>La nueva norma ser\u00e1 aprobada por la Comisi\u00f3n Permanente del CGPJ y completar\u00e1 otras ya puestas en marcha anteriormente para limitar los gastos de viaje que, durante el mandato del expresidente Carlos D\u00edvar, dieron lugar a una pol\u00e9mica en los medios de comunicaci\u00f3n que condujo a la dimisi\u00f3n del propio D\u00edvar.<\/p>\n<p>La norma extender\u00e1 el requisito de autorizaci\u00f3n previa de los viajes por parte de la Comisi\u00f3n Permanente -ya vigente respecto a los producidos fuera de Espa\u00f1a- a los que tengan lugar dentro de las fronteras de nuestro pa\u00eds, algo que ya ha hecho el actual presidente, Carlos Lesmes, respecto a su primer viaje oficial -se ha trasladado a Canarias este fin de semana-.<\/p>\n<p>Algunos vocales del CGPJ han manifestado en conversaci\u00f3n con Efe su malestar en relaci\u00f3n con esta norma, dado que consideran que supone una limitaci\u00f3n para que los miembros del \u00f3rgano de gobierno de los jueces que no tienen dedicaci\u00f3n exclusiva (los que no est\u00e1n en la Comisi\u00f3n Permanente) ejerzan sus funciones.<\/p>\n<p>Argumentan que deber\u00e1n pedir permiso para acudir a Madrid -a trabajar en el CGPJ- cuando quieran acudir a su despacho en la sede del Poder Judicial aunque no est\u00e9n oficialmente convocados a una comisi\u00f3n a la que pertenezcan, lo que en la pr\u00e1ctica supone controlar su actividad oficial.<\/p>\n","protected":false},"excerpt":{"rendered":"<p>Madrid, 27 ene (EFE).- El Consejo General del Poder Judicial (CGPJ), el \u00f3rgano de gobierno de los jueces, tiene previsto aprobar ma\u00f1ana una nueva norma que obligar\u00e1 a cualquiera de sus miembros, incluido el presidente, a someter a autorizaci\u00f3n previa por parte de la Comisi\u00f3n Permanente sus gastos de viajes desarrollados dentro de Espa\u00f1a. La [&hellip;]<\/p>\n","protected":false},"author":1,"featured_media":1132184,"comment_status":"closed","ping_status":"open","sticky":false,"template":"","format":"standard","meta":{"footnotes":""},"categories":[1],"tags":[],"class_list":["post-479679","post","type-post","status-publish","format-standard","has-post-thumbnail","hentry","category-actualidad"],"aioseo_notices":[],"aioseo_head":"\n\t\t<!-- All in One SEO Pro 5.0.1 - aioseo.com -->\n\t<meta name=\"description\" content=\"Madrid, 27 ene (EFE).- El Consejo General del Poder Judicial (CGPJ), el \u00f3rgano de gobierno de los jueces, tiene previsto aprobar ma\u00f1ana una nueva norma que obligar\u00e1 a cualquiera de sus miembros, incluido el presidente, a someter a autorizaci\u00f3n previa por parte de la Comisi\u00f3n Permanente sus gastos de viajes desarrollados dentro de Espa\u00f1a. La\" \/>\n\t<meta name=\"robots\" content=\"max-image-preview:large\" \/>\n\t<meta name=\"author\" content=\"El Digital de Asturias\"\/>\n\t<meta name=\"google-site-verification\" content=\"UA-38556648-1\" \/>\n\t<meta name=\"msvalidate.01\" content=\"7dfe9f3f1b24437ab69f4f2559babe99\" \/>\n\t<meta name=\"keywords\" content=\"actualidad\" \/>\n\t<link rel=\"canonical\" href=\"https:\/\/www.eldigitaldeasturias.com\/noticias\/el-consejo-del-poder-judicial-controlara-los-viajes-en-espana-de-sus-vocales\/\" \/>\n\t<meta name=\"generator\" content=\"All in One SEO Pro (AIOSEO) 5.0.1\" \/>\n\t\t<meta property=\"og:locale\" content=\"es_ES\" \/>\n\t\t<meta property=\"og:site_name\" content=\"El Digital de Asturias\" \/>\n\t\t<meta property=\"og:type\" content=\"article\" \/>\n\t\t<meta property=\"og:title\" content=\"El Consejo del Poder Judicial controlar\u00e1 los viajes en Espa\u00f1a de sus vocales - El Digital de Asturias\" \/>\n\t\t<meta property=\"og:description\" content=\"Madrid, 27 ene (EFE).- El Consejo General del Poder Judicial (CGPJ), el \u00f3rgano de gobierno de los jueces, tiene previsto aprobar ma\u00f1ana una nueva norma que obligar\u00e1 a cualquiera de sus miembros, incluido el presidente, a someter a autorizaci\u00f3n previa por parte de la Comisi\u00f3n Permanente sus gastos de viajes desarrollados dentro de Espa\u00f1a. La\" \/>\n\t\t<meta property=\"og:url\" content=\"https:\/\/www.eldigitaldeasturias.com\/noticias\/el-consejo-del-poder-judicial-controlara-los-viajes-en-espana-de-sus-vocales\/\" \/>\n\t\t<meta property=\"og:image\" content=\"https:\/\/www.eldigitaldeasturias.com\/noticias\/wp-content\/uploads\/2026\/06\/Contenidos.jpg\" \/>\n\t\t<meta property=\"og:image:secure_url\" content=\"https:\/\/www.eldigitaldeasturias.com\/noticias\/wp-content\/uploads\/2026\/06\/Contenidos.jpg\" \/>\n\t\t<meta property=\"og:image:width\" content=\"1265\" \/>\n\t\t<meta property=\"og:image:height\" content=\"697\" \/>\n\t\t<meta property=\"article:tag\" content=\"actualidad\" \/>\n\t\t<meta property=\"article:published_time\" content=\"2014-01-27T23:25:08+00:00\" \/>\n\t\t<meta property=\"article:modified_time\" content=\"2014-01-27T23:25:08+00:00\" \/>\n\t\t<meta property=\"article:publisher\" content=\"https:\/\/facebook.com\/eldigitaldeasturias\" \/>\n\t\t<meta name=\"twitter:card\" content=\"summary_large_image\" \/>\n\t\t<meta name=\"twitter:title\" content=\"El Consejo del Poder Judicial controlar\u00e1 los viajes en Espa\u00f1a de sus vocales - El Digital de Asturias\" \/>\n\t\t<meta name=\"twitter:description\" content=\"Madrid, 27 ene (EFE).- El Consejo General del Poder Judicial (CGPJ), el \u00f3rgano de gobierno de los jueces, tiene previsto aprobar ma\u00f1ana una nueva norma que obligar\u00e1 a cualquiera de sus miembros, incluido el presidente, a someter a autorizaci\u00f3n previa por parte de la Comisi\u00f3n Permanente sus gastos de viajes desarrollados dentro de Espa\u00f1a. La\" \/>\n\t\t<meta name=\"twitter:image\" content=\"https:\/\/www.eldigitaldeasturias.com\/noticias\/wp-content\/uploads\/2026\/06\/Contenidos.jpg\" \/>\n\t\t<meta name=\"twitter:label1\" content=\"Escrito por\" \/>\n\t\t<meta name=\"twitter:data1\" content=\"El Digital de Asturias\" \/>\n\t\t<meta name=\"twitter:label2\" content=\"Tiempo de lectura estimado\" \/>\n\t\t<meta name=\"twitter:data2\" content=\"1 minuto\" \/>\n\t\t<script type=\"application\/ld+json\" class=\"aioseo-schema\">\n\t\t\t{\"@context\":\"https:\\\/\\\/schema.org\",\"@graph\":[{\"@type\":\"BlogPosting\",\"@id\":\"https:\\\/\\\/www.eldigitaldeasturias.com\\\/noticias\\\/el-consejo-del-poder-judicial-controlara-los-viajes-en-espana-de-sus-vocales\\\/#blogposting\",\"name\":\"El Consejo del Poder Judicial controlar\\u00e1 los viajes en Espa\\u00f1a de sus vocales - El Digital de Asturias\",\"headline\":\"El Consejo del Poder Judicial controlar\\u00e1 los viajes en Espa\\u00f1a de sus vocales\",\"author\":{\"@id\":\"https:\\\/\\\/www.eldigitaldeasturias.com\\\/noticias\\\/author\\\/admin\\\/#author\"},\"publisher\":{\"@id\":\"https:\\\/\\\/www.eldigitaldeasturias.com\\\/noticias\\\/#organization\"},\"image\":{\"@type\":\"ImageObject\",\"url\":\"https:\\\/\\\/www.eldigitaldeasturias.com\\\/noticias\\\/wp-content\\\/uploads\\\/2026\\\/06\\\/Contenidos.jpg\",\"width\":1265,\"height\":697,\"caption\":\"Contenidos\"},\"datePublished\":\"2014-01-27T22:25:08+01:00\",\"dateModified\":\"2014-01-27T22:25:08+01:00\",\"inLanguage\":\"es-ES\",\"mainEntityOfPage\":{\"@id\":\"https:\\\/\\\/www.eldigitaldeasturias.com\\\/noticias\\\/el-consejo-del-poder-judicial-controlara-los-viajes-en-espana-de-sus-vocales\\\/#webpage\"},\"isPartOf\":{\"@id\":\"https:\\\/\\\/www.eldigitaldeasturias.com\\\/noticias\\\/el-consejo-del-poder-judicial-controlara-los-viajes-en-espana-de-sus-vocales\\\/#webpage\"},\"articleSection\":\"Actualidad\"},{\"@type\":\"BreadcrumbList\",\"@id\":\"https:\\\/\\\/www.eldigitaldeasturias.com\\\/noticias\\\/el-consejo-del-poder-judicial-controlara-los-viajes-en-espana-de-sus-vocales\\\/#breadcrumblist\",\"itemListElement\":[{\"@type\":\"ListItem\",\"@id\":\"https:\\\/\\\/www.eldigitaldeasturias.com\\\/noticias#listItem\",\"position\":1,\"name\":\"Home\",\"item\":\"https:\\\/\\\/www.eldigitaldeasturias.com\\\/noticias\",\"nextItem\":{\"@type\":\"ListItem\",\"@id\":\"https:\\\/\\\/www.eldigitaldeasturias.com\\\/noticias\\\/category\\\/actualidad\\\/#listItem\",\"name\":\"Actualidad\"}},{\"@type\":\"ListItem\",\"@id\":\"https:\\\/\\\/www.eldigitaldeasturias.com\\\/noticias\\\/category\\\/actualidad\\\/#listItem\",\"position\":2,\"name\":\"Actualidad\",\"item\":\"https:\\\/\\\/www.eldigitaldeasturias.com\\\/noticias\\\/category\\\/actualidad\\\/\",\"nextItem\":{\"@type\":\"ListItem\",\"@id\":\"https:\\\/\\\/www.eldigitaldeasturias.com\\\/noticias\\\/el-consejo-del-poder-judicial-controlara-los-viajes-en-espana-de-sus-vocales\\\/#listItem\",\"name\":\"El Consejo del Poder Judicial controlar\\u00e1 los viajes en Espa\\u00f1a de sus vocales\"},\"previousItem\":{\"@type\":\"ListItem\",\"@id\":\"https:\\\/\\\/www.eldigitaldeasturias.com\\\/noticias#listItem\",\"name\":\"Home\"}},{\"@type\":\"ListItem\",\"@id\":\"https:\\\/\\\/www.eldigitaldeasturias.com\\\/noticias\\\/el-consejo-del-poder-judicial-controlara-los-viajes-en-espana-de-sus-vocales\\\/#listItem\",\"position\":3,\"name\":\"El Consejo del Poder Judicial controlar\\u00e1 los viajes en Espa\\u00f1a de sus vocales\",\"previousItem\":{\"@type\":\"ListItem\",\"@id\":\"https:\\\/\\\/www.eldigitaldeasturias.com\\\/noticias\\\/category\\\/actualidad\\\/#listItem\",\"name\":\"Actualidad\"}}]},{\"@type\":\"Organization\",\"@id\":\"https:\\\/\\\/www.eldigitaldeasturias.com\\\/noticias\\\/#organization\",\"name\":\"El Digital de Asturias\",\"description\":\"Hemeroteca\",\"url\":\"https:\\\/\\\/www.eldigitaldeasturias.com\\\/noticias\\\/\",\"email\":\"info@eldigitaldeasturias.com\",\"telephone\":\"+34652131393\",\"logo\":{\"@type\":\"ImageObject\",\"url\":\"https:\\\/\\\/www.eldigitaldeasturias.com\\\/noticias\\\/wp-content\\\/uploads\\\/2020\\\/12\\\/EDA.jpg\",\"@id\":\"https:\\\/\\\/www.eldigitaldeasturias.com\\\/noticias\\\/el-consejo-del-poder-judicial-controlara-los-viajes-en-espana-de-sus-vocales\\\/#organizationLogo\"},\"image\":{\"@id\":\"https:\\\/\\\/www.eldigitaldeasturias.com\\\/noticias\\\/el-consejo-del-poder-judicial-controlara-los-viajes-en-espana-de-sus-vocales\\\/#organizationLogo\"},\"sameAs\":[\"https:\\\/\\\/facebook.com\\\/eldigitaldeasturias\",\"https:\\\/\\\/www.youtube.com\\\/channel\\\/UCZP-2wLEB9Rv6erhFmqVnvg\"],\"address\":{\"@id\":\"https:\\\/\\\/www.eldigitaldeasturias.com\\\/noticias\\\/#postaladdress\",\"@type\":\"PostalAddress\",\"streetAddress\":\"san antonio 4\",\"postalCode\":\"33430\",\"addressLocality\":\"Cand\\u00e1s\",\"addressRegion\":\"Asturias\",\"addressCountry\":\"ES\"}},{\"@type\":\"Person\",\"@id\":\"https:\\\/\\\/www.eldigitaldeasturias.com\\\/noticias\\\/author\\\/admin\\\/#author\",\"url\":\"https:\\\/\\\/www.eldigitaldeasturias.com\\\/noticias\\\/author\\\/admin\\\/\",\"name\":\"El Digital de Asturias\",\"image\":{\"@type\":\"ImageObject\",\"@id\":\"https:\\\/\\\/www.eldigitaldeasturias.com\\\/noticias\\\/el-consejo-del-poder-judicial-controlara-los-viajes-en-espana-de-sus-vocales\\\/#authorImage\",\"url\":\"https:\\\/\\\/secure.gravatar.com\\\/avatar\\\/df2aeffc32bcd13f8d26072ef8a91b623d677766deac7f97ca815868cd41bf5e?s=96&d=mm&r=g\",\"width\":96,\"height\":96,\"caption\":\"El Digital de Asturias\"}},{\"@type\":\"WebPage\",\"@id\":\"https:\\\/\\\/www.eldigitaldeasturias.com\\\/noticias\\\/el-consejo-del-poder-judicial-controlara-los-viajes-en-espana-de-sus-vocales\\\/#webpage\",\"url\":\"https:\\\/\\\/www.eldigitaldeasturias.com\\\/noticias\\\/el-consejo-del-poder-judicial-controlara-los-viajes-en-espana-de-sus-vocales\\\/\",\"name\":\"El Consejo del Poder Judicial controlar\\u00e1 los viajes en Espa\\u00f1a de sus vocales - El Digital de Asturias\",\"description\":\"Madrid, 27 ene (EFE).- El Consejo General del Poder Judicial (CGPJ), el \\u00f3rgano de gobierno de los jueces, tiene previsto aprobar ma\\u00f1ana una nueva norma que obligar\\u00e1 a cualquiera de sus miembros, incluido el presidente, a someter a autorizaci\\u00f3n previa por parte de la Comisi\\u00f3n Permanente sus gastos de viajes desarrollados dentro de Espa\\u00f1a. La\",\"inLanguage\":\"es-ES\",\"isPartOf\":{\"@id\":\"https:\\\/\\\/www.eldigitaldeasturias.com\\\/noticias\\\/#website\"},\"breadcrumb\":{\"@id\":\"https:\\\/\\\/www.eldigitaldeasturias.com\\\/noticias\\\/el-consejo-del-poder-judicial-controlara-los-viajes-en-espana-de-sus-vocales\\\/#breadcrumblist\"},\"author\":{\"@id\":\"https:\\\/\\\/www.eldigitaldeasturias.com\\\/noticias\\\/author\\\/admin\\\/#author\"},\"creator\":{\"@id\":\"https:\\\/\\\/www.eldigitaldeasturias.com\\\/noticias\\\/author\\\/admin\\\/#author\"},\"image\":{\"@type\":\"ImageObject\",\"url\":\"https:\\\/\\\/www.eldigitaldeasturias.com\\\/noticias\\\/wp-content\\\/uploads\\\/2026\\\/06\\\/Contenidos.jpg\",\"@id\":\"https:\\\/\\\/www.eldigitaldeasturias.com\\\/noticias\\\/el-consejo-del-poder-judicial-controlara-los-viajes-en-espana-de-sus-vocales\\\/#mainImage\",\"width\":1265,\"height\":697,\"caption\":\"Contenidos\"},\"primaryImageOfPage\":{\"@id\":\"https:\\\/\\\/www.eldigitaldeasturias.com\\\/noticias\\\/el-consejo-del-poder-judicial-controlara-los-viajes-en-espana-de-sus-vocales\\\/#mainImage\"},\"datePublished\":\"2014-01-27T22:25:08+01:00\",\"dateModified\":\"2014-01-27T22:25:08+01:00\"},{\"@type\":\"WebSite\",\"@id\":\"https:\\\/\\\/www.eldigitaldeasturias.com\\\/noticias\\\/#website\",\"url\":\"https:\\\/\\\/www.eldigitaldeasturias.com\\\/noticias\\\/\",\"name\":\"El Digital de Asturias - Diario de actualidad y noticias\",\"alternateName\":\"El Digital de Asturias - Diario de actualidad y noticias\",\"description\":\"Hemeroteca\",\"inLanguage\":\"es-ES\",\"publisher\":{\"@id\":\"https:\\\/\\\/www.eldigitaldeasturias.com\\\/noticias\\\/#organization\"}}]}\n\t\t<\/script>\n\t\t<!-- All in One SEO Pro -->\r\n\t\t<title>El Consejo del Poder Judicial controlar\u00e1 los viajes en Espa\u00f1a de sus vocales - El Digital de Asturias<\/title>\n\n","aioseo_head_json":{"title":"El Consejo del Poder Judicial controlar\u00e1 los viajes en Espa\u00f1a de sus vocales - El Digital de Asturias","description":"Madrid, 27 ene (EFE).- El Consejo General del Poder Judicial (CGPJ), el \u00f3rgano de gobierno de los jueces, tiene previsto aprobar ma\u00f1ana una nueva norma que obligar\u00e1 a cualquiera de sus miembros, incluido el presidente, a someter a autorizaci\u00f3n previa por parte de la Comisi\u00f3n Permanente sus gastos de viajes desarrollados dentro de Espa\u00f1a. La","canonical_url":"https:\/\/www.eldigitaldeasturias.com\/noticias\/el-consejo-del-poder-judicial-controlara-los-viajes-en-espana-de-sus-vocales\/","robots":"max-image-preview:large","keywords":"actualidad","webmasterTools":{"google-site-verification":"UA-38556648-1","msvalidate.01":"7dfe9f3f1b24437ab69f4f2559babe99","miscellaneous":""},"schema":{"@context":"https:\/\/schema.org","@graph":[{"@type":"BlogPosting","@id":"https:\/\/www.eldigitaldeasturias.com\/noticias\/el-consejo-del-poder-judicial-controlara-los-viajes-en-espana-de-sus-vocales\/#blogposting","name":"El Consejo del Poder Judicial controlar\u00e1 los viajes en Espa\u00f1a de sus vocales - El Digital de Asturias","headline":"El Consejo del Poder Judicial controlar\u00e1 los viajes en Espa\u00f1a de sus vocales","author":{"@id":"https:\/\/www.eldigitaldeasturias.com\/noticias\/author\/admin\/#author"},"publisher":{"@id":"https:\/\/www.eldigitaldeasturias.com\/noticias\/#organization"},"image":{"@type":"ImageObject","url":"https:\/\/www.eldigitaldeasturias.com\/noticias\/wp-content\/uploads\/2026\/06\/Contenidos.jpg","width":1265,"height":697,"caption":"Contenidos"},"datePublished":"2014-01-27T22:25:08+01:00","dateModified":"2014-01-27T22:25:08+01:00","inLanguage":"es-ES","mainEntityOfPage":{"@id":"https:\/\/www.eldigitaldeasturias.com\/noticias\/el-consejo-del-poder-judicial-controlara-los-viajes-en-espana-de-sus-vocales\/#webpage"},"isPartOf":{"@id":"https:\/\/www.eldigitaldeasturias.com\/noticias\/el-consejo-del-poder-judicial-controlara-los-viajes-en-espana-de-sus-vocales\/#webpage"},"articleSection":"Actualidad"},{"@type":"BreadcrumbList","@id":"https:\/\/www.eldigitaldeasturias.com\/noticias\/el-consejo-del-poder-judicial-controlara-los-viajes-en-espana-de-sus-vocales\/#breadcrumblist","itemListElement":[{"@type":"ListItem","@id":"https:\/\/www.eldigitaldeasturias.com\/noticias#listItem","position":1,"name":"Home","item":"https:\/\/www.eldigitaldeasturias.com\/noticias","nextItem":{"@type":"ListItem","@id":"https:\/\/www.eldigitaldeasturias.com\/noticias\/category\/actualidad\/#listItem","name":"Actualidad"}},{"@type":"ListItem","@id":"https:\/\/www.eldigitaldeasturias.com\/noticias\/category\/actualidad\/#listItem","position":2,"name":"Actualidad","item":"https:\/\/www.eldigitaldeasturias.com\/noticias\/category\/actualidad\/","nextItem":{"@type":"ListItem","@id":"https:\/\/www.eldigitaldeasturias.com\/noticias\/el-consejo-del-poder-judicial-controlara-los-viajes-en-espana-de-sus-vocales\/#listItem","name":"El Consejo del Poder Judicial controlar\u00e1 los viajes en Espa\u00f1a de sus vocales"},"previousItem":{"@type":"ListItem","@id":"https:\/\/www.eldigitaldeasturias.com\/noticias#listItem","name":"Home"}},{"@type":"ListItem","@id":"https:\/\/www.eldigitaldeasturias.com\/noticias\/el-consejo-del-poder-judicial-controlara-los-viajes-en-espana-de-sus-vocales\/#listItem","position":3,"name":"El Consejo del Poder Judicial controlar\u00e1 los viajes en Espa\u00f1a de sus vocales","previousItem":{"@type":"ListItem","@id":"https:\/\/www.eldigitaldeasturias.com\/noticias\/category\/actualidad\/#listItem","name":"Actualidad"}}]},{"@type":"Organization","@id":"https:\/\/www.eldigitaldeasturias.com\/noticias\/#organization","name":"El Digital de Asturias","description":"Hemeroteca","url":"https:\/\/www.eldigitaldeasturias.com\/noticias\/","email":"info@eldigitaldeasturias.com","telephone":"+34652131393","logo":{"@type":"ImageObject","url":"https:\/\/www.eldigitaldeasturias.com\/noticias\/wp-content\/uploads\/2020\/12\/EDA.jpg","@id":"https:\/\/www.eldigitaldeasturias.com\/noticias\/el-consejo-del-poder-judicial-controlara-los-viajes-en-espana-de-sus-vocales\/#organizationLogo"},"image":{"@id":"https:\/\/www.eldigitaldeasturias.com\/noticias\/el-consejo-del-poder-judicial-controlara-los-viajes-en-espana-de-sus-vocales\/#organizationLogo"},"sameAs":["https:\/\/facebook.com\/eldigitaldeasturias","https:\/\/www.youtube.com\/channel\/UCZP-2wLEB9Rv6erhFmqVnvg"],"address":{"@id":"https:\/\/www.eldigitaldeasturias.com\/noticias\/#postaladdress","@type":"PostalAddress","streetAddress":"san antonio 4","postalCode":"33430","addressLocality":"Cand\u00e1s","addressRegion":"Asturias","addressCountry":"ES"}},{"@type":"Person","@id":"https:\/\/www.eldigitaldeasturias.com\/noticias\/author\/admin\/#author","url":"https:\/\/www.eldigitaldeasturias.com\/noticias\/author\/admin\/","name":"El Digital de Asturias","image":{"@type":"ImageObject","@id":"https:\/\/www.eldigitaldeasturias.com\/noticias\/el-consejo-del-poder-judicial-controlara-los-viajes-en-espana-de-sus-vocales\/#authorImage","url":"https:\/\/secure.gravatar.com\/avatar\/df2aeffc32bcd13f8d26072ef8a91b623d677766deac7f97ca815868cd41bf5e?s=96&d=mm&r=g","width":96,"height":96,"caption":"El Digital de Asturias"}},{"@type":"WebPage","@id":"https:\/\/www.eldigitaldeasturias.com\/noticias\/el-consejo-del-poder-judicial-controlara-los-viajes-en-espana-de-sus-vocales\/#webpage","url":"https:\/\/www.eldigitaldeasturias.com\/noticias\/el-consejo-del-poder-judicial-controlara-los-viajes-en-espana-de-sus-vocales\/","name":"El Consejo del Poder Judicial controlar\u00e1 los viajes en Espa\u00f1a de sus vocales - El Digital de Asturias","description":"Madrid, 27 ene (EFE).- El Consejo General del Poder Judicial (CGPJ), el \u00f3rgano de gobierno de los jueces, tiene previsto aprobar ma\u00f1ana una nueva norma que obligar\u00e1 a cualquiera de sus miembros, incluido el presidente, a someter a autorizaci\u00f3n previa por parte de la Comisi\u00f3n Permanente sus gastos de viajes desarrollados dentro de Espa\u00f1a. La","inLanguage":"es-ES","isPartOf":{"@id":"https:\/\/www.eldigitaldeasturias.com\/noticias\/#website"},"breadcrumb":{"@id":"https:\/\/www.eldigitaldeasturias.com\/noticias\/el-consejo-del-poder-judicial-controlara-los-viajes-en-espana-de-sus-vocales\/#breadcrumblist"},"author":{"@id":"https:\/\/www.eldigitaldeasturias.com\/noticias\/author\/admin\/#author"},"creator":{"@id":"https:\/\/www.eldigitaldeasturias.com\/noticias\/author\/admin\/#author"},"image":{"@type":"ImageObject","url":"https:\/\/www.eldigitaldeasturias.com\/noticias\/wp-content\/uploads\/2026\/06\/Contenidos.jpg","@id":"https:\/\/www.eldigitaldeasturias.com\/noticias\/el-consejo-del-poder-judicial-controlara-los-viajes-en-espana-de-sus-vocales\/#mainImage","width":1265,"height":697,"caption":"Contenidos"},"primaryImageOfPage":{"@id":"https:\/\/www.eldigitaldeasturias.com\/noticias\/el-consejo-del-poder-judicial-controlara-los-viajes-en-espana-de-sus-vocales\/#mainImage"},"datePublished":"2014-01-27T22:25:08+01:00","dateModified":"2014-01-27T22:25:08+01:00"},{"@type":"WebSite","@id":"https:\/\/www.eldigitaldeasturias.com\/noticias\/#website","url":"https:\/\/www.eldigitaldeasturias.com\/noticias\/","name":"El Digital de Asturias - Diario de actualidad y noticias","alternateName":"El Digital de Asturias - Diario de actualidad y noticias","description":"Hemeroteca","inLanguage":"es-ES","publisher":{"@id":"https:\/\/www.eldigitaldeasturias.com\/noticias\/#organization"}}]},"og:locale":"es_ES","og:site_name":"El Digital de Asturias","og:type":"article","og:title":"El Consejo del Poder Judicial controlar\u00e1 los viajes en Espa\u00f1a de sus vocales - El Digital de Asturias","og:description":"Madrid, 27 ene (EFE).- El Consejo General del Poder Judicial (CGPJ), el \u00f3rgano de gobierno de los jueces, tiene previsto aprobar ma\u00f1ana una nueva norma que obligar\u00e1 a cualquiera de sus miembros, incluido el presidente, a someter a autorizaci\u00f3n previa por parte de la Comisi\u00f3n Permanente sus gastos de viajes desarrollados dentro de Espa\u00f1a. La","og:url":"https:\/\/www.eldigitaldeasturias.com\/noticias\/el-consejo-del-poder-judicial-controlara-los-viajes-en-espana-de-sus-vocales\/","og:image":"https:\/\/www.eldigitaldeasturias.com\/noticias\/wp-content\/uploads\/2026\/06\/Contenidos.jpg","og:image:secure_url":"https:\/\/www.eldigitaldeasturias.com\/noticias\/wp-content\/uploads\/2026\/06\/Contenidos.jpg","og:image:width":1265,"og:image:height":697,"article:tag":["actualidad"],"article:published_time":"2014-01-27T23:25:08+00:00","article:modified_time":"2014-01-27T23:25:08+00:00","article:publisher":"https:\/\/facebook.com\/eldigitaldeasturias","twitter:card":"summary_large_image","twitter:title":"El Consejo del Poder Judicial controlar\u00e1 los viajes en Espa\u00f1a de sus vocales - El Digital de Asturias","twitter:description":"Madrid, 27 ene (EFE).- El Consejo General del Poder Judicial (CGPJ), el \u00f3rgano de gobierno de los jueces, tiene previsto aprobar ma\u00f1ana una nueva norma que obligar\u00e1 a cualquiera de sus miembros, incluido el presidente, a someter a autorizaci\u00f3n previa por parte de la Comisi\u00f3n Permanente sus gastos de viajes desarrollados dentro de Espa\u00f1a. La","twitter:image":"https:\/\/www.eldigitaldeasturias.com\/noticias\/wp-content\/uploads\/2026\/06\/Contenidos.jpg","twitter:label1":"Escrito por","twitter:data1":"El Digital de Asturias","twitter:label2":"Tiempo de lectura estimado","twitter:data2":"1 minuto"},"aioseo_meta_data":{"post_id":"479679","title":null,"description":null,"keywords":null,"keyphrases":null,"primary_term":null,"canonical_url":null,"og_title":null,"og_description":null,"og_object_type":"default","og_image_type":"default","og_image_url":null,"og_image_width":null,"og_image_height":null,"og_image_custom_url":null,"og_image_custom_fields":null,"og_video":null,"og_custom_url":null,"og_article_section":null,"og_article_tags":null,"twitter_use_og":true,"twitter_card":"default","twitter_image_type":"default","twitter_image_url":null,"twitter_image_custom_url":null,"twitter_image_custom_fields":null,"twitter_title":null,"twitter_description":null,"schema":{"blockGraphs":[],"customGraphs":[],"default":{"data":{"Article":[],"Course":[],"Dataset":[],"FAQPage":[],"Movie":[],"Person":[],"Product":[],"ProductReview":[],"Car":[],"Recipe":[],"Service":[],"SoftwareApplication":[],"WebPage":[]},"graphName":"","isEnabled":true},"graphs":[],"defaultGraph":"","defaultPostTypeGraph":""},"schema_type":null,"schema_type_options":null,"pillar_content":false,"robots_default":true,"robots_noindex":false,"robots_noarchive":false,"robots_nosnippet":false,"robots_nofollow":false,"robots_noimageindex":false,"robots_noodp":false,"robots_notranslate":false,"robots_max_snippet":null,"robots_max_videopreview":null,"robots_max_imagepreview":"none","priority":null,"frequency":null,"local_seo":null,"seo_analyzer_scan_date":"2026-06-02 01:16:03","breadcrumb_settings":null,"limit_modified_date":false,"open_ai":null,"ai":null,"created":"2020-11-14 22:54:05","updated":"2026-06-02 01:16:03","focus_keyword":null,"additional_keywords":null,"truseo_locale":null},"aioseo_breadcrumb":"<div class=\"aioseo-breadcrumbs\"><span class=\"aioseo-breadcrumb\">\n\t<a href=\"https:\/\/www.eldigitaldeasturias.com\/noticias\" title=\"Home\">Home<\/a>\n<\/span><span class=\"aioseo-breadcrumb-separator\">\u2013<\/span><span class=\"aioseo-breadcrumb\">\n\t<a href=\"https:\/\/www.eldigitaldeasturias.com\/noticias\/category\/actualidad\/\" title=\"Actualidad\">Actualidad<\/a>\n<\/span><span class=\"aioseo-breadcrumb-separator\">\u2013<\/span><span class=\"aioseo-breadcrumb\">\n\t<a href=\"https:\/\/www.eldigitaldeasturias.com\/noticias\/el-consejo-del-poder-judicial-controlara-los-viajes-en-espana-de-sus-vocales\/\" title=\"El Consejo del Poder Judicial controlar\u00e1 los viajes en Espa\u00f1a de sus vocales\">El Consejo del Poder Judicial controlar\u00e1 los viajes en Espa\u00f1a de sus vocales<\/a>\n<\/span><\/div>","aioseo_breadcrumb_json":[{"label":"Home","link":"https:\/\/www.eldigitaldeasturias.com\/noticias"},{"label":"Actualidad","link":"https:\/\/www.eldigitaldeasturias.com\/noticias\/category\/actualidad\/"},{"label":"El Consejo del Poder Judicial controlar\u00e1 los viajes en Espa\u00f1a de sus vocales","link":"https:\/\/www.eldigitaldeasturias.com\/noticias\/el-consejo-del-poder-judicial-controlara-los-viajes-en-espana-de-sus-vocales\/"}],"_links":{"self":[{"href":"https:\/\/www.eldigitaldeasturias.com\/noticias\/wp-json\/wp\/v2\/posts\/479679","targetHints":{"allow":["GET"]}}],"collection":[{"href":"https:\/\/www.eldigitaldeasturias.com\/noticias\/wp-json\/wp\/v2\/posts"}],"about":[{"href":"https:\/\/www.eldigitaldeasturias.com\/noticias\/wp-json\/wp\/v2\/types\/post"}],"author":[{"embeddable":true,"href":"https:\/\/www.eldigitaldeasturias.com\/noticias\/wp-json\/wp\/v2\/users\/1"}],"replies":[{"embeddable":true,"href":"https:\/\/www.eldigitaldeasturias.com\/noticias\/wp-json\/wp\/v2\/comments?post=479679"}],"version-history":[{"count":0,"href":"https:\/\/www.eldigitaldeasturias.com\/noticias\/wp-json\/wp\/v2\/posts\/479679\/revisions"}],"wp:featuredmedia":[{"embeddable":true,"href":"https:\/\/www.eldigitaldeasturias.com\/noticias\/wp-json\/wp\/v2\/media\/1132184"}],"wp:attachment":[{"href":"https:\/\/www.eldigitaldeasturias.com\/noticias\/wp-json\/wp\/v2\/media?parent=479679"}],"wp:term":[{"taxonomy":"category","embeddable":true,"href":"https:\/\/www.eldigitaldeasturias.com\/noticias\/wp-json\/wp\/v2\/categories?post=479679"},{"taxonomy":"post_tag","embeddable":true,"href":"https:\/\/www.eldigitaldeasturias.com\/noticias\/wp-json\/wp\/v2\/tags?post=479679"}],"curies":[{"name":"wp","href":"https:\/\/api.w.org\/{rel}","templated":true}]}}