{"id":479655,"date":"2014-01-27T22:11:20","date_gmt":"2014-01-27T23:11:20","guid":{"rendered":"http:\/\/www.eldigitaldeasturias.com\/noticias\/?p=479655"},"modified":"2014-01-27T22:11:20","modified_gmt":"2014-01-27T23:11:20","slug":"el-parlament-volvera-a-citar-a-de-guindos-y-a-otros-comparecientes","status":"publish","type":"post","link":"https:\/\/www.eldigitaldeasturias.com\/noticias\/el-parlament-volvera-a-citar-a-de-guindos-y-a-otros-comparecientes\/","title":{"rendered":"El Parlament volver\u00e1 a citar a De Guindos y a otros comparecientes"},"content":{"rendered":"<p><img loading=\"lazy\" decoding=\"async\" class=\"alignleft size-medium wp-image-479656\" alt=\"5879075w\" src=\"https:\/\/www.eldigitaldeasturias.com\/noticias\/wp-content\/uploads\/2014\/01\/5879075w-360x234.jpg\" width=\"360\" height=\"234\" \/>Barcelona, 27 ene (EFE).- El Parlament volver\u00e1 a convocar a los 11 responsables o exresponsables econ\u00f3micos que han declinado comparecer ante la comisi\u00f3n que investiga la quiebra de las cajas record\u00e1ndoles que es su obligaci\u00f3n, entre ellos al ministro de Econom\u00eda, Luis de Guindos.<\/p>\n<p>El Parlament hab\u00eda citado para la sesi\u00f3n de hoy, 27 de enero, a un total de trece comparecientes, aunque de \u00e9stos solamente uno, el expresidente de la CNMV Julio Segura, ha aceptado dar explicaciones ese d\u00eda en la C\u00e1mara catalana.<\/p>\n<p>El resto ha eludido responder a la convocatoria o bien ha comunicado formalmente a los diputados catalanes que no comparecer\u00e1n en el Parlament, con la excepci\u00f3n de la presidenta del banco malo o Sareb, Bel\u00e9n Romana, que ha aplazado su intervenci\u00f3n hasta el 3 de febrero, y de De Guindos, que ha pedido dar explicaciones ante el pleno del Parlament .<\/p>\n<p>Tras debatir sobre los pasos que dar a partir de ahora, la comisi\u00f3n de investigaci\u00f3n de la banca ha decidido, en una reuni\u00f3n a puerta cerrada, insistir en su petici\u00f3n de convocatoria de comparecencia a las once personas que estaban citadas, decisi\u00f3n que se ha tomado con el voto a favor de todos los grupos, excepto el PP.<\/p>\n<p>El Partido Popular considera que debe darse como bueno el argumento utilizado por algunos de los convocados para no venir al Parlament, que recuerdan que existe un dictamen del Consejo de Estado que les exonera de esta responsabilidad, seg\u00fan ha explicado la diputada popular Dolors Montserrat.<\/p>\n<p>Ahora le corresponder\u00e1 a la Mesa del Parlament volver a enviar otra carta a los convocados record\u00e1ndoles que el reglamento de la c\u00e1mara catalana les obliga a comparecer.<\/p>\n<p>El reglamento asegura, en su art\u00edculo 59, que si una persona que ha sido citada desatiende esta petici\u00f3n, la Mesa del Parlament \u00abdebe dar cuenta al Ministerio Fiscal, a los efectos de sustanciar la responsabilidad penal que pueda corresponder\u00bb.<\/p>\n<p>En declaraciones a los periodistas, Dolors Montserrat ha considerado \u00abinjustificado\u00bb el recurso al Ministerio Fiscal.<\/p>\n<p>El ministro de Econom\u00eda, Luis de Guindos; los exministros Elena Salgado y Pedro Solbes; el secretario de Estado de Econom\u00eda y Apoyo a la Empresa, Fernando Jim\u00e9nez; el ex secretario de Estado de Econom\u00eda Jos\u00e9 Manuel Campa; el gobernador del Banco de Espa\u00f1a, Luis Mar\u00eda Linde, o los el exgobernadores Miguel \u00c1ngel Fern\u00e1ndez Ord\u00f3\u00f1ez y Jaime Caruana son algunos de los responsables o antiguos responsables econ\u00f3micos que hab\u00edan sido citados a comparecer en el Parlament y que no lo han hecho.<\/p>\n<p>Tambi\u00e9n hab\u00edan sido convocados el director general de Supervisi\u00f3n del Banco de Espa\u00f1a, Jer\u00f3nimo Mart\u00ednez; el subgobernador del Banco de Espa\u00f1a y presidente de la comisi\u00f3n gestora del Fondo de Reestructuraci\u00f3n Ordenada Bancaria (FROB), Fernando Restoy, y la actual presidenta de la Comisi\u00f3n Nacional del Mercado de Valores, Mar\u00eda Elvira Rodr\u00edguez.<\/p>\n<p>El ministro De Guindos anunci\u00f3 por carta que no asistir\u00eda a esta comisi\u00f3n de investigaci\u00f3n porque por su cargo no tiene ninguna obligaci\u00f3n legal de comparecer en ella.<\/p>\n<p>El titular de Econom\u00eda, no obstante, mostr\u00f3 su disposici\u00f3n a comparecer voluntariamente en el Parlament para hablar de la reestructuraci\u00f3n financiera, la uni\u00f3n bancaria y la recuperaci\u00f3n econ\u00f3mica en otra fecha.<\/p>\n","protected":false},"excerpt":{"rendered":"<p>Barcelona, 27 ene (EFE).- El Parlament volver\u00e1 a convocar a los 11 responsables o exresponsables econ\u00f3micos que han declinado comparecer ante la comisi\u00f3n que investiga la quiebra de las cajas record\u00e1ndoles que es su obligaci\u00f3n, entre ellos al ministro de Econom\u00eda, Luis de Guindos. El Parlament hab\u00eda citado para la sesi\u00f3n de hoy, 27 de [&hellip;]<\/p>\n","protected":false},"author":1,"featured_media":1132184,"comment_status":"closed","ping_status":"open","sticky":false,"template":"","format":"standard","meta":{"footnotes":""},"categories":[1],"tags":[],"class_list":["post-479655","post","type-post","status-publish","format-standard","has-post-thumbnail","hentry","category-actualidad"],"aioseo_notices":[],"aioseo_head":"\n\t\t<!-- All in One SEO Pro 5.0.1 - aioseo.com -->\n\t<meta name=\"description\" content=\"Barcelona, 27 ene (EFE).- El Parlament volver\u00e1 a convocar a los 11 responsables o exresponsables econ\u00f3micos que han declinado comparecer ante la comisi\u00f3n que investiga la quiebra de las cajas record\u00e1ndoles que es su obligaci\u00f3n, entre ellos al ministro de Econom\u00eda, Luis de Guindos. El Parlament hab\u00eda citado para la sesi\u00f3n de hoy, 27 de\" \/>\n\t<meta name=\"robots\" content=\"max-image-preview:large\" \/>\n\t<meta name=\"author\" content=\"El Digital de Asturias\"\/>\n\t<meta name=\"google-site-verification\" content=\"UA-38556648-1\" \/>\n\t<meta name=\"msvalidate.01\" content=\"7dfe9f3f1b24437ab69f4f2559babe99\" \/>\n\t<meta name=\"keywords\" content=\"actualidad\" \/>\n\t<link rel=\"canonical\" href=\"https:\/\/www.eldigitaldeasturias.com\/noticias\/el-parlament-volvera-a-citar-a-de-guindos-y-a-otros-comparecientes\/\" \/>\n\t<meta name=\"generator\" content=\"All in One SEO Pro (AIOSEO) 5.0.1\" \/>\n\t\t<meta property=\"og:locale\" content=\"es_ES\" \/>\n\t\t<meta property=\"og:site_name\" content=\"El Digital de Asturias\" \/>\n\t\t<meta property=\"og:type\" content=\"article\" \/>\n\t\t<meta property=\"og:title\" content=\"El Parlament volver\u00e1 a citar a De Guindos y a otros comparecientes - El Digital de Asturias\" \/>\n\t\t<meta property=\"og:description\" content=\"Barcelona, 27 ene (EFE).- El Parlament volver\u00e1 a convocar a los 11 responsables o exresponsables econ\u00f3micos que han declinado comparecer ante la comisi\u00f3n que investiga la quiebra de las cajas record\u00e1ndoles que es su obligaci\u00f3n, entre ellos al ministro de Econom\u00eda, Luis de Guindos. El Parlament hab\u00eda citado para la sesi\u00f3n de hoy, 27 de\" \/>\n\t\t<meta property=\"og:url\" content=\"https:\/\/www.eldigitaldeasturias.com\/noticias\/el-parlament-volvera-a-citar-a-de-guindos-y-a-otros-comparecientes\/\" \/>\n\t\t<meta property=\"og:image\" content=\"https:\/\/www.eldigitaldeasturias.com\/noticias\/wp-content\/uploads\/2026\/06\/Contenidos.jpg\" \/>\n\t\t<meta property=\"og:image:secure_url\" content=\"https:\/\/www.eldigitaldeasturias.com\/noticias\/wp-content\/uploads\/2026\/06\/Contenidos.jpg\" \/>\n\t\t<meta property=\"og:image:width\" content=\"1265\" \/>\n\t\t<meta property=\"og:image:height\" content=\"697\" \/>\n\t\t<meta property=\"article:tag\" content=\"actualidad\" \/>\n\t\t<meta property=\"article:published_time\" content=\"2014-01-27T23:11:20+00:00\" \/>\n\t\t<meta property=\"article:modified_time\" content=\"2014-01-27T23:11:20+00:00\" \/>\n\t\t<meta property=\"article:publisher\" content=\"https:\/\/facebook.com\/eldigitaldeasturias\" \/>\n\t\t<meta name=\"twitter:card\" content=\"summary_large_image\" \/>\n\t\t<meta name=\"twitter:title\" content=\"El Parlament volver\u00e1 a citar a De Guindos y a otros comparecientes - El Digital de Asturias\" \/>\n\t\t<meta name=\"twitter:description\" content=\"Barcelona, 27 ene (EFE).- El Parlament volver\u00e1 a convocar a los 11 responsables o exresponsables econ\u00f3micos que han declinado comparecer ante la comisi\u00f3n que investiga la quiebra de las cajas record\u00e1ndoles que es su obligaci\u00f3n, entre ellos al ministro de Econom\u00eda, Luis de Guindos. El Parlament hab\u00eda citado para la sesi\u00f3n de hoy, 27 de\" \/>\n\t\t<meta name=\"twitter:image\" content=\"https:\/\/www.eldigitaldeasturias.com\/noticias\/wp-content\/uploads\/2026\/06\/Contenidos.jpg\" \/>\n\t\t<meta name=\"twitter:label1\" content=\"Escrito por\" \/>\n\t\t<meta name=\"twitter:data1\" content=\"El Digital de Asturias\" \/>\n\t\t<meta name=\"twitter:label2\" content=\"Tiempo de lectura estimado\" \/>\n\t\t<meta name=\"twitter:data2\" content=\"3 minutos\" \/>\n\t\t<script type=\"application\/ld+json\" class=\"aioseo-schema\">\n\t\t\t{\"@context\":\"https:\\\/\\\/schema.org\",\"@graph\":[{\"@type\":\"BlogPosting\",\"@id\":\"https:\\\/\\\/www.eldigitaldeasturias.com\\\/noticias\\\/el-parlament-volvera-a-citar-a-de-guindos-y-a-otros-comparecientes\\\/#blogposting\",\"name\":\"El Parlament volver\\u00e1 a citar a De Guindos y a otros comparecientes - El Digital de Asturias\",\"headline\":\"El Parlament volver\\u00e1 a citar a De Guindos y a otros comparecientes\",\"author\":{\"@id\":\"https:\\\/\\\/www.eldigitaldeasturias.com\\\/noticias\\\/author\\\/admin\\\/#author\"},\"publisher\":{\"@id\":\"https:\\\/\\\/www.eldigitaldeasturias.com\\\/noticias\\\/#organization\"},\"image\":{\"@type\":\"ImageObject\",\"url\":\"https:\\\/\\\/www.eldigitaldeasturias.com\\\/noticias\\\/wp-content\\\/uploads\\\/2026\\\/06\\\/Contenidos.jpg\",\"width\":1265,\"height\":697,\"caption\":\"Contenidos\"},\"datePublished\":\"2014-01-27T22:11:20+01:00\",\"dateModified\":\"2014-01-27T22:11:20+01:00\",\"inLanguage\":\"es-ES\",\"mainEntityOfPage\":{\"@id\":\"https:\\\/\\\/www.eldigitaldeasturias.com\\\/noticias\\\/el-parlament-volvera-a-citar-a-de-guindos-y-a-otros-comparecientes\\\/#webpage\"},\"isPartOf\":{\"@id\":\"https:\\\/\\\/www.eldigitaldeasturias.com\\\/noticias\\\/el-parlament-volvera-a-citar-a-de-guindos-y-a-otros-comparecientes\\\/#webpage\"},\"articleSection\":\"Actualidad\"},{\"@type\":\"BreadcrumbList\",\"@id\":\"https:\\\/\\\/www.eldigitaldeasturias.com\\\/noticias\\\/el-parlament-volvera-a-citar-a-de-guindos-y-a-otros-comparecientes\\\/#breadcrumblist\",\"itemListElement\":[{\"@type\":\"ListItem\",\"@id\":\"https:\\\/\\\/www.eldigitaldeasturias.com\\\/noticias#listItem\",\"position\":1,\"name\":\"Home\",\"item\":\"https:\\\/\\\/www.eldigitaldeasturias.com\\\/noticias\",\"nextItem\":{\"@type\":\"ListItem\",\"@id\":\"https:\\\/\\\/www.eldigitaldeasturias.com\\\/noticias\\\/category\\\/actualidad\\\/#listItem\",\"name\":\"Actualidad\"}},{\"@type\":\"ListItem\",\"@id\":\"https:\\\/\\\/www.eldigitaldeasturias.com\\\/noticias\\\/category\\\/actualidad\\\/#listItem\",\"position\":2,\"name\":\"Actualidad\",\"item\":\"https:\\\/\\\/www.eldigitaldeasturias.com\\\/noticias\\\/category\\\/actualidad\\\/\",\"nextItem\":{\"@type\":\"ListItem\",\"@id\":\"https:\\\/\\\/www.eldigitaldeasturias.com\\\/noticias\\\/el-parlament-volvera-a-citar-a-de-guindos-y-a-otros-comparecientes\\\/#listItem\",\"name\":\"El Parlament volver\\u00e1 a citar a De Guindos y a otros comparecientes\"},\"previousItem\":{\"@type\":\"ListItem\",\"@id\":\"https:\\\/\\\/www.eldigitaldeasturias.com\\\/noticias#listItem\",\"name\":\"Home\"}},{\"@type\":\"ListItem\",\"@id\":\"https:\\\/\\\/www.eldigitaldeasturias.com\\\/noticias\\\/el-parlament-volvera-a-citar-a-de-guindos-y-a-otros-comparecientes\\\/#listItem\",\"position\":3,\"name\":\"El Parlament volver\\u00e1 a citar a De Guindos y a otros comparecientes\",\"previousItem\":{\"@type\":\"ListItem\",\"@id\":\"https:\\\/\\\/www.eldigitaldeasturias.com\\\/noticias\\\/category\\\/actualidad\\\/#listItem\",\"name\":\"Actualidad\"}}]},{\"@type\":\"Organization\",\"@id\":\"https:\\\/\\\/www.eldigitaldeasturias.com\\\/noticias\\\/#organization\",\"name\":\"El Digital de Asturias\",\"description\":\"Hemeroteca\",\"url\":\"https:\\\/\\\/www.eldigitaldeasturias.com\\\/noticias\\\/\",\"email\":\"info@eldigitaldeasturias.com\",\"telephone\":\"+34652131393\",\"logo\":{\"@type\":\"ImageObject\",\"url\":\"https:\\\/\\\/www.eldigitaldeasturias.com\\\/noticias\\\/wp-content\\\/uploads\\\/2020\\\/12\\\/EDA.jpg\",\"@id\":\"https:\\\/\\\/www.eldigitaldeasturias.com\\\/noticias\\\/el-parlament-volvera-a-citar-a-de-guindos-y-a-otros-comparecientes\\\/#organizationLogo\"},\"image\":{\"@id\":\"https:\\\/\\\/www.eldigitaldeasturias.com\\\/noticias\\\/el-parlament-volvera-a-citar-a-de-guindos-y-a-otros-comparecientes\\\/#organizationLogo\"},\"sameAs\":[\"https:\\\/\\\/facebook.com\\\/eldigitaldeasturias\",\"https:\\\/\\\/www.youtube.com\\\/channel\\\/UCZP-2wLEB9Rv6erhFmqVnvg\"],\"address\":{\"@id\":\"https:\\\/\\\/www.eldigitaldeasturias.com\\\/noticias\\\/#postaladdress\",\"@type\":\"PostalAddress\",\"streetAddress\":\"san antonio 4\",\"postalCode\":\"33430\",\"addressLocality\":\"Cand\\u00e1s\",\"addressRegion\":\"Asturias\",\"addressCountry\":\"ES\"}},{\"@type\":\"Person\",\"@id\":\"https:\\\/\\\/www.eldigitaldeasturias.com\\\/noticias\\\/author\\\/admin\\\/#author\",\"url\":\"https:\\\/\\\/www.eldigitaldeasturias.com\\\/noticias\\\/author\\\/admin\\\/\",\"name\":\"El Digital de Asturias\",\"image\":{\"@type\":\"ImageObject\",\"@id\":\"https:\\\/\\\/www.eldigitaldeasturias.com\\\/noticias\\\/el-parlament-volvera-a-citar-a-de-guindos-y-a-otros-comparecientes\\\/#authorImage\",\"url\":\"https:\\\/\\\/secure.gravatar.com\\\/avatar\\\/df2aeffc32bcd13f8d26072ef8a91b623d677766deac7f97ca815868cd41bf5e?s=96&d=mm&r=g\",\"width\":96,\"height\":96,\"caption\":\"El Digital de Asturias\"}},{\"@type\":\"WebPage\",\"@id\":\"https:\\\/\\\/www.eldigitaldeasturias.com\\\/noticias\\\/el-parlament-volvera-a-citar-a-de-guindos-y-a-otros-comparecientes\\\/#webpage\",\"url\":\"https:\\\/\\\/www.eldigitaldeasturias.com\\\/noticias\\\/el-parlament-volvera-a-citar-a-de-guindos-y-a-otros-comparecientes\\\/\",\"name\":\"El Parlament volver\\u00e1 a citar a De Guindos y a otros comparecientes - El Digital de Asturias\",\"description\":\"Barcelona, 27 ene (EFE).- El Parlament volver\\u00e1 a convocar a los 11 responsables o exresponsables econ\\u00f3micos que han declinado comparecer ante la comisi\\u00f3n que investiga la quiebra de las cajas record\\u00e1ndoles que es su obligaci\\u00f3n, entre ellos al ministro de Econom\\u00eda, Luis de Guindos. El Parlament hab\\u00eda citado para la sesi\\u00f3n de hoy, 27 de\",\"inLanguage\":\"es-ES\",\"isPartOf\":{\"@id\":\"https:\\\/\\\/www.eldigitaldeasturias.com\\\/noticias\\\/#website\"},\"breadcrumb\":{\"@id\":\"https:\\\/\\\/www.eldigitaldeasturias.com\\\/noticias\\\/el-parlament-volvera-a-citar-a-de-guindos-y-a-otros-comparecientes\\\/#breadcrumblist\"},\"author\":{\"@id\":\"https:\\\/\\\/www.eldigitaldeasturias.com\\\/noticias\\\/author\\\/admin\\\/#author\"},\"creator\":{\"@id\":\"https:\\\/\\\/www.eldigitaldeasturias.com\\\/noticias\\\/author\\\/admin\\\/#author\"},\"image\":{\"@type\":\"ImageObject\",\"url\":\"https:\\\/\\\/www.eldigitaldeasturias.com\\\/noticias\\\/wp-content\\\/uploads\\\/2026\\\/06\\\/Contenidos.jpg\",\"@id\":\"https:\\\/\\\/www.eldigitaldeasturias.com\\\/noticias\\\/el-parlament-volvera-a-citar-a-de-guindos-y-a-otros-comparecientes\\\/#mainImage\",\"width\":1265,\"height\":697,\"caption\":\"Contenidos\"},\"primaryImageOfPage\":{\"@id\":\"https:\\\/\\\/www.eldigitaldeasturias.com\\\/noticias\\\/el-parlament-volvera-a-citar-a-de-guindos-y-a-otros-comparecientes\\\/#mainImage\"},\"datePublished\":\"2014-01-27T22:11:20+01:00\",\"dateModified\":\"2014-01-27T22:11:20+01:00\"},{\"@type\":\"WebSite\",\"@id\":\"https:\\\/\\\/www.eldigitaldeasturias.com\\\/noticias\\\/#website\",\"url\":\"https:\\\/\\\/www.eldigitaldeasturias.com\\\/noticias\\\/\",\"name\":\"El Digital de Asturias - Diario de actualidad y noticias\",\"alternateName\":\"El Digital de Asturias - Diario de actualidad y noticias\",\"description\":\"Hemeroteca\",\"inLanguage\":\"es-ES\",\"publisher\":{\"@id\":\"https:\\\/\\\/www.eldigitaldeasturias.com\\\/noticias\\\/#organization\"}}]}\n\t\t<\/script>\n\t\t<!-- All in One SEO Pro -->\r\n\t\t<title>El Parlament volver\u00e1 a citar a De Guindos y a otros comparecientes - El Digital de Asturias<\/title>\n\n","aioseo_head_json":{"title":"El Parlament volver\u00e1 a citar a De Guindos y a otros comparecientes - El Digital de Asturias","description":"Barcelona, 27 ene (EFE).- El Parlament volver\u00e1 a convocar a los 11 responsables o exresponsables econ\u00f3micos que han declinado comparecer ante la comisi\u00f3n que investiga la quiebra de las cajas record\u00e1ndoles que es su obligaci\u00f3n, entre ellos al ministro de Econom\u00eda, Luis de Guindos. El Parlament hab\u00eda citado para la sesi\u00f3n de hoy, 27 de","canonical_url":"https:\/\/www.eldigitaldeasturias.com\/noticias\/el-parlament-volvera-a-citar-a-de-guindos-y-a-otros-comparecientes\/","robots":"max-image-preview:large","keywords":"actualidad","webmasterTools":{"google-site-verification":"UA-38556648-1","msvalidate.01":"7dfe9f3f1b24437ab69f4f2559babe99","miscellaneous":""},"schema":{"@context":"https:\/\/schema.org","@graph":[{"@type":"BlogPosting","@id":"https:\/\/www.eldigitaldeasturias.com\/noticias\/el-parlament-volvera-a-citar-a-de-guindos-y-a-otros-comparecientes\/#blogposting","name":"El Parlament volver\u00e1 a citar a De Guindos y a otros comparecientes - El Digital de Asturias","headline":"El Parlament volver\u00e1 a citar a De Guindos y a otros comparecientes","author":{"@id":"https:\/\/www.eldigitaldeasturias.com\/noticias\/author\/admin\/#author"},"publisher":{"@id":"https:\/\/www.eldigitaldeasturias.com\/noticias\/#organization"},"image":{"@type":"ImageObject","url":"https:\/\/www.eldigitaldeasturias.com\/noticias\/wp-content\/uploads\/2026\/06\/Contenidos.jpg","width":1265,"height":697,"caption":"Contenidos"},"datePublished":"2014-01-27T22:11:20+01:00","dateModified":"2014-01-27T22:11:20+01:00","inLanguage":"es-ES","mainEntityOfPage":{"@id":"https:\/\/www.eldigitaldeasturias.com\/noticias\/el-parlament-volvera-a-citar-a-de-guindos-y-a-otros-comparecientes\/#webpage"},"isPartOf":{"@id":"https:\/\/www.eldigitaldeasturias.com\/noticias\/el-parlament-volvera-a-citar-a-de-guindos-y-a-otros-comparecientes\/#webpage"},"articleSection":"Actualidad"},{"@type":"BreadcrumbList","@id":"https:\/\/www.eldigitaldeasturias.com\/noticias\/el-parlament-volvera-a-citar-a-de-guindos-y-a-otros-comparecientes\/#breadcrumblist","itemListElement":[{"@type":"ListItem","@id":"https:\/\/www.eldigitaldeasturias.com\/noticias#listItem","position":1,"name":"Home","item":"https:\/\/www.eldigitaldeasturias.com\/noticias","nextItem":{"@type":"ListItem","@id":"https:\/\/www.eldigitaldeasturias.com\/noticias\/category\/actualidad\/#listItem","name":"Actualidad"}},{"@type":"ListItem","@id":"https:\/\/www.eldigitaldeasturias.com\/noticias\/category\/actualidad\/#listItem","position":2,"name":"Actualidad","item":"https:\/\/www.eldigitaldeasturias.com\/noticias\/category\/actualidad\/","nextItem":{"@type":"ListItem","@id":"https:\/\/www.eldigitaldeasturias.com\/noticias\/el-parlament-volvera-a-citar-a-de-guindos-y-a-otros-comparecientes\/#listItem","name":"El Parlament volver\u00e1 a citar a De Guindos y a otros comparecientes"},"previousItem":{"@type":"ListItem","@id":"https:\/\/www.eldigitaldeasturias.com\/noticias#listItem","name":"Home"}},{"@type":"ListItem","@id":"https:\/\/www.eldigitaldeasturias.com\/noticias\/el-parlament-volvera-a-citar-a-de-guindos-y-a-otros-comparecientes\/#listItem","position":3,"name":"El Parlament volver\u00e1 a citar a De Guindos y a otros comparecientes","previousItem":{"@type":"ListItem","@id":"https:\/\/www.eldigitaldeasturias.com\/noticias\/category\/actualidad\/#listItem","name":"Actualidad"}}]},{"@type":"Organization","@id":"https:\/\/www.eldigitaldeasturias.com\/noticias\/#organization","name":"El Digital de Asturias","description":"Hemeroteca","url":"https:\/\/www.eldigitaldeasturias.com\/noticias\/","email":"info@eldigitaldeasturias.com","telephone":"+34652131393","logo":{"@type":"ImageObject","url":"https:\/\/www.eldigitaldeasturias.com\/noticias\/wp-content\/uploads\/2020\/12\/EDA.jpg","@id":"https:\/\/www.eldigitaldeasturias.com\/noticias\/el-parlament-volvera-a-citar-a-de-guindos-y-a-otros-comparecientes\/#organizationLogo"},"image":{"@id":"https:\/\/www.eldigitaldeasturias.com\/noticias\/el-parlament-volvera-a-citar-a-de-guindos-y-a-otros-comparecientes\/#organizationLogo"},"sameAs":["https:\/\/facebook.com\/eldigitaldeasturias","https:\/\/www.youtube.com\/channel\/UCZP-2wLEB9Rv6erhFmqVnvg"],"address":{"@id":"https:\/\/www.eldigitaldeasturias.com\/noticias\/#postaladdress","@type":"PostalAddress","streetAddress":"san antonio 4","postalCode":"33430","addressLocality":"Cand\u00e1s","addressRegion":"Asturias","addressCountry":"ES"}},{"@type":"Person","@id":"https:\/\/www.eldigitaldeasturias.com\/noticias\/author\/admin\/#author","url":"https:\/\/www.eldigitaldeasturias.com\/noticias\/author\/admin\/","name":"El Digital de Asturias","image":{"@type":"ImageObject","@id":"https:\/\/www.eldigitaldeasturias.com\/noticias\/el-parlament-volvera-a-citar-a-de-guindos-y-a-otros-comparecientes\/#authorImage","url":"https:\/\/secure.gravatar.com\/avatar\/df2aeffc32bcd13f8d26072ef8a91b623d677766deac7f97ca815868cd41bf5e?s=96&d=mm&r=g","width":96,"height":96,"caption":"El Digital de Asturias"}},{"@type":"WebPage","@id":"https:\/\/www.eldigitaldeasturias.com\/noticias\/el-parlament-volvera-a-citar-a-de-guindos-y-a-otros-comparecientes\/#webpage","url":"https:\/\/www.eldigitaldeasturias.com\/noticias\/el-parlament-volvera-a-citar-a-de-guindos-y-a-otros-comparecientes\/","name":"El Parlament volver\u00e1 a citar a De Guindos y a otros comparecientes - El Digital de Asturias","description":"Barcelona, 27 ene (EFE).- El Parlament volver\u00e1 a convocar a los 11 responsables o exresponsables econ\u00f3micos que han declinado comparecer ante la comisi\u00f3n que investiga la quiebra de las cajas record\u00e1ndoles que es su obligaci\u00f3n, entre ellos al ministro de Econom\u00eda, Luis de Guindos. El Parlament hab\u00eda citado para la sesi\u00f3n de hoy, 27 de","inLanguage":"es-ES","isPartOf":{"@id":"https:\/\/www.eldigitaldeasturias.com\/noticias\/#website"},"breadcrumb":{"@id":"https:\/\/www.eldigitaldeasturias.com\/noticias\/el-parlament-volvera-a-citar-a-de-guindos-y-a-otros-comparecientes\/#breadcrumblist"},"author":{"@id":"https:\/\/www.eldigitaldeasturias.com\/noticias\/author\/admin\/#author"},"creator":{"@id":"https:\/\/www.eldigitaldeasturias.com\/noticias\/author\/admin\/#author"},"image":{"@type":"ImageObject","url":"https:\/\/www.eldigitaldeasturias.com\/noticias\/wp-content\/uploads\/2026\/06\/Contenidos.jpg","@id":"https:\/\/www.eldigitaldeasturias.com\/noticias\/el-parlament-volvera-a-citar-a-de-guindos-y-a-otros-comparecientes\/#mainImage","width":1265,"height":697,"caption":"Contenidos"},"primaryImageOfPage":{"@id":"https:\/\/www.eldigitaldeasturias.com\/noticias\/el-parlament-volvera-a-citar-a-de-guindos-y-a-otros-comparecientes\/#mainImage"},"datePublished":"2014-01-27T22:11:20+01:00","dateModified":"2014-01-27T22:11:20+01:00"},{"@type":"WebSite","@id":"https:\/\/www.eldigitaldeasturias.com\/noticias\/#website","url":"https:\/\/www.eldigitaldeasturias.com\/noticias\/","name":"El Digital de Asturias - Diario de actualidad y noticias","alternateName":"El Digital de Asturias - Diario de actualidad y noticias","description":"Hemeroteca","inLanguage":"es-ES","publisher":{"@id":"https:\/\/www.eldigitaldeasturias.com\/noticias\/#organization"}}]},"og:locale":"es_ES","og:site_name":"El Digital de Asturias","og:type":"article","og:title":"El Parlament volver\u00e1 a citar a De Guindos y a otros comparecientes - El Digital de Asturias","og:description":"Barcelona, 27 ene (EFE).- El Parlament volver\u00e1 a convocar a los 11 responsables o exresponsables econ\u00f3micos que han declinado comparecer ante la comisi\u00f3n que investiga la quiebra de las cajas record\u00e1ndoles que es su obligaci\u00f3n, entre ellos al ministro de Econom\u00eda, Luis de Guindos. El Parlament hab\u00eda citado para la sesi\u00f3n de hoy, 27 de","og:url":"https:\/\/www.eldigitaldeasturias.com\/noticias\/el-parlament-volvera-a-citar-a-de-guindos-y-a-otros-comparecientes\/","og:image":"https:\/\/www.eldigitaldeasturias.com\/noticias\/wp-content\/uploads\/2026\/06\/Contenidos.jpg","og:image:secure_url":"https:\/\/www.eldigitaldeasturias.com\/noticias\/wp-content\/uploads\/2026\/06\/Contenidos.jpg","og:image:width":1265,"og:image:height":697,"article:tag":["actualidad"],"article:published_time":"2014-01-27T23:11:20+00:00","article:modified_time":"2014-01-27T23:11:20+00:00","article:publisher":"https:\/\/facebook.com\/eldigitaldeasturias","twitter:card":"summary_large_image","twitter:title":"El Parlament volver\u00e1 a citar a De Guindos y a otros comparecientes - El Digital de Asturias","twitter:description":"Barcelona, 27 ene (EFE).- El Parlament volver\u00e1 a convocar a los 11 responsables o exresponsables econ\u00f3micos que han declinado comparecer ante la comisi\u00f3n que investiga la quiebra de las cajas record\u00e1ndoles que es su obligaci\u00f3n, entre ellos al ministro de Econom\u00eda, Luis de Guindos. El Parlament hab\u00eda citado para la sesi\u00f3n de hoy, 27 de","twitter:image":"https:\/\/www.eldigitaldeasturias.com\/noticias\/wp-content\/uploads\/2026\/06\/Contenidos.jpg","twitter:label1":"Escrito por","twitter:data1":"El Digital de Asturias","twitter:label2":"Tiempo de lectura estimado","twitter:data2":"3 minutos"},"aioseo_meta_data":{"post_id":"479655","title":null,"description":null,"keywords":null,"keyphrases":null,"primary_term":null,"canonical_url":null,"og_title":null,"og_description":null,"og_object_type":"default","og_image_type":"default","og_image_url":null,"og_image_width":null,"og_image_height":null,"og_image_custom_url":null,"og_image_custom_fields":null,"og_video":null,"og_custom_url":null,"og_article_section":null,"og_article_tags":null,"twitter_use_og":true,"twitter_card":"default","twitter_image_type":"default","twitter_image_url":null,"twitter_image_custom_url":null,"twitter_image_custom_fields":null,"twitter_title":null,"twitter_description":null,"schema":{"blockGraphs":[],"customGraphs":[],"default":{"data":{"Article":[],"Course":[],"Dataset":[],"FAQPage":[],"Movie":[],"Person":[],"Product":[],"ProductReview":[],"Car":[],"Recipe":[],"Service":[],"SoftwareApplication":[],"WebPage":[]},"graphName":"","isEnabled":true},"graphs":[],"defaultGraph":"","defaultPostTypeGraph":""},"schema_type":null,"schema_type_options":null,"pillar_content":false,"robots_default":true,"robots_noindex":false,"robots_noarchive":false,"robots_nosnippet":false,"robots_nofollow":false,"robots_noimageindex":false,"robots_noodp":false,"robots_notranslate":false,"robots_max_snippet":null,"robots_max_videopreview":null,"robots_max_imagepreview":"none","priority":null,"frequency":null,"local_seo":null,"seo_analyzer_scan_date":"2026-06-02 01:11:49","breadcrumb_settings":null,"limit_modified_date":false,"open_ai":null,"ai":null,"created":"2020-11-14 22:54:05","updated":"2026-06-02 01:11:49","focus_keyword":null,"additional_keywords":null,"truseo_locale":null},"aioseo_breadcrumb":"<div class=\"aioseo-breadcrumbs\"><span class=\"aioseo-breadcrumb\">\n\t<a href=\"https:\/\/www.eldigitaldeasturias.com\/noticias\" title=\"Home\">Home<\/a>\n<\/span><span class=\"aioseo-breadcrumb-separator\">\u2013<\/span><span class=\"aioseo-breadcrumb\">\n\t<a href=\"https:\/\/www.eldigitaldeasturias.com\/noticias\/category\/actualidad\/\" title=\"Actualidad\">Actualidad<\/a>\n<\/span><span class=\"aioseo-breadcrumb-separator\">\u2013<\/span><span class=\"aioseo-breadcrumb\">\n\t<a href=\"https:\/\/www.eldigitaldeasturias.com\/noticias\/el-parlament-volvera-a-citar-a-de-guindos-y-a-otros-comparecientes\/\" title=\"El Parlament volver\u00e1 a citar a De Guindos y a otros comparecientes\">El Parlament volver\u00e1 a citar a De Guindos y a otros comparecientes<\/a>\n<\/span><\/div>","aioseo_breadcrumb_json":[{"label":"Home","link":"https:\/\/www.eldigitaldeasturias.com\/noticias"},{"label":"Actualidad","link":"https:\/\/www.eldigitaldeasturias.com\/noticias\/category\/actualidad\/"},{"label":"El Parlament volver\u00e1 a citar a De Guindos y a otros comparecientes","link":"https:\/\/www.eldigitaldeasturias.com\/noticias\/el-parlament-volvera-a-citar-a-de-guindos-y-a-otros-comparecientes\/"}],"_links":{"self":[{"href":"https:\/\/www.eldigitaldeasturias.com\/noticias\/wp-json\/wp\/v2\/posts\/479655","targetHints":{"allow":["GET"]}}],"collection":[{"href":"https:\/\/www.eldigitaldeasturias.com\/noticias\/wp-json\/wp\/v2\/posts"}],"about":[{"href":"https:\/\/www.eldigitaldeasturias.com\/noticias\/wp-json\/wp\/v2\/types\/post"}],"author":[{"embeddable":true,"href":"https:\/\/www.eldigitaldeasturias.com\/noticias\/wp-json\/wp\/v2\/users\/1"}],"replies":[{"embeddable":true,"href":"https:\/\/www.eldigitaldeasturias.com\/noticias\/wp-json\/wp\/v2\/comments?post=479655"}],"version-history":[{"count":0,"href":"https:\/\/www.eldigitaldeasturias.com\/noticias\/wp-json\/wp\/v2\/posts\/479655\/revisions"}],"wp:featuredmedia":[{"embeddable":true,"href":"https:\/\/www.eldigitaldeasturias.com\/noticias\/wp-json\/wp\/v2\/media\/1132184"}],"wp:attachment":[{"href":"https:\/\/www.eldigitaldeasturias.com\/noticias\/wp-json\/wp\/v2\/media?parent=479655"}],"wp:term":[{"taxonomy":"category","embeddable":true,"href":"https:\/\/www.eldigitaldeasturias.com\/noticias\/wp-json\/wp\/v2\/categories?post=479655"},{"taxonomy":"post_tag","embeddable":true,"href":"https:\/\/www.eldigitaldeasturias.com\/noticias\/wp-json\/wp\/v2\/tags?post=479655"}],"curies":[{"name":"wp","href":"https:\/\/api.w.org\/{rel}","templated":true}]}}