{"id":479649,"date":"2014-01-27T22:08:12","date_gmt":"2014-01-27T23:08:12","guid":{"rendered":"http:\/\/www.eldigitaldeasturias.com\/noticias\/?p=479649"},"modified":"2014-01-27T22:08:12","modified_gmt":"2014-01-27T23:08:12","slug":"gonzalez-respeta-pero-no-comparte-la-decision-de-vidal-quadras-de-dejar-el-pp","status":"publish","type":"post","link":"https:\/\/www.eldigitaldeasturias.com\/noticias\/gonzalez-respeta-pero-no-comparte-la-decision-de-vidal-quadras-de-dejar-el-pp\/","title":{"rendered":"Gonz\u00e1lez respeta pero no comparte la decisi\u00f3n de Vidal-Quadras de dejar el PP"},"content":{"rendered":"<p><img loading=\"lazy\" decoding=\"async\" class=\"alignleft size-medium wp-image-479650\" alt=\"5879021w\" src=\"https:\/\/www.eldigitaldeasturias.com\/noticias\/wp-content\/uploads\/2014\/01\/5879021w-216x320.jpg\" width=\"216\" height=\"320\" \/>Madrid, 27 ene (EFE).- El presidente de la Comunidad de Madrid, Ignacio Gonz\u00e1lez, ha dicho hoy que respeta, aunque no comparte, la decisi\u00f3n del eurodiputado Alejo Vidal-Quadras de abandonar el PP y ha opinado que si no se siente a gusto en la formaci\u00f3n le parece \u00abbien\u00bb que d\u00e9 \u00abun paso atr\u00e1s y busque otra opci\u00f3n\u00bb.<\/p>\n<p>Durante una visita a los talleres de Metro de Canillejas (Madrid), el presidente regional se ha referido a la decisi\u00f3n de Vidal-Quadras de abandonar las filas del PP y fichar por la nueva formaci\u00f3n Vox, con la que aspira a ser eurodiputado en las elecciones al Parlamento Europeo del pr\u00f3ximo mes de mayo.<\/p>\n<p>Seg\u00fan Gonz\u00e1lez, se trata de una decisi\u00f3n \u00abpersonal\u00bb de Vidal-Quadras que respeta pero no comparte, y ha a\u00f1adido que \u00absi no se encuentra a gusto en estos momentos dentro del partido\u00bb, le parece \u00abbien\u00bb que \u00abdecida dar un paso atr\u00e1s y busque otra opci\u00f3n en la que se considere m\u00e1s a gusto\u00bb.<\/p>\n<p>\u00abCreo que a lo largo de este tiempo el se\u00f1or Vidal-Quadras ha tenido la oportunidad de manifestar sus posiciones dentro de los \u00f3rganos del partido, y yo realmente no las he escuchado\u00bb, ha afirmado.<\/p>\n<p>Ignacio Gonz\u00e1lez ha remarcado que el PP \u00abno ha renunciado, ni puede ni va a renunciar a lo que han sido las siglas de identidad de su pol\u00edtica antiterrorista: exigir que ETA se rinda, que entregue las armas, que los terroristas vayan a la c\u00e1rcel, que cumplan las penas, que pidan perd\u00f3n a las v\u00edctimas y que les caiga encima toda la fuerza del Estado de Derecho\u00bb.<\/p>\n<p>\u00abNi ha renunciado ni va a renunciar, ni los militantes del PP consentir\u00edamos que eso no fuera as\u00ed\u00bb, ha agregado.<\/p>\n<p>A\u00fan as\u00ed, ha considerado que el paso dado por Vidal-Quadras tiene que servir para dar al PP \u00abun toque de atenci\u00f3n\u00bb para \u00abredoblar la contundencia\u00bb de su discurso y \u00ablos principios que siempre ha defendido\u00bb.<\/p>\n<p>\u00abY creo que la intervenci\u00f3n del presidente del Gobierno (Mariano Rajoy) este fin de semana ha sido una ratificaci\u00f3n clara de que el PP sigue defendiendo lo mismo en el \u00e1mbito del terrorismo, y que no vamos a variar un \u00e1pice esa situaci\u00f3n\u00bb, ha dicho.<\/p>\n","protected":false},"excerpt":{"rendered":"<p>Madrid, 27 ene (EFE).- El presidente de la Comunidad de Madrid, Ignacio Gonz\u00e1lez, ha dicho hoy que respeta, aunque no comparte, la decisi\u00f3n del eurodiputado Alejo Vidal-Quadras de abandonar el PP y ha opinado que si no se siente a gusto en la formaci\u00f3n le parece \u00abbien\u00bb que d\u00e9 \u00abun paso atr\u00e1s y busque otra [&hellip;]<\/p>\n","protected":false},"author":1,"featured_media":1132184,"comment_status":"closed","ping_status":"open","sticky":false,"template":"","format":"standard","meta":{"footnotes":""},"categories":[1],"tags":[],"class_list":["post-479649","post","type-post","status-publish","format-standard","has-post-thumbnail","hentry","category-actualidad"],"aioseo_notices":[],"aioseo_head":"\n\t\t<!-- All in One SEO Pro 5.0.1 - aioseo.com -->\n\t<meta name=\"description\" content=\"Madrid, 27 ene (EFE).- El presidente de la Comunidad de Madrid, Ignacio Gonz\u00e1lez, ha dicho hoy que respeta, aunque no comparte, la decisi\u00f3n del eurodiputado Alejo Vidal-Quadras de abandonar el PP y ha opinado que si no se siente a gusto en la formaci\u00f3n le parece &quot;bien&quot; que d\u00e9 &quot;un paso atr\u00e1s y busque otra\" \/>\n\t<meta name=\"robots\" content=\"max-image-preview:large\" \/>\n\t<meta name=\"author\" content=\"El Digital de Asturias\"\/>\n\t<meta name=\"google-site-verification\" content=\"UA-38556648-1\" \/>\n\t<meta name=\"msvalidate.01\" content=\"7dfe9f3f1b24437ab69f4f2559babe99\" \/>\n\t<meta name=\"keywords\" content=\"actualidad\" \/>\n\t<link rel=\"canonical\" href=\"https:\/\/www.eldigitaldeasturias.com\/noticias\/gonzalez-respeta-pero-no-comparte-la-decision-de-vidal-quadras-de-dejar-el-pp\/\" \/>\n\t<meta name=\"generator\" content=\"All in One SEO Pro (AIOSEO) 5.0.1\" \/>\n\t\t<meta property=\"og:locale\" content=\"es_ES\" \/>\n\t\t<meta property=\"og:site_name\" content=\"El Digital de Asturias\" \/>\n\t\t<meta property=\"og:type\" content=\"article\" \/>\n\t\t<meta property=\"og:title\" content=\"Gonz\u00e1lez respeta pero no comparte la decisi\u00f3n de Vidal-Quadras de dejar el PP - El Digital de Asturias\" \/>\n\t\t<meta property=\"og:description\" content=\"Madrid, 27 ene (EFE).- El presidente de la Comunidad de Madrid, Ignacio Gonz\u00e1lez, ha dicho hoy que respeta, aunque no comparte, la decisi\u00f3n del eurodiputado Alejo Vidal-Quadras de abandonar el PP y ha opinado que si no se siente a gusto en la formaci\u00f3n le parece &quot;bien&quot; que d\u00e9 &quot;un paso atr\u00e1s y busque otra\" \/>\n\t\t<meta property=\"og:url\" content=\"https:\/\/www.eldigitaldeasturias.com\/noticias\/gonzalez-respeta-pero-no-comparte-la-decision-de-vidal-quadras-de-dejar-el-pp\/\" \/>\n\t\t<meta property=\"og:image\" content=\"https:\/\/www.eldigitaldeasturias.com\/noticias\/wp-content\/uploads\/2026\/06\/Contenidos.jpg\" \/>\n\t\t<meta property=\"og:image:secure_url\" content=\"https:\/\/www.eldigitaldeasturias.com\/noticias\/wp-content\/uploads\/2026\/06\/Contenidos.jpg\" \/>\n\t\t<meta property=\"og:image:width\" content=\"1265\" \/>\n\t\t<meta property=\"og:image:height\" content=\"697\" \/>\n\t\t<meta property=\"article:tag\" content=\"actualidad\" \/>\n\t\t<meta property=\"article:published_time\" content=\"2014-01-27T23:08:12+00:00\" \/>\n\t\t<meta property=\"article:modified_time\" content=\"2014-01-27T23:08:12+00:00\" \/>\n\t\t<meta property=\"article:publisher\" content=\"https:\/\/facebook.com\/eldigitaldeasturias\" \/>\n\t\t<meta name=\"twitter:card\" content=\"summary_large_image\" \/>\n\t\t<meta name=\"twitter:title\" content=\"Gonz\u00e1lez respeta pero no comparte la decisi\u00f3n de Vidal-Quadras de dejar el PP - El Digital de Asturias\" \/>\n\t\t<meta name=\"twitter:description\" content=\"Madrid, 27 ene (EFE).- El presidente de la Comunidad de Madrid, Ignacio Gonz\u00e1lez, ha dicho hoy que respeta, aunque no comparte, la decisi\u00f3n del eurodiputado Alejo Vidal-Quadras de abandonar el PP y ha opinado que si no se siente a gusto en la formaci\u00f3n le parece &quot;bien&quot; que d\u00e9 &quot;un paso atr\u00e1s y busque otra\" \/>\n\t\t<meta name=\"twitter:image\" content=\"https:\/\/www.eldigitaldeasturias.com\/noticias\/wp-content\/uploads\/2026\/06\/Contenidos.jpg\" \/>\n\t\t<meta name=\"twitter:label1\" content=\"Escrito por\" \/>\n\t\t<meta name=\"twitter:data1\" content=\"El Digital de Asturias\" \/>\n\t\t<meta name=\"twitter:label2\" content=\"Tiempo de lectura estimado\" \/>\n\t\t<meta name=\"twitter:data2\" content=\"2 minutos\" \/>\n\t\t<script type=\"application\/ld+json\" class=\"aioseo-schema\">\n\t\t\t{\"@context\":\"https:\\\/\\\/schema.org\",\"@graph\":[{\"@type\":\"BlogPosting\",\"@id\":\"https:\\\/\\\/www.eldigitaldeasturias.com\\\/noticias\\\/gonzalez-respeta-pero-no-comparte-la-decision-de-vidal-quadras-de-dejar-el-pp\\\/#blogposting\",\"name\":\"Gonz\\u00e1lez respeta pero no comparte la decisi\\u00f3n de Vidal-Quadras de dejar el PP - El Digital de Asturias\",\"headline\":\"Gonz\\u00e1lez respeta pero no comparte la decisi\\u00f3n de Vidal-Quadras de dejar el PP\",\"author\":{\"@id\":\"https:\\\/\\\/www.eldigitaldeasturias.com\\\/noticias\\\/author\\\/admin\\\/#author\"},\"publisher\":{\"@id\":\"https:\\\/\\\/www.eldigitaldeasturias.com\\\/noticias\\\/#organization\"},\"image\":{\"@type\":\"ImageObject\",\"url\":\"https:\\\/\\\/www.eldigitaldeasturias.com\\\/noticias\\\/wp-content\\\/uploads\\\/2026\\\/06\\\/Contenidos.jpg\",\"width\":1265,\"height\":697,\"caption\":\"Contenidos\"},\"datePublished\":\"2014-01-27T22:08:12+01:00\",\"dateModified\":\"2014-01-27T22:08:12+01:00\",\"inLanguage\":\"es-ES\",\"mainEntityOfPage\":{\"@id\":\"https:\\\/\\\/www.eldigitaldeasturias.com\\\/noticias\\\/gonzalez-respeta-pero-no-comparte-la-decision-de-vidal-quadras-de-dejar-el-pp\\\/#webpage\"},\"isPartOf\":{\"@id\":\"https:\\\/\\\/www.eldigitaldeasturias.com\\\/noticias\\\/gonzalez-respeta-pero-no-comparte-la-decision-de-vidal-quadras-de-dejar-el-pp\\\/#webpage\"},\"articleSection\":\"Actualidad\"},{\"@type\":\"BreadcrumbList\",\"@id\":\"https:\\\/\\\/www.eldigitaldeasturias.com\\\/noticias\\\/gonzalez-respeta-pero-no-comparte-la-decision-de-vidal-quadras-de-dejar-el-pp\\\/#breadcrumblist\",\"itemListElement\":[{\"@type\":\"ListItem\",\"@id\":\"https:\\\/\\\/www.eldigitaldeasturias.com\\\/noticias#listItem\",\"position\":1,\"name\":\"Home\",\"item\":\"https:\\\/\\\/www.eldigitaldeasturias.com\\\/noticias\",\"nextItem\":{\"@type\":\"ListItem\",\"@id\":\"https:\\\/\\\/www.eldigitaldeasturias.com\\\/noticias\\\/category\\\/actualidad\\\/#listItem\",\"name\":\"Actualidad\"}},{\"@type\":\"ListItem\",\"@id\":\"https:\\\/\\\/www.eldigitaldeasturias.com\\\/noticias\\\/category\\\/actualidad\\\/#listItem\",\"position\":2,\"name\":\"Actualidad\",\"item\":\"https:\\\/\\\/www.eldigitaldeasturias.com\\\/noticias\\\/category\\\/actualidad\\\/\",\"nextItem\":{\"@type\":\"ListItem\",\"@id\":\"https:\\\/\\\/www.eldigitaldeasturias.com\\\/noticias\\\/gonzalez-respeta-pero-no-comparte-la-decision-de-vidal-quadras-de-dejar-el-pp\\\/#listItem\",\"name\":\"Gonz\\u00e1lez respeta pero no comparte la decisi\\u00f3n de Vidal-Quadras de dejar el PP\"},\"previousItem\":{\"@type\":\"ListItem\",\"@id\":\"https:\\\/\\\/www.eldigitaldeasturias.com\\\/noticias#listItem\",\"name\":\"Home\"}},{\"@type\":\"ListItem\",\"@id\":\"https:\\\/\\\/www.eldigitaldeasturias.com\\\/noticias\\\/gonzalez-respeta-pero-no-comparte-la-decision-de-vidal-quadras-de-dejar-el-pp\\\/#listItem\",\"position\":3,\"name\":\"Gonz\\u00e1lez respeta pero no comparte la decisi\\u00f3n de Vidal-Quadras de dejar el PP\",\"previousItem\":{\"@type\":\"ListItem\",\"@id\":\"https:\\\/\\\/www.eldigitaldeasturias.com\\\/noticias\\\/category\\\/actualidad\\\/#listItem\",\"name\":\"Actualidad\"}}]},{\"@type\":\"Organization\",\"@id\":\"https:\\\/\\\/www.eldigitaldeasturias.com\\\/noticias\\\/#organization\",\"name\":\"El Digital de Asturias\",\"description\":\"Hemeroteca\",\"url\":\"https:\\\/\\\/www.eldigitaldeasturias.com\\\/noticias\\\/\",\"email\":\"info@eldigitaldeasturias.com\",\"telephone\":\"+34652131393\",\"logo\":{\"@type\":\"ImageObject\",\"url\":\"https:\\\/\\\/www.eldigitaldeasturias.com\\\/noticias\\\/wp-content\\\/uploads\\\/2020\\\/12\\\/EDA.jpg\",\"@id\":\"https:\\\/\\\/www.eldigitaldeasturias.com\\\/noticias\\\/gonzalez-respeta-pero-no-comparte-la-decision-de-vidal-quadras-de-dejar-el-pp\\\/#organizationLogo\"},\"image\":{\"@id\":\"https:\\\/\\\/www.eldigitaldeasturias.com\\\/noticias\\\/gonzalez-respeta-pero-no-comparte-la-decision-de-vidal-quadras-de-dejar-el-pp\\\/#organizationLogo\"},\"sameAs\":[\"https:\\\/\\\/facebook.com\\\/eldigitaldeasturias\",\"https:\\\/\\\/www.youtube.com\\\/channel\\\/UCZP-2wLEB9Rv6erhFmqVnvg\"],\"address\":{\"@id\":\"https:\\\/\\\/www.eldigitaldeasturias.com\\\/noticias\\\/#postaladdress\",\"@type\":\"PostalAddress\",\"streetAddress\":\"san antonio 4\",\"postalCode\":\"33430\",\"addressLocality\":\"Cand\\u00e1s\",\"addressRegion\":\"Asturias\",\"addressCountry\":\"ES\"}},{\"@type\":\"Person\",\"@id\":\"https:\\\/\\\/www.eldigitaldeasturias.com\\\/noticias\\\/author\\\/admin\\\/#author\",\"url\":\"https:\\\/\\\/www.eldigitaldeasturias.com\\\/noticias\\\/author\\\/admin\\\/\",\"name\":\"El Digital de Asturias\",\"image\":{\"@type\":\"ImageObject\",\"@id\":\"https:\\\/\\\/www.eldigitaldeasturias.com\\\/noticias\\\/gonzalez-respeta-pero-no-comparte-la-decision-de-vidal-quadras-de-dejar-el-pp\\\/#authorImage\",\"url\":\"https:\\\/\\\/secure.gravatar.com\\\/avatar\\\/df2aeffc32bcd13f8d26072ef8a91b623d677766deac7f97ca815868cd41bf5e?s=96&d=mm&r=g\",\"width\":96,\"height\":96,\"caption\":\"El Digital de Asturias\"}},{\"@type\":\"WebPage\",\"@id\":\"https:\\\/\\\/www.eldigitaldeasturias.com\\\/noticias\\\/gonzalez-respeta-pero-no-comparte-la-decision-de-vidal-quadras-de-dejar-el-pp\\\/#webpage\",\"url\":\"https:\\\/\\\/www.eldigitaldeasturias.com\\\/noticias\\\/gonzalez-respeta-pero-no-comparte-la-decision-de-vidal-quadras-de-dejar-el-pp\\\/\",\"name\":\"Gonz\\u00e1lez respeta pero no comparte la decisi\\u00f3n de Vidal-Quadras de dejar el PP - El Digital de Asturias\",\"description\":\"Madrid, 27 ene (EFE).- El presidente de la Comunidad de Madrid, Ignacio Gonz\\u00e1lez, ha dicho hoy que respeta, aunque no comparte, la decisi\\u00f3n del eurodiputado Alejo Vidal-Quadras de abandonar el PP y ha opinado que si no se siente a gusto en la formaci\\u00f3n le parece \\\"bien\\\" que d\\u00e9 \\\"un paso atr\\u00e1s y busque otra\",\"inLanguage\":\"es-ES\",\"isPartOf\":{\"@id\":\"https:\\\/\\\/www.eldigitaldeasturias.com\\\/noticias\\\/#website\"},\"breadcrumb\":{\"@id\":\"https:\\\/\\\/www.eldigitaldeasturias.com\\\/noticias\\\/gonzalez-respeta-pero-no-comparte-la-decision-de-vidal-quadras-de-dejar-el-pp\\\/#breadcrumblist\"},\"author\":{\"@id\":\"https:\\\/\\\/www.eldigitaldeasturias.com\\\/noticias\\\/author\\\/admin\\\/#author\"},\"creator\":{\"@id\":\"https:\\\/\\\/www.eldigitaldeasturias.com\\\/noticias\\\/author\\\/admin\\\/#author\"},\"image\":{\"@type\":\"ImageObject\",\"url\":\"https:\\\/\\\/www.eldigitaldeasturias.com\\\/noticias\\\/wp-content\\\/uploads\\\/2026\\\/06\\\/Contenidos.jpg\",\"@id\":\"https:\\\/\\\/www.eldigitaldeasturias.com\\\/noticias\\\/gonzalez-respeta-pero-no-comparte-la-decision-de-vidal-quadras-de-dejar-el-pp\\\/#mainImage\",\"width\":1265,\"height\":697,\"caption\":\"Contenidos\"},\"primaryImageOfPage\":{\"@id\":\"https:\\\/\\\/www.eldigitaldeasturias.com\\\/noticias\\\/gonzalez-respeta-pero-no-comparte-la-decision-de-vidal-quadras-de-dejar-el-pp\\\/#mainImage\"},\"datePublished\":\"2014-01-27T22:08:12+01:00\",\"dateModified\":\"2014-01-27T22:08:12+01:00\"},{\"@type\":\"WebSite\",\"@id\":\"https:\\\/\\\/www.eldigitaldeasturias.com\\\/noticias\\\/#website\",\"url\":\"https:\\\/\\\/www.eldigitaldeasturias.com\\\/noticias\\\/\",\"name\":\"El Digital de Asturias - Diario de actualidad y noticias\",\"alternateName\":\"El Digital de Asturias - Diario de actualidad y noticias\",\"description\":\"Hemeroteca\",\"inLanguage\":\"es-ES\",\"publisher\":{\"@id\":\"https:\\\/\\\/www.eldigitaldeasturias.com\\\/noticias\\\/#organization\"}}]}\n\t\t<\/script>\n\t\t<!-- All in One SEO Pro -->\r\n\t\t<title>Gonz\u00e1lez respeta pero no comparte la decisi\u00f3n de Vidal-Quadras de dejar el PP - El Digital de Asturias<\/title>\n\n","aioseo_head_json":{"title":"Gonz\u00e1lez respeta pero no comparte la decisi\u00f3n de Vidal-Quadras de dejar el PP - El Digital de Asturias","description":"Madrid, 27 ene (EFE).- El presidente de la Comunidad de Madrid, Ignacio Gonz\u00e1lez, ha dicho hoy que respeta, aunque no comparte, la decisi\u00f3n del eurodiputado Alejo Vidal-Quadras de abandonar el PP y ha opinado que si no se siente a gusto en la formaci\u00f3n le parece \"bien\" que d\u00e9 \"un paso atr\u00e1s y busque otra","canonical_url":"https:\/\/www.eldigitaldeasturias.com\/noticias\/gonzalez-respeta-pero-no-comparte-la-decision-de-vidal-quadras-de-dejar-el-pp\/","robots":"max-image-preview:large","keywords":"actualidad","webmasterTools":{"google-site-verification":"UA-38556648-1","msvalidate.01":"7dfe9f3f1b24437ab69f4f2559babe99","miscellaneous":""},"schema":{"@context":"https:\/\/schema.org","@graph":[{"@type":"BlogPosting","@id":"https:\/\/www.eldigitaldeasturias.com\/noticias\/gonzalez-respeta-pero-no-comparte-la-decision-de-vidal-quadras-de-dejar-el-pp\/#blogposting","name":"Gonz\u00e1lez respeta pero no comparte la decisi\u00f3n de Vidal-Quadras de dejar el PP - El Digital de Asturias","headline":"Gonz\u00e1lez respeta pero no comparte la decisi\u00f3n de Vidal-Quadras de dejar el PP","author":{"@id":"https:\/\/www.eldigitaldeasturias.com\/noticias\/author\/admin\/#author"},"publisher":{"@id":"https:\/\/www.eldigitaldeasturias.com\/noticias\/#organization"},"image":{"@type":"ImageObject","url":"https:\/\/www.eldigitaldeasturias.com\/noticias\/wp-content\/uploads\/2026\/06\/Contenidos.jpg","width":1265,"height":697,"caption":"Contenidos"},"datePublished":"2014-01-27T22:08:12+01:00","dateModified":"2014-01-27T22:08:12+01:00","inLanguage":"es-ES","mainEntityOfPage":{"@id":"https:\/\/www.eldigitaldeasturias.com\/noticias\/gonzalez-respeta-pero-no-comparte-la-decision-de-vidal-quadras-de-dejar-el-pp\/#webpage"},"isPartOf":{"@id":"https:\/\/www.eldigitaldeasturias.com\/noticias\/gonzalez-respeta-pero-no-comparte-la-decision-de-vidal-quadras-de-dejar-el-pp\/#webpage"},"articleSection":"Actualidad"},{"@type":"BreadcrumbList","@id":"https:\/\/www.eldigitaldeasturias.com\/noticias\/gonzalez-respeta-pero-no-comparte-la-decision-de-vidal-quadras-de-dejar-el-pp\/#breadcrumblist","itemListElement":[{"@type":"ListItem","@id":"https:\/\/www.eldigitaldeasturias.com\/noticias#listItem","position":1,"name":"Home","item":"https:\/\/www.eldigitaldeasturias.com\/noticias","nextItem":{"@type":"ListItem","@id":"https:\/\/www.eldigitaldeasturias.com\/noticias\/category\/actualidad\/#listItem","name":"Actualidad"}},{"@type":"ListItem","@id":"https:\/\/www.eldigitaldeasturias.com\/noticias\/category\/actualidad\/#listItem","position":2,"name":"Actualidad","item":"https:\/\/www.eldigitaldeasturias.com\/noticias\/category\/actualidad\/","nextItem":{"@type":"ListItem","@id":"https:\/\/www.eldigitaldeasturias.com\/noticias\/gonzalez-respeta-pero-no-comparte-la-decision-de-vidal-quadras-de-dejar-el-pp\/#listItem","name":"Gonz\u00e1lez respeta pero no comparte la decisi\u00f3n de Vidal-Quadras de dejar el PP"},"previousItem":{"@type":"ListItem","@id":"https:\/\/www.eldigitaldeasturias.com\/noticias#listItem","name":"Home"}},{"@type":"ListItem","@id":"https:\/\/www.eldigitaldeasturias.com\/noticias\/gonzalez-respeta-pero-no-comparte-la-decision-de-vidal-quadras-de-dejar-el-pp\/#listItem","position":3,"name":"Gonz\u00e1lez respeta pero no comparte la decisi\u00f3n de Vidal-Quadras de dejar el PP","previousItem":{"@type":"ListItem","@id":"https:\/\/www.eldigitaldeasturias.com\/noticias\/category\/actualidad\/#listItem","name":"Actualidad"}}]},{"@type":"Organization","@id":"https:\/\/www.eldigitaldeasturias.com\/noticias\/#organization","name":"El Digital de Asturias","description":"Hemeroteca","url":"https:\/\/www.eldigitaldeasturias.com\/noticias\/","email":"info@eldigitaldeasturias.com","telephone":"+34652131393","logo":{"@type":"ImageObject","url":"https:\/\/www.eldigitaldeasturias.com\/noticias\/wp-content\/uploads\/2020\/12\/EDA.jpg","@id":"https:\/\/www.eldigitaldeasturias.com\/noticias\/gonzalez-respeta-pero-no-comparte-la-decision-de-vidal-quadras-de-dejar-el-pp\/#organizationLogo"},"image":{"@id":"https:\/\/www.eldigitaldeasturias.com\/noticias\/gonzalez-respeta-pero-no-comparte-la-decision-de-vidal-quadras-de-dejar-el-pp\/#organizationLogo"},"sameAs":["https:\/\/facebook.com\/eldigitaldeasturias","https:\/\/www.youtube.com\/channel\/UCZP-2wLEB9Rv6erhFmqVnvg"],"address":{"@id":"https:\/\/www.eldigitaldeasturias.com\/noticias\/#postaladdress","@type":"PostalAddress","streetAddress":"san antonio 4","postalCode":"33430","addressLocality":"Cand\u00e1s","addressRegion":"Asturias","addressCountry":"ES"}},{"@type":"Person","@id":"https:\/\/www.eldigitaldeasturias.com\/noticias\/author\/admin\/#author","url":"https:\/\/www.eldigitaldeasturias.com\/noticias\/author\/admin\/","name":"El Digital de Asturias","image":{"@type":"ImageObject","@id":"https:\/\/www.eldigitaldeasturias.com\/noticias\/gonzalez-respeta-pero-no-comparte-la-decision-de-vidal-quadras-de-dejar-el-pp\/#authorImage","url":"https:\/\/secure.gravatar.com\/avatar\/df2aeffc32bcd13f8d26072ef8a91b623d677766deac7f97ca815868cd41bf5e?s=96&d=mm&r=g","width":96,"height":96,"caption":"El Digital de Asturias"}},{"@type":"WebPage","@id":"https:\/\/www.eldigitaldeasturias.com\/noticias\/gonzalez-respeta-pero-no-comparte-la-decision-de-vidal-quadras-de-dejar-el-pp\/#webpage","url":"https:\/\/www.eldigitaldeasturias.com\/noticias\/gonzalez-respeta-pero-no-comparte-la-decision-de-vidal-quadras-de-dejar-el-pp\/","name":"Gonz\u00e1lez respeta pero no comparte la decisi\u00f3n de Vidal-Quadras de dejar el PP - El Digital de Asturias","description":"Madrid, 27 ene (EFE).- El presidente de la Comunidad de Madrid, Ignacio Gonz\u00e1lez, ha dicho hoy que respeta, aunque no comparte, la decisi\u00f3n del eurodiputado Alejo Vidal-Quadras de abandonar el PP y ha opinado que si no se siente a gusto en la formaci\u00f3n le parece \"bien\" que d\u00e9 \"un paso atr\u00e1s y busque otra","inLanguage":"es-ES","isPartOf":{"@id":"https:\/\/www.eldigitaldeasturias.com\/noticias\/#website"},"breadcrumb":{"@id":"https:\/\/www.eldigitaldeasturias.com\/noticias\/gonzalez-respeta-pero-no-comparte-la-decision-de-vidal-quadras-de-dejar-el-pp\/#breadcrumblist"},"author":{"@id":"https:\/\/www.eldigitaldeasturias.com\/noticias\/author\/admin\/#author"},"creator":{"@id":"https:\/\/www.eldigitaldeasturias.com\/noticias\/author\/admin\/#author"},"image":{"@type":"ImageObject","url":"https:\/\/www.eldigitaldeasturias.com\/noticias\/wp-content\/uploads\/2026\/06\/Contenidos.jpg","@id":"https:\/\/www.eldigitaldeasturias.com\/noticias\/gonzalez-respeta-pero-no-comparte-la-decision-de-vidal-quadras-de-dejar-el-pp\/#mainImage","width":1265,"height":697,"caption":"Contenidos"},"primaryImageOfPage":{"@id":"https:\/\/www.eldigitaldeasturias.com\/noticias\/gonzalez-respeta-pero-no-comparte-la-decision-de-vidal-quadras-de-dejar-el-pp\/#mainImage"},"datePublished":"2014-01-27T22:08:12+01:00","dateModified":"2014-01-27T22:08:12+01:00"},{"@type":"WebSite","@id":"https:\/\/www.eldigitaldeasturias.com\/noticias\/#website","url":"https:\/\/www.eldigitaldeasturias.com\/noticias\/","name":"El Digital de Asturias - Diario de actualidad y noticias","alternateName":"El Digital de Asturias - Diario de actualidad y noticias","description":"Hemeroteca","inLanguage":"es-ES","publisher":{"@id":"https:\/\/www.eldigitaldeasturias.com\/noticias\/#organization"}}]},"og:locale":"es_ES","og:site_name":"El Digital de Asturias","og:type":"article","og:title":"Gonz\u00e1lez respeta pero no comparte la decisi\u00f3n de Vidal-Quadras de dejar el PP - El Digital de Asturias","og:description":"Madrid, 27 ene (EFE).- El presidente de la Comunidad de Madrid, Ignacio Gonz\u00e1lez, ha dicho hoy que respeta, aunque no comparte, la decisi\u00f3n del eurodiputado Alejo Vidal-Quadras de abandonar el PP y ha opinado que si no se siente a gusto en la formaci\u00f3n le parece &quot;bien&quot; que d\u00e9 &quot;un paso atr\u00e1s y busque otra","og:url":"https:\/\/www.eldigitaldeasturias.com\/noticias\/gonzalez-respeta-pero-no-comparte-la-decision-de-vidal-quadras-de-dejar-el-pp\/","og:image":"https:\/\/www.eldigitaldeasturias.com\/noticias\/wp-content\/uploads\/2026\/06\/Contenidos.jpg","og:image:secure_url":"https:\/\/www.eldigitaldeasturias.com\/noticias\/wp-content\/uploads\/2026\/06\/Contenidos.jpg","og:image:width":1265,"og:image:height":697,"article:tag":["actualidad"],"article:published_time":"2014-01-27T23:08:12+00:00","article:modified_time":"2014-01-27T23:08:12+00:00","article:publisher":"https:\/\/facebook.com\/eldigitaldeasturias","twitter:card":"summary_large_image","twitter:title":"Gonz\u00e1lez respeta pero no comparte la decisi\u00f3n de Vidal-Quadras de dejar el PP - El Digital de Asturias","twitter:description":"Madrid, 27 ene (EFE).- El presidente de la Comunidad de Madrid, Ignacio Gonz\u00e1lez, ha dicho hoy que respeta, aunque no comparte, la decisi\u00f3n del eurodiputado Alejo Vidal-Quadras de abandonar el PP y ha opinado que si no se siente a gusto en la formaci\u00f3n le parece &quot;bien&quot; que d\u00e9 &quot;un paso atr\u00e1s y busque otra","twitter:image":"https:\/\/www.eldigitaldeasturias.com\/noticias\/wp-content\/uploads\/2026\/06\/Contenidos.jpg","twitter:label1":"Escrito por","twitter:data1":"El Digital de Asturias","twitter:label2":"Tiempo de lectura estimado","twitter:data2":"2 minutos"},"aioseo_meta_data":{"post_id":"479649","title":null,"description":null,"keywords":null,"keyphrases":null,"primary_term":null,"canonical_url":null,"og_title":null,"og_description":null,"og_object_type":"default","og_image_type":"default","og_image_url":null,"og_image_width":null,"og_image_height":null,"og_image_custom_url":null,"og_image_custom_fields":null,"og_video":null,"og_custom_url":null,"og_article_section":null,"og_article_tags":null,"twitter_use_og":true,"twitter_card":"default","twitter_image_type":"default","twitter_image_url":null,"twitter_image_custom_url":null,"twitter_image_custom_fields":null,"twitter_title":null,"twitter_description":null,"schema":{"blockGraphs":[],"customGraphs":[],"default":{"data":{"Article":[],"Course":[],"Dataset":[],"FAQPage":[],"Movie":[],"Person":[],"Product":[],"ProductReview":[],"Car":[],"Recipe":[],"Service":[],"SoftwareApplication":[],"WebPage":[]},"graphName":"","isEnabled":true},"graphs":[],"defaultGraph":"","defaultPostTypeGraph":""},"schema_type":null,"schema_type_options":null,"pillar_content":false,"robots_default":true,"robots_noindex":false,"robots_noarchive":false,"robots_nosnippet":false,"robots_nofollow":false,"robots_noimageindex":false,"robots_noodp":false,"robots_notranslate":false,"robots_max_snippet":null,"robots_max_videopreview":null,"robots_max_imagepreview":"none","priority":null,"frequency":null,"local_seo":null,"seo_analyzer_scan_date":"2026-06-02 01:11:48","breadcrumb_settings":null,"limit_modified_date":false,"open_ai":null,"ai":null,"created":"2020-11-14 22:54:05","updated":"2026-06-02 01:11:48","focus_keyword":null,"additional_keywords":null,"truseo_locale":null},"aioseo_breadcrumb":"<div class=\"aioseo-breadcrumbs\"><span class=\"aioseo-breadcrumb\">\n\t<a href=\"https:\/\/www.eldigitaldeasturias.com\/noticias\" title=\"Home\">Home<\/a>\n<\/span><span class=\"aioseo-breadcrumb-separator\">\u2013<\/span><span class=\"aioseo-breadcrumb\">\n\t<a href=\"https:\/\/www.eldigitaldeasturias.com\/noticias\/category\/actualidad\/\" title=\"Actualidad\">Actualidad<\/a>\n<\/span><span class=\"aioseo-breadcrumb-separator\">\u2013<\/span><span class=\"aioseo-breadcrumb\">\n\t<a href=\"https:\/\/www.eldigitaldeasturias.com\/noticias\/gonzalez-respeta-pero-no-comparte-la-decision-de-vidal-quadras-de-dejar-el-pp\/\" title=\"Gonz\u00e1lez respeta pero no comparte la decisi\u00f3n de Vidal-Quadras de dejar el PP\">Gonz\u00e1lez respeta pero no comparte la decisi\u00f3n de Vidal-Quadras de dejar el PP<\/a>\n<\/span><\/div>","aioseo_breadcrumb_json":[{"label":"Home","link":"https:\/\/www.eldigitaldeasturias.com\/noticias"},{"label":"Actualidad","link":"https:\/\/www.eldigitaldeasturias.com\/noticias\/category\/actualidad\/"},{"label":"Gonz\u00e1lez respeta pero no comparte la decisi\u00f3n de Vidal-Quadras de dejar el PP","link":"https:\/\/www.eldigitaldeasturias.com\/noticias\/gonzalez-respeta-pero-no-comparte-la-decision-de-vidal-quadras-de-dejar-el-pp\/"}],"_links":{"self":[{"href":"https:\/\/www.eldigitaldeasturias.com\/noticias\/wp-json\/wp\/v2\/posts\/479649","targetHints":{"allow":["GET"]}}],"collection":[{"href":"https:\/\/www.eldigitaldeasturias.com\/noticias\/wp-json\/wp\/v2\/posts"}],"about":[{"href":"https:\/\/www.eldigitaldeasturias.com\/noticias\/wp-json\/wp\/v2\/types\/post"}],"author":[{"embeddable":true,"href":"https:\/\/www.eldigitaldeasturias.com\/noticias\/wp-json\/wp\/v2\/users\/1"}],"replies":[{"embeddable":true,"href":"https:\/\/www.eldigitaldeasturias.com\/noticias\/wp-json\/wp\/v2\/comments?post=479649"}],"version-history":[{"count":0,"href":"https:\/\/www.eldigitaldeasturias.com\/noticias\/wp-json\/wp\/v2\/posts\/479649\/revisions"}],"wp:featuredmedia":[{"embeddable":true,"href":"https:\/\/www.eldigitaldeasturias.com\/noticias\/wp-json\/wp\/v2\/media\/1132184"}],"wp:attachment":[{"href":"https:\/\/www.eldigitaldeasturias.com\/noticias\/wp-json\/wp\/v2\/media?parent=479649"}],"wp:term":[{"taxonomy":"category","embeddable":true,"href":"https:\/\/www.eldigitaldeasturias.com\/noticias\/wp-json\/wp\/v2\/categories?post=479649"},{"taxonomy":"post_tag","embeddable":true,"href":"https:\/\/www.eldigitaldeasturias.com\/noticias\/wp-json\/wp\/v2\/tags?post=479649"}],"curies":[{"name":"wp","href":"https:\/\/api.w.org\/{rel}","templated":true}]}}