{"id":479646,"date":"2014-01-27T22:06:55","date_gmt":"2014-01-27T23:06:55","guid":{"rendered":"http:\/\/www.eldigitaldeasturias.com\/noticias\/?p=479646"},"modified":"2014-01-27T22:06:55","modified_gmt":"2014-01-27T23:06:55","slug":"rusia-conmemora-el-70-aniversario-de-la-ruptura-del-cerco-nazi-a-leningrado","status":"publish","type":"post","link":"https:\/\/www.eldigitaldeasturias.com\/noticias\/rusia-conmemora-el-70-aniversario-de-la-ruptura-del-cerco-nazi-a-leningrado\/","title":{"rendered":"Rusia conmemora el 70 aniversario de la ruptura del cerco nazi a Leningrado"},"content":{"rendered":"<p><img loading=\"lazy\" decoding=\"async\" class=\"alignleft size-medium wp-image-479647\" alt=\"5879010w\" src=\"https:\/\/www.eldigitaldeasturias.com\/noticias\/wp-content\/uploads\/2014\/01\/5879010w-360x261.jpg\" width=\"360\" height=\"261\" \/>San Petersburgo (Rusia), 27 ene (EFE).- San Petersburgo recuerda hoy el 70 aniversario de la ruptura del tr\u00e1gico cerco por las tropas nazis a la entonces Leningrado, uno de los episodios m\u00e1s negros de la Segunda Guerra Mundial, que entre 1941 y 1944 se cobr\u00f3 la vida de al menos un mill\u00f3n de personas.<\/p>\n<p>El presidente ruso, Vlad\u00edmir Putin, natural de Leningrado, deposit\u00f3 un ramo de flores en una de las fosas comunes de uno de los cuatro cementerios de la ciudad y record\u00f3 que all\u00ed precisamente fue enterrado su hermano, al que no lleg\u00f3 a conocer pues falleci\u00f3 beb\u00e9, v\u00edctima del asedio, diez a\u00f1os antes de \u00e9l naciera.<\/p>\n<p>Poco antes, Putin coloc\u00f3 otra ofrenda floral en un lugar en las afueras de la ciudad conocido como \u00abla plaza del Neva\u00bb (a orillas del r\u00edo hom\u00f3nimo), donde su padre luch\u00f3 con las tropas alemanas que avanzaban hacia la ciudad.<\/p>\n<p>\u00abNuestro deber es que nada pase al olvido, nunca. Que nada se pierda, que la gente tanto de nuestro pa\u00eds como en el extranjero recuerden esta tragedia, la hombr\u00eda y la heroicidad del pueblo sovi\u00e9tico y de los leningradenses\u00bb, dijo Putin en un encuentro con veteranos de la Gran Guerra Patria, como se conoce en Rusia la etapa sovi\u00e9tica de la Segunda Guerra Mundial.<\/p>\n<p>Record\u00f3 que tan s\u00f3lo en cuatro meses, entre finales de 1941 y principios de 1942, murieron en la ciudad 360.000 personas, equivalente a casi todas las v\u00edctimas mortales que sufri\u00f3 el Reino Unido durante toda la Segunda Guerra Mundial.<\/p>\n<p>\u00abImag\u00ednense qu\u00e9 diferencia entre el n\u00famero de v\u00edctimas que deposit\u00f3 sobre el altar de la victoria el pueblo sovi\u00e9tico y otros pa\u00edses del mundo\u00bb, recalc\u00f3 Putin.<\/p>\n<p>El Ej\u00e9rcito nazi, que invadi\u00f3 la Uni\u00f3n Sovi\u00e9tica el 22 de junio de 1941, cerr\u00f3 el cerco en torno a Leningrado el 8 de septiembre del mismo a\u00f1o y lo mantuvo durante 900 d\u00edas y noches, hasta que el Ej\u00e9rcito Rojo logr\u00f3 romperlo el 27 de enero de 1944.<\/p>\n<p>El prop\u00f3sito de Hitler era borrar Leningrado de la faz de la tierra, pero la ciudad resisti\u00f3 y sobrevivi\u00f3, aunque al precio de un mill\u00f3n de vidas de sus habitantes y defensores, v\u00edctimas de los bombardeos, el hambre, las enfermedades y el fr\u00edo.<\/p>\n<p>Atrapados por la invasi\u00f3n nazi, los dirigentes comunistas de la ciudad no prepararon debidamente su defensa y no hicieron reservas de alimentos, por lo que el hambre se apoder\u00f3 de Leningrado un mes despu\u00e9s de que se cerrara el cerco.<\/p>\n<p>Con el enemigo a las puertas de la ciudad, decenas de miles de civiles fueron movilizados para levantar fortificaciones y formar milicias populares, para las que ni siquiera hab\u00eda armas y que eran enviadas al frente con un fusil para treinta hombres, bajo el lema patri\u00f3tico \u00abEl arma la conseguir\u00e1s en combate\u00bb.<\/p>\n<p>Entre los soldados y milicianos muertos en la defensa de la ciudad est\u00e1n 53 espa\u00f1oles de los emigrantes pol\u00edticos y \u00abni\u00f1os de la guerra\u00bb que se hab\u00edan trasladado a la URSS tras la contienda civil de 1936-39 en Espa\u00f1a.<\/p>\n<p>Unas 20.000 personas cayeron al defender la ciudad y otras 10.000 murieron bajo las bombas, pero fueron el hambre y el invierno, con temperaturas de 40 grados bajo cero, los que m\u00e1s estragos hicieron entre los habitantes.<\/p>\n<p>Un informe de la inteligencia nazi se\u00f1alaba en febrero de 1942 que la media de civiles muertos era de \u00abentre dos y tres mil personas al d\u00eda\u00bb, y otro sovi\u00e9tico confirmaba en marzo que \u00abmueren al d\u00eda entre 3.200 y 3.400 personas\u00bb.<\/p>\n<p>En la ciudad, donde la raci\u00f3n de pan diaria fue en los peores momentos de s\u00f3lo 125 gramos, el impacto del hambre era tan duro que muchos habitantes se vieron abocados al canibalismo, seg\u00fan documentos de la \u00e9poca ocultados por la propaganda sovi\u00e9tica pero abiertos posteriormente a historiadores.<\/p>\n<p>La falta de alimentos fue tan dram\u00e1tica que los padres no dejaban a sus hijos salir solos a la calle por si eran secuestrados por bandas de delincuentes que luego vend\u00edan la carne humana.<\/p>\n<p>\u00abYa comen carne humana, que consiguen en el mercado\u00bb, dec\u00eda un informe secreto cursado el 23 de febrero de 1942 al l\u00edder comunista de Leningrado, Andr\u00e9i Zhd\u00e1nov.<\/p>\n<p>Las autoridades de la ciudad se vieron obligadas a crear toda una divisi\u00f3n especial para combatir el canibalismo, con un saldo de 600 condenados en febrero de 1942 y m\u00e1s de mil en marzo, seg\u00fan documentos reproducidos por Izvestia.<\/p>\n<p>Algunos c\u00e1lculos realizados por historiadores gracias a documentos secretos de la \u00e9poca indican que hasta 2,3 millones de habitantes fueron sepultados en las fosas comunes cavadas durante el bloqueo en los cuatro cementerios de Leningrado.<\/p>\n","protected":false},"excerpt":{"rendered":"<p>San Petersburgo (Rusia), 27 ene (EFE).- San Petersburgo recuerda hoy el 70 aniversario de la ruptura del tr\u00e1gico cerco por las tropas nazis a la entonces Leningrado, uno de los episodios m\u00e1s negros de la Segunda Guerra Mundial, que entre 1941 y 1944 se cobr\u00f3 la vida de al menos un mill\u00f3n de personas. El [&hellip;]<\/p>\n","protected":false},"author":1,"featured_media":1132184,"comment_status":"closed","ping_status":"open","sticky":false,"template":"","format":"standard","meta":{"footnotes":""},"categories":[1],"tags":[],"class_list":["post-479646","post","type-post","status-publish","format-standard","has-post-thumbnail","hentry","category-actualidad"],"aioseo_notices":[],"aioseo_head":"\n\t\t<!-- All in One SEO Pro 5.0.1 - aioseo.com -->\n\t<meta name=\"description\" content=\"San Petersburgo (Rusia), 27 ene (EFE).- San Petersburgo recuerda hoy el 70 aniversario de la ruptura del tr\u00e1gico cerco por las tropas nazis a la entonces Leningrado, uno de los episodios m\u00e1s negros de la Segunda Guerra Mundial, que entre 1941 y 1944 se cobr\u00f3 la vida de al menos un mill\u00f3n de personas. El\" \/>\n\t<meta name=\"robots\" content=\"max-image-preview:large\" \/>\n\t<meta name=\"author\" content=\"El Digital de Asturias\"\/>\n\t<meta name=\"google-site-verification\" content=\"UA-38556648-1\" \/>\n\t<meta name=\"msvalidate.01\" content=\"7dfe9f3f1b24437ab69f4f2559babe99\" \/>\n\t<meta name=\"keywords\" content=\"actualidad\" \/>\n\t<link rel=\"canonical\" href=\"https:\/\/www.eldigitaldeasturias.com\/noticias\/rusia-conmemora-el-70-aniversario-de-la-ruptura-del-cerco-nazi-a-leningrado\/\" \/>\n\t<meta name=\"generator\" content=\"All in One SEO Pro (AIOSEO) 5.0.1\" \/>\n\t\t<meta property=\"og:locale\" content=\"es_ES\" \/>\n\t\t<meta property=\"og:site_name\" content=\"El Digital de Asturias\" \/>\n\t\t<meta property=\"og:type\" content=\"article\" \/>\n\t\t<meta property=\"og:title\" content=\"Rusia conmemora el 70 aniversario de la ruptura del cerco nazi a Leningrado - El Digital de Asturias\" \/>\n\t\t<meta property=\"og:description\" content=\"San Petersburgo (Rusia), 27 ene (EFE).- San Petersburgo recuerda hoy el 70 aniversario de la ruptura del tr\u00e1gico cerco por las tropas nazis a la entonces Leningrado, uno de los episodios m\u00e1s negros de la Segunda Guerra Mundial, que entre 1941 y 1944 se cobr\u00f3 la vida de al menos un mill\u00f3n de personas. El\" \/>\n\t\t<meta property=\"og:url\" content=\"https:\/\/www.eldigitaldeasturias.com\/noticias\/rusia-conmemora-el-70-aniversario-de-la-ruptura-del-cerco-nazi-a-leningrado\/\" \/>\n\t\t<meta property=\"og:image\" content=\"https:\/\/www.eldigitaldeasturias.com\/noticias\/wp-content\/uploads\/2026\/06\/Contenidos.jpg\" \/>\n\t\t<meta property=\"og:image:secure_url\" content=\"https:\/\/www.eldigitaldeasturias.com\/noticias\/wp-content\/uploads\/2026\/06\/Contenidos.jpg\" \/>\n\t\t<meta property=\"og:image:width\" content=\"1265\" \/>\n\t\t<meta property=\"og:image:height\" content=\"697\" \/>\n\t\t<meta property=\"article:tag\" content=\"actualidad\" \/>\n\t\t<meta property=\"article:published_time\" content=\"2014-01-27T23:06:55+00:00\" \/>\n\t\t<meta property=\"article:modified_time\" content=\"2014-01-27T23:06:55+00:00\" \/>\n\t\t<meta property=\"article:publisher\" content=\"https:\/\/facebook.com\/eldigitaldeasturias\" \/>\n\t\t<meta name=\"twitter:card\" content=\"summary_large_image\" \/>\n\t\t<meta name=\"twitter:title\" content=\"Rusia conmemora el 70 aniversario de la ruptura del cerco nazi a Leningrado - El Digital de Asturias\" \/>\n\t\t<meta name=\"twitter:description\" content=\"San Petersburgo (Rusia), 27 ene (EFE).- San Petersburgo recuerda hoy el 70 aniversario de la ruptura del tr\u00e1gico cerco por las tropas nazis a la entonces Leningrado, uno de los episodios m\u00e1s negros de la Segunda Guerra Mundial, que entre 1941 y 1944 se cobr\u00f3 la vida de al menos un mill\u00f3n de personas. El\" \/>\n\t\t<meta name=\"twitter:image\" content=\"https:\/\/www.eldigitaldeasturias.com\/noticias\/wp-content\/uploads\/2026\/06\/Contenidos.jpg\" \/>\n\t\t<meta name=\"twitter:label1\" content=\"Escrito por\" \/>\n\t\t<meta name=\"twitter:data1\" content=\"El Digital de Asturias\" \/>\n\t\t<meta name=\"twitter:label2\" content=\"Tiempo de lectura estimado\" \/>\n\t\t<meta name=\"twitter:data2\" content=\"4 minutos\" \/>\n\t\t<script type=\"application\/ld+json\" class=\"aioseo-schema\">\n\t\t\t{\"@context\":\"https:\\\/\\\/schema.org\",\"@graph\":[{\"@type\":\"BlogPosting\",\"@id\":\"https:\\\/\\\/www.eldigitaldeasturias.com\\\/noticias\\\/rusia-conmemora-el-70-aniversario-de-la-ruptura-del-cerco-nazi-a-leningrado\\\/#blogposting\",\"name\":\"Rusia conmemora el 70 aniversario de la ruptura del cerco nazi a Leningrado - El Digital de Asturias\",\"headline\":\"Rusia conmemora el 70 aniversario de la ruptura del cerco nazi a Leningrado\",\"author\":{\"@id\":\"https:\\\/\\\/www.eldigitaldeasturias.com\\\/noticias\\\/author\\\/admin\\\/#author\"},\"publisher\":{\"@id\":\"https:\\\/\\\/www.eldigitaldeasturias.com\\\/noticias\\\/#organization\"},\"image\":{\"@type\":\"ImageObject\",\"url\":\"https:\\\/\\\/www.eldigitaldeasturias.com\\\/noticias\\\/wp-content\\\/uploads\\\/2026\\\/06\\\/Contenidos.jpg\",\"width\":1265,\"height\":697,\"caption\":\"Contenidos\"},\"datePublished\":\"2014-01-27T22:06:55+01:00\",\"dateModified\":\"2014-01-27T22:06:55+01:00\",\"inLanguage\":\"es-ES\",\"mainEntityOfPage\":{\"@id\":\"https:\\\/\\\/www.eldigitaldeasturias.com\\\/noticias\\\/rusia-conmemora-el-70-aniversario-de-la-ruptura-del-cerco-nazi-a-leningrado\\\/#webpage\"},\"isPartOf\":{\"@id\":\"https:\\\/\\\/www.eldigitaldeasturias.com\\\/noticias\\\/rusia-conmemora-el-70-aniversario-de-la-ruptura-del-cerco-nazi-a-leningrado\\\/#webpage\"},\"articleSection\":\"Actualidad\"},{\"@type\":\"BreadcrumbList\",\"@id\":\"https:\\\/\\\/www.eldigitaldeasturias.com\\\/noticias\\\/rusia-conmemora-el-70-aniversario-de-la-ruptura-del-cerco-nazi-a-leningrado\\\/#breadcrumblist\",\"itemListElement\":[{\"@type\":\"ListItem\",\"@id\":\"https:\\\/\\\/www.eldigitaldeasturias.com\\\/noticias#listItem\",\"position\":1,\"name\":\"Home\",\"item\":\"https:\\\/\\\/www.eldigitaldeasturias.com\\\/noticias\",\"nextItem\":{\"@type\":\"ListItem\",\"@id\":\"https:\\\/\\\/www.eldigitaldeasturias.com\\\/noticias\\\/category\\\/actualidad\\\/#listItem\",\"name\":\"Actualidad\"}},{\"@type\":\"ListItem\",\"@id\":\"https:\\\/\\\/www.eldigitaldeasturias.com\\\/noticias\\\/category\\\/actualidad\\\/#listItem\",\"position\":2,\"name\":\"Actualidad\",\"item\":\"https:\\\/\\\/www.eldigitaldeasturias.com\\\/noticias\\\/category\\\/actualidad\\\/\",\"nextItem\":{\"@type\":\"ListItem\",\"@id\":\"https:\\\/\\\/www.eldigitaldeasturias.com\\\/noticias\\\/rusia-conmemora-el-70-aniversario-de-la-ruptura-del-cerco-nazi-a-leningrado\\\/#listItem\",\"name\":\"Rusia conmemora el 70 aniversario de la ruptura del cerco nazi a Leningrado\"},\"previousItem\":{\"@type\":\"ListItem\",\"@id\":\"https:\\\/\\\/www.eldigitaldeasturias.com\\\/noticias#listItem\",\"name\":\"Home\"}},{\"@type\":\"ListItem\",\"@id\":\"https:\\\/\\\/www.eldigitaldeasturias.com\\\/noticias\\\/rusia-conmemora-el-70-aniversario-de-la-ruptura-del-cerco-nazi-a-leningrado\\\/#listItem\",\"position\":3,\"name\":\"Rusia conmemora el 70 aniversario de la ruptura del cerco nazi a Leningrado\",\"previousItem\":{\"@type\":\"ListItem\",\"@id\":\"https:\\\/\\\/www.eldigitaldeasturias.com\\\/noticias\\\/category\\\/actualidad\\\/#listItem\",\"name\":\"Actualidad\"}}]},{\"@type\":\"Organization\",\"@id\":\"https:\\\/\\\/www.eldigitaldeasturias.com\\\/noticias\\\/#organization\",\"name\":\"El Digital de Asturias\",\"description\":\"Hemeroteca\",\"url\":\"https:\\\/\\\/www.eldigitaldeasturias.com\\\/noticias\\\/\",\"email\":\"info@eldigitaldeasturias.com\",\"telephone\":\"+34652131393\",\"logo\":{\"@type\":\"ImageObject\",\"url\":\"https:\\\/\\\/www.eldigitaldeasturias.com\\\/noticias\\\/wp-content\\\/uploads\\\/2020\\\/12\\\/EDA.jpg\",\"@id\":\"https:\\\/\\\/www.eldigitaldeasturias.com\\\/noticias\\\/rusia-conmemora-el-70-aniversario-de-la-ruptura-del-cerco-nazi-a-leningrado\\\/#organizationLogo\"},\"image\":{\"@id\":\"https:\\\/\\\/www.eldigitaldeasturias.com\\\/noticias\\\/rusia-conmemora-el-70-aniversario-de-la-ruptura-del-cerco-nazi-a-leningrado\\\/#organizationLogo\"},\"sameAs\":[\"https:\\\/\\\/facebook.com\\\/eldigitaldeasturias\",\"https:\\\/\\\/www.youtube.com\\\/channel\\\/UCZP-2wLEB9Rv6erhFmqVnvg\"],\"address\":{\"@id\":\"https:\\\/\\\/www.eldigitaldeasturias.com\\\/noticias\\\/#postaladdress\",\"@type\":\"PostalAddress\",\"streetAddress\":\"san antonio 4\",\"postalCode\":\"33430\",\"addressLocality\":\"Cand\\u00e1s\",\"addressRegion\":\"Asturias\",\"addressCountry\":\"ES\"}},{\"@type\":\"Person\",\"@id\":\"https:\\\/\\\/www.eldigitaldeasturias.com\\\/noticias\\\/author\\\/admin\\\/#author\",\"url\":\"https:\\\/\\\/www.eldigitaldeasturias.com\\\/noticias\\\/author\\\/admin\\\/\",\"name\":\"El Digital de Asturias\",\"image\":{\"@type\":\"ImageObject\",\"@id\":\"https:\\\/\\\/www.eldigitaldeasturias.com\\\/noticias\\\/rusia-conmemora-el-70-aniversario-de-la-ruptura-del-cerco-nazi-a-leningrado\\\/#authorImage\",\"url\":\"https:\\\/\\\/secure.gravatar.com\\\/avatar\\\/df2aeffc32bcd13f8d26072ef8a91b623d677766deac7f97ca815868cd41bf5e?s=96&d=mm&r=g\",\"width\":96,\"height\":96,\"caption\":\"El Digital de Asturias\"}},{\"@type\":\"WebPage\",\"@id\":\"https:\\\/\\\/www.eldigitaldeasturias.com\\\/noticias\\\/rusia-conmemora-el-70-aniversario-de-la-ruptura-del-cerco-nazi-a-leningrado\\\/#webpage\",\"url\":\"https:\\\/\\\/www.eldigitaldeasturias.com\\\/noticias\\\/rusia-conmemora-el-70-aniversario-de-la-ruptura-del-cerco-nazi-a-leningrado\\\/\",\"name\":\"Rusia conmemora el 70 aniversario de la ruptura del cerco nazi a Leningrado - El Digital de Asturias\",\"description\":\"San Petersburgo (Rusia), 27 ene (EFE).- San Petersburgo recuerda hoy el 70 aniversario de la ruptura del tr\\u00e1gico cerco por las tropas nazis a la entonces Leningrado, uno de los episodios m\\u00e1s negros de la Segunda Guerra Mundial, que entre 1941 y 1944 se cobr\\u00f3 la vida de al menos un mill\\u00f3n de personas. El\",\"inLanguage\":\"es-ES\",\"isPartOf\":{\"@id\":\"https:\\\/\\\/www.eldigitaldeasturias.com\\\/noticias\\\/#website\"},\"breadcrumb\":{\"@id\":\"https:\\\/\\\/www.eldigitaldeasturias.com\\\/noticias\\\/rusia-conmemora-el-70-aniversario-de-la-ruptura-del-cerco-nazi-a-leningrado\\\/#breadcrumblist\"},\"author\":{\"@id\":\"https:\\\/\\\/www.eldigitaldeasturias.com\\\/noticias\\\/author\\\/admin\\\/#author\"},\"creator\":{\"@id\":\"https:\\\/\\\/www.eldigitaldeasturias.com\\\/noticias\\\/author\\\/admin\\\/#author\"},\"image\":{\"@type\":\"ImageObject\",\"url\":\"https:\\\/\\\/www.eldigitaldeasturias.com\\\/noticias\\\/wp-content\\\/uploads\\\/2026\\\/06\\\/Contenidos.jpg\",\"@id\":\"https:\\\/\\\/www.eldigitaldeasturias.com\\\/noticias\\\/rusia-conmemora-el-70-aniversario-de-la-ruptura-del-cerco-nazi-a-leningrado\\\/#mainImage\",\"width\":1265,\"height\":697,\"caption\":\"Contenidos\"},\"primaryImageOfPage\":{\"@id\":\"https:\\\/\\\/www.eldigitaldeasturias.com\\\/noticias\\\/rusia-conmemora-el-70-aniversario-de-la-ruptura-del-cerco-nazi-a-leningrado\\\/#mainImage\"},\"datePublished\":\"2014-01-27T22:06:55+01:00\",\"dateModified\":\"2014-01-27T22:06:55+01:00\"},{\"@type\":\"WebSite\",\"@id\":\"https:\\\/\\\/www.eldigitaldeasturias.com\\\/noticias\\\/#website\",\"url\":\"https:\\\/\\\/www.eldigitaldeasturias.com\\\/noticias\\\/\",\"name\":\"El Digital de Asturias - Diario de actualidad y noticias\",\"alternateName\":\"El Digital de Asturias - Diario de actualidad y noticias\",\"description\":\"Hemeroteca\",\"inLanguage\":\"es-ES\",\"publisher\":{\"@id\":\"https:\\\/\\\/www.eldigitaldeasturias.com\\\/noticias\\\/#organization\"}}]}\n\t\t<\/script>\n\t\t<!-- All in One SEO Pro -->\r\n\t\t<title>Rusia conmemora el 70 aniversario de la ruptura del cerco nazi a Leningrado - El Digital de Asturias<\/title>\n\n","aioseo_head_json":{"title":"Rusia conmemora el 70 aniversario de la ruptura del cerco nazi a Leningrado - El Digital de Asturias","description":"San Petersburgo (Rusia), 27 ene (EFE).- San Petersburgo recuerda hoy el 70 aniversario de la ruptura del tr\u00e1gico cerco por las tropas nazis a la entonces Leningrado, uno de los episodios m\u00e1s negros de la Segunda Guerra Mundial, que entre 1941 y 1944 se cobr\u00f3 la vida de al menos un mill\u00f3n de personas. El","canonical_url":"https:\/\/www.eldigitaldeasturias.com\/noticias\/rusia-conmemora-el-70-aniversario-de-la-ruptura-del-cerco-nazi-a-leningrado\/","robots":"max-image-preview:large","keywords":"actualidad","webmasterTools":{"google-site-verification":"UA-38556648-1","msvalidate.01":"7dfe9f3f1b24437ab69f4f2559babe99","miscellaneous":""},"schema":{"@context":"https:\/\/schema.org","@graph":[{"@type":"BlogPosting","@id":"https:\/\/www.eldigitaldeasturias.com\/noticias\/rusia-conmemora-el-70-aniversario-de-la-ruptura-del-cerco-nazi-a-leningrado\/#blogposting","name":"Rusia conmemora el 70 aniversario de la ruptura del cerco nazi a Leningrado - El Digital de Asturias","headline":"Rusia conmemora el 70 aniversario de la ruptura del cerco nazi a Leningrado","author":{"@id":"https:\/\/www.eldigitaldeasturias.com\/noticias\/author\/admin\/#author"},"publisher":{"@id":"https:\/\/www.eldigitaldeasturias.com\/noticias\/#organization"},"image":{"@type":"ImageObject","url":"https:\/\/www.eldigitaldeasturias.com\/noticias\/wp-content\/uploads\/2026\/06\/Contenidos.jpg","width":1265,"height":697,"caption":"Contenidos"},"datePublished":"2014-01-27T22:06:55+01:00","dateModified":"2014-01-27T22:06:55+01:00","inLanguage":"es-ES","mainEntityOfPage":{"@id":"https:\/\/www.eldigitaldeasturias.com\/noticias\/rusia-conmemora-el-70-aniversario-de-la-ruptura-del-cerco-nazi-a-leningrado\/#webpage"},"isPartOf":{"@id":"https:\/\/www.eldigitaldeasturias.com\/noticias\/rusia-conmemora-el-70-aniversario-de-la-ruptura-del-cerco-nazi-a-leningrado\/#webpage"},"articleSection":"Actualidad"},{"@type":"BreadcrumbList","@id":"https:\/\/www.eldigitaldeasturias.com\/noticias\/rusia-conmemora-el-70-aniversario-de-la-ruptura-del-cerco-nazi-a-leningrado\/#breadcrumblist","itemListElement":[{"@type":"ListItem","@id":"https:\/\/www.eldigitaldeasturias.com\/noticias#listItem","position":1,"name":"Home","item":"https:\/\/www.eldigitaldeasturias.com\/noticias","nextItem":{"@type":"ListItem","@id":"https:\/\/www.eldigitaldeasturias.com\/noticias\/category\/actualidad\/#listItem","name":"Actualidad"}},{"@type":"ListItem","@id":"https:\/\/www.eldigitaldeasturias.com\/noticias\/category\/actualidad\/#listItem","position":2,"name":"Actualidad","item":"https:\/\/www.eldigitaldeasturias.com\/noticias\/category\/actualidad\/","nextItem":{"@type":"ListItem","@id":"https:\/\/www.eldigitaldeasturias.com\/noticias\/rusia-conmemora-el-70-aniversario-de-la-ruptura-del-cerco-nazi-a-leningrado\/#listItem","name":"Rusia conmemora el 70 aniversario de la ruptura del cerco nazi a Leningrado"},"previousItem":{"@type":"ListItem","@id":"https:\/\/www.eldigitaldeasturias.com\/noticias#listItem","name":"Home"}},{"@type":"ListItem","@id":"https:\/\/www.eldigitaldeasturias.com\/noticias\/rusia-conmemora-el-70-aniversario-de-la-ruptura-del-cerco-nazi-a-leningrado\/#listItem","position":3,"name":"Rusia conmemora el 70 aniversario de la ruptura del cerco nazi a Leningrado","previousItem":{"@type":"ListItem","@id":"https:\/\/www.eldigitaldeasturias.com\/noticias\/category\/actualidad\/#listItem","name":"Actualidad"}}]},{"@type":"Organization","@id":"https:\/\/www.eldigitaldeasturias.com\/noticias\/#organization","name":"El Digital de Asturias","description":"Hemeroteca","url":"https:\/\/www.eldigitaldeasturias.com\/noticias\/","email":"info@eldigitaldeasturias.com","telephone":"+34652131393","logo":{"@type":"ImageObject","url":"https:\/\/www.eldigitaldeasturias.com\/noticias\/wp-content\/uploads\/2020\/12\/EDA.jpg","@id":"https:\/\/www.eldigitaldeasturias.com\/noticias\/rusia-conmemora-el-70-aniversario-de-la-ruptura-del-cerco-nazi-a-leningrado\/#organizationLogo"},"image":{"@id":"https:\/\/www.eldigitaldeasturias.com\/noticias\/rusia-conmemora-el-70-aniversario-de-la-ruptura-del-cerco-nazi-a-leningrado\/#organizationLogo"},"sameAs":["https:\/\/facebook.com\/eldigitaldeasturias","https:\/\/www.youtube.com\/channel\/UCZP-2wLEB9Rv6erhFmqVnvg"],"address":{"@id":"https:\/\/www.eldigitaldeasturias.com\/noticias\/#postaladdress","@type":"PostalAddress","streetAddress":"san antonio 4","postalCode":"33430","addressLocality":"Cand\u00e1s","addressRegion":"Asturias","addressCountry":"ES"}},{"@type":"Person","@id":"https:\/\/www.eldigitaldeasturias.com\/noticias\/author\/admin\/#author","url":"https:\/\/www.eldigitaldeasturias.com\/noticias\/author\/admin\/","name":"El Digital de Asturias","image":{"@type":"ImageObject","@id":"https:\/\/www.eldigitaldeasturias.com\/noticias\/rusia-conmemora-el-70-aniversario-de-la-ruptura-del-cerco-nazi-a-leningrado\/#authorImage","url":"https:\/\/secure.gravatar.com\/avatar\/df2aeffc32bcd13f8d26072ef8a91b623d677766deac7f97ca815868cd41bf5e?s=96&d=mm&r=g","width":96,"height":96,"caption":"El Digital de Asturias"}},{"@type":"WebPage","@id":"https:\/\/www.eldigitaldeasturias.com\/noticias\/rusia-conmemora-el-70-aniversario-de-la-ruptura-del-cerco-nazi-a-leningrado\/#webpage","url":"https:\/\/www.eldigitaldeasturias.com\/noticias\/rusia-conmemora-el-70-aniversario-de-la-ruptura-del-cerco-nazi-a-leningrado\/","name":"Rusia conmemora el 70 aniversario de la ruptura del cerco nazi a Leningrado - El Digital de Asturias","description":"San Petersburgo (Rusia), 27 ene (EFE).- San Petersburgo recuerda hoy el 70 aniversario de la ruptura del tr\u00e1gico cerco por las tropas nazis a la entonces Leningrado, uno de los episodios m\u00e1s negros de la Segunda Guerra Mundial, que entre 1941 y 1944 se cobr\u00f3 la vida de al menos un mill\u00f3n de personas. El","inLanguage":"es-ES","isPartOf":{"@id":"https:\/\/www.eldigitaldeasturias.com\/noticias\/#website"},"breadcrumb":{"@id":"https:\/\/www.eldigitaldeasturias.com\/noticias\/rusia-conmemora-el-70-aniversario-de-la-ruptura-del-cerco-nazi-a-leningrado\/#breadcrumblist"},"author":{"@id":"https:\/\/www.eldigitaldeasturias.com\/noticias\/author\/admin\/#author"},"creator":{"@id":"https:\/\/www.eldigitaldeasturias.com\/noticias\/author\/admin\/#author"},"image":{"@type":"ImageObject","url":"https:\/\/www.eldigitaldeasturias.com\/noticias\/wp-content\/uploads\/2026\/06\/Contenidos.jpg","@id":"https:\/\/www.eldigitaldeasturias.com\/noticias\/rusia-conmemora-el-70-aniversario-de-la-ruptura-del-cerco-nazi-a-leningrado\/#mainImage","width":1265,"height":697,"caption":"Contenidos"},"primaryImageOfPage":{"@id":"https:\/\/www.eldigitaldeasturias.com\/noticias\/rusia-conmemora-el-70-aniversario-de-la-ruptura-del-cerco-nazi-a-leningrado\/#mainImage"},"datePublished":"2014-01-27T22:06:55+01:00","dateModified":"2014-01-27T22:06:55+01:00"},{"@type":"WebSite","@id":"https:\/\/www.eldigitaldeasturias.com\/noticias\/#website","url":"https:\/\/www.eldigitaldeasturias.com\/noticias\/","name":"El Digital de Asturias - Diario de actualidad y noticias","alternateName":"El Digital de Asturias - Diario de actualidad y noticias","description":"Hemeroteca","inLanguage":"es-ES","publisher":{"@id":"https:\/\/www.eldigitaldeasturias.com\/noticias\/#organization"}}]},"og:locale":"es_ES","og:site_name":"El Digital de Asturias","og:type":"article","og:title":"Rusia conmemora el 70 aniversario de la ruptura del cerco nazi a Leningrado - El Digital de Asturias","og:description":"San Petersburgo (Rusia), 27 ene (EFE).- San Petersburgo recuerda hoy el 70 aniversario de la ruptura del tr\u00e1gico cerco por las tropas nazis a la entonces Leningrado, uno de los episodios m\u00e1s negros de la Segunda Guerra Mundial, que entre 1941 y 1944 se cobr\u00f3 la vida de al menos un mill\u00f3n de personas. El","og:url":"https:\/\/www.eldigitaldeasturias.com\/noticias\/rusia-conmemora-el-70-aniversario-de-la-ruptura-del-cerco-nazi-a-leningrado\/","og:image":"https:\/\/www.eldigitaldeasturias.com\/noticias\/wp-content\/uploads\/2026\/06\/Contenidos.jpg","og:image:secure_url":"https:\/\/www.eldigitaldeasturias.com\/noticias\/wp-content\/uploads\/2026\/06\/Contenidos.jpg","og:image:width":1265,"og:image:height":697,"article:tag":["actualidad"],"article:published_time":"2014-01-27T23:06:55+00:00","article:modified_time":"2014-01-27T23:06:55+00:00","article:publisher":"https:\/\/facebook.com\/eldigitaldeasturias","twitter:card":"summary_large_image","twitter:title":"Rusia conmemora el 70 aniversario de la ruptura del cerco nazi a Leningrado - El Digital de Asturias","twitter:description":"San Petersburgo (Rusia), 27 ene (EFE).- San Petersburgo recuerda hoy el 70 aniversario de la ruptura del tr\u00e1gico cerco por las tropas nazis a la entonces Leningrado, uno de los episodios m\u00e1s negros de la Segunda Guerra Mundial, que entre 1941 y 1944 se cobr\u00f3 la vida de al menos un mill\u00f3n de personas. El","twitter:image":"https:\/\/www.eldigitaldeasturias.com\/noticias\/wp-content\/uploads\/2026\/06\/Contenidos.jpg","twitter:label1":"Escrito por","twitter:data1":"El Digital de Asturias","twitter:label2":"Tiempo de lectura estimado","twitter:data2":"4 minutos"},"aioseo_meta_data":{"post_id":"479646","title":null,"description":null,"keywords":null,"keyphrases":null,"primary_term":null,"canonical_url":null,"og_title":null,"og_description":null,"og_object_type":"default","og_image_type":"default","og_image_url":null,"og_image_width":null,"og_image_height":null,"og_image_custom_url":null,"og_image_custom_fields":null,"og_video":null,"og_custom_url":null,"og_article_section":null,"og_article_tags":null,"twitter_use_og":true,"twitter_card":"default","twitter_image_type":"default","twitter_image_url":null,"twitter_image_custom_url":null,"twitter_image_custom_fields":null,"twitter_title":null,"twitter_description":null,"schema":{"blockGraphs":[],"customGraphs":[],"default":{"data":{"Article":[],"Course":[],"Dataset":[],"FAQPage":[],"Movie":[],"Person":[],"Product":[],"ProductReview":[],"Car":[],"Recipe":[],"Service":[],"SoftwareApplication":[],"WebPage":[]},"graphName":"","isEnabled":true},"graphs":[],"defaultGraph":"","defaultPostTypeGraph":""},"schema_type":null,"schema_type_options":null,"pillar_content":false,"robots_default":true,"robots_noindex":false,"robots_noarchive":false,"robots_nosnippet":false,"robots_nofollow":false,"robots_noimageindex":false,"robots_noodp":false,"robots_notranslate":false,"robots_max_snippet":null,"robots_max_videopreview":null,"robots_max_imagepreview":"none","priority":null,"frequency":null,"local_seo":null,"seo_analyzer_scan_date":"2026-06-02 01:09:46","breadcrumb_settings":null,"limit_modified_date":false,"open_ai":null,"ai":null,"created":"2020-11-14 22:54:05","updated":"2026-06-02 01:09:46","focus_keyword":null,"additional_keywords":null,"truseo_locale":null},"aioseo_breadcrumb":"<div class=\"aioseo-breadcrumbs\"><span class=\"aioseo-breadcrumb\">\n\t<a href=\"https:\/\/www.eldigitaldeasturias.com\/noticias\" title=\"Home\">Home<\/a>\n<\/span><span class=\"aioseo-breadcrumb-separator\">\u2013<\/span><span class=\"aioseo-breadcrumb\">\n\t<a href=\"https:\/\/www.eldigitaldeasturias.com\/noticias\/category\/actualidad\/\" title=\"Actualidad\">Actualidad<\/a>\n<\/span><span class=\"aioseo-breadcrumb-separator\">\u2013<\/span><span class=\"aioseo-breadcrumb\">\n\t<a href=\"https:\/\/www.eldigitaldeasturias.com\/noticias\/rusia-conmemora-el-70-aniversario-de-la-ruptura-del-cerco-nazi-a-leningrado\/\" title=\"Rusia conmemora el 70 aniversario de la ruptura del cerco nazi a Leningrado\">Rusia conmemora el 70 aniversario de la ruptura del cerco nazi a Leningrado<\/a>\n<\/span><\/div>","aioseo_breadcrumb_json":[{"label":"Home","link":"https:\/\/www.eldigitaldeasturias.com\/noticias"},{"label":"Actualidad","link":"https:\/\/www.eldigitaldeasturias.com\/noticias\/category\/actualidad\/"},{"label":"Rusia conmemora el 70 aniversario de la ruptura del cerco nazi a Leningrado","link":"https:\/\/www.eldigitaldeasturias.com\/noticias\/rusia-conmemora-el-70-aniversario-de-la-ruptura-del-cerco-nazi-a-leningrado\/"}],"_links":{"self":[{"href":"https:\/\/www.eldigitaldeasturias.com\/noticias\/wp-json\/wp\/v2\/posts\/479646","targetHints":{"allow":["GET"]}}],"collection":[{"href":"https:\/\/www.eldigitaldeasturias.com\/noticias\/wp-json\/wp\/v2\/posts"}],"about":[{"href":"https:\/\/www.eldigitaldeasturias.com\/noticias\/wp-json\/wp\/v2\/types\/post"}],"author":[{"embeddable":true,"href":"https:\/\/www.eldigitaldeasturias.com\/noticias\/wp-json\/wp\/v2\/users\/1"}],"replies":[{"embeddable":true,"href":"https:\/\/www.eldigitaldeasturias.com\/noticias\/wp-json\/wp\/v2\/comments?post=479646"}],"version-history":[{"count":0,"href":"https:\/\/www.eldigitaldeasturias.com\/noticias\/wp-json\/wp\/v2\/posts\/479646\/revisions"}],"wp:featuredmedia":[{"embeddable":true,"href":"https:\/\/www.eldigitaldeasturias.com\/noticias\/wp-json\/wp\/v2\/media\/1132184"}],"wp:attachment":[{"href":"https:\/\/www.eldigitaldeasturias.com\/noticias\/wp-json\/wp\/v2\/media?parent=479646"}],"wp:term":[{"taxonomy":"category","embeddable":true,"href":"https:\/\/www.eldigitaldeasturias.com\/noticias\/wp-json\/wp\/v2\/categories?post=479646"},{"taxonomy":"post_tag","embeddable":true,"href":"https:\/\/www.eldigitaldeasturias.com\/noticias\/wp-json\/wp\/v2\/tags?post=479646"}],"curies":[{"name":"wp","href":"https:\/\/api.w.org\/{rel}","templated":true}]}}