{"id":479616,"date":"2014-01-27T20:05:51","date_gmt":"2014-01-27T21:05:51","guid":{"rendered":"http:\/\/www.eldigitaldeasturias.com\/noticias\/?p=479616"},"modified":"2014-01-27T20:05:51","modified_gmt":"2014-01-27T21:05:51","slug":"el-psm-asegura-que-hara-primarias-de-verdad-pero-no-avanza-si-seran-abiertas","status":"publish","type":"post","link":"https:\/\/www.eldigitaldeasturias.com\/noticias\/el-psm-asegura-que-hara-primarias-de-verdad-pero-no-avanza-si-seran-abiertas\/","title":{"rendered":"El PSM asegura que har\u00e1 primarias \u00abde verdad\u00bb pero no avanza si ser\u00e1n abiertas"},"content":{"rendered":"<p><img loading=\"lazy\" decoding=\"async\" class=\"alignleft size-medium wp-image-479617\" alt=\"5878808w\" src=\"https:\/\/www.eldigitaldeasturias.com\/noticias\/wp-content\/uploads\/2014\/01\/5878808w-305x320.jpg\" width=\"305\" height=\"320\" \/>Madrid, 27 ene (EFE).- La presidenta del grupo parlamentario del PSM en la Asamblea de Madrid, Amparo Valcarce, ha asegurado hoy que su partido har\u00e1 \u00abprimarias de verdad\u00bb, pero ha eludido pronunciarse sobre si se realizar\u00e1n entre la militancia o ser\u00e1n abiertas a la participaci\u00f3n de simpatizantes.<\/p>\n<p>A la pregunta de cu\u00e1ndo el PSM har\u00e1 p\u00fablico el formato de las primarias para elegir al candidato a la presidencia de la Comunidad de Madrid, Valcarce ha indicado que ahora no es el tiempo de esta cuesti\u00f3n, sino el tiempo \u00abde los ciudadanos\u00bb y de poner fin a la tragedia de los \u00abrecortes\u00bb y las \u00abcorruptelas\u00bb.<\/p>\n<p>En declaraciones a los periodistas durante la reuni\u00f3n de la Diputaci\u00f3n Permanente, Valcarce ha indicado que el partido socialista es el \u00fanico que hace primarias, a lo que ha agregado que estas, adem\u00e1s, son \u00abde verdad\u00bb.<\/p>\n<p>\u00abVa a haber primarias, y primarias de verdad\u00bb, ha remarcado ante reiteradas preguntas de los periodistas sobre el formato de las mismas.<\/p>\n<p>A la cuesti\u00f3n de si las primarias \u00abde verdad\u00bb son abiertas o cerradas, Valcarce ha contestado que las primaria son \u00abde verdad\u00bb \u00abporque son las que se hacen en el partido que es la esperanza de Gobierno de los madrile\u00f1os\u00bb.<\/p>\n<p>Ha destacado que la mayor\u00eda de los socialistas acord\u00f3 un reglamento de primarias en el pasado Comit\u00e9 Federal del PSOE y que estas elecciones son \u00abuna herramienta democr\u00e1tica para la participaci\u00f3n pol\u00edtica\u00bb y una herramienta que utiliza \u00abel partido m\u00e1s comprometido con la democracia\u00bb.<\/p>\n<p>La presidenta del grupo parlamentario del PSM ha celebrado la \u00abunidad\u00bb que ayer se produjo, en su opini\u00f3n, entre los participantes el Comit\u00e9 Regional del PSM.<\/p>\n<p>Preguntada sobre una ca\u00edda del n\u00famero de militantes en el PSM, Valcerca ha contestado que muchos ciudadanos tienen ya depositada su confianza en los socialistas, cuya \u00abobligaci\u00f3n\u00bb es ganarse uno a uno a los ciudadanos que no saben si van a ir a votar.<\/p>\n<p>Por \u00faltimo, ha considerado que las elecciones europeas de mayo son una oportunidad para que los ciudadanos puedan decir no a los \u00abrecortes\u00bb.<\/p>\n","protected":false},"excerpt":{"rendered":"<p>Madrid, 27 ene (EFE).- La presidenta del grupo parlamentario del PSM en la Asamblea de Madrid, Amparo Valcarce, ha asegurado hoy que su partido har\u00e1 \u00abprimarias de verdad\u00bb, pero ha eludido pronunciarse sobre si se realizar\u00e1n entre la militancia o ser\u00e1n abiertas a la participaci\u00f3n de simpatizantes. A la pregunta de cu\u00e1ndo el PSM har\u00e1 [&hellip;]<\/p>\n","protected":false},"author":1,"featured_media":1132184,"comment_status":"closed","ping_status":"open","sticky":false,"template":"","format":"standard","meta":{"footnotes":""},"categories":[1],"tags":[],"class_list":["post-479616","post","type-post","status-publish","format-standard","has-post-thumbnail","hentry","category-actualidad"],"aioseo_notices":[],"aioseo_head":"\n\t\t<!-- All in One SEO Pro 5.0.1 - aioseo.com -->\n\t<meta name=\"description\" content=\"Madrid, 27 ene (EFE).- La presidenta del grupo parlamentario del PSM en la Asamblea de Madrid, Amparo Valcarce, ha asegurado hoy que su partido har\u00e1 &quot;primarias de verdad&quot;, pero ha eludido pronunciarse sobre si se realizar\u00e1n entre la militancia o ser\u00e1n abiertas a la participaci\u00f3n de simpatizantes. A la pregunta de cu\u00e1ndo el PSM har\u00e1\" \/>\n\t<meta name=\"robots\" content=\"max-image-preview:large\" \/>\n\t<meta name=\"author\" content=\"El Digital de Asturias\"\/>\n\t<meta name=\"google-site-verification\" content=\"UA-38556648-1\" \/>\n\t<meta name=\"msvalidate.01\" content=\"7dfe9f3f1b24437ab69f4f2559babe99\" \/>\n\t<meta name=\"keywords\" content=\"actualidad\" \/>\n\t<link rel=\"canonical\" href=\"https:\/\/www.eldigitaldeasturias.com\/noticias\/el-psm-asegura-que-hara-primarias-de-verdad-pero-no-avanza-si-seran-abiertas\/\" \/>\n\t<meta name=\"generator\" content=\"All in One SEO Pro (AIOSEO) 5.0.1\" \/>\n\t\t<meta property=\"og:locale\" content=\"es_ES\" \/>\n\t\t<meta property=\"og:site_name\" content=\"El Digital de Asturias\" \/>\n\t\t<meta property=\"og:type\" content=\"article\" \/>\n\t\t<meta property=\"og:title\" content=\"El PSM asegura que har\u00e1 primarias \u00abde verdad\u00bb pero no avanza si ser\u00e1n abiertas - El Digital de Asturias\" \/>\n\t\t<meta property=\"og:description\" content=\"Madrid, 27 ene (EFE).- La presidenta del grupo parlamentario del PSM en la Asamblea de Madrid, Amparo Valcarce, ha asegurado hoy que su partido har\u00e1 &quot;primarias de verdad&quot;, pero ha eludido pronunciarse sobre si se realizar\u00e1n entre la militancia o ser\u00e1n abiertas a la participaci\u00f3n de simpatizantes. A la pregunta de cu\u00e1ndo el PSM har\u00e1\" \/>\n\t\t<meta property=\"og:url\" content=\"https:\/\/www.eldigitaldeasturias.com\/noticias\/el-psm-asegura-que-hara-primarias-de-verdad-pero-no-avanza-si-seran-abiertas\/\" \/>\n\t\t<meta property=\"og:image\" content=\"https:\/\/www.eldigitaldeasturias.com\/noticias\/wp-content\/uploads\/2026\/06\/Contenidos.jpg\" \/>\n\t\t<meta property=\"og:image:secure_url\" content=\"https:\/\/www.eldigitaldeasturias.com\/noticias\/wp-content\/uploads\/2026\/06\/Contenidos.jpg\" \/>\n\t\t<meta property=\"og:image:width\" content=\"1265\" \/>\n\t\t<meta property=\"og:image:height\" content=\"697\" \/>\n\t\t<meta property=\"article:tag\" content=\"actualidad\" \/>\n\t\t<meta property=\"article:published_time\" content=\"2014-01-27T21:05:51+00:00\" \/>\n\t\t<meta property=\"article:modified_time\" content=\"2014-01-27T21:05:51+00:00\" \/>\n\t\t<meta property=\"article:publisher\" content=\"https:\/\/facebook.com\/eldigitaldeasturias\" \/>\n\t\t<meta name=\"twitter:card\" content=\"summary_large_image\" \/>\n\t\t<meta name=\"twitter:title\" content=\"El PSM asegura que har\u00e1 primarias \u00abde verdad\u00bb pero no avanza si ser\u00e1n abiertas - El Digital de Asturias\" \/>\n\t\t<meta name=\"twitter:description\" content=\"Madrid, 27 ene (EFE).- La presidenta del grupo parlamentario del PSM en la Asamblea de Madrid, Amparo Valcarce, ha asegurado hoy que su partido har\u00e1 &quot;primarias de verdad&quot;, pero ha eludido pronunciarse sobre si se realizar\u00e1n entre la militancia o ser\u00e1n abiertas a la participaci\u00f3n de simpatizantes. A la pregunta de cu\u00e1ndo el PSM har\u00e1\" \/>\n\t\t<meta name=\"twitter:image\" content=\"https:\/\/www.eldigitaldeasturias.com\/noticias\/wp-content\/uploads\/2026\/06\/Contenidos.jpg\" \/>\n\t\t<meta name=\"twitter:label1\" content=\"Escrito por\" \/>\n\t\t<meta name=\"twitter:data1\" content=\"El Digital de Asturias\" \/>\n\t\t<meta name=\"twitter:label2\" content=\"Tiempo de lectura estimado\" \/>\n\t\t<meta name=\"twitter:data2\" content=\"2 minutos\" \/>\n\t\t<script type=\"application\/ld+json\" class=\"aioseo-schema\">\n\t\t\t{\"@context\":\"https:\\\/\\\/schema.org\",\"@graph\":[{\"@type\":\"BlogPosting\",\"@id\":\"https:\\\/\\\/www.eldigitaldeasturias.com\\\/noticias\\\/el-psm-asegura-que-hara-primarias-de-verdad-pero-no-avanza-si-seran-abiertas\\\/#blogposting\",\"name\":\"El PSM asegura que har\\u00e1 primarias \\u00abde verdad\\u00bb pero no avanza si ser\\u00e1n abiertas - El Digital de Asturias\",\"headline\":\"El PSM asegura que har\\u00e1 primarias \\u00abde verdad\\u00bb pero no avanza si ser\\u00e1n abiertas\",\"author\":{\"@id\":\"https:\\\/\\\/www.eldigitaldeasturias.com\\\/noticias\\\/author\\\/admin\\\/#author\"},\"publisher\":{\"@id\":\"https:\\\/\\\/www.eldigitaldeasturias.com\\\/noticias\\\/#organization\"},\"image\":{\"@type\":\"ImageObject\",\"url\":\"https:\\\/\\\/www.eldigitaldeasturias.com\\\/noticias\\\/wp-content\\\/uploads\\\/2026\\\/06\\\/Contenidos.jpg\",\"width\":1265,\"height\":697,\"caption\":\"Contenidos\"},\"datePublished\":\"2014-01-27T20:05:51+01:00\",\"dateModified\":\"2014-01-27T20:05:51+01:00\",\"inLanguage\":\"es-ES\",\"mainEntityOfPage\":{\"@id\":\"https:\\\/\\\/www.eldigitaldeasturias.com\\\/noticias\\\/el-psm-asegura-que-hara-primarias-de-verdad-pero-no-avanza-si-seran-abiertas\\\/#webpage\"},\"isPartOf\":{\"@id\":\"https:\\\/\\\/www.eldigitaldeasturias.com\\\/noticias\\\/el-psm-asegura-que-hara-primarias-de-verdad-pero-no-avanza-si-seran-abiertas\\\/#webpage\"},\"articleSection\":\"Actualidad\"},{\"@type\":\"BreadcrumbList\",\"@id\":\"https:\\\/\\\/www.eldigitaldeasturias.com\\\/noticias\\\/el-psm-asegura-que-hara-primarias-de-verdad-pero-no-avanza-si-seran-abiertas\\\/#breadcrumblist\",\"itemListElement\":[{\"@type\":\"ListItem\",\"@id\":\"https:\\\/\\\/www.eldigitaldeasturias.com\\\/noticias#listItem\",\"position\":1,\"name\":\"Home\",\"item\":\"https:\\\/\\\/www.eldigitaldeasturias.com\\\/noticias\",\"nextItem\":{\"@type\":\"ListItem\",\"@id\":\"https:\\\/\\\/www.eldigitaldeasturias.com\\\/noticias\\\/category\\\/actualidad\\\/#listItem\",\"name\":\"Actualidad\"}},{\"@type\":\"ListItem\",\"@id\":\"https:\\\/\\\/www.eldigitaldeasturias.com\\\/noticias\\\/category\\\/actualidad\\\/#listItem\",\"position\":2,\"name\":\"Actualidad\",\"item\":\"https:\\\/\\\/www.eldigitaldeasturias.com\\\/noticias\\\/category\\\/actualidad\\\/\",\"nextItem\":{\"@type\":\"ListItem\",\"@id\":\"https:\\\/\\\/www.eldigitaldeasturias.com\\\/noticias\\\/el-psm-asegura-que-hara-primarias-de-verdad-pero-no-avanza-si-seran-abiertas\\\/#listItem\",\"name\":\"El PSM asegura que har\\u00e1 primarias \\u00abde verdad\\u00bb pero no avanza si ser\\u00e1n abiertas\"},\"previousItem\":{\"@type\":\"ListItem\",\"@id\":\"https:\\\/\\\/www.eldigitaldeasturias.com\\\/noticias#listItem\",\"name\":\"Home\"}},{\"@type\":\"ListItem\",\"@id\":\"https:\\\/\\\/www.eldigitaldeasturias.com\\\/noticias\\\/el-psm-asegura-que-hara-primarias-de-verdad-pero-no-avanza-si-seran-abiertas\\\/#listItem\",\"position\":3,\"name\":\"El PSM asegura que har\\u00e1 primarias \\u00abde verdad\\u00bb pero no avanza si ser\\u00e1n abiertas\",\"previousItem\":{\"@type\":\"ListItem\",\"@id\":\"https:\\\/\\\/www.eldigitaldeasturias.com\\\/noticias\\\/category\\\/actualidad\\\/#listItem\",\"name\":\"Actualidad\"}}]},{\"@type\":\"Organization\",\"@id\":\"https:\\\/\\\/www.eldigitaldeasturias.com\\\/noticias\\\/#organization\",\"name\":\"El Digital de Asturias\",\"description\":\"Hemeroteca\",\"url\":\"https:\\\/\\\/www.eldigitaldeasturias.com\\\/noticias\\\/\",\"email\":\"info@eldigitaldeasturias.com\",\"telephone\":\"+34652131393\",\"logo\":{\"@type\":\"ImageObject\",\"url\":\"https:\\\/\\\/www.eldigitaldeasturias.com\\\/noticias\\\/wp-content\\\/uploads\\\/2020\\\/12\\\/EDA.jpg\",\"@id\":\"https:\\\/\\\/www.eldigitaldeasturias.com\\\/noticias\\\/el-psm-asegura-que-hara-primarias-de-verdad-pero-no-avanza-si-seran-abiertas\\\/#organizationLogo\"},\"image\":{\"@id\":\"https:\\\/\\\/www.eldigitaldeasturias.com\\\/noticias\\\/el-psm-asegura-que-hara-primarias-de-verdad-pero-no-avanza-si-seran-abiertas\\\/#organizationLogo\"},\"sameAs\":[\"https:\\\/\\\/facebook.com\\\/eldigitaldeasturias\",\"https:\\\/\\\/www.youtube.com\\\/channel\\\/UCZP-2wLEB9Rv6erhFmqVnvg\"],\"address\":{\"@id\":\"https:\\\/\\\/www.eldigitaldeasturias.com\\\/noticias\\\/#postaladdress\",\"@type\":\"PostalAddress\",\"streetAddress\":\"san antonio 4\",\"postalCode\":\"33430\",\"addressLocality\":\"Cand\\u00e1s\",\"addressRegion\":\"Asturias\",\"addressCountry\":\"ES\"}},{\"@type\":\"Person\",\"@id\":\"https:\\\/\\\/www.eldigitaldeasturias.com\\\/noticias\\\/author\\\/admin\\\/#author\",\"url\":\"https:\\\/\\\/www.eldigitaldeasturias.com\\\/noticias\\\/author\\\/admin\\\/\",\"name\":\"El Digital de Asturias\",\"image\":{\"@type\":\"ImageObject\",\"@id\":\"https:\\\/\\\/www.eldigitaldeasturias.com\\\/noticias\\\/el-psm-asegura-que-hara-primarias-de-verdad-pero-no-avanza-si-seran-abiertas\\\/#authorImage\",\"url\":\"https:\\\/\\\/secure.gravatar.com\\\/avatar\\\/df2aeffc32bcd13f8d26072ef8a91b623d677766deac7f97ca815868cd41bf5e?s=96&d=mm&r=g\",\"width\":96,\"height\":96,\"caption\":\"El Digital de Asturias\"}},{\"@type\":\"WebPage\",\"@id\":\"https:\\\/\\\/www.eldigitaldeasturias.com\\\/noticias\\\/el-psm-asegura-que-hara-primarias-de-verdad-pero-no-avanza-si-seran-abiertas\\\/#webpage\",\"url\":\"https:\\\/\\\/www.eldigitaldeasturias.com\\\/noticias\\\/el-psm-asegura-que-hara-primarias-de-verdad-pero-no-avanza-si-seran-abiertas\\\/\",\"name\":\"El PSM asegura que har\\u00e1 primarias \\u00abde verdad\\u00bb pero no avanza si ser\\u00e1n abiertas - El Digital de Asturias\",\"description\":\"Madrid, 27 ene (EFE).- La presidenta del grupo parlamentario del PSM en la Asamblea de Madrid, Amparo Valcarce, ha asegurado hoy que su partido har\\u00e1 \\\"primarias de verdad\\\", pero ha eludido pronunciarse sobre si se realizar\\u00e1n entre la militancia o ser\\u00e1n abiertas a la participaci\\u00f3n de simpatizantes. A la pregunta de cu\\u00e1ndo el PSM har\\u00e1\",\"inLanguage\":\"es-ES\",\"isPartOf\":{\"@id\":\"https:\\\/\\\/www.eldigitaldeasturias.com\\\/noticias\\\/#website\"},\"breadcrumb\":{\"@id\":\"https:\\\/\\\/www.eldigitaldeasturias.com\\\/noticias\\\/el-psm-asegura-que-hara-primarias-de-verdad-pero-no-avanza-si-seran-abiertas\\\/#breadcrumblist\"},\"author\":{\"@id\":\"https:\\\/\\\/www.eldigitaldeasturias.com\\\/noticias\\\/author\\\/admin\\\/#author\"},\"creator\":{\"@id\":\"https:\\\/\\\/www.eldigitaldeasturias.com\\\/noticias\\\/author\\\/admin\\\/#author\"},\"image\":{\"@type\":\"ImageObject\",\"url\":\"https:\\\/\\\/www.eldigitaldeasturias.com\\\/noticias\\\/wp-content\\\/uploads\\\/2026\\\/06\\\/Contenidos.jpg\",\"@id\":\"https:\\\/\\\/www.eldigitaldeasturias.com\\\/noticias\\\/el-psm-asegura-que-hara-primarias-de-verdad-pero-no-avanza-si-seran-abiertas\\\/#mainImage\",\"width\":1265,\"height\":697,\"caption\":\"Contenidos\"},\"primaryImageOfPage\":{\"@id\":\"https:\\\/\\\/www.eldigitaldeasturias.com\\\/noticias\\\/el-psm-asegura-que-hara-primarias-de-verdad-pero-no-avanza-si-seran-abiertas\\\/#mainImage\"},\"datePublished\":\"2014-01-27T20:05:51+01:00\",\"dateModified\":\"2014-01-27T20:05:51+01:00\"},{\"@type\":\"WebSite\",\"@id\":\"https:\\\/\\\/www.eldigitaldeasturias.com\\\/noticias\\\/#website\",\"url\":\"https:\\\/\\\/www.eldigitaldeasturias.com\\\/noticias\\\/\",\"name\":\"El Digital de Asturias - Diario de actualidad y noticias\",\"alternateName\":\"El Digital de Asturias - Diario de actualidad y noticias\",\"description\":\"Hemeroteca\",\"inLanguage\":\"es-ES\",\"publisher\":{\"@id\":\"https:\\\/\\\/www.eldigitaldeasturias.com\\\/noticias\\\/#organization\"}}]}\n\t\t<\/script>\n\t\t<!-- All in One SEO Pro -->\r\n\t\t<title>El PSM asegura que har\u00e1 primarias \u00abde verdad\u00bb pero no avanza si ser\u00e1n abiertas - El Digital de Asturias<\/title>\n\n","aioseo_head_json":{"title":"El PSM asegura que har\u00e1 primarias \u00abde verdad\u00bb pero no avanza si ser\u00e1n abiertas - El Digital de Asturias","description":"Madrid, 27 ene (EFE).- La presidenta del grupo parlamentario del PSM en la Asamblea de Madrid, Amparo Valcarce, ha asegurado hoy que su partido har\u00e1 \"primarias de verdad\", pero ha eludido pronunciarse sobre si se realizar\u00e1n entre la militancia o ser\u00e1n abiertas a la participaci\u00f3n de simpatizantes. A la pregunta de cu\u00e1ndo el PSM har\u00e1","canonical_url":"https:\/\/www.eldigitaldeasturias.com\/noticias\/el-psm-asegura-que-hara-primarias-de-verdad-pero-no-avanza-si-seran-abiertas\/","robots":"max-image-preview:large","keywords":"actualidad","webmasterTools":{"google-site-verification":"UA-38556648-1","msvalidate.01":"7dfe9f3f1b24437ab69f4f2559babe99","miscellaneous":""},"schema":{"@context":"https:\/\/schema.org","@graph":[{"@type":"BlogPosting","@id":"https:\/\/www.eldigitaldeasturias.com\/noticias\/el-psm-asegura-que-hara-primarias-de-verdad-pero-no-avanza-si-seran-abiertas\/#blogposting","name":"El PSM asegura que har\u00e1 primarias \u00abde verdad\u00bb pero no avanza si ser\u00e1n abiertas - El Digital de Asturias","headline":"El PSM asegura que har\u00e1 primarias \u00abde verdad\u00bb pero no avanza si ser\u00e1n abiertas","author":{"@id":"https:\/\/www.eldigitaldeasturias.com\/noticias\/author\/admin\/#author"},"publisher":{"@id":"https:\/\/www.eldigitaldeasturias.com\/noticias\/#organization"},"image":{"@type":"ImageObject","url":"https:\/\/www.eldigitaldeasturias.com\/noticias\/wp-content\/uploads\/2026\/06\/Contenidos.jpg","width":1265,"height":697,"caption":"Contenidos"},"datePublished":"2014-01-27T20:05:51+01:00","dateModified":"2014-01-27T20:05:51+01:00","inLanguage":"es-ES","mainEntityOfPage":{"@id":"https:\/\/www.eldigitaldeasturias.com\/noticias\/el-psm-asegura-que-hara-primarias-de-verdad-pero-no-avanza-si-seran-abiertas\/#webpage"},"isPartOf":{"@id":"https:\/\/www.eldigitaldeasturias.com\/noticias\/el-psm-asegura-que-hara-primarias-de-verdad-pero-no-avanza-si-seran-abiertas\/#webpage"},"articleSection":"Actualidad"},{"@type":"BreadcrumbList","@id":"https:\/\/www.eldigitaldeasturias.com\/noticias\/el-psm-asegura-que-hara-primarias-de-verdad-pero-no-avanza-si-seran-abiertas\/#breadcrumblist","itemListElement":[{"@type":"ListItem","@id":"https:\/\/www.eldigitaldeasturias.com\/noticias#listItem","position":1,"name":"Home","item":"https:\/\/www.eldigitaldeasturias.com\/noticias","nextItem":{"@type":"ListItem","@id":"https:\/\/www.eldigitaldeasturias.com\/noticias\/category\/actualidad\/#listItem","name":"Actualidad"}},{"@type":"ListItem","@id":"https:\/\/www.eldigitaldeasturias.com\/noticias\/category\/actualidad\/#listItem","position":2,"name":"Actualidad","item":"https:\/\/www.eldigitaldeasturias.com\/noticias\/category\/actualidad\/","nextItem":{"@type":"ListItem","@id":"https:\/\/www.eldigitaldeasturias.com\/noticias\/el-psm-asegura-que-hara-primarias-de-verdad-pero-no-avanza-si-seran-abiertas\/#listItem","name":"El PSM asegura que har\u00e1 primarias \u00abde verdad\u00bb pero no avanza si ser\u00e1n abiertas"},"previousItem":{"@type":"ListItem","@id":"https:\/\/www.eldigitaldeasturias.com\/noticias#listItem","name":"Home"}},{"@type":"ListItem","@id":"https:\/\/www.eldigitaldeasturias.com\/noticias\/el-psm-asegura-que-hara-primarias-de-verdad-pero-no-avanza-si-seran-abiertas\/#listItem","position":3,"name":"El PSM asegura que har\u00e1 primarias \u00abde verdad\u00bb pero no avanza si ser\u00e1n abiertas","previousItem":{"@type":"ListItem","@id":"https:\/\/www.eldigitaldeasturias.com\/noticias\/category\/actualidad\/#listItem","name":"Actualidad"}}]},{"@type":"Organization","@id":"https:\/\/www.eldigitaldeasturias.com\/noticias\/#organization","name":"El Digital de Asturias","description":"Hemeroteca","url":"https:\/\/www.eldigitaldeasturias.com\/noticias\/","email":"info@eldigitaldeasturias.com","telephone":"+34652131393","logo":{"@type":"ImageObject","url":"https:\/\/www.eldigitaldeasturias.com\/noticias\/wp-content\/uploads\/2020\/12\/EDA.jpg","@id":"https:\/\/www.eldigitaldeasturias.com\/noticias\/el-psm-asegura-que-hara-primarias-de-verdad-pero-no-avanza-si-seran-abiertas\/#organizationLogo"},"image":{"@id":"https:\/\/www.eldigitaldeasturias.com\/noticias\/el-psm-asegura-que-hara-primarias-de-verdad-pero-no-avanza-si-seran-abiertas\/#organizationLogo"},"sameAs":["https:\/\/facebook.com\/eldigitaldeasturias","https:\/\/www.youtube.com\/channel\/UCZP-2wLEB9Rv6erhFmqVnvg"],"address":{"@id":"https:\/\/www.eldigitaldeasturias.com\/noticias\/#postaladdress","@type":"PostalAddress","streetAddress":"san antonio 4","postalCode":"33430","addressLocality":"Cand\u00e1s","addressRegion":"Asturias","addressCountry":"ES"}},{"@type":"Person","@id":"https:\/\/www.eldigitaldeasturias.com\/noticias\/author\/admin\/#author","url":"https:\/\/www.eldigitaldeasturias.com\/noticias\/author\/admin\/","name":"El Digital de Asturias","image":{"@type":"ImageObject","@id":"https:\/\/www.eldigitaldeasturias.com\/noticias\/el-psm-asegura-que-hara-primarias-de-verdad-pero-no-avanza-si-seran-abiertas\/#authorImage","url":"https:\/\/secure.gravatar.com\/avatar\/df2aeffc32bcd13f8d26072ef8a91b623d677766deac7f97ca815868cd41bf5e?s=96&d=mm&r=g","width":96,"height":96,"caption":"El Digital de Asturias"}},{"@type":"WebPage","@id":"https:\/\/www.eldigitaldeasturias.com\/noticias\/el-psm-asegura-que-hara-primarias-de-verdad-pero-no-avanza-si-seran-abiertas\/#webpage","url":"https:\/\/www.eldigitaldeasturias.com\/noticias\/el-psm-asegura-que-hara-primarias-de-verdad-pero-no-avanza-si-seran-abiertas\/","name":"El PSM asegura que har\u00e1 primarias \u00abde verdad\u00bb pero no avanza si ser\u00e1n abiertas - El Digital de Asturias","description":"Madrid, 27 ene (EFE).- La presidenta del grupo parlamentario del PSM en la Asamblea de Madrid, Amparo Valcarce, ha asegurado hoy que su partido har\u00e1 \"primarias de verdad\", pero ha eludido pronunciarse sobre si se realizar\u00e1n entre la militancia o ser\u00e1n abiertas a la participaci\u00f3n de simpatizantes. A la pregunta de cu\u00e1ndo el PSM har\u00e1","inLanguage":"es-ES","isPartOf":{"@id":"https:\/\/www.eldigitaldeasturias.com\/noticias\/#website"},"breadcrumb":{"@id":"https:\/\/www.eldigitaldeasturias.com\/noticias\/el-psm-asegura-que-hara-primarias-de-verdad-pero-no-avanza-si-seran-abiertas\/#breadcrumblist"},"author":{"@id":"https:\/\/www.eldigitaldeasturias.com\/noticias\/author\/admin\/#author"},"creator":{"@id":"https:\/\/www.eldigitaldeasturias.com\/noticias\/author\/admin\/#author"},"image":{"@type":"ImageObject","url":"https:\/\/www.eldigitaldeasturias.com\/noticias\/wp-content\/uploads\/2026\/06\/Contenidos.jpg","@id":"https:\/\/www.eldigitaldeasturias.com\/noticias\/el-psm-asegura-que-hara-primarias-de-verdad-pero-no-avanza-si-seran-abiertas\/#mainImage","width":1265,"height":697,"caption":"Contenidos"},"primaryImageOfPage":{"@id":"https:\/\/www.eldigitaldeasturias.com\/noticias\/el-psm-asegura-que-hara-primarias-de-verdad-pero-no-avanza-si-seran-abiertas\/#mainImage"},"datePublished":"2014-01-27T20:05:51+01:00","dateModified":"2014-01-27T20:05:51+01:00"},{"@type":"WebSite","@id":"https:\/\/www.eldigitaldeasturias.com\/noticias\/#website","url":"https:\/\/www.eldigitaldeasturias.com\/noticias\/","name":"El Digital de Asturias - Diario de actualidad y noticias","alternateName":"El Digital de Asturias - Diario de actualidad y noticias","description":"Hemeroteca","inLanguage":"es-ES","publisher":{"@id":"https:\/\/www.eldigitaldeasturias.com\/noticias\/#organization"}}]},"og:locale":"es_ES","og:site_name":"El Digital de Asturias","og:type":"article","og:title":"El PSM asegura que har\u00e1 primarias \u00abde verdad\u00bb pero no avanza si ser\u00e1n abiertas - El Digital de Asturias","og:description":"Madrid, 27 ene (EFE).- La presidenta del grupo parlamentario del PSM en la Asamblea de Madrid, Amparo Valcarce, ha asegurado hoy que su partido har\u00e1 &quot;primarias de verdad&quot;, pero ha eludido pronunciarse sobre si se realizar\u00e1n entre la militancia o ser\u00e1n abiertas a la participaci\u00f3n de simpatizantes. A la pregunta de cu\u00e1ndo el PSM har\u00e1","og:url":"https:\/\/www.eldigitaldeasturias.com\/noticias\/el-psm-asegura-que-hara-primarias-de-verdad-pero-no-avanza-si-seran-abiertas\/","og:image":"https:\/\/www.eldigitaldeasturias.com\/noticias\/wp-content\/uploads\/2026\/06\/Contenidos.jpg","og:image:secure_url":"https:\/\/www.eldigitaldeasturias.com\/noticias\/wp-content\/uploads\/2026\/06\/Contenidos.jpg","og:image:width":1265,"og:image:height":697,"article:tag":["actualidad"],"article:published_time":"2014-01-27T21:05:51+00:00","article:modified_time":"2014-01-27T21:05:51+00:00","article:publisher":"https:\/\/facebook.com\/eldigitaldeasturias","twitter:card":"summary_large_image","twitter:title":"El PSM asegura que har\u00e1 primarias \u00abde verdad\u00bb pero no avanza si ser\u00e1n abiertas - El Digital de Asturias","twitter:description":"Madrid, 27 ene (EFE).- La presidenta del grupo parlamentario del PSM en la Asamblea de Madrid, Amparo Valcarce, ha asegurado hoy que su partido har\u00e1 &quot;primarias de verdad&quot;, pero ha eludido pronunciarse sobre si se realizar\u00e1n entre la militancia o ser\u00e1n abiertas a la participaci\u00f3n de simpatizantes. A la pregunta de cu\u00e1ndo el PSM har\u00e1","twitter:image":"https:\/\/www.eldigitaldeasturias.com\/noticias\/wp-content\/uploads\/2026\/06\/Contenidos.jpg","twitter:label1":"Escrito por","twitter:data1":"El Digital de Asturias","twitter:label2":"Tiempo de lectura estimado","twitter:data2":"2 minutos"},"aioseo_meta_data":{"post_id":"479616","title":null,"description":null,"keywords":null,"keyphrases":null,"primary_term":null,"canonical_url":null,"og_title":null,"og_description":null,"og_object_type":"default","og_image_type":"default","og_image_url":null,"og_image_width":null,"og_image_height":null,"og_image_custom_url":null,"og_image_custom_fields":null,"og_video":null,"og_custom_url":null,"og_article_section":null,"og_article_tags":null,"twitter_use_og":true,"twitter_card":"default","twitter_image_type":"default","twitter_image_url":null,"twitter_image_custom_url":null,"twitter_image_custom_fields":null,"twitter_title":null,"twitter_description":null,"schema":{"blockGraphs":[],"customGraphs":[],"default":{"data":{"Article":[],"Course":[],"Dataset":[],"FAQPage":[],"Movie":[],"Person":[],"Product":[],"ProductReview":[],"Car":[],"Recipe":[],"Service":[],"SoftwareApplication":[],"WebPage":[]},"graphName":"","isEnabled":true},"graphs":[],"defaultGraph":"","defaultPostTypeGraph":""},"schema_type":null,"schema_type_options":null,"pillar_content":false,"robots_default":true,"robots_noindex":false,"robots_noarchive":false,"robots_nosnippet":false,"robots_nofollow":false,"robots_noimageindex":false,"robots_noodp":false,"robots_notranslate":false,"robots_max_snippet":null,"robots_max_videopreview":null,"robots_max_imagepreview":"none","priority":null,"frequency":null,"local_seo":null,"seo_analyzer_scan_date":"2026-06-02 01:05:49","breadcrumb_settings":null,"limit_modified_date":false,"open_ai":null,"ai":null,"created":"2020-11-14 22:54:05","updated":"2026-06-02 01:05:49","focus_keyword":null,"additional_keywords":null,"truseo_locale":null},"aioseo_breadcrumb":"<div class=\"aioseo-breadcrumbs\"><span class=\"aioseo-breadcrumb\">\n\t<a href=\"https:\/\/www.eldigitaldeasturias.com\/noticias\" title=\"Home\">Home<\/a>\n<\/span><span class=\"aioseo-breadcrumb-separator\">\u2013<\/span><span class=\"aioseo-breadcrumb\">\n\t<a href=\"https:\/\/www.eldigitaldeasturias.com\/noticias\/category\/actualidad\/\" title=\"Actualidad\">Actualidad<\/a>\n<\/span><span class=\"aioseo-breadcrumb-separator\">\u2013<\/span><span class=\"aioseo-breadcrumb\">\n\t<a href=\"https:\/\/www.eldigitaldeasturias.com\/noticias\/el-psm-asegura-que-hara-primarias-de-verdad-pero-no-avanza-si-seran-abiertas\/\" title=\"El PSM asegura que har\u00e1 primarias \u00abde verdad\u00bb pero no avanza si ser\u00e1n abiertas\">El PSM asegura que har\u00e1 primarias \u00abde verdad\u00bb pero no avanza si ser\u00e1n abiertas<\/a>\n<\/span><\/div>","aioseo_breadcrumb_json":[{"label":"Home","link":"https:\/\/www.eldigitaldeasturias.com\/noticias"},{"label":"Actualidad","link":"https:\/\/www.eldigitaldeasturias.com\/noticias\/category\/actualidad\/"},{"label":"El PSM asegura que har\u00e1 primarias \u00abde verdad\u00bb pero no avanza si ser\u00e1n abiertas","link":"https:\/\/www.eldigitaldeasturias.com\/noticias\/el-psm-asegura-que-hara-primarias-de-verdad-pero-no-avanza-si-seran-abiertas\/"}],"_links":{"self":[{"href":"https:\/\/www.eldigitaldeasturias.com\/noticias\/wp-json\/wp\/v2\/posts\/479616","targetHints":{"allow":["GET"]}}],"collection":[{"href":"https:\/\/www.eldigitaldeasturias.com\/noticias\/wp-json\/wp\/v2\/posts"}],"about":[{"href":"https:\/\/www.eldigitaldeasturias.com\/noticias\/wp-json\/wp\/v2\/types\/post"}],"author":[{"embeddable":true,"href":"https:\/\/www.eldigitaldeasturias.com\/noticias\/wp-json\/wp\/v2\/users\/1"}],"replies":[{"embeddable":true,"href":"https:\/\/www.eldigitaldeasturias.com\/noticias\/wp-json\/wp\/v2\/comments?post=479616"}],"version-history":[{"count":0,"href":"https:\/\/www.eldigitaldeasturias.com\/noticias\/wp-json\/wp\/v2\/posts\/479616\/revisions"}],"wp:featuredmedia":[{"embeddable":true,"href":"https:\/\/www.eldigitaldeasturias.com\/noticias\/wp-json\/wp\/v2\/media\/1132184"}],"wp:attachment":[{"href":"https:\/\/www.eldigitaldeasturias.com\/noticias\/wp-json\/wp\/v2\/media?parent=479616"}],"wp:term":[{"taxonomy":"category","embeddable":true,"href":"https:\/\/www.eldigitaldeasturias.com\/noticias\/wp-json\/wp\/v2\/categories?post=479616"},{"taxonomy":"post_tag","embeddable":true,"href":"https:\/\/www.eldigitaldeasturias.com\/noticias\/wp-json\/wp\/v2\/tags?post=479616"}],"curies":[{"name":"wp","href":"https:\/\/api.w.org\/{rel}","templated":true}]}}