{"id":479601,"date":"2014-01-27T19:59:21","date_gmt":"2014-01-27T20:59:21","guid":{"rendered":"http:\/\/www.eldigitaldeasturias.com\/noticias\/?p=479601"},"modified":"2014-01-27T19:59:21","modified_gmt":"2014-01-27T20:59:21","slug":"cameron-considera-razonable-la-entrada-de-rumanos-y-bulgaros-en-2014","status":"publish","type":"post","link":"https:\/\/www.eldigitaldeasturias.com\/noticias\/cameron-considera-razonable-la-entrada-de-rumanos-y-bulgaros-en-2014\/","title":{"rendered":"Cameron considera \u00abrazonable\u00bb la entrada de rumanos y b\u00falgaros en 2014"},"content":{"rendered":"<p><img loading=\"lazy\" decoding=\"async\" class=\"alignleft size-medium wp-image-479602\" alt=\"5878766w\" src=\"https:\/\/www.eldigitaldeasturias.com\/noticias\/wp-content\/uploads\/2014\/01\/5878766w-360x239.jpg\" width=\"360\" height=\"239\" \/>Londres, 27 ene (EFE).- El primer ministro brit\u00e1nico, David Cameron, trat\u00f3 de calmar hoy la inquietud de los euroesc\u00e9pticos sobre la inmigraci\u00f3n comunitaria al afirmar que en lo que va de 2014 ha entrado un \u00abnivel razonable\u00bb de rumanos y b\u00falgaros en el Reino Unido.<\/p>\n<p>En declaraciones a Radio 4 de la cadena BBC, Cameron dijo entender la frustraci\u00f3n que sienten muchos diputados conservadores euroesc\u00e9pticos que est\u00e1n a favor de imponer restricciones laborales a rumanos y b\u00falgaros, que fueron levantadas en la Uni\u00f3n Europea (UE) el pasado 1 de enero.<\/p>\n<p>\u00abYo lo entiendo y de alguna manera comparto las frustraciones de los colegas que quieren ir m\u00e1s all\u00e1\u00bb, en referencia a extender los controles, dijo el jefe del Gobierno, que reconoci\u00f3 la inquietud de estos pol\u00edticos por el avance del Partido por la Independencia del Reino Unido (UKIP), contrario a la inmigraci\u00f3n.<\/p>\n<p>La UE ha \u00abextendido los controles transitorios de cinco a siete a\u00f1os. Esos siete a\u00f1os ya han pasado. En virtud de las actuales reglamentaciones, no podemos extenderlo m\u00e1s\u00bb, agreg\u00f3 Cameron, al explicar las medidas impuestas para que los rumanos y b\u00falgaros no pudieran trabajar en los otros pa\u00edses de la Uni\u00f3n hasta el 1 de enero de 2014.<\/p>\n<p>Al tratar de calmar la inquietud sobre una posible entrada masiva de esos ciudadanos, el primer ministro explic\u00f3 que con el comienzo del a\u00f1o hay un \u00abnivel razonable\u00bb de inmigraci\u00f3n, sin hacer precisiones sobre el n\u00famero.<\/p>\n<p>Asimismo, Cameron reconoci\u00f3 que parte de la popularidad en las encuestas del partido UKIP que lidera Nigel Farage responde al descontento de los votantes por el fracaso de otros gobiernos anteriores en controlar la inmigraci\u00f3n.<\/p>\n<p>\u00abCuando algunos de tus seguidores han apoyado a otro partido, necesitas recuperarlos y yo estoy decidido a recuperarlos\u00bb, agreg\u00f3 el primer ministro al referirse al UKIP, e insisti\u00f3 en apoyar una pol\u00edtica de control de la inmigraci\u00f3n y del Estado del bienestar.<\/p>\n<p>En el Reino Unido hay un gran debate en torno a la inmigraci\u00f3n a ra\u00edz del levantamiento de las restricciones para trabajar de los ciudadanos de Ruman\u00eda y Bulgaria el pasado 1 de enero.<\/p>\n<p>El Gobierno brit\u00e1nico inform\u00f3 a finales del a\u00f1o pasado que analizaba planes para restringir el acceso de ciudadanos comunitarios al sistema de subsidios estatales, como la ayuda de vivienda para las personas de escasos recursos, y que estudiaba la posibilidad de aplicar la deportaci\u00f3n para quienes no buscan trabajo y piden limosna en la calle.<\/p>\n","protected":false},"excerpt":{"rendered":"<p>Londres, 27 ene (EFE).- El primer ministro brit\u00e1nico, David Cameron, trat\u00f3 de calmar hoy la inquietud de los euroesc\u00e9pticos sobre la inmigraci\u00f3n comunitaria al afirmar que en lo que va de 2014 ha entrado un \u00abnivel razonable\u00bb de rumanos y b\u00falgaros en el Reino Unido. En declaraciones a Radio 4 de la cadena BBC, Cameron [&hellip;]<\/p>\n","protected":false},"author":1,"featured_media":1132184,"comment_status":"closed","ping_status":"open","sticky":false,"template":"","format":"standard","meta":{"footnotes":""},"categories":[1],"tags":[],"class_list":["post-479601","post","type-post","status-publish","format-standard","has-post-thumbnail","hentry","category-actualidad"],"aioseo_notices":[],"aioseo_head":"\n\t\t<!-- All in One SEO Pro 5.0.1 - aioseo.com -->\n\t<meta name=\"description\" content=\"Londres, 27 ene (EFE).- El primer ministro brit\u00e1nico, David Cameron, trat\u00f3 de calmar hoy la inquietud de los euroesc\u00e9pticos sobre la inmigraci\u00f3n comunitaria al afirmar que en lo que va de 2014 ha entrado un &quot;nivel razonable&quot; de rumanos y b\u00falgaros en el Reino Unido. En declaraciones a Radio 4 de la cadena BBC, Cameron\" \/>\n\t<meta name=\"robots\" content=\"max-image-preview:large\" \/>\n\t<meta name=\"author\" content=\"El Digital de Asturias\"\/>\n\t<meta name=\"google-site-verification\" content=\"UA-38556648-1\" \/>\n\t<meta name=\"msvalidate.01\" content=\"7dfe9f3f1b24437ab69f4f2559babe99\" \/>\n\t<meta name=\"keywords\" content=\"actualidad\" \/>\n\t<link rel=\"canonical\" href=\"https:\/\/www.eldigitaldeasturias.com\/noticias\/cameron-considera-razonable-la-entrada-de-rumanos-y-bulgaros-en-2014\/\" \/>\n\t<meta name=\"generator\" content=\"All in One SEO Pro (AIOSEO) 5.0.1\" \/>\n\t\t<meta property=\"og:locale\" content=\"es_ES\" \/>\n\t\t<meta property=\"og:site_name\" content=\"El Digital de Asturias\" \/>\n\t\t<meta property=\"og:type\" content=\"article\" \/>\n\t\t<meta property=\"og:title\" content=\"Cameron considera \u00abrazonable\u00bb la entrada de rumanos y b\u00falgaros en 2014 - El Digital de Asturias\" \/>\n\t\t<meta property=\"og:description\" content=\"Londres, 27 ene (EFE).- El primer ministro brit\u00e1nico, David Cameron, trat\u00f3 de calmar hoy la inquietud de los euroesc\u00e9pticos sobre la inmigraci\u00f3n comunitaria al afirmar que en lo que va de 2014 ha entrado un &quot;nivel razonable&quot; de rumanos y b\u00falgaros en el Reino Unido. En declaraciones a Radio 4 de la cadena BBC, Cameron\" \/>\n\t\t<meta property=\"og:url\" content=\"https:\/\/www.eldigitaldeasturias.com\/noticias\/cameron-considera-razonable-la-entrada-de-rumanos-y-bulgaros-en-2014\/\" \/>\n\t\t<meta property=\"og:image\" content=\"https:\/\/www.eldigitaldeasturias.com\/noticias\/wp-content\/uploads\/2026\/06\/Contenidos.jpg\" \/>\n\t\t<meta property=\"og:image:secure_url\" content=\"https:\/\/www.eldigitaldeasturias.com\/noticias\/wp-content\/uploads\/2026\/06\/Contenidos.jpg\" \/>\n\t\t<meta property=\"og:image:width\" content=\"1265\" \/>\n\t\t<meta property=\"og:image:height\" content=\"697\" \/>\n\t\t<meta property=\"article:tag\" content=\"actualidad\" \/>\n\t\t<meta property=\"article:published_time\" content=\"2014-01-27T20:59:21+00:00\" \/>\n\t\t<meta property=\"article:modified_time\" content=\"2014-01-27T20:59:21+00:00\" \/>\n\t\t<meta property=\"article:publisher\" content=\"https:\/\/facebook.com\/eldigitaldeasturias\" \/>\n\t\t<meta name=\"twitter:card\" content=\"summary_large_image\" \/>\n\t\t<meta name=\"twitter:title\" content=\"Cameron considera \u00abrazonable\u00bb la entrada de rumanos y b\u00falgaros en 2014 - El Digital de Asturias\" \/>\n\t\t<meta name=\"twitter:description\" content=\"Londres, 27 ene (EFE).- El primer ministro brit\u00e1nico, David Cameron, trat\u00f3 de calmar hoy la inquietud de los euroesc\u00e9pticos sobre la inmigraci\u00f3n comunitaria al afirmar que en lo que va de 2014 ha entrado un &quot;nivel razonable&quot; de rumanos y b\u00falgaros en el Reino Unido. En declaraciones a Radio 4 de la cadena BBC, Cameron\" \/>\n\t\t<meta name=\"twitter:image\" content=\"https:\/\/www.eldigitaldeasturias.com\/noticias\/wp-content\/uploads\/2026\/06\/Contenidos.jpg\" \/>\n\t\t<meta name=\"twitter:label1\" content=\"Escrito por\" \/>\n\t\t<meta name=\"twitter:data1\" content=\"El Digital de Asturias\" \/>\n\t\t<meta name=\"twitter:label2\" content=\"Tiempo de lectura estimado\" \/>\n\t\t<meta name=\"twitter:data2\" content=\"2 minutos\" \/>\n\t\t<script type=\"application\/ld+json\" class=\"aioseo-schema\">\n\t\t\t{\"@context\":\"https:\\\/\\\/schema.org\",\"@graph\":[{\"@type\":\"BlogPosting\",\"@id\":\"https:\\\/\\\/www.eldigitaldeasturias.com\\\/noticias\\\/cameron-considera-razonable-la-entrada-de-rumanos-y-bulgaros-en-2014\\\/#blogposting\",\"name\":\"Cameron considera \\u00abrazonable\\u00bb la entrada de rumanos y b\\u00falgaros en 2014 - El Digital de Asturias\",\"headline\":\"Cameron considera \\u00abrazonable\\u00bb la entrada de rumanos y b\\u00falgaros en 2014\",\"author\":{\"@id\":\"https:\\\/\\\/www.eldigitaldeasturias.com\\\/noticias\\\/author\\\/admin\\\/#author\"},\"publisher\":{\"@id\":\"https:\\\/\\\/www.eldigitaldeasturias.com\\\/noticias\\\/#organization\"},\"image\":{\"@type\":\"ImageObject\",\"url\":\"https:\\\/\\\/www.eldigitaldeasturias.com\\\/noticias\\\/wp-content\\\/uploads\\\/2026\\\/06\\\/Contenidos.jpg\",\"width\":1265,\"height\":697,\"caption\":\"Contenidos\"},\"datePublished\":\"2014-01-27T19:59:21+01:00\",\"dateModified\":\"2014-01-27T19:59:21+01:00\",\"inLanguage\":\"es-ES\",\"mainEntityOfPage\":{\"@id\":\"https:\\\/\\\/www.eldigitaldeasturias.com\\\/noticias\\\/cameron-considera-razonable-la-entrada-de-rumanos-y-bulgaros-en-2014\\\/#webpage\"},\"isPartOf\":{\"@id\":\"https:\\\/\\\/www.eldigitaldeasturias.com\\\/noticias\\\/cameron-considera-razonable-la-entrada-de-rumanos-y-bulgaros-en-2014\\\/#webpage\"},\"articleSection\":\"Actualidad\"},{\"@type\":\"BreadcrumbList\",\"@id\":\"https:\\\/\\\/www.eldigitaldeasturias.com\\\/noticias\\\/cameron-considera-razonable-la-entrada-de-rumanos-y-bulgaros-en-2014\\\/#breadcrumblist\",\"itemListElement\":[{\"@type\":\"ListItem\",\"@id\":\"https:\\\/\\\/www.eldigitaldeasturias.com\\\/noticias#listItem\",\"position\":1,\"name\":\"Home\",\"item\":\"https:\\\/\\\/www.eldigitaldeasturias.com\\\/noticias\",\"nextItem\":{\"@type\":\"ListItem\",\"@id\":\"https:\\\/\\\/www.eldigitaldeasturias.com\\\/noticias\\\/category\\\/actualidad\\\/#listItem\",\"name\":\"Actualidad\"}},{\"@type\":\"ListItem\",\"@id\":\"https:\\\/\\\/www.eldigitaldeasturias.com\\\/noticias\\\/category\\\/actualidad\\\/#listItem\",\"position\":2,\"name\":\"Actualidad\",\"item\":\"https:\\\/\\\/www.eldigitaldeasturias.com\\\/noticias\\\/category\\\/actualidad\\\/\",\"nextItem\":{\"@type\":\"ListItem\",\"@id\":\"https:\\\/\\\/www.eldigitaldeasturias.com\\\/noticias\\\/cameron-considera-razonable-la-entrada-de-rumanos-y-bulgaros-en-2014\\\/#listItem\",\"name\":\"Cameron considera \\u00abrazonable\\u00bb la entrada de rumanos y b\\u00falgaros en 2014\"},\"previousItem\":{\"@type\":\"ListItem\",\"@id\":\"https:\\\/\\\/www.eldigitaldeasturias.com\\\/noticias#listItem\",\"name\":\"Home\"}},{\"@type\":\"ListItem\",\"@id\":\"https:\\\/\\\/www.eldigitaldeasturias.com\\\/noticias\\\/cameron-considera-razonable-la-entrada-de-rumanos-y-bulgaros-en-2014\\\/#listItem\",\"position\":3,\"name\":\"Cameron considera \\u00abrazonable\\u00bb la entrada de rumanos y b\\u00falgaros en 2014\",\"previousItem\":{\"@type\":\"ListItem\",\"@id\":\"https:\\\/\\\/www.eldigitaldeasturias.com\\\/noticias\\\/category\\\/actualidad\\\/#listItem\",\"name\":\"Actualidad\"}}]},{\"@type\":\"Organization\",\"@id\":\"https:\\\/\\\/www.eldigitaldeasturias.com\\\/noticias\\\/#organization\",\"name\":\"El Digital de Asturias\",\"description\":\"Hemeroteca\",\"url\":\"https:\\\/\\\/www.eldigitaldeasturias.com\\\/noticias\\\/\",\"email\":\"info@eldigitaldeasturias.com\",\"telephone\":\"+34652131393\",\"logo\":{\"@type\":\"ImageObject\",\"url\":\"https:\\\/\\\/www.eldigitaldeasturias.com\\\/noticias\\\/wp-content\\\/uploads\\\/2020\\\/12\\\/EDA.jpg\",\"@id\":\"https:\\\/\\\/www.eldigitaldeasturias.com\\\/noticias\\\/cameron-considera-razonable-la-entrada-de-rumanos-y-bulgaros-en-2014\\\/#organizationLogo\"},\"image\":{\"@id\":\"https:\\\/\\\/www.eldigitaldeasturias.com\\\/noticias\\\/cameron-considera-razonable-la-entrada-de-rumanos-y-bulgaros-en-2014\\\/#organizationLogo\"},\"sameAs\":[\"https:\\\/\\\/facebook.com\\\/eldigitaldeasturias\",\"https:\\\/\\\/www.youtube.com\\\/channel\\\/UCZP-2wLEB9Rv6erhFmqVnvg\"],\"address\":{\"@id\":\"https:\\\/\\\/www.eldigitaldeasturias.com\\\/noticias\\\/#postaladdress\",\"@type\":\"PostalAddress\",\"streetAddress\":\"san antonio 4\",\"postalCode\":\"33430\",\"addressLocality\":\"Cand\\u00e1s\",\"addressRegion\":\"Asturias\",\"addressCountry\":\"ES\"}},{\"@type\":\"Person\",\"@id\":\"https:\\\/\\\/www.eldigitaldeasturias.com\\\/noticias\\\/author\\\/admin\\\/#author\",\"url\":\"https:\\\/\\\/www.eldigitaldeasturias.com\\\/noticias\\\/author\\\/admin\\\/\",\"name\":\"El Digital de Asturias\",\"image\":{\"@type\":\"ImageObject\",\"@id\":\"https:\\\/\\\/www.eldigitaldeasturias.com\\\/noticias\\\/cameron-considera-razonable-la-entrada-de-rumanos-y-bulgaros-en-2014\\\/#authorImage\",\"url\":\"https:\\\/\\\/secure.gravatar.com\\\/avatar\\\/df2aeffc32bcd13f8d26072ef8a91b623d677766deac7f97ca815868cd41bf5e?s=96&d=mm&r=g\",\"width\":96,\"height\":96,\"caption\":\"El Digital de Asturias\"}},{\"@type\":\"WebPage\",\"@id\":\"https:\\\/\\\/www.eldigitaldeasturias.com\\\/noticias\\\/cameron-considera-razonable-la-entrada-de-rumanos-y-bulgaros-en-2014\\\/#webpage\",\"url\":\"https:\\\/\\\/www.eldigitaldeasturias.com\\\/noticias\\\/cameron-considera-razonable-la-entrada-de-rumanos-y-bulgaros-en-2014\\\/\",\"name\":\"Cameron considera \\u00abrazonable\\u00bb la entrada de rumanos y b\\u00falgaros en 2014 - El Digital de Asturias\",\"description\":\"Londres, 27 ene (EFE).- El primer ministro brit\\u00e1nico, David Cameron, trat\\u00f3 de calmar hoy la inquietud de los euroesc\\u00e9pticos sobre la inmigraci\\u00f3n comunitaria al afirmar que en lo que va de 2014 ha entrado un \\\"nivel razonable\\\" de rumanos y b\\u00falgaros en el Reino Unido. En declaraciones a Radio 4 de la cadena BBC, Cameron\",\"inLanguage\":\"es-ES\",\"isPartOf\":{\"@id\":\"https:\\\/\\\/www.eldigitaldeasturias.com\\\/noticias\\\/#website\"},\"breadcrumb\":{\"@id\":\"https:\\\/\\\/www.eldigitaldeasturias.com\\\/noticias\\\/cameron-considera-razonable-la-entrada-de-rumanos-y-bulgaros-en-2014\\\/#breadcrumblist\"},\"author\":{\"@id\":\"https:\\\/\\\/www.eldigitaldeasturias.com\\\/noticias\\\/author\\\/admin\\\/#author\"},\"creator\":{\"@id\":\"https:\\\/\\\/www.eldigitaldeasturias.com\\\/noticias\\\/author\\\/admin\\\/#author\"},\"image\":{\"@type\":\"ImageObject\",\"url\":\"https:\\\/\\\/www.eldigitaldeasturias.com\\\/noticias\\\/wp-content\\\/uploads\\\/2026\\\/06\\\/Contenidos.jpg\",\"@id\":\"https:\\\/\\\/www.eldigitaldeasturias.com\\\/noticias\\\/cameron-considera-razonable-la-entrada-de-rumanos-y-bulgaros-en-2014\\\/#mainImage\",\"width\":1265,\"height\":697,\"caption\":\"Contenidos\"},\"primaryImageOfPage\":{\"@id\":\"https:\\\/\\\/www.eldigitaldeasturias.com\\\/noticias\\\/cameron-considera-razonable-la-entrada-de-rumanos-y-bulgaros-en-2014\\\/#mainImage\"},\"datePublished\":\"2014-01-27T19:59:21+01:00\",\"dateModified\":\"2014-01-27T19:59:21+01:00\"},{\"@type\":\"WebSite\",\"@id\":\"https:\\\/\\\/www.eldigitaldeasturias.com\\\/noticias\\\/#website\",\"url\":\"https:\\\/\\\/www.eldigitaldeasturias.com\\\/noticias\\\/\",\"name\":\"El Digital de Asturias - Diario de actualidad y noticias\",\"alternateName\":\"El Digital de Asturias - Diario de actualidad y noticias\",\"description\":\"Hemeroteca\",\"inLanguage\":\"es-ES\",\"publisher\":{\"@id\":\"https:\\\/\\\/www.eldigitaldeasturias.com\\\/noticias\\\/#organization\"}}]}\n\t\t<\/script>\n\t\t<!-- All in One SEO Pro -->\r\n\t\t<title>Cameron considera \u00abrazonable\u00bb la entrada de rumanos y b\u00falgaros en 2014 - El Digital de Asturias<\/title>\n\n","aioseo_head_json":{"title":"Cameron considera \u00abrazonable\u00bb la entrada de rumanos y b\u00falgaros en 2014 - El Digital de Asturias","description":"Londres, 27 ene (EFE).- El primer ministro brit\u00e1nico, David Cameron, trat\u00f3 de calmar hoy la inquietud de los euroesc\u00e9pticos sobre la inmigraci\u00f3n comunitaria al afirmar que en lo que va de 2014 ha entrado un \"nivel razonable\" de rumanos y b\u00falgaros en el Reino Unido. En declaraciones a Radio 4 de la cadena BBC, Cameron","canonical_url":"https:\/\/www.eldigitaldeasturias.com\/noticias\/cameron-considera-razonable-la-entrada-de-rumanos-y-bulgaros-en-2014\/","robots":"max-image-preview:large","keywords":"actualidad","webmasterTools":{"google-site-verification":"UA-38556648-1","msvalidate.01":"7dfe9f3f1b24437ab69f4f2559babe99","miscellaneous":""},"schema":{"@context":"https:\/\/schema.org","@graph":[{"@type":"BlogPosting","@id":"https:\/\/www.eldigitaldeasturias.com\/noticias\/cameron-considera-razonable-la-entrada-de-rumanos-y-bulgaros-en-2014\/#blogposting","name":"Cameron considera \u00abrazonable\u00bb la entrada de rumanos y b\u00falgaros en 2014 - El Digital de Asturias","headline":"Cameron considera \u00abrazonable\u00bb la entrada de rumanos y b\u00falgaros en 2014","author":{"@id":"https:\/\/www.eldigitaldeasturias.com\/noticias\/author\/admin\/#author"},"publisher":{"@id":"https:\/\/www.eldigitaldeasturias.com\/noticias\/#organization"},"image":{"@type":"ImageObject","url":"https:\/\/www.eldigitaldeasturias.com\/noticias\/wp-content\/uploads\/2026\/06\/Contenidos.jpg","width":1265,"height":697,"caption":"Contenidos"},"datePublished":"2014-01-27T19:59:21+01:00","dateModified":"2014-01-27T19:59:21+01:00","inLanguage":"es-ES","mainEntityOfPage":{"@id":"https:\/\/www.eldigitaldeasturias.com\/noticias\/cameron-considera-razonable-la-entrada-de-rumanos-y-bulgaros-en-2014\/#webpage"},"isPartOf":{"@id":"https:\/\/www.eldigitaldeasturias.com\/noticias\/cameron-considera-razonable-la-entrada-de-rumanos-y-bulgaros-en-2014\/#webpage"},"articleSection":"Actualidad"},{"@type":"BreadcrumbList","@id":"https:\/\/www.eldigitaldeasturias.com\/noticias\/cameron-considera-razonable-la-entrada-de-rumanos-y-bulgaros-en-2014\/#breadcrumblist","itemListElement":[{"@type":"ListItem","@id":"https:\/\/www.eldigitaldeasturias.com\/noticias#listItem","position":1,"name":"Home","item":"https:\/\/www.eldigitaldeasturias.com\/noticias","nextItem":{"@type":"ListItem","@id":"https:\/\/www.eldigitaldeasturias.com\/noticias\/category\/actualidad\/#listItem","name":"Actualidad"}},{"@type":"ListItem","@id":"https:\/\/www.eldigitaldeasturias.com\/noticias\/category\/actualidad\/#listItem","position":2,"name":"Actualidad","item":"https:\/\/www.eldigitaldeasturias.com\/noticias\/category\/actualidad\/","nextItem":{"@type":"ListItem","@id":"https:\/\/www.eldigitaldeasturias.com\/noticias\/cameron-considera-razonable-la-entrada-de-rumanos-y-bulgaros-en-2014\/#listItem","name":"Cameron considera \u00abrazonable\u00bb la entrada de rumanos y b\u00falgaros en 2014"},"previousItem":{"@type":"ListItem","@id":"https:\/\/www.eldigitaldeasturias.com\/noticias#listItem","name":"Home"}},{"@type":"ListItem","@id":"https:\/\/www.eldigitaldeasturias.com\/noticias\/cameron-considera-razonable-la-entrada-de-rumanos-y-bulgaros-en-2014\/#listItem","position":3,"name":"Cameron considera \u00abrazonable\u00bb la entrada de rumanos y b\u00falgaros en 2014","previousItem":{"@type":"ListItem","@id":"https:\/\/www.eldigitaldeasturias.com\/noticias\/category\/actualidad\/#listItem","name":"Actualidad"}}]},{"@type":"Organization","@id":"https:\/\/www.eldigitaldeasturias.com\/noticias\/#organization","name":"El Digital de Asturias","description":"Hemeroteca","url":"https:\/\/www.eldigitaldeasturias.com\/noticias\/","email":"info@eldigitaldeasturias.com","telephone":"+34652131393","logo":{"@type":"ImageObject","url":"https:\/\/www.eldigitaldeasturias.com\/noticias\/wp-content\/uploads\/2020\/12\/EDA.jpg","@id":"https:\/\/www.eldigitaldeasturias.com\/noticias\/cameron-considera-razonable-la-entrada-de-rumanos-y-bulgaros-en-2014\/#organizationLogo"},"image":{"@id":"https:\/\/www.eldigitaldeasturias.com\/noticias\/cameron-considera-razonable-la-entrada-de-rumanos-y-bulgaros-en-2014\/#organizationLogo"},"sameAs":["https:\/\/facebook.com\/eldigitaldeasturias","https:\/\/www.youtube.com\/channel\/UCZP-2wLEB9Rv6erhFmqVnvg"],"address":{"@id":"https:\/\/www.eldigitaldeasturias.com\/noticias\/#postaladdress","@type":"PostalAddress","streetAddress":"san antonio 4","postalCode":"33430","addressLocality":"Cand\u00e1s","addressRegion":"Asturias","addressCountry":"ES"}},{"@type":"Person","@id":"https:\/\/www.eldigitaldeasturias.com\/noticias\/author\/admin\/#author","url":"https:\/\/www.eldigitaldeasturias.com\/noticias\/author\/admin\/","name":"El Digital de Asturias","image":{"@type":"ImageObject","@id":"https:\/\/www.eldigitaldeasturias.com\/noticias\/cameron-considera-razonable-la-entrada-de-rumanos-y-bulgaros-en-2014\/#authorImage","url":"https:\/\/secure.gravatar.com\/avatar\/df2aeffc32bcd13f8d26072ef8a91b623d677766deac7f97ca815868cd41bf5e?s=96&d=mm&r=g","width":96,"height":96,"caption":"El Digital de Asturias"}},{"@type":"WebPage","@id":"https:\/\/www.eldigitaldeasturias.com\/noticias\/cameron-considera-razonable-la-entrada-de-rumanos-y-bulgaros-en-2014\/#webpage","url":"https:\/\/www.eldigitaldeasturias.com\/noticias\/cameron-considera-razonable-la-entrada-de-rumanos-y-bulgaros-en-2014\/","name":"Cameron considera \u00abrazonable\u00bb la entrada de rumanos y b\u00falgaros en 2014 - El Digital de Asturias","description":"Londres, 27 ene (EFE).- El primer ministro brit\u00e1nico, David Cameron, trat\u00f3 de calmar hoy la inquietud de los euroesc\u00e9pticos sobre la inmigraci\u00f3n comunitaria al afirmar que en lo que va de 2014 ha entrado un \"nivel razonable\" de rumanos y b\u00falgaros en el Reino Unido. En declaraciones a Radio 4 de la cadena BBC, Cameron","inLanguage":"es-ES","isPartOf":{"@id":"https:\/\/www.eldigitaldeasturias.com\/noticias\/#website"},"breadcrumb":{"@id":"https:\/\/www.eldigitaldeasturias.com\/noticias\/cameron-considera-razonable-la-entrada-de-rumanos-y-bulgaros-en-2014\/#breadcrumblist"},"author":{"@id":"https:\/\/www.eldigitaldeasturias.com\/noticias\/author\/admin\/#author"},"creator":{"@id":"https:\/\/www.eldigitaldeasturias.com\/noticias\/author\/admin\/#author"},"image":{"@type":"ImageObject","url":"https:\/\/www.eldigitaldeasturias.com\/noticias\/wp-content\/uploads\/2026\/06\/Contenidos.jpg","@id":"https:\/\/www.eldigitaldeasturias.com\/noticias\/cameron-considera-razonable-la-entrada-de-rumanos-y-bulgaros-en-2014\/#mainImage","width":1265,"height":697,"caption":"Contenidos"},"primaryImageOfPage":{"@id":"https:\/\/www.eldigitaldeasturias.com\/noticias\/cameron-considera-razonable-la-entrada-de-rumanos-y-bulgaros-en-2014\/#mainImage"},"datePublished":"2014-01-27T19:59:21+01:00","dateModified":"2014-01-27T19:59:21+01:00"},{"@type":"WebSite","@id":"https:\/\/www.eldigitaldeasturias.com\/noticias\/#website","url":"https:\/\/www.eldigitaldeasturias.com\/noticias\/","name":"El Digital de Asturias - Diario de actualidad y noticias","alternateName":"El Digital de Asturias - Diario de actualidad y noticias","description":"Hemeroteca","inLanguage":"es-ES","publisher":{"@id":"https:\/\/www.eldigitaldeasturias.com\/noticias\/#organization"}}]},"og:locale":"es_ES","og:site_name":"El Digital de Asturias","og:type":"article","og:title":"Cameron considera \u00abrazonable\u00bb la entrada de rumanos y b\u00falgaros en 2014 - El Digital de Asturias","og:description":"Londres, 27 ene (EFE).- El primer ministro brit\u00e1nico, David Cameron, trat\u00f3 de calmar hoy la inquietud de los euroesc\u00e9pticos sobre la inmigraci\u00f3n comunitaria al afirmar que en lo que va de 2014 ha entrado un &quot;nivel razonable&quot; de rumanos y b\u00falgaros en el Reino Unido. En declaraciones a Radio 4 de la cadena BBC, Cameron","og:url":"https:\/\/www.eldigitaldeasturias.com\/noticias\/cameron-considera-razonable-la-entrada-de-rumanos-y-bulgaros-en-2014\/","og:image":"https:\/\/www.eldigitaldeasturias.com\/noticias\/wp-content\/uploads\/2026\/06\/Contenidos.jpg","og:image:secure_url":"https:\/\/www.eldigitaldeasturias.com\/noticias\/wp-content\/uploads\/2026\/06\/Contenidos.jpg","og:image:width":1265,"og:image:height":697,"article:tag":["actualidad"],"article:published_time":"2014-01-27T20:59:21+00:00","article:modified_time":"2014-01-27T20:59:21+00:00","article:publisher":"https:\/\/facebook.com\/eldigitaldeasturias","twitter:card":"summary_large_image","twitter:title":"Cameron considera \u00abrazonable\u00bb la entrada de rumanos y b\u00falgaros en 2014 - El Digital de Asturias","twitter:description":"Londres, 27 ene (EFE).- El primer ministro brit\u00e1nico, David Cameron, trat\u00f3 de calmar hoy la inquietud de los euroesc\u00e9pticos sobre la inmigraci\u00f3n comunitaria al afirmar que en lo que va de 2014 ha entrado un &quot;nivel razonable&quot; de rumanos y b\u00falgaros en el Reino Unido. En declaraciones a Radio 4 de la cadena BBC, Cameron","twitter:image":"https:\/\/www.eldigitaldeasturias.com\/noticias\/wp-content\/uploads\/2026\/06\/Contenidos.jpg","twitter:label1":"Escrito por","twitter:data1":"El Digital de Asturias","twitter:label2":"Tiempo de lectura estimado","twitter:data2":"2 minutos"},"aioseo_meta_data":{"post_id":"479601","title":null,"description":null,"keywords":null,"keyphrases":null,"primary_term":null,"canonical_url":null,"og_title":null,"og_description":null,"og_object_type":"default","og_image_type":"default","og_image_url":null,"og_image_width":null,"og_image_height":null,"og_image_custom_url":null,"og_image_custom_fields":null,"og_video":null,"og_custom_url":null,"og_article_section":null,"og_article_tags":null,"twitter_use_og":true,"twitter_card":"default","twitter_image_type":"default","twitter_image_url":null,"twitter_image_custom_url":null,"twitter_image_custom_fields":null,"twitter_title":null,"twitter_description":null,"schema":{"blockGraphs":[],"customGraphs":[],"default":{"data":{"Article":[],"Course":[],"Dataset":[],"FAQPage":[],"Movie":[],"Person":[],"Product":[],"ProductReview":[],"Car":[],"Recipe":[],"Service":[],"SoftwareApplication":[],"WebPage":[]},"graphName":"","isEnabled":true},"graphs":[],"defaultGraph":"","defaultPostTypeGraph":""},"schema_type":null,"schema_type_options":null,"pillar_content":false,"robots_default":true,"robots_noindex":false,"robots_noarchive":false,"robots_nosnippet":false,"robots_nofollow":false,"robots_noimageindex":false,"robots_noodp":false,"robots_notranslate":false,"robots_max_snippet":null,"robots_max_videopreview":null,"robots_max_imagepreview":"none","priority":null,"frequency":null,"local_seo":null,"seo_analyzer_scan_date":"2026-06-02 01:03:53","breadcrumb_settings":null,"limit_modified_date":false,"open_ai":null,"ai":null,"created":"2020-11-14 22:54:05","updated":"2026-06-02 01:03:53","focus_keyword":null,"additional_keywords":null,"truseo_locale":null},"aioseo_breadcrumb":"<div class=\"aioseo-breadcrumbs\"><span class=\"aioseo-breadcrumb\">\n\t<a href=\"https:\/\/www.eldigitaldeasturias.com\/noticias\" title=\"Home\">Home<\/a>\n<\/span><span class=\"aioseo-breadcrumb-separator\">\u2013<\/span><span class=\"aioseo-breadcrumb\">\n\t<a href=\"https:\/\/www.eldigitaldeasturias.com\/noticias\/category\/actualidad\/\" title=\"Actualidad\">Actualidad<\/a>\n<\/span><span class=\"aioseo-breadcrumb-separator\">\u2013<\/span><span class=\"aioseo-breadcrumb\">\n\t<a href=\"https:\/\/www.eldigitaldeasturias.com\/noticias\/cameron-considera-razonable-la-entrada-de-rumanos-y-bulgaros-en-2014\/\" title=\"Cameron considera \u00abrazonable\u00bb la entrada de rumanos y b\u00falgaros en 2014\">Cameron considera \u00abrazonable\u00bb la entrada de rumanos y b\u00falgaros en 2014<\/a>\n<\/span><\/div>","aioseo_breadcrumb_json":[{"label":"Home","link":"https:\/\/www.eldigitaldeasturias.com\/noticias"},{"label":"Actualidad","link":"https:\/\/www.eldigitaldeasturias.com\/noticias\/category\/actualidad\/"},{"label":"Cameron considera \u00abrazonable\u00bb la entrada de rumanos y b\u00falgaros en 2014","link":"https:\/\/www.eldigitaldeasturias.com\/noticias\/cameron-considera-razonable-la-entrada-de-rumanos-y-bulgaros-en-2014\/"}],"_links":{"self":[{"href":"https:\/\/www.eldigitaldeasturias.com\/noticias\/wp-json\/wp\/v2\/posts\/479601","targetHints":{"allow":["GET"]}}],"collection":[{"href":"https:\/\/www.eldigitaldeasturias.com\/noticias\/wp-json\/wp\/v2\/posts"}],"about":[{"href":"https:\/\/www.eldigitaldeasturias.com\/noticias\/wp-json\/wp\/v2\/types\/post"}],"author":[{"embeddable":true,"href":"https:\/\/www.eldigitaldeasturias.com\/noticias\/wp-json\/wp\/v2\/users\/1"}],"replies":[{"embeddable":true,"href":"https:\/\/www.eldigitaldeasturias.com\/noticias\/wp-json\/wp\/v2\/comments?post=479601"}],"version-history":[{"count":0,"href":"https:\/\/www.eldigitaldeasturias.com\/noticias\/wp-json\/wp\/v2\/posts\/479601\/revisions"}],"wp:featuredmedia":[{"embeddable":true,"href":"https:\/\/www.eldigitaldeasturias.com\/noticias\/wp-json\/wp\/v2\/media\/1132184"}],"wp:attachment":[{"href":"https:\/\/www.eldigitaldeasturias.com\/noticias\/wp-json\/wp\/v2\/media?parent=479601"}],"wp:term":[{"taxonomy":"category","embeddable":true,"href":"https:\/\/www.eldigitaldeasturias.com\/noticias\/wp-json\/wp\/v2\/categories?post=479601"},{"taxonomy":"post_tag","embeddable":true,"href":"https:\/\/www.eldigitaldeasturias.com\/noticias\/wp-json\/wp\/v2\/tags?post=479601"}],"curies":[{"name":"wp","href":"https:\/\/api.w.org\/{rel}","templated":true}]}}