{"id":479595,"date":"2014-01-27T19:46:27","date_gmt":"2014-01-27T20:46:27","guid":{"rendered":"http:\/\/www.eldigitaldeasturias.com\/noticias\/?p=479595"},"modified":"2014-01-27T19:46:28","modified_gmt":"2014-01-27T20:46:28","slug":"el-celebre-doctor-saillant-cree-que-falcao-puede-ir-al-mundial","status":"publish","type":"post","link":"https:\/\/www.eldigitaldeasturias.com\/noticias\/el-celebre-doctor-saillant-cree-que-falcao-puede-ir-al-mundial\/","title":{"rendered":"El c\u00e9lebre doctor Saillant cree que Falcao puede ir al Mundial"},"content":{"rendered":"<p><img loading=\"lazy\" decoding=\"async\" class=\"alignleft size-medium wp-image-479596\" alt=\"5878745w\" src=\"https:\/\/www.eldigitaldeasturias.com\/noticias\/wp-content\/uploads\/2014\/01\/5878745w-360x243.jpg\" width=\"360\" height=\"243\" \/>Par\u00eds, 27 ene (EFE).- El c\u00e9lebre doctor G\u00e9rard Saillant, uno de los mayores especialistas mundiales en lesiones de rodilla, que salt\u00f3 a la fama por haber operado en diversas ocasiones al brasile\u00f1o Ronaldo, cree que el colombiano Radamel Falcao podr\u00e1 participar en el pr\u00f3ximo Mundial.<\/p>\n<p>\u00abLa recuperaci\u00f3n de este tipo de lesiones es de entre cuatro y seis meses, pero creo que si la cosa no se complica y se hace bien la rehabilitaci\u00f3n, puede estar en el Mundial\u00bb, dijo a Efe el m\u00e9dico.<\/p>\n<p>El futbolista del M\u00f3naco sufre una rotura del ligamento cruzado de la rodilla izquierda, una lesi\u00f3n donde lo importante, afirma Saillant, es combinar la cicatrizaci\u00f3n de la parte fracturada con la musculaci\u00f3n.<\/p>\n<p>Por ello, el especialista cree dif\u00edcil que Falcao est\u00e9 \u00abal cien por cien\u00bb, pero s\u00ed para \u00abjugar unos minutos en cada partido\u00bb.<\/p>\n<p>\u00abNo creo que est\u00e9 para jugar 90 minutos, porque hay que tener en cuenta tambi\u00e9n su forma f\u00edsica\u00bb, dijo.<\/p>\n<p>\u00abPero si Colombia supera la primera fase, el jugador tendr\u00e1 algo m\u00e1s de tiempo para ir cobrando la forma y tener m\u00e1s importancia en los partidos clave\u00bb, asegura el doctor.<\/p>\n<p>Para Saillant es casi seguro que Colombia convocar\u00e1 a Falcao si est\u00e1 restablecido de la lesi\u00f3n \u00abpor su carisma y el liderazgo que tiene en el f\u00fatbol de su pa\u00eds\u00bb.<\/p>\n<p>\u00abEn este tipo de competiciones tambi\u00e9n hay que tener en cuenta la parte psicol\u00f3gica\u00bb, asegura.<\/p>\n<p>Saillant indic\u00f3 que es muy probable que Falcao no corra riesgos, porque \u00abuna reca\u00edda de una lesi\u00f3n de este tipo, en lugar de seis meses alejado de las pistas te cuesta un a\u00f1o y eso ya son palabras mayores\u00bb.<\/p>\n<p>Las palabras de Saillant van en la misma l\u00ednea que las pronunciadas por el doctor portugu\u00e9s Jos\u00e9 Carlos Noronha tras haber operado el pasado s\u00e1bado a la estrella colombiana.<\/p>\n<p>\u00abMantengo la fe en que est\u00e9 en el Mundial, a pesar de ser una fe con letra min\u00fascula&#8230; Vamos a ir viendo porque va a depender de varias cosas\u00bb, afirm\u00f3.<\/p>\n<p>Tambi\u00e9n otros m\u00e9dicos, especialistas en este tipo de lesiones, consultados por Efe, se\u00f1alaron que el futbolista no tiene vetada su presencia en Brasil.<\/p>\n<p>\u00abSi es una lesi\u00f3n parcial, si queda algo de ligamento y no tienen que quitar mucho de la pierna para el trasplante, entonces puede bajar hasta cuatro meses\u00bb, precisa David Dejour, que trata este tipo de roturas en deportistas.<\/p>\n","protected":false},"excerpt":{"rendered":"<p>Par\u00eds, 27 ene (EFE).- El c\u00e9lebre doctor G\u00e9rard Saillant, uno de los mayores especialistas mundiales en lesiones de rodilla, que salt\u00f3 a la fama por haber operado en diversas ocasiones al brasile\u00f1o Ronaldo, cree que el colombiano Radamel Falcao podr\u00e1 participar en el pr\u00f3ximo Mundial. \u00abLa recuperaci\u00f3n de este tipo de lesiones es de entre [&hellip;]<\/p>\n","protected":false},"author":1,"featured_media":1132184,"comment_status":"closed","ping_status":"open","sticky":false,"template":"","format":"standard","meta":{"footnotes":""},"categories":[1],"tags":[],"class_list":["post-479595","post","type-post","status-publish","format-standard","has-post-thumbnail","hentry","category-actualidad"],"aioseo_notices":[],"aioseo_head":"\n\t\t<!-- All in One SEO Pro 5.0.1 - aioseo.com -->\n\t<meta name=\"description\" content=\"Par\u00eds, 27 ene (EFE).- El c\u00e9lebre doctor G\u00e9rard Saillant, uno de los mayores especialistas mundiales en lesiones de rodilla, que salt\u00f3 a la fama por haber operado en diversas ocasiones al brasile\u00f1o Ronaldo, cree que el colombiano Radamel Falcao podr\u00e1 participar en el pr\u00f3ximo Mundial. &quot;La recuperaci\u00f3n de este tipo de lesiones es de entre\" \/>\n\t<meta name=\"robots\" content=\"max-image-preview:large\" \/>\n\t<meta name=\"author\" content=\"El Digital de Asturias\"\/>\n\t<meta name=\"google-site-verification\" content=\"UA-38556648-1\" \/>\n\t<meta name=\"msvalidate.01\" content=\"7dfe9f3f1b24437ab69f4f2559babe99\" \/>\n\t<meta name=\"keywords\" content=\"actualidad\" \/>\n\t<link rel=\"canonical\" href=\"https:\/\/www.eldigitaldeasturias.com\/noticias\/el-celebre-doctor-saillant-cree-que-falcao-puede-ir-al-mundial\/\" \/>\n\t<meta name=\"generator\" content=\"All in One SEO Pro (AIOSEO) 5.0.1\" \/>\n\t\t<meta property=\"og:locale\" content=\"es_ES\" \/>\n\t\t<meta property=\"og:site_name\" content=\"El Digital de Asturias\" \/>\n\t\t<meta property=\"og:type\" content=\"article\" \/>\n\t\t<meta property=\"og:title\" content=\"El c\u00e9lebre doctor Saillant cree que Falcao puede ir al Mundial - El Digital de Asturias\" \/>\n\t\t<meta property=\"og:description\" content=\"Par\u00eds, 27 ene (EFE).- El c\u00e9lebre doctor G\u00e9rard Saillant, uno de los mayores especialistas mundiales en lesiones de rodilla, que salt\u00f3 a la fama por haber operado en diversas ocasiones al brasile\u00f1o Ronaldo, cree que el colombiano Radamel Falcao podr\u00e1 participar en el pr\u00f3ximo Mundial. &quot;La recuperaci\u00f3n de este tipo de lesiones es de entre\" \/>\n\t\t<meta property=\"og:url\" content=\"https:\/\/www.eldigitaldeasturias.com\/noticias\/el-celebre-doctor-saillant-cree-que-falcao-puede-ir-al-mundial\/\" \/>\n\t\t<meta property=\"og:image\" content=\"https:\/\/www.eldigitaldeasturias.com\/noticias\/wp-content\/uploads\/2026\/06\/Contenidos.jpg\" \/>\n\t\t<meta property=\"og:image:secure_url\" content=\"https:\/\/www.eldigitaldeasturias.com\/noticias\/wp-content\/uploads\/2026\/06\/Contenidos.jpg\" \/>\n\t\t<meta property=\"og:image:width\" content=\"1265\" \/>\n\t\t<meta property=\"og:image:height\" content=\"697\" \/>\n\t\t<meta property=\"article:tag\" content=\"actualidad\" \/>\n\t\t<meta property=\"article:published_time\" content=\"2014-01-27T20:46:27+00:00\" \/>\n\t\t<meta property=\"article:modified_time\" content=\"2014-01-27T20:46:28+00:00\" \/>\n\t\t<meta property=\"article:publisher\" content=\"https:\/\/facebook.com\/eldigitaldeasturias\" \/>\n\t\t<meta name=\"twitter:card\" content=\"summary_large_image\" \/>\n\t\t<meta name=\"twitter:title\" content=\"El c\u00e9lebre doctor Saillant cree que Falcao puede ir al Mundial - El Digital de Asturias\" \/>\n\t\t<meta name=\"twitter:description\" content=\"Par\u00eds, 27 ene (EFE).- El c\u00e9lebre doctor G\u00e9rard Saillant, uno de los mayores especialistas mundiales en lesiones de rodilla, que salt\u00f3 a la fama por haber operado en diversas ocasiones al brasile\u00f1o Ronaldo, cree que el colombiano Radamel Falcao podr\u00e1 participar en el pr\u00f3ximo Mundial. &quot;La recuperaci\u00f3n de este tipo de lesiones es de entre\" \/>\n\t\t<meta name=\"twitter:image\" content=\"https:\/\/www.eldigitaldeasturias.com\/noticias\/wp-content\/uploads\/2026\/06\/Contenidos.jpg\" \/>\n\t\t<meta name=\"twitter:label1\" content=\"Escrito por\" \/>\n\t\t<meta name=\"twitter:data1\" content=\"El Digital de Asturias\" \/>\n\t\t<meta name=\"twitter:label2\" content=\"Tiempo de lectura estimado\" \/>\n\t\t<meta name=\"twitter:data2\" content=\"2 minutos\" \/>\n\t\t<script type=\"application\/ld+json\" class=\"aioseo-schema\">\n\t\t\t{\"@context\":\"https:\\\/\\\/schema.org\",\"@graph\":[{\"@type\":\"BlogPosting\",\"@id\":\"https:\\\/\\\/www.eldigitaldeasturias.com\\\/noticias\\\/el-celebre-doctor-saillant-cree-que-falcao-puede-ir-al-mundial\\\/#blogposting\",\"name\":\"El c\\u00e9lebre doctor Saillant cree que Falcao puede ir al Mundial - El Digital de Asturias\",\"headline\":\"El c\\u00e9lebre doctor Saillant cree que Falcao puede ir al Mundial\",\"author\":{\"@id\":\"https:\\\/\\\/www.eldigitaldeasturias.com\\\/noticias\\\/author\\\/admin\\\/#author\"},\"publisher\":{\"@id\":\"https:\\\/\\\/www.eldigitaldeasturias.com\\\/noticias\\\/#organization\"},\"image\":{\"@type\":\"ImageObject\",\"url\":\"https:\\\/\\\/www.eldigitaldeasturias.com\\\/noticias\\\/wp-content\\\/uploads\\\/2026\\\/06\\\/Contenidos.jpg\",\"width\":1265,\"height\":697,\"caption\":\"Contenidos\"},\"datePublished\":\"2014-01-27T19:46:27+01:00\",\"dateModified\":\"2014-01-27T19:46:28+01:00\",\"inLanguage\":\"es-ES\",\"mainEntityOfPage\":{\"@id\":\"https:\\\/\\\/www.eldigitaldeasturias.com\\\/noticias\\\/el-celebre-doctor-saillant-cree-que-falcao-puede-ir-al-mundial\\\/#webpage\"},\"isPartOf\":{\"@id\":\"https:\\\/\\\/www.eldigitaldeasturias.com\\\/noticias\\\/el-celebre-doctor-saillant-cree-que-falcao-puede-ir-al-mundial\\\/#webpage\"},\"articleSection\":\"Actualidad\"},{\"@type\":\"BreadcrumbList\",\"@id\":\"https:\\\/\\\/www.eldigitaldeasturias.com\\\/noticias\\\/el-celebre-doctor-saillant-cree-que-falcao-puede-ir-al-mundial\\\/#breadcrumblist\",\"itemListElement\":[{\"@type\":\"ListItem\",\"@id\":\"https:\\\/\\\/www.eldigitaldeasturias.com\\\/noticias#listItem\",\"position\":1,\"name\":\"Home\",\"item\":\"https:\\\/\\\/www.eldigitaldeasturias.com\\\/noticias\",\"nextItem\":{\"@type\":\"ListItem\",\"@id\":\"https:\\\/\\\/www.eldigitaldeasturias.com\\\/noticias\\\/category\\\/actualidad\\\/#listItem\",\"name\":\"Actualidad\"}},{\"@type\":\"ListItem\",\"@id\":\"https:\\\/\\\/www.eldigitaldeasturias.com\\\/noticias\\\/category\\\/actualidad\\\/#listItem\",\"position\":2,\"name\":\"Actualidad\",\"item\":\"https:\\\/\\\/www.eldigitaldeasturias.com\\\/noticias\\\/category\\\/actualidad\\\/\",\"nextItem\":{\"@type\":\"ListItem\",\"@id\":\"https:\\\/\\\/www.eldigitaldeasturias.com\\\/noticias\\\/el-celebre-doctor-saillant-cree-que-falcao-puede-ir-al-mundial\\\/#listItem\",\"name\":\"El c\\u00e9lebre doctor Saillant cree que Falcao puede ir al Mundial\"},\"previousItem\":{\"@type\":\"ListItem\",\"@id\":\"https:\\\/\\\/www.eldigitaldeasturias.com\\\/noticias#listItem\",\"name\":\"Home\"}},{\"@type\":\"ListItem\",\"@id\":\"https:\\\/\\\/www.eldigitaldeasturias.com\\\/noticias\\\/el-celebre-doctor-saillant-cree-que-falcao-puede-ir-al-mundial\\\/#listItem\",\"position\":3,\"name\":\"El c\\u00e9lebre doctor Saillant cree que Falcao puede ir al Mundial\",\"previousItem\":{\"@type\":\"ListItem\",\"@id\":\"https:\\\/\\\/www.eldigitaldeasturias.com\\\/noticias\\\/category\\\/actualidad\\\/#listItem\",\"name\":\"Actualidad\"}}]},{\"@type\":\"Organization\",\"@id\":\"https:\\\/\\\/www.eldigitaldeasturias.com\\\/noticias\\\/#organization\",\"name\":\"El Digital de Asturias\",\"description\":\"Hemeroteca\",\"url\":\"https:\\\/\\\/www.eldigitaldeasturias.com\\\/noticias\\\/\",\"email\":\"info@eldigitaldeasturias.com\",\"telephone\":\"+34652131393\",\"logo\":{\"@type\":\"ImageObject\",\"url\":\"https:\\\/\\\/www.eldigitaldeasturias.com\\\/noticias\\\/wp-content\\\/uploads\\\/2020\\\/12\\\/EDA.jpg\",\"@id\":\"https:\\\/\\\/www.eldigitaldeasturias.com\\\/noticias\\\/el-celebre-doctor-saillant-cree-que-falcao-puede-ir-al-mundial\\\/#organizationLogo\"},\"image\":{\"@id\":\"https:\\\/\\\/www.eldigitaldeasturias.com\\\/noticias\\\/el-celebre-doctor-saillant-cree-que-falcao-puede-ir-al-mundial\\\/#organizationLogo\"},\"sameAs\":[\"https:\\\/\\\/facebook.com\\\/eldigitaldeasturias\",\"https:\\\/\\\/www.youtube.com\\\/channel\\\/UCZP-2wLEB9Rv6erhFmqVnvg\"],\"address\":{\"@id\":\"https:\\\/\\\/www.eldigitaldeasturias.com\\\/noticias\\\/#postaladdress\",\"@type\":\"PostalAddress\",\"streetAddress\":\"san antonio 4\",\"postalCode\":\"33430\",\"addressLocality\":\"Cand\\u00e1s\",\"addressRegion\":\"Asturias\",\"addressCountry\":\"ES\"}},{\"@type\":\"Person\",\"@id\":\"https:\\\/\\\/www.eldigitaldeasturias.com\\\/noticias\\\/author\\\/admin\\\/#author\",\"url\":\"https:\\\/\\\/www.eldigitaldeasturias.com\\\/noticias\\\/author\\\/admin\\\/\",\"name\":\"El Digital de Asturias\",\"image\":{\"@type\":\"ImageObject\",\"@id\":\"https:\\\/\\\/www.eldigitaldeasturias.com\\\/noticias\\\/el-celebre-doctor-saillant-cree-que-falcao-puede-ir-al-mundial\\\/#authorImage\",\"url\":\"https:\\\/\\\/secure.gravatar.com\\\/avatar\\\/df2aeffc32bcd13f8d26072ef8a91b623d677766deac7f97ca815868cd41bf5e?s=96&d=mm&r=g\",\"width\":96,\"height\":96,\"caption\":\"El Digital de Asturias\"}},{\"@type\":\"WebPage\",\"@id\":\"https:\\\/\\\/www.eldigitaldeasturias.com\\\/noticias\\\/el-celebre-doctor-saillant-cree-que-falcao-puede-ir-al-mundial\\\/#webpage\",\"url\":\"https:\\\/\\\/www.eldigitaldeasturias.com\\\/noticias\\\/el-celebre-doctor-saillant-cree-que-falcao-puede-ir-al-mundial\\\/\",\"name\":\"El c\\u00e9lebre doctor Saillant cree que Falcao puede ir al Mundial - El Digital de Asturias\",\"description\":\"Par\\u00eds, 27 ene (EFE).- El c\\u00e9lebre doctor G\\u00e9rard Saillant, uno de los mayores especialistas mundiales en lesiones de rodilla, que salt\\u00f3 a la fama por haber operado en diversas ocasiones al brasile\\u00f1o Ronaldo, cree que el colombiano Radamel Falcao podr\\u00e1 participar en el pr\\u00f3ximo Mundial. \\\"La recuperaci\\u00f3n de este tipo de lesiones es de entre\",\"inLanguage\":\"es-ES\",\"isPartOf\":{\"@id\":\"https:\\\/\\\/www.eldigitaldeasturias.com\\\/noticias\\\/#website\"},\"breadcrumb\":{\"@id\":\"https:\\\/\\\/www.eldigitaldeasturias.com\\\/noticias\\\/el-celebre-doctor-saillant-cree-que-falcao-puede-ir-al-mundial\\\/#breadcrumblist\"},\"author\":{\"@id\":\"https:\\\/\\\/www.eldigitaldeasturias.com\\\/noticias\\\/author\\\/admin\\\/#author\"},\"creator\":{\"@id\":\"https:\\\/\\\/www.eldigitaldeasturias.com\\\/noticias\\\/author\\\/admin\\\/#author\"},\"image\":{\"@type\":\"ImageObject\",\"url\":\"https:\\\/\\\/www.eldigitaldeasturias.com\\\/noticias\\\/wp-content\\\/uploads\\\/2026\\\/06\\\/Contenidos.jpg\",\"@id\":\"https:\\\/\\\/www.eldigitaldeasturias.com\\\/noticias\\\/el-celebre-doctor-saillant-cree-que-falcao-puede-ir-al-mundial\\\/#mainImage\",\"width\":1265,\"height\":697,\"caption\":\"Contenidos\"},\"primaryImageOfPage\":{\"@id\":\"https:\\\/\\\/www.eldigitaldeasturias.com\\\/noticias\\\/el-celebre-doctor-saillant-cree-que-falcao-puede-ir-al-mundial\\\/#mainImage\"},\"datePublished\":\"2014-01-27T19:46:27+01:00\",\"dateModified\":\"2014-01-27T19:46:28+01:00\"},{\"@type\":\"WebSite\",\"@id\":\"https:\\\/\\\/www.eldigitaldeasturias.com\\\/noticias\\\/#website\",\"url\":\"https:\\\/\\\/www.eldigitaldeasturias.com\\\/noticias\\\/\",\"name\":\"El Digital de Asturias - Diario de actualidad y noticias\",\"alternateName\":\"El Digital de Asturias - Diario de actualidad y noticias\",\"description\":\"Hemeroteca\",\"inLanguage\":\"es-ES\",\"publisher\":{\"@id\":\"https:\\\/\\\/www.eldigitaldeasturias.com\\\/noticias\\\/#organization\"}}]}\n\t\t<\/script>\n\t\t<!-- All in One SEO Pro -->\r\n\t\t<title>El c\u00e9lebre doctor Saillant cree que Falcao puede ir al Mundial - El Digital de Asturias<\/title>\n\n","aioseo_head_json":{"title":"El c\u00e9lebre doctor Saillant cree que Falcao puede ir al Mundial - El Digital de Asturias","description":"Par\u00eds, 27 ene (EFE).- El c\u00e9lebre doctor G\u00e9rard Saillant, uno de los mayores especialistas mundiales en lesiones de rodilla, que salt\u00f3 a la fama por haber operado en diversas ocasiones al brasile\u00f1o Ronaldo, cree que el colombiano Radamel Falcao podr\u00e1 participar en el pr\u00f3ximo Mundial. \"La recuperaci\u00f3n de este tipo de lesiones es de entre","canonical_url":"https:\/\/www.eldigitaldeasturias.com\/noticias\/el-celebre-doctor-saillant-cree-que-falcao-puede-ir-al-mundial\/","robots":"max-image-preview:large","keywords":"actualidad","webmasterTools":{"google-site-verification":"UA-38556648-1","msvalidate.01":"7dfe9f3f1b24437ab69f4f2559babe99","miscellaneous":""},"schema":{"@context":"https:\/\/schema.org","@graph":[{"@type":"BlogPosting","@id":"https:\/\/www.eldigitaldeasturias.com\/noticias\/el-celebre-doctor-saillant-cree-que-falcao-puede-ir-al-mundial\/#blogposting","name":"El c\u00e9lebre doctor Saillant cree que Falcao puede ir al Mundial - El Digital de Asturias","headline":"El c\u00e9lebre doctor Saillant cree que Falcao puede ir al Mundial","author":{"@id":"https:\/\/www.eldigitaldeasturias.com\/noticias\/author\/admin\/#author"},"publisher":{"@id":"https:\/\/www.eldigitaldeasturias.com\/noticias\/#organization"},"image":{"@type":"ImageObject","url":"https:\/\/www.eldigitaldeasturias.com\/noticias\/wp-content\/uploads\/2026\/06\/Contenidos.jpg","width":1265,"height":697,"caption":"Contenidos"},"datePublished":"2014-01-27T19:46:27+01:00","dateModified":"2014-01-27T19:46:28+01:00","inLanguage":"es-ES","mainEntityOfPage":{"@id":"https:\/\/www.eldigitaldeasturias.com\/noticias\/el-celebre-doctor-saillant-cree-que-falcao-puede-ir-al-mundial\/#webpage"},"isPartOf":{"@id":"https:\/\/www.eldigitaldeasturias.com\/noticias\/el-celebre-doctor-saillant-cree-que-falcao-puede-ir-al-mundial\/#webpage"},"articleSection":"Actualidad"},{"@type":"BreadcrumbList","@id":"https:\/\/www.eldigitaldeasturias.com\/noticias\/el-celebre-doctor-saillant-cree-que-falcao-puede-ir-al-mundial\/#breadcrumblist","itemListElement":[{"@type":"ListItem","@id":"https:\/\/www.eldigitaldeasturias.com\/noticias#listItem","position":1,"name":"Home","item":"https:\/\/www.eldigitaldeasturias.com\/noticias","nextItem":{"@type":"ListItem","@id":"https:\/\/www.eldigitaldeasturias.com\/noticias\/category\/actualidad\/#listItem","name":"Actualidad"}},{"@type":"ListItem","@id":"https:\/\/www.eldigitaldeasturias.com\/noticias\/category\/actualidad\/#listItem","position":2,"name":"Actualidad","item":"https:\/\/www.eldigitaldeasturias.com\/noticias\/category\/actualidad\/","nextItem":{"@type":"ListItem","@id":"https:\/\/www.eldigitaldeasturias.com\/noticias\/el-celebre-doctor-saillant-cree-que-falcao-puede-ir-al-mundial\/#listItem","name":"El c\u00e9lebre doctor Saillant cree que Falcao puede ir al Mundial"},"previousItem":{"@type":"ListItem","@id":"https:\/\/www.eldigitaldeasturias.com\/noticias#listItem","name":"Home"}},{"@type":"ListItem","@id":"https:\/\/www.eldigitaldeasturias.com\/noticias\/el-celebre-doctor-saillant-cree-que-falcao-puede-ir-al-mundial\/#listItem","position":3,"name":"El c\u00e9lebre doctor Saillant cree que Falcao puede ir al Mundial","previousItem":{"@type":"ListItem","@id":"https:\/\/www.eldigitaldeasturias.com\/noticias\/category\/actualidad\/#listItem","name":"Actualidad"}}]},{"@type":"Organization","@id":"https:\/\/www.eldigitaldeasturias.com\/noticias\/#organization","name":"El Digital de Asturias","description":"Hemeroteca","url":"https:\/\/www.eldigitaldeasturias.com\/noticias\/","email":"info@eldigitaldeasturias.com","telephone":"+34652131393","logo":{"@type":"ImageObject","url":"https:\/\/www.eldigitaldeasturias.com\/noticias\/wp-content\/uploads\/2020\/12\/EDA.jpg","@id":"https:\/\/www.eldigitaldeasturias.com\/noticias\/el-celebre-doctor-saillant-cree-que-falcao-puede-ir-al-mundial\/#organizationLogo"},"image":{"@id":"https:\/\/www.eldigitaldeasturias.com\/noticias\/el-celebre-doctor-saillant-cree-que-falcao-puede-ir-al-mundial\/#organizationLogo"},"sameAs":["https:\/\/facebook.com\/eldigitaldeasturias","https:\/\/www.youtube.com\/channel\/UCZP-2wLEB9Rv6erhFmqVnvg"],"address":{"@id":"https:\/\/www.eldigitaldeasturias.com\/noticias\/#postaladdress","@type":"PostalAddress","streetAddress":"san antonio 4","postalCode":"33430","addressLocality":"Cand\u00e1s","addressRegion":"Asturias","addressCountry":"ES"}},{"@type":"Person","@id":"https:\/\/www.eldigitaldeasturias.com\/noticias\/author\/admin\/#author","url":"https:\/\/www.eldigitaldeasturias.com\/noticias\/author\/admin\/","name":"El Digital de Asturias","image":{"@type":"ImageObject","@id":"https:\/\/www.eldigitaldeasturias.com\/noticias\/el-celebre-doctor-saillant-cree-que-falcao-puede-ir-al-mundial\/#authorImage","url":"https:\/\/secure.gravatar.com\/avatar\/df2aeffc32bcd13f8d26072ef8a91b623d677766deac7f97ca815868cd41bf5e?s=96&d=mm&r=g","width":96,"height":96,"caption":"El Digital de Asturias"}},{"@type":"WebPage","@id":"https:\/\/www.eldigitaldeasturias.com\/noticias\/el-celebre-doctor-saillant-cree-que-falcao-puede-ir-al-mundial\/#webpage","url":"https:\/\/www.eldigitaldeasturias.com\/noticias\/el-celebre-doctor-saillant-cree-que-falcao-puede-ir-al-mundial\/","name":"El c\u00e9lebre doctor Saillant cree que Falcao puede ir al Mundial - El Digital de Asturias","description":"Par\u00eds, 27 ene (EFE).- El c\u00e9lebre doctor G\u00e9rard Saillant, uno de los mayores especialistas mundiales en lesiones de rodilla, que salt\u00f3 a la fama por haber operado en diversas ocasiones al brasile\u00f1o Ronaldo, cree que el colombiano Radamel Falcao podr\u00e1 participar en el pr\u00f3ximo Mundial. \"La recuperaci\u00f3n de este tipo de lesiones es de entre","inLanguage":"es-ES","isPartOf":{"@id":"https:\/\/www.eldigitaldeasturias.com\/noticias\/#website"},"breadcrumb":{"@id":"https:\/\/www.eldigitaldeasturias.com\/noticias\/el-celebre-doctor-saillant-cree-que-falcao-puede-ir-al-mundial\/#breadcrumblist"},"author":{"@id":"https:\/\/www.eldigitaldeasturias.com\/noticias\/author\/admin\/#author"},"creator":{"@id":"https:\/\/www.eldigitaldeasturias.com\/noticias\/author\/admin\/#author"},"image":{"@type":"ImageObject","url":"https:\/\/www.eldigitaldeasturias.com\/noticias\/wp-content\/uploads\/2026\/06\/Contenidos.jpg","@id":"https:\/\/www.eldigitaldeasturias.com\/noticias\/el-celebre-doctor-saillant-cree-que-falcao-puede-ir-al-mundial\/#mainImage","width":1265,"height":697,"caption":"Contenidos"},"primaryImageOfPage":{"@id":"https:\/\/www.eldigitaldeasturias.com\/noticias\/el-celebre-doctor-saillant-cree-que-falcao-puede-ir-al-mundial\/#mainImage"},"datePublished":"2014-01-27T19:46:27+01:00","dateModified":"2014-01-27T19:46:28+01:00"},{"@type":"WebSite","@id":"https:\/\/www.eldigitaldeasturias.com\/noticias\/#website","url":"https:\/\/www.eldigitaldeasturias.com\/noticias\/","name":"El Digital de Asturias - Diario de actualidad y noticias","alternateName":"El Digital de Asturias - Diario de actualidad y noticias","description":"Hemeroteca","inLanguage":"es-ES","publisher":{"@id":"https:\/\/www.eldigitaldeasturias.com\/noticias\/#organization"}}]},"og:locale":"es_ES","og:site_name":"El Digital de Asturias","og:type":"article","og:title":"El c\u00e9lebre doctor Saillant cree que Falcao puede ir al Mundial - El Digital de Asturias","og:description":"Par\u00eds, 27 ene (EFE).- El c\u00e9lebre doctor G\u00e9rard Saillant, uno de los mayores especialistas mundiales en lesiones de rodilla, que salt\u00f3 a la fama por haber operado en diversas ocasiones al brasile\u00f1o Ronaldo, cree que el colombiano Radamel Falcao podr\u00e1 participar en el pr\u00f3ximo Mundial. &quot;La recuperaci\u00f3n de este tipo de lesiones es de entre","og:url":"https:\/\/www.eldigitaldeasturias.com\/noticias\/el-celebre-doctor-saillant-cree-que-falcao-puede-ir-al-mundial\/","og:image":"https:\/\/www.eldigitaldeasturias.com\/noticias\/wp-content\/uploads\/2026\/06\/Contenidos.jpg","og:image:secure_url":"https:\/\/www.eldigitaldeasturias.com\/noticias\/wp-content\/uploads\/2026\/06\/Contenidos.jpg","og:image:width":1265,"og:image:height":697,"article:tag":["actualidad"],"article:published_time":"2014-01-27T20:46:27+00:00","article:modified_time":"2014-01-27T20:46:28+00:00","article:publisher":"https:\/\/facebook.com\/eldigitaldeasturias","twitter:card":"summary_large_image","twitter:title":"El c\u00e9lebre doctor Saillant cree que Falcao puede ir al Mundial - El Digital de Asturias","twitter:description":"Par\u00eds, 27 ene (EFE).- El c\u00e9lebre doctor G\u00e9rard Saillant, uno de los mayores especialistas mundiales en lesiones de rodilla, que salt\u00f3 a la fama por haber operado en diversas ocasiones al brasile\u00f1o Ronaldo, cree que el colombiano Radamel Falcao podr\u00e1 participar en el pr\u00f3ximo Mundial. &quot;La recuperaci\u00f3n de este tipo de lesiones es de entre","twitter:image":"https:\/\/www.eldigitaldeasturias.com\/noticias\/wp-content\/uploads\/2026\/06\/Contenidos.jpg","twitter:label1":"Escrito por","twitter:data1":"El Digital de Asturias","twitter:label2":"Tiempo de lectura estimado","twitter:data2":"2 minutos"},"aioseo_meta_data":{"post_id":"479595","title":null,"description":null,"keywords":null,"keyphrases":null,"primary_term":null,"canonical_url":null,"og_title":null,"og_description":null,"og_object_type":"default","og_image_type":"default","og_image_url":null,"og_image_width":null,"og_image_height":null,"og_image_custom_url":null,"og_image_custom_fields":null,"og_video":null,"og_custom_url":null,"og_article_section":null,"og_article_tags":null,"twitter_use_og":true,"twitter_card":"default","twitter_image_type":"default","twitter_image_url":null,"twitter_image_custom_url":null,"twitter_image_custom_fields":null,"twitter_title":null,"twitter_description":null,"schema":{"blockGraphs":[],"customGraphs":[],"default":{"data":{"Article":[],"Course":[],"Dataset":[],"FAQPage":[],"Movie":[],"Person":[],"Product":[],"ProductReview":[],"Car":[],"Recipe":[],"Service":[],"SoftwareApplication":[],"WebPage":[]},"graphName":"","isEnabled":true},"graphs":[],"defaultGraph":"","defaultPostTypeGraph":""},"schema_type":null,"schema_type_options":null,"pillar_content":false,"robots_default":true,"robots_noindex":false,"robots_noarchive":false,"robots_nosnippet":false,"robots_nofollow":false,"robots_noimageindex":false,"robots_noodp":false,"robots_notranslate":false,"robots_max_snippet":null,"robots_max_videopreview":null,"robots_max_imagepreview":"none","priority":null,"frequency":null,"local_seo":null,"seo_analyzer_scan_date":"2026-06-02 01:02:25","breadcrumb_settings":null,"limit_modified_date":false,"open_ai":null,"ai":null,"created":"2020-11-14 22:54:05","updated":"2026-06-02 01:02:25","focus_keyword":null,"additional_keywords":null,"truseo_locale":null},"aioseo_breadcrumb":"<div class=\"aioseo-breadcrumbs\"><span class=\"aioseo-breadcrumb\">\n\t<a href=\"https:\/\/www.eldigitaldeasturias.com\/noticias\" title=\"Home\">Home<\/a>\n<\/span><span class=\"aioseo-breadcrumb-separator\">\u2013<\/span><span class=\"aioseo-breadcrumb\">\n\t<a href=\"https:\/\/www.eldigitaldeasturias.com\/noticias\/category\/actualidad\/\" title=\"Actualidad\">Actualidad<\/a>\n<\/span><span class=\"aioseo-breadcrumb-separator\">\u2013<\/span><span class=\"aioseo-breadcrumb\">\n\t<a href=\"https:\/\/www.eldigitaldeasturias.com\/noticias\/el-celebre-doctor-saillant-cree-que-falcao-puede-ir-al-mundial\/\" title=\"El c\u00e9lebre doctor Saillant cree que Falcao puede ir al Mundial\">El c\u00e9lebre doctor Saillant cree que Falcao puede ir al Mundial<\/a>\n<\/span><\/div>","aioseo_breadcrumb_json":[{"label":"Home","link":"https:\/\/www.eldigitaldeasturias.com\/noticias"},{"label":"Actualidad","link":"https:\/\/www.eldigitaldeasturias.com\/noticias\/category\/actualidad\/"},{"label":"El c\u00e9lebre doctor Saillant cree que Falcao puede ir al Mundial","link":"https:\/\/www.eldigitaldeasturias.com\/noticias\/el-celebre-doctor-saillant-cree-que-falcao-puede-ir-al-mundial\/"}],"_links":{"self":[{"href":"https:\/\/www.eldigitaldeasturias.com\/noticias\/wp-json\/wp\/v2\/posts\/479595","targetHints":{"allow":["GET"]}}],"collection":[{"href":"https:\/\/www.eldigitaldeasturias.com\/noticias\/wp-json\/wp\/v2\/posts"}],"about":[{"href":"https:\/\/www.eldigitaldeasturias.com\/noticias\/wp-json\/wp\/v2\/types\/post"}],"author":[{"embeddable":true,"href":"https:\/\/www.eldigitaldeasturias.com\/noticias\/wp-json\/wp\/v2\/users\/1"}],"replies":[{"embeddable":true,"href":"https:\/\/www.eldigitaldeasturias.com\/noticias\/wp-json\/wp\/v2\/comments?post=479595"}],"version-history":[{"count":0,"href":"https:\/\/www.eldigitaldeasturias.com\/noticias\/wp-json\/wp\/v2\/posts\/479595\/revisions"}],"wp:featuredmedia":[{"embeddable":true,"href":"https:\/\/www.eldigitaldeasturias.com\/noticias\/wp-json\/wp\/v2\/media\/1132184"}],"wp:attachment":[{"href":"https:\/\/www.eldigitaldeasturias.com\/noticias\/wp-json\/wp\/v2\/media?parent=479595"}],"wp:term":[{"taxonomy":"category","embeddable":true,"href":"https:\/\/www.eldigitaldeasturias.com\/noticias\/wp-json\/wp\/v2\/categories?post=479595"},{"taxonomy":"post_tag","embeddable":true,"href":"https:\/\/www.eldigitaldeasturias.com\/noticias\/wp-json\/wp\/v2\/tags?post=479595"}],"curies":[{"name":"wp","href":"https:\/\/api.w.org\/{rel}","templated":true}]}}