{"id":479580,"date":"2014-01-27T19:39:29","date_gmt":"2014-01-27T20:39:29","guid":{"rendered":"http:\/\/www.eldigitaldeasturias.com\/noticias\/?p=479580"},"modified":"2014-01-27T19:39:29","modified_gmt":"2014-01-27T20:39:29","slug":"la-ua-levanta-la-suspension-de-madagascar-como-miembro-de-la-organizacion","status":"publish","type":"post","link":"https:\/\/www.eldigitaldeasturias.com\/noticias\/la-ua-levanta-la-suspension-de-madagascar-como-miembro-de-la-organizacion\/","title":{"rendered":"La UA levanta la suspensi\u00f3n de Madagascar como miembro de la organizaci\u00f3n"},"content":{"rendered":"<p><img loading=\"lazy\" decoding=\"async\" class=\"alignleft size-medium wp-image-479581\" alt=\"5878696w\" src=\"https:\/\/www.eldigitaldeasturias.com\/noticias\/wp-content\/uploads\/2014\/01\/5878696w-360x240.jpg\" width=\"360\" height=\"240\" \/>Nairobi, 27 ene (EFE).- La Uni\u00f3n Africana (UA) levant\u00f3 hoy la suspensi\u00f3n de Madagascar como miembro de la organizaci\u00f3n impuesta tras el golpe de Estado perpetrado en 2009, despu\u00e9s de haberse restaurado la democracia con las elecciones del pasado diciembre.<\/p>\n<p>En un comunicado emitido desde su sede en Adis Abeba, el Consejo de Paz y Seguridad de la Uni\u00f3n Africana inform\u00f3 de que ha levantado \u00abla suspensi\u00f3n de Madagascar de participar en las actividades de la UA\u00bb.<\/p>\n<p>La medida se ha adoptado \u00abtras completarse el proceso de transici\u00f3n y la restauraci\u00f3n del orden constitucional\u00bb en la isla africana, seg\u00fan la nota.<\/p>\n<p>La UA insta, pues, a Madagascar a \u00abreanudar inmediatamente su participaci\u00f3n en las actividades\u00bb de la organizaci\u00f3n panafricana.<\/p>\n<p>La vuelta oficial del pa\u00eds a la UA se produce despu\u00e9s de que el exministro de Finanzas Hery Rajaonarimampianina fuera proclamado hace diez d\u00edas nuevo presidente de Madagascar, tras ganar la segunda vuelta de las elecciones del pasado 20 de diciembre.<\/p>\n<p>El nuevo jefe de Estado, que asume un mandato de cinco a\u00f1os, estaba respaldado por Andry Rajoelina, presidente del Gobierno de transici\u00f3n establecido tras el golpe de Estado de 2009.<\/p>\n<p>Los comicios estaban llamados a devolver a la senda democr\u00e1tica y a la estabilidad a un pa\u00eds que celebr\u00f3 sus primeras elecciones tras el golpe de Estado que derroc\u00f3 a Marc Ravalomanana -exiliado ahora en Sud\u00e1frica- y dio el poder a Rajoelina, apoyado por el Ej\u00e9rcito.<\/p>\n<p>Desde el golpe de Estado, el r\u00e9gimen de Rajoelina hab\u00eda estadio sometido al ostracismo internacional y suspendido dentro de la UA y la Comunidad para el Desarrollo del \u00c1frica Meridional (SADC) mientras no se restableciera el orden constitucional.<\/p>\n","protected":false},"excerpt":{"rendered":"<p>Nairobi, 27 ene (EFE).- La Uni\u00f3n Africana (UA) levant\u00f3 hoy la suspensi\u00f3n de Madagascar como miembro de la organizaci\u00f3n impuesta tras el golpe de Estado perpetrado en 2009, despu\u00e9s de haberse restaurado la democracia con las elecciones del pasado diciembre. En un comunicado emitido desde su sede en Adis Abeba, el Consejo de Paz y [&hellip;]<\/p>\n","protected":false},"author":1,"featured_media":1132184,"comment_status":"closed","ping_status":"open","sticky":false,"template":"","format":"standard","meta":{"footnotes":""},"categories":[1],"tags":[],"class_list":["post-479580","post","type-post","status-publish","format-standard","has-post-thumbnail","hentry","category-actualidad"],"aioseo_notices":[],"aioseo_head":"\n\t\t<!-- All in One SEO Pro 5.0.1 - aioseo.com -->\n\t<meta name=\"description\" content=\"Nairobi, 27 ene (EFE).- La Uni\u00f3n Africana (UA) levant\u00f3 hoy la suspensi\u00f3n de Madagascar como miembro de la organizaci\u00f3n impuesta tras el golpe de Estado perpetrado en 2009, despu\u00e9s de haberse restaurado la democracia con las elecciones del pasado diciembre. En un comunicado emitido desde su sede en Adis Abeba, el Consejo de Paz y\" \/>\n\t<meta name=\"robots\" content=\"max-image-preview:large\" \/>\n\t<meta name=\"author\" content=\"El Digital de Asturias\"\/>\n\t<meta name=\"google-site-verification\" content=\"UA-38556648-1\" \/>\n\t<meta name=\"msvalidate.01\" content=\"7dfe9f3f1b24437ab69f4f2559babe99\" \/>\n\t<meta name=\"keywords\" content=\"actualidad\" \/>\n\t<link rel=\"canonical\" href=\"https:\/\/www.eldigitaldeasturias.com\/noticias\/la-ua-levanta-la-suspension-de-madagascar-como-miembro-de-la-organizacion\/\" \/>\n\t<meta name=\"generator\" content=\"All in One SEO Pro (AIOSEO) 5.0.1\" \/>\n\t\t<meta property=\"og:locale\" content=\"es_ES\" \/>\n\t\t<meta property=\"og:site_name\" content=\"El Digital de Asturias\" \/>\n\t\t<meta property=\"og:type\" content=\"article\" \/>\n\t\t<meta property=\"og:title\" content=\"La UA levanta la suspensi\u00f3n de Madagascar como miembro de la organizaci\u00f3n - El Digital de Asturias\" \/>\n\t\t<meta property=\"og:description\" content=\"Nairobi, 27 ene (EFE).- La Uni\u00f3n Africana (UA) levant\u00f3 hoy la suspensi\u00f3n de Madagascar como miembro de la organizaci\u00f3n impuesta tras el golpe de Estado perpetrado en 2009, despu\u00e9s de haberse restaurado la democracia con las elecciones del pasado diciembre. En un comunicado emitido desde su sede en Adis Abeba, el Consejo de Paz y\" \/>\n\t\t<meta property=\"og:url\" content=\"https:\/\/www.eldigitaldeasturias.com\/noticias\/la-ua-levanta-la-suspension-de-madagascar-como-miembro-de-la-organizacion\/\" \/>\n\t\t<meta property=\"og:image\" content=\"https:\/\/www.eldigitaldeasturias.com\/noticias\/wp-content\/uploads\/2026\/06\/Contenidos.jpg\" \/>\n\t\t<meta property=\"og:image:secure_url\" content=\"https:\/\/www.eldigitaldeasturias.com\/noticias\/wp-content\/uploads\/2026\/06\/Contenidos.jpg\" \/>\n\t\t<meta property=\"og:image:width\" content=\"1265\" \/>\n\t\t<meta property=\"og:image:height\" content=\"697\" \/>\n\t\t<meta property=\"article:tag\" content=\"actualidad\" \/>\n\t\t<meta property=\"article:published_time\" content=\"2014-01-27T20:39:29+00:00\" \/>\n\t\t<meta property=\"article:modified_time\" content=\"2014-01-27T20:39:29+00:00\" \/>\n\t\t<meta property=\"article:publisher\" content=\"https:\/\/facebook.com\/eldigitaldeasturias\" \/>\n\t\t<meta name=\"twitter:card\" content=\"summary_large_image\" \/>\n\t\t<meta name=\"twitter:title\" content=\"La UA levanta la suspensi\u00f3n de Madagascar como miembro de la organizaci\u00f3n - El Digital de Asturias\" \/>\n\t\t<meta name=\"twitter:description\" content=\"Nairobi, 27 ene (EFE).- La Uni\u00f3n Africana (UA) levant\u00f3 hoy la suspensi\u00f3n de Madagascar como miembro de la organizaci\u00f3n impuesta tras el golpe de Estado perpetrado en 2009, despu\u00e9s de haberse restaurado la democracia con las elecciones del pasado diciembre. En un comunicado emitido desde su sede en Adis Abeba, el Consejo de Paz y\" \/>\n\t\t<meta name=\"twitter:image\" content=\"https:\/\/www.eldigitaldeasturias.com\/noticias\/wp-content\/uploads\/2026\/06\/Contenidos.jpg\" \/>\n\t\t<meta name=\"twitter:label1\" content=\"Escrito por\" \/>\n\t\t<meta name=\"twitter:data1\" content=\"El Digital de Asturias\" \/>\n\t\t<meta name=\"twitter:label2\" content=\"Tiempo de lectura estimado\" \/>\n\t\t<meta name=\"twitter:data2\" content=\"1 minuto\" \/>\n\t\t<script type=\"application\/ld+json\" class=\"aioseo-schema\">\n\t\t\t{\"@context\":\"https:\\\/\\\/schema.org\",\"@graph\":[{\"@type\":\"BlogPosting\",\"@id\":\"https:\\\/\\\/www.eldigitaldeasturias.com\\\/noticias\\\/la-ua-levanta-la-suspension-de-madagascar-como-miembro-de-la-organizacion\\\/#blogposting\",\"name\":\"La UA levanta la suspensi\\u00f3n de Madagascar como miembro de la organizaci\\u00f3n - El Digital de Asturias\",\"headline\":\"La UA levanta la suspensi\\u00f3n de Madagascar como miembro de la organizaci\\u00f3n\",\"author\":{\"@id\":\"https:\\\/\\\/www.eldigitaldeasturias.com\\\/noticias\\\/author\\\/admin\\\/#author\"},\"publisher\":{\"@id\":\"https:\\\/\\\/www.eldigitaldeasturias.com\\\/noticias\\\/#organization\"},\"image\":{\"@type\":\"ImageObject\",\"url\":\"https:\\\/\\\/www.eldigitaldeasturias.com\\\/noticias\\\/wp-content\\\/uploads\\\/2026\\\/06\\\/Contenidos.jpg\",\"width\":1265,\"height\":697,\"caption\":\"Contenidos\"},\"datePublished\":\"2014-01-27T19:39:29+01:00\",\"dateModified\":\"2014-01-27T19:39:29+01:00\",\"inLanguage\":\"es-ES\",\"mainEntityOfPage\":{\"@id\":\"https:\\\/\\\/www.eldigitaldeasturias.com\\\/noticias\\\/la-ua-levanta-la-suspension-de-madagascar-como-miembro-de-la-organizacion\\\/#webpage\"},\"isPartOf\":{\"@id\":\"https:\\\/\\\/www.eldigitaldeasturias.com\\\/noticias\\\/la-ua-levanta-la-suspension-de-madagascar-como-miembro-de-la-organizacion\\\/#webpage\"},\"articleSection\":\"Actualidad\"},{\"@type\":\"BreadcrumbList\",\"@id\":\"https:\\\/\\\/www.eldigitaldeasturias.com\\\/noticias\\\/la-ua-levanta-la-suspension-de-madagascar-como-miembro-de-la-organizacion\\\/#breadcrumblist\",\"itemListElement\":[{\"@type\":\"ListItem\",\"@id\":\"https:\\\/\\\/www.eldigitaldeasturias.com\\\/noticias#listItem\",\"position\":1,\"name\":\"Home\",\"item\":\"https:\\\/\\\/www.eldigitaldeasturias.com\\\/noticias\",\"nextItem\":{\"@type\":\"ListItem\",\"@id\":\"https:\\\/\\\/www.eldigitaldeasturias.com\\\/noticias\\\/category\\\/actualidad\\\/#listItem\",\"name\":\"Actualidad\"}},{\"@type\":\"ListItem\",\"@id\":\"https:\\\/\\\/www.eldigitaldeasturias.com\\\/noticias\\\/category\\\/actualidad\\\/#listItem\",\"position\":2,\"name\":\"Actualidad\",\"item\":\"https:\\\/\\\/www.eldigitaldeasturias.com\\\/noticias\\\/category\\\/actualidad\\\/\",\"nextItem\":{\"@type\":\"ListItem\",\"@id\":\"https:\\\/\\\/www.eldigitaldeasturias.com\\\/noticias\\\/la-ua-levanta-la-suspension-de-madagascar-como-miembro-de-la-organizacion\\\/#listItem\",\"name\":\"La UA levanta la suspensi\\u00f3n de Madagascar como miembro de la organizaci\\u00f3n\"},\"previousItem\":{\"@type\":\"ListItem\",\"@id\":\"https:\\\/\\\/www.eldigitaldeasturias.com\\\/noticias#listItem\",\"name\":\"Home\"}},{\"@type\":\"ListItem\",\"@id\":\"https:\\\/\\\/www.eldigitaldeasturias.com\\\/noticias\\\/la-ua-levanta-la-suspension-de-madagascar-como-miembro-de-la-organizacion\\\/#listItem\",\"position\":3,\"name\":\"La UA levanta la suspensi\\u00f3n de Madagascar como miembro de la organizaci\\u00f3n\",\"previousItem\":{\"@type\":\"ListItem\",\"@id\":\"https:\\\/\\\/www.eldigitaldeasturias.com\\\/noticias\\\/category\\\/actualidad\\\/#listItem\",\"name\":\"Actualidad\"}}]},{\"@type\":\"Organization\",\"@id\":\"https:\\\/\\\/www.eldigitaldeasturias.com\\\/noticias\\\/#organization\",\"name\":\"El Digital de Asturias\",\"description\":\"Hemeroteca\",\"url\":\"https:\\\/\\\/www.eldigitaldeasturias.com\\\/noticias\\\/\",\"email\":\"info@eldigitaldeasturias.com\",\"telephone\":\"+34652131393\",\"logo\":{\"@type\":\"ImageObject\",\"url\":\"https:\\\/\\\/www.eldigitaldeasturias.com\\\/noticias\\\/wp-content\\\/uploads\\\/2020\\\/12\\\/EDA.jpg\",\"@id\":\"https:\\\/\\\/www.eldigitaldeasturias.com\\\/noticias\\\/la-ua-levanta-la-suspension-de-madagascar-como-miembro-de-la-organizacion\\\/#organizationLogo\"},\"image\":{\"@id\":\"https:\\\/\\\/www.eldigitaldeasturias.com\\\/noticias\\\/la-ua-levanta-la-suspension-de-madagascar-como-miembro-de-la-organizacion\\\/#organizationLogo\"},\"sameAs\":[\"https:\\\/\\\/facebook.com\\\/eldigitaldeasturias\",\"https:\\\/\\\/www.youtube.com\\\/channel\\\/UCZP-2wLEB9Rv6erhFmqVnvg\"],\"address\":{\"@id\":\"https:\\\/\\\/www.eldigitaldeasturias.com\\\/noticias\\\/#postaladdress\",\"@type\":\"PostalAddress\",\"streetAddress\":\"san antonio 4\",\"postalCode\":\"33430\",\"addressLocality\":\"Cand\\u00e1s\",\"addressRegion\":\"Asturias\",\"addressCountry\":\"ES\"}},{\"@type\":\"Person\",\"@id\":\"https:\\\/\\\/www.eldigitaldeasturias.com\\\/noticias\\\/author\\\/admin\\\/#author\",\"url\":\"https:\\\/\\\/www.eldigitaldeasturias.com\\\/noticias\\\/author\\\/admin\\\/\",\"name\":\"El Digital de Asturias\",\"image\":{\"@type\":\"ImageObject\",\"@id\":\"https:\\\/\\\/www.eldigitaldeasturias.com\\\/noticias\\\/la-ua-levanta-la-suspension-de-madagascar-como-miembro-de-la-organizacion\\\/#authorImage\",\"url\":\"https:\\\/\\\/secure.gravatar.com\\\/avatar\\\/df2aeffc32bcd13f8d26072ef8a91b623d677766deac7f97ca815868cd41bf5e?s=96&d=mm&r=g\",\"width\":96,\"height\":96,\"caption\":\"El Digital de Asturias\"}},{\"@type\":\"WebPage\",\"@id\":\"https:\\\/\\\/www.eldigitaldeasturias.com\\\/noticias\\\/la-ua-levanta-la-suspension-de-madagascar-como-miembro-de-la-organizacion\\\/#webpage\",\"url\":\"https:\\\/\\\/www.eldigitaldeasturias.com\\\/noticias\\\/la-ua-levanta-la-suspension-de-madagascar-como-miembro-de-la-organizacion\\\/\",\"name\":\"La UA levanta la suspensi\\u00f3n de Madagascar como miembro de la organizaci\\u00f3n - El Digital de Asturias\",\"description\":\"Nairobi, 27 ene (EFE).- La Uni\\u00f3n Africana (UA) levant\\u00f3 hoy la suspensi\\u00f3n de Madagascar como miembro de la organizaci\\u00f3n impuesta tras el golpe de Estado perpetrado en 2009, despu\\u00e9s de haberse restaurado la democracia con las elecciones del pasado diciembre. En un comunicado emitido desde su sede en Adis Abeba, el Consejo de Paz y\",\"inLanguage\":\"es-ES\",\"isPartOf\":{\"@id\":\"https:\\\/\\\/www.eldigitaldeasturias.com\\\/noticias\\\/#website\"},\"breadcrumb\":{\"@id\":\"https:\\\/\\\/www.eldigitaldeasturias.com\\\/noticias\\\/la-ua-levanta-la-suspension-de-madagascar-como-miembro-de-la-organizacion\\\/#breadcrumblist\"},\"author\":{\"@id\":\"https:\\\/\\\/www.eldigitaldeasturias.com\\\/noticias\\\/author\\\/admin\\\/#author\"},\"creator\":{\"@id\":\"https:\\\/\\\/www.eldigitaldeasturias.com\\\/noticias\\\/author\\\/admin\\\/#author\"},\"image\":{\"@type\":\"ImageObject\",\"url\":\"https:\\\/\\\/www.eldigitaldeasturias.com\\\/noticias\\\/wp-content\\\/uploads\\\/2026\\\/06\\\/Contenidos.jpg\",\"@id\":\"https:\\\/\\\/www.eldigitaldeasturias.com\\\/noticias\\\/la-ua-levanta-la-suspension-de-madagascar-como-miembro-de-la-organizacion\\\/#mainImage\",\"width\":1265,\"height\":697,\"caption\":\"Contenidos\"},\"primaryImageOfPage\":{\"@id\":\"https:\\\/\\\/www.eldigitaldeasturias.com\\\/noticias\\\/la-ua-levanta-la-suspension-de-madagascar-como-miembro-de-la-organizacion\\\/#mainImage\"},\"datePublished\":\"2014-01-27T19:39:29+01:00\",\"dateModified\":\"2014-01-27T19:39:29+01:00\"},{\"@type\":\"WebSite\",\"@id\":\"https:\\\/\\\/www.eldigitaldeasturias.com\\\/noticias\\\/#website\",\"url\":\"https:\\\/\\\/www.eldigitaldeasturias.com\\\/noticias\\\/\",\"name\":\"El Digital de Asturias - Diario de actualidad y noticias\",\"alternateName\":\"El Digital de Asturias - Diario de actualidad y noticias\",\"description\":\"Hemeroteca\",\"inLanguage\":\"es-ES\",\"publisher\":{\"@id\":\"https:\\\/\\\/www.eldigitaldeasturias.com\\\/noticias\\\/#organization\"}}]}\n\t\t<\/script>\n\t\t<!-- All in One SEO Pro -->\r\n\t\t<title>La UA levanta la suspensi\u00f3n de Madagascar como miembro de la organizaci\u00f3n - El Digital de Asturias<\/title>\n\n","aioseo_head_json":{"title":"La UA levanta la suspensi\u00f3n de Madagascar como miembro de la organizaci\u00f3n - El Digital de Asturias","description":"Nairobi, 27 ene (EFE).- La Uni\u00f3n Africana (UA) levant\u00f3 hoy la suspensi\u00f3n de Madagascar como miembro de la organizaci\u00f3n impuesta tras el golpe de Estado perpetrado en 2009, despu\u00e9s de haberse restaurado la democracia con las elecciones del pasado diciembre. En un comunicado emitido desde su sede en Adis Abeba, el Consejo de Paz y","canonical_url":"https:\/\/www.eldigitaldeasturias.com\/noticias\/la-ua-levanta-la-suspension-de-madagascar-como-miembro-de-la-organizacion\/","robots":"max-image-preview:large","keywords":"actualidad","webmasterTools":{"google-site-verification":"UA-38556648-1","msvalidate.01":"7dfe9f3f1b24437ab69f4f2559babe99","miscellaneous":""},"schema":{"@context":"https:\/\/schema.org","@graph":[{"@type":"BlogPosting","@id":"https:\/\/www.eldigitaldeasturias.com\/noticias\/la-ua-levanta-la-suspension-de-madagascar-como-miembro-de-la-organizacion\/#blogposting","name":"La UA levanta la suspensi\u00f3n de Madagascar como miembro de la organizaci\u00f3n - El Digital de Asturias","headline":"La UA levanta la suspensi\u00f3n de Madagascar como miembro de la organizaci\u00f3n","author":{"@id":"https:\/\/www.eldigitaldeasturias.com\/noticias\/author\/admin\/#author"},"publisher":{"@id":"https:\/\/www.eldigitaldeasturias.com\/noticias\/#organization"},"image":{"@type":"ImageObject","url":"https:\/\/www.eldigitaldeasturias.com\/noticias\/wp-content\/uploads\/2026\/06\/Contenidos.jpg","width":1265,"height":697,"caption":"Contenidos"},"datePublished":"2014-01-27T19:39:29+01:00","dateModified":"2014-01-27T19:39:29+01:00","inLanguage":"es-ES","mainEntityOfPage":{"@id":"https:\/\/www.eldigitaldeasturias.com\/noticias\/la-ua-levanta-la-suspension-de-madagascar-como-miembro-de-la-organizacion\/#webpage"},"isPartOf":{"@id":"https:\/\/www.eldigitaldeasturias.com\/noticias\/la-ua-levanta-la-suspension-de-madagascar-como-miembro-de-la-organizacion\/#webpage"},"articleSection":"Actualidad"},{"@type":"BreadcrumbList","@id":"https:\/\/www.eldigitaldeasturias.com\/noticias\/la-ua-levanta-la-suspension-de-madagascar-como-miembro-de-la-organizacion\/#breadcrumblist","itemListElement":[{"@type":"ListItem","@id":"https:\/\/www.eldigitaldeasturias.com\/noticias#listItem","position":1,"name":"Home","item":"https:\/\/www.eldigitaldeasturias.com\/noticias","nextItem":{"@type":"ListItem","@id":"https:\/\/www.eldigitaldeasturias.com\/noticias\/category\/actualidad\/#listItem","name":"Actualidad"}},{"@type":"ListItem","@id":"https:\/\/www.eldigitaldeasturias.com\/noticias\/category\/actualidad\/#listItem","position":2,"name":"Actualidad","item":"https:\/\/www.eldigitaldeasturias.com\/noticias\/category\/actualidad\/","nextItem":{"@type":"ListItem","@id":"https:\/\/www.eldigitaldeasturias.com\/noticias\/la-ua-levanta-la-suspension-de-madagascar-como-miembro-de-la-organizacion\/#listItem","name":"La UA levanta la suspensi\u00f3n de Madagascar como miembro de la organizaci\u00f3n"},"previousItem":{"@type":"ListItem","@id":"https:\/\/www.eldigitaldeasturias.com\/noticias#listItem","name":"Home"}},{"@type":"ListItem","@id":"https:\/\/www.eldigitaldeasturias.com\/noticias\/la-ua-levanta-la-suspension-de-madagascar-como-miembro-de-la-organizacion\/#listItem","position":3,"name":"La UA levanta la suspensi\u00f3n de Madagascar como miembro de la organizaci\u00f3n","previousItem":{"@type":"ListItem","@id":"https:\/\/www.eldigitaldeasturias.com\/noticias\/category\/actualidad\/#listItem","name":"Actualidad"}}]},{"@type":"Organization","@id":"https:\/\/www.eldigitaldeasturias.com\/noticias\/#organization","name":"El Digital de Asturias","description":"Hemeroteca","url":"https:\/\/www.eldigitaldeasturias.com\/noticias\/","email":"info@eldigitaldeasturias.com","telephone":"+34652131393","logo":{"@type":"ImageObject","url":"https:\/\/www.eldigitaldeasturias.com\/noticias\/wp-content\/uploads\/2020\/12\/EDA.jpg","@id":"https:\/\/www.eldigitaldeasturias.com\/noticias\/la-ua-levanta-la-suspension-de-madagascar-como-miembro-de-la-organizacion\/#organizationLogo"},"image":{"@id":"https:\/\/www.eldigitaldeasturias.com\/noticias\/la-ua-levanta-la-suspension-de-madagascar-como-miembro-de-la-organizacion\/#organizationLogo"},"sameAs":["https:\/\/facebook.com\/eldigitaldeasturias","https:\/\/www.youtube.com\/channel\/UCZP-2wLEB9Rv6erhFmqVnvg"],"address":{"@id":"https:\/\/www.eldigitaldeasturias.com\/noticias\/#postaladdress","@type":"PostalAddress","streetAddress":"san antonio 4","postalCode":"33430","addressLocality":"Cand\u00e1s","addressRegion":"Asturias","addressCountry":"ES"}},{"@type":"Person","@id":"https:\/\/www.eldigitaldeasturias.com\/noticias\/author\/admin\/#author","url":"https:\/\/www.eldigitaldeasturias.com\/noticias\/author\/admin\/","name":"El Digital de Asturias","image":{"@type":"ImageObject","@id":"https:\/\/www.eldigitaldeasturias.com\/noticias\/la-ua-levanta-la-suspension-de-madagascar-como-miembro-de-la-organizacion\/#authorImage","url":"https:\/\/secure.gravatar.com\/avatar\/df2aeffc32bcd13f8d26072ef8a91b623d677766deac7f97ca815868cd41bf5e?s=96&d=mm&r=g","width":96,"height":96,"caption":"El Digital de Asturias"}},{"@type":"WebPage","@id":"https:\/\/www.eldigitaldeasturias.com\/noticias\/la-ua-levanta-la-suspension-de-madagascar-como-miembro-de-la-organizacion\/#webpage","url":"https:\/\/www.eldigitaldeasturias.com\/noticias\/la-ua-levanta-la-suspension-de-madagascar-como-miembro-de-la-organizacion\/","name":"La UA levanta la suspensi\u00f3n de Madagascar como miembro de la organizaci\u00f3n - El Digital de Asturias","description":"Nairobi, 27 ene (EFE).- La Uni\u00f3n Africana (UA) levant\u00f3 hoy la suspensi\u00f3n de Madagascar como miembro de la organizaci\u00f3n impuesta tras el golpe de Estado perpetrado en 2009, despu\u00e9s de haberse restaurado la democracia con las elecciones del pasado diciembre. En un comunicado emitido desde su sede en Adis Abeba, el Consejo de Paz y","inLanguage":"es-ES","isPartOf":{"@id":"https:\/\/www.eldigitaldeasturias.com\/noticias\/#website"},"breadcrumb":{"@id":"https:\/\/www.eldigitaldeasturias.com\/noticias\/la-ua-levanta-la-suspension-de-madagascar-como-miembro-de-la-organizacion\/#breadcrumblist"},"author":{"@id":"https:\/\/www.eldigitaldeasturias.com\/noticias\/author\/admin\/#author"},"creator":{"@id":"https:\/\/www.eldigitaldeasturias.com\/noticias\/author\/admin\/#author"},"image":{"@type":"ImageObject","url":"https:\/\/www.eldigitaldeasturias.com\/noticias\/wp-content\/uploads\/2026\/06\/Contenidos.jpg","@id":"https:\/\/www.eldigitaldeasturias.com\/noticias\/la-ua-levanta-la-suspension-de-madagascar-como-miembro-de-la-organizacion\/#mainImage","width":1265,"height":697,"caption":"Contenidos"},"primaryImageOfPage":{"@id":"https:\/\/www.eldigitaldeasturias.com\/noticias\/la-ua-levanta-la-suspension-de-madagascar-como-miembro-de-la-organizacion\/#mainImage"},"datePublished":"2014-01-27T19:39:29+01:00","dateModified":"2014-01-27T19:39:29+01:00"},{"@type":"WebSite","@id":"https:\/\/www.eldigitaldeasturias.com\/noticias\/#website","url":"https:\/\/www.eldigitaldeasturias.com\/noticias\/","name":"El Digital de Asturias - Diario de actualidad y noticias","alternateName":"El Digital de Asturias - Diario de actualidad y noticias","description":"Hemeroteca","inLanguage":"es-ES","publisher":{"@id":"https:\/\/www.eldigitaldeasturias.com\/noticias\/#organization"}}]},"og:locale":"es_ES","og:site_name":"El Digital de Asturias","og:type":"article","og:title":"La UA levanta la suspensi\u00f3n de Madagascar como miembro de la organizaci\u00f3n - El Digital de Asturias","og:description":"Nairobi, 27 ene (EFE).- La Uni\u00f3n Africana (UA) levant\u00f3 hoy la suspensi\u00f3n de Madagascar como miembro de la organizaci\u00f3n impuesta tras el golpe de Estado perpetrado en 2009, despu\u00e9s de haberse restaurado la democracia con las elecciones del pasado diciembre. En un comunicado emitido desde su sede en Adis Abeba, el Consejo de Paz y","og:url":"https:\/\/www.eldigitaldeasturias.com\/noticias\/la-ua-levanta-la-suspension-de-madagascar-como-miembro-de-la-organizacion\/","og:image":"https:\/\/www.eldigitaldeasturias.com\/noticias\/wp-content\/uploads\/2026\/06\/Contenidos.jpg","og:image:secure_url":"https:\/\/www.eldigitaldeasturias.com\/noticias\/wp-content\/uploads\/2026\/06\/Contenidos.jpg","og:image:width":1265,"og:image:height":697,"article:tag":["actualidad"],"article:published_time":"2014-01-27T20:39:29+00:00","article:modified_time":"2014-01-27T20:39:29+00:00","article:publisher":"https:\/\/facebook.com\/eldigitaldeasturias","twitter:card":"summary_large_image","twitter:title":"La UA levanta la suspensi\u00f3n de Madagascar como miembro de la organizaci\u00f3n - El Digital de Asturias","twitter:description":"Nairobi, 27 ene (EFE).- La Uni\u00f3n Africana (UA) levant\u00f3 hoy la suspensi\u00f3n de Madagascar como miembro de la organizaci\u00f3n impuesta tras el golpe de Estado perpetrado en 2009, despu\u00e9s de haberse restaurado la democracia con las elecciones del pasado diciembre. En un comunicado emitido desde su sede en Adis Abeba, el Consejo de Paz y","twitter:image":"https:\/\/www.eldigitaldeasturias.com\/noticias\/wp-content\/uploads\/2026\/06\/Contenidos.jpg","twitter:label1":"Escrito por","twitter:data1":"El Digital de Asturias","twitter:label2":"Tiempo de lectura estimado","twitter:data2":"1 minuto"},"aioseo_meta_data":{"post_id":"479580","title":null,"description":null,"keywords":null,"keyphrases":null,"primary_term":null,"canonical_url":null,"og_title":null,"og_description":null,"og_object_type":"default","og_image_type":"default","og_image_url":null,"og_image_width":null,"og_image_height":null,"og_image_custom_url":null,"og_image_custom_fields":null,"og_video":null,"og_custom_url":null,"og_article_section":null,"og_article_tags":null,"twitter_use_og":true,"twitter_card":"default","twitter_image_type":"default","twitter_image_url":null,"twitter_image_custom_url":null,"twitter_image_custom_fields":null,"twitter_title":null,"twitter_description":null,"schema":{"blockGraphs":[],"customGraphs":[],"default":{"data":{"Article":[],"Course":[],"Dataset":[],"FAQPage":[],"Movie":[],"Person":[],"Product":[],"ProductReview":[],"Car":[],"Recipe":[],"Service":[],"SoftwareApplication":[],"WebPage":[]},"graphName":"","isEnabled":true},"graphs":[],"defaultGraph":"","defaultPostTypeGraph":""},"schema_type":null,"schema_type_options":null,"pillar_content":false,"robots_default":true,"robots_noindex":false,"robots_noarchive":false,"robots_nosnippet":false,"robots_nofollow":false,"robots_noimageindex":false,"robots_noodp":false,"robots_notranslate":false,"robots_max_snippet":null,"robots_max_videopreview":null,"robots_max_imagepreview":"none","priority":null,"frequency":null,"local_seo":null,"seo_analyzer_scan_date":"2026-06-02 00:59:44","breadcrumb_settings":null,"limit_modified_date":false,"open_ai":null,"ai":null,"created":"2020-11-14 22:54:05","updated":"2026-06-02 00:59:44","focus_keyword":null,"additional_keywords":null,"truseo_locale":null},"aioseo_breadcrumb":"<div class=\"aioseo-breadcrumbs\"><span class=\"aioseo-breadcrumb\">\n\t<a href=\"https:\/\/www.eldigitaldeasturias.com\/noticias\" title=\"Home\">Home<\/a>\n<\/span><span class=\"aioseo-breadcrumb-separator\">\u2013<\/span><span class=\"aioseo-breadcrumb\">\n\t<a href=\"https:\/\/www.eldigitaldeasturias.com\/noticias\/category\/actualidad\/\" title=\"Actualidad\">Actualidad<\/a>\n<\/span><span class=\"aioseo-breadcrumb-separator\">\u2013<\/span><span class=\"aioseo-breadcrumb\">\n\t<a href=\"https:\/\/www.eldigitaldeasturias.com\/noticias\/la-ua-levanta-la-suspension-de-madagascar-como-miembro-de-la-organizacion\/\" title=\"La UA levanta la suspensi\u00f3n de Madagascar como miembro de la organizaci\u00f3n\">La UA levanta la suspensi\u00f3n de Madagascar como miembro de la organizaci\u00f3n<\/a>\n<\/span><\/div>","aioseo_breadcrumb_json":[{"label":"Home","link":"https:\/\/www.eldigitaldeasturias.com\/noticias"},{"label":"Actualidad","link":"https:\/\/www.eldigitaldeasturias.com\/noticias\/category\/actualidad\/"},{"label":"La UA levanta la suspensi\u00f3n de Madagascar como miembro de la organizaci\u00f3n","link":"https:\/\/www.eldigitaldeasturias.com\/noticias\/la-ua-levanta-la-suspension-de-madagascar-como-miembro-de-la-organizacion\/"}],"_links":{"self":[{"href":"https:\/\/www.eldigitaldeasturias.com\/noticias\/wp-json\/wp\/v2\/posts\/479580","targetHints":{"allow":["GET"]}}],"collection":[{"href":"https:\/\/www.eldigitaldeasturias.com\/noticias\/wp-json\/wp\/v2\/posts"}],"about":[{"href":"https:\/\/www.eldigitaldeasturias.com\/noticias\/wp-json\/wp\/v2\/types\/post"}],"author":[{"embeddable":true,"href":"https:\/\/www.eldigitaldeasturias.com\/noticias\/wp-json\/wp\/v2\/users\/1"}],"replies":[{"embeddable":true,"href":"https:\/\/www.eldigitaldeasturias.com\/noticias\/wp-json\/wp\/v2\/comments?post=479580"}],"version-history":[{"count":0,"href":"https:\/\/www.eldigitaldeasturias.com\/noticias\/wp-json\/wp\/v2\/posts\/479580\/revisions"}],"wp:featuredmedia":[{"embeddable":true,"href":"https:\/\/www.eldigitaldeasturias.com\/noticias\/wp-json\/wp\/v2\/media\/1132184"}],"wp:attachment":[{"href":"https:\/\/www.eldigitaldeasturias.com\/noticias\/wp-json\/wp\/v2\/media?parent=479580"}],"wp:term":[{"taxonomy":"category","embeddable":true,"href":"https:\/\/www.eldigitaldeasturias.com\/noticias\/wp-json\/wp\/v2\/categories?post=479580"},{"taxonomy":"post_tag","embeddable":true,"href":"https:\/\/www.eldigitaldeasturias.com\/noticias\/wp-json\/wp\/v2\/tags?post=479580"}],"curies":[{"name":"wp","href":"https:\/\/api.w.org\/{rel}","templated":true}]}}