{"id":479577,"date":"2014-01-27T19:38:06","date_gmt":"2014-01-27T20:38:06","guid":{"rendered":"http:\/\/www.eldigitaldeasturias.com\/noticias\/?p=479577"},"modified":"2014-01-27T19:38:06","modified_gmt":"2014-01-27T20:38:06","slug":"sergio-garcia-recupera-su-condicion-de-top-diez-mundial","status":"publish","type":"post","link":"https:\/\/www.eldigitaldeasturias.com\/noticias\/sergio-garcia-recupera-su-condicion-de-top-diez-mundial\/","title":{"rendered":"Sergio Garc\u00eda recupera su condici\u00f3n de &#8216;top diez&#8217; mundial"},"content":{"rendered":"<p><img loading=\"lazy\" decoding=\"async\" class=\"alignleft size-medium wp-image-479578\" alt=\"5878687w\" src=\"https:\/\/www.eldigitaldeasturias.com\/noticias\/wp-content\/uploads\/2014\/01\/5878687w-360x265.jpg\" width=\"360\" height=\"265\" \/>Madrid, 27 ene (EFE).- El espa\u00f1ol Sergio Garc\u00eda, ganador del Catar Masters el pasado fin de semana, ascendi\u00f3 de la und\u00e9cima a la novena posici\u00f3n de la clasificaci\u00f3n mundial de golf y recuper\u00f3 su condici\u00f3n de &#8216;top diez mundial&#8217; en detrimento del estadounidense Steve Stricker.<\/p>\n<p>La victoria ante el finland\u00e9s Mikko Ilonen tras el tercer hoyo de desempate permiti\u00f3 al espa\u00f1ol acumular 5.82 puntos de media y recuperar dos posiciones en la clasificaci\u00f3n liderada por el estadounidense Tiger Woods, que suma 668 semanas como n\u00famero uno. El australiano Adam Scott y el sueco Henrik Stenson completan el podio.<\/p>\n<p>Otro de los cambios significativos en la clasificaci\u00f3n mundial es el ascenso del norirland\u00e9s Rory McIlroy a la sexta posici\u00f3n y el ingreso del espa\u00f1ol Rafael Cabrera-Bello en el Top-100.<\/p>\n<p>&nbsp;<\/p>\n<p>&#8212; Clasificaci\u00f3n Mundial<\/p>\n<p>.1. Tiger Woods (USA) 10.83 puntos de media<\/p>\n<p>.2. Adam Scott (AUS) 8.93<\/p>\n<p>.3. Henrik Stenson (SUE) 8.79<\/p>\n<p>.4. Phil Mickelson (USA) 7.03<\/p>\n<p>.5. Justin Rose (ING) 6.78<\/p>\n<p>.6. Rory McIlroy (NIR) 6.38<\/p>\n<p>.7. Zach Johnson (USA) 6.33<\/p>\n<p>.8. Matt Kuchar (USA) 5.97<\/p>\n<p>.9. Sergio Garc\u00eda (ESP) 5.82<\/p>\n<p>10. Jason Day (AUS) 5.42<\/p>\n<p>&#8212;<\/p>\n<p>37. Gonzalo Fdez-Casta\u00f1o (ESP) 2.84<\/p>\n<p>38. Miguel A. Jim\u00e9nez (ESP) 2.74<\/p>\n<p>54. Pablo Larraz\u00e1bal (ESP) 2.32<\/p>\n<p>70. \u00c1ngel Cabrera (ARG) 1.93<\/p>\n<p>86. Rafael Cabrera-Bello (ESP) 1.66<\/p>\n<p>134 Alejadro Ca\u00f1izares (ESP) 1.12<\/p>\n<p>175 Eduardo de la Riva (ESP) 1.00<\/p>\n<p>178 Felipe Aguilar (CHI) 0.99.<\/p>\n","protected":false},"excerpt":{"rendered":"<p>Madrid, 27 ene (EFE).- El espa\u00f1ol Sergio Garc\u00eda, ganador del Catar Masters el pasado fin de semana, ascendi\u00f3 de la und\u00e9cima a la novena posici\u00f3n de la clasificaci\u00f3n mundial de golf y recuper\u00f3 su condici\u00f3n de &#8216;top diez mundial&#8217; en detrimento del estadounidense Steve Stricker. La victoria ante el finland\u00e9s Mikko Ilonen tras el tercer [&hellip;]<\/p>\n","protected":false},"author":1,"featured_media":1132184,"comment_status":"closed","ping_status":"open","sticky":false,"template":"","format":"standard","meta":{"footnotes":""},"categories":[1],"tags":[],"class_list":["post-479577","post","type-post","status-publish","format-standard","has-post-thumbnail","hentry","category-actualidad"],"aioseo_notices":[],"aioseo_head":"\n\t\t<!-- All in One SEO Pro 5.0.1 - aioseo.com -->\n\t<meta name=\"description\" content=\"Madrid, 27 ene (EFE).- El espa\u00f1ol Sergio Garc\u00eda, ganador del Catar Masters el pasado fin de semana, ascendi\u00f3 de la und\u00e9cima a la novena posici\u00f3n de la clasificaci\u00f3n mundial de golf y recuper\u00f3 su condici\u00f3n de &#039;top diez mundial&#039; en detrimento del estadounidense Steve Stricker. La victoria ante el finland\u00e9s Mikko Ilonen tras el tercer\" \/>\n\t<meta name=\"robots\" content=\"max-image-preview:large\" \/>\n\t<meta name=\"author\" content=\"El Digital de Asturias\"\/>\n\t<meta name=\"google-site-verification\" content=\"UA-38556648-1\" \/>\n\t<meta name=\"msvalidate.01\" content=\"7dfe9f3f1b24437ab69f4f2559babe99\" \/>\n\t<meta name=\"keywords\" content=\"actualidad\" \/>\n\t<link rel=\"canonical\" href=\"https:\/\/www.eldigitaldeasturias.com\/noticias\/sergio-garcia-recupera-su-condicion-de-top-diez-mundial\/\" \/>\n\t<meta name=\"generator\" content=\"All in One SEO Pro (AIOSEO) 5.0.1\" \/>\n\t\t<meta property=\"og:locale\" content=\"es_ES\" \/>\n\t\t<meta property=\"og:site_name\" content=\"El Digital de Asturias\" \/>\n\t\t<meta property=\"og:type\" content=\"article\" \/>\n\t\t<meta property=\"og:title\" content=\"Sergio Garc\u00eda recupera su condici\u00f3n de \u2018top diez\u2019 mundial - El Digital de Asturias\" \/>\n\t\t<meta property=\"og:description\" content=\"Madrid, 27 ene (EFE).- El espa\u00f1ol Sergio Garc\u00eda, ganador del Catar Masters el pasado fin de semana, ascendi\u00f3 de la und\u00e9cima a la novena posici\u00f3n de la clasificaci\u00f3n mundial de golf y recuper\u00f3 su condici\u00f3n de &#039;top diez mundial&#039; en detrimento del estadounidense Steve Stricker. La victoria ante el finland\u00e9s Mikko Ilonen tras el tercer\" \/>\n\t\t<meta property=\"og:url\" content=\"https:\/\/www.eldigitaldeasturias.com\/noticias\/sergio-garcia-recupera-su-condicion-de-top-diez-mundial\/\" \/>\n\t\t<meta property=\"og:image\" content=\"https:\/\/www.eldigitaldeasturias.com\/noticias\/wp-content\/uploads\/2026\/06\/Contenidos.jpg\" \/>\n\t\t<meta property=\"og:image:secure_url\" content=\"https:\/\/www.eldigitaldeasturias.com\/noticias\/wp-content\/uploads\/2026\/06\/Contenidos.jpg\" \/>\n\t\t<meta property=\"og:image:width\" content=\"1265\" \/>\n\t\t<meta property=\"og:image:height\" content=\"697\" \/>\n\t\t<meta property=\"article:tag\" content=\"actualidad\" \/>\n\t\t<meta property=\"article:published_time\" content=\"2014-01-27T20:38:06+00:00\" \/>\n\t\t<meta property=\"article:modified_time\" content=\"2014-01-27T20:38:06+00:00\" \/>\n\t\t<meta property=\"article:publisher\" content=\"https:\/\/facebook.com\/eldigitaldeasturias\" \/>\n\t\t<meta name=\"twitter:card\" content=\"summary_large_image\" \/>\n\t\t<meta name=\"twitter:title\" content=\"Sergio Garc\u00eda recupera su condici\u00f3n de \u2018top diez\u2019 mundial - El Digital de Asturias\" \/>\n\t\t<meta name=\"twitter:description\" content=\"Madrid, 27 ene (EFE).- El espa\u00f1ol Sergio Garc\u00eda, ganador del Catar Masters el pasado fin de semana, ascendi\u00f3 de la und\u00e9cima a la novena posici\u00f3n de la clasificaci\u00f3n mundial de golf y recuper\u00f3 su condici\u00f3n de &#039;top diez mundial&#039; en detrimento del estadounidense Steve Stricker. La victoria ante el finland\u00e9s Mikko Ilonen tras el tercer\" \/>\n\t\t<meta name=\"twitter:image\" content=\"https:\/\/www.eldigitaldeasturias.com\/noticias\/wp-content\/uploads\/2026\/06\/Contenidos.jpg\" \/>\n\t\t<meta name=\"twitter:label1\" content=\"Escrito por\" \/>\n\t\t<meta name=\"twitter:data1\" content=\"El Digital de Asturias\" \/>\n\t\t<meta name=\"twitter:label2\" content=\"Tiempo de lectura estimado\" \/>\n\t\t<meta name=\"twitter:data2\" content=\"1 minuto\" \/>\n\t\t<script type=\"application\/ld+json\" class=\"aioseo-schema\">\n\t\t\t{\"@context\":\"https:\\\/\\\/schema.org\",\"@graph\":[{\"@type\":\"BlogPosting\",\"@id\":\"https:\\\/\\\/www.eldigitaldeasturias.com\\\/noticias\\\/sergio-garcia-recupera-su-condicion-de-top-diez-mundial\\\/#blogposting\",\"name\":\"Sergio Garc\\u00eda recupera su condici\\u00f3n de \\u2018top diez\\u2019 mundial - El Digital de Asturias\",\"headline\":\"Sergio Garc\\u00eda recupera su condici\\u00f3n de &#8216;top diez&#8217; mundial\",\"author\":{\"@id\":\"https:\\\/\\\/www.eldigitaldeasturias.com\\\/noticias\\\/author\\\/admin\\\/#author\"},\"publisher\":{\"@id\":\"https:\\\/\\\/www.eldigitaldeasturias.com\\\/noticias\\\/#organization\"},\"image\":{\"@type\":\"ImageObject\",\"url\":\"https:\\\/\\\/www.eldigitaldeasturias.com\\\/noticias\\\/wp-content\\\/uploads\\\/2026\\\/06\\\/Contenidos.jpg\",\"width\":1265,\"height\":697,\"caption\":\"Contenidos\"},\"datePublished\":\"2014-01-27T19:38:06+01:00\",\"dateModified\":\"2014-01-27T19:38:06+01:00\",\"inLanguage\":\"es-ES\",\"mainEntityOfPage\":{\"@id\":\"https:\\\/\\\/www.eldigitaldeasturias.com\\\/noticias\\\/sergio-garcia-recupera-su-condicion-de-top-diez-mundial\\\/#webpage\"},\"isPartOf\":{\"@id\":\"https:\\\/\\\/www.eldigitaldeasturias.com\\\/noticias\\\/sergio-garcia-recupera-su-condicion-de-top-diez-mundial\\\/#webpage\"},\"articleSection\":\"Actualidad\"},{\"@type\":\"BreadcrumbList\",\"@id\":\"https:\\\/\\\/www.eldigitaldeasturias.com\\\/noticias\\\/sergio-garcia-recupera-su-condicion-de-top-diez-mundial\\\/#breadcrumblist\",\"itemListElement\":[{\"@type\":\"ListItem\",\"@id\":\"https:\\\/\\\/www.eldigitaldeasturias.com\\\/noticias#listItem\",\"position\":1,\"name\":\"Home\",\"item\":\"https:\\\/\\\/www.eldigitaldeasturias.com\\\/noticias\",\"nextItem\":{\"@type\":\"ListItem\",\"@id\":\"https:\\\/\\\/www.eldigitaldeasturias.com\\\/noticias\\\/category\\\/actualidad\\\/#listItem\",\"name\":\"Actualidad\"}},{\"@type\":\"ListItem\",\"@id\":\"https:\\\/\\\/www.eldigitaldeasturias.com\\\/noticias\\\/category\\\/actualidad\\\/#listItem\",\"position\":2,\"name\":\"Actualidad\",\"item\":\"https:\\\/\\\/www.eldigitaldeasturias.com\\\/noticias\\\/category\\\/actualidad\\\/\",\"nextItem\":{\"@type\":\"ListItem\",\"@id\":\"https:\\\/\\\/www.eldigitaldeasturias.com\\\/noticias\\\/sergio-garcia-recupera-su-condicion-de-top-diez-mundial\\\/#listItem\",\"name\":\"Sergio Garc\\u00eda recupera su condici\\u00f3n de &#8216;top diez&#8217; mundial\"},\"previousItem\":{\"@type\":\"ListItem\",\"@id\":\"https:\\\/\\\/www.eldigitaldeasturias.com\\\/noticias#listItem\",\"name\":\"Home\"}},{\"@type\":\"ListItem\",\"@id\":\"https:\\\/\\\/www.eldigitaldeasturias.com\\\/noticias\\\/sergio-garcia-recupera-su-condicion-de-top-diez-mundial\\\/#listItem\",\"position\":3,\"name\":\"Sergio Garc\\u00eda recupera su condici\\u00f3n de &#8216;top diez&#8217; mundial\",\"previousItem\":{\"@type\":\"ListItem\",\"@id\":\"https:\\\/\\\/www.eldigitaldeasturias.com\\\/noticias\\\/category\\\/actualidad\\\/#listItem\",\"name\":\"Actualidad\"}}]},{\"@type\":\"Organization\",\"@id\":\"https:\\\/\\\/www.eldigitaldeasturias.com\\\/noticias\\\/#organization\",\"name\":\"El Digital de Asturias\",\"description\":\"Hemeroteca\",\"url\":\"https:\\\/\\\/www.eldigitaldeasturias.com\\\/noticias\\\/\",\"email\":\"info@eldigitaldeasturias.com\",\"telephone\":\"+34652131393\",\"logo\":{\"@type\":\"ImageObject\",\"url\":\"https:\\\/\\\/www.eldigitaldeasturias.com\\\/noticias\\\/wp-content\\\/uploads\\\/2020\\\/12\\\/EDA.jpg\",\"@id\":\"https:\\\/\\\/www.eldigitaldeasturias.com\\\/noticias\\\/sergio-garcia-recupera-su-condicion-de-top-diez-mundial\\\/#organizationLogo\"},\"image\":{\"@id\":\"https:\\\/\\\/www.eldigitaldeasturias.com\\\/noticias\\\/sergio-garcia-recupera-su-condicion-de-top-diez-mundial\\\/#organizationLogo\"},\"sameAs\":[\"https:\\\/\\\/facebook.com\\\/eldigitaldeasturias\",\"https:\\\/\\\/www.youtube.com\\\/channel\\\/UCZP-2wLEB9Rv6erhFmqVnvg\"],\"address\":{\"@id\":\"https:\\\/\\\/www.eldigitaldeasturias.com\\\/noticias\\\/#postaladdress\",\"@type\":\"PostalAddress\",\"streetAddress\":\"san antonio 4\",\"postalCode\":\"33430\",\"addressLocality\":\"Cand\\u00e1s\",\"addressRegion\":\"Asturias\",\"addressCountry\":\"ES\"}},{\"@type\":\"Person\",\"@id\":\"https:\\\/\\\/www.eldigitaldeasturias.com\\\/noticias\\\/author\\\/admin\\\/#author\",\"url\":\"https:\\\/\\\/www.eldigitaldeasturias.com\\\/noticias\\\/author\\\/admin\\\/\",\"name\":\"El Digital de Asturias\",\"image\":{\"@type\":\"ImageObject\",\"@id\":\"https:\\\/\\\/www.eldigitaldeasturias.com\\\/noticias\\\/sergio-garcia-recupera-su-condicion-de-top-diez-mundial\\\/#authorImage\",\"url\":\"https:\\\/\\\/secure.gravatar.com\\\/avatar\\\/df2aeffc32bcd13f8d26072ef8a91b623d677766deac7f97ca815868cd41bf5e?s=96&d=mm&r=g\",\"width\":96,\"height\":96,\"caption\":\"El Digital de Asturias\"}},{\"@type\":\"WebPage\",\"@id\":\"https:\\\/\\\/www.eldigitaldeasturias.com\\\/noticias\\\/sergio-garcia-recupera-su-condicion-de-top-diez-mundial\\\/#webpage\",\"url\":\"https:\\\/\\\/www.eldigitaldeasturias.com\\\/noticias\\\/sergio-garcia-recupera-su-condicion-de-top-diez-mundial\\\/\",\"name\":\"Sergio Garc\\u00eda recupera su condici\\u00f3n de \\u2018top diez\\u2019 mundial - El Digital de Asturias\",\"description\":\"Madrid, 27 ene (EFE).- El espa\\u00f1ol Sergio Garc\\u00eda, ganador del Catar Masters el pasado fin de semana, ascendi\\u00f3 de la und\\u00e9cima a la novena posici\\u00f3n de la clasificaci\\u00f3n mundial de golf y recuper\\u00f3 su condici\\u00f3n de 'top diez mundial' en detrimento del estadounidense Steve Stricker. La victoria ante el finland\\u00e9s Mikko Ilonen tras el tercer\",\"inLanguage\":\"es-ES\",\"isPartOf\":{\"@id\":\"https:\\\/\\\/www.eldigitaldeasturias.com\\\/noticias\\\/#website\"},\"breadcrumb\":{\"@id\":\"https:\\\/\\\/www.eldigitaldeasturias.com\\\/noticias\\\/sergio-garcia-recupera-su-condicion-de-top-diez-mundial\\\/#breadcrumblist\"},\"author\":{\"@id\":\"https:\\\/\\\/www.eldigitaldeasturias.com\\\/noticias\\\/author\\\/admin\\\/#author\"},\"creator\":{\"@id\":\"https:\\\/\\\/www.eldigitaldeasturias.com\\\/noticias\\\/author\\\/admin\\\/#author\"},\"image\":{\"@type\":\"ImageObject\",\"url\":\"https:\\\/\\\/www.eldigitaldeasturias.com\\\/noticias\\\/wp-content\\\/uploads\\\/2026\\\/06\\\/Contenidos.jpg\",\"@id\":\"https:\\\/\\\/www.eldigitaldeasturias.com\\\/noticias\\\/sergio-garcia-recupera-su-condicion-de-top-diez-mundial\\\/#mainImage\",\"width\":1265,\"height\":697,\"caption\":\"Contenidos\"},\"primaryImageOfPage\":{\"@id\":\"https:\\\/\\\/www.eldigitaldeasturias.com\\\/noticias\\\/sergio-garcia-recupera-su-condicion-de-top-diez-mundial\\\/#mainImage\"},\"datePublished\":\"2014-01-27T19:38:06+01:00\",\"dateModified\":\"2014-01-27T19:38:06+01:00\"},{\"@type\":\"WebSite\",\"@id\":\"https:\\\/\\\/www.eldigitaldeasturias.com\\\/noticias\\\/#website\",\"url\":\"https:\\\/\\\/www.eldigitaldeasturias.com\\\/noticias\\\/\",\"name\":\"El Digital de Asturias - Diario de actualidad y noticias\",\"alternateName\":\"El Digital de Asturias - Diario de actualidad y noticias\",\"description\":\"Hemeroteca\",\"inLanguage\":\"es-ES\",\"publisher\":{\"@id\":\"https:\\\/\\\/www.eldigitaldeasturias.com\\\/noticias\\\/#organization\"}}]}\n\t\t<\/script>\n\t\t<!-- All in One SEO Pro -->\r\n\t\t<title>Sergio Garc\u00eda recupera su condici\u00f3n de \u2018top diez\u2019 mundial - El Digital de Asturias<\/title>\n\n","aioseo_head_json":{"title":"Sergio Garc\u00eda recupera su condici\u00f3n de \u2018top diez\u2019 mundial - El Digital de Asturias","description":"Madrid, 27 ene (EFE).- El espa\u00f1ol Sergio Garc\u00eda, ganador del Catar Masters el pasado fin de semana, ascendi\u00f3 de la und\u00e9cima a la novena posici\u00f3n de la clasificaci\u00f3n mundial de golf y recuper\u00f3 su condici\u00f3n de 'top diez mundial' en detrimento del estadounidense Steve Stricker. La victoria ante el finland\u00e9s Mikko Ilonen tras el tercer","canonical_url":"https:\/\/www.eldigitaldeasturias.com\/noticias\/sergio-garcia-recupera-su-condicion-de-top-diez-mundial\/","robots":"max-image-preview:large","keywords":"actualidad","webmasterTools":{"google-site-verification":"UA-38556648-1","msvalidate.01":"7dfe9f3f1b24437ab69f4f2559babe99","miscellaneous":""},"schema":{"@context":"https:\/\/schema.org","@graph":[{"@type":"BlogPosting","@id":"https:\/\/www.eldigitaldeasturias.com\/noticias\/sergio-garcia-recupera-su-condicion-de-top-diez-mundial\/#blogposting","name":"Sergio Garc\u00eda recupera su condici\u00f3n de \u2018top diez\u2019 mundial - El Digital de Asturias","headline":"Sergio Garc\u00eda recupera su condici\u00f3n de &#8216;top diez&#8217; mundial","author":{"@id":"https:\/\/www.eldigitaldeasturias.com\/noticias\/author\/admin\/#author"},"publisher":{"@id":"https:\/\/www.eldigitaldeasturias.com\/noticias\/#organization"},"image":{"@type":"ImageObject","url":"https:\/\/www.eldigitaldeasturias.com\/noticias\/wp-content\/uploads\/2026\/06\/Contenidos.jpg","width":1265,"height":697,"caption":"Contenidos"},"datePublished":"2014-01-27T19:38:06+01:00","dateModified":"2014-01-27T19:38:06+01:00","inLanguage":"es-ES","mainEntityOfPage":{"@id":"https:\/\/www.eldigitaldeasturias.com\/noticias\/sergio-garcia-recupera-su-condicion-de-top-diez-mundial\/#webpage"},"isPartOf":{"@id":"https:\/\/www.eldigitaldeasturias.com\/noticias\/sergio-garcia-recupera-su-condicion-de-top-diez-mundial\/#webpage"},"articleSection":"Actualidad"},{"@type":"BreadcrumbList","@id":"https:\/\/www.eldigitaldeasturias.com\/noticias\/sergio-garcia-recupera-su-condicion-de-top-diez-mundial\/#breadcrumblist","itemListElement":[{"@type":"ListItem","@id":"https:\/\/www.eldigitaldeasturias.com\/noticias#listItem","position":1,"name":"Home","item":"https:\/\/www.eldigitaldeasturias.com\/noticias","nextItem":{"@type":"ListItem","@id":"https:\/\/www.eldigitaldeasturias.com\/noticias\/category\/actualidad\/#listItem","name":"Actualidad"}},{"@type":"ListItem","@id":"https:\/\/www.eldigitaldeasturias.com\/noticias\/category\/actualidad\/#listItem","position":2,"name":"Actualidad","item":"https:\/\/www.eldigitaldeasturias.com\/noticias\/category\/actualidad\/","nextItem":{"@type":"ListItem","@id":"https:\/\/www.eldigitaldeasturias.com\/noticias\/sergio-garcia-recupera-su-condicion-de-top-diez-mundial\/#listItem","name":"Sergio Garc\u00eda recupera su condici\u00f3n de &#8216;top diez&#8217; mundial"},"previousItem":{"@type":"ListItem","@id":"https:\/\/www.eldigitaldeasturias.com\/noticias#listItem","name":"Home"}},{"@type":"ListItem","@id":"https:\/\/www.eldigitaldeasturias.com\/noticias\/sergio-garcia-recupera-su-condicion-de-top-diez-mundial\/#listItem","position":3,"name":"Sergio Garc\u00eda recupera su condici\u00f3n de &#8216;top diez&#8217; mundial","previousItem":{"@type":"ListItem","@id":"https:\/\/www.eldigitaldeasturias.com\/noticias\/category\/actualidad\/#listItem","name":"Actualidad"}}]},{"@type":"Organization","@id":"https:\/\/www.eldigitaldeasturias.com\/noticias\/#organization","name":"El Digital de Asturias","description":"Hemeroteca","url":"https:\/\/www.eldigitaldeasturias.com\/noticias\/","email":"info@eldigitaldeasturias.com","telephone":"+34652131393","logo":{"@type":"ImageObject","url":"https:\/\/www.eldigitaldeasturias.com\/noticias\/wp-content\/uploads\/2020\/12\/EDA.jpg","@id":"https:\/\/www.eldigitaldeasturias.com\/noticias\/sergio-garcia-recupera-su-condicion-de-top-diez-mundial\/#organizationLogo"},"image":{"@id":"https:\/\/www.eldigitaldeasturias.com\/noticias\/sergio-garcia-recupera-su-condicion-de-top-diez-mundial\/#organizationLogo"},"sameAs":["https:\/\/facebook.com\/eldigitaldeasturias","https:\/\/www.youtube.com\/channel\/UCZP-2wLEB9Rv6erhFmqVnvg"],"address":{"@id":"https:\/\/www.eldigitaldeasturias.com\/noticias\/#postaladdress","@type":"PostalAddress","streetAddress":"san antonio 4","postalCode":"33430","addressLocality":"Cand\u00e1s","addressRegion":"Asturias","addressCountry":"ES"}},{"@type":"Person","@id":"https:\/\/www.eldigitaldeasturias.com\/noticias\/author\/admin\/#author","url":"https:\/\/www.eldigitaldeasturias.com\/noticias\/author\/admin\/","name":"El Digital de Asturias","image":{"@type":"ImageObject","@id":"https:\/\/www.eldigitaldeasturias.com\/noticias\/sergio-garcia-recupera-su-condicion-de-top-diez-mundial\/#authorImage","url":"https:\/\/secure.gravatar.com\/avatar\/df2aeffc32bcd13f8d26072ef8a91b623d677766deac7f97ca815868cd41bf5e?s=96&d=mm&r=g","width":96,"height":96,"caption":"El Digital de Asturias"}},{"@type":"WebPage","@id":"https:\/\/www.eldigitaldeasturias.com\/noticias\/sergio-garcia-recupera-su-condicion-de-top-diez-mundial\/#webpage","url":"https:\/\/www.eldigitaldeasturias.com\/noticias\/sergio-garcia-recupera-su-condicion-de-top-diez-mundial\/","name":"Sergio Garc\u00eda recupera su condici\u00f3n de \u2018top diez\u2019 mundial - El Digital de Asturias","description":"Madrid, 27 ene (EFE).- El espa\u00f1ol Sergio Garc\u00eda, ganador del Catar Masters el pasado fin de semana, ascendi\u00f3 de la und\u00e9cima a la novena posici\u00f3n de la clasificaci\u00f3n mundial de golf y recuper\u00f3 su condici\u00f3n de 'top diez mundial' en detrimento del estadounidense Steve Stricker. La victoria ante el finland\u00e9s Mikko Ilonen tras el tercer","inLanguage":"es-ES","isPartOf":{"@id":"https:\/\/www.eldigitaldeasturias.com\/noticias\/#website"},"breadcrumb":{"@id":"https:\/\/www.eldigitaldeasturias.com\/noticias\/sergio-garcia-recupera-su-condicion-de-top-diez-mundial\/#breadcrumblist"},"author":{"@id":"https:\/\/www.eldigitaldeasturias.com\/noticias\/author\/admin\/#author"},"creator":{"@id":"https:\/\/www.eldigitaldeasturias.com\/noticias\/author\/admin\/#author"},"image":{"@type":"ImageObject","url":"https:\/\/www.eldigitaldeasturias.com\/noticias\/wp-content\/uploads\/2026\/06\/Contenidos.jpg","@id":"https:\/\/www.eldigitaldeasturias.com\/noticias\/sergio-garcia-recupera-su-condicion-de-top-diez-mundial\/#mainImage","width":1265,"height":697,"caption":"Contenidos"},"primaryImageOfPage":{"@id":"https:\/\/www.eldigitaldeasturias.com\/noticias\/sergio-garcia-recupera-su-condicion-de-top-diez-mundial\/#mainImage"},"datePublished":"2014-01-27T19:38:06+01:00","dateModified":"2014-01-27T19:38:06+01:00"},{"@type":"WebSite","@id":"https:\/\/www.eldigitaldeasturias.com\/noticias\/#website","url":"https:\/\/www.eldigitaldeasturias.com\/noticias\/","name":"El Digital de Asturias - Diario de actualidad y noticias","alternateName":"El Digital de Asturias - Diario de actualidad y noticias","description":"Hemeroteca","inLanguage":"es-ES","publisher":{"@id":"https:\/\/www.eldigitaldeasturias.com\/noticias\/#organization"}}]},"og:locale":"es_ES","og:site_name":"El Digital de Asturias","og:type":"article","og:title":"Sergio Garc\u00eda recupera su condici\u00f3n de \u2018top diez\u2019 mundial - El Digital de Asturias","og:description":"Madrid, 27 ene (EFE).- El espa\u00f1ol Sergio Garc\u00eda, ganador del Catar Masters el pasado fin de semana, ascendi\u00f3 de la und\u00e9cima a la novena posici\u00f3n de la clasificaci\u00f3n mundial de golf y recuper\u00f3 su condici\u00f3n de 'top diez mundial' en detrimento del estadounidense Steve Stricker. La victoria ante el finland\u00e9s Mikko Ilonen tras el tercer","og:url":"https:\/\/www.eldigitaldeasturias.com\/noticias\/sergio-garcia-recupera-su-condicion-de-top-diez-mundial\/","og:image":"https:\/\/www.eldigitaldeasturias.com\/noticias\/wp-content\/uploads\/2026\/06\/Contenidos.jpg","og:image:secure_url":"https:\/\/www.eldigitaldeasturias.com\/noticias\/wp-content\/uploads\/2026\/06\/Contenidos.jpg","og:image:width":1265,"og:image:height":697,"article:tag":["actualidad"],"article:published_time":"2014-01-27T20:38:06+00:00","article:modified_time":"2014-01-27T20:38:06+00:00","article:publisher":"https:\/\/facebook.com\/eldigitaldeasturias","twitter:card":"summary_large_image","twitter:title":"Sergio Garc\u00eda recupera su condici\u00f3n de \u2018top diez\u2019 mundial - El Digital de Asturias","twitter:description":"Madrid, 27 ene (EFE).- El espa\u00f1ol Sergio Garc\u00eda, ganador del Catar Masters el pasado fin de semana, ascendi\u00f3 de la und\u00e9cima a la novena posici\u00f3n de la clasificaci\u00f3n mundial de golf y recuper\u00f3 su condici\u00f3n de 'top diez mundial' en detrimento del estadounidense Steve Stricker. La victoria ante el finland\u00e9s Mikko Ilonen tras el tercer","twitter:image":"https:\/\/www.eldigitaldeasturias.com\/noticias\/wp-content\/uploads\/2026\/06\/Contenidos.jpg","twitter:label1":"Escrito por","twitter:data1":"El Digital de Asturias","twitter:label2":"Tiempo de lectura estimado","twitter:data2":"1 minuto"},"aioseo_meta_data":{"post_id":"479577","title":null,"description":null,"keywords":null,"keyphrases":null,"primary_term":null,"canonical_url":null,"og_title":null,"og_description":null,"og_object_type":"default","og_image_type":"default","og_image_url":null,"og_image_width":null,"og_image_height":null,"og_image_custom_url":null,"og_image_custom_fields":null,"og_video":null,"og_custom_url":null,"og_article_section":null,"og_article_tags":null,"twitter_use_og":true,"twitter_card":"default","twitter_image_type":"default","twitter_image_url":null,"twitter_image_custom_url":null,"twitter_image_custom_fields":null,"twitter_title":null,"twitter_description":null,"schema":{"blockGraphs":[],"customGraphs":[],"default":{"data":{"Article":[],"Course":[],"Dataset":[],"FAQPage":[],"Movie":[],"Person":[],"Product":[],"ProductReview":[],"Car":[],"Recipe":[],"Service":[],"SoftwareApplication":[],"WebPage":[]},"graphName":"","isEnabled":true},"graphs":[],"defaultGraph":"","defaultPostTypeGraph":""},"schema_type":null,"schema_type_options":null,"pillar_content":false,"robots_default":true,"robots_noindex":false,"robots_noarchive":false,"robots_nosnippet":false,"robots_nofollow":false,"robots_noimageindex":false,"robots_noodp":false,"robots_notranslate":false,"robots_max_snippet":null,"robots_max_videopreview":null,"robots_max_imagepreview":"none","priority":null,"frequency":null,"local_seo":null,"seo_analyzer_scan_date":"2026-06-02 00:59:43","breadcrumb_settings":null,"limit_modified_date":false,"open_ai":null,"ai":null,"created":"2020-11-14 22:54:05","updated":"2026-06-02 00:59:43","focus_keyword":null,"additional_keywords":null,"truseo_locale":null},"aioseo_breadcrumb":"<div class=\"aioseo-breadcrumbs\"><span class=\"aioseo-breadcrumb\">\n\t<a href=\"https:\/\/www.eldigitaldeasturias.com\/noticias\" title=\"Home\">Home<\/a>\n<\/span><span class=\"aioseo-breadcrumb-separator\">\u2013<\/span><span class=\"aioseo-breadcrumb\">\n\t<a href=\"https:\/\/www.eldigitaldeasturias.com\/noticias\/category\/actualidad\/\" title=\"Actualidad\">Actualidad<\/a>\n<\/span><span class=\"aioseo-breadcrumb-separator\">\u2013<\/span><span class=\"aioseo-breadcrumb\">\n\t<a href=\"https:\/\/www.eldigitaldeasturias.com\/noticias\/sergio-garcia-recupera-su-condicion-de-top-diez-mundial\/\" title=\"Sergio Garc\u00eda recupera su condici\u00f3n de \u2018top diez\u2019 mundial\">Sergio Garc\u00eda recupera su condici\u00f3n de \u2018top diez\u2019 mundial<\/a>\n<\/span><\/div>","aioseo_breadcrumb_json":[{"label":"Home","link":"https:\/\/www.eldigitaldeasturias.com\/noticias"},{"label":"Actualidad","link":"https:\/\/www.eldigitaldeasturias.com\/noticias\/category\/actualidad\/"},{"label":"Sergio Garc\u00eda recupera su condici\u00f3n de &#8216;top diez&#8217; mundial","link":"https:\/\/www.eldigitaldeasturias.com\/noticias\/sergio-garcia-recupera-su-condicion-de-top-diez-mundial\/"}],"_links":{"self":[{"href":"https:\/\/www.eldigitaldeasturias.com\/noticias\/wp-json\/wp\/v2\/posts\/479577","targetHints":{"allow":["GET"]}}],"collection":[{"href":"https:\/\/www.eldigitaldeasturias.com\/noticias\/wp-json\/wp\/v2\/posts"}],"about":[{"href":"https:\/\/www.eldigitaldeasturias.com\/noticias\/wp-json\/wp\/v2\/types\/post"}],"author":[{"embeddable":true,"href":"https:\/\/www.eldigitaldeasturias.com\/noticias\/wp-json\/wp\/v2\/users\/1"}],"replies":[{"embeddable":true,"href":"https:\/\/www.eldigitaldeasturias.com\/noticias\/wp-json\/wp\/v2\/comments?post=479577"}],"version-history":[{"count":0,"href":"https:\/\/www.eldigitaldeasturias.com\/noticias\/wp-json\/wp\/v2\/posts\/479577\/revisions"}],"wp:featuredmedia":[{"embeddable":true,"href":"https:\/\/www.eldigitaldeasturias.com\/noticias\/wp-json\/wp\/v2\/media\/1132184"}],"wp:attachment":[{"href":"https:\/\/www.eldigitaldeasturias.com\/noticias\/wp-json\/wp\/v2\/media?parent=479577"}],"wp:term":[{"taxonomy":"category","embeddable":true,"href":"https:\/\/www.eldigitaldeasturias.com\/noticias\/wp-json\/wp\/v2\/categories?post=479577"},{"taxonomy":"post_tag","embeddable":true,"href":"https:\/\/www.eldigitaldeasturias.com\/noticias\/wp-json\/wp\/v2\/tags?post=479577"}],"curies":[{"name":"wp","href":"https:\/\/api.w.org\/{rel}","templated":true}]}}