{"id":479477,"date":"2014-01-27T14:13:16","date_gmt":"2014-01-27T15:13:16","guid":{"rendered":"http:\/\/www.eldigitaldeasturias.com\/noticias\/?p=479477"},"modified":"2014-01-27T14:13:16","modified_gmt":"2014-01-27T15:13:16","slug":"nadal-mas-lider-tras-el-abierto-de-australia-que-coloca-tercero-a-wawrinka","status":"publish","type":"post","link":"https:\/\/www.eldigitaldeasturias.com\/noticias\/nadal-mas-lider-tras-el-abierto-de-australia-que-coloca-tercero-a-wawrinka\/","title":{"rendered":"Nadal, m\u00e1s l\u00edder tras el Abierto de Australia, que coloca tercero a Wawrinka"},"content":{"rendered":"<p><img loading=\"lazy\" decoding=\"async\" class=\"alignleft size-medium wp-image-479478\" alt=\"5878572w\" src=\"https:\/\/www.eldigitaldeasturias.com\/noticias\/wp-content\/uploads\/2014\/01\/5878572w-360x240.jpg\" width=\"360\" height=\"240\" \/>Madrid, 27 ene (EFE).- El Abierto de Australia ha alterado significativamente la clasificaci\u00f3n ATP, que no obstante contin\u00faa liderada por el espa\u00f1ol Rafael Nadal, con m\u00e1s ventaja sobre el serbio Novak Djokovic que antes del torneo, y que por primera vez sit\u00faa en el podio al suizo Stanislas Wawrinka, vencedor ayer en Melbourne.<\/p>\n<p>Nadal, finalista ante el de Lausana, tiene 3.710 puntos de margen sobre Djokovic, frente a los 870 de hace dos semanas.<\/p>\n<p>El espa\u00f1ol suma 14.330 puntos, por 10.620 de Djokovic y 5.710 de Wawrinka, que gana cinco plazas.<\/p>\n<p>Tambi\u00e9n mejora, un puesto, el argentino Juan Mart\u00edn del Potro, ahora cuarto.<\/p>\n<p>Entre los primeros del r\u00e1nking, los m\u00e1s perjudicados por su actuaci\u00f3n en Australia son el espa\u00f1ol David Ferrer, quinto; el brit\u00e1nico Andy Murray, sexto; y el suizo Roger Federer, octavo, cada uno de los cuales pierde dos posiciones.<\/p>\n<p>Una de las sensaciones del torneo, el espa\u00f1ol Roberto Bautista Agut, que alcanz\u00f3 los octavos tras eliminar, entre otros, a Del Potro, sube diez plazas, hasta la 52.<\/p>\n<p>&nbsp;<\/p>\n<p>Clasificaci\u00f3n ATP:<\/p>\n<p>.1. Rafael Nadal (ESP) 14.330<\/p>\n<p>.2. Novak Djokovic (SRB) 10.620<\/p>\n<p>.3. Stanislas Wawrinka (SUI) 5.710<\/p>\n<p>.4. Juan Mart\u00edn del Potro (ARG) 5.370<\/p>\n<p>.5. David Ferrer (ESP) 5.280<\/p>\n<p>.6. Andy Murray (GBR) 4.720<\/p>\n<p>.7. Tomas Berdych (CZE) 4.540<\/p>\n<p>.8. Roger Federer (SUI) 4.355<\/p>\n<p>.9. Richard Gasquet (FRA) 3.050<\/p>\n<p>10. Jo-Wilfried Tsonga (FRA) 2.885<\/p>\n<p>.&#8212;-<\/p>\n<p>&nbsp;<\/p>\n<p>16. Tommy Robredo (ESP) 1.980<\/p>\n<p>17. Nicol\u00e1s Almagro (ESP) 1.930<\/p>\n<p>26. Feliciano L\u00f3pez (ESP) 1.355<\/p>\n<p>33. Fernando Verdasco (ESP) 1.190<\/p>\n<p>35. Marcel Granollers (ESP) 1.120<\/p>\n<p>40. Juan M\u00f3naco (ARG) 1.015<\/p>\n<p>44. Carlos Berlocq (ARG) 985<\/p>\n<p>45. Pablo And\u00fajar (ESP) 981<\/p>\n<p>52. Roberto Bautista Agut (ESP) 885<\/p>\n<p>56. Guillermo Garc\u00eda-Lopez (ESP) 836<\/p>\n<p>58. Albert Monta\u00f1\u00e9s (ESP) 766<\/p>\n<p>60. Federico Delbonis (ARG) 756<\/p>\n<p>64. Pablo Carre\u00f1o (ESP) 731<\/p>\n<p>66. Horacio Zeballos (ARG) 730<\/p>\n<p>70. Santiago Giraldo (COL) 703<\/p>\n<p>74. Alejandro Falla (COL) 692<\/p>\n<p>77. Alejandro Gonz\u00e1lez (COL) 676<\/p>\n<p>86. Daniel Gimeno-Traver (ESP) 627<\/p>\n<p>87. Albert Ramos (ESP) 626<\/p>\n<p>92 Leonardo Mayer (ARG) 614.<\/p>\n","protected":false},"excerpt":{"rendered":"<p>Madrid, 27 ene (EFE).- El Abierto de Australia ha alterado significativamente la clasificaci\u00f3n ATP, que no obstante contin\u00faa liderada por el espa\u00f1ol Rafael Nadal, con m\u00e1s ventaja sobre el serbio Novak Djokovic que antes del torneo, y que por primera vez sit\u00faa en el podio al suizo Stanislas Wawrinka, vencedor ayer en Melbourne. Nadal, finalista [&hellip;]<\/p>\n","protected":false},"author":1,"featured_media":1132184,"comment_status":"closed","ping_status":"open","sticky":false,"template":"","format":"standard","meta":{"footnotes":""},"categories":[1],"tags":[],"class_list":["post-479477","post","type-post","status-publish","format-standard","has-post-thumbnail","hentry","category-actualidad"],"aioseo_notices":[],"aioseo_head":"\n\t\t<!-- All in One SEO Pro 5.0.1 - aioseo.com -->\n\t<meta name=\"description\" content=\"Madrid, 27 ene (EFE).- El Abierto de Australia ha alterado significativamente la clasificaci\u00f3n ATP, que no obstante contin\u00faa liderada por el espa\u00f1ol Rafael Nadal, con m\u00e1s ventaja sobre el serbio Novak Djokovic que antes del torneo, y que por primera vez sit\u00faa en el podio al suizo Stanislas Wawrinka, vencedor ayer en Melbourne. Nadal, finalista\" \/>\n\t<meta name=\"robots\" content=\"max-image-preview:large\" \/>\n\t<meta name=\"author\" content=\"El Digital de Asturias\"\/>\n\t<meta name=\"google-site-verification\" content=\"UA-38556648-1\" \/>\n\t<meta name=\"msvalidate.01\" content=\"7dfe9f3f1b24437ab69f4f2559babe99\" \/>\n\t<meta name=\"keywords\" content=\"actualidad\" \/>\n\t<link rel=\"canonical\" href=\"https:\/\/www.eldigitaldeasturias.com\/noticias\/nadal-mas-lider-tras-el-abierto-de-australia-que-coloca-tercero-a-wawrinka\/\" \/>\n\t<meta name=\"generator\" content=\"All in One SEO Pro (AIOSEO) 5.0.1\" \/>\n\t\t<meta property=\"og:locale\" content=\"es_ES\" \/>\n\t\t<meta property=\"og:site_name\" content=\"El Digital de Asturias\" \/>\n\t\t<meta property=\"og:type\" content=\"article\" \/>\n\t\t<meta property=\"og:title\" content=\"Nadal, m\u00e1s l\u00edder tras el Abierto de Australia, que coloca tercero a Wawrinka - El Digital de Asturias\" \/>\n\t\t<meta property=\"og:description\" content=\"Madrid, 27 ene (EFE).- El Abierto de Australia ha alterado significativamente la clasificaci\u00f3n ATP, que no obstante contin\u00faa liderada por el espa\u00f1ol Rafael Nadal, con m\u00e1s ventaja sobre el serbio Novak Djokovic que antes del torneo, y que por primera vez sit\u00faa en el podio al suizo Stanislas Wawrinka, vencedor ayer en Melbourne. Nadal, finalista\" \/>\n\t\t<meta property=\"og:url\" content=\"https:\/\/www.eldigitaldeasturias.com\/noticias\/nadal-mas-lider-tras-el-abierto-de-australia-que-coloca-tercero-a-wawrinka\/\" \/>\n\t\t<meta property=\"og:image\" content=\"https:\/\/www.eldigitaldeasturias.com\/noticias\/wp-content\/uploads\/2026\/06\/Contenidos.jpg\" \/>\n\t\t<meta property=\"og:image:secure_url\" content=\"https:\/\/www.eldigitaldeasturias.com\/noticias\/wp-content\/uploads\/2026\/06\/Contenidos.jpg\" \/>\n\t\t<meta property=\"og:image:width\" content=\"1265\" \/>\n\t\t<meta property=\"og:image:height\" content=\"697\" \/>\n\t\t<meta property=\"article:tag\" content=\"actualidad\" \/>\n\t\t<meta property=\"article:published_time\" content=\"2014-01-27T15:13:16+00:00\" \/>\n\t\t<meta property=\"article:modified_time\" content=\"2014-01-27T15:13:16+00:00\" \/>\n\t\t<meta property=\"article:publisher\" content=\"https:\/\/facebook.com\/eldigitaldeasturias\" \/>\n\t\t<meta name=\"twitter:card\" content=\"summary_large_image\" \/>\n\t\t<meta name=\"twitter:title\" content=\"Nadal, m\u00e1s l\u00edder tras el Abierto de Australia, que coloca tercero a Wawrinka - El Digital de Asturias\" \/>\n\t\t<meta name=\"twitter:description\" content=\"Madrid, 27 ene (EFE).- El Abierto de Australia ha alterado significativamente la clasificaci\u00f3n ATP, que no obstante contin\u00faa liderada por el espa\u00f1ol Rafael Nadal, con m\u00e1s ventaja sobre el serbio Novak Djokovic que antes del torneo, y que por primera vez sit\u00faa en el podio al suizo Stanislas Wawrinka, vencedor ayer en Melbourne. Nadal, finalista\" \/>\n\t\t<meta name=\"twitter:image\" content=\"https:\/\/www.eldigitaldeasturias.com\/noticias\/wp-content\/uploads\/2026\/06\/Contenidos.jpg\" \/>\n\t\t<meta name=\"twitter:label1\" content=\"Escrito por\" \/>\n\t\t<meta name=\"twitter:data1\" content=\"El Digital de Asturias\" \/>\n\t\t<meta name=\"twitter:label2\" content=\"Tiempo de lectura estimado\" \/>\n\t\t<meta name=\"twitter:data2\" content=\"1 minuto\" \/>\n\t\t<script type=\"application\/ld+json\" class=\"aioseo-schema\">\n\t\t\t{\"@context\":\"https:\\\/\\\/schema.org\",\"@graph\":[{\"@type\":\"BlogPosting\",\"@id\":\"https:\\\/\\\/www.eldigitaldeasturias.com\\\/noticias\\\/nadal-mas-lider-tras-el-abierto-de-australia-que-coloca-tercero-a-wawrinka\\\/#blogposting\",\"name\":\"Nadal, m\\u00e1s l\\u00edder tras el Abierto de Australia, que coloca tercero a Wawrinka - El Digital de Asturias\",\"headline\":\"Nadal, m\\u00e1s l\\u00edder tras el Abierto de Australia, que coloca tercero a Wawrinka\",\"author\":{\"@id\":\"https:\\\/\\\/www.eldigitaldeasturias.com\\\/noticias\\\/author\\\/admin\\\/#author\"},\"publisher\":{\"@id\":\"https:\\\/\\\/www.eldigitaldeasturias.com\\\/noticias\\\/#organization\"},\"image\":{\"@type\":\"ImageObject\",\"url\":\"https:\\\/\\\/www.eldigitaldeasturias.com\\\/noticias\\\/wp-content\\\/uploads\\\/2026\\\/06\\\/Contenidos.jpg\",\"width\":1265,\"height\":697,\"caption\":\"Contenidos\"},\"datePublished\":\"2014-01-27T14:13:16+01:00\",\"dateModified\":\"2014-01-27T14:13:16+01:00\",\"inLanguage\":\"es-ES\",\"mainEntityOfPage\":{\"@id\":\"https:\\\/\\\/www.eldigitaldeasturias.com\\\/noticias\\\/nadal-mas-lider-tras-el-abierto-de-australia-que-coloca-tercero-a-wawrinka\\\/#webpage\"},\"isPartOf\":{\"@id\":\"https:\\\/\\\/www.eldigitaldeasturias.com\\\/noticias\\\/nadal-mas-lider-tras-el-abierto-de-australia-que-coloca-tercero-a-wawrinka\\\/#webpage\"},\"articleSection\":\"Actualidad\"},{\"@type\":\"BreadcrumbList\",\"@id\":\"https:\\\/\\\/www.eldigitaldeasturias.com\\\/noticias\\\/nadal-mas-lider-tras-el-abierto-de-australia-que-coloca-tercero-a-wawrinka\\\/#breadcrumblist\",\"itemListElement\":[{\"@type\":\"ListItem\",\"@id\":\"https:\\\/\\\/www.eldigitaldeasturias.com\\\/noticias#listItem\",\"position\":1,\"name\":\"Home\",\"item\":\"https:\\\/\\\/www.eldigitaldeasturias.com\\\/noticias\",\"nextItem\":{\"@type\":\"ListItem\",\"@id\":\"https:\\\/\\\/www.eldigitaldeasturias.com\\\/noticias\\\/category\\\/actualidad\\\/#listItem\",\"name\":\"Actualidad\"}},{\"@type\":\"ListItem\",\"@id\":\"https:\\\/\\\/www.eldigitaldeasturias.com\\\/noticias\\\/category\\\/actualidad\\\/#listItem\",\"position\":2,\"name\":\"Actualidad\",\"item\":\"https:\\\/\\\/www.eldigitaldeasturias.com\\\/noticias\\\/category\\\/actualidad\\\/\",\"nextItem\":{\"@type\":\"ListItem\",\"@id\":\"https:\\\/\\\/www.eldigitaldeasturias.com\\\/noticias\\\/nadal-mas-lider-tras-el-abierto-de-australia-que-coloca-tercero-a-wawrinka\\\/#listItem\",\"name\":\"Nadal, m\\u00e1s l\\u00edder tras el Abierto de Australia, que coloca tercero a Wawrinka\"},\"previousItem\":{\"@type\":\"ListItem\",\"@id\":\"https:\\\/\\\/www.eldigitaldeasturias.com\\\/noticias#listItem\",\"name\":\"Home\"}},{\"@type\":\"ListItem\",\"@id\":\"https:\\\/\\\/www.eldigitaldeasturias.com\\\/noticias\\\/nadal-mas-lider-tras-el-abierto-de-australia-que-coloca-tercero-a-wawrinka\\\/#listItem\",\"position\":3,\"name\":\"Nadal, m\\u00e1s l\\u00edder tras el Abierto de Australia, que coloca tercero a Wawrinka\",\"previousItem\":{\"@type\":\"ListItem\",\"@id\":\"https:\\\/\\\/www.eldigitaldeasturias.com\\\/noticias\\\/category\\\/actualidad\\\/#listItem\",\"name\":\"Actualidad\"}}]},{\"@type\":\"Organization\",\"@id\":\"https:\\\/\\\/www.eldigitaldeasturias.com\\\/noticias\\\/#organization\",\"name\":\"El Digital de Asturias\",\"description\":\"Hemeroteca\",\"url\":\"https:\\\/\\\/www.eldigitaldeasturias.com\\\/noticias\\\/\",\"email\":\"info@eldigitaldeasturias.com\",\"telephone\":\"+34652131393\",\"logo\":{\"@type\":\"ImageObject\",\"url\":\"https:\\\/\\\/www.eldigitaldeasturias.com\\\/noticias\\\/wp-content\\\/uploads\\\/2020\\\/12\\\/EDA.jpg\",\"@id\":\"https:\\\/\\\/www.eldigitaldeasturias.com\\\/noticias\\\/nadal-mas-lider-tras-el-abierto-de-australia-que-coloca-tercero-a-wawrinka\\\/#organizationLogo\"},\"image\":{\"@id\":\"https:\\\/\\\/www.eldigitaldeasturias.com\\\/noticias\\\/nadal-mas-lider-tras-el-abierto-de-australia-que-coloca-tercero-a-wawrinka\\\/#organizationLogo\"},\"sameAs\":[\"https:\\\/\\\/facebook.com\\\/eldigitaldeasturias\",\"https:\\\/\\\/www.youtube.com\\\/channel\\\/UCZP-2wLEB9Rv6erhFmqVnvg\"],\"address\":{\"@id\":\"https:\\\/\\\/www.eldigitaldeasturias.com\\\/noticias\\\/#postaladdress\",\"@type\":\"PostalAddress\",\"streetAddress\":\"san antonio 4\",\"postalCode\":\"33430\",\"addressLocality\":\"Cand\\u00e1s\",\"addressRegion\":\"Asturias\",\"addressCountry\":\"ES\"}},{\"@type\":\"Person\",\"@id\":\"https:\\\/\\\/www.eldigitaldeasturias.com\\\/noticias\\\/author\\\/admin\\\/#author\",\"url\":\"https:\\\/\\\/www.eldigitaldeasturias.com\\\/noticias\\\/author\\\/admin\\\/\",\"name\":\"El Digital de Asturias\",\"image\":{\"@type\":\"ImageObject\",\"@id\":\"https:\\\/\\\/www.eldigitaldeasturias.com\\\/noticias\\\/nadal-mas-lider-tras-el-abierto-de-australia-que-coloca-tercero-a-wawrinka\\\/#authorImage\",\"url\":\"https:\\\/\\\/secure.gravatar.com\\\/avatar\\\/df2aeffc32bcd13f8d26072ef8a91b623d677766deac7f97ca815868cd41bf5e?s=96&d=mm&r=g\",\"width\":96,\"height\":96,\"caption\":\"El Digital de Asturias\"}},{\"@type\":\"WebPage\",\"@id\":\"https:\\\/\\\/www.eldigitaldeasturias.com\\\/noticias\\\/nadal-mas-lider-tras-el-abierto-de-australia-que-coloca-tercero-a-wawrinka\\\/#webpage\",\"url\":\"https:\\\/\\\/www.eldigitaldeasturias.com\\\/noticias\\\/nadal-mas-lider-tras-el-abierto-de-australia-que-coloca-tercero-a-wawrinka\\\/\",\"name\":\"Nadal, m\\u00e1s l\\u00edder tras el Abierto de Australia, que coloca tercero a Wawrinka - El Digital de Asturias\",\"description\":\"Madrid, 27 ene (EFE).- El Abierto de Australia ha alterado significativamente la clasificaci\\u00f3n ATP, que no obstante contin\\u00faa liderada por el espa\\u00f1ol Rafael Nadal, con m\\u00e1s ventaja sobre el serbio Novak Djokovic que antes del torneo, y que por primera vez sit\\u00faa en el podio al suizo Stanislas Wawrinka, vencedor ayer en Melbourne. Nadal, finalista\",\"inLanguage\":\"es-ES\",\"isPartOf\":{\"@id\":\"https:\\\/\\\/www.eldigitaldeasturias.com\\\/noticias\\\/#website\"},\"breadcrumb\":{\"@id\":\"https:\\\/\\\/www.eldigitaldeasturias.com\\\/noticias\\\/nadal-mas-lider-tras-el-abierto-de-australia-que-coloca-tercero-a-wawrinka\\\/#breadcrumblist\"},\"author\":{\"@id\":\"https:\\\/\\\/www.eldigitaldeasturias.com\\\/noticias\\\/author\\\/admin\\\/#author\"},\"creator\":{\"@id\":\"https:\\\/\\\/www.eldigitaldeasturias.com\\\/noticias\\\/author\\\/admin\\\/#author\"},\"image\":{\"@type\":\"ImageObject\",\"url\":\"https:\\\/\\\/www.eldigitaldeasturias.com\\\/noticias\\\/wp-content\\\/uploads\\\/2026\\\/06\\\/Contenidos.jpg\",\"@id\":\"https:\\\/\\\/www.eldigitaldeasturias.com\\\/noticias\\\/nadal-mas-lider-tras-el-abierto-de-australia-que-coloca-tercero-a-wawrinka\\\/#mainImage\",\"width\":1265,\"height\":697,\"caption\":\"Contenidos\"},\"primaryImageOfPage\":{\"@id\":\"https:\\\/\\\/www.eldigitaldeasturias.com\\\/noticias\\\/nadal-mas-lider-tras-el-abierto-de-australia-que-coloca-tercero-a-wawrinka\\\/#mainImage\"},\"datePublished\":\"2014-01-27T14:13:16+01:00\",\"dateModified\":\"2014-01-27T14:13:16+01:00\"},{\"@type\":\"WebSite\",\"@id\":\"https:\\\/\\\/www.eldigitaldeasturias.com\\\/noticias\\\/#website\",\"url\":\"https:\\\/\\\/www.eldigitaldeasturias.com\\\/noticias\\\/\",\"name\":\"El Digital de Asturias - Diario de actualidad y noticias\",\"alternateName\":\"El Digital de Asturias - Diario de actualidad y noticias\",\"description\":\"Hemeroteca\",\"inLanguage\":\"es-ES\",\"publisher\":{\"@id\":\"https:\\\/\\\/www.eldigitaldeasturias.com\\\/noticias\\\/#organization\"}}]}\n\t\t<\/script>\n\t\t<!-- All in One SEO Pro -->\r\n\t\t<title>Nadal, m\u00e1s l\u00edder tras el Abierto de Australia, que coloca tercero a Wawrinka - El Digital de Asturias<\/title>\n\n","aioseo_head_json":{"title":"Nadal, m\u00e1s l\u00edder tras el Abierto de Australia, que coloca tercero a Wawrinka - El Digital de Asturias","description":"Madrid, 27 ene (EFE).- El Abierto de Australia ha alterado significativamente la clasificaci\u00f3n ATP, que no obstante contin\u00faa liderada por el espa\u00f1ol Rafael Nadal, con m\u00e1s ventaja sobre el serbio Novak Djokovic que antes del torneo, y que por primera vez sit\u00faa en el podio al suizo Stanislas Wawrinka, vencedor ayer en Melbourne. Nadal, finalista","canonical_url":"https:\/\/www.eldigitaldeasturias.com\/noticias\/nadal-mas-lider-tras-el-abierto-de-australia-que-coloca-tercero-a-wawrinka\/","robots":"max-image-preview:large","keywords":"actualidad","webmasterTools":{"google-site-verification":"UA-38556648-1","msvalidate.01":"7dfe9f3f1b24437ab69f4f2559babe99","miscellaneous":""},"schema":{"@context":"https:\/\/schema.org","@graph":[{"@type":"BlogPosting","@id":"https:\/\/www.eldigitaldeasturias.com\/noticias\/nadal-mas-lider-tras-el-abierto-de-australia-que-coloca-tercero-a-wawrinka\/#blogposting","name":"Nadal, m\u00e1s l\u00edder tras el Abierto de Australia, que coloca tercero a Wawrinka - El Digital de Asturias","headline":"Nadal, m\u00e1s l\u00edder tras el Abierto de Australia, que coloca tercero a Wawrinka","author":{"@id":"https:\/\/www.eldigitaldeasturias.com\/noticias\/author\/admin\/#author"},"publisher":{"@id":"https:\/\/www.eldigitaldeasturias.com\/noticias\/#organization"},"image":{"@type":"ImageObject","url":"https:\/\/www.eldigitaldeasturias.com\/noticias\/wp-content\/uploads\/2026\/06\/Contenidos.jpg","width":1265,"height":697,"caption":"Contenidos"},"datePublished":"2014-01-27T14:13:16+01:00","dateModified":"2014-01-27T14:13:16+01:00","inLanguage":"es-ES","mainEntityOfPage":{"@id":"https:\/\/www.eldigitaldeasturias.com\/noticias\/nadal-mas-lider-tras-el-abierto-de-australia-que-coloca-tercero-a-wawrinka\/#webpage"},"isPartOf":{"@id":"https:\/\/www.eldigitaldeasturias.com\/noticias\/nadal-mas-lider-tras-el-abierto-de-australia-que-coloca-tercero-a-wawrinka\/#webpage"},"articleSection":"Actualidad"},{"@type":"BreadcrumbList","@id":"https:\/\/www.eldigitaldeasturias.com\/noticias\/nadal-mas-lider-tras-el-abierto-de-australia-que-coloca-tercero-a-wawrinka\/#breadcrumblist","itemListElement":[{"@type":"ListItem","@id":"https:\/\/www.eldigitaldeasturias.com\/noticias#listItem","position":1,"name":"Home","item":"https:\/\/www.eldigitaldeasturias.com\/noticias","nextItem":{"@type":"ListItem","@id":"https:\/\/www.eldigitaldeasturias.com\/noticias\/category\/actualidad\/#listItem","name":"Actualidad"}},{"@type":"ListItem","@id":"https:\/\/www.eldigitaldeasturias.com\/noticias\/category\/actualidad\/#listItem","position":2,"name":"Actualidad","item":"https:\/\/www.eldigitaldeasturias.com\/noticias\/category\/actualidad\/","nextItem":{"@type":"ListItem","@id":"https:\/\/www.eldigitaldeasturias.com\/noticias\/nadal-mas-lider-tras-el-abierto-de-australia-que-coloca-tercero-a-wawrinka\/#listItem","name":"Nadal, m\u00e1s l\u00edder tras el Abierto de Australia, que coloca tercero a Wawrinka"},"previousItem":{"@type":"ListItem","@id":"https:\/\/www.eldigitaldeasturias.com\/noticias#listItem","name":"Home"}},{"@type":"ListItem","@id":"https:\/\/www.eldigitaldeasturias.com\/noticias\/nadal-mas-lider-tras-el-abierto-de-australia-que-coloca-tercero-a-wawrinka\/#listItem","position":3,"name":"Nadal, m\u00e1s l\u00edder tras el Abierto de Australia, que coloca tercero a Wawrinka","previousItem":{"@type":"ListItem","@id":"https:\/\/www.eldigitaldeasturias.com\/noticias\/category\/actualidad\/#listItem","name":"Actualidad"}}]},{"@type":"Organization","@id":"https:\/\/www.eldigitaldeasturias.com\/noticias\/#organization","name":"El Digital de Asturias","description":"Hemeroteca","url":"https:\/\/www.eldigitaldeasturias.com\/noticias\/","email":"info@eldigitaldeasturias.com","telephone":"+34652131393","logo":{"@type":"ImageObject","url":"https:\/\/www.eldigitaldeasturias.com\/noticias\/wp-content\/uploads\/2020\/12\/EDA.jpg","@id":"https:\/\/www.eldigitaldeasturias.com\/noticias\/nadal-mas-lider-tras-el-abierto-de-australia-que-coloca-tercero-a-wawrinka\/#organizationLogo"},"image":{"@id":"https:\/\/www.eldigitaldeasturias.com\/noticias\/nadal-mas-lider-tras-el-abierto-de-australia-que-coloca-tercero-a-wawrinka\/#organizationLogo"},"sameAs":["https:\/\/facebook.com\/eldigitaldeasturias","https:\/\/www.youtube.com\/channel\/UCZP-2wLEB9Rv6erhFmqVnvg"],"address":{"@id":"https:\/\/www.eldigitaldeasturias.com\/noticias\/#postaladdress","@type":"PostalAddress","streetAddress":"san antonio 4","postalCode":"33430","addressLocality":"Cand\u00e1s","addressRegion":"Asturias","addressCountry":"ES"}},{"@type":"Person","@id":"https:\/\/www.eldigitaldeasturias.com\/noticias\/author\/admin\/#author","url":"https:\/\/www.eldigitaldeasturias.com\/noticias\/author\/admin\/","name":"El Digital de Asturias","image":{"@type":"ImageObject","@id":"https:\/\/www.eldigitaldeasturias.com\/noticias\/nadal-mas-lider-tras-el-abierto-de-australia-que-coloca-tercero-a-wawrinka\/#authorImage","url":"https:\/\/secure.gravatar.com\/avatar\/df2aeffc32bcd13f8d26072ef8a91b623d677766deac7f97ca815868cd41bf5e?s=96&d=mm&r=g","width":96,"height":96,"caption":"El Digital de Asturias"}},{"@type":"WebPage","@id":"https:\/\/www.eldigitaldeasturias.com\/noticias\/nadal-mas-lider-tras-el-abierto-de-australia-que-coloca-tercero-a-wawrinka\/#webpage","url":"https:\/\/www.eldigitaldeasturias.com\/noticias\/nadal-mas-lider-tras-el-abierto-de-australia-que-coloca-tercero-a-wawrinka\/","name":"Nadal, m\u00e1s l\u00edder tras el Abierto de Australia, que coloca tercero a Wawrinka - El Digital de Asturias","description":"Madrid, 27 ene (EFE).- El Abierto de Australia ha alterado significativamente la clasificaci\u00f3n ATP, que no obstante contin\u00faa liderada por el espa\u00f1ol Rafael Nadal, con m\u00e1s ventaja sobre el serbio Novak Djokovic que antes del torneo, y que por primera vez sit\u00faa en el podio al suizo Stanislas Wawrinka, vencedor ayer en Melbourne. Nadal, finalista","inLanguage":"es-ES","isPartOf":{"@id":"https:\/\/www.eldigitaldeasturias.com\/noticias\/#website"},"breadcrumb":{"@id":"https:\/\/www.eldigitaldeasturias.com\/noticias\/nadal-mas-lider-tras-el-abierto-de-australia-que-coloca-tercero-a-wawrinka\/#breadcrumblist"},"author":{"@id":"https:\/\/www.eldigitaldeasturias.com\/noticias\/author\/admin\/#author"},"creator":{"@id":"https:\/\/www.eldigitaldeasturias.com\/noticias\/author\/admin\/#author"},"image":{"@type":"ImageObject","url":"https:\/\/www.eldigitaldeasturias.com\/noticias\/wp-content\/uploads\/2026\/06\/Contenidos.jpg","@id":"https:\/\/www.eldigitaldeasturias.com\/noticias\/nadal-mas-lider-tras-el-abierto-de-australia-que-coloca-tercero-a-wawrinka\/#mainImage","width":1265,"height":697,"caption":"Contenidos"},"primaryImageOfPage":{"@id":"https:\/\/www.eldigitaldeasturias.com\/noticias\/nadal-mas-lider-tras-el-abierto-de-australia-que-coloca-tercero-a-wawrinka\/#mainImage"},"datePublished":"2014-01-27T14:13:16+01:00","dateModified":"2014-01-27T14:13:16+01:00"},{"@type":"WebSite","@id":"https:\/\/www.eldigitaldeasturias.com\/noticias\/#website","url":"https:\/\/www.eldigitaldeasturias.com\/noticias\/","name":"El Digital de Asturias - Diario de actualidad y noticias","alternateName":"El Digital de Asturias - Diario de actualidad y noticias","description":"Hemeroteca","inLanguage":"es-ES","publisher":{"@id":"https:\/\/www.eldigitaldeasturias.com\/noticias\/#organization"}}]},"og:locale":"es_ES","og:site_name":"El Digital de Asturias","og:type":"article","og:title":"Nadal, m\u00e1s l\u00edder tras el Abierto de Australia, que coloca tercero a Wawrinka - El Digital de Asturias","og:description":"Madrid, 27 ene (EFE).- El Abierto de Australia ha alterado significativamente la clasificaci\u00f3n ATP, que no obstante contin\u00faa liderada por el espa\u00f1ol Rafael Nadal, con m\u00e1s ventaja sobre el serbio Novak Djokovic que antes del torneo, y que por primera vez sit\u00faa en el podio al suizo Stanislas Wawrinka, vencedor ayer en Melbourne. Nadal, finalista","og:url":"https:\/\/www.eldigitaldeasturias.com\/noticias\/nadal-mas-lider-tras-el-abierto-de-australia-que-coloca-tercero-a-wawrinka\/","og:image":"https:\/\/www.eldigitaldeasturias.com\/noticias\/wp-content\/uploads\/2026\/06\/Contenidos.jpg","og:image:secure_url":"https:\/\/www.eldigitaldeasturias.com\/noticias\/wp-content\/uploads\/2026\/06\/Contenidos.jpg","og:image:width":1265,"og:image:height":697,"article:tag":["actualidad"],"article:published_time":"2014-01-27T15:13:16+00:00","article:modified_time":"2014-01-27T15:13:16+00:00","article:publisher":"https:\/\/facebook.com\/eldigitaldeasturias","twitter:card":"summary_large_image","twitter:title":"Nadal, m\u00e1s l\u00edder tras el Abierto de Australia, que coloca tercero a Wawrinka - El Digital de Asturias","twitter:description":"Madrid, 27 ene (EFE).- El Abierto de Australia ha alterado significativamente la clasificaci\u00f3n ATP, que no obstante contin\u00faa liderada por el espa\u00f1ol Rafael Nadal, con m\u00e1s ventaja sobre el serbio Novak Djokovic que antes del torneo, y que por primera vez sit\u00faa en el podio al suizo Stanislas Wawrinka, vencedor ayer en Melbourne. Nadal, finalista","twitter:image":"https:\/\/www.eldigitaldeasturias.com\/noticias\/wp-content\/uploads\/2026\/06\/Contenidos.jpg","twitter:label1":"Escrito por","twitter:data1":"El Digital de Asturias","twitter:label2":"Tiempo de lectura estimado","twitter:data2":"1 minuto"},"aioseo_meta_data":{"post_id":"479477","title":null,"description":null,"keywords":null,"keyphrases":null,"primary_term":null,"canonical_url":null,"og_title":null,"og_description":null,"og_object_type":"default","og_image_type":"default","og_image_url":null,"og_image_width":null,"og_image_height":null,"og_image_custom_url":null,"og_image_custom_fields":null,"og_video":null,"og_custom_url":null,"og_article_section":null,"og_article_tags":null,"twitter_use_og":true,"twitter_card":"default","twitter_image_type":"default","twitter_image_url":null,"twitter_image_custom_url":null,"twitter_image_custom_fields":null,"twitter_title":null,"twitter_description":null,"schema":{"blockGraphs":[],"customGraphs":[],"default":{"data":{"Article":[],"Course":[],"Dataset":[],"FAQPage":[],"Movie":[],"Person":[],"Product":[],"ProductReview":[],"Car":[],"Recipe":[],"Service":[],"SoftwareApplication":[],"WebPage":[]},"graphName":"","isEnabled":true},"graphs":[],"defaultGraph":"","defaultPostTypeGraph":""},"schema_type":null,"schema_type_options":null,"pillar_content":false,"robots_default":true,"robots_noindex":false,"robots_noarchive":false,"robots_nosnippet":false,"robots_nofollow":false,"robots_noimageindex":false,"robots_noodp":false,"robots_notranslate":false,"robots_max_snippet":null,"robots_max_videopreview":null,"robots_max_imagepreview":"none","priority":null,"frequency":null,"local_seo":null,"seo_analyzer_scan_date":"2026-06-02 00:38:22","breadcrumb_settings":null,"limit_modified_date":false,"open_ai":null,"ai":null,"created":"2020-11-14 22:54:04","updated":"2026-06-02 00:38:22","focus_keyword":null,"additional_keywords":null,"truseo_locale":null},"aioseo_breadcrumb":"<div class=\"aioseo-breadcrumbs\"><span class=\"aioseo-breadcrumb\">\n\t<a href=\"https:\/\/www.eldigitaldeasturias.com\/noticias\" title=\"Home\">Home<\/a>\n<\/span><span class=\"aioseo-breadcrumb-separator\">\u2013<\/span><span class=\"aioseo-breadcrumb\">\n\t<a href=\"https:\/\/www.eldigitaldeasturias.com\/noticias\/category\/actualidad\/\" title=\"Actualidad\">Actualidad<\/a>\n<\/span><span class=\"aioseo-breadcrumb-separator\">\u2013<\/span><span class=\"aioseo-breadcrumb\">\n\t<a href=\"https:\/\/www.eldigitaldeasturias.com\/noticias\/nadal-mas-lider-tras-el-abierto-de-australia-que-coloca-tercero-a-wawrinka\/\" title=\"Nadal, m\u00e1s l\u00edder tras el Abierto de Australia, que coloca tercero a Wawrinka\">Nadal, m\u00e1s l\u00edder tras el Abierto de Australia, que coloca tercero a Wawrinka<\/a>\n<\/span><\/div>","aioseo_breadcrumb_json":[{"label":"Home","link":"https:\/\/www.eldigitaldeasturias.com\/noticias"},{"label":"Actualidad","link":"https:\/\/www.eldigitaldeasturias.com\/noticias\/category\/actualidad\/"},{"label":"Nadal, m\u00e1s l\u00edder tras el Abierto de Australia, que coloca tercero a Wawrinka","link":"https:\/\/www.eldigitaldeasturias.com\/noticias\/nadal-mas-lider-tras-el-abierto-de-australia-que-coloca-tercero-a-wawrinka\/"}],"_links":{"self":[{"href":"https:\/\/www.eldigitaldeasturias.com\/noticias\/wp-json\/wp\/v2\/posts\/479477","targetHints":{"allow":["GET"]}}],"collection":[{"href":"https:\/\/www.eldigitaldeasturias.com\/noticias\/wp-json\/wp\/v2\/posts"}],"about":[{"href":"https:\/\/www.eldigitaldeasturias.com\/noticias\/wp-json\/wp\/v2\/types\/post"}],"author":[{"embeddable":true,"href":"https:\/\/www.eldigitaldeasturias.com\/noticias\/wp-json\/wp\/v2\/users\/1"}],"replies":[{"embeddable":true,"href":"https:\/\/www.eldigitaldeasturias.com\/noticias\/wp-json\/wp\/v2\/comments?post=479477"}],"version-history":[{"count":0,"href":"https:\/\/www.eldigitaldeasturias.com\/noticias\/wp-json\/wp\/v2\/posts\/479477\/revisions"}],"wp:featuredmedia":[{"embeddable":true,"href":"https:\/\/www.eldigitaldeasturias.com\/noticias\/wp-json\/wp\/v2\/media\/1132184"}],"wp:attachment":[{"href":"https:\/\/www.eldigitaldeasturias.com\/noticias\/wp-json\/wp\/v2\/media?parent=479477"}],"wp:term":[{"taxonomy":"category","embeddable":true,"href":"https:\/\/www.eldigitaldeasturias.com\/noticias\/wp-json\/wp\/v2\/categories?post=479477"},{"taxonomy":"post_tag","embeddable":true,"href":"https:\/\/www.eldigitaldeasturias.com\/noticias\/wp-json\/wp\/v2\/tags?post=479477"}],"curies":[{"name":"wp","href":"https:\/\/api.w.org\/{rel}","templated":true}]}}