{"id":479462,"date":"2014-01-27T14:07:46","date_gmt":"2014-01-27T15:07:46","guid":{"rendered":"http:\/\/www.eldigitaldeasturias.com\/noticias\/?p=479462"},"modified":"2014-01-27T14:07:46","modified_gmt":"2014-01-27T15:07:46","slug":"ban-ki-moon-llega-a-cuba-muy-interesado-en-sus-reformas-y-en-como-apoyarlas","status":"publish","type":"post","link":"https:\/\/www.eldigitaldeasturias.com\/noticias\/ban-ki-moon-llega-a-cuba-muy-interesado-en-sus-reformas-y-en-como-apoyarlas\/","title":{"rendered":"Ban Ki-moon llega a Cuba \u00abmuy interesado\u00bb en sus reformas y en c\u00f3mo apoyarlas"},"content":{"rendered":"<p><img loading=\"lazy\" decoding=\"async\" class=\"alignleft size-medium wp-image-479463\" alt=\"5878489w\" src=\"https:\/\/www.eldigitaldeasturias.com\/noticias\/wp-content\/uploads\/2014\/01\/5878489w-360x239.jpg\" width=\"360\" height=\"239\" \/>La Habana, 27 ene (EFE).- El secretario general de la ONU, Ban Ki-moon, lleg\u00f3 este lunes a Cuba, donde asistir\u00e1 como invitado a la II Cumbre de la Celac, \u00abmuy interesado\u00bb en los cambios que se dan en la isla y en c\u00f3mo las Naciones Unidas pueden apoyarlos.<\/p>\n<p>\u00abEstoy muy interesado en el proceso de cambio que se est\u00e1 dando en Cuba y por ello tengo mucho inter\u00e9s en conocer qu\u00e9 es lo que se est\u00e1 haciendo y c\u00f3mo las Naciones Unidas podemos apoyar este proceso\u00bb, afirm\u00f3 Ban Ki-moon en una breve alocuci\u00f3n en el aeropuerto internacional \u00abJos\u00e9 Mart\u00ed\u00bb de La Habana.<\/p>\n<p>El secretario general de la ONU declar\u00f3 tambi\u00e9n su inter\u00e9s por escuchar durante su estancia en la isla los puntos de vista de los l\u00edderes latinoamericanos y caribe\u00f1os en temas como paz y seguridad, derechos humanos y desarrollo sostenible.<\/p>\n<p>Confirm\u00f3 que estos d\u00edas se reunir\u00e1 con el presidente cubano, Ra\u00fal Castro, ministros y altas autoridades para hablar de asuntos relacionados con desarrollo, paz, prosperidad e igualdad.<\/p>\n<p>Pasada la medianoche, el avi\u00f3n de Ban aterriz\u00f3 en La Habana, donde fue recibido por el ministro de Comercio Exterior de la isla, Rodrigo Malmierca.<\/p>\n<p>Durante su visita, la primera que cursa a Cuba como secretario de la ONU, Ban se reunir\u00e1 con autoridades cubanas y con l\u00edderes de la Comunidad de Estados Latinoamericanos y Caribe\u00f1os (Celac), adem\u00e1s de visitar algunos proyectos sobre el terreno.<\/p>\n<p>La \u00faltima visita de un secretario general de la ONU a Cuba fue la de Kofi Annan en 2006 con motivo de XVI Cumbre de Pa\u00edses No Alienados (Noal).<\/p>\n<p>El tema central de la cumbre de la Celac, que se celebrar\u00e1 el martes y mi\u00e9rcoles y para la que ya han empezado a llegar a Cuba presidentes y cancilleres del bloque, ser\u00e1 la lucha contra la pobreza y la desigualdad, y Cuba traspasar\u00e1 la presidencia temporal del organismo a Costa Rica.<\/p>\n<p>Tambi\u00e9n est\u00e1 confirmado que acudir\u00e1 como invitado a esta cita regional el secretario general de la Organizaci\u00f3n de Estados Americanos (OEA), el chileno Jos\u00e9 Miguel Insulza, en lo que supondr\u00e1 la primera visita a Cuba del m\u00e1ximo responsable de ese organismo en m\u00e1s de medio siglo.<\/p>\n<p>Cuba fue suspendida como miembro de la OEA en enero de 1962 por su r\u00e9gimen comunista que a\u00fan mantiene, y aunque la organizaci\u00f3n interamericana levant\u00f3 esa medida en 2009 el Gobierno de La Habana rechaza volver a su seno.<\/p>\n<p>La Celac est\u00e1 integrada por 33 pa\u00edses de Am\u00e9rica Latina y el Caribe, todos los del continente menos Estados Unidos y Canad\u00e1.<\/p>\n","protected":false},"excerpt":{"rendered":"<p>La Habana, 27 ene (EFE).- El secretario general de la ONU, Ban Ki-moon, lleg\u00f3 este lunes a Cuba, donde asistir\u00e1 como invitado a la II Cumbre de la Celac, \u00abmuy interesado\u00bb en los cambios que se dan en la isla y en c\u00f3mo las Naciones Unidas pueden apoyarlos. \u00abEstoy muy interesado en el proceso de [&hellip;]<\/p>\n","protected":false},"author":1,"featured_media":1132184,"comment_status":"closed","ping_status":"open","sticky":false,"template":"","format":"standard","meta":{"footnotes":""},"categories":[1],"tags":[],"class_list":["post-479462","post","type-post","status-publish","format-standard","has-post-thumbnail","hentry","category-actualidad"],"aioseo_notices":[],"aioseo_head":"\n\t\t<!-- All in One SEO Pro 5.0.1 - aioseo.com -->\n\t<meta name=\"description\" content=\"La Habana, 27 ene (EFE).- El secretario general de la ONU, Ban Ki-moon, lleg\u00f3 este lunes a Cuba, donde asistir\u00e1 como invitado a la II Cumbre de la Celac, &quot;muy interesado&quot; en los cambios que se dan en la isla y en c\u00f3mo las Naciones Unidas pueden apoyarlos. &quot;Estoy muy interesado en el proceso de\" \/>\n\t<meta name=\"robots\" content=\"max-image-preview:large\" \/>\n\t<meta name=\"author\" content=\"El Digital de Asturias\"\/>\n\t<meta name=\"google-site-verification\" content=\"UA-38556648-1\" \/>\n\t<meta name=\"msvalidate.01\" content=\"7dfe9f3f1b24437ab69f4f2559babe99\" \/>\n\t<meta name=\"keywords\" content=\"actualidad\" \/>\n\t<link rel=\"canonical\" href=\"https:\/\/www.eldigitaldeasturias.com\/noticias\/ban-ki-moon-llega-a-cuba-muy-interesado-en-sus-reformas-y-en-como-apoyarlas\/\" \/>\n\t<meta name=\"generator\" content=\"All in One SEO Pro (AIOSEO) 5.0.1\" \/>\n\t\t<meta property=\"og:locale\" content=\"es_ES\" \/>\n\t\t<meta property=\"og:site_name\" content=\"El Digital de Asturias\" \/>\n\t\t<meta property=\"og:type\" content=\"article\" \/>\n\t\t<meta property=\"og:title\" content=\"Ban Ki-moon llega a Cuba \u00abmuy interesado\u00bb en sus reformas y en c\u00f3mo apoyarlas - El Digital de Asturias\" \/>\n\t\t<meta property=\"og:description\" content=\"La Habana, 27 ene (EFE).- El secretario general de la ONU, Ban Ki-moon, lleg\u00f3 este lunes a Cuba, donde asistir\u00e1 como invitado a la II Cumbre de la Celac, &quot;muy interesado&quot; en los cambios que se dan en la isla y en c\u00f3mo las Naciones Unidas pueden apoyarlos. &quot;Estoy muy interesado en el proceso de\" \/>\n\t\t<meta property=\"og:url\" content=\"https:\/\/www.eldigitaldeasturias.com\/noticias\/ban-ki-moon-llega-a-cuba-muy-interesado-en-sus-reformas-y-en-como-apoyarlas\/\" \/>\n\t\t<meta property=\"og:image\" content=\"https:\/\/www.eldigitaldeasturias.com\/noticias\/wp-content\/uploads\/2026\/06\/Contenidos.jpg\" \/>\n\t\t<meta property=\"og:image:secure_url\" content=\"https:\/\/www.eldigitaldeasturias.com\/noticias\/wp-content\/uploads\/2026\/06\/Contenidos.jpg\" \/>\n\t\t<meta property=\"og:image:width\" content=\"1265\" \/>\n\t\t<meta property=\"og:image:height\" content=\"697\" \/>\n\t\t<meta property=\"article:tag\" content=\"actualidad\" \/>\n\t\t<meta property=\"article:published_time\" content=\"2014-01-27T15:07:46+00:00\" \/>\n\t\t<meta property=\"article:modified_time\" content=\"2014-01-27T15:07:46+00:00\" \/>\n\t\t<meta property=\"article:publisher\" content=\"https:\/\/facebook.com\/eldigitaldeasturias\" \/>\n\t\t<meta name=\"twitter:card\" content=\"summary_large_image\" \/>\n\t\t<meta name=\"twitter:title\" content=\"Ban Ki-moon llega a Cuba \u00abmuy interesado\u00bb en sus reformas y en c\u00f3mo apoyarlas - El Digital de Asturias\" \/>\n\t\t<meta name=\"twitter:description\" content=\"La Habana, 27 ene (EFE).- El secretario general de la ONU, Ban Ki-moon, lleg\u00f3 este lunes a Cuba, donde asistir\u00e1 como invitado a la II Cumbre de la Celac, &quot;muy interesado&quot; en los cambios que se dan en la isla y en c\u00f3mo las Naciones Unidas pueden apoyarlos. &quot;Estoy muy interesado en el proceso de\" \/>\n\t\t<meta name=\"twitter:image\" content=\"https:\/\/www.eldigitaldeasturias.com\/noticias\/wp-content\/uploads\/2026\/06\/Contenidos.jpg\" \/>\n\t\t<meta name=\"twitter:label1\" content=\"Escrito por\" \/>\n\t\t<meta name=\"twitter:data1\" content=\"El Digital de Asturias\" \/>\n\t\t<meta name=\"twitter:label2\" content=\"Tiempo de lectura estimado\" \/>\n\t\t<meta name=\"twitter:data2\" content=\"2 minutos\" \/>\n\t\t<script type=\"application\/ld+json\" class=\"aioseo-schema\">\n\t\t\t{\"@context\":\"https:\\\/\\\/schema.org\",\"@graph\":[{\"@type\":\"BlogPosting\",\"@id\":\"https:\\\/\\\/www.eldigitaldeasturias.com\\\/noticias\\\/ban-ki-moon-llega-a-cuba-muy-interesado-en-sus-reformas-y-en-como-apoyarlas\\\/#blogposting\",\"name\":\"Ban Ki-moon llega a Cuba \\u00abmuy interesado\\u00bb en sus reformas y en c\\u00f3mo apoyarlas - El Digital de Asturias\",\"headline\":\"Ban Ki-moon llega a Cuba \\u00abmuy interesado\\u00bb en sus reformas y en c\\u00f3mo apoyarlas\",\"author\":{\"@id\":\"https:\\\/\\\/www.eldigitaldeasturias.com\\\/noticias\\\/author\\\/admin\\\/#author\"},\"publisher\":{\"@id\":\"https:\\\/\\\/www.eldigitaldeasturias.com\\\/noticias\\\/#organization\"},\"image\":{\"@type\":\"ImageObject\",\"url\":\"https:\\\/\\\/www.eldigitaldeasturias.com\\\/noticias\\\/wp-content\\\/uploads\\\/2026\\\/06\\\/Contenidos.jpg\",\"width\":1265,\"height\":697,\"caption\":\"Contenidos\"},\"datePublished\":\"2014-01-27T14:07:46+01:00\",\"dateModified\":\"2014-01-27T14:07:46+01:00\",\"inLanguage\":\"es-ES\",\"mainEntityOfPage\":{\"@id\":\"https:\\\/\\\/www.eldigitaldeasturias.com\\\/noticias\\\/ban-ki-moon-llega-a-cuba-muy-interesado-en-sus-reformas-y-en-como-apoyarlas\\\/#webpage\"},\"isPartOf\":{\"@id\":\"https:\\\/\\\/www.eldigitaldeasturias.com\\\/noticias\\\/ban-ki-moon-llega-a-cuba-muy-interesado-en-sus-reformas-y-en-como-apoyarlas\\\/#webpage\"},\"articleSection\":\"Actualidad\"},{\"@type\":\"BreadcrumbList\",\"@id\":\"https:\\\/\\\/www.eldigitaldeasturias.com\\\/noticias\\\/ban-ki-moon-llega-a-cuba-muy-interesado-en-sus-reformas-y-en-como-apoyarlas\\\/#breadcrumblist\",\"itemListElement\":[{\"@type\":\"ListItem\",\"@id\":\"https:\\\/\\\/www.eldigitaldeasturias.com\\\/noticias#listItem\",\"position\":1,\"name\":\"Home\",\"item\":\"https:\\\/\\\/www.eldigitaldeasturias.com\\\/noticias\",\"nextItem\":{\"@type\":\"ListItem\",\"@id\":\"https:\\\/\\\/www.eldigitaldeasturias.com\\\/noticias\\\/category\\\/actualidad\\\/#listItem\",\"name\":\"Actualidad\"}},{\"@type\":\"ListItem\",\"@id\":\"https:\\\/\\\/www.eldigitaldeasturias.com\\\/noticias\\\/category\\\/actualidad\\\/#listItem\",\"position\":2,\"name\":\"Actualidad\",\"item\":\"https:\\\/\\\/www.eldigitaldeasturias.com\\\/noticias\\\/category\\\/actualidad\\\/\",\"nextItem\":{\"@type\":\"ListItem\",\"@id\":\"https:\\\/\\\/www.eldigitaldeasturias.com\\\/noticias\\\/ban-ki-moon-llega-a-cuba-muy-interesado-en-sus-reformas-y-en-como-apoyarlas\\\/#listItem\",\"name\":\"Ban Ki-moon llega a Cuba \\u00abmuy interesado\\u00bb en sus reformas y en c\\u00f3mo apoyarlas\"},\"previousItem\":{\"@type\":\"ListItem\",\"@id\":\"https:\\\/\\\/www.eldigitaldeasturias.com\\\/noticias#listItem\",\"name\":\"Home\"}},{\"@type\":\"ListItem\",\"@id\":\"https:\\\/\\\/www.eldigitaldeasturias.com\\\/noticias\\\/ban-ki-moon-llega-a-cuba-muy-interesado-en-sus-reformas-y-en-como-apoyarlas\\\/#listItem\",\"position\":3,\"name\":\"Ban Ki-moon llega a Cuba \\u00abmuy interesado\\u00bb en sus reformas y en c\\u00f3mo apoyarlas\",\"previousItem\":{\"@type\":\"ListItem\",\"@id\":\"https:\\\/\\\/www.eldigitaldeasturias.com\\\/noticias\\\/category\\\/actualidad\\\/#listItem\",\"name\":\"Actualidad\"}}]},{\"@type\":\"Organization\",\"@id\":\"https:\\\/\\\/www.eldigitaldeasturias.com\\\/noticias\\\/#organization\",\"name\":\"El Digital de Asturias\",\"description\":\"Hemeroteca\",\"url\":\"https:\\\/\\\/www.eldigitaldeasturias.com\\\/noticias\\\/\",\"email\":\"info@eldigitaldeasturias.com\",\"telephone\":\"+34652131393\",\"logo\":{\"@type\":\"ImageObject\",\"url\":\"https:\\\/\\\/www.eldigitaldeasturias.com\\\/noticias\\\/wp-content\\\/uploads\\\/2020\\\/12\\\/EDA.jpg\",\"@id\":\"https:\\\/\\\/www.eldigitaldeasturias.com\\\/noticias\\\/ban-ki-moon-llega-a-cuba-muy-interesado-en-sus-reformas-y-en-como-apoyarlas\\\/#organizationLogo\"},\"image\":{\"@id\":\"https:\\\/\\\/www.eldigitaldeasturias.com\\\/noticias\\\/ban-ki-moon-llega-a-cuba-muy-interesado-en-sus-reformas-y-en-como-apoyarlas\\\/#organizationLogo\"},\"sameAs\":[\"https:\\\/\\\/facebook.com\\\/eldigitaldeasturias\",\"https:\\\/\\\/www.youtube.com\\\/channel\\\/UCZP-2wLEB9Rv6erhFmqVnvg\"],\"address\":{\"@id\":\"https:\\\/\\\/www.eldigitaldeasturias.com\\\/noticias\\\/#postaladdress\",\"@type\":\"PostalAddress\",\"streetAddress\":\"san antonio 4\",\"postalCode\":\"33430\",\"addressLocality\":\"Cand\\u00e1s\",\"addressRegion\":\"Asturias\",\"addressCountry\":\"ES\"}},{\"@type\":\"Person\",\"@id\":\"https:\\\/\\\/www.eldigitaldeasturias.com\\\/noticias\\\/author\\\/admin\\\/#author\",\"url\":\"https:\\\/\\\/www.eldigitaldeasturias.com\\\/noticias\\\/author\\\/admin\\\/\",\"name\":\"El Digital de Asturias\",\"image\":{\"@type\":\"ImageObject\",\"@id\":\"https:\\\/\\\/www.eldigitaldeasturias.com\\\/noticias\\\/ban-ki-moon-llega-a-cuba-muy-interesado-en-sus-reformas-y-en-como-apoyarlas\\\/#authorImage\",\"url\":\"https:\\\/\\\/secure.gravatar.com\\\/avatar\\\/df2aeffc32bcd13f8d26072ef8a91b623d677766deac7f97ca815868cd41bf5e?s=96&d=mm&r=g\",\"width\":96,\"height\":96,\"caption\":\"El Digital de Asturias\"}},{\"@type\":\"WebPage\",\"@id\":\"https:\\\/\\\/www.eldigitaldeasturias.com\\\/noticias\\\/ban-ki-moon-llega-a-cuba-muy-interesado-en-sus-reformas-y-en-como-apoyarlas\\\/#webpage\",\"url\":\"https:\\\/\\\/www.eldigitaldeasturias.com\\\/noticias\\\/ban-ki-moon-llega-a-cuba-muy-interesado-en-sus-reformas-y-en-como-apoyarlas\\\/\",\"name\":\"Ban Ki-moon llega a Cuba \\u00abmuy interesado\\u00bb en sus reformas y en c\\u00f3mo apoyarlas - El Digital de Asturias\",\"description\":\"La Habana, 27 ene (EFE).- El secretario general de la ONU, Ban Ki-moon, lleg\\u00f3 este lunes a Cuba, donde asistir\\u00e1 como invitado a la II Cumbre de la Celac, \\\"muy interesado\\\" en los cambios que se dan en la isla y en c\\u00f3mo las Naciones Unidas pueden apoyarlos. \\\"Estoy muy interesado en el proceso de\",\"inLanguage\":\"es-ES\",\"isPartOf\":{\"@id\":\"https:\\\/\\\/www.eldigitaldeasturias.com\\\/noticias\\\/#website\"},\"breadcrumb\":{\"@id\":\"https:\\\/\\\/www.eldigitaldeasturias.com\\\/noticias\\\/ban-ki-moon-llega-a-cuba-muy-interesado-en-sus-reformas-y-en-como-apoyarlas\\\/#breadcrumblist\"},\"author\":{\"@id\":\"https:\\\/\\\/www.eldigitaldeasturias.com\\\/noticias\\\/author\\\/admin\\\/#author\"},\"creator\":{\"@id\":\"https:\\\/\\\/www.eldigitaldeasturias.com\\\/noticias\\\/author\\\/admin\\\/#author\"},\"image\":{\"@type\":\"ImageObject\",\"url\":\"https:\\\/\\\/www.eldigitaldeasturias.com\\\/noticias\\\/wp-content\\\/uploads\\\/2026\\\/06\\\/Contenidos.jpg\",\"@id\":\"https:\\\/\\\/www.eldigitaldeasturias.com\\\/noticias\\\/ban-ki-moon-llega-a-cuba-muy-interesado-en-sus-reformas-y-en-como-apoyarlas\\\/#mainImage\",\"width\":1265,\"height\":697,\"caption\":\"Contenidos\"},\"primaryImageOfPage\":{\"@id\":\"https:\\\/\\\/www.eldigitaldeasturias.com\\\/noticias\\\/ban-ki-moon-llega-a-cuba-muy-interesado-en-sus-reformas-y-en-como-apoyarlas\\\/#mainImage\"},\"datePublished\":\"2014-01-27T14:07:46+01:00\",\"dateModified\":\"2014-01-27T14:07:46+01:00\"},{\"@type\":\"WebSite\",\"@id\":\"https:\\\/\\\/www.eldigitaldeasturias.com\\\/noticias\\\/#website\",\"url\":\"https:\\\/\\\/www.eldigitaldeasturias.com\\\/noticias\\\/\",\"name\":\"El Digital de Asturias - Diario de actualidad y noticias\",\"alternateName\":\"El Digital de Asturias - Diario de actualidad y noticias\",\"description\":\"Hemeroteca\",\"inLanguage\":\"es-ES\",\"publisher\":{\"@id\":\"https:\\\/\\\/www.eldigitaldeasturias.com\\\/noticias\\\/#organization\"}}]}\n\t\t<\/script>\n\t\t<!-- All in One SEO Pro -->\r\n\t\t<title>Ban Ki-moon llega a Cuba \u00abmuy interesado\u00bb en sus reformas y en c\u00f3mo apoyarlas - El Digital de Asturias<\/title>\n\n","aioseo_head_json":{"title":"Ban Ki-moon llega a Cuba \u00abmuy interesado\u00bb en sus reformas y en c\u00f3mo apoyarlas - El Digital de Asturias","description":"La Habana, 27 ene (EFE).- El secretario general de la ONU, Ban Ki-moon, lleg\u00f3 este lunes a Cuba, donde asistir\u00e1 como invitado a la II Cumbre de la Celac, \"muy interesado\" en los cambios que se dan en la isla y en c\u00f3mo las Naciones Unidas pueden apoyarlos. \"Estoy muy interesado en el proceso de","canonical_url":"https:\/\/www.eldigitaldeasturias.com\/noticias\/ban-ki-moon-llega-a-cuba-muy-interesado-en-sus-reformas-y-en-como-apoyarlas\/","robots":"max-image-preview:large","keywords":"actualidad","webmasterTools":{"google-site-verification":"UA-38556648-1","msvalidate.01":"7dfe9f3f1b24437ab69f4f2559babe99","miscellaneous":""},"schema":{"@context":"https:\/\/schema.org","@graph":[{"@type":"BlogPosting","@id":"https:\/\/www.eldigitaldeasturias.com\/noticias\/ban-ki-moon-llega-a-cuba-muy-interesado-en-sus-reformas-y-en-como-apoyarlas\/#blogposting","name":"Ban Ki-moon llega a Cuba \u00abmuy interesado\u00bb en sus reformas y en c\u00f3mo apoyarlas - El Digital de Asturias","headline":"Ban Ki-moon llega a Cuba \u00abmuy interesado\u00bb en sus reformas y en c\u00f3mo apoyarlas","author":{"@id":"https:\/\/www.eldigitaldeasturias.com\/noticias\/author\/admin\/#author"},"publisher":{"@id":"https:\/\/www.eldigitaldeasturias.com\/noticias\/#organization"},"image":{"@type":"ImageObject","url":"https:\/\/www.eldigitaldeasturias.com\/noticias\/wp-content\/uploads\/2026\/06\/Contenidos.jpg","width":1265,"height":697,"caption":"Contenidos"},"datePublished":"2014-01-27T14:07:46+01:00","dateModified":"2014-01-27T14:07:46+01:00","inLanguage":"es-ES","mainEntityOfPage":{"@id":"https:\/\/www.eldigitaldeasturias.com\/noticias\/ban-ki-moon-llega-a-cuba-muy-interesado-en-sus-reformas-y-en-como-apoyarlas\/#webpage"},"isPartOf":{"@id":"https:\/\/www.eldigitaldeasturias.com\/noticias\/ban-ki-moon-llega-a-cuba-muy-interesado-en-sus-reformas-y-en-como-apoyarlas\/#webpage"},"articleSection":"Actualidad"},{"@type":"BreadcrumbList","@id":"https:\/\/www.eldigitaldeasturias.com\/noticias\/ban-ki-moon-llega-a-cuba-muy-interesado-en-sus-reformas-y-en-como-apoyarlas\/#breadcrumblist","itemListElement":[{"@type":"ListItem","@id":"https:\/\/www.eldigitaldeasturias.com\/noticias#listItem","position":1,"name":"Home","item":"https:\/\/www.eldigitaldeasturias.com\/noticias","nextItem":{"@type":"ListItem","@id":"https:\/\/www.eldigitaldeasturias.com\/noticias\/category\/actualidad\/#listItem","name":"Actualidad"}},{"@type":"ListItem","@id":"https:\/\/www.eldigitaldeasturias.com\/noticias\/category\/actualidad\/#listItem","position":2,"name":"Actualidad","item":"https:\/\/www.eldigitaldeasturias.com\/noticias\/category\/actualidad\/","nextItem":{"@type":"ListItem","@id":"https:\/\/www.eldigitaldeasturias.com\/noticias\/ban-ki-moon-llega-a-cuba-muy-interesado-en-sus-reformas-y-en-como-apoyarlas\/#listItem","name":"Ban Ki-moon llega a Cuba \u00abmuy interesado\u00bb en sus reformas y en c\u00f3mo apoyarlas"},"previousItem":{"@type":"ListItem","@id":"https:\/\/www.eldigitaldeasturias.com\/noticias#listItem","name":"Home"}},{"@type":"ListItem","@id":"https:\/\/www.eldigitaldeasturias.com\/noticias\/ban-ki-moon-llega-a-cuba-muy-interesado-en-sus-reformas-y-en-como-apoyarlas\/#listItem","position":3,"name":"Ban Ki-moon llega a Cuba \u00abmuy interesado\u00bb en sus reformas y en c\u00f3mo apoyarlas","previousItem":{"@type":"ListItem","@id":"https:\/\/www.eldigitaldeasturias.com\/noticias\/category\/actualidad\/#listItem","name":"Actualidad"}}]},{"@type":"Organization","@id":"https:\/\/www.eldigitaldeasturias.com\/noticias\/#organization","name":"El Digital de Asturias","description":"Hemeroteca","url":"https:\/\/www.eldigitaldeasturias.com\/noticias\/","email":"info@eldigitaldeasturias.com","telephone":"+34652131393","logo":{"@type":"ImageObject","url":"https:\/\/www.eldigitaldeasturias.com\/noticias\/wp-content\/uploads\/2020\/12\/EDA.jpg","@id":"https:\/\/www.eldigitaldeasturias.com\/noticias\/ban-ki-moon-llega-a-cuba-muy-interesado-en-sus-reformas-y-en-como-apoyarlas\/#organizationLogo"},"image":{"@id":"https:\/\/www.eldigitaldeasturias.com\/noticias\/ban-ki-moon-llega-a-cuba-muy-interesado-en-sus-reformas-y-en-como-apoyarlas\/#organizationLogo"},"sameAs":["https:\/\/facebook.com\/eldigitaldeasturias","https:\/\/www.youtube.com\/channel\/UCZP-2wLEB9Rv6erhFmqVnvg"],"address":{"@id":"https:\/\/www.eldigitaldeasturias.com\/noticias\/#postaladdress","@type":"PostalAddress","streetAddress":"san antonio 4","postalCode":"33430","addressLocality":"Cand\u00e1s","addressRegion":"Asturias","addressCountry":"ES"}},{"@type":"Person","@id":"https:\/\/www.eldigitaldeasturias.com\/noticias\/author\/admin\/#author","url":"https:\/\/www.eldigitaldeasturias.com\/noticias\/author\/admin\/","name":"El Digital de Asturias","image":{"@type":"ImageObject","@id":"https:\/\/www.eldigitaldeasturias.com\/noticias\/ban-ki-moon-llega-a-cuba-muy-interesado-en-sus-reformas-y-en-como-apoyarlas\/#authorImage","url":"https:\/\/secure.gravatar.com\/avatar\/df2aeffc32bcd13f8d26072ef8a91b623d677766deac7f97ca815868cd41bf5e?s=96&d=mm&r=g","width":96,"height":96,"caption":"El Digital de Asturias"}},{"@type":"WebPage","@id":"https:\/\/www.eldigitaldeasturias.com\/noticias\/ban-ki-moon-llega-a-cuba-muy-interesado-en-sus-reformas-y-en-como-apoyarlas\/#webpage","url":"https:\/\/www.eldigitaldeasturias.com\/noticias\/ban-ki-moon-llega-a-cuba-muy-interesado-en-sus-reformas-y-en-como-apoyarlas\/","name":"Ban Ki-moon llega a Cuba \u00abmuy interesado\u00bb en sus reformas y en c\u00f3mo apoyarlas - El Digital de Asturias","description":"La Habana, 27 ene (EFE).- El secretario general de la ONU, Ban Ki-moon, lleg\u00f3 este lunes a Cuba, donde asistir\u00e1 como invitado a la II Cumbre de la Celac, \"muy interesado\" en los cambios que se dan en la isla y en c\u00f3mo las Naciones Unidas pueden apoyarlos. \"Estoy muy interesado en el proceso de","inLanguage":"es-ES","isPartOf":{"@id":"https:\/\/www.eldigitaldeasturias.com\/noticias\/#website"},"breadcrumb":{"@id":"https:\/\/www.eldigitaldeasturias.com\/noticias\/ban-ki-moon-llega-a-cuba-muy-interesado-en-sus-reformas-y-en-como-apoyarlas\/#breadcrumblist"},"author":{"@id":"https:\/\/www.eldigitaldeasturias.com\/noticias\/author\/admin\/#author"},"creator":{"@id":"https:\/\/www.eldigitaldeasturias.com\/noticias\/author\/admin\/#author"},"image":{"@type":"ImageObject","url":"https:\/\/www.eldigitaldeasturias.com\/noticias\/wp-content\/uploads\/2026\/06\/Contenidos.jpg","@id":"https:\/\/www.eldigitaldeasturias.com\/noticias\/ban-ki-moon-llega-a-cuba-muy-interesado-en-sus-reformas-y-en-como-apoyarlas\/#mainImage","width":1265,"height":697,"caption":"Contenidos"},"primaryImageOfPage":{"@id":"https:\/\/www.eldigitaldeasturias.com\/noticias\/ban-ki-moon-llega-a-cuba-muy-interesado-en-sus-reformas-y-en-como-apoyarlas\/#mainImage"},"datePublished":"2014-01-27T14:07:46+01:00","dateModified":"2014-01-27T14:07:46+01:00"},{"@type":"WebSite","@id":"https:\/\/www.eldigitaldeasturias.com\/noticias\/#website","url":"https:\/\/www.eldigitaldeasturias.com\/noticias\/","name":"El Digital de Asturias - Diario de actualidad y noticias","alternateName":"El Digital de Asturias - Diario de actualidad y noticias","description":"Hemeroteca","inLanguage":"es-ES","publisher":{"@id":"https:\/\/www.eldigitaldeasturias.com\/noticias\/#organization"}}]},"og:locale":"es_ES","og:site_name":"El Digital de Asturias","og:type":"article","og:title":"Ban Ki-moon llega a Cuba \u00abmuy interesado\u00bb en sus reformas y en c\u00f3mo apoyarlas - El Digital de Asturias","og:description":"La Habana, 27 ene (EFE).- El secretario general de la ONU, Ban Ki-moon, lleg\u00f3 este lunes a Cuba, donde asistir\u00e1 como invitado a la II Cumbre de la Celac, &quot;muy interesado&quot; en los cambios que se dan en la isla y en c\u00f3mo las Naciones Unidas pueden apoyarlos. &quot;Estoy muy interesado en el proceso de","og:url":"https:\/\/www.eldigitaldeasturias.com\/noticias\/ban-ki-moon-llega-a-cuba-muy-interesado-en-sus-reformas-y-en-como-apoyarlas\/","og:image":"https:\/\/www.eldigitaldeasturias.com\/noticias\/wp-content\/uploads\/2026\/06\/Contenidos.jpg","og:image:secure_url":"https:\/\/www.eldigitaldeasturias.com\/noticias\/wp-content\/uploads\/2026\/06\/Contenidos.jpg","og:image:width":1265,"og:image:height":697,"article:tag":["actualidad"],"article:published_time":"2014-01-27T15:07:46+00:00","article:modified_time":"2014-01-27T15:07:46+00:00","article:publisher":"https:\/\/facebook.com\/eldigitaldeasturias","twitter:card":"summary_large_image","twitter:title":"Ban Ki-moon llega a Cuba \u00abmuy interesado\u00bb en sus reformas y en c\u00f3mo apoyarlas - El Digital de Asturias","twitter:description":"La Habana, 27 ene (EFE).- El secretario general de la ONU, Ban Ki-moon, lleg\u00f3 este lunes a Cuba, donde asistir\u00e1 como invitado a la II Cumbre de la Celac, &quot;muy interesado&quot; en los cambios que se dan en la isla y en c\u00f3mo las Naciones Unidas pueden apoyarlos. &quot;Estoy muy interesado en el proceso de","twitter:image":"https:\/\/www.eldigitaldeasturias.com\/noticias\/wp-content\/uploads\/2026\/06\/Contenidos.jpg","twitter:label1":"Escrito por","twitter:data1":"El Digital de Asturias","twitter:label2":"Tiempo de lectura estimado","twitter:data2":"2 minutos"},"aioseo_meta_data":{"post_id":"479462","title":null,"description":null,"keywords":null,"keyphrases":null,"primary_term":null,"canonical_url":null,"og_title":null,"og_description":null,"og_object_type":"default","og_image_type":"default","og_image_url":null,"og_image_width":null,"og_image_height":null,"og_image_custom_url":null,"og_image_custom_fields":null,"og_video":null,"og_custom_url":null,"og_article_section":null,"og_article_tags":null,"twitter_use_og":true,"twitter_card":"default","twitter_image_type":"default","twitter_image_url":null,"twitter_image_custom_url":null,"twitter_image_custom_fields":null,"twitter_title":null,"twitter_description":null,"schema":{"blockGraphs":[],"customGraphs":[],"default":{"data":{"Article":[],"Course":[],"Dataset":[],"FAQPage":[],"Movie":[],"Person":[],"Product":[],"ProductReview":[],"Car":[],"Recipe":[],"Service":[],"SoftwareApplication":[],"WebPage":[]},"graphName":"","isEnabled":true},"graphs":[],"defaultGraph":"","defaultPostTypeGraph":""},"schema_type":null,"schema_type_options":null,"pillar_content":false,"robots_default":true,"robots_noindex":false,"robots_noarchive":false,"robots_nosnippet":false,"robots_nofollow":false,"robots_noimageindex":false,"robots_noodp":false,"robots_notranslate":false,"robots_max_snippet":null,"robots_max_videopreview":null,"robots_max_imagepreview":"none","priority":null,"frequency":null,"local_seo":null,"seo_analyzer_scan_date":"2026-06-02 00:36:12","breadcrumb_settings":null,"limit_modified_date":false,"open_ai":null,"ai":null,"created":"2020-11-14 22:54:04","updated":"2026-06-02 00:36:12","focus_keyword":null,"additional_keywords":null,"truseo_locale":null},"aioseo_breadcrumb":"<div class=\"aioseo-breadcrumbs\"><span class=\"aioseo-breadcrumb\">\n\t<a href=\"https:\/\/www.eldigitaldeasturias.com\/noticias\" title=\"Home\">Home<\/a>\n<\/span><span class=\"aioseo-breadcrumb-separator\">\u2013<\/span><span class=\"aioseo-breadcrumb\">\n\t<a href=\"https:\/\/www.eldigitaldeasturias.com\/noticias\/category\/actualidad\/\" title=\"Actualidad\">Actualidad<\/a>\n<\/span><span class=\"aioseo-breadcrumb-separator\">\u2013<\/span><span class=\"aioseo-breadcrumb\">\n\t<a href=\"https:\/\/www.eldigitaldeasturias.com\/noticias\/ban-ki-moon-llega-a-cuba-muy-interesado-en-sus-reformas-y-en-como-apoyarlas\/\" title=\"Ban Ki-moon llega a Cuba \u00abmuy interesado\u00bb en sus reformas y en c\u00f3mo apoyarlas\">Ban Ki-moon llega a Cuba \u00abmuy interesado\u00bb en sus reformas y en c\u00f3mo apoyarlas<\/a>\n<\/span><\/div>","aioseo_breadcrumb_json":[{"label":"Home","link":"https:\/\/www.eldigitaldeasturias.com\/noticias"},{"label":"Actualidad","link":"https:\/\/www.eldigitaldeasturias.com\/noticias\/category\/actualidad\/"},{"label":"Ban Ki-moon llega a Cuba \u00abmuy interesado\u00bb en sus reformas y en c\u00f3mo apoyarlas","link":"https:\/\/www.eldigitaldeasturias.com\/noticias\/ban-ki-moon-llega-a-cuba-muy-interesado-en-sus-reformas-y-en-como-apoyarlas\/"}],"_links":{"self":[{"href":"https:\/\/www.eldigitaldeasturias.com\/noticias\/wp-json\/wp\/v2\/posts\/479462","targetHints":{"allow":["GET"]}}],"collection":[{"href":"https:\/\/www.eldigitaldeasturias.com\/noticias\/wp-json\/wp\/v2\/posts"}],"about":[{"href":"https:\/\/www.eldigitaldeasturias.com\/noticias\/wp-json\/wp\/v2\/types\/post"}],"author":[{"embeddable":true,"href":"https:\/\/www.eldigitaldeasturias.com\/noticias\/wp-json\/wp\/v2\/users\/1"}],"replies":[{"embeddable":true,"href":"https:\/\/www.eldigitaldeasturias.com\/noticias\/wp-json\/wp\/v2\/comments?post=479462"}],"version-history":[{"count":0,"href":"https:\/\/www.eldigitaldeasturias.com\/noticias\/wp-json\/wp\/v2\/posts\/479462\/revisions"}],"wp:featuredmedia":[{"embeddable":true,"href":"https:\/\/www.eldigitaldeasturias.com\/noticias\/wp-json\/wp\/v2\/media\/1132184"}],"wp:attachment":[{"href":"https:\/\/www.eldigitaldeasturias.com\/noticias\/wp-json\/wp\/v2\/media?parent=479462"}],"wp:term":[{"taxonomy":"category","embeddable":true,"href":"https:\/\/www.eldigitaldeasturias.com\/noticias\/wp-json\/wp\/v2\/categories?post=479462"},{"taxonomy":"post_tag","embeddable":true,"href":"https:\/\/www.eldigitaldeasturias.com\/noticias\/wp-json\/wp\/v2\/tags?post=479462"}],"curies":[{"name":"wp","href":"https:\/\/api.w.org\/{rel}","templated":true}]}}