{"id":479459,"date":"2014-01-27T14:06:25","date_gmt":"2014-01-27T15:06:25","guid":{"rendered":"http:\/\/www.eldigitaldeasturias.com\/noticias\/?p=479459"},"modified":"2014-01-27T14:06:26","modified_gmt":"2014-01-27T15:06:26","slug":"juan-orlando-hernandez-asume-este-lunes-como-nuevo-presidente-de-honduras","status":"publish","type":"post","link":"https:\/\/www.eldigitaldeasturias.com\/noticias\/juan-orlando-hernandez-asume-este-lunes-como-nuevo-presidente-de-honduras\/","title":{"rendered":"Juan Orlando Hern\u00e1ndez asume este lunes como nuevo presidente de Honduras"},"content":{"rendered":"<p><img loading=\"lazy\" decoding=\"async\" class=\"alignleft size-medium wp-image-479460\" alt=\"5878438w\" src=\"https:\/\/www.eldigitaldeasturias.com\/noticias\/wp-content\/uploads\/2014\/01\/5878438w-360x239.jpg\" width=\"360\" height=\"239\" \/>Tegucigalpa, 27 ene (EFE).- El presidente electo de Honduras, Juan Orlando Hern\u00e1ndez, de 45 a\u00f1os, asumir\u00e1 este lunes, en un acto al que asistir\u00e1n representantes de 65 pa\u00edses, incluidos presidentes y jefes de Estado, el pr\u00edncipe de Asturias y delegados de organismos internacionales.<\/p>\n<p>Hasta el pasado d\u00eda 20, Hern\u00e1ndez era presidente del Parlamento, y hereda un pa\u00eds que atraviesa una crisis econ\u00f3mica sin precedentes, con una deuda interna y externa que supera los 5.000 millones de d\u00f3lares.<\/p>\n<p>Honduras esta azotada por una violencia criminal que a diario deja un promedio de 20 muertos y por la pobreza, que afecta al 70 % de los 8,5 millones de hondure\u00f1os.<\/p>\n<p>Su antecesor, su correligionario Lobo, asumi\u00f3 el poder el 27 de enero de 2010 en medio de una crisis interna pol\u00edtica y social y el aislamiento de la comunidad internacional en respuesta por la expulsi\u00f3n de Zelaya del poder y del pa\u00eds.<\/p>\n<p>Hern\u00e1ndez ha prometido reducir el aparato del Gobierno fusionando algunos ministerios, cerrar oficinas, generar empleo, reducir la criminalidad y combatir la corrupci\u00f3n, problemas que son de vieja data.<\/p>\n<p>El primero de los gobernantes en llegar a Honduras para la investidura fue el de Taiw\u00e1n, Ma Ying-Jeou, quien dijo a los periodistas que ven\u00eda para \u00absaludar al presidente (Porfirio Lobo) cuando est\u00e1 concluyendo su mandato presidencial\u00bb.<\/p>\n<p>Ma fue recibido este domingo por Lobo y est\u00e1 acompa\u00f1ado de una numerosa comitiva, la m\u00e1s nutrida que asistir\u00e1 a la investidura de Hern\u00e1ndez, seg\u00fan indic\u00f3 una fuente de la Casa Presidencial en Tegucigalpa.<\/p>\n<p>Por el tama\u00f1o, el avi\u00f3n en que se moviliza Ma, un Airbus 340-300, no pudo aterrizar en Tegucigalpa sino en la base a\u00e9rea local Enrique Soto Cano, de Palmerola, unos 75 kil\u00f3metros al norte de Tegucigalpa.<\/p>\n<p>El pr\u00edncipe Felipe lleg\u00f3 a las 17.05 hora local (23.05 GMT) de este domingo a la misma base a\u00e9rea y fue recibido por Lobo, en un acto oficial en el que tambi\u00e9n estuvieron presentes los embajadores de Espa\u00f1a en Tegucigalpa, Miguel Alberto Su\u00e1rez, y de Honduras en Madrid, Norman Garc\u00eda.<\/p>\n<p>Una aver\u00eda en el avi\u00f3n de la Fuerza A\u00e9rea espa\u00f1ola en el que viaja el pr\u00edncipe, un Airbus 310, demor\u00f3 varias horas su llegada a Honduras, que visita oficialmente por sexta vez desde el 27 de enero de 1998, cuando asisti\u00f3 a la investidura del entonces presidente Carlos Flores.<\/p>\n<p>Las delegaciones que estar\u00e1n en la toma de posesi\u00f3n del nuevo presidente de Honduras comenzaron a llegar el s\u00e1bado, seg\u00fan inform\u00f3 la oficina de prensa de la Casa Presidencial.<\/p>\n<p>A la investidura de Hern\u00e1ndez tambi\u00e9n se espera la llegada de los presidentes de Colombia, Costa Rica, El Salvador, Panam\u00e1, Kosovo y Rep\u00fablica Dominicana, lo mismo que representantes de otros pa\u00edses de Norte y Suram\u00e9rica, Europa y Asia y organismos internacionales.<\/p>\n<p>El presidente de Guatemala, Otto P\u00e9rez Molina, no estar\u00e1 en el acto oficial, seg\u00fan confirm\u00f3 este domingo a Efe el secretario de Comunicaci\u00f3n Social de la Presidencia, Francisco Cuevas, quien precis\u00f3 que la delegaci\u00f3n de ese pa\u00eds la encabezar\u00e1 el canciller, Fernando Carrera.<\/p>\n<p>Hern\u00e1ndez gan\u00f3 las elecciones generales del 24 de noviembre de 2013, en las que, por primera vez, participaron nueve partidos pol\u00edticos, cuatro de ellos surgidos tras el golpe de Estado del 28 de junio de 2009 contra el entonces presidente Manuel Zelaya.<\/p>\n<p>Uno de los cuatro nuevos partidos es el izquierdista Libertad y Refundaci\u00f3n (Libre), cuyo coordinador es Zelaya, quien ahora es diputado por esa nueva fuerza pol\u00edtica ante el Parlamento.<\/p>\n<p>Es la cuarta vez que Zelaya llega al Parlamento como diputado, las tres anteriores fueron bajo la bandera del Partido Liberal, que le llev\u00f3 al poder el 27 de enero de 2006 pero se fraccion\u00f3 tras el golpe de 2009.<\/p>\n<p>Hern\u00e1ndez es un abogado de profesi\u00f3n que estudi\u00f3 educaci\u00f3n secundaria en el Liceo Militar del Norte, de San Pedro Sula, norte de Honduras.<\/p>\n<p>El nuevo presidente de Honduras es el primer l\u00edder del Partido Nacional que logra un segundo triunfo consecutivo de ese colectivo desde que el pa\u00eds retorn\u00f3 a la democracia en 1980 tras casi dos d\u00e9cadas de reg\u00edmenes militares.<\/p>\n<p>De las nueve elecciones generales que se han celebrado hasta ahora, cinco las gan\u00f3 el tambi\u00e9n conservador Partido Liberal y cuatro el Nacional.<\/p>\n","protected":false},"excerpt":{"rendered":"<p>Tegucigalpa, 27 ene (EFE).- El presidente electo de Honduras, Juan Orlando Hern\u00e1ndez, de 45 a\u00f1os, asumir\u00e1 este lunes, en un acto al que asistir\u00e1n representantes de 65 pa\u00edses, incluidos presidentes y jefes de Estado, el pr\u00edncipe de Asturias y delegados de organismos internacionales. Hasta el pasado d\u00eda 20, Hern\u00e1ndez era presidente del Parlamento, y hereda [&hellip;]<\/p>\n","protected":false},"author":1,"featured_media":1132184,"comment_status":"closed","ping_status":"open","sticky":false,"template":"","format":"standard","meta":{"footnotes":""},"categories":[1],"tags":[],"class_list":["post-479459","post","type-post","status-publish","format-standard","has-post-thumbnail","hentry","category-actualidad"],"aioseo_notices":[],"aioseo_head":"\n\t\t<!-- All in One SEO Pro 5.0.1 - aioseo.com -->\n\t<meta name=\"description\" content=\"Tegucigalpa, 27 ene (EFE).- El presidente electo de Honduras, Juan Orlando Hern\u00e1ndez, de 45 a\u00f1os, asumir\u00e1 este lunes, en un acto al que asistir\u00e1n representantes de 65 pa\u00edses, incluidos presidentes y jefes de Estado, el pr\u00edncipe de Asturias y delegados de organismos internacionales. Hasta el pasado d\u00eda 20, Hern\u00e1ndez era presidente del Parlamento, y hereda\" \/>\n\t<meta name=\"robots\" content=\"max-image-preview:large\" \/>\n\t<meta name=\"author\" content=\"El Digital de Asturias\"\/>\n\t<meta name=\"google-site-verification\" content=\"UA-38556648-1\" \/>\n\t<meta name=\"msvalidate.01\" content=\"7dfe9f3f1b24437ab69f4f2559babe99\" \/>\n\t<meta name=\"keywords\" content=\"actualidad\" \/>\n\t<link rel=\"canonical\" href=\"https:\/\/www.eldigitaldeasturias.com\/noticias\/juan-orlando-hernandez-asume-este-lunes-como-nuevo-presidente-de-honduras\/\" \/>\n\t<meta name=\"generator\" content=\"All in One SEO Pro (AIOSEO) 5.0.1\" \/>\n\t\t<meta property=\"og:locale\" content=\"es_ES\" \/>\n\t\t<meta property=\"og:site_name\" content=\"El Digital de Asturias\" \/>\n\t\t<meta property=\"og:type\" content=\"article\" \/>\n\t\t<meta property=\"og:title\" content=\"Juan Orlando Hern\u00e1ndez asume este lunes como nuevo presidente de Honduras - El Digital de Asturias\" \/>\n\t\t<meta property=\"og:description\" content=\"Tegucigalpa, 27 ene (EFE).- El presidente electo de Honduras, Juan Orlando Hern\u00e1ndez, de 45 a\u00f1os, asumir\u00e1 este lunes, en un acto al que asistir\u00e1n representantes de 65 pa\u00edses, incluidos presidentes y jefes de Estado, el pr\u00edncipe de Asturias y delegados de organismos internacionales. Hasta el pasado d\u00eda 20, Hern\u00e1ndez era presidente del Parlamento, y hereda\" \/>\n\t\t<meta property=\"og:url\" content=\"https:\/\/www.eldigitaldeasturias.com\/noticias\/juan-orlando-hernandez-asume-este-lunes-como-nuevo-presidente-de-honduras\/\" \/>\n\t\t<meta property=\"og:image\" content=\"https:\/\/www.eldigitaldeasturias.com\/noticias\/wp-content\/uploads\/2026\/06\/Contenidos.jpg\" \/>\n\t\t<meta property=\"og:image:secure_url\" content=\"https:\/\/www.eldigitaldeasturias.com\/noticias\/wp-content\/uploads\/2026\/06\/Contenidos.jpg\" \/>\n\t\t<meta property=\"og:image:width\" content=\"1265\" \/>\n\t\t<meta property=\"og:image:height\" content=\"697\" \/>\n\t\t<meta property=\"article:tag\" content=\"actualidad\" \/>\n\t\t<meta property=\"article:published_time\" content=\"2014-01-27T15:06:25+00:00\" \/>\n\t\t<meta property=\"article:modified_time\" content=\"2014-01-27T15:06:26+00:00\" \/>\n\t\t<meta property=\"article:publisher\" content=\"https:\/\/facebook.com\/eldigitaldeasturias\" \/>\n\t\t<meta name=\"twitter:card\" content=\"summary_large_image\" \/>\n\t\t<meta name=\"twitter:title\" content=\"Juan Orlando Hern\u00e1ndez asume este lunes como nuevo presidente de Honduras - El Digital de Asturias\" \/>\n\t\t<meta name=\"twitter:description\" content=\"Tegucigalpa, 27 ene (EFE).- El presidente electo de Honduras, Juan Orlando Hern\u00e1ndez, de 45 a\u00f1os, asumir\u00e1 este lunes, en un acto al que asistir\u00e1n representantes de 65 pa\u00edses, incluidos presidentes y jefes de Estado, el pr\u00edncipe de Asturias y delegados de organismos internacionales. Hasta el pasado d\u00eda 20, Hern\u00e1ndez era presidente del Parlamento, y hereda\" \/>\n\t\t<meta name=\"twitter:image\" content=\"https:\/\/www.eldigitaldeasturias.com\/noticias\/wp-content\/uploads\/2026\/06\/Contenidos.jpg\" \/>\n\t\t<meta name=\"twitter:label1\" content=\"Escrito por\" \/>\n\t\t<meta name=\"twitter:data1\" content=\"El Digital de Asturias\" \/>\n\t\t<meta name=\"twitter:label2\" content=\"Tiempo de lectura estimado\" \/>\n\t\t<meta name=\"twitter:data2\" content=\"4 minutos\" \/>\n\t\t<script type=\"application\/ld+json\" class=\"aioseo-schema\">\n\t\t\t{\"@context\":\"https:\\\/\\\/schema.org\",\"@graph\":[{\"@type\":\"BlogPosting\",\"@id\":\"https:\\\/\\\/www.eldigitaldeasturias.com\\\/noticias\\\/juan-orlando-hernandez-asume-este-lunes-como-nuevo-presidente-de-honduras\\\/#blogposting\",\"name\":\"Juan Orlando Hern\\u00e1ndez asume este lunes como nuevo presidente de Honduras - El Digital de Asturias\",\"headline\":\"Juan Orlando Hern\\u00e1ndez asume este lunes como nuevo presidente de Honduras\",\"author\":{\"@id\":\"https:\\\/\\\/www.eldigitaldeasturias.com\\\/noticias\\\/author\\\/admin\\\/#author\"},\"publisher\":{\"@id\":\"https:\\\/\\\/www.eldigitaldeasturias.com\\\/noticias\\\/#organization\"},\"image\":{\"@type\":\"ImageObject\",\"url\":\"https:\\\/\\\/www.eldigitaldeasturias.com\\\/noticias\\\/wp-content\\\/uploads\\\/2026\\\/06\\\/Contenidos.jpg\",\"width\":1265,\"height\":697,\"caption\":\"Contenidos\"},\"datePublished\":\"2014-01-27T14:06:25+01:00\",\"dateModified\":\"2014-01-27T14:06:26+01:00\",\"inLanguage\":\"es-ES\",\"mainEntityOfPage\":{\"@id\":\"https:\\\/\\\/www.eldigitaldeasturias.com\\\/noticias\\\/juan-orlando-hernandez-asume-este-lunes-como-nuevo-presidente-de-honduras\\\/#webpage\"},\"isPartOf\":{\"@id\":\"https:\\\/\\\/www.eldigitaldeasturias.com\\\/noticias\\\/juan-orlando-hernandez-asume-este-lunes-como-nuevo-presidente-de-honduras\\\/#webpage\"},\"articleSection\":\"Actualidad\"},{\"@type\":\"BreadcrumbList\",\"@id\":\"https:\\\/\\\/www.eldigitaldeasturias.com\\\/noticias\\\/juan-orlando-hernandez-asume-este-lunes-como-nuevo-presidente-de-honduras\\\/#breadcrumblist\",\"itemListElement\":[{\"@type\":\"ListItem\",\"@id\":\"https:\\\/\\\/www.eldigitaldeasturias.com\\\/noticias#listItem\",\"position\":1,\"name\":\"Home\",\"item\":\"https:\\\/\\\/www.eldigitaldeasturias.com\\\/noticias\",\"nextItem\":{\"@type\":\"ListItem\",\"@id\":\"https:\\\/\\\/www.eldigitaldeasturias.com\\\/noticias\\\/category\\\/actualidad\\\/#listItem\",\"name\":\"Actualidad\"}},{\"@type\":\"ListItem\",\"@id\":\"https:\\\/\\\/www.eldigitaldeasturias.com\\\/noticias\\\/category\\\/actualidad\\\/#listItem\",\"position\":2,\"name\":\"Actualidad\",\"item\":\"https:\\\/\\\/www.eldigitaldeasturias.com\\\/noticias\\\/category\\\/actualidad\\\/\",\"nextItem\":{\"@type\":\"ListItem\",\"@id\":\"https:\\\/\\\/www.eldigitaldeasturias.com\\\/noticias\\\/juan-orlando-hernandez-asume-este-lunes-como-nuevo-presidente-de-honduras\\\/#listItem\",\"name\":\"Juan Orlando Hern\\u00e1ndez asume este lunes como nuevo presidente de Honduras\"},\"previousItem\":{\"@type\":\"ListItem\",\"@id\":\"https:\\\/\\\/www.eldigitaldeasturias.com\\\/noticias#listItem\",\"name\":\"Home\"}},{\"@type\":\"ListItem\",\"@id\":\"https:\\\/\\\/www.eldigitaldeasturias.com\\\/noticias\\\/juan-orlando-hernandez-asume-este-lunes-como-nuevo-presidente-de-honduras\\\/#listItem\",\"position\":3,\"name\":\"Juan Orlando Hern\\u00e1ndez asume este lunes como nuevo presidente de Honduras\",\"previousItem\":{\"@type\":\"ListItem\",\"@id\":\"https:\\\/\\\/www.eldigitaldeasturias.com\\\/noticias\\\/category\\\/actualidad\\\/#listItem\",\"name\":\"Actualidad\"}}]},{\"@type\":\"Organization\",\"@id\":\"https:\\\/\\\/www.eldigitaldeasturias.com\\\/noticias\\\/#organization\",\"name\":\"El Digital de Asturias\",\"description\":\"Hemeroteca\",\"url\":\"https:\\\/\\\/www.eldigitaldeasturias.com\\\/noticias\\\/\",\"email\":\"info@eldigitaldeasturias.com\",\"telephone\":\"+34652131393\",\"logo\":{\"@type\":\"ImageObject\",\"url\":\"https:\\\/\\\/www.eldigitaldeasturias.com\\\/noticias\\\/wp-content\\\/uploads\\\/2020\\\/12\\\/EDA.jpg\",\"@id\":\"https:\\\/\\\/www.eldigitaldeasturias.com\\\/noticias\\\/juan-orlando-hernandez-asume-este-lunes-como-nuevo-presidente-de-honduras\\\/#organizationLogo\"},\"image\":{\"@id\":\"https:\\\/\\\/www.eldigitaldeasturias.com\\\/noticias\\\/juan-orlando-hernandez-asume-este-lunes-como-nuevo-presidente-de-honduras\\\/#organizationLogo\"},\"sameAs\":[\"https:\\\/\\\/facebook.com\\\/eldigitaldeasturias\",\"https:\\\/\\\/www.youtube.com\\\/channel\\\/UCZP-2wLEB9Rv6erhFmqVnvg\"],\"address\":{\"@id\":\"https:\\\/\\\/www.eldigitaldeasturias.com\\\/noticias\\\/#postaladdress\",\"@type\":\"PostalAddress\",\"streetAddress\":\"san antonio 4\",\"postalCode\":\"33430\",\"addressLocality\":\"Cand\\u00e1s\",\"addressRegion\":\"Asturias\",\"addressCountry\":\"ES\"}},{\"@type\":\"Person\",\"@id\":\"https:\\\/\\\/www.eldigitaldeasturias.com\\\/noticias\\\/author\\\/admin\\\/#author\",\"url\":\"https:\\\/\\\/www.eldigitaldeasturias.com\\\/noticias\\\/author\\\/admin\\\/\",\"name\":\"El Digital de Asturias\",\"image\":{\"@type\":\"ImageObject\",\"@id\":\"https:\\\/\\\/www.eldigitaldeasturias.com\\\/noticias\\\/juan-orlando-hernandez-asume-este-lunes-como-nuevo-presidente-de-honduras\\\/#authorImage\",\"url\":\"https:\\\/\\\/secure.gravatar.com\\\/avatar\\\/df2aeffc32bcd13f8d26072ef8a91b623d677766deac7f97ca815868cd41bf5e?s=96&d=mm&r=g\",\"width\":96,\"height\":96,\"caption\":\"El Digital de Asturias\"}},{\"@type\":\"WebPage\",\"@id\":\"https:\\\/\\\/www.eldigitaldeasturias.com\\\/noticias\\\/juan-orlando-hernandez-asume-este-lunes-como-nuevo-presidente-de-honduras\\\/#webpage\",\"url\":\"https:\\\/\\\/www.eldigitaldeasturias.com\\\/noticias\\\/juan-orlando-hernandez-asume-este-lunes-como-nuevo-presidente-de-honduras\\\/\",\"name\":\"Juan Orlando Hern\\u00e1ndez asume este lunes como nuevo presidente de Honduras - El Digital de Asturias\",\"description\":\"Tegucigalpa, 27 ene (EFE).- El presidente electo de Honduras, Juan Orlando Hern\\u00e1ndez, de 45 a\\u00f1os, asumir\\u00e1 este lunes, en un acto al que asistir\\u00e1n representantes de 65 pa\\u00edses, incluidos presidentes y jefes de Estado, el pr\\u00edncipe de Asturias y delegados de organismos internacionales. Hasta el pasado d\\u00eda 20, Hern\\u00e1ndez era presidente del Parlamento, y hereda\",\"inLanguage\":\"es-ES\",\"isPartOf\":{\"@id\":\"https:\\\/\\\/www.eldigitaldeasturias.com\\\/noticias\\\/#website\"},\"breadcrumb\":{\"@id\":\"https:\\\/\\\/www.eldigitaldeasturias.com\\\/noticias\\\/juan-orlando-hernandez-asume-este-lunes-como-nuevo-presidente-de-honduras\\\/#breadcrumblist\"},\"author\":{\"@id\":\"https:\\\/\\\/www.eldigitaldeasturias.com\\\/noticias\\\/author\\\/admin\\\/#author\"},\"creator\":{\"@id\":\"https:\\\/\\\/www.eldigitaldeasturias.com\\\/noticias\\\/author\\\/admin\\\/#author\"},\"image\":{\"@type\":\"ImageObject\",\"url\":\"https:\\\/\\\/www.eldigitaldeasturias.com\\\/noticias\\\/wp-content\\\/uploads\\\/2026\\\/06\\\/Contenidos.jpg\",\"@id\":\"https:\\\/\\\/www.eldigitaldeasturias.com\\\/noticias\\\/juan-orlando-hernandez-asume-este-lunes-como-nuevo-presidente-de-honduras\\\/#mainImage\",\"width\":1265,\"height\":697,\"caption\":\"Contenidos\"},\"primaryImageOfPage\":{\"@id\":\"https:\\\/\\\/www.eldigitaldeasturias.com\\\/noticias\\\/juan-orlando-hernandez-asume-este-lunes-como-nuevo-presidente-de-honduras\\\/#mainImage\"},\"datePublished\":\"2014-01-27T14:06:25+01:00\",\"dateModified\":\"2014-01-27T14:06:26+01:00\"},{\"@type\":\"WebSite\",\"@id\":\"https:\\\/\\\/www.eldigitaldeasturias.com\\\/noticias\\\/#website\",\"url\":\"https:\\\/\\\/www.eldigitaldeasturias.com\\\/noticias\\\/\",\"name\":\"El Digital de Asturias - Diario de actualidad y noticias\",\"alternateName\":\"El Digital de Asturias - Diario de actualidad y noticias\",\"description\":\"Hemeroteca\",\"inLanguage\":\"es-ES\",\"publisher\":{\"@id\":\"https:\\\/\\\/www.eldigitaldeasturias.com\\\/noticias\\\/#organization\"}}]}\n\t\t<\/script>\n\t\t<!-- All in One SEO Pro -->\r\n\t\t<title>Juan Orlando Hern\u00e1ndez asume este lunes como nuevo presidente de Honduras - El Digital de Asturias<\/title>\n\n","aioseo_head_json":{"title":"Juan Orlando Hern\u00e1ndez asume este lunes como nuevo presidente de Honduras - El Digital de Asturias","description":"Tegucigalpa, 27 ene (EFE).- El presidente electo de Honduras, Juan Orlando Hern\u00e1ndez, de 45 a\u00f1os, asumir\u00e1 este lunes, en un acto al que asistir\u00e1n representantes de 65 pa\u00edses, incluidos presidentes y jefes de Estado, el pr\u00edncipe de Asturias y delegados de organismos internacionales. Hasta el pasado d\u00eda 20, Hern\u00e1ndez era presidente del Parlamento, y hereda","canonical_url":"https:\/\/www.eldigitaldeasturias.com\/noticias\/juan-orlando-hernandez-asume-este-lunes-como-nuevo-presidente-de-honduras\/","robots":"max-image-preview:large","keywords":"actualidad","webmasterTools":{"google-site-verification":"UA-38556648-1","msvalidate.01":"7dfe9f3f1b24437ab69f4f2559babe99","miscellaneous":""},"schema":{"@context":"https:\/\/schema.org","@graph":[{"@type":"BlogPosting","@id":"https:\/\/www.eldigitaldeasturias.com\/noticias\/juan-orlando-hernandez-asume-este-lunes-como-nuevo-presidente-de-honduras\/#blogposting","name":"Juan Orlando Hern\u00e1ndez asume este lunes como nuevo presidente de Honduras - El Digital de Asturias","headline":"Juan Orlando Hern\u00e1ndez asume este lunes como nuevo presidente de Honduras","author":{"@id":"https:\/\/www.eldigitaldeasturias.com\/noticias\/author\/admin\/#author"},"publisher":{"@id":"https:\/\/www.eldigitaldeasturias.com\/noticias\/#organization"},"image":{"@type":"ImageObject","url":"https:\/\/www.eldigitaldeasturias.com\/noticias\/wp-content\/uploads\/2026\/06\/Contenidos.jpg","width":1265,"height":697,"caption":"Contenidos"},"datePublished":"2014-01-27T14:06:25+01:00","dateModified":"2014-01-27T14:06:26+01:00","inLanguage":"es-ES","mainEntityOfPage":{"@id":"https:\/\/www.eldigitaldeasturias.com\/noticias\/juan-orlando-hernandez-asume-este-lunes-como-nuevo-presidente-de-honduras\/#webpage"},"isPartOf":{"@id":"https:\/\/www.eldigitaldeasturias.com\/noticias\/juan-orlando-hernandez-asume-este-lunes-como-nuevo-presidente-de-honduras\/#webpage"},"articleSection":"Actualidad"},{"@type":"BreadcrumbList","@id":"https:\/\/www.eldigitaldeasturias.com\/noticias\/juan-orlando-hernandez-asume-este-lunes-como-nuevo-presidente-de-honduras\/#breadcrumblist","itemListElement":[{"@type":"ListItem","@id":"https:\/\/www.eldigitaldeasturias.com\/noticias#listItem","position":1,"name":"Home","item":"https:\/\/www.eldigitaldeasturias.com\/noticias","nextItem":{"@type":"ListItem","@id":"https:\/\/www.eldigitaldeasturias.com\/noticias\/category\/actualidad\/#listItem","name":"Actualidad"}},{"@type":"ListItem","@id":"https:\/\/www.eldigitaldeasturias.com\/noticias\/category\/actualidad\/#listItem","position":2,"name":"Actualidad","item":"https:\/\/www.eldigitaldeasturias.com\/noticias\/category\/actualidad\/","nextItem":{"@type":"ListItem","@id":"https:\/\/www.eldigitaldeasturias.com\/noticias\/juan-orlando-hernandez-asume-este-lunes-como-nuevo-presidente-de-honduras\/#listItem","name":"Juan Orlando Hern\u00e1ndez asume este lunes como nuevo presidente de Honduras"},"previousItem":{"@type":"ListItem","@id":"https:\/\/www.eldigitaldeasturias.com\/noticias#listItem","name":"Home"}},{"@type":"ListItem","@id":"https:\/\/www.eldigitaldeasturias.com\/noticias\/juan-orlando-hernandez-asume-este-lunes-como-nuevo-presidente-de-honduras\/#listItem","position":3,"name":"Juan Orlando Hern\u00e1ndez asume este lunes como nuevo presidente de Honduras","previousItem":{"@type":"ListItem","@id":"https:\/\/www.eldigitaldeasturias.com\/noticias\/category\/actualidad\/#listItem","name":"Actualidad"}}]},{"@type":"Organization","@id":"https:\/\/www.eldigitaldeasturias.com\/noticias\/#organization","name":"El Digital de Asturias","description":"Hemeroteca","url":"https:\/\/www.eldigitaldeasturias.com\/noticias\/","email":"info@eldigitaldeasturias.com","telephone":"+34652131393","logo":{"@type":"ImageObject","url":"https:\/\/www.eldigitaldeasturias.com\/noticias\/wp-content\/uploads\/2020\/12\/EDA.jpg","@id":"https:\/\/www.eldigitaldeasturias.com\/noticias\/juan-orlando-hernandez-asume-este-lunes-como-nuevo-presidente-de-honduras\/#organizationLogo"},"image":{"@id":"https:\/\/www.eldigitaldeasturias.com\/noticias\/juan-orlando-hernandez-asume-este-lunes-como-nuevo-presidente-de-honduras\/#organizationLogo"},"sameAs":["https:\/\/facebook.com\/eldigitaldeasturias","https:\/\/www.youtube.com\/channel\/UCZP-2wLEB9Rv6erhFmqVnvg"],"address":{"@id":"https:\/\/www.eldigitaldeasturias.com\/noticias\/#postaladdress","@type":"PostalAddress","streetAddress":"san antonio 4","postalCode":"33430","addressLocality":"Cand\u00e1s","addressRegion":"Asturias","addressCountry":"ES"}},{"@type":"Person","@id":"https:\/\/www.eldigitaldeasturias.com\/noticias\/author\/admin\/#author","url":"https:\/\/www.eldigitaldeasturias.com\/noticias\/author\/admin\/","name":"El Digital de Asturias","image":{"@type":"ImageObject","@id":"https:\/\/www.eldigitaldeasturias.com\/noticias\/juan-orlando-hernandez-asume-este-lunes-como-nuevo-presidente-de-honduras\/#authorImage","url":"https:\/\/secure.gravatar.com\/avatar\/df2aeffc32bcd13f8d26072ef8a91b623d677766deac7f97ca815868cd41bf5e?s=96&d=mm&r=g","width":96,"height":96,"caption":"El Digital de Asturias"}},{"@type":"WebPage","@id":"https:\/\/www.eldigitaldeasturias.com\/noticias\/juan-orlando-hernandez-asume-este-lunes-como-nuevo-presidente-de-honduras\/#webpage","url":"https:\/\/www.eldigitaldeasturias.com\/noticias\/juan-orlando-hernandez-asume-este-lunes-como-nuevo-presidente-de-honduras\/","name":"Juan Orlando Hern\u00e1ndez asume este lunes como nuevo presidente de Honduras - El Digital de Asturias","description":"Tegucigalpa, 27 ene (EFE).- El presidente electo de Honduras, Juan Orlando Hern\u00e1ndez, de 45 a\u00f1os, asumir\u00e1 este lunes, en un acto al que asistir\u00e1n representantes de 65 pa\u00edses, incluidos presidentes y jefes de Estado, el pr\u00edncipe de Asturias y delegados de organismos internacionales. Hasta el pasado d\u00eda 20, Hern\u00e1ndez era presidente del Parlamento, y hereda","inLanguage":"es-ES","isPartOf":{"@id":"https:\/\/www.eldigitaldeasturias.com\/noticias\/#website"},"breadcrumb":{"@id":"https:\/\/www.eldigitaldeasturias.com\/noticias\/juan-orlando-hernandez-asume-este-lunes-como-nuevo-presidente-de-honduras\/#breadcrumblist"},"author":{"@id":"https:\/\/www.eldigitaldeasturias.com\/noticias\/author\/admin\/#author"},"creator":{"@id":"https:\/\/www.eldigitaldeasturias.com\/noticias\/author\/admin\/#author"},"image":{"@type":"ImageObject","url":"https:\/\/www.eldigitaldeasturias.com\/noticias\/wp-content\/uploads\/2026\/06\/Contenidos.jpg","@id":"https:\/\/www.eldigitaldeasturias.com\/noticias\/juan-orlando-hernandez-asume-este-lunes-como-nuevo-presidente-de-honduras\/#mainImage","width":1265,"height":697,"caption":"Contenidos"},"primaryImageOfPage":{"@id":"https:\/\/www.eldigitaldeasturias.com\/noticias\/juan-orlando-hernandez-asume-este-lunes-como-nuevo-presidente-de-honduras\/#mainImage"},"datePublished":"2014-01-27T14:06:25+01:00","dateModified":"2014-01-27T14:06:26+01:00"},{"@type":"WebSite","@id":"https:\/\/www.eldigitaldeasturias.com\/noticias\/#website","url":"https:\/\/www.eldigitaldeasturias.com\/noticias\/","name":"El Digital de Asturias - Diario de actualidad y noticias","alternateName":"El Digital de Asturias - Diario de actualidad y noticias","description":"Hemeroteca","inLanguage":"es-ES","publisher":{"@id":"https:\/\/www.eldigitaldeasturias.com\/noticias\/#organization"}}]},"og:locale":"es_ES","og:site_name":"El Digital de Asturias","og:type":"article","og:title":"Juan Orlando Hern\u00e1ndez asume este lunes como nuevo presidente de Honduras - El Digital de Asturias","og:description":"Tegucigalpa, 27 ene (EFE).- El presidente electo de Honduras, Juan Orlando Hern\u00e1ndez, de 45 a\u00f1os, asumir\u00e1 este lunes, en un acto al que asistir\u00e1n representantes de 65 pa\u00edses, incluidos presidentes y jefes de Estado, el pr\u00edncipe de Asturias y delegados de organismos internacionales. Hasta el pasado d\u00eda 20, Hern\u00e1ndez era presidente del Parlamento, y hereda","og:url":"https:\/\/www.eldigitaldeasturias.com\/noticias\/juan-orlando-hernandez-asume-este-lunes-como-nuevo-presidente-de-honduras\/","og:image":"https:\/\/www.eldigitaldeasturias.com\/noticias\/wp-content\/uploads\/2026\/06\/Contenidos.jpg","og:image:secure_url":"https:\/\/www.eldigitaldeasturias.com\/noticias\/wp-content\/uploads\/2026\/06\/Contenidos.jpg","og:image:width":1265,"og:image:height":697,"article:tag":["actualidad"],"article:published_time":"2014-01-27T15:06:25+00:00","article:modified_time":"2014-01-27T15:06:26+00:00","article:publisher":"https:\/\/facebook.com\/eldigitaldeasturias","twitter:card":"summary_large_image","twitter:title":"Juan Orlando Hern\u00e1ndez asume este lunes como nuevo presidente de Honduras - El Digital de Asturias","twitter:description":"Tegucigalpa, 27 ene (EFE).- El presidente electo de Honduras, Juan Orlando Hern\u00e1ndez, de 45 a\u00f1os, asumir\u00e1 este lunes, en un acto al que asistir\u00e1n representantes de 65 pa\u00edses, incluidos presidentes y jefes de Estado, el pr\u00edncipe de Asturias y delegados de organismos internacionales. Hasta el pasado d\u00eda 20, Hern\u00e1ndez era presidente del Parlamento, y hereda","twitter:image":"https:\/\/www.eldigitaldeasturias.com\/noticias\/wp-content\/uploads\/2026\/06\/Contenidos.jpg","twitter:label1":"Escrito por","twitter:data1":"El Digital de Asturias","twitter:label2":"Tiempo de lectura estimado","twitter:data2":"4 minutos"},"aioseo_meta_data":{"post_id":"479459","title":null,"description":null,"keywords":null,"keyphrases":null,"primary_term":null,"canonical_url":null,"og_title":null,"og_description":null,"og_object_type":"default","og_image_type":"default","og_image_url":null,"og_image_width":null,"og_image_height":null,"og_image_custom_url":null,"og_image_custom_fields":null,"og_video":null,"og_custom_url":null,"og_article_section":null,"og_article_tags":null,"twitter_use_og":true,"twitter_card":"default","twitter_image_type":"default","twitter_image_url":null,"twitter_image_custom_url":null,"twitter_image_custom_fields":null,"twitter_title":null,"twitter_description":null,"schema":{"blockGraphs":[],"customGraphs":[],"default":{"data":{"Article":[],"Course":[],"Dataset":[],"FAQPage":[],"Movie":[],"Person":[],"Product":[],"ProductReview":[],"Car":[],"Recipe":[],"Service":[],"SoftwareApplication":[],"WebPage":[]},"graphName":"","isEnabled":true},"graphs":[],"defaultGraph":"","defaultPostTypeGraph":""},"schema_type":null,"schema_type_options":null,"pillar_content":false,"robots_default":true,"robots_noindex":false,"robots_noarchive":false,"robots_nosnippet":false,"robots_nofollow":false,"robots_noimageindex":false,"robots_noodp":false,"robots_notranslate":false,"robots_max_snippet":null,"robots_max_videopreview":null,"robots_max_imagepreview":"none","priority":null,"frequency":null,"local_seo":null,"seo_analyzer_scan_date":"2026-06-02 00:36:10","breadcrumb_settings":null,"limit_modified_date":false,"open_ai":null,"ai":null,"created":"2020-11-14 22:54:04","updated":"2026-06-02 00:36:10","focus_keyword":null,"additional_keywords":null,"truseo_locale":null},"aioseo_breadcrumb":"<div class=\"aioseo-breadcrumbs\"><span class=\"aioseo-breadcrumb\">\n\t<a href=\"https:\/\/www.eldigitaldeasturias.com\/noticias\" title=\"Home\">Home<\/a>\n<\/span><span class=\"aioseo-breadcrumb-separator\">\u2013<\/span><span class=\"aioseo-breadcrumb\">\n\t<a href=\"https:\/\/www.eldigitaldeasturias.com\/noticias\/category\/actualidad\/\" title=\"Actualidad\">Actualidad<\/a>\n<\/span><span class=\"aioseo-breadcrumb-separator\">\u2013<\/span><span class=\"aioseo-breadcrumb\">\n\t<a href=\"https:\/\/www.eldigitaldeasturias.com\/noticias\/juan-orlando-hernandez-asume-este-lunes-como-nuevo-presidente-de-honduras\/\" title=\"Juan Orlando Hern\u00e1ndez asume este lunes como nuevo presidente de Honduras\">Juan Orlando Hern\u00e1ndez asume este lunes como nuevo presidente de Honduras<\/a>\n<\/span><\/div>","aioseo_breadcrumb_json":[{"label":"Home","link":"https:\/\/www.eldigitaldeasturias.com\/noticias"},{"label":"Actualidad","link":"https:\/\/www.eldigitaldeasturias.com\/noticias\/category\/actualidad\/"},{"label":"Juan Orlando Hern\u00e1ndez asume este lunes como nuevo presidente de Honduras","link":"https:\/\/www.eldigitaldeasturias.com\/noticias\/juan-orlando-hernandez-asume-este-lunes-como-nuevo-presidente-de-honduras\/"}],"_links":{"self":[{"href":"https:\/\/www.eldigitaldeasturias.com\/noticias\/wp-json\/wp\/v2\/posts\/479459","targetHints":{"allow":["GET"]}}],"collection":[{"href":"https:\/\/www.eldigitaldeasturias.com\/noticias\/wp-json\/wp\/v2\/posts"}],"about":[{"href":"https:\/\/www.eldigitaldeasturias.com\/noticias\/wp-json\/wp\/v2\/types\/post"}],"author":[{"embeddable":true,"href":"https:\/\/www.eldigitaldeasturias.com\/noticias\/wp-json\/wp\/v2\/users\/1"}],"replies":[{"embeddable":true,"href":"https:\/\/www.eldigitaldeasturias.com\/noticias\/wp-json\/wp\/v2\/comments?post=479459"}],"version-history":[{"count":0,"href":"https:\/\/www.eldigitaldeasturias.com\/noticias\/wp-json\/wp\/v2\/posts\/479459\/revisions"}],"wp:featuredmedia":[{"embeddable":true,"href":"https:\/\/www.eldigitaldeasturias.com\/noticias\/wp-json\/wp\/v2\/media\/1132184"}],"wp:attachment":[{"href":"https:\/\/www.eldigitaldeasturias.com\/noticias\/wp-json\/wp\/v2\/media?parent=479459"}],"wp:term":[{"taxonomy":"category","embeddable":true,"href":"https:\/\/www.eldigitaldeasturias.com\/noticias\/wp-json\/wp\/v2\/categories?post=479459"},{"taxonomy":"post_tag","embeddable":true,"href":"https:\/\/www.eldigitaldeasturias.com\/noticias\/wp-json\/wp\/v2\/tags?post=479459"}],"curies":[{"name":"wp","href":"https:\/\/api.w.org\/{rel}","templated":true}]}}