{"id":479453,"date":"2014-01-27T14:04:11","date_gmt":"2014-01-27T15:04:11","guid":{"rendered":"http:\/\/www.eldigitaldeasturias.com\/noticias\/?p=479453"},"modified":"2014-01-27T14:04:11","modified_gmt":"2014-01-27T15:04:11","slug":"maduro-augura-un-paso-enorme-de-la-celac-en-la-cumbre-de-la-habana","status":"publish","type":"post","link":"https:\/\/www.eldigitaldeasturias.com\/noticias\/maduro-augura-un-paso-enorme-de-la-celac-en-la-cumbre-de-la-habana\/","title":{"rendered":"Maduro augura un \u00abpaso enorme\u00bb de la Celac en la Cumbre de La Habana"},"content":{"rendered":"<p><img loading=\"lazy\" decoding=\"async\" class=\"alignleft size-medium wp-image-479454\" alt=\"5878423w\" src=\"https:\/\/www.eldigitaldeasturias.com\/noticias\/wp-content\/uploads\/2014\/01\/5878423w-360x239.jpg\" width=\"360\" height=\"239\" \/>La Habana, 26 ene (EFE).- El presidente de Venezuela, Nicol\u00e1s Maduro, augur\u00f3 hoy que la Comunidad de Estados Latinoamericanos y Caribe\u00f1os (Celac) dar\u00e1 un \u00abpaso enorme\u00bb para consolidar su rumbo en la Cumbre de La Habana que calific\u00f3 de \u00abhist\u00f3rica\u00bb.<\/p>\n<p>Maduro lleg\u00f3 casi al filo de esta medianoche a la isla junto a su esposa, Cilia Flores, para encabezar la delegaci\u00f3n de su pa\u00eds a la cita de Jefes de Estado y Gobierno del martes y mi\u00e9rcoles pr\u00f3ximos.<\/p>\n<p>\u00abHemos venido modesta y humildemente a dar los aportes del Gobierno y el pueblo de Venezuela a este enorme paso que vamos a dar en La Habana para consolidar el camino de la Celac\u00bb, declar\u00f3 el mandatario venezolano tras la ceremonia de recibimiento oficial en el aeropuerto internacional \u00abJos\u00e9 Mart\u00ed\u00bb.<\/p>\n<p>Maduro dijo que acude a la reuni\u00f3n \u00abmuy motivado\u00bb, y se mostr\u00f3 seguro de que \u00abesta va a ser una cumbre exitosa\u00bb.<\/p>\n<p>En su breve discurso resalt\u00f3 la \u00abhistoria com\u00fan de solidaridad, uni\u00f3n e identidad gigantesca\u00bb entre Cuba y Venezuela.<\/p>\n<p>Tambi\u00e9n record\u00f3 que la Celac fue creada en diciembre de 2011 en Caracas con el impulso del desaparecido presidente de su pa\u00eds Hugo Ch\u00e1vez, que estuvo precedida de otros proyectos como la Alianza Bolivariana para los Pueblos de Nuestra Am\u00e9rica (Alba) y Petrocaribe.<\/p>\n<p>Poco antes de trasladarse a Cuba, el gobernante venezolano anticip\u00f3 que presentar\u00e1 una propuesta para que los territorios de la Celac sean declarados \u00ablibres de colonias\u00bb y para que Puerto Rico ingrese de manera formal en la Celac.<\/p>\n<p>Maduro es uno de los cinco mandatarios que ya han llegado este domingo a la capital cubana para asistir a la cumbre.<\/p>\n<p>Ya se encuentran en la isla las presidentas de Argentina, Cristina Fern\u00e1ndez, la primera en llegar, el s\u00e1bado, a quien sigui\u00f3 la brasile\u00f1a Dilma Rousseff y despu\u00e9s los mandatarios de Bolivia, Evo Morales, y de Hait\u00ed, Michel Martelly.<\/p>\n<p>En la cita de la Celac, mecanismo al que pertenecen todos los pa\u00edses de Am\u00e9rica menos Estados Unidos y Canad\u00e1, Cuba traspasar\u00e1 la presidencia pro t\u00e9mpore del organismo a Costa Rica.<\/p>\n<p>Previo al inicio formal del encuentro, los coordinadores nacionales del grupo se dedicaron este fin de semana a perfilar y consensuar los documentos y declaraciones especiales que se someter\u00e1n a la aprobaci\u00f3n de los cancilleres, este lunes, antesala de la cita presidencial de los 33 pa\u00edses miembros del bloque.<\/p>\n<p>Entre los documentos preparados por los coordinadores figuran la \u00abDeclaraci\u00f3n de La Habana\u00bb y el \u00abPlan de Acci\u00f3n\u00bb de la Celac para el 2014.<\/p>\n","protected":false},"excerpt":{"rendered":"<p>La Habana, 26 ene (EFE).- El presidente de Venezuela, Nicol\u00e1s Maduro, augur\u00f3 hoy que la Comunidad de Estados Latinoamericanos y Caribe\u00f1os (Celac) dar\u00e1 un \u00abpaso enorme\u00bb para consolidar su rumbo en la Cumbre de La Habana que calific\u00f3 de \u00abhist\u00f3rica\u00bb. Maduro lleg\u00f3 casi al filo de esta medianoche a la isla junto a su esposa, [&hellip;]<\/p>\n","protected":false},"author":1,"featured_media":1132184,"comment_status":"closed","ping_status":"open","sticky":false,"template":"","format":"standard","meta":{"footnotes":""},"categories":[1],"tags":[],"class_list":["post-479453","post","type-post","status-publish","format-standard","has-post-thumbnail","hentry","category-actualidad"],"aioseo_notices":[],"aioseo_head":"\n\t\t<!-- All in One SEO Pro 5.0.1 - aioseo.com -->\n\t<meta name=\"description\" content=\"La Habana, 26 ene (EFE).- El presidente de Venezuela, Nicol\u00e1s Maduro, augur\u00f3 hoy que la Comunidad de Estados Latinoamericanos y Caribe\u00f1os (Celac) dar\u00e1 un &quot;paso enorme&quot; para consolidar su rumbo en la Cumbre de La Habana que calific\u00f3 de &quot;hist\u00f3rica&quot;. Maduro lleg\u00f3 casi al filo de esta medianoche a la isla junto a su esposa,\" \/>\n\t<meta name=\"robots\" content=\"max-image-preview:large\" \/>\n\t<meta name=\"author\" content=\"El Digital de Asturias\"\/>\n\t<meta name=\"google-site-verification\" content=\"UA-38556648-1\" \/>\n\t<meta name=\"msvalidate.01\" content=\"7dfe9f3f1b24437ab69f4f2559babe99\" \/>\n\t<meta name=\"keywords\" content=\"actualidad\" \/>\n\t<link rel=\"canonical\" href=\"https:\/\/www.eldigitaldeasturias.com\/noticias\/maduro-augura-un-paso-enorme-de-la-celac-en-la-cumbre-de-la-habana\/\" \/>\n\t<meta name=\"generator\" content=\"All in One SEO Pro (AIOSEO) 5.0.1\" \/>\n\t\t<meta property=\"og:locale\" content=\"es_ES\" \/>\n\t\t<meta property=\"og:site_name\" content=\"El Digital de Asturias\" \/>\n\t\t<meta property=\"og:type\" content=\"article\" \/>\n\t\t<meta property=\"og:title\" content=\"Maduro augura un \u00abpaso enorme\u00bb de la Celac en la Cumbre de La Habana - El Digital de Asturias\" \/>\n\t\t<meta property=\"og:description\" content=\"La Habana, 26 ene (EFE).- El presidente de Venezuela, Nicol\u00e1s Maduro, augur\u00f3 hoy que la Comunidad de Estados Latinoamericanos y Caribe\u00f1os (Celac) dar\u00e1 un &quot;paso enorme&quot; para consolidar su rumbo en la Cumbre de La Habana que calific\u00f3 de &quot;hist\u00f3rica&quot;. Maduro lleg\u00f3 casi al filo de esta medianoche a la isla junto a su esposa,\" \/>\n\t\t<meta property=\"og:url\" content=\"https:\/\/www.eldigitaldeasturias.com\/noticias\/maduro-augura-un-paso-enorme-de-la-celac-en-la-cumbre-de-la-habana\/\" \/>\n\t\t<meta property=\"og:image\" content=\"https:\/\/www.eldigitaldeasturias.com\/noticias\/wp-content\/uploads\/2026\/06\/Contenidos.jpg\" \/>\n\t\t<meta property=\"og:image:secure_url\" content=\"https:\/\/www.eldigitaldeasturias.com\/noticias\/wp-content\/uploads\/2026\/06\/Contenidos.jpg\" \/>\n\t\t<meta property=\"og:image:width\" content=\"1265\" \/>\n\t\t<meta property=\"og:image:height\" content=\"697\" \/>\n\t\t<meta property=\"article:tag\" content=\"actualidad\" \/>\n\t\t<meta property=\"article:published_time\" content=\"2014-01-27T15:04:11+00:00\" \/>\n\t\t<meta property=\"article:modified_time\" content=\"2014-01-27T15:04:11+00:00\" \/>\n\t\t<meta property=\"article:publisher\" content=\"https:\/\/facebook.com\/eldigitaldeasturias\" \/>\n\t\t<meta name=\"twitter:card\" content=\"summary_large_image\" \/>\n\t\t<meta name=\"twitter:title\" content=\"Maduro augura un \u00abpaso enorme\u00bb de la Celac en la Cumbre de La Habana - El Digital de Asturias\" \/>\n\t\t<meta name=\"twitter:description\" content=\"La Habana, 26 ene (EFE).- El presidente de Venezuela, Nicol\u00e1s Maduro, augur\u00f3 hoy que la Comunidad de Estados Latinoamericanos y Caribe\u00f1os (Celac) dar\u00e1 un &quot;paso enorme&quot; para consolidar su rumbo en la Cumbre de La Habana que calific\u00f3 de &quot;hist\u00f3rica&quot;. Maduro lleg\u00f3 casi al filo de esta medianoche a la isla junto a su esposa,\" \/>\n\t\t<meta name=\"twitter:image\" content=\"https:\/\/www.eldigitaldeasturias.com\/noticias\/wp-content\/uploads\/2026\/06\/Contenidos.jpg\" \/>\n\t\t<meta name=\"twitter:label1\" content=\"Escrito por\" \/>\n\t\t<meta name=\"twitter:data1\" content=\"El Digital de Asturias\" \/>\n\t\t<meta name=\"twitter:label2\" content=\"Tiempo de lectura estimado\" \/>\n\t\t<meta name=\"twitter:data2\" content=\"2 minutos\" \/>\n\t\t<script type=\"application\/ld+json\" class=\"aioseo-schema\">\n\t\t\t{\"@context\":\"https:\\\/\\\/schema.org\",\"@graph\":[{\"@type\":\"BlogPosting\",\"@id\":\"https:\\\/\\\/www.eldigitaldeasturias.com\\\/noticias\\\/maduro-augura-un-paso-enorme-de-la-celac-en-la-cumbre-de-la-habana\\\/#blogposting\",\"name\":\"Maduro augura un \\u00abpaso enorme\\u00bb de la Celac en la Cumbre de La Habana - El Digital de Asturias\",\"headline\":\"Maduro augura un \\u00abpaso enorme\\u00bb de la Celac en la Cumbre de La Habana\",\"author\":{\"@id\":\"https:\\\/\\\/www.eldigitaldeasturias.com\\\/noticias\\\/author\\\/admin\\\/#author\"},\"publisher\":{\"@id\":\"https:\\\/\\\/www.eldigitaldeasturias.com\\\/noticias\\\/#organization\"},\"image\":{\"@type\":\"ImageObject\",\"url\":\"https:\\\/\\\/www.eldigitaldeasturias.com\\\/noticias\\\/wp-content\\\/uploads\\\/2026\\\/06\\\/Contenidos.jpg\",\"width\":1265,\"height\":697,\"caption\":\"Contenidos\"},\"datePublished\":\"2014-01-27T14:04:11+01:00\",\"dateModified\":\"2014-01-27T14:04:11+01:00\",\"inLanguage\":\"es-ES\",\"mainEntityOfPage\":{\"@id\":\"https:\\\/\\\/www.eldigitaldeasturias.com\\\/noticias\\\/maduro-augura-un-paso-enorme-de-la-celac-en-la-cumbre-de-la-habana\\\/#webpage\"},\"isPartOf\":{\"@id\":\"https:\\\/\\\/www.eldigitaldeasturias.com\\\/noticias\\\/maduro-augura-un-paso-enorme-de-la-celac-en-la-cumbre-de-la-habana\\\/#webpage\"},\"articleSection\":\"Actualidad\"},{\"@type\":\"BreadcrumbList\",\"@id\":\"https:\\\/\\\/www.eldigitaldeasturias.com\\\/noticias\\\/maduro-augura-un-paso-enorme-de-la-celac-en-la-cumbre-de-la-habana\\\/#breadcrumblist\",\"itemListElement\":[{\"@type\":\"ListItem\",\"@id\":\"https:\\\/\\\/www.eldigitaldeasturias.com\\\/noticias#listItem\",\"position\":1,\"name\":\"Home\",\"item\":\"https:\\\/\\\/www.eldigitaldeasturias.com\\\/noticias\",\"nextItem\":{\"@type\":\"ListItem\",\"@id\":\"https:\\\/\\\/www.eldigitaldeasturias.com\\\/noticias\\\/category\\\/actualidad\\\/#listItem\",\"name\":\"Actualidad\"}},{\"@type\":\"ListItem\",\"@id\":\"https:\\\/\\\/www.eldigitaldeasturias.com\\\/noticias\\\/category\\\/actualidad\\\/#listItem\",\"position\":2,\"name\":\"Actualidad\",\"item\":\"https:\\\/\\\/www.eldigitaldeasturias.com\\\/noticias\\\/category\\\/actualidad\\\/\",\"nextItem\":{\"@type\":\"ListItem\",\"@id\":\"https:\\\/\\\/www.eldigitaldeasturias.com\\\/noticias\\\/maduro-augura-un-paso-enorme-de-la-celac-en-la-cumbre-de-la-habana\\\/#listItem\",\"name\":\"Maduro augura un \\u00abpaso enorme\\u00bb de la Celac en la Cumbre de La Habana\"},\"previousItem\":{\"@type\":\"ListItem\",\"@id\":\"https:\\\/\\\/www.eldigitaldeasturias.com\\\/noticias#listItem\",\"name\":\"Home\"}},{\"@type\":\"ListItem\",\"@id\":\"https:\\\/\\\/www.eldigitaldeasturias.com\\\/noticias\\\/maduro-augura-un-paso-enorme-de-la-celac-en-la-cumbre-de-la-habana\\\/#listItem\",\"position\":3,\"name\":\"Maduro augura un \\u00abpaso enorme\\u00bb de la Celac en la Cumbre de La Habana\",\"previousItem\":{\"@type\":\"ListItem\",\"@id\":\"https:\\\/\\\/www.eldigitaldeasturias.com\\\/noticias\\\/category\\\/actualidad\\\/#listItem\",\"name\":\"Actualidad\"}}]},{\"@type\":\"Organization\",\"@id\":\"https:\\\/\\\/www.eldigitaldeasturias.com\\\/noticias\\\/#organization\",\"name\":\"El Digital de Asturias\",\"description\":\"Hemeroteca\",\"url\":\"https:\\\/\\\/www.eldigitaldeasturias.com\\\/noticias\\\/\",\"email\":\"info@eldigitaldeasturias.com\",\"telephone\":\"+34652131393\",\"logo\":{\"@type\":\"ImageObject\",\"url\":\"https:\\\/\\\/www.eldigitaldeasturias.com\\\/noticias\\\/wp-content\\\/uploads\\\/2020\\\/12\\\/EDA.jpg\",\"@id\":\"https:\\\/\\\/www.eldigitaldeasturias.com\\\/noticias\\\/maduro-augura-un-paso-enorme-de-la-celac-en-la-cumbre-de-la-habana\\\/#organizationLogo\"},\"image\":{\"@id\":\"https:\\\/\\\/www.eldigitaldeasturias.com\\\/noticias\\\/maduro-augura-un-paso-enorme-de-la-celac-en-la-cumbre-de-la-habana\\\/#organizationLogo\"},\"sameAs\":[\"https:\\\/\\\/facebook.com\\\/eldigitaldeasturias\",\"https:\\\/\\\/www.youtube.com\\\/channel\\\/UCZP-2wLEB9Rv6erhFmqVnvg\"],\"address\":{\"@id\":\"https:\\\/\\\/www.eldigitaldeasturias.com\\\/noticias\\\/#postaladdress\",\"@type\":\"PostalAddress\",\"streetAddress\":\"san antonio 4\",\"postalCode\":\"33430\",\"addressLocality\":\"Cand\\u00e1s\",\"addressRegion\":\"Asturias\",\"addressCountry\":\"ES\"}},{\"@type\":\"Person\",\"@id\":\"https:\\\/\\\/www.eldigitaldeasturias.com\\\/noticias\\\/author\\\/admin\\\/#author\",\"url\":\"https:\\\/\\\/www.eldigitaldeasturias.com\\\/noticias\\\/author\\\/admin\\\/\",\"name\":\"El Digital de Asturias\",\"image\":{\"@type\":\"ImageObject\",\"@id\":\"https:\\\/\\\/www.eldigitaldeasturias.com\\\/noticias\\\/maduro-augura-un-paso-enorme-de-la-celac-en-la-cumbre-de-la-habana\\\/#authorImage\",\"url\":\"https:\\\/\\\/secure.gravatar.com\\\/avatar\\\/df2aeffc32bcd13f8d26072ef8a91b623d677766deac7f97ca815868cd41bf5e?s=96&d=mm&r=g\",\"width\":96,\"height\":96,\"caption\":\"El Digital de Asturias\"}},{\"@type\":\"WebPage\",\"@id\":\"https:\\\/\\\/www.eldigitaldeasturias.com\\\/noticias\\\/maduro-augura-un-paso-enorme-de-la-celac-en-la-cumbre-de-la-habana\\\/#webpage\",\"url\":\"https:\\\/\\\/www.eldigitaldeasturias.com\\\/noticias\\\/maduro-augura-un-paso-enorme-de-la-celac-en-la-cumbre-de-la-habana\\\/\",\"name\":\"Maduro augura un \\u00abpaso enorme\\u00bb de la Celac en la Cumbre de La Habana - El Digital de Asturias\",\"description\":\"La Habana, 26 ene (EFE).- El presidente de Venezuela, Nicol\\u00e1s Maduro, augur\\u00f3 hoy que la Comunidad de Estados Latinoamericanos y Caribe\\u00f1os (Celac) dar\\u00e1 un \\\"paso enorme\\\" para consolidar su rumbo en la Cumbre de La Habana que calific\\u00f3 de \\\"hist\\u00f3rica\\\". Maduro lleg\\u00f3 casi al filo de esta medianoche a la isla junto a su esposa,\",\"inLanguage\":\"es-ES\",\"isPartOf\":{\"@id\":\"https:\\\/\\\/www.eldigitaldeasturias.com\\\/noticias\\\/#website\"},\"breadcrumb\":{\"@id\":\"https:\\\/\\\/www.eldigitaldeasturias.com\\\/noticias\\\/maduro-augura-un-paso-enorme-de-la-celac-en-la-cumbre-de-la-habana\\\/#breadcrumblist\"},\"author\":{\"@id\":\"https:\\\/\\\/www.eldigitaldeasturias.com\\\/noticias\\\/author\\\/admin\\\/#author\"},\"creator\":{\"@id\":\"https:\\\/\\\/www.eldigitaldeasturias.com\\\/noticias\\\/author\\\/admin\\\/#author\"},\"image\":{\"@type\":\"ImageObject\",\"url\":\"https:\\\/\\\/www.eldigitaldeasturias.com\\\/noticias\\\/wp-content\\\/uploads\\\/2026\\\/06\\\/Contenidos.jpg\",\"@id\":\"https:\\\/\\\/www.eldigitaldeasturias.com\\\/noticias\\\/maduro-augura-un-paso-enorme-de-la-celac-en-la-cumbre-de-la-habana\\\/#mainImage\",\"width\":1265,\"height\":697,\"caption\":\"Contenidos\"},\"primaryImageOfPage\":{\"@id\":\"https:\\\/\\\/www.eldigitaldeasturias.com\\\/noticias\\\/maduro-augura-un-paso-enorme-de-la-celac-en-la-cumbre-de-la-habana\\\/#mainImage\"},\"datePublished\":\"2014-01-27T14:04:11+01:00\",\"dateModified\":\"2014-01-27T14:04:11+01:00\"},{\"@type\":\"WebSite\",\"@id\":\"https:\\\/\\\/www.eldigitaldeasturias.com\\\/noticias\\\/#website\",\"url\":\"https:\\\/\\\/www.eldigitaldeasturias.com\\\/noticias\\\/\",\"name\":\"El Digital de Asturias - Diario de actualidad y noticias\",\"alternateName\":\"El Digital de Asturias - Diario de actualidad y noticias\",\"description\":\"Hemeroteca\",\"inLanguage\":\"es-ES\",\"publisher\":{\"@id\":\"https:\\\/\\\/www.eldigitaldeasturias.com\\\/noticias\\\/#organization\"}}]}\n\t\t<\/script>\n\t\t<!-- All in One SEO Pro -->\r\n\t\t<title>Maduro augura un \u00abpaso enorme\u00bb de la Celac en la Cumbre de La Habana - El Digital de Asturias<\/title>\n\n","aioseo_head_json":{"title":"Maduro augura un \u00abpaso enorme\u00bb de la Celac en la Cumbre de La Habana - El Digital de Asturias","description":"La Habana, 26 ene (EFE).- El presidente de Venezuela, Nicol\u00e1s Maduro, augur\u00f3 hoy que la Comunidad de Estados Latinoamericanos y Caribe\u00f1os (Celac) dar\u00e1 un \"paso enorme\" para consolidar su rumbo en la Cumbre de La Habana que calific\u00f3 de \"hist\u00f3rica\". Maduro lleg\u00f3 casi al filo de esta medianoche a la isla junto a su esposa,","canonical_url":"https:\/\/www.eldigitaldeasturias.com\/noticias\/maduro-augura-un-paso-enorme-de-la-celac-en-la-cumbre-de-la-habana\/","robots":"max-image-preview:large","keywords":"actualidad","webmasterTools":{"google-site-verification":"UA-38556648-1","msvalidate.01":"7dfe9f3f1b24437ab69f4f2559babe99","miscellaneous":""},"schema":{"@context":"https:\/\/schema.org","@graph":[{"@type":"BlogPosting","@id":"https:\/\/www.eldigitaldeasturias.com\/noticias\/maduro-augura-un-paso-enorme-de-la-celac-en-la-cumbre-de-la-habana\/#blogposting","name":"Maduro augura un \u00abpaso enorme\u00bb de la Celac en la Cumbre de La Habana - El Digital de Asturias","headline":"Maduro augura un \u00abpaso enorme\u00bb de la Celac en la Cumbre de La Habana","author":{"@id":"https:\/\/www.eldigitaldeasturias.com\/noticias\/author\/admin\/#author"},"publisher":{"@id":"https:\/\/www.eldigitaldeasturias.com\/noticias\/#organization"},"image":{"@type":"ImageObject","url":"https:\/\/www.eldigitaldeasturias.com\/noticias\/wp-content\/uploads\/2026\/06\/Contenidos.jpg","width":1265,"height":697,"caption":"Contenidos"},"datePublished":"2014-01-27T14:04:11+01:00","dateModified":"2014-01-27T14:04:11+01:00","inLanguage":"es-ES","mainEntityOfPage":{"@id":"https:\/\/www.eldigitaldeasturias.com\/noticias\/maduro-augura-un-paso-enorme-de-la-celac-en-la-cumbre-de-la-habana\/#webpage"},"isPartOf":{"@id":"https:\/\/www.eldigitaldeasturias.com\/noticias\/maduro-augura-un-paso-enorme-de-la-celac-en-la-cumbre-de-la-habana\/#webpage"},"articleSection":"Actualidad"},{"@type":"BreadcrumbList","@id":"https:\/\/www.eldigitaldeasturias.com\/noticias\/maduro-augura-un-paso-enorme-de-la-celac-en-la-cumbre-de-la-habana\/#breadcrumblist","itemListElement":[{"@type":"ListItem","@id":"https:\/\/www.eldigitaldeasturias.com\/noticias#listItem","position":1,"name":"Home","item":"https:\/\/www.eldigitaldeasturias.com\/noticias","nextItem":{"@type":"ListItem","@id":"https:\/\/www.eldigitaldeasturias.com\/noticias\/category\/actualidad\/#listItem","name":"Actualidad"}},{"@type":"ListItem","@id":"https:\/\/www.eldigitaldeasturias.com\/noticias\/category\/actualidad\/#listItem","position":2,"name":"Actualidad","item":"https:\/\/www.eldigitaldeasturias.com\/noticias\/category\/actualidad\/","nextItem":{"@type":"ListItem","@id":"https:\/\/www.eldigitaldeasturias.com\/noticias\/maduro-augura-un-paso-enorme-de-la-celac-en-la-cumbre-de-la-habana\/#listItem","name":"Maduro augura un \u00abpaso enorme\u00bb de la Celac en la Cumbre de La Habana"},"previousItem":{"@type":"ListItem","@id":"https:\/\/www.eldigitaldeasturias.com\/noticias#listItem","name":"Home"}},{"@type":"ListItem","@id":"https:\/\/www.eldigitaldeasturias.com\/noticias\/maduro-augura-un-paso-enorme-de-la-celac-en-la-cumbre-de-la-habana\/#listItem","position":3,"name":"Maduro augura un \u00abpaso enorme\u00bb de la Celac en la Cumbre de La Habana","previousItem":{"@type":"ListItem","@id":"https:\/\/www.eldigitaldeasturias.com\/noticias\/category\/actualidad\/#listItem","name":"Actualidad"}}]},{"@type":"Organization","@id":"https:\/\/www.eldigitaldeasturias.com\/noticias\/#organization","name":"El Digital de Asturias","description":"Hemeroteca","url":"https:\/\/www.eldigitaldeasturias.com\/noticias\/","email":"info@eldigitaldeasturias.com","telephone":"+34652131393","logo":{"@type":"ImageObject","url":"https:\/\/www.eldigitaldeasturias.com\/noticias\/wp-content\/uploads\/2020\/12\/EDA.jpg","@id":"https:\/\/www.eldigitaldeasturias.com\/noticias\/maduro-augura-un-paso-enorme-de-la-celac-en-la-cumbre-de-la-habana\/#organizationLogo"},"image":{"@id":"https:\/\/www.eldigitaldeasturias.com\/noticias\/maduro-augura-un-paso-enorme-de-la-celac-en-la-cumbre-de-la-habana\/#organizationLogo"},"sameAs":["https:\/\/facebook.com\/eldigitaldeasturias","https:\/\/www.youtube.com\/channel\/UCZP-2wLEB9Rv6erhFmqVnvg"],"address":{"@id":"https:\/\/www.eldigitaldeasturias.com\/noticias\/#postaladdress","@type":"PostalAddress","streetAddress":"san antonio 4","postalCode":"33430","addressLocality":"Cand\u00e1s","addressRegion":"Asturias","addressCountry":"ES"}},{"@type":"Person","@id":"https:\/\/www.eldigitaldeasturias.com\/noticias\/author\/admin\/#author","url":"https:\/\/www.eldigitaldeasturias.com\/noticias\/author\/admin\/","name":"El Digital de Asturias","image":{"@type":"ImageObject","@id":"https:\/\/www.eldigitaldeasturias.com\/noticias\/maduro-augura-un-paso-enorme-de-la-celac-en-la-cumbre-de-la-habana\/#authorImage","url":"https:\/\/secure.gravatar.com\/avatar\/df2aeffc32bcd13f8d26072ef8a91b623d677766deac7f97ca815868cd41bf5e?s=96&d=mm&r=g","width":96,"height":96,"caption":"El Digital de Asturias"}},{"@type":"WebPage","@id":"https:\/\/www.eldigitaldeasturias.com\/noticias\/maduro-augura-un-paso-enorme-de-la-celac-en-la-cumbre-de-la-habana\/#webpage","url":"https:\/\/www.eldigitaldeasturias.com\/noticias\/maduro-augura-un-paso-enorme-de-la-celac-en-la-cumbre-de-la-habana\/","name":"Maduro augura un \u00abpaso enorme\u00bb de la Celac en la Cumbre de La Habana - El Digital de Asturias","description":"La Habana, 26 ene (EFE).- El presidente de Venezuela, Nicol\u00e1s Maduro, augur\u00f3 hoy que la Comunidad de Estados Latinoamericanos y Caribe\u00f1os (Celac) dar\u00e1 un \"paso enorme\" para consolidar su rumbo en la Cumbre de La Habana que calific\u00f3 de \"hist\u00f3rica\". Maduro lleg\u00f3 casi al filo de esta medianoche a la isla junto a su esposa,","inLanguage":"es-ES","isPartOf":{"@id":"https:\/\/www.eldigitaldeasturias.com\/noticias\/#website"},"breadcrumb":{"@id":"https:\/\/www.eldigitaldeasturias.com\/noticias\/maduro-augura-un-paso-enorme-de-la-celac-en-la-cumbre-de-la-habana\/#breadcrumblist"},"author":{"@id":"https:\/\/www.eldigitaldeasturias.com\/noticias\/author\/admin\/#author"},"creator":{"@id":"https:\/\/www.eldigitaldeasturias.com\/noticias\/author\/admin\/#author"},"image":{"@type":"ImageObject","url":"https:\/\/www.eldigitaldeasturias.com\/noticias\/wp-content\/uploads\/2026\/06\/Contenidos.jpg","@id":"https:\/\/www.eldigitaldeasturias.com\/noticias\/maduro-augura-un-paso-enorme-de-la-celac-en-la-cumbre-de-la-habana\/#mainImage","width":1265,"height":697,"caption":"Contenidos"},"primaryImageOfPage":{"@id":"https:\/\/www.eldigitaldeasturias.com\/noticias\/maduro-augura-un-paso-enorme-de-la-celac-en-la-cumbre-de-la-habana\/#mainImage"},"datePublished":"2014-01-27T14:04:11+01:00","dateModified":"2014-01-27T14:04:11+01:00"},{"@type":"WebSite","@id":"https:\/\/www.eldigitaldeasturias.com\/noticias\/#website","url":"https:\/\/www.eldigitaldeasturias.com\/noticias\/","name":"El Digital de Asturias - Diario de actualidad y noticias","alternateName":"El Digital de Asturias - Diario de actualidad y noticias","description":"Hemeroteca","inLanguage":"es-ES","publisher":{"@id":"https:\/\/www.eldigitaldeasturias.com\/noticias\/#organization"}}]},"og:locale":"es_ES","og:site_name":"El Digital de Asturias","og:type":"article","og:title":"Maduro augura un \u00abpaso enorme\u00bb de la Celac en la Cumbre de La Habana - El Digital de Asturias","og:description":"La Habana, 26 ene (EFE).- El presidente de Venezuela, Nicol\u00e1s Maduro, augur\u00f3 hoy que la Comunidad de Estados Latinoamericanos y Caribe\u00f1os (Celac) dar\u00e1 un &quot;paso enorme&quot; para consolidar su rumbo en la Cumbre de La Habana que calific\u00f3 de &quot;hist\u00f3rica&quot;. Maduro lleg\u00f3 casi al filo de esta medianoche a la isla junto a su esposa,","og:url":"https:\/\/www.eldigitaldeasturias.com\/noticias\/maduro-augura-un-paso-enorme-de-la-celac-en-la-cumbre-de-la-habana\/","og:image":"https:\/\/www.eldigitaldeasturias.com\/noticias\/wp-content\/uploads\/2026\/06\/Contenidos.jpg","og:image:secure_url":"https:\/\/www.eldigitaldeasturias.com\/noticias\/wp-content\/uploads\/2026\/06\/Contenidos.jpg","og:image:width":1265,"og:image:height":697,"article:tag":["actualidad"],"article:published_time":"2014-01-27T15:04:11+00:00","article:modified_time":"2014-01-27T15:04:11+00:00","article:publisher":"https:\/\/facebook.com\/eldigitaldeasturias","twitter:card":"summary_large_image","twitter:title":"Maduro augura un \u00abpaso enorme\u00bb de la Celac en la Cumbre de La Habana - El Digital de Asturias","twitter:description":"La Habana, 26 ene (EFE).- El presidente de Venezuela, Nicol\u00e1s Maduro, augur\u00f3 hoy que la Comunidad de Estados Latinoamericanos y Caribe\u00f1os (Celac) dar\u00e1 un &quot;paso enorme&quot; para consolidar su rumbo en la Cumbre de La Habana que calific\u00f3 de &quot;hist\u00f3rica&quot;. Maduro lleg\u00f3 casi al filo de esta medianoche a la isla junto a su esposa,","twitter:image":"https:\/\/www.eldigitaldeasturias.com\/noticias\/wp-content\/uploads\/2026\/06\/Contenidos.jpg","twitter:label1":"Escrito por","twitter:data1":"El Digital de Asturias","twitter:label2":"Tiempo de lectura estimado","twitter:data2":"2 minutos"},"aioseo_meta_data":{"post_id":"479453","title":null,"description":null,"keywords":null,"keyphrases":null,"primary_term":null,"canonical_url":null,"og_title":null,"og_description":null,"og_object_type":"default","og_image_type":"default","og_image_url":null,"og_image_width":null,"og_image_height":null,"og_image_custom_url":null,"og_image_custom_fields":null,"og_video":null,"og_custom_url":null,"og_article_section":null,"og_article_tags":null,"twitter_use_og":true,"twitter_card":"default","twitter_image_type":"default","twitter_image_url":null,"twitter_image_custom_url":null,"twitter_image_custom_fields":null,"twitter_title":null,"twitter_description":null,"schema":{"blockGraphs":[],"customGraphs":[],"default":{"data":{"Article":[],"Course":[],"Dataset":[],"FAQPage":[],"Movie":[],"Person":[],"Product":[],"ProductReview":[],"Car":[],"Recipe":[],"Service":[],"SoftwareApplication":[],"WebPage":[]},"graphName":"","isEnabled":true},"graphs":[],"defaultGraph":"","defaultPostTypeGraph":""},"schema_type":null,"schema_type_options":null,"pillar_content":false,"robots_default":true,"robots_noindex":false,"robots_noarchive":false,"robots_nosnippet":false,"robots_nofollow":false,"robots_noimageindex":false,"robots_noodp":false,"robots_notranslate":false,"robots_max_snippet":null,"robots_max_videopreview":null,"robots_max_imagepreview":"none","priority":null,"frequency":null,"local_seo":null,"seo_analyzer_scan_date":"2026-06-02 00:33:55","breadcrumb_settings":null,"limit_modified_date":false,"open_ai":null,"ai":null,"created":"2020-11-14 22:54:04","updated":"2026-06-02 00:33:55","focus_keyword":null,"additional_keywords":null,"truseo_locale":null},"aioseo_breadcrumb":"<div class=\"aioseo-breadcrumbs\"><span class=\"aioseo-breadcrumb\">\n\t<a href=\"https:\/\/www.eldigitaldeasturias.com\/noticias\" title=\"Home\">Home<\/a>\n<\/span><span class=\"aioseo-breadcrumb-separator\">\u2013<\/span><span class=\"aioseo-breadcrumb\">\n\t<a href=\"https:\/\/www.eldigitaldeasturias.com\/noticias\/category\/actualidad\/\" title=\"Actualidad\">Actualidad<\/a>\n<\/span><span class=\"aioseo-breadcrumb-separator\">\u2013<\/span><span class=\"aioseo-breadcrumb\">\n\t<a href=\"https:\/\/www.eldigitaldeasturias.com\/noticias\/maduro-augura-un-paso-enorme-de-la-celac-en-la-cumbre-de-la-habana\/\" title=\"Maduro augura un \u00abpaso enorme\u00bb de la Celac en la Cumbre de La Habana\">Maduro augura un \u00abpaso enorme\u00bb de la Celac en la Cumbre de La Habana<\/a>\n<\/span><\/div>","aioseo_breadcrumb_json":[{"label":"Home","link":"https:\/\/www.eldigitaldeasturias.com\/noticias"},{"label":"Actualidad","link":"https:\/\/www.eldigitaldeasturias.com\/noticias\/category\/actualidad\/"},{"label":"Maduro augura un \u00abpaso enorme\u00bb de la Celac en la Cumbre de La Habana","link":"https:\/\/www.eldigitaldeasturias.com\/noticias\/maduro-augura-un-paso-enorme-de-la-celac-en-la-cumbre-de-la-habana\/"}],"_links":{"self":[{"href":"https:\/\/www.eldigitaldeasturias.com\/noticias\/wp-json\/wp\/v2\/posts\/479453","targetHints":{"allow":["GET"]}}],"collection":[{"href":"https:\/\/www.eldigitaldeasturias.com\/noticias\/wp-json\/wp\/v2\/posts"}],"about":[{"href":"https:\/\/www.eldigitaldeasturias.com\/noticias\/wp-json\/wp\/v2\/types\/post"}],"author":[{"embeddable":true,"href":"https:\/\/www.eldigitaldeasturias.com\/noticias\/wp-json\/wp\/v2\/users\/1"}],"replies":[{"embeddable":true,"href":"https:\/\/www.eldigitaldeasturias.com\/noticias\/wp-json\/wp\/v2\/comments?post=479453"}],"version-history":[{"count":0,"href":"https:\/\/www.eldigitaldeasturias.com\/noticias\/wp-json\/wp\/v2\/posts\/479453\/revisions"}],"wp:featuredmedia":[{"embeddable":true,"href":"https:\/\/www.eldigitaldeasturias.com\/noticias\/wp-json\/wp\/v2\/media\/1132184"}],"wp:attachment":[{"href":"https:\/\/www.eldigitaldeasturias.com\/noticias\/wp-json\/wp\/v2\/media?parent=479453"}],"wp:term":[{"taxonomy":"category","embeddable":true,"href":"https:\/\/www.eldigitaldeasturias.com\/noticias\/wp-json\/wp\/v2\/categories?post=479453"},{"taxonomy":"post_tag","embeddable":true,"href":"https:\/\/www.eldigitaldeasturias.com\/noticias\/wp-json\/wp\/v2\/tags?post=479453"}],"curies":[{"name":"wp","href":"https:\/\/api.w.org\/{rel}","templated":true}]}}