{"id":479422,"date":"2014-01-27T11:04:18","date_gmt":"2014-01-27T12:04:18","guid":{"rendered":"http:\/\/www.eldigitaldeasturias.com\/noticias\/?p=479422"},"modified":"2014-01-27T11:04:18","modified_gmt":"2014-01-27T12:04:18","slug":"rajoy-viaja-a-roma-para-analizar-con-letta-los-avances-economicos","status":"publish","type":"post","link":"https:\/\/www.eldigitaldeasturias.com\/noticias\/rajoy-viaja-a-roma-para-analizar-con-letta-los-avances-economicos\/","title":{"rendered":"Rajoy viaja a Roma para analizar con Letta los avances econ\u00f3micos"},"content":{"rendered":"<p><img loading=\"lazy\" decoding=\"async\" class=\"alignleft size-medium wp-image-479423\" alt=\"5878369w\" src=\"https:\/\/www.eldigitaldeasturias.com\/noticias\/wp-content\/uploads\/2014\/01\/5878369w-360x243.jpg\" width=\"360\" height=\"243\" \/>Madrid, 27 ene (EFE).- El presidente del Gobierno, Mariano Rajoy, viaja hoy a Roma para copresidir junto al primer ministro italiano, Enrico Letta, la XVIII cumbre bilateral y analizar, entre otros asuntos, los avances de sus respectivos pa\u00edses y de la UE en su conjunto para la salida de la crisis.<\/p>\n<p>Rajoy se desplazar\u00e1 acompa\u00f1ado de los ministros de Interior, Defensa, Industria, Fomento, Empleo y Sanidad, que mantendr\u00e1n tambi\u00e9n una serie de reuniones bilaterales con sus respectivos hom\u00f3logos italianos.<\/p>\n<p>La cumbre estaba prevista inicialmente para el pasado 10 de diciembre pero se aplaz\u00f3 debido a que los dos jefes de Gobierno viajaron a Johannesburgo para participar en los actos de homenaje al expresidente sudafricano Nelson Mandela.<\/p>\n<p>Las cuestiones econ\u00f3micas ocupar\u00e1n gran parte de la cita de ambos gobiernos, en un momento en el que tanto Espa\u00f1a como Italia est\u00e1n conociendo datos positivos en su lucha contra la crisis y Rajoy est\u00e1 divulgando en sus viajes al exterior la recuperaci\u00f3n del pa\u00eds que atribuye a las reformas del Gobierno y al esfuerzo de los ciudadanos.<\/p>\n<p>Las primas de riesgo de los dos pa\u00edses han descendido de forma notable, hasta situarse en el entorno de los 200 puntos y la espa\u00f1ola incluso unos puntos por debajo de la italiana.<\/p>\n<p>Rajoy y Letta intercambiar\u00e1n puntos de vista sobre las perspectivas econ\u00f3micas existentes para 2014 y coincidir\u00e1n en la necesidad de que la Uni\u00f3n Europea agilice las medidas ya acordadas para la integraci\u00f3n econ\u00f3mica, entre ellas las relativas a la uni\u00f3n bancaria, al considerar que son determinantes para coadyuvar a la recuperaci\u00f3n en la eurozona y en cada estado socio.<\/p>\n<p>Aunque se trate en principio de una cuesti\u00f3n que afecta a empresas de ambos pa\u00edses, el jefe del Gobierno y su hom\u00f3logo italiano, seg\u00fan han informado a Efe fuentes del Ejecutivo, analizar\u00e1n la situaci\u00f3n de las obras en el Canal de Panam\u00e1 por la trascendencia que tienen para la imagen internacional de ambos pa\u00edses.<\/p>\n<p>La espa\u00f1ola Sacyr y la italiana Impregilo lideran el consorcio internacional creado para las obras de ampliaci\u00f3n del Canal de Panam\u00e1 y que reclama unos 1.200 millones m\u00e1s de lo estipulado para la finalizaci\u00f3n de las obras debido a los sobrecostes surgidos.<\/p>\n<p>Esta cuesti\u00f3n estar\u00e1 presente tambi\u00e9n en la reuni\u00f3n que mantendr\u00e1 la ministra de Fomento con su hom\u00f3logo italiano, el titular de Infraestructuras, Maurizio Lupi.<\/p>\n<p>Los gobiernos de los dos pa\u00edses est\u00e1n muy interesados en lograr un acuerdo \u00abjusto\u00bb, seg\u00fan las fuentes citadas, y por la relevancia que tiene este asunto en la imagen exterior de las empresas espa\u00f1olas e italianas.<\/p>\n<p>A la espera de la evoluci\u00f3n de los acontecimientos, el consorcio de empresas y la Autoridad del Canal de Panam\u00e1 han acordado seguir manteniendo conversaciones, en principio hasta el 1 de febrero, para buscar una soluci\u00f3n al conflicto.<\/p>\n<p>Otro asunto destacado de la cumbre ser\u00e1 el intercambio de puntos de vista sobre las iniciativas de la UE para frenar la inmigraci\u00f3n ilegal.<\/p>\n<p>Tambi\u00e9n se hablar\u00e1 de los fondos comunitarios contra el desempleo juvenil, de asuntos internacionales como la situaci\u00f3n en Siria y de las pr\u00f3ximas elecciones europeas, tras las que Italia asumir\u00e1 (de julio a diciembre de 2014) la presidencia semestral de la UE.<\/p>\n<p>Un hecho ante el que el presidente del Gobierno trasladar\u00e1 su total disposici\u00f3n a colaborar.<\/p>\n<p>En el marco de la cumbre se firmar\u00e1 hoy en Roma el convenio de participaci\u00f3n de Espa\u00f1a en la Exposici\u00f3n Universal de Mil\u00e1n de 2015.<\/p>\n","protected":false},"excerpt":{"rendered":"<p>Madrid, 27 ene (EFE).- El presidente del Gobierno, Mariano Rajoy, viaja hoy a Roma para copresidir junto al primer ministro italiano, Enrico Letta, la XVIII cumbre bilateral y analizar, entre otros asuntos, los avances de sus respectivos pa\u00edses y de la UE en su conjunto para la salida de la crisis. Rajoy se desplazar\u00e1 acompa\u00f1ado [&hellip;]<\/p>\n","protected":false},"author":1,"featured_media":1132184,"comment_status":"closed","ping_status":"open","sticky":false,"template":"","format":"standard","meta":{"footnotes":""},"categories":[1],"tags":[],"class_list":["post-479422","post","type-post","status-publish","format-standard","has-post-thumbnail","hentry","category-actualidad"],"aioseo_notices":[],"aioseo_head":"\n\t\t<!-- All in One SEO Pro 5.0.1 - aioseo.com -->\n\t<meta name=\"description\" content=\"Madrid, 27 ene (EFE).- El presidente del Gobierno, Mariano Rajoy, viaja hoy a Roma para copresidir junto al primer ministro italiano, Enrico Letta, la XVIII cumbre bilateral y analizar, entre otros asuntos, los avances de sus respectivos pa\u00edses y de la UE en su conjunto para la salida de la crisis. Rajoy se desplazar\u00e1 acompa\u00f1ado\" \/>\n\t<meta name=\"robots\" content=\"max-image-preview:large\" \/>\n\t<meta name=\"author\" content=\"El Digital de Asturias\"\/>\n\t<meta name=\"google-site-verification\" content=\"UA-38556648-1\" \/>\n\t<meta name=\"msvalidate.01\" content=\"7dfe9f3f1b24437ab69f4f2559babe99\" \/>\n\t<meta name=\"keywords\" content=\"actualidad\" \/>\n\t<link rel=\"canonical\" href=\"https:\/\/www.eldigitaldeasturias.com\/noticias\/rajoy-viaja-a-roma-para-analizar-con-letta-los-avances-economicos\/\" \/>\n\t<meta name=\"generator\" content=\"All in One SEO Pro (AIOSEO) 5.0.1\" \/>\n\t\t<meta property=\"og:locale\" content=\"es_ES\" \/>\n\t\t<meta property=\"og:site_name\" content=\"El Digital de Asturias\" \/>\n\t\t<meta property=\"og:type\" content=\"article\" \/>\n\t\t<meta property=\"og:title\" content=\"Rajoy viaja a Roma para analizar con Letta los avances econ\u00f3micos - El Digital de Asturias\" \/>\n\t\t<meta property=\"og:description\" content=\"Madrid, 27 ene (EFE).- El presidente del Gobierno, Mariano Rajoy, viaja hoy a Roma para copresidir junto al primer ministro italiano, Enrico Letta, la XVIII cumbre bilateral y analizar, entre otros asuntos, los avances de sus respectivos pa\u00edses y de la UE en su conjunto para la salida de la crisis. Rajoy se desplazar\u00e1 acompa\u00f1ado\" \/>\n\t\t<meta property=\"og:url\" content=\"https:\/\/www.eldigitaldeasturias.com\/noticias\/rajoy-viaja-a-roma-para-analizar-con-letta-los-avances-economicos\/\" \/>\n\t\t<meta property=\"og:image\" content=\"https:\/\/www.eldigitaldeasturias.com\/noticias\/wp-content\/uploads\/2026\/06\/Contenidos.jpg\" \/>\n\t\t<meta property=\"og:image:secure_url\" content=\"https:\/\/www.eldigitaldeasturias.com\/noticias\/wp-content\/uploads\/2026\/06\/Contenidos.jpg\" \/>\n\t\t<meta property=\"og:image:width\" content=\"1265\" \/>\n\t\t<meta property=\"og:image:height\" content=\"697\" \/>\n\t\t<meta property=\"article:tag\" content=\"actualidad\" \/>\n\t\t<meta property=\"article:published_time\" content=\"2014-01-27T12:04:18+00:00\" \/>\n\t\t<meta property=\"article:modified_time\" content=\"2014-01-27T12:04:18+00:00\" \/>\n\t\t<meta property=\"article:publisher\" content=\"https:\/\/facebook.com\/eldigitaldeasturias\" \/>\n\t\t<meta name=\"twitter:card\" content=\"summary_large_image\" \/>\n\t\t<meta name=\"twitter:title\" content=\"Rajoy viaja a Roma para analizar con Letta los avances econ\u00f3micos - El Digital de Asturias\" \/>\n\t\t<meta name=\"twitter:description\" content=\"Madrid, 27 ene (EFE).- El presidente del Gobierno, Mariano Rajoy, viaja hoy a Roma para copresidir junto al primer ministro italiano, Enrico Letta, la XVIII cumbre bilateral y analizar, entre otros asuntos, los avances de sus respectivos pa\u00edses y de la UE en su conjunto para la salida de la crisis. Rajoy se desplazar\u00e1 acompa\u00f1ado\" \/>\n\t\t<meta name=\"twitter:image\" content=\"https:\/\/www.eldigitaldeasturias.com\/noticias\/wp-content\/uploads\/2026\/06\/Contenidos.jpg\" \/>\n\t\t<meta name=\"twitter:label1\" content=\"Escrito por\" \/>\n\t\t<meta name=\"twitter:data1\" content=\"El Digital de Asturias\" \/>\n\t\t<meta name=\"twitter:label2\" content=\"Tiempo de lectura estimado\" \/>\n\t\t<meta name=\"twitter:data2\" content=\"3 minutos\" \/>\n\t\t<script type=\"application\/ld+json\" class=\"aioseo-schema\">\n\t\t\t{\"@context\":\"https:\\\/\\\/schema.org\",\"@graph\":[{\"@type\":\"BlogPosting\",\"@id\":\"https:\\\/\\\/www.eldigitaldeasturias.com\\\/noticias\\\/rajoy-viaja-a-roma-para-analizar-con-letta-los-avances-economicos\\\/#blogposting\",\"name\":\"Rajoy viaja a Roma para analizar con Letta los avances econ\\u00f3micos - El Digital de Asturias\",\"headline\":\"Rajoy viaja a Roma para analizar con Letta los avances econ\\u00f3micos\",\"author\":{\"@id\":\"https:\\\/\\\/www.eldigitaldeasturias.com\\\/noticias\\\/author\\\/admin\\\/#author\"},\"publisher\":{\"@id\":\"https:\\\/\\\/www.eldigitaldeasturias.com\\\/noticias\\\/#organization\"},\"image\":{\"@type\":\"ImageObject\",\"url\":\"https:\\\/\\\/www.eldigitaldeasturias.com\\\/noticias\\\/wp-content\\\/uploads\\\/2026\\\/06\\\/Contenidos.jpg\",\"width\":1265,\"height\":697,\"caption\":\"Contenidos\"},\"datePublished\":\"2014-01-27T11:04:18+01:00\",\"dateModified\":\"2014-01-27T11:04:18+01:00\",\"inLanguage\":\"es-ES\",\"mainEntityOfPage\":{\"@id\":\"https:\\\/\\\/www.eldigitaldeasturias.com\\\/noticias\\\/rajoy-viaja-a-roma-para-analizar-con-letta-los-avances-economicos\\\/#webpage\"},\"isPartOf\":{\"@id\":\"https:\\\/\\\/www.eldigitaldeasturias.com\\\/noticias\\\/rajoy-viaja-a-roma-para-analizar-con-letta-los-avances-economicos\\\/#webpage\"},\"articleSection\":\"Actualidad\"},{\"@type\":\"BreadcrumbList\",\"@id\":\"https:\\\/\\\/www.eldigitaldeasturias.com\\\/noticias\\\/rajoy-viaja-a-roma-para-analizar-con-letta-los-avances-economicos\\\/#breadcrumblist\",\"itemListElement\":[{\"@type\":\"ListItem\",\"@id\":\"https:\\\/\\\/www.eldigitaldeasturias.com\\\/noticias#listItem\",\"position\":1,\"name\":\"Home\",\"item\":\"https:\\\/\\\/www.eldigitaldeasturias.com\\\/noticias\",\"nextItem\":{\"@type\":\"ListItem\",\"@id\":\"https:\\\/\\\/www.eldigitaldeasturias.com\\\/noticias\\\/category\\\/actualidad\\\/#listItem\",\"name\":\"Actualidad\"}},{\"@type\":\"ListItem\",\"@id\":\"https:\\\/\\\/www.eldigitaldeasturias.com\\\/noticias\\\/category\\\/actualidad\\\/#listItem\",\"position\":2,\"name\":\"Actualidad\",\"item\":\"https:\\\/\\\/www.eldigitaldeasturias.com\\\/noticias\\\/category\\\/actualidad\\\/\",\"nextItem\":{\"@type\":\"ListItem\",\"@id\":\"https:\\\/\\\/www.eldigitaldeasturias.com\\\/noticias\\\/rajoy-viaja-a-roma-para-analizar-con-letta-los-avances-economicos\\\/#listItem\",\"name\":\"Rajoy viaja a Roma para analizar con Letta los avances econ\\u00f3micos\"},\"previousItem\":{\"@type\":\"ListItem\",\"@id\":\"https:\\\/\\\/www.eldigitaldeasturias.com\\\/noticias#listItem\",\"name\":\"Home\"}},{\"@type\":\"ListItem\",\"@id\":\"https:\\\/\\\/www.eldigitaldeasturias.com\\\/noticias\\\/rajoy-viaja-a-roma-para-analizar-con-letta-los-avances-economicos\\\/#listItem\",\"position\":3,\"name\":\"Rajoy viaja a Roma para analizar con Letta los avances econ\\u00f3micos\",\"previousItem\":{\"@type\":\"ListItem\",\"@id\":\"https:\\\/\\\/www.eldigitaldeasturias.com\\\/noticias\\\/category\\\/actualidad\\\/#listItem\",\"name\":\"Actualidad\"}}]},{\"@type\":\"Organization\",\"@id\":\"https:\\\/\\\/www.eldigitaldeasturias.com\\\/noticias\\\/#organization\",\"name\":\"El Digital de Asturias\",\"description\":\"Hemeroteca\",\"url\":\"https:\\\/\\\/www.eldigitaldeasturias.com\\\/noticias\\\/\",\"email\":\"info@eldigitaldeasturias.com\",\"telephone\":\"+34652131393\",\"logo\":{\"@type\":\"ImageObject\",\"url\":\"https:\\\/\\\/www.eldigitaldeasturias.com\\\/noticias\\\/wp-content\\\/uploads\\\/2020\\\/12\\\/EDA.jpg\",\"@id\":\"https:\\\/\\\/www.eldigitaldeasturias.com\\\/noticias\\\/rajoy-viaja-a-roma-para-analizar-con-letta-los-avances-economicos\\\/#organizationLogo\"},\"image\":{\"@id\":\"https:\\\/\\\/www.eldigitaldeasturias.com\\\/noticias\\\/rajoy-viaja-a-roma-para-analizar-con-letta-los-avances-economicos\\\/#organizationLogo\"},\"sameAs\":[\"https:\\\/\\\/facebook.com\\\/eldigitaldeasturias\",\"https:\\\/\\\/www.youtube.com\\\/channel\\\/UCZP-2wLEB9Rv6erhFmqVnvg\"],\"address\":{\"@id\":\"https:\\\/\\\/www.eldigitaldeasturias.com\\\/noticias\\\/#postaladdress\",\"@type\":\"PostalAddress\",\"streetAddress\":\"san antonio 4\",\"postalCode\":\"33430\",\"addressLocality\":\"Cand\\u00e1s\",\"addressRegion\":\"Asturias\",\"addressCountry\":\"ES\"}},{\"@type\":\"Person\",\"@id\":\"https:\\\/\\\/www.eldigitaldeasturias.com\\\/noticias\\\/author\\\/admin\\\/#author\",\"url\":\"https:\\\/\\\/www.eldigitaldeasturias.com\\\/noticias\\\/author\\\/admin\\\/\",\"name\":\"El Digital de Asturias\",\"image\":{\"@type\":\"ImageObject\",\"@id\":\"https:\\\/\\\/www.eldigitaldeasturias.com\\\/noticias\\\/rajoy-viaja-a-roma-para-analizar-con-letta-los-avances-economicos\\\/#authorImage\",\"url\":\"https:\\\/\\\/secure.gravatar.com\\\/avatar\\\/df2aeffc32bcd13f8d26072ef8a91b623d677766deac7f97ca815868cd41bf5e?s=96&d=mm&r=g\",\"width\":96,\"height\":96,\"caption\":\"El Digital de Asturias\"}},{\"@type\":\"WebPage\",\"@id\":\"https:\\\/\\\/www.eldigitaldeasturias.com\\\/noticias\\\/rajoy-viaja-a-roma-para-analizar-con-letta-los-avances-economicos\\\/#webpage\",\"url\":\"https:\\\/\\\/www.eldigitaldeasturias.com\\\/noticias\\\/rajoy-viaja-a-roma-para-analizar-con-letta-los-avances-economicos\\\/\",\"name\":\"Rajoy viaja a Roma para analizar con Letta los avances econ\\u00f3micos - El Digital de Asturias\",\"description\":\"Madrid, 27 ene (EFE).- El presidente del Gobierno, Mariano Rajoy, viaja hoy a Roma para copresidir junto al primer ministro italiano, Enrico Letta, la XVIII cumbre bilateral y analizar, entre otros asuntos, los avances de sus respectivos pa\\u00edses y de la UE en su conjunto para la salida de la crisis. Rajoy se desplazar\\u00e1 acompa\\u00f1ado\",\"inLanguage\":\"es-ES\",\"isPartOf\":{\"@id\":\"https:\\\/\\\/www.eldigitaldeasturias.com\\\/noticias\\\/#website\"},\"breadcrumb\":{\"@id\":\"https:\\\/\\\/www.eldigitaldeasturias.com\\\/noticias\\\/rajoy-viaja-a-roma-para-analizar-con-letta-los-avances-economicos\\\/#breadcrumblist\"},\"author\":{\"@id\":\"https:\\\/\\\/www.eldigitaldeasturias.com\\\/noticias\\\/author\\\/admin\\\/#author\"},\"creator\":{\"@id\":\"https:\\\/\\\/www.eldigitaldeasturias.com\\\/noticias\\\/author\\\/admin\\\/#author\"},\"image\":{\"@type\":\"ImageObject\",\"url\":\"https:\\\/\\\/www.eldigitaldeasturias.com\\\/noticias\\\/wp-content\\\/uploads\\\/2026\\\/06\\\/Contenidos.jpg\",\"@id\":\"https:\\\/\\\/www.eldigitaldeasturias.com\\\/noticias\\\/rajoy-viaja-a-roma-para-analizar-con-letta-los-avances-economicos\\\/#mainImage\",\"width\":1265,\"height\":697,\"caption\":\"Contenidos\"},\"primaryImageOfPage\":{\"@id\":\"https:\\\/\\\/www.eldigitaldeasturias.com\\\/noticias\\\/rajoy-viaja-a-roma-para-analizar-con-letta-los-avances-economicos\\\/#mainImage\"},\"datePublished\":\"2014-01-27T11:04:18+01:00\",\"dateModified\":\"2014-01-27T11:04:18+01:00\"},{\"@type\":\"WebSite\",\"@id\":\"https:\\\/\\\/www.eldigitaldeasturias.com\\\/noticias\\\/#website\",\"url\":\"https:\\\/\\\/www.eldigitaldeasturias.com\\\/noticias\\\/\",\"name\":\"El Digital de Asturias - Diario de actualidad y noticias\",\"alternateName\":\"El Digital de Asturias - Diario de actualidad y noticias\",\"description\":\"Hemeroteca\",\"inLanguage\":\"es-ES\",\"publisher\":{\"@id\":\"https:\\\/\\\/www.eldigitaldeasturias.com\\\/noticias\\\/#organization\"}}]}\n\t\t<\/script>\n\t\t<!-- All in One SEO Pro -->\r\n\t\t<title>Rajoy viaja a Roma para analizar con Letta los avances econ\u00f3micos - El Digital de Asturias<\/title>\n\n","aioseo_head_json":{"title":"Rajoy viaja a Roma para analizar con Letta los avances econ\u00f3micos - El Digital de Asturias","description":"Madrid, 27 ene (EFE).- El presidente del Gobierno, Mariano Rajoy, viaja hoy a Roma para copresidir junto al primer ministro italiano, Enrico Letta, la XVIII cumbre bilateral y analizar, entre otros asuntos, los avances de sus respectivos pa\u00edses y de la UE en su conjunto para la salida de la crisis. Rajoy se desplazar\u00e1 acompa\u00f1ado","canonical_url":"https:\/\/www.eldigitaldeasturias.com\/noticias\/rajoy-viaja-a-roma-para-analizar-con-letta-los-avances-economicos\/","robots":"max-image-preview:large","keywords":"actualidad","webmasterTools":{"google-site-verification":"UA-38556648-1","msvalidate.01":"7dfe9f3f1b24437ab69f4f2559babe99","miscellaneous":""},"schema":{"@context":"https:\/\/schema.org","@graph":[{"@type":"BlogPosting","@id":"https:\/\/www.eldigitaldeasturias.com\/noticias\/rajoy-viaja-a-roma-para-analizar-con-letta-los-avances-economicos\/#blogposting","name":"Rajoy viaja a Roma para analizar con Letta los avances econ\u00f3micos - El Digital de Asturias","headline":"Rajoy viaja a Roma para analizar con Letta los avances econ\u00f3micos","author":{"@id":"https:\/\/www.eldigitaldeasturias.com\/noticias\/author\/admin\/#author"},"publisher":{"@id":"https:\/\/www.eldigitaldeasturias.com\/noticias\/#organization"},"image":{"@type":"ImageObject","url":"https:\/\/www.eldigitaldeasturias.com\/noticias\/wp-content\/uploads\/2026\/06\/Contenidos.jpg","width":1265,"height":697,"caption":"Contenidos"},"datePublished":"2014-01-27T11:04:18+01:00","dateModified":"2014-01-27T11:04:18+01:00","inLanguage":"es-ES","mainEntityOfPage":{"@id":"https:\/\/www.eldigitaldeasturias.com\/noticias\/rajoy-viaja-a-roma-para-analizar-con-letta-los-avances-economicos\/#webpage"},"isPartOf":{"@id":"https:\/\/www.eldigitaldeasturias.com\/noticias\/rajoy-viaja-a-roma-para-analizar-con-letta-los-avances-economicos\/#webpage"},"articleSection":"Actualidad"},{"@type":"BreadcrumbList","@id":"https:\/\/www.eldigitaldeasturias.com\/noticias\/rajoy-viaja-a-roma-para-analizar-con-letta-los-avances-economicos\/#breadcrumblist","itemListElement":[{"@type":"ListItem","@id":"https:\/\/www.eldigitaldeasturias.com\/noticias#listItem","position":1,"name":"Home","item":"https:\/\/www.eldigitaldeasturias.com\/noticias","nextItem":{"@type":"ListItem","@id":"https:\/\/www.eldigitaldeasturias.com\/noticias\/category\/actualidad\/#listItem","name":"Actualidad"}},{"@type":"ListItem","@id":"https:\/\/www.eldigitaldeasturias.com\/noticias\/category\/actualidad\/#listItem","position":2,"name":"Actualidad","item":"https:\/\/www.eldigitaldeasturias.com\/noticias\/category\/actualidad\/","nextItem":{"@type":"ListItem","@id":"https:\/\/www.eldigitaldeasturias.com\/noticias\/rajoy-viaja-a-roma-para-analizar-con-letta-los-avances-economicos\/#listItem","name":"Rajoy viaja a Roma para analizar con Letta los avances econ\u00f3micos"},"previousItem":{"@type":"ListItem","@id":"https:\/\/www.eldigitaldeasturias.com\/noticias#listItem","name":"Home"}},{"@type":"ListItem","@id":"https:\/\/www.eldigitaldeasturias.com\/noticias\/rajoy-viaja-a-roma-para-analizar-con-letta-los-avances-economicos\/#listItem","position":3,"name":"Rajoy viaja a Roma para analizar con Letta los avances econ\u00f3micos","previousItem":{"@type":"ListItem","@id":"https:\/\/www.eldigitaldeasturias.com\/noticias\/category\/actualidad\/#listItem","name":"Actualidad"}}]},{"@type":"Organization","@id":"https:\/\/www.eldigitaldeasturias.com\/noticias\/#organization","name":"El Digital de Asturias","description":"Hemeroteca","url":"https:\/\/www.eldigitaldeasturias.com\/noticias\/","email":"info@eldigitaldeasturias.com","telephone":"+34652131393","logo":{"@type":"ImageObject","url":"https:\/\/www.eldigitaldeasturias.com\/noticias\/wp-content\/uploads\/2020\/12\/EDA.jpg","@id":"https:\/\/www.eldigitaldeasturias.com\/noticias\/rajoy-viaja-a-roma-para-analizar-con-letta-los-avances-economicos\/#organizationLogo"},"image":{"@id":"https:\/\/www.eldigitaldeasturias.com\/noticias\/rajoy-viaja-a-roma-para-analizar-con-letta-los-avances-economicos\/#organizationLogo"},"sameAs":["https:\/\/facebook.com\/eldigitaldeasturias","https:\/\/www.youtube.com\/channel\/UCZP-2wLEB9Rv6erhFmqVnvg"],"address":{"@id":"https:\/\/www.eldigitaldeasturias.com\/noticias\/#postaladdress","@type":"PostalAddress","streetAddress":"san antonio 4","postalCode":"33430","addressLocality":"Cand\u00e1s","addressRegion":"Asturias","addressCountry":"ES"}},{"@type":"Person","@id":"https:\/\/www.eldigitaldeasturias.com\/noticias\/author\/admin\/#author","url":"https:\/\/www.eldigitaldeasturias.com\/noticias\/author\/admin\/","name":"El Digital de Asturias","image":{"@type":"ImageObject","@id":"https:\/\/www.eldigitaldeasturias.com\/noticias\/rajoy-viaja-a-roma-para-analizar-con-letta-los-avances-economicos\/#authorImage","url":"https:\/\/secure.gravatar.com\/avatar\/df2aeffc32bcd13f8d26072ef8a91b623d677766deac7f97ca815868cd41bf5e?s=96&d=mm&r=g","width":96,"height":96,"caption":"El Digital de Asturias"}},{"@type":"WebPage","@id":"https:\/\/www.eldigitaldeasturias.com\/noticias\/rajoy-viaja-a-roma-para-analizar-con-letta-los-avances-economicos\/#webpage","url":"https:\/\/www.eldigitaldeasturias.com\/noticias\/rajoy-viaja-a-roma-para-analizar-con-letta-los-avances-economicos\/","name":"Rajoy viaja a Roma para analizar con Letta los avances econ\u00f3micos - El Digital de Asturias","description":"Madrid, 27 ene (EFE).- El presidente del Gobierno, Mariano Rajoy, viaja hoy a Roma para copresidir junto al primer ministro italiano, Enrico Letta, la XVIII cumbre bilateral y analizar, entre otros asuntos, los avances de sus respectivos pa\u00edses y de la UE en su conjunto para la salida de la crisis. Rajoy se desplazar\u00e1 acompa\u00f1ado","inLanguage":"es-ES","isPartOf":{"@id":"https:\/\/www.eldigitaldeasturias.com\/noticias\/#website"},"breadcrumb":{"@id":"https:\/\/www.eldigitaldeasturias.com\/noticias\/rajoy-viaja-a-roma-para-analizar-con-letta-los-avances-economicos\/#breadcrumblist"},"author":{"@id":"https:\/\/www.eldigitaldeasturias.com\/noticias\/author\/admin\/#author"},"creator":{"@id":"https:\/\/www.eldigitaldeasturias.com\/noticias\/author\/admin\/#author"},"image":{"@type":"ImageObject","url":"https:\/\/www.eldigitaldeasturias.com\/noticias\/wp-content\/uploads\/2026\/06\/Contenidos.jpg","@id":"https:\/\/www.eldigitaldeasturias.com\/noticias\/rajoy-viaja-a-roma-para-analizar-con-letta-los-avances-economicos\/#mainImage","width":1265,"height":697,"caption":"Contenidos"},"primaryImageOfPage":{"@id":"https:\/\/www.eldigitaldeasturias.com\/noticias\/rajoy-viaja-a-roma-para-analizar-con-letta-los-avances-economicos\/#mainImage"},"datePublished":"2014-01-27T11:04:18+01:00","dateModified":"2014-01-27T11:04:18+01:00"},{"@type":"WebSite","@id":"https:\/\/www.eldigitaldeasturias.com\/noticias\/#website","url":"https:\/\/www.eldigitaldeasturias.com\/noticias\/","name":"El Digital de Asturias - Diario de actualidad y noticias","alternateName":"El Digital de Asturias - Diario de actualidad y noticias","description":"Hemeroteca","inLanguage":"es-ES","publisher":{"@id":"https:\/\/www.eldigitaldeasturias.com\/noticias\/#organization"}}]},"og:locale":"es_ES","og:site_name":"El Digital de Asturias","og:type":"article","og:title":"Rajoy viaja a Roma para analizar con Letta los avances econ\u00f3micos - El Digital de Asturias","og:description":"Madrid, 27 ene (EFE).- El presidente del Gobierno, Mariano Rajoy, viaja hoy a Roma para copresidir junto al primer ministro italiano, Enrico Letta, la XVIII cumbre bilateral y analizar, entre otros asuntos, los avances de sus respectivos pa\u00edses y de la UE en su conjunto para la salida de la crisis. Rajoy se desplazar\u00e1 acompa\u00f1ado","og:url":"https:\/\/www.eldigitaldeasturias.com\/noticias\/rajoy-viaja-a-roma-para-analizar-con-letta-los-avances-economicos\/","og:image":"https:\/\/www.eldigitaldeasturias.com\/noticias\/wp-content\/uploads\/2026\/06\/Contenidos.jpg","og:image:secure_url":"https:\/\/www.eldigitaldeasturias.com\/noticias\/wp-content\/uploads\/2026\/06\/Contenidos.jpg","og:image:width":1265,"og:image:height":697,"article:tag":["actualidad"],"article:published_time":"2014-01-27T12:04:18+00:00","article:modified_time":"2014-01-27T12:04:18+00:00","article:publisher":"https:\/\/facebook.com\/eldigitaldeasturias","twitter:card":"summary_large_image","twitter:title":"Rajoy viaja a Roma para analizar con Letta los avances econ\u00f3micos - El Digital de Asturias","twitter:description":"Madrid, 27 ene (EFE).- El presidente del Gobierno, Mariano Rajoy, viaja hoy a Roma para copresidir junto al primer ministro italiano, Enrico Letta, la XVIII cumbre bilateral y analizar, entre otros asuntos, los avances de sus respectivos pa\u00edses y de la UE en su conjunto para la salida de la crisis. Rajoy se desplazar\u00e1 acompa\u00f1ado","twitter:image":"https:\/\/www.eldigitaldeasturias.com\/noticias\/wp-content\/uploads\/2026\/06\/Contenidos.jpg","twitter:label1":"Escrito por","twitter:data1":"El Digital de Asturias","twitter:label2":"Tiempo de lectura estimado","twitter:data2":"3 minutos"},"aioseo_meta_data":{"post_id":"479422","title":null,"description":null,"keywords":null,"keyphrases":null,"primary_term":null,"canonical_url":null,"og_title":null,"og_description":null,"og_object_type":"default","og_image_type":"default","og_image_url":null,"og_image_width":null,"og_image_height":null,"og_image_custom_url":null,"og_image_custom_fields":null,"og_video":null,"og_custom_url":null,"og_article_section":null,"og_article_tags":null,"twitter_use_og":true,"twitter_card":"default","twitter_image_type":"default","twitter_image_url":null,"twitter_image_custom_url":null,"twitter_image_custom_fields":null,"twitter_title":null,"twitter_description":null,"schema":{"blockGraphs":[],"customGraphs":[],"default":{"data":{"Article":[],"Course":[],"Dataset":[],"FAQPage":[],"Movie":[],"Person":[],"Product":[],"ProductReview":[],"Car":[],"Recipe":[],"Service":[],"SoftwareApplication":[],"WebPage":[]},"graphName":"","isEnabled":true},"graphs":[],"defaultGraph":"","defaultPostTypeGraph":""},"schema_type":null,"schema_type_options":null,"pillar_content":false,"robots_default":true,"robots_noindex":false,"robots_noarchive":false,"robots_nosnippet":false,"robots_nofollow":false,"robots_noimageindex":false,"robots_noodp":false,"robots_notranslate":false,"robots_max_snippet":null,"robots_max_videopreview":null,"robots_max_imagepreview":"none","priority":null,"frequency":null,"local_seo":null,"seo_analyzer_scan_date":"2026-06-02 00:28:04","breadcrumb_settings":null,"limit_modified_date":false,"open_ai":null,"ai":null,"created":"2020-11-14 22:54:03","updated":"2026-06-02 00:28:04","focus_keyword":null,"additional_keywords":null,"truseo_locale":null},"aioseo_breadcrumb":"<div class=\"aioseo-breadcrumbs\"><span class=\"aioseo-breadcrumb\">\n\t<a href=\"https:\/\/www.eldigitaldeasturias.com\/noticias\" title=\"Home\">Home<\/a>\n<\/span><span class=\"aioseo-breadcrumb-separator\">\u2013<\/span><span class=\"aioseo-breadcrumb\">\n\t<a href=\"https:\/\/www.eldigitaldeasturias.com\/noticias\/category\/actualidad\/\" title=\"Actualidad\">Actualidad<\/a>\n<\/span><span class=\"aioseo-breadcrumb-separator\">\u2013<\/span><span class=\"aioseo-breadcrumb\">\n\t<a href=\"https:\/\/www.eldigitaldeasturias.com\/noticias\/rajoy-viaja-a-roma-para-analizar-con-letta-los-avances-economicos\/\" title=\"Rajoy viaja a Roma para analizar con Letta los avances econ\u00f3micos\">Rajoy viaja a Roma para analizar con Letta los avances econ\u00f3micos<\/a>\n<\/span><\/div>","aioseo_breadcrumb_json":[{"label":"Home","link":"https:\/\/www.eldigitaldeasturias.com\/noticias"},{"label":"Actualidad","link":"https:\/\/www.eldigitaldeasturias.com\/noticias\/category\/actualidad\/"},{"label":"Rajoy viaja a Roma para analizar con Letta los avances econ\u00f3micos","link":"https:\/\/www.eldigitaldeasturias.com\/noticias\/rajoy-viaja-a-roma-para-analizar-con-letta-los-avances-economicos\/"}],"_links":{"self":[{"href":"https:\/\/www.eldigitaldeasturias.com\/noticias\/wp-json\/wp\/v2\/posts\/479422","targetHints":{"allow":["GET"]}}],"collection":[{"href":"https:\/\/www.eldigitaldeasturias.com\/noticias\/wp-json\/wp\/v2\/posts"}],"about":[{"href":"https:\/\/www.eldigitaldeasturias.com\/noticias\/wp-json\/wp\/v2\/types\/post"}],"author":[{"embeddable":true,"href":"https:\/\/www.eldigitaldeasturias.com\/noticias\/wp-json\/wp\/v2\/users\/1"}],"replies":[{"embeddable":true,"href":"https:\/\/www.eldigitaldeasturias.com\/noticias\/wp-json\/wp\/v2\/comments?post=479422"}],"version-history":[{"count":0,"href":"https:\/\/www.eldigitaldeasturias.com\/noticias\/wp-json\/wp\/v2\/posts\/479422\/revisions"}],"wp:featuredmedia":[{"embeddable":true,"href":"https:\/\/www.eldigitaldeasturias.com\/noticias\/wp-json\/wp\/v2\/media\/1132184"}],"wp:attachment":[{"href":"https:\/\/www.eldigitaldeasturias.com\/noticias\/wp-json\/wp\/v2\/media?parent=479422"}],"wp:term":[{"taxonomy":"category","embeddable":true,"href":"https:\/\/www.eldigitaldeasturias.com\/noticias\/wp-json\/wp\/v2\/categories?post=479422"},{"taxonomy":"post_tag","embeddable":true,"href":"https:\/\/www.eldigitaldeasturias.com\/noticias\/wp-json\/wp\/v2\/tags?post=479422"}],"curies":[{"name":"wp","href":"https:\/\/api.w.org\/{rel}","templated":true}]}}