{"id":479417,"date":"2014-01-27T10:59:48","date_gmt":"2014-01-27T11:59:48","guid":{"rendered":"http:\/\/www.eldigitaldeasturias.com\/noticias\/?p=479417"},"modified":"2014-01-27T10:59:48","modified_gmt":"2014-01-27T11:59:48","slug":"asturias-en-alerta-amarilla-por-nevadas","status":"publish","type":"post","link":"https:\/\/www.eldigitaldeasturias.com\/noticias\/asturias-en-alerta-amarilla-por-nevadas\/","title":{"rendered":"Asturias en alerta amarilla por nevadas."},"content":{"rendered":"<p><img loading=\"lazy\" decoding=\"async\" class=\"alignleft size-medium wp-image-452122\" alt=\"nieve\" src=\"https:\/\/www.eldigitaldeasturias.com\/noticias\/wp-content\/uploads\/2013\/11\/5745422w-360x239.jpg\" width=\"360\" height=\"239\" \/>Oviedo, 27 ene (EFE).- El Principado de Asturias est\u00e1 hoy en alerta amarilla por nevadas y en aviso naranja por fen\u00f3menos costeros, seg\u00fan informa la Agencia Estatal de Meteorolog\u00eda (Aemet) en su p\u00e1gina web.<\/p>\n<p>La alerta naranja estar\u00e1 activada durante todo el d\u00eda de hoy y de ma\u00f1ana en todo el litoral asturiano.<\/p>\n<p>La Aemet prev\u00e9 vientos del oeste de fuerza 7 u 8, que aumentar\u00e1n hasta fuerza 9 durante la jornada de ma\u00f1ana, con mar combinada del noroeste de hasta 7 metros, y de hasta 8, ma\u00f1ana.<\/p>\n<p>La alerta amarilla por nevadas estar\u00e1 activada hasta las 6.00 horas de ma\u00f1ana en la Suroccidental asturiana (por acumulaci\u00f3n de hasta ocho cent\u00edmetros), la Cordillera y Picos de Europa (hasta cinco cent\u00edmetros), y Central y Valles Mineros (hasta tres cent\u00edmetros).<\/p>\n","protected":false},"excerpt":{"rendered":"<p>Oviedo, 27 ene (EFE).- El Principado de Asturias est\u00e1 hoy en alerta amarilla por nevadas y en aviso naranja por fen\u00f3menos costeros, seg\u00fan informa la Agencia Estatal de Meteorolog\u00eda (Aemet) en su p\u00e1gina web. La alerta naranja estar\u00e1 activada durante todo el d\u00eda de hoy y de ma\u00f1ana en todo el litoral asturiano. La Aemet [&hellip;]<\/p>\n","protected":false},"author":1,"featured_media":452122,"comment_status":"closed","ping_status":"open","sticky":false,"template":"","format":"standard","meta":{"footnotes":""},"categories":[1,2],"tags":[],"class_list":["post-479417","post","type-post","status-publish","format-standard","has-post-thumbnail","hentry","category-actualidad","category-agenda"],"aioseo_notices":[],"aioseo_head":"\n\t\t<!-- All in One SEO Pro 5.0.1 - aioseo.com -->\n\t<meta name=\"description\" content=\"Oviedo, 27 ene (EFE).- El Principado de Asturias est\u00e1 hoy en alerta amarilla por nevadas y en aviso naranja por fen\u00f3menos costeros, seg\u00fan informa la Agencia Estatal de Meteorolog\u00eda (Aemet) en su p\u00e1gina web. La alerta naranja estar\u00e1 activada durante todo el d\u00eda de hoy y de ma\u00f1ana en todo el litoral asturiano. La Aemet\" \/>\n\t<meta name=\"robots\" content=\"max-image-preview:large\" \/>\n\t<meta name=\"author\" content=\"El Digital de Asturias\"\/>\n\t<meta name=\"google-site-verification\" content=\"UA-38556648-1\" \/>\n\t<meta name=\"msvalidate.01\" content=\"7dfe9f3f1b24437ab69f4f2559babe99\" \/>\n\t<meta name=\"keywords\" content=\"actualidad,agenda\" \/>\n\t<link rel=\"canonical\" href=\"https:\/\/www.eldigitaldeasturias.com\/noticias\/asturias-en-alerta-amarilla-por-nevadas\/\" \/>\n\t<meta name=\"generator\" content=\"All in One SEO Pro (AIOSEO) 5.0.1\" \/>\n\t\t<meta property=\"og:locale\" content=\"es_ES\" \/>\n\t\t<meta property=\"og:site_name\" content=\"El Digital de Asturias\" \/>\n\t\t<meta property=\"og:type\" content=\"article\" \/>\n\t\t<meta property=\"og:title\" content=\"Asturias en alerta amarilla por nevadas. - El Digital de Asturias\" \/>\n\t\t<meta property=\"og:description\" content=\"Oviedo, 27 ene (EFE).- El Principado de Asturias est\u00e1 hoy en alerta amarilla por nevadas y en aviso naranja por fen\u00f3menos costeros, seg\u00fan informa la Agencia Estatal de Meteorolog\u00eda (Aemet) en su p\u00e1gina web. La alerta naranja estar\u00e1 activada durante todo el d\u00eda de hoy y de ma\u00f1ana en todo el litoral asturiano. La Aemet\" \/>\n\t\t<meta property=\"og:url\" content=\"https:\/\/www.eldigitaldeasturias.com\/noticias\/asturias-en-alerta-amarilla-por-nevadas\/\" \/>\n\t\t<meta property=\"article:tag\" content=\"actualidad\" \/>\n\t\t<meta property=\"article:tag\" content=\"agenda\" \/>\n\t\t<meta property=\"article:published_time\" content=\"2014-01-27T11:59:48+00:00\" \/>\n\t\t<meta property=\"article:modified_time\" content=\"2014-01-27T11:59:48+00:00\" \/>\n\t\t<meta property=\"article:publisher\" content=\"https:\/\/facebook.com\/eldigitaldeasturias\" \/>\n\t\t<meta name=\"twitter:card\" content=\"summary_large_image\" \/>\n\t\t<meta name=\"twitter:title\" content=\"Asturias en alerta amarilla por nevadas. - El Digital de Asturias\" \/>\n\t\t<meta name=\"twitter:description\" content=\"Oviedo, 27 ene (EFE).- El Principado de Asturias est\u00e1 hoy en alerta amarilla por nevadas y en aviso naranja por fen\u00f3menos costeros, seg\u00fan informa la Agencia Estatal de Meteorolog\u00eda (Aemet) en su p\u00e1gina web. La alerta naranja estar\u00e1 activada durante todo el d\u00eda de hoy y de ma\u00f1ana en todo el litoral asturiano. La Aemet\" \/>\n\t\t<meta name=\"twitter:label1\" content=\"Escrito por\" \/>\n\t\t<meta name=\"twitter:data1\" content=\"El Digital de Asturias\" \/>\n\t\t<meta name=\"twitter:label2\" content=\"Tiempo de lectura estimado\" \/>\n\t\t<meta name=\"twitter:data2\" content=\"1 minuto\" \/>\n\t\t<script type=\"application\/ld+json\" class=\"aioseo-schema\">\n\t\t\t{\"@context\":\"https:\\\/\\\/schema.org\",\"@graph\":[{\"@type\":\"BlogPosting\",\"@id\":\"https:\\\/\\\/www.eldigitaldeasturias.com\\\/noticias\\\/asturias-en-alerta-amarilla-por-nevadas\\\/#blogposting\",\"name\":\"Asturias en alerta amarilla por nevadas. - El Digital de Asturias\",\"headline\":\"Asturias en alerta amarilla por nevadas.\",\"author\":{\"@id\":\"https:\\\/\\\/www.eldigitaldeasturias.com\\\/noticias\\\/author\\\/admin\\\/#author\"},\"publisher\":{\"@id\":\"https:\\\/\\\/www.eldigitaldeasturias.com\\\/noticias\\\/#organization\"},\"image\":{\"@type\":\"ImageObject\",\"url\":452122},\"datePublished\":\"2014-01-27T10:59:48+01:00\",\"dateModified\":\"2014-01-27T10:59:48+01:00\",\"inLanguage\":\"es-ES\",\"mainEntityOfPage\":{\"@id\":\"https:\\\/\\\/www.eldigitaldeasturias.com\\\/noticias\\\/asturias-en-alerta-amarilla-por-nevadas\\\/#webpage\"},\"isPartOf\":{\"@id\":\"https:\\\/\\\/www.eldigitaldeasturias.com\\\/noticias\\\/asturias-en-alerta-amarilla-por-nevadas\\\/#webpage\"},\"articleSection\":\"Actualidad, Agenda\"},{\"@type\":\"BreadcrumbList\",\"@id\":\"https:\\\/\\\/www.eldigitaldeasturias.com\\\/noticias\\\/asturias-en-alerta-amarilla-por-nevadas\\\/#breadcrumblist\",\"itemListElement\":[{\"@type\":\"ListItem\",\"@id\":\"https:\\\/\\\/www.eldigitaldeasturias.com\\\/noticias#listItem\",\"position\":1,\"name\":\"Home\",\"item\":\"https:\\\/\\\/www.eldigitaldeasturias.com\\\/noticias\",\"nextItem\":{\"@type\":\"ListItem\",\"@id\":\"https:\\\/\\\/www.eldigitaldeasturias.com\\\/noticias\\\/category\\\/actualidad\\\/#listItem\",\"name\":\"Actualidad\"}},{\"@type\":\"ListItem\",\"@id\":\"https:\\\/\\\/www.eldigitaldeasturias.com\\\/noticias\\\/category\\\/actualidad\\\/#listItem\",\"position\":2,\"name\":\"Actualidad\",\"item\":\"https:\\\/\\\/www.eldigitaldeasturias.com\\\/noticias\\\/category\\\/actualidad\\\/\",\"nextItem\":{\"@type\":\"ListItem\",\"@id\":\"https:\\\/\\\/www.eldigitaldeasturias.com\\\/noticias\\\/asturias-en-alerta-amarilla-por-nevadas\\\/#listItem\",\"name\":\"Asturias en alerta amarilla por nevadas.\"},\"previousItem\":{\"@type\":\"ListItem\",\"@id\":\"https:\\\/\\\/www.eldigitaldeasturias.com\\\/noticias#listItem\",\"name\":\"Home\"}},{\"@type\":\"ListItem\",\"@id\":\"https:\\\/\\\/www.eldigitaldeasturias.com\\\/noticias\\\/asturias-en-alerta-amarilla-por-nevadas\\\/#listItem\",\"position\":3,\"name\":\"Asturias en alerta amarilla por nevadas.\",\"previousItem\":{\"@type\":\"ListItem\",\"@id\":\"https:\\\/\\\/www.eldigitaldeasturias.com\\\/noticias\\\/category\\\/actualidad\\\/#listItem\",\"name\":\"Actualidad\"}}]},{\"@type\":\"Organization\",\"@id\":\"https:\\\/\\\/www.eldigitaldeasturias.com\\\/noticias\\\/#organization\",\"name\":\"El Digital de Asturias\",\"description\":\"Hemeroteca\",\"url\":\"https:\\\/\\\/www.eldigitaldeasturias.com\\\/noticias\\\/\",\"email\":\"info@eldigitaldeasturias.com\",\"telephone\":\"+34652131393\",\"logo\":{\"@type\":\"ImageObject\",\"url\":\"https:\\\/\\\/www.eldigitaldeasturias.com\\\/noticias\\\/wp-content\\\/uploads\\\/2020\\\/12\\\/EDA.jpg\",\"@id\":\"https:\\\/\\\/www.eldigitaldeasturias.com\\\/noticias\\\/asturias-en-alerta-amarilla-por-nevadas\\\/#organizationLogo\"},\"image\":{\"@id\":\"https:\\\/\\\/www.eldigitaldeasturias.com\\\/noticias\\\/asturias-en-alerta-amarilla-por-nevadas\\\/#organizationLogo\"},\"sameAs\":[\"https:\\\/\\\/facebook.com\\\/eldigitaldeasturias\",\"https:\\\/\\\/www.youtube.com\\\/channel\\\/UCZP-2wLEB9Rv6erhFmqVnvg\"],\"address\":{\"@id\":\"https:\\\/\\\/www.eldigitaldeasturias.com\\\/noticias\\\/#postaladdress\",\"@type\":\"PostalAddress\",\"streetAddress\":\"san antonio 4\",\"postalCode\":\"33430\",\"addressLocality\":\"Cand\\u00e1s\",\"addressRegion\":\"Asturias\",\"addressCountry\":\"ES\"}},{\"@type\":\"Person\",\"@id\":\"https:\\\/\\\/www.eldigitaldeasturias.com\\\/noticias\\\/author\\\/admin\\\/#author\",\"url\":\"https:\\\/\\\/www.eldigitaldeasturias.com\\\/noticias\\\/author\\\/admin\\\/\",\"name\":\"El Digital de Asturias\",\"image\":{\"@type\":\"ImageObject\",\"@id\":\"https:\\\/\\\/www.eldigitaldeasturias.com\\\/noticias\\\/asturias-en-alerta-amarilla-por-nevadas\\\/#authorImage\",\"url\":\"https:\\\/\\\/secure.gravatar.com\\\/avatar\\\/df2aeffc32bcd13f8d26072ef8a91b623d677766deac7f97ca815868cd41bf5e?s=96&d=mm&r=g\",\"width\":96,\"height\":96,\"caption\":\"El Digital de Asturias\"}},{\"@type\":\"WebPage\",\"@id\":\"https:\\\/\\\/www.eldigitaldeasturias.com\\\/noticias\\\/asturias-en-alerta-amarilla-por-nevadas\\\/#webpage\",\"url\":\"https:\\\/\\\/www.eldigitaldeasturias.com\\\/noticias\\\/asturias-en-alerta-amarilla-por-nevadas\\\/\",\"name\":\"Asturias en alerta amarilla por nevadas. - El Digital de Asturias\",\"description\":\"Oviedo, 27 ene (EFE).- El Principado de Asturias est\\u00e1 hoy en alerta amarilla por nevadas y en aviso naranja por fen\\u00f3menos costeros, seg\\u00fan informa la Agencia Estatal de Meteorolog\\u00eda (Aemet) en su p\\u00e1gina web. La alerta naranja estar\\u00e1 activada durante todo el d\\u00eda de hoy y de ma\\u00f1ana en todo el litoral asturiano. La Aemet\",\"inLanguage\":\"es-ES\",\"isPartOf\":{\"@id\":\"https:\\\/\\\/www.eldigitaldeasturias.com\\\/noticias\\\/#website\"},\"breadcrumb\":{\"@id\":\"https:\\\/\\\/www.eldigitaldeasturias.com\\\/noticias\\\/asturias-en-alerta-amarilla-por-nevadas\\\/#breadcrumblist\"},\"author\":{\"@id\":\"https:\\\/\\\/www.eldigitaldeasturias.com\\\/noticias\\\/author\\\/admin\\\/#author\"},\"creator\":{\"@id\":\"https:\\\/\\\/www.eldigitaldeasturias.com\\\/noticias\\\/author\\\/admin\\\/#author\"},\"image\":{\"@type\":\"ImageObject\",\"url\":452122,\"@id\":\"https:\\\/\\\/www.eldigitaldeasturias.com\\\/noticias\\\/asturias-en-alerta-amarilla-por-nevadas\\\/#mainImage\"},\"primaryImageOfPage\":{\"@id\":\"https:\\\/\\\/www.eldigitaldeasturias.com\\\/noticias\\\/asturias-en-alerta-amarilla-por-nevadas\\\/#mainImage\"},\"datePublished\":\"2014-01-27T10:59:48+01:00\",\"dateModified\":\"2014-01-27T10:59:48+01:00\"},{\"@type\":\"WebSite\",\"@id\":\"https:\\\/\\\/www.eldigitaldeasturias.com\\\/noticias\\\/#website\",\"url\":\"https:\\\/\\\/www.eldigitaldeasturias.com\\\/noticias\\\/\",\"name\":\"El Digital de Asturias - Diario de actualidad y noticias\",\"alternateName\":\"El Digital de Asturias - Diario de actualidad y noticias\",\"description\":\"Hemeroteca\",\"inLanguage\":\"es-ES\",\"publisher\":{\"@id\":\"https:\\\/\\\/www.eldigitaldeasturias.com\\\/noticias\\\/#organization\"}}]}\n\t\t<\/script>\n\t\t<!-- All in One SEO Pro -->\r\n\t\t<title>Asturias en alerta amarilla por nevadas. - El Digital de Asturias<\/title>\n\n","aioseo_head_json":{"title":"Asturias en alerta amarilla por nevadas. - El Digital de Asturias","description":"Oviedo, 27 ene (EFE).- El Principado de Asturias est\u00e1 hoy en alerta amarilla por nevadas y en aviso naranja por fen\u00f3menos costeros, seg\u00fan informa la Agencia Estatal de Meteorolog\u00eda (Aemet) en su p\u00e1gina web. La alerta naranja estar\u00e1 activada durante todo el d\u00eda de hoy y de ma\u00f1ana en todo el litoral asturiano. La Aemet","canonical_url":"https:\/\/www.eldigitaldeasturias.com\/noticias\/asturias-en-alerta-amarilla-por-nevadas\/","robots":"max-image-preview:large","keywords":"actualidad,agenda","webmasterTools":{"google-site-verification":"UA-38556648-1","msvalidate.01":"7dfe9f3f1b24437ab69f4f2559babe99","miscellaneous":""},"schema":{"@context":"https:\/\/schema.org","@graph":[{"@type":"BlogPosting","@id":"https:\/\/www.eldigitaldeasturias.com\/noticias\/asturias-en-alerta-amarilla-por-nevadas\/#blogposting","name":"Asturias en alerta amarilla por nevadas. - El Digital de Asturias","headline":"Asturias en alerta amarilla por nevadas.","author":{"@id":"https:\/\/www.eldigitaldeasturias.com\/noticias\/author\/admin\/#author"},"publisher":{"@id":"https:\/\/www.eldigitaldeasturias.com\/noticias\/#organization"},"image":{"@type":"ImageObject","url":452122},"datePublished":"2014-01-27T10:59:48+01:00","dateModified":"2014-01-27T10:59:48+01:00","inLanguage":"es-ES","mainEntityOfPage":{"@id":"https:\/\/www.eldigitaldeasturias.com\/noticias\/asturias-en-alerta-amarilla-por-nevadas\/#webpage"},"isPartOf":{"@id":"https:\/\/www.eldigitaldeasturias.com\/noticias\/asturias-en-alerta-amarilla-por-nevadas\/#webpage"},"articleSection":"Actualidad, Agenda"},{"@type":"BreadcrumbList","@id":"https:\/\/www.eldigitaldeasturias.com\/noticias\/asturias-en-alerta-amarilla-por-nevadas\/#breadcrumblist","itemListElement":[{"@type":"ListItem","@id":"https:\/\/www.eldigitaldeasturias.com\/noticias#listItem","position":1,"name":"Home","item":"https:\/\/www.eldigitaldeasturias.com\/noticias","nextItem":{"@type":"ListItem","@id":"https:\/\/www.eldigitaldeasturias.com\/noticias\/category\/actualidad\/#listItem","name":"Actualidad"}},{"@type":"ListItem","@id":"https:\/\/www.eldigitaldeasturias.com\/noticias\/category\/actualidad\/#listItem","position":2,"name":"Actualidad","item":"https:\/\/www.eldigitaldeasturias.com\/noticias\/category\/actualidad\/","nextItem":{"@type":"ListItem","@id":"https:\/\/www.eldigitaldeasturias.com\/noticias\/asturias-en-alerta-amarilla-por-nevadas\/#listItem","name":"Asturias en alerta amarilla por nevadas."},"previousItem":{"@type":"ListItem","@id":"https:\/\/www.eldigitaldeasturias.com\/noticias#listItem","name":"Home"}},{"@type":"ListItem","@id":"https:\/\/www.eldigitaldeasturias.com\/noticias\/asturias-en-alerta-amarilla-por-nevadas\/#listItem","position":3,"name":"Asturias en alerta amarilla por nevadas.","previousItem":{"@type":"ListItem","@id":"https:\/\/www.eldigitaldeasturias.com\/noticias\/category\/actualidad\/#listItem","name":"Actualidad"}}]},{"@type":"Organization","@id":"https:\/\/www.eldigitaldeasturias.com\/noticias\/#organization","name":"El Digital de Asturias","description":"Hemeroteca","url":"https:\/\/www.eldigitaldeasturias.com\/noticias\/","email":"info@eldigitaldeasturias.com","telephone":"+34652131393","logo":{"@type":"ImageObject","url":"https:\/\/www.eldigitaldeasturias.com\/noticias\/wp-content\/uploads\/2020\/12\/EDA.jpg","@id":"https:\/\/www.eldigitaldeasturias.com\/noticias\/asturias-en-alerta-amarilla-por-nevadas\/#organizationLogo"},"image":{"@id":"https:\/\/www.eldigitaldeasturias.com\/noticias\/asturias-en-alerta-amarilla-por-nevadas\/#organizationLogo"},"sameAs":["https:\/\/facebook.com\/eldigitaldeasturias","https:\/\/www.youtube.com\/channel\/UCZP-2wLEB9Rv6erhFmqVnvg"],"address":{"@id":"https:\/\/www.eldigitaldeasturias.com\/noticias\/#postaladdress","@type":"PostalAddress","streetAddress":"san antonio 4","postalCode":"33430","addressLocality":"Cand\u00e1s","addressRegion":"Asturias","addressCountry":"ES"}},{"@type":"Person","@id":"https:\/\/www.eldigitaldeasturias.com\/noticias\/author\/admin\/#author","url":"https:\/\/www.eldigitaldeasturias.com\/noticias\/author\/admin\/","name":"El Digital de Asturias","image":{"@type":"ImageObject","@id":"https:\/\/www.eldigitaldeasturias.com\/noticias\/asturias-en-alerta-amarilla-por-nevadas\/#authorImage","url":"https:\/\/secure.gravatar.com\/avatar\/df2aeffc32bcd13f8d26072ef8a91b623d677766deac7f97ca815868cd41bf5e?s=96&d=mm&r=g","width":96,"height":96,"caption":"El Digital de Asturias"}},{"@type":"WebPage","@id":"https:\/\/www.eldigitaldeasturias.com\/noticias\/asturias-en-alerta-amarilla-por-nevadas\/#webpage","url":"https:\/\/www.eldigitaldeasturias.com\/noticias\/asturias-en-alerta-amarilla-por-nevadas\/","name":"Asturias en alerta amarilla por nevadas. - El Digital de Asturias","description":"Oviedo, 27 ene (EFE).- El Principado de Asturias est\u00e1 hoy en alerta amarilla por nevadas y en aviso naranja por fen\u00f3menos costeros, seg\u00fan informa la Agencia Estatal de Meteorolog\u00eda (Aemet) en su p\u00e1gina web. La alerta naranja estar\u00e1 activada durante todo el d\u00eda de hoy y de ma\u00f1ana en todo el litoral asturiano. La Aemet","inLanguage":"es-ES","isPartOf":{"@id":"https:\/\/www.eldigitaldeasturias.com\/noticias\/#website"},"breadcrumb":{"@id":"https:\/\/www.eldigitaldeasturias.com\/noticias\/asturias-en-alerta-amarilla-por-nevadas\/#breadcrumblist"},"author":{"@id":"https:\/\/www.eldigitaldeasturias.com\/noticias\/author\/admin\/#author"},"creator":{"@id":"https:\/\/www.eldigitaldeasturias.com\/noticias\/author\/admin\/#author"},"image":{"@type":"ImageObject","url":452122,"@id":"https:\/\/www.eldigitaldeasturias.com\/noticias\/asturias-en-alerta-amarilla-por-nevadas\/#mainImage"},"primaryImageOfPage":{"@id":"https:\/\/www.eldigitaldeasturias.com\/noticias\/asturias-en-alerta-amarilla-por-nevadas\/#mainImage"},"datePublished":"2014-01-27T10:59:48+01:00","dateModified":"2014-01-27T10:59:48+01:00"},{"@type":"WebSite","@id":"https:\/\/www.eldigitaldeasturias.com\/noticias\/#website","url":"https:\/\/www.eldigitaldeasturias.com\/noticias\/","name":"El Digital de Asturias - Diario de actualidad y noticias","alternateName":"El Digital de Asturias - Diario de actualidad y noticias","description":"Hemeroteca","inLanguage":"es-ES","publisher":{"@id":"https:\/\/www.eldigitaldeasturias.com\/noticias\/#organization"}}]},"og:locale":"es_ES","og:site_name":"El Digital de Asturias","og:type":"article","og:title":"Asturias en alerta amarilla por nevadas. - El Digital de Asturias","og:description":"Oviedo, 27 ene (EFE).- El Principado de Asturias est\u00e1 hoy en alerta amarilla por nevadas y en aviso naranja por fen\u00f3menos costeros, seg\u00fan informa la Agencia Estatal de Meteorolog\u00eda (Aemet) en su p\u00e1gina web. La alerta naranja estar\u00e1 activada durante todo el d\u00eda de hoy y de ma\u00f1ana en todo el litoral asturiano. La Aemet","og:url":"https:\/\/www.eldigitaldeasturias.com\/noticias\/asturias-en-alerta-amarilla-por-nevadas\/","article:tag":["actualidad","agenda"],"article:published_time":"2014-01-27T11:59:48+00:00","article:modified_time":"2014-01-27T11:59:48+00:00","article:publisher":"https:\/\/facebook.com\/eldigitaldeasturias","twitter:card":"summary_large_image","twitter:title":"Asturias en alerta amarilla por nevadas. - El Digital de Asturias","twitter:description":"Oviedo, 27 ene (EFE).- El Principado de Asturias est\u00e1 hoy en alerta amarilla por nevadas y en aviso naranja por fen\u00f3menos costeros, seg\u00fan informa la Agencia Estatal de Meteorolog\u00eda (Aemet) en su p\u00e1gina web. La alerta naranja estar\u00e1 activada durante todo el d\u00eda de hoy y de ma\u00f1ana en todo el litoral asturiano. La Aemet","twitter:label1":"Escrito por","twitter:data1":"El Digital de Asturias","twitter:label2":"Tiempo de lectura estimado","twitter:data2":"1 minuto"},"aioseo_meta_data":{"post_id":"479417","title":null,"description":null,"keywords":null,"keyphrases":null,"primary_term":null,"canonical_url":null,"og_title":null,"og_description":null,"og_object_type":"default","og_image_type":"default","og_image_url":null,"og_image_width":null,"og_image_height":null,"og_image_custom_url":null,"og_image_custom_fields":null,"og_video":null,"og_custom_url":null,"og_article_section":null,"og_article_tags":null,"twitter_use_og":true,"twitter_card":"default","twitter_image_type":"default","twitter_image_url":null,"twitter_image_custom_url":null,"twitter_image_custom_fields":null,"twitter_title":null,"twitter_description":null,"schema":{"blockGraphs":[],"customGraphs":[],"default":{"data":{"Article":[],"Course":[],"Dataset":[],"FAQPage":[],"Movie":[],"Person":[],"Product":[],"ProductReview":[],"Car":[],"Recipe":[],"Service":[],"SoftwareApplication":[],"WebPage":[]},"graphName":"","isEnabled":true},"graphs":[],"defaultGraph":"","defaultPostTypeGraph":""},"schema_type":null,"schema_type_options":null,"pillar_content":false,"robots_default":true,"robots_noindex":false,"robots_noarchive":false,"robots_nosnippet":false,"robots_nofollow":false,"robots_noimageindex":false,"robots_noodp":false,"robots_notranslate":false,"robots_max_snippet":null,"robots_max_videopreview":null,"robots_max_imagepreview":"none","priority":null,"frequency":null,"local_seo":null,"seo_analyzer_scan_date":"2026-06-02 00:28:02","breadcrumb_settings":null,"limit_modified_date":false,"open_ai":null,"ai":null,"created":"2020-11-14 22:54:03","updated":"2026-06-02 00:28:02","focus_keyword":null,"additional_keywords":null,"truseo_locale":null},"aioseo_breadcrumb":"<div class=\"aioseo-breadcrumbs\"><span class=\"aioseo-breadcrumb\">\n\t<a href=\"https:\/\/www.eldigitaldeasturias.com\/noticias\" title=\"Home\">Home<\/a>\n<\/span><span class=\"aioseo-breadcrumb-separator\">\u2013<\/span><span class=\"aioseo-breadcrumb\">\n\t<a href=\"https:\/\/www.eldigitaldeasturias.com\/noticias\/category\/actualidad\/\" title=\"Actualidad\">Actualidad<\/a>\n<\/span><span class=\"aioseo-breadcrumb-separator\">\u2013<\/span><span class=\"aioseo-breadcrumb\">\n\t<a href=\"https:\/\/www.eldigitaldeasturias.com\/noticias\/asturias-en-alerta-amarilla-por-nevadas\/\" title=\"Asturias en alerta amarilla por nevadas.\">Asturias en alerta amarilla por nevadas.<\/a>\n<\/span><\/div>","aioseo_breadcrumb_json":[{"label":"Home","link":"https:\/\/www.eldigitaldeasturias.com\/noticias"},{"label":"Actualidad","link":"https:\/\/www.eldigitaldeasturias.com\/noticias\/category\/actualidad\/"},{"label":"Asturias en alerta amarilla por nevadas.","link":"https:\/\/www.eldigitaldeasturias.com\/noticias\/asturias-en-alerta-amarilla-por-nevadas\/"}],"_links":{"self":[{"href":"https:\/\/www.eldigitaldeasturias.com\/noticias\/wp-json\/wp\/v2\/posts\/479417","targetHints":{"allow":["GET"]}}],"collection":[{"href":"https:\/\/www.eldigitaldeasturias.com\/noticias\/wp-json\/wp\/v2\/posts"}],"about":[{"href":"https:\/\/www.eldigitaldeasturias.com\/noticias\/wp-json\/wp\/v2\/types\/post"}],"author":[{"embeddable":true,"href":"https:\/\/www.eldigitaldeasturias.com\/noticias\/wp-json\/wp\/v2\/users\/1"}],"replies":[{"embeddable":true,"href":"https:\/\/www.eldigitaldeasturias.com\/noticias\/wp-json\/wp\/v2\/comments?post=479417"}],"version-history":[{"count":0,"href":"https:\/\/www.eldigitaldeasturias.com\/noticias\/wp-json\/wp\/v2\/posts\/479417\/revisions"}],"wp:attachment":[{"href":"https:\/\/www.eldigitaldeasturias.com\/noticias\/wp-json\/wp\/v2\/media?parent=479417"}],"wp:term":[{"taxonomy":"category","embeddable":true,"href":"https:\/\/www.eldigitaldeasturias.com\/noticias\/wp-json\/wp\/v2\/categories?post=479417"},{"taxonomy":"post_tag","embeddable":true,"href":"https:\/\/www.eldigitaldeasturias.com\/noticias\/wp-json\/wp\/v2\/tags?post=479417"}],"curies":[{"name":"wp","href":"https:\/\/api.w.org\/{rel}","templated":true}]}}