{"id":479412,"date":"2014-01-27T01:26:00","date_gmt":"2014-01-27T02:26:00","guid":{"rendered":"http:\/\/www.eldigitaldeasturias.com\/noticias\/?p=479412"},"modified":"2014-01-27T01:26:00","modified_gmt":"2014-01-27T02:26:00","slug":"dilma-rousseff-y-raul-castro-inauguraran-la-primera-fase-del-puerto-de-mariel","status":"publish","type":"post","link":"https:\/\/www.eldigitaldeasturias.com\/noticias\/dilma-rousseff-y-raul-castro-inauguraran-la-primera-fase-del-puerto-de-mariel\/","title":{"rendered":"Dilma Rousseff y Ra\u00fal Castro inaugurar\u00e1n la primera fase del puerto de Mariel"},"content":{"rendered":"<p><img loading=\"lazy\" decoding=\"async\" class=\"alignleft size-medium wp-image-479413\" alt=\"5878222w\" src=\"https:\/\/www.eldigitaldeasturias.com\/noticias\/wp-content\/uploads\/2014\/01\/5878222w-360x156.jpg\" width=\"360\" height=\"156\" \/>La Habana, 26 ene (EFE).- Los presidentes de Cuba, Ra\u00fal Castro, y de Brasil, Dilma Rousseff, inaugurar\u00e1n el lunes la primera fase del puerto de cubano Mariel, una obra con financiaci\u00f3n brasile\u00f1a que constituye el coraz\u00f3n de un ambicioso proyecto de desarrollo con el que la isla quiere atraer inversiones extranjeras.<\/p>\n<p>La ampliaci\u00f3n del Mariel, ubicado a 45 kil\u00f3metros al oeste de La Habana, es considerada como una \u00abobra emblem\u00e1tica\u00bb de la colaboraci\u00f3n entre Cuba y Brasil.<\/p>\n<p>La infraestructura, una moderna terminal de contenedores, es ejecutada por la constructora brasile\u00f1a Odebrecht y cuenta con una financiaci\u00f3n de 682 millones de d\u00f3lares del Banco Nacional de Desarrollo Econ\u00f3mico y Social (BNDES), la mayor parte de una inversi\u00f3n total prevista en 957 millones de d\u00f3lares.<\/p>\n<p>El megapuerto, que tendr\u00e1 capacidad para acoger a buques de mercanc\u00edas de la generaci\u00f3n \u00abpost-panamax\u00bb, forma parte de la Zona Especial de Desarrollo del Mariel (ZEDM), la primera de su tipo en el pa\u00eds caribe\u00f1o, que albergar\u00e1 parques industriales de alta tecnolog\u00eda y zonas de actividades log\u00edsticas, comerciales y de servicios, incluida una base de petr\u00f3leo.<\/p>\n<p>El pasado 1 de noviembre entr\u00f3 en vigor la normativa que regula ese proyecto que el Gobierno de Ra\u00fal Castro aspira a convertir en uno de los motores econ\u00f3micos de la isla para generar exportaciones, nuevas fuentes de empleo y atraer las inversiones extranjeras.<\/p>\n<p>Desde esa fecha se han recibido ya propuestas de inversi\u00f3n en diversos sectores por parte de empresas de Brasil, M\u00e9xico, Argentina, Chile y Rep\u00fablica Dominicana, entre otras, revel\u00f3 la directora general de la Oficina Reguladora del enclave, Ana Teresa Igarza, en declaraciones al \u00faltimo n\u00famero del semanario \u00abOpciones\u00bb.<\/p>\n<p>Precis\u00f3 que hasta ahora, los proyectos asociados a la industria y la infraestructura representan el 50% del total de licitaciones en las solicitudes recibidas de empresarios extranjeros interesados en operar en esa zona de desarrollo.<\/p>\n<p>Seg\u00fan Igarza, se trabaja \u00abaceleradamente\u00bb en la parcelaci\u00f3n de esos terrenos, que cuentan con acceso por carretera y ferrocarril y con servicios de suministro de agua, electricidad y telecomunicaciones.<\/p>\n<p>Tambi\u00e9n resalt\u00f3 que la contribuci\u00f3n de Brasil a la Zona de Desarrollo \u00abes un hecho\u00bb a partir de su participaci\u00f3n en la construcci\u00f3n de la terminal de contenedores, cuya pr\u00f3xima puesta en marcha de los primeros 700 metros de muelle constituye \u00abel logro de un gran desaf\u00edo y el comienzo de un largo trecho de intenso trabajo\u00bb.<\/p>\n<p>Brasil es el segundo socio comercial latinoamericano de Cuba, despu\u00e9s de Venezuela, con un intercambio de 624,79 millones de d\u00f3lares en 2013 y est\u00e1 entre los primeros cinco a nivel mundial, de acuerdo con fuentes oficiales.<\/p>\n<p>En su visita a la isla, donde lleg\u00f3 este domingo, Dilma Rousseff participar\u00e1 en la II Cumbre de la Comunidad de Estados Latinoamericanos y Caribe\u00f1os (Celac), que se celebrar\u00e1 el martes y el mi\u00e9rcoles.<\/p>\n<p>Tambi\u00e9n sostendr\u00e1 una agenda bilateral con Cuba donde, adem\u00e1s de la inauguraci\u00f3n del Mariel, mantendr\u00e1 un encuentro de trabajo con el presidente cubano repasar proyectos de inter\u00e9s com\u00fan.<\/p>\n","protected":false},"excerpt":{"rendered":"<p>La Habana, 26 ene (EFE).- Los presidentes de Cuba, Ra\u00fal Castro, y de Brasil, Dilma Rousseff, inaugurar\u00e1n el lunes la primera fase del puerto de cubano Mariel, una obra con financiaci\u00f3n brasile\u00f1a que constituye el coraz\u00f3n de un ambicioso proyecto de desarrollo con el que la isla quiere atraer inversiones extranjeras. La ampliaci\u00f3n del Mariel, [&hellip;]<\/p>\n","protected":false},"author":1,"featured_media":1132184,"comment_status":"closed","ping_status":"open","sticky":false,"template":"","format":"standard","meta":{"footnotes":""},"categories":[1],"tags":[],"class_list":["post-479412","post","type-post","status-publish","format-standard","has-post-thumbnail","hentry","category-actualidad"],"aioseo_notices":[],"aioseo_head":"\n\t\t<!-- All in One SEO Pro 5.0.1 - aioseo.com -->\n\t<meta name=\"description\" content=\"La Habana, 26 ene (EFE).- Los presidentes de Cuba, Ra\u00fal Castro, y de Brasil, Dilma Rousseff, inaugurar\u00e1n el lunes la primera fase del puerto de cubano Mariel, una obra con financiaci\u00f3n brasile\u00f1a que constituye el coraz\u00f3n de un ambicioso proyecto de desarrollo con el que la isla quiere atraer inversiones extranjeras. La ampliaci\u00f3n del Mariel,\" \/>\n\t<meta name=\"robots\" content=\"max-image-preview:large\" \/>\n\t<meta name=\"author\" content=\"El Digital de Asturias\"\/>\n\t<meta name=\"google-site-verification\" content=\"UA-38556648-1\" \/>\n\t<meta name=\"msvalidate.01\" content=\"7dfe9f3f1b24437ab69f4f2559babe99\" \/>\n\t<meta name=\"keywords\" content=\"actualidad\" \/>\n\t<link rel=\"canonical\" href=\"https:\/\/www.eldigitaldeasturias.com\/noticias\/dilma-rousseff-y-raul-castro-inauguraran-la-primera-fase-del-puerto-de-mariel\/\" \/>\n\t<meta name=\"generator\" content=\"All in One SEO Pro (AIOSEO) 5.0.1\" \/>\n\t\t<meta property=\"og:locale\" content=\"es_ES\" \/>\n\t\t<meta property=\"og:site_name\" content=\"El Digital de Asturias\" \/>\n\t\t<meta property=\"og:type\" content=\"article\" \/>\n\t\t<meta property=\"og:title\" content=\"Dilma Rousseff y Ra\u00fal Castro inaugurar\u00e1n la primera fase del puerto de Mariel - El Digital de Asturias\" \/>\n\t\t<meta property=\"og:description\" content=\"La Habana, 26 ene (EFE).- Los presidentes de Cuba, Ra\u00fal Castro, y de Brasil, Dilma Rousseff, inaugurar\u00e1n el lunes la primera fase del puerto de cubano Mariel, una obra con financiaci\u00f3n brasile\u00f1a que constituye el coraz\u00f3n de un ambicioso proyecto de desarrollo con el que la isla quiere atraer inversiones extranjeras. La ampliaci\u00f3n del Mariel,\" \/>\n\t\t<meta property=\"og:url\" content=\"https:\/\/www.eldigitaldeasturias.com\/noticias\/dilma-rousseff-y-raul-castro-inauguraran-la-primera-fase-del-puerto-de-mariel\/\" \/>\n\t\t<meta property=\"og:image\" content=\"https:\/\/www.eldigitaldeasturias.com\/noticias\/wp-content\/uploads\/2026\/06\/Contenidos.jpg\" \/>\n\t\t<meta property=\"og:image:secure_url\" content=\"https:\/\/www.eldigitaldeasturias.com\/noticias\/wp-content\/uploads\/2026\/06\/Contenidos.jpg\" \/>\n\t\t<meta property=\"og:image:width\" content=\"1265\" \/>\n\t\t<meta property=\"og:image:height\" content=\"697\" \/>\n\t\t<meta property=\"article:tag\" content=\"actualidad\" \/>\n\t\t<meta property=\"article:published_time\" content=\"2014-01-27T02:26:00+00:00\" \/>\n\t\t<meta property=\"article:modified_time\" content=\"2014-01-27T02:26:00+00:00\" \/>\n\t\t<meta property=\"article:publisher\" content=\"https:\/\/facebook.com\/eldigitaldeasturias\" \/>\n\t\t<meta name=\"twitter:card\" content=\"summary_large_image\" \/>\n\t\t<meta name=\"twitter:title\" content=\"Dilma Rousseff y Ra\u00fal Castro inaugurar\u00e1n la primera fase del puerto de Mariel - El Digital de Asturias\" \/>\n\t\t<meta name=\"twitter:description\" content=\"La Habana, 26 ene (EFE).- Los presidentes de Cuba, Ra\u00fal Castro, y de Brasil, Dilma Rousseff, inaugurar\u00e1n el lunes la primera fase del puerto de cubano Mariel, una obra con financiaci\u00f3n brasile\u00f1a que constituye el coraz\u00f3n de un ambicioso proyecto de desarrollo con el que la isla quiere atraer inversiones extranjeras. La ampliaci\u00f3n del Mariel,\" \/>\n\t\t<meta name=\"twitter:image\" content=\"https:\/\/www.eldigitaldeasturias.com\/noticias\/wp-content\/uploads\/2026\/06\/Contenidos.jpg\" \/>\n\t\t<meta name=\"twitter:label1\" content=\"Escrito por\" \/>\n\t\t<meta name=\"twitter:data1\" content=\"El Digital de Asturias\" \/>\n\t\t<meta name=\"twitter:label2\" content=\"Tiempo de lectura estimado\" \/>\n\t\t<meta name=\"twitter:data2\" content=\"3 minutos\" \/>\n\t\t<script type=\"application\/ld+json\" class=\"aioseo-schema\">\n\t\t\t{\"@context\":\"https:\\\/\\\/schema.org\",\"@graph\":[{\"@type\":\"BlogPosting\",\"@id\":\"https:\\\/\\\/www.eldigitaldeasturias.com\\\/noticias\\\/dilma-rousseff-y-raul-castro-inauguraran-la-primera-fase-del-puerto-de-mariel\\\/#blogposting\",\"name\":\"Dilma Rousseff y Ra\\u00fal Castro inaugurar\\u00e1n la primera fase del puerto de Mariel - El Digital de Asturias\",\"headline\":\"Dilma Rousseff y Ra\\u00fal Castro inaugurar\\u00e1n la primera fase del puerto de Mariel\",\"author\":{\"@id\":\"https:\\\/\\\/www.eldigitaldeasturias.com\\\/noticias\\\/author\\\/admin\\\/#author\"},\"publisher\":{\"@id\":\"https:\\\/\\\/www.eldigitaldeasturias.com\\\/noticias\\\/#organization\"},\"image\":{\"@type\":\"ImageObject\",\"url\":\"https:\\\/\\\/www.eldigitaldeasturias.com\\\/noticias\\\/wp-content\\\/uploads\\\/2026\\\/06\\\/Contenidos.jpg\",\"width\":1265,\"height\":697,\"caption\":\"Contenidos\"},\"datePublished\":\"2014-01-27T01:26:00+01:00\",\"dateModified\":\"2014-01-27T01:26:00+01:00\",\"inLanguage\":\"es-ES\",\"mainEntityOfPage\":{\"@id\":\"https:\\\/\\\/www.eldigitaldeasturias.com\\\/noticias\\\/dilma-rousseff-y-raul-castro-inauguraran-la-primera-fase-del-puerto-de-mariel\\\/#webpage\"},\"isPartOf\":{\"@id\":\"https:\\\/\\\/www.eldigitaldeasturias.com\\\/noticias\\\/dilma-rousseff-y-raul-castro-inauguraran-la-primera-fase-del-puerto-de-mariel\\\/#webpage\"},\"articleSection\":\"Actualidad\"},{\"@type\":\"BreadcrumbList\",\"@id\":\"https:\\\/\\\/www.eldigitaldeasturias.com\\\/noticias\\\/dilma-rousseff-y-raul-castro-inauguraran-la-primera-fase-del-puerto-de-mariel\\\/#breadcrumblist\",\"itemListElement\":[{\"@type\":\"ListItem\",\"@id\":\"https:\\\/\\\/www.eldigitaldeasturias.com\\\/noticias#listItem\",\"position\":1,\"name\":\"Home\",\"item\":\"https:\\\/\\\/www.eldigitaldeasturias.com\\\/noticias\",\"nextItem\":{\"@type\":\"ListItem\",\"@id\":\"https:\\\/\\\/www.eldigitaldeasturias.com\\\/noticias\\\/category\\\/actualidad\\\/#listItem\",\"name\":\"Actualidad\"}},{\"@type\":\"ListItem\",\"@id\":\"https:\\\/\\\/www.eldigitaldeasturias.com\\\/noticias\\\/category\\\/actualidad\\\/#listItem\",\"position\":2,\"name\":\"Actualidad\",\"item\":\"https:\\\/\\\/www.eldigitaldeasturias.com\\\/noticias\\\/category\\\/actualidad\\\/\",\"nextItem\":{\"@type\":\"ListItem\",\"@id\":\"https:\\\/\\\/www.eldigitaldeasturias.com\\\/noticias\\\/dilma-rousseff-y-raul-castro-inauguraran-la-primera-fase-del-puerto-de-mariel\\\/#listItem\",\"name\":\"Dilma Rousseff y Ra\\u00fal Castro inaugurar\\u00e1n la primera fase del puerto de Mariel\"},\"previousItem\":{\"@type\":\"ListItem\",\"@id\":\"https:\\\/\\\/www.eldigitaldeasturias.com\\\/noticias#listItem\",\"name\":\"Home\"}},{\"@type\":\"ListItem\",\"@id\":\"https:\\\/\\\/www.eldigitaldeasturias.com\\\/noticias\\\/dilma-rousseff-y-raul-castro-inauguraran-la-primera-fase-del-puerto-de-mariel\\\/#listItem\",\"position\":3,\"name\":\"Dilma Rousseff y Ra\\u00fal Castro inaugurar\\u00e1n la primera fase del puerto de Mariel\",\"previousItem\":{\"@type\":\"ListItem\",\"@id\":\"https:\\\/\\\/www.eldigitaldeasturias.com\\\/noticias\\\/category\\\/actualidad\\\/#listItem\",\"name\":\"Actualidad\"}}]},{\"@type\":\"Organization\",\"@id\":\"https:\\\/\\\/www.eldigitaldeasturias.com\\\/noticias\\\/#organization\",\"name\":\"El Digital de Asturias\",\"description\":\"Hemeroteca\",\"url\":\"https:\\\/\\\/www.eldigitaldeasturias.com\\\/noticias\\\/\",\"email\":\"info@eldigitaldeasturias.com\",\"telephone\":\"+34652131393\",\"logo\":{\"@type\":\"ImageObject\",\"url\":\"https:\\\/\\\/www.eldigitaldeasturias.com\\\/noticias\\\/wp-content\\\/uploads\\\/2020\\\/12\\\/EDA.jpg\",\"@id\":\"https:\\\/\\\/www.eldigitaldeasturias.com\\\/noticias\\\/dilma-rousseff-y-raul-castro-inauguraran-la-primera-fase-del-puerto-de-mariel\\\/#organizationLogo\"},\"image\":{\"@id\":\"https:\\\/\\\/www.eldigitaldeasturias.com\\\/noticias\\\/dilma-rousseff-y-raul-castro-inauguraran-la-primera-fase-del-puerto-de-mariel\\\/#organizationLogo\"},\"sameAs\":[\"https:\\\/\\\/facebook.com\\\/eldigitaldeasturias\",\"https:\\\/\\\/www.youtube.com\\\/channel\\\/UCZP-2wLEB9Rv6erhFmqVnvg\"],\"address\":{\"@id\":\"https:\\\/\\\/www.eldigitaldeasturias.com\\\/noticias\\\/#postaladdress\",\"@type\":\"PostalAddress\",\"streetAddress\":\"san antonio 4\",\"postalCode\":\"33430\",\"addressLocality\":\"Cand\\u00e1s\",\"addressRegion\":\"Asturias\",\"addressCountry\":\"ES\"}},{\"@type\":\"Person\",\"@id\":\"https:\\\/\\\/www.eldigitaldeasturias.com\\\/noticias\\\/author\\\/admin\\\/#author\",\"url\":\"https:\\\/\\\/www.eldigitaldeasturias.com\\\/noticias\\\/author\\\/admin\\\/\",\"name\":\"El Digital de Asturias\",\"image\":{\"@type\":\"ImageObject\",\"@id\":\"https:\\\/\\\/www.eldigitaldeasturias.com\\\/noticias\\\/dilma-rousseff-y-raul-castro-inauguraran-la-primera-fase-del-puerto-de-mariel\\\/#authorImage\",\"url\":\"https:\\\/\\\/secure.gravatar.com\\\/avatar\\\/df2aeffc32bcd13f8d26072ef8a91b623d677766deac7f97ca815868cd41bf5e?s=96&d=mm&r=g\",\"width\":96,\"height\":96,\"caption\":\"El Digital de Asturias\"}},{\"@type\":\"WebPage\",\"@id\":\"https:\\\/\\\/www.eldigitaldeasturias.com\\\/noticias\\\/dilma-rousseff-y-raul-castro-inauguraran-la-primera-fase-del-puerto-de-mariel\\\/#webpage\",\"url\":\"https:\\\/\\\/www.eldigitaldeasturias.com\\\/noticias\\\/dilma-rousseff-y-raul-castro-inauguraran-la-primera-fase-del-puerto-de-mariel\\\/\",\"name\":\"Dilma Rousseff y Ra\\u00fal Castro inaugurar\\u00e1n la primera fase del puerto de Mariel - El Digital de Asturias\",\"description\":\"La Habana, 26 ene (EFE).- Los presidentes de Cuba, Ra\\u00fal Castro, y de Brasil, Dilma Rousseff, inaugurar\\u00e1n el lunes la primera fase del puerto de cubano Mariel, una obra con financiaci\\u00f3n brasile\\u00f1a que constituye el coraz\\u00f3n de un ambicioso proyecto de desarrollo con el que la isla quiere atraer inversiones extranjeras. La ampliaci\\u00f3n del Mariel,\",\"inLanguage\":\"es-ES\",\"isPartOf\":{\"@id\":\"https:\\\/\\\/www.eldigitaldeasturias.com\\\/noticias\\\/#website\"},\"breadcrumb\":{\"@id\":\"https:\\\/\\\/www.eldigitaldeasturias.com\\\/noticias\\\/dilma-rousseff-y-raul-castro-inauguraran-la-primera-fase-del-puerto-de-mariel\\\/#breadcrumblist\"},\"author\":{\"@id\":\"https:\\\/\\\/www.eldigitaldeasturias.com\\\/noticias\\\/author\\\/admin\\\/#author\"},\"creator\":{\"@id\":\"https:\\\/\\\/www.eldigitaldeasturias.com\\\/noticias\\\/author\\\/admin\\\/#author\"},\"image\":{\"@type\":\"ImageObject\",\"url\":\"https:\\\/\\\/www.eldigitaldeasturias.com\\\/noticias\\\/wp-content\\\/uploads\\\/2026\\\/06\\\/Contenidos.jpg\",\"@id\":\"https:\\\/\\\/www.eldigitaldeasturias.com\\\/noticias\\\/dilma-rousseff-y-raul-castro-inauguraran-la-primera-fase-del-puerto-de-mariel\\\/#mainImage\",\"width\":1265,\"height\":697,\"caption\":\"Contenidos\"},\"primaryImageOfPage\":{\"@id\":\"https:\\\/\\\/www.eldigitaldeasturias.com\\\/noticias\\\/dilma-rousseff-y-raul-castro-inauguraran-la-primera-fase-del-puerto-de-mariel\\\/#mainImage\"},\"datePublished\":\"2014-01-27T01:26:00+01:00\",\"dateModified\":\"2014-01-27T01:26:00+01:00\"},{\"@type\":\"WebSite\",\"@id\":\"https:\\\/\\\/www.eldigitaldeasturias.com\\\/noticias\\\/#website\",\"url\":\"https:\\\/\\\/www.eldigitaldeasturias.com\\\/noticias\\\/\",\"name\":\"El Digital de Asturias - Diario de actualidad y noticias\",\"alternateName\":\"El Digital de Asturias - Diario de actualidad y noticias\",\"description\":\"Hemeroteca\",\"inLanguage\":\"es-ES\",\"publisher\":{\"@id\":\"https:\\\/\\\/www.eldigitaldeasturias.com\\\/noticias\\\/#organization\"}}]}\n\t\t<\/script>\n\t\t<!-- All in One SEO Pro -->\r\n\t\t<title>Dilma Rousseff y Ra\u00fal Castro inaugurar\u00e1n la primera fase del puerto de Mariel - El Digital de Asturias<\/title>\n\n","aioseo_head_json":{"title":"Dilma Rousseff y Ra\u00fal Castro inaugurar\u00e1n la primera fase del puerto de Mariel - El Digital de Asturias","description":"La Habana, 26 ene (EFE).- Los presidentes de Cuba, Ra\u00fal Castro, y de Brasil, Dilma Rousseff, inaugurar\u00e1n el lunes la primera fase del puerto de cubano Mariel, una obra con financiaci\u00f3n brasile\u00f1a que constituye el coraz\u00f3n de un ambicioso proyecto de desarrollo con el que la isla quiere atraer inversiones extranjeras. La ampliaci\u00f3n del Mariel,","canonical_url":"https:\/\/www.eldigitaldeasturias.com\/noticias\/dilma-rousseff-y-raul-castro-inauguraran-la-primera-fase-del-puerto-de-mariel\/","robots":"max-image-preview:large","keywords":"actualidad","webmasterTools":{"google-site-verification":"UA-38556648-1","msvalidate.01":"7dfe9f3f1b24437ab69f4f2559babe99","miscellaneous":""},"schema":{"@context":"https:\/\/schema.org","@graph":[{"@type":"BlogPosting","@id":"https:\/\/www.eldigitaldeasturias.com\/noticias\/dilma-rousseff-y-raul-castro-inauguraran-la-primera-fase-del-puerto-de-mariel\/#blogposting","name":"Dilma Rousseff y Ra\u00fal Castro inaugurar\u00e1n la primera fase del puerto de Mariel - El Digital de Asturias","headline":"Dilma Rousseff y Ra\u00fal Castro inaugurar\u00e1n la primera fase del puerto de Mariel","author":{"@id":"https:\/\/www.eldigitaldeasturias.com\/noticias\/author\/admin\/#author"},"publisher":{"@id":"https:\/\/www.eldigitaldeasturias.com\/noticias\/#organization"},"image":{"@type":"ImageObject","url":"https:\/\/www.eldigitaldeasturias.com\/noticias\/wp-content\/uploads\/2026\/06\/Contenidos.jpg","width":1265,"height":697,"caption":"Contenidos"},"datePublished":"2014-01-27T01:26:00+01:00","dateModified":"2014-01-27T01:26:00+01:00","inLanguage":"es-ES","mainEntityOfPage":{"@id":"https:\/\/www.eldigitaldeasturias.com\/noticias\/dilma-rousseff-y-raul-castro-inauguraran-la-primera-fase-del-puerto-de-mariel\/#webpage"},"isPartOf":{"@id":"https:\/\/www.eldigitaldeasturias.com\/noticias\/dilma-rousseff-y-raul-castro-inauguraran-la-primera-fase-del-puerto-de-mariel\/#webpage"},"articleSection":"Actualidad"},{"@type":"BreadcrumbList","@id":"https:\/\/www.eldigitaldeasturias.com\/noticias\/dilma-rousseff-y-raul-castro-inauguraran-la-primera-fase-del-puerto-de-mariel\/#breadcrumblist","itemListElement":[{"@type":"ListItem","@id":"https:\/\/www.eldigitaldeasturias.com\/noticias#listItem","position":1,"name":"Home","item":"https:\/\/www.eldigitaldeasturias.com\/noticias","nextItem":{"@type":"ListItem","@id":"https:\/\/www.eldigitaldeasturias.com\/noticias\/category\/actualidad\/#listItem","name":"Actualidad"}},{"@type":"ListItem","@id":"https:\/\/www.eldigitaldeasturias.com\/noticias\/category\/actualidad\/#listItem","position":2,"name":"Actualidad","item":"https:\/\/www.eldigitaldeasturias.com\/noticias\/category\/actualidad\/","nextItem":{"@type":"ListItem","@id":"https:\/\/www.eldigitaldeasturias.com\/noticias\/dilma-rousseff-y-raul-castro-inauguraran-la-primera-fase-del-puerto-de-mariel\/#listItem","name":"Dilma Rousseff y Ra\u00fal Castro inaugurar\u00e1n la primera fase del puerto de Mariel"},"previousItem":{"@type":"ListItem","@id":"https:\/\/www.eldigitaldeasturias.com\/noticias#listItem","name":"Home"}},{"@type":"ListItem","@id":"https:\/\/www.eldigitaldeasturias.com\/noticias\/dilma-rousseff-y-raul-castro-inauguraran-la-primera-fase-del-puerto-de-mariel\/#listItem","position":3,"name":"Dilma Rousseff y Ra\u00fal Castro inaugurar\u00e1n la primera fase del puerto de Mariel","previousItem":{"@type":"ListItem","@id":"https:\/\/www.eldigitaldeasturias.com\/noticias\/category\/actualidad\/#listItem","name":"Actualidad"}}]},{"@type":"Organization","@id":"https:\/\/www.eldigitaldeasturias.com\/noticias\/#organization","name":"El Digital de Asturias","description":"Hemeroteca","url":"https:\/\/www.eldigitaldeasturias.com\/noticias\/","email":"info@eldigitaldeasturias.com","telephone":"+34652131393","logo":{"@type":"ImageObject","url":"https:\/\/www.eldigitaldeasturias.com\/noticias\/wp-content\/uploads\/2020\/12\/EDA.jpg","@id":"https:\/\/www.eldigitaldeasturias.com\/noticias\/dilma-rousseff-y-raul-castro-inauguraran-la-primera-fase-del-puerto-de-mariel\/#organizationLogo"},"image":{"@id":"https:\/\/www.eldigitaldeasturias.com\/noticias\/dilma-rousseff-y-raul-castro-inauguraran-la-primera-fase-del-puerto-de-mariel\/#organizationLogo"},"sameAs":["https:\/\/facebook.com\/eldigitaldeasturias","https:\/\/www.youtube.com\/channel\/UCZP-2wLEB9Rv6erhFmqVnvg"],"address":{"@id":"https:\/\/www.eldigitaldeasturias.com\/noticias\/#postaladdress","@type":"PostalAddress","streetAddress":"san antonio 4","postalCode":"33430","addressLocality":"Cand\u00e1s","addressRegion":"Asturias","addressCountry":"ES"}},{"@type":"Person","@id":"https:\/\/www.eldigitaldeasturias.com\/noticias\/author\/admin\/#author","url":"https:\/\/www.eldigitaldeasturias.com\/noticias\/author\/admin\/","name":"El Digital de Asturias","image":{"@type":"ImageObject","@id":"https:\/\/www.eldigitaldeasturias.com\/noticias\/dilma-rousseff-y-raul-castro-inauguraran-la-primera-fase-del-puerto-de-mariel\/#authorImage","url":"https:\/\/secure.gravatar.com\/avatar\/df2aeffc32bcd13f8d26072ef8a91b623d677766deac7f97ca815868cd41bf5e?s=96&d=mm&r=g","width":96,"height":96,"caption":"El Digital de Asturias"}},{"@type":"WebPage","@id":"https:\/\/www.eldigitaldeasturias.com\/noticias\/dilma-rousseff-y-raul-castro-inauguraran-la-primera-fase-del-puerto-de-mariel\/#webpage","url":"https:\/\/www.eldigitaldeasturias.com\/noticias\/dilma-rousseff-y-raul-castro-inauguraran-la-primera-fase-del-puerto-de-mariel\/","name":"Dilma Rousseff y Ra\u00fal Castro inaugurar\u00e1n la primera fase del puerto de Mariel - El Digital de Asturias","description":"La Habana, 26 ene (EFE).- Los presidentes de Cuba, Ra\u00fal Castro, y de Brasil, Dilma Rousseff, inaugurar\u00e1n el lunes la primera fase del puerto de cubano Mariel, una obra con financiaci\u00f3n brasile\u00f1a que constituye el coraz\u00f3n de un ambicioso proyecto de desarrollo con el que la isla quiere atraer inversiones extranjeras. La ampliaci\u00f3n del Mariel,","inLanguage":"es-ES","isPartOf":{"@id":"https:\/\/www.eldigitaldeasturias.com\/noticias\/#website"},"breadcrumb":{"@id":"https:\/\/www.eldigitaldeasturias.com\/noticias\/dilma-rousseff-y-raul-castro-inauguraran-la-primera-fase-del-puerto-de-mariel\/#breadcrumblist"},"author":{"@id":"https:\/\/www.eldigitaldeasturias.com\/noticias\/author\/admin\/#author"},"creator":{"@id":"https:\/\/www.eldigitaldeasturias.com\/noticias\/author\/admin\/#author"},"image":{"@type":"ImageObject","url":"https:\/\/www.eldigitaldeasturias.com\/noticias\/wp-content\/uploads\/2026\/06\/Contenidos.jpg","@id":"https:\/\/www.eldigitaldeasturias.com\/noticias\/dilma-rousseff-y-raul-castro-inauguraran-la-primera-fase-del-puerto-de-mariel\/#mainImage","width":1265,"height":697,"caption":"Contenidos"},"primaryImageOfPage":{"@id":"https:\/\/www.eldigitaldeasturias.com\/noticias\/dilma-rousseff-y-raul-castro-inauguraran-la-primera-fase-del-puerto-de-mariel\/#mainImage"},"datePublished":"2014-01-27T01:26:00+01:00","dateModified":"2014-01-27T01:26:00+01:00"},{"@type":"WebSite","@id":"https:\/\/www.eldigitaldeasturias.com\/noticias\/#website","url":"https:\/\/www.eldigitaldeasturias.com\/noticias\/","name":"El Digital de Asturias - Diario de actualidad y noticias","alternateName":"El Digital de Asturias - Diario de actualidad y noticias","description":"Hemeroteca","inLanguage":"es-ES","publisher":{"@id":"https:\/\/www.eldigitaldeasturias.com\/noticias\/#organization"}}]},"og:locale":"es_ES","og:site_name":"El Digital de Asturias","og:type":"article","og:title":"Dilma Rousseff y Ra\u00fal Castro inaugurar\u00e1n la primera fase del puerto de Mariel - El Digital de Asturias","og:description":"La Habana, 26 ene (EFE).- Los presidentes de Cuba, Ra\u00fal Castro, y de Brasil, Dilma Rousseff, inaugurar\u00e1n el lunes la primera fase del puerto de cubano Mariel, una obra con financiaci\u00f3n brasile\u00f1a que constituye el coraz\u00f3n de un ambicioso proyecto de desarrollo con el que la isla quiere atraer inversiones extranjeras. La ampliaci\u00f3n del Mariel,","og:url":"https:\/\/www.eldigitaldeasturias.com\/noticias\/dilma-rousseff-y-raul-castro-inauguraran-la-primera-fase-del-puerto-de-mariel\/","og:image":"https:\/\/www.eldigitaldeasturias.com\/noticias\/wp-content\/uploads\/2026\/06\/Contenidos.jpg","og:image:secure_url":"https:\/\/www.eldigitaldeasturias.com\/noticias\/wp-content\/uploads\/2026\/06\/Contenidos.jpg","og:image:width":1265,"og:image:height":697,"article:tag":["actualidad"],"article:published_time":"2014-01-27T02:26:00+00:00","article:modified_time":"2014-01-27T02:26:00+00:00","article:publisher":"https:\/\/facebook.com\/eldigitaldeasturias","twitter:card":"summary_large_image","twitter:title":"Dilma Rousseff y Ra\u00fal Castro inaugurar\u00e1n la primera fase del puerto de Mariel - El Digital de Asturias","twitter:description":"La Habana, 26 ene (EFE).- Los presidentes de Cuba, Ra\u00fal Castro, y de Brasil, Dilma Rousseff, inaugurar\u00e1n el lunes la primera fase del puerto de cubano Mariel, una obra con financiaci\u00f3n brasile\u00f1a que constituye el coraz\u00f3n de un ambicioso proyecto de desarrollo con el que la isla quiere atraer inversiones extranjeras. La ampliaci\u00f3n del Mariel,","twitter:image":"https:\/\/www.eldigitaldeasturias.com\/noticias\/wp-content\/uploads\/2026\/06\/Contenidos.jpg","twitter:label1":"Escrito por","twitter:data1":"El Digital de Asturias","twitter:label2":"Tiempo de lectura estimado","twitter:data2":"3 minutos"},"aioseo_meta_data":{"post_id":"479412","title":null,"description":null,"keywords":null,"keyphrases":null,"primary_term":null,"canonical_url":null,"og_title":null,"og_description":null,"og_object_type":"default","og_image_type":"default","og_image_url":null,"og_image_width":null,"og_image_height":null,"og_image_custom_url":null,"og_image_custom_fields":null,"og_video":null,"og_custom_url":null,"og_article_section":null,"og_article_tags":null,"twitter_use_og":true,"twitter_card":"default","twitter_image_type":"default","twitter_image_url":null,"twitter_image_custom_url":null,"twitter_image_custom_fields":null,"twitter_title":null,"twitter_description":null,"schema":{"blockGraphs":[],"customGraphs":[],"default":{"data":{"Article":[],"Course":[],"Dataset":[],"FAQPage":[],"Movie":[],"Person":[],"Product":[],"ProductReview":[],"Car":[],"Recipe":[],"Service":[],"SoftwareApplication":[],"WebPage":[]},"graphName":"","isEnabled":true},"graphs":[],"defaultGraph":"","defaultPostTypeGraph":""},"schema_type":null,"schema_type_options":null,"pillar_content":false,"robots_default":true,"robots_noindex":false,"robots_noarchive":false,"robots_nosnippet":false,"robots_nofollow":false,"robots_noimageindex":false,"robots_noodp":false,"robots_notranslate":false,"robots_max_snippet":null,"robots_max_videopreview":null,"robots_max_imagepreview":"none","priority":null,"frequency":null,"local_seo":null,"seo_analyzer_scan_date":"2026-06-02 00:26:00","breadcrumb_settings":null,"limit_modified_date":false,"open_ai":null,"ai":null,"created":"2020-11-14 22:54:03","updated":"2026-06-02 00:26:00","focus_keyword":null,"additional_keywords":null,"truseo_locale":null},"aioseo_breadcrumb":"<div class=\"aioseo-breadcrumbs\"><span class=\"aioseo-breadcrumb\">\n\t<a href=\"https:\/\/www.eldigitaldeasturias.com\/noticias\" title=\"Home\">Home<\/a>\n<\/span><span class=\"aioseo-breadcrumb-separator\">\u2013<\/span><span class=\"aioseo-breadcrumb\">\n\t<a href=\"https:\/\/www.eldigitaldeasturias.com\/noticias\/category\/actualidad\/\" title=\"Actualidad\">Actualidad<\/a>\n<\/span><span class=\"aioseo-breadcrumb-separator\">\u2013<\/span><span class=\"aioseo-breadcrumb\">\n\t<a href=\"https:\/\/www.eldigitaldeasturias.com\/noticias\/dilma-rousseff-y-raul-castro-inauguraran-la-primera-fase-del-puerto-de-mariel\/\" title=\"Dilma Rousseff y Ra\u00fal Castro inaugurar\u00e1n la primera fase del puerto de Mariel\">Dilma Rousseff y Ra\u00fal Castro inaugurar\u00e1n la primera fase del puerto de Mariel<\/a>\n<\/span><\/div>","aioseo_breadcrumb_json":[{"label":"Home","link":"https:\/\/www.eldigitaldeasturias.com\/noticias"},{"label":"Actualidad","link":"https:\/\/www.eldigitaldeasturias.com\/noticias\/category\/actualidad\/"},{"label":"Dilma Rousseff y Ra\u00fal Castro inaugurar\u00e1n la primera fase del puerto de Mariel","link":"https:\/\/www.eldigitaldeasturias.com\/noticias\/dilma-rousseff-y-raul-castro-inauguraran-la-primera-fase-del-puerto-de-mariel\/"}],"_links":{"self":[{"href":"https:\/\/www.eldigitaldeasturias.com\/noticias\/wp-json\/wp\/v2\/posts\/479412","targetHints":{"allow":["GET"]}}],"collection":[{"href":"https:\/\/www.eldigitaldeasturias.com\/noticias\/wp-json\/wp\/v2\/posts"}],"about":[{"href":"https:\/\/www.eldigitaldeasturias.com\/noticias\/wp-json\/wp\/v2\/types\/post"}],"author":[{"embeddable":true,"href":"https:\/\/www.eldigitaldeasturias.com\/noticias\/wp-json\/wp\/v2\/users\/1"}],"replies":[{"embeddable":true,"href":"https:\/\/www.eldigitaldeasturias.com\/noticias\/wp-json\/wp\/v2\/comments?post=479412"}],"version-history":[{"count":0,"href":"https:\/\/www.eldigitaldeasturias.com\/noticias\/wp-json\/wp\/v2\/posts\/479412\/revisions"}],"wp:featuredmedia":[{"embeddable":true,"href":"https:\/\/www.eldigitaldeasturias.com\/noticias\/wp-json\/wp\/v2\/media\/1132184"}],"wp:attachment":[{"href":"https:\/\/www.eldigitaldeasturias.com\/noticias\/wp-json\/wp\/v2\/media?parent=479412"}],"wp:term":[{"taxonomy":"category","embeddable":true,"href":"https:\/\/www.eldigitaldeasturias.com\/noticias\/wp-json\/wp\/v2\/categories?post=479412"},{"taxonomy":"post_tag","embeddable":true,"href":"https:\/\/www.eldigitaldeasturias.com\/noticias\/wp-json\/wp\/v2\/tags?post=479412"}],"curies":[{"name":"wp","href":"https:\/\/api.w.org\/{rel}","templated":true}]}}