{"id":479400,"date":"2014-01-27T01:19:48","date_gmt":"2014-01-27T02:19:48","guid":{"rendered":"http:\/\/www.eldigitaldeasturias.com\/noticias\/?p=479400"},"modified":"2014-01-27T01:19:48","modified_gmt":"2014-01-27T02:19:48","slug":"bartomeu-confirma-que-habra-algunos-cambios-en-la-junta-directiva","status":"publish","type":"post","link":"https:\/\/www.eldigitaldeasturias.com\/noticias\/bartomeu-confirma-que-habra-algunos-cambios-en-la-junta-directiva\/","title":{"rendered":"Bartomeu confirma que habr\u00e1 \u00abalgunos cambios\u00bb en la junta directiva"},"content":{"rendered":"<p><img loading=\"lazy\" decoding=\"async\" class=\"alignleft size-medium wp-image-479401\" alt=\"5878121w\" src=\"https:\/\/www.eldigitaldeasturias.com\/noticias\/wp-content\/uploads\/2014\/01\/5878121w-360x231.jpg\" width=\"360\" height=\"231\" \/>Barcelona, 26 ene (EFE).- El nuevo presidente del FC Barcelona, Josep Maria Bartomeu, ha asegurado hoy que \u00abdurante los pr\u00f3ximos d\u00edas\u00bb habr\u00e1 algunos cambios en la junta directiva de la entidad azulgrana.<\/p>\n<p>\u00abEs posible que algunos directivos dejen responsabilidades y tomen otras\u00bb, ha adelantado antes del partido de Liga que su equipo disputa desde las 21.00 horas ante el M\u00e1laga.<\/p>\n<p>Bartomeu, que se sienta esta noche por primera vez en el palco del Camp Nou como presidente del Barcelona, tuvo tiempo antes de que empezara el partido de charlar con algunos socios. \u00abMe han deseado suerte\u00bb, ha explicado.<\/p>\n<p>Sandro Rosell, anterior presidente del club, dimiti\u00f3 el pasado jueves despu\u00e9s de que la Audiencia Nacional admitiera a tr\u00e1mite la querella presentada por un socio del Bar\u00e7a por presunta apropiaci\u00f3n indebida en el fichaje del futbolista Neymar da Silva.<\/p>\n<p>El socio querellante podr\u00eda retirarla la pr\u00f3xima semana. Sin embargo, Bartomeu ha dicho desconocer si esto ser\u00e1 finalmente as\u00ed: \u00abJordi Cardoner (vicepresidente del \u00e1rea social) habl\u00f3 con \u00e9l y le explicamos el contrato de Neymar. Como socio tiene que hacer lo que crea conveniente\u00bb.<\/p>\n<p>El nuevo presidente de la entidad azulgrana ha dejado claro que lo de Neymar no sentar\u00e1 precedente en el club. \u00abNunca m\u00e1s vamos a explicar el contrato de un jugador. Ni los sueldos, eso pertenece a la propiedad del jugador\u00bb, ha subrayado.<\/p>\n<p>Sobre el posible inter\u00e9s del PSG por Lionel Messi, Bartomeu duda \u00abde que se mueva\u00bb, porque est\u00e1 \u00abencantado en el Bar\u00e7a\u00bb y tiene \u00abuna ganas terribles\u00bb de retirarse en el conjunto azulgrana.<\/p>\n<p>Por \u00faltimo, Josep Maria Bartomeu ha reiterado su intenci\u00f3n de agotar el mandato de la junta, que finaliza en la primavera de 2016: \u00abEl proyecto empez\u00f3 en 2010. Tenemos muchos objetivos y nos quedan dos a\u00f1os para realizarlo\u00bb.<\/p>\n","protected":false},"excerpt":{"rendered":"<p>Barcelona, 26 ene (EFE).- El nuevo presidente del FC Barcelona, Josep Maria Bartomeu, ha asegurado hoy que \u00abdurante los pr\u00f3ximos d\u00edas\u00bb habr\u00e1 algunos cambios en la junta directiva de la entidad azulgrana. \u00abEs posible que algunos directivos dejen responsabilidades y tomen otras\u00bb, ha adelantado antes del partido de Liga que su equipo disputa desde las [&hellip;]<\/p>\n","protected":false},"author":1,"featured_media":1132184,"comment_status":"closed","ping_status":"open","sticky":false,"template":"","format":"standard","meta":{"footnotes":""},"categories":[1],"tags":[],"class_list":["post-479400","post","type-post","status-publish","format-standard","has-post-thumbnail","hentry","category-actualidad"],"aioseo_notices":[],"aioseo_head":"\n\t\t<!-- All in One SEO Pro 5.0.1 - aioseo.com -->\n\t<meta name=\"description\" content=\"Barcelona, 26 ene (EFE).- El nuevo presidente del FC Barcelona, Josep Maria Bartomeu, ha asegurado hoy que &quot;durante los pr\u00f3ximos d\u00edas&quot; habr\u00e1 algunos cambios en la junta directiva de la entidad azulgrana. &quot;Es posible que algunos directivos dejen responsabilidades y tomen otras&quot;, ha adelantado antes del partido de Liga que su equipo disputa desde las\" \/>\n\t<meta name=\"robots\" content=\"max-image-preview:large\" \/>\n\t<meta name=\"author\" content=\"El Digital de Asturias\"\/>\n\t<meta name=\"google-site-verification\" content=\"UA-38556648-1\" \/>\n\t<meta name=\"msvalidate.01\" content=\"7dfe9f3f1b24437ab69f4f2559babe99\" \/>\n\t<meta name=\"keywords\" content=\"actualidad\" \/>\n\t<link rel=\"canonical\" href=\"https:\/\/www.eldigitaldeasturias.com\/noticias\/bartomeu-confirma-que-habra-algunos-cambios-en-la-junta-directiva\/\" \/>\n\t<meta name=\"generator\" content=\"All in One SEO Pro (AIOSEO) 5.0.1\" \/>\n\t\t<meta property=\"og:locale\" content=\"es_ES\" \/>\n\t\t<meta property=\"og:site_name\" content=\"El Digital de Asturias\" \/>\n\t\t<meta property=\"og:type\" content=\"article\" \/>\n\t\t<meta property=\"og:title\" content=\"Bartomeu confirma que habr\u00e1 \u00abalgunos cambios\u00bb en la junta directiva - El Digital de Asturias\" \/>\n\t\t<meta property=\"og:description\" content=\"Barcelona, 26 ene (EFE).- El nuevo presidente del FC Barcelona, Josep Maria Bartomeu, ha asegurado hoy que &quot;durante los pr\u00f3ximos d\u00edas&quot; habr\u00e1 algunos cambios en la junta directiva de la entidad azulgrana. &quot;Es posible que algunos directivos dejen responsabilidades y tomen otras&quot;, ha adelantado antes del partido de Liga que su equipo disputa desde las\" \/>\n\t\t<meta property=\"og:url\" content=\"https:\/\/www.eldigitaldeasturias.com\/noticias\/bartomeu-confirma-que-habra-algunos-cambios-en-la-junta-directiva\/\" \/>\n\t\t<meta property=\"og:image\" content=\"https:\/\/www.eldigitaldeasturias.com\/noticias\/wp-content\/uploads\/2026\/06\/Contenidos.jpg\" \/>\n\t\t<meta property=\"og:image:secure_url\" content=\"https:\/\/www.eldigitaldeasturias.com\/noticias\/wp-content\/uploads\/2026\/06\/Contenidos.jpg\" \/>\n\t\t<meta property=\"og:image:width\" content=\"1265\" \/>\n\t\t<meta property=\"og:image:height\" content=\"697\" \/>\n\t\t<meta property=\"article:tag\" content=\"actualidad\" \/>\n\t\t<meta property=\"article:published_time\" content=\"2014-01-27T02:19:48+00:00\" \/>\n\t\t<meta property=\"article:modified_time\" content=\"2014-01-27T02:19:48+00:00\" \/>\n\t\t<meta property=\"article:publisher\" content=\"https:\/\/facebook.com\/eldigitaldeasturias\" \/>\n\t\t<meta name=\"twitter:card\" content=\"summary_large_image\" \/>\n\t\t<meta name=\"twitter:title\" content=\"Bartomeu confirma que habr\u00e1 \u00abalgunos cambios\u00bb en la junta directiva - El Digital de Asturias\" \/>\n\t\t<meta name=\"twitter:description\" content=\"Barcelona, 26 ene (EFE).- El nuevo presidente del FC Barcelona, Josep Maria Bartomeu, ha asegurado hoy que &quot;durante los pr\u00f3ximos d\u00edas&quot; habr\u00e1 algunos cambios en la junta directiva de la entidad azulgrana. &quot;Es posible que algunos directivos dejen responsabilidades y tomen otras&quot;, ha adelantado antes del partido de Liga que su equipo disputa desde las\" \/>\n\t\t<meta name=\"twitter:image\" content=\"https:\/\/www.eldigitaldeasturias.com\/noticias\/wp-content\/uploads\/2026\/06\/Contenidos.jpg\" \/>\n\t\t<meta name=\"twitter:label1\" content=\"Escrito por\" \/>\n\t\t<meta name=\"twitter:data1\" content=\"El Digital de Asturias\" \/>\n\t\t<meta name=\"twitter:label2\" content=\"Tiempo de lectura estimado\" \/>\n\t\t<meta name=\"twitter:data2\" content=\"2 minutos\" \/>\n\t\t<script type=\"application\/ld+json\" class=\"aioseo-schema\">\n\t\t\t{\"@context\":\"https:\\\/\\\/schema.org\",\"@graph\":[{\"@type\":\"BlogPosting\",\"@id\":\"https:\\\/\\\/www.eldigitaldeasturias.com\\\/noticias\\\/bartomeu-confirma-que-habra-algunos-cambios-en-la-junta-directiva\\\/#blogposting\",\"name\":\"Bartomeu confirma que habr\\u00e1 \\u00abalgunos cambios\\u00bb en la junta directiva - El Digital de Asturias\",\"headline\":\"Bartomeu confirma que habr\\u00e1 \\u00abalgunos cambios\\u00bb en la junta directiva\",\"author\":{\"@id\":\"https:\\\/\\\/www.eldigitaldeasturias.com\\\/noticias\\\/author\\\/admin\\\/#author\"},\"publisher\":{\"@id\":\"https:\\\/\\\/www.eldigitaldeasturias.com\\\/noticias\\\/#organization\"},\"image\":{\"@type\":\"ImageObject\",\"url\":\"https:\\\/\\\/www.eldigitaldeasturias.com\\\/noticias\\\/wp-content\\\/uploads\\\/2026\\\/06\\\/Contenidos.jpg\",\"width\":1265,\"height\":697,\"caption\":\"Contenidos\"},\"datePublished\":\"2014-01-27T01:19:48+01:00\",\"dateModified\":\"2014-01-27T01:19:48+01:00\",\"inLanguage\":\"es-ES\",\"mainEntityOfPage\":{\"@id\":\"https:\\\/\\\/www.eldigitaldeasturias.com\\\/noticias\\\/bartomeu-confirma-que-habra-algunos-cambios-en-la-junta-directiva\\\/#webpage\"},\"isPartOf\":{\"@id\":\"https:\\\/\\\/www.eldigitaldeasturias.com\\\/noticias\\\/bartomeu-confirma-que-habra-algunos-cambios-en-la-junta-directiva\\\/#webpage\"},\"articleSection\":\"Actualidad\"},{\"@type\":\"BreadcrumbList\",\"@id\":\"https:\\\/\\\/www.eldigitaldeasturias.com\\\/noticias\\\/bartomeu-confirma-que-habra-algunos-cambios-en-la-junta-directiva\\\/#breadcrumblist\",\"itemListElement\":[{\"@type\":\"ListItem\",\"@id\":\"https:\\\/\\\/www.eldigitaldeasturias.com\\\/noticias#listItem\",\"position\":1,\"name\":\"Home\",\"item\":\"https:\\\/\\\/www.eldigitaldeasturias.com\\\/noticias\",\"nextItem\":{\"@type\":\"ListItem\",\"@id\":\"https:\\\/\\\/www.eldigitaldeasturias.com\\\/noticias\\\/category\\\/actualidad\\\/#listItem\",\"name\":\"Actualidad\"}},{\"@type\":\"ListItem\",\"@id\":\"https:\\\/\\\/www.eldigitaldeasturias.com\\\/noticias\\\/category\\\/actualidad\\\/#listItem\",\"position\":2,\"name\":\"Actualidad\",\"item\":\"https:\\\/\\\/www.eldigitaldeasturias.com\\\/noticias\\\/category\\\/actualidad\\\/\",\"nextItem\":{\"@type\":\"ListItem\",\"@id\":\"https:\\\/\\\/www.eldigitaldeasturias.com\\\/noticias\\\/bartomeu-confirma-que-habra-algunos-cambios-en-la-junta-directiva\\\/#listItem\",\"name\":\"Bartomeu confirma que habr\\u00e1 \\u00abalgunos cambios\\u00bb en la junta directiva\"},\"previousItem\":{\"@type\":\"ListItem\",\"@id\":\"https:\\\/\\\/www.eldigitaldeasturias.com\\\/noticias#listItem\",\"name\":\"Home\"}},{\"@type\":\"ListItem\",\"@id\":\"https:\\\/\\\/www.eldigitaldeasturias.com\\\/noticias\\\/bartomeu-confirma-que-habra-algunos-cambios-en-la-junta-directiva\\\/#listItem\",\"position\":3,\"name\":\"Bartomeu confirma que habr\\u00e1 \\u00abalgunos cambios\\u00bb en la junta directiva\",\"previousItem\":{\"@type\":\"ListItem\",\"@id\":\"https:\\\/\\\/www.eldigitaldeasturias.com\\\/noticias\\\/category\\\/actualidad\\\/#listItem\",\"name\":\"Actualidad\"}}]},{\"@type\":\"Organization\",\"@id\":\"https:\\\/\\\/www.eldigitaldeasturias.com\\\/noticias\\\/#organization\",\"name\":\"El Digital de Asturias\",\"description\":\"Hemeroteca\",\"url\":\"https:\\\/\\\/www.eldigitaldeasturias.com\\\/noticias\\\/\",\"email\":\"info@eldigitaldeasturias.com\",\"telephone\":\"+34652131393\",\"logo\":{\"@type\":\"ImageObject\",\"url\":\"https:\\\/\\\/www.eldigitaldeasturias.com\\\/noticias\\\/wp-content\\\/uploads\\\/2020\\\/12\\\/EDA.jpg\",\"@id\":\"https:\\\/\\\/www.eldigitaldeasturias.com\\\/noticias\\\/bartomeu-confirma-que-habra-algunos-cambios-en-la-junta-directiva\\\/#organizationLogo\"},\"image\":{\"@id\":\"https:\\\/\\\/www.eldigitaldeasturias.com\\\/noticias\\\/bartomeu-confirma-que-habra-algunos-cambios-en-la-junta-directiva\\\/#organizationLogo\"},\"sameAs\":[\"https:\\\/\\\/facebook.com\\\/eldigitaldeasturias\",\"https:\\\/\\\/www.youtube.com\\\/channel\\\/UCZP-2wLEB9Rv6erhFmqVnvg\"],\"address\":{\"@id\":\"https:\\\/\\\/www.eldigitaldeasturias.com\\\/noticias\\\/#postaladdress\",\"@type\":\"PostalAddress\",\"streetAddress\":\"san antonio 4\",\"postalCode\":\"33430\",\"addressLocality\":\"Cand\\u00e1s\",\"addressRegion\":\"Asturias\",\"addressCountry\":\"ES\"}},{\"@type\":\"Person\",\"@id\":\"https:\\\/\\\/www.eldigitaldeasturias.com\\\/noticias\\\/author\\\/admin\\\/#author\",\"url\":\"https:\\\/\\\/www.eldigitaldeasturias.com\\\/noticias\\\/author\\\/admin\\\/\",\"name\":\"El Digital de Asturias\",\"image\":{\"@type\":\"ImageObject\",\"@id\":\"https:\\\/\\\/www.eldigitaldeasturias.com\\\/noticias\\\/bartomeu-confirma-que-habra-algunos-cambios-en-la-junta-directiva\\\/#authorImage\",\"url\":\"https:\\\/\\\/secure.gravatar.com\\\/avatar\\\/df2aeffc32bcd13f8d26072ef8a91b623d677766deac7f97ca815868cd41bf5e?s=96&d=mm&r=g\",\"width\":96,\"height\":96,\"caption\":\"El Digital de Asturias\"}},{\"@type\":\"WebPage\",\"@id\":\"https:\\\/\\\/www.eldigitaldeasturias.com\\\/noticias\\\/bartomeu-confirma-que-habra-algunos-cambios-en-la-junta-directiva\\\/#webpage\",\"url\":\"https:\\\/\\\/www.eldigitaldeasturias.com\\\/noticias\\\/bartomeu-confirma-que-habra-algunos-cambios-en-la-junta-directiva\\\/\",\"name\":\"Bartomeu confirma que habr\\u00e1 \\u00abalgunos cambios\\u00bb en la junta directiva - El Digital de Asturias\",\"description\":\"Barcelona, 26 ene (EFE).- El nuevo presidente del FC Barcelona, Josep Maria Bartomeu, ha asegurado hoy que \\\"durante los pr\\u00f3ximos d\\u00edas\\\" habr\\u00e1 algunos cambios en la junta directiva de la entidad azulgrana. \\\"Es posible que algunos directivos dejen responsabilidades y tomen otras\\\", ha adelantado antes del partido de Liga que su equipo disputa desde las\",\"inLanguage\":\"es-ES\",\"isPartOf\":{\"@id\":\"https:\\\/\\\/www.eldigitaldeasturias.com\\\/noticias\\\/#website\"},\"breadcrumb\":{\"@id\":\"https:\\\/\\\/www.eldigitaldeasturias.com\\\/noticias\\\/bartomeu-confirma-que-habra-algunos-cambios-en-la-junta-directiva\\\/#breadcrumblist\"},\"author\":{\"@id\":\"https:\\\/\\\/www.eldigitaldeasturias.com\\\/noticias\\\/author\\\/admin\\\/#author\"},\"creator\":{\"@id\":\"https:\\\/\\\/www.eldigitaldeasturias.com\\\/noticias\\\/author\\\/admin\\\/#author\"},\"image\":{\"@type\":\"ImageObject\",\"url\":\"https:\\\/\\\/www.eldigitaldeasturias.com\\\/noticias\\\/wp-content\\\/uploads\\\/2026\\\/06\\\/Contenidos.jpg\",\"@id\":\"https:\\\/\\\/www.eldigitaldeasturias.com\\\/noticias\\\/bartomeu-confirma-que-habra-algunos-cambios-en-la-junta-directiva\\\/#mainImage\",\"width\":1265,\"height\":697,\"caption\":\"Contenidos\"},\"primaryImageOfPage\":{\"@id\":\"https:\\\/\\\/www.eldigitaldeasturias.com\\\/noticias\\\/bartomeu-confirma-que-habra-algunos-cambios-en-la-junta-directiva\\\/#mainImage\"},\"datePublished\":\"2014-01-27T01:19:48+01:00\",\"dateModified\":\"2014-01-27T01:19:48+01:00\"},{\"@type\":\"WebSite\",\"@id\":\"https:\\\/\\\/www.eldigitaldeasturias.com\\\/noticias\\\/#website\",\"url\":\"https:\\\/\\\/www.eldigitaldeasturias.com\\\/noticias\\\/\",\"name\":\"El Digital de Asturias - Diario de actualidad y noticias\",\"alternateName\":\"El Digital de Asturias - Diario de actualidad y noticias\",\"description\":\"Hemeroteca\",\"inLanguage\":\"es-ES\",\"publisher\":{\"@id\":\"https:\\\/\\\/www.eldigitaldeasturias.com\\\/noticias\\\/#organization\"}}]}\n\t\t<\/script>\n\t\t<!-- All in One SEO Pro -->\r\n\t\t<title>Bartomeu confirma que habr\u00e1 \u00abalgunos cambios\u00bb en la junta directiva - El Digital de Asturias<\/title>\n\n","aioseo_head_json":{"title":"Bartomeu confirma que habr\u00e1 \u00abalgunos cambios\u00bb en la junta directiva - El Digital de Asturias","description":"Barcelona, 26 ene (EFE).- El nuevo presidente del FC Barcelona, Josep Maria Bartomeu, ha asegurado hoy que \"durante los pr\u00f3ximos d\u00edas\" habr\u00e1 algunos cambios en la junta directiva de la entidad azulgrana. \"Es posible que algunos directivos dejen responsabilidades y tomen otras\", ha adelantado antes del partido de Liga que su equipo disputa desde las","canonical_url":"https:\/\/www.eldigitaldeasturias.com\/noticias\/bartomeu-confirma-que-habra-algunos-cambios-en-la-junta-directiva\/","robots":"max-image-preview:large","keywords":"actualidad","webmasterTools":{"google-site-verification":"UA-38556648-1","msvalidate.01":"7dfe9f3f1b24437ab69f4f2559babe99","miscellaneous":""},"schema":{"@context":"https:\/\/schema.org","@graph":[{"@type":"BlogPosting","@id":"https:\/\/www.eldigitaldeasturias.com\/noticias\/bartomeu-confirma-que-habra-algunos-cambios-en-la-junta-directiva\/#blogposting","name":"Bartomeu confirma que habr\u00e1 \u00abalgunos cambios\u00bb en la junta directiva - El Digital de Asturias","headline":"Bartomeu confirma que habr\u00e1 \u00abalgunos cambios\u00bb en la junta directiva","author":{"@id":"https:\/\/www.eldigitaldeasturias.com\/noticias\/author\/admin\/#author"},"publisher":{"@id":"https:\/\/www.eldigitaldeasturias.com\/noticias\/#organization"},"image":{"@type":"ImageObject","url":"https:\/\/www.eldigitaldeasturias.com\/noticias\/wp-content\/uploads\/2026\/06\/Contenidos.jpg","width":1265,"height":697,"caption":"Contenidos"},"datePublished":"2014-01-27T01:19:48+01:00","dateModified":"2014-01-27T01:19:48+01:00","inLanguage":"es-ES","mainEntityOfPage":{"@id":"https:\/\/www.eldigitaldeasturias.com\/noticias\/bartomeu-confirma-que-habra-algunos-cambios-en-la-junta-directiva\/#webpage"},"isPartOf":{"@id":"https:\/\/www.eldigitaldeasturias.com\/noticias\/bartomeu-confirma-que-habra-algunos-cambios-en-la-junta-directiva\/#webpage"},"articleSection":"Actualidad"},{"@type":"BreadcrumbList","@id":"https:\/\/www.eldigitaldeasturias.com\/noticias\/bartomeu-confirma-que-habra-algunos-cambios-en-la-junta-directiva\/#breadcrumblist","itemListElement":[{"@type":"ListItem","@id":"https:\/\/www.eldigitaldeasturias.com\/noticias#listItem","position":1,"name":"Home","item":"https:\/\/www.eldigitaldeasturias.com\/noticias","nextItem":{"@type":"ListItem","@id":"https:\/\/www.eldigitaldeasturias.com\/noticias\/category\/actualidad\/#listItem","name":"Actualidad"}},{"@type":"ListItem","@id":"https:\/\/www.eldigitaldeasturias.com\/noticias\/category\/actualidad\/#listItem","position":2,"name":"Actualidad","item":"https:\/\/www.eldigitaldeasturias.com\/noticias\/category\/actualidad\/","nextItem":{"@type":"ListItem","@id":"https:\/\/www.eldigitaldeasturias.com\/noticias\/bartomeu-confirma-que-habra-algunos-cambios-en-la-junta-directiva\/#listItem","name":"Bartomeu confirma que habr\u00e1 \u00abalgunos cambios\u00bb en la junta directiva"},"previousItem":{"@type":"ListItem","@id":"https:\/\/www.eldigitaldeasturias.com\/noticias#listItem","name":"Home"}},{"@type":"ListItem","@id":"https:\/\/www.eldigitaldeasturias.com\/noticias\/bartomeu-confirma-que-habra-algunos-cambios-en-la-junta-directiva\/#listItem","position":3,"name":"Bartomeu confirma que habr\u00e1 \u00abalgunos cambios\u00bb en la junta directiva","previousItem":{"@type":"ListItem","@id":"https:\/\/www.eldigitaldeasturias.com\/noticias\/category\/actualidad\/#listItem","name":"Actualidad"}}]},{"@type":"Organization","@id":"https:\/\/www.eldigitaldeasturias.com\/noticias\/#organization","name":"El Digital de Asturias","description":"Hemeroteca","url":"https:\/\/www.eldigitaldeasturias.com\/noticias\/","email":"info@eldigitaldeasturias.com","telephone":"+34652131393","logo":{"@type":"ImageObject","url":"https:\/\/www.eldigitaldeasturias.com\/noticias\/wp-content\/uploads\/2020\/12\/EDA.jpg","@id":"https:\/\/www.eldigitaldeasturias.com\/noticias\/bartomeu-confirma-que-habra-algunos-cambios-en-la-junta-directiva\/#organizationLogo"},"image":{"@id":"https:\/\/www.eldigitaldeasturias.com\/noticias\/bartomeu-confirma-que-habra-algunos-cambios-en-la-junta-directiva\/#organizationLogo"},"sameAs":["https:\/\/facebook.com\/eldigitaldeasturias","https:\/\/www.youtube.com\/channel\/UCZP-2wLEB9Rv6erhFmqVnvg"],"address":{"@id":"https:\/\/www.eldigitaldeasturias.com\/noticias\/#postaladdress","@type":"PostalAddress","streetAddress":"san antonio 4","postalCode":"33430","addressLocality":"Cand\u00e1s","addressRegion":"Asturias","addressCountry":"ES"}},{"@type":"Person","@id":"https:\/\/www.eldigitaldeasturias.com\/noticias\/author\/admin\/#author","url":"https:\/\/www.eldigitaldeasturias.com\/noticias\/author\/admin\/","name":"El Digital de Asturias","image":{"@type":"ImageObject","@id":"https:\/\/www.eldigitaldeasturias.com\/noticias\/bartomeu-confirma-que-habra-algunos-cambios-en-la-junta-directiva\/#authorImage","url":"https:\/\/secure.gravatar.com\/avatar\/df2aeffc32bcd13f8d26072ef8a91b623d677766deac7f97ca815868cd41bf5e?s=96&d=mm&r=g","width":96,"height":96,"caption":"El Digital de Asturias"}},{"@type":"WebPage","@id":"https:\/\/www.eldigitaldeasturias.com\/noticias\/bartomeu-confirma-que-habra-algunos-cambios-en-la-junta-directiva\/#webpage","url":"https:\/\/www.eldigitaldeasturias.com\/noticias\/bartomeu-confirma-que-habra-algunos-cambios-en-la-junta-directiva\/","name":"Bartomeu confirma que habr\u00e1 \u00abalgunos cambios\u00bb en la junta directiva - El Digital de Asturias","description":"Barcelona, 26 ene (EFE).- El nuevo presidente del FC Barcelona, Josep Maria Bartomeu, ha asegurado hoy que \"durante los pr\u00f3ximos d\u00edas\" habr\u00e1 algunos cambios en la junta directiva de la entidad azulgrana. \"Es posible que algunos directivos dejen responsabilidades y tomen otras\", ha adelantado antes del partido de Liga que su equipo disputa desde las","inLanguage":"es-ES","isPartOf":{"@id":"https:\/\/www.eldigitaldeasturias.com\/noticias\/#website"},"breadcrumb":{"@id":"https:\/\/www.eldigitaldeasturias.com\/noticias\/bartomeu-confirma-que-habra-algunos-cambios-en-la-junta-directiva\/#breadcrumblist"},"author":{"@id":"https:\/\/www.eldigitaldeasturias.com\/noticias\/author\/admin\/#author"},"creator":{"@id":"https:\/\/www.eldigitaldeasturias.com\/noticias\/author\/admin\/#author"},"image":{"@type":"ImageObject","url":"https:\/\/www.eldigitaldeasturias.com\/noticias\/wp-content\/uploads\/2026\/06\/Contenidos.jpg","@id":"https:\/\/www.eldigitaldeasturias.com\/noticias\/bartomeu-confirma-que-habra-algunos-cambios-en-la-junta-directiva\/#mainImage","width":1265,"height":697,"caption":"Contenidos"},"primaryImageOfPage":{"@id":"https:\/\/www.eldigitaldeasturias.com\/noticias\/bartomeu-confirma-que-habra-algunos-cambios-en-la-junta-directiva\/#mainImage"},"datePublished":"2014-01-27T01:19:48+01:00","dateModified":"2014-01-27T01:19:48+01:00"},{"@type":"WebSite","@id":"https:\/\/www.eldigitaldeasturias.com\/noticias\/#website","url":"https:\/\/www.eldigitaldeasturias.com\/noticias\/","name":"El Digital de Asturias - Diario de actualidad y noticias","alternateName":"El Digital de Asturias - Diario de actualidad y noticias","description":"Hemeroteca","inLanguage":"es-ES","publisher":{"@id":"https:\/\/www.eldigitaldeasturias.com\/noticias\/#organization"}}]},"og:locale":"es_ES","og:site_name":"El Digital de Asturias","og:type":"article","og:title":"Bartomeu confirma que habr\u00e1 \u00abalgunos cambios\u00bb en la junta directiva - El Digital de Asturias","og:description":"Barcelona, 26 ene (EFE).- El nuevo presidente del FC Barcelona, Josep Maria Bartomeu, ha asegurado hoy que &quot;durante los pr\u00f3ximos d\u00edas&quot; habr\u00e1 algunos cambios en la junta directiva de la entidad azulgrana. &quot;Es posible que algunos directivos dejen responsabilidades y tomen otras&quot;, ha adelantado antes del partido de Liga que su equipo disputa desde las","og:url":"https:\/\/www.eldigitaldeasturias.com\/noticias\/bartomeu-confirma-que-habra-algunos-cambios-en-la-junta-directiva\/","og:image":"https:\/\/www.eldigitaldeasturias.com\/noticias\/wp-content\/uploads\/2026\/06\/Contenidos.jpg","og:image:secure_url":"https:\/\/www.eldigitaldeasturias.com\/noticias\/wp-content\/uploads\/2026\/06\/Contenidos.jpg","og:image:width":1265,"og:image:height":697,"article:tag":["actualidad"],"article:published_time":"2014-01-27T02:19:48+00:00","article:modified_time":"2014-01-27T02:19:48+00:00","article:publisher":"https:\/\/facebook.com\/eldigitaldeasturias","twitter:card":"summary_large_image","twitter:title":"Bartomeu confirma que habr\u00e1 \u00abalgunos cambios\u00bb en la junta directiva - El Digital de Asturias","twitter:description":"Barcelona, 26 ene (EFE).- El nuevo presidente del FC Barcelona, Josep Maria Bartomeu, ha asegurado hoy que &quot;durante los pr\u00f3ximos d\u00edas&quot; habr\u00e1 algunos cambios en la junta directiva de la entidad azulgrana. &quot;Es posible que algunos directivos dejen responsabilidades y tomen otras&quot;, ha adelantado antes del partido de Liga que su equipo disputa desde las","twitter:image":"https:\/\/www.eldigitaldeasturias.com\/noticias\/wp-content\/uploads\/2026\/06\/Contenidos.jpg","twitter:label1":"Escrito por","twitter:data1":"El Digital de Asturias","twitter:label2":"Tiempo de lectura estimado","twitter:data2":"2 minutos"},"aioseo_meta_data":{"post_id":"479400","title":null,"description":null,"keywords":null,"keyphrases":null,"primary_term":null,"canonical_url":null,"og_title":null,"og_description":null,"og_object_type":"default","og_image_type":"default","og_image_url":null,"og_image_width":null,"og_image_height":null,"og_image_custom_url":null,"og_image_custom_fields":null,"og_video":null,"og_custom_url":null,"og_article_section":null,"og_article_tags":null,"twitter_use_og":true,"twitter_card":"default","twitter_image_type":"default","twitter_image_url":null,"twitter_image_custom_url":null,"twitter_image_custom_fields":null,"twitter_title":null,"twitter_description":null,"schema":{"blockGraphs":[],"customGraphs":[],"default":{"data":{"Article":[],"Course":[],"Dataset":[],"FAQPage":[],"Movie":[],"Person":[],"Product":[],"ProductReview":[],"Car":[],"Recipe":[],"Service":[],"SoftwareApplication":[],"WebPage":[]},"graphName":"","isEnabled":true},"graphs":[],"defaultGraph":"","defaultPostTypeGraph":""},"schema_type":null,"schema_type_options":null,"pillar_content":false,"robots_default":true,"robots_noindex":false,"robots_noarchive":false,"robots_nosnippet":false,"robots_nofollow":false,"robots_noimageindex":false,"robots_noodp":false,"robots_notranslate":false,"robots_max_snippet":null,"robots_max_videopreview":null,"robots_max_imagepreview":"none","priority":null,"frequency":null,"local_seo":null,"seo_analyzer_scan_date":"2026-06-02 00:23:59","breadcrumb_settings":null,"limit_modified_date":false,"open_ai":null,"ai":null,"created":"2020-11-14 22:54:03","updated":"2026-06-02 00:23:59","focus_keyword":null,"additional_keywords":null,"truseo_locale":null},"aioseo_breadcrumb":"<div class=\"aioseo-breadcrumbs\"><span class=\"aioseo-breadcrumb\">\n\t<a href=\"https:\/\/www.eldigitaldeasturias.com\/noticias\" title=\"Home\">Home<\/a>\n<\/span><span class=\"aioseo-breadcrumb-separator\">\u2013<\/span><span class=\"aioseo-breadcrumb\">\n\t<a href=\"https:\/\/www.eldigitaldeasturias.com\/noticias\/category\/actualidad\/\" title=\"Actualidad\">Actualidad<\/a>\n<\/span><span class=\"aioseo-breadcrumb-separator\">\u2013<\/span><span class=\"aioseo-breadcrumb\">\n\t<a href=\"https:\/\/www.eldigitaldeasturias.com\/noticias\/bartomeu-confirma-que-habra-algunos-cambios-en-la-junta-directiva\/\" title=\"Bartomeu confirma que habr\u00e1 \u00abalgunos cambios\u00bb en la junta directiva\">Bartomeu confirma que habr\u00e1 \u00abalgunos cambios\u00bb en la junta directiva<\/a>\n<\/span><\/div>","aioseo_breadcrumb_json":[{"label":"Home","link":"https:\/\/www.eldigitaldeasturias.com\/noticias"},{"label":"Actualidad","link":"https:\/\/www.eldigitaldeasturias.com\/noticias\/category\/actualidad\/"},{"label":"Bartomeu confirma que habr\u00e1 \u00abalgunos cambios\u00bb en la junta directiva","link":"https:\/\/www.eldigitaldeasturias.com\/noticias\/bartomeu-confirma-que-habra-algunos-cambios-en-la-junta-directiva\/"}],"_links":{"self":[{"href":"https:\/\/www.eldigitaldeasturias.com\/noticias\/wp-json\/wp\/v2\/posts\/479400","targetHints":{"allow":["GET"]}}],"collection":[{"href":"https:\/\/www.eldigitaldeasturias.com\/noticias\/wp-json\/wp\/v2\/posts"}],"about":[{"href":"https:\/\/www.eldigitaldeasturias.com\/noticias\/wp-json\/wp\/v2\/types\/post"}],"author":[{"embeddable":true,"href":"https:\/\/www.eldigitaldeasturias.com\/noticias\/wp-json\/wp\/v2\/users\/1"}],"replies":[{"embeddable":true,"href":"https:\/\/www.eldigitaldeasturias.com\/noticias\/wp-json\/wp\/v2\/comments?post=479400"}],"version-history":[{"count":0,"href":"https:\/\/www.eldigitaldeasturias.com\/noticias\/wp-json\/wp\/v2\/posts\/479400\/revisions"}],"wp:featuredmedia":[{"embeddable":true,"href":"https:\/\/www.eldigitaldeasturias.com\/noticias\/wp-json\/wp\/v2\/media\/1132184"}],"wp:attachment":[{"href":"https:\/\/www.eldigitaldeasturias.com\/noticias\/wp-json\/wp\/v2\/media?parent=479400"}],"wp:term":[{"taxonomy":"category","embeddable":true,"href":"https:\/\/www.eldigitaldeasturias.com\/noticias\/wp-json\/wp\/v2\/categories?post=479400"},{"taxonomy":"post_tag","embeddable":true,"href":"https:\/\/www.eldigitaldeasturias.com\/noticias\/wp-json\/wp\/v2\/tags?post=479400"}],"curies":[{"name":"wp","href":"https:\/\/api.w.org\/{rel}","templated":true}]}}