{"id":479398,"date":"2014-01-27T01:14:02","date_gmt":"2014-01-27T02:14:02","guid":{"rendered":"http:\/\/www.eldigitaldeasturias.com\/noticias\/?p=479398"},"modified":"2014-01-27T01:14:02","modified_gmt":"2014-01-27T02:14:02","slug":"fans-de-schumacher-se-reunen-en-spa-para-mandarle-energia-positiva","status":"publish","type":"post","link":"https:\/\/www.eldigitaldeasturias.com\/noticias\/fans-de-schumacher-se-reunen-en-spa-para-mandarle-energia-positiva\/","title":{"rendered":"Fans de Schumacher se re\u00fanen en Spa para mandarle \u00abenerg\u00eda positiva\u00bb"},"content":{"rendered":"<p><img loading=\"lazy\" decoding=\"async\" class=\"alignleft size-full wp-image-468343\" alt=\"schumacher\" src=\"https:\/\/www.eldigitaldeasturias.com\/noticias\/wp-content\/uploads\/2013\/12\/schumacher.jpg\" width=\"350\" height=\"276\" \/>Spa-Francorchamps (B\u00e9lgica), 26 ene (dpa) &#8211; Cientos de aficionados del ex piloto de F\u00f3rmula 1 Michael Schumacher se reunieron hoy en el circuito belga de Spa-Francorchamps para mandar fuerzas al alem\u00e1n, hospitalizado en Francia desde hace casi un mes.<\/p>\n<p>El objetivo de la marcha tributo a Schumacher en el trazado de 7,004 kil\u00f3metros es mandar una \u00abenerg\u00eda positiva\u00bb a la familia de Schumacher, se\u00f1al\u00f3 la coordinadora del evento, Heidi Hendrickx, seg\u00fan el diario \u00abLe Soir\u00bb.<\/p>\n<p>Ning\u00fan otro circuito est\u00e1 m\u00e1s relacionado con Schumacher que el trazado belga, donde el siete veces campe\u00f3n del mundo debut\u00f3 en la m\u00e1xima categor\u00eda del motor en 1991 y donde un a\u00f1o despu\u00e9s logr\u00f3 la primera de sus 91 victorias en la F\u00f3rmula 1.<\/p>\n<p>Adem\u00e1s, el alem\u00e1n tiene el t\u00edtulo de ciudadano de honor de Spa, donde en 2004 gan\u00f3 su s\u00e9ptimo t\u00edtulo mundial y donde en 2012 celebr\u00f3 su carrera n\u00famero 300 en la F\u00f3rmula 1.<\/p>\n<p>Schumacher lleva cuatro semanas en coma inducido en el hospital universitario de Grenoble despu\u00e9s de que el 29 de diciembre sufriera una aparatosa ca\u00edda mientras esquiaba fuera de pista en la estaci\u00f3n de M\u00e9ribel, en los Alpes franceses. El alem\u00e1n se da\u00f1\u00f3 la cabeza y fue operado varias veces para intentar reducir hematomas cerebrales.<\/p>\n<p>Los m\u00e9dicos de la cl\u00ednica facilitaron el \u00faltimo parte oficial el 17 de enero. Schumacher, de 45 a\u00f1os, contin\u00faa en estado cr\u00edtico pero estable.<\/p>\n","protected":false},"excerpt":{"rendered":"<p>Spa-Francorchamps (B\u00e9lgica), 26 ene (dpa) &#8211; Cientos de aficionados del ex piloto de F\u00f3rmula 1 Michael Schumacher se reunieron hoy en el circuito belga de Spa-Francorchamps para mandar fuerzas al alem\u00e1n, hospitalizado en Francia desde hace casi un mes. El objetivo de la marcha tributo a Schumacher en el trazado de 7,004 kil\u00f3metros es mandar [&hellip;]<\/p>\n","protected":false},"author":1,"featured_media":468343,"comment_status":"closed","ping_status":"open","sticky":false,"template":"","format":"standard","meta":{"footnotes":""},"categories":[1],"tags":[],"class_list":["post-479398","post","type-post","status-publish","format-standard","has-post-thumbnail","hentry","category-actualidad"],"aioseo_notices":[],"aioseo_head":"\n\t\t<!-- All in One SEO Pro 5.0.1 - aioseo.com -->\n\t<meta name=\"description\" content=\"Spa-Francorchamps (B\u00e9lgica), 26 ene (dpa) - Cientos de aficionados del ex piloto de F\u00f3rmula 1 Michael Schumacher se reunieron hoy en el circuito belga de Spa-Francorchamps para mandar fuerzas al alem\u00e1n, hospitalizado en Francia desde hace casi un mes. El objetivo de la marcha tributo a Schumacher en el trazado de 7,004 kil\u00f3metros es mandar\" \/>\n\t<meta name=\"robots\" content=\"max-image-preview:large\" \/>\n\t<meta name=\"author\" content=\"El Digital de Asturias\"\/>\n\t<meta name=\"google-site-verification\" content=\"UA-38556648-1\" \/>\n\t<meta name=\"msvalidate.01\" content=\"7dfe9f3f1b24437ab69f4f2559babe99\" \/>\n\t<meta name=\"keywords\" content=\"actualidad\" \/>\n\t<link rel=\"canonical\" href=\"https:\/\/www.eldigitaldeasturias.com\/noticias\/fans-de-schumacher-se-reunen-en-spa-para-mandarle-energia-positiva\/\" \/>\n\t<meta name=\"generator\" content=\"All in One SEO Pro (AIOSEO) 5.0.1\" \/>\n\t\t<meta property=\"og:locale\" content=\"es_ES\" \/>\n\t\t<meta property=\"og:site_name\" content=\"El Digital de Asturias\" \/>\n\t\t<meta property=\"og:type\" content=\"article\" \/>\n\t\t<meta property=\"og:title\" content=\"Fans de Schumacher se re\u00fanen en Spa para mandarle \u00abenerg\u00eda positiva\u00bb - El Digital de Asturias\" \/>\n\t\t<meta property=\"og:description\" content=\"Spa-Francorchamps (B\u00e9lgica), 26 ene (dpa) - Cientos de aficionados del ex piloto de F\u00f3rmula 1 Michael Schumacher se reunieron hoy en el circuito belga de Spa-Francorchamps para mandar fuerzas al alem\u00e1n, hospitalizado en Francia desde hace casi un mes. El objetivo de la marcha tributo a Schumacher en el trazado de 7,004 kil\u00f3metros es mandar\" \/>\n\t\t<meta property=\"og:url\" content=\"https:\/\/www.eldigitaldeasturias.com\/noticias\/fans-de-schumacher-se-reunen-en-spa-para-mandarle-energia-positiva\/\" \/>\n\t\t<meta property=\"article:tag\" content=\"actualidad\" \/>\n\t\t<meta property=\"article:published_time\" content=\"2014-01-27T02:14:02+00:00\" \/>\n\t\t<meta property=\"article:modified_time\" content=\"2014-01-27T02:14:02+00:00\" \/>\n\t\t<meta property=\"article:publisher\" content=\"https:\/\/facebook.com\/eldigitaldeasturias\" \/>\n\t\t<meta name=\"twitter:card\" content=\"summary_large_image\" \/>\n\t\t<meta name=\"twitter:title\" content=\"Fans de Schumacher se re\u00fanen en Spa para mandarle \u00abenerg\u00eda positiva\u00bb - El Digital de Asturias\" \/>\n\t\t<meta name=\"twitter:description\" content=\"Spa-Francorchamps (B\u00e9lgica), 26 ene (dpa) - Cientos de aficionados del ex piloto de F\u00f3rmula 1 Michael Schumacher se reunieron hoy en el circuito belga de Spa-Francorchamps para mandar fuerzas al alem\u00e1n, hospitalizado en Francia desde hace casi un mes. El objetivo de la marcha tributo a Schumacher en el trazado de 7,004 kil\u00f3metros es mandar\" \/>\n\t\t<meta name=\"twitter:label1\" content=\"Escrito por\" \/>\n\t\t<meta name=\"twitter:data1\" content=\"El Digital de Asturias\" \/>\n\t\t<meta name=\"twitter:label2\" content=\"Tiempo de lectura estimado\" \/>\n\t\t<meta name=\"twitter:data2\" content=\"1 minuto\" \/>\n\t\t<script type=\"application\/ld+json\" class=\"aioseo-schema\">\n\t\t\t{\"@context\":\"https:\\\/\\\/schema.org\",\"@graph\":[{\"@type\":\"BlogPosting\",\"@id\":\"https:\\\/\\\/www.eldigitaldeasturias.com\\\/noticias\\\/fans-de-schumacher-se-reunen-en-spa-para-mandarle-energia-positiva\\\/#blogposting\",\"name\":\"Fans de Schumacher se re\\u00fanen en Spa para mandarle \\u00abenerg\\u00eda positiva\\u00bb - El Digital de Asturias\",\"headline\":\"Fans de Schumacher se re\\u00fanen en Spa para mandarle \\u00abenerg\\u00eda positiva\\u00bb\",\"author\":{\"@id\":\"https:\\\/\\\/www.eldigitaldeasturias.com\\\/noticias\\\/author\\\/admin\\\/#author\"},\"publisher\":{\"@id\":\"https:\\\/\\\/www.eldigitaldeasturias.com\\\/noticias\\\/#organization\"},\"image\":{\"@type\":\"ImageObject\",\"url\":468343},\"datePublished\":\"2014-01-27T01:14:02+01:00\",\"dateModified\":\"2014-01-27T01:14:02+01:00\",\"inLanguage\":\"es-ES\",\"mainEntityOfPage\":{\"@id\":\"https:\\\/\\\/www.eldigitaldeasturias.com\\\/noticias\\\/fans-de-schumacher-se-reunen-en-spa-para-mandarle-energia-positiva\\\/#webpage\"},\"isPartOf\":{\"@id\":\"https:\\\/\\\/www.eldigitaldeasturias.com\\\/noticias\\\/fans-de-schumacher-se-reunen-en-spa-para-mandarle-energia-positiva\\\/#webpage\"},\"articleSection\":\"Actualidad\"},{\"@type\":\"BreadcrumbList\",\"@id\":\"https:\\\/\\\/www.eldigitaldeasturias.com\\\/noticias\\\/fans-de-schumacher-se-reunen-en-spa-para-mandarle-energia-positiva\\\/#breadcrumblist\",\"itemListElement\":[{\"@type\":\"ListItem\",\"@id\":\"https:\\\/\\\/www.eldigitaldeasturias.com\\\/noticias#listItem\",\"position\":1,\"name\":\"Home\",\"item\":\"https:\\\/\\\/www.eldigitaldeasturias.com\\\/noticias\",\"nextItem\":{\"@type\":\"ListItem\",\"@id\":\"https:\\\/\\\/www.eldigitaldeasturias.com\\\/noticias\\\/category\\\/actualidad\\\/#listItem\",\"name\":\"Actualidad\"}},{\"@type\":\"ListItem\",\"@id\":\"https:\\\/\\\/www.eldigitaldeasturias.com\\\/noticias\\\/category\\\/actualidad\\\/#listItem\",\"position\":2,\"name\":\"Actualidad\",\"item\":\"https:\\\/\\\/www.eldigitaldeasturias.com\\\/noticias\\\/category\\\/actualidad\\\/\",\"nextItem\":{\"@type\":\"ListItem\",\"@id\":\"https:\\\/\\\/www.eldigitaldeasturias.com\\\/noticias\\\/fans-de-schumacher-se-reunen-en-spa-para-mandarle-energia-positiva\\\/#listItem\",\"name\":\"Fans de Schumacher se re\\u00fanen en Spa para mandarle \\u00abenerg\\u00eda positiva\\u00bb\"},\"previousItem\":{\"@type\":\"ListItem\",\"@id\":\"https:\\\/\\\/www.eldigitaldeasturias.com\\\/noticias#listItem\",\"name\":\"Home\"}},{\"@type\":\"ListItem\",\"@id\":\"https:\\\/\\\/www.eldigitaldeasturias.com\\\/noticias\\\/fans-de-schumacher-se-reunen-en-spa-para-mandarle-energia-positiva\\\/#listItem\",\"position\":3,\"name\":\"Fans de Schumacher se re\\u00fanen en Spa para mandarle \\u00abenerg\\u00eda positiva\\u00bb\",\"previousItem\":{\"@type\":\"ListItem\",\"@id\":\"https:\\\/\\\/www.eldigitaldeasturias.com\\\/noticias\\\/category\\\/actualidad\\\/#listItem\",\"name\":\"Actualidad\"}}]},{\"@type\":\"Organization\",\"@id\":\"https:\\\/\\\/www.eldigitaldeasturias.com\\\/noticias\\\/#organization\",\"name\":\"El Digital de Asturias\",\"description\":\"Hemeroteca\",\"url\":\"https:\\\/\\\/www.eldigitaldeasturias.com\\\/noticias\\\/\",\"email\":\"info@eldigitaldeasturias.com\",\"telephone\":\"+34652131393\",\"logo\":{\"@type\":\"ImageObject\",\"url\":\"https:\\\/\\\/www.eldigitaldeasturias.com\\\/noticias\\\/wp-content\\\/uploads\\\/2020\\\/12\\\/EDA.jpg\",\"@id\":\"https:\\\/\\\/www.eldigitaldeasturias.com\\\/noticias\\\/fans-de-schumacher-se-reunen-en-spa-para-mandarle-energia-positiva\\\/#organizationLogo\"},\"image\":{\"@id\":\"https:\\\/\\\/www.eldigitaldeasturias.com\\\/noticias\\\/fans-de-schumacher-se-reunen-en-spa-para-mandarle-energia-positiva\\\/#organizationLogo\"},\"sameAs\":[\"https:\\\/\\\/facebook.com\\\/eldigitaldeasturias\",\"https:\\\/\\\/www.youtube.com\\\/channel\\\/UCZP-2wLEB9Rv6erhFmqVnvg\"],\"address\":{\"@id\":\"https:\\\/\\\/www.eldigitaldeasturias.com\\\/noticias\\\/#postaladdress\",\"@type\":\"PostalAddress\",\"streetAddress\":\"san antonio 4\",\"postalCode\":\"33430\",\"addressLocality\":\"Cand\\u00e1s\",\"addressRegion\":\"Asturias\",\"addressCountry\":\"ES\"}},{\"@type\":\"Person\",\"@id\":\"https:\\\/\\\/www.eldigitaldeasturias.com\\\/noticias\\\/author\\\/admin\\\/#author\",\"url\":\"https:\\\/\\\/www.eldigitaldeasturias.com\\\/noticias\\\/author\\\/admin\\\/\",\"name\":\"El Digital de Asturias\",\"image\":{\"@type\":\"ImageObject\",\"@id\":\"https:\\\/\\\/www.eldigitaldeasturias.com\\\/noticias\\\/fans-de-schumacher-se-reunen-en-spa-para-mandarle-energia-positiva\\\/#authorImage\",\"url\":\"https:\\\/\\\/secure.gravatar.com\\\/avatar\\\/df2aeffc32bcd13f8d26072ef8a91b623d677766deac7f97ca815868cd41bf5e?s=96&d=mm&r=g\",\"width\":96,\"height\":96,\"caption\":\"El Digital de Asturias\"}},{\"@type\":\"WebPage\",\"@id\":\"https:\\\/\\\/www.eldigitaldeasturias.com\\\/noticias\\\/fans-de-schumacher-se-reunen-en-spa-para-mandarle-energia-positiva\\\/#webpage\",\"url\":\"https:\\\/\\\/www.eldigitaldeasturias.com\\\/noticias\\\/fans-de-schumacher-se-reunen-en-spa-para-mandarle-energia-positiva\\\/\",\"name\":\"Fans de Schumacher se re\\u00fanen en Spa para mandarle \\u00abenerg\\u00eda positiva\\u00bb - El Digital de Asturias\",\"description\":\"Spa-Francorchamps (B\\u00e9lgica), 26 ene (dpa) - Cientos de aficionados del ex piloto de F\\u00f3rmula 1 Michael Schumacher se reunieron hoy en el circuito belga de Spa-Francorchamps para mandar fuerzas al alem\\u00e1n, hospitalizado en Francia desde hace casi un mes. El objetivo de la marcha tributo a Schumacher en el trazado de 7,004 kil\\u00f3metros es mandar\",\"inLanguage\":\"es-ES\",\"isPartOf\":{\"@id\":\"https:\\\/\\\/www.eldigitaldeasturias.com\\\/noticias\\\/#website\"},\"breadcrumb\":{\"@id\":\"https:\\\/\\\/www.eldigitaldeasturias.com\\\/noticias\\\/fans-de-schumacher-se-reunen-en-spa-para-mandarle-energia-positiva\\\/#breadcrumblist\"},\"author\":{\"@id\":\"https:\\\/\\\/www.eldigitaldeasturias.com\\\/noticias\\\/author\\\/admin\\\/#author\"},\"creator\":{\"@id\":\"https:\\\/\\\/www.eldigitaldeasturias.com\\\/noticias\\\/author\\\/admin\\\/#author\"},\"image\":{\"@type\":\"ImageObject\",\"url\":468343,\"@id\":\"https:\\\/\\\/www.eldigitaldeasturias.com\\\/noticias\\\/fans-de-schumacher-se-reunen-en-spa-para-mandarle-energia-positiva\\\/#mainImage\"},\"primaryImageOfPage\":{\"@id\":\"https:\\\/\\\/www.eldigitaldeasturias.com\\\/noticias\\\/fans-de-schumacher-se-reunen-en-spa-para-mandarle-energia-positiva\\\/#mainImage\"},\"datePublished\":\"2014-01-27T01:14:02+01:00\",\"dateModified\":\"2014-01-27T01:14:02+01:00\"},{\"@type\":\"WebSite\",\"@id\":\"https:\\\/\\\/www.eldigitaldeasturias.com\\\/noticias\\\/#website\",\"url\":\"https:\\\/\\\/www.eldigitaldeasturias.com\\\/noticias\\\/\",\"name\":\"El Digital de Asturias - Diario de actualidad y noticias\",\"alternateName\":\"El Digital de Asturias - Diario de actualidad y noticias\",\"description\":\"Hemeroteca\",\"inLanguage\":\"es-ES\",\"publisher\":{\"@id\":\"https:\\\/\\\/www.eldigitaldeasturias.com\\\/noticias\\\/#organization\"}}]}\n\t\t<\/script>\n\t\t<!-- All in One SEO Pro -->\r\n\t\t<title>Fans de Schumacher se re\u00fanen en Spa para mandarle \u00abenerg\u00eda positiva\u00bb - El Digital de Asturias<\/title>\n\n","aioseo_head_json":{"title":"Fans de Schumacher se re\u00fanen en Spa para mandarle \u00abenerg\u00eda positiva\u00bb - El Digital de Asturias","description":"Spa-Francorchamps (B\u00e9lgica), 26 ene (dpa) - Cientos de aficionados del ex piloto de F\u00f3rmula 1 Michael Schumacher se reunieron hoy en el circuito belga de Spa-Francorchamps para mandar fuerzas al alem\u00e1n, hospitalizado en Francia desde hace casi un mes. El objetivo de la marcha tributo a Schumacher en el trazado de 7,004 kil\u00f3metros es mandar","canonical_url":"https:\/\/www.eldigitaldeasturias.com\/noticias\/fans-de-schumacher-se-reunen-en-spa-para-mandarle-energia-positiva\/","robots":"max-image-preview:large","keywords":"actualidad","webmasterTools":{"google-site-verification":"UA-38556648-1","msvalidate.01":"7dfe9f3f1b24437ab69f4f2559babe99","miscellaneous":""},"schema":{"@context":"https:\/\/schema.org","@graph":[{"@type":"BlogPosting","@id":"https:\/\/www.eldigitaldeasturias.com\/noticias\/fans-de-schumacher-se-reunen-en-spa-para-mandarle-energia-positiva\/#blogposting","name":"Fans de Schumacher se re\u00fanen en Spa para mandarle \u00abenerg\u00eda positiva\u00bb - El Digital de Asturias","headline":"Fans de Schumacher se re\u00fanen en Spa para mandarle \u00abenerg\u00eda positiva\u00bb","author":{"@id":"https:\/\/www.eldigitaldeasturias.com\/noticias\/author\/admin\/#author"},"publisher":{"@id":"https:\/\/www.eldigitaldeasturias.com\/noticias\/#organization"},"image":{"@type":"ImageObject","url":468343},"datePublished":"2014-01-27T01:14:02+01:00","dateModified":"2014-01-27T01:14:02+01:00","inLanguage":"es-ES","mainEntityOfPage":{"@id":"https:\/\/www.eldigitaldeasturias.com\/noticias\/fans-de-schumacher-se-reunen-en-spa-para-mandarle-energia-positiva\/#webpage"},"isPartOf":{"@id":"https:\/\/www.eldigitaldeasturias.com\/noticias\/fans-de-schumacher-se-reunen-en-spa-para-mandarle-energia-positiva\/#webpage"},"articleSection":"Actualidad"},{"@type":"BreadcrumbList","@id":"https:\/\/www.eldigitaldeasturias.com\/noticias\/fans-de-schumacher-se-reunen-en-spa-para-mandarle-energia-positiva\/#breadcrumblist","itemListElement":[{"@type":"ListItem","@id":"https:\/\/www.eldigitaldeasturias.com\/noticias#listItem","position":1,"name":"Home","item":"https:\/\/www.eldigitaldeasturias.com\/noticias","nextItem":{"@type":"ListItem","@id":"https:\/\/www.eldigitaldeasturias.com\/noticias\/category\/actualidad\/#listItem","name":"Actualidad"}},{"@type":"ListItem","@id":"https:\/\/www.eldigitaldeasturias.com\/noticias\/category\/actualidad\/#listItem","position":2,"name":"Actualidad","item":"https:\/\/www.eldigitaldeasturias.com\/noticias\/category\/actualidad\/","nextItem":{"@type":"ListItem","@id":"https:\/\/www.eldigitaldeasturias.com\/noticias\/fans-de-schumacher-se-reunen-en-spa-para-mandarle-energia-positiva\/#listItem","name":"Fans de Schumacher se re\u00fanen en Spa para mandarle \u00abenerg\u00eda positiva\u00bb"},"previousItem":{"@type":"ListItem","@id":"https:\/\/www.eldigitaldeasturias.com\/noticias#listItem","name":"Home"}},{"@type":"ListItem","@id":"https:\/\/www.eldigitaldeasturias.com\/noticias\/fans-de-schumacher-se-reunen-en-spa-para-mandarle-energia-positiva\/#listItem","position":3,"name":"Fans de Schumacher se re\u00fanen en Spa para mandarle \u00abenerg\u00eda positiva\u00bb","previousItem":{"@type":"ListItem","@id":"https:\/\/www.eldigitaldeasturias.com\/noticias\/category\/actualidad\/#listItem","name":"Actualidad"}}]},{"@type":"Organization","@id":"https:\/\/www.eldigitaldeasturias.com\/noticias\/#organization","name":"El Digital de Asturias","description":"Hemeroteca","url":"https:\/\/www.eldigitaldeasturias.com\/noticias\/","email":"info@eldigitaldeasturias.com","telephone":"+34652131393","logo":{"@type":"ImageObject","url":"https:\/\/www.eldigitaldeasturias.com\/noticias\/wp-content\/uploads\/2020\/12\/EDA.jpg","@id":"https:\/\/www.eldigitaldeasturias.com\/noticias\/fans-de-schumacher-se-reunen-en-spa-para-mandarle-energia-positiva\/#organizationLogo"},"image":{"@id":"https:\/\/www.eldigitaldeasturias.com\/noticias\/fans-de-schumacher-se-reunen-en-spa-para-mandarle-energia-positiva\/#organizationLogo"},"sameAs":["https:\/\/facebook.com\/eldigitaldeasturias","https:\/\/www.youtube.com\/channel\/UCZP-2wLEB9Rv6erhFmqVnvg"],"address":{"@id":"https:\/\/www.eldigitaldeasturias.com\/noticias\/#postaladdress","@type":"PostalAddress","streetAddress":"san antonio 4","postalCode":"33430","addressLocality":"Cand\u00e1s","addressRegion":"Asturias","addressCountry":"ES"}},{"@type":"Person","@id":"https:\/\/www.eldigitaldeasturias.com\/noticias\/author\/admin\/#author","url":"https:\/\/www.eldigitaldeasturias.com\/noticias\/author\/admin\/","name":"El Digital de Asturias","image":{"@type":"ImageObject","@id":"https:\/\/www.eldigitaldeasturias.com\/noticias\/fans-de-schumacher-se-reunen-en-spa-para-mandarle-energia-positiva\/#authorImage","url":"https:\/\/secure.gravatar.com\/avatar\/df2aeffc32bcd13f8d26072ef8a91b623d677766deac7f97ca815868cd41bf5e?s=96&d=mm&r=g","width":96,"height":96,"caption":"El Digital de Asturias"}},{"@type":"WebPage","@id":"https:\/\/www.eldigitaldeasturias.com\/noticias\/fans-de-schumacher-se-reunen-en-spa-para-mandarle-energia-positiva\/#webpage","url":"https:\/\/www.eldigitaldeasturias.com\/noticias\/fans-de-schumacher-se-reunen-en-spa-para-mandarle-energia-positiva\/","name":"Fans de Schumacher se re\u00fanen en Spa para mandarle \u00abenerg\u00eda positiva\u00bb - El Digital de Asturias","description":"Spa-Francorchamps (B\u00e9lgica), 26 ene (dpa) - Cientos de aficionados del ex piloto de F\u00f3rmula 1 Michael Schumacher se reunieron hoy en el circuito belga de Spa-Francorchamps para mandar fuerzas al alem\u00e1n, hospitalizado en Francia desde hace casi un mes. El objetivo de la marcha tributo a Schumacher en el trazado de 7,004 kil\u00f3metros es mandar","inLanguage":"es-ES","isPartOf":{"@id":"https:\/\/www.eldigitaldeasturias.com\/noticias\/#website"},"breadcrumb":{"@id":"https:\/\/www.eldigitaldeasturias.com\/noticias\/fans-de-schumacher-se-reunen-en-spa-para-mandarle-energia-positiva\/#breadcrumblist"},"author":{"@id":"https:\/\/www.eldigitaldeasturias.com\/noticias\/author\/admin\/#author"},"creator":{"@id":"https:\/\/www.eldigitaldeasturias.com\/noticias\/author\/admin\/#author"},"image":{"@type":"ImageObject","url":468343,"@id":"https:\/\/www.eldigitaldeasturias.com\/noticias\/fans-de-schumacher-se-reunen-en-spa-para-mandarle-energia-positiva\/#mainImage"},"primaryImageOfPage":{"@id":"https:\/\/www.eldigitaldeasturias.com\/noticias\/fans-de-schumacher-se-reunen-en-spa-para-mandarle-energia-positiva\/#mainImage"},"datePublished":"2014-01-27T01:14:02+01:00","dateModified":"2014-01-27T01:14:02+01:00"},{"@type":"WebSite","@id":"https:\/\/www.eldigitaldeasturias.com\/noticias\/#website","url":"https:\/\/www.eldigitaldeasturias.com\/noticias\/","name":"El Digital de Asturias - Diario de actualidad y noticias","alternateName":"El Digital de Asturias - Diario de actualidad y noticias","description":"Hemeroteca","inLanguage":"es-ES","publisher":{"@id":"https:\/\/www.eldigitaldeasturias.com\/noticias\/#organization"}}]},"og:locale":"es_ES","og:site_name":"El Digital de Asturias","og:type":"article","og:title":"Fans de Schumacher se re\u00fanen en Spa para mandarle \u00abenerg\u00eda positiva\u00bb - El Digital de Asturias","og:description":"Spa-Francorchamps (B\u00e9lgica), 26 ene (dpa) - Cientos de aficionados del ex piloto de F\u00f3rmula 1 Michael Schumacher se reunieron hoy en el circuito belga de Spa-Francorchamps para mandar fuerzas al alem\u00e1n, hospitalizado en Francia desde hace casi un mes. El objetivo de la marcha tributo a Schumacher en el trazado de 7,004 kil\u00f3metros es mandar","og:url":"https:\/\/www.eldigitaldeasturias.com\/noticias\/fans-de-schumacher-se-reunen-en-spa-para-mandarle-energia-positiva\/","article:tag":["actualidad"],"article:published_time":"2014-01-27T02:14:02+00:00","article:modified_time":"2014-01-27T02:14:02+00:00","article:publisher":"https:\/\/facebook.com\/eldigitaldeasturias","twitter:card":"summary_large_image","twitter:title":"Fans de Schumacher se re\u00fanen en Spa para mandarle \u00abenerg\u00eda positiva\u00bb - El Digital de Asturias","twitter:description":"Spa-Francorchamps (B\u00e9lgica), 26 ene (dpa) - Cientos de aficionados del ex piloto de F\u00f3rmula 1 Michael Schumacher se reunieron hoy en el circuito belga de Spa-Francorchamps para mandar fuerzas al alem\u00e1n, hospitalizado en Francia desde hace casi un mes. El objetivo de la marcha tributo a Schumacher en el trazado de 7,004 kil\u00f3metros es mandar","twitter:label1":"Escrito por","twitter:data1":"El Digital de Asturias","twitter:label2":"Tiempo de lectura estimado","twitter:data2":"1 minuto"},"aioseo_meta_data":{"post_id":"479398","title":null,"description":null,"keywords":null,"keyphrases":null,"primary_term":null,"canonical_url":null,"og_title":null,"og_description":null,"og_object_type":"default","og_image_type":"default","og_image_url":null,"og_image_width":null,"og_image_height":null,"og_image_custom_url":null,"og_image_custom_fields":null,"og_video":null,"og_custom_url":null,"og_article_section":null,"og_article_tags":null,"twitter_use_og":true,"twitter_card":"default","twitter_image_type":"default","twitter_image_url":null,"twitter_image_custom_url":null,"twitter_image_custom_fields":null,"twitter_title":null,"twitter_description":null,"schema":{"blockGraphs":[],"customGraphs":[],"default":{"data":{"Article":[],"Course":[],"Dataset":[],"FAQPage":[],"Movie":[],"Person":[],"Product":[],"ProductReview":[],"Car":[],"Recipe":[],"Service":[],"SoftwareApplication":[],"WebPage":[]},"graphName":"","isEnabled":true},"graphs":[],"defaultGraph":"","defaultPostTypeGraph":""},"schema_type":null,"schema_type_options":null,"pillar_content":false,"robots_default":true,"robots_noindex":false,"robots_noarchive":false,"robots_nosnippet":false,"robots_nofollow":false,"robots_noimageindex":false,"robots_noodp":false,"robots_notranslate":false,"robots_max_snippet":null,"robots_max_videopreview":null,"robots_max_imagepreview":"none","priority":null,"frequency":null,"local_seo":null,"seo_analyzer_scan_date":"2026-06-02 00:23:58","breadcrumb_settings":null,"limit_modified_date":false,"open_ai":null,"ai":null,"created":"2020-11-14 22:54:03","updated":"2026-06-02 00:23:58","focus_keyword":null,"additional_keywords":null,"truseo_locale":null},"aioseo_breadcrumb":"<div class=\"aioseo-breadcrumbs\"><span class=\"aioseo-breadcrumb\">\n\t<a href=\"https:\/\/www.eldigitaldeasturias.com\/noticias\" title=\"Home\">Home<\/a>\n<\/span><span class=\"aioseo-breadcrumb-separator\">\u2013<\/span><span class=\"aioseo-breadcrumb\">\n\t<a href=\"https:\/\/www.eldigitaldeasturias.com\/noticias\/category\/actualidad\/\" title=\"Actualidad\">Actualidad<\/a>\n<\/span><span class=\"aioseo-breadcrumb-separator\">\u2013<\/span><span class=\"aioseo-breadcrumb\">\n\t<a href=\"https:\/\/www.eldigitaldeasturias.com\/noticias\/fans-de-schumacher-se-reunen-en-spa-para-mandarle-energia-positiva\/\" title=\"Fans de Schumacher se re\u00fanen en Spa para mandarle \u00abenerg\u00eda positiva\u00bb\">Fans de Schumacher se re\u00fanen en Spa para mandarle \u00abenerg\u00eda positiva\u00bb<\/a>\n<\/span><\/div>","aioseo_breadcrumb_json":[{"label":"Home","link":"https:\/\/www.eldigitaldeasturias.com\/noticias"},{"label":"Actualidad","link":"https:\/\/www.eldigitaldeasturias.com\/noticias\/category\/actualidad\/"},{"label":"Fans de Schumacher se re\u00fanen en Spa para mandarle \u00abenerg\u00eda positiva\u00bb","link":"https:\/\/www.eldigitaldeasturias.com\/noticias\/fans-de-schumacher-se-reunen-en-spa-para-mandarle-energia-positiva\/"}],"_links":{"self":[{"href":"https:\/\/www.eldigitaldeasturias.com\/noticias\/wp-json\/wp\/v2\/posts\/479398","targetHints":{"allow":["GET"]}}],"collection":[{"href":"https:\/\/www.eldigitaldeasturias.com\/noticias\/wp-json\/wp\/v2\/posts"}],"about":[{"href":"https:\/\/www.eldigitaldeasturias.com\/noticias\/wp-json\/wp\/v2\/types\/post"}],"author":[{"embeddable":true,"href":"https:\/\/www.eldigitaldeasturias.com\/noticias\/wp-json\/wp\/v2\/users\/1"}],"replies":[{"embeddable":true,"href":"https:\/\/www.eldigitaldeasturias.com\/noticias\/wp-json\/wp\/v2\/comments?post=479398"}],"version-history":[{"count":0,"href":"https:\/\/www.eldigitaldeasturias.com\/noticias\/wp-json\/wp\/v2\/posts\/479398\/revisions"}],"wp:attachment":[{"href":"https:\/\/www.eldigitaldeasturias.com\/noticias\/wp-json\/wp\/v2\/media?parent=479398"}],"wp:term":[{"taxonomy":"category","embeddable":true,"href":"https:\/\/www.eldigitaldeasturias.com\/noticias\/wp-json\/wp\/v2\/categories?post=479398"},{"taxonomy":"post_tag","embeddable":true,"href":"https:\/\/www.eldigitaldeasturias.com\/noticias\/wp-json\/wp\/v2\/tags?post=479398"}],"curies":[{"name":"wp","href":"https:\/\/api.w.org\/{rel}","templated":true}]}}