{"id":479394,"date":"2014-01-27T01:03:56","date_gmt":"2014-01-27T02:03:56","guid":{"rendered":"http:\/\/www.eldigitaldeasturias.com\/noticias\/?p=479394"},"modified":"2014-01-27T01:03:56","modified_gmt":"2014-01-27T02:03:56","slug":"hasta-la-victoria-crece-la-presion-contra-yanukovich","status":"publish","type":"post","link":"https:\/\/www.eldigitaldeasturias.com\/noticias\/hasta-la-victoria-crece-la-presion-contra-yanukovich\/","title":{"rendered":"\u00abHasta la victoria\u00bb : Crece la presi\u00f3n contra Yanukovich"},"content":{"rendered":"<p><img loading=\"lazy\" decoding=\"async\" class=\"alignleft size-medium wp-image-478695\" alt=\"5875616wucrania\" src=\"https:\/\/www.eldigitaldeasturias.com\/noticias\/wp-content\/uploads\/2014\/01\/5875616w3-360x197.jpg\" width=\"360\" height=\"197\" \/>Kiev, 26 ene (dpa) &#8211; Las g\u00e9lidas temperaturas de -22 grados parecen no hacer mella en la voluntad de los ciudadanos ucranianos contra su presidente, el prorruso Viktor Yanukovich. Crecen las barricadas en el imponente bulevar de Kreshchatik, en el centro de Kiev, y en la plaza de la Independencia (Maidan), desde donde se busca que Yanukovich se vaya y se convoquen nuevas elecciones.<\/p>\n<p>En la calle Grushevski, en el barrio del gobierno, grupos de encapuchados contin\u00faan lanzando adoquines contra los agentes de seguridad. El humo que exhalan los neum\u00e1ticos en llamas quema los pulmones de quienes desde hace d\u00edas aguantan en primera l\u00ednea. En la plaza de Europa, los opositores han asaltado el centro de congresos y exposiciones, convertido en nuevo campamento contra Yanukovich.<\/p>\n<p>La oposici\u00f3n suma victorias a medida que Yanukovich retrocede, con lo que crece la esperanza de que puedan convocarse nuevos comicios. \u00abS\u00f3lo aceptaremos una soluci\u00f3n sin Yanukovich\u00bb, afirma Alexander Danilyuk. Este asesor econ\u00f3mico de 32 a\u00f1os lidera el comando opositor en el ocupado Ministerio de Agricultura, junto al bulevar. Su organizaci\u00f3n, Spilna sprava (causa com\u00fan) es una de las muchas nuevas agrupaciones que han surgido en torno al Maidan.<\/p>\n<p>La ocupaci\u00f3n de edificios p\u00fablicos, las barricadas a base de bolsas de pl\u00e1stico rellenas y las tiendas de campa\u00f1a en medio de esta metr\u00f3polis ponen de manifiesto que Yanukovich est\u00e1 perdiendo el control de la capital. En las casas sindicales y otros edificios p\u00fablicos la gente descansa en colchonetas y sacos de dormir. M\u00e9dicos, cosacos y eclesi\u00e1sticos ayudan a poner orden en medio del caos.<\/p>\n<p>Quienes se aferran a las protestas son gentes de todas las edades, desde humildes trabajadores a empleados de clase media, funcionarios del Estado o intelectuales. Muchos han venido desde el oeste del pa\u00eds, m\u00e1s proeuropeo, y sus posiciones pol\u00edticas son muy diferentes. \u00abLos poderosos han declarado la guerra al pueblo\u00bb es una de las respuestas que m\u00e1s se escucha cuando se les pregunta por qu\u00e9 est\u00e1n aqu\u00ed.<\/p>\n<p>La oposici\u00f3n, liderada entre otros por el boxeador Vitali Klitschko y el ex presidente del Parlamento Arseniy Yatseniuk sigue negociando con Yanukovich, que ha llegado a ofrecerles participar en el gobierno. Ser\u00eda una victoria contundente, pero los l\u00edderes opositores saben que no pueden aceptarla. Ser\u00edan tildados de \u00abtraidores de la revoluci\u00f3n\u00bb.<\/p>\n<p>El lema es luchar en lugar de negociar, subrayan entre otros Danilyuk, del movimiento popular Spilna sprava. \u00abLa oposici\u00f3n, con Klitschko y el resto, ha dudado demasiado. Las masas llevan ya dos meses en la calle, a veces han llegado al mill\u00f3n. Con esa multitud, habr\u00eda sido f\u00e1cil irrumpir en el barrio del gobierno y hacerse con el poder\u00bb, opina.<\/p>\n<p>No s\u00f3lo Danilyuk cree que la ex jefa de gobierno Yulia Timoshenko habr\u00eda llevado m\u00e1s r\u00e1pido la revoluci\u00f3n a su objetivo. \u00abEs la \u00fanica pol\u00edtica independiente que realmente puede hacer frente a Yanukovich. Por eso, \u00e9l la meti\u00f3 en la c\u00e1rcel\u00bb, se\u00f1ala el opositor, que s\u00f3lo ve futuro con ella como presidenta.<\/p>\n<p>Para el 1 de febrero, el Euromaidan -como se denomina este movimiento opositor proeuropeo- ha convocada en Kiev una conferencia de grupos de todo el pa\u00eds, con el objetivo de preparar las nuevas elecciones y elegir a los candidatos para un futuro gobierno que cuente con la confianza del pueblo. Para ello, 22 grupos han redactado ya una resoluci\u00f3n. \u00abViktor Yanukovich es responsable personalmente de los asesinatos y el derramamiento de sangre\u00bb, se lee en el documento.<\/p>\n<p>Muchos de los que est\u00e1n en las calles no llegaron para \u00abla lucha en la capital\u00bb hasta que se produjeron los primeros disparos mortales contra manifestantes. Hoy, un funeral recuerda a las v\u00edctimas. Los activistas, con porras, cascos y el rostro cubierto, gritan que ya no creen en Yanukovich. \u00abEs un dictador\u00bb, afirma el profesor de historia Mijail Gurik, de 37 a\u00f1os. En su opini\u00f3n, la violencia vertida por Yanukovich contra su propio pueblo sobrepas\u00f3 la l\u00ednea roja. \u00abMe quedo hasta la victoria\u00bb, a\u00f1ade.<\/p>\n<p>Tambi\u00e9n a \u00faltima hora del s\u00e1bado Klitschko alentaba los \u00e1nimos en el Maidan. \u00abNo nos moveremos de Kiev\u00bb. En torno a la zona de las protestas se ven carteles en los que Yanukovich y su jefe de gobierno, Nikolai Azarov, aparecen entre rejas. Y en estos fotomontajes aparece tambi\u00e9n la fecha de la \u00abliberaci\u00f3n de Ucrania de la dictadura\u00bb: 2014.<\/p>\n","protected":false},"excerpt":{"rendered":"<p>Kiev, 26 ene (dpa) &#8211; Las g\u00e9lidas temperaturas de -22 grados parecen no hacer mella en la voluntad de los ciudadanos ucranianos contra su presidente, el prorruso Viktor Yanukovich. Crecen las barricadas en el imponente bulevar de Kreshchatik, en el centro de Kiev, y en la plaza de la Independencia (Maidan), desde donde se busca [&hellip;]<\/p>\n","protected":false},"author":1,"featured_media":1132184,"comment_status":"closed","ping_status":"open","sticky":false,"template":"","format":"standard","meta":{"footnotes":""},"categories":[1],"tags":[],"class_list":["post-479394","post","type-post","status-publish","format-standard","has-post-thumbnail","hentry","category-actualidad"],"aioseo_notices":[],"aioseo_head":"\n\t\t<!-- All in One SEO Pro 5.0.1 - aioseo.com -->\n\t<meta name=\"description\" content=\"Kiev, 26 ene (dpa) - Las g\u00e9lidas temperaturas de -22 grados parecen no hacer mella en la voluntad de los ciudadanos ucranianos contra su presidente, el prorruso Viktor Yanukovich. Crecen las barricadas en el imponente bulevar de Kreshchatik, en el centro de Kiev, y en la plaza de la Independencia (Maidan), desde donde se busca\" \/>\n\t<meta name=\"robots\" content=\"max-image-preview:large\" \/>\n\t<meta name=\"author\" content=\"El Digital de Asturias\"\/>\n\t<meta name=\"google-site-verification\" content=\"UA-38556648-1\" \/>\n\t<meta name=\"msvalidate.01\" content=\"7dfe9f3f1b24437ab69f4f2559babe99\" \/>\n\t<meta name=\"keywords\" content=\"actualidad\" \/>\n\t<link rel=\"canonical\" href=\"https:\/\/www.eldigitaldeasturias.com\/noticias\/hasta-la-victoria-crece-la-presion-contra-yanukovich\/\" \/>\n\t<meta name=\"generator\" content=\"All in One SEO Pro (AIOSEO) 5.0.1\" \/>\n\t\t<meta property=\"og:locale\" content=\"es_ES\" \/>\n\t\t<meta property=\"og:site_name\" content=\"El Digital de Asturias\" \/>\n\t\t<meta property=\"og:type\" content=\"article\" \/>\n\t\t<meta property=\"og:title\" content=\"\u00abHasta la victoria\u00bb : Crece la presi\u00f3n contra Yanukovich - El Digital de Asturias\" \/>\n\t\t<meta property=\"og:description\" content=\"Kiev, 26 ene (dpa) - Las g\u00e9lidas temperaturas de -22 grados parecen no hacer mella en la voluntad de los ciudadanos ucranianos contra su presidente, el prorruso Viktor Yanukovich. Crecen las barricadas en el imponente bulevar de Kreshchatik, en el centro de Kiev, y en la plaza de la Independencia (Maidan), desde donde se busca\" \/>\n\t\t<meta property=\"og:url\" content=\"https:\/\/www.eldigitaldeasturias.com\/noticias\/hasta-la-victoria-crece-la-presion-contra-yanukovich\/\" \/>\n\t\t<meta property=\"og:image\" content=\"https:\/\/www.eldigitaldeasturias.com\/noticias\/wp-content\/uploads\/2026\/06\/Contenidos.jpg\" \/>\n\t\t<meta property=\"og:image:secure_url\" content=\"https:\/\/www.eldigitaldeasturias.com\/noticias\/wp-content\/uploads\/2026\/06\/Contenidos.jpg\" \/>\n\t\t<meta property=\"og:image:width\" content=\"1265\" \/>\n\t\t<meta property=\"og:image:height\" content=\"697\" \/>\n\t\t<meta property=\"article:tag\" content=\"actualidad\" \/>\n\t\t<meta property=\"article:published_time\" content=\"2014-01-27T02:03:56+00:00\" \/>\n\t\t<meta property=\"article:modified_time\" content=\"2014-01-27T02:03:56+00:00\" \/>\n\t\t<meta property=\"article:publisher\" content=\"https:\/\/facebook.com\/eldigitaldeasturias\" \/>\n\t\t<meta name=\"twitter:card\" content=\"summary_large_image\" \/>\n\t\t<meta name=\"twitter:title\" content=\"\u00abHasta la victoria\u00bb : Crece la presi\u00f3n contra Yanukovich - El Digital de Asturias\" \/>\n\t\t<meta name=\"twitter:description\" content=\"Kiev, 26 ene (dpa) - Las g\u00e9lidas temperaturas de -22 grados parecen no hacer mella en la voluntad de los ciudadanos ucranianos contra su presidente, el prorruso Viktor Yanukovich. Crecen las barricadas en el imponente bulevar de Kreshchatik, en el centro de Kiev, y en la plaza de la Independencia (Maidan), desde donde se busca\" \/>\n\t\t<meta name=\"twitter:image\" content=\"https:\/\/www.eldigitaldeasturias.com\/noticias\/wp-content\/uploads\/2026\/06\/Contenidos.jpg\" \/>\n\t\t<meta name=\"twitter:label1\" content=\"Escrito por\" \/>\n\t\t<meta name=\"twitter:data1\" content=\"El Digital de Asturias\" \/>\n\t\t<meta name=\"twitter:label2\" content=\"Tiempo de lectura estimado\" \/>\n\t\t<meta name=\"twitter:data2\" content=\"4 minutos\" \/>\n\t\t<script type=\"application\/ld+json\" class=\"aioseo-schema\">\n\t\t\t{\"@context\":\"https:\\\/\\\/schema.org\",\"@graph\":[{\"@type\":\"BlogPosting\",\"@id\":\"https:\\\/\\\/www.eldigitaldeasturias.com\\\/noticias\\\/hasta-la-victoria-crece-la-presion-contra-yanukovich\\\/#blogposting\",\"name\":\"\\u00abHasta la victoria\\u00bb : Crece la presi\\u00f3n contra Yanukovich - El Digital de Asturias\",\"headline\":\"\\u00abHasta la victoria\\u00bb : Crece la presi\\u00f3n contra Yanukovich\",\"author\":{\"@id\":\"https:\\\/\\\/www.eldigitaldeasturias.com\\\/noticias\\\/author\\\/admin\\\/#author\"},\"publisher\":{\"@id\":\"https:\\\/\\\/www.eldigitaldeasturias.com\\\/noticias\\\/#organization\"},\"image\":{\"@type\":\"ImageObject\",\"url\":\"https:\\\/\\\/www.eldigitaldeasturias.com\\\/noticias\\\/wp-content\\\/uploads\\\/2026\\\/06\\\/Contenidos.jpg\",\"width\":1265,\"height\":697,\"caption\":\"Contenidos\"},\"datePublished\":\"2014-01-27T01:03:56+01:00\",\"dateModified\":\"2014-01-27T01:03:56+01:00\",\"inLanguage\":\"es-ES\",\"mainEntityOfPage\":{\"@id\":\"https:\\\/\\\/www.eldigitaldeasturias.com\\\/noticias\\\/hasta-la-victoria-crece-la-presion-contra-yanukovich\\\/#webpage\"},\"isPartOf\":{\"@id\":\"https:\\\/\\\/www.eldigitaldeasturias.com\\\/noticias\\\/hasta-la-victoria-crece-la-presion-contra-yanukovich\\\/#webpage\"},\"articleSection\":\"Actualidad\"},{\"@type\":\"BreadcrumbList\",\"@id\":\"https:\\\/\\\/www.eldigitaldeasturias.com\\\/noticias\\\/hasta-la-victoria-crece-la-presion-contra-yanukovich\\\/#breadcrumblist\",\"itemListElement\":[{\"@type\":\"ListItem\",\"@id\":\"https:\\\/\\\/www.eldigitaldeasturias.com\\\/noticias#listItem\",\"position\":1,\"name\":\"Home\",\"item\":\"https:\\\/\\\/www.eldigitaldeasturias.com\\\/noticias\",\"nextItem\":{\"@type\":\"ListItem\",\"@id\":\"https:\\\/\\\/www.eldigitaldeasturias.com\\\/noticias\\\/category\\\/actualidad\\\/#listItem\",\"name\":\"Actualidad\"}},{\"@type\":\"ListItem\",\"@id\":\"https:\\\/\\\/www.eldigitaldeasturias.com\\\/noticias\\\/category\\\/actualidad\\\/#listItem\",\"position\":2,\"name\":\"Actualidad\",\"item\":\"https:\\\/\\\/www.eldigitaldeasturias.com\\\/noticias\\\/category\\\/actualidad\\\/\",\"nextItem\":{\"@type\":\"ListItem\",\"@id\":\"https:\\\/\\\/www.eldigitaldeasturias.com\\\/noticias\\\/hasta-la-victoria-crece-la-presion-contra-yanukovich\\\/#listItem\",\"name\":\"\\u00abHasta la victoria\\u00bb : Crece la presi\\u00f3n contra Yanukovich\"},\"previousItem\":{\"@type\":\"ListItem\",\"@id\":\"https:\\\/\\\/www.eldigitaldeasturias.com\\\/noticias#listItem\",\"name\":\"Home\"}},{\"@type\":\"ListItem\",\"@id\":\"https:\\\/\\\/www.eldigitaldeasturias.com\\\/noticias\\\/hasta-la-victoria-crece-la-presion-contra-yanukovich\\\/#listItem\",\"position\":3,\"name\":\"\\u00abHasta la victoria\\u00bb : Crece la presi\\u00f3n contra Yanukovich\",\"previousItem\":{\"@type\":\"ListItem\",\"@id\":\"https:\\\/\\\/www.eldigitaldeasturias.com\\\/noticias\\\/category\\\/actualidad\\\/#listItem\",\"name\":\"Actualidad\"}}]},{\"@type\":\"Organization\",\"@id\":\"https:\\\/\\\/www.eldigitaldeasturias.com\\\/noticias\\\/#organization\",\"name\":\"El Digital de Asturias\",\"description\":\"Hemeroteca\",\"url\":\"https:\\\/\\\/www.eldigitaldeasturias.com\\\/noticias\\\/\",\"email\":\"info@eldigitaldeasturias.com\",\"telephone\":\"+34652131393\",\"logo\":{\"@type\":\"ImageObject\",\"url\":\"https:\\\/\\\/www.eldigitaldeasturias.com\\\/noticias\\\/wp-content\\\/uploads\\\/2020\\\/12\\\/EDA.jpg\",\"@id\":\"https:\\\/\\\/www.eldigitaldeasturias.com\\\/noticias\\\/hasta-la-victoria-crece-la-presion-contra-yanukovich\\\/#organizationLogo\"},\"image\":{\"@id\":\"https:\\\/\\\/www.eldigitaldeasturias.com\\\/noticias\\\/hasta-la-victoria-crece-la-presion-contra-yanukovich\\\/#organizationLogo\"},\"sameAs\":[\"https:\\\/\\\/facebook.com\\\/eldigitaldeasturias\",\"https:\\\/\\\/www.youtube.com\\\/channel\\\/UCZP-2wLEB9Rv6erhFmqVnvg\"],\"address\":{\"@id\":\"https:\\\/\\\/www.eldigitaldeasturias.com\\\/noticias\\\/#postaladdress\",\"@type\":\"PostalAddress\",\"streetAddress\":\"san antonio 4\",\"postalCode\":\"33430\",\"addressLocality\":\"Cand\\u00e1s\",\"addressRegion\":\"Asturias\",\"addressCountry\":\"ES\"}},{\"@type\":\"Person\",\"@id\":\"https:\\\/\\\/www.eldigitaldeasturias.com\\\/noticias\\\/author\\\/admin\\\/#author\",\"url\":\"https:\\\/\\\/www.eldigitaldeasturias.com\\\/noticias\\\/author\\\/admin\\\/\",\"name\":\"El Digital de Asturias\",\"image\":{\"@type\":\"ImageObject\",\"@id\":\"https:\\\/\\\/www.eldigitaldeasturias.com\\\/noticias\\\/hasta-la-victoria-crece-la-presion-contra-yanukovich\\\/#authorImage\",\"url\":\"https:\\\/\\\/secure.gravatar.com\\\/avatar\\\/df2aeffc32bcd13f8d26072ef8a91b623d677766deac7f97ca815868cd41bf5e?s=96&d=mm&r=g\",\"width\":96,\"height\":96,\"caption\":\"El Digital de Asturias\"}},{\"@type\":\"WebPage\",\"@id\":\"https:\\\/\\\/www.eldigitaldeasturias.com\\\/noticias\\\/hasta-la-victoria-crece-la-presion-contra-yanukovich\\\/#webpage\",\"url\":\"https:\\\/\\\/www.eldigitaldeasturias.com\\\/noticias\\\/hasta-la-victoria-crece-la-presion-contra-yanukovich\\\/\",\"name\":\"\\u00abHasta la victoria\\u00bb : Crece la presi\\u00f3n contra Yanukovich - El Digital de Asturias\",\"description\":\"Kiev, 26 ene (dpa) - Las g\\u00e9lidas temperaturas de -22 grados parecen no hacer mella en la voluntad de los ciudadanos ucranianos contra su presidente, el prorruso Viktor Yanukovich. Crecen las barricadas en el imponente bulevar de Kreshchatik, en el centro de Kiev, y en la plaza de la Independencia (Maidan), desde donde se busca\",\"inLanguage\":\"es-ES\",\"isPartOf\":{\"@id\":\"https:\\\/\\\/www.eldigitaldeasturias.com\\\/noticias\\\/#website\"},\"breadcrumb\":{\"@id\":\"https:\\\/\\\/www.eldigitaldeasturias.com\\\/noticias\\\/hasta-la-victoria-crece-la-presion-contra-yanukovich\\\/#breadcrumblist\"},\"author\":{\"@id\":\"https:\\\/\\\/www.eldigitaldeasturias.com\\\/noticias\\\/author\\\/admin\\\/#author\"},\"creator\":{\"@id\":\"https:\\\/\\\/www.eldigitaldeasturias.com\\\/noticias\\\/author\\\/admin\\\/#author\"},\"image\":{\"@type\":\"ImageObject\",\"url\":\"https:\\\/\\\/www.eldigitaldeasturias.com\\\/noticias\\\/wp-content\\\/uploads\\\/2026\\\/06\\\/Contenidos.jpg\",\"@id\":\"https:\\\/\\\/www.eldigitaldeasturias.com\\\/noticias\\\/hasta-la-victoria-crece-la-presion-contra-yanukovich\\\/#mainImage\",\"width\":1265,\"height\":697,\"caption\":\"Contenidos\"},\"primaryImageOfPage\":{\"@id\":\"https:\\\/\\\/www.eldigitaldeasturias.com\\\/noticias\\\/hasta-la-victoria-crece-la-presion-contra-yanukovich\\\/#mainImage\"},\"datePublished\":\"2014-01-27T01:03:56+01:00\",\"dateModified\":\"2014-01-27T01:03:56+01:00\"},{\"@type\":\"WebSite\",\"@id\":\"https:\\\/\\\/www.eldigitaldeasturias.com\\\/noticias\\\/#website\",\"url\":\"https:\\\/\\\/www.eldigitaldeasturias.com\\\/noticias\\\/\",\"name\":\"El Digital de Asturias - Diario de actualidad y noticias\",\"alternateName\":\"El Digital de Asturias - Diario de actualidad y noticias\",\"description\":\"Hemeroteca\",\"inLanguage\":\"es-ES\",\"publisher\":{\"@id\":\"https:\\\/\\\/www.eldigitaldeasturias.com\\\/noticias\\\/#organization\"}}]}\n\t\t<\/script>\n\t\t<!-- All in One SEO Pro -->\r\n\t\t<title>\u00abHasta la victoria\u00bb : Crece la presi\u00f3n contra Yanukovich - El Digital de Asturias<\/title>\n\n","aioseo_head_json":{"title":"\u00abHasta la victoria\u00bb : Crece la presi\u00f3n contra Yanukovich - El Digital de Asturias","description":"Kiev, 26 ene (dpa) - Las g\u00e9lidas temperaturas de -22 grados parecen no hacer mella en la voluntad de los ciudadanos ucranianos contra su presidente, el prorruso Viktor Yanukovich. Crecen las barricadas en el imponente bulevar de Kreshchatik, en el centro de Kiev, y en la plaza de la Independencia (Maidan), desde donde se busca","canonical_url":"https:\/\/www.eldigitaldeasturias.com\/noticias\/hasta-la-victoria-crece-la-presion-contra-yanukovich\/","robots":"max-image-preview:large","keywords":"actualidad","webmasterTools":{"google-site-verification":"UA-38556648-1","msvalidate.01":"7dfe9f3f1b24437ab69f4f2559babe99","miscellaneous":""},"schema":{"@context":"https:\/\/schema.org","@graph":[{"@type":"BlogPosting","@id":"https:\/\/www.eldigitaldeasturias.com\/noticias\/hasta-la-victoria-crece-la-presion-contra-yanukovich\/#blogposting","name":"\u00abHasta la victoria\u00bb : Crece la presi\u00f3n contra Yanukovich - El Digital de Asturias","headline":"\u00abHasta la victoria\u00bb : Crece la presi\u00f3n contra Yanukovich","author":{"@id":"https:\/\/www.eldigitaldeasturias.com\/noticias\/author\/admin\/#author"},"publisher":{"@id":"https:\/\/www.eldigitaldeasturias.com\/noticias\/#organization"},"image":{"@type":"ImageObject","url":"https:\/\/www.eldigitaldeasturias.com\/noticias\/wp-content\/uploads\/2026\/06\/Contenidos.jpg","width":1265,"height":697,"caption":"Contenidos"},"datePublished":"2014-01-27T01:03:56+01:00","dateModified":"2014-01-27T01:03:56+01:00","inLanguage":"es-ES","mainEntityOfPage":{"@id":"https:\/\/www.eldigitaldeasturias.com\/noticias\/hasta-la-victoria-crece-la-presion-contra-yanukovich\/#webpage"},"isPartOf":{"@id":"https:\/\/www.eldigitaldeasturias.com\/noticias\/hasta-la-victoria-crece-la-presion-contra-yanukovich\/#webpage"},"articleSection":"Actualidad"},{"@type":"BreadcrumbList","@id":"https:\/\/www.eldigitaldeasturias.com\/noticias\/hasta-la-victoria-crece-la-presion-contra-yanukovich\/#breadcrumblist","itemListElement":[{"@type":"ListItem","@id":"https:\/\/www.eldigitaldeasturias.com\/noticias#listItem","position":1,"name":"Home","item":"https:\/\/www.eldigitaldeasturias.com\/noticias","nextItem":{"@type":"ListItem","@id":"https:\/\/www.eldigitaldeasturias.com\/noticias\/category\/actualidad\/#listItem","name":"Actualidad"}},{"@type":"ListItem","@id":"https:\/\/www.eldigitaldeasturias.com\/noticias\/category\/actualidad\/#listItem","position":2,"name":"Actualidad","item":"https:\/\/www.eldigitaldeasturias.com\/noticias\/category\/actualidad\/","nextItem":{"@type":"ListItem","@id":"https:\/\/www.eldigitaldeasturias.com\/noticias\/hasta-la-victoria-crece-la-presion-contra-yanukovich\/#listItem","name":"\u00abHasta la victoria\u00bb : Crece la presi\u00f3n contra Yanukovich"},"previousItem":{"@type":"ListItem","@id":"https:\/\/www.eldigitaldeasturias.com\/noticias#listItem","name":"Home"}},{"@type":"ListItem","@id":"https:\/\/www.eldigitaldeasturias.com\/noticias\/hasta-la-victoria-crece-la-presion-contra-yanukovich\/#listItem","position":3,"name":"\u00abHasta la victoria\u00bb : Crece la presi\u00f3n contra Yanukovich","previousItem":{"@type":"ListItem","@id":"https:\/\/www.eldigitaldeasturias.com\/noticias\/category\/actualidad\/#listItem","name":"Actualidad"}}]},{"@type":"Organization","@id":"https:\/\/www.eldigitaldeasturias.com\/noticias\/#organization","name":"El Digital de Asturias","description":"Hemeroteca","url":"https:\/\/www.eldigitaldeasturias.com\/noticias\/","email":"info@eldigitaldeasturias.com","telephone":"+34652131393","logo":{"@type":"ImageObject","url":"https:\/\/www.eldigitaldeasturias.com\/noticias\/wp-content\/uploads\/2020\/12\/EDA.jpg","@id":"https:\/\/www.eldigitaldeasturias.com\/noticias\/hasta-la-victoria-crece-la-presion-contra-yanukovich\/#organizationLogo"},"image":{"@id":"https:\/\/www.eldigitaldeasturias.com\/noticias\/hasta-la-victoria-crece-la-presion-contra-yanukovich\/#organizationLogo"},"sameAs":["https:\/\/facebook.com\/eldigitaldeasturias","https:\/\/www.youtube.com\/channel\/UCZP-2wLEB9Rv6erhFmqVnvg"],"address":{"@id":"https:\/\/www.eldigitaldeasturias.com\/noticias\/#postaladdress","@type":"PostalAddress","streetAddress":"san antonio 4","postalCode":"33430","addressLocality":"Cand\u00e1s","addressRegion":"Asturias","addressCountry":"ES"}},{"@type":"Person","@id":"https:\/\/www.eldigitaldeasturias.com\/noticias\/author\/admin\/#author","url":"https:\/\/www.eldigitaldeasturias.com\/noticias\/author\/admin\/","name":"El Digital de Asturias","image":{"@type":"ImageObject","@id":"https:\/\/www.eldigitaldeasturias.com\/noticias\/hasta-la-victoria-crece-la-presion-contra-yanukovich\/#authorImage","url":"https:\/\/secure.gravatar.com\/avatar\/df2aeffc32bcd13f8d26072ef8a91b623d677766deac7f97ca815868cd41bf5e?s=96&d=mm&r=g","width":96,"height":96,"caption":"El Digital de Asturias"}},{"@type":"WebPage","@id":"https:\/\/www.eldigitaldeasturias.com\/noticias\/hasta-la-victoria-crece-la-presion-contra-yanukovich\/#webpage","url":"https:\/\/www.eldigitaldeasturias.com\/noticias\/hasta-la-victoria-crece-la-presion-contra-yanukovich\/","name":"\u00abHasta la victoria\u00bb : Crece la presi\u00f3n contra Yanukovich - El Digital de Asturias","description":"Kiev, 26 ene (dpa) - Las g\u00e9lidas temperaturas de -22 grados parecen no hacer mella en la voluntad de los ciudadanos ucranianos contra su presidente, el prorruso Viktor Yanukovich. Crecen las barricadas en el imponente bulevar de Kreshchatik, en el centro de Kiev, y en la plaza de la Independencia (Maidan), desde donde se busca","inLanguage":"es-ES","isPartOf":{"@id":"https:\/\/www.eldigitaldeasturias.com\/noticias\/#website"},"breadcrumb":{"@id":"https:\/\/www.eldigitaldeasturias.com\/noticias\/hasta-la-victoria-crece-la-presion-contra-yanukovich\/#breadcrumblist"},"author":{"@id":"https:\/\/www.eldigitaldeasturias.com\/noticias\/author\/admin\/#author"},"creator":{"@id":"https:\/\/www.eldigitaldeasturias.com\/noticias\/author\/admin\/#author"},"image":{"@type":"ImageObject","url":"https:\/\/www.eldigitaldeasturias.com\/noticias\/wp-content\/uploads\/2026\/06\/Contenidos.jpg","@id":"https:\/\/www.eldigitaldeasturias.com\/noticias\/hasta-la-victoria-crece-la-presion-contra-yanukovich\/#mainImage","width":1265,"height":697,"caption":"Contenidos"},"primaryImageOfPage":{"@id":"https:\/\/www.eldigitaldeasturias.com\/noticias\/hasta-la-victoria-crece-la-presion-contra-yanukovich\/#mainImage"},"datePublished":"2014-01-27T01:03:56+01:00","dateModified":"2014-01-27T01:03:56+01:00"},{"@type":"WebSite","@id":"https:\/\/www.eldigitaldeasturias.com\/noticias\/#website","url":"https:\/\/www.eldigitaldeasturias.com\/noticias\/","name":"El Digital de Asturias - Diario de actualidad y noticias","alternateName":"El Digital de Asturias - Diario de actualidad y noticias","description":"Hemeroteca","inLanguage":"es-ES","publisher":{"@id":"https:\/\/www.eldigitaldeasturias.com\/noticias\/#organization"}}]},"og:locale":"es_ES","og:site_name":"El Digital de Asturias","og:type":"article","og:title":"\u00abHasta la victoria\u00bb : Crece la presi\u00f3n contra Yanukovich - El Digital de Asturias","og:description":"Kiev, 26 ene (dpa) - Las g\u00e9lidas temperaturas de -22 grados parecen no hacer mella en la voluntad de los ciudadanos ucranianos contra su presidente, el prorruso Viktor Yanukovich. Crecen las barricadas en el imponente bulevar de Kreshchatik, en el centro de Kiev, y en la plaza de la Independencia (Maidan), desde donde se busca","og:url":"https:\/\/www.eldigitaldeasturias.com\/noticias\/hasta-la-victoria-crece-la-presion-contra-yanukovich\/","og:image":"https:\/\/www.eldigitaldeasturias.com\/noticias\/wp-content\/uploads\/2026\/06\/Contenidos.jpg","og:image:secure_url":"https:\/\/www.eldigitaldeasturias.com\/noticias\/wp-content\/uploads\/2026\/06\/Contenidos.jpg","og:image:width":1265,"og:image:height":697,"article:tag":["actualidad"],"article:published_time":"2014-01-27T02:03:56+00:00","article:modified_time":"2014-01-27T02:03:56+00:00","article:publisher":"https:\/\/facebook.com\/eldigitaldeasturias","twitter:card":"summary_large_image","twitter:title":"\u00abHasta la victoria\u00bb : Crece la presi\u00f3n contra Yanukovich - El Digital de Asturias","twitter:description":"Kiev, 26 ene (dpa) - Las g\u00e9lidas temperaturas de -22 grados parecen no hacer mella en la voluntad de los ciudadanos ucranianos contra su presidente, el prorruso Viktor Yanukovich. Crecen las barricadas en el imponente bulevar de Kreshchatik, en el centro de Kiev, y en la plaza de la Independencia (Maidan), desde donde se busca","twitter:image":"https:\/\/www.eldigitaldeasturias.com\/noticias\/wp-content\/uploads\/2026\/06\/Contenidos.jpg","twitter:label1":"Escrito por","twitter:data1":"El Digital de Asturias","twitter:label2":"Tiempo de lectura estimado","twitter:data2":"4 minutos"},"aioseo_meta_data":{"post_id":"479394","title":null,"description":null,"keywords":null,"keyphrases":null,"primary_term":null,"canonical_url":null,"og_title":null,"og_description":null,"og_object_type":"default","og_image_type":"default","og_image_url":null,"og_image_width":null,"og_image_height":null,"og_image_custom_url":null,"og_image_custom_fields":null,"og_video":null,"og_custom_url":null,"og_article_section":null,"og_article_tags":null,"twitter_use_og":true,"twitter_card":"default","twitter_image_type":"default","twitter_image_url":null,"twitter_image_custom_url":null,"twitter_image_custom_fields":null,"twitter_title":null,"twitter_description":null,"schema":{"blockGraphs":[],"customGraphs":[],"default":{"data":{"Article":[],"Course":[],"Dataset":[],"FAQPage":[],"Movie":[],"Person":[],"Product":[],"ProductReview":[],"Car":[],"Recipe":[],"Service":[],"SoftwareApplication":[],"WebPage":[]},"graphName":"","isEnabled":true},"graphs":[],"defaultGraph":"","defaultPostTypeGraph":""},"schema_type":null,"schema_type_options":null,"pillar_content":false,"robots_default":true,"robots_noindex":false,"robots_noarchive":false,"robots_nosnippet":false,"robots_nofollow":false,"robots_noimageindex":false,"robots_noodp":false,"robots_notranslate":false,"robots_max_snippet":null,"robots_max_videopreview":null,"robots_max_imagepreview":"none","priority":null,"frequency":null,"local_seo":null,"seo_analyzer_scan_date":"2026-06-02 00:21:49","breadcrumb_settings":null,"limit_modified_date":false,"open_ai":null,"ai":null,"created":"2020-11-14 22:54:03","updated":"2026-06-02 00:21:49","focus_keyword":null,"additional_keywords":null,"truseo_locale":null},"aioseo_breadcrumb":"<div class=\"aioseo-breadcrumbs\"><span class=\"aioseo-breadcrumb\">\n\t<a href=\"https:\/\/www.eldigitaldeasturias.com\/noticias\" title=\"Home\">Home<\/a>\n<\/span><span class=\"aioseo-breadcrumb-separator\">\u2013<\/span><span class=\"aioseo-breadcrumb\">\n\t<a href=\"https:\/\/www.eldigitaldeasturias.com\/noticias\/category\/actualidad\/\" title=\"Actualidad\">Actualidad<\/a>\n<\/span><span class=\"aioseo-breadcrumb-separator\">\u2013<\/span><span class=\"aioseo-breadcrumb\">\n\t<a href=\"https:\/\/www.eldigitaldeasturias.com\/noticias\/hasta-la-victoria-crece-la-presion-contra-yanukovich\/\" title=\"\u00abHasta la victoria\u00bb : Crece la presi\u00f3n contra Yanukovich\">\u00abHasta la victoria\u00bb : Crece la presi\u00f3n contra Yanukovich<\/a>\n<\/span><\/div>","aioseo_breadcrumb_json":[{"label":"Home","link":"https:\/\/www.eldigitaldeasturias.com\/noticias"},{"label":"Actualidad","link":"https:\/\/www.eldigitaldeasturias.com\/noticias\/category\/actualidad\/"},{"label":"\u00abHasta la victoria\u00bb : Crece la presi\u00f3n contra Yanukovich","link":"https:\/\/www.eldigitaldeasturias.com\/noticias\/hasta-la-victoria-crece-la-presion-contra-yanukovich\/"}],"_links":{"self":[{"href":"https:\/\/www.eldigitaldeasturias.com\/noticias\/wp-json\/wp\/v2\/posts\/479394","targetHints":{"allow":["GET"]}}],"collection":[{"href":"https:\/\/www.eldigitaldeasturias.com\/noticias\/wp-json\/wp\/v2\/posts"}],"about":[{"href":"https:\/\/www.eldigitaldeasturias.com\/noticias\/wp-json\/wp\/v2\/types\/post"}],"author":[{"embeddable":true,"href":"https:\/\/www.eldigitaldeasturias.com\/noticias\/wp-json\/wp\/v2\/users\/1"}],"replies":[{"embeddable":true,"href":"https:\/\/www.eldigitaldeasturias.com\/noticias\/wp-json\/wp\/v2\/comments?post=479394"}],"version-history":[{"count":0,"href":"https:\/\/www.eldigitaldeasturias.com\/noticias\/wp-json\/wp\/v2\/posts\/479394\/revisions"}],"wp:featuredmedia":[{"embeddable":true,"href":"https:\/\/www.eldigitaldeasturias.com\/noticias\/wp-json\/wp\/v2\/media\/1132184"}],"wp:attachment":[{"href":"https:\/\/www.eldigitaldeasturias.com\/noticias\/wp-json\/wp\/v2\/media?parent=479394"}],"wp:term":[{"taxonomy":"category","embeddable":true,"href":"https:\/\/www.eldigitaldeasturias.com\/noticias\/wp-json\/wp\/v2\/categories?post=479394"},{"taxonomy":"post_tag","embeddable":true,"href":"https:\/\/www.eldigitaldeasturias.com\/noticias\/wp-json\/wp\/v2\/tags?post=479394"}],"curies":[{"name":"wp","href":"https:\/\/api.w.org\/{rel}","templated":true}]}}