{"id":479390,"date":"2014-01-27T01:00:30","date_gmt":"2014-01-27T02:00:30","guid":{"rendered":"http:\/\/www.eldigitaldeasturias.com\/noticias\/?p=479390"},"modified":"2014-01-27T01:00:30","modified_gmt":"2014-01-27T02:00:30","slug":"morales-promovera-el-uso-medicinal-de-la-coca-en-la-celac","status":"publish","type":"post","link":"https:\/\/www.eldigitaldeasturias.com\/noticias\/morales-promovera-el-uso-medicinal-de-la-coca-en-la-celac\/","title":{"rendered":"Morales promover\u00e1 el uso medicinal de la coca en la CELAC"},"content":{"rendered":"<p><img loading=\"lazy\" decoding=\"async\" class=\"alignleft size-medium wp-image-468928\" alt=\"morales\" src=\"https:\/\/www.eldigitaldeasturias.com\/noticias\/wp-content\/uploads\/2014\/01\/morales-360x266.jpg\" width=\"360\" height=\"266\" \/>La Paz, 26 ene (dpa) &#8211; El presidente de Bolivia, Evo Morales, anunci\u00f3 hoy que buscar\u00e1 el respaldo de los presidentes de la Comunidad de Estados Latinoamericanos y Caribe\u00f1os (CELAC) para que \u201clos usos medicinales\u201d de la hoja de coca sean investigados.<\/p>\n<p>El mandatario boliviano, quien viaj\u00f3 hoy a La Habana para participar de la segunda cumbre de la CELAC, inform\u00f3 que esta declaraci\u00f3n ya fue incorporada para el debate y aprobaci\u00f3n de los presidentes de este bloque latinoamericano que no incluye a Estados Unidos ni Canad\u00e1.<\/p>\n<p>\u201cBolivia logr\u00f3 incorporar comunicados especiales en esta cumbre: investigaciones sobre las propiedades medicinales y nutricionales de la coca, el derecho humano al agua (&#8230;) y las acciones despu\u00e9s del A\u00f1o Internacional de la Quinua\u201d, dijo hoy Morales en una rueda de prensa en la base a\u00e9rea militar de El Alto, antes de partir hacia La Habana.<\/p>\n<p>La coca es la materia prima de la coca\u00edna y est\u00e1 vetada por la Convenci\u00f3n de 1961 sobre estupefacientes de Naciones Unidas. En Bolivia, que logr\u00f3 una reserva en esta convenci\u00f3n, los usos medicinales y rituales de la coca en estado natural est\u00e1n permitidos.<\/p>\n<p>Morales tambi\u00e9n espera reunirse en Cuba con sus colegas de la regi\u00f3n y los secretarios de la Organizaci\u00f3n de Estados Americanos (OEA), Jos\u00e9 Miguel Insulza, y de la Organizaci\u00f3n de Naciones Unidas (ONU), Ban Ki-Moon para invitarlos a la cumbre del grupo de pa\u00edses en v\u00edas de desarrollo y China (G77+China) que se realizar\u00e1 entre el 14 y 15 de junio en la ciudad boliviana de Santa Cruz de la Sierra.<\/p>\n<p>Bolivia asumi\u00f3 la presidencia del G77+China el pasado 8 de enero con la idea de celebrar el 50 aniversario de este bloque con una reuni\u00f3n presidencial. Morales anunci\u00f3 que su pa\u00eds invertir\u00e1 21 millones de d\u00f3lares en organizar este evento internacional.<\/p>\n","protected":false},"excerpt":{"rendered":"<p>La Paz, 26 ene (dpa) &#8211; El presidente de Bolivia, Evo Morales, anunci\u00f3 hoy que buscar\u00e1 el respaldo de los presidentes de la Comunidad de Estados Latinoamericanos y Caribe\u00f1os (CELAC) para que \u201clos usos medicinales\u201d de la hoja de coca sean investigados. El mandatario boliviano, quien viaj\u00f3 hoy a La Habana para participar de la [&hellip;]<\/p>\n","protected":false},"author":1,"featured_media":468928,"comment_status":"closed","ping_status":"open","sticky":false,"template":"","format":"standard","meta":{"footnotes":""},"categories":[1],"tags":[],"class_list":["post-479390","post","type-post","status-publish","format-standard","has-post-thumbnail","hentry","category-actualidad"],"aioseo_notices":[],"aioseo_head":"\n\t\t<!-- All in One SEO Pro 5.0.1 - aioseo.com -->\n\t<meta name=\"description\" content=\"La Paz, 26 ene (dpa) - El presidente de Bolivia, Evo Morales, anunci\u00f3 hoy que buscar\u00e1 el respaldo de los presidentes de la Comunidad de Estados Latinoamericanos y Caribe\u00f1os (CELAC) para que \u201clos usos medicinales\u201d de la hoja de coca sean investigados. El mandatario boliviano, quien viaj\u00f3 hoy a La Habana para participar de la\" \/>\n\t<meta name=\"robots\" content=\"max-image-preview:large\" \/>\n\t<meta name=\"author\" content=\"El Digital de Asturias\"\/>\n\t<meta name=\"google-site-verification\" content=\"UA-38556648-1\" \/>\n\t<meta name=\"msvalidate.01\" content=\"7dfe9f3f1b24437ab69f4f2559babe99\" \/>\n\t<meta name=\"keywords\" content=\"actualidad\" \/>\n\t<link rel=\"canonical\" href=\"https:\/\/www.eldigitaldeasturias.com\/noticias\/morales-promovera-el-uso-medicinal-de-la-coca-en-la-celac\/\" \/>\n\t<meta name=\"generator\" content=\"All in One SEO Pro (AIOSEO) 5.0.1\" \/>\n\t\t<meta property=\"og:locale\" content=\"es_ES\" \/>\n\t\t<meta property=\"og:site_name\" content=\"El Digital de Asturias\" \/>\n\t\t<meta property=\"og:type\" content=\"article\" \/>\n\t\t<meta property=\"og:title\" content=\"Morales promover\u00e1 el uso medicinal de la coca en la CELAC - El Digital de Asturias\" \/>\n\t\t<meta property=\"og:description\" content=\"La Paz, 26 ene (dpa) - El presidente de Bolivia, Evo Morales, anunci\u00f3 hoy que buscar\u00e1 el respaldo de los presidentes de la Comunidad de Estados Latinoamericanos y Caribe\u00f1os (CELAC) para que \u201clos usos medicinales\u201d de la hoja de coca sean investigados. El mandatario boliviano, quien viaj\u00f3 hoy a La Habana para participar de la\" \/>\n\t\t<meta property=\"og:url\" content=\"https:\/\/www.eldigitaldeasturias.com\/noticias\/morales-promovera-el-uso-medicinal-de-la-coca-en-la-celac\/\" \/>\n\t\t<meta property=\"article:tag\" content=\"actualidad\" \/>\n\t\t<meta property=\"article:published_time\" content=\"2014-01-27T02:00:30+00:00\" \/>\n\t\t<meta property=\"article:modified_time\" content=\"2014-01-27T02:00:30+00:00\" \/>\n\t\t<meta property=\"article:publisher\" content=\"https:\/\/facebook.com\/eldigitaldeasturias\" \/>\n\t\t<meta name=\"twitter:card\" content=\"summary_large_image\" \/>\n\t\t<meta name=\"twitter:title\" content=\"Morales promover\u00e1 el uso medicinal de la coca en la CELAC - El Digital de Asturias\" \/>\n\t\t<meta name=\"twitter:description\" content=\"La Paz, 26 ene (dpa) - El presidente de Bolivia, Evo Morales, anunci\u00f3 hoy que buscar\u00e1 el respaldo de los presidentes de la Comunidad de Estados Latinoamericanos y Caribe\u00f1os (CELAC) para que \u201clos usos medicinales\u201d de la hoja de coca sean investigados. El mandatario boliviano, quien viaj\u00f3 hoy a La Habana para participar de la\" \/>\n\t\t<meta name=\"twitter:label1\" content=\"Escrito por\" \/>\n\t\t<meta name=\"twitter:data1\" content=\"El Digital de Asturias\" \/>\n\t\t<meta name=\"twitter:label2\" content=\"Tiempo de lectura estimado\" \/>\n\t\t<meta name=\"twitter:data2\" content=\"2 minutos\" \/>\n\t\t<script type=\"application\/ld+json\" class=\"aioseo-schema\">\n\t\t\t{\"@context\":\"https:\\\/\\\/schema.org\",\"@graph\":[{\"@type\":\"BlogPosting\",\"@id\":\"https:\\\/\\\/www.eldigitaldeasturias.com\\\/noticias\\\/morales-promovera-el-uso-medicinal-de-la-coca-en-la-celac\\\/#blogposting\",\"name\":\"Morales promover\\u00e1 el uso medicinal de la coca en la CELAC - El Digital de Asturias\",\"headline\":\"Morales promover\\u00e1 el uso medicinal de la coca en la CELAC\",\"author\":{\"@id\":\"https:\\\/\\\/www.eldigitaldeasturias.com\\\/noticias\\\/author\\\/admin\\\/#author\"},\"publisher\":{\"@id\":\"https:\\\/\\\/www.eldigitaldeasturias.com\\\/noticias\\\/#organization\"},\"image\":{\"@type\":\"ImageObject\",\"url\":468928},\"datePublished\":\"2014-01-27T01:00:30+01:00\",\"dateModified\":\"2014-01-27T01:00:30+01:00\",\"inLanguage\":\"es-ES\",\"mainEntityOfPage\":{\"@id\":\"https:\\\/\\\/www.eldigitaldeasturias.com\\\/noticias\\\/morales-promovera-el-uso-medicinal-de-la-coca-en-la-celac\\\/#webpage\"},\"isPartOf\":{\"@id\":\"https:\\\/\\\/www.eldigitaldeasturias.com\\\/noticias\\\/morales-promovera-el-uso-medicinal-de-la-coca-en-la-celac\\\/#webpage\"},\"articleSection\":\"Actualidad\"},{\"@type\":\"BreadcrumbList\",\"@id\":\"https:\\\/\\\/www.eldigitaldeasturias.com\\\/noticias\\\/morales-promovera-el-uso-medicinal-de-la-coca-en-la-celac\\\/#breadcrumblist\",\"itemListElement\":[{\"@type\":\"ListItem\",\"@id\":\"https:\\\/\\\/www.eldigitaldeasturias.com\\\/noticias#listItem\",\"position\":1,\"name\":\"Home\",\"item\":\"https:\\\/\\\/www.eldigitaldeasturias.com\\\/noticias\",\"nextItem\":{\"@type\":\"ListItem\",\"@id\":\"https:\\\/\\\/www.eldigitaldeasturias.com\\\/noticias\\\/category\\\/actualidad\\\/#listItem\",\"name\":\"Actualidad\"}},{\"@type\":\"ListItem\",\"@id\":\"https:\\\/\\\/www.eldigitaldeasturias.com\\\/noticias\\\/category\\\/actualidad\\\/#listItem\",\"position\":2,\"name\":\"Actualidad\",\"item\":\"https:\\\/\\\/www.eldigitaldeasturias.com\\\/noticias\\\/category\\\/actualidad\\\/\",\"nextItem\":{\"@type\":\"ListItem\",\"@id\":\"https:\\\/\\\/www.eldigitaldeasturias.com\\\/noticias\\\/morales-promovera-el-uso-medicinal-de-la-coca-en-la-celac\\\/#listItem\",\"name\":\"Morales promover\\u00e1 el uso medicinal de la coca en la CELAC\"},\"previousItem\":{\"@type\":\"ListItem\",\"@id\":\"https:\\\/\\\/www.eldigitaldeasturias.com\\\/noticias#listItem\",\"name\":\"Home\"}},{\"@type\":\"ListItem\",\"@id\":\"https:\\\/\\\/www.eldigitaldeasturias.com\\\/noticias\\\/morales-promovera-el-uso-medicinal-de-la-coca-en-la-celac\\\/#listItem\",\"position\":3,\"name\":\"Morales promover\\u00e1 el uso medicinal de la coca en la CELAC\",\"previousItem\":{\"@type\":\"ListItem\",\"@id\":\"https:\\\/\\\/www.eldigitaldeasturias.com\\\/noticias\\\/category\\\/actualidad\\\/#listItem\",\"name\":\"Actualidad\"}}]},{\"@type\":\"Organization\",\"@id\":\"https:\\\/\\\/www.eldigitaldeasturias.com\\\/noticias\\\/#organization\",\"name\":\"El Digital de Asturias\",\"description\":\"Hemeroteca\",\"url\":\"https:\\\/\\\/www.eldigitaldeasturias.com\\\/noticias\\\/\",\"email\":\"info@eldigitaldeasturias.com\",\"telephone\":\"+34652131393\",\"logo\":{\"@type\":\"ImageObject\",\"url\":\"https:\\\/\\\/www.eldigitaldeasturias.com\\\/noticias\\\/wp-content\\\/uploads\\\/2020\\\/12\\\/EDA.jpg\",\"@id\":\"https:\\\/\\\/www.eldigitaldeasturias.com\\\/noticias\\\/morales-promovera-el-uso-medicinal-de-la-coca-en-la-celac\\\/#organizationLogo\"},\"image\":{\"@id\":\"https:\\\/\\\/www.eldigitaldeasturias.com\\\/noticias\\\/morales-promovera-el-uso-medicinal-de-la-coca-en-la-celac\\\/#organizationLogo\"},\"sameAs\":[\"https:\\\/\\\/facebook.com\\\/eldigitaldeasturias\",\"https:\\\/\\\/www.youtube.com\\\/channel\\\/UCZP-2wLEB9Rv6erhFmqVnvg\"],\"address\":{\"@id\":\"https:\\\/\\\/www.eldigitaldeasturias.com\\\/noticias\\\/#postaladdress\",\"@type\":\"PostalAddress\",\"streetAddress\":\"san antonio 4\",\"postalCode\":\"33430\",\"addressLocality\":\"Cand\\u00e1s\",\"addressRegion\":\"Asturias\",\"addressCountry\":\"ES\"}},{\"@type\":\"Person\",\"@id\":\"https:\\\/\\\/www.eldigitaldeasturias.com\\\/noticias\\\/author\\\/admin\\\/#author\",\"url\":\"https:\\\/\\\/www.eldigitaldeasturias.com\\\/noticias\\\/author\\\/admin\\\/\",\"name\":\"El Digital de Asturias\",\"image\":{\"@type\":\"ImageObject\",\"@id\":\"https:\\\/\\\/www.eldigitaldeasturias.com\\\/noticias\\\/morales-promovera-el-uso-medicinal-de-la-coca-en-la-celac\\\/#authorImage\",\"url\":\"https:\\\/\\\/secure.gravatar.com\\\/avatar\\\/df2aeffc32bcd13f8d26072ef8a91b623d677766deac7f97ca815868cd41bf5e?s=96&d=mm&r=g\",\"width\":96,\"height\":96,\"caption\":\"El Digital de Asturias\"}},{\"@type\":\"WebPage\",\"@id\":\"https:\\\/\\\/www.eldigitaldeasturias.com\\\/noticias\\\/morales-promovera-el-uso-medicinal-de-la-coca-en-la-celac\\\/#webpage\",\"url\":\"https:\\\/\\\/www.eldigitaldeasturias.com\\\/noticias\\\/morales-promovera-el-uso-medicinal-de-la-coca-en-la-celac\\\/\",\"name\":\"Morales promover\\u00e1 el uso medicinal de la coca en la CELAC - El Digital de Asturias\",\"description\":\"La Paz, 26 ene (dpa) - El presidente de Bolivia, Evo Morales, anunci\\u00f3 hoy que buscar\\u00e1 el respaldo de los presidentes de la Comunidad de Estados Latinoamericanos y Caribe\\u00f1os (CELAC) para que \\u201clos usos medicinales\\u201d de la hoja de coca sean investigados. El mandatario boliviano, quien viaj\\u00f3 hoy a La Habana para participar de la\",\"inLanguage\":\"es-ES\",\"isPartOf\":{\"@id\":\"https:\\\/\\\/www.eldigitaldeasturias.com\\\/noticias\\\/#website\"},\"breadcrumb\":{\"@id\":\"https:\\\/\\\/www.eldigitaldeasturias.com\\\/noticias\\\/morales-promovera-el-uso-medicinal-de-la-coca-en-la-celac\\\/#breadcrumblist\"},\"author\":{\"@id\":\"https:\\\/\\\/www.eldigitaldeasturias.com\\\/noticias\\\/author\\\/admin\\\/#author\"},\"creator\":{\"@id\":\"https:\\\/\\\/www.eldigitaldeasturias.com\\\/noticias\\\/author\\\/admin\\\/#author\"},\"image\":{\"@type\":\"ImageObject\",\"url\":468928,\"@id\":\"https:\\\/\\\/www.eldigitaldeasturias.com\\\/noticias\\\/morales-promovera-el-uso-medicinal-de-la-coca-en-la-celac\\\/#mainImage\"},\"primaryImageOfPage\":{\"@id\":\"https:\\\/\\\/www.eldigitaldeasturias.com\\\/noticias\\\/morales-promovera-el-uso-medicinal-de-la-coca-en-la-celac\\\/#mainImage\"},\"datePublished\":\"2014-01-27T01:00:30+01:00\",\"dateModified\":\"2014-01-27T01:00:30+01:00\"},{\"@type\":\"WebSite\",\"@id\":\"https:\\\/\\\/www.eldigitaldeasturias.com\\\/noticias\\\/#website\",\"url\":\"https:\\\/\\\/www.eldigitaldeasturias.com\\\/noticias\\\/\",\"name\":\"El Digital de Asturias - Diario de actualidad y noticias\",\"alternateName\":\"El Digital de Asturias - Diario de actualidad y noticias\",\"description\":\"Hemeroteca\",\"inLanguage\":\"es-ES\",\"publisher\":{\"@id\":\"https:\\\/\\\/www.eldigitaldeasturias.com\\\/noticias\\\/#organization\"}}]}\n\t\t<\/script>\n\t\t<!-- All in One SEO Pro -->\r\n\t\t<title>Morales promover\u00e1 el uso medicinal de la coca en la CELAC - El Digital de Asturias<\/title>\n\n","aioseo_head_json":{"title":"Morales promover\u00e1 el uso medicinal de la coca en la CELAC - El Digital de Asturias","description":"La Paz, 26 ene (dpa) - El presidente de Bolivia, Evo Morales, anunci\u00f3 hoy que buscar\u00e1 el respaldo de los presidentes de la Comunidad de Estados Latinoamericanos y Caribe\u00f1os (CELAC) para que \u201clos usos medicinales\u201d de la hoja de coca sean investigados. El mandatario boliviano, quien viaj\u00f3 hoy a La Habana para participar de la","canonical_url":"https:\/\/www.eldigitaldeasturias.com\/noticias\/morales-promovera-el-uso-medicinal-de-la-coca-en-la-celac\/","robots":"max-image-preview:large","keywords":"actualidad","webmasterTools":{"google-site-verification":"UA-38556648-1","msvalidate.01":"7dfe9f3f1b24437ab69f4f2559babe99","miscellaneous":""},"schema":{"@context":"https:\/\/schema.org","@graph":[{"@type":"BlogPosting","@id":"https:\/\/www.eldigitaldeasturias.com\/noticias\/morales-promovera-el-uso-medicinal-de-la-coca-en-la-celac\/#blogposting","name":"Morales promover\u00e1 el uso medicinal de la coca en la CELAC - El Digital de Asturias","headline":"Morales promover\u00e1 el uso medicinal de la coca en la CELAC","author":{"@id":"https:\/\/www.eldigitaldeasturias.com\/noticias\/author\/admin\/#author"},"publisher":{"@id":"https:\/\/www.eldigitaldeasturias.com\/noticias\/#organization"},"image":{"@type":"ImageObject","url":468928},"datePublished":"2014-01-27T01:00:30+01:00","dateModified":"2014-01-27T01:00:30+01:00","inLanguage":"es-ES","mainEntityOfPage":{"@id":"https:\/\/www.eldigitaldeasturias.com\/noticias\/morales-promovera-el-uso-medicinal-de-la-coca-en-la-celac\/#webpage"},"isPartOf":{"@id":"https:\/\/www.eldigitaldeasturias.com\/noticias\/morales-promovera-el-uso-medicinal-de-la-coca-en-la-celac\/#webpage"},"articleSection":"Actualidad"},{"@type":"BreadcrumbList","@id":"https:\/\/www.eldigitaldeasturias.com\/noticias\/morales-promovera-el-uso-medicinal-de-la-coca-en-la-celac\/#breadcrumblist","itemListElement":[{"@type":"ListItem","@id":"https:\/\/www.eldigitaldeasturias.com\/noticias#listItem","position":1,"name":"Home","item":"https:\/\/www.eldigitaldeasturias.com\/noticias","nextItem":{"@type":"ListItem","@id":"https:\/\/www.eldigitaldeasturias.com\/noticias\/category\/actualidad\/#listItem","name":"Actualidad"}},{"@type":"ListItem","@id":"https:\/\/www.eldigitaldeasturias.com\/noticias\/category\/actualidad\/#listItem","position":2,"name":"Actualidad","item":"https:\/\/www.eldigitaldeasturias.com\/noticias\/category\/actualidad\/","nextItem":{"@type":"ListItem","@id":"https:\/\/www.eldigitaldeasturias.com\/noticias\/morales-promovera-el-uso-medicinal-de-la-coca-en-la-celac\/#listItem","name":"Morales promover\u00e1 el uso medicinal de la coca en la CELAC"},"previousItem":{"@type":"ListItem","@id":"https:\/\/www.eldigitaldeasturias.com\/noticias#listItem","name":"Home"}},{"@type":"ListItem","@id":"https:\/\/www.eldigitaldeasturias.com\/noticias\/morales-promovera-el-uso-medicinal-de-la-coca-en-la-celac\/#listItem","position":3,"name":"Morales promover\u00e1 el uso medicinal de la coca en la CELAC","previousItem":{"@type":"ListItem","@id":"https:\/\/www.eldigitaldeasturias.com\/noticias\/category\/actualidad\/#listItem","name":"Actualidad"}}]},{"@type":"Organization","@id":"https:\/\/www.eldigitaldeasturias.com\/noticias\/#organization","name":"El Digital de Asturias","description":"Hemeroteca","url":"https:\/\/www.eldigitaldeasturias.com\/noticias\/","email":"info@eldigitaldeasturias.com","telephone":"+34652131393","logo":{"@type":"ImageObject","url":"https:\/\/www.eldigitaldeasturias.com\/noticias\/wp-content\/uploads\/2020\/12\/EDA.jpg","@id":"https:\/\/www.eldigitaldeasturias.com\/noticias\/morales-promovera-el-uso-medicinal-de-la-coca-en-la-celac\/#organizationLogo"},"image":{"@id":"https:\/\/www.eldigitaldeasturias.com\/noticias\/morales-promovera-el-uso-medicinal-de-la-coca-en-la-celac\/#organizationLogo"},"sameAs":["https:\/\/facebook.com\/eldigitaldeasturias","https:\/\/www.youtube.com\/channel\/UCZP-2wLEB9Rv6erhFmqVnvg"],"address":{"@id":"https:\/\/www.eldigitaldeasturias.com\/noticias\/#postaladdress","@type":"PostalAddress","streetAddress":"san antonio 4","postalCode":"33430","addressLocality":"Cand\u00e1s","addressRegion":"Asturias","addressCountry":"ES"}},{"@type":"Person","@id":"https:\/\/www.eldigitaldeasturias.com\/noticias\/author\/admin\/#author","url":"https:\/\/www.eldigitaldeasturias.com\/noticias\/author\/admin\/","name":"El Digital de Asturias","image":{"@type":"ImageObject","@id":"https:\/\/www.eldigitaldeasturias.com\/noticias\/morales-promovera-el-uso-medicinal-de-la-coca-en-la-celac\/#authorImage","url":"https:\/\/secure.gravatar.com\/avatar\/df2aeffc32bcd13f8d26072ef8a91b623d677766deac7f97ca815868cd41bf5e?s=96&d=mm&r=g","width":96,"height":96,"caption":"El Digital de Asturias"}},{"@type":"WebPage","@id":"https:\/\/www.eldigitaldeasturias.com\/noticias\/morales-promovera-el-uso-medicinal-de-la-coca-en-la-celac\/#webpage","url":"https:\/\/www.eldigitaldeasturias.com\/noticias\/morales-promovera-el-uso-medicinal-de-la-coca-en-la-celac\/","name":"Morales promover\u00e1 el uso medicinal de la coca en la CELAC - El Digital de Asturias","description":"La Paz, 26 ene (dpa) - El presidente de Bolivia, Evo Morales, anunci\u00f3 hoy que buscar\u00e1 el respaldo de los presidentes de la Comunidad de Estados Latinoamericanos y Caribe\u00f1os (CELAC) para que \u201clos usos medicinales\u201d de la hoja de coca sean investigados. El mandatario boliviano, quien viaj\u00f3 hoy a La Habana para participar de la","inLanguage":"es-ES","isPartOf":{"@id":"https:\/\/www.eldigitaldeasturias.com\/noticias\/#website"},"breadcrumb":{"@id":"https:\/\/www.eldigitaldeasturias.com\/noticias\/morales-promovera-el-uso-medicinal-de-la-coca-en-la-celac\/#breadcrumblist"},"author":{"@id":"https:\/\/www.eldigitaldeasturias.com\/noticias\/author\/admin\/#author"},"creator":{"@id":"https:\/\/www.eldigitaldeasturias.com\/noticias\/author\/admin\/#author"},"image":{"@type":"ImageObject","url":468928,"@id":"https:\/\/www.eldigitaldeasturias.com\/noticias\/morales-promovera-el-uso-medicinal-de-la-coca-en-la-celac\/#mainImage"},"primaryImageOfPage":{"@id":"https:\/\/www.eldigitaldeasturias.com\/noticias\/morales-promovera-el-uso-medicinal-de-la-coca-en-la-celac\/#mainImage"},"datePublished":"2014-01-27T01:00:30+01:00","dateModified":"2014-01-27T01:00:30+01:00"},{"@type":"WebSite","@id":"https:\/\/www.eldigitaldeasturias.com\/noticias\/#website","url":"https:\/\/www.eldigitaldeasturias.com\/noticias\/","name":"El Digital de Asturias - Diario de actualidad y noticias","alternateName":"El Digital de Asturias - Diario de actualidad y noticias","description":"Hemeroteca","inLanguage":"es-ES","publisher":{"@id":"https:\/\/www.eldigitaldeasturias.com\/noticias\/#organization"}}]},"og:locale":"es_ES","og:site_name":"El Digital de Asturias","og:type":"article","og:title":"Morales promover\u00e1 el uso medicinal de la coca en la CELAC - El Digital de Asturias","og:description":"La Paz, 26 ene (dpa) - El presidente de Bolivia, Evo Morales, anunci\u00f3 hoy que buscar\u00e1 el respaldo de los presidentes de la Comunidad de Estados Latinoamericanos y Caribe\u00f1os (CELAC) para que \u201clos usos medicinales\u201d de la hoja de coca sean investigados. El mandatario boliviano, quien viaj\u00f3 hoy a La Habana para participar de la","og:url":"https:\/\/www.eldigitaldeasturias.com\/noticias\/morales-promovera-el-uso-medicinal-de-la-coca-en-la-celac\/","article:tag":["actualidad"],"article:published_time":"2014-01-27T02:00:30+00:00","article:modified_time":"2014-01-27T02:00:30+00:00","article:publisher":"https:\/\/facebook.com\/eldigitaldeasturias","twitter:card":"summary_large_image","twitter:title":"Morales promover\u00e1 el uso medicinal de la coca en la CELAC - El Digital de Asturias","twitter:description":"La Paz, 26 ene (dpa) - El presidente de Bolivia, Evo Morales, anunci\u00f3 hoy que buscar\u00e1 el respaldo de los presidentes de la Comunidad de Estados Latinoamericanos y Caribe\u00f1os (CELAC) para que \u201clos usos medicinales\u201d de la hoja de coca sean investigados. El mandatario boliviano, quien viaj\u00f3 hoy a La Habana para participar de la","twitter:label1":"Escrito por","twitter:data1":"El Digital de Asturias","twitter:label2":"Tiempo de lectura estimado","twitter:data2":"2 minutos"},"aioseo_meta_data":{"post_id":"479390","title":null,"description":null,"keywords":null,"keyphrases":null,"primary_term":null,"canonical_url":null,"og_title":null,"og_description":null,"og_object_type":"default","og_image_type":"default","og_image_url":null,"og_image_width":null,"og_image_height":null,"og_image_custom_url":null,"og_image_custom_fields":null,"og_video":null,"og_custom_url":null,"og_article_section":null,"og_article_tags":null,"twitter_use_og":true,"twitter_card":"default","twitter_image_type":"default","twitter_image_url":null,"twitter_image_custom_url":null,"twitter_image_custom_fields":null,"twitter_title":null,"twitter_description":null,"schema":{"blockGraphs":[],"customGraphs":[],"default":{"data":{"Article":[],"Course":[],"Dataset":[],"FAQPage":[],"Movie":[],"Person":[],"Product":[],"ProductReview":[],"Car":[],"Recipe":[],"Service":[],"SoftwareApplication":[],"WebPage":[]},"graphName":"","isEnabled":true},"graphs":[],"defaultGraph":"","defaultPostTypeGraph":""},"schema_type":null,"schema_type_options":null,"pillar_content":false,"robots_default":true,"robots_noindex":false,"robots_noarchive":false,"robots_nosnippet":false,"robots_nofollow":false,"robots_noimageindex":false,"robots_noodp":false,"robots_notranslate":false,"robots_max_snippet":null,"robots_max_videopreview":null,"robots_max_imagepreview":"none","priority":null,"frequency":null,"local_seo":null,"seo_analyzer_scan_date":"2026-06-02 00:21:48","breadcrumb_settings":null,"limit_modified_date":false,"open_ai":null,"ai":null,"created":"2020-11-14 22:54:03","updated":"2026-06-02 00:21:48","focus_keyword":null,"additional_keywords":null,"truseo_locale":null},"aioseo_breadcrumb":"<div class=\"aioseo-breadcrumbs\"><span class=\"aioseo-breadcrumb\">\n\t<a href=\"https:\/\/www.eldigitaldeasturias.com\/noticias\" title=\"Home\">Home<\/a>\n<\/span><span class=\"aioseo-breadcrumb-separator\">\u2013<\/span><span class=\"aioseo-breadcrumb\">\n\t<a href=\"https:\/\/www.eldigitaldeasturias.com\/noticias\/category\/actualidad\/\" title=\"Actualidad\">Actualidad<\/a>\n<\/span><span class=\"aioseo-breadcrumb-separator\">\u2013<\/span><span class=\"aioseo-breadcrumb\">\n\t<a href=\"https:\/\/www.eldigitaldeasturias.com\/noticias\/morales-promovera-el-uso-medicinal-de-la-coca-en-la-celac\/\" title=\"Morales promover\u00e1 el uso medicinal de la coca en la CELAC\">Morales promover\u00e1 el uso medicinal de la coca en la CELAC<\/a>\n<\/span><\/div>","aioseo_breadcrumb_json":[{"label":"Home","link":"https:\/\/www.eldigitaldeasturias.com\/noticias"},{"label":"Actualidad","link":"https:\/\/www.eldigitaldeasturias.com\/noticias\/category\/actualidad\/"},{"label":"Morales promover\u00e1 el uso medicinal de la coca en la CELAC","link":"https:\/\/www.eldigitaldeasturias.com\/noticias\/morales-promovera-el-uso-medicinal-de-la-coca-en-la-celac\/"}],"_links":{"self":[{"href":"https:\/\/www.eldigitaldeasturias.com\/noticias\/wp-json\/wp\/v2\/posts\/479390","targetHints":{"allow":["GET"]}}],"collection":[{"href":"https:\/\/www.eldigitaldeasturias.com\/noticias\/wp-json\/wp\/v2\/posts"}],"about":[{"href":"https:\/\/www.eldigitaldeasturias.com\/noticias\/wp-json\/wp\/v2\/types\/post"}],"author":[{"embeddable":true,"href":"https:\/\/www.eldigitaldeasturias.com\/noticias\/wp-json\/wp\/v2\/users\/1"}],"replies":[{"embeddable":true,"href":"https:\/\/www.eldigitaldeasturias.com\/noticias\/wp-json\/wp\/v2\/comments?post=479390"}],"version-history":[{"count":0,"href":"https:\/\/www.eldigitaldeasturias.com\/noticias\/wp-json\/wp\/v2\/posts\/479390\/revisions"}],"wp:attachment":[{"href":"https:\/\/www.eldigitaldeasturias.com\/noticias\/wp-json\/wp\/v2\/media?parent=479390"}],"wp:term":[{"taxonomy":"category","embeddable":true,"href":"https:\/\/www.eldigitaldeasturias.com\/noticias\/wp-json\/wp\/v2\/categories?post=479390"},{"taxonomy":"post_tag","embeddable":true,"href":"https:\/\/www.eldigitaldeasturias.com\/noticias\/wp-json\/wp\/v2\/tags?post=479390"}],"curies":[{"name":"wp","href":"https:\/\/api.w.org\/{rel}","templated":true}]}}