{"id":479365,"date":"2014-01-27T00:30:35","date_gmt":"2014-01-27T01:30:35","guid":{"rendered":"http:\/\/www.eldigitaldeasturias.com\/noticias\/?p=479365"},"modified":"2014-01-27T00:30:35","modified_gmt":"2014-01-27T01:30:35","slug":"una-nueva-averia-del-avion-oficial-vuelve-a-trastocar-la-agenda-del-principe","status":"publish","type":"post","link":"https:\/\/www.eldigitaldeasturias.com\/noticias\/una-nueva-averia-del-avion-oficial-vuelve-a-trastocar-la-agenda-del-principe\/","title":{"rendered":"Una nueva aver\u00eda del avi\u00f3n oficial vuelve a trastocar la agenda del Pr\u00edncipe"},"content":{"rendered":"<p><img loading=\"lazy\" decoding=\"async\" class=\"alignleft size-medium wp-image-479366\" alt=\"5877921w\" src=\"https:\/\/www.eldigitaldeasturias.com\/noticias\/wp-content\/uploads\/2014\/01\/5877921w-360x270.jpg\" width=\"360\" height=\"270\" \/>Madrid, 26 ene (EFE).- El Pr\u00edncipe de Asturias ha revivido hoy en Santo Domingo, aunque con consecuencias m\u00e1s leves, la experiencia de ver c\u00f3mo peligraba un viaje oficial por una aver\u00eda en el avi\u00f3n que le trasladaba a Honduras, el mismo que le dej\u00f3 en tierra hace dos meses sin poder llevar a cabo su visita a Brasil.<\/p>\n<p>\u00abNunca me hab\u00eda pasado; y ya tengo unos a\u00f1itos\u00bb, coment\u00f3 don Felipe, sonriente aunque sin ocultar su pesar, el pasado 25 de septiembre en la base a\u00e9rea madrile\u00f1a de Torrej\u00f3n, tras verse obligado a cancelar su visita a Sao Paulo por una aver\u00eda en un sensor que, al causar un cortocircuito, imped\u00eda el normal funcionamiento de un aler\u00f3n o \u00abflap\u00bb del ala izquierda.<\/p>\n<p>En esta ocasi\u00f3n, su viaje a Honduras no se ha llegado a cancelar y \u00fanicamente se ha visto retrasado varias horas, tambi\u00e9n por culpa de un fallo en los circuitos el\u00e9ctricos, que ha mantenido a la aeronave de la Fuerza A\u00e9rea espa\u00f1ola, un Airbus A-310, varada en las pistas del aeropuerto dominicano de Las Am\u00e9ricas.<\/p>\n<p>El avi\u00f3n hab\u00eda despegado de la base de Torrej\u00f3n de Ardoz en torno a las 00:30 horas GMT y hab\u00eda aterrizado en el aeropuerto de Santo Domingo en una escala t\u00e9cnica para reponer combustible, pero unos 20 minutos despu\u00e9s de su salida de la capital dominicana, en la cabina de mando se encendi\u00f3 un indicador relacionado con el nivel de aceite de uno de los motores y el piloto decidi\u00f3 regresar.<\/p>\n<p>Al igual que hace dos meses, don Felipe permaneci\u00f3 dentro del avi\u00f3n todo el tiempo que dur\u00f3 la revisi\u00f3n de la aeronave, en torno a una hora, un proceso en el que los t\u00e9cnicos comprobaron que no hab\u00eda ning\u00fan problema con el aceite de los motores y que el indicador se hab\u00eda iluminado por un error del circuito el\u00e9ctrico.<\/p>\n<p>Tras la revisi\u00f3n, toda la delegaci\u00f3n oficial espa\u00f1ola abandon\u00f3 el avi\u00f3n para que la tripulaci\u00f3n realizara un vuelo de prueba y, al descender de la aeronave, don Felipe salud\u00f3 a los t\u00e9cnicos y se interes\u00f3 por conocer pormenores de su trabajo.<\/p>\n<p>Durante este vuelo de prueba para confirmar que todo funcionaba correctamente, el Pr\u00edncipe permaneci\u00f3 en una sala del aeropuerto junto al resto de la delegaci\u00f3n, de la que formaba parte el secretario de Estado de Cooperaci\u00f3n Internacional, Jes\u00fas Gracia, que vivi\u00f3 una experiencia similar en noviembre en Torrej\u00f3n mientras los t\u00e9cnicos intentaban reparar ese mismo avi\u00f3n para que volara a Brasil.<\/p>\n<p>A diferencia de lo ocurrido entonces, cuando despu\u00e9s de siete horas de trabajo de los t\u00e9cnicos hubo que suspender la visita a Sao Paulo, hoy el avi\u00f3n ha permanecido cerca de seis horas en la Rep\u00fablica Dominicana -incluido el tiempo del vuelo de prueba-, pero, finalmente, la aeronave ha despegado hacia el destino previsto.<\/p>\n<p>Ya no hay tiempo para celebrar en las horas programadas la recepci\u00f3n que don Felipe iba a ofrecer en Tegucigalpa a una cincuentena de espa\u00f1oles residentes en Honduras, ni su almuerzo con figuras destacadas y emergentes de la sociedad hondure\u00f1a, pero s\u00ed podr\u00e1 asistir ma\u00f1ana a la toma de posesi\u00f3n del nuevo presidente, Juan Orlando Hern\u00e1ndez, el acto central de la visita.<\/p>\n<p>Fuentes de Defensa han explicado hoy que este ministerio, el Ej\u00e9rcito del Aire y EADS abrir\u00e1n una investigaci\u00f3n para aclarar por qu\u00e9 en los \u00faltimos dos meses ha sufrido dos aver\u00edas de este tipo la misma aeronave, uno de los dos Airbus A-310 que la Fuerza A\u00e9rea espa\u00f1ola utiliza para el transporte de autoridades.<\/p>\n<p>Hasta marzo de 2013, Iberia se encargaba del mantenimiento de esos aviones y, desde entonces, es la compa\u00f1\u00eda aeron\u00e1utica europea EADS la responsable de este trabajo, seg\u00fan han indicado las mismas fuentes, que han precisado en todo caso que la investigaci\u00f3n de lo ocurrido no tiene nada de extraordinario y es una simple \u00abcuesti\u00f3n de procedimiento\u00bb.<\/p>\n<p>La Fuerza A\u00e9rea espa\u00f1ola dispone de una unidad especializada en desplazamientos de autoridades -fundamentalmente, miembros del Gobierno y de la Familia Real-, el llamado \u00ab45 Grupo\u00bb, que opera desde la base de Torrej\u00f3n y cuenta actualmente con estos dos A-310 y cinco aviones Falcon 900, m\u00e1s peque\u00f1os y con menos autonom\u00eda de vuelo.<\/p>\n<p>Los dos Airbus A-310, un modelo cuya antig\u00fcedad ronda los 30 a\u00f1os, entraron en servicio en Espa\u00f1a en 2003 para sustituir a sendos Boeing 707 y disponen de una autonom\u00eda de 9.600 kil\u00f3metros y 12 horas de vuelo.<\/p>\n<p>&nbsp;<\/p>\n<p>Ramiro Fuente<\/p>\n","protected":false},"excerpt":{"rendered":"<p>Madrid, 26 ene (EFE).- El Pr\u00edncipe de Asturias ha revivido hoy en Santo Domingo, aunque con consecuencias m\u00e1s leves, la experiencia de ver c\u00f3mo peligraba un viaje oficial por una aver\u00eda en el avi\u00f3n que le trasladaba a Honduras, el mismo que le dej\u00f3 en tierra hace dos meses sin poder llevar a cabo su [&hellip;]<\/p>\n","protected":false},"author":1,"featured_media":1132184,"comment_status":"closed","ping_status":"open","sticky":false,"template":"","format":"standard","meta":{"footnotes":""},"categories":[1],"tags":[],"class_list":["post-479365","post","type-post","status-publish","format-standard","has-post-thumbnail","hentry","category-actualidad"],"aioseo_notices":[],"aioseo_head":"\n\t\t<!-- All in One SEO Pro 5.0.1 - aioseo.com -->\n\t<meta name=\"description\" content=\"Madrid, 26 ene (EFE).- El Pr\u00edncipe de Asturias ha revivido hoy en Santo Domingo, aunque con consecuencias m\u00e1s leves, la experiencia de ver c\u00f3mo peligraba un viaje oficial por una aver\u00eda en el avi\u00f3n que le trasladaba a Honduras, el mismo que le dej\u00f3 en tierra hace dos meses sin poder llevar a cabo su\" \/>\n\t<meta name=\"robots\" content=\"max-image-preview:large\" \/>\n\t<meta name=\"author\" content=\"El Digital de Asturias\"\/>\n\t<meta name=\"google-site-verification\" content=\"UA-38556648-1\" \/>\n\t<meta name=\"msvalidate.01\" content=\"7dfe9f3f1b24437ab69f4f2559babe99\" \/>\n\t<meta name=\"keywords\" content=\"actualidad\" \/>\n\t<link rel=\"canonical\" href=\"https:\/\/www.eldigitaldeasturias.com\/noticias\/una-nueva-averia-del-avion-oficial-vuelve-a-trastocar-la-agenda-del-principe\/\" \/>\n\t<meta name=\"generator\" content=\"All in One SEO Pro (AIOSEO) 5.0.1\" \/>\n\t\t<meta property=\"og:locale\" content=\"es_ES\" \/>\n\t\t<meta property=\"og:site_name\" content=\"El Digital de Asturias\" \/>\n\t\t<meta property=\"og:type\" content=\"article\" \/>\n\t\t<meta property=\"og:title\" content=\"Una nueva aver\u00eda del avi\u00f3n oficial vuelve a trastocar la agenda del Pr\u00edncipe - El Digital de Asturias\" \/>\n\t\t<meta property=\"og:description\" content=\"Madrid, 26 ene (EFE).- El Pr\u00edncipe de Asturias ha revivido hoy en Santo Domingo, aunque con consecuencias m\u00e1s leves, la experiencia de ver c\u00f3mo peligraba un viaje oficial por una aver\u00eda en el avi\u00f3n que le trasladaba a Honduras, el mismo que le dej\u00f3 en tierra hace dos meses sin poder llevar a cabo su\" \/>\n\t\t<meta property=\"og:url\" content=\"https:\/\/www.eldigitaldeasturias.com\/noticias\/una-nueva-averia-del-avion-oficial-vuelve-a-trastocar-la-agenda-del-principe\/\" \/>\n\t\t<meta property=\"og:image\" content=\"https:\/\/www.eldigitaldeasturias.com\/noticias\/wp-content\/uploads\/2026\/06\/Contenidos.jpg\" \/>\n\t\t<meta property=\"og:image:secure_url\" content=\"https:\/\/www.eldigitaldeasturias.com\/noticias\/wp-content\/uploads\/2026\/06\/Contenidos.jpg\" \/>\n\t\t<meta property=\"og:image:width\" content=\"1265\" \/>\n\t\t<meta property=\"og:image:height\" content=\"697\" \/>\n\t\t<meta property=\"article:tag\" content=\"actualidad\" \/>\n\t\t<meta property=\"article:published_time\" content=\"2014-01-27T01:30:35+00:00\" \/>\n\t\t<meta property=\"article:modified_time\" content=\"2014-01-27T01:30:35+00:00\" \/>\n\t\t<meta property=\"article:publisher\" content=\"https:\/\/facebook.com\/eldigitaldeasturias\" \/>\n\t\t<meta name=\"twitter:card\" content=\"summary_large_image\" \/>\n\t\t<meta name=\"twitter:title\" content=\"Una nueva aver\u00eda del avi\u00f3n oficial vuelve a trastocar la agenda del Pr\u00edncipe - El Digital de Asturias\" \/>\n\t\t<meta name=\"twitter:description\" content=\"Madrid, 26 ene (EFE).- El Pr\u00edncipe de Asturias ha revivido hoy en Santo Domingo, aunque con consecuencias m\u00e1s leves, la experiencia de ver c\u00f3mo peligraba un viaje oficial por una aver\u00eda en el avi\u00f3n que le trasladaba a Honduras, el mismo que le dej\u00f3 en tierra hace dos meses sin poder llevar a cabo su\" \/>\n\t\t<meta name=\"twitter:image\" content=\"https:\/\/www.eldigitaldeasturias.com\/noticias\/wp-content\/uploads\/2026\/06\/Contenidos.jpg\" \/>\n\t\t<meta name=\"twitter:label1\" content=\"Escrito por\" \/>\n\t\t<meta name=\"twitter:data1\" content=\"El Digital de Asturias\" \/>\n\t\t<meta name=\"twitter:label2\" content=\"Tiempo de lectura estimado\" \/>\n\t\t<meta name=\"twitter:data2\" content=\"4 minutos\" \/>\n\t\t<script type=\"application\/ld+json\" class=\"aioseo-schema\">\n\t\t\t{\"@context\":\"https:\\\/\\\/schema.org\",\"@graph\":[{\"@type\":\"BlogPosting\",\"@id\":\"https:\\\/\\\/www.eldigitaldeasturias.com\\\/noticias\\\/una-nueva-averia-del-avion-oficial-vuelve-a-trastocar-la-agenda-del-principe\\\/#blogposting\",\"name\":\"Una nueva aver\\u00eda del avi\\u00f3n oficial vuelve a trastocar la agenda del Pr\\u00edncipe - El Digital de Asturias\",\"headline\":\"Una nueva aver\\u00eda del avi\\u00f3n oficial vuelve a trastocar la agenda del Pr\\u00edncipe\",\"author\":{\"@id\":\"https:\\\/\\\/www.eldigitaldeasturias.com\\\/noticias\\\/author\\\/admin\\\/#author\"},\"publisher\":{\"@id\":\"https:\\\/\\\/www.eldigitaldeasturias.com\\\/noticias\\\/#organization\"},\"image\":{\"@type\":\"ImageObject\",\"url\":\"https:\\\/\\\/www.eldigitaldeasturias.com\\\/noticias\\\/wp-content\\\/uploads\\\/2026\\\/06\\\/Contenidos.jpg\",\"width\":1265,\"height\":697,\"caption\":\"Contenidos\"},\"datePublished\":\"2014-01-27T00:30:35+01:00\",\"dateModified\":\"2014-01-27T00:30:35+01:00\",\"inLanguage\":\"es-ES\",\"mainEntityOfPage\":{\"@id\":\"https:\\\/\\\/www.eldigitaldeasturias.com\\\/noticias\\\/una-nueva-averia-del-avion-oficial-vuelve-a-trastocar-la-agenda-del-principe\\\/#webpage\"},\"isPartOf\":{\"@id\":\"https:\\\/\\\/www.eldigitaldeasturias.com\\\/noticias\\\/una-nueva-averia-del-avion-oficial-vuelve-a-trastocar-la-agenda-del-principe\\\/#webpage\"},\"articleSection\":\"Actualidad\"},{\"@type\":\"BreadcrumbList\",\"@id\":\"https:\\\/\\\/www.eldigitaldeasturias.com\\\/noticias\\\/una-nueva-averia-del-avion-oficial-vuelve-a-trastocar-la-agenda-del-principe\\\/#breadcrumblist\",\"itemListElement\":[{\"@type\":\"ListItem\",\"@id\":\"https:\\\/\\\/www.eldigitaldeasturias.com\\\/noticias#listItem\",\"position\":1,\"name\":\"Home\",\"item\":\"https:\\\/\\\/www.eldigitaldeasturias.com\\\/noticias\",\"nextItem\":{\"@type\":\"ListItem\",\"@id\":\"https:\\\/\\\/www.eldigitaldeasturias.com\\\/noticias\\\/category\\\/actualidad\\\/#listItem\",\"name\":\"Actualidad\"}},{\"@type\":\"ListItem\",\"@id\":\"https:\\\/\\\/www.eldigitaldeasturias.com\\\/noticias\\\/category\\\/actualidad\\\/#listItem\",\"position\":2,\"name\":\"Actualidad\",\"item\":\"https:\\\/\\\/www.eldigitaldeasturias.com\\\/noticias\\\/category\\\/actualidad\\\/\",\"nextItem\":{\"@type\":\"ListItem\",\"@id\":\"https:\\\/\\\/www.eldigitaldeasturias.com\\\/noticias\\\/una-nueva-averia-del-avion-oficial-vuelve-a-trastocar-la-agenda-del-principe\\\/#listItem\",\"name\":\"Una nueva aver\\u00eda del avi\\u00f3n oficial vuelve a trastocar la agenda del Pr\\u00edncipe\"},\"previousItem\":{\"@type\":\"ListItem\",\"@id\":\"https:\\\/\\\/www.eldigitaldeasturias.com\\\/noticias#listItem\",\"name\":\"Home\"}},{\"@type\":\"ListItem\",\"@id\":\"https:\\\/\\\/www.eldigitaldeasturias.com\\\/noticias\\\/una-nueva-averia-del-avion-oficial-vuelve-a-trastocar-la-agenda-del-principe\\\/#listItem\",\"position\":3,\"name\":\"Una nueva aver\\u00eda del avi\\u00f3n oficial vuelve a trastocar la agenda del Pr\\u00edncipe\",\"previousItem\":{\"@type\":\"ListItem\",\"@id\":\"https:\\\/\\\/www.eldigitaldeasturias.com\\\/noticias\\\/category\\\/actualidad\\\/#listItem\",\"name\":\"Actualidad\"}}]},{\"@type\":\"Organization\",\"@id\":\"https:\\\/\\\/www.eldigitaldeasturias.com\\\/noticias\\\/#organization\",\"name\":\"El Digital de Asturias\",\"description\":\"Hemeroteca\",\"url\":\"https:\\\/\\\/www.eldigitaldeasturias.com\\\/noticias\\\/\",\"email\":\"info@eldigitaldeasturias.com\",\"telephone\":\"+34652131393\",\"logo\":{\"@type\":\"ImageObject\",\"url\":\"https:\\\/\\\/www.eldigitaldeasturias.com\\\/noticias\\\/wp-content\\\/uploads\\\/2020\\\/12\\\/EDA.jpg\",\"@id\":\"https:\\\/\\\/www.eldigitaldeasturias.com\\\/noticias\\\/una-nueva-averia-del-avion-oficial-vuelve-a-trastocar-la-agenda-del-principe\\\/#organizationLogo\"},\"image\":{\"@id\":\"https:\\\/\\\/www.eldigitaldeasturias.com\\\/noticias\\\/una-nueva-averia-del-avion-oficial-vuelve-a-trastocar-la-agenda-del-principe\\\/#organizationLogo\"},\"sameAs\":[\"https:\\\/\\\/facebook.com\\\/eldigitaldeasturias\",\"https:\\\/\\\/www.youtube.com\\\/channel\\\/UCZP-2wLEB9Rv6erhFmqVnvg\"],\"address\":{\"@id\":\"https:\\\/\\\/www.eldigitaldeasturias.com\\\/noticias\\\/#postaladdress\",\"@type\":\"PostalAddress\",\"streetAddress\":\"san antonio 4\",\"postalCode\":\"33430\",\"addressLocality\":\"Cand\\u00e1s\",\"addressRegion\":\"Asturias\",\"addressCountry\":\"ES\"}},{\"@type\":\"Person\",\"@id\":\"https:\\\/\\\/www.eldigitaldeasturias.com\\\/noticias\\\/author\\\/admin\\\/#author\",\"url\":\"https:\\\/\\\/www.eldigitaldeasturias.com\\\/noticias\\\/author\\\/admin\\\/\",\"name\":\"El Digital de Asturias\",\"image\":{\"@type\":\"ImageObject\",\"@id\":\"https:\\\/\\\/www.eldigitaldeasturias.com\\\/noticias\\\/una-nueva-averia-del-avion-oficial-vuelve-a-trastocar-la-agenda-del-principe\\\/#authorImage\",\"url\":\"https:\\\/\\\/secure.gravatar.com\\\/avatar\\\/df2aeffc32bcd13f8d26072ef8a91b623d677766deac7f97ca815868cd41bf5e?s=96&d=mm&r=g\",\"width\":96,\"height\":96,\"caption\":\"El Digital de Asturias\"}},{\"@type\":\"WebPage\",\"@id\":\"https:\\\/\\\/www.eldigitaldeasturias.com\\\/noticias\\\/una-nueva-averia-del-avion-oficial-vuelve-a-trastocar-la-agenda-del-principe\\\/#webpage\",\"url\":\"https:\\\/\\\/www.eldigitaldeasturias.com\\\/noticias\\\/una-nueva-averia-del-avion-oficial-vuelve-a-trastocar-la-agenda-del-principe\\\/\",\"name\":\"Una nueva aver\\u00eda del avi\\u00f3n oficial vuelve a trastocar la agenda del Pr\\u00edncipe - El Digital de Asturias\",\"description\":\"Madrid, 26 ene (EFE).- El Pr\\u00edncipe de Asturias ha revivido hoy en Santo Domingo, aunque con consecuencias m\\u00e1s leves, la experiencia de ver c\\u00f3mo peligraba un viaje oficial por una aver\\u00eda en el avi\\u00f3n que le trasladaba a Honduras, el mismo que le dej\\u00f3 en tierra hace dos meses sin poder llevar a cabo su\",\"inLanguage\":\"es-ES\",\"isPartOf\":{\"@id\":\"https:\\\/\\\/www.eldigitaldeasturias.com\\\/noticias\\\/#website\"},\"breadcrumb\":{\"@id\":\"https:\\\/\\\/www.eldigitaldeasturias.com\\\/noticias\\\/una-nueva-averia-del-avion-oficial-vuelve-a-trastocar-la-agenda-del-principe\\\/#breadcrumblist\"},\"author\":{\"@id\":\"https:\\\/\\\/www.eldigitaldeasturias.com\\\/noticias\\\/author\\\/admin\\\/#author\"},\"creator\":{\"@id\":\"https:\\\/\\\/www.eldigitaldeasturias.com\\\/noticias\\\/author\\\/admin\\\/#author\"},\"image\":{\"@type\":\"ImageObject\",\"url\":\"https:\\\/\\\/www.eldigitaldeasturias.com\\\/noticias\\\/wp-content\\\/uploads\\\/2026\\\/06\\\/Contenidos.jpg\",\"@id\":\"https:\\\/\\\/www.eldigitaldeasturias.com\\\/noticias\\\/una-nueva-averia-del-avion-oficial-vuelve-a-trastocar-la-agenda-del-principe\\\/#mainImage\",\"width\":1265,\"height\":697,\"caption\":\"Contenidos\"},\"primaryImageOfPage\":{\"@id\":\"https:\\\/\\\/www.eldigitaldeasturias.com\\\/noticias\\\/una-nueva-averia-del-avion-oficial-vuelve-a-trastocar-la-agenda-del-principe\\\/#mainImage\"},\"datePublished\":\"2014-01-27T00:30:35+01:00\",\"dateModified\":\"2014-01-27T00:30:35+01:00\"},{\"@type\":\"WebSite\",\"@id\":\"https:\\\/\\\/www.eldigitaldeasturias.com\\\/noticias\\\/#website\",\"url\":\"https:\\\/\\\/www.eldigitaldeasturias.com\\\/noticias\\\/\",\"name\":\"El Digital de Asturias - Diario de actualidad y noticias\",\"alternateName\":\"El Digital de Asturias - Diario de actualidad y noticias\",\"description\":\"Hemeroteca\",\"inLanguage\":\"es-ES\",\"publisher\":{\"@id\":\"https:\\\/\\\/www.eldigitaldeasturias.com\\\/noticias\\\/#organization\"}}]}\n\t\t<\/script>\n\t\t<!-- All in One SEO Pro -->\r\n\t\t<title>Una nueva aver\u00eda del avi\u00f3n oficial vuelve a trastocar la agenda del Pr\u00edncipe - El Digital de Asturias<\/title>\n\n","aioseo_head_json":{"title":"Una nueva aver\u00eda del avi\u00f3n oficial vuelve a trastocar la agenda del Pr\u00edncipe - El Digital de Asturias","description":"Madrid, 26 ene (EFE).- El Pr\u00edncipe de Asturias ha revivido hoy en Santo Domingo, aunque con consecuencias m\u00e1s leves, la experiencia de ver c\u00f3mo peligraba un viaje oficial por una aver\u00eda en el avi\u00f3n que le trasladaba a Honduras, el mismo que le dej\u00f3 en tierra hace dos meses sin poder llevar a cabo su","canonical_url":"https:\/\/www.eldigitaldeasturias.com\/noticias\/una-nueva-averia-del-avion-oficial-vuelve-a-trastocar-la-agenda-del-principe\/","robots":"max-image-preview:large","keywords":"actualidad","webmasterTools":{"google-site-verification":"UA-38556648-1","msvalidate.01":"7dfe9f3f1b24437ab69f4f2559babe99","miscellaneous":""},"schema":{"@context":"https:\/\/schema.org","@graph":[{"@type":"BlogPosting","@id":"https:\/\/www.eldigitaldeasturias.com\/noticias\/una-nueva-averia-del-avion-oficial-vuelve-a-trastocar-la-agenda-del-principe\/#blogposting","name":"Una nueva aver\u00eda del avi\u00f3n oficial vuelve a trastocar la agenda del Pr\u00edncipe - El Digital de Asturias","headline":"Una nueva aver\u00eda del avi\u00f3n oficial vuelve a trastocar la agenda del Pr\u00edncipe","author":{"@id":"https:\/\/www.eldigitaldeasturias.com\/noticias\/author\/admin\/#author"},"publisher":{"@id":"https:\/\/www.eldigitaldeasturias.com\/noticias\/#organization"},"image":{"@type":"ImageObject","url":"https:\/\/www.eldigitaldeasturias.com\/noticias\/wp-content\/uploads\/2026\/06\/Contenidos.jpg","width":1265,"height":697,"caption":"Contenidos"},"datePublished":"2014-01-27T00:30:35+01:00","dateModified":"2014-01-27T00:30:35+01:00","inLanguage":"es-ES","mainEntityOfPage":{"@id":"https:\/\/www.eldigitaldeasturias.com\/noticias\/una-nueva-averia-del-avion-oficial-vuelve-a-trastocar-la-agenda-del-principe\/#webpage"},"isPartOf":{"@id":"https:\/\/www.eldigitaldeasturias.com\/noticias\/una-nueva-averia-del-avion-oficial-vuelve-a-trastocar-la-agenda-del-principe\/#webpage"},"articleSection":"Actualidad"},{"@type":"BreadcrumbList","@id":"https:\/\/www.eldigitaldeasturias.com\/noticias\/una-nueva-averia-del-avion-oficial-vuelve-a-trastocar-la-agenda-del-principe\/#breadcrumblist","itemListElement":[{"@type":"ListItem","@id":"https:\/\/www.eldigitaldeasturias.com\/noticias#listItem","position":1,"name":"Home","item":"https:\/\/www.eldigitaldeasturias.com\/noticias","nextItem":{"@type":"ListItem","@id":"https:\/\/www.eldigitaldeasturias.com\/noticias\/category\/actualidad\/#listItem","name":"Actualidad"}},{"@type":"ListItem","@id":"https:\/\/www.eldigitaldeasturias.com\/noticias\/category\/actualidad\/#listItem","position":2,"name":"Actualidad","item":"https:\/\/www.eldigitaldeasturias.com\/noticias\/category\/actualidad\/","nextItem":{"@type":"ListItem","@id":"https:\/\/www.eldigitaldeasturias.com\/noticias\/una-nueva-averia-del-avion-oficial-vuelve-a-trastocar-la-agenda-del-principe\/#listItem","name":"Una nueva aver\u00eda del avi\u00f3n oficial vuelve a trastocar la agenda del Pr\u00edncipe"},"previousItem":{"@type":"ListItem","@id":"https:\/\/www.eldigitaldeasturias.com\/noticias#listItem","name":"Home"}},{"@type":"ListItem","@id":"https:\/\/www.eldigitaldeasturias.com\/noticias\/una-nueva-averia-del-avion-oficial-vuelve-a-trastocar-la-agenda-del-principe\/#listItem","position":3,"name":"Una nueva aver\u00eda del avi\u00f3n oficial vuelve a trastocar la agenda del Pr\u00edncipe","previousItem":{"@type":"ListItem","@id":"https:\/\/www.eldigitaldeasturias.com\/noticias\/category\/actualidad\/#listItem","name":"Actualidad"}}]},{"@type":"Organization","@id":"https:\/\/www.eldigitaldeasturias.com\/noticias\/#organization","name":"El Digital de Asturias","description":"Hemeroteca","url":"https:\/\/www.eldigitaldeasturias.com\/noticias\/","email":"info@eldigitaldeasturias.com","telephone":"+34652131393","logo":{"@type":"ImageObject","url":"https:\/\/www.eldigitaldeasturias.com\/noticias\/wp-content\/uploads\/2020\/12\/EDA.jpg","@id":"https:\/\/www.eldigitaldeasturias.com\/noticias\/una-nueva-averia-del-avion-oficial-vuelve-a-trastocar-la-agenda-del-principe\/#organizationLogo"},"image":{"@id":"https:\/\/www.eldigitaldeasturias.com\/noticias\/una-nueva-averia-del-avion-oficial-vuelve-a-trastocar-la-agenda-del-principe\/#organizationLogo"},"sameAs":["https:\/\/facebook.com\/eldigitaldeasturias","https:\/\/www.youtube.com\/channel\/UCZP-2wLEB9Rv6erhFmqVnvg"],"address":{"@id":"https:\/\/www.eldigitaldeasturias.com\/noticias\/#postaladdress","@type":"PostalAddress","streetAddress":"san antonio 4","postalCode":"33430","addressLocality":"Cand\u00e1s","addressRegion":"Asturias","addressCountry":"ES"}},{"@type":"Person","@id":"https:\/\/www.eldigitaldeasturias.com\/noticias\/author\/admin\/#author","url":"https:\/\/www.eldigitaldeasturias.com\/noticias\/author\/admin\/","name":"El Digital de Asturias","image":{"@type":"ImageObject","@id":"https:\/\/www.eldigitaldeasturias.com\/noticias\/una-nueva-averia-del-avion-oficial-vuelve-a-trastocar-la-agenda-del-principe\/#authorImage","url":"https:\/\/secure.gravatar.com\/avatar\/df2aeffc32bcd13f8d26072ef8a91b623d677766deac7f97ca815868cd41bf5e?s=96&d=mm&r=g","width":96,"height":96,"caption":"El Digital de Asturias"}},{"@type":"WebPage","@id":"https:\/\/www.eldigitaldeasturias.com\/noticias\/una-nueva-averia-del-avion-oficial-vuelve-a-trastocar-la-agenda-del-principe\/#webpage","url":"https:\/\/www.eldigitaldeasturias.com\/noticias\/una-nueva-averia-del-avion-oficial-vuelve-a-trastocar-la-agenda-del-principe\/","name":"Una nueva aver\u00eda del avi\u00f3n oficial vuelve a trastocar la agenda del Pr\u00edncipe - El Digital de Asturias","description":"Madrid, 26 ene (EFE).- El Pr\u00edncipe de Asturias ha revivido hoy en Santo Domingo, aunque con consecuencias m\u00e1s leves, la experiencia de ver c\u00f3mo peligraba un viaje oficial por una aver\u00eda en el avi\u00f3n que le trasladaba a Honduras, el mismo que le dej\u00f3 en tierra hace dos meses sin poder llevar a cabo su","inLanguage":"es-ES","isPartOf":{"@id":"https:\/\/www.eldigitaldeasturias.com\/noticias\/#website"},"breadcrumb":{"@id":"https:\/\/www.eldigitaldeasturias.com\/noticias\/una-nueva-averia-del-avion-oficial-vuelve-a-trastocar-la-agenda-del-principe\/#breadcrumblist"},"author":{"@id":"https:\/\/www.eldigitaldeasturias.com\/noticias\/author\/admin\/#author"},"creator":{"@id":"https:\/\/www.eldigitaldeasturias.com\/noticias\/author\/admin\/#author"},"image":{"@type":"ImageObject","url":"https:\/\/www.eldigitaldeasturias.com\/noticias\/wp-content\/uploads\/2026\/06\/Contenidos.jpg","@id":"https:\/\/www.eldigitaldeasturias.com\/noticias\/una-nueva-averia-del-avion-oficial-vuelve-a-trastocar-la-agenda-del-principe\/#mainImage","width":1265,"height":697,"caption":"Contenidos"},"primaryImageOfPage":{"@id":"https:\/\/www.eldigitaldeasturias.com\/noticias\/una-nueva-averia-del-avion-oficial-vuelve-a-trastocar-la-agenda-del-principe\/#mainImage"},"datePublished":"2014-01-27T00:30:35+01:00","dateModified":"2014-01-27T00:30:35+01:00"},{"@type":"WebSite","@id":"https:\/\/www.eldigitaldeasturias.com\/noticias\/#website","url":"https:\/\/www.eldigitaldeasturias.com\/noticias\/","name":"El Digital de Asturias - Diario de actualidad y noticias","alternateName":"El Digital de Asturias - Diario de actualidad y noticias","description":"Hemeroteca","inLanguage":"es-ES","publisher":{"@id":"https:\/\/www.eldigitaldeasturias.com\/noticias\/#organization"}}]},"og:locale":"es_ES","og:site_name":"El Digital de Asturias","og:type":"article","og:title":"Una nueva aver\u00eda del avi\u00f3n oficial vuelve a trastocar la agenda del Pr\u00edncipe - El Digital de Asturias","og:description":"Madrid, 26 ene (EFE).- El Pr\u00edncipe de Asturias ha revivido hoy en Santo Domingo, aunque con consecuencias m\u00e1s leves, la experiencia de ver c\u00f3mo peligraba un viaje oficial por una aver\u00eda en el avi\u00f3n que le trasladaba a Honduras, el mismo que le dej\u00f3 en tierra hace dos meses sin poder llevar a cabo su","og:url":"https:\/\/www.eldigitaldeasturias.com\/noticias\/una-nueva-averia-del-avion-oficial-vuelve-a-trastocar-la-agenda-del-principe\/","og:image":"https:\/\/www.eldigitaldeasturias.com\/noticias\/wp-content\/uploads\/2026\/06\/Contenidos.jpg","og:image:secure_url":"https:\/\/www.eldigitaldeasturias.com\/noticias\/wp-content\/uploads\/2026\/06\/Contenidos.jpg","og:image:width":1265,"og:image:height":697,"article:tag":["actualidad"],"article:published_time":"2014-01-27T01:30:35+00:00","article:modified_time":"2014-01-27T01:30:35+00:00","article:publisher":"https:\/\/facebook.com\/eldigitaldeasturias","twitter:card":"summary_large_image","twitter:title":"Una nueva aver\u00eda del avi\u00f3n oficial vuelve a trastocar la agenda del Pr\u00edncipe - El Digital de Asturias","twitter:description":"Madrid, 26 ene (EFE).- El Pr\u00edncipe de Asturias ha revivido hoy en Santo Domingo, aunque con consecuencias m\u00e1s leves, la experiencia de ver c\u00f3mo peligraba un viaje oficial por una aver\u00eda en el avi\u00f3n que le trasladaba a Honduras, el mismo que le dej\u00f3 en tierra hace dos meses sin poder llevar a cabo su","twitter:image":"https:\/\/www.eldigitaldeasturias.com\/noticias\/wp-content\/uploads\/2026\/06\/Contenidos.jpg","twitter:label1":"Escrito por","twitter:data1":"El Digital de Asturias","twitter:label2":"Tiempo de lectura estimado","twitter:data2":"4 minutos"},"aioseo_meta_data":{"post_id":"479365","title":null,"description":null,"keywords":null,"keyphrases":null,"primary_term":null,"canonical_url":null,"og_title":null,"og_description":null,"og_object_type":"default","og_image_type":"default","og_image_url":null,"og_image_width":null,"og_image_height":null,"og_image_custom_url":null,"og_image_custom_fields":null,"og_video":null,"og_custom_url":null,"og_article_section":null,"og_article_tags":null,"twitter_use_og":true,"twitter_card":"default","twitter_image_type":"default","twitter_image_url":null,"twitter_image_custom_url":null,"twitter_image_custom_fields":null,"twitter_title":null,"twitter_description":null,"schema":{"blockGraphs":[],"customGraphs":[],"default":{"data":{"Article":[],"Course":[],"Dataset":[],"FAQPage":[],"Movie":[],"Person":[],"Product":[],"ProductReview":[],"Car":[],"Recipe":[],"Service":[],"SoftwareApplication":[],"WebPage":[]},"graphName":"","isEnabled":true},"graphs":[],"defaultGraph":"","defaultPostTypeGraph":""},"schema_type":null,"schema_type_options":null,"pillar_content":false,"robots_default":true,"robots_noindex":false,"robots_noarchive":false,"robots_nosnippet":false,"robots_nofollow":false,"robots_noimageindex":false,"robots_noodp":false,"robots_notranslate":false,"robots_max_snippet":null,"robots_max_videopreview":null,"robots_max_imagepreview":"none","priority":null,"frequency":null,"local_seo":null,"seo_analyzer_scan_date":"2026-06-02 00:17:46","breadcrumb_settings":null,"limit_modified_date":false,"open_ai":null,"ai":null,"created":"2020-11-14 22:54:03","updated":"2026-06-02 00:17:46","focus_keyword":null,"additional_keywords":null,"truseo_locale":null},"aioseo_breadcrumb":"<div class=\"aioseo-breadcrumbs\"><span class=\"aioseo-breadcrumb\">\n\t<a href=\"https:\/\/www.eldigitaldeasturias.com\/noticias\" title=\"Home\">Home<\/a>\n<\/span><span class=\"aioseo-breadcrumb-separator\">\u2013<\/span><span class=\"aioseo-breadcrumb\">\n\t<a href=\"https:\/\/www.eldigitaldeasturias.com\/noticias\/category\/actualidad\/\" title=\"Actualidad\">Actualidad<\/a>\n<\/span><span class=\"aioseo-breadcrumb-separator\">\u2013<\/span><span class=\"aioseo-breadcrumb\">\n\t<a href=\"https:\/\/www.eldigitaldeasturias.com\/noticias\/una-nueva-averia-del-avion-oficial-vuelve-a-trastocar-la-agenda-del-principe\/\" title=\"Una nueva aver\u00eda del avi\u00f3n oficial vuelve a trastocar la agenda del Pr\u00edncipe\">Una nueva aver\u00eda del avi\u00f3n oficial vuelve a trastocar la agenda del Pr\u00edncipe<\/a>\n<\/span><\/div>","aioseo_breadcrumb_json":[{"label":"Home","link":"https:\/\/www.eldigitaldeasturias.com\/noticias"},{"label":"Actualidad","link":"https:\/\/www.eldigitaldeasturias.com\/noticias\/category\/actualidad\/"},{"label":"Una nueva aver\u00eda del avi\u00f3n oficial vuelve a trastocar la agenda del Pr\u00edncipe","link":"https:\/\/www.eldigitaldeasturias.com\/noticias\/una-nueva-averia-del-avion-oficial-vuelve-a-trastocar-la-agenda-del-principe\/"}],"_links":{"self":[{"href":"https:\/\/www.eldigitaldeasturias.com\/noticias\/wp-json\/wp\/v2\/posts\/479365","targetHints":{"allow":["GET"]}}],"collection":[{"href":"https:\/\/www.eldigitaldeasturias.com\/noticias\/wp-json\/wp\/v2\/posts"}],"about":[{"href":"https:\/\/www.eldigitaldeasturias.com\/noticias\/wp-json\/wp\/v2\/types\/post"}],"author":[{"embeddable":true,"href":"https:\/\/www.eldigitaldeasturias.com\/noticias\/wp-json\/wp\/v2\/users\/1"}],"replies":[{"embeddable":true,"href":"https:\/\/www.eldigitaldeasturias.com\/noticias\/wp-json\/wp\/v2\/comments?post=479365"}],"version-history":[{"count":0,"href":"https:\/\/www.eldigitaldeasturias.com\/noticias\/wp-json\/wp\/v2\/posts\/479365\/revisions"}],"wp:featuredmedia":[{"embeddable":true,"href":"https:\/\/www.eldigitaldeasturias.com\/noticias\/wp-json\/wp\/v2\/media\/1132184"}],"wp:attachment":[{"href":"https:\/\/www.eldigitaldeasturias.com\/noticias\/wp-json\/wp\/v2\/media?parent=479365"}],"wp:term":[{"taxonomy":"category","embeddable":true,"href":"https:\/\/www.eldigitaldeasturias.com\/noticias\/wp-json\/wp\/v2\/categories?post=479365"},{"taxonomy":"post_tag","embeddable":true,"href":"https:\/\/www.eldigitaldeasturias.com\/noticias\/wp-json\/wp\/v2\/tags?post=479365"}],"curies":[{"name":"wp","href":"https:\/\/api.w.org\/{rel}","templated":true}]}}