{"id":479362,"date":"2014-01-27T00:29:10","date_gmt":"2014-01-27T01:29:10","guid":{"rendered":"http:\/\/www.eldigitaldeasturias.com\/noticias\/?p=479362"},"modified":"2014-01-27T00:29:10","modified_gmt":"2014-01-27T01:29:10","slug":"nairo-quintana-conquisto-el-tour-de-san-luis","status":"publish","type":"post","link":"https:\/\/www.eldigitaldeasturias.com\/noticias\/nairo-quintana-conquisto-el-tour-de-san-luis\/","title":{"rendered":"Nairo Quintana conquist\u00f3 el Tour de San Luis"},"content":{"rendered":"<p><img loading=\"lazy\" decoding=\"async\" class=\"alignleft size-medium wp-image-479363\" alt=\"5878050w\" src=\"https:\/\/www.eldigitaldeasturias.com\/noticias\/wp-content\/uploads\/2014\/01\/5878050w-360x239.jpg\" width=\"360\" height=\"239\" \/>Buenos Aires, 26 ene (EFE).- El ciclista colombiano Nairo Quintana, del equipo Movistar, se coron\u00f3 hoy como ganador del Tour de San Luis, tras completarse la s\u00e9ptima y \u00faltima etapa de la ronda cicl\u00edstica argentina que tuvo como ganador al italiano Sacha Modolo con un tiempo de tres horas, 13 minutos y 28 segundos.<\/p>\n<p>De esta manera, Quintana, oriundo de Tunja, sum\u00f3 el sexto t\u00edtulo de su carrera tras los conseguidos en la Vuelta del Porvenir, en el 2010; Vuelta a Murcia, Ruta del Sur, en el 2012; Vuelta al Pa\u00eds Vasco y Vuelta a Burgos, en el 2013.<\/p>\n<p>\u00abEstoy muy contento por haber conseguido esta consagraci\u00f3n en esta vuelta. Quiero agradecer a todo el p\u00fablico de San Luis por su cari\u00f1o y a todo el pueblo colombiano que me acompa\u00f1\u00f3 en esta semana\u00bb, enfatiz\u00f3 Nairo Quintana apenas super\u00f3 la l\u00ednea final.<\/p>\n<p>\u00abEs un triunfo importante de cara a la confianza para el resto de la temporada. No he preparado espec\u00edficamente este inicio del a\u00f1o, aunque hab\u00edamos previsto empezar un poco m\u00e1s fuerte. He entrenado sin problemas y en carrera me he encontrado muy bien\u00bb, a\u00f1adi\u00f3 el colombiano.<\/p>\n<p>A pocos d\u00edas de cumplir los 24 a\u00f1os, Quintana fue un claro vencedor en una prueba que lider\u00f3 en las \u00faltimas tres etapas y que finaliz\u00f3 con un tiempo total de 24 horas, 48 minutos y 48 segundos.<\/p>\n<p>El segundo lugar de la clasificaci\u00f3n general correspondi\u00f3 al estadounidense Phillip Gaimon, a 35 segundos del ganador, mientras que el argentino Sergio Godoy, del equipo San Luis Somos Todos, complet\u00f3 el podio a un minuto y 57 segundos del vencedor.<\/p>\n<p>El vencedor demostr\u00f3 ser el m\u00e1s fuerte en las subidas, con una gran exhibici\u00f3n con victoria en la selectiva llegada al cerro El Amago, en la cuarta etapa, y aguantando los ataques de sus rivales en el final en alto de ayer en el Mirador del Sol.<\/p>\n<p>Adem\u00e1s, se le suma su notable rendimiento en la contrarreloj del viernes en San Luis.<\/p>\n<p>\u00abMi calendario est\u00e1 ahora por decidir; depender\u00e1 de si decidimos correr el Giro o el Tour. De momento viajo a Espa\u00f1a con mis compa\u00f1eros para la presentaci\u00f3n del equipo y, en cuanto termine, regreso r\u00e1pidamente para Colombia para ver el nacimiento de mi hija Mariana, que est\u00e1 previsto para los primeros d\u00edas de febrero\u00bb, a\u00f1adi\u00f3 el vencedor en la l\u00ednea de llegada.<\/p>\n<p>En cuanto al resultado de la etapa, Modolo, del Lampre-M\u00e9rida, se impuso en los 148 kil\u00f3metros que unen a San Luis con la meta en Terrazas del Portezuelo.<\/p>\n<p>El experimentado italiano lider\u00f3 una llegada multitudinaria que dej\u00f3 en segundo lugar al eslovaco Peter Sagan, del Cannondale, mientras que en tercer y cuarto lugar llegaron los argentinos Ariel y Mauro Richeze, del Lampre-M\u00e9rida y de la Selecci\u00f3n Argentina, respectivamente.<\/p>\n<p>Nairo Quintana ratific\u00f3 en la llegada en el Hito de las Terrazas del Portezuelo su favoritismo en su tercera temporada con el equipo Movistar, luego del gran golpe que signific\u00f3 el segundo puesto en el m\u00e1s reciente Tour de Francia.<\/p>\n<p>Con esta consagraci\u00f3n, el Tour de San Luis sum\u00f3 su cuarto vencedor extranjero tras las conquistas logradas por el italiano Vicenzo Nibali en 2010, el chileno Marco Arriagada en 2011 y el estadounidense Levi Leipheimer en 2012.<\/p>\n<p>Las restantes cuatro ediciones de esta gala, la m\u00e1s importante del calendario americano de ruta, tuvo vencedores argentinos con Jorge Giacinti en 2007, Mart\u00edn Garrido Mayorga en 2008, Alfredo Lucero en 2009 y Daniel D\u00edaz en 2013.<\/p>\n<p>&nbsp;<\/p>\n<p>&#8211; Clasificaci\u00f3n de la s\u00e9ptima y \u00faltima etapa:<\/p>\n<p>.1. Sacha Modolo (Lampre-M\u00e9rida, Italia) 3h13:28<\/p>\n<p>.2. Peter Sagan (Cannondale, Eslovaquia) m.t.<\/p>\n<p>.3. Ariel Richeze (Lampre-M\u00e9rida, Argentina) m.t.<\/p>\n<p>.4. Mauro Richeze (Selecci\u00f3n Argentina) m.t.<\/p>\n<p>.5. Jens Keukeleire (Orica GreenEDGE, B\u00e9lgica) m.t.<\/p>\n<p>&nbsp;<\/p>\n<p>&#8211; Clasificaci\u00f3n general final:<\/p>\n<p>.1. Nairo Quintana (Movistar, Colombia) 24h48:48<\/p>\n<p>.2. Phillip Gaimon (Garmin-Sharp, Estados Unidos) a 0:43<\/p>\n<p>.3. Sergio Godoy (San Luis Somos Todos, Argentina) a 2:02<\/p>\n<p>.4. Juli\u00e1n Arredondo (Trek Factory, Colombia) a 2:54<\/p>\n<p>.5. Josu\u00e9 Moyano (San Luis Somos Todos, Argentina) a 3:04.<\/p>\n","protected":false},"excerpt":{"rendered":"<p>Buenos Aires, 26 ene (EFE).- El ciclista colombiano Nairo Quintana, del equipo Movistar, se coron\u00f3 hoy como ganador del Tour de San Luis, tras completarse la s\u00e9ptima y \u00faltima etapa de la ronda cicl\u00edstica argentina que tuvo como ganador al italiano Sacha Modolo con un tiempo de tres horas, 13 minutos y 28 segundos. De [&hellip;]<\/p>\n","protected":false},"author":1,"featured_media":1132184,"comment_status":"closed","ping_status":"open","sticky":false,"template":"","format":"standard","meta":{"footnotes":""},"categories":[1],"tags":[],"class_list":["post-479362","post","type-post","status-publish","format-standard","has-post-thumbnail","hentry","category-actualidad"],"aioseo_notices":[],"aioseo_head":"\n\t\t<!-- All in One SEO Pro 5.0.1 - aioseo.com -->\n\t<meta name=\"description\" content=\"Buenos Aires, 26 ene (EFE).- El ciclista colombiano Nairo Quintana, del equipo Movistar, se coron\u00f3 hoy como ganador del Tour de San Luis, tras completarse la s\u00e9ptima y \u00faltima etapa de la ronda cicl\u00edstica argentina que tuvo como ganador al italiano Sacha Modolo con un tiempo de tres horas, 13 minutos y 28 segundos. De\" \/>\n\t<meta name=\"robots\" content=\"max-image-preview:large\" \/>\n\t<meta name=\"author\" content=\"El Digital de Asturias\"\/>\n\t<meta name=\"google-site-verification\" content=\"UA-38556648-1\" \/>\n\t<meta name=\"msvalidate.01\" content=\"7dfe9f3f1b24437ab69f4f2559babe99\" \/>\n\t<meta name=\"keywords\" content=\"actualidad\" \/>\n\t<link rel=\"canonical\" href=\"https:\/\/www.eldigitaldeasturias.com\/noticias\/nairo-quintana-conquisto-el-tour-de-san-luis\/\" \/>\n\t<meta name=\"generator\" content=\"All in One SEO Pro (AIOSEO) 5.0.1\" \/>\n\t\t<meta property=\"og:locale\" content=\"es_ES\" \/>\n\t\t<meta property=\"og:site_name\" content=\"El Digital de Asturias\" \/>\n\t\t<meta property=\"og:type\" content=\"article\" \/>\n\t\t<meta property=\"og:title\" content=\"Nairo Quintana conquist\u00f3 el Tour de San Luis - El Digital de Asturias\" \/>\n\t\t<meta property=\"og:description\" content=\"Buenos Aires, 26 ene (EFE).- El ciclista colombiano Nairo Quintana, del equipo Movistar, se coron\u00f3 hoy como ganador del Tour de San Luis, tras completarse la s\u00e9ptima y \u00faltima etapa de la ronda cicl\u00edstica argentina que tuvo como ganador al italiano Sacha Modolo con un tiempo de tres horas, 13 minutos y 28 segundos. De\" \/>\n\t\t<meta property=\"og:url\" content=\"https:\/\/www.eldigitaldeasturias.com\/noticias\/nairo-quintana-conquisto-el-tour-de-san-luis\/\" \/>\n\t\t<meta property=\"og:image\" content=\"https:\/\/www.eldigitaldeasturias.com\/noticias\/wp-content\/uploads\/2026\/06\/Contenidos.jpg\" \/>\n\t\t<meta property=\"og:image:secure_url\" content=\"https:\/\/www.eldigitaldeasturias.com\/noticias\/wp-content\/uploads\/2026\/06\/Contenidos.jpg\" \/>\n\t\t<meta property=\"og:image:width\" content=\"1265\" \/>\n\t\t<meta property=\"og:image:height\" content=\"697\" \/>\n\t\t<meta property=\"article:tag\" content=\"actualidad\" \/>\n\t\t<meta property=\"article:published_time\" content=\"2014-01-27T01:29:10+00:00\" \/>\n\t\t<meta property=\"article:modified_time\" content=\"2014-01-27T01:29:10+00:00\" \/>\n\t\t<meta property=\"article:publisher\" content=\"https:\/\/facebook.com\/eldigitaldeasturias\" \/>\n\t\t<meta name=\"twitter:card\" content=\"summary_large_image\" \/>\n\t\t<meta name=\"twitter:title\" content=\"Nairo Quintana conquist\u00f3 el Tour de San Luis - El Digital de Asturias\" \/>\n\t\t<meta name=\"twitter:description\" content=\"Buenos Aires, 26 ene (EFE).- El ciclista colombiano Nairo Quintana, del equipo Movistar, se coron\u00f3 hoy como ganador del Tour de San Luis, tras completarse la s\u00e9ptima y \u00faltima etapa de la ronda cicl\u00edstica argentina que tuvo como ganador al italiano Sacha Modolo con un tiempo de tres horas, 13 minutos y 28 segundos. De\" \/>\n\t\t<meta name=\"twitter:image\" content=\"https:\/\/www.eldigitaldeasturias.com\/noticias\/wp-content\/uploads\/2026\/06\/Contenidos.jpg\" \/>\n\t\t<meta name=\"twitter:label1\" content=\"Escrito por\" \/>\n\t\t<meta name=\"twitter:data1\" content=\"El Digital de Asturias\" \/>\n\t\t<meta name=\"twitter:label2\" content=\"Tiempo de lectura estimado\" \/>\n\t\t<meta name=\"twitter:data2\" content=\"3 minutos\" \/>\n\t\t<script type=\"application\/ld+json\" class=\"aioseo-schema\">\n\t\t\t{\"@context\":\"https:\\\/\\\/schema.org\",\"@graph\":[{\"@type\":\"BlogPosting\",\"@id\":\"https:\\\/\\\/www.eldigitaldeasturias.com\\\/noticias\\\/nairo-quintana-conquisto-el-tour-de-san-luis\\\/#blogposting\",\"name\":\"Nairo Quintana conquist\\u00f3 el Tour de San Luis - El Digital de Asturias\",\"headline\":\"Nairo Quintana conquist\\u00f3 el Tour de San Luis\",\"author\":{\"@id\":\"https:\\\/\\\/www.eldigitaldeasturias.com\\\/noticias\\\/author\\\/admin\\\/#author\"},\"publisher\":{\"@id\":\"https:\\\/\\\/www.eldigitaldeasturias.com\\\/noticias\\\/#organization\"},\"image\":{\"@type\":\"ImageObject\",\"url\":\"https:\\\/\\\/www.eldigitaldeasturias.com\\\/noticias\\\/wp-content\\\/uploads\\\/2026\\\/06\\\/Contenidos.jpg\",\"width\":1265,\"height\":697,\"caption\":\"Contenidos\"},\"datePublished\":\"2014-01-27T00:29:10+01:00\",\"dateModified\":\"2014-01-27T00:29:10+01:00\",\"inLanguage\":\"es-ES\",\"mainEntityOfPage\":{\"@id\":\"https:\\\/\\\/www.eldigitaldeasturias.com\\\/noticias\\\/nairo-quintana-conquisto-el-tour-de-san-luis\\\/#webpage\"},\"isPartOf\":{\"@id\":\"https:\\\/\\\/www.eldigitaldeasturias.com\\\/noticias\\\/nairo-quintana-conquisto-el-tour-de-san-luis\\\/#webpage\"},\"articleSection\":\"Actualidad\"},{\"@type\":\"BreadcrumbList\",\"@id\":\"https:\\\/\\\/www.eldigitaldeasturias.com\\\/noticias\\\/nairo-quintana-conquisto-el-tour-de-san-luis\\\/#breadcrumblist\",\"itemListElement\":[{\"@type\":\"ListItem\",\"@id\":\"https:\\\/\\\/www.eldigitaldeasturias.com\\\/noticias#listItem\",\"position\":1,\"name\":\"Home\",\"item\":\"https:\\\/\\\/www.eldigitaldeasturias.com\\\/noticias\",\"nextItem\":{\"@type\":\"ListItem\",\"@id\":\"https:\\\/\\\/www.eldigitaldeasturias.com\\\/noticias\\\/category\\\/actualidad\\\/#listItem\",\"name\":\"Actualidad\"}},{\"@type\":\"ListItem\",\"@id\":\"https:\\\/\\\/www.eldigitaldeasturias.com\\\/noticias\\\/category\\\/actualidad\\\/#listItem\",\"position\":2,\"name\":\"Actualidad\",\"item\":\"https:\\\/\\\/www.eldigitaldeasturias.com\\\/noticias\\\/category\\\/actualidad\\\/\",\"nextItem\":{\"@type\":\"ListItem\",\"@id\":\"https:\\\/\\\/www.eldigitaldeasturias.com\\\/noticias\\\/nairo-quintana-conquisto-el-tour-de-san-luis\\\/#listItem\",\"name\":\"Nairo Quintana conquist\\u00f3 el Tour de San Luis\"},\"previousItem\":{\"@type\":\"ListItem\",\"@id\":\"https:\\\/\\\/www.eldigitaldeasturias.com\\\/noticias#listItem\",\"name\":\"Home\"}},{\"@type\":\"ListItem\",\"@id\":\"https:\\\/\\\/www.eldigitaldeasturias.com\\\/noticias\\\/nairo-quintana-conquisto-el-tour-de-san-luis\\\/#listItem\",\"position\":3,\"name\":\"Nairo Quintana conquist\\u00f3 el Tour de San Luis\",\"previousItem\":{\"@type\":\"ListItem\",\"@id\":\"https:\\\/\\\/www.eldigitaldeasturias.com\\\/noticias\\\/category\\\/actualidad\\\/#listItem\",\"name\":\"Actualidad\"}}]},{\"@type\":\"Organization\",\"@id\":\"https:\\\/\\\/www.eldigitaldeasturias.com\\\/noticias\\\/#organization\",\"name\":\"El Digital de Asturias\",\"description\":\"Hemeroteca\",\"url\":\"https:\\\/\\\/www.eldigitaldeasturias.com\\\/noticias\\\/\",\"email\":\"info@eldigitaldeasturias.com\",\"telephone\":\"+34652131393\",\"logo\":{\"@type\":\"ImageObject\",\"url\":\"https:\\\/\\\/www.eldigitaldeasturias.com\\\/noticias\\\/wp-content\\\/uploads\\\/2020\\\/12\\\/EDA.jpg\",\"@id\":\"https:\\\/\\\/www.eldigitaldeasturias.com\\\/noticias\\\/nairo-quintana-conquisto-el-tour-de-san-luis\\\/#organizationLogo\"},\"image\":{\"@id\":\"https:\\\/\\\/www.eldigitaldeasturias.com\\\/noticias\\\/nairo-quintana-conquisto-el-tour-de-san-luis\\\/#organizationLogo\"},\"sameAs\":[\"https:\\\/\\\/facebook.com\\\/eldigitaldeasturias\",\"https:\\\/\\\/www.youtube.com\\\/channel\\\/UCZP-2wLEB9Rv6erhFmqVnvg\"],\"address\":{\"@id\":\"https:\\\/\\\/www.eldigitaldeasturias.com\\\/noticias\\\/#postaladdress\",\"@type\":\"PostalAddress\",\"streetAddress\":\"san antonio 4\",\"postalCode\":\"33430\",\"addressLocality\":\"Cand\\u00e1s\",\"addressRegion\":\"Asturias\",\"addressCountry\":\"ES\"}},{\"@type\":\"Person\",\"@id\":\"https:\\\/\\\/www.eldigitaldeasturias.com\\\/noticias\\\/author\\\/admin\\\/#author\",\"url\":\"https:\\\/\\\/www.eldigitaldeasturias.com\\\/noticias\\\/author\\\/admin\\\/\",\"name\":\"El Digital de Asturias\",\"image\":{\"@type\":\"ImageObject\",\"@id\":\"https:\\\/\\\/www.eldigitaldeasturias.com\\\/noticias\\\/nairo-quintana-conquisto-el-tour-de-san-luis\\\/#authorImage\",\"url\":\"https:\\\/\\\/secure.gravatar.com\\\/avatar\\\/df2aeffc32bcd13f8d26072ef8a91b623d677766deac7f97ca815868cd41bf5e?s=96&d=mm&r=g\",\"width\":96,\"height\":96,\"caption\":\"El Digital de Asturias\"}},{\"@type\":\"WebPage\",\"@id\":\"https:\\\/\\\/www.eldigitaldeasturias.com\\\/noticias\\\/nairo-quintana-conquisto-el-tour-de-san-luis\\\/#webpage\",\"url\":\"https:\\\/\\\/www.eldigitaldeasturias.com\\\/noticias\\\/nairo-quintana-conquisto-el-tour-de-san-luis\\\/\",\"name\":\"Nairo Quintana conquist\\u00f3 el Tour de San Luis - El Digital de Asturias\",\"description\":\"Buenos Aires, 26 ene (EFE).- El ciclista colombiano Nairo Quintana, del equipo Movistar, se coron\\u00f3 hoy como ganador del Tour de San Luis, tras completarse la s\\u00e9ptima y \\u00faltima etapa de la ronda cicl\\u00edstica argentina que tuvo como ganador al italiano Sacha Modolo con un tiempo de tres horas, 13 minutos y 28 segundos. De\",\"inLanguage\":\"es-ES\",\"isPartOf\":{\"@id\":\"https:\\\/\\\/www.eldigitaldeasturias.com\\\/noticias\\\/#website\"},\"breadcrumb\":{\"@id\":\"https:\\\/\\\/www.eldigitaldeasturias.com\\\/noticias\\\/nairo-quintana-conquisto-el-tour-de-san-luis\\\/#breadcrumblist\"},\"author\":{\"@id\":\"https:\\\/\\\/www.eldigitaldeasturias.com\\\/noticias\\\/author\\\/admin\\\/#author\"},\"creator\":{\"@id\":\"https:\\\/\\\/www.eldigitaldeasturias.com\\\/noticias\\\/author\\\/admin\\\/#author\"},\"image\":{\"@type\":\"ImageObject\",\"url\":\"https:\\\/\\\/www.eldigitaldeasturias.com\\\/noticias\\\/wp-content\\\/uploads\\\/2026\\\/06\\\/Contenidos.jpg\",\"@id\":\"https:\\\/\\\/www.eldigitaldeasturias.com\\\/noticias\\\/nairo-quintana-conquisto-el-tour-de-san-luis\\\/#mainImage\",\"width\":1265,\"height\":697,\"caption\":\"Contenidos\"},\"primaryImageOfPage\":{\"@id\":\"https:\\\/\\\/www.eldigitaldeasturias.com\\\/noticias\\\/nairo-quintana-conquisto-el-tour-de-san-luis\\\/#mainImage\"},\"datePublished\":\"2014-01-27T00:29:10+01:00\",\"dateModified\":\"2014-01-27T00:29:10+01:00\"},{\"@type\":\"WebSite\",\"@id\":\"https:\\\/\\\/www.eldigitaldeasturias.com\\\/noticias\\\/#website\",\"url\":\"https:\\\/\\\/www.eldigitaldeasturias.com\\\/noticias\\\/\",\"name\":\"El Digital de Asturias - Diario de actualidad y noticias\",\"alternateName\":\"El Digital de Asturias - Diario de actualidad y noticias\",\"description\":\"Hemeroteca\",\"inLanguage\":\"es-ES\",\"publisher\":{\"@id\":\"https:\\\/\\\/www.eldigitaldeasturias.com\\\/noticias\\\/#organization\"}}]}\n\t\t<\/script>\n\t\t<!-- All in One SEO Pro -->\r\n\t\t<title>Nairo Quintana conquist\u00f3 el Tour de San Luis - El Digital de Asturias<\/title>\n\n","aioseo_head_json":{"title":"Nairo Quintana conquist\u00f3 el Tour de San Luis - El Digital de Asturias","description":"Buenos Aires, 26 ene (EFE).- El ciclista colombiano Nairo Quintana, del equipo Movistar, se coron\u00f3 hoy como ganador del Tour de San Luis, tras completarse la s\u00e9ptima y \u00faltima etapa de la ronda cicl\u00edstica argentina que tuvo como ganador al italiano Sacha Modolo con un tiempo de tres horas, 13 minutos y 28 segundos. De","canonical_url":"https:\/\/www.eldigitaldeasturias.com\/noticias\/nairo-quintana-conquisto-el-tour-de-san-luis\/","robots":"max-image-preview:large","keywords":"actualidad","webmasterTools":{"google-site-verification":"UA-38556648-1","msvalidate.01":"7dfe9f3f1b24437ab69f4f2559babe99","miscellaneous":""},"schema":{"@context":"https:\/\/schema.org","@graph":[{"@type":"BlogPosting","@id":"https:\/\/www.eldigitaldeasturias.com\/noticias\/nairo-quintana-conquisto-el-tour-de-san-luis\/#blogposting","name":"Nairo Quintana conquist\u00f3 el Tour de San Luis - El Digital de Asturias","headline":"Nairo Quintana conquist\u00f3 el Tour de San Luis","author":{"@id":"https:\/\/www.eldigitaldeasturias.com\/noticias\/author\/admin\/#author"},"publisher":{"@id":"https:\/\/www.eldigitaldeasturias.com\/noticias\/#organization"},"image":{"@type":"ImageObject","url":"https:\/\/www.eldigitaldeasturias.com\/noticias\/wp-content\/uploads\/2026\/06\/Contenidos.jpg","width":1265,"height":697,"caption":"Contenidos"},"datePublished":"2014-01-27T00:29:10+01:00","dateModified":"2014-01-27T00:29:10+01:00","inLanguage":"es-ES","mainEntityOfPage":{"@id":"https:\/\/www.eldigitaldeasturias.com\/noticias\/nairo-quintana-conquisto-el-tour-de-san-luis\/#webpage"},"isPartOf":{"@id":"https:\/\/www.eldigitaldeasturias.com\/noticias\/nairo-quintana-conquisto-el-tour-de-san-luis\/#webpage"},"articleSection":"Actualidad"},{"@type":"BreadcrumbList","@id":"https:\/\/www.eldigitaldeasturias.com\/noticias\/nairo-quintana-conquisto-el-tour-de-san-luis\/#breadcrumblist","itemListElement":[{"@type":"ListItem","@id":"https:\/\/www.eldigitaldeasturias.com\/noticias#listItem","position":1,"name":"Home","item":"https:\/\/www.eldigitaldeasturias.com\/noticias","nextItem":{"@type":"ListItem","@id":"https:\/\/www.eldigitaldeasturias.com\/noticias\/category\/actualidad\/#listItem","name":"Actualidad"}},{"@type":"ListItem","@id":"https:\/\/www.eldigitaldeasturias.com\/noticias\/category\/actualidad\/#listItem","position":2,"name":"Actualidad","item":"https:\/\/www.eldigitaldeasturias.com\/noticias\/category\/actualidad\/","nextItem":{"@type":"ListItem","@id":"https:\/\/www.eldigitaldeasturias.com\/noticias\/nairo-quintana-conquisto-el-tour-de-san-luis\/#listItem","name":"Nairo Quintana conquist\u00f3 el Tour de San Luis"},"previousItem":{"@type":"ListItem","@id":"https:\/\/www.eldigitaldeasturias.com\/noticias#listItem","name":"Home"}},{"@type":"ListItem","@id":"https:\/\/www.eldigitaldeasturias.com\/noticias\/nairo-quintana-conquisto-el-tour-de-san-luis\/#listItem","position":3,"name":"Nairo Quintana conquist\u00f3 el Tour de San Luis","previousItem":{"@type":"ListItem","@id":"https:\/\/www.eldigitaldeasturias.com\/noticias\/category\/actualidad\/#listItem","name":"Actualidad"}}]},{"@type":"Organization","@id":"https:\/\/www.eldigitaldeasturias.com\/noticias\/#organization","name":"El Digital de Asturias","description":"Hemeroteca","url":"https:\/\/www.eldigitaldeasturias.com\/noticias\/","email":"info@eldigitaldeasturias.com","telephone":"+34652131393","logo":{"@type":"ImageObject","url":"https:\/\/www.eldigitaldeasturias.com\/noticias\/wp-content\/uploads\/2020\/12\/EDA.jpg","@id":"https:\/\/www.eldigitaldeasturias.com\/noticias\/nairo-quintana-conquisto-el-tour-de-san-luis\/#organizationLogo"},"image":{"@id":"https:\/\/www.eldigitaldeasturias.com\/noticias\/nairo-quintana-conquisto-el-tour-de-san-luis\/#organizationLogo"},"sameAs":["https:\/\/facebook.com\/eldigitaldeasturias","https:\/\/www.youtube.com\/channel\/UCZP-2wLEB9Rv6erhFmqVnvg"],"address":{"@id":"https:\/\/www.eldigitaldeasturias.com\/noticias\/#postaladdress","@type":"PostalAddress","streetAddress":"san antonio 4","postalCode":"33430","addressLocality":"Cand\u00e1s","addressRegion":"Asturias","addressCountry":"ES"}},{"@type":"Person","@id":"https:\/\/www.eldigitaldeasturias.com\/noticias\/author\/admin\/#author","url":"https:\/\/www.eldigitaldeasturias.com\/noticias\/author\/admin\/","name":"El Digital de Asturias","image":{"@type":"ImageObject","@id":"https:\/\/www.eldigitaldeasturias.com\/noticias\/nairo-quintana-conquisto-el-tour-de-san-luis\/#authorImage","url":"https:\/\/secure.gravatar.com\/avatar\/df2aeffc32bcd13f8d26072ef8a91b623d677766deac7f97ca815868cd41bf5e?s=96&d=mm&r=g","width":96,"height":96,"caption":"El Digital de Asturias"}},{"@type":"WebPage","@id":"https:\/\/www.eldigitaldeasturias.com\/noticias\/nairo-quintana-conquisto-el-tour-de-san-luis\/#webpage","url":"https:\/\/www.eldigitaldeasturias.com\/noticias\/nairo-quintana-conquisto-el-tour-de-san-luis\/","name":"Nairo Quintana conquist\u00f3 el Tour de San Luis - El Digital de Asturias","description":"Buenos Aires, 26 ene (EFE).- El ciclista colombiano Nairo Quintana, del equipo Movistar, se coron\u00f3 hoy como ganador del Tour de San Luis, tras completarse la s\u00e9ptima y \u00faltima etapa de la ronda cicl\u00edstica argentina que tuvo como ganador al italiano Sacha Modolo con un tiempo de tres horas, 13 minutos y 28 segundos. De","inLanguage":"es-ES","isPartOf":{"@id":"https:\/\/www.eldigitaldeasturias.com\/noticias\/#website"},"breadcrumb":{"@id":"https:\/\/www.eldigitaldeasturias.com\/noticias\/nairo-quintana-conquisto-el-tour-de-san-luis\/#breadcrumblist"},"author":{"@id":"https:\/\/www.eldigitaldeasturias.com\/noticias\/author\/admin\/#author"},"creator":{"@id":"https:\/\/www.eldigitaldeasturias.com\/noticias\/author\/admin\/#author"},"image":{"@type":"ImageObject","url":"https:\/\/www.eldigitaldeasturias.com\/noticias\/wp-content\/uploads\/2026\/06\/Contenidos.jpg","@id":"https:\/\/www.eldigitaldeasturias.com\/noticias\/nairo-quintana-conquisto-el-tour-de-san-luis\/#mainImage","width":1265,"height":697,"caption":"Contenidos"},"primaryImageOfPage":{"@id":"https:\/\/www.eldigitaldeasturias.com\/noticias\/nairo-quintana-conquisto-el-tour-de-san-luis\/#mainImage"},"datePublished":"2014-01-27T00:29:10+01:00","dateModified":"2014-01-27T00:29:10+01:00"},{"@type":"WebSite","@id":"https:\/\/www.eldigitaldeasturias.com\/noticias\/#website","url":"https:\/\/www.eldigitaldeasturias.com\/noticias\/","name":"El Digital de Asturias - Diario de actualidad y noticias","alternateName":"El Digital de Asturias - Diario de actualidad y noticias","description":"Hemeroteca","inLanguage":"es-ES","publisher":{"@id":"https:\/\/www.eldigitaldeasturias.com\/noticias\/#organization"}}]},"og:locale":"es_ES","og:site_name":"El Digital de Asturias","og:type":"article","og:title":"Nairo Quintana conquist\u00f3 el Tour de San Luis - El Digital de Asturias","og:description":"Buenos Aires, 26 ene (EFE).- El ciclista colombiano Nairo Quintana, del equipo Movistar, se coron\u00f3 hoy como ganador del Tour de San Luis, tras completarse la s\u00e9ptima y \u00faltima etapa de la ronda cicl\u00edstica argentina que tuvo como ganador al italiano Sacha Modolo con un tiempo de tres horas, 13 minutos y 28 segundos. De","og:url":"https:\/\/www.eldigitaldeasturias.com\/noticias\/nairo-quintana-conquisto-el-tour-de-san-luis\/","og:image":"https:\/\/www.eldigitaldeasturias.com\/noticias\/wp-content\/uploads\/2026\/06\/Contenidos.jpg","og:image:secure_url":"https:\/\/www.eldigitaldeasturias.com\/noticias\/wp-content\/uploads\/2026\/06\/Contenidos.jpg","og:image:width":1265,"og:image:height":697,"article:tag":["actualidad"],"article:published_time":"2014-01-27T01:29:10+00:00","article:modified_time":"2014-01-27T01:29:10+00:00","article:publisher":"https:\/\/facebook.com\/eldigitaldeasturias","twitter:card":"summary_large_image","twitter:title":"Nairo Quintana conquist\u00f3 el Tour de San Luis - El Digital de Asturias","twitter:description":"Buenos Aires, 26 ene (EFE).- El ciclista colombiano Nairo Quintana, del equipo Movistar, se coron\u00f3 hoy como ganador del Tour de San Luis, tras completarse la s\u00e9ptima y \u00faltima etapa de la ronda cicl\u00edstica argentina que tuvo como ganador al italiano Sacha Modolo con un tiempo de tres horas, 13 minutos y 28 segundos. De","twitter:image":"https:\/\/www.eldigitaldeasturias.com\/noticias\/wp-content\/uploads\/2026\/06\/Contenidos.jpg","twitter:label1":"Escrito por","twitter:data1":"El Digital de Asturias","twitter:label2":"Tiempo de lectura estimado","twitter:data2":"3 minutos"},"aioseo_meta_data":{"post_id":"479362","title":null,"description":null,"keywords":null,"keyphrases":null,"primary_term":null,"canonical_url":null,"og_title":null,"og_description":null,"og_object_type":"default","og_image_type":"default","og_image_url":null,"og_image_width":null,"og_image_height":null,"og_image_custom_url":null,"og_image_custom_fields":null,"og_video":null,"og_custom_url":null,"og_article_section":null,"og_article_tags":null,"twitter_use_og":true,"twitter_card":"default","twitter_image_type":"default","twitter_image_url":null,"twitter_image_custom_url":null,"twitter_image_custom_fields":null,"twitter_title":null,"twitter_description":null,"schema":{"blockGraphs":[],"customGraphs":[],"default":{"data":{"Article":[],"Course":[],"Dataset":[],"FAQPage":[],"Movie":[],"Person":[],"Product":[],"ProductReview":[],"Car":[],"Recipe":[],"Service":[],"SoftwareApplication":[],"WebPage":[]},"graphName":"","isEnabled":true},"graphs":[],"defaultGraph":"","defaultPostTypeGraph":""},"schema_type":null,"schema_type_options":null,"pillar_content":false,"robots_default":true,"robots_noindex":false,"robots_noarchive":false,"robots_nosnippet":false,"robots_nofollow":false,"robots_noimageindex":false,"robots_noodp":false,"robots_notranslate":false,"robots_max_snippet":null,"robots_max_videopreview":null,"robots_max_imagepreview":"none","priority":null,"frequency":null,"local_seo":null,"seo_analyzer_scan_date":"2026-06-02 00:14:55","breadcrumb_settings":null,"limit_modified_date":false,"open_ai":null,"ai":null,"created":"2020-11-14 22:54:03","updated":"2026-06-02 00:14:55","focus_keyword":null,"additional_keywords":null,"truseo_locale":null},"aioseo_breadcrumb":"<div class=\"aioseo-breadcrumbs\"><span class=\"aioseo-breadcrumb\">\n\t<a href=\"https:\/\/www.eldigitaldeasturias.com\/noticias\" title=\"Home\">Home<\/a>\n<\/span><span class=\"aioseo-breadcrumb-separator\">\u2013<\/span><span class=\"aioseo-breadcrumb\">\n\t<a href=\"https:\/\/www.eldigitaldeasturias.com\/noticias\/category\/actualidad\/\" title=\"Actualidad\">Actualidad<\/a>\n<\/span><span class=\"aioseo-breadcrumb-separator\">\u2013<\/span><span class=\"aioseo-breadcrumb\">\n\t<a href=\"https:\/\/www.eldigitaldeasturias.com\/noticias\/nairo-quintana-conquisto-el-tour-de-san-luis\/\" title=\"Nairo Quintana conquist\u00f3 el Tour de San Luis\">Nairo Quintana conquist\u00f3 el Tour de San Luis<\/a>\n<\/span><\/div>","aioseo_breadcrumb_json":[{"label":"Home","link":"https:\/\/www.eldigitaldeasturias.com\/noticias"},{"label":"Actualidad","link":"https:\/\/www.eldigitaldeasturias.com\/noticias\/category\/actualidad\/"},{"label":"Nairo Quintana conquist\u00f3 el Tour de San Luis","link":"https:\/\/www.eldigitaldeasturias.com\/noticias\/nairo-quintana-conquisto-el-tour-de-san-luis\/"}],"_links":{"self":[{"href":"https:\/\/www.eldigitaldeasturias.com\/noticias\/wp-json\/wp\/v2\/posts\/479362","targetHints":{"allow":["GET"]}}],"collection":[{"href":"https:\/\/www.eldigitaldeasturias.com\/noticias\/wp-json\/wp\/v2\/posts"}],"about":[{"href":"https:\/\/www.eldigitaldeasturias.com\/noticias\/wp-json\/wp\/v2\/types\/post"}],"author":[{"embeddable":true,"href":"https:\/\/www.eldigitaldeasturias.com\/noticias\/wp-json\/wp\/v2\/users\/1"}],"replies":[{"embeddable":true,"href":"https:\/\/www.eldigitaldeasturias.com\/noticias\/wp-json\/wp\/v2\/comments?post=479362"}],"version-history":[{"count":0,"href":"https:\/\/www.eldigitaldeasturias.com\/noticias\/wp-json\/wp\/v2\/posts\/479362\/revisions"}],"wp:featuredmedia":[{"embeddable":true,"href":"https:\/\/www.eldigitaldeasturias.com\/noticias\/wp-json\/wp\/v2\/media\/1132184"}],"wp:attachment":[{"href":"https:\/\/www.eldigitaldeasturias.com\/noticias\/wp-json\/wp\/v2\/media?parent=479362"}],"wp:term":[{"taxonomy":"category","embeddable":true,"href":"https:\/\/www.eldigitaldeasturias.com\/noticias\/wp-json\/wp\/v2\/categories?post=479362"},{"taxonomy":"post_tag","embeddable":true,"href":"https:\/\/www.eldigitaldeasturias.com\/noticias\/wp-json\/wp\/v2\/tags?post=479362"}],"curies":[{"name":"wp","href":"https:\/\/api.w.org\/{rel}","templated":true}]}}