{"id":479359,"date":"2014-01-27T00:27:39","date_gmt":"2014-01-27T01:27:39","guid":{"rendered":"http:\/\/www.eldigitaldeasturias.com\/noticias\/?p=479359"},"modified":"2014-01-27T00:27:39","modified_gmt":"2014-01-27T01:27:39","slug":"cai-laboral-kutxa-y-tenerife-a-la-copa-pleno-historico-del-real-madrid","status":"publish","type":"post","link":"https:\/\/www.eldigitaldeasturias.com\/noticias\/cai-laboral-kutxa-y-tenerife-a-la-copa-pleno-historico-del-real-madrid\/","title":{"rendered":"CAI, Laboral Kutxa y Tenerife, a la Copa; pleno hist\u00f3rico del Real Madrid"},"content":{"rendered":"<p><img loading=\"lazy\" decoding=\"async\" class=\"alignleft size-medium wp-image-479360\" alt=\"5878003w\" src=\"https:\/\/www.eldigitaldeasturias.com\/noticias\/wp-content\/uploads\/2014\/01\/5878003w-360x239.jpg\" width=\"360\" height=\"239\" \/>Madrid, 26 ene (EFE).- CAI Zaragoza, Laboral Kutxa e Iberostar Tenerife lograron clasificarse para la fase final de la Copa del Rey, mientras que el Real Madrid firm\u00f3 un pleno hist\u00f3rico con su victoria contra el Unicaja M\u00e1laga.<\/p>\n<p>El CAI sac\u00f3 su billete para la Copa al batir en Zaragoza con autoridad (103-67) al UCAM Murcia gracias, entre otros, a los 26 puntos de nota general de Pedro Llompart.<\/p>\n<p>El franc\u00e9s Kim Tillie, del UCAM, fue el mejor del encuentro con 34 de valoraci\u00f3n, pero no fue suficiente para que el argentino Marcelo Nicola debutara con un buen resultado en el banquillo del conjunto murciano.<\/p>\n<p>El Laboral Kutxa accedi\u00f3 tambi\u00e9n al torneo copero pese a perder esta tarde en el pabell\u00f3n Fernando Mart\u00edn de Fuenlabrada (74-73) con un triple sobre la bocina del estadounidense Andy Panko.<\/p>\n<p>Igualmente llega a la Copa del Rey el Iberostar Tenerife despu\u00e9s de ser derrotado, en su caso ante La Bruixa d&#8217;Or (78-83), guiado por el sueco Markus Eriksson y el estadounidense Darryl Monroe, \u00e9ste con 25 de valoraci\u00f3n.<\/p>\n<p>La victoria del Tuenti M\u00f3vil Estudiantes ante el Gipuzkoa (72-61), fraguada en la primera mitad, hizo el resto para el cuadro canario y su sue\u00f1o de entrar en el torneo del k.o.<\/p>\n<p>El Real Madrid consigui\u00f3 el primer pleno en una primera vuelta con el actual sistema de competici\u00f3n, al vencer (88-67) al Unicaja con un extraordinario Sergio Llull, con 28 de valoraci\u00f3n gracias, entre otros factores, a seis triples.<\/p>\n<p>El Valencia tambi\u00e9n complet\u00f3 hoy otro hito hist\u00f3rico: su mejor primera vuelta con la segunda posici\u00f3n y una marca de 15-2. Los taronja pudieron (85-60) con el FIATC Joventut con Pau Ribas liderando a los suyos con 24 de nota general.<\/p>\n<p>A pesar de los 20 de valoraci\u00f3n del checo Tomas Satoransky, el Barcelona dej\u00f3 (57-62) al Cajasol sin opciones de entrar en la Copa del Rey y se qued\u00f3 tercero en solitario.<\/p>\n<p>El Herbalife Gran Canaria, cuarto, dobleg\u00f3 (89-60) al colista Valladolid con el estadounidense Tyler Hansbrough al frente de los canarios con 29 de valoraci\u00f3n.<\/p>\n<p>Los 33 puntos de Alex Mumbr\u00fa sirvieron de poco al Bilbao, que se queda sin Copa del Rey tras su visita a Santiago, donde el R\u00edo Natura Monbus obtuvo una victoria muy valiosa (89-81) en la lucha por la salvaci\u00f3n.<\/p>\n","protected":false},"excerpt":{"rendered":"<p>Madrid, 26 ene (EFE).- CAI Zaragoza, Laboral Kutxa e Iberostar Tenerife lograron clasificarse para la fase final de la Copa del Rey, mientras que el Real Madrid firm\u00f3 un pleno hist\u00f3rico con su victoria contra el Unicaja M\u00e1laga. El CAI sac\u00f3 su billete para la Copa al batir en Zaragoza con autoridad (103-67) al UCAM [&hellip;]<\/p>\n","protected":false},"author":1,"featured_media":1132184,"comment_status":"closed","ping_status":"open","sticky":false,"template":"","format":"standard","meta":{"footnotes":""},"categories":[1],"tags":[],"class_list":["post-479359","post","type-post","status-publish","format-standard","has-post-thumbnail","hentry","category-actualidad"],"aioseo_notices":[],"aioseo_head":"\n\t\t<!-- All in One SEO Pro 5.0.1 - aioseo.com -->\n\t<meta name=\"description\" content=\"Madrid, 26 ene (EFE).- CAI Zaragoza, Laboral Kutxa e Iberostar Tenerife lograron clasificarse para la fase final de la Copa del Rey, mientras que el Real Madrid firm\u00f3 un pleno hist\u00f3rico con su victoria contra el Unicaja M\u00e1laga. El CAI sac\u00f3 su billete para la Copa al batir en Zaragoza con autoridad (103-67) al UCAM\" \/>\n\t<meta name=\"robots\" content=\"max-image-preview:large\" \/>\n\t<meta name=\"author\" content=\"El Digital de Asturias\"\/>\n\t<meta name=\"google-site-verification\" content=\"UA-38556648-1\" \/>\n\t<meta name=\"msvalidate.01\" content=\"7dfe9f3f1b24437ab69f4f2559babe99\" \/>\n\t<meta name=\"keywords\" content=\"actualidad\" \/>\n\t<link rel=\"canonical\" href=\"https:\/\/www.eldigitaldeasturias.com\/noticias\/cai-laboral-kutxa-y-tenerife-a-la-copa-pleno-historico-del-real-madrid\/\" \/>\n\t<meta name=\"generator\" content=\"All in One SEO Pro (AIOSEO) 5.0.1\" \/>\n\t\t<meta property=\"og:locale\" content=\"es_ES\" \/>\n\t\t<meta property=\"og:site_name\" content=\"El Digital de Asturias\" \/>\n\t\t<meta property=\"og:type\" content=\"article\" \/>\n\t\t<meta property=\"og:title\" content=\"CAI, Laboral Kutxa y Tenerife, a la Copa; pleno hist\u00f3rico del Real Madrid - El Digital de Asturias\" \/>\n\t\t<meta property=\"og:description\" content=\"Madrid, 26 ene (EFE).- CAI Zaragoza, Laboral Kutxa e Iberostar Tenerife lograron clasificarse para la fase final de la Copa del Rey, mientras que el Real Madrid firm\u00f3 un pleno hist\u00f3rico con su victoria contra el Unicaja M\u00e1laga. El CAI sac\u00f3 su billete para la Copa al batir en Zaragoza con autoridad (103-67) al UCAM\" \/>\n\t\t<meta property=\"og:url\" content=\"https:\/\/www.eldigitaldeasturias.com\/noticias\/cai-laboral-kutxa-y-tenerife-a-la-copa-pleno-historico-del-real-madrid\/\" \/>\n\t\t<meta property=\"og:image\" content=\"https:\/\/www.eldigitaldeasturias.com\/noticias\/wp-content\/uploads\/2026\/06\/Contenidos.jpg\" \/>\n\t\t<meta property=\"og:image:secure_url\" content=\"https:\/\/www.eldigitaldeasturias.com\/noticias\/wp-content\/uploads\/2026\/06\/Contenidos.jpg\" \/>\n\t\t<meta property=\"og:image:width\" content=\"1265\" \/>\n\t\t<meta property=\"og:image:height\" content=\"697\" \/>\n\t\t<meta property=\"article:tag\" content=\"actualidad\" \/>\n\t\t<meta property=\"article:published_time\" content=\"2014-01-27T01:27:39+00:00\" \/>\n\t\t<meta property=\"article:modified_time\" content=\"2014-01-27T01:27:39+00:00\" \/>\n\t\t<meta property=\"article:publisher\" content=\"https:\/\/facebook.com\/eldigitaldeasturias\" \/>\n\t\t<meta name=\"twitter:card\" content=\"summary_large_image\" \/>\n\t\t<meta name=\"twitter:title\" content=\"CAI, Laboral Kutxa y Tenerife, a la Copa; pleno hist\u00f3rico del Real Madrid - El Digital de Asturias\" \/>\n\t\t<meta name=\"twitter:description\" content=\"Madrid, 26 ene (EFE).- CAI Zaragoza, Laboral Kutxa e Iberostar Tenerife lograron clasificarse para la fase final de la Copa del Rey, mientras que el Real Madrid firm\u00f3 un pleno hist\u00f3rico con su victoria contra el Unicaja M\u00e1laga. El CAI sac\u00f3 su billete para la Copa al batir en Zaragoza con autoridad (103-67) al UCAM\" \/>\n\t\t<meta name=\"twitter:image\" content=\"https:\/\/www.eldigitaldeasturias.com\/noticias\/wp-content\/uploads\/2026\/06\/Contenidos.jpg\" \/>\n\t\t<meta name=\"twitter:label1\" content=\"Escrito por\" \/>\n\t\t<meta name=\"twitter:data1\" content=\"El Digital de Asturias\" \/>\n\t\t<meta name=\"twitter:label2\" content=\"Tiempo de lectura estimado\" \/>\n\t\t<meta name=\"twitter:data2\" content=\"2 minutos\" \/>\n\t\t<script type=\"application\/ld+json\" class=\"aioseo-schema\">\n\t\t\t{\"@context\":\"https:\\\/\\\/schema.org\",\"@graph\":[{\"@type\":\"BlogPosting\",\"@id\":\"https:\\\/\\\/www.eldigitaldeasturias.com\\\/noticias\\\/cai-laboral-kutxa-y-tenerife-a-la-copa-pleno-historico-del-real-madrid\\\/#blogposting\",\"name\":\"CAI, Laboral Kutxa y Tenerife, a la Copa; pleno hist\\u00f3rico del Real Madrid - El Digital de Asturias\",\"headline\":\"CAI, Laboral Kutxa y Tenerife, a la Copa; pleno hist\\u00f3rico del Real Madrid\",\"author\":{\"@id\":\"https:\\\/\\\/www.eldigitaldeasturias.com\\\/noticias\\\/author\\\/admin\\\/#author\"},\"publisher\":{\"@id\":\"https:\\\/\\\/www.eldigitaldeasturias.com\\\/noticias\\\/#organization\"},\"image\":{\"@type\":\"ImageObject\",\"url\":\"https:\\\/\\\/www.eldigitaldeasturias.com\\\/noticias\\\/wp-content\\\/uploads\\\/2026\\\/06\\\/Contenidos.jpg\",\"width\":1265,\"height\":697,\"caption\":\"Contenidos\"},\"datePublished\":\"2014-01-27T00:27:39+01:00\",\"dateModified\":\"2014-01-27T00:27:39+01:00\",\"inLanguage\":\"es-ES\",\"mainEntityOfPage\":{\"@id\":\"https:\\\/\\\/www.eldigitaldeasturias.com\\\/noticias\\\/cai-laboral-kutxa-y-tenerife-a-la-copa-pleno-historico-del-real-madrid\\\/#webpage\"},\"isPartOf\":{\"@id\":\"https:\\\/\\\/www.eldigitaldeasturias.com\\\/noticias\\\/cai-laboral-kutxa-y-tenerife-a-la-copa-pleno-historico-del-real-madrid\\\/#webpage\"},\"articleSection\":\"Actualidad\"},{\"@type\":\"BreadcrumbList\",\"@id\":\"https:\\\/\\\/www.eldigitaldeasturias.com\\\/noticias\\\/cai-laboral-kutxa-y-tenerife-a-la-copa-pleno-historico-del-real-madrid\\\/#breadcrumblist\",\"itemListElement\":[{\"@type\":\"ListItem\",\"@id\":\"https:\\\/\\\/www.eldigitaldeasturias.com\\\/noticias#listItem\",\"position\":1,\"name\":\"Home\",\"item\":\"https:\\\/\\\/www.eldigitaldeasturias.com\\\/noticias\",\"nextItem\":{\"@type\":\"ListItem\",\"@id\":\"https:\\\/\\\/www.eldigitaldeasturias.com\\\/noticias\\\/category\\\/actualidad\\\/#listItem\",\"name\":\"Actualidad\"}},{\"@type\":\"ListItem\",\"@id\":\"https:\\\/\\\/www.eldigitaldeasturias.com\\\/noticias\\\/category\\\/actualidad\\\/#listItem\",\"position\":2,\"name\":\"Actualidad\",\"item\":\"https:\\\/\\\/www.eldigitaldeasturias.com\\\/noticias\\\/category\\\/actualidad\\\/\",\"nextItem\":{\"@type\":\"ListItem\",\"@id\":\"https:\\\/\\\/www.eldigitaldeasturias.com\\\/noticias\\\/cai-laboral-kutxa-y-tenerife-a-la-copa-pleno-historico-del-real-madrid\\\/#listItem\",\"name\":\"CAI, Laboral Kutxa y Tenerife, a la Copa; pleno hist\\u00f3rico del Real Madrid\"},\"previousItem\":{\"@type\":\"ListItem\",\"@id\":\"https:\\\/\\\/www.eldigitaldeasturias.com\\\/noticias#listItem\",\"name\":\"Home\"}},{\"@type\":\"ListItem\",\"@id\":\"https:\\\/\\\/www.eldigitaldeasturias.com\\\/noticias\\\/cai-laboral-kutxa-y-tenerife-a-la-copa-pleno-historico-del-real-madrid\\\/#listItem\",\"position\":3,\"name\":\"CAI, Laboral Kutxa y Tenerife, a la Copa; pleno hist\\u00f3rico del Real Madrid\",\"previousItem\":{\"@type\":\"ListItem\",\"@id\":\"https:\\\/\\\/www.eldigitaldeasturias.com\\\/noticias\\\/category\\\/actualidad\\\/#listItem\",\"name\":\"Actualidad\"}}]},{\"@type\":\"Organization\",\"@id\":\"https:\\\/\\\/www.eldigitaldeasturias.com\\\/noticias\\\/#organization\",\"name\":\"El Digital de Asturias\",\"description\":\"Hemeroteca\",\"url\":\"https:\\\/\\\/www.eldigitaldeasturias.com\\\/noticias\\\/\",\"email\":\"info@eldigitaldeasturias.com\",\"telephone\":\"+34652131393\",\"logo\":{\"@type\":\"ImageObject\",\"url\":\"https:\\\/\\\/www.eldigitaldeasturias.com\\\/noticias\\\/wp-content\\\/uploads\\\/2020\\\/12\\\/EDA.jpg\",\"@id\":\"https:\\\/\\\/www.eldigitaldeasturias.com\\\/noticias\\\/cai-laboral-kutxa-y-tenerife-a-la-copa-pleno-historico-del-real-madrid\\\/#organizationLogo\"},\"image\":{\"@id\":\"https:\\\/\\\/www.eldigitaldeasturias.com\\\/noticias\\\/cai-laboral-kutxa-y-tenerife-a-la-copa-pleno-historico-del-real-madrid\\\/#organizationLogo\"},\"sameAs\":[\"https:\\\/\\\/facebook.com\\\/eldigitaldeasturias\",\"https:\\\/\\\/www.youtube.com\\\/channel\\\/UCZP-2wLEB9Rv6erhFmqVnvg\"],\"address\":{\"@id\":\"https:\\\/\\\/www.eldigitaldeasturias.com\\\/noticias\\\/#postaladdress\",\"@type\":\"PostalAddress\",\"streetAddress\":\"san antonio 4\",\"postalCode\":\"33430\",\"addressLocality\":\"Cand\\u00e1s\",\"addressRegion\":\"Asturias\",\"addressCountry\":\"ES\"}},{\"@type\":\"Person\",\"@id\":\"https:\\\/\\\/www.eldigitaldeasturias.com\\\/noticias\\\/author\\\/admin\\\/#author\",\"url\":\"https:\\\/\\\/www.eldigitaldeasturias.com\\\/noticias\\\/author\\\/admin\\\/\",\"name\":\"El Digital de Asturias\",\"image\":{\"@type\":\"ImageObject\",\"@id\":\"https:\\\/\\\/www.eldigitaldeasturias.com\\\/noticias\\\/cai-laboral-kutxa-y-tenerife-a-la-copa-pleno-historico-del-real-madrid\\\/#authorImage\",\"url\":\"https:\\\/\\\/secure.gravatar.com\\\/avatar\\\/df2aeffc32bcd13f8d26072ef8a91b623d677766deac7f97ca815868cd41bf5e?s=96&d=mm&r=g\",\"width\":96,\"height\":96,\"caption\":\"El Digital de Asturias\"}},{\"@type\":\"WebPage\",\"@id\":\"https:\\\/\\\/www.eldigitaldeasturias.com\\\/noticias\\\/cai-laboral-kutxa-y-tenerife-a-la-copa-pleno-historico-del-real-madrid\\\/#webpage\",\"url\":\"https:\\\/\\\/www.eldigitaldeasturias.com\\\/noticias\\\/cai-laboral-kutxa-y-tenerife-a-la-copa-pleno-historico-del-real-madrid\\\/\",\"name\":\"CAI, Laboral Kutxa y Tenerife, a la Copa; pleno hist\\u00f3rico del Real Madrid - El Digital de Asturias\",\"description\":\"Madrid, 26 ene (EFE).- CAI Zaragoza, Laboral Kutxa e Iberostar Tenerife lograron clasificarse para la fase final de la Copa del Rey, mientras que el Real Madrid firm\\u00f3 un pleno hist\\u00f3rico con su victoria contra el Unicaja M\\u00e1laga. El CAI sac\\u00f3 su billete para la Copa al batir en Zaragoza con autoridad (103-67) al UCAM\",\"inLanguage\":\"es-ES\",\"isPartOf\":{\"@id\":\"https:\\\/\\\/www.eldigitaldeasturias.com\\\/noticias\\\/#website\"},\"breadcrumb\":{\"@id\":\"https:\\\/\\\/www.eldigitaldeasturias.com\\\/noticias\\\/cai-laboral-kutxa-y-tenerife-a-la-copa-pleno-historico-del-real-madrid\\\/#breadcrumblist\"},\"author\":{\"@id\":\"https:\\\/\\\/www.eldigitaldeasturias.com\\\/noticias\\\/author\\\/admin\\\/#author\"},\"creator\":{\"@id\":\"https:\\\/\\\/www.eldigitaldeasturias.com\\\/noticias\\\/author\\\/admin\\\/#author\"},\"image\":{\"@type\":\"ImageObject\",\"url\":\"https:\\\/\\\/www.eldigitaldeasturias.com\\\/noticias\\\/wp-content\\\/uploads\\\/2026\\\/06\\\/Contenidos.jpg\",\"@id\":\"https:\\\/\\\/www.eldigitaldeasturias.com\\\/noticias\\\/cai-laboral-kutxa-y-tenerife-a-la-copa-pleno-historico-del-real-madrid\\\/#mainImage\",\"width\":1265,\"height\":697,\"caption\":\"Contenidos\"},\"primaryImageOfPage\":{\"@id\":\"https:\\\/\\\/www.eldigitaldeasturias.com\\\/noticias\\\/cai-laboral-kutxa-y-tenerife-a-la-copa-pleno-historico-del-real-madrid\\\/#mainImage\"},\"datePublished\":\"2014-01-27T00:27:39+01:00\",\"dateModified\":\"2014-01-27T00:27:39+01:00\"},{\"@type\":\"WebSite\",\"@id\":\"https:\\\/\\\/www.eldigitaldeasturias.com\\\/noticias\\\/#website\",\"url\":\"https:\\\/\\\/www.eldigitaldeasturias.com\\\/noticias\\\/\",\"name\":\"El Digital de Asturias - Diario de actualidad y noticias\",\"alternateName\":\"El Digital de Asturias - Diario de actualidad y noticias\",\"description\":\"Hemeroteca\",\"inLanguage\":\"es-ES\",\"publisher\":{\"@id\":\"https:\\\/\\\/www.eldigitaldeasturias.com\\\/noticias\\\/#organization\"}}]}\n\t\t<\/script>\n\t\t<!-- All in One SEO Pro -->\r\n\t\t<title>CAI, Laboral Kutxa y Tenerife, a la Copa; pleno hist\u00f3rico del Real Madrid - El Digital de Asturias<\/title>\n\n","aioseo_head_json":{"title":"CAI, Laboral Kutxa y Tenerife, a la Copa; pleno hist\u00f3rico del Real Madrid - El Digital de Asturias","description":"Madrid, 26 ene (EFE).- CAI Zaragoza, Laboral Kutxa e Iberostar Tenerife lograron clasificarse para la fase final de la Copa del Rey, mientras que el Real Madrid firm\u00f3 un pleno hist\u00f3rico con su victoria contra el Unicaja M\u00e1laga. El CAI sac\u00f3 su billete para la Copa al batir en Zaragoza con autoridad (103-67) al UCAM","canonical_url":"https:\/\/www.eldigitaldeasturias.com\/noticias\/cai-laboral-kutxa-y-tenerife-a-la-copa-pleno-historico-del-real-madrid\/","robots":"max-image-preview:large","keywords":"actualidad","webmasterTools":{"google-site-verification":"UA-38556648-1","msvalidate.01":"7dfe9f3f1b24437ab69f4f2559babe99","miscellaneous":""},"schema":{"@context":"https:\/\/schema.org","@graph":[{"@type":"BlogPosting","@id":"https:\/\/www.eldigitaldeasturias.com\/noticias\/cai-laboral-kutxa-y-tenerife-a-la-copa-pleno-historico-del-real-madrid\/#blogposting","name":"CAI, Laboral Kutxa y Tenerife, a la Copa; pleno hist\u00f3rico del Real Madrid - El Digital de Asturias","headline":"CAI, Laboral Kutxa y Tenerife, a la Copa; pleno hist\u00f3rico del Real Madrid","author":{"@id":"https:\/\/www.eldigitaldeasturias.com\/noticias\/author\/admin\/#author"},"publisher":{"@id":"https:\/\/www.eldigitaldeasturias.com\/noticias\/#organization"},"image":{"@type":"ImageObject","url":"https:\/\/www.eldigitaldeasturias.com\/noticias\/wp-content\/uploads\/2026\/06\/Contenidos.jpg","width":1265,"height":697,"caption":"Contenidos"},"datePublished":"2014-01-27T00:27:39+01:00","dateModified":"2014-01-27T00:27:39+01:00","inLanguage":"es-ES","mainEntityOfPage":{"@id":"https:\/\/www.eldigitaldeasturias.com\/noticias\/cai-laboral-kutxa-y-tenerife-a-la-copa-pleno-historico-del-real-madrid\/#webpage"},"isPartOf":{"@id":"https:\/\/www.eldigitaldeasturias.com\/noticias\/cai-laboral-kutxa-y-tenerife-a-la-copa-pleno-historico-del-real-madrid\/#webpage"},"articleSection":"Actualidad"},{"@type":"BreadcrumbList","@id":"https:\/\/www.eldigitaldeasturias.com\/noticias\/cai-laboral-kutxa-y-tenerife-a-la-copa-pleno-historico-del-real-madrid\/#breadcrumblist","itemListElement":[{"@type":"ListItem","@id":"https:\/\/www.eldigitaldeasturias.com\/noticias#listItem","position":1,"name":"Home","item":"https:\/\/www.eldigitaldeasturias.com\/noticias","nextItem":{"@type":"ListItem","@id":"https:\/\/www.eldigitaldeasturias.com\/noticias\/category\/actualidad\/#listItem","name":"Actualidad"}},{"@type":"ListItem","@id":"https:\/\/www.eldigitaldeasturias.com\/noticias\/category\/actualidad\/#listItem","position":2,"name":"Actualidad","item":"https:\/\/www.eldigitaldeasturias.com\/noticias\/category\/actualidad\/","nextItem":{"@type":"ListItem","@id":"https:\/\/www.eldigitaldeasturias.com\/noticias\/cai-laboral-kutxa-y-tenerife-a-la-copa-pleno-historico-del-real-madrid\/#listItem","name":"CAI, Laboral Kutxa y Tenerife, a la Copa; pleno hist\u00f3rico del Real Madrid"},"previousItem":{"@type":"ListItem","@id":"https:\/\/www.eldigitaldeasturias.com\/noticias#listItem","name":"Home"}},{"@type":"ListItem","@id":"https:\/\/www.eldigitaldeasturias.com\/noticias\/cai-laboral-kutxa-y-tenerife-a-la-copa-pleno-historico-del-real-madrid\/#listItem","position":3,"name":"CAI, Laboral Kutxa y Tenerife, a la Copa; pleno hist\u00f3rico del Real Madrid","previousItem":{"@type":"ListItem","@id":"https:\/\/www.eldigitaldeasturias.com\/noticias\/category\/actualidad\/#listItem","name":"Actualidad"}}]},{"@type":"Organization","@id":"https:\/\/www.eldigitaldeasturias.com\/noticias\/#organization","name":"El Digital de Asturias","description":"Hemeroteca","url":"https:\/\/www.eldigitaldeasturias.com\/noticias\/","email":"info@eldigitaldeasturias.com","telephone":"+34652131393","logo":{"@type":"ImageObject","url":"https:\/\/www.eldigitaldeasturias.com\/noticias\/wp-content\/uploads\/2020\/12\/EDA.jpg","@id":"https:\/\/www.eldigitaldeasturias.com\/noticias\/cai-laboral-kutxa-y-tenerife-a-la-copa-pleno-historico-del-real-madrid\/#organizationLogo"},"image":{"@id":"https:\/\/www.eldigitaldeasturias.com\/noticias\/cai-laboral-kutxa-y-tenerife-a-la-copa-pleno-historico-del-real-madrid\/#organizationLogo"},"sameAs":["https:\/\/facebook.com\/eldigitaldeasturias","https:\/\/www.youtube.com\/channel\/UCZP-2wLEB9Rv6erhFmqVnvg"],"address":{"@id":"https:\/\/www.eldigitaldeasturias.com\/noticias\/#postaladdress","@type":"PostalAddress","streetAddress":"san antonio 4","postalCode":"33430","addressLocality":"Cand\u00e1s","addressRegion":"Asturias","addressCountry":"ES"}},{"@type":"Person","@id":"https:\/\/www.eldigitaldeasturias.com\/noticias\/author\/admin\/#author","url":"https:\/\/www.eldigitaldeasturias.com\/noticias\/author\/admin\/","name":"El Digital de Asturias","image":{"@type":"ImageObject","@id":"https:\/\/www.eldigitaldeasturias.com\/noticias\/cai-laboral-kutxa-y-tenerife-a-la-copa-pleno-historico-del-real-madrid\/#authorImage","url":"https:\/\/secure.gravatar.com\/avatar\/df2aeffc32bcd13f8d26072ef8a91b623d677766deac7f97ca815868cd41bf5e?s=96&d=mm&r=g","width":96,"height":96,"caption":"El Digital de Asturias"}},{"@type":"WebPage","@id":"https:\/\/www.eldigitaldeasturias.com\/noticias\/cai-laboral-kutxa-y-tenerife-a-la-copa-pleno-historico-del-real-madrid\/#webpage","url":"https:\/\/www.eldigitaldeasturias.com\/noticias\/cai-laboral-kutxa-y-tenerife-a-la-copa-pleno-historico-del-real-madrid\/","name":"CAI, Laboral Kutxa y Tenerife, a la Copa; pleno hist\u00f3rico del Real Madrid - El Digital de Asturias","description":"Madrid, 26 ene (EFE).- CAI Zaragoza, Laboral Kutxa e Iberostar Tenerife lograron clasificarse para la fase final de la Copa del Rey, mientras que el Real Madrid firm\u00f3 un pleno hist\u00f3rico con su victoria contra el Unicaja M\u00e1laga. El CAI sac\u00f3 su billete para la Copa al batir en Zaragoza con autoridad (103-67) al UCAM","inLanguage":"es-ES","isPartOf":{"@id":"https:\/\/www.eldigitaldeasturias.com\/noticias\/#website"},"breadcrumb":{"@id":"https:\/\/www.eldigitaldeasturias.com\/noticias\/cai-laboral-kutxa-y-tenerife-a-la-copa-pleno-historico-del-real-madrid\/#breadcrumblist"},"author":{"@id":"https:\/\/www.eldigitaldeasturias.com\/noticias\/author\/admin\/#author"},"creator":{"@id":"https:\/\/www.eldigitaldeasturias.com\/noticias\/author\/admin\/#author"},"image":{"@type":"ImageObject","url":"https:\/\/www.eldigitaldeasturias.com\/noticias\/wp-content\/uploads\/2026\/06\/Contenidos.jpg","@id":"https:\/\/www.eldigitaldeasturias.com\/noticias\/cai-laboral-kutxa-y-tenerife-a-la-copa-pleno-historico-del-real-madrid\/#mainImage","width":1265,"height":697,"caption":"Contenidos"},"primaryImageOfPage":{"@id":"https:\/\/www.eldigitaldeasturias.com\/noticias\/cai-laboral-kutxa-y-tenerife-a-la-copa-pleno-historico-del-real-madrid\/#mainImage"},"datePublished":"2014-01-27T00:27:39+01:00","dateModified":"2014-01-27T00:27:39+01:00"},{"@type":"WebSite","@id":"https:\/\/www.eldigitaldeasturias.com\/noticias\/#website","url":"https:\/\/www.eldigitaldeasturias.com\/noticias\/","name":"El Digital de Asturias - Diario de actualidad y noticias","alternateName":"El Digital de Asturias - Diario de actualidad y noticias","description":"Hemeroteca","inLanguage":"es-ES","publisher":{"@id":"https:\/\/www.eldigitaldeasturias.com\/noticias\/#organization"}}]},"og:locale":"es_ES","og:site_name":"El Digital de Asturias","og:type":"article","og:title":"CAI, Laboral Kutxa y Tenerife, a la Copa; pleno hist\u00f3rico del Real Madrid - El Digital de Asturias","og:description":"Madrid, 26 ene (EFE).- CAI Zaragoza, Laboral Kutxa e Iberostar Tenerife lograron clasificarse para la fase final de la Copa del Rey, mientras que el Real Madrid firm\u00f3 un pleno hist\u00f3rico con su victoria contra el Unicaja M\u00e1laga. El CAI sac\u00f3 su billete para la Copa al batir en Zaragoza con autoridad (103-67) al UCAM","og:url":"https:\/\/www.eldigitaldeasturias.com\/noticias\/cai-laboral-kutxa-y-tenerife-a-la-copa-pleno-historico-del-real-madrid\/","og:image":"https:\/\/www.eldigitaldeasturias.com\/noticias\/wp-content\/uploads\/2026\/06\/Contenidos.jpg","og:image:secure_url":"https:\/\/www.eldigitaldeasturias.com\/noticias\/wp-content\/uploads\/2026\/06\/Contenidos.jpg","og:image:width":1265,"og:image:height":697,"article:tag":["actualidad"],"article:published_time":"2014-01-27T01:27:39+00:00","article:modified_time":"2014-01-27T01:27:39+00:00","article:publisher":"https:\/\/facebook.com\/eldigitaldeasturias","twitter:card":"summary_large_image","twitter:title":"CAI, Laboral Kutxa y Tenerife, a la Copa; pleno hist\u00f3rico del Real Madrid - El Digital de Asturias","twitter:description":"Madrid, 26 ene (EFE).- CAI Zaragoza, Laboral Kutxa e Iberostar Tenerife lograron clasificarse para la fase final de la Copa del Rey, mientras que el Real Madrid firm\u00f3 un pleno hist\u00f3rico con su victoria contra el Unicaja M\u00e1laga. El CAI sac\u00f3 su billete para la Copa al batir en Zaragoza con autoridad (103-67) al UCAM","twitter:image":"https:\/\/www.eldigitaldeasturias.com\/noticias\/wp-content\/uploads\/2026\/06\/Contenidos.jpg","twitter:label1":"Escrito por","twitter:data1":"El Digital de Asturias","twitter:label2":"Tiempo de lectura estimado","twitter:data2":"2 minutos"},"aioseo_meta_data":{"post_id":"479359","title":null,"description":null,"keywords":null,"keyphrases":null,"primary_term":null,"canonical_url":null,"og_title":null,"og_description":null,"og_object_type":"default","og_image_type":"default","og_image_url":null,"og_image_width":null,"og_image_height":null,"og_image_custom_url":null,"og_image_custom_fields":null,"og_video":null,"og_custom_url":null,"og_article_section":null,"og_article_tags":null,"twitter_use_og":true,"twitter_card":"default","twitter_image_type":"default","twitter_image_url":null,"twitter_image_custom_url":null,"twitter_image_custom_fields":null,"twitter_title":null,"twitter_description":null,"schema":{"blockGraphs":[],"customGraphs":[],"default":{"data":{"Article":[],"Course":[],"Dataset":[],"FAQPage":[],"Movie":[],"Person":[],"Product":[],"ProductReview":[],"Car":[],"Recipe":[],"Service":[],"SoftwareApplication":[],"WebPage":[]},"graphName":"","isEnabled":true},"graphs":[],"defaultGraph":"","defaultPostTypeGraph":""},"schema_type":null,"schema_type_options":null,"pillar_content":false,"robots_default":true,"robots_noindex":false,"robots_noarchive":false,"robots_nosnippet":false,"robots_nofollow":false,"robots_noimageindex":false,"robots_noodp":false,"robots_notranslate":false,"robots_max_snippet":null,"robots_max_videopreview":null,"robots_max_imagepreview":"none","priority":null,"frequency":null,"local_seo":null,"seo_analyzer_scan_date":"2026-06-02 00:14:53","breadcrumb_settings":null,"limit_modified_date":false,"open_ai":null,"ai":null,"created":"2020-11-14 22:54:03","updated":"2026-06-02 00:14:53","focus_keyword":null,"additional_keywords":null,"truseo_locale":null},"aioseo_breadcrumb":"<div class=\"aioseo-breadcrumbs\"><span class=\"aioseo-breadcrumb\">\n\t<a href=\"https:\/\/www.eldigitaldeasturias.com\/noticias\" title=\"Home\">Home<\/a>\n<\/span><span class=\"aioseo-breadcrumb-separator\">\u2013<\/span><span class=\"aioseo-breadcrumb\">\n\t<a href=\"https:\/\/www.eldigitaldeasturias.com\/noticias\/category\/actualidad\/\" title=\"Actualidad\">Actualidad<\/a>\n<\/span><span class=\"aioseo-breadcrumb-separator\">\u2013<\/span><span class=\"aioseo-breadcrumb\">\n\t<a href=\"https:\/\/www.eldigitaldeasturias.com\/noticias\/cai-laboral-kutxa-y-tenerife-a-la-copa-pleno-historico-del-real-madrid\/\" title=\"CAI, Laboral Kutxa y Tenerife, a la Copa; pleno hist\u00f3rico del Real Madrid\">CAI, Laboral Kutxa y Tenerife, a la Copa; pleno hist\u00f3rico del Real Madrid<\/a>\n<\/span><\/div>","aioseo_breadcrumb_json":[{"label":"Home","link":"https:\/\/www.eldigitaldeasturias.com\/noticias"},{"label":"Actualidad","link":"https:\/\/www.eldigitaldeasturias.com\/noticias\/category\/actualidad\/"},{"label":"CAI, Laboral Kutxa y Tenerife, a la Copa; pleno hist\u00f3rico del Real Madrid","link":"https:\/\/www.eldigitaldeasturias.com\/noticias\/cai-laboral-kutxa-y-tenerife-a-la-copa-pleno-historico-del-real-madrid\/"}],"_links":{"self":[{"href":"https:\/\/www.eldigitaldeasturias.com\/noticias\/wp-json\/wp\/v2\/posts\/479359","targetHints":{"allow":["GET"]}}],"collection":[{"href":"https:\/\/www.eldigitaldeasturias.com\/noticias\/wp-json\/wp\/v2\/posts"}],"about":[{"href":"https:\/\/www.eldigitaldeasturias.com\/noticias\/wp-json\/wp\/v2\/types\/post"}],"author":[{"embeddable":true,"href":"https:\/\/www.eldigitaldeasturias.com\/noticias\/wp-json\/wp\/v2\/users\/1"}],"replies":[{"embeddable":true,"href":"https:\/\/www.eldigitaldeasturias.com\/noticias\/wp-json\/wp\/v2\/comments?post=479359"}],"version-history":[{"count":0,"href":"https:\/\/www.eldigitaldeasturias.com\/noticias\/wp-json\/wp\/v2\/posts\/479359\/revisions"}],"wp:featuredmedia":[{"embeddable":true,"href":"https:\/\/www.eldigitaldeasturias.com\/noticias\/wp-json\/wp\/v2\/media\/1132184"}],"wp:attachment":[{"href":"https:\/\/www.eldigitaldeasturias.com\/noticias\/wp-json\/wp\/v2\/media?parent=479359"}],"wp:term":[{"taxonomy":"category","embeddable":true,"href":"https:\/\/www.eldigitaldeasturias.com\/noticias\/wp-json\/wp\/v2\/categories?post=479359"},{"taxonomy":"post_tag","embeddable":true,"href":"https:\/\/www.eldigitaldeasturias.com\/noticias\/wp-json\/wp\/v2\/tags?post=479359"}],"curies":[{"name":"wp","href":"https:\/\/api.w.org\/{rel}","templated":true}]}}