{"id":479331,"date":"2014-01-27T00:13:20","date_gmt":"2014-01-27T01:13:20","guid":{"rendered":"http:\/\/www.eldigitaldeasturias.com\/noticias\/?p=479331"},"modified":"2014-01-27T00:13:20","modified_gmt":"2014-01-27T01:13:20","slug":"el-pp-avisa-trias-de-que-le-denunciara-si-cede-el-padron-para-la-consulta","status":"publish","type":"post","link":"https:\/\/www.eldigitaldeasturias.com\/noticias\/el-pp-avisa-trias-de-que-le-denunciara-si-cede-el-padron-para-la-consulta\/","title":{"rendered":"El PP avisa Trias de que le denunciar\u00e1 si cede el padr\u00f3n para la consulta"},"content":{"rendered":"<p><img loading=\"lazy\" decoding=\"async\" class=\"alignleft size-medium wp-image-479332\" alt=\"5877825w\" src=\"https:\/\/www.eldigitaldeasturias.com\/noticias\/wp-content\/uploads\/2014\/01\/5877825w-360x239.jpg\" width=\"360\" height=\"239\" \/>Barcelona, 26 ene (EFE).- El presidente del grupo municipal del PP en el Ayuntamiento de Barcelona, Alberto Fern\u00e1ndez D\u00edaz, ha avisado hoy que denunciar\u00e1 ante los tribunales al alcalde de la ciudad, Xavier Trias, si \u00e9ste cede el padr\u00f3n para la consulta soberanista a la Generalitat.<\/p>\n<p>Fern\u00e1ndez D\u00edaz ha requerido a Trias mediante una carta la solicitud de un dictamen sobre la legalidad de la posible cesi\u00f3n de los datos del padr\u00f3n municipal a la Generalitat para facilitar la elaboraci\u00f3n de la consulta, ha informado el PP en un comunicado.<\/p>\n<p>Esta solicitud llega despu\u00e9s de que esta semana se haya aprobado un acuerdo en la comisi\u00f3n de Presidencia del consistorio en la que se insta al gobierno municipal a ceder el padr\u00f3n.<\/p>\n<p>El dirigente del PP en Barcelona asegura hoy que, en el supuesto de que Trias adoptara las decisiones oportunas para materializar ese acuerdo de la comisi\u00f3n de presidencia, \u00abel PP las impugnar\u00e1 en los tribunales de forma inmediata\u00bb.<\/p>\n<p>La Ley Municipal de R\u00e9gimen Local de Catalu\u00f1a establece que los datos del padr\u00f3n municipal se ceder\u00e1n a otras administraciones p\u00fablicas que as\u00ed lo soliciten, sin consentimiento previo del afectado, cuando sean necesarias para el ejercicio de sus respectivas competencias, recuerda el PP.<\/p>\n<p>\u00abLa Generalitat no tiene competencia para realizar dicha petici\u00f3n al ayuntamiento ni el consistorio tiene amparo legal para cederlas\u00bb, ha considerado Fern\u00e1ndez D\u00edaz.<\/p>\n","protected":false},"excerpt":{"rendered":"<p>Barcelona, 26 ene (EFE).- El presidente del grupo municipal del PP en el Ayuntamiento de Barcelona, Alberto Fern\u00e1ndez D\u00edaz, ha avisado hoy que denunciar\u00e1 ante los tribunales al alcalde de la ciudad, Xavier Trias, si \u00e9ste cede el padr\u00f3n para la consulta soberanista a la Generalitat. Fern\u00e1ndez D\u00edaz ha requerido a Trias mediante una carta [&hellip;]<\/p>\n","protected":false},"author":1,"featured_media":1132184,"comment_status":"closed","ping_status":"open","sticky":false,"template":"","format":"standard","meta":{"footnotes":""},"categories":[1],"tags":[],"class_list":["post-479331","post","type-post","status-publish","format-standard","has-post-thumbnail","hentry","category-actualidad"],"aioseo_notices":[],"aioseo_head":"\n\t\t<!-- All in One SEO Pro 5.0.1 - aioseo.com -->\n\t<meta name=\"description\" content=\"Barcelona, 26 ene (EFE).- El presidente del grupo municipal del PP en el Ayuntamiento de Barcelona, Alberto Fern\u00e1ndez D\u00edaz, ha avisado hoy que denunciar\u00e1 ante los tribunales al alcalde de la ciudad, Xavier Trias, si \u00e9ste cede el padr\u00f3n para la consulta soberanista a la Generalitat. Fern\u00e1ndez D\u00edaz ha requerido a Trias mediante una carta\" \/>\n\t<meta name=\"robots\" content=\"max-image-preview:large\" \/>\n\t<meta name=\"author\" content=\"El Digital de Asturias\"\/>\n\t<meta name=\"google-site-verification\" content=\"UA-38556648-1\" \/>\n\t<meta name=\"msvalidate.01\" content=\"7dfe9f3f1b24437ab69f4f2559babe99\" \/>\n\t<meta name=\"keywords\" content=\"actualidad\" \/>\n\t<link rel=\"canonical\" href=\"https:\/\/www.eldigitaldeasturias.com\/noticias\/el-pp-avisa-trias-de-que-le-denunciara-si-cede-el-padron-para-la-consulta\/\" \/>\n\t<meta name=\"generator\" content=\"All in One SEO Pro (AIOSEO) 5.0.1\" \/>\n\t\t<meta property=\"og:locale\" content=\"es_ES\" \/>\n\t\t<meta property=\"og:site_name\" content=\"El Digital de Asturias\" \/>\n\t\t<meta property=\"og:type\" content=\"article\" \/>\n\t\t<meta property=\"og:title\" content=\"El PP avisa Trias de que le denunciar\u00e1 si cede el padr\u00f3n para la consulta - El Digital de Asturias\" \/>\n\t\t<meta property=\"og:description\" content=\"Barcelona, 26 ene (EFE).- El presidente del grupo municipal del PP en el Ayuntamiento de Barcelona, Alberto Fern\u00e1ndez D\u00edaz, ha avisado hoy que denunciar\u00e1 ante los tribunales al alcalde de la ciudad, Xavier Trias, si \u00e9ste cede el padr\u00f3n para la consulta soberanista a la Generalitat. Fern\u00e1ndez D\u00edaz ha requerido a Trias mediante una carta\" \/>\n\t\t<meta property=\"og:url\" content=\"https:\/\/www.eldigitaldeasturias.com\/noticias\/el-pp-avisa-trias-de-que-le-denunciara-si-cede-el-padron-para-la-consulta\/\" \/>\n\t\t<meta property=\"og:image\" content=\"https:\/\/www.eldigitaldeasturias.com\/noticias\/wp-content\/uploads\/2026\/06\/Contenidos.jpg\" \/>\n\t\t<meta property=\"og:image:secure_url\" content=\"https:\/\/www.eldigitaldeasturias.com\/noticias\/wp-content\/uploads\/2026\/06\/Contenidos.jpg\" \/>\n\t\t<meta property=\"og:image:width\" content=\"1265\" \/>\n\t\t<meta property=\"og:image:height\" content=\"697\" \/>\n\t\t<meta property=\"article:tag\" content=\"actualidad\" \/>\n\t\t<meta property=\"article:published_time\" content=\"2014-01-27T01:13:20+00:00\" \/>\n\t\t<meta property=\"article:modified_time\" content=\"2014-01-27T01:13:20+00:00\" \/>\n\t\t<meta property=\"article:publisher\" content=\"https:\/\/facebook.com\/eldigitaldeasturias\" \/>\n\t\t<meta name=\"twitter:card\" content=\"summary_large_image\" \/>\n\t\t<meta name=\"twitter:title\" content=\"El PP avisa Trias de que le denunciar\u00e1 si cede el padr\u00f3n para la consulta - El Digital de Asturias\" \/>\n\t\t<meta name=\"twitter:description\" content=\"Barcelona, 26 ene (EFE).- El presidente del grupo municipal del PP en el Ayuntamiento de Barcelona, Alberto Fern\u00e1ndez D\u00edaz, ha avisado hoy que denunciar\u00e1 ante los tribunales al alcalde de la ciudad, Xavier Trias, si \u00e9ste cede el padr\u00f3n para la consulta soberanista a la Generalitat. Fern\u00e1ndez D\u00edaz ha requerido a Trias mediante una carta\" \/>\n\t\t<meta name=\"twitter:image\" content=\"https:\/\/www.eldigitaldeasturias.com\/noticias\/wp-content\/uploads\/2026\/06\/Contenidos.jpg\" \/>\n\t\t<meta name=\"twitter:label1\" content=\"Escrito por\" \/>\n\t\t<meta name=\"twitter:data1\" content=\"El Digital de Asturias\" \/>\n\t\t<meta name=\"twitter:label2\" content=\"Tiempo de lectura estimado\" \/>\n\t\t<meta name=\"twitter:data2\" content=\"1 minuto\" \/>\n\t\t<script type=\"application\/ld+json\" class=\"aioseo-schema\">\n\t\t\t{\"@context\":\"https:\\\/\\\/schema.org\",\"@graph\":[{\"@type\":\"BlogPosting\",\"@id\":\"https:\\\/\\\/www.eldigitaldeasturias.com\\\/noticias\\\/el-pp-avisa-trias-de-que-le-denunciara-si-cede-el-padron-para-la-consulta\\\/#blogposting\",\"name\":\"El PP avisa Trias de que le denunciar\\u00e1 si cede el padr\\u00f3n para la consulta - El Digital de Asturias\",\"headline\":\"El PP avisa Trias de que le denunciar\\u00e1 si cede el padr\\u00f3n para la consulta\",\"author\":{\"@id\":\"https:\\\/\\\/www.eldigitaldeasturias.com\\\/noticias\\\/author\\\/admin\\\/#author\"},\"publisher\":{\"@id\":\"https:\\\/\\\/www.eldigitaldeasturias.com\\\/noticias\\\/#organization\"},\"image\":{\"@type\":\"ImageObject\",\"url\":\"https:\\\/\\\/www.eldigitaldeasturias.com\\\/noticias\\\/wp-content\\\/uploads\\\/2026\\\/06\\\/Contenidos.jpg\",\"width\":1265,\"height\":697,\"caption\":\"Contenidos\"},\"datePublished\":\"2014-01-27T00:13:20+01:00\",\"dateModified\":\"2014-01-27T00:13:20+01:00\",\"inLanguage\":\"es-ES\",\"mainEntityOfPage\":{\"@id\":\"https:\\\/\\\/www.eldigitaldeasturias.com\\\/noticias\\\/el-pp-avisa-trias-de-que-le-denunciara-si-cede-el-padron-para-la-consulta\\\/#webpage\"},\"isPartOf\":{\"@id\":\"https:\\\/\\\/www.eldigitaldeasturias.com\\\/noticias\\\/el-pp-avisa-trias-de-que-le-denunciara-si-cede-el-padron-para-la-consulta\\\/#webpage\"},\"articleSection\":\"Actualidad\"},{\"@type\":\"BreadcrumbList\",\"@id\":\"https:\\\/\\\/www.eldigitaldeasturias.com\\\/noticias\\\/el-pp-avisa-trias-de-que-le-denunciara-si-cede-el-padron-para-la-consulta\\\/#breadcrumblist\",\"itemListElement\":[{\"@type\":\"ListItem\",\"@id\":\"https:\\\/\\\/www.eldigitaldeasturias.com\\\/noticias#listItem\",\"position\":1,\"name\":\"Home\",\"item\":\"https:\\\/\\\/www.eldigitaldeasturias.com\\\/noticias\",\"nextItem\":{\"@type\":\"ListItem\",\"@id\":\"https:\\\/\\\/www.eldigitaldeasturias.com\\\/noticias\\\/category\\\/actualidad\\\/#listItem\",\"name\":\"Actualidad\"}},{\"@type\":\"ListItem\",\"@id\":\"https:\\\/\\\/www.eldigitaldeasturias.com\\\/noticias\\\/category\\\/actualidad\\\/#listItem\",\"position\":2,\"name\":\"Actualidad\",\"item\":\"https:\\\/\\\/www.eldigitaldeasturias.com\\\/noticias\\\/category\\\/actualidad\\\/\",\"nextItem\":{\"@type\":\"ListItem\",\"@id\":\"https:\\\/\\\/www.eldigitaldeasturias.com\\\/noticias\\\/el-pp-avisa-trias-de-que-le-denunciara-si-cede-el-padron-para-la-consulta\\\/#listItem\",\"name\":\"El PP avisa Trias de que le denunciar\\u00e1 si cede el padr\\u00f3n para la consulta\"},\"previousItem\":{\"@type\":\"ListItem\",\"@id\":\"https:\\\/\\\/www.eldigitaldeasturias.com\\\/noticias#listItem\",\"name\":\"Home\"}},{\"@type\":\"ListItem\",\"@id\":\"https:\\\/\\\/www.eldigitaldeasturias.com\\\/noticias\\\/el-pp-avisa-trias-de-que-le-denunciara-si-cede-el-padron-para-la-consulta\\\/#listItem\",\"position\":3,\"name\":\"El PP avisa Trias de que le denunciar\\u00e1 si cede el padr\\u00f3n para la consulta\",\"previousItem\":{\"@type\":\"ListItem\",\"@id\":\"https:\\\/\\\/www.eldigitaldeasturias.com\\\/noticias\\\/category\\\/actualidad\\\/#listItem\",\"name\":\"Actualidad\"}}]},{\"@type\":\"Organization\",\"@id\":\"https:\\\/\\\/www.eldigitaldeasturias.com\\\/noticias\\\/#organization\",\"name\":\"El Digital de Asturias\",\"description\":\"Hemeroteca\",\"url\":\"https:\\\/\\\/www.eldigitaldeasturias.com\\\/noticias\\\/\",\"email\":\"info@eldigitaldeasturias.com\",\"telephone\":\"+34652131393\",\"logo\":{\"@type\":\"ImageObject\",\"url\":\"https:\\\/\\\/www.eldigitaldeasturias.com\\\/noticias\\\/wp-content\\\/uploads\\\/2020\\\/12\\\/EDA.jpg\",\"@id\":\"https:\\\/\\\/www.eldigitaldeasturias.com\\\/noticias\\\/el-pp-avisa-trias-de-que-le-denunciara-si-cede-el-padron-para-la-consulta\\\/#organizationLogo\"},\"image\":{\"@id\":\"https:\\\/\\\/www.eldigitaldeasturias.com\\\/noticias\\\/el-pp-avisa-trias-de-que-le-denunciara-si-cede-el-padron-para-la-consulta\\\/#organizationLogo\"},\"sameAs\":[\"https:\\\/\\\/facebook.com\\\/eldigitaldeasturias\",\"https:\\\/\\\/www.youtube.com\\\/channel\\\/UCZP-2wLEB9Rv6erhFmqVnvg\"],\"address\":{\"@id\":\"https:\\\/\\\/www.eldigitaldeasturias.com\\\/noticias\\\/#postaladdress\",\"@type\":\"PostalAddress\",\"streetAddress\":\"san antonio 4\",\"postalCode\":\"33430\",\"addressLocality\":\"Cand\\u00e1s\",\"addressRegion\":\"Asturias\",\"addressCountry\":\"ES\"}},{\"@type\":\"Person\",\"@id\":\"https:\\\/\\\/www.eldigitaldeasturias.com\\\/noticias\\\/author\\\/admin\\\/#author\",\"url\":\"https:\\\/\\\/www.eldigitaldeasturias.com\\\/noticias\\\/author\\\/admin\\\/\",\"name\":\"El Digital de Asturias\",\"image\":{\"@type\":\"ImageObject\",\"@id\":\"https:\\\/\\\/www.eldigitaldeasturias.com\\\/noticias\\\/el-pp-avisa-trias-de-que-le-denunciara-si-cede-el-padron-para-la-consulta\\\/#authorImage\",\"url\":\"https:\\\/\\\/secure.gravatar.com\\\/avatar\\\/df2aeffc32bcd13f8d26072ef8a91b623d677766deac7f97ca815868cd41bf5e?s=96&d=mm&r=g\",\"width\":96,\"height\":96,\"caption\":\"El Digital de Asturias\"}},{\"@type\":\"WebPage\",\"@id\":\"https:\\\/\\\/www.eldigitaldeasturias.com\\\/noticias\\\/el-pp-avisa-trias-de-que-le-denunciara-si-cede-el-padron-para-la-consulta\\\/#webpage\",\"url\":\"https:\\\/\\\/www.eldigitaldeasturias.com\\\/noticias\\\/el-pp-avisa-trias-de-que-le-denunciara-si-cede-el-padron-para-la-consulta\\\/\",\"name\":\"El PP avisa Trias de que le denunciar\\u00e1 si cede el padr\\u00f3n para la consulta - El Digital de Asturias\",\"description\":\"Barcelona, 26 ene (EFE).- El presidente del grupo municipal del PP en el Ayuntamiento de Barcelona, Alberto Fern\\u00e1ndez D\\u00edaz, ha avisado hoy que denunciar\\u00e1 ante los tribunales al alcalde de la ciudad, Xavier Trias, si \\u00e9ste cede el padr\\u00f3n para la consulta soberanista a la Generalitat. Fern\\u00e1ndez D\\u00edaz ha requerido a Trias mediante una carta\",\"inLanguage\":\"es-ES\",\"isPartOf\":{\"@id\":\"https:\\\/\\\/www.eldigitaldeasturias.com\\\/noticias\\\/#website\"},\"breadcrumb\":{\"@id\":\"https:\\\/\\\/www.eldigitaldeasturias.com\\\/noticias\\\/el-pp-avisa-trias-de-que-le-denunciara-si-cede-el-padron-para-la-consulta\\\/#breadcrumblist\"},\"author\":{\"@id\":\"https:\\\/\\\/www.eldigitaldeasturias.com\\\/noticias\\\/author\\\/admin\\\/#author\"},\"creator\":{\"@id\":\"https:\\\/\\\/www.eldigitaldeasturias.com\\\/noticias\\\/author\\\/admin\\\/#author\"},\"image\":{\"@type\":\"ImageObject\",\"url\":\"https:\\\/\\\/www.eldigitaldeasturias.com\\\/noticias\\\/wp-content\\\/uploads\\\/2026\\\/06\\\/Contenidos.jpg\",\"@id\":\"https:\\\/\\\/www.eldigitaldeasturias.com\\\/noticias\\\/el-pp-avisa-trias-de-que-le-denunciara-si-cede-el-padron-para-la-consulta\\\/#mainImage\",\"width\":1265,\"height\":697,\"caption\":\"Contenidos\"},\"primaryImageOfPage\":{\"@id\":\"https:\\\/\\\/www.eldigitaldeasturias.com\\\/noticias\\\/el-pp-avisa-trias-de-que-le-denunciara-si-cede-el-padron-para-la-consulta\\\/#mainImage\"},\"datePublished\":\"2014-01-27T00:13:20+01:00\",\"dateModified\":\"2014-01-27T00:13:20+01:00\"},{\"@type\":\"WebSite\",\"@id\":\"https:\\\/\\\/www.eldigitaldeasturias.com\\\/noticias\\\/#website\",\"url\":\"https:\\\/\\\/www.eldigitaldeasturias.com\\\/noticias\\\/\",\"name\":\"El Digital de Asturias - Diario de actualidad y noticias\",\"alternateName\":\"El Digital de Asturias - Diario de actualidad y noticias\",\"description\":\"Hemeroteca\",\"inLanguage\":\"es-ES\",\"publisher\":{\"@id\":\"https:\\\/\\\/www.eldigitaldeasturias.com\\\/noticias\\\/#organization\"}}]}\n\t\t<\/script>\n\t\t<!-- All in One SEO Pro -->\r\n\t\t<title>El PP avisa Trias de que le denunciar\u00e1 si cede el padr\u00f3n para la consulta - El Digital de Asturias<\/title>\n\n","aioseo_head_json":{"title":"El PP avisa Trias de que le denunciar\u00e1 si cede el padr\u00f3n para la consulta - El Digital de Asturias","description":"Barcelona, 26 ene (EFE).- El presidente del grupo municipal del PP en el Ayuntamiento de Barcelona, Alberto Fern\u00e1ndez D\u00edaz, ha avisado hoy que denunciar\u00e1 ante los tribunales al alcalde de la ciudad, Xavier Trias, si \u00e9ste cede el padr\u00f3n para la consulta soberanista a la Generalitat. Fern\u00e1ndez D\u00edaz ha requerido a Trias mediante una carta","canonical_url":"https:\/\/www.eldigitaldeasturias.com\/noticias\/el-pp-avisa-trias-de-que-le-denunciara-si-cede-el-padron-para-la-consulta\/","robots":"max-image-preview:large","keywords":"actualidad","webmasterTools":{"google-site-verification":"UA-38556648-1","msvalidate.01":"7dfe9f3f1b24437ab69f4f2559babe99","miscellaneous":""},"schema":{"@context":"https:\/\/schema.org","@graph":[{"@type":"BlogPosting","@id":"https:\/\/www.eldigitaldeasturias.com\/noticias\/el-pp-avisa-trias-de-que-le-denunciara-si-cede-el-padron-para-la-consulta\/#blogposting","name":"El PP avisa Trias de que le denunciar\u00e1 si cede el padr\u00f3n para la consulta - El Digital de Asturias","headline":"El PP avisa Trias de que le denunciar\u00e1 si cede el padr\u00f3n para la consulta","author":{"@id":"https:\/\/www.eldigitaldeasturias.com\/noticias\/author\/admin\/#author"},"publisher":{"@id":"https:\/\/www.eldigitaldeasturias.com\/noticias\/#organization"},"image":{"@type":"ImageObject","url":"https:\/\/www.eldigitaldeasturias.com\/noticias\/wp-content\/uploads\/2026\/06\/Contenidos.jpg","width":1265,"height":697,"caption":"Contenidos"},"datePublished":"2014-01-27T00:13:20+01:00","dateModified":"2014-01-27T00:13:20+01:00","inLanguage":"es-ES","mainEntityOfPage":{"@id":"https:\/\/www.eldigitaldeasturias.com\/noticias\/el-pp-avisa-trias-de-que-le-denunciara-si-cede-el-padron-para-la-consulta\/#webpage"},"isPartOf":{"@id":"https:\/\/www.eldigitaldeasturias.com\/noticias\/el-pp-avisa-trias-de-que-le-denunciara-si-cede-el-padron-para-la-consulta\/#webpage"},"articleSection":"Actualidad"},{"@type":"BreadcrumbList","@id":"https:\/\/www.eldigitaldeasturias.com\/noticias\/el-pp-avisa-trias-de-que-le-denunciara-si-cede-el-padron-para-la-consulta\/#breadcrumblist","itemListElement":[{"@type":"ListItem","@id":"https:\/\/www.eldigitaldeasturias.com\/noticias#listItem","position":1,"name":"Home","item":"https:\/\/www.eldigitaldeasturias.com\/noticias","nextItem":{"@type":"ListItem","@id":"https:\/\/www.eldigitaldeasturias.com\/noticias\/category\/actualidad\/#listItem","name":"Actualidad"}},{"@type":"ListItem","@id":"https:\/\/www.eldigitaldeasturias.com\/noticias\/category\/actualidad\/#listItem","position":2,"name":"Actualidad","item":"https:\/\/www.eldigitaldeasturias.com\/noticias\/category\/actualidad\/","nextItem":{"@type":"ListItem","@id":"https:\/\/www.eldigitaldeasturias.com\/noticias\/el-pp-avisa-trias-de-que-le-denunciara-si-cede-el-padron-para-la-consulta\/#listItem","name":"El PP avisa Trias de que le denunciar\u00e1 si cede el padr\u00f3n para la consulta"},"previousItem":{"@type":"ListItem","@id":"https:\/\/www.eldigitaldeasturias.com\/noticias#listItem","name":"Home"}},{"@type":"ListItem","@id":"https:\/\/www.eldigitaldeasturias.com\/noticias\/el-pp-avisa-trias-de-que-le-denunciara-si-cede-el-padron-para-la-consulta\/#listItem","position":3,"name":"El PP avisa Trias de que le denunciar\u00e1 si cede el padr\u00f3n para la consulta","previousItem":{"@type":"ListItem","@id":"https:\/\/www.eldigitaldeasturias.com\/noticias\/category\/actualidad\/#listItem","name":"Actualidad"}}]},{"@type":"Organization","@id":"https:\/\/www.eldigitaldeasturias.com\/noticias\/#organization","name":"El Digital de Asturias","description":"Hemeroteca","url":"https:\/\/www.eldigitaldeasturias.com\/noticias\/","email":"info@eldigitaldeasturias.com","telephone":"+34652131393","logo":{"@type":"ImageObject","url":"https:\/\/www.eldigitaldeasturias.com\/noticias\/wp-content\/uploads\/2020\/12\/EDA.jpg","@id":"https:\/\/www.eldigitaldeasturias.com\/noticias\/el-pp-avisa-trias-de-que-le-denunciara-si-cede-el-padron-para-la-consulta\/#organizationLogo"},"image":{"@id":"https:\/\/www.eldigitaldeasturias.com\/noticias\/el-pp-avisa-trias-de-que-le-denunciara-si-cede-el-padron-para-la-consulta\/#organizationLogo"},"sameAs":["https:\/\/facebook.com\/eldigitaldeasturias","https:\/\/www.youtube.com\/channel\/UCZP-2wLEB9Rv6erhFmqVnvg"],"address":{"@id":"https:\/\/www.eldigitaldeasturias.com\/noticias\/#postaladdress","@type":"PostalAddress","streetAddress":"san antonio 4","postalCode":"33430","addressLocality":"Cand\u00e1s","addressRegion":"Asturias","addressCountry":"ES"}},{"@type":"Person","@id":"https:\/\/www.eldigitaldeasturias.com\/noticias\/author\/admin\/#author","url":"https:\/\/www.eldigitaldeasturias.com\/noticias\/author\/admin\/","name":"El Digital de Asturias","image":{"@type":"ImageObject","@id":"https:\/\/www.eldigitaldeasturias.com\/noticias\/el-pp-avisa-trias-de-que-le-denunciara-si-cede-el-padron-para-la-consulta\/#authorImage","url":"https:\/\/secure.gravatar.com\/avatar\/df2aeffc32bcd13f8d26072ef8a91b623d677766deac7f97ca815868cd41bf5e?s=96&d=mm&r=g","width":96,"height":96,"caption":"El Digital de Asturias"}},{"@type":"WebPage","@id":"https:\/\/www.eldigitaldeasturias.com\/noticias\/el-pp-avisa-trias-de-que-le-denunciara-si-cede-el-padron-para-la-consulta\/#webpage","url":"https:\/\/www.eldigitaldeasturias.com\/noticias\/el-pp-avisa-trias-de-que-le-denunciara-si-cede-el-padron-para-la-consulta\/","name":"El PP avisa Trias de que le denunciar\u00e1 si cede el padr\u00f3n para la consulta - El Digital de Asturias","description":"Barcelona, 26 ene (EFE).- El presidente del grupo municipal del PP en el Ayuntamiento de Barcelona, Alberto Fern\u00e1ndez D\u00edaz, ha avisado hoy que denunciar\u00e1 ante los tribunales al alcalde de la ciudad, Xavier Trias, si \u00e9ste cede el padr\u00f3n para la consulta soberanista a la Generalitat. Fern\u00e1ndez D\u00edaz ha requerido a Trias mediante una carta","inLanguage":"es-ES","isPartOf":{"@id":"https:\/\/www.eldigitaldeasturias.com\/noticias\/#website"},"breadcrumb":{"@id":"https:\/\/www.eldigitaldeasturias.com\/noticias\/el-pp-avisa-trias-de-que-le-denunciara-si-cede-el-padron-para-la-consulta\/#breadcrumblist"},"author":{"@id":"https:\/\/www.eldigitaldeasturias.com\/noticias\/author\/admin\/#author"},"creator":{"@id":"https:\/\/www.eldigitaldeasturias.com\/noticias\/author\/admin\/#author"},"image":{"@type":"ImageObject","url":"https:\/\/www.eldigitaldeasturias.com\/noticias\/wp-content\/uploads\/2026\/06\/Contenidos.jpg","@id":"https:\/\/www.eldigitaldeasturias.com\/noticias\/el-pp-avisa-trias-de-que-le-denunciara-si-cede-el-padron-para-la-consulta\/#mainImage","width":1265,"height":697,"caption":"Contenidos"},"primaryImageOfPage":{"@id":"https:\/\/www.eldigitaldeasturias.com\/noticias\/el-pp-avisa-trias-de-que-le-denunciara-si-cede-el-padron-para-la-consulta\/#mainImage"},"datePublished":"2014-01-27T00:13:20+01:00","dateModified":"2014-01-27T00:13:20+01:00"},{"@type":"WebSite","@id":"https:\/\/www.eldigitaldeasturias.com\/noticias\/#website","url":"https:\/\/www.eldigitaldeasturias.com\/noticias\/","name":"El Digital de Asturias - Diario de actualidad y noticias","alternateName":"El Digital de Asturias - Diario de actualidad y noticias","description":"Hemeroteca","inLanguage":"es-ES","publisher":{"@id":"https:\/\/www.eldigitaldeasturias.com\/noticias\/#organization"}}]},"og:locale":"es_ES","og:site_name":"El Digital de Asturias","og:type":"article","og:title":"El PP avisa Trias de que le denunciar\u00e1 si cede el padr\u00f3n para la consulta - El Digital de Asturias","og:description":"Barcelona, 26 ene (EFE).- El presidente del grupo municipal del PP en el Ayuntamiento de Barcelona, Alberto Fern\u00e1ndez D\u00edaz, ha avisado hoy que denunciar\u00e1 ante los tribunales al alcalde de la ciudad, Xavier Trias, si \u00e9ste cede el padr\u00f3n para la consulta soberanista a la Generalitat. Fern\u00e1ndez D\u00edaz ha requerido a Trias mediante una carta","og:url":"https:\/\/www.eldigitaldeasturias.com\/noticias\/el-pp-avisa-trias-de-que-le-denunciara-si-cede-el-padron-para-la-consulta\/","og:image":"https:\/\/www.eldigitaldeasturias.com\/noticias\/wp-content\/uploads\/2026\/06\/Contenidos.jpg","og:image:secure_url":"https:\/\/www.eldigitaldeasturias.com\/noticias\/wp-content\/uploads\/2026\/06\/Contenidos.jpg","og:image:width":1265,"og:image:height":697,"article:tag":["actualidad"],"article:published_time":"2014-01-27T01:13:20+00:00","article:modified_time":"2014-01-27T01:13:20+00:00","article:publisher":"https:\/\/facebook.com\/eldigitaldeasturias","twitter:card":"summary_large_image","twitter:title":"El PP avisa Trias de que le denunciar\u00e1 si cede el padr\u00f3n para la consulta - El Digital de Asturias","twitter:description":"Barcelona, 26 ene (EFE).- El presidente del grupo municipal del PP en el Ayuntamiento de Barcelona, Alberto Fern\u00e1ndez D\u00edaz, ha avisado hoy que denunciar\u00e1 ante los tribunales al alcalde de la ciudad, Xavier Trias, si \u00e9ste cede el padr\u00f3n para la consulta soberanista a la Generalitat. Fern\u00e1ndez D\u00edaz ha requerido a Trias mediante una carta","twitter:image":"https:\/\/www.eldigitaldeasturias.com\/noticias\/wp-content\/uploads\/2026\/06\/Contenidos.jpg","twitter:label1":"Escrito por","twitter:data1":"El Digital de Asturias","twitter:label2":"Tiempo de lectura estimado","twitter:data2":"1 minuto"},"aioseo_meta_data":{"post_id":"479331","title":null,"description":null,"keywords":null,"keyphrases":null,"primary_term":null,"canonical_url":null,"og_title":null,"og_description":null,"og_object_type":"default","og_image_type":"default","og_image_url":null,"og_image_width":null,"og_image_height":null,"og_image_custom_url":null,"og_image_custom_fields":null,"og_video":null,"og_custom_url":null,"og_article_section":null,"og_article_tags":null,"twitter_use_og":true,"twitter_card":"default","twitter_image_type":"default","twitter_image_url":null,"twitter_image_custom_url":null,"twitter_image_custom_fields":null,"twitter_title":null,"twitter_description":null,"schema":{"blockGraphs":[],"customGraphs":[],"default":{"data":{"Article":[],"Course":[],"Dataset":[],"FAQPage":[],"Movie":[],"Person":[],"Product":[],"ProductReview":[],"Car":[],"Recipe":[],"Service":[],"SoftwareApplication":[],"WebPage":[]},"graphName":"","isEnabled":true},"graphs":[],"defaultGraph":"","defaultPostTypeGraph":""},"schema_type":null,"schema_type_options":null,"pillar_content":false,"robots_default":true,"robots_noindex":false,"robots_noarchive":false,"robots_nosnippet":false,"robots_nofollow":false,"robots_noimageindex":false,"robots_noodp":false,"robots_notranslate":false,"robots_max_snippet":null,"robots_max_videopreview":null,"robots_max_imagepreview":"none","priority":null,"frequency":null,"local_seo":null,"seo_analyzer_scan_date":"2026-06-02 00:10:48","breadcrumb_settings":null,"limit_modified_date":false,"open_ai":null,"ai":null,"created":"2020-11-14 22:54:03","updated":"2026-06-02 00:10:48","focus_keyword":null,"additional_keywords":null,"truseo_locale":null},"aioseo_breadcrumb":"<div class=\"aioseo-breadcrumbs\"><span class=\"aioseo-breadcrumb\">\n\t<a href=\"https:\/\/www.eldigitaldeasturias.com\/noticias\" title=\"Home\">Home<\/a>\n<\/span><span class=\"aioseo-breadcrumb-separator\">\u2013<\/span><span class=\"aioseo-breadcrumb\">\n\t<a href=\"https:\/\/www.eldigitaldeasturias.com\/noticias\/category\/actualidad\/\" title=\"Actualidad\">Actualidad<\/a>\n<\/span><span class=\"aioseo-breadcrumb-separator\">\u2013<\/span><span class=\"aioseo-breadcrumb\">\n\t<a href=\"https:\/\/www.eldigitaldeasturias.com\/noticias\/el-pp-avisa-trias-de-que-le-denunciara-si-cede-el-padron-para-la-consulta\/\" title=\"El PP avisa Trias de que le denunciar\u00e1 si cede el padr\u00f3n para la consulta\">El PP avisa Trias de que le denunciar\u00e1 si cede el padr\u00f3n para la consulta<\/a>\n<\/span><\/div>","aioseo_breadcrumb_json":[{"label":"Home","link":"https:\/\/www.eldigitaldeasturias.com\/noticias"},{"label":"Actualidad","link":"https:\/\/www.eldigitaldeasturias.com\/noticias\/category\/actualidad\/"},{"label":"El PP avisa Trias de que le denunciar\u00e1 si cede el padr\u00f3n para la consulta","link":"https:\/\/www.eldigitaldeasturias.com\/noticias\/el-pp-avisa-trias-de-que-le-denunciara-si-cede-el-padron-para-la-consulta\/"}],"_links":{"self":[{"href":"https:\/\/www.eldigitaldeasturias.com\/noticias\/wp-json\/wp\/v2\/posts\/479331","targetHints":{"allow":["GET"]}}],"collection":[{"href":"https:\/\/www.eldigitaldeasturias.com\/noticias\/wp-json\/wp\/v2\/posts"}],"about":[{"href":"https:\/\/www.eldigitaldeasturias.com\/noticias\/wp-json\/wp\/v2\/types\/post"}],"author":[{"embeddable":true,"href":"https:\/\/www.eldigitaldeasturias.com\/noticias\/wp-json\/wp\/v2\/users\/1"}],"replies":[{"embeddable":true,"href":"https:\/\/www.eldigitaldeasturias.com\/noticias\/wp-json\/wp\/v2\/comments?post=479331"}],"version-history":[{"count":0,"href":"https:\/\/www.eldigitaldeasturias.com\/noticias\/wp-json\/wp\/v2\/posts\/479331\/revisions"}],"wp:featuredmedia":[{"embeddable":true,"href":"https:\/\/www.eldigitaldeasturias.com\/noticias\/wp-json\/wp\/v2\/media\/1132184"}],"wp:attachment":[{"href":"https:\/\/www.eldigitaldeasturias.com\/noticias\/wp-json\/wp\/v2\/media?parent=479331"}],"wp:term":[{"taxonomy":"category","embeddable":true,"href":"https:\/\/www.eldigitaldeasturias.com\/noticias\/wp-json\/wp\/v2\/categories?post=479331"},{"taxonomy":"post_tag","embeddable":true,"href":"https:\/\/www.eldigitaldeasturias.com\/noticias\/wp-json\/wp\/v2\/tags?post=479331"}],"curies":[{"name":"wp","href":"https:\/\/api.w.org\/{rel}","templated":true}]}}