{"id":479322,"date":"2014-01-27T00:09:01","date_gmt":"2014-01-27T01:09:01","guid":{"rendered":"http:\/\/www.eldigitaldeasturias.com\/noticias\/?p=479322"},"modified":"2014-01-27T00:09:01","modified_gmt":"2014-01-27T01:09:01","slug":"al-menos-26-muertos-en-combates-entre-yihadistas-y-kurdos-en-norte-de-siria","status":"publish","type":"post","link":"https:\/\/www.eldigitaldeasturias.com\/noticias\/al-menos-26-muertos-en-combates-entre-yihadistas-y-kurdos-en-norte-de-siria\/","title":{"rendered":"Al menos 26 muertos en combates entre yihadistas y kurdos en norte de Siria"},"content":{"rendered":"<p><img loading=\"lazy\" decoding=\"async\" class=\"alignleft size-medium wp-image-479323\" alt=\"5877770w\" src=\"https:\/\/www.eldigitaldeasturias.com\/noticias\/wp-content\/uploads\/2014\/01\/5877770w-360x216.jpg\" width=\"360\" height=\"216\" \/>El Cairo, 26 ene (EFE).- Al menos 26 combatientes han muerto en los combates que desde ayer enfrentan a milicianos kurdos y al Estado Isl\u00e1mico de Irak y de Levante, vinculado a Al Qaeda, en el norte de Siria, inform\u00f3 el Observatorio Sirio de Derechos Humanos.<\/p>\n<p>Entre los fallecidos, solo tres son kurdos, mientras que los dem\u00e1s pertenecen al Estado Isl\u00e1mico y sus grupos aliados.<\/p>\n<p>Uno de los extremistas muertos es un hombre que ayer hizo explotar la carga explosiva que llevaba cerca de un puesto de control de los kurdos en la poblaci\u00f3n de Al Manayir.<\/p>\n<p>El Observatorio explic\u00f3 en un comunicado que los enfrentamientos estallaron ayer, s\u00e1bado, en los alrededores de la localidad de Ras al Ain, fronteriza con Turqu\u00eda y ubicada en la provincia de Al Hasaka.<\/p>\n<p>Junto al Estado Isl\u00e1mico de Irak y de Levante luchan en esa zona el Frente al Nusra, tambi\u00e9n ligado a Al Qaeda, y otros grupos islamistas rebeldes, mientras que los combatientes rivales son miembros de las llamadas Unidades de Protecci\u00f3n del Pueblo Kurdo.<\/p>\n<p>Este \u00faltimo grupo es el brazo armado del Partido de la Uni\u00f3n Democr\u00e1tica (PYD), una de las principales formaciones pol\u00edticas kurdo-sirias, que pretende crear un Estado aut\u00f3nomo en las zonas de mayor\u00eda kurda del norte del pa\u00eds.<\/p>\n<p>Los yihadistas y los kurdos se disputan el control de poblaciones del norte del pa\u00eds y en los \u00faltimos meses se han arrebatado mutuamente varias de ellas.<\/p>\n<p>Los kurdos suponen el 9 por ciento de los habitantes de Siria, y viven sobre todo en Al Hasaka y en las regiones de Afrin y Ain al Arab, en la provincia septentrional de Alepo.<\/p>\n","protected":false},"excerpt":{"rendered":"<p>El Cairo, 26 ene (EFE).- Al menos 26 combatientes han muerto en los combates que desde ayer enfrentan a milicianos kurdos y al Estado Isl\u00e1mico de Irak y de Levante, vinculado a Al Qaeda, en el norte de Siria, inform\u00f3 el Observatorio Sirio de Derechos Humanos. Entre los fallecidos, solo tres son kurdos, mientras que [&hellip;]<\/p>\n","protected":false},"author":1,"featured_media":1132184,"comment_status":"closed","ping_status":"open","sticky":false,"template":"","format":"standard","meta":{"footnotes":""},"categories":[1],"tags":[],"class_list":["post-479322","post","type-post","status-publish","format-standard","has-post-thumbnail","hentry","category-actualidad"],"aioseo_notices":[],"aioseo_head":"\n\t\t<!-- All in One SEO Pro 5.0.1 - aioseo.com -->\n\t<meta name=\"description\" content=\"El Cairo, 26 ene (EFE).- Al menos 26 combatientes han muerto en los combates que desde ayer enfrentan a milicianos kurdos y al Estado Isl\u00e1mico de Irak y de Levante, vinculado a Al Qaeda, en el norte de Siria, inform\u00f3 el Observatorio Sirio de Derechos Humanos. Entre los fallecidos, solo tres son kurdos, mientras que\" \/>\n\t<meta name=\"robots\" content=\"max-image-preview:large\" \/>\n\t<meta name=\"author\" content=\"El Digital de Asturias\"\/>\n\t<meta name=\"google-site-verification\" content=\"UA-38556648-1\" \/>\n\t<meta name=\"msvalidate.01\" content=\"7dfe9f3f1b24437ab69f4f2559babe99\" \/>\n\t<meta name=\"keywords\" content=\"actualidad\" \/>\n\t<link rel=\"canonical\" href=\"https:\/\/www.eldigitaldeasturias.com\/noticias\/al-menos-26-muertos-en-combates-entre-yihadistas-y-kurdos-en-norte-de-siria\/\" \/>\n\t<meta name=\"generator\" content=\"All in One SEO Pro (AIOSEO) 5.0.1\" \/>\n\t\t<meta property=\"og:locale\" content=\"es_ES\" \/>\n\t\t<meta property=\"og:site_name\" content=\"El Digital de Asturias\" \/>\n\t\t<meta property=\"og:type\" content=\"article\" \/>\n\t\t<meta property=\"og:title\" content=\"Al menos 26 muertos en combates entre yihadistas y kurdos en norte de Siria - El Digital de Asturias\" \/>\n\t\t<meta property=\"og:description\" content=\"El Cairo, 26 ene (EFE).- Al menos 26 combatientes han muerto en los combates que desde ayer enfrentan a milicianos kurdos y al Estado Isl\u00e1mico de Irak y de Levante, vinculado a Al Qaeda, en el norte de Siria, inform\u00f3 el Observatorio Sirio de Derechos Humanos. Entre los fallecidos, solo tres son kurdos, mientras que\" \/>\n\t\t<meta property=\"og:url\" content=\"https:\/\/www.eldigitaldeasturias.com\/noticias\/al-menos-26-muertos-en-combates-entre-yihadistas-y-kurdos-en-norte-de-siria\/\" \/>\n\t\t<meta property=\"og:image\" content=\"https:\/\/www.eldigitaldeasturias.com\/noticias\/wp-content\/uploads\/2026\/06\/Contenidos.jpg\" \/>\n\t\t<meta property=\"og:image:secure_url\" content=\"https:\/\/www.eldigitaldeasturias.com\/noticias\/wp-content\/uploads\/2026\/06\/Contenidos.jpg\" \/>\n\t\t<meta property=\"og:image:width\" content=\"1265\" \/>\n\t\t<meta property=\"og:image:height\" content=\"697\" \/>\n\t\t<meta property=\"article:tag\" content=\"actualidad\" \/>\n\t\t<meta property=\"article:published_time\" content=\"2014-01-27T01:09:01+00:00\" \/>\n\t\t<meta property=\"article:modified_time\" content=\"2014-01-27T01:09:01+00:00\" \/>\n\t\t<meta property=\"article:publisher\" content=\"https:\/\/facebook.com\/eldigitaldeasturias\" \/>\n\t\t<meta name=\"twitter:card\" content=\"summary_large_image\" \/>\n\t\t<meta name=\"twitter:title\" content=\"Al menos 26 muertos en combates entre yihadistas y kurdos en norte de Siria - El Digital de Asturias\" \/>\n\t\t<meta name=\"twitter:description\" content=\"El Cairo, 26 ene (EFE).- Al menos 26 combatientes han muerto en los combates que desde ayer enfrentan a milicianos kurdos y al Estado Isl\u00e1mico de Irak y de Levante, vinculado a Al Qaeda, en el norte de Siria, inform\u00f3 el Observatorio Sirio de Derechos Humanos. Entre los fallecidos, solo tres son kurdos, mientras que\" \/>\n\t\t<meta name=\"twitter:image\" content=\"https:\/\/www.eldigitaldeasturias.com\/noticias\/wp-content\/uploads\/2026\/06\/Contenidos.jpg\" \/>\n\t\t<meta name=\"twitter:label1\" content=\"Escrito por\" \/>\n\t\t<meta name=\"twitter:data1\" content=\"El Digital de Asturias\" \/>\n\t\t<meta name=\"twitter:label2\" content=\"Tiempo de lectura estimado\" \/>\n\t\t<meta name=\"twitter:data2\" content=\"1 minuto\" \/>\n\t\t<script type=\"application\/ld+json\" class=\"aioseo-schema\">\n\t\t\t{\"@context\":\"https:\\\/\\\/schema.org\",\"@graph\":[{\"@type\":\"BlogPosting\",\"@id\":\"https:\\\/\\\/www.eldigitaldeasturias.com\\\/noticias\\\/al-menos-26-muertos-en-combates-entre-yihadistas-y-kurdos-en-norte-de-siria\\\/#blogposting\",\"name\":\"Al menos 26 muertos en combates entre yihadistas y kurdos en norte de Siria - El Digital de Asturias\",\"headline\":\"Al menos 26 muertos en combates entre yihadistas y kurdos en norte de Siria\",\"author\":{\"@id\":\"https:\\\/\\\/www.eldigitaldeasturias.com\\\/noticias\\\/author\\\/admin\\\/#author\"},\"publisher\":{\"@id\":\"https:\\\/\\\/www.eldigitaldeasturias.com\\\/noticias\\\/#organization\"},\"image\":{\"@type\":\"ImageObject\",\"url\":\"https:\\\/\\\/www.eldigitaldeasturias.com\\\/noticias\\\/wp-content\\\/uploads\\\/2026\\\/06\\\/Contenidos.jpg\",\"width\":1265,\"height\":697,\"caption\":\"Contenidos\"},\"datePublished\":\"2014-01-27T00:09:01+01:00\",\"dateModified\":\"2014-01-27T00:09:01+01:00\",\"inLanguage\":\"es-ES\",\"mainEntityOfPage\":{\"@id\":\"https:\\\/\\\/www.eldigitaldeasturias.com\\\/noticias\\\/al-menos-26-muertos-en-combates-entre-yihadistas-y-kurdos-en-norte-de-siria\\\/#webpage\"},\"isPartOf\":{\"@id\":\"https:\\\/\\\/www.eldigitaldeasturias.com\\\/noticias\\\/al-menos-26-muertos-en-combates-entre-yihadistas-y-kurdos-en-norte-de-siria\\\/#webpage\"},\"articleSection\":\"Actualidad\"},{\"@type\":\"BreadcrumbList\",\"@id\":\"https:\\\/\\\/www.eldigitaldeasturias.com\\\/noticias\\\/al-menos-26-muertos-en-combates-entre-yihadistas-y-kurdos-en-norte-de-siria\\\/#breadcrumblist\",\"itemListElement\":[{\"@type\":\"ListItem\",\"@id\":\"https:\\\/\\\/www.eldigitaldeasturias.com\\\/noticias#listItem\",\"position\":1,\"name\":\"Home\",\"item\":\"https:\\\/\\\/www.eldigitaldeasturias.com\\\/noticias\",\"nextItem\":{\"@type\":\"ListItem\",\"@id\":\"https:\\\/\\\/www.eldigitaldeasturias.com\\\/noticias\\\/category\\\/actualidad\\\/#listItem\",\"name\":\"Actualidad\"}},{\"@type\":\"ListItem\",\"@id\":\"https:\\\/\\\/www.eldigitaldeasturias.com\\\/noticias\\\/category\\\/actualidad\\\/#listItem\",\"position\":2,\"name\":\"Actualidad\",\"item\":\"https:\\\/\\\/www.eldigitaldeasturias.com\\\/noticias\\\/category\\\/actualidad\\\/\",\"nextItem\":{\"@type\":\"ListItem\",\"@id\":\"https:\\\/\\\/www.eldigitaldeasturias.com\\\/noticias\\\/al-menos-26-muertos-en-combates-entre-yihadistas-y-kurdos-en-norte-de-siria\\\/#listItem\",\"name\":\"Al menos 26 muertos en combates entre yihadistas y kurdos en norte de Siria\"},\"previousItem\":{\"@type\":\"ListItem\",\"@id\":\"https:\\\/\\\/www.eldigitaldeasturias.com\\\/noticias#listItem\",\"name\":\"Home\"}},{\"@type\":\"ListItem\",\"@id\":\"https:\\\/\\\/www.eldigitaldeasturias.com\\\/noticias\\\/al-menos-26-muertos-en-combates-entre-yihadistas-y-kurdos-en-norte-de-siria\\\/#listItem\",\"position\":3,\"name\":\"Al menos 26 muertos en combates entre yihadistas y kurdos en norte de Siria\",\"previousItem\":{\"@type\":\"ListItem\",\"@id\":\"https:\\\/\\\/www.eldigitaldeasturias.com\\\/noticias\\\/category\\\/actualidad\\\/#listItem\",\"name\":\"Actualidad\"}}]},{\"@type\":\"Organization\",\"@id\":\"https:\\\/\\\/www.eldigitaldeasturias.com\\\/noticias\\\/#organization\",\"name\":\"El Digital de Asturias\",\"description\":\"Hemeroteca\",\"url\":\"https:\\\/\\\/www.eldigitaldeasturias.com\\\/noticias\\\/\",\"email\":\"info@eldigitaldeasturias.com\",\"telephone\":\"+34652131393\",\"logo\":{\"@type\":\"ImageObject\",\"url\":\"https:\\\/\\\/www.eldigitaldeasturias.com\\\/noticias\\\/wp-content\\\/uploads\\\/2020\\\/12\\\/EDA.jpg\",\"@id\":\"https:\\\/\\\/www.eldigitaldeasturias.com\\\/noticias\\\/al-menos-26-muertos-en-combates-entre-yihadistas-y-kurdos-en-norte-de-siria\\\/#organizationLogo\"},\"image\":{\"@id\":\"https:\\\/\\\/www.eldigitaldeasturias.com\\\/noticias\\\/al-menos-26-muertos-en-combates-entre-yihadistas-y-kurdos-en-norte-de-siria\\\/#organizationLogo\"},\"sameAs\":[\"https:\\\/\\\/facebook.com\\\/eldigitaldeasturias\",\"https:\\\/\\\/www.youtube.com\\\/channel\\\/UCZP-2wLEB9Rv6erhFmqVnvg\"],\"address\":{\"@id\":\"https:\\\/\\\/www.eldigitaldeasturias.com\\\/noticias\\\/#postaladdress\",\"@type\":\"PostalAddress\",\"streetAddress\":\"san antonio 4\",\"postalCode\":\"33430\",\"addressLocality\":\"Cand\\u00e1s\",\"addressRegion\":\"Asturias\",\"addressCountry\":\"ES\"}},{\"@type\":\"Person\",\"@id\":\"https:\\\/\\\/www.eldigitaldeasturias.com\\\/noticias\\\/author\\\/admin\\\/#author\",\"url\":\"https:\\\/\\\/www.eldigitaldeasturias.com\\\/noticias\\\/author\\\/admin\\\/\",\"name\":\"El Digital de Asturias\",\"image\":{\"@type\":\"ImageObject\",\"@id\":\"https:\\\/\\\/www.eldigitaldeasturias.com\\\/noticias\\\/al-menos-26-muertos-en-combates-entre-yihadistas-y-kurdos-en-norte-de-siria\\\/#authorImage\",\"url\":\"https:\\\/\\\/secure.gravatar.com\\\/avatar\\\/df2aeffc32bcd13f8d26072ef8a91b623d677766deac7f97ca815868cd41bf5e?s=96&d=mm&r=g\",\"width\":96,\"height\":96,\"caption\":\"El Digital de Asturias\"}},{\"@type\":\"WebPage\",\"@id\":\"https:\\\/\\\/www.eldigitaldeasturias.com\\\/noticias\\\/al-menos-26-muertos-en-combates-entre-yihadistas-y-kurdos-en-norte-de-siria\\\/#webpage\",\"url\":\"https:\\\/\\\/www.eldigitaldeasturias.com\\\/noticias\\\/al-menos-26-muertos-en-combates-entre-yihadistas-y-kurdos-en-norte-de-siria\\\/\",\"name\":\"Al menos 26 muertos en combates entre yihadistas y kurdos en norte de Siria - El Digital de Asturias\",\"description\":\"El Cairo, 26 ene (EFE).- Al menos 26 combatientes han muerto en los combates que desde ayer enfrentan a milicianos kurdos y al Estado Isl\\u00e1mico de Irak y de Levante, vinculado a Al Qaeda, en el norte de Siria, inform\\u00f3 el Observatorio Sirio de Derechos Humanos. Entre los fallecidos, solo tres son kurdos, mientras que\",\"inLanguage\":\"es-ES\",\"isPartOf\":{\"@id\":\"https:\\\/\\\/www.eldigitaldeasturias.com\\\/noticias\\\/#website\"},\"breadcrumb\":{\"@id\":\"https:\\\/\\\/www.eldigitaldeasturias.com\\\/noticias\\\/al-menos-26-muertos-en-combates-entre-yihadistas-y-kurdos-en-norte-de-siria\\\/#breadcrumblist\"},\"author\":{\"@id\":\"https:\\\/\\\/www.eldigitaldeasturias.com\\\/noticias\\\/author\\\/admin\\\/#author\"},\"creator\":{\"@id\":\"https:\\\/\\\/www.eldigitaldeasturias.com\\\/noticias\\\/author\\\/admin\\\/#author\"},\"image\":{\"@type\":\"ImageObject\",\"url\":\"https:\\\/\\\/www.eldigitaldeasturias.com\\\/noticias\\\/wp-content\\\/uploads\\\/2026\\\/06\\\/Contenidos.jpg\",\"@id\":\"https:\\\/\\\/www.eldigitaldeasturias.com\\\/noticias\\\/al-menos-26-muertos-en-combates-entre-yihadistas-y-kurdos-en-norte-de-siria\\\/#mainImage\",\"width\":1265,\"height\":697,\"caption\":\"Contenidos\"},\"primaryImageOfPage\":{\"@id\":\"https:\\\/\\\/www.eldigitaldeasturias.com\\\/noticias\\\/al-menos-26-muertos-en-combates-entre-yihadistas-y-kurdos-en-norte-de-siria\\\/#mainImage\"},\"datePublished\":\"2014-01-27T00:09:01+01:00\",\"dateModified\":\"2014-01-27T00:09:01+01:00\"},{\"@type\":\"WebSite\",\"@id\":\"https:\\\/\\\/www.eldigitaldeasturias.com\\\/noticias\\\/#website\",\"url\":\"https:\\\/\\\/www.eldigitaldeasturias.com\\\/noticias\\\/\",\"name\":\"El Digital de Asturias - Diario de actualidad y noticias\",\"alternateName\":\"El Digital de Asturias - Diario de actualidad y noticias\",\"description\":\"Hemeroteca\",\"inLanguage\":\"es-ES\",\"publisher\":{\"@id\":\"https:\\\/\\\/www.eldigitaldeasturias.com\\\/noticias\\\/#organization\"}}]}\n\t\t<\/script>\n\t\t<!-- All in One SEO Pro -->\r\n\t\t<title>Al menos 26 muertos en combates entre yihadistas y kurdos en norte de Siria - El Digital de Asturias<\/title>\n\n","aioseo_head_json":{"title":"Al menos 26 muertos en combates entre yihadistas y kurdos en norte de Siria - El Digital de Asturias","description":"El Cairo, 26 ene (EFE).- Al menos 26 combatientes han muerto en los combates que desde ayer enfrentan a milicianos kurdos y al Estado Isl\u00e1mico de Irak y de Levante, vinculado a Al Qaeda, en el norte de Siria, inform\u00f3 el Observatorio Sirio de Derechos Humanos. Entre los fallecidos, solo tres son kurdos, mientras que","canonical_url":"https:\/\/www.eldigitaldeasturias.com\/noticias\/al-menos-26-muertos-en-combates-entre-yihadistas-y-kurdos-en-norte-de-siria\/","robots":"max-image-preview:large","keywords":"actualidad","webmasterTools":{"google-site-verification":"UA-38556648-1","msvalidate.01":"7dfe9f3f1b24437ab69f4f2559babe99","miscellaneous":""},"schema":{"@context":"https:\/\/schema.org","@graph":[{"@type":"BlogPosting","@id":"https:\/\/www.eldigitaldeasturias.com\/noticias\/al-menos-26-muertos-en-combates-entre-yihadistas-y-kurdos-en-norte-de-siria\/#blogposting","name":"Al menos 26 muertos en combates entre yihadistas y kurdos en norte de Siria - El Digital de Asturias","headline":"Al menos 26 muertos en combates entre yihadistas y kurdos en norte de Siria","author":{"@id":"https:\/\/www.eldigitaldeasturias.com\/noticias\/author\/admin\/#author"},"publisher":{"@id":"https:\/\/www.eldigitaldeasturias.com\/noticias\/#organization"},"image":{"@type":"ImageObject","url":"https:\/\/www.eldigitaldeasturias.com\/noticias\/wp-content\/uploads\/2026\/06\/Contenidos.jpg","width":1265,"height":697,"caption":"Contenidos"},"datePublished":"2014-01-27T00:09:01+01:00","dateModified":"2014-01-27T00:09:01+01:00","inLanguage":"es-ES","mainEntityOfPage":{"@id":"https:\/\/www.eldigitaldeasturias.com\/noticias\/al-menos-26-muertos-en-combates-entre-yihadistas-y-kurdos-en-norte-de-siria\/#webpage"},"isPartOf":{"@id":"https:\/\/www.eldigitaldeasturias.com\/noticias\/al-menos-26-muertos-en-combates-entre-yihadistas-y-kurdos-en-norte-de-siria\/#webpage"},"articleSection":"Actualidad"},{"@type":"BreadcrumbList","@id":"https:\/\/www.eldigitaldeasturias.com\/noticias\/al-menos-26-muertos-en-combates-entre-yihadistas-y-kurdos-en-norte-de-siria\/#breadcrumblist","itemListElement":[{"@type":"ListItem","@id":"https:\/\/www.eldigitaldeasturias.com\/noticias#listItem","position":1,"name":"Home","item":"https:\/\/www.eldigitaldeasturias.com\/noticias","nextItem":{"@type":"ListItem","@id":"https:\/\/www.eldigitaldeasturias.com\/noticias\/category\/actualidad\/#listItem","name":"Actualidad"}},{"@type":"ListItem","@id":"https:\/\/www.eldigitaldeasturias.com\/noticias\/category\/actualidad\/#listItem","position":2,"name":"Actualidad","item":"https:\/\/www.eldigitaldeasturias.com\/noticias\/category\/actualidad\/","nextItem":{"@type":"ListItem","@id":"https:\/\/www.eldigitaldeasturias.com\/noticias\/al-menos-26-muertos-en-combates-entre-yihadistas-y-kurdos-en-norte-de-siria\/#listItem","name":"Al menos 26 muertos en combates entre yihadistas y kurdos en norte de Siria"},"previousItem":{"@type":"ListItem","@id":"https:\/\/www.eldigitaldeasturias.com\/noticias#listItem","name":"Home"}},{"@type":"ListItem","@id":"https:\/\/www.eldigitaldeasturias.com\/noticias\/al-menos-26-muertos-en-combates-entre-yihadistas-y-kurdos-en-norte-de-siria\/#listItem","position":3,"name":"Al menos 26 muertos en combates entre yihadistas y kurdos en norte de Siria","previousItem":{"@type":"ListItem","@id":"https:\/\/www.eldigitaldeasturias.com\/noticias\/category\/actualidad\/#listItem","name":"Actualidad"}}]},{"@type":"Organization","@id":"https:\/\/www.eldigitaldeasturias.com\/noticias\/#organization","name":"El Digital de Asturias","description":"Hemeroteca","url":"https:\/\/www.eldigitaldeasturias.com\/noticias\/","email":"info@eldigitaldeasturias.com","telephone":"+34652131393","logo":{"@type":"ImageObject","url":"https:\/\/www.eldigitaldeasturias.com\/noticias\/wp-content\/uploads\/2020\/12\/EDA.jpg","@id":"https:\/\/www.eldigitaldeasturias.com\/noticias\/al-menos-26-muertos-en-combates-entre-yihadistas-y-kurdos-en-norte-de-siria\/#organizationLogo"},"image":{"@id":"https:\/\/www.eldigitaldeasturias.com\/noticias\/al-menos-26-muertos-en-combates-entre-yihadistas-y-kurdos-en-norte-de-siria\/#organizationLogo"},"sameAs":["https:\/\/facebook.com\/eldigitaldeasturias","https:\/\/www.youtube.com\/channel\/UCZP-2wLEB9Rv6erhFmqVnvg"],"address":{"@id":"https:\/\/www.eldigitaldeasturias.com\/noticias\/#postaladdress","@type":"PostalAddress","streetAddress":"san antonio 4","postalCode":"33430","addressLocality":"Cand\u00e1s","addressRegion":"Asturias","addressCountry":"ES"}},{"@type":"Person","@id":"https:\/\/www.eldigitaldeasturias.com\/noticias\/author\/admin\/#author","url":"https:\/\/www.eldigitaldeasturias.com\/noticias\/author\/admin\/","name":"El Digital de Asturias","image":{"@type":"ImageObject","@id":"https:\/\/www.eldigitaldeasturias.com\/noticias\/al-menos-26-muertos-en-combates-entre-yihadistas-y-kurdos-en-norte-de-siria\/#authorImage","url":"https:\/\/secure.gravatar.com\/avatar\/df2aeffc32bcd13f8d26072ef8a91b623d677766deac7f97ca815868cd41bf5e?s=96&d=mm&r=g","width":96,"height":96,"caption":"El Digital de Asturias"}},{"@type":"WebPage","@id":"https:\/\/www.eldigitaldeasturias.com\/noticias\/al-menos-26-muertos-en-combates-entre-yihadistas-y-kurdos-en-norte-de-siria\/#webpage","url":"https:\/\/www.eldigitaldeasturias.com\/noticias\/al-menos-26-muertos-en-combates-entre-yihadistas-y-kurdos-en-norte-de-siria\/","name":"Al menos 26 muertos en combates entre yihadistas y kurdos en norte de Siria - El Digital de Asturias","description":"El Cairo, 26 ene (EFE).- Al menos 26 combatientes han muerto en los combates que desde ayer enfrentan a milicianos kurdos y al Estado Isl\u00e1mico de Irak y de Levante, vinculado a Al Qaeda, en el norte de Siria, inform\u00f3 el Observatorio Sirio de Derechos Humanos. Entre los fallecidos, solo tres son kurdos, mientras que","inLanguage":"es-ES","isPartOf":{"@id":"https:\/\/www.eldigitaldeasturias.com\/noticias\/#website"},"breadcrumb":{"@id":"https:\/\/www.eldigitaldeasturias.com\/noticias\/al-menos-26-muertos-en-combates-entre-yihadistas-y-kurdos-en-norte-de-siria\/#breadcrumblist"},"author":{"@id":"https:\/\/www.eldigitaldeasturias.com\/noticias\/author\/admin\/#author"},"creator":{"@id":"https:\/\/www.eldigitaldeasturias.com\/noticias\/author\/admin\/#author"},"image":{"@type":"ImageObject","url":"https:\/\/www.eldigitaldeasturias.com\/noticias\/wp-content\/uploads\/2026\/06\/Contenidos.jpg","@id":"https:\/\/www.eldigitaldeasturias.com\/noticias\/al-menos-26-muertos-en-combates-entre-yihadistas-y-kurdos-en-norte-de-siria\/#mainImage","width":1265,"height":697,"caption":"Contenidos"},"primaryImageOfPage":{"@id":"https:\/\/www.eldigitaldeasturias.com\/noticias\/al-menos-26-muertos-en-combates-entre-yihadistas-y-kurdos-en-norte-de-siria\/#mainImage"},"datePublished":"2014-01-27T00:09:01+01:00","dateModified":"2014-01-27T00:09:01+01:00"},{"@type":"WebSite","@id":"https:\/\/www.eldigitaldeasturias.com\/noticias\/#website","url":"https:\/\/www.eldigitaldeasturias.com\/noticias\/","name":"El Digital de Asturias - Diario de actualidad y noticias","alternateName":"El Digital de Asturias - Diario de actualidad y noticias","description":"Hemeroteca","inLanguage":"es-ES","publisher":{"@id":"https:\/\/www.eldigitaldeasturias.com\/noticias\/#organization"}}]},"og:locale":"es_ES","og:site_name":"El Digital de Asturias","og:type":"article","og:title":"Al menos 26 muertos en combates entre yihadistas y kurdos en norte de Siria - El Digital de Asturias","og:description":"El Cairo, 26 ene (EFE).- Al menos 26 combatientes han muerto en los combates que desde ayer enfrentan a milicianos kurdos y al Estado Isl\u00e1mico de Irak y de Levante, vinculado a Al Qaeda, en el norte de Siria, inform\u00f3 el Observatorio Sirio de Derechos Humanos. Entre los fallecidos, solo tres son kurdos, mientras que","og:url":"https:\/\/www.eldigitaldeasturias.com\/noticias\/al-menos-26-muertos-en-combates-entre-yihadistas-y-kurdos-en-norte-de-siria\/","og:image":"https:\/\/www.eldigitaldeasturias.com\/noticias\/wp-content\/uploads\/2026\/06\/Contenidos.jpg","og:image:secure_url":"https:\/\/www.eldigitaldeasturias.com\/noticias\/wp-content\/uploads\/2026\/06\/Contenidos.jpg","og:image:width":1265,"og:image:height":697,"article:tag":["actualidad"],"article:published_time":"2014-01-27T01:09:01+00:00","article:modified_time":"2014-01-27T01:09:01+00:00","article:publisher":"https:\/\/facebook.com\/eldigitaldeasturias","twitter:card":"summary_large_image","twitter:title":"Al menos 26 muertos en combates entre yihadistas y kurdos en norte de Siria - El Digital de Asturias","twitter:description":"El Cairo, 26 ene (EFE).- Al menos 26 combatientes han muerto en los combates que desde ayer enfrentan a milicianos kurdos y al Estado Isl\u00e1mico de Irak y de Levante, vinculado a Al Qaeda, en el norte de Siria, inform\u00f3 el Observatorio Sirio de Derechos Humanos. Entre los fallecidos, solo tres son kurdos, mientras que","twitter:image":"https:\/\/www.eldigitaldeasturias.com\/noticias\/wp-content\/uploads\/2026\/06\/Contenidos.jpg","twitter:label1":"Escrito por","twitter:data1":"El Digital de Asturias","twitter:label2":"Tiempo de lectura estimado","twitter:data2":"1 minuto"},"aioseo_meta_data":{"post_id":"479322","title":null,"description":null,"keywords":null,"keyphrases":null,"primary_term":null,"canonical_url":null,"og_title":null,"og_description":null,"og_object_type":"default","og_image_type":"default","og_image_url":null,"og_image_width":null,"og_image_height":null,"og_image_custom_url":null,"og_image_custom_fields":null,"og_video":null,"og_custom_url":null,"og_article_section":null,"og_article_tags":null,"twitter_use_og":true,"twitter_card":"default","twitter_image_type":"default","twitter_image_url":null,"twitter_image_custom_url":null,"twitter_image_custom_fields":null,"twitter_title":null,"twitter_description":null,"schema":{"blockGraphs":[],"customGraphs":[],"default":{"data":{"Article":[],"Course":[],"Dataset":[],"FAQPage":[],"Movie":[],"Person":[],"Product":[],"ProductReview":[],"Car":[],"Recipe":[],"Service":[],"SoftwareApplication":[],"WebPage":[]},"graphName":"","isEnabled":true},"graphs":[],"defaultGraph":"","defaultPostTypeGraph":""},"schema_type":null,"schema_type_options":null,"pillar_content":false,"robots_default":true,"robots_noindex":false,"robots_noarchive":false,"robots_nosnippet":false,"robots_nofollow":false,"robots_noimageindex":false,"robots_noodp":false,"robots_notranslate":false,"robots_max_snippet":null,"robots_max_videopreview":null,"robots_max_imagepreview":"none","priority":null,"frequency":null,"local_seo":null,"seo_analyzer_scan_date":"2026-06-02 00:08:55","breadcrumb_settings":null,"limit_modified_date":false,"open_ai":null,"ai":null,"created":"2020-11-14 22:54:03","updated":"2026-06-02 00:08:55","focus_keyword":null,"additional_keywords":null,"truseo_locale":null},"aioseo_breadcrumb":"<div class=\"aioseo-breadcrumbs\"><span class=\"aioseo-breadcrumb\">\n\t<a href=\"https:\/\/www.eldigitaldeasturias.com\/noticias\" title=\"Home\">Home<\/a>\n<\/span><span class=\"aioseo-breadcrumb-separator\">\u2013<\/span><span class=\"aioseo-breadcrumb\">\n\t<a href=\"https:\/\/www.eldigitaldeasturias.com\/noticias\/category\/actualidad\/\" title=\"Actualidad\">Actualidad<\/a>\n<\/span><span class=\"aioseo-breadcrumb-separator\">\u2013<\/span><span class=\"aioseo-breadcrumb\">\n\t<a href=\"https:\/\/www.eldigitaldeasturias.com\/noticias\/al-menos-26-muertos-en-combates-entre-yihadistas-y-kurdos-en-norte-de-siria\/\" title=\"Al menos 26 muertos en combates entre yihadistas y kurdos en norte de Siria\">Al menos 26 muertos en combates entre yihadistas y kurdos en norte de Siria<\/a>\n<\/span><\/div>","aioseo_breadcrumb_json":[{"label":"Home","link":"https:\/\/www.eldigitaldeasturias.com\/noticias"},{"label":"Actualidad","link":"https:\/\/www.eldigitaldeasturias.com\/noticias\/category\/actualidad\/"},{"label":"Al menos 26 muertos en combates entre yihadistas y kurdos en norte de Siria","link":"https:\/\/www.eldigitaldeasturias.com\/noticias\/al-menos-26-muertos-en-combates-entre-yihadistas-y-kurdos-en-norte-de-siria\/"}],"_links":{"self":[{"href":"https:\/\/www.eldigitaldeasturias.com\/noticias\/wp-json\/wp\/v2\/posts\/479322","targetHints":{"allow":["GET"]}}],"collection":[{"href":"https:\/\/www.eldigitaldeasturias.com\/noticias\/wp-json\/wp\/v2\/posts"}],"about":[{"href":"https:\/\/www.eldigitaldeasturias.com\/noticias\/wp-json\/wp\/v2\/types\/post"}],"author":[{"embeddable":true,"href":"https:\/\/www.eldigitaldeasturias.com\/noticias\/wp-json\/wp\/v2\/users\/1"}],"replies":[{"embeddable":true,"href":"https:\/\/www.eldigitaldeasturias.com\/noticias\/wp-json\/wp\/v2\/comments?post=479322"}],"version-history":[{"count":0,"href":"https:\/\/www.eldigitaldeasturias.com\/noticias\/wp-json\/wp\/v2\/posts\/479322\/revisions"}],"wp:featuredmedia":[{"embeddable":true,"href":"https:\/\/www.eldigitaldeasturias.com\/noticias\/wp-json\/wp\/v2\/media\/1132184"}],"wp:attachment":[{"href":"https:\/\/www.eldigitaldeasturias.com\/noticias\/wp-json\/wp\/v2\/media?parent=479322"}],"wp:term":[{"taxonomy":"category","embeddable":true,"href":"https:\/\/www.eldigitaldeasturias.com\/noticias\/wp-json\/wp\/v2\/categories?post=479322"},{"taxonomy":"post_tag","embeddable":true,"href":"https:\/\/www.eldigitaldeasturias.com\/noticias\/wp-json\/wp\/v2\/tags?post=479322"}],"curies":[{"name":"wp","href":"https:\/\/api.w.org\/{rel}","templated":true}]}}