{"id":479316,"date":"2014-01-27T00:06:36","date_gmt":"2014-01-27T01:06:36","guid":{"rendered":"http:\/\/www.eldigitaldeasturias.com\/noticias\/?p=479316"},"modified":"2014-01-27T00:06:36","modified_gmt":"2014-01-27T01:06:36","slug":"trece-marroquies-se-cosen-la-boca-para-protestar-por-su-internamiento-en-un-centro-en-italia","status":"publish","type":"post","link":"https:\/\/www.eldigitaldeasturias.com\/noticias\/trece-marroquies-se-cosen-la-boca-para-protestar-por-su-internamiento-en-un-centro-en-italia\/","title":{"rendered":"Trece marroqu\u00edes se cosen la boca para protestar por su internamiento en un centro en Italia"},"content":{"rendered":"<p><img loading=\"lazy\" decoding=\"async\" class=\"alignleft size-medium wp-image-479317\" alt=\"5877769w\" src=\"https:\/\/www.eldigitaldeasturias.com\/noticias\/wp-content\/uploads\/2014\/01\/5877769w-360x270.jpg\" width=\"360\" height=\"270\" \/>Roma, 26 ene (EFE).- Trece inmigrantes marroqu\u00edes se han cosido la boca como protesta por el largo periodo de tiempo que deben pasar en el centro de Identificaci\u00f3n y Expulsi\u00f3n (CIE) del barrio romano de Ponte Galeria, inform\u00f3 hoy su director, Vincenzo Lutrelli.<\/p>\n<p>Lutrelli explic\u00f3 que todos los inmigrantes que se cosieron la boca ayer provienen de la isla de Lampedusa, considerada la puerta de los inmigrantes a Italia al encontrarse a pocos kil\u00f3metros de Libia.<\/p>\n<p>En diciembre pasado, varios inmigrantes tunecinos ya se cosieron los labios para protestar por el periodo de tiempo, de hasta 18 meses, que pueden estar internados, de acuerdo con la ley italiana y por las condiciones en las que viven \u00abcomo presos\u00bb, seg\u00fan aseguraron sus compa\u00f1eros a los periodistas.<\/p>\n<p>Los magreb\u00edes se cosieron la boca usando una aguja met\u00e1lica fabricada con un encendedor, explic\u00f3 el director.<\/p>\n<p>El l\u00edder del partido Izquierda, Ecolog\u00eda y Libertad, Nichi Vendola, dijo que \u00abun continente que se cose la boca no tiene alma ni tampoco perspectivas. Europa es un largo camino y un largo viaje, que hoy se encuentra en Ponte Galeria, donde los inmigrantes se han cosido la boca una vez m\u00e1s\u00bb.<\/p>\n","protected":false},"excerpt":{"rendered":"<p>Roma, 26 ene (EFE).- Trece inmigrantes marroqu\u00edes se han cosido la boca como protesta por el largo periodo de tiempo que deben pasar en el centro de Identificaci\u00f3n y Expulsi\u00f3n (CIE) del barrio romano de Ponte Galeria, inform\u00f3 hoy su director, Vincenzo Lutrelli. Lutrelli explic\u00f3 que todos los inmigrantes que se cosieron la boca ayer [&hellip;]<\/p>\n","protected":false},"author":1,"featured_media":1132184,"comment_status":"closed","ping_status":"open","sticky":false,"template":"","format":"standard","meta":{"footnotes":""},"categories":[1],"tags":[],"class_list":["post-479316","post","type-post","status-publish","format-standard","has-post-thumbnail","hentry","category-actualidad"],"aioseo_notices":[],"aioseo_head":"\n\t\t<!-- All in One SEO Pro 5.0.1 - aioseo.com -->\n\t<meta name=\"description\" content=\"Roma, 26 ene (EFE).- Trece inmigrantes marroqu\u00edes se han cosido la boca como protesta por el largo periodo de tiempo que deben pasar en el centro de Identificaci\u00f3n y Expulsi\u00f3n (CIE) del barrio romano de Ponte Galeria, inform\u00f3 hoy su director, Vincenzo Lutrelli. Lutrelli explic\u00f3 que todos los inmigrantes que se cosieron la boca ayer\" \/>\n\t<meta name=\"robots\" content=\"max-image-preview:large\" \/>\n\t<meta name=\"author\" content=\"El Digital de Asturias\"\/>\n\t<meta name=\"google-site-verification\" content=\"UA-38556648-1\" \/>\n\t<meta name=\"msvalidate.01\" content=\"7dfe9f3f1b24437ab69f4f2559babe99\" \/>\n\t<meta name=\"keywords\" content=\"actualidad\" \/>\n\t<link rel=\"canonical\" href=\"https:\/\/www.eldigitaldeasturias.com\/noticias\/trece-marroquies-se-cosen-la-boca-para-protestar-por-su-internamiento-en-un-centro-en-italia\/\" \/>\n\t<meta name=\"generator\" content=\"All in One SEO Pro (AIOSEO) 5.0.1\" \/>\n\t\t<meta property=\"og:locale\" content=\"es_ES\" \/>\n\t\t<meta property=\"og:site_name\" content=\"El Digital de Asturias\" \/>\n\t\t<meta property=\"og:type\" content=\"article\" \/>\n\t\t<meta property=\"og:title\" content=\"Trece marroqu\u00edes se cosen la boca para protestar por su internamiento en un centro en Italia - El Digital de Asturias\" \/>\n\t\t<meta property=\"og:description\" content=\"Roma, 26 ene (EFE).- Trece inmigrantes marroqu\u00edes se han cosido la boca como protesta por el largo periodo de tiempo que deben pasar en el centro de Identificaci\u00f3n y Expulsi\u00f3n (CIE) del barrio romano de Ponte Galeria, inform\u00f3 hoy su director, Vincenzo Lutrelli. Lutrelli explic\u00f3 que todos los inmigrantes que se cosieron la boca ayer\" \/>\n\t\t<meta property=\"og:url\" content=\"https:\/\/www.eldigitaldeasturias.com\/noticias\/trece-marroquies-se-cosen-la-boca-para-protestar-por-su-internamiento-en-un-centro-en-italia\/\" \/>\n\t\t<meta property=\"og:image\" content=\"https:\/\/www.eldigitaldeasturias.com\/noticias\/wp-content\/uploads\/2026\/06\/Contenidos.jpg\" \/>\n\t\t<meta property=\"og:image:secure_url\" content=\"https:\/\/www.eldigitaldeasturias.com\/noticias\/wp-content\/uploads\/2026\/06\/Contenidos.jpg\" \/>\n\t\t<meta property=\"og:image:width\" content=\"1265\" \/>\n\t\t<meta property=\"og:image:height\" content=\"697\" \/>\n\t\t<meta property=\"article:tag\" content=\"actualidad\" \/>\n\t\t<meta property=\"article:published_time\" content=\"2014-01-27T01:06:36+00:00\" \/>\n\t\t<meta property=\"article:modified_time\" content=\"2014-01-27T01:06:36+00:00\" \/>\n\t\t<meta property=\"article:publisher\" content=\"https:\/\/facebook.com\/eldigitaldeasturias\" \/>\n\t\t<meta name=\"twitter:card\" content=\"summary_large_image\" \/>\n\t\t<meta name=\"twitter:title\" content=\"Trece marroqu\u00edes se cosen la boca para protestar por su internamiento en un centro en Italia - El Digital de Asturias\" \/>\n\t\t<meta name=\"twitter:description\" content=\"Roma, 26 ene (EFE).- Trece inmigrantes marroqu\u00edes se han cosido la boca como protesta por el largo periodo de tiempo que deben pasar en el centro de Identificaci\u00f3n y Expulsi\u00f3n (CIE) del barrio romano de Ponte Galeria, inform\u00f3 hoy su director, Vincenzo Lutrelli. Lutrelli explic\u00f3 que todos los inmigrantes que se cosieron la boca ayer\" \/>\n\t\t<meta name=\"twitter:image\" content=\"https:\/\/www.eldigitaldeasturias.com\/noticias\/wp-content\/uploads\/2026\/06\/Contenidos.jpg\" \/>\n\t\t<meta name=\"twitter:label1\" content=\"Escrito por\" \/>\n\t\t<meta name=\"twitter:data1\" content=\"El Digital de Asturias\" \/>\n\t\t<meta name=\"twitter:label2\" content=\"Tiempo de lectura estimado\" \/>\n\t\t<meta name=\"twitter:data2\" content=\"1 minuto\" \/>\n\t\t<script type=\"application\/ld+json\" class=\"aioseo-schema\">\n\t\t\t{\"@context\":\"https:\\\/\\\/schema.org\",\"@graph\":[{\"@type\":\"BlogPosting\",\"@id\":\"https:\\\/\\\/www.eldigitaldeasturias.com\\\/noticias\\\/trece-marroquies-se-cosen-la-boca-para-protestar-por-su-internamiento-en-un-centro-en-italia\\\/#blogposting\",\"name\":\"Trece marroqu\\u00edes se cosen la boca para protestar por su internamiento en un centro en Italia - El Digital de Asturias\",\"headline\":\"Trece marroqu\\u00edes se cosen la boca para protestar por su internamiento en un centro en Italia\",\"author\":{\"@id\":\"https:\\\/\\\/www.eldigitaldeasturias.com\\\/noticias\\\/author\\\/admin\\\/#author\"},\"publisher\":{\"@id\":\"https:\\\/\\\/www.eldigitaldeasturias.com\\\/noticias\\\/#organization\"},\"image\":{\"@type\":\"ImageObject\",\"url\":\"https:\\\/\\\/www.eldigitaldeasturias.com\\\/noticias\\\/wp-content\\\/uploads\\\/2026\\\/06\\\/Contenidos.jpg\",\"width\":1265,\"height\":697,\"caption\":\"Contenidos\"},\"datePublished\":\"2014-01-27T00:06:36+01:00\",\"dateModified\":\"2014-01-27T00:06:36+01:00\",\"inLanguage\":\"es-ES\",\"mainEntityOfPage\":{\"@id\":\"https:\\\/\\\/www.eldigitaldeasturias.com\\\/noticias\\\/trece-marroquies-se-cosen-la-boca-para-protestar-por-su-internamiento-en-un-centro-en-italia\\\/#webpage\"},\"isPartOf\":{\"@id\":\"https:\\\/\\\/www.eldigitaldeasturias.com\\\/noticias\\\/trece-marroquies-se-cosen-la-boca-para-protestar-por-su-internamiento-en-un-centro-en-italia\\\/#webpage\"},\"articleSection\":\"Actualidad\"},{\"@type\":\"BreadcrumbList\",\"@id\":\"https:\\\/\\\/www.eldigitaldeasturias.com\\\/noticias\\\/trece-marroquies-se-cosen-la-boca-para-protestar-por-su-internamiento-en-un-centro-en-italia\\\/#breadcrumblist\",\"itemListElement\":[{\"@type\":\"ListItem\",\"@id\":\"https:\\\/\\\/www.eldigitaldeasturias.com\\\/noticias#listItem\",\"position\":1,\"name\":\"Home\",\"item\":\"https:\\\/\\\/www.eldigitaldeasturias.com\\\/noticias\",\"nextItem\":{\"@type\":\"ListItem\",\"@id\":\"https:\\\/\\\/www.eldigitaldeasturias.com\\\/noticias\\\/category\\\/actualidad\\\/#listItem\",\"name\":\"Actualidad\"}},{\"@type\":\"ListItem\",\"@id\":\"https:\\\/\\\/www.eldigitaldeasturias.com\\\/noticias\\\/category\\\/actualidad\\\/#listItem\",\"position\":2,\"name\":\"Actualidad\",\"item\":\"https:\\\/\\\/www.eldigitaldeasturias.com\\\/noticias\\\/category\\\/actualidad\\\/\",\"nextItem\":{\"@type\":\"ListItem\",\"@id\":\"https:\\\/\\\/www.eldigitaldeasturias.com\\\/noticias\\\/trece-marroquies-se-cosen-la-boca-para-protestar-por-su-internamiento-en-un-centro-en-italia\\\/#listItem\",\"name\":\"Trece marroqu\\u00edes se cosen la boca para protestar por su internamiento en un centro en Italia\"},\"previousItem\":{\"@type\":\"ListItem\",\"@id\":\"https:\\\/\\\/www.eldigitaldeasturias.com\\\/noticias#listItem\",\"name\":\"Home\"}},{\"@type\":\"ListItem\",\"@id\":\"https:\\\/\\\/www.eldigitaldeasturias.com\\\/noticias\\\/trece-marroquies-se-cosen-la-boca-para-protestar-por-su-internamiento-en-un-centro-en-italia\\\/#listItem\",\"position\":3,\"name\":\"Trece marroqu\\u00edes se cosen la boca para protestar por su internamiento en un centro en Italia\",\"previousItem\":{\"@type\":\"ListItem\",\"@id\":\"https:\\\/\\\/www.eldigitaldeasturias.com\\\/noticias\\\/category\\\/actualidad\\\/#listItem\",\"name\":\"Actualidad\"}}]},{\"@type\":\"Organization\",\"@id\":\"https:\\\/\\\/www.eldigitaldeasturias.com\\\/noticias\\\/#organization\",\"name\":\"El Digital de Asturias\",\"description\":\"Hemeroteca\",\"url\":\"https:\\\/\\\/www.eldigitaldeasturias.com\\\/noticias\\\/\",\"email\":\"info@eldigitaldeasturias.com\",\"telephone\":\"+34652131393\",\"logo\":{\"@type\":\"ImageObject\",\"url\":\"https:\\\/\\\/www.eldigitaldeasturias.com\\\/noticias\\\/wp-content\\\/uploads\\\/2020\\\/12\\\/EDA.jpg\",\"@id\":\"https:\\\/\\\/www.eldigitaldeasturias.com\\\/noticias\\\/trece-marroquies-se-cosen-la-boca-para-protestar-por-su-internamiento-en-un-centro-en-italia\\\/#organizationLogo\"},\"image\":{\"@id\":\"https:\\\/\\\/www.eldigitaldeasturias.com\\\/noticias\\\/trece-marroquies-se-cosen-la-boca-para-protestar-por-su-internamiento-en-un-centro-en-italia\\\/#organizationLogo\"},\"sameAs\":[\"https:\\\/\\\/facebook.com\\\/eldigitaldeasturias\",\"https:\\\/\\\/www.youtube.com\\\/channel\\\/UCZP-2wLEB9Rv6erhFmqVnvg\"],\"address\":{\"@id\":\"https:\\\/\\\/www.eldigitaldeasturias.com\\\/noticias\\\/#postaladdress\",\"@type\":\"PostalAddress\",\"streetAddress\":\"san antonio 4\",\"postalCode\":\"33430\",\"addressLocality\":\"Cand\\u00e1s\",\"addressRegion\":\"Asturias\",\"addressCountry\":\"ES\"}},{\"@type\":\"Person\",\"@id\":\"https:\\\/\\\/www.eldigitaldeasturias.com\\\/noticias\\\/author\\\/admin\\\/#author\",\"url\":\"https:\\\/\\\/www.eldigitaldeasturias.com\\\/noticias\\\/author\\\/admin\\\/\",\"name\":\"El Digital de Asturias\",\"image\":{\"@type\":\"ImageObject\",\"@id\":\"https:\\\/\\\/www.eldigitaldeasturias.com\\\/noticias\\\/trece-marroquies-se-cosen-la-boca-para-protestar-por-su-internamiento-en-un-centro-en-italia\\\/#authorImage\",\"url\":\"https:\\\/\\\/secure.gravatar.com\\\/avatar\\\/df2aeffc32bcd13f8d26072ef8a91b623d677766deac7f97ca815868cd41bf5e?s=96&d=mm&r=g\",\"width\":96,\"height\":96,\"caption\":\"El Digital de Asturias\"}},{\"@type\":\"WebPage\",\"@id\":\"https:\\\/\\\/www.eldigitaldeasturias.com\\\/noticias\\\/trece-marroquies-se-cosen-la-boca-para-protestar-por-su-internamiento-en-un-centro-en-italia\\\/#webpage\",\"url\":\"https:\\\/\\\/www.eldigitaldeasturias.com\\\/noticias\\\/trece-marroquies-se-cosen-la-boca-para-protestar-por-su-internamiento-en-un-centro-en-italia\\\/\",\"name\":\"Trece marroqu\\u00edes se cosen la boca para protestar por su internamiento en un centro en Italia - El Digital de Asturias\",\"description\":\"Roma, 26 ene (EFE).- Trece inmigrantes marroqu\\u00edes se han cosido la boca como protesta por el largo periodo de tiempo que deben pasar en el centro de Identificaci\\u00f3n y Expulsi\\u00f3n (CIE) del barrio romano de Ponte Galeria, inform\\u00f3 hoy su director, Vincenzo Lutrelli. Lutrelli explic\\u00f3 que todos los inmigrantes que se cosieron la boca ayer\",\"inLanguage\":\"es-ES\",\"isPartOf\":{\"@id\":\"https:\\\/\\\/www.eldigitaldeasturias.com\\\/noticias\\\/#website\"},\"breadcrumb\":{\"@id\":\"https:\\\/\\\/www.eldigitaldeasturias.com\\\/noticias\\\/trece-marroquies-se-cosen-la-boca-para-protestar-por-su-internamiento-en-un-centro-en-italia\\\/#breadcrumblist\"},\"author\":{\"@id\":\"https:\\\/\\\/www.eldigitaldeasturias.com\\\/noticias\\\/author\\\/admin\\\/#author\"},\"creator\":{\"@id\":\"https:\\\/\\\/www.eldigitaldeasturias.com\\\/noticias\\\/author\\\/admin\\\/#author\"},\"image\":{\"@type\":\"ImageObject\",\"url\":\"https:\\\/\\\/www.eldigitaldeasturias.com\\\/noticias\\\/wp-content\\\/uploads\\\/2026\\\/06\\\/Contenidos.jpg\",\"@id\":\"https:\\\/\\\/www.eldigitaldeasturias.com\\\/noticias\\\/trece-marroquies-se-cosen-la-boca-para-protestar-por-su-internamiento-en-un-centro-en-italia\\\/#mainImage\",\"width\":1265,\"height\":697,\"caption\":\"Contenidos\"},\"primaryImageOfPage\":{\"@id\":\"https:\\\/\\\/www.eldigitaldeasturias.com\\\/noticias\\\/trece-marroquies-se-cosen-la-boca-para-protestar-por-su-internamiento-en-un-centro-en-italia\\\/#mainImage\"},\"datePublished\":\"2014-01-27T00:06:36+01:00\",\"dateModified\":\"2014-01-27T00:06:36+01:00\"},{\"@type\":\"WebSite\",\"@id\":\"https:\\\/\\\/www.eldigitaldeasturias.com\\\/noticias\\\/#website\",\"url\":\"https:\\\/\\\/www.eldigitaldeasturias.com\\\/noticias\\\/\",\"name\":\"El Digital de Asturias - Diario de actualidad y noticias\",\"alternateName\":\"El Digital de Asturias - Diario de actualidad y noticias\",\"description\":\"Hemeroteca\",\"inLanguage\":\"es-ES\",\"publisher\":{\"@id\":\"https:\\\/\\\/www.eldigitaldeasturias.com\\\/noticias\\\/#organization\"}}]}\n\t\t<\/script>\n\t\t<!-- All in One SEO Pro -->\r\n\t\t<title>Trece marroqu\u00edes se cosen la boca para protestar por su internamiento en un centro en Italia - El Digital de Asturias<\/title>\n\n","aioseo_head_json":{"title":"Trece marroqu\u00edes se cosen la boca para protestar por su internamiento en un centro en Italia - El Digital de Asturias","description":"Roma, 26 ene (EFE).- Trece inmigrantes marroqu\u00edes se han cosido la boca como protesta por el largo periodo de tiempo que deben pasar en el centro de Identificaci\u00f3n y Expulsi\u00f3n (CIE) del barrio romano de Ponte Galeria, inform\u00f3 hoy su director, Vincenzo Lutrelli. Lutrelli explic\u00f3 que todos los inmigrantes que se cosieron la boca ayer","canonical_url":"https:\/\/www.eldigitaldeasturias.com\/noticias\/trece-marroquies-se-cosen-la-boca-para-protestar-por-su-internamiento-en-un-centro-en-italia\/","robots":"max-image-preview:large","keywords":"actualidad","webmasterTools":{"google-site-verification":"UA-38556648-1","msvalidate.01":"7dfe9f3f1b24437ab69f4f2559babe99","miscellaneous":""},"schema":{"@context":"https:\/\/schema.org","@graph":[{"@type":"BlogPosting","@id":"https:\/\/www.eldigitaldeasturias.com\/noticias\/trece-marroquies-se-cosen-la-boca-para-protestar-por-su-internamiento-en-un-centro-en-italia\/#blogposting","name":"Trece marroqu\u00edes se cosen la boca para protestar por su internamiento en un centro en Italia - El Digital de Asturias","headline":"Trece marroqu\u00edes se cosen la boca para protestar por su internamiento en un centro en Italia","author":{"@id":"https:\/\/www.eldigitaldeasturias.com\/noticias\/author\/admin\/#author"},"publisher":{"@id":"https:\/\/www.eldigitaldeasturias.com\/noticias\/#organization"},"image":{"@type":"ImageObject","url":"https:\/\/www.eldigitaldeasturias.com\/noticias\/wp-content\/uploads\/2026\/06\/Contenidos.jpg","width":1265,"height":697,"caption":"Contenidos"},"datePublished":"2014-01-27T00:06:36+01:00","dateModified":"2014-01-27T00:06:36+01:00","inLanguage":"es-ES","mainEntityOfPage":{"@id":"https:\/\/www.eldigitaldeasturias.com\/noticias\/trece-marroquies-se-cosen-la-boca-para-protestar-por-su-internamiento-en-un-centro-en-italia\/#webpage"},"isPartOf":{"@id":"https:\/\/www.eldigitaldeasturias.com\/noticias\/trece-marroquies-se-cosen-la-boca-para-protestar-por-su-internamiento-en-un-centro-en-italia\/#webpage"},"articleSection":"Actualidad"},{"@type":"BreadcrumbList","@id":"https:\/\/www.eldigitaldeasturias.com\/noticias\/trece-marroquies-se-cosen-la-boca-para-protestar-por-su-internamiento-en-un-centro-en-italia\/#breadcrumblist","itemListElement":[{"@type":"ListItem","@id":"https:\/\/www.eldigitaldeasturias.com\/noticias#listItem","position":1,"name":"Home","item":"https:\/\/www.eldigitaldeasturias.com\/noticias","nextItem":{"@type":"ListItem","@id":"https:\/\/www.eldigitaldeasturias.com\/noticias\/category\/actualidad\/#listItem","name":"Actualidad"}},{"@type":"ListItem","@id":"https:\/\/www.eldigitaldeasturias.com\/noticias\/category\/actualidad\/#listItem","position":2,"name":"Actualidad","item":"https:\/\/www.eldigitaldeasturias.com\/noticias\/category\/actualidad\/","nextItem":{"@type":"ListItem","@id":"https:\/\/www.eldigitaldeasturias.com\/noticias\/trece-marroquies-se-cosen-la-boca-para-protestar-por-su-internamiento-en-un-centro-en-italia\/#listItem","name":"Trece marroqu\u00edes se cosen la boca para protestar por su internamiento en un centro en Italia"},"previousItem":{"@type":"ListItem","@id":"https:\/\/www.eldigitaldeasturias.com\/noticias#listItem","name":"Home"}},{"@type":"ListItem","@id":"https:\/\/www.eldigitaldeasturias.com\/noticias\/trece-marroquies-se-cosen-la-boca-para-protestar-por-su-internamiento-en-un-centro-en-italia\/#listItem","position":3,"name":"Trece marroqu\u00edes se cosen la boca para protestar por su internamiento en un centro en Italia","previousItem":{"@type":"ListItem","@id":"https:\/\/www.eldigitaldeasturias.com\/noticias\/category\/actualidad\/#listItem","name":"Actualidad"}}]},{"@type":"Organization","@id":"https:\/\/www.eldigitaldeasturias.com\/noticias\/#organization","name":"El Digital de Asturias","description":"Hemeroteca","url":"https:\/\/www.eldigitaldeasturias.com\/noticias\/","email":"info@eldigitaldeasturias.com","telephone":"+34652131393","logo":{"@type":"ImageObject","url":"https:\/\/www.eldigitaldeasturias.com\/noticias\/wp-content\/uploads\/2020\/12\/EDA.jpg","@id":"https:\/\/www.eldigitaldeasturias.com\/noticias\/trece-marroquies-se-cosen-la-boca-para-protestar-por-su-internamiento-en-un-centro-en-italia\/#organizationLogo"},"image":{"@id":"https:\/\/www.eldigitaldeasturias.com\/noticias\/trece-marroquies-se-cosen-la-boca-para-protestar-por-su-internamiento-en-un-centro-en-italia\/#organizationLogo"},"sameAs":["https:\/\/facebook.com\/eldigitaldeasturias","https:\/\/www.youtube.com\/channel\/UCZP-2wLEB9Rv6erhFmqVnvg"],"address":{"@id":"https:\/\/www.eldigitaldeasturias.com\/noticias\/#postaladdress","@type":"PostalAddress","streetAddress":"san antonio 4","postalCode":"33430","addressLocality":"Cand\u00e1s","addressRegion":"Asturias","addressCountry":"ES"}},{"@type":"Person","@id":"https:\/\/www.eldigitaldeasturias.com\/noticias\/author\/admin\/#author","url":"https:\/\/www.eldigitaldeasturias.com\/noticias\/author\/admin\/","name":"El Digital de Asturias","image":{"@type":"ImageObject","@id":"https:\/\/www.eldigitaldeasturias.com\/noticias\/trece-marroquies-se-cosen-la-boca-para-protestar-por-su-internamiento-en-un-centro-en-italia\/#authorImage","url":"https:\/\/secure.gravatar.com\/avatar\/df2aeffc32bcd13f8d26072ef8a91b623d677766deac7f97ca815868cd41bf5e?s=96&d=mm&r=g","width":96,"height":96,"caption":"El Digital de Asturias"}},{"@type":"WebPage","@id":"https:\/\/www.eldigitaldeasturias.com\/noticias\/trece-marroquies-se-cosen-la-boca-para-protestar-por-su-internamiento-en-un-centro-en-italia\/#webpage","url":"https:\/\/www.eldigitaldeasturias.com\/noticias\/trece-marroquies-se-cosen-la-boca-para-protestar-por-su-internamiento-en-un-centro-en-italia\/","name":"Trece marroqu\u00edes se cosen la boca para protestar por su internamiento en un centro en Italia - El Digital de Asturias","description":"Roma, 26 ene (EFE).- Trece inmigrantes marroqu\u00edes se han cosido la boca como protesta por el largo periodo de tiempo que deben pasar en el centro de Identificaci\u00f3n y Expulsi\u00f3n (CIE) del barrio romano de Ponte Galeria, inform\u00f3 hoy su director, Vincenzo Lutrelli. Lutrelli explic\u00f3 que todos los inmigrantes que se cosieron la boca ayer","inLanguage":"es-ES","isPartOf":{"@id":"https:\/\/www.eldigitaldeasturias.com\/noticias\/#website"},"breadcrumb":{"@id":"https:\/\/www.eldigitaldeasturias.com\/noticias\/trece-marroquies-se-cosen-la-boca-para-protestar-por-su-internamiento-en-un-centro-en-italia\/#breadcrumblist"},"author":{"@id":"https:\/\/www.eldigitaldeasturias.com\/noticias\/author\/admin\/#author"},"creator":{"@id":"https:\/\/www.eldigitaldeasturias.com\/noticias\/author\/admin\/#author"},"image":{"@type":"ImageObject","url":"https:\/\/www.eldigitaldeasturias.com\/noticias\/wp-content\/uploads\/2026\/06\/Contenidos.jpg","@id":"https:\/\/www.eldigitaldeasturias.com\/noticias\/trece-marroquies-se-cosen-la-boca-para-protestar-por-su-internamiento-en-un-centro-en-italia\/#mainImage","width":1265,"height":697,"caption":"Contenidos"},"primaryImageOfPage":{"@id":"https:\/\/www.eldigitaldeasturias.com\/noticias\/trece-marroquies-se-cosen-la-boca-para-protestar-por-su-internamiento-en-un-centro-en-italia\/#mainImage"},"datePublished":"2014-01-27T00:06:36+01:00","dateModified":"2014-01-27T00:06:36+01:00"},{"@type":"WebSite","@id":"https:\/\/www.eldigitaldeasturias.com\/noticias\/#website","url":"https:\/\/www.eldigitaldeasturias.com\/noticias\/","name":"El Digital de Asturias - Diario de actualidad y noticias","alternateName":"El Digital de Asturias - Diario de actualidad y noticias","description":"Hemeroteca","inLanguage":"es-ES","publisher":{"@id":"https:\/\/www.eldigitaldeasturias.com\/noticias\/#organization"}}]},"og:locale":"es_ES","og:site_name":"El Digital de Asturias","og:type":"article","og:title":"Trece marroqu\u00edes se cosen la boca para protestar por su internamiento en un centro en Italia - El Digital de Asturias","og:description":"Roma, 26 ene (EFE).- Trece inmigrantes marroqu\u00edes se han cosido la boca como protesta por el largo periodo de tiempo que deben pasar en el centro de Identificaci\u00f3n y Expulsi\u00f3n (CIE) del barrio romano de Ponte Galeria, inform\u00f3 hoy su director, Vincenzo Lutrelli. Lutrelli explic\u00f3 que todos los inmigrantes que se cosieron la boca ayer","og:url":"https:\/\/www.eldigitaldeasturias.com\/noticias\/trece-marroquies-se-cosen-la-boca-para-protestar-por-su-internamiento-en-un-centro-en-italia\/","og:image":"https:\/\/www.eldigitaldeasturias.com\/noticias\/wp-content\/uploads\/2026\/06\/Contenidos.jpg","og:image:secure_url":"https:\/\/www.eldigitaldeasturias.com\/noticias\/wp-content\/uploads\/2026\/06\/Contenidos.jpg","og:image:width":1265,"og:image:height":697,"article:tag":["actualidad"],"article:published_time":"2014-01-27T01:06:36+00:00","article:modified_time":"2014-01-27T01:06:36+00:00","article:publisher":"https:\/\/facebook.com\/eldigitaldeasturias","twitter:card":"summary_large_image","twitter:title":"Trece marroqu\u00edes se cosen la boca para protestar por su internamiento en un centro en Italia - El Digital de Asturias","twitter:description":"Roma, 26 ene (EFE).- Trece inmigrantes marroqu\u00edes se han cosido la boca como protesta por el largo periodo de tiempo que deben pasar en el centro de Identificaci\u00f3n y Expulsi\u00f3n (CIE) del barrio romano de Ponte Galeria, inform\u00f3 hoy su director, Vincenzo Lutrelli. Lutrelli explic\u00f3 que todos los inmigrantes que se cosieron la boca ayer","twitter:image":"https:\/\/www.eldigitaldeasturias.com\/noticias\/wp-content\/uploads\/2026\/06\/Contenidos.jpg","twitter:label1":"Escrito por","twitter:data1":"El Digital de Asturias","twitter:label2":"Tiempo de lectura estimado","twitter:data2":"1 minuto"},"aioseo_meta_data":{"post_id":"479316","title":null,"description":null,"keywords":null,"keyphrases":null,"primary_term":null,"canonical_url":null,"og_title":null,"og_description":null,"og_object_type":"default","og_image_type":"default","og_image_url":null,"og_image_width":null,"og_image_height":null,"og_image_custom_url":null,"og_image_custom_fields":null,"og_video":null,"og_custom_url":null,"og_article_section":null,"og_article_tags":null,"twitter_use_og":true,"twitter_card":"default","twitter_image_type":"default","twitter_image_url":null,"twitter_image_custom_url":null,"twitter_image_custom_fields":null,"twitter_title":null,"twitter_description":null,"schema":{"blockGraphs":[],"customGraphs":[],"default":{"data":{"Article":[],"Course":[],"Dataset":[],"FAQPage":[],"Movie":[],"Person":[],"Product":[],"ProductReview":[],"Car":[],"Recipe":[],"Service":[],"SoftwareApplication":[],"WebPage":[]},"graphName":"","isEnabled":true},"graphs":[],"defaultGraph":"","defaultPostTypeGraph":""},"schema_type":null,"schema_type_options":null,"pillar_content":false,"robots_default":true,"robots_noindex":false,"robots_noarchive":false,"robots_nosnippet":false,"robots_nofollow":false,"robots_noimageindex":false,"robots_noodp":false,"robots_notranslate":false,"robots_max_snippet":null,"robots_max_videopreview":null,"robots_max_imagepreview":"none","priority":null,"frequency":null,"local_seo":null,"seo_analyzer_scan_date":"2026-06-02 00:08:51","breadcrumb_settings":null,"limit_modified_date":false,"open_ai":null,"ai":null,"created":"2020-11-14 22:54:03","updated":"2026-06-02 00:08:51","focus_keyword":null,"additional_keywords":null,"truseo_locale":null},"aioseo_breadcrumb":"<div class=\"aioseo-breadcrumbs\"><span class=\"aioseo-breadcrumb\">\n\t<a href=\"https:\/\/www.eldigitaldeasturias.com\/noticias\" title=\"Home\">Home<\/a>\n<\/span><span class=\"aioseo-breadcrumb-separator\">\u2013<\/span><span class=\"aioseo-breadcrumb\">\n\t<a href=\"https:\/\/www.eldigitaldeasturias.com\/noticias\/category\/actualidad\/\" title=\"Actualidad\">Actualidad<\/a>\n<\/span><span class=\"aioseo-breadcrumb-separator\">\u2013<\/span><span class=\"aioseo-breadcrumb\">\n\t<a href=\"https:\/\/www.eldigitaldeasturias.com\/noticias\/trece-marroquies-se-cosen-la-boca-para-protestar-por-su-internamiento-en-un-centro-en-italia\/\" title=\"Trece marroqu\u00edes se cosen la boca para protestar por su internamiento en un centro en Italia\">Trece marroqu\u00edes se cosen la boca para protestar por su internamiento en un centro en Italia<\/a>\n<\/span><\/div>","aioseo_breadcrumb_json":[{"label":"Home","link":"https:\/\/www.eldigitaldeasturias.com\/noticias"},{"label":"Actualidad","link":"https:\/\/www.eldigitaldeasturias.com\/noticias\/category\/actualidad\/"},{"label":"Trece marroqu\u00edes se cosen la boca para protestar por su internamiento en un centro en Italia","link":"https:\/\/www.eldigitaldeasturias.com\/noticias\/trece-marroquies-se-cosen-la-boca-para-protestar-por-su-internamiento-en-un-centro-en-italia\/"}],"_links":{"self":[{"href":"https:\/\/www.eldigitaldeasturias.com\/noticias\/wp-json\/wp\/v2\/posts\/479316","targetHints":{"allow":["GET"]}}],"collection":[{"href":"https:\/\/www.eldigitaldeasturias.com\/noticias\/wp-json\/wp\/v2\/posts"}],"about":[{"href":"https:\/\/www.eldigitaldeasturias.com\/noticias\/wp-json\/wp\/v2\/types\/post"}],"author":[{"embeddable":true,"href":"https:\/\/www.eldigitaldeasturias.com\/noticias\/wp-json\/wp\/v2\/users\/1"}],"replies":[{"embeddable":true,"href":"https:\/\/www.eldigitaldeasturias.com\/noticias\/wp-json\/wp\/v2\/comments?post=479316"}],"version-history":[{"count":0,"href":"https:\/\/www.eldigitaldeasturias.com\/noticias\/wp-json\/wp\/v2\/posts\/479316\/revisions"}],"wp:featuredmedia":[{"embeddable":true,"href":"https:\/\/www.eldigitaldeasturias.com\/noticias\/wp-json\/wp\/v2\/media\/1132184"}],"wp:attachment":[{"href":"https:\/\/www.eldigitaldeasturias.com\/noticias\/wp-json\/wp\/v2\/media?parent=479316"}],"wp:term":[{"taxonomy":"category","embeddable":true,"href":"https:\/\/www.eldigitaldeasturias.com\/noticias\/wp-json\/wp\/v2\/categories?post=479316"},{"taxonomy":"post_tag","embeddable":true,"href":"https:\/\/www.eldigitaldeasturias.com\/noticias\/wp-json\/wp\/v2\/tags?post=479316"}],"curies":[{"name":"wp","href":"https:\/\/api.w.org\/{rel}","templated":true}]}}