{"id":479313,"date":"2014-01-27T00:05:24","date_gmt":"2014-01-27T01:05:24","guid":{"rendered":"http:\/\/www.eldigitaldeasturias.com\/noticias\/?p=479313"},"modified":"2014-01-27T00:05:24","modified_gmt":"2014-01-27T01:05:24","slug":"espana-no-se-baja-del-podio","status":"publish","type":"post","link":"https:\/\/www.eldigitaldeasturias.com\/noticias\/espana-no-se-baja-del-podio\/","title":{"rendered":"Espa\u00f1a no se baja del podio"},"content":{"rendered":"<p><img loading=\"lazy\" decoding=\"async\" class=\"alignleft size-medium wp-image-479314\" alt=\"5877660w\" src=\"https:\/\/www.eldigitaldeasturias.com\/noticias\/wp-content\/uploads\/2014\/01\/5877660w-360x270.jpg\" width=\"360\" height=\"270\" \/>Herning (Dinamarca), 26 ene (EFE).- La selecci\u00f3n espa\u00f1ola de balonmano volvi\u00f3 a subirse un a\u00f1o despu\u00e9s de lograr el oro mundial en Barcelona al podio de una gran competici\u00f3n continental, tras colgarse hoy el bronce en el Europeo de Dinamarca, tras vencer por 28-29 a Croacia en la final de consolaci\u00f3n.<\/p>\n<p>Una medalla que servir\u00e1 al conjunto espa\u00f1ol para resarcirse del bronce perdido hace dos a\u00f1os ante los croatas en el Europeo de Serbia y lo m\u00e1s importante para ser el punto de arranque para el despegue definitivo del proyecto Cadenas, que pese al metal, dej\u00f3 m\u00e1s que alguna duda en Dinamarca.<\/p>\n<p>Dudas que Espa\u00f1a debe tener claro cual es el mejor camino para solventar, defensa y m\u00e1s defensa, como la que practic\u00f3 al inicio del partido de hoy, sabedor de que las opciones de acabar en el podio pasaban por mostrar su mejor versi\u00f3n defensiva.<\/p>\n<p>Una intensa actividad de brazos y piernas que no s\u00f3lo permiti\u00f3 a Espa\u00f1a frenar el variado ataque de Croacia sino, y quiz\u00e1 lo m\u00e1s importante, que posibilit\u00f3 a la selecci\u00f3n espa\u00f1ola desplegar su veloz juego de contragolpe.<\/p>\n<p>Pero si al equipo espa\u00f1ol le gusta correr, no menos a Croacia, que logr\u00f3 anular cada m\u00ednima ventaja (1-3) de los de Manolo Cadenas, gracias a las fulgurantes transiciones comandadas por Domagoj Duvnjak, elegido mejor central del torneo.<\/p>\n<p>Una din\u00e1mica que se encarg\u00f3 de romper un excepcional Jos\u00e9 Manuel Sierra, que se resarci\u00f3 de todas las comparaciones que ha tenido que sufrir durante todo el Europeo con el ausente Arpad Sterbik, con un soberbio recital de paradas.<\/p>\n<p>Intervenciones que permitieron a Espa\u00f1a alcanzar a once minutos para llegar al descanso un m\u00e1s que interesante renta de tres goles (8-11), que oblig\u00f3 al seleccionador croata Slavko Goluza a mover el banquillo.<\/p>\n<p>Una decisi\u00f3n que no le pudo dar mejores frutos al conjunto balc\u00e1nico que de la mano de Denis Buntic, que supli\u00f3 a un gris Marko Kopljar, y sobre todo de un Venio Losert, que reemplazo bajo palos a Mirko Alilovic, logr\u00f3 igualar de nuevo la contienda (12-12).<\/p>\n<p>Peque\u00f1o contratiempo que no bast\u00f3, sin embargo, para contener a un equipo espa\u00f1ol, que hoy s\u00ed, redonde\u00f3 un partido completo, al menos en la primera mitad, tanto en defensa como en ataque, donde Ra\u00fal Entrerr\u00edos y Joan Ca\u00f1ellas estuvieron inconmensurables.<\/p>\n<p>Ni el ninguneo de la organizaci\u00f3n, que dej\u00f3 a Ca\u00f1ellas fuera del equipo ideal del torneo, impidi\u00f3 al central espa\u00f1ol volver a demostrar sobre la pista su excelente momento de forma con siete tantos, cinco de ellos de penalti, en la primera mitad.<\/p>\n<p>El brazo ejecutor necesario para que culminaran en gol las acciones inventadas por un Ra\u00fal Entrerr\u00edos, que demostr\u00f3 en cada ataque su inigualable capacidad para hacer llegar el bal\u00f3n al compa\u00f1ero mejor situado.<\/p>\n<p>Pero ni el magn\u00edfico juego desplegado en la primera mitad, ni los tres goles de renta (13-16) con los que Espa\u00f1a lleg\u00f3 al descanso, nada parece suficiente cuando enfrente se encuentra un equipo como el croata, vigente bronce ol\u00edmpico, mundial y continental.<\/p>\n<p>Por lo que bast\u00f3 el m\u00e1s m\u00ednimo error, una inoportuna exclusi\u00f3n de Viran Morros por protestar, para que los croatas, de la mano de un efectivo Domagoj Duvnjak, se enganchasen de nuevo al encuentro (19-20) a los diez minutos de la reanudaci\u00f3n.<\/p>\n<p>Momentos de duda que Espa\u00f1a solvent\u00f3, como no pod\u00eda ser de otro modo, a base de defensa y porter\u00eda, donde Sierra volvi\u00f3 a brillar, lo que posibilit\u00f3 a los de Cadenas recuperar de nuevo la ventaja de tres goles (20-23) mediada la segunda mitad.<\/p>\n<p>M\u00e1s espeso se mostr\u00f3, por contra el ataque espa\u00f1ol, que perdi\u00f3 y ritmo y continuidad con relaci\u00f3n a la primera mitad, un problema que se encarg\u00f3 de resolver el siempre infalible Julen Aginagalde, que con sus goles permiti\u00f3 a Espa\u00f1a conservar la delantera (25-27) en el marcador.<\/p>\n<p>Una renta que Croacia, gracias de nuevo a un acertado Venio Losert bajo palos, logr\u00f3 reducir a tan s\u00f3lo un tanto (26-27) a cuatro minutos para el final.<\/p>\n<p>Tiempo en el que Espa\u00f1a se vio todav\u00eda m\u00e1s mermada por la exclusi\u00f3n de Cristian Ugalde, circunstancia que no impidi\u00f3 que la defensa espa\u00f1ola se multiplicara para paliar su inferioridad num\u00e9rica y evitar que Croacia pudiera empatar.<\/p>\n<p>Un empate que hizo ya imposible Joan Ca\u00f1ellas, m\u00e1ximo goleador del torneo con 48 tantos, que con su \u00fanica diana del segundo tiempo dio a Espa\u00f1a el triunfo (28-29) y su segundo bronce continental.<\/p>\n<p>&nbsp;<\/p>\n<p>&nbsp;<\/p>\n<p>Ficha t\u00e9cnica:<\/p>\n<p>&nbsp;<\/p>\n<p>28 &#8211; Croacia: Alilovic; Horvat (3, 1p), Kopljar (1), Duvnajk (8), Bicanic (-), Strlek (3) y Vori (1) -equipo inicial- Losert (ps), Gojun (-), Vukovic (-), Buntic (5), Valcic (-), Cupic (2p), Musa (2), Nincevic (-) y Sliskovic (3)<\/p>\n<p>29 &#8211; Espa\u00f1a: Sierra; V\u00edctor Tom\u00e1s (-), Maqueda (4), Gede\u00f3n Guardiola (1), Morros (1), Ca\u00f1ellas (8, 5p) y Ugalde (2) -equipo inicial- P\u00e9rez de Vargas (ps), Gurbindo (-), Rocas (1), Ra\u00fal Entrerr\u00edos (2), Sarmiento (2), Aginagalde (7), Andreu (-), Antonio Garc\u00eda (-) y Rivera (1)<\/p>\n<p>Marcador cada cinco minutos: 1-2, 5-4, 7-8, 8-11, 12-12 y 13-16 (Descanso) 17-18, 19-20, 20-23, 23-25, 26-27 y 28-29 (Final)<\/p>\n<p>\u00c1rbitros: Stark y Stefan (ROU). Excluyeron por dos minutos a Musa (2) y Duvnjak por Croacia; y a Morros, Ra\u00fal Entrerr\u00edos y Ugalde por Espa\u00f1a.<\/p>\n<p>Incidencias: Partido por la medalla de bronce del Campeonato de Europa de Dinamarca 2014 disputado en el Jyske Bank Boxen de Herning ante 14.000 espectadores. Lleno.<\/p>\n<p>Javier Villanueva<\/p>\n","protected":false},"excerpt":{"rendered":"<p>Herning (Dinamarca), 26 ene (EFE).- La selecci\u00f3n espa\u00f1ola de balonmano volvi\u00f3 a subirse un a\u00f1o despu\u00e9s de lograr el oro mundial en Barcelona al podio de una gran competici\u00f3n continental, tras colgarse hoy el bronce en el Europeo de Dinamarca, tras vencer por 28-29 a Croacia en la final de consolaci\u00f3n. Una medalla que servir\u00e1 [&hellip;]<\/p>\n","protected":false},"author":1,"featured_media":1132184,"comment_status":"closed","ping_status":"open","sticky":false,"template":"","format":"standard","meta":{"footnotes":""},"categories":[1],"tags":[],"class_list":["post-479313","post","type-post","status-publish","format-standard","has-post-thumbnail","hentry","category-actualidad"],"aioseo_notices":[],"aioseo_head":"\n\t\t<!-- All in One SEO Pro 5.0.1 - aioseo.com -->\n\t<meta name=\"description\" content=\"Herning (Dinamarca), 26 ene (EFE).- La selecci\u00f3n espa\u00f1ola de balonmano volvi\u00f3 a subirse un a\u00f1o despu\u00e9s de lograr el oro mundial en Barcelona al podio de una gran competici\u00f3n continental, tras colgarse hoy el bronce en el Europeo de Dinamarca, tras vencer por 28-29 a Croacia en la final de consolaci\u00f3n. Una medalla que servir\u00e1\" \/>\n\t<meta name=\"robots\" content=\"max-image-preview:large\" \/>\n\t<meta name=\"author\" content=\"El Digital de Asturias\"\/>\n\t<meta name=\"google-site-verification\" content=\"UA-38556648-1\" \/>\n\t<meta name=\"msvalidate.01\" content=\"7dfe9f3f1b24437ab69f4f2559babe99\" \/>\n\t<meta name=\"keywords\" content=\"actualidad\" \/>\n\t<link rel=\"canonical\" href=\"https:\/\/www.eldigitaldeasturias.com\/noticias\/espana-no-se-baja-del-podio\/\" \/>\n\t<meta name=\"generator\" content=\"All in One SEO Pro (AIOSEO) 5.0.1\" \/>\n\t\t<meta property=\"og:locale\" content=\"es_ES\" \/>\n\t\t<meta property=\"og:site_name\" content=\"El Digital de Asturias\" \/>\n\t\t<meta property=\"og:type\" content=\"article\" \/>\n\t\t<meta property=\"og:title\" content=\"Espa\u00f1a no se baja del podio - El Digital de Asturias\" \/>\n\t\t<meta property=\"og:description\" content=\"Herning (Dinamarca), 26 ene (EFE).- La selecci\u00f3n espa\u00f1ola de balonmano volvi\u00f3 a subirse un a\u00f1o despu\u00e9s de lograr el oro mundial en Barcelona al podio de una gran competici\u00f3n continental, tras colgarse hoy el bronce en el Europeo de Dinamarca, tras vencer por 28-29 a Croacia en la final de consolaci\u00f3n. Una medalla que servir\u00e1\" \/>\n\t\t<meta property=\"og:url\" content=\"https:\/\/www.eldigitaldeasturias.com\/noticias\/espana-no-se-baja-del-podio\/\" \/>\n\t\t<meta property=\"og:image\" content=\"https:\/\/www.eldigitaldeasturias.com\/noticias\/wp-content\/uploads\/2026\/06\/Contenidos.jpg\" \/>\n\t\t<meta property=\"og:image:secure_url\" content=\"https:\/\/www.eldigitaldeasturias.com\/noticias\/wp-content\/uploads\/2026\/06\/Contenidos.jpg\" \/>\n\t\t<meta property=\"og:image:width\" content=\"1265\" \/>\n\t\t<meta property=\"og:image:height\" content=\"697\" \/>\n\t\t<meta property=\"article:tag\" content=\"actualidad\" \/>\n\t\t<meta property=\"article:published_time\" content=\"2014-01-27T01:05:24+00:00\" \/>\n\t\t<meta property=\"article:modified_time\" content=\"2014-01-27T01:05:24+00:00\" \/>\n\t\t<meta property=\"article:publisher\" content=\"https:\/\/facebook.com\/eldigitaldeasturias\" \/>\n\t\t<meta name=\"twitter:card\" content=\"summary_large_image\" \/>\n\t\t<meta name=\"twitter:title\" content=\"Espa\u00f1a no se baja del podio - El Digital de Asturias\" \/>\n\t\t<meta name=\"twitter:description\" content=\"Herning (Dinamarca), 26 ene (EFE).- La selecci\u00f3n espa\u00f1ola de balonmano volvi\u00f3 a subirse un a\u00f1o despu\u00e9s de lograr el oro mundial en Barcelona al podio de una gran competici\u00f3n continental, tras colgarse hoy el bronce en el Europeo de Dinamarca, tras vencer por 28-29 a Croacia en la final de consolaci\u00f3n. Una medalla que servir\u00e1\" \/>\n\t\t<meta name=\"twitter:image\" content=\"https:\/\/www.eldigitaldeasturias.com\/noticias\/wp-content\/uploads\/2026\/06\/Contenidos.jpg\" \/>\n\t\t<meta name=\"twitter:label1\" content=\"Escrito por\" \/>\n\t\t<meta name=\"twitter:data1\" content=\"El Digital de Asturias\" \/>\n\t\t<meta name=\"twitter:label2\" content=\"Tiempo de lectura estimado\" \/>\n\t\t<meta name=\"twitter:data2\" content=\"5 minutos\" \/>\n\t\t<script type=\"application\/ld+json\" class=\"aioseo-schema\">\n\t\t\t{\"@context\":\"https:\\\/\\\/schema.org\",\"@graph\":[{\"@type\":\"BlogPosting\",\"@id\":\"https:\\\/\\\/www.eldigitaldeasturias.com\\\/noticias\\\/espana-no-se-baja-del-podio\\\/#blogposting\",\"name\":\"Espa\\u00f1a no se baja del podio - El Digital de Asturias\",\"headline\":\"Espa\\u00f1a no se baja del podio\",\"author\":{\"@id\":\"https:\\\/\\\/www.eldigitaldeasturias.com\\\/noticias\\\/author\\\/admin\\\/#author\"},\"publisher\":{\"@id\":\"https:\\\/\\\/www.eldigitaldeasturias.com\\\/noticias\\\/#organization\"},\"image\":{\"@type\":\"ImageObject\",\"url\":\"https:\\\/\\\/www.eldigitaldeasturias.com\\\/noticias\\\/wp-content\\\/uploads\\\/2026\\\/06\\\/Contenidos.jpg\",\"width\":1265,\"height\":697,\"caption\":\"Contenidos\"},\"datePublished\":\"2014-01-27T00:05:24+01:00\",\"dateModified\":\"2014-01-27T00:05:24+01:00\",\"inLanguage\":\"es-ES\",\"mainEntityOfPage\":{\"@id\":\"https:\\\/\\\/www.eldigitaldeasturias.com\\\/noticias\\\/espana-no-se-baja-del-podio\\\/#webpage\"},\"isPartOf\":{\"@id\":\"https:\\\/\\\/www.eldigitaldeasturias.com\\\/noticias\\\/espana-no-se-baja-del-podio\\\/#webpage\"},\"articleSection\":\"Actualidad\"},{\"@type\":\"BreadcrumbList\",\"@id\":\"https:\\\/\\\/www.eldigitaldeasturias.com\\\/noticias\\\/espana-no-se-baja-del-podio\\\/#breadcrumblist\",\"itemListElement\":[{\"@type\":\"ListItem\",\"@id\":\"https:\\\/\\\/www.eldigitaldeasturias.com\\\/noticias#listItem\",\"position\":1,\"name\":\"Home\",\"item\":\"https:\\\/\\\/www.eldigitaldeasturias.com\\\/noticias\",\"nextItem\":{\"@type\":\"ListItem\",\"@id\":\"https:\\\/\\\/www.eldigitaldeasturias.com\\\/noticias\\\/category\\\/actualidad\\\/#listItem\",\"name\":\"Actualidad\"}},{\"@type\":\"ListItem\",\"@id\":\"https:\\\/\\\/www.eldigitaldeasturias.com\\\/noticias\\\/category\\\/actualidad\\\/#listItem\",\"position\":2,\"name\":\"Actualidad\",\"item\":\"https:\\\/\\\/www.eldigitaldeasturias.com\\\/noticias\\\/category\\\/actualidad\\\/\",\"nextItem\":{\"@type\":\"ListItem\",\"@id\":\"https:\\\/\\\/www.eldigitaldeasturias.com\\\/noticias\\\/espana-no-se-baja-del-podio\\\/#listItem\",\"name\":\"Espa\\u00f1a no se baja del podio\"},\"previousItem\":{\"@type\":\"ListItem\",\"@id\":\"https:\\\/\\\/www.eldigitaldeasturias.com\\\/noticias#listItem\",\"name\":\"Home\"}},{\"@type\":\"ListItem\",\"@id\":\"https:\\\/\\\/www.eldigitaldeasturias.com\\\/noticias\\\/espana-no-se-baja-del-podio\\\/#listItem\",\"position\":3,\"name\":\"Espa\\u00f1a no se baja del podio\",\"previousItem\":{\"@type\":\"ListItem\",\"@id\":\"https:\\\/\\\/www.eldigitaldeasturias.com\\\/noticias\\\/category\\\/actualidad\\\/#listItem\",\"name\":\"Actualidad\"}}]},{\"@type\":\"Organization\",\"@id\":\"https:\\\/\\\/www.eldigitaldeasturias.com\\\/noticias\\\/#organization\",\"name\":\"El Digital de Asturias\",\"description\":\"Hemeroteca\",\"url\":\"https:\\\/\\\/www.eldigitaldeasturias.com\\\/noticias\\\/\",\"email\":\"info@eldigitaldeasturias.com\",\"telephone\":\"+34652131393\",\"logo\":{\"@type\":\"ImageObject\",\"url\":\"https:\\\/\\\/www.eldigitaldeasturias.com\\\/noticias\\\/wp-content\\\/uploads\\\/2020\\\/12\\\/EDA.jpg\",\"@id\":\"https:\\\/\\\/www.eldigitaldeasturias.com\\\/noticias\\\/espana-no-se-baja-del-podio\\\/#organizationLogo\"},\"image\":{\"@id\":\"https:\\\/\\\/www.eldigitaldeasturias.com\\\/noticias\\\/espana-no-se-baja-del-podio\\\/#organizationLogo\"},\"sameAs\":[\"https:\\\/\\\/facebook.com\\\/eldigitaldeasturias\",\"https:\\\/\\\/www.youtube.com\\\/channel\\\/UCZP-2wLEB9Rv6erhFmqVnvg\"],\"address\":{\"@id\":\"https:\\\/\\\/www.eldigitaldeasturias.com\\\/noticias\\\/#postaladdress\",\"@type\":\"PostalAddress\",\"streetAddress\":\"san antonio 4\",\"postalCode\":\"33430\",\"addressLocality\":\"Cand\\u00e1s\",\"addressRegion\":\"Asturias\",\"addressCountry\":\"ES\"}},{\"@type\":\"Person\",\"@id\":\"https:\\\/\\\/www.eldigitaldeasturias.com\\\/noticias\\\/author\\\/admin\\\/#author\",\"url\":\"https:\\\/\\\/www.eldigitaldeasturias.com\\\/noticias\\\/author\\\/admin\\\/\",\"name\":\"El Digital de Asturias\",\"image\":{\"@type\":\"ImageObject\",\"@id\":\"https:\\\/\\\/www.eldigitaldeasturias.com\\\/noticias\\\/espana-no-se-baja-del-podio\\\/#authorImage\",\"url\":\"https:\\\/\\\/secure.gravatar.com\\\/avatar\\\/df2aeffc32bcd13f8d26072ef8a91b623d677766deac7f97ca815868cd41bf5e?s=96&d=mm&r=g\",\"width\":96,\"height\":96,\"caption\":\"El Digital de Asturias\"}},{\"@type\":\"WebPage\",\"@id\":\"https:\\\/\\\/www.eldigitaldeasturias.com\\\/noticias\\\/espana-no-se-baja-del-podio\\\/#webpage\",\"url\":\"https:\\\/\\\/www.eldigitaldeasturias.com\\\/noticias\\\/espana-no-se-baja-del-podio\\\/\",\"name\":\"Espa\\u00f1a no se baja del podio - El Digital de Asturias\",\"description\":\"Herning (Dinamarca), 26 ene (EFE).- La selecci\\u00f3n espa\\u00f1ola de balonmano volvi\\u00f3 a subirse un a\\u00f1o despu\\u00e9s de lograr el oro mundial en Barcelona al podio de una gran competici\\u00f3n continental, tras colgarse hoy el bronce en el Europeo de Dinamarca, tras vencer por 28-29 a Croacia en la final de consolaci\\u00f3n. Una medalla que servir\\u00e1\",\"inLanguage\":\"es-ES\",\"isPartOf\":{\"@id\":\"https:\\\/\\\/www.eldigitaldeasturias.com\\\/noticias\\\/#website\"},\"breadcrumb\":{\"@id\":\"https:\\\/\\\/www.eldigitaldeasturias.com\\\/noticias\\\/espana-no-se-baja-del-podio\\\/#breadcrumblist\"},\"author\":{\"@id\":\"https:\\\/\\\/www.eldigitaldeasturias.com\\\/noticias\\\/author\\\/admin\\\/#author\"},\"creator\":{\"@id\":\"https:\\\/\\\/www.eldigitaldeasturias.com\\\/noticias\\\/author\\\/admin\\\/#author\"},\"image\":{\"@type\":\"ImageObject\",\"url\":\"https:\\\/\\\/www.eldigitaldeasturias.com\\\/noticias\\\/wp-content\\\/uploads\\\/2026\\\/06\\\/Contenidos.jpg\",\"@id\":\"https:\\\/\\\/www.eldigitaldeasturias.com\\\/noticias\\\/espana-no-se-baja-del-podio\\\/#mainImage\",\"width\":1265,\"height\":697,\"caption\":\"Contenidos\"},\"primaryImageOfPage\":{\"@id\":\"https:\\\/\\\/www.eldigitaldeasturias.com\\\/noticias\\\/espana-no-se-baja-del-podio\\\/#mainImage\"},\"datePublished\":\"2014-01-27T00:05:24+01:00\",\"dateModified\":\"2014-01-27T00:05:24+01:00\"},{\"@type\":\"WebSite\",\"@id\":\"https:\\\/\\\/www.eldigitaldeasturias.com\\\/noticias\\\/#website\",\"url\":\"https:\\\/\\\/www.eldigitaldeasturias.com\\\/noticias\\\/\",\"name\":\"El Digital de Asturias - Diario de actualidad y noticias\",\"alternateName\":\"El Digital de Asturias - Diario de actualidad y noticias\",\"description\":\"Hemeroteca\",\"inLanguage\":\"es-ES\",\"publisher\":{\"@id\":\"https:\\\/\\\/www.eldigitaldeasturias.com\\\/noticias\\\/#organization\"}}]}\n\t\t<\/script>\n\t\t<!-- All in One SEO Pro -->\r\n\t\t<title>Espa\u00f1a no se baja del podio - El Digital de Asturias<\/title>\n\n","aioseo_head_json":{"title":"Espa\u00f1a no se baja del podio - El Digital de Asturias","description":"Herning (Dinamarca), 26 ene (EFE).- La selecci\u00f3n espa\u00f1ola de balonmano volvi\u00f3 a subirse un a\u00f1o despu\u00e9s de lograr el oro mundial en Barcelona al podio de una gran competici\u00f3n continental, tras colgarse hoy el bronce en el Europeo de Dinamarca, tras vencer por 28-29 a Croacia en la final de consolaci\u00f3n. Una medalla que servir\u00e1","canonical_url":"https:\/\/www.eldigitaldeasturias.com\/noticias\/espana-no-se-baja-del-podio\/","robots":"max-image-preview:large","keywords":"actualidad","webmasterTools":{"google-site-verification":"UA-38556648-1","msvalidate.01":"7dfe9f3f1b24437ab69f4f2559babe99","miscellaneous":""},"schema":{"@context":"https:\/\/schema.org","@graph":[{"@type":"BlogPosting","@id":"https:\/\/www.eldigitaldeasturias.com\/noticias\/espana-no-se-baja-del-podio\/#blogposting","name":"Espa\u00f1a no se baja del podio - El Digital de Asturias","headline":"Espa\u00f1a no se baja del podio","author":{"@id":"https:\/\/www.eldigitaldeasturias.com\/noticias\/author\/admin\/#author"},"publisher":{"@id":"https:\/\/www.eldigitaldeasturias.com\/noticias\/#organization"},"image":{"@type":"ImageObject","url":"https:\/\/www.eldigitaldeasturias.com\/noticias\/wp-content\/uploads\/2026\/06\/Contenidos.jpg","width":1265,"height":697,"caption":"Contenidos"},"datePublished":"2014-01-27T00:05:24+01:00","dateModified":"2014-01-27T00:05:24+01:00","inLanguage":"es-ES","mainEntityOfPage":{"@id":"https:\/\/www.eldigitaldeasturias.com\/noticias\/espana-no-se-baja-del-podio\/#webpage"},"isPartOf":{"@id":"https:\/\/www.eldigitaldeasturias.com\/noticias\/espana-no-se-baja-del-podio\/#webpage"},"articleSection":"Actualidad"},{"@type":"BreadcrumbList","@id":"https:\/\/www.eldigitaldeasturias.com\/noticias\/espana-no-se-baja-del-podio\/#breadcrumblist","itemListElement":[{"@type":"ListItem","@id":"https:\/\/www.eldigitaldeasturias.com\/noticias#listItem","position":1,"name":"Home","item":"https:\/\/www.eldigitaldeasturias.com\/noticias","nextItem":{"@type":"ListItem","@id":"https:\/\/www.eldigitaldeasturias.com\/noticias\/category\/actualidad\/#listItem","name":"Actualidad"}},{"@type":"ListItem","@id":"https:\/\/www.eldigitaldeasturias.com\/noticias\/category\/actualidad\/#listItem","position":2,"name":"Actualidad","item":"https:\/\/www.eldigitaldeasturias.com\/noticias\/category\/actualidad\/","nextItem":{"@type":"ListItem","@id":"https:\/\/www.eldigitaldeasturias.com\/noticias\/espana-no-se-baja-del-podio\/#listItem","name":"Espa\u00f1a no se baja del podio"},"previousItem":{"@type":"ListItem","@id":"https:\/\/www.eldigitaldeasturias.com\/noticias#listItem","name":"Home"}},{"@type":"ListItem","@id":"https:\/\/www.eldigitaldeasturias.com\/noticias\/espana-no-se-baja-del-podio\/#listItem","position":3,"name":"Espa\u00f1a no se baja del podio","previousItem":{"@type":"ListItem","@id":"https:\/\/www.eldigitaldeasturias.com\/noticias\/category\/actualidad\/#listItem","name":"Actualidad"}}]},{"@type":"Organization","@id":"https:\/\/www.eldigitaldeasturias.com\/noticias\/#organization","name":"El Digital de Asturias","description":"Hemeroteca","url":"https:\/\/www.eldigitaldeasturias.com\/noticias\/","email":"info@eldigitaldeasturias.com","telephone":"+34652131393","logo":{"@type":"ImageObject","url":"https:\/\/www.eldigitaldeasturias.com\/noticias\/wp-content\/uploads\/2020\/12\/EDA.jpg","@id":"https:\/\/www.eldigitaldeasturias.com\/noticias\/espana-no-se-baja-del-podio\/#organizationLogo"},"image":{"@id":"https:\/\/www.eldigitaldeasturias.com\/noticias\/espana-no-se-baja-del-podio\/#organizationLogo"},"sameAs":["https:\/\/facebook.com\/eldigitaldeasturias","https:\/\/www.youtube.com\/channel\/UCZP-2wLEB9Rv6erhFmqVnvg"],"address":{"@id":"https:\/\/www.eldigitaldeasturias.com\/noticias\/#postaladdress","@type":"PostalAddress","streetAddress":"san antonio 4","postalCode":"33430","addressLocality":"Cand\u00e1s","addressRegion":"Asturias","addressCountry":"ES"}},{"@type":"Person","@id":"https:\/\/www.eldigitaldeasturias.com\/noticias\/author\/admin\/#author","url":"https:\/\/www.eldigitaldeasturias.com\/noticias\/author\/admin\/","name":"El Digital de Asturias","image":{"@type":"ImageObject","@id":"https:\/\/www.eldigitaldeasturias.com\/noticias\/espana-no-se-baja-del-podio\/#authorImage","url":"https:\/\/secure.gravatar.com\/avatar\/df2aeffc32bcd13f8d26072ef8a91b623d677766deac7f97ca815868cd41bf5e?s=96&d=mm&r=g","width":96,"height":96,"caption":"El Digital de Asturias"}},{"@type":"WebPage","@id":"https:\/\/www.eldigitaldeasturias.com\/noticias\/espana-no-se-baja-del-podio\/#webpage","url":"https:\/\/www.eldigitaldeasturias.com\/noticias\/espana-no-se-baja-del-podio\/","name":"Espa\u00f1a no se baja del podio - El Digital de Asturias","description":"Herning (Dinamarca), 26 ene (EFE).- La selecci\u00f3n espa\u00f1ola de balonmano volvi\u00f3 a subirse un a\u00f1o despu\u00e9s de lograr el oro mundial en Barcelona al podio de una gran competici\u00f3n continental, tras colgarse hoy el bronce en el Europeo de Dinamarca, tras vencer por 28-29 a Croacia en la final de consolaci\u00f3n. Una medalla que servir\u00e1","inLanguage":"es-ES","isPartOf":{"@id":"https:\/\/www.eldigitaldeasturias.com\/noticias\/#website"},"breadcrumb":{"@id":"https:\/\/www.eldigitaldeasturias.com\/noticias\/espana-no-se-baja-del-podio\/#breadcrumblist"},"author":{"@id":"https:\/\/www.eldigitaldeasturias.com\/noticias\/author\/admin\/#author"},"creator":{"@id":"https:\/\/www.eldigitaldeasturias.com\/noticias\/author\/admin\/#author"},"image":{"@type":"ImageObject","url":"https:\/\/www.eldigitaldeasturias.com\/noticias\/wp-content\/uploads\/2026\/06\/Contenidos.jpg","@id":"https:\/\/www.eldigitaldeasturias.com\/noticias\/espana-no-se-baja-del-podio\/#mainImage","width":1265,"height":697,"caption":"Contenidos"},"primaryImageOfPage":{"@id":"https:\/\/www.eldigitaldeasturias.com\/noticias\/espana-no-se-baja-del-podio\/#mainImage"},"datePublished":"2014-01-27T00:05:24+01:00","dateModified":"2014-01-27T00:05:24+01:00"},{"@type":"WebSite","@id":"https:\/\/www.eldigitaldeasturias.com\/noticias\/#website","url":"https:\/\/www.eldigitaldeasturias.com\/noticias\/","name":"El Digital de Asturias - Diario de actualidad y noticias","alternateName":"El Digital de Asturias - Diario de actualidad y noticias","description":"Hemeroteca","inLanguage":"es-ES","publisher":{"@id":"https:\/\/www.eldigitaldeasturias.com\/noticias\/#organization"}}]},"og:locale":"es_ES","og:site_name":"El Digital de Asturias","og:type":"article","og:title":"Espa\u00f1a no se baja del podio - El Digital de Asturias","og:description":"Herning (Dinamarca), 26 ene (EFE).- La selecci\u00f3n espa\u00f1ola de balonmano volvi\u00f3 a subirse un a\u00f1o despu\u00e9s de lograr el oro mundial en Barcelona al podio de una gran competici\u00f3n continental, tras colgarse hoy el bronce en el Europeo de Dinamarca, tras vencer por 28-29 a Croacia en la final de consolaci\u00f3n. Una medalla que servir\u00e1","og:url":"https:\/\/www.eldigitaldeasturias.com\/noticias\/espana-no-se-baja-del-podio\/","og:image":"https:\/\/www.eldigitaldeasturias.com\/noticias\/wp-content\/uploads\/2026\/06\/Contenidos.jpg","og:image:secure_url":"https:\/\/www.eldigitaldeasturias.com\/noticias\/wp-content\/uploads\/2026\/06\/Contenidos.jpg","og:image:width":1265,"og:image:height":697,"article:tag":["actualidad"],"article:published_time":"2014-01-27T01:05:24+00:00","article:modified_time":"2014-01-27T01:05:24+00:00","article:publisher":"https:\/\/facebook.com\/eldigitaldeasturias","twitter:card":"summary_large_image","twitter:title":"Espa\u00f1a no se baja del podio - El Digital de Asturias","twitter:description":"Herning (Dinamarca), 26 ene (EFE).- La selecci\u00f3n espa\u00f1ola de balonmano volvi\u00f3 a subirse un a\u00f1o despu\u00e9s de lograr el oro mundial en Barcelona al podio de una gran competici\u00f3n continental, tras colgarse hoy el bronce en el Europeo de Dinamarca, tras vencer por 28-29 a Croacia en la final de consolaci\u00f3n. Una medalla que servir\u00e1","twitter:image":"https:\/\/www.eldigitaldeasturias.com\/noticias\/wp-content\/uploads\/2026\/06\/Contenidos.jpg","twitter:label1":"Escrito por","twitter:data1":"El Digital de Asturias","twitter:label2":"Tiempo de lectura estimado","twitter:data2":"5 minutos"},"aioseo_meta_data":{"post_id":"479313","title":null,"description":null,"keywords":null,"keyphrases":null,"primary_term":null,"canonical_url":null,"og_title":null,"og_description":null,"og_object_type":"default","og_image_type":"default","og_image_url":null,"og_image_width":null,"og_image_height":null,"og_image_custom_url":null,"og_image_custom_fields":null,"og_video":null,"og_custom_url":null,"og_article_section":null,"og_article_tags":null,"twitter_use_og":true,"twitter_card":"default","twitter_image_type":"default","twitter_image_url":null,"twitter_image_custom_url":null,"twitter_image_custom_fields":null,"twitter_title":null,"twitter_description":null,"schema":{"blockGraphs":[],"customGraphs":[],"default":{"data":{"Article":[],"Course":[],"Dataset":[],"FAQPage":[],"Movie":[],"Person":[],"Product":[],"ProductReview":[],"Car":[],"Recipe":[],"Service":[],"SoftwareApplication":[],"WebPage":[]},"graphName":"","isEnabled":true},"graphs":[],"defaultGraph":"","defaultPostTypeGraph":""},"schema_type":null,"schema_type_options":null,"pillar_content":false,"robots_default":true,"robots_noindex":false,"robots_noarchive":false,"robots_nosnippet":false,"robots_nofollow":false,"robots_noimageindex":false,"robots_noodp":false,"robots_notranslate":false,"robots_max_snippet":null,"robots_max_videopreview":null,"robots_max_imagepreview":"none","priority":null,"frequency":null,"local_seo":null,"seo_analyzer_scan_date":"2026-06-02 00:06:45","breadcrumb_settings":null,"limit_modified_date":false,"open_ai":null,"ai":null,"created":"2020-11-14 22:54:03","updated":"2026-06-02 00:06:45","focus_keyword":null,"additional_keywords":null,"truseo_locale":null},"aioseo_breadcrumb":"<div class=\"aioseo-breadcrumbs\"><span class=\"aioseo-breadcrumb\">\n\t<a href=\"https:\/\/www.eldigitaldeasturias.com\/noticias\" title=\"Home\">Home<\/a>\n<\/span><span class=\"aioseo-breadcrumb-separator\">\u2013<\/span><span class=\"aioseo-breadcrumb\">\n\t<a href=\"https:\/\/www.eldigitaldeasturias.com\/noticias\/category\/actualidad\/\" title=\"Actualidad\">Actualidad<\/a>\n<\/span><span class=\"aioseo-breadcrumb-separator\">\u2013<\/span><span class=\"aioseo-breadcrumb\">\n\t<a href=\"https:\/\/www.eldigitaldeasturias.com\/noticias\/espana-no-se-baja-del-podio\/\" title=\"Espa\u00f1a no se baja del podio\">Espa\u00f1a no se baja del podio<\/a>\n<\/span><\/div>","aioseo_breadcrumb_json":[{"label":"Home","link":"https:\/\/www.eldigitaldeasturias.com\/noticias"},{"label":"Actualidad","link":"https:\/\/www.eldigitaldeasturias.com\/noticias\/category\/actualidad\/"},{"label":"Espa\u00f1a no se baja del podio","link":"https:\/\/www.eldigitaldeasturias.com\/noticias\/espana-no-se-baja-del-podio\/"}],"_links":{"self":[{"href":"https:\/\/www.eldigitaldeasturias.com\/noticias\/wp-json\/wp\/v2\/posts\/479313","targetHints":{"allow":["GET"]}}],"collection":[{"href":"https:\/\/www.eldigitaldeasturias.com\/noticias\/wp-json\/wp\/v2\/posts"}],"about":[{"href":"https:\/\/www.eldigitaldeasturias.com\/noticias\/wp-json\/wp\/v2\/types\/post"}],"author":[{"embeddable":true,"href":"https:\/\/www.eldigitaldeasturias.com\/noticias\/wp-json\/wp\/v2\/users\/1"}],"replies":[{"embeddable":true,"href":"https:\/\/www.eldigitaldeasturias.com\/noticias\/wp-json\/wp\/v2\/comments?post=479313"}],"version-history":[{"count":0,"href":"https:\/\/www.eldigitaldeasturias.com\/noticias\/wp-json\/wp\/v2\/posts\/479313\/revisions"}],"wp:featuredmedia":[{"embeddable":true,"href":"https:\/\/www.eldigitaldeasturias.com\/noticias\/wp-json\/wp\/v2\/media\/1132184"}],"wp:attachment":[{"href":"https:\/\/www.eldigitaldeasturias.com\/noticias\/wp-json\/wp\/v2\/media?parent=479313"}],"wp:term":[{"taxonomy":"category","embeddable":true,"href":"https:\/\/www.eldigitaldeasturias.com\/noticias\/wp-json\/wp\/v2\/categories?post=479313"},{"taxonomy":"post_tag","embeddable":true,"href":"https:\/\/www.eldigitaldeasturias.com\/noticias\/wp-json\/wp\/v2\/tags?post=479313"}],"curies":[{"name":"wp","href":"https:\/\/api.w.org\/{rel}","templated":true}]}}