{"id":479310,"date":"2014-01-27T00:04:07","date_gmt":"2014-01-27T01:04:07","guid":{"rendered":"http:\/\/www.eldigitaldeasturias.com\/noticias\/?p=479310"},"modified":"2014-01-27T00:04:07","modified_gmt":"2014-01-27T01:04:07","slug":"hollande-presidente-soltero-ante-el-reto-del-gran-recorte-del-gasto-publico","status":"publish","type":"post","link":"https:\/\/www.eldigitaldeasturias.com\/noticias\/hollande-presidente-soltero-ante-el-reto-del-gran-recorte-del-gasto-publico\/","title":{"rendered":"Hollande, presidente soltero, ante el reto del gran recorte del gasto p\u00fablico"},"content":{"rendered":"<p><img loading=\"lazy\" decoding=\"async\" class=\"alignleft size-medium wp-image-479311\" alt=\"5877738w\" src=\"https:\/\/www.eldigitaldeasturias.com\/noticias\/wp-content\/uploads\/2014\/01\/5877738w-360x240.jpg\" width=\"360\" height=\"240\" \/>Par\u00eds, 26 ene (EFE).- El presidente franc\u00e9s, Fran\u00e7ois Hollande, que abre una nueva etapa personal tras separarse de la ya ex primera dama, se enfrenta ahora al reto de aplicar los recortes masivos del gasto p\u00fablico que \u00e9l mismo anunci\u00f3.<\/p>\n<p>Hollande inicia un per\u00edodo dominado en lo privado por la solter\u00eda \u00aboficial\u00bb desde que el s\u00e1bado anunci\u00f3 en una breve declaraci\u00f3n que ya no comparte su vida con la periodista Val\u00e9rie Trierweiler, con la que lleg\u00f3 al El\u00edseo en 2012.<\/p>\n<p>Hoy Trierweiler parti\u00f3 hacia la India en un viaje con actividad humanitaria y ya con car\u00e1cter privado y el presidente comienza ma\u00f1ana una visita a Turqu\u00eda, despu\u00e9s de que ambos solucionaran una situaci\u00f3n que se hizo p\u00fablica porque una revista revel\u00f3 que el presidente tiene otra relaci\u00f3n sentimental.<\/p>\n<p>El ministro de Trabajo, Michel Sapin, declar\u00f3 hoy que la decisi\u00f3n de separarse la pareja era \u00abnecesaria\u00bb por motivos de \u00abclaridad\u00bb, como queriendo ya confirmar que el Gobierno da por cerrado un cap\u00edtulo que ha concentrado un inter\u00e9s medi\u00e1tico intenso sobre la vida privada del presidente durante dos semanas.<\/p>\n<p>Pero en medio del revuelo causado por su situaci\u00f3n sentimental, Hollande comunic\u00f3 a los franceses las medidas de choque que Par\u00eds pretende aplicar para evitar un mayor deterioro de la econom\u00eda y para recuperar la competitividad perdida, un dr\u00e1stico plan que vuelve del rev\u00e9s algunas estructuras estatales e incluso mentales.<\/p>\n<p>Hollande se tendr\u00e1 que dedicar a aplicar los principios derivados de un programa de facilitaci\u00f3n de la competitividad empresarial, v\u00eda reducci\u00f3n de cargas sociales, y de masivos recortes de gasto p\u00fablico que adem\u00e1s corren el peligro de confirmar un alejamiento ideol\u00f3gico de la doctrina adjudicada a su partido, el socialista.<\/p>\n<p>Tarea jam\u00e1s realizada en semejante medida en Francia, se trata de de distribuir los recortes de gasto previstos para 2014 (15.000 millones de euros), 2015 y 2016 (18.000 millones cada a\u00f1o) y de nuevo 14.000 millones en 2017: un total de 65.000 millones de euros.<\/p>\n<p>Ese empe\u00f1o obligar\u00e1 a reducciones en todas las \u00e1reas de gobierno y en las estructuras estatales y regionales, pero tambi\u00e9n en el gasto social, que en la actualidad todav\u00eda sit\u00faa a Francia por encima de la media de la Uni\u00f3n Europea (UE) en proporci\u00f3n del gasto p\u00fablico total.<\/p>\n<p>De ah\u00ed adem\u00e1s el anuncio, todav\u00eda sin precisar el c\u00f3mo se har\u00e1, de que habr\u00e1 una reorganizaci\u00f3n de las regiones francesas para evitar lo que Hollande denomin\u00f3 \u00absolapamientos y duplicaciones\u00bb, en definitiva gastos repetidos que redundan en ineficiencias en el gasto p\u00fablico.<\/p>\n<p>Ingente tarea que ha merecido de momento algunas se\u00f1ales de aprobaci\u00f3n, como la enviada el pasado 17 de enero por la Organizaci\u00f3n para la Cooperaci\u00f3n y el Desarrollo Econ\u00f3mico (OCDE), que alab\u00f3 la supresi\u00f3n de cotizaciones salariales que financian pol\u00edticas familiares.<\/p>\n<p>Un prop\u00f3sito que el \u00abclub de los pa\u00edses ricos\u00bb prefiere que se acompa\u00f1e claramente de \u00abla baja indispensable del gasto p\u00fablico\u00bb, en una combinaci\u00f3n de recetas econ\u00f3micas que la organizaci\u00f3n ve imprescindible para que Francia recupere competitividad y pueda crear empleo.<\/p>\n<p>La otra se\u00f1al de apoyo, m\u00e1s moderada, la envi\u00f3 el viernes la agencia de calificaci\u00f3n Moody&#8217;s, que mantuvo su nota de \u00abAa1\u00bb para la deuda soberana francesa, pero advirti\u00f3 de que en cualquier momento su valoraci\u00f3n podr\u00eda cambiar, por lo que dej\u00f3 la perspectiva asociada a ese grado en \u00abnegativa\u00bb.<\/p>\n<p>Moody&#8217;s, a cuyo anuncio el Gobierno franc\u00e9s reaccion\u00f3 sin darle demasiada importancia, detect\u00f3 \u00abtensiones sociales y pol\u00edticas\u00bb y \u00abrigideces\u00bb que siguen impidiendo la recuperaci\u00f3n de la competitividad.<\/p>\n<p>La aplicaci\u00f3n del paquete de ajuste sin precedentes anunciado por Hollande se har\u00e1 adem\u00e1s este a\u00f1o simult\u00e1neamente a la celebraci\u00f3n de comicios europeos y locales.<\/p>\n<p>Para los primeros, un sondeo publicado hoy por \u00abLe Journal du Dimanche\u00bb coloca en primera posici\u00f3n de las preferencias de los votantes a la ultraderecha del Frente Nacional, seguida de la conservadora UMP y solo en tercer lugar del Partido Socialista que forma el Gobierno que tendr\u00e1 que aplicar los severos recortes anunciados por Hollande.<\/p>\n<p>Por Javier Alonso<\/p>\n","protected":false},"excerpt":{"rendered":"<p>Par\u00eds, 26 ene (EFE).- El presidente franc\u00e9s, Fran\u00e7ois Hollande, que abre una nueva etapa personal tras separarse de la ya ex primera dama, se enfrenta ahora al reto de aplicar los recortes masivos del gasto p\u00fablico que \u00e9l mismo anunci\u00f3. Hollande inicia un per\u00edodo dominado en lo privado por la solter\u00eda \u00aboficial\u00bb desde que el [&hellip;]<\/p>\n","protected":false},"author":1,"featured_media":1132184,"comment_status":"closed","ping_status":"open","sticky":false,"template":"","format":"standard","meta":{"footnotes":""},"categories":[1],"tags":[],"class_list":["post-479310","post","type-post","status-publish","format-standard","has-post-thumbnail","hentry","category-actualidad"],"aioseo_notices":[],"aioseo_head":"\n\t\t<!-- All in One SEO Pro 5.0.1 - aioseo.com -->\n\t<meta name=\"description\" content=\"Par\u00eds, 26 ene (EFE).- El presidente franc\u00e9s, Fran\u00e7ois Hollande, que abre una nueva etapa personal tras separarse de la ya ex primera dama, se enfrenta ahora al reto de aplicar los recortes masivos del gasto p\u00fablico que \u00e9l mismo anunci\u00f3. Hollande inicia un per\u00edodo dominado en lo privado por la solter\u00eda &quot;oficial&quot; desde que el\" \/>\n\t<meta name=\"robots\" content=\"max-image-preview:large\" \/>\n\t<meta name=\"author\" content=\"El Digital de Asturias\"\/>\n\t<meta name=\"google-site-verification\" content=\"UA-38556648-1\" \/>\n\t<meta name=\"msvalidate.01\" content=\"7dfe9f3f1b24437ab69f4f2559babe99\" \/>\n\t<meta name=\"keywords\" content=\"actualidad\" \/>\n\t<link rel=\"canonical\" href=\"https:\/\/www.eldigitaldeasturias.com\/noticias\/hollande-presidente-soltero-ante-el-reto-del-gran-recorte-del-gasto-publico\/\" \/>\n\t<meta name=\"generator\" content=\"All in One SEO Pro (AIOSEO) 5.0.1\" \/>\n\t\t<meta property=\"og:locale\" content=\"es_ES\" \/>\n\t\t<meta property=\"og:site_name\" content=\"El Digital de Asturias\" \/>\n\t\t<meta property=\"og:type\" content=\"article\" \/>\n\t\t<meta property=\"og:title\" content=\"Hollande, presidente soltero, ante el reto del gran recorte del gasto p\u00fablico - El Digital de Asturias\" \/>\n\t\t<meta property=\"og:description\" content=\"Par\u00eds, 26 ene (EFE).- El presidente franc\u00e9s, Fran\u00e7ois Hollande, que abre una nueva etapa personal tras separarse de la ya ex primera dama, se enfrenta ahora al reto de aplicar los recortes masivos del gasto p\u00fablico que \u00e9l mismo anunci\u00f3. Hollande inicia un per\u00edodo dominado en lo privado por la solter\u00eda &quot;oficial&quot; desde que el\" \/>\n\t\t<meta property=\"og:url\" content=\"https:\/\/www.eldigitaldeasturias.com\/noticias\/hollande-presidente-soltero-ante-el-reto-del-gran-recorte-del-gasto-publico\/\" \/>\n\t\t<meta property=\"og:image\" content=\"https:\/\/www.eldigitaldeasturias.com\/noticias\/wp-content\/uploads\/2026\/06\/Contenidos.jpg\" \/>\n\t\t<meta property=\"og:image:secure_url\" content=\"https:\/\/www.eldigitaldeasturias.com\/noticias\/wp-content\/uploads\/2026\/06\/Contenidos.jpg\" \/>\n\t\t<meta property=\"og:image:width\" content=\"1265\" \/>\n\t\t<meta property=\"og:image:height\" content=\"697\" \/>\n\t\t<meta property=\"article:tag\" content=\"actualidad\" \/>\n\t\t<meta property=\"article:published_time\" content=\"2014-01-27T01:04:07+00:00\" \/>\n\t\t<meta property=\"article:modified_time\" content=\"2014-01-27T01:04:07+00:00\" \/>\n\t\t<meta property=\"article:publisher\" content=\"https:\/\/facebook.com\/eldigitaldeasturias\" \/>\n\t\t<meta name=\"twitter:card\" content=\"summary_large_image\" \/>\n\t\t<meta name=\"twitter:title\" content=\"Hollande, presidente soltero, ante el reto del gran recorte del gasto p\u00fablico - El Digital de Asturias\" \/>\n\t\t<meta name=\"twitter:description\" content=\"Par\u00eds, 26 ene (EFE).- El presidente franc\u00e9s, Fran\u00e7ois Hollande, que abre una nueva etapa personal tras separarse de la ya ex primera dama, se enfrenta ahora al reto de aplicar los recortes masivos del gasto p\u00fablico que \u00e9l mismo anunci\u00f3. Hollande inicia un per\u00edodo dominado en lo privado por la solter\u00eda &quot;oficial&quot; desde que el\" \/>\n\t\t<meta name=\"twitter:image\" content=\"https:\/\/www.eldigitaldeasturias.com\/noticias\/wp-content\/uploads\/2026\/06\/Contenidos.jpg\" \/>\n\t\t<meta name=\"twitter:label1\" content=\"Escrito por\" \/>\n\t\t<meta name=\"twitter:data1\" content=\"El Digital de Asturias\" \/>\n\t\t<meta name=\"twitter:label2\" content=\"Tiempo de lectura estimado\" \/>\n\t\t<meta name=\"twitter:data2\" content=\"4 minutos\" \/>\n\t\t<script type=\"application\/ld+json\" class=\"aioseo-schema\">\n\t\t\t{\"@context\":\"https:\\\/\\\/schema.org\",\"@graph\":[{\"@type\":\"BlogPosting\",\"@id\":\"https:\\\/\\\/www.eldigitaldeasturias.com\\\/noticias\\\/hollande-presidente-soltero-ante-el-reto-del-gran-recorte-del-gasto-publico\\\/#blogposting\",\"name\":\"Hollande, presidente soltero, ante el reto del gran recorte del gasto p\\u00fablico - El Digital de Asturias\",\"headline\":\"Hollande, presidente soltero, ante el reto del gran recorte del gasto p\\u00fablico\",\"author\":{\"@id\":\"https:\\\/\\\/www.eldigitaldeasturias.com\\\/noticias\\\/author\\\/admin\\\/#author\"},\"publisher\":{\"@id\":\"https:\\\/\\\/www.eldigitaldeasturias.com\\\/noticias\\\/#organization\"},\"image\":{\"@type\":\"ImageObject\",\"url\":\"https:\\\/\\\/www.eldigitaldeasturias.com\\\/noticias\\\/wp-content\\\/uploads\\\/2026\\\/06\\\/Contenidos.jpg\",\"width\":1265,\"height\":697,\"caption\":\"Contenidos\"},\"datePublished\":\"2014-01-27T00:04:07+01:00\",\"dateModified\":\"2014-01-27T00:04:07+01:00\",\"inLanguage\":\"es-ES\",\"mainEntityOfPage\":{\"@id\":\"https:\\\/\\\/www.eldigitaldeasturias.com\\\/noticias\\\/hollande-presidente-soltero-ante-el-reto-del-gran-recorte-del-gasto-publico\\\/#webpage\"},\"isPartOf\":{\"@id\":\"https:\\\/\\\/www.eldigitaldeasturias.com\\\/noticias\\\/hollande-presidente-soltero-ante-el-reto-del-gran-recorte-del-gasto-publico\\\/#webpage\"},\"articleSection\":\"Actualidad\"},{\"@type\":\"BreadcrumbList\",\"@id\":\"https:\\\/\\\/www.eldigitaldeasturias.com\\\/noticias\\\/hollande-presidente-soltero-ante-el-reto-del-gran-recorte-del-gasto-publico\\\/#breadcrumblist\",\"itemListElement\":[{\"@type\":\"ListItem\",\"@id\":\"https:\\\/\\\/www.eldigitaldeasturias.com\\\/noticias#listItem\",\"position\":1,\"name\":\"Home\",\"item\":\"https:\\\/\\\/www.eldigitaldeasturias.com\\\/noticias\",\"nextItem\":{\"@type\":\"ListItem\",\"@id\":\"https:\\\/\\\/www.eldigitaldeasturias.com\\\/noticias\\\/category\\\/actualidad\\\/#listItem\",\"name\":\"Actualidad\"}},{\"@type\":\"ListItem\",\"@id\":\"https:\\\/\\\/www.eldigitaldeasturias.com\\\/noticias\\\/category\\\/actualidad\\\/#listItem\",\"position\":2,\"name\":\"Actualidad\",\"item\":\"https:\\\/\\\/www.eldigitaldeasturias.com\\\/noticias\\\/category\\\/actualidad\\\/\",\"nextItem\":{\"@type\":\"ListItem\",\"@id\":\"https:\\\/\\\/www.eldigitaldeasturias.com\\\/noticias\\\/hollande-presidente-soltero-ante-el-reto-del-gran-recorte-del-gasto-publico\\\/#listItem\",\"name\":\"Hollande, presidente soltero, ante el reto del gran recorte del gasto p\\u00fablico\"},\"previousItem\":{\"@type\":\"ListItem\",\"@id\":\"https:\\\/\\\/www.eldigitaldeasturias.com\\\/noticias#listItem\",\"name\":\"Home\"}},{\"@type\":\"ListItem\",\"@id\":\"https:\\\/\\\/www.eldigitaldeasturias.com\\\/noticias\\\/hollande-presidente-soltero-ante-el-reto-del-gran-recorte-del-gasto-publico\\\/#listItem\",\"position\":3,\"name\":\"Hollande, presidente soltero, ante el reto del gran recorte del gasto p\\u00fablico\",\"previousItem\":{\"@type\":\"ListItem\",\"@id\":\"https:\\\/\\\/www.eldigitaldeasturias.com\\\/noticias\\\/category\\\/actualidad\\\/#listItem\",\"name\":\"Actualidad\"}}]},{\"@type\":\"Organization\",\"@id\":\"https:\\\/\\\/www.eldigitaldeasturias.com\\\/noticias\\\/#organization\",\"name\":\"El Digital de Asturias\",\"description\":\"Hemeroteca\",\"url\":\"https:\\\/\\\/www.eldigitaldeasturias.com\\\/noticias\\\/\",\"email\":\"info@eldigitaldeasturias.com\",\"telephone\":\"+34652131393\",\"logo\":{\"@type\":\"ImageObject\",\"url\":\"https:\\\/\\\/www.eldigitaldeasturias.com\\\/noticias\\\/wp-content\\\/uploads\\\/2020\\\/12\\\/EDA.jpg\",\"@id\":\"https:\\\/\\\/www.eldigitaldeasturias.com\\\/noticias\\\/hollande-presidente-soltero-ante-el-reto-del-gran-recorte-del-gasto-publico\\\/#organizationLogo\"},\"image\":{\"@id\":\"https:\\\/\\\/www.eldigitaldeasturias.com\\\/noticias\\\/hollande-presidente-soltero-ante-el-reto-del-gran-recorte-del-gasto-publico\\\/#organizationLogo\"},\"sameAs\":[\"https:\\\/\\\/facebook.com\\\/eldigitaldeasturias\",\"https:\\\/\\\/www.youtube.com\\\/channel\\\/UCZP-2wLEB9Rv6erhFmqVnvg\"],\"address\":{\"@id\":\"https:\\\/\\\/www.eldigitaldeasturias.com\\\/noticias\\\/#postaladdress\",\"@type\":\"PostalAddress\",\"streetAddress\":\"san antonio 4\",\"postalCode\":\"33430\",\"addressLocality\":\"Cand\\u00e1s\",\"addressRegion\":\"Asturias\",\"addressCountry\":\"ES\"}},{\"@type\":\"Person\",\"@id\":\"https:\\\/\\\/www.eldigitaldeasturias.com\\\/noticias\\\/author\\\/admin\\\/#author\",\"url\":\"https:\\\/\\\/www.eldigitaldeasturias.com\\\/noticias\\\/author\\\/admin\\\/\",\"name\":\"El Digital de Asturias\",\"image\":{\"@type\":\"ImageObject\",\"@id\":\"https:\\\/\\\/www.eldigitaldeasturias.com\\\/noticias\\\/hollande-presidente-soltero-ante-el-reto-del-gran-recorte-del-gasto-publico\\\/#authorImage\",\"url\":\"https:\\\/\\\/secure.gravatar.com\\\/avatar\\\/df2aeffc32bcd13f8d26072ef8a91b623d677766deac7f97ca815868cd41bf5e?s=96&d=mm&r=g\",\"width\":96,\"height\":96,\"caption\":\"El Digital de Asturias\"}},{\"@type\":\"WebPage\",\"@id\":\"https:\\\/\\\/www.eldigitaldeasturias.com\\\/noticias\\\/hollande-presidente-soltero-ante-el-reto-del-gran-recorte-del-gasto-publico\\\/#webpage\",\"url\":\"https:\\\/\\\/www.eldigitaldeasturias.com\\\/noticias\\\/hollande-presidente-soltero-ante-el-reto-del-gran-recorte-del-gasto-publico\\\/\",\"name\":\"Hollande, presidente soltero, ante el reto del gran recorte del gasto p\\u00fablico - El Digital de Asturias\",\"description\":\"Par\\u00eds, 26 ene (EFE).- El presidente franc\\u00e9s, Fran\\u00e7ois Hollande, que abre una nueva etapa personal tras separarse de la ya ex primera dama, se enfrenta ahora al reto de aplicar los recortes masivos del gasto p\\u00fablico que \\u00e9l mismo anunci\\u00f3. Hollande inicia un per\\u00edodo dominado en lo privado por la solter\\u00eda \\\"oficial\\\" desde que el\",\"inLanguage\":\"es-ES\",\"isPartOf\":{\"@id\":\"https:\\\/\\\/www.eldigitaldeasturias.com\\\/noticias\\\/#website\"},\"breadcrumb\":{\"@id\":\"https:\\\/\\\/www.eldigitaldeasturias.com\\\/noticias\\\/hollande-presidente-soltero-ante-el-reto-del-gran-recorte-del-gasto-publico\\\/#breadcrumblist\"},\"author\":{\"@id\":\"https:\\\/\\\/www.eldigitaldeasturias.com\\\/noticias\\\/author\\\/admin\\\/#author\"},\"creator\":{\"@id\":\"https:\\\/\\\/www.eldigitaldeasturias.com\\\/noticias\\\/author\\\/admin\\\/#author\"},\"image\":{\"@type\":\"ImageObject\",\"url\":\"https:\\\/\\\/www.eldigitaldeasturias.com\\\/noticias\\\/wp-content\\\/uploads\\\/2026\\\/06\\\/Contenidos.jpg\",\"@id\":\"https:\\\/\\\/www.eldigitaldeasturias.com\\\/noticias\\\/hollande-presidente-soltero-ante-el-reto-del-gran-recorte-del-gasto-publico\\\/#mainImage\",\"width\":1265,\"height\":697,\"caption\":\"Contenidos\"},\"primaryImageOfPage\":{\"@id\":\"https:\\\/\\\/www.eldigitaldeasturias.com\\\/noticias\\\/hollande-presidente-soltero-ante-el-reto-del-gran-recorte-del-gasto-publico\\\/#mainImage\"},\"datePublished\":\"2014-01-27T00:04:07+01:00\",\"dateModified\":\"2014-01-27T00:04:07+01:00\"},{\"@type\":\"WebSite\",\"@id\":\"https:\\\/\\\/www.eldigitaldeasturias.com\\\/noticias\\\/#website\",\"url\":\"https:\\\/\\\/www.eldigitaldeasturias.com\\\/noticias\\\/\",\"name\":\"El Digital de Asturias - Diario de actualidad y noticias\",\"alternateName\":\"El Digital de Asturias - Diario de actualidad y noticias\",\"description\":\"Hemeroteca\",\"inLanguage\":\"es-ES\",\"publisher\":{\"@id\":\"https:\\\/\\\/www.eldigitaldeasturias.com\\\/noticias\\\/#organization\"}}]}\n\t\t<\/script>\n\t\t<!-- All in One SEO Pro -->\r\n\t\t<title>Hollande, presidente soltero, ante el reto del gran recorte del gasto p\u00fablico - El Digital de Asturias<\/title>\n\n","aioseo_head_json":{"title":"Hollande, presidente soltero, ante el reto del gran recorte del gasto p\u00fablico - El Digital de Asturias","description":"Par\u00eds, 26 ene (EFE).- El presidente franc\u00e9s, Fran\u00e7ois Hollande, que abre una nueva etapa personal tras separarse de la ya ex primera dama, se enfrenta ahora al reto de aplicar los recortes masivos del gasto p\u00fablico que \u00e9l mismo anunci\u00f3. Hollande inicia un per\u00edodo dominado en lo privado por la solter\u00eda \"oficial\" desde que el","canonical_url":"https:\/\/www.eldigitaldeasturias.com\/noticias\/hollande-presidente-soltero-ante-el-reto-del-gran-recorte-del-gasto-publico\/","robots":"max-image-preview:large","keywords":"actualidad","webmasterTools":{"google-site-verification":"UA-38556648-1","msvalidate.01":"7dfe9f3f1b24437ab69f4f2559babe99","miscellaneous":""},"schema":{"@context":"https:\/\/schema.org","@graph":[{"@type":"BlogPosting","@id":"https:\/\/www.eldigitaldeasturias.com\/noticias\/hollande-presidente-soltero-ante-el-reto-del-gran-recorte-del-gasto-publico\/#blogposting","name":"Hollande, presidente soltero, ante el reto del gran recorte del gasto p\u00fablico - El Digital de Asturias","headline":"Hollande, presidente soltero, ante el reto del gran recorte del gasto p\u00fablico","author":{"@id":"https:\/\/www.eldigitaldeasturias.com\/noticias\/author\/admin\/#author"},"publisher":{"@id":"https:\/\/www.eldigitaldeasturias.com\/noticias\/#organization"},"image":{"@type":"ImageObject","url":"https:\/\/www.eldigitaldeasturias.com\/noticias\/wp-content\/uploads\/2026\/06\/Contenidos.jpg","width":1265,"height":697,"caption":"Contenidos"},"datePublished":"2014-01-27T00:04:07+01:00","dateModified":"2014-01-27T00:04:07+01:00","inLanguage":"es-ES","mainEntityOfPage":{"@id":"https:\/\/www.eldigitaldeasturias.com\/noticias\/hollande-presidente-soltero-ante-el-reto-del-gran-recorte-del-gasto-publico\/#webpage"},"isPartOf":{"@id":"https:\/\/www.eldigitaldeasturias.com\/noticias\/hollande-presidente-soltero-ante-el-reto-del-gran-recorte-del-gasto-publico\/#webpage"},"articleSection":"Actualidad"},{"@type":"BreadcrumbList","@id":"https:\/\/www.eldigitaldeasturias.com\/noticias\/hollande-presidente-soltero-ante-el-reto-del-gran-recorte-del-gasto-publico\/#breadcrumblist","itemListElement":[{"@type":"ListItem","@id":"https:\/\/www.eldigitaldeasturias.com\/noticias#listItem","position":1,"name":"Home","item":"https:\/\/www.eldigitaldeasturias.com\/noticias","nextItem":{"@type":"ListItem","@id":"https:\/\/www.eldigitaldeasturias.com\/noticias\/category\/actualidad\/#listItem","name":"Actualidad"}},{"@type":"ListItem","@id":"https:\/\/www.eldigitaldeasturias.com\/noticias\/category\/actualidad\/#listItem","position":2,"name":"Actualidad","item":"https:\/\/www.eldigitaldeasturias.com\/noticias\/category\/actualidad\/","nextItem":{"@type":"ListItem","@id":"https:\/\/www.eldigitaldeasturias.com\/noticias\/hollande-presidente-soltero-ante-el-reto-del-gran-recorte-del-gasto-publico\/#listItem","name":"Hollande, presidente soltero, ante el reto del gran recorte del gasto p\u00fablico"},"previousItem":{"@type":"ListItem","@id":"https:\/\/www.eldigitaldeasturias.com\/noticias#listItem","name":"Home"}},{"@type":"ListItem","@id":"https:\/\/www.eldigitaldeasturias.com\/noticias\/hollande-presidente-soltero-ante-el-reto-del-gran-recorte-del-gasto-publico\/#listItem","position":3,"name":"Hollande, presidente soltero, ante el reto del gran recorte del gasto p\u00fablico","previousItem":{"@type":"ListItem","@id":"https:\/\/www.eldigitaldeasturias.com\/noticias\/category\/actualidad\/#listItem","name":"Actualidad"}}]},{"@type":"Organization","@id":"https:\/\/www.eldigitaldeasturias.com\/noticias\/#organization","name":"El Digital de Asturias","description":"Hemeroteca","url":"https:\/\/www.eldigitaldeasturias.com\/noticias\/","email":"info@eldigitaldeasturias.com","telephone":"+34652131393","logo":{"@type":"ImageObject","url":"https:\/\/www.eldigitaldeasturias.com\/noticias\/wp-content\/uploads\/2020\/12\/EDA.jpg","@id":"https:\/\/www.eldigitaldeasturias.com\/noticias\/hollande-presidente-soltero-ante-el-reto-del-gran-recorte-del-gasto-publico\/#organizationLogo"},"image":{"@id":"https:\/\/www.eldigitaldeasturias.com\/noticias\/hollande-presidente-soltero-ante-el-reto-del-gran-recorte-del-gasto-publico\/#organizationLogo"},"sameAs":["https:\/\/facebook.com\/eldigitaldeasturias","https:\/\/www.youtube.com\/channel\/UCZP-2wLEB9Rv6erhFmqVnvg"],"address":{"@id":"https:\/\/www.eldigitaldeasturias.com\/noticias\/#postaladdress","@type":"PostalAddress","streetAddress":"san antonio 4","postalCode":"33430","addressLocality":"Cand\u00e1s","addressRegion":"Asturias","addressCountry":"ES"}},{"@type":"Person","@id":"https:\/\/www.eldigitaldeasturias.com\/noticias\/author\/admin\/#author","url":"https:\/\/www.eldigitaldeasturias.com\/noticias\/author\/admin\/","name":"El Digital de Asturias","image":{"@type":"ImageObject","@id":"https:\/\/www.eldigitaldeasturias.com\/noticias\/hollande-presidente-soltero-ante-el-reto-del-gran-recorte-del-gasto-publico\/#authorImage","url":"https:\/\/secure.gravatar.com\/avatar\/df2aeffc32bcd13f8d26072ef8a91b623d677766deac7f97ca815868cd41bf5e?s=96&d=mm&r=g","width":96,"height":96,"caption":"El Digital de Asturias"}},{"@type":"WebPage","@id":"https:\/\/www.eldigitaldeasturias.com\/noticias\/hollande-presidente-soltero-ante-el-reto-del-gran-recorte-del-gasto-publico\/#webpage","url":"https:\/\/www.eldigitaldeasturias.com\/noticias\/hollande-presidente-soltero-ante-el-reto-del-gran-recorte-del-gasto-publico\/","name":"Hollande, presidente soltero, ante el reto del gran recorte del gasto p\u00fablico - El Digital de Asturias","description":"Par\u00eds, 26 ene (EFE).- El presidente franc\u00e9s, Fran\u00e7ois Hollande, que abre una nueva etapa personal tras separarse de la ya ex primera dama, se enfrenta ahora al reto de aplicar los recortes masivos del gasto p\u00fablico que \u00e9l mismo anunci\u00f3. Hollande inicia un per\u00edodo dominado en lo privado por la solter\u00eda \"oficial\" desde que el","inLanguage":"es-ES","isPartOf":{"@id":"https:\/\/www.eldigitaldeasturias.com\/noticias\/#website"},"breadcrumb":{"@id":"https:\/\/www.eldigitaldeasturias.com\/noticias\/hollande-presidente-soltero-ante-el-reto-del-gran-recorte-del-gasto-publico\/#breadcrumblist"},"author":{"@id":"https:\/\/www.eldigitaldeasturias.com\/noticias\/author\/admin\/#author"},"creator":{"@id":"https:\/\/www.eldigitaldeasturias.com\/noticias\/author\/admin\/#author"},"image":{"@type":"ImageObject","url":"https:\/\/www.eldigitaldeasturias.com\/noticias\/wp-content\/uploads\/2026\/06\/Contenidos.jpg","@id":"https:\/\/www.eldigitaldeasturias.com\/noticias\/hollande-presidente-soltero-ante-el-reto-del-gran-recorte-del-gasto-publico\/#mainImage","width":1265,"height":697,"caption":"Contenidos"},"primaryImageOfPage":{"@id":"https:\/\/www.eldigitaldeasturias.com\/noticias\/hollande-presidente-soltero-ante-el-reto-del-gran-recorte-del-gasto-publico\/#mainImage"},"datePublished":"2014-01-27T00:04:07+01:00","dateModified":"2014-01-27T00:04:07+01:00"},{"@type":"WebSite","@id":"https:\/\/www.eldigitaldeasturias.com\/noticias\/#website","url":"https:\/\/www.eldigitaldeasturias.com\/noticias\/","name":"El Digital de Asturias - Diario de actualidad y noticias","alternateName":"El Digital de Asturias - Diario de actualidad y noticias","description":"Hemeroteca","inLanguage":"es-ES","publisher":{"@id":"https:\/\/www.eldigitaldeasturias.com\/noticias\/#organization"}}]},"og:locale":"es_ES","og:site_name":"El Digital de Asturias","og:type":"article","og:title":"Hollande, presidente soltero, ante el reto del gran recorte del gasto p\u00fablico - El Digital de Asturias","og:description":"Par\u00eds, 26 ene (EFE).- El presidente franc\u00e9s, Fran\u00e7ois Hollande, que abre una nueva etapa personal tras separarse de la ya ex primera dama, se enfrenta ahora al reto de aplicar los recortes masivos del gasto p\u00fablico que \u00e9l mismo anunci\u00f3. Hollande inicia un per\u00edodo dominado en lo privado por la solter\u00eda &quot;oficial&quot; desde que el","og:url":"https:\/\/www.eldigitaldeasturias.com\/noticias\/hollande-presidente-soltero-ante-el-reto-del-gran-recorte-del-gasto-publico\/","og:image":"https:\/\/www.eldigitaldeasturias.com\/noticias\/wp-content\/uploads\/2026\/06\/Contenidos.jpg","og:image:secure_url":"https:\/\/www.eldigitaldeasturias.com\/noticias\/wp-content\/uploads\/2026\/06\/Contenidos.jpg","og:image:width":1265,"og:image:height":697,"article:tag":["actualidad"],"article:published_time":"2014-01-27T01:04:07+00:00","article:modified_time":"2014-01-27T01:04:07+00:00","article:publisher":"https:\/\/facebook.com\/eldigitaldeasturias","twitter:card":"summary_large_image","twitter:title":"Hollande, presidente soltero, ante el reto del gran recorte del gasto p\u00fablico - El Digital de Asturias","twitter:description":"Par\u00eds, 26 ene (EFE).- El presidente franc\u00e9s, Fran\u00e7ois Hollande, que abre una nueva etapa personal tras separarse de la ya ex primera dama, se enfrenta ahora al reto de aplicar los recortes masivos del gasto p\u00fablico que \u00e9l mismo anunci\u00f3. Hollande inicia un per\u00edodo dominado en lo privado por la solter\u00eda &quot;oficial&quot; desde que el","twitter:image":"https:\/\/www.eldigitaldeasturias.com\/noticias\/wp-content\/uploads\/2026\/06\/Contenidos.jpg","twitter:label1":"Escrito por","twitter:data1":"El Digital de Asturias","twitter:label2":"Tiempo de lectura estimado","twitter:data2":"4 minutos"},"aioseo_meta_data":{"post_id":"479310","title":null,"description":null,"keywords":null,"keyphrases":null,"primary_term":null,"canonical_url":null,"og_title":null,"og_description":null,"og_object_type":"default","og_image_type":"default","og_image_url":null,"og_image_width":null,"og_image_height":null,"og_image_custom_url":null,"og_image_custom_fields":null,"og_video":null,"og_custom_url":null,"og_article_section":null,"og_article_tags":null,"twitter_use_og":true,"twitter_card":"default","twitter_image_type":"default","twitter_image_url":null,"twitter_image_custom_url":null,"twitter_image_custom_fields":null,"twitter_title":null,"twitter_description":null,"schema":{"blockGraphs":[],"customGraphs":[],"default":{"data":{"Article":[],"Course":[],"Dataset":[],"FAQPage":[],"Movie":[],"Person":[],"Product":[],"ProductReview":[],"Car":[],"Recipe":[],"Service":[],"SoftwareApplication":[],"WebPage":[]},"graphName":"","isEnabled":true},"graphs":[],"defaultGraph":"","defaultPostTypeGraph":""},"schema_type":null,"schema_type_options":null,"pillar_content":false,"robots_default":true,"robots_noindex":false,"robots_noarchive":false,"robots_nosnippet":false,"robots_nofollow":false,"robots_noimageindex":false,"robots_noodp":false,"robots_notranslate":false,"robots_max_snippet":null,"robots_max_videopreview":null,"robots_max_imagepreview":"none","priority":null,"frequency":null,"local_seo":null,"seo_analyzer_scan_date":"2026-06-02 00:06:44","breadcrumb_settings":null,"limit_modified_date":false,"open_ai":null,"ai":null,"created":"2020-11-14 22:54:03","updated":"2026-06-02 00:06:44","focus_keyword":null,"additional_keywords":null,"truseo_locale":null},"aioseo_breadcrumb":"<div class=\"aioseo-breadcrumbs\"><span class=\"aioseo-breadcrumb\">\n\t<a href=\"https:\/\/www.eldigitaldeasturias.com\/noticias\" title=\"Home\">Home<\/a>\n<\/span><span class=\"aioseo-breadcrumb-separator\">\u2013<\/span><span class=\"aioseo-breadcrumb\">\n\t<a href=\"https:\/\/www.eldigitaldeasturias.com\/noticias\/category\/actualidad\/\" title=\"Actualidad\">Actualidad<\/a>\n<\/span><span class=\"aioseo-breadcrumb-separator\">\u2013<\/span><span class=\"aioseo-breadcrumb\">\n\t<a href=\"https:\/\/www.eldigitaldeasturias.com\/noticias\/hollande-presidente-soltero-ante-el-reto-del-gran-recorte-del-gasto-publico\/\" title=\"Hollande, presidente soltero, ante el reto del gran recorte del gasto p\u00fablico\">Hollande, presidente soltero, ante el reto del gran recorte del gasto p\u00fablico<\/a>\n<\/span><\/div>","aioseo_breadcrumb_json":[{"label":"Home","link":"https:\/\/www.eldigitaldeasturias.com\/noticias"},{"label":"Actualidad","link":"https:\/\/www.eldigitaldeasturias.com\/noticias\/category\/actualidad\/"},{"label":"Hollande, presidente soltero, ante el reto del gran recorte del gasto p\u00fablico","link":"https:\/\/www.eldigitaldeasturias.com\/noticias\/hollande-presidente-soltero-ante-el-reto-del-gran-recorte-del-gasto-publico\/"}],"_links":{"self":[{"href":"https:\/\/www.eldigitaldeasturias.com\/noticias\/wp-json\/wp\/v2\/posts\/479310","targetHints":{"allow":["GET"]}}],"collection":[{"href":"https:\/\/www.eldigitaldeasturias.com\/noticias\/wp-json\/wp\/v2\/posts"}],"about":[{"href":"https:\/\/www.eldigitaldeasturias.com\/noticias\/wp-json\/wp\/v2\/types\/post"}],"author":[{"embeddable":true,"href":"https:\/\/www.eldigitaldeasturias.com\/noticias\/wp-json\/wp\/v2\/users\/1"}],"replies":[{"embeddable":true,"href":"https:\/\/www.eldigitaldeasturias.com\/noticias\/wp-json\/wp\/v2\/comments?post=479310"}],"version-history":[{"count":0,"href":"https:\/\/www.eldigitaldeasturias.com\/noticias\/wp-json\/wp\/v2\/posts\/479310\/revisions"}],"wp:featuredmedia":[{"embeddable":true,"href":"https:\/\/www.eldigitaldeasturias.com\/noticias\/wp-json\/wp\/v2\/media\/1132184"}],"wp:attachment":[{"href":"https:\/\/www.eldigitaldeasturias.com\/noticias\/wp-json\/wp\/v2\/media?parent=479310"}],"wp:term":[{"taxonomy":"category","embeddable":true,"href":"https:\/\/www.eldigitaldeasturias.com\/noticias\/wp-json\/wp\/v2\/categories?post=479310"},{"taxonomy":"post_tag","embeddable":true,"href":"https:\/\/www.eldigitaldeasturias.com\/noticias\/wp-json\/wp\/v2\/tags?post=479310"}],"curies":[{"name":"wp","href":"https:\/\/api.w.org\/{rel}","templated":true}]}}