{"id":479304,"date":"2014-01-27T00:01:30","date_gmt":"2014-01-27T01:01:30","guid":{"rendered":"http:\/\/www.eldigitaldeasturias.com\/noticias\/?p=479304"},"modified":"2014-01-27T00:01:30","modified_gmt":"2014-01-27T01:01:30","slug":"mata-agradece-el-apoyo-de-los-aficionados-del-chelsea","status":"publish","type":"post","link":"https:\/\/www.eldigitaldeasturias.com\/noticias\/mata-agradece-el-apoyo-de-los-aficionados-del-chelsea\/","title":{"rendered":"Mata agradece el apoyo de los aficionados del Chelsea"},"content":{"rendered":"<p><img loading=\"lazy\" decoding=\"async\" class=\"alignleft size-medium wp-image-479305\" alt=\"5877695w\" src=\"https:\/\/www.eldigitaldeasturias.com\/noticias\/wp-content\/uploads\/2014\/01\/5877695w-360x276.jpg\" width=\"360\" height=\"276\" \/>Londres, 26 ene (EFE).- El espa\u00f1ol Juan Mata, que ha fichado por el Manchester United, agradeci\u00f3 hoy a los aficionados del Chelsea el apoyo que ha recibido durante sus m\u00e1s de dos a\u00f1os en el club londinense.<\/p>\n<p>En una carta enviada a los seguidores del Chelsea divulgada hoy, Mata afirma que no olvidar\u00e1 el afecto recibido desde el primer d\u00eda y que gracias a ese apoyo ha crecido como jugador.<\/p>\n<p>\u00abMuchas gracias por la forma en que me hab\u00e9is tratado, hab\u00e9is sido incre\u00edbles\u00bb, resalta Mata en su misiva, en la que afirma que su partida al United le ayudar\u00e1 a seguir disfrutando del f\u00fatbol.<\/p>\n<p>\u00abAgradezco a todos mis excompa\u00f1eros de equipo por estos dos a\u00f1os y medio y les deseo lo mejor para el futuro. Por supuesto que he estado m\u00e1s unido a algunos de ellos, pero lo m\u00e1s importante es que mis a\u00f1os en el Chelsea me han dejado grandes amigos\u00bb, agrega.<\/p>\n<p>Al mismo tiempo, el espa\u00f1ol agradece al entrenador del Chelsea, Jos\u00e9 Mourinho, el hecho de haberle ayudado a ser un jugador \u00abm\u00e1s fuerte\u00bb porque en los momentos dif\u00edciles aprendi\u00f3 \u00aba ser positivo y seguir trabajando duro\u00bb.<\/p>\n<p>\u00abY por \u00faltimo quiero agradecer al club, en especial a su due\u00f1o, Roman Abramovich, por confiar en m\u00ed y hacer una gran inversi\u00f3n cuando me contrat\u00f3\u00bb, subray\u00f3.<\/p>\n<p>El Manchester United ha desembolsado 45 millones de euros al Chelsea, una cifra r\u00e9cord en la historia del vigente campe\u00f3n de la Premier.<\/p>\n<p>Mata lucir\u00e1 el n\u00famero siete y su compromiso con la entidad &#8216;red&#8217; es para lo que resta de curso y cuatro temporadas m\u00e1s.<\/p>\n<p>Juan Mata, de 25 a\u00f1os y 32 veces internacional con la selecci\u00f3n espa\u00f1ola, disput\u00f3 135 partidos con el Chelsea, al que lleg\u00f3 en 2011 procedente del Valencia.<\/p>\n<p>El centrocampista espa\u00f1ol, que este s\u00e1bado se someti\u00f3 a los pertinentes reconocimientos m\u00e9dicos con el Manchester, ser\u00e1 presentado a la prensa este lunes en el estadio del club ingl\u00e9s.<\/p>\n","protected":false},"excerpt":{"rendered":"<p>Londres, 26 ene (EFE).- El espa\u00f1ol Juan Mata, que ha fichado por el Manchester United, agradeci\u00f3 hoy a los aficionados del Chelsea el apoyo que ha recibido durante sus m\u00e1s de dos a\u00f1os en el club londinense. En una carta enviada a los seguidores del Chelsea divulgada hoy, Mata afirma que no olvidar\u00e1 el afecto [&hellip;]<\/p>\n","protected":false},"author":1,"featured_media":1132184,"comment_status":"closed","ping_status":"open","sticky":false,"template":"","format":"standard","meta":{"footnotes":""},"categories":[1],"tags":[],"class_list":["post-479304","post","type-post","status-publish","format-standard","has-post-thumbnail","hentry","category-actualidad"],"aioseo_notices":[],"aioseo_head":"\n\t\t<!-- All in One SEO Pro 5.0.1 - aioseo.com -->\n\t<meta name=\"description\" content=\"Londres, 26 ene (EFE).- El espa\u00f1ol Juan Mata, que ha fichado por el Manchester United, agradeci\u00f3 hoy a los aficionados del Chelsea el apoyo que ha recibido durante sus m\u00e1s de dos a\u00f1os en el club londinense. En una carta enviada a los seguidores del Chelsea divulgada hoy, Mata afirma que no olvidar\u00e1 el afecto\" \/>\n\t<meta name=\"robots\" content=\"max-image-preview:large\" \/>\n\t<meta name=\"author\" content=\"El Digital de Asturias\"\/>\n\t<meta name=\"google-site-verification\" content=\"UA-38556648-1\" \/>\n\t<meta name=\"msvalidate.01\" content=\"7dfe9f3f1b24437ab69f4f2559babe99\" \/>\n\t<meta name=\"keywords\" content=\"actualidad\" \/>\n\t<link rel=\"canonical\" href=\"https:\/\/www.eldigitaldeasturias.com\/noticias\/mata-agradece-el-apoyo-de-los-aficionados-del-chelsea\/\" \/>\n\t<meta name=\"generator\" content=\"All in One SEO Pro (AIOSEO) 5.0.1\" \/>\n\t\t<meta property=\"og:locale\" content=\"es_ES\" \/>\n\t\t<meta property=\"og:site_name\" content=\"El Digital de Asturias\" \/>\n\t\t<meta property=\"og:type\" content=\"article\" \/>\n\t\t<meta property=\"og:title\" content=\"Mata agradece el apoyo de los aficionados del Chelsea - El Digital de Asturias\" \/>\n\t\t<meta property=\"og:description\" content=\"Londres, 26 ene (EFE).- El espa\u00f1ol Juan Mata, que ha fichado por el Manchester United, agradeci\u00f3 hoy a los aficionados del Chelsea el apoyo que ha recibido durante sus m\u00e1s de dos a\u00f1os en el club londinense. En una carta enviada a los seguidores del Chelsea divulgada hoy, Mata afirma que no olvidar\u00e1 el afecto\" \/>\n\t\t<meta property=\"og:url\" content=\"https:\/\/www.eldigitaldeasturias.com\/noticias\/mata-agradece-el-apoyo-de-los-aficionados-del-chelsea\/\" \/>\n\t\t<meta property=\"og:image\" content=\"https:\/\/www.eldigitaldeasturias.com\/noticias\/wp-content\/uploads\/2026\/06\/Contenidos.jpg\" \/>\n\t\t<meta property=\"og:image:secure_url\" content=\"https:\/\/www.eldigitaldeasturias.com\/noticias\/wp-content\/uploads\/2026\/06\/Contenidos.jpg\" \/>\n\t\t<meta property=\"og:image:width\" content=\"1265\" \/>\n\t\t<meta property=\"og:image:height\" content=\"697\" \/>\n\t\t<meta property=\"article:tag\" content=\"actualidad\" \/>\n\t\t<meta property=\"article:published_time\" content=\"2014-01-27T01:01:30+00:00\" \/>\n\t\t<meta property=\"article:modified_time\" content=\"2014-01-27T01:01:30+00:00\" \/>\n\t\t<meta property=\"article:publisher\" content=\"https:\/\/facebook.com\/eldigitaldeasturias\" \/>\n\t\t<meta name=\"twitter:card\" content=\"summary_large_image\" \/>\n\t\t<meta name=\"twitter:title\" content=\"Mata agradece el apoyo de los aficionados del Chelsea - El Digital de Asturias\" \/>\n\t\t<meta name=\"twitter:description\" content=\"Londres, 26 ene (EFE).- El espa\u00f1ol Juan Mata, que ha fichado por el Manchester United, agradeci\u00f3 hoy a los aficionados del Chelsea el apoyo que ha recibido durante sus m\u00e1s de dos a\u00f1os en el club londinense. En una carta enviada a los seguidores del Chelsea divulgada hoy, Mata afirma que no olvidar\u00e1 el afecto\" \/>\n\t\t<meta name=\"twitter:image\" content=\"https:\/\/www.eldigitaldeasturias.com\/noticias\/wp-content\/uploads\/2026\/06\/Contenidos.jpg\" \/>\n\t\t<meta name=\"twitter:label1\" content=\"Escrito por\" \/>\n\t\t<meta name=\"twitter:data1\" content=\"El Digital de Asturias\" \/>\n\t\t<meta name=\"twitter:label2\" content=\"Tiempo de lectura estimado\" \/>\n\t\t<meta name=\"twitter:data2\" content=\"2 minutos\" \/>\n\t\t<script type=\"application\/ld+json\" class=\"aioseo-schema\">\n\t\t\t{\"@context\":\"https:\\\/\\\/schema.org\",\"@graph\":[{\"@type\":\"BlogPosting\",\"@id\":\"https:\\\/\\\/www.eldigitaldeasturias.com\\\/noticias\\\/mata-agradece-el-apoyo-de-los-aficionados-del-chelsea\\\/#blogposting\",\"name\":\"Mata agradece el apoyo de los aficionados del Chelsea - El Digital de Asturias\",\"headline\":\"Mata agradece el apoyo de los aficionados del Chelsea\",\"author\":{\"@id\":\"https:\\\/\\\/www.eldigitaldeasturias.com\\\/noticias\\\/author\\\/admin\\\/#author\"},\"publisher\":{\"@id\":\"https:\\\/\\\/www.eldigitaldeasturias.com\\\/noticias\\\/#organization\"},\"image\":{\"@type\":\"ImageObject\",\"url\":\"https:\\\/\\\/www.eldigitaldeasturias.com\\\/noticias\\\/wp-content\\\/uploads\\\/2026\\\/06\\\/Contenidos.jpg\",\"width\":1265,\"height\":697,\"caption\":\"Contenidos\"},\"datePublished\":\"2014-01-27T00:01:30+01:00\",\"dateModified\":\"2014-01-27T00:01:30+01:00\",\"inLanguage\":\"es-ES\",\"mainEntityOfPage\":{\"@id\":\"https:\\\/\\\/www.eldigitaldeasturias.com\\\/noticias\\\/mata-agradece-el-apoyo-de-los-aficionados-del-chelsea\\\/#webpage\"},\"isPartOf\":{\"@id\":\"https:\\\/\\\/www.eldigitaldeasturias.com\\\/noticias\\\/mata-agradece-el-apoyo-de-los-aficionados-del-chelsea\\\/#webpage\"},\"articleSection\":\"Actualidad\"},{\"@type\":\"BreadcrumbList\",\"@id\":\"https:\\\/\\\/www.eldigitaldeasturias.com\\\/noticias\\\/mata-agradece-el-apoyo-de-los-aficionados-del-chelsea\\\/#breadcrumblist\",\"itemListElement\":[{\"@type\":\"ListItem\",\"@id\":\"https:\\\/\\\/www.eldigitaldeasturias.com\\\/noticias#listItem\",\"position\":1,\"name\":\"Home\",\"item\":\"https:\\\/\\\/www.eldigitaldeasturias.com\\\/noticias\",\"nextItem\":{\"@type\":\"ListItem\",\"@id\":\"https:\\\/\\\/www.eldigitaldeasturias.com\\\/noticias\\\/category\\\/actualidad\\\/#listItem\",\"name\":\"Actualidad\"}},{\"@type\":\"ListItem\",\"@id\":\"https:\\\/\\\/www.eldigitaldeasturias.com\\\/noticias\\\/category\\\/actualidad\\\/#listItem\",\"position\":2,\"name\":\"Actualidad\",\"item\":\"https:\\\/\\\/www.eldigitaldeasturias.com\\\/noticias\\\/category\\\/actualidad\\\/\",\"nextItem\":{\"@type\":\"ListItem\",\"@id\":\"https:\\\/\\\/www.eldigitaldeasturias.com\\\/noticias\\\/mata-agradece-el-apoyo-de-los-aficionados-del-chelsea\\\/#listItem\",\"name\":\"Mata agradece el apoyo de los aficionados del Chelsea\"},\"previousItem\":{\"@type\":\"ListItem\",\"@id\":\"https:\\\/\\\/www.eldigitaldeasturias.com\\\/noticias#listItem\",\"name\":\"Home\"}},{\"@type\":\"ListItem\",\"@id\":\"https:\\\/\\\/www.eldigitaldeasturias.com\\\/noticias\\\/mata-agradece-el-apoyo-de-los-aficionados-del-chelsea\\\/#listItem\",\"position\":3,\"name\":\"Mata agradece el apoyo de los aficionados del Chelsea\",\"previousItem\":{\"@type\":\"ListItem\",\"@id\":\"https:\\\/\\\/www.eldigitaldeasturias.com\\\/noticias\\\/category\\\/actualidad\\\/#listItem\",\"name\":\"Actualidad\"}}]},{\"@type\":\"Organization\",\"@id\":\"https:\\\/\\\/www.eldigitaldeasturias.com\\\/noticias\\\/#organization\",\"name\":\"El Digital de Asturias\",\"description\":\"Hemeroteca\",\"url\":\"https:\\\/\\\/www.eldigitaldeasturias.com\\\/noticias\\\/\",\"email\":\"info@eldigitaldeasturias.com\",\"telephone\":\"+34652131393\",\"logo\":{\"@type\":\"ImageObject\",\"url\":\"https:\\\/\\\/www.eldigitaldeasturias.com\\\/noticias\\\/wp-content\\\/uploads\\\/2020\\\/12\\\/EDA.jpg\",\"@id\":\"https:\\\/\\\/www.eldigitaldeasturias.com\\\/noticias\\\/mata-agradece-el-apoyo-de-los-aficionados-del-chelsea\\\/#organizationLogo\"},\"image\":{\"@id\":\"https:\\\/\\\/www.eldigitaldeasturias.com\\\/noticias\\\/mata-agradece-el-apoyo-de-los-aficionados-del-chelsea\\\/#organizationLogo\"},\"sameAs\":[\"https:\\\/\\\/facebook.com\\\/eldigitaldeasturias\",\"https:\\\/\\\/www.youtube.com\\\/channel\\\/UCZP-2wLEB9Rv6erhFmqVnvg\"],\"address\":{\"@id\":\"https:\\\/\\\/www.eldigitaldeasturias.com\\\/noticias\\\/#postaladdress\",\"@type\":\"PostalAddress\",\"streetAddress\":\"san antonio 4\",\"postalCode\":\"33430\",\"addressLocality\":\"Cand\\u00e1s\",\"addressRegion\":\"Asturias\",\"addressCountry\":\"ES\"}},{\"@type\":\"Person\",\"@id\":\"https:\\\/\\\/www.eldigitaldeasturias.com\\\/noticias\\\/author\\\/admin\\\/#author\",\"url\":\"https:\\\/\\\/www.eldigitaldeasturias.com\\\/noticias\\\/author\\\/admin\\\/\",\"name\":\"El Digital de Asturias\",\"image\":{\"@type\":\"ImageObject\",\"@id\":\"https:\\\/\\\/www.eldigitaldeasturias.com\\\/noticias\\\/mata-agradece-el-apoyo-de-los-aficionados-del-chelsea\\\/#authorImage\",\"url\":\"https:\\\/\\\/secure.gravatar.com\\\/avatar\\\/df2aeffc32bcd13f8d26072ef8a91b623d677766deac7f97ca815868cd41bf5e?s=96&d=mm&r=g\",\"width\":96,\"height\":96,\"caption\":\"El Digital de Asturias\"}},{\"@type\":\"WebPage\",\"@id\":\"https:\\\/\\\/www.eldigitaldeasturias.com\\\/noticias\\\/mata-agradece-el-apoyo-de-los-aficionados-del-chelsea\\\/#webpage\",\"url\":\"https:\\\/\\\/www.eldigitaldeasturias.com\\\/noticias\\\/mata-agradece-el-apoyo-de-los-aficionados-del-chelsea\\\/\",\"name\":\"Mata agradece el apoyo de los aficionados del Chelsea - El Digital de Asturias\",\"description\":\"Londres, 26 ene (EFE).- El espa\\u00f1ol Juan Mata, que ha fichado por el Manchester United, agradeci\\u00f3 hoy a los aficionados del Chelsea el apoyo que ha recibido durante sus m\\u00e1s de dos a\\u00f1os en el club londinense. En una carta enviada a los seguidores del Chelsea divulgada hoy, Mata afirma que no olvidar\\u00e1 el afecto\",\"inLanguage\":\"es-ES\",\"isPartOf\":{\"@id\":\"https:\\\/\\\/www.eldigitaldeasturias.com\\\/noticias\\\/#website\"},\"breadcrumb\":{\"@id\":\"https:\\\/\\\/www.eldigitaldeasturias.com\\\/noticias\\\/mata-agradece-el-apoyo-de-los-aficionados-del-chelsea\\\/#breadcrumblist\"},\"author\":{\"@id\":\"https:\\\/\\\/www.eldigitaldeasturias.com\\\/noticias\\\/author\\\/admin\\\/#author\"},\"creator\":{\"@id\":\"https:\\\/\\\/www.eldigitaldeasturias.com\\\/noticias\\\/author\\\/admin\\\/#author\"},\"image\":{\"@type\":\"ImageObject\",\"url\":\"https:\\\/\\\/www.eldigitaldeasturias.com\\\/noticias\\\/wp-content\\\/uploads\\\/2026\\\/06\\\/Contenidos.jpg\",\"@id\":\"https:\\\/\\\/www.eldigitaldeasturias.com\\\/noticias\\\/mata-agradece-el-apoyo-de-los-aficionados-del-chelsea\\\/#mainImage\",\"width\":1265,\"height\":697,\"caption\":\"Contenidos\"},\"primaryImageOfPage\":{\"@id\":\"https:\\\/\\\/www.eldigitaldeasturias.com\\\/noticias\\\/mata-agradece-el-apoyo-de-los-aficionados-del-chelsea\\\/#mainImage\"},\"datePublished\":\"2014-01-27T00:01:30+01:00\",\"dateModified\":\"2014-01-27T00:01:30+01:00\"},{\"@type\":\"WebSite\",\"@id\":\"https:\\\/\\\/www.eldigitaldeasturias.com\\\/noticias\\\/#website\",\"url\":\"https:\\\/\\\/www.eldigitaldeasturias.com\\\/noticias\\\/\",\"name\":\"El Digital de Asturias - Diario de actualidad y noticias\",\"alternateName\":\"El Digital de Asturias - Diario de actualidad y noticias\",\"description\":\"Hemeroteca\",\"inLanguage\":\"es-ES\",\"publisher\":{\"@id\":\"https:\\\/\\\/www.eldigitaldeasturias.com\\\/noticias\\\/#organization\"}}]}\n\t\t<\/script>\n\t\t<!-- All in One SEO Pro -->\r\n\t\t<title>Mata agradece el apoyo de los aficionados del Chelsea - El Digital de Asturias<\/title>\n\n","aioseo_head_json":{"title":"Mata agradece el apoyo de los aficionados del Chelsea - El Digital de Asturias","description":"Londres, 26 ene (EFE).- El espa\u00f1ol Juan Mata, que ha fichado por el Manchester United, agradeci\u00f3 hoy a los aficionados del Chelsea el apoyo que ha recibido durante sus m\u00e1s de dos a\u00f1os en el club londinense. En una carta enviada a los seguidores del Chelsea divulgada hoy, Mata afirma que no olvidar\u00e1 el afecto","canonical_url":"https:\/\/www.eldigitaldeasturias.com\/noticias\/mata-agradece-el-apoyo-de-los-aficionados-del-chelsea\/","robots":"max-image-preview:large","keywords":"actualidad","webmasterTools":{"google-site-verification":"UA-38556648-1","msvalidate.01":"7dfe9f3f1b24437ab69f4f2559babe99","miscellaneous":""},"schema":{"@context":"https:\/\/schema.org","@graph":[{"@type":"BlogPosting","@id":"https:\/\/www.eldigitaldeasturias.com\/noticias\/mata-agradece-el-apoyo-de-los-aficionados-del-chelsea\/#blogposting","name":"Mata agradece el apoyo de los aficionados del Chelsea - El Digital de Asturias","headline":"Mata agradece el apoyo de los aficionados del Chelsea","author":{"@id":"https:\/\/www.eldigitaldeasturias.com\/noticias\/author\/admin\/#author"},"publisher":{"@id":"https:\/\/www.eldigitaldeasturias.com\/noticias\/#organization"},"image":{"@type":"ImageObject","url":"https:\/\/www.eldigitaldeasturias.com\/noticias\/wp-content\/uploads\/2026\/06\/Contenidos.jpg","width":1265,"height":697,"caption":"Contenidos"},"datePublished":"2014-01-27T00:01:30+01:00","dateModified":"2014-01-27T00:01:30+01:00","inLanguage":"es-ES","mainEntityOfPage":{"@id":"https:\/\/www.eldigitaldeasturias.com\/noticias\/mata-agradece-el-apoyo-de-los-aficionados-del-chelsea\/#webpage"},"isPartOf":{"@id":"https:\/\/www.eldigitaldeasturias.com\/noticias\/mata-agradece-el-apoyo-de-los-aficionados-del-chelsea\/#webpage"},"articleSection":"Actualidad"},{"@type":"BreadcrumbList","@id":"https:\/\/www.eldigitaldeasturias.com\/noticias\/mata-agradece-el-apoyo-de-los-aficionados-del-chelsea\/#breadcrumblist","itemListElement":[{"@type":"ListItem","@id":"https:\/\/www.eldigitaldeasturias.com\/noticias#listItem","position":1,"name":"Home","item":"https:\/\/www.eldigitaldeasturias.com\/noticias","nextItem":{"@type":"ListItem","@id":"https:\/\/www.eldigitaldeasturias.com\/noticias\/category\/actualidad\/#listItem","name":"Actualidad"}},{"@type":"ListItem","@id":"https:\/\/www.eldigitaldeasturias.com\/noticias\/category\/actualidad\/#listItem","position":2,"name":"Actualidad","item":"https:\/\/www.eldigitaldeasturias.com\/noticias\/category\/actualidad\/","nextItem":{"@type":"ListItem","@id":"https:\/\/www.eldigitaldeasturias.com\/noticias\/mata-agradece-el-apoyo-de-los-aficionados-del-chelsea\/#listItem","name":"Mata agradece el apoyo de los aficionados del Chelsea"},"previousItem":{"@type":"ListItem","@id":"https:\/\/www.eldigitaldeasturias.com\/noticias#listItem","name":"Home"}},{"@type":"ListItem","@id":"https:\/\/www.eldigitaldeasturias.com\/noticias\/mata-agradece-el-apoyo-de-los-aficionados-del-chelsea\/#listItem","position":3,"name":"Mata agradece el apoyo de los aficionados del Chelsea","previousItem":{"@type":"ListItem","@id":"https:\/\/www.eldigitaldeasturias.com\/noticias\/category\/actualidad\/#listItem","name":"Actualidad"}}]},{"@type":"Organization","@id":"https:\/\/www.eldigitaldeasturias.com\/noticias\/#organization","name":"El Digital de Asturias","description":"Hemeroteca","url":"https:\/\/www.eldigitaldeasturias.com\/noticias\/","email":"info@eldigitaldeasturias.com","telephone":"+34652131393","logo":{"@type":"ImageObject","url":"https:\/\/www.eldigitaldeasturias.com\/noticias\/wp-content\/uploads\/2020\/12\/EDA.jpg","@id":"https:\/\/www.eldigitaldeasturias.com\/noticias\/mata-agradece-el-apoyo-de-los-aficionados-del-chelsea\/#organizationLogo"},"image":{"@id":"https:\/\/www.eldigitaldeasturias.com\/noticias\/mata-agradece-el-apoyo-de-los-aficionados-del-chelsea\/#organizationLogo"},"sameAs":["https:\/\/facebook.com\/eldigitaldeasturias","https:\/\/www.youtube.com\/channel\/UCZP-2wLEB9Rv6erhFmqVnvg"],"address":{"@id":"https:\/\/www.eldigitaldeasturias.com\/noticias\/#postaladdress","@type":"PostalAddress","streetAddress":"san antonio 4","postalCode":"33430","addressLocality":"Cand\u00e1s","addressRegion":"Asturias","addressCountry":"ES"}},{"@type":"Person","@id":"https:\/\/www.eldigitaldeasturias.com\/noticias\/author\/admin\/#author","url":"https:\/\/www.eldigitaldeasturias.com\/noticias\/author\/admin\/","name":"El Digital de Asturias","image":{"@type":"ImageObject","@id":"https:\/\/www.eldigitaldeasturias.com\/noticias\/mata-agradece-el-apoyo-de-los-aficionados-del-chelsea\/#authorImage","url":"https:\/\/secure.gravatar.com\/avatar\/df2aeffc32bcd13f8d26072ef8a91b623d677766deac7f97ca815868cd41bf5e?s=96&d=mm&r=g","width":96,"height":96,"caption":"El Digital de Asturias"}},{"@type":"WebPage","@id":"https:\/\/www.eldigitaldeasturias.com\/noticias\/mata-agradece-el-apoyo-de-los-aficionados-del-chelsea\/#webpage","url":"https:\/\/www.eldigitaldeasturias.com\/noticias\/mata-agradece-el-apoyo-de-los-aficionados-del-chelsea\/","name":"Mata agradece el apoyo de los aficionados del Chelsea - El Digital de Asturias","description":"Londres, 26 ene (EFE).- El espa\u00f1ol Juan Mata, que ha fichado por el Manchester United, agradeci\u00f3 hoy a los aficionados del Chelsea el apoyo que ha recibido durante sus m\u00e1s de dos a\u00f1os en el club londinense. En una carta enviada a los seguidores del Chelsea divulgada hoy, Mata afirma que no olvidar\u00e1 el afecto","inLanguage":"es-ES","isPartOf":{"@id":"https:\/\/www.eldigitaldeasturias.com\/noticias\/#website"},"breadcrumb":{"@id":"https:\/\/www.eldigitaldeasturias.com\/noticias\/mata-agradece-el-apoyo-de-los-aficionados-del-chelsea\/#breadcrumblist"},"author":{"@id":"https:\/\/www.eldigitaldeasturias.com\/noticias\/author\/admin\/#author"},"creator":{"@id":"https:\/\/www.eldigitaldeasturias.com\/noticias\/author\/admin\/#author"},"image":{"@type":"ImageObject","url":"https:\/\/www.eldigitaldeasturias.com\/noticias\/wp-content\/uploads\/2026\/06\/Contenidos.jpg","@id":"https:\/\/www.eldigitaldeasturias.com\/noticias\/mata-agradece-el-apoyo-de-los-aficionados-del-chelsea\/#mainImage","width":1265,"height":697,"caption":"Contenidos"},"primaryImageOfPage":{"@id":"https:\/\/www.eldigitaldeasturias.com\/noticias\/mata-agradece-el-apoyo-de-los-aficionados-del-chelsea\/#mainImage"},"datePublished":"2014-01-27T00:01:30+01:00","dateModified":"2014-01-27T00:01:30+01:00"},{"@type":"WebSite","@id":"https:\/\/www.eldigitaldeasturias.com\/noticias\/#website","url":"https:\/\/www.eldigitaldeasturias.com\/noticias\/","name":"El Digital de Asturias - Diario de actualidad y noticias","alternateName":"El Digital de Asturias - Diario de actualidad y noticias","description":"Hemeroteca","inLanguage":"es-ES","publisher":{"@id":"https:\/\/www.eldigitaldeasturias.com\/noticias\/#organization"}}]},"og:locale":"es_ES","og:site_name":"El Digital de Asturias","og:type":"article","og:title":"Mata agradece el apoyo de los aficionados del Chelsea - El Digital de Asturias","og:description":"Londres, 26 ene (EFE).- El espa\u00f1ol Juan Mata, que ha fichado por el Manchester United, agradeci\u00f3 hoy a los aficionados del Chelsea el apoyo que ha recibido durante sus m\u00e1s de dos a\u00f1os en el club londinense. En una carta enviada a los seguidores del Chelsea divulgada hoy, Mata afirma que no olvidar\u00e1 el afecto","og:url":"https:\/\/www.eldigitaldeasturias.com\/noticias\/mata-agradece-el-apoyo-de-los-aficionados-del-chelsea\/","og:image":"https:\/\/www.eldigitaldeasturias.com\/noticias\/wp-content\/uploads\/2026\/06\/Contenidos.jpg","og:image:secure_url":"https:\/\/www.eldigitaldeasturias.com\/noticias\/wp-content\/uploads\/2026\/06\/Contenidos.jpg","og:image:width":1265,"og:image:height":697,"article:tag":["actualidad"],"article:published_time":"2014-01-27T01:01:30+00:00","article:modified_time":"2014-01-27T01:01:30+00:00","article:publisher":"https:\/\/facebook.com\/eldigitaldeasturias","twitter:card":"summary_large_image","twitter:title":"Mata agradece el apoyo de los aficionados del Chelsea - El Digital de Asturias","twitter:description":"Londres, 26 ene (EFE).- El espa\u00f1ol Juan Mata, que ha fichado por el Manchester United, agradeci\u00f3 hoy a los aficionados del Chelsea el apoyo que ha recibido durante sus m\u00e1s de dos a\u00f1os en el club londinense. En una carta enviada a los seguidores del Chelsea divulgada hoy, Mata afirma que no olvidar\u00e1 el afecto","twitter:image":"https:\/\/www.eldigitaldeasturias.com\/noticias\/wp-content\/uploads\/2026\/06\/Contenidos.jpg","twitter:label1":"Escrito por","twitter:data1":"El Digital de Asturias","twitter:label2":"Tiempo de lectura estimado","twitter:data2":"2 minutos"},"aioseo_meta_data":{"post_id":"479304","title":null,"description":null,"keywords":null,"keyphrases":null,"primary_term":null,"canonical_url":null,"og_title":null,"og_description":null,"og_object_type":"default","og_image_type":"default","og_image_url":null,"og_image_width":null,"og_image_height":null,"og_image_custom_url":null,"og_image_custom_fields":null,"og_video":null,"og_custom_url":null,"og_article_section":null,"og_article_tags":null,"twitter_use_og":true,"twitter_card":"default","twitter_image_type":"default","twitter_image_url":null,"twitter_image_custom_url":null,"twitter_image_custom_fields":null,"twitter_title":null,"twitter_description":null,"schema":{"blockGraphs":[],"customGraphs":[],"default":{"data":{"Article":[],"Course":[],"Dataset":[],"FAQPage":[],"Movie":[],"Person":[],"Product":[],"ProductReview":[],"Car":[],"Recipe":[],"Service":[],"SoftwareApplication":[],"WebPage":[]},"graphName":"","isEnabled":true},"graphs":[],"defaultGraph":"","defaultPostTypeGraph":""},"schema_type":null,"schema_type_options":null,"pillar_content":false,"robots_default":true,"robots_noindex":false,"robots_noarchive":false,"robots_nosnippet":false,"robots_nofollow":false,"robots_noimageindex":false,"robots_noodp":false,"robots_notranslate":false,"robots_max_snippet":null,"robots_max_videopreview":null,"robots_max_imagepreview":"none","priority":null,"frequency":null,"local_seo":null,"seo_analyzer_scan_date":"2026-06-02 00:06:43","breadcrumb_settings":null,"limit_modified_date":false,"open_ai":null,"ai":null,"created":"2020-11-14 22:54:03","updated":"2026-06-02 00:06:43","focus_keyword":null,"additional_keywords":null,"truseo_locale":null},"aioseo_breadcrumb":"<div class=\"aioseo-breadcrumbs\"><span class=\"aioseo-breadcrumb\">\n\t<a href=\"https:\/\/www.eldigitaldeasturias.com\/noticias\" title=\"Home\">Home<\/a>\n<\/span><span class=\"aioseo-breadcrumb-separator\">\u2013<\/span><span class=\"aioseo-breadcrumb\">\n\t<a href=\"https:\/\/www.eldigitaldeasturias.com\/noticias\/category\/actualidad\/\" title=\"Actualidad\">Actualidad<\/a>\n<\/span><span class=\"aioseo-breadcrumb-separator\">\u2013<\/span><span class=\"aioseo-breadcrumb\">\n\t<a href=\"https:\/\/www.eldigitaldeasturias.com\/noticias\/mata-agradece-el-apoyo-de-los-aficionados-del-chelsea\/\" title=\"Mata agradece el apoyo de los aficionados del Chelsea\">Mata agradece el apoyo de los aficionados del Chelsea<\/a>\n<\/span><\/div>","aioseo_breadcrumb_json":[{"label":"Home","link":"https:\/\/www.eldigitaldeasturias.com\/noticias"},{"label":"Actualidad","link":"https:\/\/www.eldigitaldeasturias.com\/noticias\/category\/actualidad\/"},{"label":"Mata agradece el apoyo de los aficionados del Chelsea","link":"https:\/\/www.eldigitaldeasturias.com\/noticias\/mata-agradece-el-apoyo-de-los-aficionados-del-chelsea\/"}],"_links":{"self":[{"href":"https:\/\/www.eldigitaldeasturias.com\/noticias\/wp-json\/wp\/v2\/posts\/479304","targetHints":{"allow":["GET"]}}],"collection":[{"href":"https:\/\/www.eldigitaldeasturias.com\/noticias\/wp-json\/wp\/v2\/posts"}],"about":[{"href":"https:\/\/www.eldigitaldeasturias.com\/noticias\/wp-json\/wp\/v2\/types\/post"}],"author":[{"embeddable":true,"href":"https:\/\/www.eldigitaldeasturias.com\/noticias\/wp-json\/wp\/v2\/users\/1"}],"replies":[{"embeddable":true,"href":"https:\/\/www.eldigitaldeasturias.com\/noticias\/wp-json\/wp\/v2\/comments?post=479304"}],"version-history":[{"count":0,"href":"https:\/\/www.eldigitaldeasturias.com\/noticias\/wp-json\/wp\/v2\/posts\/479304\/revisions"}],"wp:featuredmedia":[{"embeddable":true,"href":"https:\/\/www.eldigitaldeasturias.com\/noticias\/wp-json\/wp\/v2\/media\/1132184"}],"wp:attachment":[{"href":"https:\/\/www.eldigitaldeasturias.com\/noticias\/wp-json\/wp\/v2\/media?parent=479304"}],"wp:term":[{"taxonomy":"category","embeddable":true,"href":"https:\/\/www.eldigitaldeasturias.com\/noticias\/wp-json\/wp\/v2\/categories?post=479304"},{"taxonomy":"post_tag","embeddable":true,"href":"https:\/\/www.eldigitaldeasturias.com\/noticias\/wp-json\/wp\/v2\/tags?post=479304"}],"curies":[{"name":"wp","href":"https:\/\/api.w.org\/{rel}","templated":true}]}}