{"id":479295,"date":"2014-01-26T23:56:50","date_gmt":"2014-01-27T00:56:50","guid":{"rendered":"http:\/\/www.eldigitaldeasturias.com\/noticias\/?p=479295"},"modified":"2014-01-26T23:56:50","modified_gmt":"2014-01-27T00:56:50","slug":"fitur-cierra-con-optimismo-ante-las-buenas-perspectivas-del-negocio-turistico","status":"publish","type":"post","link":"https:\/\/www.eldigitaldeasturias.com\/noticias\/fitur-cierra-con-optimismo-ante-las-buenas-perspectivas-del-negocio-turistico\/","title":{"rendered":"Fitur cierra con optimismo ante las buenas perspectivas del negocio tur\u00edstico"},"content":{"rendered":"<p><img loading=\"lazy\" decoding=\"async\" class=\"alignleft size-medium wp-image-479296\" alt=\"5877647w\" src=\"https:\/\/www.eldigitaldeasturias.com\/noticias\/wp-content\/uploads\/2014\/01\/5877647w-360x239.jpg\" width=\"360\" height=\"239\" \/>Madrid, 26 ene (EFE).- Fitur 2014 ha concluido hoy con un balance y unas perspectivas \u00aboptimistas\u00bb tanto en cifras, con incrementos del 3 % y el 7 % en asistencia de profesionales y p\u00fablico respectivamente, como en previsiones de negocio tur\u00edstico para el ejercicio que arranca.<\/p>\n<p>\u00abEl balance es muy optimista. Hay confianza en las buenas perspectivas de negocio para el sector en 2014\u00bb, ha resumido a Efe la directora de la feria, Ana Larra\u00f1aga, quien ha avanzado, a la espera de las cifras definitivas, incrementos tanto en el n\u00famero de asistentes profesionales, un 3 % m\u00e1s que en 2013, como el de p\u00fablico general, un 7 % m\u00e1s.<\/p>\n<p>En 2013, Fitur cont\u00f3 con 116.157 participantes profesionales y 91.082 personas de p\u00fablico general.<\/p>\n<p>Al cierre de la feria, la previsi\u00f3n global se sit\u00faa en torno a los 220.000 visitantes, lo que ha representado para la ciudad de Madrid un impacto en ingresos inducidos de m\u00e1s de 180 millones de euros.<\/p>\n<p>Este a\u00f1o la feria ha vuelto a reunir las dos caras del sector: la profesional, que ocup\u00f3 los tres primeros d\u00edas con m\u00e1s de 120.000 participantes; y la del p\u00fablico que ha tenido el fin de semana para recorrer los 54.000 metros cuadrados de exposici\u00f3n.<\/p>\n<p>\u00abHemos contado con m\u00e1s expositores y hemos arrancado cuando se conoc\u00edan cifras muy positivas para el turismo en Espa\u00f1a y eso se ha notado en el intenso trabajo profesional y en las visitas\u00bb, explica Larra\u00f1aga.<\/p>\n<p>Justo el d\u00eda antes de comenzar Fitur se conoc\u00edan los datos r\u00e9cord de 2013 cuando Espa\u00f1a recibi\u00f3 60,6 millones de turistas extranjeros, un 5,6 % m\u00e1s que en 2012, lo que nos coloca como tercer mercado del mundo por detr\u00e1s de Francia y Estados Unidos.<\/p>\n<p>Con estas cifras sobre la mesa, explica Larra\u00f1aga, \u00abel reto est\u00e1 en fidelizar mercado y en ser cada vez m\u00e1s competitivos ofreciendo calidad a buen precio\u00bb.<\/p>\n<p>En cuanto a la marcha del turismo dom\u00e9stico, que presenta peor evoluci\u00f3n que el extranjero, la directora de Fitur conf\u00eda en que se mantenga la ligera mejora iniciada conforme se consolide la recuperaci\u00f3n econ\u00f3mica.<\/p>\n<p>En ambos casos, se\u00f1ala Larra\u00f1aga, es esencial la innovaci\u00f3n y la tecnolog\u00eda, una de las principales apuestas de esta edici\u00f3n canalizada a trav\u00e9s de Fitur Tech 2014, organizada por el Instituto Tecnol\u00f3gico Hotelero (ITH).<\/p>\n<p>\u00abPara poder competir en el mercado hay que sumar tecnolog\u00eda. Las aplicaciones, el m\u00f3vil, internet se han convertido en herramientas esenciales para el viajero y para poder ofrecerle todo lo que necesita\u00bb, subraya Larra\u00f1aga.<\/p>\n<p>En esta l\u00ednea, una de las \u00abestrellas\u00bb de la edici\u00f3n han sido las gafas de Google, que los Pr\u00edncipes de Asturias usaron para hacer una visita virtual por Madrid.<\/p>\n<p>Junto a la tecnolog\u00eda, la directora de Fitur destaca el esfuerzo en esta edici\u00f3n por la sostenibilidad, se ha contado con FiturGreen, y por la especializaci\u00f3n del sector, con otras iniciativas como FiturGay.<\/p>\n<p>En el plano empresarial, en la feria se han ratificado acuerdos como el de Air Europa con el Gobierno de Puerto Rico para recuperar la conexi\u00f3n directa entre Madrid y San Juan de Puerto Rico y se han anunciado planes de expansi\u00f3n como los del grupo hotelero Meli\u00e1 y Barcel\u00f3.<\/p>\n<p>Adem\u00e1s, m\u00e1s de 50 empresas han participado en esta edici\u00f3n en \u00abEscapada Fitur\u00bb para ofrecer sus propuestas a los visitantes que, por segundo a\u00f1o consecutivo, han podido contratar sus viajes directamente en la feria.<\/p>\n<p>En total, Fitur 2014 ha reunido a m\u00e1s de 9.000 empresas de 165 pa\u00edses, con un presupuesto de 30 millones de euros, de los que un 30 % se ha destinado a acciones internacionales de promoci\u00f3n.<\/p>\n","protected":false},"excerpt":{"rendered":"<p>Madrid, 26 ene (EFE).- Fitur 2014 ha concluido hoy con un balance y unas perspectivas \u00aboptimistas\u00bb tanto en cifras, con incrementos del 3 % y el 7 % en asistencia de profesionales y p\u00fablico respectivamente, como en previsiones de negocio tur\u00edstico para el ejercicio que arranca. \u00abEl balance es muy optimista. Hay confianza en las [&hellip;]<\/p>\n","protected":false},"author":1,"featured_media":0,"comment_status":"closed","ping_status":"open","sticky":false,"template":"","format":"standard","meta":{"footnotes":""},"categories":[148],"tags":[],"class_list":["post-479295","post","type-post","status-publish","format-standard","hentry","category-turismo"],"aioseo_notices":[],"aioseo_head":"\n\t\t<!-- All in One SEO Pro 4.9.6.2 - aioseo.com -->\n\t<meta name=\"description\" content=\"Madrid, 26 ene (EFE).- Fitur 2014 ha concluido hoy con un balance y unas perspectivas &quot;optimistas&quot; tanto en cifras, con incrementos del 3 % y el 7 % en asistencia de profesionales y p\u00fablico respectivamente, como en previsiones de negocio tur\u00edstico para el ejercicio que arranca. &quot;El balance es muy optimista. Hay confianza en las\" \/>\n\t<meta name=\"robots\" content=\"max-image-preview:large\" \/>\n\t<meta name=\"author\" content=\"El Digital de Asturias\"\/>\n\t<meta name=\"google-site-verification\" content=\"UA-38556648-1\" \/>\n\t<meta name=\"msvalidate.01\" content=\"7dfe9f3f1b24437ab69f4f2559babe99\" \/>\n\t<meta name=\"keywords\" content=\"turismo\" \/>\n\t<link rel=\"canonical\" href=\"https:\/\/www.eldigitaldeasturias.com\/noticias\/fitur-cierra-con-optimismo-ante-las-buenas-perspectivas-del-negocio-turistico\/\" \/>\n\t<meta name=\"generator\" content=\"All in One SEO Pro (AIOSEO) 4.9.6.2\" \/>\n\t\t<meta property=\"og:locale\" content=\"es_ES\" \/>\n\t\t<meta property=\"og:site_name\" content=\"El Digital de Asturias\" \/>\n\t\t<meta property=\"og:type\" content=\"article\" \/>\n\t\t<meta property=\"og:title\" content=\"Fitur cierra con optimismo ante las buenas perspectivas del negocio tur\u00edstico - El Digital de Asturias\" \/>\n\t\t<meta property=\"og:description\" content=\"Madrid, 26 ene (EFE).- Fitur 2014 ha concluido hoy con un balance y unas perspectivas &quot;optimistas&quot; tanto en cifras, con incrementos del 3 % y el 7 % en asistencia de profesionales y p\u00fablico respectivamente, como en previsiones de negocio tur\u00edstico para el ejercicio que arranca. &quot;El balance es muy optimista. Hay confianza en las\" \/>\n\t\t<meta property=\"og:url\" content=\"https:\/\/www.eldigitaldeasturias.com\/noticias\/fitur-cierra-con-optimismo-ante-las-buenas-perspectivas-del-negocio-turistico\/\" \/>\n\t\t<meta property=\"article:tag\" content=\"turismo\" \/>\n\t\t<meta property=\"article:published_time\" content=\"2014-01-27T00:56:50+00:00\" \/>\n\t\t<meta property=\"article:modified_time\" content=\"2014-01-27T00:56:50+00:00\" \/>\n\t\t<meta property=\"article:publisher\" content=\"https:\/\/facebook.com\/eldigitaldeasturias\" \/>\n\t\t<meta name=\"twitter:card\" content=\"summary_large_image\" \/>\n\t\t<meta name=\"twitter:title\" content=\"Fitur cierra con optimismo ante las buenas perspectivas del negocio tur\u00edstico - El Digital de Asturias\" \/>\n\t\t<meta name=\"twitter:description\" content=\"Madrid, 26 ene (EFE).- Fitur 2014 ha concluido hoy con un balance y unas perspectivas &quot;optimistas&quot; tanto en cifras, con incrementos del 3 % y el 7 % en asistencia de profesionales y p\u00fablico respectivamente, como en previsiones de negocio tur\u00edstico para el ejercicio que arranca. &quot;El balance es muy optimista. Hay confianza en las\" \/>\n\t\t<meta name=\"twitter:label1\" content=\"Escrito por\" \/>\n\t\t<meta name=\"twitter:data1\" content=\"El Digital de Asturias\" \/>\n\t\t<meta name=\"twitter:label2\" content=\"Tiempo de lectura estimado\" \/>\n\t\t<meta name=\"twitter:data2\" content=\"3 minutos\" \/>\n\t\t<script type=\"application\/ld+json\" class=\"aioseo-schema\">\n\t\t\t{\"@context\":\"https:\\\/\\\/schema.org\",\"@graph\":[{\"@type\":\"BlogPosting\",\"@id\":\"https:\\\/\\\/www.eldigitaldeasturias.com\\\/noticias\\\/fitur-cierra-con-optimismo-ante-las-buenas-perspectivas-del-negocio-turistico\\\/#blogposting\",\"name\":\"Fitur cierra con optimismo ante las buenas perspectivas del negocio tur\\u00edstico - El Digital de Asturias\",\"headline\":\"Fitur cierra con optimismo ante las buenas perspectivas del negocio tur\\u00edstico\",\"author\":{\"@id\":\"https:\\\/\\\/www.eldigitaldeasturias.com\\\/noticias\\\/author\\\/admin\\\/#author\"},\"publisher\":{\"@id\":\"https:\\\/\\\/www.eldigitaldeasturias.com\\\/noticias\\\/#organization\"},\"image\":{\"@type\":\"ImageObject\",\"url\":\"http:\\\/\\\/www.eldigitaldeasturias.com\\\/noticias\\\/wp-content\\\/uploads\\\/2014\\\/01\\\/5877647w-360x239.jpg\",\"@id\":\"https:\\\/\\\/www.eldigitaldeasturias.com\\\/noticias\\\/fitur-cierra-con-optimismo-ante-las-buenas-perspectivas-del-negocio-turistico\\\/#articleImage\"},\"datePublished\":\"2014-01-26T23:56:50+01:00\",\"dateModified\":\"2014-01-26T23:56:50+01:00\",\"inLanguage\":\"es-ES\",\"mainEntityOfPage\":{\"@id\":\"https:\\\/\\\/www.eldigitaldeasturias.com\\\/noticias\\\/fitur-cierra-con-optimismo-ante-las-buenas-perspectivas-del-negocio-turistico\\\/#webpage\"},\"isPartOf\":{\"@id\":\"https:\\\/\\\/www.eldigitaldeasturias.com\\\/noticias\\\/fitur-cierra-con-optimismo-ante-las-buenas-perspectivas-del-negocio-turistico\\\/#webpage\"},\"articleSection\":\"Turismo\"},{\"@type\":\"BreadcrumbList\",\"@id\":\"https:\\\/\\\/www.eldigitaldeasturias.com\\\/noticias\\\/fitur-cierra-con-optimismo-ante-las-buenas-perspectivas-del-negocio-turistico\\\/#breadcrumblist\",\"itemListElement\":[{\"@type\":\"ListItem\",\"@id\":\"https:\\\/\\\/www.eldigitaldeasturias.com\\\/noticias#listItem\",\"position\":1,\"name\":\"Home\",\"item\":\"https:\\\/\\\/www.eldigitaldeasturias.com\\\/noticias\",\"nextItem\":{\"@type\":\"ListItem\",\"@id\":\"https:\\\/\\\/www.eldigitaldeasturias.com\\\/noticias\\\/category\\\/turismo\\\/#listItem\",\"name\":\"Turismo\"}},{\"@type\":\"ListItem\",\"@id\":\"https:\\\/\\\/www.eldigitaldeasturias.com\\\/noticias\\\/category\\\/turismo\\\/#listItem\",\"position\":2,\"name\":\"Turismo\",\"item\":\"https:\\\/\\\/www.eldigitaldeasturias.com\\\/noticias\\\/category\\\/turismo\\\/\",\"nextItem\":{\"@type\":\"ListItem\",\"@id\":\"https:\\\/\\\/www.eldigitaldeasturias.com\\\/noticias\\\/fitur-cierra-con-optimismo-ante-las-buenas-perspectivas-del-negocio-turistico\\\/#listItem\",\"name\":\"Fitur cierra con optimismo ante las buenas perspectivas del negocio tur\\u00edstico\"},\"previousItem\":{\"@type\":\"ListItem\",\"@id\":\"https:\\\/\\\/www.eldigitaldeasturias.com\\\/noticias#listItem\",\"name\":\"Home\"}},{\"@type\":\"ListItem\",\"@id\":\"https:\\\/\\\/www.eldigitaldeasturias.com\\\/noticias\\\/fitur-cierra-con-optimismo-ante-las-buenas-perspectivas-del-negocio-turistico\\\/#listItem\",\"position\":3,\"name\":\"Fitur cierra con optimismo ante las buenas perspectivas del negocio tur\\u00edstico\",\"previousItem\":{\"@type\":\"ListItem\",\"@id\":\"https:\\\/\\\/www.eldigitaldeasturias.com\\\/noticias\\\/category\\\/turismo\\\/#listItem\",\"name\":\"Turismo\"}}]},{\"@type\":\"Organization\",\"@id\":\"https:\\\/\\\/www.eldigitaldeasturias.com\\\/noticias\\\/#organization\",\"name\":\"El Digital de Asturias\",\"description\":\"Hemeroteca\",\"url\":\"https:\\\/\\\/www.eldigitaldeasturias.com\\\/noticias\\\/\",\"email\":\"info@eldigitaldeasturias.com\",\"telephone\":\"+34652131393\",\"logo\":{\"@type\":\"ImageObject\",\"url\":\"https:\\\/\\\/www.eldigitaldeasturias.com\\\/noticias\\\/wp-content\\\/uploads\\\/2020\\\/12\\\/EDA.jpg\",\"@id\":\"https:\\\/\\\/www.eldigitaldeasturias.com\\\/noticias\\\/fitur-cierra-con-optimismo-ante-las-buenas-perspectivas-del-negocio-turistico\\\/#organizationLogo\",\"width\":649,\"height\":297},\"image\":{\"@id\":\"https:\\\/\\\/www.eldigitaldeasturias.com\\\/noticias\\\/fitur-cierra-con-optimismo-ante-las-buenas-perspectivas-del-negocio-turistico\\\/#organizationLogo\"},\"sameAs\":[\"https:\\\/\\\/facebook.com\\\/eldigitaldeasturias\",\"https:\\\/\\\/www.youtube.com\\\/channel\\\/UCZP-2wLEB9Rv6erhFmqVnvg\"],\"address\":{\"@id\":\"https:\\\/\\\/www.eldigitaldeasturias.com\\\/noticias\\\/#postaladdress\",\"@type\":\"PostalAddress\",\"streetAddress\":\"san antonio 4,\",\"postalCode\":\"33430\",\"addressLocality\":\"Cand\\u00e1s\",\"addressRegion\":\"Asturias\",\"addressCountry\":\"ES\"}},{\"@type\":\"Person\",\"@id\":\"https:\\\/\\\/www.eldigitaldeasturias.com\\\/noticias\\\/author\\\/admin\\\/#author\",\"url\":\"https:\\\/\\\/www.eldigitaldeasturias.com\\\/noticias\\\/author\\\/admin\\\/\",\"name\":\"El Digital de Asturias\",\"image\":{\"@type\":\"ImageObject\",\"@id\":\"https:\\\/\\\/www.eldigitaldeasturias.com\\\/noticias\\\/fitur-cierra-con-optimismo-ante-las-buenas-perspectivas-del-negocio-turistico\\\/#authorImage\",\"url\":\"https:\\\/\\\/www.eldigitaldeasturias.com\\\/noticias\\\/wp-content\\\/litespeed\\\/avatar\\\/18677e78aa0546b92d9dbf31ec7d7668.jpg?ver=1776685526\",\"width\":96,\"height\":96,\"caption\":\"El Digital de Asturias\"}},{\"@type\":\"WebPage\",\"@id\":\"https:\\\/\\\/www.eldigitaldeasturias.com\\\/noticias\\\/fitur-cierra-con-optimismo-ante-las-buenas-perspectivas-del-negocio-turistico\\\/#webpage\",\"url\":\"https:\\\/\\\/www.eldigitaldeasturias.com\\\/noticias\\\/fitur-cierra-con-optimismo-ante-las-buenas-perspectivas-del-negocio-turistico\\\/\",\"name\":\"Fitur cierra con optimismo ante las buenas perspectivas del negocio tur\\u00edstico - El Digital de Asturias\",\"description\":\"Madrid, 26 ene (EFE).- Fitur 2014 ha concluido hoy con un balance y unas perspectivas \\\"optimistas\\\" tanto en cifras, con incrementos del 3 % y el 7 % en asistencia de profesionales y p\\u00fablico respectivamente, como en previsiones de negocio tur\\u00edstico para el ejercicio que arranca. \\\"El balance es muy optimista. Hay confianza en las\",\"inLanguage\":\"es-ES\",\"isPartOf\":{\"@id\":\"https:\\\/\\\/www.eldigitaldeasturias.com\\\/noticias\\\/#website\"},\"breadcrumb\":{\"@id\":\"https:\\\/\\\/www.eldigitaldeasturias.com\\\/noticias\\\/fitur-cierra-con-optimismo-ante-las-buenas-perspectivas-del-negocio-turistico\\\/#breadcrumblist\"},\"author\":{\"@id\":\"https:\\\/\\\/www.eldigitaldeasturias.com\\\/noticias\\\/author\\\/admin\\\/#author\"},\"creator\":{\"@id\":\"https:\\\/\\\/www.eldigitaldeasturias.com\\\/noticias\\\/author\\\/admin\\\/#author\"},\"datePublished\":\"2014-01-26T23:56:50+01:00\",\"dateModified\":\"2014-01-26T23:56:50+01:00\"},{\"@type\":\"WebSite\",\"@id\":\"https:\\\/\\\/www.eldigitaldeasturias.com\\\/noticias\\\/#website\",\"url\":\"https:\\\/\\\/www.eldigitaldeasturias.com\\\/noticias\\\/\",\"name\":\"El Digital de Asturias - Diario de actualidad y noticias\",\"alternateName\":\"El Digital de Asturias - Diario de actualidad y noticias\",\"description\":\"Hemeroteca\",\"inLanguage\":\"es-ES\",\"publisher\":{\"@id\":\"https:\\\/\\\/www.eldigitaldeasturias.com\\\/noticias\\\/#organization\"}}]}\n\t\t<\/script>\n\t\t<!-- All in One SEO Pro -->\r\n\t\t<title>Fitur cierra con optimismo ante las buenas perspectivas del negocio tur\u00edstico - El Digital de Asturias<\/title>\n\n","aioseo_head_json":{"title":"Fitur cierra con optimismo ante las buenas perspectivas del negocio tur\u00edstico - El Digital de Asturias","description":"Madrid, 26 ene (EFE).- Fitur 2014 ha concluido hoy con un balance y unas perspectivas \"optimistas\" tanto en cifras, con incrementos del 3 % y el 7 % en asistencia de profesionales y p\u00fablico respectivamente, como en previsiones de negocio tur\u00edstico para el ejercicio que arranca. \"El balance es muy optimista. Hay confianza en las","canonical_url":"https:\/\/www.eldigitaldeasturias.com\/noticias\/fitur-cierra-con-optimismo-ante-las-buenas-perspectivas-del-negocio-turistico\/","robots":"max-image-preview:large","keywords":"turismo","webmasterTools":{"google-site-verification":"UA-38556648-1","msvalidate.01":"7dfe9f3f1b24437ab69f4f2559babe99","miscellaneous":""},"schema":{"@context":"https:\/\/schema.org","@graph":[{"@type":"BlogPosting","@id":"https:\/\/www.eldigitaldeasturias.com\/noticias\/fitur-cierra-con-optimismo-ante-las-buenas-perspectivas-del-negocio-turistico\/#blogposting","name":"Fitur cierra con optimismo ante las buenas perspectivas del negocio tur\u00edstico - El Digital de Asturias","headline":"Fitur cierra con optimismo ante las buenas perspectivas del negocio tur\u00edstico","author":{"@id":"https:\/\/www.eldigitaldeasturias.com\/noticias\/author\/admin\/#author"},"publisher":{"@id":"https:\/\/www.eldigitaldeasturias.com\/noticias\/#organization"},"image":{"@type":"ImageObject","url":"http:\/\/www.eldigitaldeasturias.com\/noticias\/wp-content\/uploads\/2014\/01\/5877647w-360x239.jpg","@id":"https:\/\/www.eldigitaldeasturias.com\/noticias\/fitur-cierra-con-optimismo-ante-las-buenas-perspectivas-del-negocio-turistico\/#articleImage"},"datePublished":"2014-01-26T23:56:50+01:00","dateModified":"2014-01-26T23:56:50+01:00","inLanguage":"es-ES","mainEntityOfPage":{"@id":"https:\/\/www.eldigitaldeasturias.com\/noticias\/fitur-cierra-con-optimismo-ante-las-buenas-perspectivas-del-negocio-turistico\/#webpage"},"isPartOf":{"@id":"https:\/\/www.eldigitaldeasturias.com\/noticias\/fitur-cierra-con-optimismo-ante-las-buenas-perspectivas-del-negocio-turistico\/#webpage"},"articleSection":"Turismo"},{"@type":"BreadcrumbList","@id":"https:\/\/www.eldigitaldeasturias.com\/noticias\/fitur-cierra-con-optimismo-ante-las-buenas-perspectivas-del-negocio-turistico\/#breadcrumblist","itemListElement":[{"@type":"ListItem","@id":"https:\/\/www.eldigitaldeasturias.com\/noticias#listItem","position":1,"name":"Home","item":"https:\/\/www.eldigitaldeasturias.com\/noticias","nextItem":{"@type":"ListItem","@id":"https:\/\/www.eldigitaldeasturias.com\/noticias\/category\/turismo\/#listItem","name":"Turismo"}},{"@type":"ListItem","@id":"https:\/\/www.eldigitaldeasturias.com\/noticias\/category\/turismo\/#listItem","position":2,"name":"Turismo","item":"https:\/\/www.eldigitaldeasturias.com\/noticias\/category\/turismo\/","nextItem":{"@type":"ListItem","@id":"https:\/\/www.eldigitaldeasturias.com\/noticias\/fitur-cierra-con-optimismo-ante-las-buenas-perspectivas-del-negocio-turistico\/#listItem","name":"Fitur cierra con optimismo ante las buenas perspectivas del negocio tur\u00edstico"},"previousItem":{"@type":"ListItem","@id":"https:\/\/www.eldigitaldeasturias.com\/noticias#listItem","name":"Home"}},{"@type":"ListItem","@id":"https:\/\/www.eldigitaldeasturias.com\/noticias\/fitur-cierra-con-optimismo-ante-las-buenas-perspectivas-del-negocio-turistico\/#listItem","position":3,"name":"Fitur cierra con optimismo ante las buenas perspectivas del negocio tur\u00edstico","previousItem":{"@type":"ListItem","@id":"https:\/\/www.eldigitaldeasturias.com\/noticias\/category\/turismo\/#listItem","name":"Turismo"}}]},{"@type":"Organization","@id":"https:\/\/www.eldigitaldeasturias.com\/noticias\/#organization","name":"El Digital de Asturias","description":"Hemeroteca","url":"https:\/\/www.eldigitaldeasturias.com\/noticias\/","email":"info@eldigitaldeasturias.com","telephone":"+34652131393","logo":{"@type":"ImageObject","url":"https:\/\/www.eldigitaldeasturias.com\/noticias\/wp-content\/uploads\/2020\/12\/EDA.jpg","@id":"https:\/\/www.eldigitaldeasturias.com\/noticias\/fitur-cierra-con-optimismo-ante-las-buenas-perspectivas-del-negocio-turistico\/#organizationLogo","width":649,"height":297},"image":{"@id":"https:\/\/www.eldigitaldeasturias.com\/noticias\/fitur-cierra-con-optimismo-ante-las-buenas-perspectivas-del-negocio-turistico\/#organizationLogo"},"sameAs":["https:\/\/facebook.com\/eldigitaldeasturias","https:\/\/www.youtube.com\/channel\/UCZP-2wLEB9Rv6erhFmqVnvg"],"address":{"@id":"https:\/\/www.eldigitaldeasturias.com\/noticias\/#postaladdress","@type":"PostalAddress","streetAddress":"san antonio 4,","postalCode":"33430","addressLocality":"Cand\u00e1s","addressRegion":"Asturias","addressCountry":"ES"}},{"@type":"Person","@id":"https:\/\/www.eldigitaldeasturias.com\/noticias\/author\/admin\/#author","url":"https:\/\/www.eldigitaldeasturias.com\/noticias\/author\/admin\/","name":"El Digital de Asturias","image":{"@type":"ImageObject","@id":"https:\/\/www.eldigitaldeasturias.com\/noticias\/fitur-cierra-con-optimismo-ante-las-buenas-perspectivas-del-negocio-turistico\/#authorImage","url":"https:\/\/www.eldigitaldeasturias.com\/noticias\/wp-content\/litespeed\/avatar\/18677e78aa0546b92d9dbf31ec7d7668.jpg?ver=1776685526","width":96,"height":96,"caption":"El Digital de Asturias"}},{"@type":"WebPage","@id":"https:\/\/www.eldigitaldeasturias.com\/noticias\/fitur-cierra-con-optimismo-ante-las-buenas-perspectivas-del-negocio-turistico\/#webpage","url":"https:\/\/www.eldigitaldeasturias.com\/noticias\/fitur-cierra-con-optimismo-ante-las-buenas-perspectivas-del-negocio-turistico\/","name":"Fitur cierra con optimismo ante las buenas perspectivas del negocio tur\u00edstico - El Digital de Asturias","description":"Madrid, 26 ene (EFE).- Fitur 2014 ha concluido hoy con un balance y unas perspectivas \"optimistas\" tanto en cifras, con incrementos del 3 % y el 7 % en asistencia de profesionales y p\u00fablico respectivamente, como en previsiones de negocio tur\u00edstico para el ejercicio que arranca. \"El balance es muy optimista. Hay confianza en las","inLanguage":"es-ES","isPartOf":{"@id":"https:\/\/www.eldigitaldeasturias.com\/noticias\/#website"},"breadcrumb":{"@id":"https:\/\/www.eldigitaldeasturias.com\/noticias\/fitur-cierra-con-optimismo-ante-las-buenas-perspectivas-del-negocio-turistico\/#breadcrumblist"},"author":{"@id":"https:\/\/www.eldigitaldeasturias.com\/noticias\/author\/admin\/#author"},"creator":{"@id":"https:\/\/www.eldigitaldeasturias.com\/noticias\/author\/admin\/#author"},"datePublished":"2014-01-26T23:56:50+01:00","dateModified":"2014-01-26T23:56:50+01:00"},{"@type":"WebSite","@id":"https:\/\/www.eldigitaldeasturias.com\/noticias\/#website","url":"https:\/\/www.eldigitaldeasturias.com\/noticias\/","name":"El Digital de Asturias - Diario de actualidad y noticias","alternateName":"El Digital de Asturias - Diario de actualidad y noticias","description":"Hemeroteca","inLanguage":"es-ES","publisher":{"@id":"https:\/\/www.eldigitaldeasturias.com\/noticias\/#organization"}}]},"og:locale":"es_ES","og:site_name":"El Digital de Asturias","og:type":"article","og:title":"Fitur cierra con optimismo ante las buenas perspectivas del negocio tur\u00edstico - El Digital de Asturias","og:description":"Madrid, 26 ene (EFE).- Fitur 2014 ha concluido hoy con un balance y unas perspectivas &quot;optimistas&quot; tanto en cifras, con incrementos del 3 % y el 7 % en asistencia de profesionales y p\u00fablico respectivamente, como en previsiones de negocio tur\u00edstico para el ejercicio que arranca. &quot;El balance es muy optimista. Hay confianza en las","og:url":"https:\/\/www.eldigitaldeasturias.com\/noticias\/fitur-cierra-con-optimismo-ante-las-buenas-perspectivas-del-negocio-turistico\/","article:tag":["turismo"],"article:published_time":"2014-01-27T00:56:50+00:00","article:modified_time":"2014-01-27T00:56:50+00:00","article:publisher":"https:\/\/facebook.com\/eldigitaldeasturias","twitter:card":"summary_large_image","twitter:title":"Fitur cierra con optimismo ante las buenas perspectivas del negocio tur\u00edstico - El Digital de Asturias","twitter:description":"Madrid, 26 ene (EFE).- Fitur 2014 ha concluido hoy con un balance y unas perspectivas &quot;optimistas&quot; tanto en cifras, con incrementos del 3 % y el 7 % en asistencia de profesionales y p\u00fablico respectivamente, como en previsiones de negocio tur\u00edstico para el ejercicio que arranca. &quot;El balance es muy optimista. Hay confianza en las","twitter:label1":"Escrito por","twitter:data1":"El Digital de Asturias","twitter:label2":"Tiempo de lectura estimado","twitter:data2":"3 minutos"},"aioseo_meta_data":{"post_id":"479295","title":null,"description":null,"keywords":null,"keyphrases":null,"primary_term":null,"canonical_url":null,"og_title":null,"og_description":null,"og_object_type":"default","og_image_type":"default","og_image_url":null,"og_image_width":null,"og_image_height":null,"og_image_custom_url":null,"og_image_custom_fields":null,"og_video":null,"og_custom_url":null,"og_article_section":null,"og_article_tags":null,"twitter_use_og":true,"twitter_card":"default","twitter_image_type":"default","twitter_image_url":null,"twitter_image_custom_url":null,"twitter_image_custom_fields":null,"twitter_title":null,"twitter_description":null,"schema":{"blockGraphs":[],"customGraphs":[],"default":{"data":{"Article":[],"Course":[],"Dataset":[],"FAQPage":[],"Movie":[],"Person":[],"Product":[],"ProductReview":[],"Car":[],"Recipe":[],"Service":[],"SoftwareApplication":[],"WebPage":[]},"graphName":"","isEnabled":true},"graphs":[],"defaultGraph":"","defaultPostTypeGraph":""},"schema_type":null,"schema_type_options":null,"pillar_content":false,"robots_default":true,"robots_noindex":false,"robots_noarchive":false,"robots_nosnippet":false,"robots_nofollow":false,"robots_noimageindex":false,"robots_noodp":false,"robots_notranslate":false,"robots_max_snippet":null,"robots_max_videopreview":null,"robots_max_imagepreview":"none","priority":null,"frequency":null,"local_seo":null,"seo_analyzer_scan_date":"2025-08-26 05:44:48","breadcrumb_settings":null,"limit_modified_date":false,"open_ai":null,"ai":null,"created":"2020-11-14 22:54:02","updated":"2025-08-26 05:44:48"},"aioseo_breadcrumb":"<div class=\"aioseo-breadcrumbs\"><span class=\"aioseo-breadcrumb\">\n\t<a href=\"https:\/\/www.eldigitaldeasturias.com\/noticias\" title=\"Home\">Home<\/a>\n<\/span><span class=\"aioseo-breadcrumb-separator\">\u2013<\/span><span class=\"aioseo-breadcrumb\">\n\t<a href=\"https:\/\/www.eldigitaldeasturias.com\/noticias\/category\/turismo\/\" title=\"Turismo\">Turismo<\/a>\n<\/span><span class=\"aioseo-breadcrumb-separator\">\u2013<\/span><span class=\"aioseo-breadcrumb\">\n\t<a href=\"https:\/\/www.eldigitaldeasturias.com\/noticias\/fitur-cierra-con-optimismo-ante-las-buenas-perspectivas-del-negocio-turistico\/\" title=\"Fitur cierra con optimismo ante las buenas perspectivas del negocio tur\u00edstico\">Fitur cierra con optimismo ante las buenas perspectivas del negocio tur\u00edstico<\/a>\n<\/span><\/div>","aioseo_breadcrumb_json":[{"label":"Home","link":"https:\/\/www.eldigitaldeasturias.com\/noticias"},{"label":"Turismo","link":"https:\/\/www.eldigitaldeasturias.com\/noticias\/category\/turismo\/"},{"label":"Fitur cierra con optimismo ante las buenas perspectivas del negocio tur\u00edstico","link":"https:\/\/www.eldigitaldeasturias.com\/noticias\/fitur-cierra-con-optimismo-ante-las-buenas-perspectivas-del-negocio-turistico\/"}],"_links":{"self":[{"href":"https:\/\/www.eldigitaldeasturias.com\/noticias\/wp-json\/wp\/v2\/posts\/479295","targetHints":{"allow":["GET"]}}],"collection":[{"href":"https:\/\/www.eldigitaldeasturias.com\/noticias\/wp-json\/wp\/v2\/posts"}],"about":[{"href":"https:\/\/www.eldigitaldeasturias.com\/noticias\/wp-json\/wp\/v2\/types\/post"}],"author":[{"embeddable":true,"href":"https:\/\/www.eldigitaldeasturias.com\/noticias\/wp-json\/wp\/v2\/users\/1"}],"replies":[{"embeddable":true,"href":"https:\/\/www.eldigitaldeasturias.com\/noticias\/wp-json\/wp\/v2\/comments?post=479295"}],"version-history":[{"count":0,"href":"https:\/\/www.eldigitaldeasturias.com\/noticias\/wp-json\/wp\/v2\/posts\/479295\/revisions"}],"wp:attachment":[{"href":"https:\/\/www.eldigitaldeasturias.com\/noticias\/wp-json\/wp\/v2\/media?parent=479295"}],"wp:term":[{"taxonomy":"category","embeddable":true,"href":"https:\/\/www.eldigitaldeasturias.com\/noticias\/wp-json\/wp\/v2\/categories?post=479295"},{"taxonomy":"post_tag","embeddable":true,"href":"https:\/\/www.eldigitaldeasturias.com\/noticias\/wp-json\/wp\/v2\/tags?post=479295"}],"curies":[{"name":"wp","href":"https:\/\/api.w.org\/{rel}","templated":true}]}}