{"id":479286,"date":"2014-01-26T23:52:14","date_gmt":"2014-01-27T00:52:14","guid":{"rendered":"http:\/\/www.eldigitaldeasturias.com\/noticias\/?p=479286"},"modified":"2014-01-26T23:52:14","modified_gmt":"2014-01-27T00:52:14","slug":"de-guindos-sera-nombrado-el-martes-coordinador-para-el-eurogrupo-del-ppe","status":"publish","type":"post","link":"https:\/\/www.eldigitaldeasturias.com\/noticias\/de-guindos-sera-nombrado-el-martes-coordinador-para-el-eurogrupo-del-ppe\/","title":{"rendered":"De Guindos ser\u00e1 nombrado el martes coordinador para el Eurogrupo del PPE"},"content":{"rendered":"<p><img loading=\"lazy\" decoding=\"async\" class=\"alignleft size-medium wp-image-479287\" alt=\"5877142w\" src=\"https:\/\/www.eldigitaldeasturias.com\/noticias\/wp-content\/uploads\/2014\/01\/5877142w-360x234.jpg\" width=\"360\" height=\"234\" \/>Bruselas, 26 ene (EFE).- El ministro de Econom\u00eda, Luis De Guindos, ser\u00e1 elegido \u00abcon toda probabilidad\u00bb coordinador del Eurogrupo para la zona euro del Partido Popular Europeo (PPE) el pr\u00f3ximo martes en un desayuno previo a la reuni\u00f3n del Ecofin, inform\u00f3 a EFE el Secretario General del PPE, Antonio L\u00f3pez-Isturiz.<\/p>\n<p>La presidencia del PPE y el ministro alem\u00e1n de Finanzas, Wolfgang Schauble, han dado ya, en contactos previos, el visto bueno a De Guindos para que est\u00e9 al mando de la coordinaci\u00f3n de los ministros econ\u00f3micos conservadores y miembros de la eurozona en el Eurogrupo.<\/p>\n<p>El puesto qued\u00f3 vacante en diciembre, cuando cay\u00f3 el Gobierno luxemburgu\u00e9s y, por tanto, dej\u00f3 de formar parte del Eurogrupo Luc Frieden, que ejerc\u00eda el cargo.<\/p>\n<p>La elecci\u00f3n de De Guindos se har\u00e1 en su ausencia, como es \u00abtradici\u00f3n\u00bb en la elecci\u00f3n de este cargo dentro del PPE, y por el voto del resto de diez ministros de Econom\u00eda de la zona euro que pertenecen a ese partido, se\u00f1alo el tambi\u00e9n eurodiputado popular.<\/p>\n<p>L\u00f3pez-Isturiz tild\u00f3 el futuro nombramiento de \u00abbuena noticia\u00bb y de \u00abse\u00f1al inequ\u00edvoca de confianza para la econom\u00eda espa\u00f1ola\u00bb.<\/p>\n<p>\u00abHace dos a\u00f1os un nombramiento as\u00ed no pod\u00eda esperarse. Significa una muestra de confianza en la buena marcha de la econom\u00eda espa\u00f1ola y las reformas emprendidas\u00bb, dijo, y a\u00f1adi\u00f3 que \u00absignifica que Espa\u00f1a ya no es un pa\u00eds que pueda generar problemas\u00bb.<\/p>\n<p>El secretario general de la formaci\u00f3n se mostr\u00f3 prudente sobre el hecho de que este nombramiento pueda significar la antesala del designaci\u00f3n de De Guindos, m\u00e1s adelante, como presidente del Eurogrupo, si bien explic\u00f3 a Efe la \u00abexcelente\u00bb consideraci\u00f3n del ministro en Bruselas.<\/p>\n<p>\u00abDe Guindos es un hombre muy apreciado. Habla idiomas. Ha hecho buenos contactos y trabajado muy bien los \u00faltimos dos a\u00f1os con el resto de ministros en el Eurogrupo y Ecofin\u00bb, concluy\u00f3.<\/p>\n<p>El ministro, que participar\u00e1 el lunes en la reuni\u00f3n del Eurogrupo, tiene previsto asistir despu\u00e9s, a las 19:00 hora local, a la cuarta edici\u00f3n de \u00abLos Di\u00e1logos de Saint G\u00e9ry\u00bb, organizados por el Partido Popular Europeo (PPE).<\/p>\n<p>La charla, en la que intervendr\u00e1 el ministro alem\u00e1n de Finanzas, Wolfgang Sch\u00e4uble, y a la que De Guindos asistir\u00e1 como panelista, lleva por t\u00edtulo \u00abDe las reformas al crecimiento y el empleo\u00bb.<\/p>\n<p>Por otra parte, el martes, a las 8:00 hora local, el ministro asistir\u00e1 a la presentaci\u00f3n de un libro del Fondo Monetario Internacional (FMI) titulado \u00abEmpleo y crecimiento: apoyando la recuperaci\u00f3n europea\u00bb.<\/p>\n<p>En el acto intervendr\u00e1n la directora gerente del FMI, Christine Lagarde, el ministro alem\u00e1n Schauble y el propio De Guindos.<\/p>\n<p>Esa tarde a las 16:00 horas, despu\u00e9s de la reuni\u00f3n del Ecofin, el ministro tiene previsto asistir al comit\u00e9 de Asuntos Econ\u00f3micos y Monetarios del Parlamento Europeo.<\/p>\n<p>En su intervenci\u00f3n, De Guindos hablar\u00e1 a los eurodiputados de la evoluci\u00f3n de la econom\u00eda espa\u00f1ola desde la \u00faltima vez que asisti\u00f3 a la Euroc\u00e1mara, en noviembre de 2012, indicaron fuentes del ministerio.<\/p>\n","protected":false},"excerpt":{"rendered":"<p>Bruselas, 26 ene (EFE).- El ministro de Econom\u00eda, Luis De Guindos, ser\u00e1 elegido \u00abcon toda probabilidad\u00bb coordinador del Eurogrupo para la zona euro del Partido Popular Europeo (PPE) el pr\u00f3ximo martes en un desayuno previo a la reuni\u00f3n del Ecofin, inform\u00f3 a EFE el Secretario General del PPE, Antonio L\u00f3pez-Isturiz. La presidencia del PPE y [&hellip;]<\/p>\n","protected":false},"author":1,"featured_media":1132184,"comment_status":"closed","ping_status":"open","sticky":false,"template":"","format":"standard","meta":{"footnotes":""},"categories":[1],"tags":[],"class_list":["post-479286","post","type-post","status-publish","format-standard","has-post-thumbnail","hentry","category-actualidad"],"aioseo_notices":[],"aioseo_head":"\n\t\t<!-- All in One SEO Pro 5.0.1 - aioseo.com -->\n\t<meta name=\"description\" content=\"Bruselas, 26 ene (EFE).- El ministro de Econom\u00eda, Luis De Guindos, ser\u00e1 elegido &quot;con toda probabilidad&quot; coordinador del Eurogrupo para la zona euro del Partido Popular Europeo (PPE) el pr\u00f3ximo martes en un desayuno previo a la reuni\u00f3n del Ecofin, inform\u00f3 a EFE el Secretario General del PPE, Antonio L\u00f3pez-Isturiz. La presidencia del PPE y\" \/>\n\t<meta name=\"robots\" content=\"max-image-preview:large\" \/>\n\t<meta name=\"author\" content=\"El Digital de Asturias\"\/>\n\t<meta name=\"google-site-verification\" content=\"UA-38556648-1\" \/>\n\t<meta name=\"msvalidate.01\" content=\"7dfe9f3f1b24437ab69f4f2559babe99\" \/>\n\t<meta name=\"keywords\" content=\"actualidad\" \/>\n\t<link rel=\"canonical\" href=\"https:\/\/www.eldigitaldeasturias.com\/noticias\/de-guindos-sera-nombrado-el-martes-coordinador-para-el-eurogrupo-del-ppe\/\" \/>\n\t<meta name=\"generator\" content=\"All in One SEO Pro (AIOSEO) 5.0.1\" \/>\n\t\t<meta property=\"og:locale\" content=\"es_ES\" \/>\n\t\t<meta property=\"og:site_name\" content=\"El Digital de Asturias\" \/>\n\t\t<meta property=\"og:type\" content=\"article\" \/>\n\t\t<meta property=\"og:title\" content=\"De Guindos ser\u00e1 nombrado el martes coordinador para el Eurogrupo del PPE - El Digital de Asturias\" \/>\n\t\t<meta property=\"og:description\" content=\"Bruselas, 26 ene (EFE).- El ministro de Econom\u00eda, Luis De Guindos, ser\u00e1 elegido &quot;con toda probabilidad&quot; coordinador del Eurogrupo para la zona euro del Partido Popular Europeo (PPE) el pr\u00f3ximo martes en un desayuno previo a la reuni\u00f3n del Ecofin, inform\u00f3 a EFE el Secretario General del PPE, Antonio L\u00f3pez-Isturiz. La presidencia del PPE y\" \/>\n\t\t<meta property=\"og:url\" content=\"https:\/\/www.eldigitaldeasturias.com\/noticias\/de-guindos-sera-nombrado-el-martes-coordinador-para-el-eurogrupo-del-ppe\/\" \/>\n\t\t<meta property=\"og:image\" content=\"https:\/\/www.eldigitaldeasturias.com\/noticias\/wp-content\/uploads\/2026\/06\/Contenidos.jpg\" \/>\n\t\t<meta property=\"og:image:secure_url\" content=\"https:\/\/www.eldigitaldeasturias.com\/noticias\/wp-content\/uploads\/2026\/06\/Contenidos.jpg\" \/>\n\t\t<meta property=\"og:image:width\" content=\"1265\" \/>\n\t\t<meta property=\"og:image:height\" content=\"697\" \/>\n\t\t<meta property=\"article:tag\" content=\"actualidad\" \/>\n\t\t<meta property=\"article:published_time\" content=\"2014-01-27T00:52:14+00:00\" \/>\n\t\t<meta property=\"article:modified_time\" content=\"2014-01-27T00:52:14+00:00\" \/>\n\t\t<meta property=\"article:publisher\" content=\"https:\/\/facebook.com\/eldigitaldeasturias\" \/>\n\t\t<meta name=\"twitter:card\" content=\"summary_large_image\" \/>\n\t\t<meta name=\"twitter:title\" content=\"De Guindos ser\u00e1 nombrado el martes coordinador para el Eurogrupo del PPE - El Digital de Asturias\" \/>\n\t\t<meta name=\"twitter:description\" content=\"Bruselas, 26 ene (EFE).- El ministro de Econom\u00eda, Luis De Guindos, ser\u00e1 elegido &quot;con toda probabilidad&quot; coordinador del Eurogrupo para la zona euro del Partido Popular Europeo (PPE) el pr\u00f3ximo martes en un desayuno previo a la reuni\u00f3n del Ecofin, inform\u00f3 a EFE el Secretario General del PPE, Antonio L\u00f3pez-Isturiz. La presidencia del PPE y\" \/>\n\t\t<meta name=\"twitter:image\" content=\"https:\/\/www.eldigitaldeasturias.com\/noticias\/wp-content\/uploads\/2026\/06\/Contenidos.jpg\" \/>\n\t\t<meta name=\"twitter:label1\" content=\"Escrito por\" \/>\n\t\t<meta name=\"twitter:data1\" content=\"El Digital de Asturias\" \/>\n\t\t<meta name=\"twitter:label2\" content=\"Tiempo de lectura estimado\" \/>\n\t\t<meta name=\"twitter:data2\" content=\"3 minutos\" \/>\n\t\t<script type=\"application\/ld+json\" class=\"aioseo-schema\">\n\t\t\t{\"@context\":\"https:\\\/\\\/schema.org\",\"@graph\":[{\"@type\":\"BlogPosting\",\"@id\":\"https:\\\/\\\/www.eldigitaldeasturias.com\\\/noticias\\\/de-guindos-sera-nombrado-el-martes-coordinador-para-el-eurogrupo-del-ppe\\\/#blogposting\",\"name\":\"De Guindos ser\\u00e1 nombrado el martes coordinador para el Eurogrupo del PPE - El Digital de Asturias\",\"headline\":\"De Guindos ser\\u00e1 nombrado el martes coordinador para el Eurogrupo del PPE\",\"author\":{\"@id\":\"https:\\\/\\\/www.eldigitaldeasturias.com\\\/noticias\\\/author\\\/admin\\\/#author\"},\"publisher\":{\"@id\":\"https:\\\/\\\/www.eldigitaldeasturias.com\\\/noticias\\\/#organization\"},\"image\":{\"@type\":\"ImageObject\",\"url\":\"https:\\\/\\\/www.eldigitaldeasturias.com\\\/noticias\\\/wp-content\\\/uploads\\\/2026\\\/06\\\/Contenidos.jpg\",\"width\":1265,\"height\":697,\"caption\":\"Contenidos\"},\"datePublished\":\"2014-01-26T23:52:14+01:00\",\"dateModified\":\"2014-01-26T23:52:14+01:00\",\"inLanguage\":\"es-ES\",\"mainEntityOfPage\":{\"@id\":\"https:\\\/\\\/www.eldigitaldeasturias.com\\\/noticias\\\/de-guindos-sera-nombrado-el-martes-coordinador-para-el-eurogrupo-del-ppe\\\/#webpage\"},\"isPartOf\":{\"@id\":\"https:\\\/\\\/www.eldigitaldeasturias.com\\\/noticias\\\/de-guindos-sera-nombrado-el-martes-coordinador-para-el-eurogrupo-del-ppe\\\/#webpage\"},\"articleSection\":\"Actualidad\"},{\"@type\":\"BreadcrumbList\",\"@id\":\"https:\\\/\\\/www.eldigitaldeasturias.com\\\/noticias\\\/de-guindos-sera-nombrado-el-martes-coordinador-para-el-eurogrupo-del-ppe\\\/#breadcrumblist\",\"itemListElement\":[{\"@type\":\"ListItem\",\"@id\":\"https:\\\/\\\/www.eldigitaldeasturias.com\\\/noticias#listItem\",\"position\":1,\"name\":\"Home\",\"item\":\"https:\\\/\\\/www.eldigitaldeasturias.com\\\/noticias\",\"nextItem\":{\"@type\":\"ListItem\",\"@id\":\"https:\\\/\\\/www.eldigitaldeasturias.com\\\/noticias\\\/category\\\/actualidad\\\/#listItem\",\"name\":\"Actualidad\"}},{\"@type\":\"ListItem\",\"@id\":\"https:\\\/\\\/www.eldigitaldeasturias.com\\\/noticias\\\/category\\\/actualidad\\\/#listItem\",\"position\":2,\"name\":\"Actualidad\",\"item\":\"https:\\\/\\\/www.eldigitaldeasturias.com\\\/noticias\\\/category\\\/actualidad\\\/\",\"nextItem\":{\"@type\":\"ListItem\",\"@id\":\"https:\\\/\\\/www.eldigitaldeasturias.com\\\/noticias\\\/de-guindos-sera-nombrado-el-martes-coordinador-para-el-eurogrupo-del-ppe\\\/#listItem\",\"name\":\"De Guindos ser\\u00e1 nombrado el martes coordinador para el Eurogrupo del PPE\"},\"previousItem\":{\"@type\":\"ListItem\",\"@id\":\"https:\\\/\\\/www.eldigitaldeasturias.com\\\/noticias#listItem\",\"name\":\"Home\"}},{\"@type\":\"ListItem\",\"@id\":\"https:\\\/\\\/www.eldigitaldeasturias.com\\\/noticias\\\/de-guindos-sera-nombrado-el-martes-coordinador-para-el-eurogrupo-del-ppe\\\/#listItem\",\"position\":3,\"name\":\"De Guindos ser\\u00e1 nombrado el martes coordinador para el Eurogrupo del PPE\",\"previousItem\":{\"@type\":\"ListItem\",\"@id\":\"https:\\\/\\\/www.eldigitaldeasturias.com\\\/noticias\\\/category\\\/actualidad\\\/#listItem\",\"name\":\"Actualidad\"}}]},{\"@type\":\"Organization\",\"@id\":\"https:\\\/\\\/www.eldigitaldeasturias.com\\\/noticias\\\/#organization\",\"name\":\"El Digital de Asturias\",\"description\":\"Hemeroteca\",\"url\":\"https:\\\/\\\/www.eldigitaldeasturias.com\\\/noticias\\\/\",\"email\":\"info@eldigitaldeasturias.com\",\"telephone\":\"+34652131393\",\"logo\":{\"@type\":\"ImageObject\",\"url\":\"https:\\\/\\\/www.eldigitaldeasturias.com\\\/noticias\\\/wp-content\\\/uploads\\\/2020\\\/12\\\/EDA.jpg\",\"@id\":\"https:\\\/\\\/www.eldigitaldeasturias.com\\\/noticias\\\/de-guindos-sera-nombrado-el-martes-coordinador-para-el-eurogrupo-del-ppe\\\/#organizationLogo\"},\"image\":{\"@id\":\"https:\\\/\\\/www.eldigitaldeasturias.com\\\/noticias\\\/de-guindos-sera-nombrado-el-martes-coordinador-para-el-eurogrupo-del-ppe\\\/#organizationLogo\"},\"sameAs\":[\"https:\\\/\\\/facebook.com\\\/eldigitaldeasturias\",\"https:\\\/\\\/www.youtube.com\\\/channel\\\/UCZP-2wLEB9Rv6erhFmqVnvg\"],\"address\":{\"@id\":\"https:\\\/\\\/www.eldigitaldeasturias.com\\\/noticias\\\/#postaladdress\",\"@type\":\"PostalAddress\",\"streetAddress\":\"san antonio 4\",\"postalCode\":\"33430\",\"addressLocality\":\"Cand\\u00e1s\",\"addressRegion\":\"Asturias\",\"addressCountry\":\"ES\"}},{\"@type\":\"Person\",\"@id\":\"https:\\\/\\\/www.eldigitaldeasturias.com\\\/noticias\\\/author\\\/admin\\\/#author\",\"url\":\"https:\\\/\\\/www.eldigitaldeasturias.com\\\/noticias\\\/author\\\/admin\\\/\",\"name\":\"El Digital de Asturias\",\"image\":{\"@type\":\"ImageObject\",\"@id\":\"https:\\\/\\\/www.eldigitaldeasturias.com\\\/noticias\\\/de-guindos-sera-nombrado-el-martes-coordinador-para-el-eurogrupo-del-ppe\\\/#authorImage\",\"url\":\"https:\\\/\\\/secure.gravatar.com\\\/avatar\\\/df2aeffc32bcd13f8d26072ef8a91b623d677766deac7f97ca815868cd41bf5e?s=96&d=mm&r=g\",\"width\":96,\"height\":96,\"caption\":\"El Digital de Asturias\"}},{\"@type\":\"WebPage\",\"@id\":\"https:\\\/\\\/www.eldigitaldeasturias.com\\\/noticias\\\/de-guindos-sera-nombrado-el-martes-coordinador-para-el-eurogrupo-del-ppe\\\/#webpage\",\"url\":\"https:\\\/\\\/www.eldigitaldeasturias.com\\\/noticias\\\/de-guindos-sera-nombrado-el-martes-coordinador-para-el-eurogrupo-del-ppe\\\/\",\"name\":\"De Guindos ser\\u00e1 nombrado el martes coordinador para el Eurogrupo del PPE - El Digital de Asturias\",\"description\":\"Bruselas, 26 ene (EFE).- El ministro de Econom\\u00eda, Luis De Guindos, ser\\u00e1 elegido \\\"con toda probabilidad\\\" coordinador del Eurogrupo para la zona euro del Partido Popular Europeo (PPE) el pr\\u00f3ximo martes en un desayuno previo a la reuni\\u00f3n del Ecofin, inform\\u00f3 a EFE el Secretario General del PPE, Antonio L\\u00f3pez-Isturiz. La presidencia del PPE y\",\"inLanguage\":\"es-ES\",\"isPartOf\":{\"@id\":\"https:\\\/\\\/www.eldigitaldeasturias.com\\\/noticias\\\/#website\"},\"breadcrumb\":{\"@id\":\"https:\\\/\\\/www.eldigitaldeasturias.com\\\/noticias\\\/de-guindos-sera-nombrado-el-martes-coordinador-para-el-eurogrupo-del-ppe\\\/#breadcrumblist\"},\"author\":{\"@id\":\"https:\\\/\\\/www.eldigitaldeasturias.com\\\/noticias\\\/author\\\/admin\\\/#author\"},\"creator\":{\"@id\":\"https:\\\/\\\/www.eldigitaldeasturias.com\\\/noticias\\\/author\\\/admin\\\/#author\"},\"image\":{\"@type\":\"ImageObject\",\"url\":\"https:\\\/\\\/www.eldigitaldeasturias.com\\\/noticias\\\/wp-content\\\/uploads\\\/2026\\\/06\\\/Contenidos.jpg\",\"@id\":\"https:\\\/\\\/www.eldigitaldeasturias.com\\\/noticias\\\/de-guindos-sera-nombrado-el-martes-coordinador-para-el-eurogrupo-del-ppe\\\/#mainImage\",\"width\":1265,\"height\":697,\"caption\":\"Contenidos\"},\"primaryImageOfPage\":{\"@id\":\"https:\\\/\\\/www.eldigitaldeasturias.com\\\/noticias\\\/de-guindos-sera-nombrado-el-martes-coordinador-para-el-eurogrupo-del-ppe\\\/#mainImage\"},\"datePublished\":\"2014-01-26T23:52:14+01:00\",\"dateModified\":\"2014-01-26T23:52:14+01:00\"},{\"@type\":\"WebSite\",\"@id\":\"https:\\\/\\\/www.eldigitaldeasturias.com\\\/noticias\\\/#website\",\"url\":\"https:\\\/\\\/www.eldigitaldeasturias.com\\\/noticias\\\/\",\"name\":\"El Digital de Asturias - Diario de actualidad y noticias\",\"alternateName\":\"El Digital de Asturias - Diario de actualidad y noticias\",\"description\":\"Hemeroteca\",\"inLanguage\":\"es-ES\",\"publisher\":{\"@id\":\"https:\\\/\\\/www.eldigitaldeasturias.com\\\/noticias\\\/#organization\"}}]}\n\t\t<\/script>\n\t\t<!-- All in One SEO Pro -->\r\n\t\t<title>De Guindos ser\u00e1 nombrado el martes coordinador para el Eurogrupo del PPE - El Digital de Asturias<\/title>\n\n","aioseo_head_json":{"title":"De Guindos ser\u00e1 nombrado el martes coordinador para el Eurogrupo del PPE - El Digital de Asturias","description":"Bruselas, 26 ene (EFE).- El ministro de Econom\u00eda, Luis De Guindos, ser\u00e1 elegido \"con toda probabilidad\" coordinador del Eurogrupo para la zona euro del Partido Popular Europeo (PPE) el pr\u00f3ximo martes en un desayuno previo a la reuni\u00f3n del Ecofin, inform\u00f3 a EFE el Secretario General del PPE, Antonio L\u00f3pez-Isturiz. La presidencia del PPE y","canonical_url":"https:\/\/www.eldigitaldeasturias.com\/noticias\/de-guindos-sera-nombrado-el-martes-coordinador-para-el-eurogrupo-del-ppe\/","robots":"max-image-preview:large","keywords":"actualidad","webmasterTools":{"google-site-verification":"UA-38556648-1","msvalidate.01":"7dfe9f3f1b24437ab69f4f2559babe99","miscellaneous":""},"schema":{"@context":"https:\/\/schema.org","@graph":[{"@type":"BlogPosting","@id":"https:\/\/www.eldigitaldeasturias.com\/noticias\/de-guindos-sera-nombrado-el-martes-coordinador-para-el-eurogrupo-del-ppe\/#blogposting","name":"De Guindos ser\u00e1 nombrado el martes coordinador para el Eurogrupo del PPE - El Digital de Asturias","headline":"De Guindos ser\u00e1 nombrado el martes coordinador para el Eurogrupo del PPE","author":{"@id":"https:\/\/www.eldigitaldeasturias.com\/noticias\/author\/admin\/#author"},"publisher":{"@id":"https:\/\/www.eldigitaldeasturias.com\/noticias\/#organization"},"image":{"@type":"ImageObject","url":"https:\/\/www.eldigitaldeasturias.com\/noticias\/wp-content\/uploads\/2026\/06\/Contenidos.jpg","width":1265,"height":697,"caption":"Contenidos"},"datePublished":"2014-01-26T23:52:14+01:00","dateModified":"2014-01-26T23:52:14+01:00","inLanguage":"es-ES","mainEntityOfPage":{"@id":"https:\/\/www.eldigitaldeasturias.com\/noticias\/de-guindos-sera-nombrado-el-martes-coordinador-para-el-eurogrupo-del-ppe\/#webpage"},"isPartOf":{"@id":"https:\/\/www.eldigitaldeasturias.com\/noticias\/de-guindos-sera-nombrado-el-martes-coordinador-para-el-eurogrupo-del-ppe\/#webpage"},"articleSection":"Actualidad"},{"@type":"BreadcrumbList","@id":"https:\/\/www.eldigitaldeasturias.com\/noticias\/de-guindos-sera-nombrado-el-martes-coordinador-para-el-eurogrupo-del-ppe\/#breadcrumblist","itemListElement":[{"@type":"ListItem","@id":"https:\/\/www.eldigitaldeasturias.com\/noticias#listItem","position":1,"name":"Home","item":"https:\/\/www.eldigitaldeasturias.com\/noticias","nextItem":{"@type":"ListItem","@id":"https:\/\/www.eldigitaldeasturias.com\/noticias\/category\/actualidad\/#listItem","name":"Actualidad"}},{"@type":"ListItem","@id":"https:\/\/www.eldigitaldeasturias.com\/noticias\/category\/actualidad\/#listItem","position":2,"name":"Actualidad","item":"https:\/\/www.eldigitaldeasturias.com\/noticias\/category\/actualidad\/","nextItem":{"@type":"ListItem","@id":"https:\/\/www.eldigitaldeasturias.com\/noticias\/de-guindos-sera-nombrado-el-martes-coordinador-para-el-eurogrupo-del-ppe\/#listItem","name":"De Guindos ser\u00e1 nombrado el martes coordinador para el Eurogrupo del PPE"},"previousItem":{"@type":"ListItem","@id":"https:\/\/www.eldigitaldeasturias.com\/noticias#listItem","name":"Home"}},{"@type":"ListItem","@id":"https:\/\/www.eldigitaldeasturias.com\/noticias\/de-guindos-sera-nombrado-el-martes-coordinador-para-el-eurogrupo-del-ppe\/#listItem","position":3,"name":"De Guindos ser\u00e1 nombrado el martes coordinador para el Eurogrupo del PPE","previousItem":{"@type":"ListItem","@id":"https:\/\/www.eldigitaldeasturias.com\/noticias\/category\/actualidad\/#listItem","name":"Actualidad"}}]},{"@type":"Organization","@id":"https:\/\/www.eldigitaldeasturias.com\/noticias\/#organization","name":"El Digital de Asturias","description":"Hemeroteca","url":"https:\/\/www.eldigitaldeasturias.com\/noticias\/","email":"info@eldigitaldeasturias.com","telephone":"+34652131393","logo":{"@type":"ImageObject","url":"https:\/\/www.eldigitaldeasturias.com\/noticias\/wp-content\/uploads\/2020\/12\/EDA.jpg","@id":"https:\/\/www.eldigitaldeasturias.com\/noticias\/de-guindos-sera-nombrado-el-martes-coordinador-para-el-eurogrupo-del-ppe\/#organizationLogo"},"image":{"@id":"https:\/\/www.eldigitaldeasturias.com\/noticias\/de-guindos-sera-nombrado-el-martes-coordinador-para-el-eurogrupo-del-ppe\/#organizationLogo"},"sameAs":["https:\/\/facebook.com\/eldigitaldeasturias","https:\/\/www.youtube.com\/channel\/UCZP-2wLEB9Rv6erhFmqVnvg"],"address":{"@id":"https:\/\/www.eldigitaldeasturias.com\/noticias\/#postaladdress","@type":"PostalAddress","streetAddress":"san antonio 4","postalCode":"33430","addressLocality":"Cand\u00e1s","addressRegion":"Asturias","addressCountry":"ES"}},{"@type":"Person","@id":"https:\/\/www.eldigitaldeasturias.com\/noticias\/author\/admin\/#author","url":"https:\/\/www.eldigitaldeasturias.com\/noticias\/author\/admin\/","name":"El Digital de Asturias","image":{"@type":"ImageObject","@id":"https:\/\/www.eldigitaldeasturias.com\/noticias\/de-guindos-sera-nombrado-el-martes-coordinador-para-el-eurogrupo-del-ppe\/#authorImage","url":"https:\/\/secure.gravatar.com\/avatar\/df2aeffc32bcd13f8d26072ef8a91b623d677766deac7f97ca815868cd41bf5e?s=96&d=mm&r=g","width":96,"height":96,"caption":"El Digital de Asturias"}},{"@type":"WebPage","@id":"https:\/\/www.eldigitaldeasturias.com\/noticias\/de-guindos-sera-nombrado-el-martes-coordinador-para-el-eurogrupo-del-ppe\/#webpage","url":"https:\/\/www.eldigitaldeasturias.com\/noticias\/de-guindos-sera-nombrado-el-martes-coordinador-para-el-eurogrupo-del-ppe\/","name":"De Guindos ser\u00e1 nombrado el martes coordinador para el Eurogrupo del PPE - El Digital de Asturias","description":"Bruselas, 26 ene (EFE).- El ministro de Econom\u00eda, Luis De Guindos, ser\u00e1 elegido \"con toda probabilidad\" coordinador del Eurogrupo para la zona euro del Partido Popular Europeo (PPE) el pr\u00f3ximo martes en un desayuno previo a la reuni\u00f3n del Ecofin, inform\u00f3 a EFE el Secretario General del PPE, Antonio L\u00f3pez-Isturiz. La presidencia del PPE y","inLanguage":"es-ES","isPartOf":{"@id":"https:\/\/www.eldigitaldeasturias.com\/noticias\/#website"},"breadcrumb":{"@id":"https:\/\/www.eldigitaldeasturias.com\/noticias\/de-guindos-sera-nombrado-el-martes-coordinador-para-el-eurogrupo-del-ppe\/#breadcrumblist"},"author":{"@id":"https:\/\/www.eldigitaldeasturias.com\/noticias\/author\/admin\/#author"},"creator":{"@id":"https:\/\/www.eldigitaldeasturias.com\/noticias\/author\/admin\/#author"},"image":{"@type":"ImageObject","url":"https:\/\/www.eldigitaldeasturias.com\/noticias\/wp-content\/uploads\/2026\/06\/Contenidos.jpg","@id":"https:\/\/www.eldigitaldeasturias.com\/noticias\/de-guindos-sera-nombrado-el-martes-coordinador-para-el-eurogrupo-del-ppe\/#mainImage","width":1265,"height":697,"caption":"Contenidos"},"primaryImageOfPage":{"@id":"https:\/\/www.eldigitaldeasturias.com\/noticias\/de-guindos-sera-nombrado-el-martes-coordinador-para-el-eurogrupo-del-ppe\/#mainImage"},"datePublished":"2014-01-26T23:52:14+01:00","dateModified":"2014-01-26T23:52:14+01:00"},{"@type":"WebSite","@id":"https:\/\/www.eldigitaldeasturias.com\/noticias\/#website","url":"https:\/\/www.eldigitaldeasturias.com\/noticias\/","name":"El Digital de Asturias - Diario de actualidad y noticias","alternateName":"El Digital de Asturias - Diario de actualidad y noticias","description":"Hemeroteca","inLanguage":"es-ES","publisher":{"@id":"https:\/\/www.eldigitaldeasturias.com\/noticias\/#organization"}}]},"og:locale":"es_ES","og:site_name":"El Digital de Asturias","og:type":"article","og:title":"De Guindos ser\u00e1 nombrado el martes coordinador para el Eurogrupo del PPE - El Digital de Asturias","og:description":"Bruselas, 26 ene (EFE).- El ministro de Econom\u00eda, Luis De Guindos, ser\u00e1 elegido &quot;con toda probabilidad&quot; coordinador del Eurogrupo para la zona euro del Partido Popular Europeo (PPE) el pr\u00f3ximo martes en un desayuno previo a la reuni\u00f3n del Ecofin, inform\u00f3 a EFE el Secretario General del PPE, Antonio L\u00f3pez-Isturiz. La presidencia del PPE y","og:url":"https:\/\/www.eldigitaldeasturias.com\/noticias\/de-guindos-sera-nombrado-el-martes-coordinador-para-el-eurogrupo-del-ppe\/","og:image":"https:\/\/www.eldigitaldeasturias.com\/noticias\/wp-content\/uploads\/2026\/06\/Contenidos.jpg","og:image:secure_url":"https:\/\/www.eldigitaldeasturias.com\/noticias\/wp-content\/uploads\/2026\/06\/Contenidos.jpg","og:image:width":1265,"og:image:height":697,"article:tag":["actualidad"],"article:published_time":"2014-01-27T00:52:14+00:00","article:modified_time":"2014-01-27T00:52:14+00:00","article:publisher":"https:\/\/facebook.com\/eldigitaldeasturias","twitter:card":"summary_large_image","twitter:title":"De Guindos ser\u00e1 nombrado el martes coordinador para el Eurogrupo del PPE - El Digital de Asturias","twitter:description":"Bruselas, 26 ene (EFE).- El ministro de Econom\u00eda, Luis De Guindos, ser\u00e1 elegido &quot;con toda probabilidad&quot; coordinador del Eurogrupo para la zona euro del Partido Popular Europeo (PPE) el pr\u00f3ximo martes en un desayuno previo a la reuni\u00f3n del Ecofin, inform\u00f3 a EFE el Secretario General del PPE, Antonio L\u00f3pez-Isturiz. La presidencia del PPE y","twitter:image":"https:\/\/www.eldigitaldeasturias.com\/noticias\/wp-content\/uploads\/2026\/06\/Contenidos.jpg","twitter:label1":"Escrito por","twitter:data1":"El Digital de Asturias","twitter:label2":"Tiempo de lectura estimado","twitter:data2":"3 minutos"},"aioseo_meta_data":{"post_id":"479286","title":null,"description":null,"keywords":null,"keyphrases":null,"primary_term":null,"canonical_url":null,"og_title":null,"og_description":null,"og_object_type":"default","og_image_type":"default","og_image_url":null,"og_image_width":null,"og_image_height":null,"og_image_custom_url":null,"og_image_custom_fields":null,"og_video":null,"og_custom_url":null,"og_article_section":null,"og_article_tags":null,"twitter_use_og":true,"twitter_card":"default","twitter_image_type":"default","twitter_image_url":null,"twitter_image_custom_url":null,"twitter_image_custom_fields":null,"twitter_title":null,"twitter_description":null,"schema":{"blockGraphs":[],"customGraphs":[],"default":{"data":{"Article":[],"Course":[],"Dataset":[],"FAQPage":[],"Movie":[],"Person":[],"Product":[],"ProductReview":[],"Car":[],"Recipe":[],"Service":[],"SoftwareApplication":[],"WebPage":[]},"graphName":"","isEnabled":true},"graphs":[],"defaultGraph":"","defaultPostTypeGraph":""},"schema_type":null,"schema_type_options":null,"pillar_content":false,"robots_default":true,"robots_noindex":false,"robots_noarchive":false,"robots_nosnippet":false,"robots_nofollow":false,"robots_noimageindex":false,"robots_noodp":false,"robots_notranslate":false,"robots_max_snippet":null,"robots_max_videopreview":null,"robots_max_imagepreview":"none","priority":null,"frequency":null,"local_seo":null,"seo_analyzer_scan_date":"2026-06-02 00:02:48","breadcrumb_settings":null,"limit_modified_date":false,"open_ai":null,"ai":null,"created":"2020-11-14 22:54:02","updated":"2026-06-02 00:02:48","focus_keyword":null,"additional_keywords":null,"truseo_locale":null},"aioseo_breadcrumb":"<div class=\"aioseo-breadcrumbs\"><span class=\"aioseo-breadcrumb\">\n\t<a href=\"https:\/\/www.eldigitaldeasturias.com\/noticias\" title=\"Home\">Home<\/a>\n<\/span><span class=\"aioseo-breadcrumb-separator\">\u2013<\/span><span class=\"aioseo-breadcrumb\">\n\t<a href=\"https:\/\/www.eldigitaldeasturias.com\/noticias\/category\/actualidad\/\" title=\"Actualidad\">Actualidad<\/a>\n<\/span><span class=\"aioseo-breadcrumb-separator\">\u2013<\/span><span class=\"aioseo-breadcrumb\">\n\t<a href=\"https:\/\/www.eldigitaldeasturias.com\/noticias\/de-guindos-sera-nombrado-el-martes-coordinador-para-el-eurogrupo-del-ppe\/\" title=\"De Guindos ser\u00e1 nombrado el martes coordinador para el Eurogrupo del PPE\">De Guindos ser\u00e1 nombrado el martes coordinador para el Eurogrupo del PPE<\/a>\n<\/span><\/div>","aioseo_breadcrumb_json":[{"label":"Home","link":"https:\/\/www.eldigitaldeasturias.com\/noticias"},{"label":"Actualidad","link":"https:\/\/www.eldigitaldeasturias.com\/noticias\/category\/actualidad\/"},{"label":"De Guindos ser\u00e1 nombrado el martes coordinador para el Eurogrupo del PPE","link":"https:\/\/www.eldigitaldeasturias.com\/noticias\/de-guindos-sera-nombrado-el-martes-coordinador-para-el-eurogrupo-del-ppe\/"}],"_links":{"self":[{"href":"https:\/\/www.eldigitaldeasturias.com\/noticias\/wp-json\/wp\/v2\/posts\/479286","targetHints":{"allow":["GET"]}}],"collection":[{"href":"https:\/\/www.eldigitaldeasturias.com\/noticias\/wp-json\/wp\/v2\/posts"}],"about":[{"href":"https:\/\/www.eldigitaldeasturias.com\/noticias\/wp-json\/wp\/v2\/types\/post"}],"author":[{"embeddable":true,"href":"https:\/\/www.eldigitaldeasturias.com\/noticias\/wp-json\/wp\/v2\/users\/1"}],"replies":[{"embeddable":true,"href":"https:\/\/www.eldigitaldeasturias.com\/noticias\/wp-json\/wp\/v2\/comments?post=479286"}],"version-history":[{"count":0,"href":"https:\/\/www.eldigitaldeasturias.com\/noticias\/wp-json\/wp\/v2\/posts\/479286\/revisions"}],"wp:featuredmedia":[{"embeddable":true,"href":"https:\/\/www.eldigitaldeasturias.com\/noticias\/wp-json\/wp\/v2\/media\/1132184"}],"wp:attachment":[{"href":"https:\/\/www.eldigitaldeasturias.com\/noticias\/wp-json\/wp\/v2\/media?parent=479286"}],"wp:term":[{"taxonomy":"category","embeddable":true,"href":"https:\/\/www.eldigitaldeasturias.com\/noticias\/wp-json\/wp\/v2\/categories?post=479286"},{"taxonomy":"post_tag","embeddable":true,"href":"https:\/\/www.eldigitaldeasturias.com\/noticias\/wp-json\/wp\/v2\/tags?post=479286"}],"curies":[{"name":"wp","href":"https:\/\/api.w.org\/{rel}","templated":true}]}}