{"id":479283,"date":"2014-01-26T23:51:07","date_gmt":"2014-01-27T00:51:07","guid":{"rendered":"http:\/\/www.eldigitaldeasturias.com\/noticias\/?p=479283"},"modified":"2014-01-26T23:51:07","modified_gmt":"2014-01-27T00:51:07","slug":"la-racha-del-valencia-de-pizzi-no-mejora-las-de-djukic","status":"publish","type":"post","link":"https:\/\/www.eldigitaldeasturias.com\/noticias\/la-racha-del-valencia-de-pizzi-no-mejora-las-de-djukic\/","title":{"rendered":"La racha del Valencia de Pizzi no mejora las de Djukic"},"content":{"rendered":"<p><img loading=\"lazy\" decoding=\"async\" class=\"alignleft size-medium wp-image-479284\" alt=\"5877307w\" src=\"https:\/\/www.eldigitaldeasturias.com\/noticias\/wp-content\/uploads\/2014\/01\/5877307w-360x200.jpg\" width=\"360\" height=\"200\" \/>Valencia, 26 ene (EFE).- Los resultados obtenidos por el Valencia desde la llegada del entrenador hispano-argentino Juan Antonio Pizzi no han mejorado la de su predecesor en el cargo, Miroslav Djukic.<\/p>\n<p>Con el nuevo t\u00e9cnico, el equipo acumula cinco encuentros sin ganar, circunstancia que supera la peor de las rachas de Djukic, que fue t\u00e9cnico del Valencia desde el inicio de la temporada hasta mitad del mes de diciembre.<\/p>\n<p>Pizzi debut\u00f3 con una victoria ante el Levante en Liga, pero desde entonces ha encadenado una serie, entre Liga y Copa del Rey, de tres empates y dos derrotas.<\/p>\n<p>El Atl\u00e9tico de Madrid en Copa (2-0) y el Celta, en Liga (2-1), se impusieron como locales a los valencianistas, que igualaron ante el Atl\u00e9tico en Mestalla (1-1) as\u00ed como en las dos \u00faltimas jornadas de Liga, en M\u00e1laga (0-0) y en Mestalla ante el Espanyol (2-2).<\/p>\n<p>Estos resultados son peores que los del arranque de Djukic en el banquillo del Valencia, en el que nunca estuvo m\u00e1s de cuatro partidos consecutivos sin ganar.<\/p>\n","protected":false},"excerpt":{"rendered":"<p>Valencia, 26 ene (EFE).- Los resultados obtenidos por el Valencia desde la llegada del entrenador hispano-argentino Juan Antonio Pizzi no han mejorado la de su predecesor en el cargo, Miroslav Djukic. Con el nuevo t\u00e9cnico, el equipo acumula cinco encuentros sin ganar, circunstancia que supera la peor de las rachas de Djukic, que fue t\u00e9cnico [&hellip;]<\/p>\n","protected":false},"author":1,"featured_media":1132184,"comment_status":"closed","ping_status":"open","sticky":false,"template":"","format":"standard","meta":{"footnotes":""},"categories":[1],"tags":[],"class_list":["post-479283","post","type-post","status-publish","format-standard","has-post-thumbnail","hentry","category-actualidad"],"aioseo_notices":[],"aioseo_head":"\n\t\t<!-- All in One SEO Pro 5.0.1 - aioseo.com -->\n\t<meta name=\"description\" content=\"Valencia, 26 ene (EFE).- Los resultados obtenidos por el Valencia desde la llegada del entrenador hispano-argentino Juan Antonio Pizzi no han mejorado la de su predecesor en el cargo, Miroslav Djukic. Con el nuevo t\u00e9cnico, el equipo acumula cinco encuentros sin ganar, circunstancia que supera la peor de las rachas de Djukic, que fue t\u00e9cnico\" \/>\n\t<meta name=\"robots\" content=\"max-image-preview:large\" \/>\n\t<meta name=\"author\" content=\"El Digital de Asturias\"\/>\n\t<meta name=\"google-site-verification\" content=\"UA-38556648-1\" \/>\n\t<meta name=\"msvalidate.01\" content=\"7dfe9f3f1b24437ab69f4f2559babe99\" \/>\n\t<meta name=\"keywords\" content=\"actualidad\" \/>\n\t<link rel=\"canonical\" href=\"https:\/\/www.eldigitaldeasturias.com\/noticias\/la-racha-del-valencia-de-pizzi-no-mejora-las-de-djukic\/\" \/>\n\t<meta name=\"generator\" content=\"All in One SEO Pro (AIOSEO) 5.0.1\" \/>\n\t\t<meta property=\"og:locale\" content=\"es_ES\" \/>\n\t\t<meta property=\"og:site_name\" content=\"El Digital de Asturias\" \/>\n\t\t<meta property=\"og:type\" content=\"article\" \/>\n\t\t<meta property=\"og:title\" content=\"La racha del Valencia de Pizzi no mejora las de Djukic - El Digital de Asturias\" \/>\n\t\t<meta property=\"og:description\" content=\"Valencia, 26 ene (EFE).- Los resultados obtenidos por el Valencia desde la llegada del entrenador hispano-argentino Juan Antonio Pizzi no han mejorado la de su predecesor en el cargo, Miroslav Djukic. Con el nuevo t\u00e9cnico, el equipo acumula cinco encuentros sin ganar, circunstancia que supera la peor de las rachas de Djukic, que fue t\u00e9cnico\" \/>\n\t\t<meta property=\"og:url\" content=\"https:\/\/www.eldigitaldeasturias.com\/noticias\/la-racha-del-valencia-de-pizzi-no-mejora-las-de-djukic\/\" \/>\n\t\t<meta property=\"og:image\" content=\"https:\/\/www.eldigitaldeasturias.com\/noticias\/wp-content\/uploads\/2026\/06\/Contenidos.jpg\" \/>\n\t\t<meta property=\"og:image:secure_url\" content=\"https:\/\/www.eldigitaldeasturias.com\/noticias\/wp-content\/uploads\/2026\/06\/Contenidos.jpg\" \/>\n\t\t<meta property=\"og:image:width\" content=\"1265\" \/>\n\t\t<meta property=\"og:image:height\" content=\"697\" \/>\n\t\t<meta property=\"article:tag\" content=\"actualidad\" \/>\n\t\t<meta property=\"article:published_time\" content=\"2014-01-27T00:51:07+00:00\" \/>\n\t\t<meta property=\"article:modified_time\" content=\"2014-01-27T00:51:07+00:00\" \/>\n\t\t<meta property=\"article:publisher\" content=\"https:\/\/facebook.com\/eldigitaldeasturias\" \/>\n\t\t<meta name=\"twitter:card\" content=\"summary_large_image\" \/>\n\t\t<meta name=\"twitter:title\" content=\"La racha del Valencia de Pizzi no mejora las de Djukic - El Digital de Asturias\" \/>\n\t\t<meta name=\"twitter:description\" content=\"Valencia, 26 ene (EFE).- Los resultados obtenidos por el Valencia desde la llegada del entrenador hispano-argentino Juan Antonio Pizzi no han mejorado la de su predecesor en el cargo, Miroslav Djukic. Con el nuevo t\u00e9cnico, el equipo acumula cinco encuentros sin ganar, circunstancia que supera la peor de las rachas de Djukic, que fue t\u00e9cnico\" \/>\n\t\t<meta name=\"twitter:image\" content=\"https:\/\/www.eldigitaldeasturias.com\/noticias\/wp-content\/uploads\/2026\/06\/Contenidos.jpg\" \/>\n\t\t<meta name=\"twitter:label1\" content=\"Escrito por\" \/>\n\t\t<meta name=\"twitter:data1\" content=\"El Digital de Asturias\" \/>\n\t\t<meta name=\"twitter:label2\" content=\"Tiempo de lectura estimado\" \/>\n\t\t<meta name=\"twitter:data2\" content=\"1 minuto\" \/>\n\t\t<script type=\"application\/ld+json\" class=\"aioseo-schema\">\n\t\t\t{\"@context\":\"https:\\\/\\\/schema.org\",\"@graph\":[{\"@type\":\"BlogPosting\",\"@id\":\"https:\\\/\\\/www.eldigitaldeasturias.com\\\/noticias\\\/la-racha-del-valencia-de-pizzi-no-mejora-las-de-djukic\\\/#blogposting\",\"name\":\"La racha del Valencia de Pizzi no mejora las de Djukic - El Digital de Asturias\",\"headline\":\"La racha del Valencia de Pizzi no mejora las de Djukic\",\"author\":{\"@id\":\"https:\\\/\\\/www.eldigitaldeasturias.com\\\/noticias\\\/author\\\/admin\\\/#author\"},\"publisher\":{\"@id\":\"https:\\\/\\\/www.eldigitaldeasturias.com\\\/noticias\\\/#organization\"},\"image\":{\"@type\":\"ImageObject\",\"url\":\"https:\\\/\\\/www.eldigitaldeasturias.com\\\/noticias\\\/wp-content\\\/uploads\\\/2026\\\/06\\\/Contenidos.jpg\",\"width\":1265,\"height\":697,\"caption\":\"Contenidos\"},\"datePublished\":\"2014-01-26T23:51:07+01:00\",\"dateModified\":\"2014-01-26T23:51:07+01:00\",\"inLanguage\":\"es-ES\",\"mainEntityOfPage\":{\"@id\":\"https:\\\/\\\/www.eldigitaldeasturias.com\\\/noticias\\\/la-racha-del-valencia-de-pizzi-no-mejora-las-de-djukic\\\/#webpage\"},\"isPartOf\":{\"@id\":\"https:\\\/\\\/www.eldigitaldeasturias.com\\\/noticias\\\/la-racha-del-valencia-de-pizzi-no-mejora-las-de-djukic\\\/#webpage\"},\"articleSection\":\"Actualidad\"},{\"@type\":\"BreadcrumbList\",\"@id\":\"https:\\\/\\\/www.eldigitaldeasturias.com\\\/noticias\\\/la-racha-del-valencia-de-pizzi-no-mejora-las-de-djukic\\\/#breadcrumblist\",\"itemListElement\":[{\"@type\":\"ListItem\",\"@id\":\"https:\\\/\\\/www.eldigitaldeasturias.com\\\/noticias#listItem\",\"position\":1,\"name\":\"Home\",\"item\":\"https:\\\/\\\/www.eldigitaldeasturias.com\\\/noticias\",\"nextItem\":{\"@type\":\"ListItem\",\"@id\":\"https:\\\/\\\/www.eldigitaldeasturias.com\\\/noticias\\\/category\\\/actualidad\\\/#listItem\",\"name\":\"Actualidad\"}},{\"@type\":\"ListItem\",\"@id\":\"https:\\\/\\\/www.eldigitaldeasturias.com\\\/noticias\\\/category\\\/actualidad\\\/#listItem\",\"position\":2,\"name\":\"Actualidad\",\"item\":\"https:\\\/\\\/www.eldigitaldeasturias.com\\\/noticias\\\/category\\\/actualidad\\\/\",\"nextItem\":{\"@type\":\"ListItem\",\"@id\":\"https:\\\/\\\/www.eldigitaldeasturias.com\\\/noticias\\\/la-racha-del-valencia-de-pizzi-no-mejora-las-de-djukic\\\/#listItem\",\"name\":\"La racha del Valencia de Pizzi no mejora las de Djukic\"},\"previousItem\":{\"@type\":\"ListItem\",\"@id\":\"https:\\\/\\\/www.eldigitaldeasturias.com\\\/noticias#listItem\",\"name\":\"Home\"}},{\"@type\":\"ListItem\",\"@id\":\"https:\\\/\\\/www.eldigitaldeasturias.com\\\/noticias\\\/la-racha-del-valencia-de-pizzi-no-mejora-las-de-djukic\\\/#listItem\",\"position\":3,\"name\":\"La racha del Valencia de Pizzi no mejora las de Djukic\",\"previousItem\":{\"@type\":\"ListItem\",\"@id\":\"https:\\\/\\\/www.eldigitaldeasturias.com\\\/noticias\\\/category\\\/actualidad\\\/#listItem\",\"name\":\"Actualidad\"}}]},{\"@type\":\"Organization\",\"@id\":\"https:\\\/\\\/www.eldigitaldeasturias.com\\\/noticias\\\/#organization\",\"name\":\"El Digital de Asturias\",\"description\":\"Hemeroteca\",\"url\":\"https:\\\/\\\/www.eldigitaldeasturias.com\\\/noticias\\\/\",\"email\":\"info@eldigitaldeasturias.com\",\"telephone\":\"+34652131393\",\"logo\":{\"@type\":\"ImageObject\",\"url\":\"https:\\\/\\\/www.eldigitaldeasturias.com\\\/noticias\\\/wp-content\\\/uploads\\\/2020\\\/12\\\/EDA.jpg\",\"@id\":\"https:\\\/\\\/www.eldigitaldeasturias.com\\\/noticias\\\/la-racha-del-valencia-de-pizzi-no-mejora-las-de-djukic\\\/#organizationLogo\"},\"image\":{\"@id\":\"https:\\\/\\\/www.eldigitaldeasturias.com\\\/noticias\\\/la-racha-del-valencia-de-pizzi-no-mejora-las-de-djukic\\\/#organizationLogo\"},\"sameAs\":[\"https:\\\/\\\/facebook.com\\\/eldigitaldeasturias\",\"https:\\\/\\\/www.youtube.com\\\/channel\\\/UCZP-2wLEB9Rv6erhFmqVnvg\"],\"address\":{\"@id\":\"https:\\\/\\\/www.eldigitaldeasturias.com\\\/noticias\\\/#postaladdress\",\"@type\":\"PostalAddress\",\"streetAddress\":\"san antonio 4\",\"postalCode\":\"33430\",\"addressLocality\":\"Cand\\u00e1s\",\"addressRegion\":\"Asturias\",\"addressCountry\":\"ES\"}},{\"@type\":\"Person\",\"@id\":\"https:\\\/\\\/www.eldigitaldeasturias.com\\\/noticias\\\/author\\\/admin\\\/#author\",\"url\":\"https:\\\/\\\/www.eldigitaldeasturias.com\\\/noticias\\\/author\\\/admin\\\/\",\"name\":\"El Digital de Asturias\",\"image\":{\"@type\":\"ImageObject\",\"@id\":\"https:\\\/\\\/www.eldigitaldeasturias.com\\\/noticias\\\/la-racha-del-valencia-de-pizzi-no-mejora-las-de-djukic\\\/#authorImage\",\"url\":\"https:\\\/\\\/secure.gravatar.com\\\/avatar\\\/df2aeffc32bcd13f8d26072ef8a91b623d677766deac7f97ca815868cd41bf5e?s=96&d=mm&r=g\",\"width\":96,\"height\":96,\"caption\":\"El Digital de Asturias\"}},{\"@type\":\"WebPage\",\"@id\":\"https:\\\/\\\/www.eldigitaldeasturias.com\\\/noticias\\\/la-racha-del-valencia-de-pizzi-no-mejora-las-de-djukic\\\/#webpage\",\"url\":\"https:\\\/\\\/www.eldigitaldeasturias.com\\\/noticias\\\/la-racha-del-valencia-de-pizzi-no-mejora-las-de-djukic\\\/\",\"name\":\"La racha del Valencia de Pizzi no mejora las de Djukic - El Digital de Asturias\",\"description\":\"Valencia, 26 ene (EFE).- Los resultados obtenidos por el Valencia desde la llegada del entrenador hispano-argentino Juan Antonio Pizzi no han mejorado la de su predecesor en el cargo, Miroslav Djukic. Con el nuevo t\\u00e9cnico, el equipo acumula cinco encuentros sin ganar, circunstancia que supera la peor de las rachas de Djukic, que fue t\\u00e9cnico\",\"inLanguage\":\"es-ES\",\"isPartOf\":{\"@id\":\"https:\\\/\\\/www.eldigitaldeasturias.com\\\/noticias\\\/#website\"},\"breadcrumb\":{\"@id\":\"https:\\\/\\\/www.eldigitaldeasturias.com\\\/noticias\\\/la-racha-del-valencia-de-pizzi-no-mejora-las-de-djukic\\\/#breadcrumblist\"},\"author\":{\"@id\":\"https:\\\/\\\/www.eldigitaldeasturias.com\\\/noticias\\\/author\\\/admin\\\/#author\"},\"creator\":{\"@id\":\"https:\\\/\\\/www.eldigitaldeasturias.com\\\/noticias\\\/author\\\/admin\\\/#author\"},\"image\":{\"@type\":\"ImageObject\",\"url\":\"https:\\\/\\\/www.eldigitaldeasturias.com\\\/noticias\\\/wp-content\\\/uploads\\\/2026\\\/06\\\/Contenidos.jpg\",\"@id\":\"https:\\\/\\\/www.eldigitaldeasturias.com\\\/noticias\\\/la-racha-del-valencia-de-pizzi-no-mejora-las-de-djukic\\\/#mainImage\",\"width\":1265,\"height\":697,\"caption\":\"Contenidos\"},\"primaryImageOfPage\":{\"@id\":\"https:\\\/\\\/www.eldigitaldeasturias.com\\\/noticias\\\/la-racha-del-valencia-de-pizzi-no-mejora-las-de-djukic\\\/#mainImage\"},\"datePublished\":\"2014-01-26T23:51:07+01:00\",\"dateModified\":\"2014-01-26T23:51:07+01:00\"},{\"@type\":\"WebSite\",\"@id\":\"https:\\\/\\\/www.eldigitaldeasturias.com\\\/noticias\\\/#website\",\"url\":\"https:\\\/\\\/www.eldigitaldeasturias.com\\\/noticias\\\/\",\"name\":\"El Digital de Asturias - Diario de actualidad y noticias\",\"alternateName\":\"El Digital de Asturias - Diario de actualidad y noticias\",\"description\":\"Hemeroteca\",\"inLanguage\":\"es-ES\",\"publisher\":{\"@id\":\"https:\\\/\\\/www.eldigitaldeasturias.com\\\/noticias\\\/#organization\"}}]}\n\t\t<\/script>\n\t\t<!-- All in One SEO Pro -->\r\n\t\t<title>La racha del Valencia de Pizzi no mejora las de Djukic - El Digital de Asturias<\/title>\n\n","aioseo_head_json":{"title":"La racha del Valencia de Pizzi no mejora las de Djukic - El Digital de Asturias","description":"Valencia, 26 ene (EFE).- Los resultados obtenidos por el Valencia desde la llegada del entrenador hispano-argentino Juan Antonio Pizzi no han mejorado la de su predecesor en el cargo, Miroslav Djukic. Con el nuevo t\u00e9cnico, el equipo acumula cinco encuentros sin ganar, circunstancia que supera la peor de las rachas de Djukic, que fue t\u00e9cnico","canonical_url":"https:\/\/www.eldigitaldeasturias.com\/noticias\/la-racha-del-valencia-de-pizzi-no-mejora-las-de-djukic\/","robots":"max-image-preview:large","keywords":"actualidad","webmasterTools":{"google-site-verification":"UA-38556648-1","msvalidate.01":"7dfe9f3f1b24437ab69f4f2559babe99","miscellaneous":""},"schema":{"@context":"https:\/\/schema.org","@graph":[{"@type":"BlogPosting","@id":"https:\/\/www.eldigitaldeasturias.com\/noticias\/la-racha-del-valencia-de-pizzi-no-mejora-las-de-djukic\/#blogposting","name":"La racha del Valencia de Pizzi no mejora las de Djukic - El Digital de Asturias","headline":"La racha del Valencia de Pizzi no mejora las de Djukic","author":{"@id":"https:\/\/www.eldigitaldeasturias.com\/noticias\/author\/admin\/#author"},"publisher":{"@id":"https:\/\/www.eldigitaldeasturias.com\/noticias\/#organization"},"image":{"@type":"ImageObject","url":"https:\/\/www.eldigitaldeasturias.com\/noticias\/wp-content\/uploads\/2026\/06\/Contenidos.jpg","width":1265,"height":697,"caption":"Contenidos"},"datePublished":"2014-01-26T23:51:07+01:00","dateModified":"2014-01-26T23:51:07+01:00","inLanguage":"es-ES","mainEntityOfPage":{"@id":"https:\/\/www.eldigitaldeasturias.com\/noticias\/la-racha-del-valencia-de-pizzi-no-mejora-las-de-djukic\/#webpage"},"isPartOf":{"@id":"https:\/\/www.eldigitaldeasturias.com\/noticias\/la-racha-del-valencia-de-pizzi-no-mejora-las-de-djukic\/#webpage"},"articleSection":"Actualidad"},{"@type":"BreadcrumbList","@id":"https:\/\/www.eldigitaldeasturias.com\/noticias\/la-racha-del-valencia-de-pizzi-no-mejora-las-de-djukic\/#breadcrumblist","itemListElement":[{"@type":"ListItem","@id":"https:\/\/www.eldigitaldeasturias.com\/noticias#listItem","position":1,"name":"Home","item":"https:\/\/www.eldigitaldeasturias.com\/noticias","nextItem":{"@type":"ListItem","@id":"https:\/\/www.eldigitaldeasturias.com\/noticias\/category\/actualidad\/#listItem","name":"Actualidad"}},{"@type":"ListItem","@id":"https:\/\/www.eldigitaldeasturias.com\/noticias\/category\/actualidad\/#listItem","position":2,"name":"Actualidad","item":"https:\/\/www.eldigitaldeasturias.com\/noticias\/category\/actualidad\/","nextItem":{"@type":"ListItem","@id":"https:\/\/www.eldigitaldeasturias.com\/noticias\/la-racha-del-valencia-de-pizzi-no-mejora-las-de-djukic\/#listItem","name":"La racha del Valencia de Pizzi no mejora las de Djukic"},"previousItem":{"@type":"ListItem","@id":"https:\/\/www.eldigitaldeasturias.com\/noticias#listItem","name":"Home"}},{"@type":"ListItem","@id":"https:\/\/www.eldigitaldeasturias.com\/noticias\/la-racha-del-valencia-de-pizzi-no-mejora-las-de-djukic\/#listItem","position":3,"name":"La racha del Valencia de Pizzi no mejora las de Djukic","previousItem":{"@type":"ListItem","@id":"https:\/\/www.eldigitaldeasturias.com\/noticias\/category\/actualidad\/#listItem","name":"Actualidad"}}]},{"@type":"Organization","@id":"https:\/\/www.eldigitaldeasturias.com\/noticias\/#organization","name":"El Digital de Asturias","description":"Hemeroteca","url":"https:\/\/www.eldigitaldeasturias.com\/noticias\/","email":"info@eldigitaldeasturias.com","telephone":"+34652131393","logo":{"@type":"ImageObject","url":"https:\/\/www.eldigitaldeasturias.com\/noticias\/wp-content\/uploads\/2020\/12\/EDA.jpg","@id":"https:\/\/www.eldigitaldeasturias.com\/noticias\/la-racha-del-valencia-de-pizzi-no-mejora-las-de-djukic\/#organizationLogo"},"image":{"@id":"https:\/\/www.eldigitaldeasturias.com\/noticias\/la-racha-del-valencia-de-pizzi-no-mejora-las-de-djukic\/#organizationLogo"},"sameAs":["https:\/\/facebook.com\/eldigitaldeasturias","https:\/\/www.youtube.com\/channel\/UCZP-2wLEB9Rv6erhFmqVnvg"],"address":{"@id":"https:\/\/www.eldigitaldeasturias.com\/noticias\/#postaladdress","@type":"PostalAddress","streetAddress":"san antonio 4","postalCode":"33430","addressLocality":"Cand\u00e1s","addressRegion":"Asturias","addressCountry":"ES"}},{"@type":"Person","@id":"https:\/\/www.eldigitaldeasturias.com\/noticias\/author\/admin\/#author","url":"https:\/\/www.eldigitaldeasturias.com\/noticias\/author\/admin\/","name":"El Digital de Asturias","image":{"@type":"ImageObject","@id":"https:\/\/www.eldigitaldeasturias.com\/noticias\/la-racha-del-valencia-de-pizzi-no-mejora-las-de-djukic\/#authorImage","url":"https:\/\/secure.gravatar.com\/avatar\/df2aeffc32bcd13f8d26072ef8a91b623d677766deac7f97ca815868cd41bf5e?s=96&d=mm&r=g","width":96,"height":96,"caption":"El Digital de Asturias"}},{"@type":"WebPage","@id":"https:\/\/www.eldigitaldeasturias.com\/noticias\/la-racha-del-valencia-de-pizzi-no-mejora-las-de-djukic\/#webpage","url":"https:\/\/www.eldigitaldeasturias.com\/noticias\/la-racha-del-valencia-de-pizzi-no-mejora-las-de-djukic\/","name":"La racha del Valencia de Pizzi no mejora las de Djukic - El Digital de Asturias","description":"Valencia, 26 ene (EFE).- Los resultados obtenidos por el Valencia desde la llegada del entrenador hispano-argentino Juan Antonio Pizzi no han mejorado la de su predecesor en el cargo, Miroslav Djukic. Con el nuevo t\u00e9cnico, el equipo acumula cinco encuentros sin ganar, circunstancia que supera la peor de las rachas de Djukic, que fue t\u00e9cnico","inLanguage":"es-ES","isPartOf":{"@id":"https:\/\/www.eldigitaldeasturias.com\/noticias\/#website"},"breadcrumb":{"@id":"https:\/\/www.eldigitaldeasturias.com\/noticias\/la-racha-del-valencia-de-pizzi-no-mejora-las-de-djukic\/#breadcrumblist"},"author":{"@id":"https:\/\/www.eldigitaldeasturias.com\/noticias\/author\/admin\/#author"},"creator":{"@id":"https:\/\/www.eldigitaldeasturias.com\/noticias\/author\/admin\/#author"},"image":{"@type":"ImageObject","url":"https:\/\/www.eldigitaldeasturias.com\/noticias\/wp-content\/uploads\/2026\/06\/Contenidos.jpg","@id":"https:\/\/www.eldigitaldeasturias.com\/noticias\/la-racha-del-valencia-de-pizzi-no-mejora-las-de-djukic\/#mainImage","width":1265,"height":697,"caption":"Contenidos"},"primaryImageOfPage":{"@id":"https:\/\/www.eldigitaldeasturias.com\/noticias\/la-racha-del-valencia-de-pizzi-no-mejora-las-de-djukic\/#mainImage"},"datePublished":"2014-01-26T23:51:07+01:00","dateModified":"2014-01-26T23:51:07+01:00"},{"@type":"WebSite","@id":"https:\/\/www.eldigitaldeasturias.com\/noticias\/#website","url":"https:\/\/www.eldigitaldeasturias.com\/noticias\/","name":"El Digital de Asturias - Diario de actualidad y noticias","alternateName":"El Digital de Asturias - Diario de actualidad y noticias","description":"Hemeroteca","inLanguage":"es-ES","publisher":{"@id":"https:\/\/www.eldigitaldeasturias.com\/noticias\/#organization"}}]},"og:locale":"es_ES","og:site_name":"El Digital de Asturias","og:type":"article","og:title":"La racha del Valencia de Pizzi no mejora las de Djukic - El Digital de Asturias","og:description":"Valencia, 26 ene (EFE).- Los resultados obtenidos por el Valencia desde la llegada del entrenador hispano-argentino Juan Antonio Pizzi no han mejorado la de su predecesor en el cargo, Miroslav Djukic. Con el nuevo t\u00e9cnico, el equipo acumula cinco encuentros sin ganar, circunstancia que supera la peor de las rachas de Djukic, que fue t\u00e9cnico","og:url":"https:\/\/www.eldigitaldeasturias.com\/noticias\/la-racha-del-valencia-de-pizzi-no-mejora-las-de-djukic\/","og:image":"https:\/\/www.eldigitaldeasturias.com\/noticias\/wp-content\/uploads\/2026\/06\/Contenidos.jpg","og:image:secure_url":"https:\/\/www.eldigitaldeasturias.com\/noticias\/wp-content\/uploads\/2026\/06\/Contenidos.jpg","og:image:width":1265,"og:image:height":697,"article:tag":["actualidad"],"article:published_time":"2014-01-27T00:51:07+00:00","article:modified_time":"2014-01-27T00:51:07+00:00","article:publisher":"https:\/\/facebook.com\/eldigitaldeasturias","twitter:card":"summary_large_image","twitter:title":"La racha del Valencia de Pizzi no mejora las de Djukic - El Digital de Asturias","twitter:description":"Valencia, 26 ene (EFE).- Los resultados obtenidos por el Valencia desde la llegada del entrenador hispano-argentino Juan Antonio Pizzi no han mejorado la de su predecesor en el cargo, Miroslav Djukic. Con el nuevo t\u00e9cnico, el equipo acumula cinco encuentros sin ganar, circunstancia que supera la peor de las rachas de Djukic, que fue t\u00e9cnico","twitter:image":"https:\/\/www.eldigitaldeasturias.com\/noticias\/wp-content\/uploads\/2026\/06\/Contenidos.jpg","twitter:label1":"Escrito por","twitter:data1":"El Digital de Asturias","twitter:label2":"Tiempo de lectura estimado","twitter:data2":"1 minuto"},"aioseo_meta_data":{"post_id":"479283","title":null,"description":null,"keywords":null,"keyphrases":null,"primary_term":null,"canonical_url":null,"og_title":null,"og_description":null,"og_object_type":"default","og_image_type":"default","og_image_url":null,"og_image_width":null,"og_image_height":null,"og_image_custom_url":null,"og_image_custom_fields":null,"og_video":null,"og_custom_url":null,"og_article_section":null,"og_article_tags":null,"twitter_use_og":true,"twitter_card":"default","twitter_image_type":"default","twitter_image_url":null,"twitter_image_custom_url":null,"twitter_image_custom_fields":null,"twitter_title":null,"twitter_description":null,"schema":{"blockGraphs":[],"customGraphs":[],"default":{"data":{"Article":[],"Course":[],"Dataset":[],"FAQPage":[],"Movie":[],"Person":[],"Product":[],"ProductReview":[],"Car":[],"Recipe":[],"Service":[],"SoftwareApplication":[],"WebPage":[]},"graphName":"","isEnabled":true},"graphs":[],"defaultGraph":"","defaultPostTypeGraph":""},"schema_type":null,"schema_type_options":null,"pillar_content":false,"robots_default":true,"robots_noindex":false,"robots_noarchive":false,"robots_nosnippet":false,"robots_nofollow":false,"robots_noimageindex":false,"robots_noodp":false,"robots_notranslate":false,"robots_max_snippet":null,"robots_max_videopreview":null,"robots_max_imagepreview":"none","priority":null,"frequency":null,"local_seo":null,"seo_analyzer_scan_date":"2026-06-02 00:02:47","breadcrumb_settings":null,"limit_modified_date":false,"open_ai":null,"ai":null,"created":"2020-11-14 22:54:02","updated":"2026-06-02 00:02:47","focus_keyword":null,"additional_keywords":null,"truseo_locale":null},"aioseo_breadcrumb":"<div class=\"aioseo-breadcrumbs\"><span class=\"aioseo-breadcrumb\">\n\t<a href=\"https:\/\/www.eldigitaldeasturias.com\/noticias\" title=\"Home\">Home<\/a>\n<\/span><span class=\"aioseo-breadcrumb-separator\">\u2013<\/span><span class=\"aioseo-breadcrumb\">\n\t<a href=\"https:\/\/www.eldigitaldeasturias.com\/noticias\/category\/actualidad\/\" title=\"Actualidad\">Actualidad<\/a>\n<\/span><span class=\"aioseo-breadcrumb-separator\">\u2013<\/span><span class=\"aioseo-breadcrumb\">\n\t<a href=\"https:\/\/www.eldigitaldeasturias.com\/noticias\/la-racha-del-valencia-de-pizzi-no-mejora-las-de-djukic\/\" title=\"La racha del Valencia de Pizzi no mejora las de Djukic\">La racha del Valencia de Pizzi no mejora las de Djukic<\/a>\n<\/span><\/div>","aioseo_breadcrumb_json":[{"label":"Home","link":"https:\/\/www.eldigitaldeasturias.com\/noticias"},{"label":"Actualidad","link":"https:\/\/www.eldigitaldeasturias.com\/noticias\/category\/actualidad\/"},{"label":"La racha del Valencia de Pizzi no mejora las de Djukic","link":"https:\/\/www.eldigitaldeasturias.com\/noticias\/la-racha-del-valencia-de-pizzi-no-mejora-las-de-djukic\/"}],"_links":{"self":[{"href":"https:\/\/www.eldigitaldeasturias.com\/noticias\/wp-json\/wp\/v2\/posts\/479283","targetHints":{"allow":["GET"]}}],"collection":[{"href":"https:\/\/www.eldigitaldeasturias.com\/noticias\/wp-json\/wp\/v2\/posts"}],"about":[{"href":"https:\/\/www.eldigitaldeasturias.com\/noticias\/wp-json\/wp\/v2\/types\/post"}],"author":[{"embeddable":true,"href":"https:\/\/www.eldigitaldeasturias.com\/noticias\/wp-json\/wp\/v2\/users\/1"}],"replies":[{"embeddable":true,"href":"https:\/\/www.eldigitaldeasturias.com\/noticias\/wp-json\/wp\/v2\/comments?post=479283"}],"version-history":[{"count":0,"href":"https:\/\/www.eldigitaldeasturias.com\/noticias\/wp-json\/wp\/v2\/posts\/479283\/revisions"}],"wp:featuredmedia":[{"embeddable":true,"href":"https:\/\/www.eldigitaldeasturias.com\/noticias\/wp-json\/wp\/v2\/media\/1132184"}],"wp:attachment":[{"href":"https:\/\/www.eldigitaldeasturias.com\/noticias\/wp-json\/wp\/v2\/media?parent=479283"}],"wp:term":[{"taxonomy":"category","embeddable":true,"href":"https:\/\/www.eldigitaldeasturias.com\/noticias\/wp-json\/wp\/v2\/categories?post=479283"},{"taxonomy":"post_tag","embeddable":true,"href":"https:\/\/www.eldigitaldeasturias.com\/noticias\/wp-json\/wp\/v2\/tags?post=479283"}],"curies":[{"name":"wp","href":"https:\/\/api.w.org\/{rel}","templated":true}]}}