{"id":479271,"date":"2014-01-26T23:45:01","date_gmt":"2014-01-27T00:45:01","guid":{"rendered":"http:\/\/www.eldigitaldeasturias.com\/noticias\/?p=479271"},"modified":"2014-01-26T23:45:01","modified_gmt":"2014-01-27T00:45:01","slug":"el-principal-partido-del-gobierno-serbio-aprueba-adelantar-las-elecciones","status":"publish","type":"post","link":"https:\/\/www.eldigitaldeasturias.com\/noticias\/el-principal-partido-del-gobierno-serbio-aprueba-adelantar-las-elecciones\/","title":{"rendered":"El principal partido del Gobierno serbio aprueba adelantar las elecciones"},"content":{"rendered":"<p><img loading=\"lazy\" decoding=\"async\" class=\"alignleft size-medium wp-image-479272\" alt=\"5877282w\" src=\"https:\/\/www.eldigitaldeasturias.com\/noticias\/wp-content\/uploads\/2014\/01\/5877282w-360x229.jpg\" width=\"360\" height=\"229\" \/>Belgrado, 26 ene (EFE).- El Partido Progresista Serbio (SNS), principal fuerza del Gobierno bipartito de Serbia, aprob\u00f3 hoy por unanimidad convocar elecciones anticipadas el pr\u00f3ximo mes de marzo, dos a\u00f1os antes de lo previsto, seg\u00fan inform\u00f3 la televisi\u00f3n p\u00fablica RTS.<\/p>\n<p>La propuesta de adelanto electoral fue planteada por el jefe del partido y viceprimer ministro, Aleksandar Vucic, que rompe as\u00ed la coalici\u00f3n formada hace dos a\u00f1os con el Partido Socialista.<\/p>\n<p>Vucic ha reconocido que el Ejecutivo ha trabajado bien pero que es preciso acelerar las reformas econ\u00f3micas y dirigir con firmeza las negociaciones de acceso a la Uni\u00f3n Europea.<\/p>\n<p>Se espera que el primer ministro, el socialista Ivica Dacic, solicite ma\u00f1ana o pasado al presidente la disoluci\u00f3n del Parlamento y que \u00e9ste convoque el mi\u00e9rcoles 29 los comicios, que se celebrar\u00e1n casi con toda probabilidad el pr\u00f3ximo 16 de marzo.<\/p>\n<p>Las encuestas de opini\u00f3n dan al partido de Vucic un 43 % de intenci\u00f3n de voto, frente a un 11 % de sus socios socialistas.<\/p>\n","protected":false},"excerpt":{"rendered":"<p>Belgrado, 26 ene (EFE).- El Partido Progresista Serbio (SNS), principal fuerza del Gobierno bipartito de Serbia, aprob\u00f3 hoy por unanimidad convocar elecciones anticipadas el pr\u00f3ximo mes de marzo, dos a\u00f1os antes de lo previsto, seg\u00fan inform\u00f3 la televisi\u00f3n p\u00fablica RTS. La propuesta de adelanto electoral fue planteada por el jefe del partido y viceprimer ministro, [&hellip;]<\/p>\n","protected":false},"author":1,"featured_media":1132184,"comment_status":"closed","ping_status":"open","sticky":false,"template":"","format":"standard","meta":{"footnotes":""},"categories":[1],"tags":[],"class_list":["post-479271","post","type-post","status-publish","format-standard","has-post-thumbnail","hentry","category-actualidad"],"aioseo_notices":[],"aioseo_head":"\n\t\t<!-- All in One SEO Pro 5.0.1 - aioseo.com -->\n\t<meta name=\"description\" content=\"Belgrado, 26 ene (EFE).- El Partido Progresista Serbio (SNS), principal fuerza del Gobierno bipartito de Serbia, aprob\u00f3 hoy por unanimidad convocar elecciones anticipadas el pr\u00f3ximo mes de marzo, dos a\u00f1os antes de lo previsto, seg\u00fan inform\u00f3 la televisi\u00f3n p\u00fablica RTS. La propuesta de adelanto electoral fue planteada por el jefe del partido y viceprimer ministro,\" \/>\n\t<meta name=\"robots\" content=\"max-image-preview:large\" \/>\n\t<meta name=\"author\" content=\"El Digital de Asturias\"\/>\n\t<meta name=\"google-site-verification\" content=\"UA-38556648-1\" \/>\n\t<meta name=\"msvalidate.01\" content=\"7dfe9f3f1b24437ab69f4f2559babe99\" \/>\n\t<meta name=\"keywords\" content=\"actualidad\" \/>\n\t<link rel=\"canonical\" href=\"https:\/\/www.eldigitaldeasturias.com\/noticias\/el-principal-partido-del-gobierno-serbio-aprueba-adelantar-las-elecciones\/\" \/>\n\t<meta name=\"generator\" content=\"All in One SEO Pro (AIOSEO) 5.0.1\" \/>\n\t\t<meta property=\"og:locale\" content=\"es_ES\" \/>\n\t\t<meta property=\"og:site_name\" content=\"El Digital de Asturias\" \/>\n\t\t<meta property=\"og:type\" content=\"article\" \/>\n\t\t<meta property=\"og:title\" content=\"El principal partido del Gobierno serbio aprueba adelantar las elecciones - El Digital de Asturias\" \/>\n\t\t<meta property=\"og:description\" content=\"Belgrado, 26 ene (EFE).- El Partido Progresista Serbio (SNS), principal fuerza del Gobierno bipartito de Serbia, aprob\u00f3 hoy por unanimidad convocar elecciones anticipadas el pr\u00f3ximo mes de marzo, dos a\u00f1os antes de lo previsto, seg\u00fan inform\u00f3 la televisi\u00f3n p\u00fablica RTS. La propuesta de adelanto electoral fue planteada por el jefe del partido y viceprimer ministro,\" \/>\n\t\t<meta property=\"og:url\" content=\"https:\/\/www.eldigitaldeasturias.com\/noticias\/el-principal-partido-del-gobierno-serbio-aprueba-adelantar-las-elecciones\/\" \/>\n\t\t<meta property=\"og:image\" content=\"https:\/\/www.eldigitaldeasturias.com\/noticias\/wp-content\/uploads\/2026\/06\/Contenidos.jpg\" \/>\n\t\t<meta property=\"og:image:secure_url\" content=\"https:\/\/www.eldigitaldeasturias.com\/noticias\/wp-content\/uploads\/2026\/06\/Contenidos.jpg\" \/>\n\t\t<meta property=\"og:image:width\" content=\"1265\" \/>\n\t\t<meta property=\"og:image:height\" content=\"697\" \/>\n\t\t<meta property=\"article:tag\" content=\"actualidad\" \/>\n\t\t<meta property=\"article:published_time\" content=\"2014-01-27T00:45:01+00:00\" \/>\n\t\t<meta property=\"article:modified_time\" content=\"2014-01-27T00:45:01+00:00\" \/>\n\t\t<meta property=\"article:publisher\" content=\"https:\/\/facebook.com\/eldigitaldeasturias\" \/>\n\t\t<meta name=\"twitter:card\" content=\"summary_large_image\" \/>\n\t\t<meta name=\"twitter:title\" content=\"El principal partido del Gobierno serbio aprueba adelantar las elecciones - El Digital de Asturias\" \/>\n\t\t<meta name=\"twitter:description\" content=\"Belgrado, 26 ene (EFE).- El Partido Progresista Serbio (SNS), principal fuerza del Gobierno bipartito de Serbia, aprob\u00f3 hoy por unanimidad convocar elecciones anticipadas el pr\u00f3ximo mes de marzo, dos a\u00f1os antes de lo previsto, seg\u00fan inform\u00f3 la televisi\u00f3n p\u00fablica RTS. La propuesta de adelanto electoral fue planteada por el jefe del partido y viceprimer ministro,\" \/>\n\t\t<meta name=\"twitter:image\" content=\"https:\/\/www.eldigitaldeasturias.com\/noticias\/wp-content\/uploads\/2026\/06\/Contenidos.jpg\" \/>\n\t\t<meta name=\"twitter:label1\" content=\"Escrito por\" \/>\n\t\t<meta name=\"twitter:data1\" content=\"El Digital de Asturias\" \/>\n\t\t<meta name=\"twitter:label2\" content=\"Tiempo de lectura estimado\" \/>\n\t\t<meta name=\"twitter:data2\" content=\"1 minuto\" \/>\n\t\t<script type=\"application\/ld+json\" class=\"aioseo-schema\">\n\t\t\t{\"@context\":\"https:\\\/\\\/schema.org\",\"@graph\":[{\"@type\":\"BlogPosting\",\"@id\":\"https:\\\/\\\/www.eldigitaldeasturias.com\\\/noticias\\\/el-principal-partido-del-gobierno-serbio-aprueba-adelantar-las-elecciones\\\/#blogposting\",\"name\":\"El principal partido del Gobierno serbio aprueba adelantar las elecciones - El Digital de Asturias\",\"headline\":\"El principal partido del Gobierno serbio aprueba adelantar las elecciones\",\"author\":{\"@id\":\"https:\\\/\\\/www.eldigitaldeasturias.com\\\/noticias\\\/author\\\/admin\\\/#author\"},\"publisher\":{\"@id\":\"https:\\\/\\\/www.eldigitaldeasturias.com\\\/noticias\\\/#organization\"},\"image\":{\"@type\":\"ImageObject\",\"url\":\"https:\\\/\\\/www.eldigitaldeasturias.com\\\/noticias\\\/wp-content\\\/uploads\\\/2026\\\/06\\\/Contenidos.jpg\",\"width\":1265,\"height\":697,\"caption\":\"Contenidos\"},\"datePublished\":\"2014-01-26T23:45:01+01:00\",\"dateModified\":\"2014-01-26T23:45:01+01:00\",\"inLanguage\":\"es-ES\",\"mainEntityOfPage\":{\"@id\":\"https:\\\/\\\/www.eldigitaldeasturias.com\\\/noticias\\\/el-principal-partido-del-gobierno-serbio-aprueba-adelantar-las-elecciones\\\/#webpage\"},\"isPartOf\":{\"@id\":\"https:\\\/\\\/www.eldigitaldeasturias.com\\\/noticias\\\/el-principal-partido-del-gobierno-serbio-aprueba-adelantar-las-elecciones\\\/#webpage\"},\"articleSection\":\"Actualidad\"},{\"@type\":\"BreadcrumbList\",\"@id\":\"https:\\\/\\\/www.eldigitaldeasturias.com\\\/noticias\\\/el-principal-partido-del-gobierno-serbio-aprueba-adelantar-las-elecciones\\\/#breadcrumblist\",\"itemListElement\":[{\"@type\":\"ListItem\",\"@id\":\"https:\\\/\\\/www.eldigitaldeasturias.com\\\/noticias#listItem\",\"position\":1,\"name\":\"Home\",\"item\":\"https:\\\/\\\/www.eldigitaldeasturias.com\\\/noticias\",\"nextItem\":{\"@type\":\"ListItem\",\"@id\":\"https:\\\/\\\/www.eldigitaldeasturias.com\\\/noticias\\\/category\\\/actualidad\\\/#listItem\",\"name\":\"Actualidad\"}},{\"@type\":\"ListItem\",\"@id\":\"https:\\\/\\\/www.eldigitaldeasturias.com\\\/noticias\\\/category\\\/actualidad\\\/#listItem\",\"position\":2,\"name\":\"Actualidad\",\"item\":\"https:\\\/\\\/www.eldigitaldeasturias.com\\\/noticias\\\/category\\\/actualidad\\\/\",\"nextItem\":{\"@type\":\"ListItem\",\"@id\":\"https:\\\/\\\/www.eldigitaldeasturias.com\\\/noticias\\\/el-principal-partido-del-gobierno-serbio-aprueba-adelantar-las-elecciones\\\/#listItem\",\"name\":\"El principal partido del Gobierno serbio aprueba adelantar las elecciones\"},\"previousItem\":{\"@type\":\"ListItem\",\"@id\":\"https:\\\/\\\/www.eldigitaldeasturias.com\\\/noticias#listItem\",\"name\":\"Home\"}},{\"@type\":\"ListItem\",\"@id\":\"https:\\\/\\\/www.eldigitaldeasturias.com\\\/noticias\\\/el-principal-partido-del-gobierno-serbio-aprueba-adelantar-las-elecciones\\\/#listItem\",\"position\":3,\"name\":\"El principal partido del Gobierno serbio aprueba adelantar las elecciones\",\"previousItem\":{\"@type\":\"ListItem\",\"@id\":\"https:\\\/\\\/www.eldigitaldeasturias.com\\\/noticias\\\/category\\\/actualidad\\\/#listItem\",\"name\":\"Actualidad\"}}]},{\"@type\":\"Organization\",\"@id\":\"https:\\\/\\\/www.eldigitaldeasturias.com\\\/noticias\\\/#organization\",\"name\":\"El Digital de Asturias\",\"description\":\"Hemeroteca\",\"url\":\"https:\\\/\\\/www.eldigitaldeasturias.com\\\/noticias\\\/\",\"email\":\"info@eldigitaldeasturias.com\",\"telephone\":\"+34652131393\",\"logo\":{\"@type\":\"ImageObject\",\"url\":\"https:\\\/\\\/www.eldigitaldeasturias.com\\\/noticias\\\/wp-content\\\/uploads\\\/2020\\\/12\\\/EDA.jpg\",\"@id\":\"https:\\\/\\\/www.eldigitaldeasturias.com\\\/noticias\\\/el-principal-partido-del-gobierno-serbio-aprueba-adelantar-las-elecciones\\\/#organizationLogo\"},\"image\":{\"@id\":\"https:\\\/\\\/www.eldigitaldeasturias.com\\\/noticias\\\/el-principal-partido-del-gobierno-serbio-aprueba-adelantar-las-elecciones\\\/#organizationLogo\"},\"sameAs\":[\"https:\\\/\\\/facebook.com\\\/eldigitaldeasturias\",\"https:\\\/\\\/www.youtube.com\\\/channel\\\/UCZP-2wLEB9Rv6erhFmqVnvg\"],\"address\":{\"@id\":\"https:\\\/\\\/www.eldigitaldeasturias.com\\\/noticias\\\/#postaladdress\",\"@type\":\"PostalAddress\",\"streetAddress\":\"san antonio 4\",\"postalCode\":\"33430\",\"addressLocality\":\"Cand\\u00e1s\",\"addressRegion\":\"Asturias\",\"addressCountry\":\"ES\"}},{\"@type\":\"Person\",\"@id\":\"https:\\\/\\\/www.eldigitaldeasturias.com\\\/noticias\\\/author\\\/admin\\\/#author\",\"url\":\"https:\\\/\\\/www.eldigitaldeasturias.com\\\/noticias\\\/author\\\/admin\\\/\",\"name\":\"El Digital de Asturias\",\"image\":{\"@type\":\"ImageObject\",\"@id\":\"https:\\\/\\\/www.eldigitaldeasturias.com\\\/noticias\\\/el-principal-partido-del-gobierno-serbio-aprueba-adelantar-las-elecciones\\\/#authorImage\",\"url\":\"https:\\\/\\\/secure.gravatar.com\\\/avatar\\\/df2aeffc32bcd13f8d26072ef8a91b623d677766deac7f97ca815868cd41bf5e?s=96&d=mm&r=g\",\"width\":96,\"height\":96,\"caption\":\"El Digital de Asturias\"}},{\"@type\":\"WebPage\",\"@id\":\"https:\\\/\\\/www.eldigitaldeasturias.com\\\/noticias\\\/el-principal-partido-del-gobierno-serbio-aprueba-adelantar-las-elecciones\\\/#webpage\",\"url\":\"https:\\\/\\\/www.eldigitaldeasturias.com\\\/noticias\\\/el-principal-partido-del-gobierno-serbio-aprueba-adelantar-las-elecciones\\\/\",\"name\":\"El principal partido del Gobierno serbio aprueba adelantar las elecciones - El Digital de Asturias\",\"description\":\"Belgrado, 26 ene (EFE).- El Partido Progresista Serbio (SNS), principal fuerza del Gobierno bipartito de Serbia, aprob\\u00f3 hoy por unanimidad convocar elecciones anticipadas el pr\\u00f3ximo mes de marzo, dos a\\u00f1os antes de lo previsto, seg\\u00fan inform\\u00f3 la televisi\\u00f3n p\\u00fablica RTS. La propuesta de adelanto electoral fue planteada por el jefe del partido y viceprimer ministro,\",\"inLanguage\":\"es-ES\",\"isPartOf\":{\"@id\":\"https:\\\/\\\/www.eldigitaldeasturias.com\\\/noticias\\\/#website\"},\"breadcrumb\":{\"@id\":\"https:\\\/\\\/www.eldigitaldeasturias.com\\\/noticias\\\/el-principal-partido-del-gobierno-serbio-aprueba-adelantar-las-elecciones\\\/#breadcrumblist\"},\"author\":{\"@id\":\"https:\\\/\\\/www.eldigitaldeasturias.com\\\/noticias\\\/author\\\/admin\\\/#author\"},\"creator\":{\"@id\":\"https:\\\/\\\/www.eldigitaldeasturias.com\\\/noticias\\\/author\\\/admin\\\/#author\"},\"image\":{\"@type\":\"ImageObject\",\"url\":\"https:\\\/\\\/www.eldigitaldeasturias.com\\\/noticias\\\/wp-content\\\/uploads\\\/2026\\\/06\\\/Contenidos.jpg\",\"@id\":\"https:\\\/\\\/www.eldigitaldeasturias.com\\\/noticias\\\/el-principal-partido-del-gobierno-serbio-aprueba-adelantar-las-elecciones\\\/#mainImage\",\"width\":1265,\"height\":697,\"caption\":\"Contenidos\"},\"primaryImageOfPage\":{\"@id\":\"https:\\\/\\\/www.eldigitaldeasturias.com\\\/noticias\\\/el-principal-partido-del-gobierno-serbio-aprueba-adelantar-las-elecciones\\\/#mainImage\"},\"datePublished\":\"2014-01-26T23:45:01+01:00\",\"dateModified\":\"2014-01-26T23:45:01+01:00\"},{\"@type\":\"WebSite\",\"@id\":\"https:\\\/\\\/www.eldigitaldeasturias.com\\\/noticias\\\/#website\",\"url\":\"https:\\\/\\\/www.eldigitaldeasturias.com\\\/noticias\\\/\",\"name\":\"El Digital de Asturias - Diario de actualidad y noticias\",\"alternateName\":\"El Digital de Asturias - Diario de actualidad y noticias\",\"description\":\"Hemeroteca\",\"inLanguage\":\"es-ES\",\"publisher\":{\"@id\":\"https:\\\/\\\/www.eldigitaldeasturias.com\\\/noticias\\\/#organization\"}}]}\n\t\t<\/script>\n\t\t<!-- All in One SEO Pro -->\r\n\t\t<title>El principal partido del Gobierno serbio aprueba adelantar las elecciones - El Digital de Asturias<\/title>\n\n","aioseo_head_json":{"title":"El principal partido del Gobierno serbio aprueba adelantar las elecciones - El Digital de Asturias","description":"Belgrado, 26 ene (EFE).- El Partido Progresista Serbio (SNS), principal fuerza del Gobierno bipartito de Serbia, aprob\u00f3 hoy por unanimidad convocar elecciones anticipadas el pr\u00f3ximo mes de marzo, dos a\u00f1os antes de lo previsto, seg\u00fan inform\u00f3 la televisi\u00f3n p\u00fablica RTS. La propuesta de adelanto electoral fue planteada por el jefe del partido y viceprimer ministro,","canonical_url":"https:\/\/www.eldigitaldeasturias.com\/noticias\/el-principal-partido-del-gobierno-serbio-aprueba-adelantar-las-elecciones\/","robots":"max-image-preview:large","keywords":"actualidad","webmasterTools":{"google-site-verification":"UA-38556648-1","msvalidate.01":"7dfe9f3f1b24437ab69f4f2559babe99","miscellaneous":""},"schema":{"@context":"https:\/\/schema.org","@graph":[{"@type":"BlogPosting","@id":"https:\/\/www.eldigitaldeasturias.com\/noticias\/el-principal-partido-del-gobierno-serbio-aprueba-adelantar-las-elecciones\/#blogposting","name":"El principal partido del Gobierno serbio aprueba adelantar las elecciones - El Digital de Asturias","headline":"El principal partido del Gobierno serbio aprueba adelantar las elecciones","author":{"@id":"https:\/\/www.eldigitaldeasturias.com\/noticias\/author\/admin\/#author"},"publisher":{"@id":"https:\/\/www.eldigitaldeasturias.com\/noticias\/#organization"},"image":{"@type":"ImageObject","url":"https:\/\/www.eldigitaldeasturias.com\/noticias\/wp-content\/uploads\/2026\/06\/Contenidos.jpg","width":1265,"height":697,"caption":"Contenidos"},"datePublished":"2014-01-26T23:45:01+01:00","dateModified":"2014-01-26T23:45:01+01:00","inLanguage":"es-ES","mainEntityOfPage":{"@id":"https:\/\/www.eldigitaldeasturias.com\/noticias\/el-principal-partido-del-gobierno-serbio-aprueba-adelantar-las-elecciones\/#webpage"},"isPartOf":{"@id":"https:\/\/www.eldigitaldeasturias.com\/noticias\/el-principal-partido-del-gobierno-serbio-aprueba-adelantar-las-elecciones\/#webpage"},"articleSection":"Actualidad"},{"@type":"BreadcrumbList","@id":"https:\/\/www.eldigitaldeasturias.com\/noticias\/el-principal-partido-del-gobierno-serbio-aprueba-adelantar-las-elecciones\/#breadcrumblist","itemListElement":[{"@type":"ListItem","@id":"https:\/\/www.eldigitaldeasturias.com\/noticias#listItem","position":1,"name":"Home","item":"https:\/\/www.eldigitaldeasturias.com\/noticias","nextItem":{"@type":"ListItem","@id":"https:\/\/www.eldigitaldeasturias.com\/noticias\/category\/actualidad\/#listItem","name":"Actualidad"}},{"@type":"ListItem","@id":"https:\/\/www.eldigitaldeasturias.com\/noticias\/category\/actualidad\/#listItem","position":2,"name":"Actualidad","item":"https:\/\/www.eldigitaldeasturias.com\/noticias\/category\/actualidad\/","nextItem":{"@type":"ListItem","@id":"https:\/\/www.eldigitaldeasturias.com\/noticias\/el-principal-partido-del-gobierno-serbio-aprueba-adelantar-las-elecciones\/#listItem","name":"El principal partido del Gobierno serbio aprueba adelantar las elecciones"},"previousItem":{"@type":"ListItem","@id":"https:\/\/www.eldigitaldeasturias.com\/noticias#listItem","name":"Home"}},{"@type":"ListItem","@id":"https:\/\/www.eldigitaldeasturias.com\/noticias\/el-principal-partido-del-gobierno-serbio-aprueba-adelantar-las-elecciones\/#listItem","position":3,"name":"El principal partido del Gobierno serbio aprueba adelantar las elecciones","previousItem":{"@type":"ListItem","@id":"https:\/\/www.eldigitaldeasturias.com\/noticias\/category\/actualidad\/#listItem","name":"Actualidad"}}]},{"@type":"Organization","@id":"https:\/\/www.eldigitaldeasturias.com\/noticias\/#organization","name":"El Digital de Asturias","description":"Hemeroteca","url":"https:\/\/www.eldigitaldeasturias.com\/noticias\/","email":"info@eldigitaldeasturias.com","telephone":"+34652131393","logo":{"@type":"ImageObject","url":"https:\/\/www.eldigitaldeasturias.com\/noticias\/wp-content\/uploads\/2020\/12\/EDA.jpg","@id":"https:\/\/www.eldigitaldeasturias.com\/noticias\/el-principal-partido-del-gobierno-serbio-aprueba-adelantar-las-elecciones\/#organizationLogo"},"image":{"@id":"https:\/\/www.eldigitaldeasturias.com\/noticias\/el-principal-partido-del-gobierno-serbio-aprueba-adelantar-las-elecciones\/#organizationLogo"},"sameAs":["https:\/\/facebook.com\/eldigitaldeasturias","https:\/\/www.youtube.com\/channel\/UCZP-2wLEB9Rv6erhFmqVnvg"],"address":{"@id":"https:\/\/www.eldigitaldeasturias.com\/noticias\/#postaladdress","@type":"PostalAddress","streetAddress":"san antonio 4","postalCode":"33430","addressLocality":"Cand\u00e1s","addressRegion":"Asturias","addressCountry":"ES"}},{"@type":"Person","@id":"https:\/\/www.eldigitaldeasturias.com\/noticias\/author\/admin\/#author","url":"https:\/\/www.eldigitaldeasturias.com\/noticias\/author\/admin\/","name":"El Digital de Asturias","image":{"@type":"ImageObject","@id":"https:\/\/www.eldigitaldeasturias.com\/noticias\/el-principal-partido-del-gobierno-serbio-aprueba-adelantar-las-elecciones\/#authorImage","url":"https:\/\/secure.gravatar.com\/avatar\/df2aeffc32bcd13f8d26072ef8a91b623d677766deac7f97ca815868cd41bf5e?s=96&d=mm&r=g","width":96,"height":96,"caption":"El Digital de Asturias"}},{"@type":"WebPage","@id":"https:\/\/www.eldigitaldeasturias.com\/noticias\/el-principal-partido-del-gobierno-serbio-aprueba-adelantar-las-elecciones\/#webpage","url":"https:\/\/www.eldigitaldeasturias.com\/noticias\/el-principal-partido-del-gobierno-serbio-aprueba-adelantar-las-elecciones\/","name":"El principal partido del Gobierno serbio aprueba adelantar las elecciones - El Digital de Asturias","description":"Belgrado, 26 ene (EFE).- El Partido Progresista Serbio (SNS), principal fuerza del Gobierno bipartito de Serbia, aprob\u00f3 hoy por unanimidad convocar elecciones anticipadas el pr\u00f3ximo mes de marzo, dos a\u00f1os antes de lo previsto, seg\u00fan inform\u00f3 la televisi\u00f3n p\u00fablica RTS. La propuesta de adelanto electoral fue planteada por el jefe del partido y viceprimer ministro,","inLanguage":"es-ES","isPartOf":{"@id":"https:\/\/www.eldigitaldeasturias.com\/noticias\/#website"},"breadcrumb":{"@id":"https:\/\/www.eldigitaldeasturias.com\/noticias\/el-principal-partido-del-gobierno-serbio-aprueba-adelantar-las-elecciones\/#breadcrumblist"},"author":{"@id":"https:\/\/www.eldigitaldeasturias.com\/noticias\/author\/admin\/#author"},"creator":{"@id":"https:\/\/www.eldigitaldeasturias.com\/noticias\/author\/admin\/#author"},"image":{"@type":"ImageObject","url":"https:\/\/www.eldigitaldeasturias.com\/noticias\/wp-content\/uploads\/2026\/06\/Contenidos.jpg","@id":"https:\/\/www.eldigitaldeasturias.com\/noticias\/el-principal-partido-del-gobierno-serbio-aprueba-adelantar-las-elecciones\/#mainImage","width":1265,"height":697,"caption":"Contenidos"},"primaryImageOfPage":{"@id":"https:\/\/www.eldigitaldeasturias.com\/noticias\/el-principal-partido-del-gobierno-serbio-aprueba-adelantar-las-elecciones\/#mainImage"},"datePublished":"2014-01-26T23:45:01+01:00","dateModified":"2014-01-26T23:45:01+01:00"},{"@type":"WebSite","@id":"https:\/\/www.eldigitaldeasturias.com\/noticias\/#website","url":"https:\/\/www.eldigitaldeasturias.com\/noticias\/","name":"El Digital de Asturias - Diario de actualidad y noticias","alternateName":"El Digital de Asturias - Diario de actualidad y noticias","description":"Hemeroteca","inLanguage":"es-ES","publisher":{"@id":"https:\/\/www.eldigitaldeasturias.com\/noticias\/#organization"}}]},"og:locale":"es_ES","og:site_name":"El Digital de Asturias","og:type":"article","og:title":"El principal partido del Gobierno serbio aprueba adelantar las elecciones - El Digital de Asturias","og:description":"Belgrado, 26 ene (EFE).- El Partido Progresista Serbio (SNS), principal fuerza del Gobierno bipartito de Serbia, aprob\u00f3 hoy por unanimidad convocar elecciones anticipadas el pr\u00f3ximo mes de marzo, dos a\u00f1os antes de lo previsto, seg\u00fan inform\u00f3 la televisi\u00f3n p\u00fablica RTS. La propuesta de adelanto electoral fue planteada por el jefe del partido y viceprimer ministro,","og:url":"https:\/\/www.eldigitaldeasturias.com\/noticias\/el-principal-partido-del-gobierno-serbio-aprueba-adelantar-las-elecciones\/","og:image":"https:\/\/www.eldigitaldeasturias.com\/noticias\/wp-content\/uploads\/2026\/06\/Contenidos.jpg","og:image:secure_url":"https:\/\/www.eldigitaldeasturias.com\/noticias\/wp-content\/uploads\/2026\/06\/Contenidos.jpg","og:image:width":1265,"og:image:height":697,"article:tag":["actualidad"],"article:published_time":"2014-01-27T00:45:01+00:00","article:modified_time":"2014-01-27T00:45:01+00:00","article:publisher":"https:\/\/facebook.com\/eldigitaldeasturias","twitter:card":"summary_large_image","twitter:title":"El principal partido del Gobierno serbio aprueba adelantar las elecciones - El Digital de Asturias","twitter:description":"Belgrado, 26 ene (EFE).- El Partido Progresista Serbio (SNS), principal fuerza del Gobierno bipartito de Serbia, aprob\u00f3 hoy por unanimidad convocar elecciones anticipadas el pr\u00f3ximo mes de marzo, dos a\u00f1os antes de lo previsto, seg\u00fan inform\u00f3 la televisi\u00f3n p\u00fablica RTS. La propuesta de adelanto electoral fue planteada por el jefe del partido y viceprimer ministro,","twitter:image":"https:\/\/www.eldigitaldeasturias.com\/noticias\/wp-content\/uploads\/2026\/06\/Contenidos.jpg","twitter:label1":"Escrito por","twitter:data1":"El Digital de Asturias","twitter:label2":"Tiempo de lectura estimado","twitter:data2":"1 minuto"},"aioseo_meta_data":{"post_id":"479271","title":null,"description":null,"keywords":null,"keyphrases":null,"primary_term":null,"canonical_url":null,"og_title":null,"og_description":null,"og_object_type":"default","og_image_type":"default","og_image_url":null,"og_image_width":null,"og_image_height":null,"og_image_custom_url":null,"og_image_custom_fields":null,"og_video":null,"og_custom_url":null,"og_article_section":null,"og_article_tags":null,"twitter_use_og":true,"twitter_card":"default","twitter_image_type":"default","twitter_image_url":null,"twitter_image_custom_url":null,"twitter_image_custom_fields":null,"twitter_title":null,"twitter_description":null,"schema":{"blockGraphs":[],"customGraphs":[],"default":{"data":{"Article":[],"Course":[],"Dataset":[],"FAQPage":[],"Movie":[],"Person":[],"Product":[],"ProductReview":[],"Car":[],"Recipe":[],"Service":[],"SoftwareApplication":[],"WebPage":[]},"graphName":"","isEnabled":true},"graphs":[],"defaultGraph":"","defaultPostTypeGraph":""},"schema_type":null,"schema_type_options":null,"pillar_content":false,"robots_default":true,"robots_noindex":false,"robots_noarchive":false,"robots_nosnippet":false,"robots_nofollow":false,"robots_noimageindex":false,"robots_noodp":false,"robots_notranslate":false,"robots_max_snippet":null,"robots_max_videopreview":null,"robots_max_imagepreview":"none","priority":null,"frequency":null,"local_seo":null,"seo_analyzer_scan_date":"2026-06-02 00:00:44","breadcrumb_settings":null,"limit_modified_date":false,"open_ai":null,"ai":null,"created":"2020-11-14 22:54:02","updated":"2026-06-02 00:00:44","focus_keyword":null,"additional_keywords":null,"truseo_locale":null},"aioseo_breadcrumb":"<div class=\"aioseo-breadcrumbs\"><span class=\"aioseo-breadcrumb\">\n\t<a href=\"https:\/\/www.eldigitaldeasturias.com\/noticias\" title=\"Home\">Home<\/a>\n<\/span><span class=\"aioseo-breadcrumb-separator\">\u2013<\/span><span class=\"aioseo-breadcrumb\">\n\t<a href=\"https:\/\/www.eldigitaldeasturias.com\/noticias\/category\/actualidad\/\" title=\"Actualidad\">Actualidad<\/a>\n<\/span><span class=\"aioseo-breadcrumb-separator\">\u2013<\/span><span class=\"aioseo-breadcrumb\">\n\t<a href=\"https:\/\/www.eldigitaldeasturias.com\/noticias\/el-principal-partido-del-gobierno-serbio-aprueba-adelantar-las-elecciones\/\" title=\"El principal partido del Gobierno serbio aprueba adelantar las elecciones\">El principal partido del Gobierno serbio aprueba adelantar las elecciones<\/a>\n<\/span><\/div>","aioseo_breadcrumb_json":[{"label":"Home","link":"https:\/\/www.eldigitaldeasturias.com\/noticias"},{"label":"Actualidad","link":"https:\/\/www.eldigitaldeasturias.com\/noticias\/category\/actualidad\/"},{"label":"El principal partido del Gobierno serbio aprueba adelantar las elecciones","link":"https:\/\/www.eldigitaldeasturias.com\/noticias\/el-principal-partido-del-gobierno-serbio-aprueba-adelantar-las-elecciones\/"}],"_links":{"self":[{"href":"https:\/\/www.eldigitaldeasturias.com\/noticias\/wp-json\/wp\/v2\/posts\/479271","targetHints":{"allow":["GET"]}}],"collection":[{"href":"https:\/\/www.eldigitaldeasturias.com\/noticias\/wp-json\/wp\/v2\/posts"}],"about":[{"href":"https:\/\/www.eldigitaldeasturias.com\/noticias\/wp-json\/wp\/v2\/types\/post"}],"author":[{"embeddable":true,"href":"https:\/\/www.eldigitaldeasturias.com\/noticias\/wp-json\/wp\/v2\/users\/1"}],"replies":[{"embeddable":true,"href":"https:\/\/www.eldigitaldeasturias.com\/noticias\/wp-json\/wp\/v2\/comments?post=479271"}],"version-history":[{"count":0,"href":"https:\/\/www.eldigitaldeasturias.com\/noticias\/wp-json\/wp\/v2\/posts\/479271\/revisions"}],"wp:featuredmedia":[{"embeddable":true,"href":"https:\/\/www.eldigitaldeasturias.com\/noticias\/wp-json\/wp\/v2\/media\/1132184"}],"wp:attachment":[{"href":"https:\/\/www.eldigitaldeasturias.com\/noticias\/wp-json\/wp\/v2\/media?parent=479271"}],"wp:term":[{"taxonomy":"category","embeddable":true,"href":"https:\/\/www.eldigitaldeasturias.com\/noticias\/wp-json\/wp\/v2\/categories?post=479271"},{"taxonomy":"post_tag","embeddable":true,"href":"https:\/\/www.eldigitaldeasturias.com\/noticias\/wp-json\/wp\/v2\/tags?post=479271"}],"curies":[{"name":"wp","href":"https:\/\/api.w.org\/{rel}","templated":true}]}}