{"id":479262,"date":"2014-01-26T23:40:55","date_gmt":"2014-01-27T00:40:55","guid":{"rendered":"http:\/\/www.eldigitaldeasturias.com\/noticias\/?p=479262"},"modified":"2014-01-26T23:40:55","modified_gmt":"2014-01-27T00:40:55","slug":"morales-quiere-mejorar-la-relacion-con-chile-pero-superando-el-problema-historico","status":"publish","type":"post","link":"https:\/\/www.eldigitaldeasturias.com\/noticias\/morales-quiere-mejorar-la-relacion-con-chile-pero-superando-el-problema-historico\/","title":{"rendered":"Morales quiere mejorar la relaci\u00f3n con Chile, pero superando el problema hist\u00f3rico"},"content":{"rendered":"<p><img loading=\"lazy\" decoding=\"async\" class=\"alignleft size-medium wp-image-479263\" alt=\"5877539w\" src=\"https:\/\/www.eldigitaldeasturias.com\/noticias\/wp-content\/uploads\/2014\/01\/5877539w-360x243.jpg\" width=\"360\" height=\"243\" \/>La Paz, 26 ene (EFE).- El presidente de Bolivia, Evo Morales, afirm\u00f3 hoy que \u00abpor supuesto\u00bb quiere mejorar la relaci\u00f3n con Chile, pero tambi\u00e9n pidi\u00f3 la soluci\u00f3n de los problemas hist\u00f3ricos, en referencia a la demanda boliviana de una salida al Pac\u00edfico.<\/p>\n<p>El mandatario habl\u00f3 del tema antes de partir a La Habana para asistir a la II Cumbre de la Comunidad de Estados Latinoamericanos y del Caribe (Celac), que se celebrar\u00e1 el martes y mi\u00e9rcoles pr\u00f3ximos.<\/p>\n<p>\u00abSomos dos pa\u00edses amigos, vecinos. Somos dos pa\u00edses hermanos y superando los problemas hist\u00f3ricos tenemos que trabajar de manera conjunta en bien de los pueblos de Chile y Bolivia&#8217;, afirm\u00f3 el gobernante, tras ser consultado sobre la relaci\u00f3n bilateral.<\/p>\n<p>Morales subray\u00f3 que \u00abpor supuesto\u00bb quiere mejorar las relaciones con Chile y \u00abaunque con alguna clase pol\u00edtica\u00bb no se pudo, es su gran inter\u00e9s trabajar con los gobernantes chilenos.<\/p>\n<p>Confirm\u00f3 que el diputado H\u00e9ctor Arce, que forma de parte del equipo que trabaja en la demanda que Bolivia present\u00f3 contra Chile ante la Corte Internacional de Justicia de La Haya, viaj\u00f3 a esa ciudad para asistir ma\u00f1ana a la audiencia en la que se conocer\u00e1 el fallo sobre la disputa mar\u00edtima que sostienen Santiago y Lima.<\/p>\n<p>\u00abCualquier resoluci\u00f3n que pueda emitir La Haya, la respetamos. Nosotros, especialmente yo, tengo mucha confianza en los tribunales internacionales\u00bb, dijo el mandatario boliviano.<\/p>\n<p>Asimismo, agreg\u00f3 que su pa\u00eds continuar\u00e1 con la demanda presentada el a\u00f1o pasado en La Haya, que plantea un fallo que obligue a Chile a negociar en firme y de buena fe un acuerdo pronto y efectivo sobre la petici\u00f3n boliviana de una salida al Pac\u00edfico.<\/p>\n<p>Bolivia perdi\u00f3 cuatrocientos kil\u00f3metros de costa y 120.000 kil\u00f3metros cuadrados de territorio en una guerra disputada con Chile a fines del siglo XIX y desde entonces reclama una restituci\u00f3n de la salida al mar.<\/p>\n<p>Los bolivianos siempre argumentaron que la guerra comenz\u00f3 con la invasi\u00f3n chilena de su territorio y concurrieron a la conflagraci\u00f3n en alianza con Per\u00fa, que tambi\u00e9n perdi\u00f3 territorio.<\/p>\n","protected":false},"excerpt":{"rendered":"<p>La Paz, 26 ene (EFE).- El presidente de Bolivia, Evo Morales, afirm\u00f3 hoy que \u00abpor supuesto\u00bb quiere mejorar la relaci\u00f3n con Chile, pero tambi\u00e9n pidi\u00f3 la soluci\u00f3n de los problemas hist\u00f3ricos, en referencia a la demanda boliviana de una salida al Pac\u00edfico. El mandatario habl\u00f3 del tema antes de partir a La Habana para asistir [&hellip;]<\/p>\n","protected":false},"author":1,"featured_media":1132184,"comment_status":"closed","ping_status":"open","sticky":false,"template":"","format":"standard","meta":{"footnotes":""},"categories":[1],"tags":[],"class_list":["post-479262","post","type-post","status-publish","format-standard","has-post-thumbnail","hentry","category-actualidad"],"aioseo_notices":[],"aioseo_head":"\n\t\t<!-- All in One SEO Pro 5.0.1 - aioseo.com -->\n\t<meta name=\"description\" content=\"La Paz, 26 ene (EFE).- El presidente de Bolivia, Evo Morales, afirm\u00f3 hoy que &quot;por supuesto&quot; quiere mejorar la relaci\u00f3n con Chile, pero tambi\u00e9n pidi\u00f3 la soluci\u00f3n de los problemas hist\u00f3ricos, en referencia a la demanda boliviana de una salida al Pac\u00edfico. El mandatario habl\u00f3 del tema antes de partir a La Habana para asistir\" \/>\n\t<meta name=\"robots\" content=\"max-image-preview:large\" \/>\n\t<meta name=\"author\" content=\"El Digital de Asturias\"\/>\n\t<meta name=\"google-site-verification\" content=\"UA-38556648-1\" \/>\n\t<meta name=\"msvalidate.01\" content=\"7dfe9f3f1b24437ab69f4f2559babe99\" \/>\n\t<meta name=\"keywords\" content=\"actualidad\" \/>\n\t<link rel=\"canonical\" href=\"https:\/\/www.eldigitaldeasturias.com\/noticias\/morales-quiere-mejorar-la-relacion-con-chile-pero-superando-el-problema-historico\/\" \/>\n\t<meta name=\"generator\" content=\"All in One SEO Pro (AIOSEO) 5.0.1\" \/>\n\t\t<meta property=\"og:locale\" content=\"es_ES\" \/>\n\t\t<meta property=\"og:site_name\" content=\"El Digital de Asturias\" \/>\n\t\t<meta property=\"og:type\" content=\"article\" \/>\n\t\t<meta property=\"og:title\" content=\"Morales quiere mejorar la relaci\u00f3n con Chile, pero superando el problema hist\u00f3rico - El Digital de Asturias\" \/>\n\t\t<meta property=\"og:description\" content=\"La Paz, 26 ene (EFE).- El presidente de Bolivia, Evo Morales, afirm\u00f3 hoy que &quot;por supuesto&quot; quiere mejorar la relaci\u00f3n con Chile, pero tambi\u00e9n pidi\u00f3 la soluci\u00f3n de los problemas hist\u00f3ricos, en referencia a la demanda boliviana de una salida al Pac\u00edfico. El mandatario habl\u00f3 del tema antes de partir a La Habana para asistir\" \/>\n\t\t<meta property=\"og:url\" content=\"https:\/\/www.eldigitaldeasturias.com\/noticias\/morales-quiere-mejorar-la-relacion-con-chile-pero-superando-el-problema-historico\/\" \/>\n\t\t<meta property=\"og:image\" content=\"https:\/\/www.eldigitaldeasturias.com\/noticias\/wp-content\/uploads\/2026\/06\/Contenidos.jpg\" \/>\n\t\t<meta property=\"og:image:secure_url\" content=\"https:\/\/www.eldigitaldeasturias.com\/noticias\/wp-content\/uploads\/2026\/06\/Contenidos.jpg\" \/>\n\t\t<meta property=\"og:image:width\" content=\"1265\" \/>\n\t\t<meta property=\"og:image:height\" content=\"697\" \/>\n\t\t<meta property=\"article:tag\" content=\"actualidad\" \/>\n\t\t<meta property=\"article:published_time\" content=\"2014-01-27T00:40:55+00:00\" \/>\n\t\t<meta property=\"article:modified_time\" content=\"2014-01-27T00:40:55+00:00\" \/>\n\t\t<meta property=\"article:publisher\" content=\"https:\/\/facebook.com\/eldigitaldeasturias\" \/>\n\t\t<meta name=\"twitter:card\" content=\"summary_large_image\" \/>\n\t\t<meta name=\"twitter:title\" content=\"Morales quiere mejorar la relaci\u00f3n con Chile, pero superando el problema hist\u00f3rico - El Digital de Asturias\" \/>\n\t\t<meta name=\"twitter:description\" content=\"La Paz, 26 ene (EFE).- El presidente de Bolivia, Evo Morales, afirm\u00f3 hoy que &quot;por supuesto&quot; quiere mejorar la relaci\u00f3n con Chile, pero tambi\u00e9n pidi\u00f3 la soluci\u00f3n de los problemas hist\u00f3ricos, en referencia a la demanda boliviana de una salida al Pac\u00edfico. El mandatario habl\u00f3 del tema antes de partir a La Habana para asistir\" \/>\n\t\t<meta name=\"twitter:image\" content=\"https:\/\/www.eldigitaldeasturias.com\/noticias\/wp-content\/uploads\/2026\/06\/Contenidos.jpg\" \/>\n\t\t<meta name=\"twitter:label1\" content=\"Escrito por\" \/>\n\t\t<meta name=\"twitter:data1\" content=\"El Digital de Asturias\" \/>\n\t\t<meta name=\"twitter:label2\" content=\"Tiempo de lectura estimado\" \/>\n\t\t<meta name=\"twitter:data2\" content=\"2 minutos\" \/>\n\t\t<script type=\"application\/ld+json\" class=\"aioseo-schema\">\n\t\t\t{\"@context\":\"https:\\\/\\\/schema.org\",\"@graph\":[{\"@type\":\"BlogPosting\",\"@id\":\"https:\\\/\\\/www.eldigitaldeasturias.com\\\/noticias\\\/morales-quiere-mejorar-la-relacion-con-chile-pero-superando-el-problema-historico\\\/#blogposting\",\"name\":\"Morales quiere mejorar la relaci\\u00f3n con Chile, pero superando el problema hist\\u00f3rico - El Digital de Asturias\",\"headline\":\"Morales quiere mejorar la relaci\\u00f3n con Chile, pero superando el problema hist\\u00f3rico\",\"author\":{\"@id\":\"https:\\\/\\\/www.eldigitaldeasturias.com\\\/noticias\\\/author\\\/admin\\\/#author\"},\"publisher\":{\"@id\":\"https:\\\/\\\/www.eldigitaldeasturias.com\\\/noticias\\\/#organization\"},\"image\":{\"@type\":\"ImageObject\",\"url\":\"https:\\\/\\\/www.eldigitaldeasturias.com\\\/noticias\\\/wp-content\\\/uploads\\\/2026\\\/06\\\/Contenidos.jpg\",\"width\":1265,\"height\":697,\"caption\":\"Contenidos\"},\"datePublished\":\"2014-01-26T23:40:55+01:00\",\"dateModified\":\"2014-01-26T23:40:55+01:00\",\"inLanguage\":\"es-ES\",\"mainEntityOfPage\":{\"@id\":\"https:\\\/\\\/www.eldigitaldeasturias.com\\\/noticias\\\/morales-quiere-mejorar-la-relacion-con-chile-pero-superando-el-problema-historico\\\/#webpage\"},\"isPartOf\":{\"@id\":\"https:\\\/\\\/www.eldigitaldeasturias.com\\\/noticias\\\/morales-quiere-mejorar-la-relacion-con-chile-pero-superando-el-problema-historico\\\/#webpage\"},\"articleSection\":\"Actualidad\"},{\"@type\":\"BreadcrumbList\",\"@id\":\"https:\\\/\\\/www.eldigitaldeasturias.com\\\/noticias\\\/morales-quiere-mejorar-la-relacion-con-chile-pero-superando-el-problema-historico\\\/#breadcrumblist\",\"itemListElement\":[{\"@type\":\"ListItem\",\"@id\":\"https:\\\/\\\/www.eldigitaldeasturias.com\\\/noticias#listItem\",\"position\":1,\"name\":\"Home\",\"item\":\"https:\\\/\\\/www.eldigitaldeasturias.com\\\/noticias\",\"nextItem\":{\"@type\":\"ListItem\",\"@id\":\"https:\\\/\\\/www.eldigitaldeasturias.com\\\/noticias\\\/category\\\/actualidad\\\/#listItem\",\"name\":\"Actualidad\"}},{\"@type\":\"ListItem\",\"@id\":\"https:\\\/\\\/www.eldigitaldeasturias.com\\\/noticias\\\/category\\\/actualidad\\\/#listItem\",\"position\":2,\"name\":\"Actualidad\",\"item\":\"https:\\\/\\\/www.eldigitaldeasturias.com\\\/noticias\\\/category\\\/actualidad\\\/\",\"nextItem\":{\"@type\":\"ListItem\",\"@id\":\"https:\\\/\\\/www.eldigitaldeasturias.com\\\/noticias\\\/morales-quiere-mejorar-la-relacion-con-chile-pero-superando-el-problema-historico\\\/#listItem\",\"name\":\"Morales quiere mejorar la relaci\\u00f3n con Chile, pero superando el problema hist\\u00f3rico\"},\"previousItem\":{\"@type\":\"ListItem\",\"@id\":\"https:\\\/\\\/www.eldigitaldeasturias.com\\\/noticias#listItem\",\"name\":\"Home\"}},{\"@type\":\"ListItem\",\"@id\":\"https:\\\/\\\/www.eldigitaldeasturias.com\\\/noticias\\\/morales-quiere-mejorar-la-relacion-con-chile-pero-superando-el-problema-historico\\\/#listItem\",\"position\":3,\"name\":\"Morales quiere mejorar la relaci\\u00f3n con Chile, pero superando el problema hist\\u00f3rico\",\"previousItem\":{\"@type\":\"ListItem\",\"@id\":\"https:\\\/\\\/www.eldigitaldeasturias.com\\\/noticias\\\/category\\\/actualidad\\\/#listItem\",\"name\":\"Actualidad\"}}]},{\"@type\":\"Organization\",\"@id\":\"https:\\\/\\\/www.eldigitaldeasturias.com\\\/noticias\\\/#organization\",\"name\":\"El Digital de Asturias\",\"description\":\"Hemeroteca\",\"url\":\"https:\\\/\\\/www.eldigitaldeasturias.com\\\/noticias\\\/\",\"email\":\"info@eldigitaldeasturias.com\",\"telephone\":\"+34652131393\",\"logo\":{\"@type\":\"ImageObject\",\"url\":\"https:\\\/\\\/www.eldigitaldeasturias.com\\\/noticias\\\/wp-content\\\/uploads\\\/2020\\\/12\\\/EDA.jpg\",\"@id\":\"https:\\\/\\\/www.eldigitaldeasturias.com\\\/noticias\\\/morales-quiere-mejorar-la-relacion-con-chile-pero-superando-el-problema-historico\\\/#organizationLogo\"},\"image\":{\"@id\":\"https:\\\/\\\/www.eldigitaldeasturias.com\\\/noticias\\\/morales-quiere-mejorar-la-relacion-con-chile-pero-superando-el-problema-historico\\\/#organizationLogo\"},\"sameAs\":[\"https:\\\/\\\/facebook.com\\\/eldigitaldeasturias\",\"https:\\\/\\\/www.youtube.com\\\/channel\\\/UCZP-2wLEB9Rv6erhFmqVnvg\"],\"address\":{\"@id\":\"https:\\\/\\\/www.eldigitaldeasturias.com\\\/noticias\\\/#postaladdress\",\"@type\":\"PostalAddress\",\"streetAddress\":\"san antonio 4\",\"postalCode\":\"33430\",\"addressLocality\":\"Cand\\u00e1s\",\"addressRegion\":\"Asturias\",\"addressCountry\":\"ES\"}},{\"@type\":\"Person\",\"@id\":\"https:\\\/\\\/www.eldigitaldeasturias.com\\\/noticias\\\/author\\\/admin\\\/#author\",\"url\":\"https:\\\/\\\/www.eldigitaldeasturias.com\\\/noticias\\\/author\\\/admin\\\/\",\"name\":\"El Digital de Asturias\",\"image\":{\"@type\":\"ImageObject\",\"@id\":\"https:\\\/\\\/www.eldigitaldeasturias.com\\\/noticias\\\/morales-quiere-mejorar-la-relacion-con-chile-pero-superando-el-problema-historico\\\/#authorImage\",\"url\":\"https:\\\/\\\/secure.gravatar.com\\\/avatar\\\/df2aeffc32bcd13f8d26072ef8a91b623d677766deac7f97ca815868cd41bf5e?s=96&d=mm&r=g\",\"width\":96,\"height\":96,\"caption\":\"El Digital de Asturias\"}},{\"@type\":\"WebPage\",\"@id\":\"https:\\\/\\\/www.eldigitaldeasturias.com\\\/noticias\\\/morales-quiere-mejorar-la-relacion-con-chile-pero-superando-el-problema-historico\\\/#webpage\",\"url\":\"https:\\\/\\\/www.eldigitaldeasturias.com\\\/noticias\\\/morales-quiere-mejorar-la-relacion-con-chile-pero-superando-el-problema-historico\\\/\",\"name\":\"Morales quiere mejorar la relaci\\u00f3n con Chile, pero superando el problema hist\\u00f3rico - El Digital de Asturias\",\"description\":\"La Paz, 26 ene (EFE).- El presidente de Bolivia, Evo Morales, afirm\\u00f3 hoy que \\\"por supuesto\\\" quiere mejorar la relaci\\u00f3n con Chile, pero tambi\\u00e9n pidi\\u00f3 la soluci\\u00f3n de los problemas hist\\u00f3ricos, en referencia a la demanda boliviana de una salida al Pac\\u00edfico. El mandatario habl\\u00f3 del tema antes de partir a La Habana para asistir\",\"inLanguage\":\"es-ES\",\"isPartOf\":{\"@id\":\"https:\\\/\\\/www.eldigitaldeasturias.com\\\/noticias\\\/#website\"},\"breadcrumb\":{\"@id\":\"https:\\\/\\\/www.eldigitaldeasturias.com\\\/noticias\\\/morales-quiere-mejorar-la-relacion-con-chile-pero-superando-el-problema-historico\\\/#breadcrumblist\"},\"author\":{\"@id\":\"https:\\\/\\\/www.eldigitaldeasturias.com\\\/noticias\\\/author\\\/admin\\\/#author\"},\"creator\":{\"@id\":\"https:\\\/\\\/www.eldigitaldeasturias.com\\\/noticias\\\/author\\\/admin\\\/#author\"},\"image\":{\"@type\":\"ImageObject\",\"url\":\"https:\\\/\\\/www.eldigitaldeasturias.com\\\/noticias\\\/wp-content\\\/uploads\\\/2026\\\/06\\\/Contenidos.jpg\",\"@id\":\"https:\\\/\\\/www.eldigitaldeasturias.com\\\/noticias\\\/morales-quiere-mejorar-la-relacion-con-chile-pero-superando-el-problema-historico\\\/#mainImage\",\"width\":1265,\"height\":697,\"caption\":\"Contenidos\"},\"primaryImageOfPage\":{\"@id\":\"https:\\\/\\\/www.eldigitaldeasturias.com\\\/noticias\\\/morales-quiere-mejorar-la-relacion-con-chile-pero-superando-el-problema-historico\\\/#mainImage\"},\"datePublished\":\"2014-01-26T23:40:55+01:00\",\"dateModified\":\"2014-01-26T23:40:55+01:00\"},{\"@type\":\"WebSite\",\"@id\":\"https:\\\/\\\/www.eldigitaldeasturias.com\\\/noticias\\\/#website\",\"url\":\"https:\\\/\\\/www.eldigitaldeasturias.com\\\/noticias\\\/\",\"name\":\"El Digital de Asturias - Diario de actualidad y noticias\",\"alternateName\":\"El Digital de Asturias - Diario de actualidad y noticias\",\"description\":\"Hemeroteca\",\"inLanguage\":\"es-ES\",\"publisher\":{\"@id\":\"https:\\\/\\\/www.eldigitaldeasturias.com\\\/noticias\\\/#organization\"}}]}\n\t\t<\/script>\n\t\t<!-- All in One SEO Pro -->\r\n\t\t<title>Morales quiere mejorar la relaci\u00f3n con Chile, pero superando el problema hist\u00f3rico - El Digital de Asturias<\/title>\n\n","aioseo_head_json":{"title":"Morales quiere mejorar la relaci\u00f3n con Chile, pero superando el problema hist\u00f3rico - El Digital de Asturias","description":"La Paz, 26 ene (EFE).- El presidente de Bolivia, Evo Morales, afirm\u00f3 hoy que \"por supuesto\" quiere mejorar la relaci\u00f3n con Chile, pero tambi\u00e9n pidi\u00f3 la soluci\u00f3n de los problemas hist\u00f3ricos, en referencia a la demanda boliviana de una salida al Pac\u00edfico. El mandatario habl\u00f3 del tema antes de partir a La Habana para asistir","canonical_url":"https:\/\/www.eldigitaldeasturias.com\/noticias\/morales-quiere-mejorar-la-relacion-con-chile-pero-superando-el-problema-historico\/","robots":"max-image-preview:large","keywords":"actualidad","webmasterTools":{"google-site-verification":"UA-38556648-1","msvalidate.01":"7dfe9f3f1b24437ab69f4f2559babe99","miscellaneous":""},"schema":{"@context":"https:\/\/schema.org","@graph":[{"@type":"BlogPosting","@id":"https:\/\/www.eldigitaldeasturias.com\/noticias\/morales-quiere-mejorar-la-relacion-con-chile-pero-superando-el-problema-historico\/#blogposting","name":"Morales quiere mejorar la relaci\u00f3n con Chile, pero superando el problema hist\u00f3rico - El Digital de Asturias","headline":"Morales quiere mejorar la relaci\u00f3n con Chile, pero superando el problema hist\u00f3rico","author":{"@id":"https:\/\/www.eldigitaldeasturias.com\/noticias\/author\/admin\/#author"},"publisher":{"@id":"https:\/\/www.eldigitaldeasturias.com\/noticias\/#organization"},"image":{"@type":"ImageObject","url":"https:\/\/www.eldigitaldeasturias.com\/noticias\/wp-content\/uploads\/2026\/06\/Contenidos.jpg","width":1265,"height":697,"caption":"Contenidos"},"datePublished":"2014-01-26T23:40:55+01:00","dateModified":"2014-01-26T23:40:55+01:00","inLanguage":"es-ES","mainEntityOfPage":{"@id":"https:\/\/www.eldigitaldeasturias.com\/noticias\/morales-quiere-mejorar-la-relacion-con-chile-pero-superando-el-problema-historico\/#webpage"},"isPartOf":{"@id":"https:\/\/www.eldigitaldeasturias.com\/noticias\/morales-quiere-mejorar-la-relacion-con-chile-pero-superando-el-problema-historico\/#webpage"},"articleSection":"Actualidad"},{"@type":"BreadcrumbList","@id":"https:\/\/www.eldigitaldeasturias.com\/noticias\/morales-quiere-mejorar-la-relacion-con-chile-pero-superando-el-problema-historico\/#breadcrumblist","itemListElement":[{"@type":"ListItem","@id":"https:\/\/www.eldigitaldeasturias.com\/noticias#listItem","position":1,"name":"Home","item":"https:\/\/www.eldigitaldeasturias.com\/noticias","nextItem":{"@type":"ListItem","@id":"https:\/\/www.eldigitaldeasturias.com\/noticias\/category\/actualidad\/#listItem","name":"Actualidad"}},{"@type":"ListItem","@id":"https:\/\/www.eldigitaldeasturias.com\/noticias\/category\/actualidad\/#listItem","position":2,"name":"Actualidad","item":"https:\/\/www.eldigitaldeasturias.com\/noticias\/category\/actualidad\/","nextItem":{"@type":"ListItem","@id":"https:\/\/www.eldigitaldeasturias.com\/noticias\/morales-quiere-mejorar-la-relacion-con-chile-pero-superando-el-problema-historico\/#listItem","name":"Morales quiere mejorar la relaci\u00f3n con Chile, pero superando el problema hist\u00f3rico"},"previousItem":{"@type":"ListItem","@id":"https:\/\/www.eldigitaldeasturias.com\/noticias#listItem","name":"Home"}},{"@type":"ListItem","@id":"https:\/\/www.eldigitaldeasturias.com\/noticias\/morales-quiere-mejorar-la-relacion-con-chile-pero-superando-el-problema-historico\/#listItem","position":3,"name":"Morales quiere mejorar la relaci\u00f3n con Chile, pero superando el problema hist\u00f3rico","previousItem":{"@type":"ListItem","@id":"https:\/\/www.eldigitaldeasturias.com\/noticias\/category\/actualidad\/#listItem","name":"Actualidad"}}]},{"@type":"Organization","@id":"https:\/\/www.eldigitaldeasturias.com\/noticias\/#organization","name":"El Digital de Asturias","description":"Hemeroteca","url":"https:\/\/www.eldigitaldeasturias.com\/noticias\/","email":"info@eldigitaldeasturias.com","telephone":"+34652131393","logo":{"@type":"ImageObject","url":"https:\/\/www.eldigitaldeasturias.com\/noticias\/wp-content\/uploads\/2020\/12\/EDA.jpg","@id":"https:\/\/www.eldigitaldeasturias.com\/noticias\/morales-quiere-mejorar-la-relacion-con-chile-pero-superando-el-problema-historico\/#organizationLogo"},"image":{"@id":"https:\/\/www.eldigitaldeasturias.com\/noticias\/morales-quiere-mejorar-la-relacion-con-chile-pero-superando-el-problema-historico\/#organizationLogo"},"sameAs":["https:\/\/facebook.com\/eldigitaldeasturias","https:\/\/www.youtube.com\/channel\/UCZP-2wLEB9Rv6erhFmqVnvg"],"address":{"@id":"https:\/\/www.eldigitaldeasturias.com\/noticias\/#postaladdress","@type":"PostalAddress","streetAddress":"san antonio 4","postalCode":"33430","addressLocality":"Cand\u00e1s","addressRegion":"Asturias","addressCountry":"ES"}},{"@type":"Person","@id":"https:\/\/www.eldigitaldeasturias.com\/noticias\/author\/admin\/#author","url":"https:\/\/www.eldigitaldeasturias.com\/noticias\/author\/admin\/","name":"El Digital de Asturias","image":{"@type":"ImageObject","@id":"https:\/\/www.eldigitaldeasturias.com\/noticias\/morales-quiere-mejorar-la-relacion-con-chile-pero-superando-el-problema-historico\/#authorImage","url":"https:\/\/secure.gravatar.com\/avatar\/df2aeffc32bcd13f8d26072ef8a91b623d677766deac7f97ca815868cd41bf5e?s=96&d=mm&r=g","width":96,"height":96,"caption":"El Digital de Asturias"}},{"@type":"WebPage","@id":"https:\/\/www.eldigitaldeasturias.com\/noticias\/morales-quiere-mejorar-la-relacion-con-chile-pero-superando-el-problema-historico\/#webpage","url":"https:\/\/www.eldigitaldeasturias.com\/noticias\/morales-quiere-mejorar-la-relacion-con-chile-pero-superando-el-problema-historico\/","name":"Morales quiere mejorar la relaci\u00f3n con Chile, pero superando el problema hist\u00f3rico - El Digital de Asturias","description":"La Paz, 26 ene (EFE).- El presidente de Bolivia, Evo Morales, afirm\u00f3 hoy que \"por supuesto\" quiere mejorar la relaci\u00f3n con Chile, pero tambi\u00e9n pidi\u00f3 la soluci\u00f3n de los problemas hist\u00f3ricos, en referencia a la demanda boliviana de una salida al Pac\u00edfico. El mandatario habl\u00f3 del tema antes de partir a La Habana para asistir","inLanguage":"es-ES","isPartOf":{"@id":"https:\/\/www.eldigitaldeasturias.com\/noticias\/#website"},"breadcrumb":{"@id":"https:\/\/www.eldigitaldeasturias.com\/noticias\/morales-quiere-mejorar-la-relacion-con-chile-pero-superando-el-problema-historico\/#breadcrumblist"},"author":{"@id":"https:\/\/www.eldigitaldeasturias.com\/noticias\/author\/admin\/#author"},"creator":{"@id":"https:\/\/www.eldigitaldeasturias.com\/noticias\/author\/admin\/#author"},"image":{"@type":"ImageObject","url":"https:\/\/www.eldigitaldeasturias.com\/noticias\/wp-content\/uploads\/2026\/06\/Contenidos.jpg","@id":"https:\/\/www.eldigitaldeasturias.com\/noticias\/morales-quiere-mejorar-la-relacion-con-chile-pero-superando-el-problema-historico\/#mainImage","width":1265,"height":697,"caption":"Contenidos"},"primaryImageOfPage":{"@id":"https:\/\/www.eldigitaldeasturias.com\/noticias\/morales-quiere-mejorar-la-relacion-con-chile-pero-superando-el-problema-historico\/#mainImage"},"datePublished":"2014-01-26T23:40:55+01:00","dateModified":"2014-01-26T23:40:55+01:00"},{"@type":"WebSite","@id":"https:\/\/www.eldigitaldeasturias.com\/noticias\/#website","url":"https:\/\/www.eldigitaldeasturias.com\/noticias\/","name":"El Digital de Asturias - Diario de actualidad y noticias","alternateName":"El Digital de Asturias - Diario de actualidad y noticias","description":"Hemeroteca","inLanguage":"es-ES","publisher":{"@id":"https:\/\/www.eldigitaldeasturias.com\/noticias\/#organization"}}]},"og:locale":"es_ES","og:site_name":"El Digital de Asturias","og:type":"article","og:title":"Morales quiere mejorar la relaci\u00f3n con Chile, pero superando el problema hist\u00f3rico - El Digital de Asturias","og:description":"La Paz, 26 ene (EFE).- El presidente de Bolivia, Evo Morales, afirm\u00f3 hoy que &quot;por supuesto&quot; quiere mejorar la relaci\u00f3n con Chile, pero tambi\u00e9n pidi\u00f3 la soluci\u00f3n de los problemas hist\u00f3ricos, en referencia a la demanda boliviana de una salida al Pac\u00edfico. El mandatario habl\u00f3 del tema antes de partir a La Habana para asistir","og:url":"https:\/\/www.eldigitaldeasturias.com\/noticias\/morales-quiere-mejorar-la-relacion-con-chile-pero-superando-el-problema-historico\/","og:image":"https:\/\/www.eldigitaldeasturias.com\/noticias\/wp-content\/uploads\/2026\/06\/Contenidos.jpg","og:image:secure_url":"https:\/\/www.eldigitaldeasturias.com\/noticias\/wp-content\/uploads\/2026\/06\/Contenidos.jpg","og:image:width":1265,"og:image:height":697,"article:tag":["actualidad"],"article:published_time":"2014-01-27T00:40:55+00:00","article:modified_time":"2014-01-27T00:40:55+00:00","article:publisher":"https:\/\/facebook.com\/eldigitaldeasturias","twitter:card":"summary_large_image","twitter:title":"Morales quiere mejorar la relaci\u00f3n con Chile, pero superando el problema hist\u00f3rico - El Digital de Asturias","twitter:description":"La Paz, 26 ene (EFE).- El presidente de Bolivia, Evo Morales, afirm\u00f3 hoy que &quot;por supuesto&quot; quiere mejorar la relaci\u00f3n con Chile, pero tambi\u00e9n pidi\u00f3 la soluci\u00f3n de los problemas hist\u00f3ricos, en referencia a la demanda boliviana de una salida al Pac\u00edfico. El mandatario habl\u00f3 del tema antes de partir a La Habana para asistir","twitter:image":"https:\/\/www.eldigitaldeasturias.com\/noticias\/wp-content\/uploads\/2026\/06\/Contenidos.jpg","twitter:label1":"Escrito por","twitter:data1":"El Digital de Asturias","twitter:label2":"Tiempo de lectura estimado","twitter:data2":"2 minutos"},"aioseo_meta_data":{"post_id":"479262","title":null,"description":null,"keywords":null,"keyphrases":null,"primary_term":null,"canonical_url":null,"og_title":null,"og_description":null,"og_object_type":"default","og_image_type":"default","og_image_url":null,"og_image_width":null,"og_image_height":null,"og_image_custom_url":null,"og_image_custom_fields":null,"og_video":null,"og_custom_url":null,"og_article_section":null,"og_article_tags":null,"twitter_use_og":true,"twitter_card":"default","twitter_image_type":"default","twitter_image_url":null,"twitter_image_custom_url":null,"twitter_image_custom_fields":null,"twitter_title":null,"twitter_description":null,"schema":{"blockGraphs":[],"customGraphs":[],"default":{"data":{"Article":[],"Course":[],"Dataset":[],"FAQPage":[],"Movie":[],"Person":[],"Product":[],"ProductReview":[],"Car":[],"Recipe":[],"Service":[],"SoftwareApplication":[],"WebPage":[]},"graphName":"","isEnabled":true},"graphs":[],"defaultGraph":"","defaultPostTypeGraph":""},"schema_type":null,"schema_type_options":null,"pillar_content":false,"robots_default":true,"robots_noindex":false,"robots_noarchive":false,"robots_nosnippet":false,"robots_nofollow":false,"robots_noimageindex":false,"robots_noodp":false,"robots_notranslate":false,"robots_max_snippet":null,"robots_max_videopreview":null,"robots_max_imagepreview":"none","priority":null,"frequency":null,"local_seo":null,"seo_analyzer_scan_date":"2026-06-01 23:58:46","breadcrumb_settings":null,"limit_modified_date":false,"open_ai":null,"ai":null,"created":"2020-11-14 22:54:02","updated":"2026-06-01 23:58:46","focus_keyword":null,"additional_keywords":null,"truseo_locale":null},"aioseo_breadcrumb":"<div class=\"aioseo-breadcrumbs\"><span class=\"aioseo-breadcrumb\">\n\t<a href=\"https:\/\/www.eldigitaldeasturias.com\/noticias\" title=\"Home\">Home<\/a>\n<\/span><span class=\"aioseo-breadcrumb-separator\">\u2013<\/span><span class=\"aioseo-breadcrumb\">\n\t<a href=\"https:\/\/www.eldigitaldeasturias.com\/noticias\/category\/actualidad\/\" title=\"Actualidad\">Actualidad<\/a>\n<\/span><span class=\"aioseo-breadcrumb-separator\">\u2013<\/span><span class=\"aioseo-breadcrumb\">\n\t<a href=\"https:\/\/www.eldigitaldeasturias.com\/noticias\/morales-quiere-mejorar-la-relacion-con-chile-pero-superando-el-problema-historico\/\" title=\"Morales quiere mejorar la relaci\u00f3n con Chile, pero superando el problema hist\u00f3rico\">Morales quiere mejorar la relaci\u00f3n con Chile, pero superando el problema hist\u00f3rico<\/a>\n<\/span><\/div>","aioseo_breadcrumb_json":[{"label":"Home","link":"https:\/\/www.eldigitaldeasturias.com\/noticias"},{"label":"Actualidad","link":"https:\/\/www.eldigitaldeasturias.com\/noticias\/category\/actualidad\/"},{"label":"Morales quiere mejorar la relaci\u00f3n con Chile, pero superando el problema hist\u00f3rico","link":"https:\/\/www.eldigitaldeasturias.com\/noticias\/morales-quiere-mejorar-la-relacion-con-chile-pero-superando-el-problema-historico\/"}],"_links":{"self":[{"href":"https:\/\/www.eldigitaldeasturias.com\/noticias\/wp-json\/wp\/v2\/posts\/479262","targetHints":{"allow":["GET"]}}],"collection":[{"href":"https:\/\/www.eldigitaldeasturias.com\/noticias\/wp-json\/wp\/v2\/posts"}],"about":[{"href":"https:\/\/www.eldigitaldeasturias.com\/noticias\/wp-json\/wp\/v2\/types\/post"}],"author":[{"embeddable":true,"href":"https:\/\/www.eldigitaldeasturias.com\/noticias\/wp-json\/wp\/v2\/users\/1"}],"replies":[{"embeddable":true,"href":"https:\/\/www.eldigitaldeasturias.com\/noticias\/wp-json\/wp\/v2\/comments?post=479262"}],"version-history":[{"count":0,"href":"https:\/\/www.eldigitaldeasturias.com\/noticias\/wp-json\/wp\/v2\/posts\/479262\/revisions"}],"wp:featuredmedia":[{"embeddable":true,"href":"https:\/\/www.eldigitaldeasturias.com\/noticias\/wp-json\/wp\/v2\/media\/1132184"}],"wp:attachment":[{"href":"https:\/\/www.eldigitaldeasturias.com\/noticias\/wp-json\/wp\/v2\/media?parent=479262"}],"wp:term":[{"taxonomy":"category","embeddable":true,"href":"https:\/\/www.eldigitaldeasturias.com\/noticias\/wp-json\/wp\/v2\/categories?post=479262"},{"taxonomy":"post_tag","embeddable":true,"href":"https:\/\/www.eldigitaldeasturias.com\/noticias\/wp-json\/wp\/v2\/tags?post=479262"}],"curies":[{"name":"wp","href":"https:\/\/api.w.org\/{rel}","templated":true}]}}