{"id":479259,"date":"2014-01-26T23:39:48","date_gmt":"2014-01-27T00:39:48","guid":{"rendered":"http:\/\/www.eldigitaldeasturias.com\/noticias\/?p=479259"},"modified":"2014-01-26T23:39:48","modified_gmt":"2014-01-27T00:39:48","slug":"lara-atribuye-el-crecimiento-de-iu-al-desgaste-del-bipartidismo-imperfecto","status":"publish","type":"post","link":"https:\/\/www.eldigitaldeasturias.com\/noticias\/lara-atribuye-el-crecimiento-de-iu-al-desgaste-del-bipartidismo-imperfecto\/","title":{"rendered":"Lara atribuye el crecimiento de IU al desgaste del \u00abbipartidismo imperfecto\u00bb"},"content":{"rendered":"<p><img loading=\"lazy\" decoding=\"async\" class=\"alignleft size-medium wp-image-479260\" alt=\"5877541w\" src=\"https:\/\/www.eldigitaldeasturias.com\/noticias\/wp-content\/uploads\/2014\/01\/5877541w-360x239.jpg\" width=\"360\" height=\"239\" \/>Las Palmas de Gran Canaria, 26 ene (EFE).- El coordinador general de Izquierda Unida (IU), Cayo Lara, ha dicho hoy que fuerzas alternativas como la que representa est\u00e1n creciendo ante el desgaste del \u00abbipartidismo imperfecto\u00bb de Espa\u00f1a, como as\u00ed lo muestran las encuestas.<\/p>\n<p>Lara ha manifestado que el \u00abbipartidismo imperfecto en Espa\u00f1a\u00bb, que ha mantenido \u00abla ligaz\u00f3n del gobierno con el poder econ\u00f3mico y financiero y con los apoyos de determinados partidos nacionalistas conservadores, cada d\u00eda se va desgastando m\u00e1s, y hay una \u00abtendencia clar\u00edsima a la baja, afortunadamente\u00bb.<\/p>\n<p>Seg\u00fan Lara, cada d\u00eda la gente busca otros caminos y esta tendencia se muestra en las encuestas que revelan que fuerzas alternativas como IU contin\u00faan en una tendencia de crecimiento.<\/p>\n<p>IU est\u00e1 ganando m\u00e1s confianza para \u00abacabar con un sistema que tanto da\u00f1o, dolor y sufrimiento est\u00e1 causando a los ciudadanos\u00bb, ha se\u00f1alado Lara a los periodistas antes de clausurar la VIII asamblea nacional que ha celebrado la coalici\u00f3n en Canarias.<\/p>\n<p>Seg\u00fan una encuesta de Metroscopia publicada hoy por El Pa\u00eds, el PP perder\u00eda 16 puntos y el PSOE 10 respecto a las elecciones europeas de 2009, Izquierda Unida multiplicar\u00eda por cuatro el porcentaje de votos y alcanzar\u00eda el 14,5 por ciento, mientras que UPyD triplicar\u00eda su respaldo electoral, hasta el 8 por ciento.<\/p>\n","protected":false},"excerpt":{"rendered":"<p>Las Palmas de Gran Canaria, 26 ene (EFE).- El coordinador general de Izquierda Unida (IU), Cayo Lara, ha dicho hoy que fuerzas alternativas como la que representa est\u00e1n creciendo ante el desgaste del \u00abbipartidismo imperfecto\u00bb de Espa\u00f1a, como as\u00ed lo muestran las encuestas. Lara ha manifestado que el \u00abbipartidismo imperfecto en Espa\u00f1a\u00bb, que ha mantenido [&hellip;]<\/p>\n","protected":false},"author":1,"featured_media":1132184,"comment_status":"closed","ping_status":"open","sticky":false,"template":"","format":"standard","meta":{"footnotes":""},"categories":[1],"tags":[],"class_list":["post-479259","post","type-post","status-publish","format-standard","has-post-thumbnail","hentry","category-actualidad"],"aioseo_notices":[],"aioseo_head":"\n\t\t<!-- All in One SEO Pro 5.0.1 - aioseo.com -->\n\t<meta name=\"description\" content=\"Las Palmas de Gran Canaria, 26 ene (EFE).- El coordinador general de Izquierda Unida (IU), Cayo Lara, ha dicho hoy que fuerzas alternativas como la que representa est\u00e1n creciendo ante el desgaste del &quot;bipartidismo imperfecto&quot; de Espa\u00f1a, como as\u00ed lo muestran las encuestas. Lara ha manifestado que el &quot;bipartidismo imperfecto en Espa\u00f1a&quot;, que ha mantenido\" \/>\n\t<meta name=\"robots\" content=\"max-image-preview:large\" \/>\n\t<meta name=\"author\" content=\"El Digital de Asturias\"\/>\n\t<meta name=\"google-site-verification\" content=\"UA-38556648-1\" \/>\n\t<meta name=\"msvalidate.01\" content=\"7dfe9f3f1b24437ab69f4f2559babe99\" \/>\n\t<meta name=\"keywords\" content=\"actualidad\" \/>\n\t<link rel=\"canonical\" href=\"https:\/\/www.eldigitaldeasturias.com\/noticias\/lara-atribuye-el-crecimiento-de-iu-al-desgaste-del-bipartidismo-imperfecto\/\" \/>\n\t<meta name=\"generator\" content=\"All in One SEO Pro (AIOSEO) 5.0.1\" \/>\n\t\t<meta property=\"og:locale\" content=\"es_ES\" \/>\n\t\t<meta property=\"og:site_name\" content=\"El Digital de Asturias\" \/>\n\t\t<meta property=\"og:type\" content=\"article\" \/>\n\t\t<meta property=\"og:title\" content=\"Lara atribuye el crecimiento de IU al desgaste del \u00abbipartidismo imperfecto\u00bb - El Digital de Asturias\" \/>\n\t\t<meta property=\"og:description\" content=\"Las Palmas de Gran Canaria, 26 ene (EFE).- El coordinador general de Izquierda Unida (IU), Cayo Lara, ha dicho hoy que fuerzas alternativas como la que representa est\u00e1n creciendo ante el desgaste del &quot;bipartidismo imperfecto&quot; de Espa\u00f1a, como as\u00ed lo muestran las encuestas. Lara ha manifestado que el &quot;bipartidismo imperfecto en Espa\u00f1a&quot;, que ha mantenido\" \/>\n\t\t<meta property=\"og:url\" content=\"https:\/\/www.eldigitaldeasturias.com\/noticias\/lara-atribuye-el-crecimiento-de-iu-al-desgaste-del-bipartidismo-imperfecto\/\" \/>\n\t\t<meta property=\"og:image\" content=\"https:\/\/www.eldigitaldeasturias.com\/noticias\/wp-content\/uploads\/2026\/06\/Contenidos.jpg\" \/>\n\t\t<meta property=\"og:image:secure_url\" content=\"https:\/\/www.eldigitaldeasturias.com\/noticias\/wp-content\/uploads\/2026\/06\/Contenidos.jpg\" \/>\n\t\t<meta property=\"og:image:width\" content=\"1265\" \/>\n\t\t<meta property=\"og:image:height\" content=\"697\" \/>\n\t\t<meta property=\"article:tag\" content=\"actualidad\" \/>\n\t\t<meta property=\"article:published_time\" content=\"2014-01-27T00:39:48+00:00\" \/>\n\t\t<meta property=\"article:modified_time\" content=\"2014-01-27T00:39:48+00:00\" \/>\n\t\t<meta property=\"article:publisher\" content=\"https:\/\/facebook.com\/eldigitaldeasturias\" \/>\n\t\t<meta name=\"twitter:card\" content=\"summary_large_image\" \/>\n\t\t<meta name=\"twitter:title\" content=\"Lara atribuye el crecimiento de IU al desgaste del \u00abbipartidismo imperfecto\u00bb - El Digital de Asturias\" \/>\n\t\t<meta name=\"twitter:description\" content=\"Las Palmas de Gran Canaria, 26 ene (EFE).- El coordinador general de Izquierda Unida (IU), Cayo Lara, ha dicho hoy que fuerzas alternativas como la que representa est\u00e1n creciendo ante el desgaste del &quot;bipartidismo imperfecto&quot; de Espa\u00f1a, como as\u00ed lo muestran las encuestas. Lara ha manifestado que el &quot;bipartidismo imperfecto en Espa\u00f1a&quot;, que ha mantenido\" \/>\n\t\t<meta name=\"twitter:image\" content=\"https:\/\/www.eldigitaldeasturias.com\/noticias\/wp-content\/uploads\/2026\/06\/Contenidos.jpg\" \/>\n\t\t<meta name=\"twitter:label1\" content=\"Escrito por\" \/>\n\t\t<meta name=\"twitter:data1\" content=\"El Digital de Asturias\" \/>\n\t\t<meta name=\"twitter:label2\" content=\"Tiempo de lectura estimado\" \/>\n\t\t<meta name=\"twitter:data2\" content=\"1 minuto\" \/>\n\t\t<script type=\"application\/ld+json\" class=\"aioseo-schema\">\n\t\t\t{\"@context\":\"https:\\\/\\\/schema.org\",\"@graph\":[{\"@type\":\"BlogPosting\",\"@id\":\"https:\\\/\\\/www.eldigitaldeasturias.com\\\/noticias\\\/lara-atribuye-el-crecimiento-de-iu-al-desgaste-del-bipartidismo-imperfecto\\\/#blogposting\",\"name\":\"Lara atribuye el crecimiento de IU al desgaste del \\u00abbipartidismo imperfecto\\u00bb - El Digital de Asturias\",\"headline\":\"Lara atribuye el crecimiento de IU al desgaste del \\u00abbipartidismo imperfecto\\u00bb\",\"author\":{\"@id\":\"https:\\\/\\\/www.eldigitaldeasturias.com\\\/noticias\\\/author\\\/admin\\\/#author\"},\"publisher\":{\"@id\":\"https:\\\/\\\/www.eldigitaldeasturias.com\\\/noticias\\\/#organization\"},\"image\":{\"@type\":\"ImageObject\",\"url\":\"https:\\\/\\\/www.eldigitaldeasturias.com\\\/noticias\\\/wp-content\\\/uploads\\\/2026\\\/06\\\/Contenidos.jpg\",\"width\":1265,\"height\":697,\"caption\":\"Contenidos\"},\"datePublished\":\"2014-01-26T23:39:48+01:00\",\"dateModified\":\"2014-01-26T23:39:48+01:00\",\"inLanguage\":\"es-ES\",\"mainEntityOfPage\":{\"@id\":\"https:\\\/\\\/www.eldigitaldeasturias.com\\\/noticias\\\/lara-atribuye-el-crecimiento-de-iu-al-desgaste-del-bipartidismo-imperfecto\\\/#webpage\"},\"isPartOf\":{\"@id\":\"https:\\\/\\\/www.eldigitaldeasturias.com\\\/noticias\\\/lara-atribuye-el-crecimiento-de-iu-al-desgaste-del-bipartidismo-imperfecto\\\/#webpage\"},\"articleSection\":\"Actualidad\"},{\"@type\":\"BreadcrumbList\",\"@id\":\"https:\\\/\\\/www.eldigitaldeasturias.com\\\/noticias\\\/lara-atribuye-el-crecimiento-de-iu-al-desgaste-del-bipartidismo-imperfecto\\\/#breadcrumblist\",\"itemListElement\":[{\"@type\":\"ListItem\",\"@id\":\"https:\\\/\\\/www.eldigitaldeasturias.com\\\/noticias#listItem\",\"position\":1,\"name\":\"Home\",\"item\":\"https:\\\/\\\/www.eldigitaldeasturias.com\\\/noticias\",\"nextItem\":{\"@type\":\"ListItem\",\"@id\":\"https:\\\/\\\/www.eldigitaldeasturias.com\\\/noticias\\\/category\\\/actualidad\\\/#listItem\",\"name\":\"Actualidad\"}},{\"@type\":\"ListItem\",\"@id\":\"https:\\\/\\\/www.eldigitaldeasturias.com\\\/noticias\\\/category\\\/actualidad\\\/#listItem\",\"position\":2,\"name\":\"Actualidad\",\"item\":\"https:\\\/\\\/www.eldigitaldeasturias.com\\\/noticias\\\/category\\\/actualidad\\\/\",\"nextItem\":{\"@type\":\"ListItem\",\"@id\":\"https:\\\/\\\/www.eldigitaldeasturias.com\\\/noticias\\\/lara-atribuye-el-crecimiento-de-iu-al-desgaste-del-bipartidismo-imperfecto\\\/#listItem\",\"name\":\"Lara atribuye el crecimiento de IU al desgaste del \\u00abbipartidismo imperfecto\\u00bb\"},\"previousItem\":{\"@type\":\"ListItem\",\"@id\":\"https:\\\/\\\/www.eldigitaldeasturias.com\\\/noticias#listItem\",\"name\":\"Home\"}},{\"@type\":\"ListItem\",\"@id\":\"https:\\\/\\\/www.eldigitaldeasturias.com\\\/noticias\\\/lara-atribuye-el-crecimiento-de-iu-al-desgaste-del-bipartidismo-imperfecto\\\/#listItem\",\"position\":3,\"name\":\"Lara atribuye el crecimiento de IU al desgaste del \\u00abbipartidismo imperfecto\\u00bb\",\"previousItem\":{\"@type\":\"ListItem\",\"@id\":\"https:\\\/\\\/www.eldigitaldeasturias.com\\\/noticias\\\/category\\\/actualidad\\\/#listItem\",\"name\":\"Actualidad\"}}]},{\"@type\":\"Organization\",\"@id\":\"https:\\\/\\\/www.eldigitaldeasturias.com\\\/noticias\\\/#organization\",\"name\":\"El Digital de Asturias\",\"description\":\"Hemeroteca\",\"url\":\"https:\\\/\\\/www.eldigitaldeasturias.com\\\/noticias\\\/\",\"email\":\"info@eldigitaldeasturias.com\",\"telephone\":\"+34652131393\",\"logo\":{\"@type\":\"ImageObject\",\"url\":\"https:\\\/\\\/www.eldigitaldeasturias.com\\\/noticias\\\/wp-content\\\/uploads\\\/2020\\\/12\\\/EDA.jpg\",\"@id\":\"https:\\\/\\\/www.eldigitaldeasturias.com\\\/noticias\\\/lara-atribuye-el-crecimiento-de-iu-al-desgaste-del-bipartidismo-imperfecto\\\/#organizationLogo\"},\"image\":{\"@id\":\"https:\\\/\\\/www.eldigitaldeasturias.com\\\/noticias\\\/lara-atribuye-el-crecimiento-de-iu-al-desgaste-del-bipartidismo-imperfecto\\\/#organizationLogo\"},\"sameAs\":[\"https:\\\/\\\/facebook.com\\\/eldigitaldeasturias\",\"https:\\\/\\\/www.youtube.com\\\/channel\\\/UCZP-2wLEB9Rv6erhFmqVnvg\"],\"address\":{\"@id\":\"https:\\\/\\\/www.eldigitaldeasturias.com\\\/noticias\\\/#postaladdress\",\"@type\":\"PostalAddress\",\"streetAddress\":\"san antonio 4\",\"postalCode\":\"33430\",\"addressLocality\":\"Cand\\u00e1s\",\"addressRegion\":\"Asturias\",\"addressCountry\":\"ES\"}},{\"@type\":\"Person\",\"@id\":\"https:\\\/\\\/www.eldigitaldeasturias.com\\\/noticias\\\/author\\\/admin\\\/#author\",\"url\":\"https:\\\/\\\/www.eldigitaldeasturias.com\\\/noticias\\\/author\\\/admin\\\/\",\"name\":\"El Digital de Asturias\",\"image\":{\"@type\":\"ImageObject\",\"@id\":\"https:\\\/\\\/www.eldigitaldeasturias.com\\\/noticias\\\/lara-atribuye-el-crecimiento-de-iu-al-desgaste-del-bipartidismo-imperfecto\\\/#authorImage\",\"url\":\"https:\\\/\\\/secure.gravatar.com\\\/avatar\\\/df2aeffc32bcd13f8d26072ef8a91b623d677766deac7f97ca815868cd41bf5e?s=96&d=mm&r=g\",\"width\":96,\"height\":96,\"caption\":\"El Digital de Asturias\"}},{\"@type\":\"WebPage\",\"@id\":\"https:\\\/\\\/www.eldigitaldeasturias.com\\\/noticias\\\/lara-atribuye-el-crecimiento-de-iu-al-desgaste-del-bipartidismo-imperfecto\\\/#webpage\",\"url\":\"https:\\\/\\\/www.eldigitaldeasturias.com\\\/noticias\\\/lara-atribuye-el-crecimiento-de-iu-al-desgaste-del-bipartidismo-imperfecto\\\/\",\"name\":\"Lara atribuye el crecimiento de IU al desgaste del \\u00abbipartidismo imperfecto\\u00bb - El Digital de Asturias\",\"description\":\"Las Palmas de Gran Canaria, 26 ene (EFE).- El coordinador general de Izquierda Unida (IU), Cayo Lara, ha dicho hoy que fuerzas alternativas como la que representa est\\u00e1n creciendo ante el desgaste del \\\"bipartidismo imperfecto\\\" de Espa\\u00f1a, como as\\u00ed lo muestran las encuestas. Lara ha manifestado que el \\\"bipartidismo imperfecto en Espa\\u00f1a\\\", que ha mantenido\",\"inLanguage\":\"es-ES\",\"isPartOf\":{\"@id\":\"https:\\\/\\\/www.eldigitaldeasturias.com\\\/noticias\\\/#website\"},\"breadcrumb\":{\"@id\":\"https:\\\/\\\/www.eldigitaldeasturias.com\\\/noticias\\\/lara-atribuye-el-crecimiento-de-iu-al-desgaste-del-bipartidismo-imperfecto\\\/#breadcrumblist\"},\"author\":{\"@id\":\"https:\\\/\\\/www.eldigitaldeasturias.com\\\/noticias\\\/author\\\/admin\\\/#author\"},\"creator\":{\"@id\":\"https:\\\/\\\/www.eldigitaldeasturias.com\\\/noticias\\\/author\\\/admin\\\/#author\"},\"image\":{\"@type\":\"ImageObject\",\"url\":\"https:\\\/\\\/www.eldigitaldeasturias.com\\\/noticias\\\/wp-content\\\/uploads\\\/2026\\\/06\\\/Contenidos.jpg\",\"@id\":\"https:\\\/\\\/www.eldigitaldeasturias.com\\\/noticias\\\/lara-atribuye-el-crecimiento-de-iu-al-desgaste-del-bipartidismo-imperfecto\\\/#mainImage\",\"width\":1265,\"height\":697,\"caption\":\"Contenidos\"},\"primaryImageOfPage\":{\"@id\":\"https:\\\/\\\/www.eldigitaldeasturias.com\\\/noticias\\\/lara-atribuye-el-crecimiento-de-iu-al-desgaste-del-bipartidismo-imperfecto\\\/#mainImage\"},\"datePublished\":\"2014-01-26T23:39:48+01:00\",\"dateModified\":\"2014-01-26T23:39:48+01:00\"},{\"@type\":\"WebSite\",\"@id\":\"https:\\\/\\\/www.eldigitaldeasturias.com\\\/noticias\\\/#website\",\"url\":\"https:\\\/\\\/www.eldigitaldeasturias.com\\\/noticias\\\/\",\"name\":\"El Digital de Asturias - Diario de actualidad y noticias\",\"alternateName\":\"El Digital de Asturias - Diario de actualidad y noticias\",\"description\":\"Hemeroteca\",\"inLanguage\":\"es-ES\",\"publisher\":{\"@id\":\"https:\\\/\\\/www.eldigitaldeasturias.com\\\/noticias\\\/#organization\"}}]}\n\t\t<\/script>\n\t\t<!-- All in One SEO Pro -->\r\n\t\t<title>Lara atribuye el crecimiento de IU al desgaste del \u00abbipartidismo imperfecto\u00bb - El Digital de Asturias<\/title>\n\n","aioseo_head_json":{"title":"Lara atribuye el crecimiento de IU al desgaste del \u00abbipartidismo imperfecto\u00bb - El Digital de Asturias","description":"Las Palmas de Gran Canaria, 26 ene (EFE).- El coordinador general de Izquierda Unida (IU), Cayo Lara, ha dicho hoy que fuerzas alternativas como la que representa est\u00e1n creciendo ante el desgaste del \"bipartidismo imperfecto\" de Espa\u00f1a, como as\u00ed lo muestran las encuestas. Lara ha manifestado que el \"bipartidismo imperfecto en Espa\u00f1a\", que ha mantenido","canonical_url":"https:\/\/www.eldigitaldeasturias.com\/noticias\/lara-atribuye-el-crecimiento-de-iu-al-desgaste-del-bipartidismo-imperfecto\/","robots":"max-image-preview:large","keywords":"actualidad","webmasterTools":{"google-site-verification":"UA-38556648-1","msvalidate.01":"7dfe9f3f1b24437ab69f4f2559babe99","miscellaneous":""},"schema":{"@context":"https:\/\/schema.org","@graph":[{"@type":"BlogPosting","@id":"https:\/\/www.eldigitaldeasturias.com\/noticias\/lara-atribuye-el-crecimiento-de-iu-al-desgaste-del-bipartidismo-imperfecto\/#blogposting","name":"Lara atribuye el crecimiento de IU al desgaste del \u00abbipartidismo imperfecto\u00bb - El Digital de Asturias","headline":"Lara atribuye el crecimiento de IU al desgaste del \u00abbipartidismo imperfecto\u00bb","author":{"@id":"https:\/\/www.eldigitaldeasturias.com\/noticias\/author\/admin\/#author"},"publisher":{"@id":"https:\/\/www.eldigitaldeasturias.com\/noticias\/#organization"},"image":{"@type":"ImageObject","url":"https:\/\/www.eldigitaldeasturias.com\/noticias\/wp-content\/uploads\/2026\/06\/Contenidos.jpg","width":1265,"height":697,"caption":"Contenidos"},"datePublished":"2014-01-26T23:39:48+01:00","dateModified":"2014-01-26T23:39:48+01:00","inLanguage":"es-ES","mainEntityOfPage":{"@id":"https:\/\/www.eldigitaldeasturias.com\/noticias\/lara-atribuye-el-crecimiento-de-iu-al-desgaste-del-bipartidismo-imperfecto\/#webpage"},"isPartOf":{"@id":"https:\/\/www.eldigitaldeasturias.com\/noticias\/lara-atribuye-el-crecimiento-de-iu-al-desgaste-del-bipartidismo-imperfecto\/#webpage"},"articleSection":"Actualidad"},{"@type":"BreadcrumbList","@id":"https:\/\/www.eldigitaldeasturias.com\/noticias\/lara-atribuye-el-crecimiento-de-iu-al-desgaste-del-bipartidismo-imperfecto\/#breadcrumblist","itemListElement":[{"@type":"ListItem","@id":"https:\/\/www.eldigitaldeasturias.com\/noticias#listItem","position":1,"name":"Home","item":"https:\/\/www.eldigitaldeasturias.com\/noticias","nextItem":{"@type":"ListItem","@id":"https:\/\/www.eldigitaldeasturias.com\/noticias\/category\/actualidad\/#listItem","name":"Actualidad"}},{"@type":"ListItem","@id":"https:\/\/www.eldigitaldeasturias.com\/noticias\/category\/actualidad\/#listItem","position":2,"name":"Actualidad","item":"https:\/\/www.eldigitaldeasturias.com\/noticias\/category\/actualidad\/","nextItem":{"@type":"ListItem","@id":"https:\/\/www.eldigitaldeasturias.com\/noticias\/lara-atribuye-el-crecimiento-de-iu-al-desgaste-del-bipartidismo-imperfecto\/#listItem","name":"Lara atribuye el crecimiento de IU al desgaste del \u00abbipartidismo imperfecto\u00bb"},"previousItem":{"@type":"ListItem","@id":"https:\/\/www.eldigitaldeasturias.com\/noticias#listItem","name":"Home"}},{"@type":"ListItem","@id":"https:\/\/www.eldigitaldeasturias.com\/noticias\/lara-atribuye-el-crecimiento-de-iu-al-desgaste-del-bipartidismo-imperfecto\/#listItem","position":3,"name":"Lara atribuye el crecimiento de IU al desgaste del \u00abbipartidismo imperfecto\u00bb","previousItem":{"@type":"ListItem","@id":"https:\/\/www.eldigitaldeasturias.com\/noticias\/category\/actualidad\/#listItem","name":"Actualidad"}}]},{"@type":"Organization","@id":"https:\/\/www.eldigitaldeasturias.com\/noticias\/#organization","name":"El Digital de Asturias","description":"Hemeroteca","url":"https:\/\/www.eldigitaldeasturias.com\/noticias\/","email":"info@eldigitaldeasturias.com","telephone":"+34652131393","logo":{"@type":"ImageObject","url":"https:\/\/www.eldigitaldeasturias.com\/noticias\/wp-content\/uploads\/2020\/12\/EDA.jpg","@id":"https:\/\/www.eldigitaldeasturias.com\/noticias\/lara-atribuye-el-crecimiento-de-iu-al-desgaste-del-bipartidismo-imperfecto\/#organizationLogo"},"image":{"@id":"https:\/\/www.eldigitaldeasturias.com\/noticias\/lara-atribuye-el-crecimiento-de-iu-al-desgaste-del-bipartidismo-imperfecto\/#organizationLogo"},"sameAs":["https:\/\/facebook.com\/eldigitaldeasturias","https:\/\/www.youtube.com\/channel\/UCZP-2wLEB9Rv6erhFmqVnvg"],"address":{"@id":"https:\/\/www.eldigitaldeasturias.com\/noticias\/#postaladdress","@type":"PostalAddress","streetAddress":"san antonio 4","postalCode":"33430","addressLocality":"Cand\u00e1s","addressRegion":"Asturias","addressCountry":"ES"}},{"@type":"Person","@id":"https:\/\/www.eldigitaldeasturias.com\/noticias\/author\/admin\/#author","url":"https:\/\/www.eldigitaldeasturias.com\/noticias\/author\/admin\/","name":"El Digital de Asturias","image":{"@type":"ImageObject","@id":"https:\/\/www.eldigitaldeasturias.com\/noticias\/lara-atribuye-el-crecimiento-de-iu-al-desgaste-del-bipartidismo-imperfecto\/#authorImage","url":"https:\/\/secure.gravatar.com\/avatar\/df2aeffc32bcd13f8d26072ef8a91b623d677766deac7f97ca815868cd41bf5e?s=96&d=mm&r=g","width":96,"height":96,"caption":"El Digital de Asturias"}},{"@type":"WebPage","@id":"https:\/\/www.eldigitaldeasturias.com\/noticias\/lara-atribuye-el-crecimiento-de-iu-al-desgaste-del-bipartidismo-imperfecto\/#webpage","url":"https:\/\/www.eldigitaldeasturias.com\/noticias\/lara-atribuye-el-crecimiento-de-iu-al-desgaste-del-bipartidismo-imperfecto\/","name":"Lara atribuye el crecimiento de IU al desgaste del \u00abbipartidismo imperfecto\u00bb - El Digital de Asturias","description":"Las Palmas de Gran Canaria, 26 ene (EFE).- El coordinador general de Izquierda Unida (IU), Cayo Lara, ha dicho hoy que fuerzas alternativas como la que representa est\u00e1n creciendo ante el desgaste del \"bipartidismo imperfecto\" de Espa\u00f1a, como as\u00ed lo muestran las encuestas. Lara ha manifestado que el \"bipartidismo imperfecto en Espa\u00f1a\", que ha mantenido","inLanguage":"es-ES","isPartOf":{"@id":"https:\/\/www.eldigitaldeasturias.com\/noticias\/#website"},"breadcrumb":{"@id":"https:\/\/www.eldigitaldeasturias.com\/noticias\/lara-atribuye-el-crecimiento-de-iu-al-desgaste-del-bipartidismo-imperfecto\/#breadcrumblist"},"author":{"@id":"https:\/\/www.eldigitaldeasturias.com\/noticias\/author\/admin\/#author"},"creator":{"@id":"https:\/\/www.eldigitaldeasturias.com\/noticias\/author\/admin\/#author"},"image":{"@type":"ImageObject","url":"https:\/\/www.eldigitaldeasturias.com\/noticias\/wp-content\/uploads\/2026\/06\/Contenidos.jpg","@id":"https:\/\/www.eldigitaldeasturias.com\/noticias\/lara-atribuye-el-crecimiento-de-iu-al-desgaste-del-bipartidismo-imperfecto\/#mainImage","width":1265,"height":697,"caption":"Contenidos"},"primaryImageOfPage":{"@id":"https:\/\/www.eldigitaldeasturias.com\/noticias\/lara-atribuye-el-crecimiento-de-iu-al-desgaste-del-bipartidismo-imperfecto\/#mainImage"},"datePublished":"2014-01-26T23:39:48+01:00","dateModified":"2014-01-26T23:39:48+01:00"},{"@type":"WebSite","@id":"https:\/\/www.eldigitaldeasturias.com\/noticias\/#website","url":"https:\/\/www.eldigitaldeasturias.com\/noticias\/","name":"El Digital de Asturias - Diario de actualidad y noticias","alternateName":"El Digital de Asturias - Diario de actualidad y noticias","description":"Hemeroteca","inLanguage":"es-ES","publisher":{"@id":"https:\/\/www.eldigitaldeasturias.com\/noticias\/#organization"}}]},"og:locale":"es_ES","og:site_name":"El Digital de Asturias","og:type":"article","og:title":"Lara atribuye el crecimiento de IU al desgaste del \u00abbipartidismo imperfecto\u00bb - El Digital de Asturias","og:description":"Las Palmas de Gran Canaria, 26 ene (EFE).- El coordinador general de Izquierda Unida (IU), Cayo Lara, ha dicho hoy que fuerzas alternativas como la que representa est\u00e1n creciendo ante el desgaste del &quot;bipartidismo imperfecto&quot; de Espa\u00f1a, como as\u00ed lo muestran las encuestas. Lara ha manifestado que el &quot;bipartidismo imperfecto en Espa\u00f1a&quot;, que ha mantenido","og:url":"https:\/\/www.eldigitaldeasturias.com\/noticias\/lara-atribuye-el-crecimiento-de-iu-al-desgaste-del-bipartidismo-imperfecto\/","og:image":"https:\/\/www.eldigitaldeasturias.com\/noticias\/wp-content\/uploads\/2026\/06\/Contenidos.jpg","og:image:secure_url":"https:\/\/www.eldigitaldeasturias.com\/noticias\/wp-content\/uploads\/2026\/06\/Contenidos.jpg","og:image:width":1265,"og:image:height":697,"article:tag":["actualidad"],"article:published_time":"2014-01-27T00:39:48+00:00","article:modified_time":"2014-01-27T00:39:48+00:00","article:publisher":"https:\/\/facebook.com\/eldigitaldeasturias","twitter:card":"summary_large_image","twitter:title":"Lara atribuye el crecimiento de IU al desgaste del \u00abbipartidismo imperfecto\u00bb - El Digital de Asturias","twitter:description":"Las Palmas de Gran Canaria, 26 ene (EFE).- El coordinador general de Izquierda Unida (IU), Cayo Lara, ha dicho hoy que fuerzas alternativas como la que representa est\u00e1n creciendo ante el desgaste del &quot;bipartidismo imperfecto&quot; de Espa\u00f1a, como as\u00ed lo muestran las encuestas. Lara ha manifestado que el &quot;bipartidismo imperfecto en Espa\u00f1a&quot;, que ha mantenido","twitter:image":"https:\/\/www.eldigitaldeasturias.com\/noticias\/wp-content\/uploads\/2026\/06\/Contenidos.jpg","twitter:label1":"Escrito por","twitter:data1":"El Digital de Asturias","twitter:label2":"Tiempo de lectura estimado","twitter:data2":"1 minuto"},"aioseo_meta_data":{"post_id":"479259","title":null,"description":null,"keywords":null,"keyphrases":null,"primary_term":null,"canonical_url":null,"og_title":null,"og_description":null,"og_object_type":"default","og_image_type":"default","og_image_url":null,"og_image_width":null,"og_image_height":null,"og_image_custom_url":null,"og_image_custom_fields":null,"og_video":null,"og_custom_url":null,"og_article_section":null,"og_article_tags":null,"twitter_use_og":true,"twitter_card":"default","twitter_image_type":"default","twitter_image_url":null,"twitter_image_custom_url":null,"twitter_image_custom_fields":null,"twitter_title":null,"twitter_description":null,"schema":{"blockGraphs":[],"customGraphs":[],"default":{"data":{"Article":[],"Course":[],"Dataset":[],"FAQPage":[],"Movie":[],"Person":[],"Product":[],"ProductReview":[],"Car":[],"Recipe":[],"Service":[],"SoftwareApplication":[],"WebPage":[]},"graphName":"","isEnabled":true},"graphs":[],"defaultGraph":"","defaultPostTypeGraph":""},"schema_type":null,"schema_type_options":null,"pillar_content":false,"robots_default":true,"robots_noindex":false,"robots_noarchive":false,"robots_nosnippet":false,"robots_nofollow":false,"robots_noimageindex":false,"robots_noodp":false,"robots_notranslate":false,"robots_max_snippet":null,"robots_max_videopreview":null,"robots_max_imagepreview":"none","priority":null,"frequency":null,"local_seo":null,"seo_analyzer_scan_date":"2026-06-01 23:58:45","breadcrumb_settings":null,"limit_modified_date":false,"open_ai":null,"ai":null,"created":"2020-11-14 22:54:02","updated":"2026-06-01 23:58:45","focus_keyword":null,"additional_keywords":null,"truseo_locale":null},"aioseo_breadcrumb":"<div class=\"aioseo-breadcrumbs\"><span class=\"aioseo-breadcrumb\">\n\t<a href=\"https:\/\/www.eldigitaldeasturias.com\/noticias\" title=\"Home\">Home<\/a>\n<\/span><span class=\"aioseo-breadcrumb-separator\">\u2013<\/span><span class=\"aioseo-breadcrumb\">\n\t<a href=\"https:\/\/www.eldigitaldeasturias.com\/noticias\/category\/actualidad\/\" title=\"Actualidad\">Actualidad<\/a>\n<\/span><span class=\"aioseo-breadcrumb-separator\">\u2013<\/span><span class=\"aioseo-breadcrumb\">\n\t<a href=\"https:\/\/www.eldigitaldeasturias.com\/noticias\/lara-atribuye-el-crecimiento-de-iu-al-desgaste-del-bipartidismo-imperfecto\/\" title=\"Lara atribuye el crecimiento de IU al desgaste del \u00abbipartidismo imperfecto\u00bb\">Lara atribuye el crecimiento de IU al desgaste del \u00abbipartidismo imperfecto\u00bb<\/a>\n<\/span><\/div>","aioseo_breadcrumb_json":[{"label":"Home","link":"https:\/\/www.eldigitaldeasturias.com\/noticias"},{"label":"Actualidad","link":"https:\/\/www.eldigitaldeasturias.com\/noticias\/category\/actualidad\/"},{"label":"Lara atribuye el crecimiento de IU al desgaste del \u00abbipartidismo imperfecto\u00bb","link":"https:\/\/www.eldigitaldeasturias.com\/noticias\/lara-atribuye-el-crecimiento-de-iu-al-desgaste-del-bipartidismo-imperfecto\/"}],"_links":{"self":[{"href":"https:\/\/www.eldigitaldeasturias.com\/noticias\/wp-json\/wp\/v2\/posts\/479259","targetHints":{"allow":["GET"]}}],"collection":[{"href":"https:\/\/www.eldigitaldeasturias.com\/noticias\/wp-json\/wp\/v2\/posts"}],"about":[{"href":"https:\/\/www.eldigitaldeasturias.com\/noticias\/wp-json\/wp\/v2\/types\/post"}],"author":[{"embeddable":true,"href":"https:\/\/www.eldigitaldeasturias.com\/noticias\/wp-json\/wp\/v2\/users\/1"}],"replies":[{"embeddable":true,"href":"https:\/\/www.eldigitaldeasturias.com\/noticias\/wp-json\/wp\/v2\/comments?post=479259"}],"version-history":[{"count":0,"href":"https:\/\/www.eldigitaldeasturias.com\/noticias\/wp-json\/wp\/v2\/posts\/479259\/revisions"}],"wp:featuredmedia":[{"embeddable":true,"href":"https:\/\/www.eldigitaldeasturias.com\/noticias\/wp-json\/wp\/v2\/media\/1132184"}],"wp:attachment":[{"href":"https:\/\/www.eldigitaldeasturias.com\/noticias\/wp-json\/wp\/v2\/media?parent=479259"}],"wp:term":[{"taxonomy":"category","embeddable":true,"href":"https:\/\/www.eldigitaldeasturias.com\/noticias\/wp-json\/wp\/v2\/categories?post=479259"},{"taxonomy":"post_tag","embeddable":true,"href":"https:\/\/www.eldigitaldeasturias.com\/noticias\/wp-json\/wp\/v2\/tags?post=479259"}],"curies":[{"name":"wp","href":"https:\/\/api.w.org\/{rel}","templated":true}]}}