{"id":479256,"date":"2014-01-26T23:37:41","date_gmt":"2014-01-27T00:37:41","guid":{"rendered":"http:\/\/www.eldigitaldeasturias.com\/noticias\/?p=479256"},"modified":"2014-01-26T23:37:41","modified_gmt":"2014-01-27T00:37:41","slug":"ministros-europeos-abordaran-el-fin-del-programa-espanol-y-la-union-bancaria","status":"publish","type":"post","link":"https:\/\/www.eldigitaldeasturias.com\/noticias\/ministros-europeos-abordaran-el-fin-del-programa-espanol-y-la-union-bancaria\/","title":{"rendered":"Ministros europeos abordar\u00e1n el fin del programa espa\u00f1ol y la uni\u00f3n bancaria"},"content":{"rendered":"<p><img loading=\"lazy\" decoding=\"async\" class=\"alignleft size-medium wp-image-479257\" alt=\"5877466w\" src=\"https:\/\/www.eldigitaldeasturias.com\/noticias\/wp-content\/uploads\/2014\/01\/5877466w-243x320.jpg\" width=\"243\" height=\"320\" \/>Bruselas, 26 ene (EFE).- Los ministros de Finanzas del euro respaldar\u00e1n el lunes los logros de Espa\u00f1a, pero pedir\u00e1n que mantenga las reformas y la vigilancia sobre la banca, y repasar\u00e1n a Veintiocho el martes en el Ecofin las complejas negociaciones sobre el mecanismo de quiebra de bancos.<\/p>\n<p>En su primera reuni\u00f3n tras el cierre del programa espa\u00f1ol en la medianoche del pasado d\u00eda 22, el Eurogrupo no espera lanzar un nuevo \u00abmensaje pol\u00edtico\u00bb a Espa\u00f1a, sino que mostrar\u00e1 un \u00abfuerte respaldo\u00bb a los logros obtenidos, seg\u00fan fuentes comunitarias.<\/p>\n<p>Los ministros de la zona euro revisar\u00e1n las conclusiones finales de la \u00faltima misi\u00f3n al pa\u00eds que llev\u00f3 a cabo en diciembre la Comisi\u00f3n Europea (CE) y el Banco Central Europeo (BCE), de la mano del Fondo Monetario Internacional (FMI), para revisar la marcha del programa y de las condiciones asociadas al mismo.<\/p>\n<p>En el informe preliminar de la visita, la tr\u00edada reconoc\u00eda que Espa\u00f1a hab\u00eda superado los \u00abgraves problemas\u00bb de su sector bancario, aunque advert\u00edan de la necesidad de seguir vigilando de cerca la solvencia de las entidades y completar las reformas.<\/p>\n<p>El Eurogrupo ya respald\u00f3 en diciembre la \u00absalida limpia\u00bb de Espa\u00f1a, sin m\u00e1s medidas de acompa\u00f1amiento, del programa de hasta 100.000 millones de euros concedidos por los socios europeos al pa\u00eds, de los que finalmente recurri\u00f3 a 41.300 millones.<\/p>\n<p>Los Dieciocho insistir\u00e1n en la necesidad de culminar la reestructuraci\u00f3n bancaria y de reducir los desequilibrios macroecon\u00f3micos que acumula la econom\u00eda del pa\u00eds.<\/p>\n<p>\u00abHace falta resolver cuestiones en los \u00e1mbitos fiscal, financiero y de pol\u00edticas estructurales\u00bb, dijeron recientemente fuentes del Eurogrupo.<\/p>\n<p>Durante el encuentro, en el que no se espera ning\u00fan punto controvertido, los ministros de la zona del euro tratar\u00e1n tambi\u00e9n la situaci\u00f3n de las negociaciones que Grecia mantiene a distancia con la troika (la CE, el BCE y el FMI).<\/p>\n<p>La falta de entendimiento entre ambas partes interrumpi\u00f3 de nuevo la revisi\u00f3n del segundo rescate al pa\u00eds, explicaron las citadas fuentes, que a\u00f1adieron que por el momento no hay una fecha fijada para la vuelta de la tr\u00edada a Atenas.<\/p>\n<p>Los ministros del euro tambi\u00e9n revisar\u00e1n la situaci\u00f3n del programa de Portugal, que se encuentra \u00aben el buen camino\u00bb, aunque no iniciar\u00e1n por el momento las conversaciones sobre los posibles escenarios que se abrir\u00e1n tras el fin del programa, dijeron las fuentes.<\/p>\n<p>Adem\u00e1s, el Eurogrupo dar\u00e1 la bienvenida al ministro de Finanzas let\u00f3n, que participa por primera vez en la reuni\u00f3n tras la entrada del pa\u00eds en la moneda \u00fanica el pasado 1 de enero, y escuchar\u00e1n las prioridades de los representantes de los nuevos Gobiernos de Austria y Alemania.<\/p>\n<p>Tras la reuni\u00f3n, el ministro espa\u00f1ol de Econom\u00eda, Luis de Guindos, y su homologo alem\u00e1n, Wolfgang Sch\u00e4uble, acudir\u00e1n a un evento organizado por el Partido Popular Europeo en la capital europea.<\/p>\n<p>Al d\u00eda siguiente, De Guindos y Sch\u00e4uble participar\u00e1n a primera hora de la ma\u00f1ana en la presentaci\u00f3n de un libro del Fondo Monetario Internacional dedicado al crecimiento y el empleo en Europa, que correr\u00e1 a cargo de la directora gerente del FMI, Christine Lagarde.<\/p>\n<p>Posteriormente, los responsables de Finanzas de toda la Uni\u00f3n Europea, el Ecofin, arrancar\u00e1n su encuentro con un desayuno en el que abordar\u00e1n el estado de las negociaciones para la creaci\u00f3n del mecanismo \u00fanico europeo de resoluci\u00f3n de bancos.<\/p>\n<p>Los Veintiocho alcanzaron a finales de diciembre un acuerdo para poner en pie un sistema en el que los propios Estados miembros mantienen un importante peso, una postura que choca con las aspiraciones del Parlamento Europeo y, en un principio, de la Comisi\u00f3n Europea, que se muestran a favor de un dise\u00f1o m\u00e1s europeo.<\/p>\n<p>\u00abExiste una gran distancia entre las posiciones del Parlamento Europeo y el Consejo -la instituci\u00f3n que representa a los pa\u00edses-, aunque el clima de negociaciones no es malo\u00bb, afirmaron fuentes diplom\u00e1ticas.<\/p>\n<p>\u00c9stas consideraron que queda mucho trabajo por hacer a\u00fan para lograr un consenso, aunque confiaron en que se llegue a un acuerdo antes de mediados de marzo que permita la aprobaci\u00f3n del dossier antes de las elecciones europeas de mayo.<\/p>\n<p>Tambi\u00e9n dentro de la construcci\u00f3n de la Uni\u00f3n Bancaria, el Ecofin discutir\u00e1 los preparativos para la puesta en marcha del supervisor bancario \u00fanico para la zona del euro, rol que asumir\u00e1 el Banco Central Europeo.<\/p>\n<p>Por la tarde, De Guindos intervendr\u00e1 en una sesi\u00f3n de la Comisi\u00f3n de Asuntos Econ\u00f3micos y Financieros del Parlamento Europeo.<\/p>\n","protected":false},"excerpt":{"rendered":"<p>Bruselas, 26 ene (EFE).- Los ministros de Finanzas del euro respaldar\u00e1n el lunes los logros de Espa\u00f1a, pero pedir\u00e1n que mantenga las reformas y la vigilancia sobre la banca, y repasar\u00e1n a Veintiocho el martes en el Ecofin las complejas negociaciones sobre el mecanismo de quiebra de bancos. En su primera reuni\u00f3n tras el cierre [&hellip;]<\/p>\n","protected":false},"author":1,"featured_media":1132184,"comment_status":"closed","ping_status":"open","sticky":false,"template":"","format":"standard","meta":{"footnotes":""},"categories":[1],"tags":[],"class_list":["post-479256","post","type-post","status-publish","format-standard","has-post-thumbnail","hentry","category-actualidad"],"aioseo_notices":[],"aioseo_head":"\n\t\t<!-- All in One SEO Pro 5.0.1 - aioseo.com -->\n\t<meta name=\"description\" content=\"Bruselas, 26 ene (EFE).- Los ministros de Finanzas del euro respaldar\u00e1n el lunes los logros de Espa\u00f1a, pero pedir\u00e1n que mantenga las reformas y la vigilancia sobre la banca, y repasar\u00e1n a Veintiocho el martes en el Ecofin las complejas negociaciones sobre el mecanismo de quiebra de bancos. En su primera reuni\u00f3n tras el cierre\" \/>\n\t<meta name=\"robots\" content=\"max-image-preview:large\" \/>\n\t<meta name=\"author\" content=\"El Digital de Asturias\"\/>\n\t<meta name=\"google-site-verification\" content=\"UA-38556648-1\" \/>\n\t<meta name=\"msvalidate.01\" content=\"7dfe9f3f1b24437ab69f4f2559babe99\" \/>\n\t<meta name=\"keywords\" content=\"actualidad\" \/>\n\t<link rel=\"canonical\" href=\"https:\/\/www.eldigitaldeasturias.com\/noticias\/ministros-europeos-abordaran-el-fin-del-programa-espanol-y-la-union-bancaria\/\" \/>\n\t<meta name=\"generator\" content=\"All in One SEO Pro (AIOSEO) 5.0.1\" \/>\n\t\t<meta property=\"og:locale\" content=\"es_ES\" \/>\n\t\t<meta property=\"og:site_name\" content=\"El Digital de Asturias\" \/>\n\t\t<meta property=\"og:type\" content=\"article\" \/>\n\t\t<meta property=\"og:title\" content=\"Ministros europeos abordar\u00e1n el fin del programa espa\u00f1ol y la uni\u00f3n bancaria - El Digital de Asturias\" \/>\n\t\t<meta property=\"og:description\" content=\"Bruselas, 26 ene (EFE).- Los ministros de Finanzas del euro respaldar\u00e1n el lunes los logros de Espa\u00f1a, pero pedir\u00e1n que mantenga las reformas y la vigilancia sobre la banca, y repasar\u00e1n a Veintiocho el martes en el Ecofin las complejas negociaciones sobre el mecanismo de quiebra de bancos. En su primera reuni\u00f3n tras el cierre\" \/>\n\t\t<meta property=\"og:url\" content=\"https:\/\/www.eldigitaldeasturias.com\/noticias\/ministros-europeos-abordaran-el-fin-del-programa-espanol-y-la-union-bancaria\/\" \/>\n\t\t<meta property=\"og:image\" content=\"https:\/\/www.eldigitaldeasturias.com\/noticias\/wp-content\/uploads\/2026\/06\/Contenidos.jpg\" \/>\n\t\t<meta property=\"og:image:secure_url\" content=\"https:\/\/www.eldigitaldeasturias.com\/noticias\/wp-content\/uploads\/2026\/06\/Contenidos.jpg\" \/>\n\t\t<meta property=\"og:image:width\" content=\"1265\" \/>\n\t\t<meta property=\"og:image:height\" content=\"697\" \/>\n\t\t<meta property=\"article:tag\" content=\"actualidad\" \/>\n\t\t<meta property=\"article:published_time\" content=\"2014-01-27T00:37:41+00:00\" \/>\n\t\t<meta property=\"article:modified_time\" content=\"2014-01-27T00:37:41+00:00\" \/>\n\t\t<meta property=\"article:publisher\" content=\"https:\/\/facebook.com\/eldigitaldeasturias\" \/>\n\t\t<meta name=\"twitter:card\" content=\"summary_large_image\" \/>\n\t\t<meta name=\"twitter:title\" content=\"Ministros europeos abordar\u00e1n el fin del programa espa\u00f1ol y la uni\u00f3n bancaria - El Digital de Asturias\" \/>\n\t\t<meta name=\"twitter:description\" content=\"Bruselas, 26 ene (EFE).- Los ministros de Finanzas del euro respaldar\u00e1n el lunes los logros de Espa\u00f1a, pero pedir\u00e1n que mantenga las reformas y la vigilancia sobre la banca, y repasar\u00e1n a Veintiocho el martes en el Ecofin las complejas negociaciones sobre el mecanismo de quiebra de bancos. En su primera reuni\u00f3n tras el cierre\" \/>\n\t\t<meta name=\"twitter:image\" content=\"https:\/\/www.eldigitaldeasturias.com\/noticias\/wp-content\/uploads\/2026\/06\/Contenidos.jpg\" \/>\n\t\t<meta name=\"twitter:label1\" content=\"Escrito por\" \/>\n\t\t<meta name=\"twitter:data1\" content=\"El Digital de Asturias\" \/>\n\t\t<meta name=\"twitter:label2\" content=\"Tiempo de lectura estimado\" \/>\n\t\t<meta name=\"twitter:data2\" content=\"4 minutos\" \/>\n\t\t<script type=\"application\/ld+json\" class=\"aioseo-schema\">\n\t\t\t{\"@context\":\"https:\\\/\\\/schema.org\",\"@graph\":[{\"@type\":\"BlogPosting\",\"@id\":\"https:\\\/\\\/www.eldigitaldeasturias.com\\\/noticias\\\/ministros-europeos-abordaran-el-fin-del-programa-espanol-y-la-union-bancaria\\\/#blogposting\",\"name\":\"Ministros europeos abordar\\u00e1n el fin del programa espa\\u00f1ol y la uni\\u00f3n bancaria - El Digital de Asturias\",\"headline\":\"Ministros europeos abordar\\u00e1n el fin del programa espa\\u00f1ol y la uni\\u00f3n bancaria\",\"author\":{\"@id\":\"https:\\\/\\\/www.eldigitaldeasturias.com\\\/noticias\\\/author\\\/admin\\\/#author\"},\"publisher\":{\"@id\":\"https:\\\/\\\/www.eldigitaldeasturias.com\\\/noticias\\\/#organization\"},\"image\":{\"@type\":\"ImageObject\",\"url\":\"https:\\\/\\\/www.eldigitaldeasturias.com\\\/noticias\\\/wp-content\\\/uploads\\\/2026\\\/06\\\/Contenidos.jpg\",\"width\":1265,\"height\":697,\"caption\":\"Contenidos\"},\"datePublished\":\"2014-01-26T23:37:41+01:00\",\"dateModified\":\"2014-01-26T23:37:41+01:00\",\"inLanguage\":\"es-ES\",\"mainEntityOfPage\":{\"@id\":\"https:\\\/\\\/www.eldigitaldeasturias.com\\\/noticias\\\/ministros-europeos-abordaran-el-fin-del-programa-espanol-y-la-union-bancaria\\\/#webpage\"},\"isPartOf\":{\"@id\":\"https:\\\/\\\/www.eldigitaldeasturias.com\\\/noticias\\\/ministros-europeos-abordaran-el-fin-del-programa-espanol-y-la-union-bancaria\\\/#webpage\"},\"articleSection\":\"Actualidad\"},{\"@type\":\"BreadcrumbList\",\"@id\":\"https:\\\/\\\/www.eldigitaldeasturias.com\\\/noticias\\\/ministros-europeos-abordaran-el-fin-del-programa-espanol-y-la-union-bancaria\\\/#breadcrumblist\",\"itemListElement\":[{\"@type\":\"ListItem\",\"@id\":\"https:\\\/\\\/www.eldigitaldeasturias.com\\\/noticias#listItem\",\"position\":1,\"name\":\"Home\",\"item\":\"https:\\\/\\\/www.eldigitaldeasturias.com\\\/noticias\",\"nextItem\":{\"@type\":\"ListItem\",\"@id\":\"https:\\\/\\\/www.eldigitaldeasturias.com\\\/noticias\\\/category\\\/actualidad\\\/#listItem\",\"name\":\"Actualidad\"}},{\"@type\":\"ListItem\",\"@id\":\"https:\\\/\\\/www.eldigitaldeasturias.com\\\/noticias\\\/category\\\/actualidad\\\/#listItem\",\"position\":2,\"name\":\"Actualidad\",\"item\":\"https:\\\/\\\/www.eldigitaldeasturias.com\\\/noticias\\\/category\\\/actualidad\\\/\",\"nextItem\":{\"@type\":\"ListItem\",\"@id\":\"https:\\\/\\\/www.eldigitaldeasturias.com\\\/noticias\\\/ministros-europeos-abordaran-el-fin-del-programa-espanol-y-la-union-bancaria\\\/#listItem\",\"name\":\"Ministros europeos abordar\\u00e1n el fin del programa espa\\u00f1ol y la uni\\u00f3n bancaria\"},\"previousItem\":{\"@type\":\"ListItem\",\"@id\":\"https:\\\/\\\/www.eldigitaldeasturias.com\\\/noticias#listItem\",\"name\":\"Home\"}},{\"@type\":\"ListItem\",\"@id\":\"https:\\\/\\\/www.eldigitaldeasturias.com\\\/noticias\\\/ministros-europeos-abordaran-el-fin-del-programa-espanol-y-la-union-bancaria\\\/#listItem\",\"position\":3,\"name\":\"Ministros europeos abordar\\u00e1n el fin del programa espa\\u00f1ol y la uni\\u00f3n bancaria\",\"previousItem\":{\"@type\":\"ListItem\",\"@id\":\"https:\\\/\\\/www.eldigitaldeasturias.com\\\/noticias\\\/category\\\/actualidad\\\/#listItem\",\"name\":\"Actualidad\"}}]},{\"@type\":\"Organization\",\"@id\":\"https:\\\/\\\/www.eldigitaldeasturias.com\\\/noticias\\\/#organization\",\"name\":\"El Digital de Asturias\",\"description\":\"Hemeroteca\",\"url\":\"https:\\\/\\\/www.eldigitaldeasturias.com\\\/noticias\\\/\",\"email\":\"info@eldigitaldeasturias.com\",\"telephone\":\"+34652131393\",\"logo\":{\"@type\":\"ImageObject\",\"url\":\"https:\\\/\\\/www.eldigitaldeasturias.com\\\/noticias\\\/wp-content\\\/uploads\\\/2020\\\/12\\\/EDA.jpg\",\"@id\":\"https:\\\/\\\/www.eldigitaldeasturias.com\\\/noticias\\\/ministros-europeos-abordaran-el-fin-del-programa-espanol-y-la-union-bancaria\\\/#organizationLogo\"},\"image\":{\"@id\":\"https:\\\/\\\/www.eldigitaldeasturias.com\\\/noticias\\\/ministros-europeos-abordaran-el-fin-del-programa-espanol-y-la-union-bancaria\\\/#organizationLogo\"},\"sameAs\":[\"https:\\\/\\\/facebook.com\\\/eldigitaldeasturias\",\"https:\\\/\\\/www.youtube.com\\\/channel\\\/UCZP-2wLEB9Rv6erhFmqVnvg\"],\"address\":{\"@id\":\"https:\\\/\\\/www.eldigitaldeasturias.com\\\/noticias\\\/#postaladdress\",\"@type\":\"PostalAddress\",\"streetAddress\":\"san antonio 4\",\"postalCode\":\"33430\",\"addressLocality\":\"Cand\\u00e1s\",\"addressRegion\":\"Asturias\",\"addressCountry\":\"ES\"}},{\"@type\":\"Person\",\"@id\":\"https:\\\/\\\/www.eldigitaldeasturias.com\\\/noticias\\\/author\\\/admin\\\/#author\",\"url\":\"https:\\\/\\\/www.eldigitaldeasturias.com\\\/noticias\\\/author\\\/admin\\\/\",\"name\":\"El Digital de Asturias\",\"image\":{\"@type\":\"ImageObject\",\"@id\":\"https:\\\/\\\/www.eldigitaldeasturias.com\\\/noticias\\\/ministros-europeos-abordaran-el-fin-del-programa-espanol-y-la-union-bancaria\\\/#authorImage\",\"url\":\"https:\\\/\\\/secure.gravatar.com\\\/avatar\\\/df2aeffc32bcd13f8d26072ef8a91b623d677766deac7f97ca815868cd41bf5e?s=96&d=mm&r=g\",\"width\":96,\"height\":96,\"caption\":\"El Digital de Asturias\"}},{\"@type\":\"WebPage\",\"@id\":\"https:\\\/\\\/www.eldigitaldeasturias.com\\\/noticias\\\/ministros-europeos-abordaran-el-fin-del-programa-espanol-y-la-union-bancaria\\\/#webpage\",\"url\":\"https:\\\/\\\/www.eldigitaldeasturias.com\\\/noticias\\\/ministros-europeos-abordaran-el-fin-del-programa-espanol-y-la-union-bancaria\\\/\",\"name\":\"Ministros europeos abordar\\u00e1n el fin del programa espa\\u00f1ol y la uni\\u00f3n bancaria - El Digital de Asturias\",\"description\":\"Bruselas, 26 ene (EFE).- Los ministros de Finanzas del euro respaldar\\u00e1n el lunes los logros de Espa\\u00f1a, pero pedir\\u00e1n que mantenga las reformas y la vigilancia sobre la banca, y repasar\\u00e1n a Veintiocho el martes en el Ecofin las complejas negociaciones sobre el mecanismo de quiebra de bancos. En su primera reuni\\u00f3n tras el cierre\",\"inLanguage\":\"es-ES\",\"isPartOf\":{\"@id\":\"https:\\\/\\\/www.eldigitaldeasturias.com\\\/noticias\\\/#website\"},\"breadcrumb\":{\"@id\":\"https:\\\/\\\/www.eldigitaldeasturias.com\\\/noticias\\\/ministros-europeos-abordaran-el-fin-del-programa-espanol-y-la-union-bancaria\\\/#breadcrumblist\"},\"author\":{\"@id\":\"https:\\\/\\\/www.eldigitaldeasturias.com\\\/noticias\\\/author\\\/admin\\\/#author\"},\"creator\":{\"@id\":\"https:\\\/\\\/www.eldigitaldeasturias.com\\\/noticias\\\/author\\\/admin\\\/#author\"},\"image\":{\"@type\":\"ImageObject\",\"url\":\"https:\\\/\\\/www.eldigitaldeasturias.com\\\/noticias\\\/wp-content\\\/uploads\\\/2026\\\/06\\\/Contenidos.jpg\",\"@id\":\"https:\\\/\\\/www.eldigitaldeasturias.com\\\/noticias\\\/ministros-europeos-abordaran-el-fin-del-programa-espanol-y-la-union-bancaria\\\/#mainImage\",\"width\":1265,\"height\":697,\"caption\":\"Contenidos\"},\"primaryImageOfPage\":{\"@id\":\"https:\\\/\\\/www.eldigitaldeasturias.com\\\/noticias\\\/ministros-europeos-abordaran-el-fin-del-programa-espanol-y-la-union-bancaria\\\/#mainImage\"},\"datePublished\":\"2014-01-26T23:37:41+01:00\",\"dateModified\":\"2014-01-26T23:37:41+01:00\"},{\"@type\":\"WebSite\",\"@id\":\"https:\\\/\\\/www.eldigitaldeasturias.com\\\/noticias\\\/#website\",\"url\":\"https:\\\/\\\/www.eldigitaldeasturias.com\\\/noticias\\\/\",\"name\":\"El Digital de Asturias - Diario de actualidad y noticias\",\"alternateName\":\"El Digital de Asturias - Diario de actualidad y noticias\",\"description\":\"Hemeroteca\",\"inLanguage\":\"es-ES\",\"publisher\":{\"@id\":\"https:\\\/\\\/www.eldigitaldeasturias.com\\\/noticias\\\/#organization\"}}]}\n\t\t<\/script>\n\t\t<!-- All in One SEO Pro -->\r\n\t\t<title>Ministros europeos abordar\u00e1n el fin del programa espa\u00f1ol y la uni\u00f3n bancaria - El Digital de Asturias<\/title>\n\n","aioseo_head_json":{"title":"Ministros europeos abordar\u00e1n el fin del programa espa\u00f1ol y la uni\u00f3n bancaria - El Digital de Asturias","description":"Bruselas, 26 ene (EFE).- Los ministros de Finanzas del euro respaldar\u00e1n el lunes los logros de Espa\u00f1a, pero pedir\u00e1n que mantenga las reformas y la vigilancia sobre la banca, y repasar\u00e1n a Veintiocho el martes en el Ecofin las complejas negociaciones sobre el mecanismo de quiebra de bancos. En su primera reuni\u00f3n tras el cierre","canonical_url":"https:\/\/www.eldigitaldeasturias.com\/noticias\/ministros-europeos-abordaran-el-fin-del-programa-espanol-y-la-union-bancaria\/","robots":"max-image-preview:large","keywords":"actualidad","webmasterTools":{"google-site-verification":"UA-38556648-1","msvalidate.01":"7dfe9f3f1b24437ab69f4f2559babe99","miscellaneous":""},"schema":{"@context":"https:\/\/schema.org","@graph":[{"@type":"BlogPosting","@id":"https:\/\/www.eldigitaldeasturias.com\/noticias\/ministros-europeos-abordaran-el-fin-del-programa-espanol-y-la-union-bancaria\/#blogposting","name":"Ministros europeos abordar\u00e1n el fin del programa espa\u00f1ol y la uni\u00f3n bancaria - El Digital de Asturias","headline":"Ministros europeos abordar\u00e1n el fin del programa espa\u00f1ol y la uni\u00f3n bancaria","author":{"@id":"https:\/\/www.eldigitaldeasturias.com\/noticias\/author\/admin\/#author"},"publisher":{"@id":"https:\/\/www.eldigitaldeasturias.com\/noticias\/#organization"},"image":{"@type":"ImageObject","url":"https:\/\/www.eldigitaldeasturias.com\/noticias\/wp-content\/uploads\/2026\/06\/Contenidos.jpg","width":1265,"height":697,"caption":"Contenidos"},"datePublished":"2014-01-26T23:37:41+01:00","dateModified":"2014-01-26T23:37:41+01:00","inLanguage":"es-ES","mainEntityOfPage":{"@id":"https:\/\/www.eldigitaldeasturias.com\/noticias\/ministros-europeos-abordaran-el-fin-del-programa-espanol-y-la-union-bancaria\/#webpage"},"isPartOf":{"@id":"https:\/\/www.eldigitaldeasturias.com\/noticias\/ministros-europeos-abordaran-el-fin-del-programa-espanol-y-la-union-bancaria\/#webpage"},"articleSection":"Actualidad"},{"@type":"BreadcrumbList","@id":"https:\/\/www.eldigitaldeasturias.com\/noticias\/ministros-europeos-abordaran-el-fin-del-programa-espanol-y-la-union-bancaria\/#breadcrumblist","itemListElement":[{"@type":"ListItem","@id":"https:\/\/www.eldigitaldeasturias.com\/noticias#listItem","position":1,"name":"Home","item":"https:\/\/www.eldigitaldeasturias.com\/noticias","nextItem":{"@type":"ListItem","@id":"https:\/\/www.eldigitaldeasturias.com\/noticias\/category\/actualidad\/#listItem","name":"Actualidad"}},{"@type":"ListItem","@id":"https:\/\/www.eldigitaldeasturias.com\/noticias\/category\/actualidad\/#listItem","position":2,"name":"Actualidad","item":"https:\/\/www.eldigitaldeasturias.com\/noticias\/category\/actualidad\/","nextItem":{"@type":"ListItem","@id":"https:\/\/www.eldigitaldeasturias.com\/noticias\/ministros-europeos-abordaran-el-fin-del-programa-espanol-y-la-union-bancaria\/#listItem","name":"Ministros europeos abordar\u00e1n el fin del programa espa\u00f1ol y la uni\u00f3n bancaria"},"previousItem":{"@type":"ListItem","@id":"https:\/\/www.eldigitaldeasturias.com\/noticias#listItem","name":"Home"}},{"@type":"ListItem","@id":"https:\/\/www.eldigitaldeasturias.com\/noticias\/ministros-europeos-abordaran-el-fin-del-programa-espanol-y-la-union-bancaria\/#listItem","position":3,"name":"Ministros europeos abordar\u00e1n el fin del programa espa\u00f1ol y la uni\u00f3n bancaria","previousItem":{"@type":"ListItem","@id":"https:\/\/www.eldigitaldeasturias.com\/noticias\/category\/actualidad\/#listItem","name":"Actualidad"}}]},{"@type":"Organization","@id":"https:\/\/www.eldigitaldeasturias.com\/noticias\/#organization","name":"El Digital de Asturias","description":"Hemeroteca","url":"https:\/\/www.eldigitaldeasturias.com\/noticias\/","email":"info@eldigitaldeasturias.com","telephone":"+34652131393","logo":{"@type":"ImageObject","url":"https:\/\/www.eldigitaldeasturias.com\/noticias\/wp-content\/uploads\/2020\/12\/EDA.jpg","@id":"https:\/\/www.eldigitaldeasturias.com\/noticias\/ministros-europeos-abordaran-el-fin-del-programa-espanol-y-la-union-bancaria\/#organizationLogo"},"image":{"@id":"https:\/\/www.eldigitaldeasturias.com\/noticias\/ministros-europeos-abordaran-el-fin-del-programa-espanol-y-la-union-bancaria\/#organizationLogo"},"sameAs":["https:\/\/facebook.com\/eldigitaldeasturias","https:\/\/www.youtube.com\/channel\/UCZP-2wLEB9Rv6erhFmqVnvg"],"address":{"@id":"https:\/\/www.eldigitaldeasturias.com\/noticias\/#postaladdress","@type":"PostalAddress","streetAddress":"san antonio 4","postalCode":"33430","addressLocality":"Cand\u00e1s","addressRegion":"Asturias","addressCountry":"ES"}},{"@type":"Person","@id":"https:\/\/www.eldigitaldeasturias.com\/noticias\/author\/admin\/#author","url":"https:\/\/www.eldigitaldeasturias.com\/noticias\/author\/admin\/","name":"El Digital de Asturias","image":{"@type":"ImageObject","@id":"https:\/\/www.eldigitaldeasturias.com\/noticias\/ministros-europeos-abordaran-el-fin-del-programa-espanol-y-la-union-bancaria\/#authorImage","url":"https:\/\/secure.gravatar.com\/avatar\/df2aeffc32bcd13f8d26072ef8a91b623d677766deac7f97ca815868cd41bf5e?s=96&d=mm&r=g","width":96,"height":96,"caption":"El Digital de Asturias"}},{"@type":"WebPage","@id":"https:\/\/www.eldigitaldeasturias.com\/noticias\/ministros-europeos-abordaran-el-fin-del-programa-espanol-y-la-union-bancaria\/#webpage","url":"https:\/\/www.eldigitaldeasturias.com\/noticias\/ministros-europeos-abordaran-el-fin-del-programa-espanol-y-la-union-bancaria\/","name":"Ministros europeos abordar\u00e1n el fin del programa espa\u00f1ol y la uni\u00f3n bancaria - El Digital de Asturias","description":"Bruselas, 26 ene (EFE).- Los ministros de Finanzas del euro respaldar\u00e1n el lunes los logros de Espa\u00f1a, pero pedir\u00e1n que mantenga las reformas y la vigilancia sobre la banca, y repasar\u00e1n a Veintiocho el martes en el Ecofin las complejas negociaciones sobre el mecanismo de quiebra de bancos. En su primera reuni\u00f3n tras el cierre","inLanguage":"es-ES","isPartOf":{"@id":"https:\/\/www.eldigitaldeasturias.com\/noticias\/#website"},"breadcrumb":{"@id":"https:\/\/www.eldigitaldeasturias.com\/noticias\/ministros-europeos-abordaran-el-fin-del-programa-espanol-y-la-union-bancaria\/#breadcrumblist"},"author":{"@id":"https:\/\/www.eldigitaldeasturias.com\/noticias\/author\/admin\/#author"},"creator":{"@id":"https:\/\/www.eldigitaldeasturias.com\/noticias\/author\/admin\/#author"},"image":{"@type":"ImageObject","url":"https:\/\/www.eldigitaldeasturias.com\/noticias\/wp-content\/uploads\/2026\/06\/Contenidos.jpg","@id":"https:\/\/www.eldigitaldeasturias.com\/noticias\/ministros-europeos-abordaran-el-fin-del-programa-espanol-y-la-union-bancaria\/#mainImage","width":1265,"height":697,"caption":"Contenidos"},"primaryImageOfPage":{"@id":"https:\/\/www.eldigitaldeasturias.com\/noticias\/ministros-europeos-abordaran-el-fin-del-programa-espanol-y-la-union-bancaria\/#mainImage"},"datePublished":"2014-01-26T23:37:41+01:00","dateModified":"2014-01-26T23:37:41+01:00"},{"@type":"WebSite","@id":"https:\/\/www.eldigitaldeasturias.com\/noticias\/#website","url":"https:\/\/www.eldigitaldeasturias.com\/noticias\/","name":"El Digital de Asturias - Diario de actualidad y noticias","alternateName":"El Digital de Asturias - Diario de actualidad y noticias","description":"Hemeroteca","inLanguage":"es-ES","publisher":{"@id":"https:\/\/www.eldigitaldeasturias.com\/noticias\/#organization"}}]},"og:locale":"es_ES","og:site_name":"El Digital de Asturias","og:type":"article","og:title":"Ministros europeos abordar\u00e1n el fin del programa espa\u00f1ol y la uni\u00f3n bancaria - El Digital de Asturias","og:description":"Bruselas, 26 ene (EFE).- Los ministros de Finanzas del euro respaldar\u00e1n el lunes los logros de Espa\u00f1a, pero pedir\u00e1n que mantenga las reformas y la vigilancia sobre la banca, y repasar\u00e1n a Veintiocho el martes en el Ecofin las complejas negociaciones sobre el mecanismo de quiebra de bancos. En su primera reuni\u00f3n tras el cierre","og:url":"https:\/\/www.eldigitaldeasturias.com\/noticias\/ministros-europeos-abordaran-el-fin-del-programa-espanol-y-la-union-bancaria\/","og:image":"https:\/\/www.eldigitaldeasturias.com\/noticias\/wp-content\/uploads\/2026\/06\/Contenidos.jpg","og:image:secure_url":"https:\/\/www.eldigitaldeasturias.com\/noticias\/wp-content\/uploads\/2026\/06\/Contenidos.jpg","og:image:width":1265,"og:image:height":697,"article:tag":["actualidad"],"article:published_time":"2014-01-27T00:37:41+00:00","article:modified_time":"2014-01-27T00:37:41+00:00","article:publisher":"https:\/\/facebook.com\/eldigitaldeasturias","twitter:card":"summary_large_image","twitter:title":"Ministros europeos abordar\u00e1n el fin del programa espa\u00f1ol y la uni\u00f3n bancaria - El Digital de Asturias","twitter:description":"Bruselas, 26 ene (EFE).- Los ministros de Finanzas del euro respaldar\u00e1n el lunes los logros de Espa\u00f1a, pero pedir\u00e1n que mantenga las reformas y la vigilancia sobre la banca, y repasar\u00e1n a Veintiocho el martes en el Ecofin las complejas negociaciones sobre el mecanismo de quiebra de bancos. En su primera reuni\u00f3n tras el cierre","twitter:image":"https:\/\/www.eldigitaldeasturias.com\/noticias\/wp-content\/uploads\/2026\/06\/Contenidos.jpg","twitter:label1":"Escrito por","twitter:data1":"El Digital de Asturias","twitter:label2":"Tiempo de lectura estimado","twitter:data2":"4 minutos"},"aioseo_meta_data":{"post_id":"479256","title":null,"description":null,"keywords":null,"keyphrases":null,"primary_term":null,"canonical_url":null,"og_title":null,"og_description":null,"og_object_type":"default","og_image_type":"default","og_image_url":null,"og_image_width":null,"og_image_height":null,"og_image_custom_url":null,"og_image_custom_fields":null,"og_video":null,"og_custom_url":null,"og_article_section":null,"og_article_tags":null,"twitter_use_og":true,"twitter_card":"default","twitter_image_type":"default","twitter_image_url":null,"twitter_image_custom_url":null,"twitter_image_custom_fields":null,"twitter_title":null,"twitter_description":null,"schema":{"blockGraphs":[],"customGraphs":[],"default":{"data":{"Article":[],"Course":[],"Dataset":[],"FAQPage":[],"Movie":[],"Person":[],"Product":[],"ProductReview":[],"Car":[],"Recipe":[],"Service":[],"SoftwareApplication":[],"WebPage":[]},"graphName":"","isEnabled":true},"graphs":[],"defaultGraph":"","defaultPostTypeGraph":""},"schema_type":null,"schema_type_options":null,"pillar_content":false,"robots_default":true,"robots_noindex":false,"robots_noarchive":false,"robots_nosnippet":false,"robots_nofollow":false,"robots_noimageindex":false,"robots_noodp":false,"robots_notranslate":false,"robots_max_snippet":null,"robots_max_videopreview":null,"robots_max_imagepreview":"none","priority":null,"frequency":null,"local_seo":null,"seo_analyzer_scan_date":"2026-06-01 23:58:45","breadcrumb_settings":null,"limit_modified_date":false,"open_ai":null,"ai":null,"created":"2020-11-14 22:54:02","updated":"2026-06-01 23:58:45","focus_keyword":null,"additional_keywords":null,"truseo_locale":null},"aioseo_breadcrumb":"<div class=\"aioseo-breadcrumbs\"><span class=\"aioseo-breadcrumb\">\n\t<a href=\"https:\/\/www.eldigitaldeasturias.com\/noticias\" title=\"Home\">Home<\/a>\n<\/span><span class=\"aioseo-breadcrumb-separator\">\u2013<\/span><span class=\"aioseo-breadcrumb\">\n\t<a href=\"https:\/\/www.eldigitaldeasturias.com\/noticias\/category\/actualidad\/\" title=\"Actualidad\">Actualidad<\/a>\n<\/span><span class=\"aioseo-breadcrumb-separator\">\u2013<\/span><span class=\"aioseo-breadcrumb\">\n\t<a href=\"https:\/\/www.eldigitaldeasturias.com\/noticias\/ministros-europeos-abordaran-el-fin-del-programa-espanol-y-la-union-bancaria\/\" title=\"Ministros europeos abordar\u00e1n el fin del programa espa\u00f1ol y la uni\u00f3n bancaria\">Ministros europeos abordar\u00e1n el fin del programa espa\u00f1ol y la uni\u00f3n bancaria<\/a>\n<\/span><\/div>","aioseo_breadcrumb_json":[{"label":"Home","link":"https:\/\/www.eldigitaldeasturias.com\/noticias"},{"label":"Actualidad","link":"https:\/\/www.eldigitaldeasturias.com\/noticias\/category\/actualidad\/"},{"label":"Ministros europeos abordar\u00e1n el fin del programa espa\u00f1ol y la uni\u00f3n bancaria","link":"https:\/\/www.eldigitaldeasturias.com\/noticias\/ministros-europeos-abordaran-el-fin-del-programa-espanol-y-la-union-bancaria\/"}],"_links":{"self":[{"href":"https:\/\/www.eldigitaldeasturias.com\/noticias\/wp-json\/wp\/v2\/posts\/479256","targetHints":{"allow":["GET"]}}],"collection":[{"href":"https:\/\/www.eldigitaldeasturias.com\/noticias\/wp-json\/wp\/v2\/posts"}],"about":[{"href":"https:\/\/www.eldigitaldeasturias.com\/noticias\/wp-json\/wp\/v2\/types\/post"}],"author":[{"embeddable":true,"href":"https:\/\/www.eldigitaldeasturias.com\/noticias\/wp-json\/wp\/v2\/users\/1"}],"replies":[{"embeddable":true,"href":"https:\/\/www.eldigitaldeasturias.com\/noticias\/wp-json\/wp\/v2\/comments?post=479256"}],"version-history":[{"count":0,"href":"https:\/\/www.eldigitaldeasturias.com\/noticias\/wp-json\/wp\/v2\/posts\/479256\/revisions"}],"wp:featuredmedia":[{"embeddable":true,"href":"https:\/\/www.eldigitaldeasturias.com\/noticias\/wp-json\/wp\/v2\/media\/1132184"}],"wp:attachment":[{"href":"https:\/\/www.eldigitaldeasturias.com\/noticias\/wp-json\/wp\/v2\/media?parent=479256"}],"wp:term":[{"taxonomy":"category","embeddable":true,"href":"https:\/\/www.eldigitaldeasturias.com\/noticias\/wp-json\/wp\/v2\/categories?post=479256"},{"taxonomy":"post_tag","embeddable":true,"href":"https:\/\/www.eldigitaldeasturias.com\/noticias\/wp-json\/wp\/v2\/tags?post=479256"}],"curies":[{"name":"wp","href":"https:\/\/api.w.org\/{rel}","templated":true}]}}