{"id":479253,"date":"2014-01-26T23:36:10","date_gmt":"2014-01-27T00:36:10","guid":{"rendered":"http:\/\/www.eldigitaldeasturias.com\/noticias\/?p=479253"},"modified":"2014-01-26T23:36:10","modified_gmt":"2014-01-27T00:36:10","slug":"la-expresidenta-de-la-cne-partidaria-de-quitar-del-recibo-luz-los-costes-ajenos","status":"publish","type":"post","link":"https:\/\/www.eldigitaldeasturias.com\/noticias\/la-expresidenta-de-la-cne-partidaria-de-quitar-del-recibo-luz-los-costes-ajenos\/","title":{"rendered":"La expresidenta de la CNE partidaria de quitar del recibo luz los costes ajenos"},"content":{"rendered":"<p><img loading=\"lazy\" decoding=\"async\" class=\"alignleft size-medium wp-image-479254\" alt=\"5877463w\" src=\"https:\/\/www.eldigitaldeasturias.com\/noticias\/wp-content\/uploads\/2014\/01\/5877463w-253x320.jpg\" width=\"253\" height=\"320\" \/>Barcelona, 26 ene (EFE).- La expresidenta de la Comisi\u00f3n Nacional de la Energ\u00eda (CNE) Maite Costa considera que para afrontar el problema del d\u00e9ficit de tarifa el\u00e9ctrica se deber\u00edan quitar del recibo de la luz costes no estrictamente relacionados con el suministro de energ\u00eda.<\/p>\n<p>En una entrevista concedida a Efe, Costa, que presidi\u00f3 este ente regulador entre 2005 y 2011, cree que los \u00fanicos costes que deber\u00edan incluirse en el recibo, adem\u00e1s del consumo de energ\u00eda, son los \u00abdirectamente vinculados\u00bb con el suministro, como puedan ser la distribuci\u00f3n o el transporte, que garantizan que la electricidad llegue a un hogar una vez generada.<\/p>\n<p>En cuanto al resto de conceptos deber\u00eda \u00ablimpiarse un poco la tarifa de partidas que responden m\u00e1s a objetivos de pol\u00edtica energ\u00e9tica que en realidad al coste del consumo de energ\u00eda que realiza el consumidor\u00bb.<\/p>\n<p>De esta forma, se ha referido a costes como los llamados extrapeninsulares, esto es, lo que cuesta llevar la luz a las islas Canarias, Baleares y a Ceuta y Melilla, que en su opini\u00f3n deber\u00edan trasladarse a los Presupuestos Generales del Estado.<\/p>\n<p>Seg\u00fan Costa, \u00abcuanto m\u00e1s nos alejemos de lo que ser\u00eda la formaci\u00f3n de precios por parte del mercado m\u00e1s riesgo corremos de equivocarnos\u00bb.<\/p>\n<p>Las primas a las tecnolog\u00edas acogidas al r\u00e9gimen especial o bien las subvenciones al carb\u00f3n nacional son otros conceptos incluidos en el recibo de la luz que han estado en el centro del debate.<\/p>\n<p>En cualquier caso, ha admitido que la soluci\u00f3n a un problema de tales dimensiones como el del d\u00e9ficit de tarifa el\u00e9ctrica es \u00absiempre inc\u00f3moda\u00bb, porque supone \u00abapretar\u00bb m\u00e1s los presupuestos del Estado o bien cargarlo sobre consumidores u operadores el\u00e9ctricos.<\/p>\n<p>Costa ha opinado que el desfase entre ingresos y costes del sistema ha ido crecido paulatinamente con los a\u00f1os hasta adquirir unos \u00abvol\u00famenes importantes\u00bb que suponen un desequilibrio en torno a unos 30.000 millones de euros.<\/p>\n<p>Preguntada por si ve riesgo de d\u00e9ficit de tarifa en el gas, ha comentado: \u00abSer\u00eda de desear que no se redujeran los ingresos del sistema porque si se toman decisiones en ese sentido comenzaremos a cambiar un poco el buen servicio que siempre hab\u00eda habido en este sector\u00bb.<\/p>\n<p>En cuanto a la subasta el\u00e9ctrica, cuyo funcionamiento se puso en cuesti\u00f3n el pasado diciembre, ha opinado que deber\u00edan hacerse \u00abmejoras t\u00e9cnicas\u00bb para que los precios se fijen de una forma \u00abm\u00e1s sint\u00e9tica\u00bb y se evite \u00abuna prima de riesgo impl\u00edcita en el precio\u00bb.<\/p>\n<p>Costa ha hecho tambi\u00e9n un llamamiento al \u00abentendimiento\u00bb a las el\u00e9ctricas tradicionales, englobadas en la patronal Unesa, y al sector de las renovables.<\/p>\n<p>\u00abA m\u00ed me parece que es absolutamente imprescindible buscar un inter\u00e9s com\u00fan, una soluci\u00f3n compartida entre quienes han apostado por hacer inversiones en el sector energ\u00e9tico\u00bb, ha a\u00f1adido.<\/p>\n<p>Costa, que dirige la c\u00e1tedra de sostenibilidad energ\u00e9tica de la Universitat de Barcelona, participar\u00e1 ma\u00f1ana en el Simposio Empresarial Internacional sobre Innovaci\u00f3n y Sostenibilidad Energ\u00e9tica, organizado por la Fundaci\u00f3n para la Sostenibilidad Energ\u00e9tica y Ambiental (Funseam).<\/p>\n<p>Costa conf\u00eda en que este encuentro, que reunir\u00e1 a unas 300 personas, sirva para superar el distanciamiento entre la universidad y la industria.<\/p>\n<p>El presidente de Enag\u00e1s, Antonio Llard\u00e9n, el consejero delegado de Gas Natural, Rafael Villaseca, o bien el presidente de Repsol, Antoni Brufau, son algunos de los directivos del sector que participar\u00e1n ma\u00f1ana en este encuentro internacional que acoge el Parc Cient\u00edfic de Barcelona.<\/p>\n","protected":false},"excerpt":{"rendered":"<p>Barcelona, 26 ene (EFE).- La expresidenta de la Comisi\u00f3n Nacional de la Energ\u00eda (CNE) Maite Costa considera que para afrontar el problema del d\u00e9ficit de tarifa el\u00e9ctrica se deber\u00edan quitar del recibo de la luz costes no estrictamente relacionados con el suministro de energ\u00eda. En una entrevista concedida a Efe, Costa, que presidi\u00f3 este ente [&hellip;]<\/p>\n","protected":false},"author":1,"featured_media":1132184,"comment_status":"closed","ping_status":"open","sticky":false,"template":"","format":"standard","meta":{"footnotes":""},"categories":[1],"tags":[],"class_list":["post-479253","post","type-post","status-publish","format-standard","has-post-thumbnail","hentry","category-actualidad"],"aioseo_notices":[],"aioseo_head":"\n\t\t<!-- All in One SEO Pro 5.0.1 - aioseo.com -->\n\t<meta name=\"description\" content=\"Barcelona, 26 ene (EFE).- La expresidenta de la Comisi\u00f3n Nacional de la Energ\u00eda (CNE) Maite Costa considera que para afrontar el problema del d\u00e9ficit de tarifa el\u00e9ctrica se deber\u00edan quitar del recibo de la luz costes no estrictamente relacionados con el suministro de energ\u00eda. En una entrevista concedida a Efe, Costa, que presidi\u00f3 este ente\" \/>\n\t<meta name=\"robots\" content=\"max-image-preview:large\" \/>\n\t<meta name=\"author\" content=\"El Digital de Asturias\"\/>\n\t<meta name=\"google-site-verification\" content=\"UA-38556648-1\" \/>\n\t<meta name=\"msvalidate.01\" content=\"7dfe9f3f1b24437ab69f4f2559babe99\" \/>\n\t<meta name=\"keywords\" content=\"actualidad\" \/>\n\t<link rel=\"canonical\" href=\"https:\/\/www.eldigitaldeasturias.com\/noticias\/la-expresidenta-de-la-cne-partidaria-de-quitar-del-recibo-luz-los-costes-ajenos\/\" \/>\n\t<meta name=\"generator\" content=\"All in One SEO Pro (AIOSEO) 5.0.1\" \/>\n\t\t<meta property=\"og:locale\" content=\"es_ES\" \/>\n\t\t<meta property=\"og:site_name\" content=\"El Digital de Asturias\" \/>\n\t\t<meta property=\"og:type\" content=\"article\" \/>\n\t\t<meta property=\"og:title\" content=\"La expresidenta de la CNE partidaria de quitar del recibo luz los costes ajenos - El Digital de Asturias\" \/>\n\t\t<meta property=\"og:description\" content=\"Barcelona, 26 ene (EFE).- La expresidenta de la Comisi\u00f3n Nacional de la Energ\u00eda (CNE) Maite Costa considera que para afrontar el problema del d\u00e9ficit de tarifa el\u00e9ctrica se deber\u00edan quitar del recibo de la luz costes no estrictamente relacionados con el suministro de energ\u00eda. En una entrevista concedida a Efe, Costa, que presidi\u00f3 este ente\" \/>\n\t\t<meta property=\"og:url\" content=\"https:\/\/www.eldigitaldeasturias.com\/noticias\/la-expresidenta-de-la-cne-partidaria-de-quitar-del-recibo-luz-los-costes-ajenos\/\" \/>\n\t\t<meta property=\"og:image\" content=\"https:\/\/www.eldigitaldeasturias.com\/noticias\/wp-content\/uploads\/2026\/06\/Contenidos.jpg\" \/>\n\t\t<meta property=\"og:image:secure_url\" content=\"https:\/\/www.eldigitaldeasturias.com\/noticias\/wp-content\/uploads\/2026\/06\/Contenidos.jpg\" \/>\n\t\t<meta property=\"og:image:width\" content=\"1265\" \/>\n\t\t<meta property=\"og:image:height\" content=\"697\" \/>\n\t\t<meta property=\"article:tag\" content=\"actualidad\" \/>\n\t\t<meta property=\"article:published_time\" content=\"2014-01-27T00:36:10+00:00\" \/>\n\t\t<meta property=\"article:modified_time\" content=\"2014-01-27T00:36:10+00:00\" \/>\n\t\t<meta property=\"article:publisher\" content=\"https:\/\/facebook.com\/eldigitaldeasturias\" \/>\n\t\t<meta name=\"twitter:card\" content=\"summary_large_image\" \/>\n\t\t<meta name=\"twitter:title\" content=\"La expresidenta de la CNE partidaria de quitar del recibo luz los costes ajenos - El Digital de Asturias\" \/>\n\t\t<meta name=\"twitter:description\" content=\"Barcelona, 26 ene (EFE).- La expresidenta de la Comisi\u00f3n Nacional de la Energ\u00eda (CNE) Maite Costa considera que para afrontar el problema del d\u00e9ficit de tarifa el\u00e9ctrica se deber\u00edan quitar del recibo de la luz costes no estrictamente relacionados con el suministro de energ\u00eda. En una entrevista concedida a Efe, Costa, que presidi\u00f3 este ente\" \/>\n\t\t<meta name=\"twitter:image\" content=\"https:\/\/www.eldigitaldeasturias.com\/noticias\/wp-content\/uploads\/2026\/06\/Contenidos.jpg\" \/>\n\t\t<meta name=\"twitter:label1\" content=\"Escrito por\" \/>\n\t\t<meta name=\"twitter:data1\" content=\"El Digital de Asturias\" \/>\n\t\t<meta name=\"twitter:label2\" content=\"Tiempo de lectura estimado\" \/>\n\t\t<meta name=\"twitter:data2\" content=\"3 minutos\" \/>\n\t\t<script type=\"application\/ld+json\" class=\"aioseo-schema\">\n\t\t\t{\"@context\":\"https:\\\/\\\/schema.org\",\"@graph\":[{\"@type\":\"BlogPosting\",\"@id\":\"https:\\\/\\\/www.eldigitaldeasturias.com\\\/noticias\\\/la-expresidenta-de-la-cne-partidaria-de-quitar-del-recibo-luz-los-costes-ajenos\\\/#blogposting\",\"name\":\"La expresidenta de la CNE partidaria de quitar del recibo luz los costes ajenos - El Digital de Asturias\",\"headline\":\"La expresidenta de la CNE partidaria de quitar del recibo luz los costes ajenos\",\"author\":{\"@id\":\"https:\\\/\\\/www.eldigitaldeasturias.com\\\/noticias\\\/author\\\/admin\\\/#author\"},\"publisher\":{\"@id\":\"https:\\\/\\\/www.eldigitaldeasturias.com\\\/noticias\\\/#organization\"},\"image\":{\"@type\":\"ImageObject\",\"url\":\"https:\\\/\\\/www.eldigitaldeasturias.com\\\/noticias\\\/wp-content\\\/uploads\\\/2026\\\/06\\\/Contenidos.jpg\",\"width\":1265,\"height\":697,\"caption\":\"Contenidos\"},\"datePublished\":\"2014-01-26T23:36:10+01:00\",\"dateModified\":\"2014-01-26T23:36:10+01:00\",\"inLanguage\":\"es-ES\",\"mainEntityOfPage\":{\"@id\":\"https:\\\/\\\/www.eldigitaldeasturias.com\\\/noticias\\\/la-expresidenta-de-la-cne-partidaria-de-quitar-del-recibo-luz-los-costes-ajenos\\\/#webpage\"},\"isPartOf\":{\"@id\":\"https:\\\/\\\/www.eldigitaldeasturias.com\\\/noticias\\\/la-expresidenta-de-la-cne-partidaria-de-quitar-del-recibo-luz-los-costes-ajenos\\\/#webpage\"},\"articleSection\":\"Actualidad\"},{\"@type\":\"BreadcrumbList\",\"@id\":\"https:\\\/\\\/www.eldigitaldeasturias.com\\\/noticias\\\/la-expresidenta-de-la-cne-partidaria-de-quitar-del-recibo-luz-los-costes-ajenos\\\/#breadcrumblist\",\"itemListElement\":[{\"@type\":\"ListItem\",\"@id\":\"https:\\\/\\\/www.eldigitaldeasturias.com\\\/noticias#listItem\",\"position\":1,\"name\":\"Home\",\"item\":\"https:\\\/\\\/www.eldigitaldeasturias.com\\\/noticias\",\"nextItem\":{\"@type\":\"ListItem\",\"@id\":\"https:\\\/\\\/www.eldigitaldeasturias.com\\\/noticias\\\/category\\\/actualidad\\\/#listItem\",\"name\":\"Actualidad\"}},{\"@type\":\"ListItem\",\"@id\":\"https:\\\/\\\/www.eldigitaldeasturias.com\\\/noticias\\\/category\\\/actualidad\\\/#listItem\",\"position\":2,\"name\":\"Actualidad\",\"item\":\"https:\\\/\\\/www.eldigitaldeasturias.com\\\/noticias\\\/category\\\/actualidad\\\/\",\"nextItem\":{\"@type\":\"ListItem\",\"@id\":\"https:\\\/\\\/www.eldigitaldeasturias.com\\\/noticias\\\/la-expresidenta-de-la-cne-partidaria-de-quitar-del-recibo-luz-los-costes-ajenos\\\/#listItem\",\"name\":\"La expresidenta de la CNE partidaria de quitar del recibo luz los costes ajenos\"},\"previousItem\":{\"@type\":\"ListItem\",\"@id\":\"https:\\\/\\\/www.eldigitaldeasturias.com\\\/noticias#listItem\",\"name\":\"Home\"}},{\"@type\":\"ListItem\",\"@id\":\"https:\\\/\\\/www.eldigitaldeasturias.com\\\/noticias\\\/la-expresidenta-de-la-cne-partidaria-de-quitar-del-recibo-luz-los-costes-ajenos\\\/#listItem\",\"position\":3,\"name\":\"La expresidenta de la CNE partidaria de quitar del recibo luz los costes ajenos\",\"previousItem\":{\"@type\":\"ListItem\",\"@id\":\"https:\\\/\\\/www.eldigitaldeasturias.com\\\/noticias\\\/category\\\/actualidad\\\/#listItem\",\"name\":\"Actualidad\"}}]},{\"@type\":\"Organization\",\"@id\":\"https:\\\/\\\/www.eldigitaldeasturias.com\\\/noticias\\\/#organization\",\"name\":\"El Digital de Asturias\",\"description\":\"Hemeroteca\",\"url\":\"https:\\\/\\\/www.eldigitaldeasturias.com\\\/noticias\\\/\",\"email\":\"info@eldigitaldeasturias.com\",\"telephone\":\"+34652131393\",\"logo\":{\"@type\":\"ImageObject\",\"url\":\"https:\\\/\\\/www.eldigitaldeasturias.com\\\/noticias\\\/wp-content\\\/uploads\\\/2020\\\/12\\\/EDA.jpg\",\"@id\":\"https:\\\/\\\/www.eldigitaldeasturias.com\\\/noticias\\\/la-expresidenta-de-la-cne-partidaria-de-quitar-del-recibo-luz-los-costes-ajenos\\\/#organizationLogo\"},\"image\":{\"@id\":\"https:\\\/\\\/www.eldigitaldeasturias.com\\\/noticias\\\/la-expresidenta-de-la-cne-partidaria-de-quitar-del-recibo-luz-los-costes-ajenos\\\/#organizationLogo\"},\"sameAs\":[\"https:\\\/\\\/facebook.com\\\/eldigitaldeasturias\",\"https:\\\/\\\/www.youtube.com\\\/channel\\\/UCZP-2wLEB9Rv6erhFmqVnvg\"],\"address\":{\"@id\":\"https:\\\/\\\/www.eldigitaldeasturias.com\\\/noticias\\\/#postaladdress\",\"@type\":\"PostalAddress\",\"streetAddress\":\"san antonio 4\",\"postalCode\":\"33430\",\"addressLocality\":\"Cand\\u00e1s\",\"addressRegion\":\"Asturias\",\"addressCountry\":\"ES\"}},{\"@type\":\"Person\",\"@id\":\"https:\\\/\\\/www.eldigitaldeasturias.com\\\/noticias\\\/author\\\/admin\\\/#author\",\"url\":\"https:\\\/\\\/www.eldigitaldeasturias.com\\\/noticias\\\/author\\\/admin\\\/\",\"name\":\"El Digital de Asturias\",\"image\":{\"@type\":\"ImageObject\",\"@id\":\"https:\\\/\\\/www.eldigitaldeasturias.com\\\/noticias\\\/la-expresidenta-de-la-cne-partidaria-de-quitar-del-recibo-luz-los-costes-ajenos\\\/#authorImage\",\"url\":\"https:\\\/\\\/secure.gravatar.com\\\/avatar\\\/df2aeffc32bcd13f8d26072ef8a91b623d677766deac7f97ca815868cd41bf5e?s=96&d=mm&r=g\",\"width\":96,\"height\":96,\"caption\":\"El Digital de Asturias\"}},{\"@type\":\"WebPage\",\"@id\":\"https:\\\/\\\/www.eldigitaldeasturias.com\\\/noticias\\\/la-expresidenta-de-la-cne-partidaria-de-quitar-del-recibo-luz-los-costes-ajenos\\\/#webpage\",\"url\":\"https:\\\/\\\/www.eldigitaldeasturias.com\\\/noticias\\\/la-expresidenta-de-la-cne-partidaria-de-quitar-del-recibo-luz-los-costes-ajenos\\\/\",\"name\":\"La expresidenta de la CNE partidaria de quitar del recibo luz los costes ajenos - El Digital de Asturias\",\"description\":\"Barcelona, 26 ene (EFE).- La expresidenta de la Comisi\\u00f3n Nacional de la Energ\\u00eda (CNE) Maite Costa considera que para afrontar el problema del d\\u00e9ficit de tarifa el\\u00e9ctrica se deber\\u00edan quitar del recibo de la luz costes no estrictamente relacionados con el suministro de energ\\u00eda. En una entrevista concedida a Efe, Costa, que presidi\\u00f3 este ente\",\"inLanguage\":\"es-ES\",\"isPartOf\":{\"@id\":\"https:\\\/\\\/www.eldigitaldeasturias.com\\\/noticias\\\/#website\"},\"breadcrumb\":{\"@id\":\"https:\\\/\\\/www.eldigitaldeasturias.com\\\/noticias\\\/la-expresidenta-de-la-cne-partidaria-de-quitar-del-recibo-luz-los-costes-ajenos\\\/#breadcrumblist\"},\"author\":{\"@id\":\"https:\\\/\\\/www.eldigitaldeasturias.com\\\/noticias\\\/author\\\/admin\\\/#author\"},\"creator\":{\"@id\":\"https:\\\/\\\/www.eldigitaldeasturias.com\\\/noticias\\\/author\\\/admin\\\/#author\"},\"image\":{\"@type\":\"ImageObject\",\"url\":\"https:\\\/\\\/www.eldigitaldeasturias.com\\\/noticias\\\/wp-content\\\/uploads\\\/2026\\\/06\\\/Contenidos.jpg\",\"@id\":\"https:\\\/\\\/www.eldigitaldeasturias.com\\\/noticias\\\/la-expresidenta-de-la-cne-partidaria-de-quitar-del-recibo-luz-los-costes-ajenos\\\/#mainImage\",\"width\":1265,\"height\":697,\"caption\":\"Contenidos\"},\"primaryImageOfPage\":{\"@id\":\"https:\\\/\\\/www.eldigitaldeasturias.com\\\/noticias\\\/la-expresidenta-de-la-cne-partidaria-de-quitar-del-recibo-luz-los-costes-ajenos\\\/#mainImage\"},\"datePublished\":\"2014-01-26T23:36:10+01:00\",\"dateModified\":\"2014-01-26T23:36:10+01:00\"},{\"@type\":\"WebSite\",\"@id\":\"https:\\\/\\\/www.eldigitaldeasturias.com\\\/noticias\\\/#website\",\"url\":\"https:\\\/\\\/www.eldigitaldeasturias.com\\\/noticias\\\/\",\"name\":\"El Digital de Asturias - Diario de actualidad y noticias\",\"alternateName\":\"El Digital de Asturias - Diario de actualidad y noticias\",\"description\":\"Hemeroteca\",\"inLanguage\":\"es-ES\",\"publisher\":{\"@id\":\"https:\\\/\\\/www.eldigitaldeasturias.com\\\/noticias\\\/#organization\"}}]}\n\t\t<\/script>\n\t\t<!-- All in One SEO Pro -->\r\n\t\t<title>La expresidenta de la CNE partidaria de quitar del recibo luz los costes ajenos - El Digital de Asturias<\/title>\n\n","aioseo_head_json":{"title":"La expresidenta de la CNE partidaria de quitar del recibo luz los costes ajenos - El Digital de Asturias","description":"Barcelona, 26 ene (EFE).- La expresidenta de la Comisi\u00f3n Nacional de la Energ\u00eda (CNE) Maite Costa considera que para afrontar el problema del d\u00e9ficit de tarifa el\u00e9ctrica se deber\u00edan quitar del recibo de la luz costes no estrictamente relacionados con el suministro de energ\u00eda. En una entrevista concedida a Efe, Costa, que presidi\u00f3 este ente","canonical_url":"https:\/\/www.eldigitaldeasturias.com\/noticias\/la-expresidenta-de-la-cne-partidaria-de-quitar-del-recibo-luz-los-costes-ajenos\/","robots":"max-image-preview:large","keywords":"actualidad","webmasterTools":{"google-site-verification":"UA-38556648-1","msvalidate.01":"7dfe9f3f1b24437ab69f4f2559babe99","miscellaneous":""},"schema":{"@context":"https:\/\/schema.org","@graph":[{"@type":"BlogPosting","@id":"https:\/\/www.eldigitaldeasturias.com\/noticias\/la-expresidenta-de-la-cne-partidaria-de-quitar-del-recibo-luz-los-costes-ajenos\/#blogposting","name":"La expresidenta de la CNE partidaria de quitar del recibo luz los costes ajenos - El Digital de Asturias","headline":"La expresidenta de la CNE partidaria de quitar del recibo luz los costes ajenos","author":{"@id":"https:\/\/www.eldigitaldeasturias.com\/noticias\/author\/admin\/#author"},"publisher":{"@id":"https:\/\/www.eldigitaldeasturias.com\/noticias\/#organization"},"image":{"@type":"ImageObject","url":"https:\/\/www.eldigitaldeasturias.com\/noticias\/wp-content\/uploads\/2026\/06\/Contenidos.jpg","width":1265,"height":697,"caption":"Contenidos"},"datePublished":"2014-01-26T23:36:10+01:00","dateModified":"2014-01-26T23:36:10+01:00","inLanguage":"es-ES","mainEntityOfPage":{"@id":"https:\/\/www.eldigitaldeasturias.com\/noticias\/la-expresidenta-de-la-cne-partidaria-de-quitar-del-recibo-luz-los-costes-ajenos\/#webpage"},"isPartOf":{"@id":"https:\/\/www.eldigitaldeasturias.com\/noticias\/la-expresidenta-de-la-cne-partidaria-de-quitar-del-recibo-luz-los-costes-ajenos\/#webpage"},"articleSection":"Actualidad"},{"@type":"BreadcrumbList","@id":"https:\/\/www.eldigitaldeasturias.com\/noticias\/la-expresidenta-de-la-cne-partidaria-de-quitar-del-recibo-luz-los-costes-ajenos\/#breadcrumblist","itemListElement":[{"@type":"ListItem","@id":"https:\/\/www.eldigitaldeasturias.com\/noticias#listItem","position":1,"name":"Home","item":"https:\/\/www.eldigitaldeasturias.com\/noticias","nextItem":{"@type":"ListItem","@id":"https:\/\/www.eldigitaldeasturias.com\/noticias\/category\/actualidad\/#listItem","name":"Actualidad"}},{"@type":"ListItem","@id":"https:\/\/www.eldigitaldeasturias.com\/noticias\/category\/actualidad\/#listItem","position":2,"name":"Actualidad","item":"https:\/\/www.eldigitaldeasturias.com\/noticias\/category\/actualidad\/","nextItem":{"@type":"ListItem","@id":"https:\/\/www.eldigitaldeasturias.com\/noticias\/la-expresidenta-de-la-cne-partidaria-de-quitar-del-recibo-luz-los-costes-ajenos\/#listItem","name":"La expresidenta de la CNE partidaria de quitar del recibo luz los costes ajenos"},"previousItem":{"@type":"ListItem","@id":"https:\/\/www.eldigitaldeasturias.com\/noticias#listItem","name":"Home"}},{"@type":"ListItem","@id":"https:\/\/www.eldigitaldeasturias.com\/noticias\/la-expresidenta-de-la-cne-partidaria-de-quitar-del-recibo-luz-los-costes-ajenos\/#listItem","position":3,"name":"La expresidenta de la CNE partidaria de quitar del recibo luz los costes ajenos","previousItem":{"@type":"ListItem","@id":"https:\/\/www.eldigitaldeasturias.com\/noticias\/category\/actualidad\/#listItem","name":"Actualidad"}}]},{"@type":"Organization","@id":"https:\/\/www.eldigitaldeasturias.com\/noticias\/#organization","name":"El Digital de Asturias","description":"Hemeroteca","url":"https:\/\/www.eldigitaldeasturias.com\/noticias\/","email":"info@eldigitaldeasturias.com","telephone":"+34652131393","logo":{"@type":"ImageObject","url":"https:\/\/www.eldigitaldeasturias.com\/noticias\/wp-content\/uploads\/2020\/12\/EDA.jpg","@id":"https:\/\/www.eldigitaldeasturias.com\/noticias\/la-expresidenta-de-la-cne-partidaria-de-quitar-del-recibo-luz-los-costes-ajenos\/#organizationLogo"},"image":{"@id":"https:\/\/www.eldigitaldeasturias.com\/noticias\/la-expresidenta-de-la-cne-partidaria-de-quitar-del-recibo-luz-los-costes-ajenos\/#organizationLogo"},"sameAs":["https:\/\/facebook.com\/eldigitaldeasturias","https:\/\/www.youtube.com\/channel\/UCZP-2wLEB9Rv6erhFmqVnvg"],"address":{"@id":"https:\/\/www.eldigitaldeasturias.com\/noticias\/#postaladdress","@type":"PostalAddress","streetAddress":"san antonio 4","postalCode":"33430","addressLocality":"Cand\u00e1s","addressRegion":"Asturias","addressCountry":"ES"}},{"@type":"Person","@id":"https:\/\/www.eldigitaldeasturias.com\/noticias\/author\/admin\/#author","url":"https:\/\/www.eldigitaldeasturias.com\/noticias\/author\/admin\/","name":"El Digital de Asturias","image":{"@type":"ImageObject","@id":"https:\/\/www.eldigitaldeasturias.com\/noticias\/la-expresidenta-de-la-cne-partidaria-de-quitar-del-recibo-luz-los-costes-ajenos\/#authorImage","url":"https:\/\/secure.gravatar.com\/avatar\/df2aeffc32bcd13f8d26072ef8a91b623d677766deac7f97ca815868cd41bf5e?s=96&d=mm&r=g","width":96,"height":96,"caption":"El Digital de Asturias"}},{"@type":"WebPage","@id":"https:\/\/www.eldigitaldeasturias.com\/noticias\/la-expresidenta-de-la-cne-partidaria-de-quitar-del-recibo-luz-los-costes-ajenos\/#webpage","url":"https:\/\/www.eldigitaldeasturias.com\/noticias\/la-expresidenta-de-la-cne-partidaria-de-quitar-del-recibo-luz-los-costes-ajenos\/","name":"La expresidenta de la CNE partidaria de quitar del recibo luz los costes ajenos - El Digital de Asturias","description":"Barcelona, 26 ene (EFE).- La expresidenta de la Comisi\u00f3n Nacional de la Energ\u00eda (CNE) Maite Costa considera que para afrontar el problema del d\u00e9ficit de tarifa el\u00e9ctrica se deber\u00edan quitar del recibo de la luz costes no estrictamente relacionados con el suministro de energ\u00eda. En una entrevista concedida a Efe, Costa, que presidi\u00f3 este ente","inLanguage":"es-ES","isPartOf":{"@id":"https:\/\/www.eldigitaldeasturias.com\/noticias\/#website"},"breadcrumb":{"@id":"https:\/\/www.eldigitaldeasturias.com\/noticias\/la-expresidenta-de-la-cne-partidaria-de-quitar-del-recibo-luz-los-costes-ajenos\/#breadcrumblist"},"author":{"@id":"https:\/\/www.eldigitaldeasturias.com\/noticias\/author\/admin\/#author"},"creator":{"@id":"https:\/\/www.eldigitaldeasturias.com\/noticias\/author\/admin\/#author"},"image":{"@type":"ImageObject","url":"https:\/\/www.eldigitaldeasturias.com\/noticias\/wp-content\/uploads\/2026\/06\/Contenidos.jpg","@id":"https:\/\/www.eldigitaldeasturias.com\/noticias\/la-expresidenta-de-la-cne-partidaria-de-quitar-del-recibo-luz-los-costes-ajenos\/#mainImage","width":1265,"height":697,"caption":"Contenidos"},"primaryImageOfPage":{"@id":"https:\/\/www.eldigitaldeasturias.com\/noticias\/la-expresidenta-de-la-cne-partidaria-de-quitar-del-recibo-luz-los-costes-ajenos\/#mainImage"},"datePublished":"2014-01-26T23:36:10+01:00","dateModified":"2014-01-26T23:36:10+01:00"},{"@type":"WebSite","@id":"https:\/\/www.eldigitaldeasturias.com\/noticias\/#website","url":"https:\/\/www.eldigitaldeasturias.com\/noticias\/","name":"El Digital de Asturias - Diario de actualidad y noticias","alternateName":"El Digital de Asturias - Diario de actualidad y noticias","description":"Hemeroteca","inLanguage":"es-ES","publisher":{"@id":"https:\/\/www.eldigitaldeasturias.com\/noticias\/#organization"}}]},"og:locale":"es_ES","og:site_name":"El Digital de Asturias","og:type":"article","og:title":"La expresidenta de la CNE partidaria de quitar del recibo luz los costes ajenos - El Digital de Asturias","og:description":"Barcelona, 26 ene (EFE).- La expresidenta de la Comisi\u00f3n Nacional de la Energ\u00eda (CNE) Maite Costa considera que para afrontar el problema del d\u00e9ficit de tarifa el\u00e9ctrica se deber\u00edan quitar del recibo de la luz costes no estrictamente relacionados con el suministro de energ\u00eda. En una entrevista concedida a Efe, Costa, que presidi\u00f3 este ente","og:url":"https:\/\/www.eldigitaldeasturias.com\/noticias\/la-expresidenta-de-la-cne-partidaria-de-quitar-del-recibo-luz-los-costes-ajenos\/","og:image":"https:\/\/www.eldigitaldeasturias.com\/noticias\/wp-content\/uploads\/2026\/06\/Contenidos.jpg","og:image:secure_url":"https:\/\/www.eldigitaldeasturias.com\/noticias\/wp-content\/uploads\/2026\/06\/Contenidos.jpg","og:image:width":1265,"og:image:height":697,"article:tag":["actualidad"],"article:published_time":"2014-01-27T00:36:10+00:00","article:modified_time":"2014-01-27T00:36:10+00:00","article:publisher":"https:\/\/facebook.com\/eldigitaldeasturias","twitter:card":"summary_large_image","twitter:title":"La expresidenta de la CNE partidaria de quitar del recibo luz los costes ajenos - El Digital de Asturias","twitter:description":"Barcelona, 26 ene (EFE).- La expresidenta de la Comisi\u00f3n Nacional de la Energ\u00eda (CNE) Maite Costa considera que para afrontar el problema del d\u00e9ficit de tarifa el\u00e9ctrica se deber\u00edan quitar del recibo de la luz costes no estrictamente relacionados con el suministro de energ\u00eda. En una entrevista concedida a Efe, Costa, que presidi\u00f3 este ente","twitter:image":"https:\/\/www.eldigitaldeasturias.com\/noticias\/wp-content\/uploads\/2026\/06\/Contenidos.jpg","twitter:label1":"Escrito por","twitter:data1":"El Digital de Asturias","twitter:label2":"Tiempo de lectura estimado","twitter:data2":"3 minutos"},"aioseo_meta_data":{"post_id":"479253","title":null,"description":null,"keywords":null,"keyphrases":null,"primary_term":null,"canonical_url":null,"og_title":null,"og_description":null,"og_object_type":"default","og_image_type":"default","og_image_url":null,"og_image_width":null,"og_image_height":null,"og_image_custom_url":null,"og_image_custom_fields":null,"og_video":null,"og_custom_url":null,"og_article_section":null,"og_article_tags":null,"twitter_use_og":true,"twitter_card":"default","twitter_image_type":"default","twitter_image_url":null,"twitter_image_custom_url":null,"twitter_image_custom_fields":null,"twitter_title":null,"twitter_description":null,"schema":{"blockGraphs":[],"customGraphs":[],"default":{"data":{"Article":[],"Course":[],"Dataset":[],"FAQPage":[],"Movie":[],"Person":[],"Product":[],"ProductReview":[],"Car":[],"Recipe":[],"Service":[],"SoftwareApplication":[],"WebPage":[]},"graphName":"","isEnabled":true},"graphs":[],"defaultGraph":"","defaultPostTypeGraph":""},"schema_type":null,"schema_type_options":null,"pillar_content":false,"robots_default":true,"robots_noindex":false,"robots_noarchive":false,"robots_nosnippet":false,"robots_nofollow":false,"robots_noimageindex":false,"robots_noodp":false,"robots_notranslate":false,"robots_max_snippet":null,"robots_max_videopreview":null,"robots_max_imagepreview":"none","priority":null,"frequency":null,"local_seo":null,"seo_analyzer_scan_date":"2026-06-01 23:56:45","breadcrumb_settings":null,"limit_modified_date":false,"open_ai":null,"ai":null,"created":"2020-11-14 22:54:02","updated":"2026-06-01 23:56:45","focus_keyword":null,"additional_keywords":null,"truseo_locale":null},"aioseo_breadcrumb":"<div class=\"aioseo-breadcrumbs\"><span class=\"aioseo-breadcrumb\">\n\t<a href=\"https:\/\/www.eldigitaldeasturias.com\/noticias\" title=\"Home\">Home<\/a>\n<\/span><span class=\"aioseo-breadcrumb-separator\">\u2013<\/span><span class=\"aioseo-breadcrumb\">\n\t<a href=\"https:\/\/www.eldigitaldeasturias.com\/noticias\/category\/actualidad\/\" title=\"Actualidad\">Actualidad<\/a>\n<\/span><span class=\"aioseo-breadcrumb-separator\">\u2013<\/span><span class=\"aioseo-breadcrumb\">\n\t<a href=\"https:\/\/www.eldigitaldeasturias.com\/noticias\/la-expresidenta-de-la-cne-partidaria-de-quitar-del-recibo-luz-los-costes-ajenos\/\" title=\"La expresidenta de la CNE partidaria de quitar del recibo luz los costes ajenos\">La expresidenta de la CNE partidaria de quitar del recibo luz los costes ajenos<\/a>\n<\/span><\/div>","aioseo_breadcrumb_json":[{"label":"Home","link":"https:\/\/www.eldigitaldeasturias.com\/noticias"},{"label":"Actualidad","link":"https:\/\/www.eldigitaldeasturias.com\/noticias\/category\/actualidad\/"},{"label":"La expresidenta de la CNE partidaria de quitar del recibo luz los costes ajenos","link":"https:\/\/www.eldigitaldeasturias.com\/noticias\/la-expresidenta-de-la-cne-partidaria-de-quitar-del-recibo-luz-los-costes-ajenos\/"}],"_links":{"self":[{"href":"https:\/\/www.eldigitaldeasturias.com\/noticias\/wp-json\/wp\/v2\/posts\/479253","targetHints":{"allow":["GET"]}}],"collection":[{"href":"https:\/\/www.eldigitaldeasturias.com\/noticias\/wp-json\/wp\/v2\/posts"}],"about":[{"href":"https:\/\/www.eldigitaldeasturias.com\/noticias\/wp-json\/wp\/v2\/types\/post"}],"author":[{"embeddable":true,"href":"https:\/\/www.eldigitaldeasturias.com\/noticias\/wp-json\/wp\/v2\/users\/1"}],"replies":[{"embeddable":true,"href":"https:\/\/www.eldigitaldeasturias.com\/noticias\/wp-json\/wp\/v2\/comments?post=479253"}],"version-history":[{"count":0,"href":"https:\/\/www.eldigitaldeasturias.com\/noticias\/wp-json\/wp\/v2\/posts\/479253\/revisions"}],"wp:featuredmedia":[{"embeddable":true,"href":"https:\/\/www.eldigitaldeasturias.com\/noticias\/wp-json\/wp\/v2\/media\/1132184"}],"wp:attachment":[{"href":"https:\/\/www.eldigitaldeasturias.com\/noticias\/wp-json\/wp\/v2\/media?parent=479253"}],"wp:term":[{"taxonomy":"category","embeddable":true,"href":"https:\/\/www.eldigitaldeasturias.com\/noticias\/wp-json\/wp\/v2\/categories?post=479253"},{"taxonomy":"post_tag","embeddable":true,"href":"https:\/\/www.eldigitaldeasturias.com\/noticias\/wp-json\/wp\/v2\/tags?post=479253"}],"curies":[{"name":"wp","href":"https:\/\/api.w.org\/{rel}","templated":true}]}}