{"id":479229,"date":"2014-01-26T23:25:28","date_gmt":"2014-01-27T00:25:28","guid":{"rendered":"http:\/\/www.eldigitaldeasturias.com\/noticias\/?p=479229"},"modified":"2014-01-26T23:25:28","modified_gmt":"2014-01-27T00:25:28","slug":"arenas-defendera-el-compromiso-firme-del-pp-con-la-sociedad-del-bienestar","status":"publish","type":"post","link":"https:\/\/www.eldigitaldeasturias.com\/noticias\/arenas-defendera-el-compromiso-firme-del-pp-con-la-sociedad-del-bienestar\/","title":{"rendered":"Arenas defender\u00e1 el compromiso \u00abfirme\u00bb del PP con la sociedad del bienestar"},"content":{"rendered":"<p><img loading=\"lazy\" decoding=\"async\" class=\"alignleft size-medium wp-image-479230\" alt=\"5877402w\" src=\"https:\/\/www.eldigitaldeasturias.com\/noticias\/wp-content\/uploads\/2014\/01\/5877402w-360x239.jpg\" width=\"360\" height=\"239\" \/>Madrid, 26 ene (EFE).- El vicesecretario general de Pol\u00edtica Auton\u00f3mica y Local del PP, Javier Arenas, defender\u00e1 el pr\u00f3ximo fin de semana en la Convenci\u00f3n de Valladolid el compromiso \u00abfirme\u00bb del partido con el sostenimiento de la sociedad del bienestar y las reformas que ha hecho el Gobierno para asegurar su futuro.<\/p>\n<p>Lo har\u00e1 como ponente de la resoluci\u00f3n \u00abEspa\u00f1a sociedad del bienestar: Nuevos retos y nuevas soluciones\u00bb, en la que hoy han trabajado todos los que participan en la elaboraci\u00f3n del texto, en una reuni\u00f3n que han mantenido en Sevilla.<\/p>\n<p>Frente a la \u00abnefasta gesti\u00f3n\u00bb del PSOE que, seg\u00fan se\u00f1ala el PP en un comunicado, llev\u00f3 al sistema al borde de la bancarrota, el Gobierno ha puesto en marcha medidas para salvaguardar el sistema de protecci\u00f3n social, tras recalcar que la peor pol\u00edtica en esta materia es aquella que \u00abquiebra\u00bb las cuentas p\u00fablicas y se sostiene con un endeudamiento \u00abextremo\u00bb.<\/p>\n<p>En la resoluci\u00f3n, que se ratificar\u00e1 en la convenci\u00f3n, se abordan cuestiones prioritarias como el empleo y la reforma laboral que emprendi\u00f3 el Gobierno, que adem\u00e1s de contener la destrucci\u00f3n de puestos de trabajo est\u00e1 posibilitando, seg\u00fan el PP, la creaci\u00f3n de otros nuevos.<\/p>\n<p>Se incidir\u00e1 en el texto que es imprescindible que las instituciones del mercado de trabajo favorezcan el empleo cualificado, estable y de calidad y para ello -subraya- es fundamental una educaci\u00f3n de calidad.<\/p>\n<p>Precisamente, la educaci\u00f3n es otra de las reformas que el Ejecutivo ha abordado con la aprobaci\u00f3n de la LOMCE, uno de los \u00abpilares\u00bb, recoge la resoluci\u00f3n, sobre los que se garantizar\u00e1 la sociedad del bienestar en el futuro.<\/p>\n<p>Aprovecha para criticar al PSOE por no buscar nunca el consenso con su partido en materia educativa y culpa a las leyes socialistas anteriores de los malos resultados acad\u00e9micos que Espa\u00f1a obtiene en los test internacionales y del alto fracaso escolar.<\/p>\n<p>Tambi\u00e9n el documento aborda las pensiones y las medidas que ha adoptado el Ejecutivo para asegurar las jubilaciones presentes y venideras y el nuevo modelo que \u00abblinda\u00bb el riesgo de que sean congeladas.<\/p>\n<p>El PP hace igualmente una apuesta decidida por la sanidad p\u00fablica y universal y recuerda que est\u00e1 logrando un ahorro \u00absin precedentes\u00bb en el gasto farmac\u00e9utico, m\u00e1s de 2.600 millones de euros en los primeros diecis\u00e9is meses de implantaci\u00f3n.<\/p>\n<p>Con la gesti\u00f3n del Ejecutivo, se han mantenido adem\u00e1s los derechos de las personas dependientes -se\u00f1ala la resoluci\u00f3n- y se ha podido reducir un 40 por ciento las listas de espera aparte de que por segundo a\u00f1o consecutivo se ha incrementado el n\u00famero de beneficiarios.<\/p>\n<p>Luchar contra la violencia de g\u00e9nero es la \u00abmayor de las prioridades\u00bb del PP, apunta tambi\u00e9n en la resoluci\u00f3n, en la que, por otro lado, se reconoce la \u00abextraordinaria labor\u00bb que realizan las asociaciones del llamado Tercer Sector de Acci\u00f3n Social.<\/p>\n<p>La importancia de este sector en la sociedad del bienestar, indica el comunicado, se refleja en el hecho de que el plan social de apoyo a estas entidades cuenta con m\u00e1s de 3.000 millones de euros y del que se podr\u00e1n beneficiar 29.000 ONG.<\/p>\n","protected":false},"excerpt":{"rendered":"<p>Madrid, 26 ene (EFE).- El vicesecretario general de Pol\u00edtica Auton\u00f3mica y Local del PP, Javier Arenas, defender\u00e1 el pr\u00f3ximo fin de semana en la Convenci\u00f3n de Valladolid el compromiso \u00abfirme\u00bb del partido con el sostenimiento de la sociedad del bienestar y las reformas que ha hecho el Gobierno para asegurar su futuro. Lo har\u00e1 como [&hellip;]<\/p>\n","protected":false},"author":1,"featured_media":1132184,"comment_status":"closed","ping_status":"open","sticky":false,"template":"","format":"standard","meta":{"footnotes":""},"categories":[1],"tags":[],"class_list":["post-479229","post","type-post","status-publish","format-standard","has-post-thumbnail","hentry","category-actualidad"],"aioseo_notices":[],"aioseo_head":"\n\t\t<!-- All in One SEO Pro 5.0.1 - aioseo.com -->\n\t<meta name=\"description\" content=\"Madrid, 26 ene (EFE).- El vicesecretario general de Pol\u00edtica Auton\u00f3mica y Local del PP, Javier Arenas, defender\u00e1 el pr\u00f3ximo fin de semana en la Convenci\u00f3n de Valladolid el compromiso &quot;firme&quot; del partido con el sostenimiento de la sociedad del bienestar y las reformas que ha hecho el Gobierno para asegurar su futuro. Lo har\u00e1 como\" \/>\n\t<meta name=\"robots\" content=\"max-image-preview:large\" \/>\n\t<meta name=\"author\" content=\"El Digital de Asturias\"\/>\n\t<meta name=\"google-site-verification\" content=\"UA-38556648-1\" \/>\n\t<meta name=\"msvalidate.01\" content=\"7dfe9f3f1b24437ab69f4f2559babe99\" \/>\n\t<meta name=\"keywords\" content=\"actualidad\" \/>\n\t<link rel=\"canonical\" href=\"https:\/\/www.eldigitaldeasturias.com\/noticias\/arenas-defendera-el-compromiso-firme-del-pp-con-la-sociedad-del-bienestar\/\" \/>\n\t<meta name=\"generator\" content=\"All in One SEO Pro (AIOSEO) 5.0.1\" \/>\n\t\t<meta property=\"og:locale\" content=\"es_ES\" \/>\n\t\t<meta property=\"og:site_name\" content=\"El Digital de Asturias\" \/>\n\t\t<meta property=\"og:type\" content=\"article\" \/>\n\t\t<meta property=\"og:title\" content=\"Arenas defender\u00e1 el compromiso \u00abfirme\u00bb del PP con la sociedad del bienestar - El Digital de Asturias\" \/>\n\t\t<meta property=\"og:description\" content=\"Madrid, 26 ene (EFE).- El vicesecretario general de Pol\u00edtica Auton\u00f3mica y Local del PP, Javier Arenas, defender\u00e1 el pr\u00f3ximo fin de semana en la Convenci\u00f3n de Valladolid el compromiso &quot;firme&quot; del partido con el sostenimiento de la sociedad del bienestar y las reformas que ha hecho el Gobierno para asegurar su futuro. Lo har\u00e1 como\" \/>\n\t\t<meta property=\"og:url\" content=\"https:\/\/www.eldigitaldeasturias.com\/noticias\/arenas-defendera-el-compromiso-firme-del-pp-con-la-sociedad-del-bienestar\/\" \/>\n\t\t<meta property=\"og:image\" content=\"https:\/\/www.eldigitaldeasturias.com\/noticias\/wp-content\/uploads\/2026\/06\/Contenidos.jpg\" \/>\n\t\t<meta property=\"og:image:secure_url\" content=\"https:\/\/www.eldigitaldeasturias.com\/noticias\/wp-content\/uploads\/2026\/06\/Contenidos.jpg\" \/>\n\t\t<meta property=\"og:image:width\" content=\"1265\" \/>\n\t\t<meta property=\"og:image:height\" content=\"697\" \/>\n\t\t<meta property=\"article:tag\" content=\"actualidad\" \/>\n\t\t<meta property=\"article:published_time\" content=\"2014-01-27T00:25:28+00:00\" \/>\n\t\t<meta property=\"article:modified_time\" content=\"2014-01-27T00:25:28+00:00\" \/>\n\t\t<meta property=\"article:publisher\" content=\"https:\/\/facebook.com\/eldigitaldeasturias\" \/>\n\t\t<meta name=\"twitter:card\" content=\"summary_large_image\" \/>\n\t\t<meta name=\"twitter:title\" content=\"Arenas defender\u00e1 el compromiso \u00abfirme\u00bb del PP con la sociedad del bienestar - El Digital de Asturias\" \/>\n\t\t<meta name=\"twitter:description\" content=\"Madrid, 26 ene (EFE).- El vicesecretario general de Pol\u00edtica Auton\u00f3mica y Local del PP, Javier Arenas, defender\u00e1 el pr\u00f3ximo fin de semana en la Convenci\u00f3n de Valladolid el compromiso &quot;firme&quot; del partido con el sostenimiento de la sociedad del bienestar y las reformas que ha hecho el Gobierno para asegurar su futuro. Lo har\u00e1 como\" \/>\n\t\t<meta name=\"twitter:image\" content=\"https:\/\/www.eldigitaldeasturias.com\/noticias\/wp-content\/uploads\/2026\/06\/Contenidos.jpg\" \/>\n\t\t<meta name=\"twitter:label1\" content=\"Escrito por\" \/>\n\t\t<meta name=\"twitter:data1\" content=\"El Digital de Asturias\" \/>\n\t\t<meta name=\"twitter:label2\" content=\"Tiempo de lectura estimado\" \/>\n\t\t<meta name=\"twitter:data2\" content=\"3 minutos\" \/>\n\t\t<script type=\"application\/ld+json\" class=\"aioseo-schema\">\n\t\t\t{\"@context\":\"https:\\\/\\\/schema.org\",\"@graph\":[{\"@type\":\"BlogPosting\",\"@id\":\"https:\\\/\\\/www.eldigitaldeasturias.com\\\/noticias\\\/arenas-defendera-el-compromiso-firme-del-pp-con-la-sociedad-del-bienestar\\\/#blogposting\",\"name\":\"Arenas defender\\u00e1 el compromiso \\u00abfirme\\u00bb del PP con la sociedad del bienestar - El Digital de Asturias\",\"headline\":\"Arenas defender\\u00e1 el compromiso \\u00abfirme\\u00bb del PP con la sociedad del bienestar\",\"author\":{\"@id\":\"https:\\\/\\\/www.eldigitaldeasturias.com\\\/noticias\\\/author\\\/admin\\\/#author\"},\"publisher\":{\"@id\":\"https:\\\/\\\/www.eldigitaldeasturias.com\\\/noticias\\\/#organization\"},\"image\":{\"@type\":\"ImageObject\",\"url\":\"https:\\\/\\\/www.eldigitaldeasturias.com\\\/noticias\\\/wp-content\\\/uploads\\\/2026\\\/06\\\/Contenidos.jpg\",\"width\":1265,\"height\":697,\"caption\":\"Contenidos\"},\"datePublished\":\"2014-01-26T23:25:28+01:00\",\"dateModified\":\"2014-01-26T23:25:28+01:00\",\"inLanguage\":\"es-ES\",\"mainEntityOfPage\":{\"@id\":\"https:\\\/\\\/www.eldigitaldeasturias.com\\\/noticias\\\/arenas-defendera-el-compromiso-firme-del-pp-con-la-sociedad-del-bienestar\\\/#webpage\"},\"isPartOf\":{\"@id\":\"https:\\\/\\\/www.eldigitaldeasturias.com\\\/noticias\\\/arenas-defendera-el-compromiso-firme-del-pp-con-la-sociedad-del-bienestar\\\/#webpage\"},\"articleSection\":\"Actualidad\"},{\"@type\":\"BreadcrumbList\",\"@id\":\"https:\\\/\\\/www.eldigitaldeasturias.com\\\/noticias\\\/arenas-defendera-el-compromiso-firme-del-pp-con-la-sociedad-del-bienestar\\\/#breadcrumblist\",\"itemListElement\":[{\"@type\":\"ListItem\",\"@id\":\"https:\\\/\\\/www.eldigitaldeasturias.com\\\/noticias#listItem\",\"position\":1,\"name\":\"Home\",\"item\":\"https:\\\/\\\/www.eldigitaldeasturias.com\\\/noticias\",\"nextItem\":{\"@type\":\"ListItem\",\"@id\":\"https:\\\/\\\/www.eldigitaldeasturias.com\\\/noticias\\\/category\\\/actualidad\\\/#listItem\",\"name\":\"Actualidad\"}},{\"@type\":\"ListItem\",\"@id\":\"https:\\\/\\\/www.eldigitaldeasturias.com\\\/noticias\\\/category\\\/actualidad\\\/#listItem\",\"position\":2,\"name\":\"Actualidad\",\"item\":\"https:\\\/\\\/www.eldigitaldeasturias.com\\\/noticias\\\/category\\\/actualidad\\\/\",\"nextItem\":{\"@type\":\"ListItem\",\"@id\":\"https:\\\/\\\/www.eldigitaldeasturias.com\\\/noticias\\\/arenas-defendera-el-compromiso-firme-del-pp-con-la-sociedad-del-bienestar\\\/#listItem\",\"name\":\"Arenas defender\\u00e1 el compromiso \\u00abfirme\\u00bb del PP con la sociedad del bienestar\"},\"previousItem\":{\"@type\":\"ListItem\",\"@id\":\"https:\\\/\\\/www.eldigitaldeasturias.com\\\/noticias#listItem\",\"name\":\"Home\"}},{\"@type\":\"ListItem\",\"@id\":\"https:\\\/\\\/www.eldigitaldeasturias.com\\\/noticias\\\/arenas-defendera-el-compromiso-firme-del-pp-con-la-sociedad-del-bienestar\\\/#listItem\",\"position\":3,\"name\":\"Arenas defender\\u00e1 el compromiso \\u00abfirme\\u00bb del PP con la sociedad del bienestar\",\"previousItem\":{\"@type\":\"ListItem\",\"@id\":\"https:\\\/\\\/www.eldigitaldeasturias.com\\\/noticias\\\/category\\\/actualidad\\\/#listItem\",\"name\":\"Actualidad\"}}]},{\"@type\":\"Organization\",\"@id\":\"https:\\\/\\\/www.eldigitaldeasturias.com\\\/noticias\\\/#organization\",\"name\":\"El Digital de Asturias\",\"description\":\"Hemeroteca\",\"url\":\"https:\\\/\\\/www.eldigitaldeasturias.com\\\/noticias\\\/\",\"email\":\"info@eldigitaldeasturias.com\",\"telephone\":\"+34652131393\",\"logo\":{\"@type\":\"ImageObject\",\"url\":\"https:\\\/\\\/www.eldigitaldeasturias.com\\\/noticias\\\/wp-content\\\/uploads\\\/2020\\\/12\\\/EDA.jpg\",\"@id\":\"https:\\\/\\\/www.eldigitaldeasturias.com\\\/noticias\\\/arenas-defendera-el-compromiso-firme-del-pp-con-la-sociedad-del-bienestar\\\/#organizationLogo\"},\"image\":{\"@id\":\"https:\\\/\\\/www.eldigitaldeasturias.com\\\/noticias\\\/arenas-defendera-el-compromiso-firme-del-pp-con-la-sociedad-del-bienestar\\\/#organizationLogo\"},\"sameAs\":[\"https:\\\/\\\/facebook.com\\\/eldigitaldeasturias\",\"https:\\\/\\\/www.youtube.com\\\/channel\\\/UCZP-2wLEB9Rv6erhFmqVnvg\"],\"address\":{\"@id\":\"https:\\\/\\\/www.eldigitaldeasturias.com\\\/noticias\\\/#postaladdress\",\"@type\":\"PostalAddress\",\"streetAddress\":\"san antonio 4\",\"postalCode\":\"33430\",\"addressLocality\":\"Cand\\u00e1s\",\"addressRegion\":\"Asturias\",\"addressCountry\":\"ES\"}},{\"@type\":\"Person\",\"@id\":\"https:\\\/\\\/www.eldigitaldeasturias.com\\\/noticias\\\/author\\\/admin\\\/#author\",\"url\":\"https:\\\/\\\/www.eldigitaldeasturias.com\\\/noticias\\\/author\\\/admin\\\/\",\"name\":\"El Digital de Asturias\",\"image\":{\"@type\":\"ImageObject\",\"@id\":\"https:\\\/\\\/www.eldigitaldeasturias.com\\\/noticias\\\/arenas-defendera-el-compromiso-firme-del-pp-con-la-sociedad-del-bienestar\\\/#authorImage\",\"url\":\"https:\\\/\\\/secure.gravatar.com\\\/avatar\\\/df2aeffc32bcd13f8d26072ef8a91b623d677766deac7f97ca815868cd41bf5e?s=96&d=mm&r=g\",\"width\":96,\"height\":96,\"caption\":\"El Digital de Asturias\"}},{\"@type\":\"WebPage\",\"@id\":\"https:\\\/\\\/www.eldigitaldeasturias.com\\\/noticias\\\/arenas-defendera-el-compromiso-firme-del-pp-con-la-sociedad-del-bienestar\\\/#webpage\",\"url\":\"https:\\\/\\\/www.eldigitaldeasturias.com\\\/noticias\\\/arenas-defendera-el-compromiso-firme-del-pp-con-la-sociedad-del-bienestar\\\/\",\"name\":\"Arenas defender\\u00e1 el compromiso \\u00abfirme\\u00bb del PP con la sociedad del bienestar - El Digital de Asturias\",\"description\":\"Madrid, 26 ene (EFE).- El vicesecretario general de Pol\\u00edtica Auton\\u00f3mica y Local del PP, Javier Arenas, defender\\u00e1 el pr\\u00f3ximo fin de semana en la Convenci\\u00f3n de Valladolid el compromiso \\\"firme\\\" del partido con el sostenimiento de la sociedad del bienestar y las reformas que ha hecho el Gobierno para asegurar su futuro. Lo har\\u00e1 como\",\"inLanguage\":\"es-ES\",\"isPartOf\":{\"@id\":\"https:\\\/\\\/www.eldigitaldeasturias.com\\\/noticias\\\/#website\"},\"breadcrumb\":{\"@id\":\"https:\\\/\\\/www.eldigitaldeasturias.com\\\/noticias\\\/arenas-defendera-el-compromiso-firme-del-pp-con-la-sociedad-del-bienestar\\\/#breadcrumblist\"},\"author\":{\"@id\":\"https:\\\/\\\/www.eldigitaldeasturias.com\\\/noticias\\\/author\\\/admin\\\/#author\"},\"creator\":{\"@id\":\"https:\\\/\\\/www.eldigitaldeasturias.com\\\/noticias\\\/author\\\/admin\\\/#author\"},\"image\":{\"@type\":\"ImageObject\",\"url\":\"https:\\\/\\\/www.eldigitaldeasturias.com\\\/noticias\\\/wp-content\\\/uploads\\\/2026\\\/06\\\/Contenidos.jpg\",\"@id\":\"https:\\\/\\\/www.eldigitaldeasturias.com\\\/noticias\\\/arenas-defendera-el-compromiso-firme-del-pp-con-la-sociedad-del-bienestar\\\/#mainImage\",\"width\":1265,\"height\":697,\"caption\":\"Contenidos\"},\"primaryImageOfPage\":{\"@id\":\"https:\\\/\\\/www.eldigitaldeasturias.com\\\/noticias\\\/arenas-defendera-el-compromiso-firme-del-pp-con-la-sociedad-del-bienestar\\\/#mainImage\"},\"datePublished\":\"2014-01-26T23:25:28+01:00\",\"dateModified\":\"2014-01-26T23:25:28+01:00\"},{\"@type\":\"WebSite\",\"@id\":\"https:\\\/\\\/www.eldigitaldeasturias.com\\\/noticias\\\/#website\",\"url\":\"https:\\\/\\\/www.eldigitaldeasturias.com\\\/noticias\\\/\",\"name\":\"El Digital de Asturias - Diario de actualidad y noticias\",\"alternateName\":\"El Digital de Asturias - Diario de actualidad y noticias\",\"description\":\"Hemeroteca\",\"inLanguage\":\"es-ES\",\"publisher\":{\"@id\":\"https:\\\/\\\/www.eldigitaldeasturias.com\\\/noticias\\\/#organization\"}}]}\n\t\t<\/script>\n\t\t<!-- All in One SEO Pro -->\r\n\t\t<title>Arenas defender\u00e1 el compromiso \u00abfirme\u00bb del PP con la sociedad del bienestar - El Digital de Asturias<\/title>\n\n","aioseo_head_json":{"title":"Arenas defender\u00e1 el compromiso \u00abfirme\u00bb del PP con la sociedad del bienestar - El Digital de Asturias","description":"Madrid, 26 ene (EFE).- El vicesecretario general de Pol\u00edtica Auton\u00f3mica y Local del PP, Javier Arenas, defender\u00e1 el pr\u00f3ximo fin de semana en la Convenci\u00f3n de Valladolid el compromiso \"firme\" del partido con el sostenimiento de la sociedad del bienestar y las reformas que ha hecho el Gobierno para asegurar su futuro. Lo har\u00e1 como","canonical_url":"https:\/\/www.eldigitaldeasturias.com\/noticias\/arenas-defendera-el-compromiso-firme-del-pp-con-la-sociedad-del-bienestar\/","robots":"max-image-preview:large","keywords":"actualidad","webmasterTools":{"google-site-verification":"UA-38556648-1","msvalidate.01":"7dfe9f3f1b24437ab69f4f2559babe99","miscellaneous":""},"schema":{"@context":"https:\/\/schema.org","@graph":[{"@type":"BlogPosting","@id":"https:\/\/www.eldigitaldeasturias.com\/noticias\/arenas-defendera-el-compromiso-firme-del-pp-con-la-sociedad-del-bienestar\/#blogposting","name":"Arenas defender\u00e1 el compromiso \u00abfirme\u00bb del PP con la sociedad del bienestar - El Digital de Asturias","headline":"Arenas defender\u00e1 el compromiso \u00abfirme\u00bb del PP con la sociedad del bienestar","author":{"@id":"https:\/\/www.eldigitaldeasturias.com\/noticias\/author\/admin\/#author"},"publisher":{"@id":"https:\/\/www.eldigitaldeasturias.com\/noticias\/#organization"},"image":{"@type":"ImageObject","url":"https:\/\/www.eldigitaldeasturias.com\/noticias\/wp-content\/uploads\/2026\/06\/Contenidos.jpg","width":1265,"height":697,"caption":"Contenidos"},"datePublished":"2014-01-26T23:25:28+01:00","dateModified":"2014-01-26T23:25:28+01:00","inLanguage":"es-ES","mainEntityOfPage":{"@id":"https:\/\/www.eldigitaldeasturias.com\/noticias\/arenas-defendera-el-compromiso-firme-del-pp-con-la-sociedad-del-bienestar\/#webpage"},"isPartOf":{"@id":"https:\/\/www.eldigitaldeasturias.com\/noticias\/arenas-defendera-el-compromiso-firme-del-pp-con-la-sociedad-del-bienestar\/#webpage"},"articleSection":"Actualidad"},{"@type":"BreadcrumbList","@id":"https:\/\/www.eldigitaldeasturias.com\/noticias\/arenas-defendera-el-compromiso-firme-del-pp-con-la-sociedad-del-bienestar\/#breadcrumblist","itemListElement":[{"@type":"ListItem","@id":"https:\/\/www.eldigitaldeasturias.com\/noticias#listItem","position":1,"name":"Home","item":"https:\/\/www.eldigitaldeasturias.com\/noticias","nextItem":{"@type":"ListItem","@id":"https:\/\/www.eldigitaldeasturias.com\/noticias\/category\/actualidad\/#listItem","name":"Actualidad"}},{"@type":"ListItem","@id":"https:\/\/www.eldigitaldeasturias.com\/noticias\/category\/actualidad\/#listItem","position":2,"name":"Actualidad","item":"https:\/\/www.eldigitaldeasturias.com\/noticias\/category\/actualidad\/","nextItem":{"@type":"ListItem","@id":"https:\/\/www.eldigitaldeasturias.com\/noticias\/arenas-defendera-el-compromiso-firme-del-pp-con-la-sociedad-del-bienestar\/#listItem","name":"Arenas defender\u00e1 el compromiso \u00abfirme\u00bb del PP con la sociedad del bienestar"},"previousItem":{"@type":"ListItem","@id":"https:\/\/www.eldigitaldeasturias.com\/noticias#listItem","name":"Home"}},{"@type":"ListItem","@id":"https:\/\/www.eldigitaldeasturias.com\/noticias\/arenas-defendera-el-compromiso-firme-del-pp-con-la-sociedad-del-bienestar\/#listItem","position":3,"name":"Arenas defender\u00e1 el compromiso \u00abfirme\u00bb del PP con la sociedad del bienestar","previousItem":{"@type":"ListItem","@id":"https:\/\/www.eldigitaldeasturias.com\/noticias\/category\/actualidad\/#listItem","name":"Actualidad"}}]},{"@type":"Organization","@id":"https:\/\/www.eldigitaldeasturias.com\/noticias\/#organization","name":"El Digital de Asturias","description":"Hemeroteca","url":"https:\/\/www.eldigitaldeasturias.com\/noticias\/","email":"info@eldigitaldeasturias.com","telephone":"+34652131393","logo":{"@type":"ImageObject","url":"https:\/\/www.eldigitaldeasturias.com\/noticias\/wp-content\/uploads\/2020\/12\/EDA.jpg","@id":"https:\/\/www.eldigitaldeasturias.com\/noticias\/arenas-defendera-el-compromiso-firme-del-pp-con-la-sociedad-del-bienestar\/#organizationLogo"},"image":{"@id":"https:\/\/www.eldigitaldeasturias.com\/noticias\/arenas-defendera-el-compromiso-firme-del-pp-con-la-sociedad-del-bienestar\/#organizationLogo"},"sameAs":["https:\/\/facebook.com\/eldigitaldeasturias","https:\/\/www.youtube.com\/channel\/UCZP-2wLEB9Rv6erhFmqVnvg"],"address":{"@id":"https:\/\/www.eldigitaldeasturias.com\/noticias\/#postaladdress","@type":"PostalAddress","streetAddress":"san antonio 4","postalCode":"33430","addressLocality":"Cand\u00e1s","addressRegion":"Asturias","addressCountry":"ES"}},{"@type":"Person","@id":"https:\/\/www.eldigitaldeasturias.com\/noticias\/author\/admin\/#author","url":"https:\/\/www.eldigitaldeasturias.com\/noticias\/author\/admin\/","name":"El Digital de Asturias","image":{"@type":"ImageObject","@id":"https:\/\/www.eldigitaldeasturias.com\/noticias\/arenas-defendera-el-compromiso-firme-del-pp-con-la-sociedad-del-bienestar\/#authorImage","url":"https:\/\/secure.gravatar.com\/avatar\/df2aeffc32bcd13f8d26072ef8a91b623d677766deac7f97ca815868cd41bf5e?s=96&d=mm&r=g","width":96,"height":96,"caption":"El Digital de Asturias"}},{"@type":"WebPage","@id":"https:\/\/www.eldigitaldeasturias.com\/noticias\/arenas-defendera-el-compromiso-firme-del-pp-con-la-sociedad-del-bienestar\/#webpage","url":"https:\/\/www.eldigitaldeasturias.com\/noticias\/arenas-defendera-el-compromiso-firme-del-pp-con-la-sociedad-del-bienestar\/","name":"Arenas defender\u00e1 el compromiso \u00abfirme\u00bb del PP con la sociedad del bienestar - El Digital de Asturias","description":"Madrid, 26 ene (EFE).- El vicesecretario general de Pol\u00edtica Auton\u00f3mica y Local del PP, Javier Arenas, defender\u00e1 el pr\u00f3ximo fin de semana en la Convenci\u00f3n de Valladolid el compromiso \"firme\" del partido con el sostenimiento de la sociedad del bienestar y las reformas que ha hecho el Gobierno para asegurar su futuro. Lo har\u00e1 como","inLanguage":"es-ES","isPartOf":{"@id":"https:\/\/www.eldigitaldeasturias.com\/noticias\/#website"},"breadcrumb":{"@id":"https:\/\/www.eldigitaldeasturias.com\/noticias\/arenas-defendera-el-compromiso-firme-del-pp-con-la-sociedad-del-bienestar\/#breadcrumblist"},"author":{"@id":"https:\/\/www.eldigitaldeasturias.com\/noticias\/author\/admin\/#author"},"creator":{"@id":"https:\/\/www.eldigitaldeasturias.com\/noticias\/author\/admin\/#author"},"image":{"@type":"ImageObject","url":"https:\/\/www.eldigitaldeasturias.com\/noticias\/wp-content\/uploads\/2026\/06\/Contenidos.jpg","@id":"https:\/\/www.eldigitaldeasturias.com\/noticias\/arenas-defendera-el-compromiso-firme-del-pp-con-la-sociedad-del-bienestar\/#mainImage","width":1265,"height":697,"caption":"Contenidos"},"primaryImageOfPage":{"@id":"https:\/\/www.eldigitaldeasturias.com\/noticias\/arenas-defendera-el-compromiso-firme-del-pp-con-la-sociedad-del-bienestar\/#mainImage"},"datePublished":"2014-01-26T23:25:28+01:00","dateModified":"2014-01-26T23:25:28+01:00"},{"@type":"WebSite","@id":"https:\/\/www.eldigitaldeasturias.com\/noticias\/#website","url":"https:\/\/www.eldigitaldeasturias.com\/noticias\/","name":"El Digital de Asturias - Diario de actualidad y noticias","alternateName":"El Digital de Asturias - Diario de actualidad y noticias","description":"Hemeroteca","inLanguage":"es-ES","publisher":{"@id":"https:\/\/www.eldigitaldeasturias.com\/noticias\/#organization"}}]},"og:locale":"es_ES","og:site_name":"El Digital de Asturias","og:type":"article","og:title":"Arenas defender\u00e1 el compromiso \u00abfirme\u00bb del PP con la sociedad del bienestar - El Digital de Asturias","og:description":"Madrid, 26 ene (EFE).- El vicesecretario general de Pol\u00edtica Auton\u00f3mica y Local del PP, Javier Arenas, defender\u00e1 el pr\u00f3ximo fin de semana en la Convenci\u00f3n de Valladolid el compromiso &quot;firme&quot; del partido con el sostenimiento de la sociedad del bienestar y las reformas que ha hecho el Gobierno para asegurar su futuro. Lo har\u00e1 como","og:url":"https:\/\/www.eldigitaldeasturias.com\/noticias\/arenas-defendera-el-compromiso-firme-del-pp-con-la-sociedad-del-bienestar\/","og:image":"https:\/\/www.eldigitaldeasturias.com\/noticias\/wp-content\/uploads\/2026\/06\/Contenidos.jpg","og:image:secure_url":"https:\/\/www.eldigitaldeasturias.com\/noticias\/wp-content\/uploads\/2026\/06\/Contenidos.jpg","og:image:width":1265,"og:image:height":697,"article:tag":["actualidad"],"article:published_time":"2014-01-27T00:25:28+00:00","article:modified_time":"2014-01-27T00:25:28+00:00","article:publisher":"https:\/\/facebook.com\/eldigitaldeasturias","twitter:card":"summary_large_image","twitter:title":"Arenas defender\u00e1 el compromiso \u00abfirme\u00bb del PP con la sociedad del bienestar - El Digital de Asturias","twitter:description":"Madrid, 26 ene (EFE).- El vicesecretario general de Pol\u00edtica Auton\u00f3mica y Local del PP, Javier Arenas, defender\u00e1 el pr\u00f3ximo fin de semana en la Convenci\u00f3n de Valladolid el compromiso &quot;firme&quot; del partido con el sostenimiento de la sociedad del bienestar y las reformas que ha hecho el Gobierno para asegurar su futuro. Lo har\u00e1 como","twitter:image":"https:\/\/www.eldigitaldeasturias.com\/noticias\/wp-content\/uploads\/2026\/06\/Contenidos.jpg","twitter:label1":"Escrito por","twitter:data1":"El Digital de Asturias","twitter:label2":"Tiempo de lectura estimado","twitter:data2":"3 minutos"},"aioseo_meta_data":{"post_id":"479229","title":null,"description":null,"keywords":null,"keyphrases":null,"primary_term":null,"canonical_url":null,"og_title":null,"og_description":null,"og_object_type":"default","og_image_type":"default","og_image_url":null,"og_image_width":null,"og_image_height":null,"og_image_custom_url":null,"og_image_custom_fields":null,"og_video":null,"og_custom_url":null,"og_article_section":null,"og_article_tags":null,"twitter_use_og":true,"twitter_card":"default","twitter_image_type":"default","twitter_image_url":null,"twitter_image_custom_url":null,"twitter_image_custom_fields":null,"twitter_title":null,"twitter_description":null,"schema":{"blockGraphs":[],"customGraphs":[],"default":{"data":{"Article":[],"Course":[],"Dataset":[],"FAQPage":[],"Movie":[],"Person":[],"Product":[],"ProductReview":[],"Car":[],"Recipe":[],"Service":[],"SoftwareApplication":[],"WebPage":[]},"graphName":"","isEnabled":true},"graphs":[],"defaultGraph":"","defaultPostTypeGraph":""},"schema_type":null,"schema_type_options":null,"pillar_content":false,"robots_default":true,"robots_noindex":false,"robots_noarchive":false,"robots_nosnippet":false,"robots_nofollow":false,"robots_noimageindex":false,"robots_noodp":false,"robots_notranslate":false,"robots_max_snippet":null,"robots_max_videopreview":null,"robots_max_imagepreview":"none","priority":null,"frequency":null,"local_seo":null,"seo_analyzer_scan_date":"2026-06-01 23:54:50","breadcrumb_settings":null,"limit_modified_date":false,"open_ai":null,"ai":null,"created":"2020-11-14 22:54:02","updated":"2026-06-01 23:54:50","focus_keyword":null,"additional_keywords":null,"truseo_locale":null},"aioseo_breadcrumb":"<div class=\"aioseo-breadcrumbs\"><span class=\"aioseo-breadcrumb\">\n\t<a href=\"https:\/\/www.eldigitaldeasturias.com\/noticias\" title=\"Home\">Home<\/a>\n<\/span><span class=\"aioseo-breadcrumb-separator\">\u2013<\/span><span class=\"aioseo-breadcrumb\">\n\t<a href=\"https:\/\/www.eldigitaldeasturias.com\/noticias\/category\/actualidad\/\" title=\"Actualidad\">Actualidad<\/a>\n<\/span><span class=\"aioseo-breadcrumb-separator\">\u2013<\/span><span class=\"aioseo-breadcrumb\">\n\t<a href=\"https:\/\/www.eldigitaldeasturias.com\/noticias\/arenas-defendera-el-compromiso-firme-del-pp-con-la-sociedad-del-bienestar\/\" title=\"Arenas defender\u00e1 el compromiso \u00abfirme\u00bb del PP con la sociedad del bienestar\">Arenas defender\u00e1 el compromiso \u00abfirme\u00bb del PP con la sociedad del bienestar<\/a>\n<\/span><\/div>","aioseo_breadcrumb_json":[{"label":"Home","link":"https:\/\/www.eldigitaldeasturias.com\/noticias"},{"label":"Actualidad","link":"https:\/\/www.eldigitaldeasturias.com\/noticias\/category\/actualidad\/"},{"label":"Arenas defender\u00e1 el compromiso \u00abfirme\u00bb del PP con la sociedad del bienestar","link":"https:\/\/www.eldigitaldeasturias.com\/noticias\/arenas-defendera-el-compromiso-firme-del-pp-con-la-sociedad-del-bienestar\/"}],"_links":{"self":[{"href":"https:\/\/www.eldigitaldeasturias.com\/noticias\/wp-json\/wp\/v2\/posts\/479229","targetHints":{"allow":["GET"]}}],"collection":[{"href":"https:\/\/www.eldigitaldeasturias.com\/noticias\/wp-json\/wp\/v2\/posts"}],"about":[{"href":"https:\/\/www.eldigitaldeasturias.com\/noticias\/wp-json\/wp\/v2\/types\/post"}],"author":[{"embeddable":true,"href":"https:\/\/www.eldigitaldeasturias.com\/noticias\/wp-json\/wp\/v2\/users\/1"}],"replies":[{"embeddable":true,"href":"https:\/\/www.eldigitaldeasturias.com\/noticias\/wp-json\/wp\/v2\/comments?post=479229"}],"version-history":[{"count":0,"href":"https:\/\/www.eldigitaldeasturias.com\/noticias\/wp-json\/wp\/v2\/posts\/479229\/revisions"}],"wp:featuredmedia":[{"embeddable":true,"href":"https:\/\/www.eldigitaldeasturias.com\/noticias\/wp-json\/wp\/v2\/media\/1132184"}],"wp:attachment":[{"href":"https:\/\/www.eldigitaldeasturias.com\/noticias\/wp-json\/wp\/v2\/media?parent=479229"}],"wp:term":[{"taxonomy":"category","embeddable":true,"href":"https:\/\/www.eldigitaldeasturias.com\/noticias\/wp-json\/wp\/v2\/categories?post=479229"},{"taxonomy":"post_tag","embeddable":true,"href":"https:\/\/www.eldigitaldeasturias.com\/noticias\/wp-json\/wp\/v2\/tags?post=479229"}],"curies":[{"name":"wp","href":"https:\/\/api.w.org\/{rel}","templated":true}]}}