{"id":479180,"date":"2014-01-26T23:03:37","date_gmt":"2014-01-27T00:03:37","guid":{"rendered":"http:\/\/www.eldigitaldeasturias.com\/noticias\/?p=479180"},"modified":"2014-01-26T23:03:37","modified_gmt":"2014-01-27T00:03:37","slug":"tension-en-barein-tras-la-muerte-de-un-joven-herido-de-bala-por-la-policia","status":"publish","type":"post","link":"https:\/\/www.eldigitaldeasturias.com\/noticias\/tension-en-barein-tras-la-muerte-de-un-joven-herido-de-bala-por-la-policia\/","title":{"rendered":"Tensi\u00f3n en Bar\u00e9in tras la muerte de un joven herido de bala por la polic\u00eda"},"content":{"rendered":"<p><img loading=\"lazy\" decoding=\"async\" class=\"alignleft size-medium wp-image-479181\" alt=\"5877274w\" src=\"https:\/\/www.eldigitaldeasturias.com\/noticias\/wp-content\/uploads\/2014\/01\/5877274w-360x239.jpg\" width=\"360\" height=\"239\" \/>Manama, 26 ene (EFE).- La polic\u00eda de Bar\u00e9in entreg\u00f3 hoy a su familia el cad\u00e1ver de un joven que muri\u00f3 esta noche por las heridas de bala sufridas hace casi tres semanas, lo que ha motivado la condena de la oposici\u00f3n, que acusa a las fuerzas de seguridad de su muerte.<\/p>\n<p>Fadel Abas Muslim, de 19 a\u00f1os, se hallaba en paradero desconocido desde el pasado 8 de enero, cuando fue tiroteado junto a otro joven, que se encuentra herido, en la localidad de Marj, en el norte del pa\u00eds.<\/p>\n<p>Las fuerzas gubernamentales impidieron a sus familiares visitarlo y no les ofrecieron informaci\u00f3n sobre su paradero hasta el 16 de enero, y hoy les fue devuelto su cuerpo sin vida tras fallecer en un hospital militar, denunciaron a Efe parientes del joven.<\/p>\n<p>Seg\u00fan fuentes presenciales, el cad\u00e1ver del joven, cuyo funeral se celebrar\u00e1 hoy en el pueblo de Duraz, presentaba un disparo de bala en la parte trasera de la cabeza.<\/p>\n<p>La polic\u00eda hab\u00eda emitido un breve comunicado tras el incidente, en el que indicaba que los dos j\u00f3venes estaban acusados de estar vinculados con un grupo de contrabando de armas y explosivos y que hab\u00edan sido heridos cuando intentaban escapar tras arrollar a polic\u00edas.<\/p>\n<p>Activistas de derechos humanos han identificado al segundo herido como Sadeq Yafar al Asafur, de 17 a\u00f1os, aunque han apuntado que un tercero, Ali Abdul Amir, fue tambi\u00e9n detenido en el incidente.<\/p>\n<p>Familiares de Al Asafur explicaron a Efe que solo consiguieron hablar recientemente con el joven y que, seg\u00fan \u00e9l, la polic\u00eda abri\u00f3 fuego cuando intentaban escapar.<\/p>\n<p>El principal grupo de la oposici\u00f3n, Al Wefaq, denunci\u00f3 la desaparici\u00f3n de los j\u00f3venes ante el Comit\u00e9 Internacional de la Cruz Roja por la ausencia de noticias sobre ellos.<\/p>\n<p>En un comunicado, Al Wefaq se\u00f1al\u00f3 que se trata de \u00abun crimen que revela las agresiones que comete el r\u00e9gimen contra aquellos ciudadanos que reivindican libertad, dignidad y democracia\u00bb.<\/p>\n","protected":false},"excerpt":{"rendered":"<p>Manama, 26 ene (EFE).- La polic\u00eda de Bar\u00e9in entreg\u00f3 hoy a su familia el cad\u00e1ver de un joven que muri\u00f3 esta noche por las heridas de bala sufridas hace casi tres semanas, lo que ha motivado la condena de la oposici\u00f3n, que acusa a las fuerzas de seguridad de su muerte. Fadel Abas Muslim, de [&hellip;]<\/p>\n","protected":false},"author":1,"featured_media":1132184,"comment_status":"closed","ping_status":"open","sticky":false,"template":"","format":"standard","meta":{"footnotes":""},"categories":[1],"tags":[],"class_list":["post-479180","post","type-post","status-publish","format-standard","has-post-thumbnail","hentry","category-actualidad"],"aioseo_notices":[],"aioseo_head":"\n\t\t<!-- All in One SEO Pro 5.0.1 - aioseo.com -->\n\t<meta name=\"description\" content=\"Manama, 26 ene (EFE).- La polic\u00eda de Bar\u00e9in entreg\u00f3 hoy a su familia el cad\u00e1ver de un joven que muri\u00f3 esta noche por las heridas de bala sufridas hace casi tres semanas, lo que ha motivado la condena de la oposici\u00f3n, que acusa a las fuerzas de seguridad de su muerte. Fadel Abas Muslim, de\" \/>\n\t<meta name=\"robots\" content=\"max-image-preview:large\" \/>\n\t<meta name=\"author\" content=\"El Digital de Asturias\"\/>\n\t<meta name=\"google-site-verification\" content=\"UA-38556648-1\" \/>\n\t<meta name=\"msvalidate.01\" content=\"7dfe9f3f1b24437ab69f4f2559babe99\" \/>\n\t<meta name=\"keywords\" content=\"actualidad\" \/>\n\t<link rel=\"canonical\" href=\"https:\/\/www.eldigitaldeasturias.com\/noticias\/tension-en-barein-tras-la-muerte-de-un-joven-herido-de-bala-por-la-policia\/\" \/>\n\t<meta name=\"generator\" content=\"All in One SEO Pro (AIOSEO) 5.0.1\" \/>\n\t\t<meta property=\"og:locale\" content=\"es_ES\" \/>\n\t\t<meta property=\"og:site_name\" content=\"El Digital de Asturias\" \/>\n\t\t<meta property=\"og:type\" content=\"article\" \/>\n\t\t<meta property=\"og:title\" content=\"Tensi\u00f3n en Bar\u00e9in tras la muerte de un joven herido de bala por la polic\u00eda - El Digital de Asturias\" \/>\n\t\t<meta property=\"og:description\" content=\"Manama, 26 ene (EFE).- La polic\u00eda de Bar\u00e9in entreg\u00f3 hoy a su familia el cad\u00e1ver de un joven que muri\u00f3 esta noche por las heridas de bala sufridas hace casi tres semanas, lo que ha motivado la condena de la oposici\u00f3n, que acusa a las fuerzas de seguridad de su muerte. Fadel Abas Muslim, de\" \/>\n\t\t<meta property=\"og:url\" content=\"https:\/\/www.eldigitaldeasturias.com\/noticias\/tension-en-barein-tras-la-muerte-de-un-joven-herido-de-bala-por-la-policia\/\" \/>\n\t\t<meta property=\"og:image\" content=\"https:\/\/www.eldigitaldeasturias.com\/noticias\/wp-content\/uploads\/2026\/06\/Contenidos.jpg\" \/>\n\t\t<meta property=\"og:image:secure_url\" content=\"https:\/\/www.eldigitaldeasturias.com\/noticias\/wp-content\/uploads\/2026\/06\/Contenidos.jpg\" \/>\n\t\t<meta property=\"og:image:width\" content=\"1265\" \/>\n\t\t<meta property=\"og:image:height\" content=\"697\" \/>\n\t\t<meta property=\"article:tag\" content=\"actualidad\" \/>\n\t\t<meta property=\"article:published_time\" content=\"2014-01-27T00:03:37+00:00\" \/>\n\t\t<meta property=\"article:modified_time\" content=\"2014-01-27T00:03:37+00:00\" \/>\n\t\t<meta property=\"article:publisher\" content=\"https:\/\/facebook.com\/eldigitaldeasturias\" \/>\n\t\t<meta name=\"twitter:card\" content=\"summary_large_image\" \/>\n\t\t<meta name=\"twitter:title\" content=\"Tensi\u00f3n en Bar\u00e9in tras la muerte de un joven herido de bala por la polic\u00eda - El Digital de Asturias\" \/>\n\t\t<meta name=\"twitter:description\" content=\"Manama, 26 ene (EFE).- La polic\u00eda de Bar\u00e9in entreg\u00f3 hoy a su familia el cad\u00e1ver de un joven que muri\u00f3 esta noche por las heridas de bala sufridas hace casi tres semanas, lo que ha motivado la condena de la oposici\u00f3n, que acusa a las fuerzas de seguridad de su muerte. Fadel Abas Muslim, de\" \/>\n\t\t<meta name=\"twitter:image\" content=\"https:\/\/www.eldigitaldeasturias.com\/noticias\/wp-content\/uploads\/2026\/06\/Contenidos.jpg\" \/>\n\t\t<meta name=\"twitter:label1\" content=\"Escrito por\" \/>\n\t\t<meta name=\"twitter:data1\" content=\"El Digital de Asturias\" \/>\n\t\t<meta name=\"twitter:label2\" content=\"Tiempo de lectura estimado\" \/>\n\t\t<meta name=\"twitter:data2\" content=\"2 minutos\" \/>\n\t\t<script type=\"application\/ld+json\" class=\"aioseo-schema\">\n\t\t\t{\"@context\":\"https:\\\/\\\/schema.org\",\"@graph\":[{\"@type\":\"BlogPosting\",\"@id\":\"https:\\\/\\\/www.eldigitaldeasturias.com\\\/noticias\\\/tension-en-barein-tras-la-muerte-de-un-joven-herido-de-bala-por-la-policia\\\/#blogposting\",\"name\":\"Tensi\\u00f3n en Bar\\u00e9in tras la muerte de un joven herido de bala por la polic\\u00eda - El Digital de Asturias\",\"headline\":\"Tensi\\u00f3n en Bar\\u00e9in tras la muerte de un joven herido de bala por la polic\\u00eda\",\"author\":{\"@id\":\"https:\\\/\\\/www.eldigitaldeasturias.com\\\/noticias\\\/author\\\/admin\\\/#author\"},\"publisher\":{\"@id\":\"https:\\\/\\\/www.eldigitaldeasturias.com\\\/noticias\\\/#organization\"},\"image\":{\"@type\":\"ImageObject\",\"url\":\"https:\\\/\\\/www.eldigitaldeasturias.com\\\/noticias\\\/wp-content\\\/uploads\\\/2026\\\/06\\\/Contenidos.jpg\",\"width\":1265,\"height\":697,\"caption\":\"Contenidos\"},\"datePublished\":\"2014-01-26T23:03:37+01:00\",\"dateModified\":\"2014-01-26T23:03:37+01:00\",\"inLanguage\":\"es-ES\",\"mainEntityOfPage\":{\"@id\":\"https:\\\/\\\/www.eldigitaldeasturias.com\\\/noticias\\\/tension-en-barein-tras-la-muerte-de-un-joven-herido-de-bala-por-la-policia\\\/#webpage\"},\"isPartOf\":{\"@id\":\"https:\\\/\\\/www.eldigitaldeasturias.com\\\/noticias\\\/tension-en-barein-tras-la-muerte-de-un-joven-herido-de-bala-por-la-policia\\\/#webpage\"},\"articleSection\":\"Actualidad\"},{\"@type\":\"BreadcrumbList\",\"@id\":\"https:\\\/\\\/www.eldigitaldeasturias.com\\\/noticias\\\/tension-en-barein-tras-la-muerte-de-un-joven-herido-de-bala-por-la-policia\\\/#breadcrumblist\",\"itemListElement\":[{\"@type\":\"ListItem\",\"@id\":\"https:\\\/\\\/www.eldigitaldeasturias.com\\\/noticias#listItem\",\"position\":1,\"name\":\"Home\",\"item\":\"https:\\\/\\\/www.eldigitaldeasturias.com\\\/noticias\",\"nextItem\":{\"@type\":\"ListItem\",\"@id\":\"https:\\\/\\\/www.eldigitaldeasturias.com\\\/noticias\\\/category\\\/actualidad\\\/#listItem\",\"name\":\"Actualidad\"}},{\"@type\":\"ListItem\",\"@id\":\"https:\\\/\\\/www.eldigitaldeasturias.com\\\/noticias\\\/category\\\/actualidad\\\/#listItem\",\"position\":2,\"name\":\"Actualidad\",\"item\":\"https:\\\/\\\/www.eldigitaldeasturias.com\\\/noticias\\\/category\\\/actualidad\\\/\",\"nextItem\":{\"@type\":\"ListItem\",\"@id\":\"https:\\\/\\\/www.eldigitaldeasturias.com\\\/noticias\\\/tension-en-barein-tras-la-muerte-de-un-joven-herido-de-bala-por-la-policia\\\/#listItem\",\"name\":\"Tensi\\u00f3n en Bar\\u00e9in tras la muerte de un joven herido de bala por la polic\\u00eda\"},\"previousItem\":{\"@type\":\"ListItem\",\"@id\":\"https:\\\/\\\/www.eldigitaldeasturias.com\\\/noticias#listItem\",\"name\":\"Home\"}},{\"@type\":\"ListItem\",\"@id\":\"https:\\\/\\\/www.eldigitaldeasturias.com\\\/noticias\\\/tension-en-barein-tras-la-muerte-de-un-joven-herido-de-bala-por-la-policia\\\/#listItem\",\"position\":3,\"name\":\"Tensi\\u00f3n en Bar\\u00e9in tras la muerte de un joven herido de bala por la polic\\u00eda\",\"previousItem\":{\"@type\":\"ListItem\",\"@id\":\"https:\\\/\\\/www.eldigitaldeasturias.com\\\/noticias\\\/category\\\/actualidad\\\/#listItem\",\"name\":\"Actualidad\"}}]},{\"@type\":\"Organization\",\"@id\":\"https:\\\/\\\/www.eldigitaldeasturias.com\\\/noticias\\\/#organization\",\"name\":\"El Digital de Asturias\",\"description\":\"Hemeroteca\",\"url\":\"https:\\\/\\\/www.eldigitaldeasturias.com\\\/noticias\\\/\",\"email\":\"info@eldigitaldeasturias.com\",\"telephone\":\"+34652131393\",\"logo\":{\"@type\":\"ImageObject\",\"url\":\"https:\\\/\\\/www.eldigitaldeasturias.com\\\/noticias\\\/wp-content\\\/uploads\\\/2020\\\/12\\\/EDA.jpg\",\"@id\":\"https:\\\/\\\/www.eldigitaldeasturias.com\\\/noticias\\\/tension-en-barein-tras-la-muerte-de-un-joven-herido-de-bala-por-la-policia\\\/#organizationLogo\"},\"image\":{\"@id\":\"https:\\\/\\\/www.eldigitaldeasturias.com\\\/noticias\\\/tension-en-barein-tras-la-muerte-de-un-joven-herido-de-bala-por-la-policia\\\/#organizationLogo\"},\"sameAs\":[\"https:\\\/\\\/facebook.com\\\/eldigitaldeasturias\",\"https:\\\/\\\/www.youtube.com\\\/channel\\\/UCZP-2wLEB9Rv6erhFmqVnvg\"],\"address\":{\"@id\":\"https:\\\/\\\/www.eldigitaldeasturias.com\\\/noticias\\\/#postaladdress\",\"@type\":\"PostalAddress\",\"streetAddress\":\"san antonio 4\",\"postalCode\":\"33430\",\"addressLocality\":\"Cand\\u00e1s\",\"addressRegion\":\"Asturias\",\"addressCountry\":\"ES\"}},{\"@type\":\"Person\",\"@id\":\"https:\\\/\\\/www.eldigitaldeasturias.com\\\/noticias\\\/author\\\/admin\\\/#author\",\"url\":\"https:\\\/\\\/www.eldigitaldeasturias.com\\\/noticias\\\/author\\\/admin\\\/\",\"name\":\"El Digital de Asturias\",\"image\":{\"@type\":\"ImageObject\",\"@id\":\"https:\\\/\\\/www.eldigitaldeasturias.com\\\/noticias\\\/tension-en-barein-tras-la-muerte-de-un-joven-herido-de-bala-por-la-policia\\\/#authorImage\",\"url\":\"https:\\\/\\\/secure.gravatar.com\\\/avatar\\\/df2aeffc32bcd13f8d26072ef8a91b623d677766deac7f97ca815868cd41bf5e?s=96&d=mm&r=g\",\"width\":96,\"height\":96,\"caption\":\"El Digital de Asturias\"}},{\"@type\":\"WebPage\",\"@id\":\"https:\\\/\\\/www.eldigitaldeasturias.com\\\/noticias\\\/tension-en-barein-tras-la-muerte-de-un-joven-herido-de-bala-por-la-policia\\\/#webpage\",\"url\":\"https:\\\/\\\/www.eldigitaldeasturias.com\\\/noticias\\\/tension-en-barein-tras-la-muerte-de-un-joven-herido-de-bala-por-la-policia\\\/\",\"name\":\"Tensi\\u00f3n en Bar\\u00e9in tras la muerte de un joven herido de bala por la polic\\u00eda - El Digital de Asturias\",\"description\":\"Manama, 26 ene (EFE).- La polic\\u00eda de Bar\\u00e9in entreg\\u00f3 hoy a su familia el cad\\u00e1ver de un joven que muri\\u00f3 esta noche por las heridas de bala sufridas hace casi tres semanas, lo que ha motivado la condena de la oposici\\u00f3n, que acusa a las fuerzas de seguridad de su muerte. Fadel Abas Muslim, de\",\"inLanguage\":\"es-ES\",\"isPartOf\":{\"@id\":\"https:\\\/\\\/www.eldigitaldeasturias.com\\\/noticias\\\/#website\"},\"breadcrumb\":{\"@id\":\"https:\\\/\\\/www.eldigitaldeasturias.com\\\/noticias\\\/tension-en-barein-tras-la-muerte-de-un-joven-herido-de-bala-por-la-policia\\\/#breadcrumblist\"},\"author\":{\"@id\":\"https:\\\/\\\/www.eldigitaldeasturias.com\\\/noticias\\\/author\\\/admin\\\/#author\"},\"creator\":{\"@id\":\"https:\\\/\\\/www.eldigitaldeasturias.com\\\/noticias\\\/author\\\/admin\\\/#author\"},\"image\":{\"@type\":\"ImageObject\",\"url\":\"https:\\\/\\\/www.eldigitaldeasturias.com\\\/noticias\\\/wp-content\\\/uploads\\\/2026\\\/06\\\/Contenidos.jpg\",\"@id\":\"https:\\\/\\\/www.eldigitaldeasturias.com\\\/noticias\\\/tension-en-barein-tras-la-muerte-de-un-joven-herido-de-bala-por-la-policia\\\/#mainImage\",\"width\":1265,\"height\":697,\"caption\":\"Contenidos\"},\"primaryImageOfPage\":{\"@id\":\"https:\\\/\\\/www.eldigitaldeasturias.com\\\/noticias\\\/tension-en-barein-tras-la-muerte-de-un-joven-herido-de-bala-por-la-policia\\\/#mainImage\"},\"datePublished\":\"2014-01-26T23:03:37+01:00\",\"dateModified\":\"2014-01-26T23:03:37+01:00\"},{\"@type\":\"WebSite\",\"@id\":\"https:\\\/\\\/www.eldigitaldeasturias.com\\\/noticias\\\/#website\",\"url\":\"https:\\\/\\\/www.eldigitaldeasturias.com\\\/noticias\\\/\",\"name\":\"El Digital de Asturias - Diario de actualidad y noticias\",\"alternateName\":\"El Digital de Asturias - Diario de actualidad y noticias\",\"description\":\"Hemeroteca\",\"inLanguage\":\"es-ES\",\"publisher\":{\"@id\":\"https:\\\/\\\/www.eldigitaldeasturias.com\\\/noticias\\\/#organization\"}}]}\n\t\t<\/script>\n\t\t<!-- All in One SEO Pro -->\r\n\t\t<title>Tensi\u00f3n en Bar\u00e9in tras la muerte de un joven herido de bala por la polic\u00eda - El Digital de Asturias<\/title>\n\n","aioseo_head_json":{"title":"Tensi\u00f3n en Bar\u00e9in tras la muerte de un joven herido de bala por la polic\u00eda - El Digital de Asturias","description":"Manama, 26 ene (EFE).- La polic\u00eda de Bar\u00e9in entreg\u00f3 hoy a su familia el cad\u00e1ver de un joven que muri\u00f3 esta noche por las heridas de bala sufridas hace casi tres semanas, lo que ha motivado la condena de la oposici\u00f3n, que acusa a las fuerzas de seguridad de su muerte. Fadel Abas Muslim, de","canonical_url":"https:\/\/www.eldigitaldeasturias.com\/noticias\/tension-en-barein-tras-la-muerte-de-un-joven-herido-de-bala-por-la-policia\/","robots":"max-image-preview:large","keywords":"actualidad","webmasterTools":{"google-site-verification":"UA-38556648-1","msvalidate.01":"7dfe9f3f1b24437ab69f4f2559babe99","miscellaneous":""},"schema":{"@context":"https:\/\/schema.org","@graph":[{"@type":"BlogPosting","@id":"https:\/\/www.eldigitaldeasturias.com\/noticias\/tension-en-barein-tras-la-muerte-de-un-joven-herido-de-bala-por-la-policia\/#blogposting","name":"Tensi\u00f3n en Bar\u00e9in tras la muerte de un joven herido de bala por la polic\u00eda - El Digital de Asturias","headline":"Tensi\u00f3n en Bar\u00e9in tras la muerte de un joven herido de bala por la polic\u00eda","author":{"@id":"https:\/\/www.eldigitaldeasturias.com\/noticias\/author\/admin\/#author"},"publisher":{"@id":"https:\/\/www.eldigitaldeasturias.com\/noticias\/#organization"},"image":{"@type":"ImageObject","url":"https:\/\/www.eldigitaldeasturias.com\/noticias\/wp-content\/uploads\/2026\/06\/Contenidos.jpg","width":1265,"height":697,"caption":"Contenidos"},"datePublished":"2014-01-26T23:03:37+01:00","dateModified":"2014-01-26T23:03:37+01:00","inLanguage":"es-ES","mainEntityOfPage":{"@id":"https:\/\/www.eldigitaldeasturias.com\/noticias\/tension-en-barein-tras-la-muerte-de-un-joven-herido-de-bala-por-la-policia\/#webpage"},"isPartOf":{"@id":"https:\/\/www.eldigitaldeasturias.com\/noticias\/tension-en-barein-tras-la-muerte-de-un-joven-herido-de-bala-por-la-policia\/#webpage"},"articleSection":"Actualidad"},{"@type":"BreadcrumbList","@id":"https:\/\/www.eldigitaldeasturias.com\/noticias\/tension-en-barein-tras-la-muerte-de-un-joven-herido-de-bala-por-la-policia\/#breadcrumblist","itemListElement":[{"@type":"ListItem","@id":"https:\/\/www.eldigitaldeasturias.com\/noticias#listItem","position":1,"name":"Home","item":"https:\/\/www.eldigitaldeasturias.com\/noticias","nextItem":{"@type":"ListItem","@id":"https:\/\/www.eldigitaldeasturias.com\/noticias\/category\/actualidad\/#listItem","name":"Actualidad"}},{"@type":"ListItem","@id":"https:\/\/www.eldigitaldeasturias.com\/noticias\/category\/actualidad\/#listItem","position":2,"name":"Actualidad","item":"https:\/\/www.eldigitaldeasturias.com\/noticias\/category\/actualidad\/","nextItem":{"@type":"ListItem","@id":"https:\/\/www.eldigitaldeasturias.com\/noticias\/tension-en-barein-tras-la-muerte-de-un-joven-herido-de-bala-por-la-policia\/#listItem","name":"Tensi\u00f3n en Bar\u00e9in tras la muerte de un joven herido de bala por la polic\u00eda"},"previousItem":{"@type":"ListItem","@id":"https:\/\/www.eldigitaldeasturias.com\/noticias#listItem","name":"Home"}},{"@type":"ListItem","@id":"https:\/\/www.eldigitaldeasturias.com\/noticias\/tension-en-barein-tras-la-muerte-de-un-joven-herido-de-bala-por-la-policia\/#listItem","position":3,"name":"Tensi\u00f3n en Bar\u00e9in tras la muerte de un joven herido de bala por la polic\u00eda","previousItem":{"@type":"ListItem","@id":"https:\/\/www.eldigitaldeasturias.com\/noticias\/category\/actualidad\/#listItem","name":"Actualidad"}}]},{"@type":"Organization","@id":"https:\/\/www.eldigitaldeasturias.com\/noticias\/#organization","name":"El Digital de Asturias","description":"Hemeroteca","url":"https:\/\/www.eldigitaldeasturias.com\/noticias\/","email":"info@eldigitaldeasturias.com","telephone":"+34652131393","logo":{"@type":"ImageObject","url":"https:\/\/www.eldigitaldeasturias.com\/noticias\/wp-content\/uploads\/2020\/12\/EDA.jpg","@id":"https:\/\/www.eldigitaldeasturias.com\/noticias\/tension-en-barein-tras-la-muerte-de-un-joven-herido-de-bala-por-la-policia\/#organizationLogo"},"image":{"@id":"https:\/\/www.eldigitaldeasturias.com\/noticias\/tension-en-barein-tras-la-muerte-de-un-joven-herido-de-bala-por-la-policia\/#organizationLogo"},"sameAs":["https:\/\/facebook.com\/eldigitaldeasturias","https:\/\/www.youtube.com\/channel\/UCZP-2wLEB9Rv6erhFmqVnvg"],"address":{"@id":"https:\/\/www.eldigitaldeasturias.com\/noticias\/#postaladdress","@type":"PostalAddress","streetAddress":"san antonio 4","postalCode":"33430","addressLocality":"Cand\u00e1s","addressRegion":"Asturias","addressCountry":"ES"}},{"@type":"Person","@id":"https:\/\/www.eldigitaldeasturias.com\/noticias\/author\/admin\/#author","url":"https:\/\/www.eldigitaldeasturias.com\/noticias\/author\/admin\/","name":"El Digital de Asturias","image":{"@type":"ImageObject","@id":"https:\/\/www.eldigitaldeasturias.com\/noticias\/tension-en-barein-tras-la-muerte-de-un-joven-herido-de-bala-por-la-policia\/#authorImage","url":"https:\/\/secure.gravatar.com\/avatar\/df2aeffc32bcd13f8d26072ef8a91b623d677766deac7f97ca815868cd41bf5e?s=96&d=mm&r=g","width":96,"height":96,"caption":"El Digital de Asturias"}},{"@type":"WebPage","@id":"https:\/\/www.eldigitaldeasturias.com\/noticias\/tension-en-barein-tras-la-muerte-de-un-joven-herido-de-bala-por-la-policia\/#webpage","url":"https:\/\/www.eldigitaldeasturias.com\/noticias\/tension-en-barein-tras-la-muerte-de-un-joven-herido-de-bala-por-la-policia\/","name":"Tensi\u00f3n en Bar\u00e9in tras la muerte de un joven herido de bala por la polic\u00eda - El Digital de Asturias","description":"Manama, 26 ene (EFE).- La polic\u00eda de Bar\u00e9in entreg\u00f3 hoy a su familia el cad\u00e1ver de un joven que muri\u00f3 esta noche por las heridas de bala sufridas hace casi tres semanas, lo que ha motivado la condena de la oposici\u00f3n, que acusa a las fuerzas de seguridad de su muerte. Fadel Abas Muslim, de","inLanguage":"es-ES","isPartOf":{"@id":"https:\/\/www.eldigitaldeasturias.com\/noticias\/#website"},"breadcrumb":{"@id":"https:\/\/www.eldigitaldeasturias.com\/noticias\/tension-en-barein-tras-la-muerte-de-un-joven-herido-de-bala-por-la-policia\/#breadcrumblist"},"author":{"@id":"https:\/\/www.eldigitaldeasturias.com\/noticias\/author\/admin\/#author"},"creator":{"@id":"https:\/\/www.eldigitaldeasturias.com\/noticias\/author\/admin\/#author"},"image":{"@type":"ImageObject","url":"https:\/\/www.eldigitaldeasturias.com\/noticias\/wp-content\/uploads\/2026\/06\/Contenidos.jpg","@id":"https:\/\/www.eldigitaldeasturias.com\/noticias\/tension-en-barein-tras-la-muerte-de-un-joven-herido-de-bala-por-la-policia\/#mainImage","width":1265,"height":697,"caption":"Contenidos"},"primaryImageOfPage":{"@id":"https:\/\/www.eldigitaldeasturias.com\/noticias\/tension-en-barein-tras-la-muerte-de-un-joven-herido-de-bala-por-la-policia\/#mainImage"},"datePublished":"2014-01-26T23:03:37+01:00","dateModified":"2014-01-26T23:03:37+01:00"},{"@type":"WebSite","@id":"https:\/\/www.eldigitaldeasturias.com\/noticias\/#website","url":"https:\/\/www.eldigitaldeasturias.com\/noticias\/","name":"El Digital de Asturias - Diario de actualidad y noticias","alternateName":"El Digital de Asturias - Diario de actualidad y noticias","description":"Hemeroteca","inLanguage":"es-ES","publisher":{"@id":"https:\/\/www.eldigitaldeasturias.com\/noticias\/#organization"}}]},"og:locale":"es_ES","og:site_name":"El Digital de Asturias","og:type":"article","og:title":"Tensi\u00f3n en Bar\u00e9in tras la muerte de un joven herido de bala por la polic\u00eda - El Digital de Asturias","og:description":"Manama, 26 ene (EFE).- La polic\u00eda de Bar\u00e9in entreg\u00f3 hoy a su familia el cad\u00e1ver de un joven que muri\u00f3 esta noche por las heridas de bala sufridas hace casi tres semanas, lo que ha motivado la condena de la oposici\u00f3n, que acusa a las fuerzas de seguridad de su muerte. Fadel Abas Muslim, de","og:url":"https:\/\/www.eldigitaldeasturias.com\/noticias\/tension-en-barein-tras-la-muerte-de-un-joven-herido-de-bala-por-la-policia\/","og:image":"https:\/\/www.eldigitaldeasturias.com\/noticias\/wp-content\/uploads\/2026\/06\/Contenidos.jpg","og:image:secure_url":"https:\/\/www.eldigitaldeasturias.com\/noticias\/wp-content\/uploads\/2026\/06\/Contenidos.jpg","og:image:width":1265,"og:image:height":697,"article:tag":["actualidad"],"article:published_time":"2014-01-27T00:03:37+00:00","article:modified_time":"2014-01-27T00:03:37+00:00","article:publisher":"https:\/\/facebook.com\/eldigitaldeasturias","twitter:card":"summary_large_image","twitter:title":"Tensi\u00f3n en Bar\u00e9in tras la muerte de un joven herido de bala por la polic\u00eda - El Digital de Asturias","twitter:description":"Manama, 26 ene (EFE).- La polic\u00eda de Bar\u00e9in entreg\u00f3 hoy a su familia el cad\u00e1ver de un joven que muri\u00f3 esta noche por las heridas de bala sufridas hace casi tres semanas, lo que ha motivado la condena de la oposici\u00f3n, que acusa a las fuerzas de seguridad de su muerte. Fadel Abas Muslim, de","twitter:image":"https:\/\/www.eldigitaldeasturias.com\/noticias\/wp-content\/uploads\/2026\/06\/Contenidos.jpg","twitter:label1":"Escrito por","twitter:data1":"El Digital de Asturias","twitter:label2":"Tiempo de lectura estimado","twitter:data2":"2 minutos"},"aioseo_meta_data":{"post_id":"479180","title":null,"description":null,"keywords":null,"keyphrases":null,"primary_term":null,"canonical_url":null,"og_title":null,"og_description":null,"og_object_type":"default","og_image_type":"default","og_image_url":null,"og_image_width":null,"og_image_height":null,"og_image_custom_url":null,"og_image_custom_fields":null,"og_video":null,"og_custom_url":null,"og_article_section":null,"og_article_tags":null,"twitter_use_og":true,"twitter_card":"default","twitter_image_type":"default","twitter_image_url":null,"twitter_image_custom_url":null,"twitter_image_custom_fields":null,"twitter_title":null,"twitter_description":null,"schema":{"blockGraphs":[],"customGraphs":[],"default":{"data":{"Article":[],"Course":[],"Dataset":[],"FAQPage":[],"Movie":[],"Person":[],"Product":[],"ProductReview":[],"Car":[],"Recipe":[],"Service":[],"SoftwareApplication":[],"WebPage":[]},"graphName":"","isEnabled":true},"graphs":[],"defaultGraph":"","defaultPostTypeGraph":""},"schema_type":null,"schema_type_options":null,"pillar_content":false,"robots_default":true,"robots_noindex":false,"robots_noarchive":false,"robots_nosnippet":false,"robots_nofollow":false,"robots_noimageindex":false,"robots_noodp":false,"robots_notranslate":false,"robots_max_snippet":null,"robots_max_videopreview":null,"robots_max_imagepreview":"none","priority":null,"frequency":null,"local_seo":null,"seo_analyzer_scan_date":"2026-06-01 23:46:55","breadcrumb_settings":null,"limit_modified_date":false,"open_ai":null,"ai":null,"created":"2020-11-14 22:54:02","updated":"2026-06-01 23:46:55","focus_keyword":null,"additional_keywords":null,"truseo_locale":null},"aioseo_breadcrumb":"<div class=\"aioseo-breadcrumbs\"><span class=\"aioseo-breadcrumb\">\n\t<a href=\"https:\/\/www.eldigitaldeasturias.com\/noticias\" title=\"Home\">Home<\/a>\n<\/span><span class=\"aioseo-breadcrumb-separator\">\u2013<\/span><span class=\"aioseo-breadcrumb\">\n\t<a href=\"https:\/\/www.eldigitaldeasturias.com\/noticias\/category\/actualidad\/\" title=\"Actualidad\">Actualidad<\/a>\n<\/span><span class=\"aioseo-breadcrumb-separator\">\u2013<\/span><span class=\"aioseo-breadcrumb\">\n\t<a href=\"https:\/\/www.eldigitaldeasturias.com\/noticias\/tension-en-barein-tras-la-muerte-de-un-joven-herido-de-bala-por-la-policia\/\" title=\"Tensi\u00f3n en Bar\u00e9in tras la muerte de un joven herido de bala por la polic\u00eda\">Tensi\u00f3n en Bar\u00e9in tras la muerte de un joven herido de bala por la polic\u00eda<\/a>\n<\/span><\/div>","aioseo_breadcrumb_json":[{"label":"Home","link":"https:\/\/www.eldigitaldeasturias.com\/noticias"},{"label":"Actualidad","link":"https:\/\/www.eldigitaldeasturias.com\/noticias\/category\/actualidad\/"},{"label":"Tensi\u00f3n en Bar\u00e9in tras la muerte de un joven herido de bala por la polic\u00eda","link":"https:\/\/www.eldigitaldeasturias.com\/noticias\/tension-en-barein-tras-la-muerte-de-un-joven-herido-de-bala-por-la-policia\/"}],"_links":{"self":[{"href":"https:\/\/www.eldigitaldeasturias.com\/noticias\/wp-json\/wp\/v2\/posts\/479180","targetHints":{"allow":["GET"]}}],"collection":[{"href":"https:\/\/www.eldigitaldeasturias.com\/noticias\/wp-json\/wp\/v2\/posts"}],"about":[{"href":"https:\/\/www.eldigitaldeasturias.com\/noticias\/wp-json\/wp\/v2\/types\/post"}],"author":[{"embeddable":true,"href":"https:\/\/www.eldigitaldeasturias.com\/noticias\/wp-json\/wp\/v2\/users\/1"}],"replies":[{"embeddable":true,"href":"https:\/\/www.eldigitaldeasturias.com\/noticias\/wp-json\/wp\/v2\/comments?post=479180"}],"version-history":[{"count":0,"href":"https:\/\/www.eldigitaldeasturias.com\/noticias\/wp-json\/wp\/v2\/posts\/479180\/revisions"}],"wp:featuredmedia":[{"embeddable":true,"href":"https:\/\/www.eldigitaldeasturias.com\/noticias\/wp-json\/wp\/v2\/media\/1132184"}],"wp:attachment":[{"href":"https:\/\/www.eldigitaldeasturias.com\/noticias\/wp-json\/wp\/v2\/media?parent=479180"}],"wp:term":[{"taxonomy":"category","embeddable":true,"href":"https:\/\/www.eldigitaldeasturias.com\/noticias\/wp-json\/wp\/v2\/categories?post=479180"},{"taxonomy":"post_tag","embeddable":true,"href":"https:\/\/www.eldigitaldeasturias.com\/noticias\/wp-json\/wp\/v2\/tags?post=479180"}],"curies":[{"name":"wp","href":"https:\/\/api.w.org\/{rel}","templated":true}]}}