{"id":479177,"date":"2014-01-26T23:02:30","date_gmt":"2014-01-27T00:02:30","guid":{"rendered":"http:\/\/www.eldigitaldeasturias.com\/noticias\/?p=479177"},"modified":"2014-01-26T23:02:30","modified_gmt":"2014-01-27T00:02:30","slug":"los-barones-del-psoe-ven-con-recelo-abrir-sus-primarias-autonomicas","status":"publish","type":"post","link":"https:\/\/www.eldigitaldeasturias.com\/noticias\/los-barones-del-psoe-ven-con-recelo-abrir-sus-primarias-autonomicas\/","title":{"rendered":"Los \u00abbarones\u00bb del PSOE ven con recelo abrir sus primarias auton\u00f3micas"},"content":{"rendered":"<p><img loading=\"lazy\" decoding=\"async\" class=\"alignleft size-medium wp-image-479178\" alt=\"5877256w\" src=\"https:\/\/www.eldigitaldeasturias.com\/noticias\/wp-content\/uploads\/2014\/01\/5877256w-360x253.jpg\" width=\"360\" height=\"253\" \/>Madrid, 26 ene (EFE).- La celebraci\u00f3n de primarias abiertas para elegir a los candidatos del PSOE a las pr\u00f3ximas elecciones auton\u00f3micas ha sido acogida con bastante frialdad por parte de los \u00abbarones\u00bb territoriales socialistas, hasta el punto de que no se descarta que su uso, al final, sea meramente anecd\u00f3tico.<\/p>\n<p>Primarias habr\u00e1 en septiembre en buena parte de los territorios que tienen elecciones en mayo de 2015, porque hace a\u00f1os que este sistema est\u00e1 implantado en el PSOE. La duda est\u00e1 en si ser\u00e1n abiertas o no.<\/p>\n<p>Una semana despu\u00e9s de que el Comit\u00e9 Federal del PSOE aprobara el calendario y el reglamento para regularlas, s\u00f3lo los socialistas valencianos y los baleares se han comprometido a celebrar primarias abiertas.<\/p>\n<p>De momento, la mayor parte de las direcciones regionales ve con reservas la posibilidad de abrir las urnas a todo el mundo, una f\u00f3rmula de selecci\u00f3n de candidatos in\u00e9dita en un gran partido en Espa\u00f1a y que dar\u00e1 voz y voto no s\u00f3lo a los militantes socialistas, sino a cualquier ciudadano interesado.<\/p>\n<p>Eso s\u00ed, pagando una cuota de dos euros y apunt\u00e1ndose en un registro previo para dejar constancia de su simpat\u00eda hacia los valores socialdem\u00f3cratas.<\/p>\n<p>Los mismos requisitos que para votar en las primarias abiertas que, posiblemente a finales del pr\u00f3ximo mes de noviembre, permitir\u00e1n al PSOE tener candidato a la Presidencia del Gobierno.<\/p>\n<p>Sin embargo, tanto las federaciones territoriales como Ferraz prefieren ser prudentes a la hora de extrapolar este sistema a las elecciones auton\u00f3micas, teniendo en cuenta que no est\u00e1 testado su funcionamiento y ante el riesgo de que haya una baja participaci\u00f3n.<\/p>\n<p>En ese escenario, el Comit\u00e9 Federal acord\u00f3 una especie de primarias \u00aba la carta\u00bb, de manera que si lo solicitan las direcciones regionales, y teniendo en cuenta las circunstancias particulares de cada caso, se podr\u00edan hacer abiertas o cerradas y adelantar o posponer a septiembre, el mes en el que se prev\u00e9 que se desarrolle el grueso de ellas.<\/p>\n<p>Ya se ha estrenado el PSPV-PSOE, habida cuenta de que el Comit\u00e9 del pasado s\u00e1bado dio el visto bueno a sus primarias abiertas y adelantadas, a las que est\u00e1n llamados militantes y simpatizantes el pr\u00f3ximo 9 de marzo en la que ser\u00e1 la primera experiencia del partido con este modelo.<\/p>\n<p>Tambi\u00e9n el PSIB-PSOE se ha sumado a este carro novedoso y su Consejo Pol\u00edtico dio ayer el pl\u00e1cet a las primarias abiertas.<\/p>\n<p>Hasta el momento, s\u00f3lo la exalcaldesa de Palma Aina Calvo, l\u00edder socialista de la capital, ha expresado su prop\u00f3sito de presentarse como candidata, aunque se da por hecho que tambi\u00e9n concurrir\u00e1 la secretaria regional, Francina Armengol.<\/p>\n<p>Quien ha asegurado asimismo tener \u00abvocaci\u00f3n\u00bb de imitar las primarias abiertas nacionales es el l\u00edder del PSOE de Ceuta, Jos\u00e9 Antonio Carracao, si bien ha reconocido que es el Comit\u00e9 Regional el que tiene la \u00faltima palabra sobre un proceso \u00abcomplejo\u00bb y que requerir\u00eda una gran capacidad de medios humanos y materiales.<\/p>\n<p>Otra federaci\u00f3n, la aragonesa, ha anunciado que quiere adelantar sus primarias y celebrarlas el pr\u00f3ximo mes de marzo, seg\u00fan ha dicho su l\u00edder, Javier Lamb\u00e1n, para as\u00ed diferenciarlas de las municipales y \u00absingularizar\u00bb los procesos, si bien no est\u00e1 decidido si ser\u00e1n abiertas o no.<\/p>\n<p>Mucho m\u00e1s cautos con las fechas y con la posibilidad de abrir el proceso a la gente se han mostrado otros territorios, que prefieren esperar acontecimientos, sobre todo el desenlace de las elecciones europeas de mayo.<\/p>\n<p>Oficialmente no hay nada decidido, pero los socialistas de Castilla-La Mancha y Castilla y Le\u00f3n parecen estar interesados en retrasar sus primarias hasta finales de a\u00f1o o comienzos de 2015, y que preferiblemente no sean abiertas.<\/p>\n<p>La direcci\u00f3n socialista castellanomanchega trabaja con la hip\u00f3tesis de que s\u00f3lo habr\u00e1 un candidato, Emiliano Garc\u00eda-Page, quien se ha mostrado disponible si la mayor\u00eda del partido le respalda.<\/p>\n<p>En cuanto a Castilla y Le\u00f3n, el secretario general, Julio Villarrubia, es abiertamente contrario a celebrar antes las primarias auton\u00f3micas que las nacionales y, seg\u00fan fuentes socialistas, tampoco ve con buenos ojos en principio la posibilidad de que sean abiertas.<\/p>\n<p>Tampoco Murcia ha decidido si abrir\u00e1 las primarias, pero una encuesta interna realizada hace unos meses evidenci\u00f3 que la militancia no era partidaria de esa opci\u00f3n y que se decantaba por hacer las primarias a la antigua usanza.<\/p>\n<p>Disciplinados en cuanto a fechas ser\u00e1n los canarios y los c\u00e1ntabros, porque sus respectivas direcciones han manifestado su conformidad con celebrar las primarias en septiembre.<\/p>\n<p>En medio de esta disparidad de criterio, el l\u00edder del PSM, Tom\u00e1s G\u00f3mez, cree que lo l\u00f3gico hubiera sido fijar un marco com\u00fan para todos los territorios, de manera que todas las federaciones hagan el mismo tipo de primarias: o todas abiertas o todas cerradas.<\/p>\n<p>Galicia, Andaluc\u00eda, Pa\u00eds Vasco, Asturias no tienen comicios el pr\u00f3ximo a\u00f1o y la elecci\u00f3n de sus candidatos no es motivo de urgencia por el momento. Catalu\u00f1a tampoco tiene elecciones, en principio, pero es que adem\u00e1s corresponde al PSC decidir las f\u00f3rmulas que emplea para designar a sus aspirantes.<\/p>\n<p>Con car\u00e1cter general, los socialistas no celebran habitualmente primarias para seleccionar a un candidato en aquellas instituciones en las que gobiernan.<\/p>\n","protected":false},"excerpt":{"rendered":"<p>Madrid, 26 ene (EFE).- La celebraci\u00f3n de primarias abiertas para elegir a los candidatos del PSOE a las pr\u00f3ximas elecciones auton\u00f3micas ha sido acogida con bastante frialdad por parte de los \u00abbarones\u00bb territoriales socialistas, hasta el punto de que no se descarta que su uso, al final, sea meramente anecd\u00f3tico. Primarias habr\u00e1 en septiembre en [&hellip;]<\/p>\n","protected":false},"author":1,"featured_media":1132184,"comment_status":"closed","ping_status":"open","sticky":false,"template":"","format":"standard","meta":{"footnotes":""},"categories":[1],"tags":[],"class_list":["post-479177","post","type-post","status-publish","format-standard","has-post-thumbnail","hentry","category-actualidad"],"aioseo_notices":[],"aioseo_head":"\n\t\t<!-- All in One SEO Pro 5.0.1 - aioseo.com -->\n\t<meta name=\"description\" content=\"Madrid, 26 ene (EFE).- La celebraci\u00f3n de primarias abiertas para elegir a los candidatos del PSOE a las pr\u00f3ximas elecciones auton\u00f3micas ha sido acogida con bastante frialdad por parte de los &quot;barones&quot; territoriales socialistas, hasta el punto de que no se descarta que su uso, al final, sea meramente anecd\u00f3tico. Primarias habr\u00e1 en septiembre en\" \/>\n\t<meta name=\"robots\" content=\"max-image-preview:large\" \/>\n\t<meta name=\"author\" content=\"El Digital de Asturias\"\/>\n\t<meta name=\"google-site-verification\" content=\"UA-38556648-1\" \/>\n\t<meta name=\"msvalidate.01\" content=\"7dfe9f3f1b24437ab69f4f2559babe99\" \/>\n\t<meta name=\"keywords\" content=\"actualidad\" \/>\n\t<link rel=\"canonical\" href=\"https:\/\/www.eldigitaldeasturias.com\/noticias\/los-barones-del-psoe-ven-con-recelo-abrir-sus-primarias-autonomicas\/\" \/>\n\t<meta name=\"generator\" content=\"All in One SEO Pro (AIOSEO) 5.0.1\" \/>\n\t\t<meta property=\"og:locale\" content=\"es_ES\" \/>\n\t\t<meta property=\"og:site_name\" content=\"El Digital de Asturias\" \/>\n\t\t<meta property=\"og:type\" content=\"article\" \/>\n\t\t<meta property=\"og:title\" content=\"Los \u00abbarones\u00bb del PSOE ven con recelo abrir sus primarias auton\u00f3micas - El Digital de Asturias\" \/>\n\t\t<meta property=\"og:description\" content=\"Madrid, 26 ene (EFE).- La celebraci\u00f3n de primarias abiertas para elegir a los candidatos del PSOE a las pr\u00f3ximas elecciones auton\u00f3micas ha sido acogida con bastante frialdad por parte de los &quot;barones&quot; territoriales socialistas, hasta el punto de que no se descarta que su uso, al final, sea meramente anecd\u00f3tico. Primarias habr\u00e1 en septiembre en\" \/>\n\t\t<meta property=\"og:url\" content=\"https:\/\/www.eldigitaldeasturias.com\/noticias\/los-barones-del-psoe-ven-con-recelo-abrir-sus-primarias-autonomicas\/\" \/>\n\t\t<meta property=\"og:image\" content=\"https:\/\/www.eldigitaldeasturias.com\/noticias\/wp-content\/uploads\/2026\/06\/Contenidos.jpg\" \/>\n\t\t<meta property=\"og:image:secure_url\" content=\"https:\/\/www.eldigitaldeasturias.com\/noticias\/wp-content\/uploads\/2026\/06\/Contenidos.jpg\" \/>\n\t\t<meta property=\"og:image:width\" content=\"1265\" \/>\n\t\t<meta property=\"og:image:height\" content=\"697\" \/>\n\t\t<meta property=\"article:tag\" content=\"actualidad\" \/>\n\t\t<meta property=\"article:published_time\" content=\"2014-01-27T00:02:30+00:00\" \/>\n\t\t<meta property=\"article:modified_time\" content=\"2014-01-27T00:02:30+00:00\" \/>\n\t\t<meta property=\"article:publisher\" content=\"https:\/\/facebook.com\/eldigitaldeasturias\" \/>\n\t\t<meta name=\"twitter:card\" content=\"summary_large_image\" \/>\n\t\t<meta name=\"twitter:title\" content=\"Los \u00abbarones\u00bb del PSOE ven con recelo abrir sus primarias auton\u00f3micas - El Digital de Asturias\" \/>\n\t\t<meta name=\"twitter:description\" content=\"Madrid, 26 ene (EFE).- La celebraci\u00f3n de primarias abiertas para elegir a los candidatos del PSOE a las pr\u00f3ximas elecciones auton\u00f3micas ha sido acogida con bastante frialdad por parte de los &quot;barones&quot; territoriales socialistas, hasta el punto de que no se descarta que su uso, al final, sea meramente anecd\u00f3tico. Primarias habr\u00e1 en septiembre en\" \/>\n\t\t<meta name=\"twitter:image\" content=\"https:\/\/www.eldigitaldeasturias.com\/noticias\/wp-content\/uploads\/2026\/06\/Contenidos.jpg\" \/>\n\t\t<meta name=\"twitter:label1\" content=\"Escrito por\" \/>\n\t\t<meta name=\"twitter:data1\" content=\"El Digital de Asturias\" \/>\n\t\t<meta name=\"twitter:label2\" content=\"Tiempo de lectura estimado\" \/>\n\t\t<meta name=\"twitter:data2\" content=\"5 minutos\" \/>\n\t\t<script type=\"application\/ld+json\" class=\"aioseo-schema\">\n\t\t\t{\"@context\":\"https:\\\/\\\/schema.org\",\"@graph\":[{\"@type\":\"BlogPosting\",\"@id\":\"https:\\\/\\\/www.eldigitaldeasturias.com\\\/noticias\\\/los-barones-del-psoe-ven-con-recelo-abrir-sus-primarias-autonomicas\\\/#blogposting\",\"name\":\"Los \\u00abbarones\\u00bb del PSOE ven con recelo abrir sus primarias auton\\u00f3micas - El Digital de Asturias\",\"headline\":\"Los \\u00abbarones\\u00bb del PSOE ven con recelo abrir sus primarias auton\\u00f3micas\",\"author\":{\"@id\":\"https:\\\/\\\/www.eldigitaldeasturias.com\\\/noticias\\\/author\\\/admin\\\/#author\"},\"publisher\":{\"@id\":\"https:\\\/\\\/www.eldigitaldeasturias.com\\\/noticias\\\/#organization\"},\"image\":{\"@type\":\"ImageObject\",\"url\":\"https:\\\/\\\/www.eldigitaldeasturias.com\\\/noticias\\\/wp-content\\\/uploads\\\/2026\\\/06\\\/Contenidos.jpg\",\"width\":1265,\"height\":697,\"caption\":\"Contenidos\"},\"datePublished\":\"2014-01-26T23:02:30+01:00\",\"dateModified\":\"2014-01-26T23:02:30+01:00\",\"inLanguage\":\"es-ES\",\"mainEntityOfPage\":{\"@id\":\"https:\\\/\\\/www.eldigitaldeasturias.com\\\/noticias\\\/los-barones-del-psoe-ven-con-recelo-abrir-sus-primarias-autonomicas\\\/#webpage\"},\"isPartOf\":{\"@id\":\"https:\\\/\\\/www.eldigitaldeasturias.com\\\/noticias\\\/los-barones-del-psoe-ven-con-recelo-abrir-sus-primarias-autonomicas\\\/#webpage\"},\"articleSection\":\"Actualidad\"},{\"@type\":\"BreadcrumbList\",\"@id\":\"https:\\\/\\\/www.eldigitaldeasturias.com\\\/noticias\\\/los-barones-del-psoe-ven-con-recelo-abrir-sus-primarias-autonomicas\\\/#breadcrumblist\",\"itemListElement\":[{\"@type\":\"ListItem\",\"@id\":\"https:\\\/\\\/www.eldigitaldeasturias.com\\\/noticias#listItem\",\"position\":1,\"name\":\"Home\",\"item\":\"https:\\\/\\\/www.eldigitaldeasturias.com\\\/noticias\",\"nextItem\":{\"@type\":\"ListItem\",\"@id\":\"https:\\\/\\\/www.eldigitaldeasturias.com\\\/noticias\\\/category\\\/actualidad\\\/#listItem\",\"name\":\"Actualidad\"}},{\"@type\":\"ListItem\",\"@id\":\"https:\\\/\\\/www.eldigitaldeasturias.com\\\/noticias\\\/category\\\/actualidad\\\/#listItem\",\"position\":2,\"name\":\"Actualidad\",\"item\":\"https:\\\/\\\/www.eldigitaldeasturias.com\\\/noticias\\\/category\\\/actualidad\\\/\",\"nextItem\":{\"@type\":\"ListItem\",\"@id\":\"https:\\\/\\\/www.eldigitaldeasturias.com\\\/noticias\\\/los-barones-del-psoe-ven-con-recelo-abrir-sus-primarias-autonomicas\\\/#listItem\",\"name\":\"Los \\u00abbarones\\u00bb del PSOE ven con recelo abrir sus primarias auton\\u00f3micas\"},\"previousItem\":{\"@type\":\"ListItem\",\"@id\":\"https:\\\/\\\/www.eldigitaldeasturias.com\\\/noticias#listItem\",\"name\":\"Home\"}},{\"@type\":\"ListItem\",\"@id\":\"https:\\\/\\\/www.eldigitaldeasturias.com\\\/noticias\\\/los-barones-del-psoe-ven-con-recelo-abrir-sus-primarias-autonomicas\\\/#listItem\",\"position\":3,\"name\":\"Los \\u00abbarones\\u00bb del PSOE ven con recelo abrir sus primarias auton\\u00f3micas\",\"previousItem\":{\"@type\":\"ListItem\",\"@id\":\"https:\\\/\\\/www.eldigitaldeasturias.com\\\/noticias\\\/category\\\/actualidad\\\/#listItem\",\"name\":\"Actualidad\"}}]},{\"@type\":\"Organization\",\"@id\":\"https:\\\/\\\/www.eldigitaldeasturias.com\\\/noticias\\\/#organization\",\"name\":\"El Digital de Asturias\",\"description\":\"Hemeroteca\",\"url\":\"https:\\\/\\\/www.eldigitaldeasturias.com\\\/noticias\\\/\",\"email\":\"info@eldigitaldeasturias.com\",\"telephone\":\"+34652131393\",\"logo\":{\"@type\":\"ImageObject\",\"url\":\"https:\\\/\\\/www.eldigitaldeasturias.com\\\/noticias\\\/wp-content\\\/uploads\\\/2020\\\/12\\\/EDA.jpg\",\"@id\":\"https:\\\/\\\/www.eldigitaldeasturias.com\\\/noticias\\\/los-barones-del-psoe-ven-con-recelo-abrir-sus-primarias-autonomicas\\\/#organizationLogo\"},\"image\":{\"@id\":\"https:\\\/\\\/www.eldigitaldeasturias.com\\\/noticias\\\/los-barones-del-psoe-ven-con-recelo-abrir-sus-primarias-autonomicas\\\/#organizationLogo\"},\"sameAs\":[\"https:\\\/\\\/facebook.com\\\/eldigitaldeasturias\",\"https:\\\/\\\/www.youtube.com\\\/channel\\\/UCZP-2wLEB9Rv6erhFmqVnvg\"],\"address\":{\"@id\":\"https:\\\/\\\/www.eldigitaldeasturias.com\\\/noticias\\\/#postaladdress\",\"@type\":\"PostalAddress\",\"streetAddress\":\"san antonio 4\",\"postalCode\":\"33430\",\"addressLocality\":\"Cand\\u00e1s\",\"addressRegion\":\"Asturias\",\"addressCountry\":\"ES\"}},{\"@type\":\"Person\",\"@id\":\"https:\\\/\\\/www.eldigitaldeasturias.com\\\/noticias\\\/author\\\/admin\\\/#author\",\"url\":\"https:\\\/\\\/www.eldigitaldeasturias.com\\\/noticias\\\/author\\\/admin\\\/\",\"name\":\"El Digital de Asturias\",\"image\":{\"@type\":\"ImageObject\",\"@id\":\"https:\\\/\\\/www.eldigitaldeasturias.com\\\/noticias\\\/los-barones-del-psoe-ven-con-recelo-abrir-sus-primarias-autonomicas\\\/#authorImage\",\"url\":\"https:\\\/\\\/secure.gravatar.com\\\/avatar\\\/df2aeffc32bcd13f8d26072ef8a91b623d677766deac7f97ca815868cd41bf5e?s=96&d=mm&r=g\",\"width\":96,\"height\":96,\"caption\":\"El Digital de Asturias\"}},{\"@type\":\"WebPage\",\"@id\":\"https:\\\/\\\/www.eldigitaldeasturias.com\\\/noticias\\\/los-barones-del-psoe-ven-con-recelo-abrir-sus-primarias-autonomicas\\\/#webpage\",\"url\":\"https:\\\/\\\/www.eldigitaldeasturias.com\\\/noticias\\\/los-barones-del-psoe-ven-con-recelo-abrir-sus-primarias-autonomicas\\\/\",\"name\":\"Los \\u00abbarones\\u00bb del PSOE ven con recelo abrir sus primarias auton\\u00f3micas - El Digital de Asturias\",\"description\":\"Madrid, 26 ene (EFE).- La celebraci\\u00f3n de primarias abiertas para elegir a los candidatos del PSOE a las pr\\u00f3ximas elecciones auton\\u00f3micas ha sido acogida con bastante frialdad por parte de los \\\"barones\\\" territoriales socialistas, hasta el punto de que no se descarta que su uso, al final, sea meramente anecd\\u00f3tico. Primarias habr\\u00e1 en septiembre en\",\"inLanguage\":\"es-ES\",\"isPartOf\":{\"@id\":\"https:\\\/\\\/www.eldigitaldeasturias.com\\\/noticias\\\/#website\"},\"breadcrumb\":{\"@id\":\"https:\\\/\\\/www.eldigitaldeasturias.com\\\/noticias\\\/los-barones-del-psoe-ven-con-recelo-abrir-sus-primarias-autonomicas\\\/#breadcrumblist\"},\"author\":{\"@id\":\"https:\\\/\\\/www.eldigitaldeasturias.com\\\/noticias\\\/author\\\/admin\\\/#author\"},\"creator\":{\"@id\":\"https:\\\/\\\/www.eldigitaldeasturias.com\\\/noticias\\\/author\\\/admin\\\/#author\"},\"image\":{\"@type\":\"ImageObject\",\"url\":\"https:\\\/\\\/www.eldigitaldeasturias.com\\\/noticias\\\/wp-content\\\/uploads\\\/2026\\\/06\\\/Contenidos.jpg\",\"@id\":\"https:\\\/\\\/www.eldigitaldeasturias.com\\\/noticias\\\/los-barones-del-psoe-ven-con-recelo-abrir-sus-primarias-autonomicas\\\/#mainImage\",\"width\":1265,\"height\":697,\"caption\":\"Contenidos\"},\"primaryImageOfPage\":{\"@id\":\"https:\\\/\\\/www.eldigitaldeasturias.com\\\/noticias\\\/los-barones-del-psoe-ven-con-recelo-abrir-sus-primarias-autonomicas\\\/#mainImage\"},\"datePublished\":\"2014-01-26T23:02:30+01:00\",\"dateModified\":\"2014-01-26T23:02:30+01:00\"},{\"@type\":\"WebSite\",\"@id\":\"https:\\\/\\\/www.eldigitaldeasturias.com\\\/noticias\\\/#website\",\"url\":\"https:\\\/\\\/www.eldigitaldeasturias.com\\\/noticias\\\/\",\"name\":\"El Digital de Asturias - Diario de actualidad y noticias\",\"alternateName\":\"El Digital de Asturias - Diario de actualidad y noticias\",\"description\":\"Hemeroteca\",\"inLanguage\":\"es-ES\",\"publisher\":{\"@id\":\"https:\\\/\\\/www.eldigitaldeasturias.com\\\/noticias\\\/#organization\"}}]}\n\t\t<\/script>\n\t\t<!-- All in One SEO Pro -->\r\n\t\t<title>Los \u00abbarones\u00bb del PSOE ven con recelo abrir sus primarias auton\u00f3micas - El Digital de Asturias<\/title>\n\n","aioseo_head_json":{"title":"Los \u00abbarones\u00bb del PSOE ven con recelo abrir sus primarias auton\u00f3micas - El Digital de Asturias","description":"Madrid, 26 ene (EFE).- La celebraci\u00f3n de primarias abiertas para elegir a los candidatos del PSOE a las pr\u00f3ximas elecciones auton\u00f3micas ha sido acogida con bastante frialdad por parte de los \"barones\" territoriales socialistas, hasta el punto de que no se descarta que su uso, al final, sea meramente anecd\u00f3tico. Primarias habr\u00e1 en septiembre en","canonical_url":"https:\/\/www.eldigitaldeasturias.com\/noticias\/los-barones-del-psoe-ven-con-recelo-abrir-sus-primarias-autonomicas\/","robots":"max-image-preview:large","keywords":"actualidad","webmasterTools":{"google-site-verification":"UA-38556648-1","msvalidate.01":"7dfe9f3f1b24437ab69f4f2559babe99","miscellaneous":""},"schema":{"@context":"https:\/\/schema.org","@graph":[{"@type":"BlogPosting","@id":"https:\/\/www.eldigitaldeasturias.com\/noticias\/los-barones-del-psoe-ven-con-recelo-abrir-sus-primarias-autonomicas\/#blogposting","name":"Los \u00abbarones\u00bb del PSOE ven con recelo abrir sus primarias auton\u00f3micas - El Digital de Asturias","headline":"Los \u00abbarones\u00bb del PSOE ven con recelo abrir sus primarias auton\u00f3micas","author":{"@id":"https:\/\/www.eldigitaldeasturias.com\/noticias\/author\/admin\/#author"},"publisher":{"@id":"https:\/\/www.eldigitaldeasturias.com\/noticias\/#organization"},"image":{"@type":"ImageObject","url":"https:\/\/www.eldigitaldeasturias.com\/noticias\/wp-content\/uploads\/2026\/06\/Contenidos.jpg","width":1265,"height":697,"caption":"Contenidos"},"datePublished":"2014-01-26T23:02:30+01:00","dateModified":"2014-01-26T23:02:30+01:00","inLanguage":"es-ES","mainEntityOfPage":{"@id":"https:\/\/www.eldigitaldeasturias.com\/noticias\/los-barones-del-psoe-ven-con-recelo-abrir-sus-primarias-autonomicas\/#webpage"},"isPartOf":{"@id":"https:\/\/www.eldigitaldeasturias.com\/noticias\/los-barones-del-psoe-ven-con-recelo-abrir-sus-primarias-autonomicas\/#webpage"},"articleSection":"Actualidad"},{"@type":"BreadcrumbList","@id":"https:\/\/www.eldigitaldeasturias.com\/noticias\/los-barones-del-psoe-ven-con-recelo-abrir-sus-primarias-autonomicas\/#breadcrumblist","itemListElement":[{"@type":"ListItem","@id":"https:\/\/www.eldigitaldeasturias.com\/noticias#listItem","position":1,"name":"Home","item":"https:\/\/www.eldigitaldeasturias.com\/noticias","nextItem":{"@type":"ListItem","@id":"https:\/\/www.eldigitaldeasturias.com\/noticias\/category\/actualidad\/#listItem","name":"Actualidad"}},{"@type":"ListItem","@id":"https:\/\/www.eldigitaldeasturias.com\/noticias\/category\/actualidad\/#listItem","position":2,"name":"Actualidad","item":"https:\/\/www.eldigitaldeasturias.com\/noticias\/category\/actualidad\/","nextItem":{"@type":"ListItem","@id":"https:\/\/www.eldigitaldeasturias.com\/noticias\/los-barones-del-psoe-ven-con-recelo-abrir-sus-primarias-autonomicas\/#listItem","name":"Los \u00abbarones\u00bb del PSOE ven con recelo abrir sus primarias auton\u00f3micas"},"previousItem":{"@type":"ListItem","@id":"https:\/\/www.eldigitaldeasturias.com\/noticias#listItem","name":"Home"}},{"@type":"ListItem","@id":"https:\/\/www.eldigitaldeasturias.com\/noticias\/los-barones-del-psoe-ven-con-recelo-abrir-sus-primarias-autonomicas\/#listItem","position":3,"name":"Los \u00abbarones\u00bb del PSOE ven con recelo abrir sus primarias auton\u00f3micas","previousItem":{"@type":"ListItem","@id":"https:\/\/www.eldigitaldeasturias.com\/noticias\/category\/actualidad\/#listItem","name":"Actualidad"}}]},{"@type":"Organization","@id":"https:\/\/www.eldigitaldeasturias.com\/noticias\/#organization","name":"El Digital de Asturias","description":"Hemeroteca","url":"https:\/\/www.eldigitaldeasturias.com\/noticias\/","email":"info@eldigitaldeasturias.com","telephone":"+34652131393","logo":{"@type":"ImageObject","url":"https:\/\/www.eldigitaldeasturias.com\/noticias\/wp-content\/uploads\/2020\/12\/EDA.jpg","@id":"https:\/\/www.eldigitaldeasturias.com\/noticias\/los-barones-del-psoe-ven-con-recelo-abrir-sus-primarias-autonomicas\/#organizationLogo"},"image":{"@id":"https:\/\/www.eldigitaldeasturias.com\/noticias\/los-barones-del-psoe-ven-con-recelo-abrir-sus-primarias-autonomicas\/#organizationLogo"},"sameAs":["https:\/\/facebook.com\/eldigitaldeasturias","https:\/\/www.youtube.com\/channel\/UCZP-2wLEB9Rv6erhFmqVnvg"],"address":{"@id":"https:\/\/www.eldigitaldeasturias.com\/noticias\/#postaladdress","@type":"PostalAddress","streetAddress":"san antonio 4","postalCode":"33430","addressLocality":"Cand\u00e1s","addressRegion":"Asturias","addressCountry":"ES"}},{"@type":"Person","@id":"https:\/\/www.eldigitaldeasturias.com\/noticias\/author\/admin\/#author","url":"https:\/\/www.eldigitaldeasturias.com\/noticias\/author\/admin\/","name":"El Digital de Asturias","image":{"@type":"ImageObject","@id":"https:\/\/www.eldigitaldeasturias.com\/noticias\/los-barones-del-psoe-ven-con-recelo-abrir-sus-primarias-autonomicas\/#authorImage","url":"https:\/\/secure.gravatar.com\/avatar\/df2aeffc32bcd13f8d26072ef8a91b623d677766deac7f97ca815868cd41bf5e?s=96&d=mm&r=g","width":96,"height":96,"caption":"El Digital de Asturias"}},{"@type":"WebPage","@id":"https:\/\/www.eldigitaldeasturias.com\/noticias\/los-barones-del-psoe-ven-con-recelo-abrir-sus-primarias-autonomicas\/#webpage","url":"https:\/\/www.eldigitaldeasturias.com\/noticias\/los-barones-del-psoe-ven-con-recelo-abrir-sus-primarias-autonomicas\/","name":"Los \u00abbarones\u00bb del PSOE ven con recelo abrir sus primarias auton\u00f3micas - El Digital de Asturias","description":"Madrid, 26 ene (EFE).- La celebraci\u00f3n de primarias abiertas para elegir a los candidatos del PSOE a las pr\u00f3ximas elecciones auton\u00f3micas ha sido acogida con bastante frialdad por parte de los \"barones\" territoriales socialistas, hasta el punto de que no se descarta que su uso, al final, sea meramente anecd\u00f3tico. Primarias habr\u00e1 en septiembre en","inLanguage":"es-ES","isPartOf":{"@id":"https:\/\/www.eldigitaldeasturias.com\/noticias\/#website"},"breadcrumb":{"@id":"https:\/\/www.eldigitaldeasturias.com\/noticias\/los-barones-del-psoe-ven-con-recelo-abrir-sus-primarias-autonomicas\/#breadcrumblist"},"author":{"@id":"https:\/\/www.eldigitaldeasturias.com\/noticias\/author\/admin\/#author"},"creator":{"@id":"https:\/\/www.eldigitaldeasturias.com\/noticias\/author\/admin\/#author"},"image":{"@type":"ImageObject","url":"https:\/\/www.eldigitaldeasturias.com\/noticias\/wp-content\/uploads\/2026\/06\/Contenidos.jpg","@id":"https:\/\/www.eldigitaldeasturias.com\/noticias\/los-barones-del-psoe-ven-con-recelo-abrir-sus-primarias-autonomicas\/#mainImage","width":1265,"height":697,"caption":"Contenidos"},"primaryImageOfPage":{"@id":"https:\/\/www.eldigitaldeasturias.com\/noticias\/los-barones-del-psoe-ven-con-recelo-abrir-sus-primarias-autonomicas\/#mainImage"},"datePublished":"2014-01-26T23:02:30+01:00","dateModified":"2014-01-26T23:02:30+01:00"},{"@type":"WebSite","@id":"https:\/\/www.eldigitaldeasturias.com\/noticias\/#website","url":"https:\/\/www.eldigitaldeasturias.com\/noticias\/","name":"El Digital de Asturias - Diario de actualidad y noticias","alternateName":"El Digital de Asturias - Diario de actualidad y noticias","description":"Hemeroteca","inLanguage":"es-ES","publisher":{"@id":"https:\/\/www.eldigitaldeasturias.com\/noticias\/#organization"}}]},"og:locale":"es_ES","og:site_name":"El Digital de Asturias","og:type":"article","og:title":"Los \u00abbarones\u00bb del PSOE ven con recelo abrir sus primarias auton\u00f3micas - El Digital de Asturias","og:description":"Madrid, 26 ene (EFE).- La celebraci\u00f3n de primarias abiertas para elegir a los candidatos del PSOE a las pr\u00f3ximas elecciones auton\u00f3micas ha sido acogida con bastante frialdad por parte de los &quot;barones&quot; territoriales socialistas, hasta el punto de que no se descarta que su uso, al final, sea meramente anecd\u00f3tico. Primarias habr\u00e1 en septiembre en","og:url":"https:\/\/www.eldigitaldeasturias.com\/noticias\/los-barones-del-psoe-ven-con-recelo-abrir-sus-primarias-autonomicas\/","og:image":"https:\/\/www.eldigitaldeasturias.com\/noticias\/wp-content\/uploads\/2026\/06\/Contenidos.jpg","og:image:secure_url":"https:\/\/www.eldigitaldeasturias.com\/noticias\/wp-content\/uploads\/2026\/06\/Contenidos.jpg","og:image:width":1265,"og:image:height":697,"article:tag":["actualidad"],"article:published_time":"2014-01-27T00:02:30+00:00","article:modified_time":"2014-01-27T00:02:30+00:00","article:publisher":"https:\/\/facebook.com\/eldigitaldeasturias","twitter:card":"summary_large_image","twitter:title":"Los \u00abbarones\u00bb del PSOE ven con recelo abrir sus primarias auton\u00f3micas - El Digital de Asturias","twitter:description":"Madrid, 26 ene (EFE).- La celebraci\u00f3n de primarias abiertas para elegir a los candidatos del PSOE a las pr\u00f3ximas elecciones auton\u00f3micas ha sido acogida con bastante frialdad por parte de los &quot;barones&quot; territoriales socialistas, hasta el punto de que no se descarta que su uso, al final, sea meramente anecd\u00f3tico. Primarias habr\u00e1 en septiembre en","twitter:image":"https:\/\/www.eldigitaldeasturias.com\/noticias\/wp-content\/uploads\/2026\/06\/Contenidos.jpg","twitter:label1":"Escrito por","twitter:data1":"El Digital de Asturias","twitter:label2":"Tiempo de lectura estimado","twitter:data2":"5 minutos"},"aioseo_meta_data":{"post_id":"479177","title":null,"description":null,"keywords":null,"keyphrases":null,"primary_term":null,"canonical_url":null,"og_title":null,"og_description":null,"og_object_type":"default","og_image_type":"default","og_image_url":null,"og_image_width":null,"og_image_height":null,"og_image_custom_url":null,"og_image_custom_fields":null,"og_video":null,"og_custom_url":null,"og_article_section":null,"og_article_tags":null,"twitter_use_og":true,"twitter_card":"default","twitter_image_type":"default","twitter_image_url":null,"twitter_image_custom_url":null,"twitter_image_custom_fields":null,"twitter_title":null,"twitter_description":null,"schema":{"blockGraphs":[],"customGraphs":[],"default":{"data":{"Article":[],"Course":[],"Dataset":[],"FAQPage":[],"Movie":[],"Person":[],"Product":[],"ProductReview":[],"Car":[],"Recipe":[],"Service":[],"SoftwareApplication":[],"WebPage":[]},"graphName":"","isEnabled":true},"graphs":[],"defaultGraph":"","defaultPostTypeGraph":""},"schema_type":null,"schema_type_options":null,"pillar_content":false,"robots_default":true,"robots_noindex":false,"robots_noarchive":false,"robots_nosnippet":false,"robots_nofollow":false,"robots_noimageindex":false,"robots_noodp":false,"robots_notranslate":false,"robots_max_snippet":null,"robots_max_videopreview":null,"robots_max_imagepreview":"none","priority":null,"frequency":null,"local_seo":null,"seo_analyzer_scan_date":"2026-06-01 23:44:47","breadcrumb_settings":null,"limit_modified_date":false,"open_ai":null,"ai":null,"created":"2020-11-14 22:54:02","updated":"2026-06-01 23:44:47","focus_keyword":null,"additional_keywords":null,"truseo_locale":null},"aioseo_breadcrumb":"<div class=\"aioseo-breadcrumbs\"><span class=\"aioseo-breadcrumb\">\n\t<a href=\"https:\/\/www.eldigitaldeasturias.com\/noticias\" title=\"Home\">Home<\/a>\n<\/span><span class=\"aioseo-breadcrumb-separator\">\u2013<\/span><span class=\"aioseo-breadcrumb\">\n\t<a href=\"https:\/\/www.eldigitaldeasturias.com\/noticias\/category\/actualidad\/\" title=\"Actualidad\">Actualidad<\/a>\n<\/span><span class=\"aioseo-breadcrumb-separator\">\u2013<\/span><span class=\"aioseo-breadcrumb\">\n\t<a href=\"https:\/\/www.eldigitaldeasturias.com\/noticias\/los-barones-del-psoe-ven-con-recelo-abrir-sus-primarias-autonomicas\/\" title=\"Los \u00abbarones\u00bb del PSOE ven con recelo abrir sus primarias auton\u00f3micas\">Los \u00abbarones\u00bb del PSOE ven con recelo abrir sus primarias auton\u00f3micas<\/a>\n<\/span><\/div>","aioseo_breadcrumb_json":[{"label":"Home","link":"https:\/\/www.eldigitaldeasturias.com\/noticias"},{"label":"Actualidad","link":"https:\/\/www.eldigitaldeasturias.com\/noticias\/category\/actualidad\/"},{"label":"Los \u00abbarones\u00bb del PSOE ven con recelo abrir sus primarias auton\u00f3micas","link":"https:\/\/www.eldigitaldeasturias.com\/noticias\/los-barones-del-psoe-ven-con-recelo-abrir-sus-primarias-autonomicas\/"}],"_links":{"self":[{"href":"https:\/\/www.eldigitaldeasturias.com\/noticias\/wp-json\/wp\/v2\/posts\/479177","targetHints":{"allow":["GET"]}}],"collection":[{"href":"https:\/\/www.eldigitaldeasturias.com\/noticias\/wp-json\/wp\/v2\/posts"}],"about":[{"href":"https:\/\/www.eldigitaldeasturias.com\/noticias\/wp-json\/wp\/v2\/types\/post"}],"author":[{"embeddable":true,"href":"https:\/\/www.eldigitaldeasturias.com\/noticias\/wp-json\/wp\/v2\/users\/1"}],"replies":[{"embeddable":true,"href":"https:\/\/www.eldigitaldeasturias.com\/noticias\/wp-json\/wp\/v2\/comments?post=479177"}],"version-history":[{"count":0,"href":"https:\/\/www.eldigitaldeasturias.com\/noticias\/wp-json\/wp\/v2\/posts\/479177\/revisions"}],"wp:featuredmedia":[{"embeddable":true,"href":"https:\/\/www.eldigitaldeasturias.com\/noticias\/wp-json\/wp\/v2\/media\/1132184"}],"wp:attachment":[{"href":"https:\/\/www.eldigitaldeasturias.com\/noticias\/wp-json\/wp\/v2\/media?parent=479177"}],"wp:term":[{"taxonomy":"category","embeddable":true,"href":"https:\/\/www.eldigitaldeasturias.com\/noticias\/wp-json\/wp\/v2\/categories?post=479177"},{"taxonomy":"post_tag","embeddable":true,"href":"https:\/\/www.eldigitaldeasturias.com\/noticias\/wp-json\/wp\/v2\/tags?post=479177"}],"curies":[{"name":"wp","href":"https:\/\/api.w.org\/{rel}","templated":true}]}}