{"id":479161,"date":"2014-01-26T22:55:42","date_gmt":"2014-01-26T23:55:42","guid":{"rendered":"http:\/\/www.eldigitaldeasturias.com\/noticias\/?p=479161"},"modified":"2014-01-26T22:55:42","modified_gmt":"2014-01-26T23:55:42","slug":"los-jueces-ven-logico-un-trato-diferente-a-la-infanta-en-su-llegada-al-juzgado","status":"publish","type":"post","link":"https:\/\/www.eldigitaldeasturias.com\/noticias\/los-jueces-ven-logico-un-trato-diferente-a-la-infanta-en-su-llegada-al-juzgado\/","title":{"rendered":"Los jueces ven l\u00f3gico un \u00abtrato diferente\u00bb a la infanta en su llegada al juzgado"},"content":{"rendered":"<p><img loading=\"lazy\" decoding=\"async\" class=\"alignleft size-medium wp-image-479162\" alt=\"5877189w\" src=\"https:\/\/www.eldigitaldeasturias.com\/noticias\/wp-content\/uploads\/2014\/01\/5877189w-360x274.jpg\" width=\"360\" height=\"274\" \/>Madrid, 26 ene (EFE).- La asociaci\u00f3n de jueces Francisco de Vitoria, la segunda mayor de la carrera judicial, considera \u00abl\u00f3gico\u00bb que la infanta Cristina tenga el 8 de febrero \u00abun trato diferente\u00bb en su llegada al juzgado de Palma para declarar en el caso N\u00f3os tanto por razones de seguridad como por ser miembro de la Familia Real.<\/p>\n<p>\u00abEl famoso pase\u00edllo de la infanta en los juzgados es un tema accesorio porque la igualdad de trato de los ciudadanos ante la justicia es de puertas hacia dentro de un tribunal, nunca de puertas hacia fuera\u00bb, ha dicho a Efe el juez Marcelino Sexmero, portavoz de Francisco de Vitoria.<\/p>\n<p>Para Sexmero, \u00abde puertas hacia fuera\u00bb del tribunal es la propia sociedad y la opini\u00f3n p\u00fablica \u00abla que trata de forma diferente a los ciudadanos, no el juez o el tribunal, que trata siempre por igual a todo el mundo\u00bb.<\/p>\n<p>\u00abLo que debe interesar -ha opinado- es si la infanta o cualquier pol\u00edtico que entra por la puerta de un juzgado es tratado dentro con la misma igualdad que cualquier ciudadano, no por c\u00f3mo entra o accede desde la calle, que en virtud de sus circunstancias pol\u00edticas o personales es diferente a cualquier ciudadano\u00bb.<\/p>\n<p>En todo caso, seg\u00fan Sexmero, no hay que olvidar que la infanta como miembro de la Casa Real no pierde esta condici\u00f3n \u00abpor el hecho de que sea llamada como imputada\u00bb, y por lo tanto, est\u00e1 sometida, como siempre, a una seguridad especial.<\/p>\n<p>\u00abEsa cualidad de miembro protegido no la pierde por ser llamada como imputada. Es l\u00f3gico que por razones de seguridad se le pueda dar un trato diferente al de cualquier ciudadano. L\u00f3gicamente ese trato es antes de entrar en el juzgado, en la calle\u00bb, ha afirmado.<\/p>\n<p>Adem\u00e1s, seg\u00fan Sexmero, cualquier ciudadano tiene derecho a que el juez le proteja en su imagen para evitar el escarnio p\u00fablico o el linchamiento, \u00aby eso no solo porque sea la infanta o un pol\u00edtico, sino a cualquier ciudadano\u00bb.<\/p>\n<p>En opini\u00f3n del portavoz de Francisco de Vitoria, ese trato diferente en virtud de los hechos o la persona implicada en una investigaci\u00f3n judicial \u00abya existe\u00bb, pues de hecho en algunos casos el juez tiene que proteger a algunos imputados \u00abpor razones de seguridad y para evitar el escarnio y el linchamiento\u00bb.<\/p>\n<p>Francisco de Vitoria, la primera asociaci\u00f3n que sali\u00f3 recientemente en defensa del juez Castro ante los ataques que recibi\u00f3 por imputar de nuevo a la infanta, ha denunciado que las presiones vengan desde la Fiscal\u00eda, cuando su misi\u00f3n es la defensa de la legalidad.<\/p>\n<p>\u00abDa la sensaci\u00f3n -ha sostenido Sexmero- de que en algunos casos medi\u00e1ticos como este, el ministerio fiscal est\u00e1 actuando con criterios pol\u00edticos. Lo rechazable es el tono del fiscal, que use expresiones en los escritos que sean desconsideradas contra el juez, acusando poco menos de prevaricaci\u00f3n, o incluso acus\u00e1ndole de estar medio loco, con teor\u00edas conspiratorias\u00bb.<\/p>\n","protected":false},"excerpt":{"rendered":"<p>Madrid, 26 ene (EFE).- La asociaci\u00f3n de jueces Francisco de Vitoria, la segunda mayor de la carrera judicial, considera \u00abl\u00f3gico\u00bb que la infanta Cristina tenga el 8 de febrero \u00abun trato diferente\u00bb en su llegada al juzgado de Palma para declarar en el caso N\u00f3os tanto por razones de seguridad como por ser miembro de [&hellip;]<\/p>\n","protected":false},"author":1,"featured_media":1132184,"comment_status":"closed","ping_status":"open","sticky":false,"template":"","format":"standard","meta":{"footnotes":""},"categories":[1,5],"tags":[],"class_list":["post-479161","post","type-post","status-publish","format-standard","has-post-thumbnail","hentry","category-actualidad","category-sucesos"],"aioseo_notices":[],"aioseo_head":"\n\t\t<!-- All in One SEO Pro 5.0.1 - aioseo.com -->\n\t<meta name=\"description\" content=\"Madrid, 26 ene (EFE).- La asociaci\u00f3n de jueces Francisco de Vitoria, la segunda mayor de la carrera judicial, considera &quot;l\u00f3gico&quot; que la infanta Cristina tenga el 8 de febrero &quot;un trato diferente&quot; en su llegada al juzgado de Palma para declarar en el caso N\u00f3os tanto por razones de seguridad como por ser miembro de\" \/>\n\t<meta name=\"robots\" content=\"max-image-preview:large\" \/>\n\t<meta name=\"author\" content=\"El Digital de Asturias\"\/>\n\t<meta name=\"google-site-verification\" content=\"UA-38556648-1\" \/>\n\t<meta name=\"msvalidate.01\" content=\"7dfe9f3f1b24437ab69f4f2559babe99\" \/>\n\t<meta name=\"keywords\" content=\"actualidad,sucesos\" \/>\n\t<link rel=\"canonical\" href=\"https:\/\/www.eldigitaldeasturias.com\/noticias\/los-jueces-ven-logico-un-trato-diferente-a-la-infanta-en-su-llegada-al-juzgado\/\" \/>\n\t<meta name=\"generator\" content=\"All in One SEO Pro (AIOSEO) 5.0.1\" \/>\n\t\t<meta property=\"og:locale\" content=\"es_ES\" \/>\n\t\t<meta property=\"og:site_name\" content=\"El Digital de Asturias\" \/>\n\t\t<meta property=\"og:type\" content=\"article\" \/>\n\t\t<meta property=\"og:title\" content=\"Los jueces ven l\u00f3gico un \u00abtrato diferente\u00bb a la infanta en su llegada al juzgado - El Digital de Asturias\" \/>\n\t\t<meta property=\"og:description\" content=\"Madrid, 26 ene (EFE).- La asociaci\u00f3n de jueces Francisco de Vitoria, la segunda mayor de la carrera judicial, considera &quot;l\u00f3gico&quot; que la infanta Cristina tenga el 8 de febrero &quot;un trato diferente&quot; en su llegada al juzgado de Palma para declarar en el caso N\u00f3os tanto por razones de seguridad como por ser miembro de\" \/>\n\t\t<meta property=\"og:url\" content=\"https:\/\/www.eldigitaldeasturias.com\/noticias\/los-jueces-ven-logico-un-trato-diferente-a-la-infanta-en-su-llegada-al-juzgado\/\" \/>\n\t\t<meta property=\"og:image\" content=\"https:\/\/www.eldigitaldeasturias.com\/noticias\/wp-content\/uploads\/2026\/06\/Contenidos.jpg\" \/>\n\t\t<meta property=\"og:image:secure_url\" content=\"https:\/\/www.eldigitaldeasturias.com\/noticias\/wp-content\/uploads\/2026\/06\/Contenidos.jpg\" \/>\n\t\t<meta property=\"og:image:width\" content=\"1265\" \/>\n\t\t<meta property=\"og:image:height\" content=\"697\" \/>\n\t\t<meta property=\"article:tag\" content=\"actualidad\" \/>\n\t\t<meta property=\"article:tag\" content=\"sucesos\" \/>\n\t\t<meta property=\"article:published_time\" content=\"2014-01-26T23:55:42+00:00\" \/>\n\t\t<meta property=\"article:modified_time\" content=\"2014-01-26T23:55:42+00:00\" \/>\n\t\t<meta property=\"article:publisher\" content=\"https:\/\/facebook.com\/eldigitaldeasturias\" \/>\n\t\t<meta name=\"twitter:card\" content=\"summary_large_image\" \/>\n\t\t<meta name=\"twitter:title\" content=\"Los jueces ven l\u00f3gico un \u00abtrato diferente\u00bb a la infanta en su llegada al juzgado - El Digital de Asturias\" \/>\n\t\t<meta name=\"twitter:description\" content=\"Madrid, 26 ene (EFE).- La asociaci\u00f3n de jueces Francisco de Vitoria, la segunda mayor de la carrera judicial, considera &quot;l\u00f3gico&quot; que la infanta Cristina tenga el 8 de febrero &quot;un trato diferente&quot; en su llegada al juzgado de Palma para declarar en el caso N\u00f3os tanto por razones de seguridad como por ser miembro de\" \/>\n\t\t<meta name=\"twitter:image\" content=\"https:\/\/www.eldigitaldeasturias.com\/noticias\/wp-content\/uploads\/2026\/06\/Contenidos.jpg\" \/>\n\t\t<meta name=\"twitter:label1\" content=\"Escrito por\" \/>\n\t\t<meta name=\"twitter:data1\" content=\"El Digital de Asturias\" \/>\n\t\t<meta name=\"twitter:label2\" content=\"Tiempo de lectura estimado\" \/>\n\t\t<meta name=\"twitter:data2\" content=\"3 minutos\" \/>\n\t\t<script type=\"application\/ld+json\" class=\"aioseo-schema\">\n\t\t\t{\"@context\":\"https:\\\/\\\/schema.org\",\"@graph\":[{\"@type\":\"BlogPosting\",\"@id\":\"https:\\\/\\\/www.eldigitaldeasturias.com\\\/noticias\\\/los-jueces-ven-logico-un-trato-diferente-a-la-infanta-en-su-llegada-al-juzgado\\\/#blogposting\",\"name\":\"Los jueces ven l\\u00f3gico un \\u00abtrato diferente\\u00bb a la infanta en su llegada al juzgado - El Digital de Asturias\",\"headline\":\"Los jueces ven l\\u00f3gico un \\u00abtrato diferente\\u00bb a la infanta en su llegada al juzgado\",\"author\":{\"@id\":\"https:\\\/\\\/www.eldigitaldeasturias.com\\\/noticias\\\/author\\\/admin\\\/#author\"},\"publisher\":{\"@id\":\"https:\\\/\\\/www.eldigitaldeasturias.com\\\/noticias\\\/#organization\"},\"image\":{\"@type\":\"ImageObject\",\"url\":\"https:\\\/\\\/www.eldigitaldeasturias.com\\\/noticias\\\/wp-content\\\/uploads\\\/2026\\\/06\\\/Contenidos.jpg\",\"width\":1265,\"height\":697,\"caption\":\"Contenidos\"},\"datePublished\":\"2014-01-26T22:55:42+01:00\",\"dateModified\":\"2014-01-26T22:55:42+01:00\",\"inLanguage\":\"es-ES\",\"mainEntityOfPage\":{\"@id\":\"https:\\\/\\\/www.eldigitaldeasturias.com\\\/noticias\\\/los-jueces-ven-logico-un-trato-diferente-a-la-infanta-en-su-llegada-al-juzgado\\\/#webpage\"},\"isPartOf\":{\"@id\":\"https:\\\/\\\/www.eldigitaldeasturias.com\\\/noticias\\\/los-jueces-ven-logico-un-trato-diferente-a-la-infanta-en-su-llegada-al-juzgado\\\/#webpage\"},\"articleSection\":\"Actualidad, Sucesos\"},{\"@type\":\"BreadcrumbList\",\"@id\":\"https:\\\/\\\/www.eldigitaldeasturias.com\\\/noticias\\\/los-jueces-ven-logico-un-trato-diferente-a-la-infanta-en-su-llegada-al-juzgado\\\/#breadcrumblist\",\"itemListElement\":[{\"@type\":\"ListItem\",\"@id\":\"https:\\\/\\\/www.eldigitaldeasturias.com\\\/noticias#listItem\",\"position\":1,\"name\":\"Home\",\"item\":\"https:\\\/\\\/www.eldigitaldeasturias.com\\\/noticias\",\"nextItem\":{\"@type\":\"ListItem\",\"@id\":\"https:\\\/\\\/www.eldigitaldeasturias.com\\\/noticias\\\/category\\\/actualidad\\\/#listItem\",\"name\":\"Actualidad\"}},{\"@type\":\"ListItem\",\"@id\":\"https:\\\/\\\/www.eldigitaldeasturias.com\\\/noticias\\\/category\\\/actualidad\\\/#listItem\",\"position\":2,\"name\":\"Actualidad\",\"item\":\"https:\\\/\\\/www.eldigitaldeasturias.com\\\/noticias\\\/category\\\/actualidad\\\/\",\"nextItem\":{\"@type\":\"ListItem\",\"@id\":\"https:\\\/\\\/www.eldigitaldeasturias.com\\\/noticias\\\/los-jueces-ven-logico-un-trato-diferente-a-la-infanta-en-su-llegada-al-juzgado\\\/#listItem\",\"name\":\"Los jueces ven l\\u00f3gico un \\u00abtrato diferente\\u00bb a la infanta en su llegada al juzgado\"},\"previousItem\":{\"@type\":\"ListItem\",\"@id\":\"https:\\\/\\\/www.eldigitaldeasturias.com\\\/noticias#listItem\",\"name\":\"Home\"}},{\"@type\":\"ListItem\",\"@id\":\"https:\\\/\\\/www.eldigitaldeasturias.com\\\/noticias\\\/los-jueces-ven-logico-un-trato-diferente-a-la-infanta-en-su-llegada-al-juzgado\\\/#listItem\",\"position\":3,\"name\":\"Los jueces ven l\\u00f3gico un \\u00abtrato diferente\\u00bb a la infanta en su llegada al juzgado\",\"previousItem\":{\"@type\":\"ListItem\",\"@id\":\"https:\\\/\\\/www.eldigitaldeasturias.com\\\/noticias\\\/category\\\/actualidad\\\/#listItem\",\"name\":\"Actualidad\"}}]},{\"@type\":\"Organization\",\"@id\":\"https:\\\/\\\/www.eldigitaldeasturias.com\\\/noticias\\\/#organization\",\"name\":\"El Digital de Asturias\",\"description\":\"Hemeroteca\",\"url\":\"https:\\\/\\\/www.eldigitaldeasturias.com\\\/noticias\\\/\",\"email\":\"info@eldigitaldeasturias.com\",\"telephone\":\"+34652131393\",\"logo\":{\"@type\":\"ImageObject\",\"url\":\"https:\\\/\\\/www.eldigitaldeasturias.com\\\/noticias\\\/wp-content\\\/uploads\\\/2020\\\/12\\\/EDA.jpg\",\"@id\":\"https:\\\/\\\/www.eldigitaldeasturias.com\\\/noticias\\\/los-jueces-ven-logico-un-trato-diferente-a-la-infanta-en-su-llegada-al-juzgado\\\/#organizationLogo\"},\"image\":{\"@id\":\"https:\\\/\\\/www.eldigitaldeasturias.com\\\/noticias\\\/los-jueces-ven-logico-un-trato-diferente-a-la-infanta-en-su-llegada-al-juzgado\\\/#organizationLogo\"},\"sameAs\":[\"https:\\\/\\\/facebook.com\\\/eldigitaldeasturias\",\"https:\\\/\\\/www.youtube.com\\\/channel\\\/UCZP-2wLEB9Rv6erhFmqVnvg\"],\"address\":{\"@id\":\"https:\\\/\\\/www.eldigitaldeasturias.com\\\/noticias\\\/#postaladdress\",\"@type\":\"PostalAddress\",\"streetAddress\":\"san antonio 4\",\"postalCode\":\"33430\",\"addressLocality\":\"Cand\\u00e1s\",\"addressRegion\":\"Asturias\",\"addressCountry\":\"ES\"}},{\"@type\":\"Person\",\"@id\":\"https:\\\/\\\/www.eldigitaldeasturias.com\\\/noticias\\\/author\\\/admin\\\/#author\",\"url\":\"https:\\\/\\\/www.eldigitaldeasturias.com\\\/noticias\\\/author\\\/admin\\\/\",\"name\":\"El Digital de Asturias\",\"image\":{\"@type\":\"ImageObject\",\"@id\":\"https:\\\/\\\/www.eldigitaldeasturias.com\\\/noticias\\\/los-jueces-ven-logico-un-trato-diferente-a-la-infanta-en-su-llegada-al-juzgado\\\/#authorImage\",\"url\":\"https:\\\/\\\/secure.gravatar.com\\\/avatar\\\/df2aeffc32bcd13f8d26072ef8a91b623d677766deac7f97ca815868cd41bf5e?s=96&d=mm&r=g\",\"width\":96,\"height\":96,\"caption\":\"El Digital de Asturias\"}},{\"@type\":\"WebPage\",\"@id\":\"https:\\\/\\\/www.eldigitaldeasturias.com\\\/noticias\\\/los-jueces-ven-logico-un-trato-diferente-a-la-infanta-en-su-llegada-al-juzgado\\\/#webpage\",\"url\":\"https:\\\/\\\/www.eldigitaldeasturias.com\\\/noticias\\\/los-jueces-ven-logico-un-trato-diferente-a-la-infanta-en-su-llegada-al-juzgado\\\/\",\"name\":\"Los jueces ven l\\u00f3gico un \\u00abtrato diferente\\u00bb a la infanta en su llegada al juzgado - El Digital de Asturias\",\"description\":\"Madrid, 26 ene (EFE).- La asociaci\\u00f3n de jueces Francisco de Vitoria, la segunda mayor de la carrera judicial, considera \\\"l\\u00f3gico\\\" que la infanta Cristina tenga el 8 de febrero \\\"un trato diferente\\\" en su llegada al juzgado de Palma para declarar en el caso N\\u00f3os tanto por razones de seguridad como por ser miembro de\",\"inLanguage\":\"es-ES\",\"isPartOf\":{\"@id\":\"https:\\\/\\\/www.eldigitaldeasturias.com\\\/noticias\\\/#website\"},\"breadcrumb\":{\"@id\":\"https:\\\/\\\/www.eldigitaldeasturias.com\\\/noticias\\\/los-jueces-ven-logico-un-trato-diferente-a-la-infanta-en-su-llegada-al-juzgado\\\/#breadcrumblist\"},\"author\":{\"@id\":\"https:\\\/\\\/www.eldigitaldeasturias.com\\\/noticias\\\/author\\\/admin\\\/#author\"},\"creator\":{\"@id\":\"https:\\\/\\\/www.eldigitaldeasturias.com\\\/noticias\\\/author\\\/admin\\\/#author\"},\"image\":{\"@type\":\"ImageObject\",\"url\":\"https:\\\/\\\/www.eldigitaldeasturias.com\\\/noticias\\\/wp-content\\\/uploads\\\/2026\\\/06\\\/Contenidos.jpg\",\"@id\":\"https:\\\/\\\/www.eldigitaldeasturias.com\\\/noticias\\\/los-jueces-ven-logico-un-trato-diferente-a-la-infanta-en-su-llegada-al-juzgado\\\/#mainImage\",\"width\":1265,\"height\":697,\"caption\":\"Contenidos\"},\"primaryImageOfPage\":{\"@id\":\"https:\\\/\\\/www.eldigitaldeasturias.com\\\/noticias\\\/los-jueces-ven-logico-un-trato-diferente-a-la-infanta-en-su-llegada-al-juzgado\\\/#mainImage\"},\"datePublished\":\"2014-01-26T22:55:42+01:00\",\"dateModified\":\"2014-01-26T22:55:42+01:00\"},{\"@type\":\"WebSite\",\"@id\":\"https:\\\/\\\/www.eldigitaldeasturias.com\\\/noticias\\\/#website\",\"url\":\"https:\\\/\\\/www.eldigitaldeasturias.com\\\/noticias\\\/\",\"name\":\"El Digital de Asturias - Diario de actualidad y noticias\",\"alternateName\":\"El Digital de Asturias - Diario de actualidad y noticias\",\"description\":\"Hemeroteca\",\"inLanguage\":\"es-ES\",\"publisher\":{\"@id\":\"https:\\\/\\\/www.eldigitaldeasturias.com\\\/noticias\\\/#organization\"}}]}\n\t\t<\/script>\n\t\t<!-- All in One SEO Pro -->\r\n\t\t<title>Los jueces ven l\u00f3gico un \u00abtrato diferente\u00bb a la infanta en su llegada al juzgado - El Digital de Asturias<\/title>\n\n","aioseo_head_json":{"title":"Los jueces ven l\u00f3gico un \u00abtrato diferente\u00bb a la infanta en su llegada al juzgado - El Digital de Asturias","description":"Madrid, 26 ene (EFE).- La asociaci\u00f3n de jueces Francisco de Vitoria, la segunda mayor de la carrera judicial, considera \"l\u00f3gico\" que la infanta Cristina tenga el 8 de febrero \"un trato diferente\" en su llegada al juzgado de Palma para declarar en el caso N\u00f3os tanto por razones de seguridad como por ser miembro de","canonical_url":"https:\/\/www.eldigitaldeasturias.com\/noticias\/los-jueces-ven-logico-un-trato-diferente-a-la-infanta-en-su-llegada-al-juzgado\/","robots":"max-image-preview:large","keywords":"actualidad,sucesos","webmasterTools":{"google-site-verification":"UA-38556648-1","msvalidate.01":"7dfe9f3f1b24437ab69f4f2559babe99","miscellaneous":""},"schema":{"@context":"https:\/\/schema.org","@graph":[{"@type":"BlogPosting","@id":"https:\/\/www.eldigitaldeasturias.com\/noticias\/los-jueces-ven-logico-un-trato-diferente-a-la-infanta-en-su-llegada-al-juzgado\/#blogposting","name":"Los jueces ven l\u00f3gico un \u00abtrato diferente\u00bb a la infanta en su llegada al juzgado - El Digital de Asturias","headline":"Los jueces ven l\u00f3gico un \u00abtrato diferente\u00bb a la infanta en su llegada al juzgado","author":{"@id":"https:\/\/www.eldigitaldeasturias.com\/noticias\/author\/admin\/#author"},"publisher":{"@id":"https:\/\/www.eldigitaldeasturias.com\/noticias\/#organization"},"image":{"@type":"ImageObject","url":"https:\/\/www.eldigitaldeasturias.com\/noticias\/wp-content\/uploads\/2026\/06\/Contenidos.jpg","width":1265,"height":697,"caption":"Contenidos"},"datePublished":"2014-01-26T22:55:42+01:00","dateModified":"2014-01-26T22:55:42+01:00","inLanguage":"es-ES","mainEntityOfPage":{"@id":"https:\/\/www.eldigitaldeasturias.com\/noticias\/los-jueces-ven-logico-un-trato-diferente-a-la-infanta-en-su-llegada-al-juzgado\/#webpage"},"isPartOf":{"@id":"https:\/\/www.eldigitaldeasturias.com\/noticias\/los-jueces-ven-logico-un-trato-diferente-a-la-infanta-en-su-llegada-al-juzgado\/#webpage"},"articleSection":"Actualidad, Sucesos"},{"@type":"BreadcrumbList","@id":"https:\/\/www.eldigitaldeasturias.com\/noticias\/los-jueces-ven-logico-un-trato-diferente-a-la-infanta-en-su-llegada-al-juzgado\/#breadcrumblist","itemListElement":[{"@type":"ListItem","@id":"https:\/\/www.eldigitaldeasturias.com\/noticias#listItem","position":1,"name":"Home","item":"https:\/\/www.eldigitaldeasturias.com\/noticias","nextItem":{"@type":"ListItem","@id":"https:\/\/www.eldigitaldeasturias.com\/noticias\/category\/actualidad\/#listItem","name":"Actualidad"}},{"@type":"ListItem","@id":"https:\/\/www.eldigitaldeasturias.com\/noticias\/category\/actualidad\/#listItem","position":2,"name":"Actualidad","item":"https:\/\/www.eldigitaldeasturias.com\/noticias\/category\/actualidad\/","nextItem":{"@type":"ListItem","@id":"https:\/\/www.eldigitaldeasturias.com\/noticias\/los-jueces-ven-logico-un-trato-diferente-a-la-infanta-en-su-llegada-al-juzgado\/#listItem","name":"Los jueces ven l\u00f3gico un \u00abtrato diferente\u00bb a la infanta en su llegada al juzgado"},"previousItem":{"@type":"ListItem","@id":"https:\/\/www.eldigitaldeasturias.com\/noticias#listItem","name":"Home"}},{"@type":"ListItem","@id":"https:\/\/www.eldigitaldeasturias.com\/noticias\/los-jueces-ven-logico-un-trato-diferente-a-la-infanta-en-su-llegada-al-juzgado\/#listItem","position":3,"name":"Los jueces ven l\u00f3gico un \u00abtrato diferente\u00bb a la infanta en su llegada al juzgado","previousItem":{"@type":"ListItem","@id":"https:\/\/www.eldigitaldeasturias.com\/noticias\/category\/actualidad\/#listItem","name":"Actualidad"}}]},{"@type":"Organization","@id":"https:\/\/www.eldigitaldeasturias.com\/noticias\/#organization","name":"El Digital de Asturias","description":"Hemeroteca","url":"https:\/\/www.eldigitaldeasturias.com\/noticias\/","email":"info@eldigitaldeasturias.com","telephone":"+34652131393","logo":{"@type":"ImageObject","url":"https:\/\/www.eldigitaldeasturias.com\/noticias\/wp-content\/uploads\/2020\/12\/EDA.jpg","@id":"https:\/\/www.eldigitaldeasturias.com\/noticias\/los-jueces-ven-logico-un-trato-diferente-a-la-infanta-en-su-llegada-al-juzgado\/#organizationLogo"},"image":{"@id":"https:\/\/www.eldigitaldeasturias.com\/noticias\/los-jueces-ven-logico-un-trato-diferente-a-la-infanta-en-su-llegada-al-juzgado\/#organizationLogo"},"sameAs":["https:\/\/facebook.com\/eldigitaldeasturias","https:\/\/www.youtube.com\/channel\/UCZP-2wLEB9Rv6erhFmqVnvg"],"address":{"@id":"https:\/\/www.eldigitaldeasturias.com\/noticias\/#postaladdress","@type":"PostalAddress","streetAddress":"san antonio 4","postalCode":"33430","addressLocality":"Cand\u00e1s","addressRegion":"Asturias","addressCountry":"ES"}},{"@type":"Person","@id":"https:\/\/www.eldigitaldeasturias.com\/noticias\/author\/admin\/#author","url":"https:\/\/www.eldigitaldeasturias.com\/noticias\/author\/admin\/","name":"El Digital de Asturias","image":{"@type":"ImageObject","@id":"https:\/\/www.eldigitaldeasturias.com\/noticias\/los-jueces-ven-logico-un-trato-diferente-a-la-infanta-en-su-llegada-al-juzgado\/#authorImage","url":"https:\/\/secure.gravatar.com\/avatar\/df2aeffc32bcd13f8d26072ef8a91b623d677766deac7f97ca815868cd41bf5e?s=96&d=mm&r=g","width":96,"height":96,"caption":"El Digital de Asturias"}},{"@type":"WebPage","@id":"https:\/\/www.eldigitaldeasturias.com\/noticias\/los-jueces-ven-logico-un-trato-diferente-a-la-infanta-en-su-llegada-al-juzgado\/#webpage","url":"https:\/\/www.eldigitaldeasturias.com\/noticias\/los-jueces-ven-logico-un-trato-diferente-a-la-infanta-en-su-llegada-al-juzgado\/","name":"Los jueces ven l\u00f3gico un \u00abtrato diferente\u00bb a la infanta en su llegada al juzgado - El Digital de Asturias","description":"Madrid, 26 ene (EFE).- La asociaci\u00f3n de jueces Francisco de Vitoria, la segunda mayor de la carrera judicial, considera \"l\u00f3gico\" que la infanta Cristina tenga el 8 de febrero \"un trato diferente\" en su llegada al juzgado de Palma para declarar en el caso N\u00f3os tanto por razones de seguridad como por ser miembro de","inLanguage":"es-ES","isPartOf":{"@id":"https:\/\/www.eldigitaldeasturias.com\/noticias\/#website"},"breadcrumb":{"@id":"https:\/\/www.eldigitaldeasturias.com\/noticias\/los-jueces-ven-logico-un-trato-diferente-a-la-infanta-en-su-llegada-al-juzgado\/#breadcrumblist"},"author":{"@id":"https:\/\/www.eldigitaldeasturias.com\/noticias\/author\/admin\/#author"},"creator":{"@id":"https:\/\/www.eldigitaldeasturias.com\/noticias\/author\/admin\/#author"},"image":{"@type":"ImageObject","url":"https:\/\/www.eldigitaldeasturias.com\/noticias\/wp-content\/uploads\/2026\/06\/Contenidos.jpg","@id":"https:\/\/www.eldigitaldeasturias.com\/noticias\/los-jueces-ven-logico-un-trato-diferente-a-la-infanta-en-su-llegada-al-juzgado\/#mainImage","width":1265,"height":697,"caption":"Contenidos"},"primaryImageOfPage":{"@id":"https:\/\/www.eldigitaldeasturias.com\/noticias\/los-jueces-ven-logico-un-trato-diferente-a-la-infanta-en-su-llegada-al-juzgado\/#mainImage"},"datePublished":"2014-01-26T22:55:42+01:00","dateModified":"2014-01-26T22:55:42+01:00"},{"@type":"WebSite","@id":"https:\/\/www.eldigitaldeasturias.com\/noticias\/#website","url":"https:\/\/www.eldigitaldeasturias.com\/noticias\/","name":"El Digital de Asturias - Diario de actualidad y noticias","alternateName":"El Digital de Asturias - Diario de actualidad y noticias","description":"Hemeroteca","inLanguage":"es-ES","publisher":{"@id":"https:\/\/www.eldigitaldeasturias.com\/noticias\/#organization"}}]},"og:locale":"es_ES","og:site_name":"El Digital de Asturias","og:type":"article","og:title":"Los jueces ven l\u00f3gico un \u00abtrato diferente\u00bb a la infanta en su llegada al juzgado - El Digital de Asturias","og:description":"Madrid, 26 ene (EFE).- La asociaci\u00f3n de jueces Francisco de Vitoria, la segunda mayor de la carrera judicial, considera &quot;l\u00f3gico&quot; que la infanta Cristina tenga el 8 de febrero &quot;un trato diferente&quot; en su llegada al juzgado de Palma para declarar en el caso N\u00f3os tanto por razones de seguridad como por ser miembro de","og:url":"https:\/\/www.eldigitaldeasturias.com\/noticias\/los-jueces-ven-logico-un-trato-diferente-a-la-infanta-en-su-llegada-al-juzgado\/","og:image":"https:\/\/www.eldigitaldeasturias.com\/noticias\/wp-content\/uploads\/2026\/06\/Contenidos.jpg","og:image:secure_url":"https:\/\/www.eldigitaldeasturias.com\/noticias\/wp-content\/uploads\/2026\/06\/Contenidos.jpg","og:image:width":1265,"og:image:height":697,"article:tag":["actualidad","sucesos"],"article:published_time":"2014-01-26T23:55:42+00:00","article:modified_time":"2014-01-26T23:55:42+00:00","article:publisher":"https:\/\/facebook.com\/eldigitaldeasturias","twitter:card":"summary_large_image","twitter:title":"Los jueces ven l\u00f3gico un \u00abtrato diferente\u00bb a la infanta en su llegada al juzgado - El Digital de Asturias","twitter:description":"Madrid, 26 ene (EFE).- La asociaci\u00f3n de jueces Francisco de Vitoria, la segunda mayor de la carrera judicial, considera &quot;l\u00f3gico&quot; que la infanta Cristina tenga el 8 de febrero &quot;un trato diferente&quot; en su llegada al juzgado de Palma para declarar en el caso N\u00f3os tanto por razones de seguridad como por ser miembro de","twitter:image":"https:\/\/www.eldigitaldeasturias.com\/noticias\/wp-content\/uploads\/2026\/06\/Contenidos.jpg","twitter:label1":"Escrito por","twitter:data1":"El Digital de Asturias","twitter:label2":"Tiempo de lectura estimado","twitter:data2":"3 minutos"},"aioseo_meta_data":{"post_id":"479161","title":null,"description":null,"keywords":null,"keyphrases":null,"primary_term":null,"canonical_url":null,"og_title":null,"og_description":null,"og_object_type":"default","og_image_type":"default","og_image_url":null,"og_image_width":null,"og_image_height":null,"og_image_custom_url":null,"og_image_custom_fields":null,"og_video":null,"og_custom_url":null,"og_article_section":null,"og_article_tags":null,"twitter_use_og":true,"twitter_card":"default","twitter_image_type":"default","twitter_image_url":null,"twitter_image_custom_url":null,"twitter_image_custom_fields":null,"twitter_title":null,"twitter_description":null,"schema":{"blockGraphs":[],"customGraphs":[],"default":{"data":{"Article":[],"Course":[],"Dataset":[],"FAQPage":[],"Movie":[],"Person":[],"Product":[],"ProductReview":[],"Car":[],"Recipe":[],"Service":[],"SoftwareApplication":[],"WebPage":[]},"graphName":"","isEnabled":true},"graphs":[],"defaultGraph":"","defaultPostTypeGraph":""},"schema_type":null,"schema_type_options":null,"pillar_content":false,"robots_default":true,"robots_noindex":false,"robots_noarchive":false,"robots_nosnippet":false,"robots_nofollow":false,"robots_noimageindex":false,"robots_noodp":false,"robots_notranslate":false,"robots_max_snippet":null,"robots_max_videopreview":null,"robots_max_imagepreview":"none","priority":null,"frequency":null,"local_seo":null,"seo_analyzer_scan_date":"2026-06-01 23:41:55","breadcrumb_settings":null,"limit_modified_date":false,"open_ai":null,"ai":null,"created":"2020-11-14 22:54:02","updated":"2026-06-01 23:41:55","focus_keyword":null,"additional_keywords":null,"truseo_locale":null},"aioseo_breadcrumb":"<div class=\"aioseo-breadcrumbs\"><span class=\"aioseo-breadcrumb\">\n\t<a href=\"https:\/\/www.eldigitaldeasturias.com\/noticias\" title=\"Home\">Home<\/a>\n<\/span><span class=\"aioseo-breadcrumb-separator\">\u2013<\/span><span class=\"aioseo-breadcrumb\">\n\t<a href=\"https:\/\/www.eldigitaldeasturias.com\/noticias\/category\/actualidad\/\" title=\"Actualidad\">Actualidad<\/a>\n<\/span><span class=\"aioseo-breadcrumb-separator\">\u2013<\/span><span class=\"aioseo-breadcrumb\">\n\t<a href=\"https:\/\/www.eldigitaldeasturias.com\/noticias\/los-jueces-ven-logico-un-trato-diferente-a-la-infanta-en-su-llegada-al-juzgado\/\" title=\"Los jueces ven l\u00f3gico un \u00abtrato diferente\u00bb a la infanta en su llegada al juzgado\">Los jueces ven l\u00f3gico un \u00abtrato diferente\u00bb a la infanta en su llegada al juzgado<\/a>\n<\/span><\/div>","aioseo_breadcrumb_json":[{"label":"Home","link":"https:\/\/www.eldigitaldeasturias.com\/noticias"},{"label":"Actualidad","link":"https:\/\/www.eldigitaldeasturias.com\/noticias\/category\/actualidad\/"},{"label":"Los jueces ven l\u00f3gico un \u00abtrato diferente\u00bb a la infanta en su llegada al juzgado","link":"https:\/\/www.eldigitaldeasturias.com\/noticias\/los-jueces-ven-logico-un-trato-diferente-a-la-infanta-en-su-llegada-al-juzgado\/"}],"_links":{"self":[{"href":"https:\/\/www.eldigitaldeasturias.com\/noticias\/wp-json\/wp\/v2\/posts\/479161","targetHints":{"allow":["GET"]}}],"collection":[{"href":"https:\/\/www.eldigitaldeasturias.com\/noticias\/wp-json\/wp\/v2\/posts"}],"about":[{"href":"https:\/\/www.eldigitaldeasturias.com\/noticias\/wp-json\/wp\/v2\/types\/post"}],"author":[{"embeddable":true,"href":"https:\/\/www.eldigitaldeasturias.com\/noticias\/wp-json\/wp\/v2\/users\/1"}],"replies":[{"embeddable":true,"href":"https:\/\/www.eldigitaldeasturias.com\/noticias\/wp-json\/wp\/v2\/comments?post=479161"}],"version-history":[{"count":0,"href":"https:\/\/www.eldigitaldeasturias.com\/noticias\/wp-json\/wp\/v2\/posts\/479161\/revisions"}],"wp:featuredmedia":[{"embeddable":true,"href":"https:\/\/www.eldigitaldeasturias.com\/noticias\/wp-json\/wp\/v2\/media\/1132184"}],"wp:attachment":[{"href":"https:\/\/www.eldigitaldeasturias.com\/noticias\/wp-json\/wp\/v2\/media?parent=479161"}],"wp:term":[{"taxonomy":"category","embeddable":true,"href":"https:\/\/www.eldigitaldeasturias.com\/noticias\/wp-json\/wp\/v2\/categories?post=479161"},{"taxonomy":"post_tag","embeddable":true,"href":"https:\/\/www.eldigitaldeasturias.com\/noticias\/wp-json\/wp\/v2\/tags?post=479161"}],"curies":[{"name":"wp","href":"https:\/\/api.w.org\/{rel}","templated":true}]}}