{"id":479155,"date":"2014-01-26T22:53:16","date_gmt":"2014-01-26T23:53:16","guid":{"rendered":"http:\/\/www.eldigitaldeasturias.com\/noticias\/?p=479155"},"modified":"2014-01-26T22:53:16","modified_gmt":"2014-01-26T23:53:16","slug":"passos-coelho-reelegido-como-lider-del-psd-en-unas-primarias-sin-adversarios","status":"publish","type":"post","link":"https:\/\/www.eldigitaldeasturias.com\/noticias\/passos-coelho-reelegido-como-lider-del-psd-en-unas-primarias-sin-adversarios\/","title":{"rendered":"Passos Coelho, reelegido como l\u00edder del PSD en unas primarias sin adversarios"},"content":{"rendered":"<p><img loading=\"lazy\" decoding=\"async\" class=\"alignleft size-medium wp-image-479156\" alt=\"5877169w\" src=\"https:\/\/www.eldigitaldeasturias.com\/noticias\/wp-content\/uploads\/2014\/01\/5877169w-360x245.jpg\" width=\"360\" height=\"245\" \/>Lisboa, 26 ene (EFE).- El presidente del Partido Social Dem\u00f3crata (PSD, centro-derecha) y jefe del Ejecutivo luso, Pedro Passos Coelho, fue reelegido como l\u00edder de su partido por una amplia mayor\u00eda en unas primarias sin adversarios.<\/p>\n<p>El dirigente conservador obtuvo cerca del 88 % de los votos directos, seg\u00fan informaron hoy fuentes del partido tras unos comicios que acabaron de madrugada.<\/p>\n<p>Despu\u00e9s de dos a\u00f1os y medio como jefe del Ejecutivo, Passos Coelho confirma con esta su tercera elecci\u00f3n como l\u00edder del partido con un mandato de dos a\u00f1os m\u00e1s.<\/p>\n<p>En la cita, tambi\u00e9n se eligi\u00f3 a los delegados del XXXV Congreso Nacional del PSD, que se celebrar\u00e1 del 21 al 23 de febrero en el Coliseo de Lisboa.<\/p>\n<p>La reelecci\u00f3n se celebr\u00f3 a menos de cinco meses de las elecciones europeas en las que el partido del Gobierno se someter\u00e1 por segunda vez a las urnas despu\u00e9s de la contundente derrota de septiembre en los comicios locales.<\/p>\n<p>Passos Coelho justific\u00f3 su candidatura a la reelecci\u00f3n de su partido ante la necesidad de un horizonte de estabilidad pol\u00edtica para el pa\u00eds y en consonancia con un nuevo ciclo electoral.<\/p>\n<p>La semana pasada, el jefe del Gobierno present\u00f3 en un acto de partido un documento de principios y propuestas para proyectar el resto de su mandato e invit\u00f3 al principal partido de la oposici\u00f3n, el Socialista, a acordar l\u00edmites en el gasto p\u00fablico a medio plazo.<\/p>\n<p>Como l\u00edder del PSD, Passos Coelho fue elegido en 2010 y reelegido en 2012, habiendo antes perdido en 2008 frente a la l\u00edder conservadora Manuela Ferreira Leite.<\/p>\n<p>En junio de 2011, gan\u00f3 las elecciones legislativas anticipadas, convocadas en plena crisis pol\u00edtica y tras la solicitud de un rescate de 78.000 millones de euros a la UE y el Fondo Monetario Internacional (FMI).<\/p>\n<p>Durante su mandato, Passos Coelho ha cumplido a rajatabla la bater\u00eda de ajustes y reformas que se acordaron a cambio de ese pr\u00e9stamo, lo que le ha valido la censura en bloque de la oposici\u00f3n de izquierdas.<\/p>\n<p>Seg\u00fan las encuestas, es tambi\u00e9n el l\u00edder peor valorado en Portugal frente al secretario general del Partido Socialista (PS), Ant\u00f3nio Jos\u00e9 Seguro, favorito en los sondeos.<\/p>\n","protected":false},"excerpt":{"rendered":"<p>Lisboa, 26 ene (EFE).- El presidente del Partido Social Dem\u00f3crata (PSD, centro-derecha) y jefe del Ejecutivo luso, Pedro Passos Coelho, fue reelegido como l\u00edder de su partido por una amplia mayor\u00eda en unas primarias sin adversarios. El dirigente conservador obtuvo cerca del 88 % de los votos directos, seg\u00fan informaron hoy fuentes del partido tras [&hellip;]<\/p>\n","protected":false},"author":1,"featured_media":1132184,"comment_status":"closed","ping_status":"open","sticky":false,"template":"","format":"standard","meta":{"footnotes":""},"categories":[1],"tags":[],"class_list":["post-479155","post","type-post","status-publish","format-standard","has-post-thumbnail","hentry","category-actualidad"],"aioseo_notices":[],"aioseo_head":"\n\t\t<!-- All in One SEO Pro 5.0.1 - aioseo.com -->\n\t<meta name=\"description\" content=\"Lisboa, 26 ene (EFE).- El presidente del Partido Social Dem\u00f3crata (PSD, centro-derecha) y jefe del Ejecutivo luso, Pedro Passos Coelho, fue reelegido como l\u00edder de su partido por una amplia mayor\u00eda en unas primarias sin adversarios. El dirigente conservador obtuvo cerca del 88 % de los votos directos, seg\u00fan informaron hoy fuentes del partido tras\" \/>\n\t<meta name=\"robots\" content=\"max-image-preview:large\" \/>\n\t<meta name=\"author\" content=\"El Digital de Asturias\"\/>\n\t<meta name=\"google-site-verification\" content=\"UA-38556648-1\" \/>\n\t<meta name=\"msvalidate.01\" content=\"7dfe9f3f1b24437ab69f4f2559babe99\" \/>\n\t<meta name=\"keywords\" content=\"actualidad\" \/>\n\t<link rel=\"canonical\" href=\"https:\/\/www.eldigitaldeasturias.com\/noticias\/passos-coelho-reelegido-como-lider-del-psd-en-unas-primarias-sin-adversarios\/\" \/>\n\t<meta name=\"generator\" content=\"All in One SEO Pro (AIOSEO) 5.0.1\" \/>\n\t\t<meta property=\"og:locale\" content=\"es_ES\" \/>\n\t\t<meta property=\"og:site_name\" content=\"El Digital de Asturias\" \/>\n\t\t<meta property=\"og:type\" content=\"article\" \/>\n\t\t<meta property=\"og:title\" content=\"Passos Coelho, reelegido como l\u00edder del PSD en unas primarias sin adversarios - El Digital de Asturias\" \/>\n\t\t<meta property=\"og:description\" content=\"Lisboa, 26 ene (EFE).- El presidente del Partido Social Dem\u00f3crata (PSD, centro-derecha) y jefe del Ejecutivo luso, Pedro Passos Coelho, fue reelegido como l\u00edder de su partido por una amplia mayor\u00eda en unas primarias sin adversarios. El dirigente conservador obtuvo cerca del 88 % de los votos directos, seg\u00fan informaron hoy fuentes del partido tras\" \/>\n\t\t<meta property=\"og:url\" content=\"https:\/\/www.eldigitaldeasturias.com\/noticias\/passos-coelho-reelegido-como-lider-del-psd-en-unas-primarias-sin-adversarios\/\" \/>\n\t\t<meta property=\"og:image\" content=\"https:\/\/www.eldigitaldeasturias.com\/noticias\/wp-content\/uploads\/2026\/06\/Contenidos.jpg\" \/>\n\t\t<meta property=\"og:image:secure_url\" content=\"https:\/\/www.eldigitaldeasturias.com\/noticias\/wp-content\/uploads\/2026\/06\/Contenidos.jpg\" \/>\n\t\t<meta property=\"og:image:width\" content=\"1265\" \/>\n\t\t<meta property=\"og:image:height\" content=\"697\" \/>\n\t\t<meta property=\"article:tag\" content=\"actualidad\" \/>\n\t\t<meta property=\"article:published_time\" content=\"2014-01-26T23:53:16+00:00\" \/>\n\t\t<meta property=\"article:modified_time\" content=\"2014-01-26T23:53:16+00:00\" \/>\n\t\t<meta property=\"article:publisher\" content=\"https:\/\/facebook.com\/eldigitaldeasturias\" \/>\n\t\t<meta name=\"twitter:card\" content=\"summary_large_image\" \/>\n\t\t<meta name=\"twitter:title\" content=\"Passos Coelho, reelegido como l\u00edder del PSD en unas primarias sin adversarios - El Digital de Asturias\" \/>\n\t\t<meta name=\"twitter:description\" content=\"Lisboa, 26 ene (EFE).- El presidente del Partido Social Dem\u00f3crata (PSD, centro-derecha) y jefe del Ejecutivo luso, Pedro Passos Coelho, fue reelegido como l\u00edder de su partido por una amplia mayor\u00eda en unas primarias sin adversarios. El dirigente conservador obtuvo cerca del 88 % de los votos directos, seg\u00fan informaron hoy fuentes del partido tras\" \/>\n\t\t<meta name=\"twitter:image\" content=\"https:\/\/www.eldigitaldeasturias.com\/noticias\/wp-content\/uploads\/2026\/06\/Contenidos.jpg\" \/>\n\t\t<meta name=\"twitter:label1\" content=\"Escrito por\" \/>\n\t\t<meta name=\"twitter:data1\" content=\"El Digital de Asturias\" \/>\n\t\t<meta name=\"twitter:label2\" content=\"Tiempo de lectura estimado\" \/>\n\t\t<meta name=\"twitter:data2\" content=\"2 minutos\" \/>\n\t\t<script type=\"application\/ld+json\" class=\"aioseo-schema\">\n\t\t\t{\"@context\":\"https:\\\/\\\/schema.org\",\"@graph\":[{\"@type\":\"BlogPosting\",\"@id\":\"https:\\\/\\\/www.eldigitaldeasturias.com\\\/noticias\\\/passos-coelho-reelegido-como-lider-del-psd-en-unas-primarias-sin-adversarios\\\/#blogposting\",\"name\":\"Passos Coelho, reelegido como l\\u00edder del PSD en unas primarias sin adversarios - El Digital de Asturias\",\"headline\":\"Passos Coelho, reelegido como l\\u00edder del PSD en unas primarias sin adversarios\",\"author\":{\"@id\":\"https:\\\/\\\/www.eldigitaldeasturias.com\\\/noticias\\\/author\\\/admin\\\/#author\"},\"publisher\":{\"@id\":\"https:\\\/\\\/www.eldigitaldeasturias.com\\\/noticias\\\/#organization\"},\"image\":{\"@type\":\"ImageObject\",\"url\":\"https:\\\/\\\/www.eldigitaldeasturias.com\\\/noticias\\\/wp-content\\\/uploads\\\/2026\\\/06\\\/Contenidos.jpg\",\"width\":1265,\"height\":697,\"caption\":\"Contenidos\"},\"datePublished\":\"2014-01-26T22:53:16+01:00\",\"dateModified\":\"2014-01-26T22:53:16+01:00\",\"inLanguage\":\"es-ES\",\"mainEntityOfPage\":{\"@id\":\"https:\\\/\\\/www.eldigitaldeasturias.com\\\/noticias\\\/passos-coelho-reelegido-como-lider-del-psd-en-unas-primarias-sin-adversarios\\\/#webpage\"},\"isPartOf\":{\"@id\":\"https:\\\/\\\/www.eldigitaldeasturias.com\\\/noticias\\\/passos-coelho-reelegido-como-lider-del-psd-en-unas-primarias-sin-adversarios\\\/#webpage\"},\"articleSection\":\"Actualidad\"},{\"@type\":\"BreadcrumbList\",\"@id\":\"https:\\\/\\\/www.eldigitaldeasturias.com\\\/noticias\\\/passos-coelho-reelegido-como-lider-del-psd-en-unas-primarias-sin-adversarios\\\/#breadcrumblist\",\"itemListElement\":[{\"@type\":\"ListItem\",\"@id\":\"https:\\\/\\\/www.eldigitaldeasturias.com\\\/noticias#listItem\",\"position\":1,\"name\":\"Home\",\"item\":\"https:\\\/\\\/www.eldigitaldeasturias.com\\\/noticias\",\"nextItem\":{\"@type\":\"ListItem\",\"@id\":\"https:\\\/\\\/www.eldigitaldeasturias.com\\\/noticias\\\/category\\\/actualidad\\\/#listItem\",\"name\":\"Actualidad\"}},{\"@type\":\"ListItem\",\"@id\":\"https:\\\/\\\/www.eldigitaldeasturias.com\\\/noticias\\\/category\\\/actualidad\\\/#listItem\",\"position\":2,\"name\":\"Actualidad\",\"item\":\"https:\\\/\\\/www.eldigitaldeasturias.com\\\/noticias\\\/category\\\/actualidad\\\/\",\"nextItem\":{\"@type\":\"ListItem\",\"@id\":\"https:\\\/\\\/www.eldigitaldeasturias.com\\\/noticias\\\/passos-coelho-reelegido-como-lider-del-psd-en-unas-primarias-sin-adversarios\\\/#listItem\",\"name\":\"Passos Coelho, reelegido como l\\u00edder del PSD en unas primarias sin adversarios\"},\"previousItem\":{\"@type\":\"ListItem\",\"@id\":\"https:\\\/\\\/www.eldigitaldeasturias.com\\\/noticias#listItem\",\"name\":\"Home\"}},{\"@type\":\"ListItem\",\"@id\":\"https:\\\/\\\/www.eldigitaldeasturias.com\\\/noticias\\\/passos-coelho-reelegido-como-lider-del-psd-en-unas-primarias-sin-adversarios\\\/#listItem\",\"position\":3,\"name\":\"Passos Coelho, reelegido como l\\u00edder del PSD en unas primarias sin adversarios\",\"previousItem\":{\"@type\":\"ListItem\",\"@id\":\"https:\\\/\\\/www.eldigitaldeasturias.com\\\/noticias\\\/category\\\/actualidad\\\/#listItem\",\"name\":\"Actualidad\"}}]},{\"@type\":\"Organization\",\"@id\":\"https:\\\/\\\/www.eldigitaldeasturias.com\\\/noticias\\\/#organization\",\"name\":\"El Digital de Asturias\",\"description\":\"Hemeroteca\",\"url\":\"https:\\\/\\\/www.eldigitaldeasturias.com\\\/noticias\\\/\",\"email\":\"info@eldigitaldeasturias.com\",\"telephone\":\"+34652131393\",\"logo\":{\"@type\":\"ImageObject\",\"url\":\"https:\\\/\\\/www.eldigitaldeasturias.com\\\/noticias\\\/wp-content\\\/uploads\\\/2020\\\/12\\\/EDA.jpg\",\"@id\":\"https:\\\/\\\/www.eldigitaldeasturias.com\\\/noticias\\\/passos-coelho-reelegido-como-lider-del-psd-en-unas-primarias-sin-adversarios\\\/#organizationLogo\"},\"image\":{\"@id\":\"https:\\\/\\\/www.eldigitaldeasturias.com\\\/noticias\\\/passos-coelho-reelegido-como-lider-del-psd-en-unas-primarias-sin-adversarios\\\/#organizationLogo\"},\"sameAs\":[\"https:\\\/\\\/facebook.com\\\/eldigitaldeasturias\",\"https:\\\/\\\/www.youtube.com\\\/channel\\\/UCZP-2wLEB9Rv6erhFmqVnvg\"],\"address\":{\"@id\":\"https:\\\/\\\/www.eldigitaldeasturias.com\\\/noticias\\\/#postaladdress\",\"@type\":\"PostalAddress\",\"streetAddress\":\"san antonio 4\",\"postalCode\":\"33430\",\"addressLocality\":\"Cand\\u00e1s\",\"addressRegion\":\"Asturias\",\"addressCountry\":\"ES\"}},{\"@type\":\"Person\",\"@id\":\"https:\\\/\\\/www.eldigitaldeasturias.com\\\/noticias\\\/author\\\/admin\\\/#author\",\"url\":\"https:\\\/\\\/www.eldigitaldeasturias.com\\\/noticias\\\/author\\\/admin\\\/\",\"name\":\"El Digital de Asturias\",\"image\":{\"@type\":\"ImageObject\",\"@id\":\"https:\\\/\\\/www.eldigitaldeasturias.com\\\/noticias\\\/passos-coelho-reelegido-como-lider-del-psd-en-unas-primarias-sin-adversarios\\\/#authorImage\",\"url\":\"https:\\\/\\\/secure.gravatar.com\\\/avatar\\\/df2aeffc32bcd13f8d26072ef8a91b623d677766deac7f97ca815868cd41bf5e?s=96&d=mm&r=g\",\"width\":96,\"height\":96,\"caption\":\"El Digital de Asturias\"}},{\"@type\":\"WebPage\",\"@id\":\"https:\\\/\\\/www.eldigitaldeasturias.com\\\/noticias\\\/passos-coelho-reelegido-como-lider-del-psd-en-unas-primarias-sin-adversarios\\\/#webpage\",\"url\":\"https:\\\/\\\/www.eldigitaldeasturias.com\\\/noticias\\\/passos-coelho-reelegido-como-lider-del-psd-en-unas-primarias-sin-adversarios\\\/\",\"name\":\"Passos Coelho, reelegido como l\\u00edder del PSD en unas primarias sin adversarios - El Digital de Asturias\",\"description\":\"Lisboa, 26 ene (EFE).- El presidente del Partido Social Dem\\u00f3crata (PSD, centro-derecha) y jefe del Ejecutivo luso, Pedro Passos Coelho, fue reelegido como l\\u00edder de su partido por una amplia mayor\\u00eda en unas primarias sin adversarios. El dirigente conservador obtuvo cerca del 88 % de los votos directos, seg\\u00fan informaron hoy fuentes del partido tras\",\"inLanguage\":\"es-ES\",\"isPartOf\":{\"@id\":\"https:\\\/\\\/www.eldigitaldeasturias.com\\\/noticias\\\/#website\"},\"breadcrumb\":{\"@id\":\"https:\\\/\\\/www.eldigitaldeasturias.com\\\/noticias\\\/passos-coelho-reelegido-como-lider-del-psd-en-unas-primarias-sin-adversarios\\\/#breadcrumblist\"},\"author\":{\"@id\":\"https:\\\/\\\/www.eldigitaldeasturias.com\\\/noticias\\\/author\\\/admin\\\/#author\"},\"creator\":{\"@id\":\"https:\\\/\\\/www.eldigitaldeasturias.com\\\/noticias\\\/author\\\/admin\\\/#author\"},\"image\":{\"@type\":\"ImageObject\",\"url\":\"https:\\\/\\\/www.eldigitaldeasturias.com\\\/noticias\\\/wp-content\\\/uploads\\\/2026\\\/06\\\/Contenidos.jpg\",\"@id\":\"https:\\\/\\\/www.eldigitaldeasturias.com\\\/noticias\\\/passos-coelho-reelegido-como-lider-del-psd-en-unas-primarias-sin-adversarios\\\/#mainImage\",\"width\":1265,\"height\":697,\"caption\":\"Contenidos\"},\"primaryImageOfPage\":{\"@id\":\"https:\\\/\\\/www.eldigitaldeasturias.com\\\/noticias\\\/passos-coelho-reelegido-como-lider-del-psd-en-unas-primarias-sin-adversarios\\\/#mainImage\"},\"datePublished\":\"2014-01-26T22:53:16+01:00\",\"dateModified\":\"2014-01-26T22:53:16+01:00\"},{\"@type\":\"WebSite\",\"@id\":\"https:\\\/\\\/www.eldigitaldeasturias.com\\\/noticias\\\/#website\",\"url\":\"https:\\\/\\\/www.eldigitaldeasturias.com\\\/noticias\\\/\",\"name\":\"El Digital de Asturias - Diario de actualidad y noticias\",\"alternateName\":\"El Digital de Asturias - Diario de actualidad y noticias\",\"description\":\"Hemeroteca\",\"inLanguage\":\"es-ES\",\"publisher\":{\"@id\":\"https:\\\/\\\/www.eldigitaldeasturias.com\\\/noticias\\\/#organization\"}}]}\n\t\t<\/script>\n\t\t<!-- All in One SEO Pro -->\r\n\t\t<title>Passos Coelho, reelegido como l\u00edder del PSD en unas primarias sin adversarios - El Digital de Asturias<\/title>\n\n","aioseo_head_json":{"title":"Passos Coelho, reelegido como l\u00edder del PSD en unas primarias sin adversarios - El Digital de Asturias","description":"Lisboa, 26 ene (EFE).- El presidente del Partido Social Dem\u00f3crata (PSD, centro-derecha) y jefe del Ejecutivo luso, Pedro Passos Coelho, fue reelegido como l\u00edder de su partido por una amplia mayor\u00eda en unas primarias sin adversarios. El dirigente conservador obtuvo cerca del 88 % de los votos directos, seg\u00fan informaron hoy fuentes del partido tras","canonical_url":"https:\/\/www.eldigitaldeasturias.com\/noticias\/passos-coelho-reelegido-como-lider-del-psd-en-unas-primarias-sin-adversarios\/","robots":"max-image-preview:large","keywords":"actualidad","webmasterTools":{"google-site-verification":"UA-38556648-1","msvalidate.01":"7dfe9f3f1b24437ab69f4f2559babe99","miscellaneous":""},"schema":{"@context":"https:\/\/schema.org","@graph":[{"@type":"BlogPosting","@id":"https:\/\/www.eldigitaldeasturias.com\/noticias\/passos-coelho-reelegido-como-lider-del-psd-en-unas-primarias-sin-adversarios\/#blogposting","name":"Passos Coelho, reelegido como l\u00edder del PSD en unas primarias sin adversarios - El Digital de Asturias","headline":"Passos Coelho, reelegido como l\u00edder del PSD en unas primarias sin adversarios","author":{"@id":"https:\/\/www.eldigitaldeasturias.com\/noticias\/author\/admin\/#author"},"publisher":{"@id":"https:\/\/www.eldigitaldeasturias.com\/noticias\/#organization"},"image":{"@type":"ImageObject","url":"https:\/\/www.eldigitaldeasturias.com\/noticias\/wp-content\/uploads\/2026\/06\/Contenidos.jpg","width":1265,"height":697,"caption":"Contenidos"},"datePublished":"2014-01-26T22:53:16+01:00","dateModified":"2014-01-26T22:53:16+01:00","inLanguage":"es-ES","mainEntityOfPage":{"@id":"https:\/\/www.eldigitaldeasturias.com\/noticias\/passos-coelho-reelegido-como-lider-del-psd-en-unas-primarias-sin-adversarios\/#webpage"},"isPartOf":{"@id":"https:\/\/www.eldigitaldeasturias.com\/noticias\/passos-coelho-reelegido-como-lider-del-psd-en-unas-primarias-sin-adversarios\/#webpage"},"articleSection":"Actualidad"},{"@type":"BreadcrumbList","@id":"https:\/\/www.eldigitaldeasturias.com\/noticias\/passos-coelho-reelegido-como-lider-del-psd-en-unas-primarias-sin-adversarios\/#breadcrumblist","itemListElement":[{"@type":"ListItem","@id":"https:\/\/www.eldigitaldeasturias.com\/noticias#listItem","position":1,"name":"Home","item":"https:\/\/www.eldigitaldeasturias.com\/noticias","nextItem":{"@type":"ListItem","@id":"https:\/\/www.eldigitaldeasturias.com\/noticias\/category\/actualidad\/#listItem","name":"Actualidad"}},{"@type":"ListItem","@id":"https:\/\/www.eldigitaldeasturias.com\/noticias\/category\/actualidad\/#listItem","position":2,"name":"Actualidad","item":"https:\/\/www.eldigitaldeasturias.com\/noticias\/category\/actualidad\/","nextItem":{"@type":"ListItem","@id":"https:\/\/www.eldigitaldeasturias.com\/noticias\/passos-coelho-reelegido-como-lider-del-psd-en-unas-primarias-sin-adversarios\/#listItem","name":"Passos Coelho, reelegido como l\u00edder del PSD en unas primarias sin adversarios"},"previousItem":{"@type":"ListItem","@id":"https:\/\/www.eldigitaldeasturias.com\/noticias#listItem","name":"Home"}},{"@type":"ListItem","@id":"https:\/\/www.eldigitaldeasturias.com\/noticias\/passos-coelho-reelegido-como-lider-del-psd-en-unas-primarias-sin-adversarios\/#listItem","position":3,"name":"Passos Coelho, reelegido como l\u00edder del PSD en unas primarias sin adversarios","previousItem":{"@type":"ListItem","@id":"https:\/\/www.eldigitaldeasturias.com\/noticias\/category\/actualidad\/#listItem","name":"Actualidad"}}]},{"@type":"Organization","@id":"https:\/\/www.eldigitaldeasturias.com\/noticias\/#organization","name":"El Digital de Asturias","description":"Hemeroteca","url":"https:\/\/www.eldigitaldeasturias.com\/noticias\/","email":"info@eldigitaldeasturias.com","telephone":"+34652131393","logo":{"@type":"ImageObject","url":"https:\/\/www.eldigitaldeasturias.com\/noticias\/wp-content\/uploads\/2020\/12\/EDA.jpg","@id":"https:\/\/www.eldigitaldeasturias.com\/noticias\/passos-coelho-reelegido-como-lider-del-psd-en-unas-primarias-sin-adversarios\/#organizationLogo"},"image":{"@id":"https:\/\/www.eldigitaldeasturias.com\/noticias\/passos-coelho-reelegido-como-lider-del-psd-en-unas-primarias-sin-adversarios\/#organizationLogo"},"sameAs":["https:\/\/facebook.com\/eldigitaldeasturias","https:\/\/www.youtube.com\/channel\/UCZP-2wLEB9Rv6erhFmqVnvg"],"address":{"@id":"https:\/\/www.eldigitaldeasturias.com\/noticias\/#postaladdress","@type":"PostalAddress","streetAddress":"san antonio 4","postalCode":"33430","addressLocality":"Cand\u00e1s","addressRegion":"Asturias","addressCountry":"ES"}},{"@type":"Person","@id":"https:\/\/www.eldigitaldeasturias.com\/noticias\/author\/admin\/#author","url":"https:\/\/www.eldigitaldeasturias.com\/noticias\/author\/admin\/","name":"El Digital de Asturias","image":{"@type":"ImageObject","@id":"https:\/\/www.eldigitaldeasturias.com\/noticias\/passos-coelho-reelegido-como-lider-del-psd-en-unas-primarias-sin-adversarios\/#authorImage","url":"https:\/\/secure.gravatar.com\/avatar\/df2aeffc32bcd13f8d26072ef8a91b623d677766deac7f97ca815868cd41bf5e?s=96&d=mm&r=g","width":96,"height":96,"caption":"El Digital de Asturias"}},{"@type":"WebPage","@id":"https:\/\/www.eldigitaldeasturias.com\/noticias\/passos-coelho-reelegido-como-lider-del-psd-en-unas-primarias-sin-adversarios\/#webpage","url":"https:\/\/www.eldigitaldeasturias.com\/noticias\/passos-coelho-reelegido-como-lider-del-psd-en-unas-primarias-sin-adversarios\/","name":"Passos Coelho, reelegido como l\u00edder del PSD en unas primarias sin adversarios - El Digital de Asturias","description":"Lisboa, 26 ene (EFE).- El presidente del Partido Social Dem\u00f3crata (PSD, centro-derecha) y jefe del Ejecutivo luso, Pedro Passos Coelho, fue reelegido como l\u00edder de su partido por una amplia mayor\u00eda en unas primarias sin adversarios. El dirigente conservador obtuvo cerca del 88 % de los votos directos, seg\u00fan informaron hoy fuentes del partido tras","inLanguage":"es-ES","isPartOf":{"@id":"https:\/\/www.eldigitaldeasturias.com\/noticias\/#website"},"breadcrumb":{"@id":"https:\/\/www.eldigitaldeasturias.com\/noticias\/passos-coelho-reelegido-como-lider-del-psd-en-unas-primarias-sin-adversarios\/#breadcrumblist"},"author":{"@id":"https:\/\/www.eldigitaldeasturias.com\/noticias\/author\/admin\/#author"},"creator":{"@id":"https:\/\/www.eldigitaldeasturias.com\/noticias\/author\/admin\/#author"},"image":{"@type":"ImageObject","url":"https:\/\/www.eldigitaldeasturias.com\/noticias\/wp-content\/uploads\/2026\/06\/Contenidos.jpg","@id":"https:\/\/www.eldigitaldeasturias.com\/noticias\/passos-coelho-reelegido-como-lider-del-psd-en-unas-primarias-sin-adversarios\/#mainImage","width":1265,"height":697,"caption":"Contenidos"},"primaryImageOfPage":{"@id":"https:\/\/www.eldigitaldeasturias.com\/noticias\/passos-coelho-reelegido-como-lider-del-psd-en-unas-primarias-sin-adversarios\/#mainImage"},"datePublished":"2014-01-26T22:53:16+01:00","dateModified":"2014-01-26T22:53:16+01:00"},{"@type":"WebSite","@id":"https:\/\/www.eldigitaldeasturias.com\/noticias\/#website","url":"https:\/\/www.eldigitaldeasturias.com\/noticias\/","name":"El Digital de Asturias - Diario de actualidad y noticias","alternateName":"El Digital de Asturias - Diario de actualidad y noticias","description":"Hemeroteca","inLanguage":"es-ES","publisher":{"@id":"https:\/\/www.eldigitaldeasturias.com\/noticias\/#organization"}}]},"og:locale":"es_ES","og:site_name":"El Digital de Asturias","og:type":"article","og:title":"Passos Coelho, reelegido como l\u00edder del PSD en unas primarias sin adversarios - El Digital de Asturias","og:description":"Lisboa, 26 ene (EFE).- El presidente del Partido Social Dem\u00f3crata (PSD, centro-derecha) y jefe del Ejecutivo luso, Pedro Passos Coelho, fue reelegido como l\u00edder de su partido por una amplia mayor\u00eda en unas primarias sin adversarios. El dirigente conservador obtuvo cerca del 88 % de los votos directos, seg\u00fan informaron hoy fuentes del partido tras","og:url":"https:\/\/www.eldigitaldeasturias.com\/noticias\/passos-coelho-reelegido-como-lider-del-psd-en-unas-primarias-sin-adversarios\/","og:image":"https:\/\/www.eldigitaldeasturias.com\/noticias\/wp-content\/uploads\/2026\/06\/Contenidos.jpg","og:image:secure_url":"https:\/\/www.eldigitaldeasturias.com\/noticias\/wp-content\/uploads\/2026\/06\/Contenidos.jpg","og:image:width":1265,"og:image:height":697,"article:tag":["actualidad"],"article:published_time":"2014-01-26T23:53:16+00:00","article:modified_time":"2014-01-26T23:53:16+00:00","article:publisher":"https:\/\/facebook.com\/eldigitaldeasturias","twitter:card":"summary_large_image","twitter:title":"Passos Coelho, reelegido como l\u00edder del PSD en unas primarias sin adversarios - El Digital de Asturias","twitter:description":"Lisboa, 26 ene (EFE).- El presidente del Partido Social Dem\u00f3crata (PSD, centro-derecha) y jefe del Ejecutivo luso, Pedro Passos Coelho, fue reelegido como l\u00edder de su partido por una amplia mayor\u00eda en unas primarias sin adversarios. El dirigente conservador obtuvo cerca del 88 % de los votos directos, seg\u00fan informaron hoy fuentes del partido tras","twitter:image":"https:\/\/www.eldigitaldeasturias.com\/noticias\/wp-content\/uploads\/2026\/06\/Contenidos.jpg","twitter:label1":"Escrito por","twitter:data1":"El Digital de Asturias","twitter:label2":"Tiempo de lectura estimado","twitter:data2":"2 minutos"},"aioseo_meta_data":{"post_id":"479155","title":null,"description":null,"keywords":null,"keyphrases":null,"primary_term":null,"canonical_url":null,"og_title":null,"og_description":null,"og_object_type":"default","og_image_type":"default","og_image_url":null,"og_image_width":null,"og_image_height":null,"og_image_custom_url":null,"og_image_custom_fields":null,"og_video":null,"og_custom_url":null,"og_article_section":null,"og_article_tags":null,"twitter_use_og":true,"twitter_card":"default","twitter_image_type":"default","twitter_image_url":null,"twitter_image_custom_url":null,"twitter_image_custom_fields":null,"twitter_title":null,"twitter_description":null,"schema":{"blockGraphs":[],"customGraphs":[],"default":{"data":{"Article":[],"Course":[],"Dataset":[],"FAQPage":[],"Movie":[],"Person":[],"Product":[],"ProductReview":[],"Car":[],"Recipe":[],"Service":[],"SoftwareApplication":[],"WebPage":[]},"graphName":"","isEnabled":true},"graphs":[],"defaultGraph":"","defaultPostTypeGraph":""},"schema_type":null,"schema_type_options":null,"pillar_content":false,"robots_default":true,"robots_noindex":false,"robots_noarchive":false,"robots_nosnippet":false,"robots_nofollow":false,"robots_noimageindex":false,"robots_noodp":false,"robots_notranslate":false,"robots_max_snippet":null,"robots_max_videopreview":null,"robots_max_imagepreview":"none","priority":null,"frequency":null,"local_seo":null,"seo_analyzer_scan_date":"2026-06-01 23:41:54","breadcrumb_settings":null,"limit_modified_date":false,"open_ai":null,"ai":null,"created":"2020-11-14 22:54:02","updated":"2026-06-01 23:41:54","focus_keyword":null,"additional_keywords":null,"truseo_locale":null},"aioseo_breadcrumb":"<div class=\"aioseo-breadcrumbs\"><span class=\"aioseo-breadcrumb\">\n\t<a href=\"https:\/\/www.eldigitaldeasturias.com\/noticias\" title=\"Home\">Home<\/a>\n<\/span><span class=\"aioseo-breadcrumb-separator\">\u2013<\/span><span class=\"aioseo-breadcrumb\">\n\t<a href=\"https:\/\/www.eldigitaldeasturias.com\/noticias\/category\/actualidad\/\" title=\"Actualidad\">Actualidad<\/a>\n<\/span><span class=\"aioseo-breadcrumb-separator\">\u2013<\/span><span class=\"aioseo-breadcrumb\">\n\t<a href=\"https:\/\/www.eldigitaldeasturias.com\/noticias\/passos-coelho-reelegido-como-lider-del-psd-en-unas-primarias-sin-adversarios\/\" title=\"Passos Coelho, reelegido como l\u00edder del PSD en unas primarias sin adversarios\">Passos Coelho, reelegido como l\u00edder del PSD en unas primarias sin adversarios<\/a>\n<\/span><\/div>","aioseo_breadcrumb_json":[{"label":"Home","link":"https:\/\/www.eldigitaldeasturias.com\/noticias"},{"label":"Actualidad","link":"https:\/\/www.eldigitaldeasturias.com\/noticias\/category\/actualidad\/"},{"label":"Passos Coelho, reelegido como l\u00edder del PSD en unas primarias sin adversarios","link":"https:\/\/www.eldigitaldeasturias.com\/noticias\/passos-coelho-reelegido-como-lider-del-psd-en-unas-primarias-sin-adversarios\/"}],"_links":{"self":[{"href":"https:\/\/www.eldigitaldeasturias.com\/noticias\/wp-json\/wp\/v2\/posts\/479155","targetHints":{"allow":["GET"]}}],"collection":[{"href":"https:\/\/www.eldigitaldeasturias.com\/noticias\/wp-json\/wp\/v2\/posts"}],"about":[{"href":"https:\/\/www.eldigitaldeasturias.com\/noticias\/wp-json\/wp\/v2\/types\/post"}],"author":[{"embeddable":true,"href":"https:\/\/www.eldigitaldeasturias.com\/noticias\/wp-json\/wp\/v2\/users\/1"}],"replies":[{"embeddable":true,"href":"https:\/\/www.eldigitaldeasturias.com\/noticias\/wp-json\/wp\/v2\/comments?post=479155"}],"version-history":[{"count":0,"href":"https:\/\/www.eldigitaldeasturias.com\/noticias\/wp-json\/wp\/v2\/posts\/479155\/revisions"}],"wp:featuredmedia":[{"embeddable":true,"href":"https:\/\/www.eldigitaldeasturias.com\/noticias\/wp-json\/wp\/v2\/media\/1132184"}],"wp:attachment":[{"href":"https:\/\/www.eldigitaldeasturias.com\/noticias\/wp-json\/wp\/v2\/media?parent=479155"}],"wp:term":[{"taxonomy":"category","embeddable":true,"href":"https:\/\/www.eldigitaldeasturias.com\/noticias\/wp-json\/wp\/v2\/categories?post=479155"},{"taxonomy":"post_tag","embeddable":true,"href":"https:\/\/www.eldigitaldeasturias.com\/noticias\/wp-json\/wp\/v2\/tags?post=479155"}],"curies":[{"name":"wp","href":"https:\/\/api.w.org\/{rel}","templated":true}]}}