{"id":479149,"date":"2014-01-26T22:50:55","date_gmt":"2014-01-26T23:50:55","guid":{"rendered":"http:\/\/www.eldigitaldeasturias.com\/noticias\/?p=479149"},"modified":"2014-01-26T22:50:55","modified_gmt":"2014-01-26T23:50:55","slug":"lavillenie-bate-el-record-frances-de-pertiga-con-604","status":"publish","type":"post","link":"https:\/\/www.eldigitaldeasturias.com\/noticias\/lavillenie-bate-el-record-frances-de-pertiga-con-604\/","title":{"rendered":"Lavillenie bate el r\u00e9cord franc\u00e9s de p\u00e9rtiga con 6,04"},"content":{"rendered":"<p><img loading=\"lazy\" decoding=\"async\" class=\"alignleft size-medium wp-image-479150\" alt=\"5877154w\" src=\"https:\/\/www.eldigitaldeasturias.com\/noticias\/wp-content\/uploads\/2014\/01\/5877154w-360x207.jpg\" width=\"360\" height=\"207\" \/>Redacci\u00f3n, 26 ene (EFE).- Renaud Lavillenie, campe\u00f3n ol\u00edmpico de p\u00e9rtiga, estableci\u00f3 anoche un nuevo r\u00e9cord franc\u00e9s al imponerse en la reuni\u00f3n de Rouen (Francia) con un salto de 6,04 metros, un cent\u00edmetro por encima de su anterior marca personal.<\/p>\n<p>El atleta franc\u00e9s parec\u00eda, sin embargo, a punto de sufrir su primera derrota del a\u00f1o. En su cuarta competici\u00f3n, empez\u00f3 a saltar en 5,67, renunci\u00f3 a los 5,75 y necesit\u00f3 dos intentos para superar los 5,83, por lo que estaba detr\u00e1s de su compatriota Kevin Menaldo y del polaco Pawel Wojciechowski, campe\u00f3n mundial en 2011, que lo hab\u00edan saltado a la primera.<\/p>\n<p>Lavillenie renunci\u00f3 a los 5,88 -segu\u00eda tercero- pero salt\u00f3 limpiamente, en su primera tentativa, los 5,93, una altura ya inalcanzable para sus rivales. Luego pidi\u00f3 que el list\u00f3n se elevara a 6,04 y tambi\u00e9n tuvo \u00e9xito a la primera. Fall\u00f3 tres veces, finalmente, en su ataque al r\u00e9cord mundial del ucraniano Sergey Bubka, con la barra a 6,16 metros del suelo.<\/p>\n<p>\u00abUn r\u00e9cord de Francia a finales de enero, no puedo pedir m\u00e1s\u00bb, declar\u00f3 Lavillenie, que en sus dos primeros intentos en 6,16 no estuvo lejos de superar el list\u00f3n.<\/p>\n<p>S\u00f3lo Bubka (6,15) y el australiano Steven Hooker (6,06) han saltado m\u00e1s que Lavillenie en pista cubierta.<\/p>\n","protected":false},"excerpt":{"rendered":"<p>Redacci\u00f3n, 26 ene (EFE).- Renaud Lavillenie, campe\u00f3n ol\u00edmpico de p\u00e9rtiga, estableci\u00f3 anoche un nuevo r\u00e9cord franc\u00e9s al imponerse en la reuni\u00f3n de Rouen (Francia) con un salto de 6,04 metros, un cent\u00edmetro por encima de su anterior marca personal. El atleta franc\u00e9s parec\u00eda, sin embargo, a punto de sufrir su primera derrota del a\u00f1o. En [&hellip;]<\/p>\n","protected":false},"author":1,"featured_media":1132184,"comment_status":"closed","ping_status":"open","sticky":false,"template":"","format":"standard","meta":{"footnotes":""},"categories":[1],"tags":[],"class_list":["post-479149","post","type-post","status-publish","format-standard","has-post-thumbnail","hentry","category-actualidad"],"aioseo_notices":[],"aioseo_head":"\n\t\t<!-- All in One SEO Pro 5.0.1 - aioseo.com -->\n\t<meta name=\"description\" content=\"Redacci\u00f3n, 26 ene (EFE).- Renaud Lavillenie, campe\u00f3n ol\u00edmpico de p\u00e9rtiga, estableci\u00f3 anoche un nuevo r\u00e9cord franc\u00e9s al imponerse en la reuni\u00f3n de Rouen (Francia) con un salto de 6,04 metros, un cent\u00edmetro por encima de su anterior marca personal. El atleta franc\u00e9s parec\u00eda, sin embargo, a punto de sufrir su primera derrota del a\u00f1o. En\" \/>\n\t<meta name=\"robots\" content=\"max-image-preview:large\" \/>\n\t<meta name=\"author\" content=\"El Digital de Asturias\"\/>\n\t<meta name=\"google-site-verification\" content=\"UA-38556648-1\" \/>\n\t<meta name=\"msvalidate.01\" content=\"7dfe9f3f1b24437ab69f4f2559babe99\" \/>\n\t<meta name=\"keywords\" content=\"actualidad\" \/>\n\t<link rel=\"canonical\" href=\"https:\/\/www.eldigitaldeasturias.com\/noticias\/lavillenie-bate-el-record-frances-de-pertiga-con-604\/\" \/>\n\t<meta name=\"generator\" content=\"All in One SEO Pro (AIOSEO) 5.0.1\" \/>\n\t\t<meta property=\"og:locale\" content=\"es_ES\" \/>\n\t\t<meta property=\"og:site_name\" content=\"El Digital de Asturias\" \/>\n\t\t<meta property=\"og:type\" content=\"article\" \/>\n\t\t<meta property=\"og:title\" content=\"Lavillenie bate el r\u00e9cord franc\u00e9s de p\u00e9rtiga con 6,04 - El Digital de Asturias\" \/>\n\t\t<meta property=\"og:description\" content=\"Redacci\u00f3n, 26 ene (EFE).- Renaud Lavillenie, campe\u00f3n ol\u00edmpico de p\u00e9rtiga, estableci\u00f3 anoche un nuevo r\u00e9cord franc\u00e9s al imponerse en la reuni\u00f3n de Rouen (Francia) con un salto de 6,04 metros, un cent\u00edmetro por encima de su anterior marca personal. El atleta franc\u00e9s parec\u00eda, sin embargo, a punto de sufrir su primera derrota del a\u00f1o. En\" \/>\n\t\t<meta property=\"og:url\" content=\"https:\/\/www.eldigitaldeasturias.com\/noticias\/lavillenie-bate-el-record-frances-de-pertiga-con-604\/\" \/>\n\t\t<meta property=\"og:image\" content=\"https:\/\/www.eldigitaldeasturias.com\/noticias\/wp-content\/uploads\/2026\/06\/Contenidos.jpg\" \/>\n\t\t<meta property=\"og:image:secure_url\" content=\"https:\/\/www.eldigitaldeasturias.com\/noticias\/wp-content\/uploads\/2026\/06\/Contenidos.jpg\" \/>\n\t\t<meta property=\"og:image:width\" content=\"1265\" \/>\n\t\t<meta property=\"og:image:height\" content=\"697\" \/>\n\t\t<meta property=\"article:tag\" content=\"actualidad\" \/>\n\t\t<meta property=\"article:published_time\" content=\"2014-01-26T23:50:55+00:00\" \/>\n\t\t<meta property=\"article:modified_time\" content=\"2014-01-26T23:50:55+00:00\" \/>\n\t\t<meta property=\"article:publisher\" content=\"https:\/\/facebook.com\/eldigitaldeasturias\" \/>\n\t\t<meta name=\"twitter:card\" content=\"summary_large_image\" \/>\n\t\t<meta name=\"twitter:title\" content=\"Lavillenie bate el r\u00e9cord franc\u00e9s de p\u00e9rtiga con 6,04 - El Digital de Asturias\" \/>\n\t\t<meta name=\"twitter:description\" content=\"Redacci\u00f3n, 26 ene (EFE).- Renaud Lavillenie, campe\u00f3n ol\u00edmpico de p\u00e9rtiga, estableci\u00f3 anoche un nuevo r\u00e9cord franc\u00e9s al imponerse en la reuni\u00f3n de Rouen (Francia) con un salto de 6,04 metros, un cent\u00edmetro por encima de su anterior marca personal. El atleta franc\u00e9s parec\u00eda, sin embargo, a punto de sufrir su primera derrota del a\u00f1o. En\" \/>\n\t\t<meta name=\"twitter:image\" content=\"https:\/\/www.eldigitaldeasturias.com\/noticias\/wp-content\/uploads\/2026\/06\/Contenidos.jpg\" \/>\n\t\t<meta name=\"twitter:label1\" content=\"Escrito por\" \/>\n\t\t<meta name=\"twitter:data1\" content=\"El Digital de Asturias\" \/>\n\t\t<meta name=\"twitter:label2\" content=\"Tiempo de lectura estimado\" \/>\n\t\t<meta name=\"twitter:data2\" content=\"1 minuto\" \/>\n\t\t<script type=\"application\/ld+json\" class=\"aioseo-schema\">\n\t\t\t{\"@context\":\"https:\\\/\\\/schema.org\",\"@graph\":[{\"@type\":\"BlogPosting\",\"@id\":\"https:\\\/\\\/www.eldigitaldeasturias.com\\\/noticias\\\/lavillenie-bate-el-record-frances-de-pertiga-con-604\\\/#blogposting\",\"name\":\"Lavillenie bate el r\\u00e9cord franc\\u00e9s de p\\u00e9rtiga con 6,04 - El Digital de Asturias\",\"headline\":\"Lavillenie bate el r\\u00e9cord franc\\u00e9s de p\\u00e9rtiga con 6,04\",\"author\":{\"@id\":\"https:\\\/\\\/www.eldigitaldeasturias.com\\\/noticias\\\/author\\\/admin\\\/#author\"},\"publisher\":{\"@id\":\"https:\\\/\\\/www.eldigitaldeasturias.com\\\/noticias\\\/#organization\"},\"image\":{\"@type\":\"ImageObject\",\"url\":\"https:\\\/\\\/www.eldigitaldeasturias.com\\\/noticias\\\/wp-content\\\/uploads\\\/2026\\\/06\\\/Contenidos.jpg\",\"width\":1265,\"height\":697,\"caption\":\"Contenidos\"},\"datePublished\":\"2014-01-26T22:50:55+01:00\",\"dateModified\":\"2014-01-26T22:50:55+01:00\",\"inLanguage\":\"es-ES\",\"mainEntityOfPage\":{\"@id\":\"https:\\\/\\\/www.eldigitaldeasturias.com\\\/noticias\\\/lavillenie-bate-el-record-frances-de-pertiga-con-604\\\/#webpage\"},\"isPartOf\":{\"@id\":\"https:\\\/\\\/www.eldigitaldeasturias.com\\\/noticias\\\/lavillenie-bate-el-record-frances-de-pertiga-con-604\\\/#webpage\"},\"articleSection\":\"Actualidad\"},{\"@type\":\"BreadcrumbList\",\"@id\":\"https:\\\/\\\/www.eldigitaldeasturias.com\\\/noticias\\\/lavillenie-bate-el-record-frances-de-pertiga-con-604\\\/#breadcrumblist\",\"itemListElement\":[{\"@type\":\"ListItem\",\"@id\":\"https:\\\/\\\/www.eldigitaldeasturias.com\\\/noticias#listItem\",\"position\":1,\"name\":\"Home\",\"item\":\"https:\\\/\\\/www.eldigitaldeasturias.com\\\/noticias\",\"nextItem\":{\"@type\":\"ListItem\",\"@id\":\"https:\\\/\\\/www.eldigitaldeasturias.com\\\/noticias\\\/category\\\/actualidad\\\/#listItem\",\"name\":\"Actualidad\"}},{\"@type\":\"ListItem\",\"@id\":\"https:\\\/\\\/www.eldigitaldeasturias.com\\\/noticias\\\/category\\\/actualidad\\\/#listItem\",\"position\":2,\"name\":\"Actualidad\",\"item\":\"https:\\\/\\\/www.eldigitaldeasturias.com\\\/noticias\\\/category\\\/actualidad\\\/\",\"nextItem\":{\"@type\":\"ListItem\",\"@id\":\"https:\\\/\\\/www.eldigitaldeasturias.com\\\/noticias\\\/lavillenie-bate-el-record-frances-de-pertiga-con-604\\\/#listItem\",\"name\":\"Lavillenie bate el r\\u00e9cord franc\\u00e9s de p\\u00e9rtiga con 6,04\"},\"previousItem\":{\"@type\":\"ListItem\",\"@id\":\"https:\\\/\\\/www.eldigitaldeasturias.com\\\/noticias#listItem\",\"name\":\"Home\"}},{\"@type\":\"ListItem\",\"@id\":\"https:\\\/\\\/www.eldigitaldeasturias.com\\\/noticias\\\/lavillenie-bate-el-record-frances-de-pertiga-con-604\\\/#listItem\",\"position\":3,\"name\":\"Lavillenie bate el r\\u00e9cord franc\\u00e9s de p\\u00e9rtiga con 6,04\",\"previousItem\":{\"@type\":\"ListItem\",\"@id\":\"https:\\\/\\\/www.eldigitaldeasturias.com\\\/noticias\\\/category\\\/actualidad\\\/#listItem\",\"name\":\"Actualidad\"}}]},{\"@type\":\"Organization\",\"@id\":\"https:\\\/\\\/www.eldigitaldeasturias.com\\\/noticias\\\/#organization\",\"name\":\"El Digital de Asturias\",\"description\":\"Hemeroteca\",\"url\":\"https:\\\/\\\/www.eldigitaldeasturias.com\\\/noticias\\\/\",\"email\":\"info@eldigitaldeasturias.com\",\"telephone\":\"+34652131393\",\"logo\":{\"@type\":\"ImageObject\",\"url\":\"https:\\\/\\\/www.eldigitaldeasturias.com\\\/noticias\\\/wp-content\\\/uploads\\\/2020\\\/12\\\/EDA.jpg\",\"@id\":\"https:\\\/\\\/www.eldigitaldeasturias.com\\\/noticias\\\/lavillenie-bate-el-record-frances-de-pertiga-con-604\\\/#organizationLogo\"},\"image\":{\"@id\":\"https:\\\/\\\/www.eldigitaldeasturias.com\\\/noticias\\\/lavillenie-bate-el-record-frances-de-pertiga-con-604\\\/#organizationLogo\"},\"sameAs\":[\"https:\\\/\\\/facebook.com\\\/eldigitaldeasturias\",\"https:\\\/\\\/www.youtube.com\\\/channel\\\/UCZP-2wLEB9Rv6erhFmqVnvg\"],\"address\":{\"@id\":\"https:\\\/\\\/www.eldigitaldeasturias.com\\\/noticias\\\/#postaladdress\",\"@type\":\"PostalAddress\",\"streetAddress\":\"san antonio 4\",\"postalCode\":\"33430\",\"addressLocality\":\"Cand\\u00e1s\",\"addressRegion\":\"Asturias\",\"addressCountry\":\"ES\"}},{\"@type\":\"Person\",\"@id\":\"https:\\\/\\\/www.eldigitaldeasturias.com\\\/noticias\\\/author\\\/admin\\\/#author\",\"url\":\"https:\\\/\\\/www.eldigitaldeasturias.com\\\/noticias\\\/author\\\/admin\\\/\",\"name\":\"El Digital de Asturias\",\"image\":{\"@type\":\"ImageObject\",\"@id\":\"https:\\\/\\\/www.eldigitaldeasturias.com\\\/noticias\\\/lavillenie-bate-el-record-frances-de-pertiga-con-604\\\/#authorImage\",\"url\":\"https:\\\/\\\/secure.gravatar.com\\\/avatar\\\/df2aeffc32bcd13f8d26072ef8a91b623d677766deac7f97ca815868cd41bf5e?s=96&d=mm&r=g\",\"width\":96,\"height\":96,\"caption\":\"El Digital de Asturias\"}},{\"@type\":\"WebPage\",\"@id\":\"https:\\\/\\\/www.eldigitaldeasturias.com\\\/noticias\\\/lavillenie-bate-el-record-frances-de-pertiga-con-604\\\/#webpage\",\"url\":\"https:\\\/\\\/www.eldigitaldeasturias.com\\\/noticias\\\/lavillenie-bate-el-record-frances-de-pertiga-con-604\\\/\",\"name\":\"Lavillenie bate el r\\u00e9cord franc\\u00e9s de p\\u00e9rtiga con 6,04 - El Digital de Asturias\",\"description\":\"Redacci\\u00f3n, 26 ene (EFE).- Renaud Lavillenie, campe\\u00f3n ol\\u00edmpico de p\\u00e9rtiga, estableci\\u00f3 anoche un nuevo r\\u00e9cord franc\\u00e9s al imponerse en la reuni\\u00f3n de Rouen (Francia) con un salto de 6,04 metros, un cent\\u00edmetro por encima de su anterior marca personal. El atleta franc\\u00e9s parec\\u00eda, sin embargo, a punto de sufrir su primera derrota del a\\u00f1o. En\",\"inLanguage\":\"es-ES\",\"isPartOf\":{\"@id\":\"https:\\\/\\\/www.eldigitaldeasturias.com\\\/noticias\\\/#website\"},\"breadcrumb\":{\"@id\":\"https:\\\/\\\/www.eldigitaldeasturias.com\\\/noticias\\\/lavillenie-bate-el-record-frances-de-pertiga-con-604\\\/#breadcrumblist\"},\"author\":{\"@id\":\"https:\\\/\\\/www.eldigitaldeasturias.com\\\/noticias\\\/author\\\/admin\\\/#author\"},\"creator\":{\"@id\":\"https:\\\/\\\/www.eldigitaldeasturias.com\\\/noticias\\\/author\\\/admin\\\/#author\"},\"image\":{\"@type\":\"ImageObject\",\"url\":\"https:\\\/\\\/www.eldigitaldeasturias.com\\\/noticias\\\/wp-content\\\/uploads\\\/2026\\\/06\\\/Contenidos.jpg\",\"@id\":\"https:\\\/\\\/www.eldigitaldeasturias.com\\\/noticias\\\/lavillenie-bate-el-record-frances-de-pertiga-con-604\\\/#mainImage\",\"width\":1265,\"height\":697,\"caption\":\"Contenidos\"},\"primaryImageOfPage\":{\"@id\":\"https:\\\/\\\/www.eldigitaldeasturias.com\\\/noticias\\\/lavillenie-bate-el-record-frances-de-pertiga-con-604\\\/#mainImage\"},\"datePublished\":\"2014-01-26T22:50:55+01:00\",\"dateModified\":\"2014-01-26T22:50:55+01:00\"},{\"@type\":\"WebSite\",\"@id\":\"https:\\\/\\\/www.eldigitaldeasturias.com\\\/noticias\\\/#website\",\"url\":\"https:\\\/\\\/www.eldigitaldeasturias.com\\\/noticias\\\/\",\"name\":\"El Digital de Asturias - Diario de actualidad y noticias\",\"alternateName\":\"El Digital de Asturias - Diario de actualidad y noticias\",\"description\":\"Hemeroteca\",\"inLanguage\":\"es-ES\",\"publisher\":{\"@id\":\"https:\\\/\\\/www.eldigitaldeasturias.com\\\/noticias\\\/#organization\"}}]}\n\t\t<\/script>\n\t\t<!-- All in One SEO Pro -->\r\n\t\t<title>Lavillenie bate el r\u00e9cord franc\u00e9s de p\u00e9rtiga con 6,04 - El Digital de Asturias<\/title>\n\n","aioseo_head_json":{"title":"Lavillenie bate el r\u00e9cord franc\u00e9s de p\u00e9rtiga con 6,04 - El Digital de Asturias","description":"Redacci\u00f3n, 26 ene (EFE).- Renaud Lavillenie, campe\u00f3n ol\u00edmpico de p\u00e9rtiga, estableci\u00f3 anoche un nuevo r\u00e9cord franc\u00e9s al imponerse en la reuni\u00f3n de Rouen (Francia) con un salto de 6,04 metros, un cent\u00edmetro por encima de su anterior marca personal. El atleta franc\u00e9s parec\u00eda, sin embargo, a punto de sufrir su primera derrota del a\u00f1o. En","canonical_url":"https:\/\/www.eldigitaldeasturias.com\/noticias\/lavillenie-bate-el-record-frances-de-pertiga-con-604\/","robots":"max-image-preview:large","keywords":"actualidad","webmasterTools":{"google-site-verification":"UA-38556648-1","msvalidate.01":"7dfe9f3f1b24437ab69f4f2559babe99","miscellaneous":""},"schema":{"@context":"https:\/\/schema.org","@graph":[{"@type":"BlogPosting","@id":"https:\/\/www.eldigitaldeasturias.com\/noticias\/lavillenie-bate-el-record-frances-de-pertiga-con-604\/#blogposting","name":"Lavillenie bate el r\u00e9cord franc\u00e9s de p\u00e9rtiga con 6,04 - El Digital de Asturias","headline":"Lavillenie bate el r\u00e9cord franc\u00e9s de p\u00e9rtiga con 6,04","author":{"@id":"https:\/\/www.eldigitaldeasturias.com\/noticias\/author\/admin\/#author"},"publisher":{"@id":"https:\/\/www.eldigitaldeasturias.com\/noticias\/#organization"},"image":{"@type":"ImageObject","url":"https:\/\/www.eldigitaldeasturias.com\/noticias\/wp-content\/uploads\/2026\/06\/Contenidos.jpg","width":1265,"height":697,"caption":"Contenidos"},"datePublished":"2014-01-26T22:50:55+01:00","dateModified":"2014-01-26T22:50:55+01:00","inLanguage":"es-ES","mainEntityOfPage":{"@id":"https:\/\/www.eldigitaldeasturias.com\/noticias\/lavillenie-bate-el-record-frances-de-pertiga-con-604\/#webpage"},"isPartOf":{"@id":"https:\/\/www.eldigitaldeasturias.com\/noticias\/lavillenie-bate-el-record-frances-de-pertiga-con-604\/#webpage"},"articleSection":"Actualidad"},{"@type":"BreadcrumbList","@id":"https:\/\/www.eldigitaldeasturias.com\/noticias\/lavillenie-bate-el-record-frances-de-pertiga-con-604\/#breadcrumblist","itemListElement":[{"@type":"ListItem","@id":"https:\/\/www.eldigitaldeasturias.com\/noticias#listItem","position":1,"name":"Home","item":"https:\/\/www.eldigitaldeasturias.com\/noticias","nextItem":{"@type":"ListItem","@id":"https:\/\/www.eldigitaldeasturias.com\/noticias\/category\/actualidad\/#listItem","name":"Actualidad"}},{"@type":"ListItem","@id":"https:\/\/www.eldigitaldeasturias.com\/noticias\/category\/actualidad\/#listItem","position":2,"name":"Actualidad","item":"https:\/\/www.eldigitaldeasturias.com\/noticias\/category\/actualidad\/","nextItem":{"@type":"ListItem","@id":"https:\/\/www.eldigitaldeasturias.com\/noticias\/lavillenie-bate-el-record-frances-de-pertiga-con-604\/#listItem","name":"Lavillenie bate el r\u00e9cord franc\u00e9s de p\u00e9rtiga con 6,04"},"previousItem":{"@type":"ListItem","@id":"https:\/\/www.eldigitaldeasturias.com\/noticias#listItem","name":"Home"}},{"@type":"ListItem","@id":"https:\/\/www.eldigitaldeasturias.com\/noticias\/lavillenie-bate-el-record-frances-de-pertiga-con-604\/#listItem","position":3,"name":"Lavillenie bate el r\u00e9cord franc\u00e9s de p\u00e9rtiga con 6,04","previousItem":{"@type":"ListItem","@id":"https:\/\/www.eldigitaldeasturias.com\/noticias\/category\/actualidad\/#listItem","name":"Actualidad"}}]},{"@type":"Organization","@id":"https:\/\/www.eldigitaldeasturias.com\/noticias\/#organization","name":"El Digital de Asturias","description":"Hemeroteca","url":"https:\/\/www.eldigitaldeasturias.com\/noticias\/","email":"info@eldigitaldeasturias.com","telephone":"+34652131393","logo":{"@type":"ImageObject","url":"https:\/\/www.eldigitaldeasturias.com\/noticias\/wp-content\/uploads\/2020\/12\/EDA.jpg","@id":"https:\/\/www.eldigitaldeasturias.com\/noticias\/lavillenie-bate-el-record-frances-de-pertiga-con-604\/#organizationLogo"},"image":{"@id":"https:\/\/www.eldigitaldeasturias.com\/noticias\/lavillenie-bate-el-record-frances-de-pertiga-con-604\/#organizationLogo"},"sameAs":["https:\/\/facebook.com\/eldigitaldeasturias","https:\/\/www.youtube.com\/channel\/UCZP-2wLEB9Rv6erhFmqVnvg"],"address":{"@id":"https:\/\/www.eldigitaldeasturias.com\/noticias\/#postaladdress","@type":"PostalAddress","streetAddress":"san antonio 4","postalCode":"33430","addressLocality":"Cand\u00e1s","addressRegion":"Asturias","addressCountry":"ES"}},{"@type":"Person","@id":"https:\/\/www.eldigitaldeasturias.com\/noticias\/author\/admin\/#author","url":"https:\/\/www.eldigitaldeasturias.com\/noticias\/author\/admin\/","name":"El Digital de Asturias","image":{"@type":"ImageObject","@id":"https:\/\/www.eldigitaldeasturias.com\/noticias\/lavillenie-bate-el-record-frances-de-pertiga-con-604\/#authorImage","url":"https:\/\/secure.gravatar.com\/avatar\/df2aeffc32bcd13f8d26072ef8a91b623d677766deac7f97ca815868cd41bf5e?s=96&d=mm&r=g","width":96,"height":96,"caption":"El Digital de Asturias"}},{"@type":"WebPage","@id":"https:\/\/www.eldigitaldeasturias.com\/noticias\/lavillenie-bate-el-record-frances-de-pertiga-con-604\/#webpage","url":"https:\/\/www.eldigitaldeasturias.com\/noticias\/lavillenie-bate-el-record-frances-de-pertiga-con-604\/","name":"Lavillenie bate el r\u00e9cord franc\u00e9s de p\u00e9rtiga con 6,04 - El Digital de Asturias","description":"Redacci\u00f3n, 26 ene (EFE).- Renaud Lavillenie, campe\u00f3n ol\u00edmpico de p\u00e9rtiga, estableci\u00f3 anoche un nuevo r\u00e9cord franc\u00e9s al imponerse en la reuni\u00f3n de Rouen (Francia) con un salto de 6,04 metros, un cent\u00edmetro por encima de su anterior marca personal. El atleta franc\u00e9s parec\u00eda, sin embargo, a punto de sufrir su primera derrota del a\u00f1o. En","inLanguage":"es-ES","isPartOf":{"@id":"https:\/\/www.eldigitaldeasturias.com\/noticias\/#website"},"breadcrumb":{"@id":"https:\/\/www.eldigitaldeasturias.com\/noticias\/lavillenie-bate-el-record-frances-de-pertiga-con-604\/#breadcrumblist"},"author":{"@id":"https:\/\/www.eldigitaldeasturias.com\/noticias\/author\/admin\/#author"},"creator":{"@id":"https:\/\/www.eldigitaldeasturias.com\/noticias\/author\/admin\/#author"},"image":{"@type":"ImageObject","url":"https:\/\/www.eldigitaldeasturias.com\/noticias\/wp-content\/uploads\/2026\/06\/Contenidos.jpg","@id":"https:\/\/www.eldigitaldeasturias.com\/noticias\/lavillenie-bate-el-record-frances-de-pertiga-con-604\/#mainImage","width":1265,"height":697,"caption":"Contenidos"},"primaryImageOfPage":{"@id":"https:\/\/www.eldigitaldeasturias.com\/noticias\/lavillenie-bate-el-record-frances-de-pertiga-con-604\/#mainImage"},"datePublished":"2014-01-26T22:50:55+01:00","dateModified":"2014-01-26T22:50:55+01:00"},{"@type":"WebSite","@id":"https:\/\/www.eldigitaldeasturias.com\/noticias\/#website","url":"https:\/\/www.eldigitaldeasturias.com\/noticias\/","name":"El Digital de Asturias - Diario de actualidad y noticias","alternateName":"El Digital de Asturias - Diario de actualidad y noticias","description":"Hemeroteca","inLanguage":"es-ES","publisher":{"@id":"https:\/\/www.eldigitaldeasturias.com\/noticias\/#organization"}}]},"og:locale":"es_ES","og:site_name":"El Digital de Asturias","og:type":"article","og:title":"Lavillenie bate el r\u00e9cord franc\u00e9s de p\u00e9rtiga con 6,04 - El Digital de Asturias","og:description":"Redacci\u00f3n, 26 ene (EFE).- Renaud Lavillenie, campe\u00f3n ol\u00edmpico de p\u00e9rtiga, estableci\u00f3 anoche un nuevo r\u00e9cord franc\u00e9s al imponerse en la reuni\u00f3n de Rouen (Francia) con un salto de 6,04 metros, un cent\u00edmetro por encima de su anterior marca personal. El atleta franc\u00e9s parec\u00eda, sin embargo, a punto de sufrir su primera derrota del a\u00f1o. En","og:url":"https:\/\/www.eldigitaldeasturias.com\/noticias\/lavillenie-bate-el-record-frances-de-pertiga-con-604\/","og:image":"https:\/\/www.eldigitaldeasturias.com\/noticias\/wp-content\/uploads\/2026\/06\/Contenidos.jpg","og:image:secure_url":"https:\/\/www.eldigitaldeasturias.com\/noticias\/wp-content\/uploads\/2026\/06\/Contenidos.jpg","og:image:width":1265,"og:image:height":697,"article:tag":["actualidad"],"article:published_time":"2014-01-26T23:50:55+00:00","article:modified_time":"2014-01-26T23:50:55+00:00","article:publisher":"https:\/\/facebook.com\/eldigitaldeasturias","twitter:card":"summary_large_image","twitter:title":"Lavillenie bate el r\u00e9cord franc\u00e9s de p\u00e9rtiga con 6,04 - El Digital de Asturias","twitter:description":"Redacci\u00f3n, 26 ene (EFE).- Renaud Lavillenie, campe\u00f3n ol\u00edmpico de p\u00e9rtiga, estableci\u00f3 anoche un nuevo r\u00e9cord franc\u00e9s al imponerse en la reuni\u00f3n de Rouen (Francia) con un salto de 6,04 metros, un cent\u00edmetro por encima de su anterior marca personal. El atleta franc\u00e9s parec\u00eda, sin embargo, a punto de sufrir su primera derrota del a\u00f1o. En","twitter:image":"https:\/\/www.eldigitaldeasturias.com\/noticias\/wp-content\/uploads\/2026\/06\/Contenidos.jpg","twitter:label1":"Escrito por","twitter:data1":"El Digital de Asturias","twitter:label2":"Tiempo de lectura estimado","twitter:data2":"1 minuto"},"aioseo_meta_data":{"post_id":"479149","title":null,"description":null,"keywords":null,"keyphrases":null,"primary_term":null,"canonical_url":null,"og_title":null,"og_description":null,"og_object_type":"default","og_image_type":"default","og_image_url":null,"og_image_width":null,"og_image_height":null,"og_image_custom_url":null,"og_image_custom_fields":null,"og_video":null,"og_custom_url":null,"og_article_section":null,"og_article_tags":null,"twitter_use_og":true,"twitter_card":"default","twitter_image_type":"default","twitter_image_url":null,"twitter_image_custom_url":null,"twitter_image_custom_fields":null,"twitter_title":null,"twitter_description":null,"schema":{"blockGraphs":[],"customGraphs":[],"default":{"data":{"Article":[],"Course":[],"Dataset":[],"FAQPage":[],"Movie":[],"Person":[],"Product":[],"ProductReview":[],"Car":[],"Recipe":[],"Service":[],"SoftwareApplication":[],"WebPage":[]},"graphName":"","isEnabled":true},"graphs":[],"defaultGraph":"","defaultPostTypeGraph":""},"schema_type":null,"schema_type_options":null,"pillar_content":false,"robots_default":true,"robots_noindex":false,"robots_noarchive":false,"robots_nosnippet":false,"robots_nofollow":false,"robots_noimageindex":false,"robots_noodp":false,"robots_notranslate":false,"robots_max_snippet":null,"robots_max_videopreview":null,"robots_max_imagepreview":"none","priority":null,"frequency":null,"local_seo":null,"seo_analyzer_scan_date":"2026-06-01 23:39:56","breadcrumb_settings":null,"limit_modified_date":false,"open_ai":null,"ai":null,"created":"2020-11-14 22:54:02","updated":"2026-06-01 23:39:56","focus_keyword":null,"additional_keywords":null,"truseo_locale":null},"aioseo_breadcrumb":"<div class=\"aioseo-breadcrumbs\"><span class=\"aioseo-breadcrumb\">\n\t<a href=\"https:\/\/www.eldigitaldeasturias.com\/noticias\" title=\"Home\">Home<\/a>\n<\/span><span class=\"aioseo-breadcrumb-separator\">\u2013<\/span><span class=\"aioseo-breadcrumb\">\n\t<a href=\"https:\/\/www.eldigitaldeasturias.com\/noticias\/category\/actualidad\/\" title=\"Actualidad\">Actualidad<\/a>\n<\/span><span class=\"aioseo-breadcrumb-separator\">\u2013<\/span><span class=\"aioseo-breadcrumb\">\n\t<a href=\"https:\/\/www.eldigitaldeasturias.com\/noticias\/lavillenie-bate-el-record-frances-de-pertiga-con-604\/\" title=\"Lavillenie bate el r\u00e9cord franc\u00e9s de p\u00e9rtiga con 6,04\">Lavillenie bate el r\u00e9cord franc\u00e9s de p\u00e9rtiga con 6,04<\/a>\n<\/span><\/div>","aioseo_breadcrumb_json":[{"label":"Home","link":"https:\/\/www.eldigitaldeasturias.com\/noticias"},{"label":"Actualidad","link":"https:\/\/www.eldigitaldeasturias.com\/noticias\/category\/actualidad\/"},{"label":"Lavillenie bate el r\u00e9cord franc\u00e9s de p\u00e9rtiga con 6,04","link":"https:\/\/www.eldigitaldeasturias.com\/noticias\/lavillenie-bate-el-record-frances-de-pertiga-con-604\/"}],"_links":{"self":[{"href":"https:\/\/www.eldigitaldeasturias.com\/noticias\/wp-json\/wp\/v2\/posts\/479149","targetHints":{"allow":["GET"]}}],"collection":[{"href":"https:\/\/www.eldigitaldeasturias.com\/noticias\/wp-json\/wp\/v2\/posts"}],"about":[{"href":"https:\/\/www.eldigitaldeasturias.com\/noticias\/wp-json\/wp\/v2\/types\/post"}],"author":[{"embeddable":true,"href":"https:\/\/www.eldigitaldeasturias.com\/noticias\/wp-json\/wp\/v2\/users\/1"}],"replies":[{"embeddable":true,"href":"https:\/\/www.eldigitaldeasturias.com\/noticias\/wp-json\/wp\/v2\/comments?post=479149"}],"version-history":[{"count":0,"href":"https:\/\/www.eldigitaldeasturias.com\/noticias\/wp-json\/wp\/v2\/posts\/479149\/revisions"}],"wp:featuredmedia":[{"embeddable":true,"href":"https:\/\/www.eldigitaldeasturias.com\/noticias\/wp-json\/wp\/v2\/media\/1132184"}],"wp:attachment":[{"href":"https:\/\/www.eldigitaldeasturias.com\/noticias\/wp-json\/wp\/v2\/media?parent=479149"}],"wp:term":[{"taxonomy":"category","embeddable":true,"href":"https:\/\/www.eldigitaldeasturias.com\/noticias\/wp-json\/wp\/v2\/categories?post=479149"},{"taxonomy":"post_tag","embeddable":true,"href":"https:\/\/www.eldigitaldeasturias.com\/noticias\/wp-json\/wp\/v2\/tags?post=479149"}],"curies":[{"name":"wp","href":"https:\/\/api.w.org\/{rel}","templated":true}]}}