{"id":479143,"date":"2014-01-26T22:48:30","date_gmt":"2014-01-26T23:48:30","guid":{"rendered":"http:\/\/www.eldigitaldeasturias.com\/noticias\/?p=479143"},"modified":"2014-01-26T22:48:30","modified_gmt":"2014-01-26T23:48:30","slug":"enfrentamientos-entre-la-policia-y-los-manifestantes-en-camboya","status":"publish","type":"post","link":"https:\/\/www.eldigitaldeasturias.com\/noticias\/enfrentamientos-entre-la-policia-y-los-manifestantes-en-camboya\/","title":{"rendered":"Enfrentamientos entre la polic\u00eda y los manifestantes en Camboya"},"content":{"rendered":"<p><img loading=\"lazy\" decoding=\"async\" class=\"alignleft size-medium wp-image-479144\" alt=\"5877126w\" src=\"https:\/\/www.eldigitaldeasturias.com\/noticias\/wp-content\/uploads\/2014\/01\/5877126w-360x245.jpg\" width=\"360\" height=\"245\" \/>Bangkok, 26 ene (EFE).- La Polic\u00eda de Camboya lanz\u00f3 hoy gases lacrim\u00f3genos y dispar\u00f3 con ca\u00f1ones de agua a centenares de manifestantes antigubernamentales que piden la liberaci\u00f3n de 23 detenidos y una subida del salario para los trabajadores de la industria textil.<\/p>\n<p>Los incidentes violentos se iniciaron cuando el grupo de manifestantes intent\u00f3 traspasar la l\u00edneas de seguridad establecidas por las autoridades en el Parque de la Libertad en Phnom Penh, la capital del pa\u00eds.<\/p>\n<p>Las autoridades utilizaron bastones para interrumpir el paso de los antigubernamentales, que respondieron lanzando piedras, botellas de agua y palos, y despu\u00e9s la polic\u00eda us\u00f3 gases lacrim\u00f3genos y ca\u00f1ones de agua para tratar de dispersar los varios centenares de manifestantes.<\/p>\n<p>Las hostilidades cesaron cuando un grupo del Alto Comisionado por los Derechos Humanos de Naciones Unidas se traslad\u00f3 hasta la zona, apunta el diario \u00abThe Phnom Penh Post\u00bb.<\/p>\n<p>Los manifestantes exigen la liberaci\u00f3n de 23 detenidos durante una redada el pasado 2 de enero y una subida salarial hasta los 160 d\u00f3lares (116 euros) al mes para los trabajadores camboyanos.<\/p>\n<p>Los 23 manifestantes por los que intercedieron fueron arrestados a principios de enero, cuando las fuerzas de seguridad dispersaron violentamente una protestas de opositores y trabajadores del textil, en la que murieron cinco personas.<\/p>\n<p>El Gobierno, que deneg\u00f3 el permiso para las protestas promulgadas por nueve sindicatos de trabajadores, ha rechazado negociar las demandas.<\/p>\n<p>La semana pasada, el jefe de la oposici\u00f3n camboyana, Sam Rainsy, compareci\u00f3 en los juzgados de Phnom Penh acusado de incitar a la desobediencia civil por pedir a los sindicatos del sector textil que se sumen a la movilizaci\u00f3n contra las \u00faltimas elecciones generales.<\/p>\n<p>Hun Sen es el primer ministro del pa\u00eds desde 1985 y obtuvo la reelecci\u00f3n para otros cinco a\u00f1os en los comicios del 28 de julio de 2013 con el Partido del Pueblo de Camboya en medio de acusaciones de fraude.<\/p>\n<p>La oposici\u00f3n encabezada por Rainsy rechaz\u00f3 el resultado, boicote\u00f3 la formaci\u00f3n del Parlamento y ha mantenido durante meses manifestaciones callejeras que acab\u00f3 por cancelar a principios de enero, despu\u00e9s de unos enfrentamientos con las fuerzas de seguridad que causaron cinco muertos.<\/p>\n<p>Rainsy exige la reforma del sistema electoral y la repetici\u00f3n de las elecciones.<\/p>\n","protected":false},"excerpt":{"rendered":"<p>Bangkok, 26 ene (EFE).- La Polic\u00eda de Camboya lanz\u00f3 hoy gases lacrim\u00f3genos y dispar\u00f3 con ca\u00f1ones de agua a centenares de manifestantes antigubernamentales que piden la liberaci\u00f3n de 23 detenidos y una subida del salario para los trabajadores de la industria textil. Los incidentes violentos se iniciaron cuando el grupo de manifestantes intent\u00f3 traspasar la [&hellip;]<\/p>\n","protected":false},"author":1,"featured_media":1132184,"comment_status":"closed","ping_status":"open","sticky":false,"template":"","format":"standard","meta":{"footnotes":""},"categories":[1],"tags":[],"class_list":["post-479143","post","type-post","status-publish","format-standard","has-post-thumbnail","hentry","category-actualidad"],"aioseo_notices":[],"aioseo_head":"\n\t\t<!-- All in One SEO Pro 5.0.1 - aioseo.com -->\n\t<meta name=\"description\" content=\"Bangkok, 26 ene (EFE).- La Polic\u00eda de Camboya lanz\u00f3 hoy gases lacrim\u00f3genos y dispar\u00f3 con ca\u00f1ones de agua a centenares de manifestantes antigubernamentales que piden la liberaci\u00f3n de 23 detenidos y una subida del salario para los trabajadores de la industria textil. Los incidentes violentos se iniciaron cuando el grupo de manifestantes intent\u00f3 traspasar la\" \/>\n\t<meta name=\"robots\" content=\"max-image-preview:large\" \/>\n\t<meta name=\"author\" content=\"El Digital de Asturias\"\/>\n\t<meta name=\"google-site-verification\" content=\"UA-38556648-1\" \/>\n\t<meta name=\"msvalidate.01\" content=\"7dfe9f3f1b24437ab69f4f2559babe99\" \/>\n\t<meta name=\"keywords\" content=\"actualidad\" \/>\n\t<link rel=\"canonical\" href=\"https:\/\/www.eldigitaldeasturias.com\/noticias\/enfrentamientos-entre-la-policia-y-los-manifestantes-en-camboya\/\" \/>\n\t<meta name=\"generator\" content=\"All in One SEO Pro (AIOSEO) 5.0.1\" \/>\n\t\t<meta property=\"og:locale\" content=\"es_ES\" \/>\n\t\t<meta property=\"og:site_name\" content=\"El Digital de Asturias\" \/>\n\t\t<meta property=\"og:type\" content=\"article\" \/>\n\t\t<meta property=\"og:title\" content=\"Enfrentamientos entre la polic\u00eda y los manifestantes en Camboya - El Digital de Asturias\" \/>\n\t\t<meta property=\"og:description\" content=\"Bangkok, 26 ene (EFE).- La Polic\u00eda de Camboya lanz\u00f3 hoy gases lacrim\u00f3genos y dispar\u00f3 con ca\u00f1ones de agua a centenares de manifestantes antigubernamentales que piden la liberaci\u00f3n de 23 detenidos y una subida del salario para los trabajadores de la industria textil. Los incidentes violentos se iniciaron cuando el grupo de manifestantes intent\u00f3 traspasar la\" \/>\n\t\t<meta property=\"og:url\" content=\"https:\/\/www.eldigitaldeasturias.com\/noticias\/enfrentamientos-entre-la-policia-y-los-manifestantes-en-camboya\/\" \/>\n\t\t<meta property=\"og:image\" content=\"https:\/\/www.eldigitaldeasturias.com\/noticias\/wp-content\/uploads\/2026\/06\/Contenidos.jpg\" \/>\n\t\t<meta property=\"og:image:secure_url\" content=\"https:\/\/www.eldigitaldeasturias.com\/noticias\/wp-content\/uploads\/2026\/06\/Contenidos.jpg\" \/>\n\t\t<meta property=\"og:image:width\" content=\"1265\" \/>\n\t\t<meta property=\"og:image:height\" content=\"697\" \/>\n\t\t<meta property=\"article:tag\" content=\"actualidad\" \/>\n\t\t<meta property=\"article:published_time\" content=\"2014-01-26T23:48:30+00:00\" \/>\n\t\t<meta property=\"article:modified_time\" content=\"2014-01-26T23:48:30+00:00\" \/>\n\t\t<meta property=\"article:publisher\" content=\"https:\/\/facebook.com\/eldigitaldeasturias\" \/>\n\t\t<meta name=\"twitter:card\" content=\"summary_large_image\" \/>\n\t\t<meta name=\"twitter:title\" content=\"Enfrentamientos entre la polic\u00eda y los manifestantes en Camboya - El Digital de Asturias\" \/>\n\t\t<meta name=\"twitter:description\" content=\"Bangkok, 26 ene (EFE).- La Polic\u00eda de Camboya lanz\u00f3 hoy gases lacrim\u00f3genos y dispar\u00f3 con ca\u00f1ones de agua a centenares de manifestantes antigubernamentales que piden la liberaci\u00f3n de 23 detenidos y una subida del salario para los trabajadores de la industria textil. Los incidentes violentos se iniciaron cuando el grupo de manifestantes intent\u00f3 traspasar la\" \/>\n\t\t<meta name=\"twitter:image\" content=\"https:\/\/www.eldigitaldeasturias.com\/noticias\/wp-content\/uploads\/2026\/06\/Contenidos.jpg\" \/>\n\t\t<meta name=\"twitter:label1\" content=\"Escrito por\" \/>\n\t\t<meta name=\"twitter:data1\" content=\"El Digital de Asturias\" \/>\n\t\t<meta name=\"twitter:label2\" content=\"Tiempo de lectura estimado\" \/>\n\t\t<meta name=\"twitter:data2\" content=\"2 minutos\" \/>\n\t\t<script type=\"application\/ld+json\" class=\"aioseo-schema\">\n\t\t\t{\"@context\":\"https:\\\/\\\/schema.org\",\"@graph\":[{\"@type\":\"BlogPosting\",\"@id\":\"https:\\\/\\\/www.eldigitaldeasturias.com\\\/noticias\\\/enfrentamientos-entre-la-policia-y-los-manifestantes-en-camboya\\\/#blogposting\",\"name\":\"Enfrentamientos entre la polic\\u00eda y los manifestantes en Camboya - El Digital de Asturias\",\"headline\":\"Enfrentamientos entre la polic\\u00eda y los manifestantes en Camboya\",\"author\":{\"@id\":\"https:\\\/\\\/www.eldigitaldeasturias.com\\\/noticias\\\/author\\\/admin\\\/#author\"},\"publisher\":{\"@id\":\"https:\\\/\\\/www.eldigitaldeasturias.com\\\/noticias\\\/#organization\"},\"image\":{\"@type\":\"ImageObject\",\"url\":\"https:\\\/\\\/www.eldigitaldeasturias.com\\\/noticias\\\/wp-content\\\/uploads\\\/2026\\\/06\\\/Contenidos.jpg\",\"width\":1265,\"height\":697,\"caption\":\"Contenidos\"},\"datePublished\":\"2014-01-26T22:48:30+01:00\",\"dateModified\":\"2014-01-26T22:48:30+01:00\",\"inLanguage\":\"es-ES\",\"mainEntityOfPage\":{\"@id\":\"https:\\\/\\\/www.eldigitaldeasturias.com\\\/noticias\\\/enfrentamientos-entre-la-policia-y-los-manifestantes-en-camboya\\\/#webpage\"},\"isPartOf\":{\"@id\":\"https:\\\/\\\/www.eldigitaldeasturias.com\\\/noticias\\\/enfrentamientos-entre-la-policia-y-los-manifestantes-en-camboya\\\/#webpage\"},\"articleSection\":\"Actualidad\"},{\"@type\":\"BreadcrumbList\",\"@id\":\"https:\\\/\\\/www.eldigitaldeasturias.com\\\/noticias\\\/enfrentamientos-entre-la-policia-y-los-manifestantes-en-camboya\\\/#breadcrumblist\",\"itemListElement\":[{\"@type\":\"ListItem\",\"@id\":\"https:\\\/\\\/www.eldigitaldeasturias.com\\\/noticias#listItem\",\"position\":1,\"name\":\"Home\",\"item\":\"https:\\\/\\\/www.eldigitaldeasturias.com\\\/noticias\",\"nextItem\":{\"@type\":\"ListItem\",\"@id\":\"https:\\\/\\\/www.eldigitaldeasturias.com\\\/noticias\\\/category\\\/actualidad\\\/#listItem\",\"name\":\"Actualidad\"}},{\"@type\":\"ListItem\",\"@id\":\"https:\\\/\\\/www.eldigitaldeasturias.com\\\/noticias\\\/category\\\/actualidad\\\/#listItem\",\"position\":2,\"name\":\"Actualidad\",\"item\":\"https:\\\/\\\/www.eldigitaldeasturias.com\\\/noticias\\\/category\\\/actualidad\\\/\",\"nextItem\":{\"@type\":\"ListItem\",\"@id\":\"https:\\\/\\\/www.eldigitaldeasturias.com\\\/noticias\\\/enfrentamientos-entre-la-policia-y-los-manifestantes-en-camboya\\\/#listItem\",\"name\":\"Enfrentamientos entre la polic\\u00eda y los manifestantes en Camboya\"},\"previousItem\":{\"@type\":\"ListItem\",\"@id\":\"https:\\\/\\\/www.eldigitaldeasturias.com\\\/noticias#listItem\",\"name\":\"Home\"}},{\"@type\":\"ListItem\",\"@id\":\"https:\\\/\\\/www.eldigitaldeasturias.com\\\/noticias\\\/enfrentamientos-entre-la-policia-y-los-manifestantes-en-camboya\\\/#listItem\",\"position\":3,\"name\":\"Enfrentamientos entre la polic\\u00eda y los manifestantes en Camboya\",\"previousItem\":{\"@type\":\"ListItem\",\"@id\":\"https:\\\/\\\/www.eldigitaldeasturias.com\\\/noticias\\\/category\\\/actualidad\\\/#listItem\",\"name\":\"Actualidad\"}}]},{\"@type\":\"Organization\",\"@id\":\"https:\\\/\\\/www.eldigitaldeasturias.com\\\/noticias\\\/#organization\",\"name\":\"El Digital de Asturias\",\"description\":\"Hemeroteca\",\"url\":\"https:\\\/\\\/www.eldigitaldeasturias.com\\\/noticias\\\/\",\"email\":\"info@eldigitaldeasturias.com\",\"telephone\":\"+34652131393\",\"logo\":{\"@type\":\"ImageObject\",\"url\":\"https:\\\/\\\/www.eldigitaldeasturias.com\\\/noticias\\\/wp-content\\\/uploads\\\/2020\\\/12\\\/EDA.jpg\",\"@id\":\"https:\\\/\\\/www.eldigitaldeasturias.com\\\/noticias\\\/enfrentamientos-entre-la-policia-y-los-manifestantes-en-camboya\\\/#organizationLogo\"},\"image\":{\"@id\":\"https:\\\/\\\/www.eldigitaldeasturias.com\\\/noticias\\\/enfrentamientos-entre-la-policia-y-los-manifestantes-en-camboya\\\/#organizationLogo\"},\"sameAs\":[\"https:\\\/\\\/facebook.com\\\/eldigitaldeasturias\",\"https:\\\/\\\/www.youtube.com\\\/channel\\\/UCZP-2wLEB9Rv6erhFmqVnvg\"],\"address\":{\"@id\":\"https:\\\/\\\/www.eldigitaldeasturias.com\\\/noticias\\\/#postaladdress\",\"@type\":\"PostalAddress\",\"streetAddress\":\"san antonio 4\",\"postalCode\":\"33430\",\"addressLocality\":\"Cand\\u00e1s\",\"addressRegion\":\"Asturias\",\"addressCountry\":\"ES\"}},{\"@type\":\"Person\",\"@id\":\"https:\\\/\\\/www.eldigitaldeasturias.com\\\/noticias\\\/author\\\/admin\\\/#author\",\"url\":\"https:\\\/\\\/www.eldigitaldeasturias.com\\\/noticias\\\/author\\\/admin\\\/\",\"name\":\"El Digital de Asturias\",\"image\":{\"@type\":\"ImageObject\",\"@id\":\"https:\\\/\\\/www.eldigitaldeasturias.com\\\/noticias\\\/enfrentamientos-entre-la-policia-y-los-manifestantes-en-camboya\\\/#authorImage\",\"url\":\"https:\\\/\\\/secure.gravatar.com\\\/avatar\\\/df2aeffc32bcd13f8d26072ef8a91b623d677766deac7f97ca815868cd41bf5e?s=96&d=mm&r=g\",\"width\":96,\"height\":96,\"caption\":\"El Digital de Asturias\"}},{\"@type\":\"WebPage\",\"@id\":\"https:\\\/\\\/www.eldigitaldeasturias.com\\\/noticias\\\/enfrentamientos-entre-la-policia-y-los-manifestantes-en-camboya\\\/#webpage\",\"url\":\"https:\\\/\\\/www.eldigitaldeasturias.com\\\/noticias\\\/enfrentamientos-entre-la-policia-y-los-manifestantes-en-camboya\\\/\",\"name\":\"Enfrentamientos entre la polic\\u00eda y los manifestantes en Camboya - El Digital de Asturias\",\"description\":\"Bangkok, 26 ene (EFE).- La Polic\\u00eda de Camboya lanz\\u00f3 hoy gases lacrim\\u00f3genos y dispar\\u00f3 con ca\\u00f1ones de agua a centenares de manifestantes antigubernamentales que piden la liberaci\\u00f3n de 23 detenidos y una subida del salario para los trabajadores de la industria textil. Los incidentes violentos se iniciaron cuando el grupo de manifestantes intent\\u00f3 traspasar la\",\"inLanguage\":\"es-ES\",\"isPartOf\":{\"@id\":\"https:\\\/\\\/www.eldigitaldeasturias.com\\\/noticias\\\/#website\"},\"breadcrumb\":{\"@id\":\"https:\\\/\\\/www.eldigitaldeasturias.com\\\/noticias\\\/enfrentamientos-entre-la-policia-y-los-manifestantes-en-camboya\\\/#breadcrumblist\"},\"author\":{\"@id\":\"https:\\\/\\\/www.eldigitaldeasturias.com\\\/noticias\\\/author\\\/admin\\\/#author\"},\"creator\":{\"@id\":\"https:\\\/\\\/www.eldigitaldeasturias.com\\\/noticias\\\/author\\\/admin\\\/#author\"},\"image\":{\"@type\":\"ImageObject\",\"url\":\"https:\\\/\\\/www.eldigitaldeasturias.com\\\/noticias\\\/wp-content\\\/uploads\\\/2026\\\/06\\\/Contenidos.jpg\",\"@id\":\"https:\\\/\\\/www.eldigitaldeasturias.com\\\/noticias\\\/enfrentamientos-entre-la-policia-y-los-manifestantes-en-camboya\\\/#mainImage\",\"width\":1265,\"height\":697,\"caption\":\"Contenidos\"},\"primaryImageOfPage\":{\"@id\":\"https:\\\/\\\/www.eldigitaldeasturias.com\\\/noticias\\\/enfrentamientos-entre-la-policia-y-los-manifestantes-en-camboya\\\/#mainImage\"},\"datePublished\":\"2014-01-26T22:48:30+01:00\",\"dateModified\":\"2014-01-26T22:48:30+01:00\"},{\"@type\":\"WebSite\",\"@id\":\"https:\\\/\\\/www.eldigitaldeasturias.com\\\/noticias\\\/#website\",\"url\":\"https:\\\/\\\/www.eldigitaldeasturias.com\\\/noticias\\\/\",\"name\":\"El Digital de Asturias - Diario de actualidad y noticias\",\"alternateName\":\"El Digital de Asturias - Diario de actualidad y noticias\",\"description\":\"Hemeroteca\",\"inLanguage\":\"es-ES\",\"publisher\":{\"@id\":\"https:\\\/\\\/www.eldigitaldeasturias.com\\\/noticias\\\/#organization\"}}]}\n\t\t<\/script>\n\t\t<!-- All in One SEO Pro -->\r\n\t\t<title>Enfrentamientos entre la polic\u00eda y los manifestantes en Camboya - El Digital de Asturias<\/title>\n\n","aioseo_head_json":{"title":"Enfrentamientos entre la polic\u00eda y los manifestantes en Camboya - El Digital de Asturias","description":"Bangkok, 26 ene (EFE).- La Polic\u00eda de Camboya lanz\u00f3 hoy gases lacrim\u00f3genos y dispar\u00f3 con ca\u00f1ones de agua a centenares de manifestantes antigubernamentales que piden la liberaci\u00f3n de 23 detenidos y una subida del salario para los trabajadores de la industria textil. Los incidentes violentos se iniciaron cuando el grupo de manifestantes intent\u00f3 traspasar la","canonical_url":"https:\/\/www.eldigitaldeasturias.com\/noticias\/enfrentamientos-entre-la-policia-y-los-manifestantes-en-camboya\/","robots":"max-image-preview:large","keywords":"actualidad","webmasterTools":{"google-site-verification":"UA-38556648-1","msvalidate.01":"7dfe9f3f1b24437ab69f4f2559babe99","miscellaneous":""},"schema":{"@context":"https:\/\/schema.org","@graph":[{"@type":"BlogPosting","@id":"https:\/\/www.eldigitaldeasturias.com\/noticias\/enfrentamientos-entre-la-policia-y-los-manifestantes-en-camboya\/#blogposting","name":"Enfrentamientos entre la polic\u00eda y los manifestantes en Camboya - El Digital de Asturias","headline":"Enfrentamientos entre la polic\u00eda y los manifestantes en Camboya","author":{"@id":"https:\/\/www.eldigitaldeasturias.com\/noticias\/author\/admin\/#author"},"publisher":{"@id":"https:\/\/www.eldigitaldeasturias.com\/noticias\/#organization"},"image":{"@type":"ImageObject","url":"https:\/\/www.eldigitaldeasturias.com\/noticias\/wp-content\/uploads\/2026\/06\/Contenidos.jpg","width":1265,"height":697,"caption":"Contenidos"},"datePublished":"2014-01-26T22:48:30+01:00","dateModified":"2014-01-26T22:48:30+01:00","inLanguage":"es-ES","mainEntityOfPage":{"@id":"https:\/\/www.eldigitaldeasturias.com\/noticias\/enfrentamientos-entre-la-policia-y-los-manifestantes-en-camboya\/#webpage"},"isPartOf":{"@id":"https:\/\/www.eldigitaldeasturias.com\/noticias\/enfrentamientos-entre-la-policia-y-los-manifestantes-en-camboya\/#webpage"},"articleSection":"Actualidad"},{"@type":"BreadcrumbList","@id":"https:\/\/www.eldigitaldeasturias.com\/noticias\/enfrentamientos-entre-la-policia-y-los-manifestantes-en-camboya\/#breadcrumblist","itemListElement":[{"@type":"ListItem","@id":"https:\/\/www.eldigitaldeasturias.com\/noticias#listItem","position":1,"name":"Home","item":"https:\/\/www.eldigitaldeasturias.com\/noticias","nextItem":{"@type":"ListItem","@id":"https:\/\/www.eldigitaldeasturias.com\/noticias\/category\/actualidad\/#listItem","name":"Actualidad"}},{"@type":"ListItem","@id":"https:\/\/www.eldigitaldeasturias.com\/noticias\/category\/actualidad\/#listItem","position":2,"name":"Actualidad","item":"https:\/\/www.eldigitaldeasturias.com\/noticias\/category\/actualidad\/","nextItem":{"@type":"ListItem","@id":"https:\/\/www.eldigitaldeasturias.com\/noticias\/enfrentamientos-entre-la-policia-y-los-manifestantes-en-camboya\/#listItem","name":"Enfrentamientos entre la polic\u00eda y los manifestantes en Camboya"},"previousItem":{"@type":"ListItem","@id":"https:\/\/www.eldigitaldeasturias.com\/noticias#listItem","name":"Home"}},{"@type":"ListItem","@id":"https:\/\/www.eldigitaldeasturias.com\/noticias\/enfrentamientos-entre-la-policia-y-los-manifestantes-en-camboya\/#listItem","position":3,"name":"Enfrentamientos entre la polic\u00eda y los manifestantes en Camboya","previousItem":{"@type":"ListItem","@id":"https:\/\/www.eldigitaldeasturias.com\/noticias\/category\/actualidad\/#listItem","name":"Actualidad"}}]},{"@type":"Organization","@id":"https:\/\/www.eldigitaldeasturias.com\/noticias\/#organization","name":"El Digital de Asturias","description":"Hemeroteca","url":"https:\/\/www.eldigitaldeasturias.com\/noticias\/","email":"info@eldigitaldeasturias.com","telephone":"+34652131393","logo":{"@type":"ImageObject","url":"https:\/\/www.eldigitaldeasturias.com\/noticias\/wp-content\/uploads\/2020\/12\/EDA.jpg","@id":"https:\/\/www.eldigitaldeasturias.com\/noticias\/enfrentamientos-entre-la-policia-y-los-manifestantes-en-camboya\/#organizationLogo"},"image":{"@id":"https:\/\/www.eldigitaldeasturias.com\/noticias\/enfrentamientos-entre-la-policia-y-los-manifestantes-en-camboya\/#organizationLogo"},"sameAs":["https:\/\/facebook.com\/eldigitaldeasturias","https:\/\/www.youtube.com\/channel\/UCZP-2wLEB9Rv6erhFmqVnvg"],"address":{"@id":"https:\/\/www.eldigitaldeasturias.com\/noticias\/#postaladdress","@type":"PostalAddress","streetAddress":"san antonio 4","postalCode":"33430","addressLocality":"Cand\u00e1s","addressRegion":"Asturias","addressCountry":"ES"}},{"@type":"Person","@id":"https:\/\/www.eldigitaldeasturias.com\/noticias\/author\/admin\/#author","url":"https:\/\/www.eldigitaldeasturias.com\/noticias\/author\/admin\/","name":"El Digital de Asturias","image":{"@type":"ImageObject","@id":"https:\/\/www.eldigitaldeasturias.com\/noticias\/enfrentamientos-entre-la-policia-y-los-manifestantes-en-camboya\/#authorImage","url":"https:\/\/secure.gravatar.com\/avatar\/df2aeffc32bcd13f8d26072ef8a91b623d677766deac7f97ca815868cd41bf5e?s=96&d=mm&r=g","width":96,"height":96,"caption":"El Digital de Asturias"}},{"@type":"WebPage","@id":"https:\/\/www.eldigitaldeasturias.com\/noticias\/enfrentamientos-entre-la-policia-y-los-manifestantes-en-camboya\/#webpage","url":"https:\/\/www.eldigitaldeasturias.com\/noticias\/enfrentamientos-entre-la-policia-y-los-manifestantes-en-camboya\/","name":"Enfrentamientos entre la polic\u00eda y los manifestantes en Camboya - El Digital de Asturias","description":"Bangkok, 26 ene (EFE).- La Polic\u00eda de Camboya lanz\u00f3 hoy gases lacrim\u00f3genos y dispar\u00f3 con ca\u00f1ones de agua a centenares de manifestantes antigubernamentales que piden la liberaci\u00f3n de 23 detenidos y una subida del salario para los trabajadores de la industria textil. Los incidentes violentos se iniciaron cuando el grupo de manifestantes intent\u00f3 traspasar la","inLanguage":"es-ES","isPartOf":{"@id":"https:\/\/www.eldigitaldeasturias.com\/noticias\/#website"},"breadcrumb":{"@id":"https:\/\/www.eldigitaldeasturias.com\/noticias\/enfrentamientos-entre-la-policia-y-los-manifestantes-en-camboya\/#breadcrumblist"},"author":{"@id":"https:\/\/www.eldigitaldeasturias.com\/noticias\/author\/admin\/#author"},"creator":{"@id":"https:\/\/www.eldigitaldeasturias.com\/noticias\/author\/admin\/#author"},"image":{"@type":"ImageObject","url":"https:\/\/www.eldigitaldeasturias.com\/noticias\/wp-content\/uploads\/2026\/06\/Contenidos.jpg","@id":"https:\/\/www.eldigitaldeasturias.com\/noticias\/enfrentamientos-entre-la-policia-y-los-manifestantes-en-camboya\/#mainImage","width":1265,"height":697,"caption":"Contenidos"},"primaryImageOfPage":{"@id":"https:\/\/www.eldigitaldeasturias.com\/noticias\/enfrentamientos-entre-la-policia-y-los-manifestantes-en-camboya\/#mainImage"},"datePublished":"2014-01-26T22:48:30+01:00","dateModified":"2014-01-26T22:48:30+01:00"},{"@type":"WebSite","@id":"https:\/\/www.eldigitaldeasturias.com\/noticias\/#website","url":"https:\/\/www.eldigitaldeasturias.com\/noticias\/","name":"El Digital de Asturias - Diario de actualidad y noticias","alternateName":"El Digital de Asturias - Diario de actualidad y noticias","description":"Hemeroteca","inLanguage":"es-ES","publisher":{"@id":"https:\/\/www.eldigitaldeasturias.com\/noticias\/#organization"}}]},"og:locale":"es_ES","og:site_name":"El Digital de Asturias","og:type":"article","og:title":"Enfrentamientos entre la polic\u00eda y los manifestantes en Camboya - El Digital de Asturias","og:description":"Bangkok, 26 ene (EFE).- La Polic\u00eda de Camboya lanz\u00f3 hoy gases lacrim\u00f3genos y dispar\u00f3 con ca\u00f1ones de agua a centenares de manifestantes antigubernamentales que piden la liberaci\u00f3n de 23 detenidos y una subida del salario para los trabajadores de la industria textil. Los incidentes violentos se iniciaron cuando el grupo de manifestantes intent\u00f3 traspasar la","og:url":"https:\/\/www.eldigitaldeasturias.com\/noticias\/enfrentamientos-entre-la-policia-y-los-manifestantes-en-camboya\/","og:image":"https:\/\/www.eldigitaldeasturias.com\/noticias\/wp-content\/uploads\/2026\/06\/Contenidos.jpg","og:image:secure_url":"https:\/\/www.eldigitaldeasturias.com\/noticias\/wp-content\/uploads\/2026\/06\/Contenidos.jpg","og:image:width":1265,"og:image:height":697,"article:tag":["actualidad"],"article:published_time":"2014-01-26T23:48:30+00:00","article:modified_time":"2014-01-26T23:48:30+00:00","article:publisher":"https:\/\/facebook.com\/eldigitaldeasturias","twitter:card":"summary_large_image","twitter:title":"Enfrentamientos entre la polic\u00eda y los manifestantes en Camboya - El Digital de Asturias","twitter:description":"Bangkok, 26 ene (EFE).- La Polic\u00eda de Camboya lanz\u00f3 hoy gases lacrim\u00f3genos y dispar\u00f3 con ca\u00f1ones de agua a centenares de manifestantes antigubernamentales que piden la liberaci\u00f3n de 23 detenidos y una subida del salario para los trabajadores de la industria textil. Los incidentes violentos se iniciaron cuando el grupo de manifestantes intent\u00f3 traspasar la","twitter:image":"https:\/\/www.eldigitaldeasturias.com\/noticias\/wp-content\/uploads\/2026\/06\/Contenidos.jpg","twitter:label1":"Escrito por","twitter:data1":"El Digital de Asturias","twitter:label2":"Tiempo de lectura estimado","twitter:data2":"2 minutos"},"aioseo_meta_data":{"post_id":"479143","title":null,"description":null,"keywords":null,"keyphrases":null,"primary_term":null,"canonical_url":null,"og_title":null,"og_description":null,"og_object_type":"default","og_image_type":"default","og_image_url":null,"og_image_width":null,"og_image_height":null,"og_image_custom_url":null,"og_image_custom_fields":null,"og_video":null,"og_custom_url":null,"og_article_section":null,"og_article_tags":null,"twitter_use_og":true,"twitter_card":"default","twitter_image_type":"default","twitter_image_url":null,"twitter_image_custom_url":null,"twitter_image_custom_fields":null,"twitter_title":null,"twitter_description":null,"schema":{"blockGraphs":[],"customGraphs":[],"default":{"data":{"Article":[],"Course":[],"Dataset":[],"FAQPage":[],"Movie":[],"Person":[],"Product":[],"ProductReview":[],"Car":[],"Recipe":[],"Service":[],"SoftwareApplication":[],"WebPage":[]},"graphName":"","isEnabled":true},"graphs":[],"defaultGraph":"","defaultPostTypeGraph":""},"schema_type":null,"schema_type_options":null,"pillar_content":false,"robots_default":true,"robots_noindex":false,"robots_noarchive":false,"robots_nosnippet":false,"robots_nofollow":false,"robots_noimageindex":false,"robots_noodp":false,"robots_notranslate":false,"robots_max_snippet":null,"robots_max_videopreview":null,"robots_max_imagepreview":"none","priority":null,"frequency":null,"local_seo":null,"seo_analyzer_scan_date":"2026-06-01 23:39:54","breadcrumb_settings":null,"limit_modified_date":false,"open_ai":null,"ai":null,"created":"2020-11-14 22:54:00","updated":"2026-06-01 23:39:54","focus_keyword":null,"additional_keywords":null,"truseo_locale":null},"aioseo_breadcrumb":"<div class=\"aioseo-breadcrumbs\"><span class=\"aioseo-breadcrumb\">\n\t<a href=\"https:\/\/www.eldigitaldeasturias.com\/noticias\" title=\"Home\">Home<\/a>\n<\/span><span class=\"aioseo-breadcrumb-separator\">\u2013<\/span><span class=\"aioseo-breadcrumb\">\n\t<a href=\"https:\/\/www.eldigitaldeasturias.com\/noticias\/category\/actualidad\/\" title=\"Actualidad\">Actualidad<\/a>\n<\/span><span class=\"aioseo-breadcrumb-separator\">\u2013<\/span><span class=\"aioseo-breadcrumb\">\n\t<a href=\"https:\/\/www.eldigitaldeasturias.com\/noticias\/enfrentamientos-entre-la-policia-y-los-manifestantes-en-camboya\/\" title=\"Enfrentamientos entre la polic\u00eda y los manifestantes en Camboya\">Enfrentamientos entre la polic\u00eda y los manifestantes en Camboya<\/a>\n<\/span><\/div>","aioseo_breadcrumb_json":[{"label":"Home","link":"https:\/\/www.eldigitaldeasturias.com\/noticias"},{"label":"Actualidad","link":"https:\/\/www.eldigitaldeasturias.com\/noticias\/category\/actualidad\/"},{"label":"Enfrentamientos entre la polic\u00eda y los manifestantes en Camboya","link":"https:\/\/www.eldigitaldeasturias.com\/noticias\/enfrentamientos-entre-la-policia-y-los-manifestantes-en-camboya\/"}],"_links":{"self":[{"href":"https:\/\/www.eldigitaldeasturias.com\/noticias\/wp-json\/wp\/v2\/posts\/479143","targetHints":{"allow":["GET"]}}],"collection":[{"href":"https:\/\/www.eldigitaldeasturias.com\/noticias\/wp-json\/wp\/v2\/posts"}],"about":[{"href":"https:\/\/www.eldigitaldeasturias.com\/noticias\/wp-json\/wp\/v2\/types\/post"}],"author":[{"embeddable":true,"href":"https:\/\/www.eldigitaldeasturias.com\/noticias\/wp-json\/wp\/v2\/users\/1"}],"replies":[{"embeddable":true,"href":"https:\/\/www.eldigitaldeasturias.com\/noticias\/wp-json\/wp\/v2\/comments?post=479143"}],"version-history":[{"count":0,"href":"https:\/\/www.eldigitaldeasturias.com\/noticias\/wp-json\/wp\/v2\/posts\/479143\/revisions"}],"wp:featuredmedia":[{"embeddable":true,"href":"https:\/\/www.eldigitaldeasturias.com\/noticias\/wp-json\/wp\/v2\/media\/1132184"}],"wp:attachment":[{"href":"https:\/\/www.eldigitaldeasturias.com\/noticias\/wp-json\/wp\/v2\/media?parent=479143"}],"wp:term":[{"taxonomy":"category","embeddable":true,"href":"https:\/\/www.eldigitaldeasturias.com\/noticias\/wp-json\/wp\/v2\/categories?post=479143"},{"taxonomy":"post_tag","embeddable":true,"href":"https:\/\/www.eldigitaldeasturias.com\/noticias\/wp-json\/wp\/v2\/tags?post=479143"}],"curies":[{"name":"wp","href":"https:\/\/api.w.org\/{rel}","templated":true}]}}