{"id":479140,"date":"2014-01-26T22:47:26","date_gmt":"2014-01-26T23:47:26","guid":{"rendered":"http:\/\/www.eldigitaldeasturias.com\/noticias\/?p=479140"},"modified":"2014-01-26T22:47:26","modified_gmt":"2014-01-26T23:47:26","slug":"yasukuni-la-espina-clavada-en-el-corazon-de-asia","status":"publish","type":"post","link":"https:\/\/www.eldigitaldeasturias.com\/noticias\/yasukuni-la-espina-clavada-en-el-corazon-de-asia\/","title":{"rendered":"Yasukuni, la espina clavada en el coraz\u00f3n de Asia"},"content":{"rendered":"<p><img loading=\"lazy\" decoding=\"async\" class=\"alignleft size-medium wp-image-479141\" alt=\"5877122w\" src=\"https:\/\/www.eldigitaldeasturias.com\/noticias\/wp-content\/uploads\/2014\/01\/5877122w-360x262.jpg\" width=\"360\" height=\"262\" \/>Tokio, 26 ene (EFE).- La reciente y criticada visita del primer ministro japon\u00e9s, Shinzo Abe, al santuario de Yasukuni, que glorifica la etapa militarista de Jap\u00f3n, ha vuelto a situar el foco sobre este pol\u00e9mico recinto, espacio sacrosanto para muchos nipones y herida abierta para sus vecinos asi\u00e1ticos.<\/p>\n<p>Los dos grandiosos torii (arcos sagrados) que dan acceso, as\u00ed como las sentidas reverencias de los visitantes que entran y salen del complejo o los hermosos c\u00e1nticos que llenan el aire revelan al instante el fuerte simbolismo y la espiritualidad del lugar, erigido a finales del XIX como pilar del sinto\u00edsmo nacionalista.<\/p>\n<p>En l\u00ednea recta se sit\u00faa el Haiden o sala principal, donde se realizan ofrendas y se presentan respetos a las almas que reposan en el posterior Honden, principal altar del recinto que honra a 2,4 millones de militares nipones ca\u00eddos entre 1853 y 1945, soldados que \u00abdieron su vida para levantar los pilares del Jap\u00f3n Moderno\u00bb.<\/p>\n<p>En 1978, la entidad que administra Yasukuni decidi\u00f3 incluir entre los aqu\u00ed consagrados a 14 oficiales del Ej\u00e9rcito Imperial condenados como criminales de Guerra de clase A por el Tribunal para el Lejano Oriente a consecuencia de los actos que cometieron durante el periodo m\u00e1s oscuro de la historia reciente del pa\u00eds.<\/p>\n<p>As\u00ed, figuras como Hideki Tojo, primer ministro durante gran parte de la II Guerra Mundial y uno de los principales responsables de la pol\u00edtica de agresi\u00f3n nipona en Asia, se unieron al resto de los venerados.<\/p>\n<p>La decisi\u00f3n no gener\u00f3 excesivo ruido hasta que en 1985 Yasuhiro Nakasone desat\u00f3 las protestas de Pek\u00edn cuando decidi\u00f3 ser el primer jefe de Gobierno nip\u00f3n en realizar una visita oficial a Yasukuni (hasta entonces las plegarias y ofrendas de los primeros ministros al santuario hab\u00edan sido siempre de car\u00e1cter privado).<\/p>\n<p>Desde entonces, y aunque ning\u00fan primer ministro volvi\u00f3 a acercarse al recinto en representaci\u00f3n del Gobierno, cada visita privada realizada por cualquier miembro del Gabinete ha sido reprendida con especial ah\u00ednco por China y Corea del Sur, dos de los pa\u00edses que m\u00e1s padecieron la colonizaci\u00f3n militar nipona.<\/p>\n<p>Con los a\u00f1os las cr\u00edticas se fueron ampliando tambi\u00e9n a otros \u00e1mbitos de Yasukuni, como, por ejemplo, su igualmente controvertido Museo de la Guerra, situado en la franja norte del complejo.<\/p>\n<p>M\u00e1s all\u00e1 de los bienes exhibidos, un legado de enorme inter\u00e9s especialmente en lo relacionado con la II Guerra Mundial, el reproche va esencialmente dirigido hacia el enfoque con el que se describe la actuaci\u00f3n japonesa entre principios y mediados del siglo XX.<\/p>\n<p>A lo largo de sus salas, el museo describe una naci\u00f3n guerrera forjada por siglos de luchas intestinas que, acosada por potencias extranjeras y pa\u00edses vecinos, forzosamente se ve obligada a expandir sus dominios y a entrar en conflicto para defender su derecho a crecer econ\u00f3micamente y proteger las vidas de sus ciudadanos.<\/p>\n<p>La visita se remata en la tienda de regalos, en la que se ofertan tratados que cuestionan el alcance de la matanza de Nanking, donde se estima que el Ej\u00e9rcito Imperial masacr\u00f3 a cientos de miles de civiles chinos en 1937, o la validez que tienen los fallos del Tribunal para el Lejano Oriente al t\u00e9rmino de la II Guerra Mundial.<\/p>\n<p>Semejante discurso levant\u00f3 ampollas incluso en Washington, cuyas quejas lograron que se modificaran algunos contenidos relacionados con la manera en que el museo retrataba a Estados Unidos, recuerda a Efe el profesor de Ciencias Pol\u00edticas de la Universidad tokiota de Sophia, Koichi Nakano.<\/p>\n<p>\u00abEl problema es que al exhibir este peculiar entendimiento, anticuado y parcial, de lo que fue la guerra, el museo hace a\u00fan m\u00e1s dif\u00edcil que Yasukuni pueda servir como lugar de luto nacional por los ca\u00eddos\u00bb, a\u00f1ade.<\/p>\n<p>Una alternativa para que el Gobierno japon\u00e9s salga bien parado a nivel dom\u00e9stico e internacional pasa, seg\u00fan Nakano, por que el primer ministro \u00abhonre a los ca\u00eddos en un sitio alternativo; el cementerio nacional de Chidorigafuchi (que guarda restos de soldados nipones que nunca pudieron ser identificados)\u00bb.<\/p>\n<p>Mientras tanto, este y otros expertos consideran que no deben repetirse las visitas a Yasukuni, ya que alimentan la credibilidad del discurso que acusa al conservador Shinzo Abe de tener ambiciones belicistas y de estar usando la pujanza china como excusa para reforzar al ej\u00e9rcito nip\u00f3n.<\/p>\n<p>Del mismo modo, el actual primer ministro, nieto de un pol\u00edtico que se libr\u00f3 de ser juzgado tras la II Guerra Mundial, deber\u00eda desistir tambi\u00e9n de empe\u00f1os como el de quitar peso en los libros de texto al proceder de Jap\u00f3n antes y durante la contienda, \u00abalgo que, sinceramente, ahora mismo es dif\u00edcil de imaginar\u00bb, considera Nakano.<\/p>\n<p>Andr\u00e9s S\u00e1nchez Braun<\/p>\n","protected":false},"excerpt":{"rendered":"<p>Tokio, 26 ene (EFE).- La reciente y criticada visita del primer ministro japon\u00e9s, Shinzo Abe, al santuario de Yasukuni, que glorifica la etapa militarista de Jap\u00f3n, ha vuelto a situar el foco sobre este pol\u00e9mico recinto, espacio sacrosanto para muchos nipones y herida abierta para sus vecinos asi\u00e1ticos. Los dos grandiosos torii (arcos sagrados) que [&hellip;]<\/p>\n","protected":false},"author":1,"featured_media":1132184,"comment_status":"closed","ping_status":"open","sticky":false,"template":"","format":"standard","meta":{"footnotes":""},"categories":[1],"tags":[],"class_list":["post-479140","post","type-post","status-publish","format-standard","has-post-thumbnail","hentry","category-actualidad"],"aioseo_notices":[],"aioseo_head":"\n\t\t<!-- All in One SEO Pro 5.0.1 - aioseo.com -->\n\t<meta name=\"description\" content=\"Tokio, 26 ene (EFE).- La reciente y criticada visita del primer ministro japon\u00e9s, Shinzo Abe, al santuario de Yasukuni, que glorifica la etapa militarista de Jap\u00f3n, ha vuelto a situar el foco sobre este pol\u00e9mico recinto, espacio sacrosanto para muchos nipones y herida abierta para sus vecinos asi\u00e1ticos. Los dos grandiosos torii (arcos sagrados) que\" \/>\n\t<meta name=\"robots\" content=\"max-image-preview:large\" \/>\n\t<meta name=\"author\" content=\"El Digital de Asturias\"\/>\n\t<meta name=\"google-site-verification\" content=\"UA-38556648-1\" \/>\n\t<meta name=\"msvalidate.01\" content=\"7dfe9f3f1b24437ab69f4f2559babe99\" \/>\n\t<meta name=\"keywords\" content=\"actualidad\" \/>\n\t<link rel=\"canonical\" href=\"https:\/\/www.eldigitaldeasturias.com\/noticias\/yasukuni-la-espina-clavada-en-el-corazon-de-asia\/\" \/>\n\t<meta name=\"generator\" content=\"All in One SEO Pro (AIOSEO) 5.0.1\" \/>\n\t\t<meta property=\"og:locale\" content=\"es_ES\" \/>\n\t\t<meta property=\"og:site_name\" content=\"El Digital de Asturias\" \/>\n\t\t<meta property=\"og:type\" content=\"article\" \/>\n\t\t<meta property=\"og:title\" content=\"Yasukuni, la espina clavada en el coraz\u00f3n de Asia - El Digital de Asturias\" \/>\n\t\t<meta property=\"og:description\" content=\"Tokio, 26 ene (EFE).- La reciente y criticada visita del primer ministro japon\u00e9s, Shinzo Abe, al santuario de Yasukuni, que glorifica la etapa militarista de Jap\u00f3n, ha vuelto a situar el foco sobre este pol\u00e9mico recinto, espacio sacrosanto para muchos nipones y herida abierta para sus vecinos asi\u00e1ticos. Los dos grandiosos torii (arcos sagrados) que\" \/>\n\t\t<meta property=\"og:url\" content=\"https:\/\/www.eldigitaldeasturias.com\/noticias\/yasukuni-la-espina-clavada-en-el-corazon-de-asia\/\" \/>\n\t\t<meta property=\"og:image\" content=\"https:\/\/www.eldigitaldeasturias.com\/noticias\/wp-content\/uploads\/2026\/06\/Contenidos.jpg\" \/>\n\t\t<meta property=\"og:image:secure_url\" content=\"https:\/\/www.eldigitaldeasturias.com\/noticias\/wp-content\/uploads\/2026\/06\/Contenidos.jpg\" \/>\n\t\t<meta property=\"og:image:width\" content=\"1265\" \/>\n\t\t<meta property=\"og:image:height\" content=\"697\" \/>\n\t\t<meta property=\"article:tag\" content=\"actualidad\" \/>\n\t\t<meta property=\"article:published_time\" content=\"2014-01-26T23:47:26+00:00\" \/>\n\t\t<meta property=\"article:modified_time\" content=\"2014-01-26T23:47:26+00:00\" \/>\n\t\t<meta property=\"article:publisher\" content=\"https:\/\/facebook.com\/eldigitaldeasturias\" \/>\n\t\t<meta name=\"twitter:card\" content=\"summary_large_image\" \/>\n\t\t<meta name=\"twitter:title\" content=\"Yasukuni, la espina clavada en el coraz\u00f3n de Asia - El Digital de Asturias\" \/>\n\t\t<meta name=\"twitter:description\" content=\"Tokio, 26 ene (EFE).- La reciente y criticada visita del primer ministro japon\u00e9s, Shinzo Abe, al santuario de Yasukuni, que glorifica la etapa militarista de Jap\u00f3n, ha vuelto a situar el foco sobre este pol\u00e9mico recinto, espacio sacrosanto para muchos nipones y herida abierta para sus vecinos asi\u00e1ticos. Los dos grandiosos torii (arcos sagrados) que\" \/>\n\t\t<meta name=\"twitter:image\" content=\"https:\/\/www.eldigitaldeasturias.com\/noticias\/wp-content\/uploads\/2026\/06\/Contenidos.jpg\" \/>\n\t\t<meta name=\"twitter:label1\" content=\"Escrito por\" \/>\n\t\t<meta name=\"twitter:data1\" content=\"El Digital de Asturias\" \/>\n\t\t<meta name=\"twitter:label2\" content=\"Tiempo de lectura estimado\" \/>\n\t\t<meta name=\"twitter:data2\" content=\"4 minutos\" \/>\n\t\t<script type=\"application\/ld+json\" class=\"aioseo-schema\">\n\t\t\t{\"@context\":\"https:\\\/\\\/schema.org\",\"@graph\":[{\"@type\":\"BlogPosting\",\"@id\":\"https:\\\/\\\/www.eldigitaldeasturias.com\\\/noticias\\\/yasukuni-la-espina-clavada-en-el-corazon-de-asia\\\/#blogposting\",\"name\":\"Yasukuni, la espina clavada en el coraz\\u00f3n de Asia - El Digital de Asturias\",\"headline\":\"Yasukuni, la espina clavada en el coraz\\u00f3n de Asia\",\"author\":{\"@id\":\"https:\\\/\\\/www.eldigitaldeasturias.com\\\/noticias\\\/author\\\/admin\\\/#author\"},\"publisher\":{\"@id\":\"https:\\\/\\\/www.eldigitaldeasturias.com\\\/noticias\\\/#organization\"},\"image\":{\"@type\":\"ImageObject\",\"url\":\"https:\\\/\\\/www.eldigitaldeasturias.com\\\/noticias\\\/wp-content\\\/uploads\\\/2026\\\/06\\\/Contenidos.jpg\",\"width\":1265,\"height\":697,\"caption\":\"Contenidos\"},\"datePublished\":\"2014-01-26T22:47:26+01:00\",\"dateModified\":\"2014-01-26T22:47:26+01:00\",\"inLanguage\":\"es-ES\",\"mainEntityOfPage\":{\"@id\":\"https:\\\/\\\/www.eldigitaldeasturias.com\\\/noticias\\\/yasukuni-la-espina-clavada-en-el-corazon-de-asia\\\/#webpage\"},\"isPartOf\":{\"@id\":\"https:\\\/\\\/www.eldigitaldeasturias.com\\\/noticias\\\/yasukuni-la-espina-clavada-en-el-corazon-de-asia\\\/#webpage\"},\"articleSection\":\"Actualidad\"},{\"@type\":\"BreadcrumbList\",\"@id\":\"https:\\\/\\\/www.eldigitaldeasturias.com\\\/noticias\\\/yasukuni-la-espina-clavada-en-el-corazon-de-asia\\\/#breadcrumblist\",\"itemListElement\":[{\"@type\":\"ListItem\",\"@id\":\"https:\\\/\\\/www.eldigitaldeasturias.com\\\/noticias#listItem\",\"position\":1,\"name\":\"Home\",\"item\":\"https:\\\/\\\/www.eldigitaldeasturias.com\\\/noticias\",\"nextItem\":{\"@type\":\"ListItem\",\"@id\":\"https:\\\/\\\/www.eldigitaldeasturias.com\\\/noticias\\\/category\\\/actualidad\\\/#listItem\",\"name\":\"Actualidad\"}},{\"@type\":\"ListItem\",\"@id\":\"https:\\\/\\\/www.eldigitaldeasturias.com\\\/noticias\\\/category\\\/actualidad\\\/#listItem\",\"position\":2,\"name\":\"Actualidad\",\"item\":\"https:\\\/\\\/www.eldigitaldeasturias.com\\\/noticias\\\/category\\\/actualidad\\\/\",\"nextItem\":{\"@type\":\"ListItem\",\"@id\":\"https:\\\/\\\/www.eldigitaldeasturias.com\\\/noticias\\\/yasukuni-la-espina-clavada-en-el-corazon-de-asia\\\/#listItem\",\"name\":\"Yasukuni, la espina clavada en el coraz\\u00f3n de Asia\"},\"previousItem\":{\"@type\":\"ListItem\",\"@id\":\"https:\\\/\\\/www.eldigitaldeasturias.com\\\/noticias#listItem\",\"name\":\"Home\"}},{\"@type\":\"ListItem\",\"@id\":\"https:\\\/\\\/www.eldigitaldeasturias.com\\\/noticias\\\/yasukuni-la-espina-clavada-en-el-corazon-de-asia\\\/#listItem\",\"position\":3,\"name\":\"Yasukuni, la espina clavada en el coraz\\u00f3n de Asia\",\"previousItem\":{\"@type\":\"ListItem\",\"@id\":\"https:\\\/\\\/www.eldigitaldeasturias.com\\\/noticias\\\/category\\\/actualidad\\\/#listItem\",\"name\":\"Actualidad\"}}]},{\"@type\":\"Organization\",\"@id\":\"https:\\\/\\\/www.eldigitaldeasturias.com\\\/noticias\\\/#organization\",\"name\":\"El Digital de Asturias\",\"description\":\"Hemeroteca\",\"url\":\"https:\\\/\\\/www.eldigitaldeasturias.com\\\/noticias\\\/\",\"email\":\"info@eldigitaldeasturias.com\",\"telephone\":\"+34652131393\",\"logo\":{\"@type\":\"ImageObject\",\"url\":\"https:\\\/\\\/www.eldigitaldeasturias.com\\\/noticias\\\/wp-content\\\/uploads\\\/2020\\\/12\\\/EDA.jpg\",\"@id\":\"https:\\\/\\\/www.eldigitaldeasturias.com\\\/noticias\\\/yasukuni-la-espina-clavada-en-el-corazon-de-asia\\\/#organizationLogo\"},\"image\":{\"@id\":\"https:\\\/\\\/www.eldigitaldeasturias.com\\\/noticias\\\/yasukuni-la-espina-clavada-en-el-corazon-de-asia\\\/#organizationLogo\"},\"sameAs\":[\"https:\\\/\\\/facebook.com\\\/eldigitaldeasturias\",\"https:\\\/\\\/www.youtube.com\\\/channel\\\/UCZP-2wLEB9Rv6erhFmqVnvg\"],\"address\":{\"@id\":\"https:\\\/\\\/www.eldigitaldeasturias.com\\\/noticias\\\/#postaladdress\",\"@type\":\"PostalAddress\",\"streetAddress\":\"san antonio 4\",\"postalCode\":\"33430\",\"addressLocality\":\"Cand\\u00e1s\",\"addressRegion\":\"Asturias\",\"addressCountry\":\"ES\"}},{\"@type\":\"Person\",\"@id\":\"https:\\\/\\\/www.eldigitaldeasturias.com\\\/noticias\\\/author\\\/admin\\\/#author\",\"url\":\"https:\\\/\\\/www.eldigitaldeasturias.com\\\/noticias\\\/author\\\/admin\\\/\",\"name\":\"El Digital de Asturias\",\"image\":{\"@type\":\"ImageObject\",\"@id\":\"https:\\\/\\\/www.eldigitaldeasturias.com\\\/noticias\\\/yasukuni-la-espina-clavada-en-el-corazon-de-asia\\\/#authorImage\",\"url\":\"https:\\\/\\\/secure.gravatar.com\\\/avatar\\\/df2aeffc32bcd13f8d26072ef8a91b623d677766deac7f97ca815868cd41bf5e?s=96&d=mm&r=g\",\"width\":96,\"height\":96,\"caption\":\"El Digital de Asturias\"}},{\"@type\":\"WebPage\",\"@id\":\"https:\\\/\\\/www.eldigitaldeasturias.com\\\/noticias\\\/yasukuni-la-espina-clavada-en-el-corazon-de-asia\\\/#webpage\",\"url\":\"https:\\\/\\\/www.eldigitaldeasturias.com\\\/noticias\\\/yasukuni-la-espina-clavada-en-el-corazon-de-asia\\\/\",\"name\":\"Yasukuni, la espina clavada en el coraz\\u00f3n de Asia - El Digital de Asturias\",\"description\":\"Tokio, 26 ene (EFE).- La reciente y criticada visita del primer ministro japon\\u00e9s, Shinzo Abe, al santuario de Yasukuni, que glorifica la etapa militarista de Jap\\u00f3n, ha vuelto a situar el foco sobre este pol\\u00e9mico recinto, espacio sacrosanto para muchos nipones y herida abierta para sus vecinos asi\\u00e1ticos. Los dos grandiosos torii (arcos sagrados) que\",\"inLanguage\":\"es-ES\",\"isPartOf\":{\"@id\":\"https:\\\/\\\/www.eldigitaldeasturias.com\\\/noticias\\\/#website\"},\"breadcrumb\":{\"@id\":\"https:\\\/\\\/www.eldigitaldeasturias.com\\\/noticias\\\/yasukuni-la-espina-clavada-en-el-corazon-de-asia\\\/#breadcrumblist\"},\"author\":{\"@id\":\"https:\\\/\\\/www.eldigitaldeasturias.com\\\/noticias\\\/author\\\/admin\\\/#author\"},\"creator\":{\"@id\":\"https:\\\/\\\/www.eldigitaldeasturias.com\\\/noticias\\\/author\\\/admin\\\/#author\"},\"image\":{\"@type\":\"ImageObject\",\"url\":\"https:\\\/\\\/www.eldigitaldeasturias.com\\\/noticias\\\/wp-content\\\/uploads\\\/2026\\\/06\\\/Contenidos.jpg\",\"@id\":\"https:\\\/\\\/www.eldigitaldeasturias.com\\\/noticias\\\/yasukuni-la-espina-clavada-en-el-corazon-de-asia\\\/#mainImage\",\"width\":1265,\"height\":697,\"caption\":\"Contenidos\"},\"primaryImageOfPage\":{\"@id\":\"https:\\\/\\\/www.eldigitaldeasturias.com\\\/noticias\\\/yasukuni-la-espina-clavada-en-el-corazon-de-asia\\\/#mainImage\"},\"datePublished\":\"2014-01-26T22:47:26+01:00\",\"dateModified\":\"2014-01-26T22:47:26+01:00\"},{\"@type\":\"WebSite\",\"@id\":\"https:\\\/\\\/www.eldigitaldeasturias.com\\\/noticias\\\/#website\",\"url\":\"https:\\\/\\\/www.eldigitaldeasturias.com\\\/noticias\\\/\",\"name\":\"El Digital de Asturias - Diario de actualidad y noticias\",\"alternateName\":\"El Digital de Asturias - Diario de actualidad y noticias\",\"description\":\"Hemeroteca\",\"inLanguage\":\"es-ES\",\"publisher\":{\"@id\":\"https:\\\/\\\/www.eldigitaldeasturias.com\\\/noticias\\\/#organization\"}}]}\n\t\t<\/script>\n\t\t<!-- All in One SEO Pro -->\r\n\t\t<title>Yasukuni, la espina clavada en el coraz\u00f3n de Asia - El Digital de Asturias<\/title>\n\n","aioseo_head_json":{"title":"Yasukuni, la espina clavada en el coraz\u00f3n de Asia - El Digital de Asturias","description":"Tokio, 26 ene (EFE).- La reciente y criticada visita del primer ministro japon\u00e9s, Shinzo Abe, al santuario de Yasukuni, que glorifica la etapa militarista de Jap\u00f3n, ha vuelto a situar el foco sobre este pol\u00e9mico recinto, espacio sacrosanto para muchos nipones y herida abierta para sus vecinos asi\u00e1ticos. Los dos grandiosos torii (arcos sagrados) que","canonical_url":"https:\/\/www.eldigitaldeasturias.com\/noticias\/yasukuni-la-espina-clavada-en-el-corazon-de-asia\/","robots":"max-image-preview:large","keywords":"actualidad","webmasterTools":{"google-site-verification":"UA-38556648-1","msvalidate.01":"7dfe9f3f1b24437ab69f4f2559babe99","miscellaneous":""},"schema":{"@context":"https:\/\/schema.org","@graph":[{"@type":"BlogPosting","@id":"https:\/\/www.eldigitaldeasturias.com\/noticias\/yasukuni-la-espina-clavada-en-el-corazon-de-asia\/#blogposting","name":"Yasukuni, la espina clavada en el coraz\u00f3n de Asia - El Digital de Asturias","headline":"Yasukuni, la espina clavada en el coraz\u00f3n de Asia","author":{"@id":"https:\/\/www.eldigitaldeasturias.com\/noticias\/author\/admin\/#author"},"publisher":{"@id":"https:\/\/www.eldigitaldeasturias.com\/noticias\/#organization"},"image":{"@type":"ImageObject","url":"https:\/\/www.eldigitaldeasturias.com\/noticias\/wp-content\/uploads\/2026\/06\/Contenidos.jpg","width":1265,"height":697,"caption":"Contenidos"},"datePublished":"2014-01-26T22:47:26+01:00","dateModified":"2014-01-26T22:47:26+01:00","inLanguage":"es-ES","mainEntityOfPage":{"@id":"https:\/\/www.eldigitaldeasturias.com\/noticias\/yasukuni-la-espina-clavada-en-el-corazon-de-asia\/#webpage"},"isPartOf":{"@id":"https:\/\/www.eldigitaldeasturias.com\/noticias\/yasukuni-la-espina-clavada-en-el-corazon-de-asia\/#webpage"},"articleSection":"Actualidad"},{"@type":"BreadcrumbList","@id":"https:\/\/www.eldigitaldeasturias.com\/noticias\/yasukuni-la-espina-clavada-en-el-corazon-de-asia\/#breadcrumblist","itemListElement":[{"@type":"ListItem","@id":"https:\/\/www.eldigitaldeasturias.com\/noticias#listItem","position":1,"name":"Home","item":"https:\/\/www.eldigitaldeasturias.com\/noticias","nextItem":{"@type":"ListItem","@id":"https:\/\/www.eldigitaldeasturias.com\/noticias\/category\/actualidad\/#listItem","name":"Actualidad"}},{"@type":"ListItem","@id":"https:\/\/www.eldigitaldeasturias.com\/noticias\/category\/actualidad\/#listItem","position":2,"name":"Actualidad","item":"https:\/\/www.eldigitaldeasturias.com\/noticias\/category\/actualidad\/","nextItem":{"@type":"ListItem","@id":"https:\/\/www.eldigitaldeasturias.com\/noticias\/yasukuni-la-espina-clavada-en-el-corazon-de-asia\/#listItem","name":"Yasukuni, la espina clavada en el coraz\u00f3n de Asia"},"previousItem":{"@type":"ListItem","@id":"https:\/\/www.eldigitaldeasturias.com\/noticias#listItem","name":"Home"}},{"@type":"ListItem","@id":"https:\/\/www.eldigitaldeasturias.com\/noticias\/yasukuni-la-espina-clavada-en-el-corazon-de-asia\/#listItem","position":3,"name":"Yasukuni, la espina clavada en el coraz\u00f3n de Asia","previousItem":{"@type":"ListItem","@id":"https:\/\/www.eldigitaldeasturias.com\/noticias\/category\/actualidad\/#listItem","name":"Actualidad"}}]},{"@type":"Organization","@id":"https:\/\/www.eldigitaldeasturias.com\/noticias\/#organization","name":"El Digital de Asturias","description":"Hemeroteca","url":"https:\/\/www.eldigitaldeasturias.com\/noticias\/","email":"info@eldigitaldeasturias.com","telephone":"+34652131393","logo":{"@type":"ImageObject","url":"https:\/\/www.eldigitaldeasturias.com\/noticias\/wp-content\/uploads\/2020\/12\/EDA.jpg","@id":"https:\/\/www.eldigitaldeasturias.com\/noticias\/yasukuni-la-espina-clavada-en-el-corazon-de-asia\/#organizationLogo"},"image":{"@id":"https:\/\/www.eldigitaldeasturias.com\/noticias\/yasukuni-la-espina-clavada-en-el-corazon-de-asia\/#organizationLogo"},"sameAs":["https:\/\/facebook.com\/eldigitaldeasturias","https:\/\/www.youtube.com\/channel\/UCZP-2wLEB9Rv6erhFmqVnvg"],"address":{"@id":"https:\/\/www.eldigitaldeasturias.com\/noticias\/#postaladdress","@type":"PostalAddress","streetAddress":"san antonio 4","postalCode":"33430","addressLocality":"Cand\u00e1s","addressRegion":"Asturias","addressCountry":"ES"}},{"@type":"Person","@id":"https:\/\/www.eldigitaldeasturias.com\/noticias\/author\/admin\/#author","url":"https:\/\/www.eldigitaldeasturias.com\/noticias\/author\/admin\/","name":"El Digital de Asturias","image":{"@type":"ImageObject","@id":"https:\/\/www.eldigitaldeasturias.com\/noticias\/yasukuni-la-espina-clavada-en-el-corazon-de-asia\/#authorImage","url":"https:\/\/secure.gravatar.com\/avatar\/df2aeffc32bcd13f8d26072ef8a91b623d677766deac7f97ca815868cd41bf5e?s=96&d=mm&r=g","width":96,"height":96,"caption":"El Digital de Asturias"}},{"@type":"WebPage","@id":"https:\/\/www.eldigitaldeasturias.com\/noticias\/yasukuni-la-espina-clavada-en-el-corazon-de-asia\/#webpage","url":"https:\/\/www.eldigitaldeasturias.com\/noticias\/yasukuni-la-espina-clavada-en-el-corazon-de-asia\/","name":"Yasukuni, la espina clavada en el coraz\u00f3n de Asia - El Digital de Asturias","description":"Tokio, 26 ene (EFE).- La reciente y criticada visita del primer ministro japon\u00e9s, Shinzo Abe, al santuario de Yasukuni, que glorifica la etapa militarista de Jap\u00f3n, ha vuelto a situar el foco sobre este pol\u00e9mico recinto, espacio sacrosanto para muchos nipones y herida abierta para sus vecinos asi\u00e1ticos. Los dos grandiosos torii (arcos sagrados) que","inLanguage":"es-ES","isPartOf":{"@id":"https:\/\/www.eldigitaldeasturias.com\/noticias\/#website"},"breadcrumb":{"@id":"https:\/\/www.eldigitaldeasturias.com\/noticias\/yasukuni-la-espina-clavada-en-el-corazon-de-asia\/#breadcrumblist"},"author":{"@id":"https:\/\/www.eldigitaldeasturias.com\/noticias\/author\/admin\/#author"},"creator":{"@id":"https:\/\/www.eldigitaldeasturias.com\/noticias\/author\/admin\/#author"},"image":{"@type":"ImageObject","url":"https:\/\/www.eldigitaldeasturias.com\/noticias\/wp-content\/uploads\/2026\/06\/Contenidos.jpg","@id":"https:\/\/www.eldigitaldeasturias.com\/noticias\/yasukuni-la-espina-clavada-en-el-corazon-de-asia\/#mainImage","width":1265,"height":697,"caption":"Contenidos"},"primaryImageOfPage":{"@id":"https:\/\/www.eldigitaldeasturias.com\/noticias\/yasukuni-la-espina-clavada-en-el-corazon-de-asia\/#mainImage"},"datePublished":"2014-01-26T22:47:26+01:00","dateModified":"2014-01-26T22:47:26+01:00"},{"@type":"WebSite","@id":"https:\/\/www.eldigitaldeasturias.com\/noticias\/#website","url":"https:\/\/www.eldigitaldeasturias.com\/noticias\/","name":"El Digital de Asturias - Diario de actualidad y noticias","alternateName":"El Digital de Asturias - Diario de actualidad y noticias","description":"Hemeroteca","inLanguage":"es-ES","publisher":{"@id":"https:\/\/www.eldigitaldeasturias.com\/noticias\/#organization"}}]},"og:locale":"es_ES","og:site_name":"El Digital de Asturias","og:type":"article","og:title":"Yasukuni, la espina clavada en el coraz\u00f3n de Asia - El Digital de Asturias","og:description":"Tokio, 26 ene (EFE).- La reciente y criticada visita del primer ministro japon\u00e9s, Shinzo Abe, al santuario de Yasukuni, que glorifica la etapa militarista de Jap\u00f3n, ha vuelto a situar el foco sobre este pol\u00e9mico recinto, espacio sacrosanto para muchos nipones y herida abierta para sus vecinos asi\u00e1ticos. Los dos grandiosos torii (arcos sagrados) que","og:url":"https:\/\/www.eldigitaldeasturias.com\/noticias\/yasukuni-la-espina-clavada-en-el-corazon-de-asia\/","og:image":"https:\/\/www.eldigitaldeasturias.com\/noticias\/wp-content\/uploads\/2026\/06\/Contenidos.jpg","og:image:secure_url":"https:\/\/www.eldigitaldeasturias.com\/noticias\/wp-content\/uploads\/2026\/06\/Contenidos.jpg","og:image:width":1265,"og:image:height":697,"article:tag":["actualidad"],"article:published_time":"2014-01-26T23:47:26+00:00","article:modified_time":"2014-01-26T23:47:26+00:00","article:publisher":"https:\/\/facebook.com\/eldigitaldeasturias","twitter:card":"summary_large_image","twitter:title":"Yasukuni, la espina clavada en el coraz\u00f3n de Asia - El Digital de Asturias","twitter:description":"Tokio, 26 ene (EFE).- La reciente y criticada visita del primer ministro japon\u00e9s, Shinzo Abe, al santuario de Yasukuni, que glorifica la etapa militarista de Jap\u00f3n, ha vuelto a situar el foco sobre este pol\u00e9mico recinto, espacio sacrosanto para muchos nipones y herida abierta para sus vecinos asi\u00e1ticos. Los dos grandiosos torii (arcos sagrados) que","twitter:image":"https:\/\/www.eldigitaldeasturias.com\/noticias\/wp-content\/uploads\/2026\/06\/Contenidos.jpg","twitter:label1":"Escrito por","twitter:data1":"El Digital de Asturias","twitter:label2":"Tiempo de lectura estimado","twitter:data2":"4 minutos"},"aioseo_meta_data":{"post_id":"479140","title":null,"description":null,"keywords":null,"keyphrases":null,"primary_term":null,"canonical_url":null,"og_title":null,"og_description":null,"og_object_type":"default","og_image_type":"default","og_image_url":null,"og_image_width":null,"og_image_height":null,"og_image_custom_url":null,"og_image_custom_fields":null,"og_video":null,"og_custom_url":null,"og_article_section":null,"og_article_tags":null,"twitter_use_og":true,"twitter_card":"default","twitter_image_type":"default","twitter_image_url":null,"twitter_image_custom_url":null,"twitter_image_custom_fields":null,"twitter_title":null,"twitter_description":null,"schema":{"blockGraphs":[],"customGraphs":[],"default":{"data":{"Article":[],"Course":[],"Dataset":[],"FAQPage":[],"Movie":[],"Person":[],"Product":[],"ProductReview":[],"Car":[],"Recipe":[],"Service":[],"SoftwareApplication":[],"WebPage":[]},"graphName":"","isEnabled":true},"graphs":[],"defaultGraph":"","defaultPostTypeGraph":""},"schema_type":null,"schema_type_options":null,"pillar_content":false,"robots_default":true,"robots_noindex":false,"robots_noarchive":false,"robots_nosnippet":false,"robots_nofollow":false,"robots_noimageindex":false,"robots_noodp":false,"robots_notranslate":false,"robots_max_snippet":null,"robots_max_videopreview":null,"robots_max_imagepreview":"none","priority":null,"frequency":null,"local_seo":null,"seo_analyzer_scan_date":"2026-06-01 23:37:55","breadcrumb_settings":null,"limit_modified_date":false,"open_ai":null,"ai":null,"created":"2020-11-14 22:54:00","updated":"2026-06-01 23:37:55","focus_keyword":null,"additional_keywords":null,"truseo_locale":null},"aioseo_breadcrumb":"<div class=\"aioseo-breadcrumbs\"><span class=\"aioseo-breadcrumb\">\n\t<a href=\"https:\/\/www.eldigitaldeasturias.com\/noticias\" title=\"Home\">Home<\/a>\n<\/span><span class=\"aioseo-breadcrumb-separator\">\u2013<\/span><span class=\"aioseo-breadcrumb\">\n\t<a href=\"https:\/\/www.eldigitaldeasturias.com\/noticias\/category\/actualidad\/\" title=\"Actualidad\">Actualidad<\/a>\n<\/span><span class=\"aioseo-breadcrumb-separator\">\u2013<\/span><span class=\"aioseo-breadcrumb\">\n\t<a href=\"https:\/\/www.eldigitaldeasturias.com\/noticias\/yasukuni-la-espina-clavada-en-el-corazon-de-asia\/\" title=\"Yasukuni, la espina clavada en el coraz\u00f3n de Asia\">Yasukuni, la espina clavada en el coraz\u00f3n de Asia<\/a>\n<\/span><\/div>","aioseo_breadcrumb_json":[{"label":"Home","link":"https:\/\/www.eldigitaldeasturias.com\/noticias"},{"label":"Actualidad","link":"https:\/\/www.eldigitaldeasturias.com\/noticias\/category\/actualidad\/"},{"label":"Yasukuni, la espina clavada en el coraz\u00f3n de Asia","link":"https:\/\/www.eldigitaldeasturias.com\/noticias\/yasukuni-la-espina-clavada-en-el-corazon-de-asia\/"}],"_links":{"self":[{"href":"https:\/\/www.eldigitaldeasturias.com\/noticias\/wp-json\/wp\/v2\/posts\/479140","targetHints":{"allow":["GET"]}}],"collection":[{"href":"https:\/\/www.eldigitaldeasturias.com\/noticias\/wp-json\/wp\/v2\/posts"}],"about":[{"href":"https:\/\/www.eldigitaldeasturias.com\/noticias\/wp-json\/wp\/v2\/types\/post"}],"author":[{"embeddable":true,"href":"https:\/\/www.eldigitaldeasturias.com\/noticias\/wp-json\/wp\/v2\/users\/1"}],"replies":[{"embeddable":true,"href":"https:\/\/www.eldigitaldeasturias.com\/noticias\/wp-json\/wp\/v2\/comments?post=479140"}],"version-history":[{"count":0,"href":"https:\/\/www.eldigitaldeasturias.com\/noticias\/wp-json\/wp\/v2\/posts\/479140\/revisions"}],"wp:featuredmedia":[{"embeddable":true,"href":"https:\/\/www.eldigitaldeasturias.com\/noticias\/wp-json\/wp\/v2\/media\/1132184"}],"wp:attachment":[{"href":"https:\/\/www.eldigitaldeasturias.com\/noticias\/wp-json\/wp\/v2\/media?parent=479140"}],"wp:term":[{"taxonomy":"category","embeddable":true,"href":"https:\/\/www.eldigitaldeasturias.com\/noticias\/wp-json\/wp\/v2\/categories?post=479140"},{"taxonomy":"post_tag","embeddable":true,"href":"https:\/\/www.eldigitaldeasturias.com\/noticias\/wp-json\/wp\/v2\/tags?post=479140"}],"curies":[{"name":"wp","href":"https:\/\/api.w.org\/{rel}","templated":true}]}}