{"id":479128,"date":"2014-01-26T22:42:48","date_gmt":"2014-01-26T23:42:48","guid":{"rendered":"http:\/\/www.eldigitaldeasturias.com\/noticias\/?p=479128"},"modified":"2014-01-26T22:42:48","modified_gmt":"2014-01-26T23:42:48","slug":"cuatro-muertos-en-un-atentado-contra-el-ejercito-afgano-en-kabul","status":"publish","type":"post","link":"https:\/\/www.eldigitaldeasturias.com\/noticias\/cuatro-muertos-en-un-atentado-contra-el-ejercito-afgano-en-kabul\/","title":{"rendered":"Cuatro muertos en un atentado contra el Ej\u00e9rcito afgano en Kabul"},"content":{"rendered":"<p><img loading=\"lazy\" decoding=\"async\" class=\"alignleft size-medium wp-image-479129\" alt=\"5877097w\" src=\"https:\/\/www.eldigitaldeasturias.com\/noticias\/wp-content\/uploads\/2014\/01\/5877097w-360x244.jpg\" width=\"360\" height=\"244\" \/>Kabul, 26 ene (EFE).- Cuatro personas, dos soldados y dos civiles, murieron hoy en un atentado suicida talib\u00e1n en la capital afgana cuando un insurgente que iba en un transporte militar hizo detonar una carga explosiva, dijeron a Efe fuentes oficiales.<\/p>\n<p>El suicida era uno de los pasajeros de un autob\u00fas en el que decenas de soldados circulaban por el barrio de Karte Nao, en el este de Kabul, y la explosi\u00f3n alcanz\u00f3 no solo a los ocupantes del veh\u00edculo sino a peatones que pasaban en ese momento por la acera.<\/p>\n<p>El portavoz de la Polic\u00eda de Kabul, Hashmat Stanikzai, detall\u00f3 que entre los civiles fallecidos hay una mujer y que el ataque provoc\u00f3 heridas a m\u00e1s de 20 personas, tanto soldados como civiles.<\/p>\n<p>El ministerio de Defensa confirm\u00f3 a Efe los detalles del atentado mediante su portavoz, Zahir Azimi, quien a\u00f1adi\u00f3 que el ataque fue perpetrado hacia las 07.00 hora local (02.30 GMT).<\/p>\n<p>Los talibanes han reivindicado el atentado en declaraciones a la agencia local AIP de su portavoz, Zabiul\u00e1 Muyahid, quien explic\u00f3 que el autor material fue un residente de la ciudad meridional de Kandahar, a quien identific\u00f3 como Abdul Haq.<\/p>\n<p>El pasado d\u00eda 17 murieron en otro atentado 21 personas, entre ellas varios extranjeros, tras un asalto de tres suicidas talibanes a un conocido restaurante liban\u00e9s de la capital.<\/p>\n<p>El presente a\u00f1o es el \u00faltimo con presencia de tropas de la OTAN en Afganist\u00e1n, de acuerdo con un calendario de retirada gradual que concluir\u00e1 en diciembre pr\u00f3ximo, cuando las fuerzas locales asumir\u00e1n la seguridad en todo el territorio.<\/p>\n<p>Ese proceso no ha frenado la actividad insurgente ni la espiral de violencia en el pa\u00eds asi\u00e1tico.<\/p>\n","protected":false},"excerpt":{"rendered":"<p>Kabul, 26 ene (EFE).- Cuatro personas, dos soldados y dos civiles, murieron hoy en un atentado suicida talib\u00e1n en la capital afgana cuando un insurgente que iba en un transporte militar hizo detonar una carga explosiva, dijeron a Efe fuentes oficiales. El suicida era uno de los pasajeros de un autob\u00fas en el que decenas [&hellip;]<\/p>\n","protected":false},"author":1,"featured_media":1132184,"comment_status":"closed","ping_status":"open","sticky":false,"template":"","format":"standard","meta":{"footnotes":""},"categories":[1],"tags":[],"class_list":["post-479128","post","type-post","status-publish","format-standard","has-post-thumbnail","hentry","category-actualidad"],"aioseo_notices":[],"aioseo_head":"\n\t\t<!-- All in One SEO Pro 5.0.1 - aioseo.com -->\n\t<meta name=\"description\" content=\"Kabul, 26 ene (EFE).- Cuatro personas, dos soldados y dos civiles, murieron hoy en un atentado suicida talib\u00e1n en la capital afgana cuando un insurgente que iba en un transporte militar hizo detonar una carga explosiva, dijeron a Efe fuentes oficiales. El suicida era uno de los pasajeros de un autob\u00fas en el que decenas\" \/>\n\t<meta name=\"robots\" content=\"max-image-preview:large\" \/>\n\t<meta name=\"author\" content=\"El Digital de Asturias\"\/>\n\t<meta name=\"google-site-verification\" content=\"UA-38556648-1\" \/>\n\t<meta name=\"msvalidate.01\" content=\"7dfe9f3f1b24437ab69f4f2559babe99\" \/>\n\t<meta name=\"keywords\" content=\"actualidad\" \/>\n\t<link rel=\"canonical\" href=\"https:\/\/www.eldigitaldeasturias.com\/noticias\/cuatro-muertos-en-un-atentado-contra-el-ejercito-afgano-en-kabul\/\" \/>\n\t<meta name=\"generator\" content=\"All in One SEO Pro (AIOSEO) 5.0.1\" \/>\n\t\t<meta property=\"og:locale\" content=\"es_ES\" \/>\n\t\t<meta property=\"og:site_name\" content=\"El Digital de Asturias\" \/>\n\t\t<meta property=\"og:type\" content=\"article\" \/>\n\t\t<meta property=\"og:title\" content=\"Cuatro muertos en un atentado contra el Ej\u00e9rcito afgano en Kabul - El Digital de Asturias\" \/>\n\t\t<meta property=\"og:description\" content=\"Kabul, 26 ene (EFE).- Cuatro personas, dos soldados y dos civiles, murieron hoy en un atentado suicida talib\u00e1n en la capital afgana cuando un insurgente que iba en un transporte militar hizo detonar una carga explosiva, dijeron a Efe fuentes oficiales. El suicida era uno de los pasajeros de un autob\u00fas en el que decenas\" \/>\n\t\t<meta property=\"og:url\" content=\"https:\/\/www.eldigitaldeasturias.com\/noticias\/cuatro-muertos-en-un-atentado-contra-el-ejercito-afgano-en-kabul\/\" \/>\n\t\t<meta property=\"og:image\" content=\"https:\/\/www.eldigitaldeasturias.com\/noticias\/wp-content\/uploads\/2026\/06\/Contenidos.jpg\" \/>\n\t\t<meta property=\"og:image:secure_url\" content=\"https:\/\/www.eldigitaldeasturias.com\/noticias\/wp-content\/uploads\/2026\/06\/Contenidos.jpg\" \/>\n\t\t<meta property=\"og:image:width\" content=\"1265\" \/>\n\t\t<meta property=\"og:image:height\" content=\"697\" \/>\n\t\t<meta property=\"article:tag\" content=\"actualidad\" \/>\n\t\t<meta property=\"article:published_time\" content=\"2014-01-26T23:42:48+00:00\" \/>\n\t\t<meta property=\"article:modified_time\" content=\"2014-01-26T23:42:48+00:00\" \/>\n\t\t<meta property=\"article:publisher\" content=\"https:\/\/facebook.com\/eldigitaldeasturias\" \/>\n\t\t<meta name=\"twitter:card\" content=\"summary_large_image\" \/>\n\t\t<meta name=\"twitter:title\" content=\"Cuatro muertos en un atentado contra el Ej\u00e9rcito afgano en Kabul - El Digital de Asturias\" \/>\n\t\t<meta name=\"twitter:description\" content=\"Kabul, 26 ene (EFE).- Cuatro personas, dos soldados y dos civiles, murieron hoy en un atentado suicida talib\u00e1n en la capital afgana cuando un insurgente que iba en un transporte militar hizo detonar una carga explosiva, dijeron a Efe fuentes oficiales. El suicida era uno de los pasajeros de un autob\u00fas en el que decenas\" \/>\n\t\t<meta name=\"twitter:image\" content=\"https:\/\/www.eldigitaldeasturias.com\/noticias\/wp-content\/uploads\/2026\/06\/Contenidos.jpg\" \/>\n\t\t<meta name=\"twitter:label1\" content=\"Escrito por\" \/>\n\t\t<meta name=\"twitter:data1\" content=\"El Digital de Asturias\" \/>\n\t\t<meta name=\"twitter:label2\" content=\"Tiempo de lectura estimado\" \/>\n\t\t<meta name=\"twitter:data2\" content=\"1 minuto\" \/>\n\t\t<script type=\"application\/ld+json\" class=\"aioseo-schema\">\n\t\t\t{\"@context\":\"https:\\\/\\\/schema.org\",\"@graph\":[{\"@type\":\"BlogPosting\",\"@id\":\"https:\\\/\\\/www.eldigitaldeasturias.com\\\/noticias\\\/cuatro-muertos-en-un-atentado-contra-el-ejercito-afgano-en-kabul\\\/#blogposting\",\"name\":\"Cuatro muertos en un atentado contra el Ej\\u00e9rcito afgano en Kabul - El Digital de Asturias\",\"headline\":\"Cuatro muertos en un atentado contra el Ej\\u00e9rcito afgano en Kabul\",\"author\":{\"@id\":\"https:\\\/\\\/www.eldigitaldeasturias.com\\\/noticias\\\/author\\\/admin\\\/#author\"},\"publisher\":{\"@id\":\"https:\\\/\\\/www.eldigitaldeasturias.com\\\/noticias\\\/#organization\"},\"image\":{\"@type\":\"ImageObject\",\"url\":\"https:\\\/\\\/www.eldigitaldeasturias.com\\\/noticias\\\/wp-content\\\/uploads\\\/2026\\\/06\\\/Contenidos.jpg\",\"width\":1265,\"height\":697,\"caption\":\"Contenidos\"},\"datePublished\":\"2014-01-26T22:42:48+01:00\",\"dateModified\":\"2014-01-26T22:42:48+01:00\",\"inLanguage\":\"es-ES\",\"mainEntityOfPage\":{\"@id\":\"https:\\\/\\\/www.eldigitaldeasturias.com\\\/noticias\\\/cuatro-muertos-en-un-atentado-contra-el-ejercito-afgano-en-kabul\\\/#webpage\"},\"isPartOf\":{\"@id\":\"https:\\\/\\\/www.eldigitaldeasturias.com\\\/noticias\\\/cuatro-muertos-en-un-atentado-contra-el-ejercito-afgano-en-kabul\\\/#webpage\"},\"articleSection\":\"Actualidad\"},{\"@type\":\"BreadcrumbList\",\"@id\":\"https:\\\/\\\/www.eldigitaldeasturias.com\\\/noticias\\\/cuatro-muertos-en-un-atentado-contra-el-ejercito-afgano-en-kabul\\\/#breadcrumblist\",\"itemListElement\":[{\"@type\":\"ListItem\",\"@id\":\"https:\\\/\\\/www.eldigitaldeasturias.com\\\/noticias#listItem\",\"position\":1,\"name\":\"Home\",\"item\":\"https:\\\/\\\/www.eldigitaldeasturias.com\\\/noticias\",\"nextItem\":{\"@type\":\"ListItem\",\"@id\":\"https:\\\/\\\/www.eldigitaldeasturias.com\\\/noticias\\\/category\\\/actualidad\\\/#listItem\",\"name\":\"Actualidad\"}},{\"@type\":\"ListItem\",\"@id\":\"https:\\\/\\\/www.eldigitaldeasturias.com\\\/noticias\\\/category\\\/actualidad\\\/#listItem\",\"position\":2,\"name\":\"Actualidad\",\"item\":\"https:\\\/\\\/www.eldigitaldeasturias.com\\\/noticias\\\/category\\\/actualidad\\\/\",\"nextItem\":{\"@type\":\"ListItem\",\"@id\":\"https:\\\/\\\/www.eldigitaldeasturias.com\\\/noticias\\\/cuatro-muertos-en-un-atentado-contra-el-ejercito-afgano-en-kabul\\\/#listItem\",\"name\":\"Cuatro muertos en un atentado contra el Ej\\u00e9rcito afgano en Kabul\"},\"previousItem\":{\"@type\":\"ListItem\",\"@id\":\"https:\\\/\\\/www.eldigitaldeasturias.com\\\/noticias#listItem\",\"name\":\"Home\"}},{\"@type\":\"ListItem\",\"@id\":\"https:\\\/\\\/www.eldigitaldeasturias.com\\\/noticias\\\/cuatro-muertos-en-un-atentado-contra-el-ejercito-afgano-en-kabul\\\/#listItem\",\"position\":3,\"name\":\"Cuatro muertos en un atentado contra el Ej\\u00e9rcito afgano en Kabul\",\"previousItem\":{\"@type\":\"ListItem\",\"@id\":\"https:\\\/\\\/www.eldigitaldeasturias.com\\\/noticias\\\/category\\\/actualidad\\\/#listItem\",\"name\":\"Actualidad\"}}]},{\"@type\":\"Organization\",\"@id\":\"https:\\\/\\\/www.eldigitaldeasturias.com\\\/noticias\\\/#organization\",\"name\":\"El Digital de Asturias\",\"description\":\"Hemeroteca\",\"url\":\"https:\\\/\\\/www.eldigitaldeasturias.com\\\/noticias\\\/\",\"email\":\"info@eldigitaldeasturias.com\",\"telephone\":\"+34652131393\",\"logo\":{\"@type\":\"ImageObject\",\"url\":\"https:\\\/\\\/www.eldigitaldeasturias.com\\\/noticias\\\/wp-content\\\/uploads\\\/2020\\\/12\\\/EDA.jpg\",\"@id\":\"https:\\\/\\\/www.eldigitaldeasturias.com\\\/noticias\\\/cuatro-muertos-en-un-atentado-contra-el-ejercito-afgano-en-kabul\\\/#organizationLogo\"},\"image\":{\"@id\":\"https:\\\/\\\/www.eldigitaldeasturias.com\\\/noticias\\\/cuatro-muertos-en-un-atentado-contra-el-ejercito-afgano-en-kabul\\\/#organizationLogo\"},\"sameAs\":[\"https:\\\/\\\/facebook.com\\\/eldigitaldeasturias\",\"https:\\\/\\\/www.youtube.com\\\/channel\\\/UCZP-2wLEB9Rv6erhFmqVnvg\"],\"address\":{\"@id\":\"https:\\\/\\\/www.eldigitaldeasturias.com\\\/noticias\\\/#postaladdress\",\"@type\":\"PostalAddress\",\"streetAddress\":\"san antonio 4\",\"postalCode\":\"33430\",\"addressLocality\":\"Cand\\u00e1s\",\"addressRegion\":\"Asturias\",\"addressCountry\":\"ES\"}},{\"@type\":\"Person\",\"@id\":\"https:\\\/\\\/www.eldigitaldeasturias.com\\\/noticias\\\/author\\\/admin\\\/#author\",\"url\":\"https:\\\/\\\/www.eldigitaldeasturias.com\\\/noticias\\\/author\\\/admin\\\/\",\"name\":\"El Digital de Asturias\",\"image\":{\"@type\":\"ImageObject\",\"@id\":\"https:\\\/\\\/www.eldigitaldeasturias.com\\\/noticias\\\/cuatro-muertos-en-un-atentado-contra-el-ejercito-afgano-en-kabul\\\/#authorImage\",\"url\":\"https:\\\/\\\/secure.gravatar.com\\\/avatar\\\/df2aeffc32bcd13f8d26072ef8a91b623d677766deac7f97ca815868cd41bf5e?s=96&d=mm&r=g\",\"width\":96,\"height\":96,\"caption\":\"El Digital de Asturias\"}},{\"@type\":\"WebPage\",\"@id\":\"https:\\\/\\\/www.eldigitaldeasturias.com\\\/noticias\\\/cuatro-muertos-en-un-atentado-contra-el-ejercito-afgano-en-kabul\\\/#webpage\",\"url\":\"https:\\\/\\\/www.eldigitaldeasturias.com\\\/noticias\\\/cuatro-muertos-en-un-atentado-contra-el-ejercito-afgano-en-kabul\\\/\",\"name\":\"Cuatro muertos en un atentado contra el Ej\\u00e9rcito afgano en Kabul - El Digital de Asturias\",\"description\":\"Kabul, 26 ene (EFE).- Cuatro personas, dos soldados y dos civiles, murieron hoy en un atentado suicida talib\\u00e1n en la capital afgana cuando un insurgente que iba en un transporte militar hizo detonar una carga explosiva, dijeron a Efe fuentes oficiales. El suicida era uno de los pasajeros de un autob\\u00fas en el que decenas\",\"inLanguage\":\"es-ES\",\"isPartOf\":{\"@id\":\"https:\\\/\\\/www.eldigitaldeasturias.com\\\/noticias\\\/#website\"},\"breadcrumb\":{\"@id\":\"https:\\\/\\\/www.eldigitaldeasturias.com\\\/noticias\\\/cuatro-muertos-en-un-atentado-contra-el-ejercito-afgano-en-kabul\\\/#breadcrumblist\"},\"author\":{\"@id\":\"https:\\\/\\\/www.eldigitaldeasturias.com\\\/noticias\\\/author\\\/admin\\\/#author\"},\"creator\":{\"@id\":\"https:\\\/\\\/www.eldigitaldeasturias.com\\\/noticias\\\/author\\\/admin\\\/#author\"},\"image\":{\"@type\":\"ImageObject\",\"url\":\"https:\\\/\\\/www.eldigitaldeasturias.com\\\/noticias\\\/wp-content\\\/uploads\\\/2026\\\/06\\\/Contenidos.jpg\",\"@id\":\"https:\\\/\\\/www.eldigitaldeasturias.com\\\/noticias\\\/cuatro-muertos-en-un-atentado-contra-el-ejercito-afgano-en-kabul\\\/#mainImage\",\"width\":1265,\"height\":697,\"caption\":\"Contenidos\"},\"primaryImageOfPage\":{\"@id\":\"https:\\\/\\\/www.eldigitaldeasturias.com\\\/noticias\\\/cuatro-muertos-en-un-atentado-contra-el-ejercito-afgano-en-kabul\\\/#mainImage\"},\"datePublished\":\"2014-01-26T22:42:48+01:00\",\"dateModified\":\"2014-01-26T22:42:48+01:00\"},{\"@type\":\"WebSite\",\"@id\":\"https:\\\/\\\/www.eldigitaldeasturias.com\\\/noticias\\\/#website\",\"url\":\"https:\\\/\\\/www.eldigitaldeasturias.com\\\/noticias\\\/\",\"name\":\"El Digital de Asturias - Diario de actualidad y noticias\",\"alternateName\":\"El Digital de Asturias - Diario de actualidad y noticias\",\"description\":\"Hemeroteca\",\"inLanguage\":\"es-ES\",\"publisher\":{\"@id\":\"https:\\\/\\\/www.eldigitaldeasturias.com\\\/noticias\\\/#organization\"}}]}\n\t\t<\/script>\n\t\t<!-- All in One SEO Pro -->\r\n\t\t<title>Cuatro muertos en un atentado contra el Ej\u00e9rcito afgano en Kabul - El Digital de Asturias<\/title>\n\n","aioseo_head_json":{"title":"Cuatro muertos en un atentado contra el Ej\u00e9rcito afgano en Kabul - El Digital de Asturias","description":"Kabul, 26 ene (EFE).- Cuatro personas, dos soldados y dos civiles, murieron hoy en un atentado suicida talib\u00e1n en la capital afgana cuando un insurgente que iba en un transporte militar hizo detonar una carga explosiva, dijeron a Efe fuentes oficiales. El suicida era uno de los pasajeros de un autob\u00fas en el que decenas","canonical_url":"https:\/\/www.eldigitaldeasturias.com\/noticias\/cuatro-muertos-en-un-atentado-contra-el-ejercito-afgano-en-kabul\/","robots":"max-image-preview:large","keywords":"actualidad","webmasterTools":{"google-site-verification":"UA-38556648-1","msvalidate.01":"7dfe9f3f1b24437ab69f4f2559babe99","miscellaneous":""},"schema":{"@context":"https:\/\/schema.org","@graph":[{"@type":"BlogPosting","@id":"https:\/\/www.eldigitaldeasturias.com\/noticias\/cuatro-muertos-en-un-atentado-contra-el-ejercito-afgano-en-kabul\/#blogposting","name":"Cuatro muertos en un atentado contra el Ej\u00e9rcito afgano en Kabul - El Digital de Asturias","headline":"Cuatro muertos en un atentado contra el Ej\u00e9rcito afgano en Kabul","author":{"@id":"https:\/\/www.eldigitaldeasturias.com\/noticias\/author\/admin\/#author"},"publisher":{"@id":"https:\/\/www.eldigitaldeasturias.com\/noticias\/#organization"},"image":{"@type":"ImageObject","url":"https:\/\/www.eldigitaldeasturias.com\/noticias\/wp-content\/uploads\/2026\/06\/Contenidos.jpg","width":1265,"height":697,"caption":"Contenidos"},"datePublished":"2014-01-26T22:42:48+01:00","dateModified":"2014-01-26T22:42:48+01:00","inLanguage":"es-ES","mainEntityOfPage":{"@id":"https:\/\/www.eldigitaldeasturias.com\/noticias\/cuatro-muertos-en-un-atentado-contra-el-ejercito-afgano-en-kabul\/#webpage"},"isPartOf":{"@id":"https:\/\/www.eldigitaldeasturias.com\/noticias\/cuatro-muertos-en-un-atentado-contra-el-ejercito-afgano-en-kabul\/#webpage"},"articleSection":"Actualidad"},{"@type":"BreadcrumbList","@id":"https:\/\/www.eldigitaldeasturias.com\/noticias\/cuatro-muertos-en-un-atentado-contra-el-ejercito-afgano-en-kabul\/#breadcrumblist","itemListElement":[{"@type":"ListItem","@id":"https:\/\/www.eldigitaldeasturias.com\/noticias#listItem","position":1,"name":"Home","item":"https:\/\/www.eldigitaldeasturias.com\/noticias","nextItem":{"@type":"ListItem","@id":"https:\/\/www.eldigitaldeasturias.com\/noticias\/category\/actualidad\/#listItem","name":"Actualidad"}},{"@type":"ListItem","@id":"https:\/\/www.eldigitaldeasturias.com\/noticias\/category\/actualidad\/#listItem","position":2,"name":"Actualidad","item":"https:\/\/www.eldigitaldeasturias.com\/noticias\/category\/actualidad\/","nextItem":{"@type":"ListItem","@id":"https:\/\/www.eldigitaldeasturias.com\/noticias\/cuatro-muertos-en-un-atentado-contra-el-ejercito-afgano-en-kabul\/#listItem","name":"Cuatro muertos en un atentado contra el Ej\u00e9rcito afgano en Kabul"},"previousItem":{"@type":"ListItem","@id":"https:\/\/www.eldigitaldeasturias.com\/noticias#listItem","name":"Home"}},{"@type":"ListItem","@id":"https:\/\/www.eldigitaldeasturias.com\/noticias\/cuatro-muertos-en-un-atentado-contra-el-ejercito-afgano-en-kabul\/#listItem","position":3,"name":"Cuatro muertos en un atentado contra el Ej\u00e9rcito afgano en Kabul","previousItem":{"@type":"ListItem","@id":"https:\/\/www.eldigitaldeasturias.com\/noticias\/category\/actualidad\/#listItem","name":"Actualidad"}}]},{"@type":"Organization","@id":"https:\/\/www.eldigitaldeasturias.com\/noticias\/#organization","name":"El Digital de Asturias","description":"Hemeroteca","url":"https:\/\/www.eldigitaldeasturias.com\/noticias\/","email":"info@eldigitaldeasturias.com","telephone":"+34652131393","logo":{"@type":"ImageObject","url":"https:\/\/www.eldigitaldeasturias.com\/noticias\/wp-content\/uploads\/2020\/12\/EDA.jpg","@id":"https:\/\/www.eldigitaldeasturias.com\/noticias\/cuatro-muertos-en-un-atentado-contra-el-ejercito-afgano-en-kabul\/#organizationLogo"},"image":{"@id":"https:\/\/www.eldigitaldeasturias.com\/noticias\/cuatro-muertos-en-un-atentado-contra-el-ejercito-afgano-en-kabul\/#organizationLogo"},"sameAs":["https:\/\/facebook.com\/eldigitaldeasturias","https:\/\/www.youtube.com\/channel\/UCZP-2wLEB9Rv6erhFmqVnvg"],"address":{"@id":"https:\/\/www.eldigitaldeasturias.com\/noticias\/#postaladdress","@type":"PostalAddress","streetAddress":"san antonio 4","postalCode":"33430","addressLocality":"Cand\u00e1s","addressRegion":"Asturias","addressCountry":"ES"}},{"@type":"Person","@id":"https:\/\/www.eldigitaldeasturias.com\/noticias\/author\/admin\/#author","url":"https:\/\/www.eldigitaldeasturias.com\/noticias\/author\/admin\/","name":"El Digital de Asturias","image":{"@type":"ImageObject","@id":"https:\/\/www.eldigitaldeasturias.com\/noticias\/cuatro-muertos-en-un-atentado-contra-el-ejercito-afgano-en-kabul\/#authorImage","url":"https:\/\/secure.gravatar.com\/avatar\/df2aeffc32bcd13f8d26072ef8a91b623d677766deac7f97ca815868cd41bf5e?s=96&d=mm&r=g","width":96,"height":96,"caption":"El Digital de Asturias"}},{"@type":"WebPage","@id":"https:\/\/www.eldigitaldeasturias.com\/noticias\/cuatro-muertos-en-un-atentado-contra-el-ejercito-afgano-en-kabul\/#webpage","url":"https:\/\/www.eldigitaldeasturias.com\/noticias\/cuatro-muertos-en-un-atentado-contra-el-ejercito-afgano-en-kabul\/","name":"Cuatro muertos en un atentado contra el Ej\u00e9rcito afgano en Kabul - El Digital de Asturias","description":"Kabul, 26 ene (EFE).- Cuatro personas, dos soldados y dos civiles, murieron hoy en un atentado suicida talib\u00e1n en la capital afgana cuando un insurgente que iba en un transporte militar hizo detonar una carga explosiva, dijeron a Efe fuentes oficiales. El suicida era uno de los pasajeros de un autob\u00fas en el que decenas","inLanguage":"es-ES","isPartOf":{"@id":"https:\/\/www.eldigitaldeasturias.com\/noticias\/#website"},"breadcrumb":{"@id":"https:\/\/www.eldigitaldeasturias.com\/noticias\/cuatro-muertos-en-un-atentado-contra-el-ejercito-afgano-en-kabul\/#breadcrumblist"},"author":{"@id":"https:\/\/www.eldigitaldeasturias.com\/noticias\/author\/admin\/#author"},"creator":{"@id":"https:\/\/www.eldigitaldeasturias.com\/noticias\/author\/admin\/#author"},"image":{"@type":"ImageObject","url":"https:\/\/www.eldigitaldeasturias.com\/noticias\/wp-content\/uploads\/2026\/06\/Contenidos.jpg","@id":"https:\/\/www.eldigitaldeasturias.com\/noticias\/cuatro-muertos-en-un-atentado-contra-el-ejercito-afgano-en-kabul\/#mainImage","width":1265,"height":697,"caption":"Contenidos"},"primaryImageOfPage":{"@id":"https:\/\/www.eldigitaldeasturias.com\/noticias\/cuatro-muertos-en-un-atentado-contra-el-ejercito-afgano-en-kabul\/#mainImage"},"datePublished":"2014-01-26T22:42:48+01:00","dateModified":"2014-01-26T22:42:48+01:00"},{"@type":"WebSite","@id":"https:\/\/www.eldigitaldeasturias.com\/noticias\/#website","url":"https:\/\/www.eldigitaldeasturias.com\/noticias\/","name":"El Digital de Asturias - Diario de actualidad y noticias","alternateName":"El Digital de Asturias - Diario de actualidad y noticias","description":"Hemeroteca","inLanguage":"es-ES","publisher":{"@id":"https:\/\/www.eldigitaldeasturias.com\/noticias\/#organization"}}]},"og:locale":"es_ES","og:site_name":"El Digital de Asturias","og:type":"article","og:title":"Cuatro muertos en un atentado contra el Ej\u00e9rcito afgano en Kabul - El Digital de Asturias","og:description":"Kabul, 26 ene (EFE).- Cuatro personas, dos soldados y dos civiles, murieron hoy en un atentado suicida talib\u00e1n en la capital afgana cuando un insurgente que iba en un transporte militar hizo detonar una carga explosiva, dijeron a Efe fuentes oficiales. El suicida era uno de los pasajeros de un autob\u00fas en el que decenas","og:url":"https:\/\/www.eldigitaldeasturias.com\/noticias\/cuatro-muertos-en-un-atentado-contra-el-ejercito-afgano-en-kabul\/","og:image":"https:\/\/www.eldigitaldeasturias.com\/noticias\/wp-content\/uploads\/2026\/06\/Contenidos.jpg","og:image:secure_url":"https:\/\/www.eldigitaldeasturias.com\/noticias\/wp-content\/uploads\/2026\/06\/Contenidos.jpg","og:image:width":1265,"og:image:height":697,"article:tag":["actualidad"],"article:published_time":"2014-01-26T23:42:48+00:00","article:modified_time":"2014-01-26T23:42:48+00:00","article:publisher":"https:\/\/facebook.com\/eldigitaldeasturias","twitter:card":"summary_large_image","twitter:title":"Cuatro muertos en un atentado contra el Ej\u00e9rcito afgano en Kabul - El Digital de Asturias","twitter:description":"Kabul, 26 ene (EFE).- Cuatro personas, dos soldados y dos civiles, murieron hoy en un atentado suicida talib\u00e1n en la capital afgana cuando un insurgente que iba en un transporte militar hizo detonar una carga explosiva, dijeron a Efe fuentes oficiales. El suicida era uno de los pasajeros de un autob\u00fas en el que decenas","twitter:image":"https:\/\/www.eldigitaldeasturias.com\/noticias\/wp-content\/uploads\/2026\/06\/Contenidos.jpg","twitter:label1":"Escrito por","twitter:data1":"El Digital de Asturias","twitter:label2":"Tiempo de lectura estimado","twitter:data2":"1 minuto"},"aioseo_meta_data":{"post_id":"479128","title":null,"description":null,"keywords":null,"keyphrases":null,"primary_term":null,"canonical_url":null,"og_title":null,"og_description":null,"og_object_type":"default","og_image_type":"default","og_image_url":null,"og_image_width":null,"og_image_height":null,"og_image_custom_url":null,"og_image_custom_fields":null,"og_video":null,"og_custom_url":null,"og_article_section":null,"og_article_tags":null,"twitter_use_og":true,"twitter_card":"default","twitter_image_type":"default","twitter_image_url":null,"twitter_image_custom_url":null,"twitter_image_custom_fields":null,"twitter_title":null,"twitter_description":null,"schema":{"blockGraphs":[],"customGraphs":[],"default":{"data":{"Article":[],"Course":[],"Dataset":[],"FAQPage":[],"Movie":[],"Person":[],"Product":[],"ProductReview":[],"Car":[],"Recipe":[],"Service":[],"SoftwareApplication":[],"WebPage":[]},"graphName":"","isEnabled":true},"graphs":[],"defaultGraph":"","defaultPostTypeGraph":""},"schema_type":null,"schema_type_options":null,"pillar_content":false,"robots_default":true,"robots_noindex":false,"robots_noarchive":false,"robots_nosnippet":false,"robots_nofollow":false,"robots_noimageindex":false,"robots_noodp":false,"robots_notranslate":false,"robots_max_snippet":null,"robots_max_videopreview":null,"robots_max_imagepreview":"none","priority":null,"frequency":null,"local_seo":null,"seo_analyzer_scan_date":"2026-06-01 23:35:55","breadcrumb_settings":null,"limit_modified_date":false,"open_ai":null,"ai":null,"created":"2020-11-14 22:54:00","updated":"2026-06-01 23:35:55","focus_keyword":null,"additional_keywords":null,"truseo_locale":null},"aioseo_breadcrumb":"<div class=\"aioseo-breadcrumbs\"><span class=\"aioseo-breadcrumb\">\n\t<a href=\"https:\/\/www.eldigitaldeasturias.com\/noticias\" title=\"Home\">Home<\/a>\n<\/span><span class=\"aioseo-breadcrumb-separator\">\u2013<\/span><span class=\"aioseo-breadcrumb\">\n\t<a href=\"https:\/\/www.eldigitaldeasturias.com\/noticias\/category\/actualidad\/\" title=\"Actualidad\">Actualidad<\/a>\n<\/span><span class=\"aioseo-breadcrumb-separator\">\u2013<\/span><span class=\"aioseo-breadcrumb\">\n\t<a href=\"https:\/\/www.eldigitaldeasturias.com\/noticias\/cuatro-muertos-en-un-atentado-contra-el-ejercito-afgano-en-kabul\/\" title=\"Cuatro muertos en un atentado contra el Ej\u00e9rcito afgano en Kabul\">Cuatro muertos en un atentado contra el Ej\u00e9rcito afgano en Kabul<\/a>\n<\/span><\/div>","aioseo_breadcrumb_json":[{"label":"Home","link":"https:\/\/www.eldigitaldeasturias.com\/noticias"},{"label":"Actualidad","link":"https:\/\/www.eldigitaldeasturias.com\/noticias\/category\/actualidad\/"},{"label":"Cuatro muertos en un atentado contra el Ej\u00e9rcito afgano en Kabul","link":"https:\/\/www.eldigitaldeasturias.com\/noticias\/cuatro-muertos-en-un-atentado-contra-el-ejercito-afgano-en-kabul\/"}],"_links":{"self":[{"href":"https:\/\/www.eldigitaldeasturias.com\/noticias\/wp-json\/wp\/v2\/posts\/479128","targetHints":{"allow":["GET"]}}],"collection":[{"href":"https:\/\/www.eldigitaldeasturias.com\/noticias\/wp-json\/wp\/v2\/posts"}],"about":[{"href":"https:\/\/www.eldigitaldeasturias.com\/noticias\/wp-json\/wp\/v2\/types\/post"}],"author":[{"embeddable":true,"href":"https:\/\/www.eldigitaldeasturias.com\/noticias\/wp-json\/wp\/v2\/users\/1"}],"replies":[{"embeddable":true,"href":"https:\/\/www.eldigitaldeasturias.com\/noticias\/wp-json\/wp\/v2\/comments?post=479128"}],"version-history":[{"count":0,"href":"https:\/\/www.eldigitaldeasturias.com\/noticias\/wp-json\/wp\/v2\/posts\/479128\/revisions"}],"wp:featuredmedia":[{"embeddable":true,"href":"https:\/\/www.eldigitaldeasturias.com\/noticias\/wp-json\/wp\/v2\/media\/1132184"}],"wp:attachment":[{"href":"https:\/\/www.eldigitaldeasturias.com\/noticias\/wp-json\/wp\/v2\/media?parent=479128"}],"wp:term":[{"taxonomy":"category","embeddable":true,"href":"https:\/\/www.eldigitaldeasturias.com\/noticias\/wp-json\/wp\/v2\/categories?post=479128"},{"taxonomy":"post_tag","embeddable":true,"href":"https:\/\/www.eldigitaldeasturias.com\/noticias\/wp-json\/wp\/v2\/tags?post=479128"}],"curies":[{"name":"wp","href":"https:\/\/api.w.org\/{rel}","templated":true}]}}