{"id":479125,"date":"2014-01-26T22:41:43","date_gmt":"2014-01-26T23:41:43","guid":{"rendered":"http:\/\/www.eldigitaldeasturias.com\/noticias\/?p=479125"},"modified":"2014-01-26T22:41:43","modified_gmt":"2014-01-26T23:41:43","slug":"la-xunta-solo-ve-grave-la-movilidad-si-no-se-vuelve-por-falta-de-expectativas","status":"publish","type":"post","link":"https:\/\/www.eldigitaldeasturias.com\/noticias\/la-xunta-solo-ve-grave-la-movilidad-si-no-se-vuelve-por-falta-de-expectativas\/","title":{"rendered":"La Xunta solo ve grave la movilidad si no se vuelve por falta de expectativas"},"content":{"rendered":"<p><img loading=\"lazy\" decoding=\"async\" class=\"alignleft size-medium wp-image-479126\" alt=\"5876146w\" src=\"https:\/\/www.eldigitaldeasturias.com\/noticias\/wp-content\/uploads\/2014\/01\/5876146w-213x320.jpg\" width=\"213\" height=\"320\" \/>Santiago de Compostela, 25 ene (EFE).- El secretario xeral de Emigraci\u00f3n, Antonio Rodr\u00edguez Miranda, defiende que siempre hubo movilidad de la poblaci\u00f3n y por ello se indigna ante las alarmas infundadas y afirma que lo importante es que los j\u00f3venes no se vean \u00abcondicionados\u00bb a quedarse fuera por la imposibilidad de un futuro laboral en Galicia.<\/p>\n<p>\u00abLas cifras que hoy hay no son tan diferentes a las que pod\u00edamos tener unos a\u00f1os atr\u00e1s\u00bb, enfatiza en declaraciones a Efe, y dice que en 2007, con una situaci\u00f3n econ\u00f3mica y laboral mejor, casi 14.000 chicos cambiaron su residencia.<\/p>\n<p>\u00abAs\u00ed que yo creo en &#8216;la justa medida&#8217; y en no crear ning\u00fan tipo de alarmismo\u00bb, subraya.<\/p>\n<p>Tambi\u00e9n apela al contexto: \u00abLlevamos muchos a\u00f1os trabajando en un espacio \u00fanico europeo para que nuestros j\u00f3venes, con su buena preparaci\u00f3n, se muevan dentro del territorio de la Uni\u00f3n. Para eso hemos creado un espacio \u00fanico, para que en un momento determinado puedan irse a Alemania, a Francia, a Suiza o a Reino Unido a adquirir una experiencia profesional\u00bb.<\/p>\n<p>Y \u00abal rev\u00e9s\u00bb, argumenta, que \u00abj\u00f3venes de esos pa\u00edses vengan aqu\u00ed a adquirir tambi\u00e9n esa experiencia profesional\u00bb, un argumento que lo lleva a recalcar que solo ver\u00eda grave la complicaci\u00f3n de un retorno al lugar de origen por la falta de \u00abexpectativas\u00bb para un desarrollo laboral.<\/p>\n<p>\u00abLo importante es que esa movilidad pueda ser real y efectivamente nuestros j\u00f3venes no se vean condicionados a adquirir esa experiencia y que luego no puedan tener un retorno. Ah\u00ed s\u00ed habr\u00eda una dificultad si eso no es posible, pero yo s\u00e9 que eso no va a ocurrir\u00bb, apunta.<\/p>\n<p>Rodr\u00edguez Miranda admite que la situaci\u00f3n de dificultad econ\u00f3mica ha propiciado que la \u00abcapacidad o posibilidad de trabajo\u00bb en Espa\u00f1a y \u00abl\u00f3gicamente en Galicia\u00bb sea inferior a la que hubo en otros momentos.<\/p>\n<p>Esto provoca, por ejemplo, que \u00abaquellas personas que en a\u00f1os previos han venido a Espa\u00f1a bajo la atracci\u00f3n de un buen mercado laboral, como los inmigrantes, ahora nos dejen y se vayan. Esto hace que tengamos unas cifras de salida de gente importantes\u00bb, apostilla.<\/p>\n","protected":false},"excerpt":{"rendered":"<p>Santiago de Compostela, 25 ene (EFE).- El secretario xeral de Emigraci\u00f3n, Antonio Rodr\u00edguez Miranda, defiende que siempre hubo movilidad de la poblaci\u00f3n y por ello se indigna ante las alarmas infundadas y afirma que lo importante es que los j\u00f3venes no se vean \u00abcondicionados\u00bb a quedarse fuera por la imposibilidad de un futuro laboral en [&hellip;]<\/p>\n","protected":false},"author":1,"featured_media":1132184,"comment_status":"closed","ping_status":"open","sticky":false,"template":"","format":"standard","meta":{"footnotes":""},"categories":[1],"tags":[],"class_list":["post-479125","post","type-post","status-publish","format-standard","has-post-thumbnail","hentry","category-actualidad"],"aioseo_notices":[],"aioseo_head":"\n\t\t<!-- All in One SEO Pro 5.0.1 - aioseo.com -->\n\t<meta name=\"description\" content=\"Santiago de Compostela, 25 ene (EFE).- El secretario xeral de Emigraci\u00f3n, Antonio Rodr\u00edguez Miranda, defiende que siempre hubo movilidad de la poblaci\u00f3n y por ello se indigna ante las alarmas infundadas y afirma que lo importante es que los j\u00f3venes no se vean &quot;condicionados&quot; a quedarse fuera por la imposibilidad de un futuro laboral en\" \/>\n\t<meta name=\"robots\" content=\"max-image-preview:large\" \/>\n\t<meta name=\"author\" content=\"El Digital de Asturias\"\/>\n\t<meta name=\"google-site-verification\" content=\"UA-38556648-1\" \/>\n\t<meta name=\"msvalidate.01\" content=\"7dfe9f3f1b24437ab69f4f2559babe99\" \/>\n\t<meta name=\"keywords\" content=\"actualidad\" \/>\n\t<link rel=\"canonical\" href=\"https:\/\/www.eldigitaldeasturias.com\/noticias\/la-xunta-solo-ve-grave-la-movilidad-si-no-se-vuelve-por-falta-de-expectativas\/\" \/>\n\t<meta name=\"generator\" content=\"All in One SEO Pro (AIOSEO) 5.0.1\" \/>\n\t\t<meta property=\"og:locale\" content=\"es_ES\" \/>\n\t\t<meta property=\"og:site_name\" content=\"El Digital de Asturias\" \/>\n\t\t<meta property=\"og:type\" content=\"article\" \/>\n\t\t<meta property=\"og:title\" content=\"La Xunta solo ve grave la movilidad si no se vuelve por falta de expectativas - El Digital de Asturias\" \/>\n\t\t<meta property=\"og:description\" content=\"Santiago de Compostela, 25 ene (EFE).- El secretario xeral de Emigraci\u00f3n, Antonio Rodr\u00edguez Miranda, defiende que siempre hubo movilidad de la poblaci\u00f3n y por ello se indigna ante las alarmas infundadas y afirma que lo importante es que los j\u00f3venes no se vean &quot;condicionados&quot; a quedarse fuera por la imposibilidad de un futuro laboral en\" \/>\n\t\t<meta property=\"og:url\" content=\"https:\/\/www.eldigitaldeasturias.com\/noticias\/la-xunta-solo-ve-grave-la-movilidad-si-no-se-vuelve-por-falta-de-expectativas\/\" \/>\n\t\t<meta property=\"og:image\" content=\"https:\/\/www.eldigitaldeasturias.com\/noticias\/wp-content\/uploads\/2026\/06\/Contenidos.jpg\" \/>\n\t\t<meta property=\"og:image:secure_url\" content=\"https:\/\/www.eldigitaldeasturias.com\/noticias\/wp-content\/uploads\/2026\/06\/Contenidos.jpg\" \/>\n\t\t<meta property=\"og:image:width\" content=\"1265\" \/>\n\t\t<meta property=\"og:image:height\" content=\"697\" \/>\n\t\t<meta property=\"article:tag\" content=\"actualidad\" \/>\n\t\t<meta property=\"article:published_time\" content=\"2014-01-26T23:41:43+00:00\" \/>\n\t\t<meta property=\"article:modified_time\" content=\"2014-01-26T23:41:43+00:00\" \/>\n\t\t<meta property=\"article:publisher\" content=\"https:\/\/facebook.com\/eldigitaldeasturias\" \/>\n\t\t<meta name=\"twitter:card\" content=\"summary_large_image\" \/>\n\t\t<meta name=\"twitter:title\" content=\"La Xunta solo ve grave la movilidad si no se vuelve por falta de expectativas - El Digital de Asturias\" \/>\n\t\t<meta name=\"twitter:description\" content=\"Santiago de Compostela, 25 ene (EFE).- El secretario xeral de Emigraci\u00f3n, Antonio Rodr\u00edguez Miranda, defiende que siempre hubo movilidad de la poblaci\u00f3n y por ello se indigna ante las alarmas infundadas y afirma que lo importante es que los j\u00f3venes no se vean &quot;condicionados&quot; a quedarse fuera por la imposibilidad de un futuro laboral en\" \/>\n\t\t<meta name=\"twitter:image\" content=\"https:\/\/www.eldigitaldeasturias.com\/noticias\/wp-content\/uploads\/2026\/06\/Contenidos.jpg\" \/>\n\t\t<meta name=\"twitter:label1\" content=\"Escrito por\" \/>\n\t\t<meta name=\"twitter:data1\" content=\"El Digital de Asturias\" \/>\n\t\t<meta name=\"twitter:label2\" content=\"Tiempo de lectura estimado\" \/>\n\t\t<meta name=\"twitter:data2\" content=\"2 minutos\" \/>\n\t\t<script type=\"application\/ld+json\" class=\"aioseo-schema\">\n\t\t\t{\"@context\":\"https:\\\/\\\/schema.org\",\"@graph\":[{\"@type\":\"BlogPosting\",\"@id\":\"https:\\\/\\\/www.eldigitaldeasturias.com\\\/noticias\\\/la-xunta-solo-ve-grave-la-movilidad-si-no-se-vuelve-por-falta-de-expectativas\\\/#blogposting\",\"name\":\"La Xunta solo ve grave la movilidad si no se vuelve por falta de expectativas - El Digital de Asturias\",\"headline\":\"La Xunta solo ve grave la movilidad si no se vuelve por falta de expectativas\",\"author\":{\"@id\":\"https:\\\/\\\/www.eldigitaldeasturias.com\\\/noticias\\\/author\\\/admin\\\/#author\"},\"publisher\":{\"@id\":\"https:\\\/\\\/www.eldigitaldeasturias.com\\\/noticias\\\/#organization\"},\"image\":{\"@type\":\"ImageObject\",\"url\":\"https:\\\/\\\/www.eldigitaldeasturias.com\\\/noticias\\\/wp-content\\\/uploads\\\/2026\\\/06\\\/Contenidos.jpg\",\"width\":1265,\"height\":697,\"caption\":\"Contenidos\"},\"datePublished\":\"2014-01-26T22:41:43+01:00\",\"dateModified\":\"2014-01-26T22:41:43+01:00\",\"inLanguage\":\"es-ES\",\"mainEntityOfPage\":{\"@id\":\"https:\\\/\\\/www.eldigitaldeasturias.com\\\/noticias\\\/la-xunta-solo-ve-grave-la-movilidad-si-no-se-vuelve-por-falta-de-expectativas\\\/#webpage\"},\"isPartOf\":{\"@id\":\"https:\\\/\\\/www.eldigitaldeasturias.com\\\/noticias\\\/la-xunta-solo-ve-grave-la-movilidad-si-no-se-vuelve-por-falta-de-expectativas\\\/#webpage\"},\"articleSection\":\"Actualidad\"},{\"@type\":\"BreadcrumbList\",\"@id\":\"https:\\\/\\\/www.eldigitaldeasturias.com\\\/noticias\\\/la-xunta-solo-ve-grave-la-movilidad-si-no-se-vuelve-por-falta-de-expectativas\\\/#breadcrumblist\",\"itemListElement\":[{\"@type\":\"ListItem\",\"@id\":\"https:\\\/\\\/www.eldigitaldeasturias.com\\\/noticias#listItem\",\"position\":1,\"name\":\"Home\",\"item\":\"https:\\\/\\\/www.eldigitaldeasturias.com\\\/noticias\",\"nextItem\":{\"@type\":\"ListItem\",\"@id\":\"https:\\\/\\\/www.eldigitaldeasturias.com\\\/noticias\\\/category\\\/actualidad\\\/#listItem\",\"name\":\"Actualidad\"}},{\"@type\":\"ListItem\",\"@id\":\"https:\\\/\\\/www.eldigitaldeasturias.com\\\/noticias\\\/category\\\/actualidad\\\/#listItem\",\"position\":2,\"name\":\"Actualidad\",\"item\":\"https:\\\/\\\/www.eldigitaldeasturias.com\\\/noticias\\\/category\\\/actualidad\\\/\",\"nextItem\":{\"@type\":\"ListItem\",\"@id\":\"https:\\\/\\\/www.eldigitaldeasturias.com\\\/noticias\\\/la-xunta-solo-ve-grave-la-movilidad-si-no-se-vuelve-por-falta-de-expectativas\\\/#listItem\",\"name\":\"La Xunta solo ve grave la movilidad si no se vuelve por falta de expectativas\"},\"previousItem\":{\"@type\":\"ListItem\",\"@id\":\"https:\\\/\\\/www.eldigitaldeasturias.com\\\/noticias#listItem\",\"name\":\"Home\"}},{\"@type\":\"ListItem\",\"@id\":\"https:\\\/\\\/www.eldigitaldeasturias.com\\\/noticias\\\/la-xunta-solo-ve-grave-la-movilidad-si-no-se-vuelve-por-falta-de-expectativas\\\/#listItem\",\"position\":3,\"name\":\"La Xunta solo ve grave la movilidad si no se vuelve por falta de expectativas\",\"previousItem\":{\"@type\":\"ListItem\",\"@id\":\"https:\\\/\\\/www.eldigitaldeasturias.com\\\/noticias\\\/category\\\/actualidad\\\/#listItem\",\"name\":\"Actualidad\"}}]},{\"@type\":\"Organization\",\"@id\":\"https:\\\/\\\/www.eldigitaldeasturias.com\\\/noticias\\\/#organization\",\"name\":\"El Digital de Asturias\",\"description\":\"Hemeroteca\",\"url\":\"https:\\\/\\\/www.eldigitaldeasturias.com\\\/noticias\\\/\",\"email\":\"info@eldigitaldeasturias.com\",\"telephone\":\"+34652131393\",\"logo\":{\"@type\":\"ImageObject\",\"url\":\"https:\\\/\\\/www.eldigitaldeasturias.com\\\/noticias\\\/wp-content\\\/uploads\\\/2020\\\/12\\\/EDA.jpg\",\"@id\":\"https:\\\/\\\/www.eldigitaldeasturias.com\\\/noticias\\\/la-xunta-solo-ve-grave-la-movilidad-si-no-se-vuelve-por-falta-de-expectativas\\\/#organizationLogo\"},\"image\":{\"@id\":\"https:\\\/\\\/www.eldigitaldeasturias.com\\\/noticias\\\/la-xunta-solo-ve-grave-la-movilidad-si-no-se-vuelve-por-falta-de-expectativas\\\/#organizationLogo\"},\"sameAs\":[\"https:\\\/\\\/facebook.com\\\/eldigitaldeasturias\",\"https:\\\/\\\/www.youtube.com\\\/channel\\\/UCZP-2wLEB9Rv6erhFmqVnvg\"],\"address\":{\"@id\":\"https:\\\/\\\/www.eldigitaldeasturias.com\\\/noticias\\\/#postaladdress\",\"@type\":\"PostalAddress\",\"streetAddress\":\"san antonio 4\",\"postalCode\":\"33430\",\"addressLocality\":\"Cand\\u00e1s\",\"addressRegion\":\"Asturias\",\"addressCountry\":\"ES\"}},{\"@type\":\"Person\",\"@id\":\"https:\\\/\\\/www.eldigitaldeasturias.com\\\/noticias\\\/author\\\/admin\\\/#author\",\"url\":\"https:\\\/\\\/www.eldigitaldeasturias.com\\\/noticias\\\/author\\\/admin\\\/\",\"name\":\"El Digital de Asturias\",\"image\":{\"@type\":\"ImageObject\",\"@id\":\"https:\\\/\\\/www.eldigitaldeasturias.com\\\/noticias\\\/la-xunta-solo-ve-grave-la-movilidad-si-no-se-vuelve-por-falta-de-expectativas\\\/#authorImage\",\"url\":\"https:\\\/\\\/secure.gravatar.com\\\/avatar\\\/df2aeffc32bcd13f8d26072ef8a91b623d677766deac7f97ca815868cd41bf5e?s=96&d=mm&r=g\",\"width\":96,\"height\":96,\"caption\":\"El Digital de Asturias\"}},{\"@type\":\"WebPage\",\"@id\":\"https:\\\/\\\/www.eldigitaldeasturias.com\\\/noticias\\\/la-xunta-solo-ve-grave-la-movilidad-si-no-se-vuelve-por-falta-de-expectativas\\\/#webpage\",\"url\":\"https:\\\/\\\/www.eldigitaldeasturias.com\\\/noticias\\\/la-xunta-solo-ve-grave-la-movilidad-si-no-se-vuelve-por-falta-de-expectativas\\\/\",\"name\":\"La Xunta solo ve grave la movilidad si no se vuelve por falta de expectativas - El Digital de Asturias\",\"description\":\"Santiago de Compostela, 25 ene (EFE).- El secretario xeral de Emigraci\\u00f3n, Antonio Rodr\\u00edguez Miranda, defiende que siempre hubo movilidad de la poblaci\\u00f3n y por ello se indigna ante las alarmas infundadas y afirma que lo importante es que los j\\u00f3venes no se vean \\\"condicionados\\\" a quedarse fuera por la imposibilidad de un futuro laboral en\",\"inLanguage\":\"es-ES\",\"isPartOf\":{\"@id\":\"https:\\\/\\\/www.eldigitaldeasturias.com\\\/noticias\\\/#website\"},\"breadcrumb\":{\"@id\":\"https:\\\/\\\/www.eldigitaldeasturias.com\\\/noticias\\\/la-xunta-solo-ve-grave-la-movilidad-si-no-se-vuelve-por-falta-de-expectativas\\\/#breadcrumblist\"},\"author\":{\"@id\":\"https:\\\/\\\/www.eldigitaldeasturias.com\\\/noticias\\\/author\\\/admin\\\/#author\"},\"creator\":{\"@id\":\"https:\\\/\\\/www.eldigitaldeasturias.com\\\/noticias\\\/author\\\/admin\\\/#author\"},\"image\":{\"@type\":\"ImageObject\",\"url\":\"https:\\\/\\\/www.eldigitaldeasturias.com\\\/noticias\\\/wp-content\\\/uploads\\\/2026\\\/06\\\/Contenidos.jpg\",\"@id\":\"https:\\\/\\\/www.eldigitaldeasturias.com\\\/noticias\\\/la-xunta-solo-ve-grave-la-movilidad-si-no-se-vuelve-por-falta-de-expectativas\\\/#mainImage\",\"width\":1265,\"height\":697,\"caption\":\"Contenidos\"},\"primaryImageOfPage\":{\"@id\":\"https:\\\/\\\/www.eldigitaldeasturias.com\\\/noticias\\\/la-xunta-solo-ve-grave-la-movilidad-si-no-se-vuelve-por-falta-de-expectativas\\\/#mainImage\"},\"datePublished\":\"2014-01-26T22:41:43+01:00\",\"dateModified\":\"2014-01-26T22:41:43+01:00\"},{\"@type\":\"WebSite\",\"@id\":\"https:\\\/\\\/www.eldigitaldeasturias.com\\\/noticias\\\/#website\",\"url\":\"https:\\\/\\\/www.eldigitaldeasturias.com\\\/noticias\\\/\",\"name\":\"El Digital de Asturias - Diario de actualidad y noticias\",\"alternateName\":\"El Digital de Asturias - Diario de actualidad y noticias\",\"description\":\"Hemeroteca\",\"inLanguage\":\"es-ES\",\"publisher\":{\"@id\":\"https:\\\/\\\/www.eldigitaldeasturias.com\\\/noticias\\\/#organization\"}}]}\n\t\t<\/script>\n\t\t<!-- All in One SEO Pro -->\r\n\t\t<title>La Xunta solo ve grave la movilidad si no se vuelve por falta de expectativas - El Digital de Asturias<\/title>\n\n","aioseo_head_json":{"title":"La Xunta solo ve grave la movilidad si no se vuelve por falta de expectativas - El Digital de Asturias","description":"Santiago de Compostela, 25 ene (EFE).- El secretario xeral de Emigraci\u00f3n, Antonio Rodr\u00edguez Miranda, defiende que siempre hubo movilidad de la poblaci\u00f3n y por ello se indigna ante las alarmas infundadas y afirma que lo importante es que los j\u00f3venes no se vean \"condicionados\" a quedarse fuera por la imposibilidad de un futuro laboral en","canonical_url":"https:\/\/www.eldigitaldeasturias.com\/noticias\/la-xunta-solo-ve-grave-la-movilidad-si-no-se-vuelve-por-falta-de-expectativas\/","robots":"max-image-preview:large","keywords":"actualidad","webmasterTools":{"google-site-verification":"UA-38556648-1","msvalidate.01":"7dfe9f3f1b24437ab69f4f2559babe99","miscellaneous":""},"schema":{"@context":"https:\/\/schema.org","@graph":[{"@type":"BlogPosting","@id":"https:\/\/www.eldigitaldeasturias.com\/noticias\/la-xunta-solo-ve-grave-la-movilidad-si-no-se-vuelve-por-falta-de-expectativas\/#blogposting","name":"La Xunta solo ve grave la movilidad si no se vuelve por falta de expectativas - El Digital de Asturias","headline":"La Xunta solo ve grave la movilidad si no se vuelve por falta de expectativas","author":{"@id":"https:\/\/www.eldigitaldeasturias.com\/noticias\/author\/admin\/#author"},"publisher":{"@id":"https:\/\/www.eldigitaldeasturias.com\/noticias\/#organization"},"image":{"@type":"ImageObject","url":"https:\/\/www.eldigitaldeasturias.com\/noticias\/wp-content\/uploads\/2026\/06\/Contenidos.jpg","width":1265,"height":697,"caption":"Contenidos"},"datePublished":"2014-01-26T22:41:43+01:00","dateModified":"2014-01-26T22:41:43+01:00","inLanguage":"es-ES","mainEntityOfPage":{"@id":"https:\/\/www.eldigitaldeasturias.com\/noticias\/la-xunta-solo-ve-grave-la-movilidad-si-no-se-vuelve-por-falta-de-expectativas\/#webpage"},"isPartOf":{"@id":"https:\/\/www.eldigitaldeasturias.com\/noticias\/la-xunta-solo-ve-grave-la-movilidad-si-no-se-vuelve-por-falta-de-expectativas\/#webpage"},"articleSection":"Actualidad"},{"@type":"BreadcrumbList","@id":"https:\/\/www.eldigitaldeasturias.com\/noticias\/la-xunta-solo-ve-grave-la-movilidad-si-no-se-vuelve-por-falta-de-expectativas\/#breadcrumblist","itemListElement":[{"@type":"ListItem","@id":"https:\/\/www.eldigitaldeasturias.com\/noticias#listItem","position":1,"name":"Home","item":"https:\/\/www.eldigitaldeasturias.com\/noticias","nextItem":{"@type":"ListItem","@id":"https:\/\/www.eldigitaldeasturias.com\/noticias\/category\/actualidad\/#listItem","name":"Actualidad"}},{"@type":"ListItem","@id":"https:\/\/www.eldigitaldeasturias.com\/noticias\/category\/actualidad\/#listItem","position":2,"name":"Actualidad","item":"https:\/\/www.eldigitaldeasturias.com\/noticias\/category\/actualidad\/","nextItem":{"@type":"ListItem","@id":"https:\/\/www.eldigitaldeasturias.com\/noticias\/la-xunta-solo-ve-grave-la-movilidad-si-no-se-vuelve-por-falta-de-expectativas\/#listItem","name":"La Xunta solo ve grave la movilidad si no se vuelve por falta de expectativas"},"previousItem":{"@type":"ListItem","@id":"https:\/\/www.eldigitaldeasturias.com\/noticias#listItem","name":"Home"}},{"@type":"ListItem","@id":"https:\/\/www.eldigitaldeasturias.com\/noticias\/la-xunta-solo-ve-grave-la-movilidad-si-no-se-vuelve-por-falta-de-expectativas\/#listItem","position":3,"name":"La Xunta solo ve grave la movilidad si no se vuelve por falta de expectativas","previousItem":{"@type":"ListItem","@id":"https:\/\/www.eldigitaldeasturias.com\/noticias\/category\/actualidad\/#listItem","name":"Actualidad"}}]},{"@type":"Organization","@id":"https:\/\/www.eldigitaldeasturias.com\/noticias\/#organization","name":"El Digital de Asturias","description":"Hemeroteca","url":"https:\/\/www.eldigitaldeasturias.com\/noticias\/","email":"info@eldigitaldeasturias.com","telephone":"+34652131393","logo":{"@type":"ImageObject","url":"https:\/\/www.eldigitaldeasturias.com\/noticias\/wp-content\/uploads\/2020\/12\/EDA.jpg","@id":"https:\/\/www.eldigitaldeasturias.com\/noticias\/la-xunta-solo-ve-grave-la-movilidad-si-no-se-vuelve-por-falta-de-expectativas\/#organizationLogo"},"image":{"@id":"https:\/\/www.eldigitaldeasturias.com\/noticias\/la-xunta-solo-ve-grave-la-movilidad-si-no-se-vuelve-por-falta-de-expectativas\/#organizationLogo"},"sameAs":["https:\/\/facebook.com\/eldigitaldeasturias","https:\/\/www.youtube.com\/channel\/UCZP-2wLEB9Rv6erhFmqVnvg"],"address":{"@id":"https:\/\/www.eldigitaldeasturias.com\/noticias\/#postaladdress","@type":"PostalAddress","streetAddress":"san antonio 4","postalCode":"33430","addressLocality":"Cand\u00e1s","addressRegion":"Asturias","addressCountry":"ES"}},{"@type":"Person","@id":"https:\/\/www.eldigitaldeasturias.com\/noticias\/author\/admin\/#author","url":"https:\/\/www.eldigitaldeasturias.com\/noticias\/author\/admin\/","name":"El Digital de Asturias","image":{"@type":"ImageObject","@id":"https:\/\/www.eldigitaldeasturias.com\/noticias\/la-xunta-solo-ve-grave-la-movilidad-si-no-se-vuelve-por-falta-de-expectativas\/#authorImage","url":"https:\/\/secure.gravatar.com\/avatar\/df2aeffc32bcd13f8d26072ef8a91b623d677766deac7f97ca815868cd41bf5e?s=96&d=mm&r=g","width":96,"height":96,"caption":"El Digital de Asturias"}},{"@type":"WebPage","@id":"https:\/\/www.eldigitaldeasturias.com\/noticias\/la-xunta-solo-ve-grave-la-movilidad-si-no-se-vuelve-por-falta-de-expectativas\/#webpage","url":"https:\/\/www.eldigitaldeasturias.com\/noticias\/la-xunta-solo-ve-grave-la-movilidad-si-no-se-vuelve-por-falta-de-expectativas\/","name":"La Xunta solo ve grave la movilidad si no se vuelve por falta de expectativas - El Digital de Asturias","description":"Santiago de Compostela, 25 ene (EFE).- El secretario xeral de Emigraci\u00f3n, Antonio Rodr\u00edguez Miranda, defiende que siempre hubo movilidad de la poblaci\u00f3n y por ello se indigna ante las alarmas infundadas y afirma que lo importante es que los j\u00f3venes no se vean \"condicionados\" a quedarse fuera por la imposibilidad de un futuro laboral en","inLanguage":"es-ES","isPartOf":{"@id":"https:\/\/www.eldigitaldeasturias.com\/noticias\/#website"},"breadcrumb":{"@id":"https:\/\/www.eldigitaldeasturias.com\/noticias\/la-xunta-solo-ve-grave-la-movilidad-si-no-se-vuelve-por-falta-de-expectativas\/#breadcrumblist"},"author":{"@id":"https:\/\/www.eldigitaldeasturias.com\/noticias\/author\/admin\/#author"},"creator":{"@id":"https:\/\/www.eldigitaldeasturias.com\/noticias\/author\/admin\/#author"},"image":{"@type":"ImageObject","url":"https:\/\/www.eldigitaldeasturias.com\/noticias\/wp-content\/uploads\/2026\/06\/Contenidos.jpg","@id":"https:\/\/www.eldigitaldeasturias.com\/noticias\/la-xunta-solo-ve-grave-la-movilidad-si-no-se-vuelve-por-falta-de-expectativas\/#mainImage","width":1265,"height":697,"caption":"Contenidos"},"primaryImageOfPage":{"@id":"https:\/\/www.eldigitaldeasturias.com\/noticias\/la-xunta-solo-ve-grave-la-movilidad-si-no-se-vuelve-por-falta-de-expectativas\/#mainImage"},"datePublished":"2014-01-26T22:41:43+01:00","dateModified":"2014-01-26T22:41:43+01:00"},{"@type":"WebSite","@id":"https:\/\/www.eldigitaldeasturias.com\/noticias\/#website","url":"https:\/\/www.eldigitaldeasturias.com\/noticias\/","name":"El Digital de Asturias - Diario de actualidad y noticias","alternateName":"El Digital de Asturias - Diario de actualidad y noticias","description":"Hemeroteca","inLanguage":"es-ES","publisher":{"@id":"https:\/\/www.eldigitaldeasturias.com\/noticias\/#organization"}}]},"og:locale":"es_ES","og:site_name":"El Digital de Asturias","og:type":"article","og:title":"La Xunta solo ve grave la movilidad si no se vuelve por falta de expectativas - El Digital de Asturias","og:description":"Santiago de Compostela, 25 ene (EFE).- El secretario xeral de Emigraci\u00f3n, Antonio Rodr\u00edguez Miranda, defiende que siempre hubo movilidad de la poblaci\u00f3n y por ello se indigna ante las alarmas infundadas y afirma que lo importante es que los j\u00f3venes no se vean &quot;condicionados&quot; a quedarse fuera por la imposibilidad de un futuro laboral en","og:url":"https:\/\/www.eldigitaldeasturias.com\/noticias\/la-xunta-solo-ve-grave-la-movilidad-si-no-se-vuelve-por-falta-de-expectativas\/","og:image":"https:\/\/www.eldigitaldeasturias.com\/noticias\/wp-content\/uploads\/2026\/06\/Contenidos.jpg","og:image:secure_url":"https:\/\/www.eldigitaldeasturias.com\/noticias\/wp-content\/uploads\/2026\/06\/Contenidos.jpg","og:image:width":1265,"og:image:height":697,"article:tag":["actualidad"],"article:published_time":"2014-01-26T23:41:43+00:00","article:modified_time":"2014-01-26T23:41:43+00:00","article:publisher":"https:\/\/facebook.com\/eldigitaldeasturias","twitter:card":"summary_large_image","twitter:title":"La Xunta solo ve grave la movilidad si no se vuelve por falta de expectativas - El Digital de Asturias","twitter:description":"Santiago de Compostela, 25 ene (EFE).- El secretario xeral de Emigraci\u00f3n, Antonio Rodr\u00edguez Miranda, defiende que siempre hubo movilidad de la poblaci\u00f3n y por ello se indigna ante las alarmas infundadas y afirma que lo importante es que los j\u00f3venes no se vean &quot;condicionados&quot; a quedarse fuera por la imposibilidad de un futuro laboral en","twitter:image":"https:\/\/www.eldigitaldeasturias.com\/noticias\/wp-content\/uploads\/2026\/06\/Contenidos.jpg","twitter:label1":"Escrito por","twitter:data1":"El Digital de Asturias","twitter:label2":"Tiempo de lectura estimado","twitter:data2":"2 minutos"},"aioseo_meta_data":{"post_id":"479125","title":null,"description":null,"keywords":null,"keyphrases":null,"primary_term":null,"canonical_url":null,"og_title":null,"og_description":null,"og_object_type":"default","og_image_type":"default","og_image_url":null,"og_image_width":null,"og_image_height":null,"og_image_custom_url":null,"og_image_custom_fields":null,"og_video":null,"og_custom_url":null,"og_article_section":null,"og_article_tags":null,"twitter_use_og":true,"twitter_card":"default","twitter_image_type":"default","twitter_image_url":null,"twitter_image_custom_url":null,"twitter_image_custom_fields":null,"twitter_title":null,"twitter_description":null,"schema":{"blockGraphs":[],"customGraphs":[],"default":{"data":{"Article":[],"Course":[],"Dataset":[],"FAQPage":[],"Movie":[],"Person":[],"Product":[],"ProductReview":[],"Car":[],"Recipe":[],"Service":[],"SoftwareApplication":[],"WebPage":[]},"graphName":"","isEnabled":true},"graphs":[],"defaultGraph":"","defaultPostTypeGraph":""},"schema_type":null,"schema_type_options":null,"pillar_content":false,"robots_default":true,"robots_noindex":false,"robots_noarchive":false,"robots_nosnippet":false,"robots_nofollow":false,"robots_noimageindex":false,"robots_noodp":false,"robots_notranslate":false,"robots_max_snippet":null,"robots_max_videopreview":null,"robots_max_imagepreview":"none","priority":null,"frequency":null,"local_seo":null,"seo_analyzer_scan_date":"2026-06-01 23:35:55","breadcrumb_settings":null,"limit_modified_date":false,"open_ai":null,"ai":null,"created":"2020-11-14 22:54:00","updated":"2026-06-01 23:35:55","focus_keyword":null,"additional_keywords":null,"truseo_locale":null},"aioseo_breadcrumb":"<div class=\"aioseo-breadcrumbs\"><span class=\"aioseo-breadcrumb\">\n\t<a href=\"https:\/\/www.eldigitaldeasturias.com\/noticias\" title=\"Home\">Home<\/a>\n<\/span><span class=\"aioseo-breadcrumb-separator\">\u2013<\/span><span class=\"aioseo-breadcrumb\">\n\t<a href=\"https:\/\/www.eldigitaldeasturias.com\/noticias\/category\/actualidad\/\" title=\"Actualidad\">Actualidad<\/a>\n<\/span><span class=\"aioseo-breadcrumb-separator\">\u2013<\/span><span class=\"aioseo-breadcrumb\">\n\t<a href=\"https:\/\/www.eldigitaldeasturias.com\/noticias\/la-xunta-solo-ve-grave-la-movilidad-si-no-se-vuelve-por-falta-de-expectativas\/\" title=\"La Xunta solo ve grave la movilidad si no se vuelve por falta de expectativas\">La Xunta solo ve grave la movilidad si no se vuelve por falta de expectativas<\/a>\n<\/span><\/div>","aioseo_breadcrumb_json":[{"label":"Home","link":"https:\/\/www.eldigitaldeasturias.com\/noticias"},{"label":"Actualidad","link":"https:\/\/www.eldigitaldeasturias.com\/noticias\/category\/actualidad\/"},{"label":"La Xunta solo ve grave la movilidad si no se vuelve por falta de expectativas","link":"https:\/\/www.eldigitaldeasturias.com\/noticias\/la-xunta-solo-ve-grave-la-movilidad-si-no-se-vuelve-por-falta-de-expectativas\/"}],"_links":{"self":[{"href":"https:\/\/www.eldigitaldeasturias.com\/noticias\/wp-json\/wp\/v2\/posts\/479125","targetHints":{"allow":["GET"]}}],"collection":[{"href":"https:\/\/www.eldigitaldeasturias.com\/noticias\/wp-json\/wp\/v2\/posts"}],"about":[{"href":"https:\/\/www.eldigitaldeasturias.com\/noticias\/wp-json\/wp\/v2\/types\/post"}],"author":[{"embeddable":true,"href":"https:\/\/www.eldigitaldeasturias.com\/noticias\/wp-json\/wp\/v2\/users\/1"}],"replies":[{"embeddable":true,"href":"https:\/\/www.eldigitaldeasturias.com\/noticias\/wp-json\/wp\/v2\/comments?post=479125"}],"version-history":[{"count":0,"href":"https:\/\/www.eldigitaldeasturias.com\/noticias\/wp-json\/wp\/v2\/posts\/479125\/revisions"}],"wp:featuredmedia":[{"embeddable":true,"href":"https:\/\/www.eldigitaldeasturias.com\/noticias\/wp-json\/wp\/v2\/media\/1132184"}],"wp:attachment":[{"href":"https:\/\/www.eldigitaldeasturias.com\/noticias\/wp-json\/wp\/v2\/media?parent=479125"}],"wp:term":[{"taxonomy":"category","embeddable":true,"href":"https:\/\/www.eldigitaldeasturias.com\/noticias\/wp-json\/wp\/v2\/categories?post=479125"},{"taxonomy":"post_tag","embeddable":true,"href":"https:\/\/www.eldigitaldeasturias.com\/noticias\/wp-json\/wp\/v2\/tags?post=479125"}],"curies":[{"name":"wp","href":"https:\/\/api.w.org\/{rel}","templated":true}]}}