{"id":479104,"date":"2014-01-26T22:08:40","date_gmt":"2014-01-26T23:08:40","guid":{"rendered":"http:\/\/www.eldigitaldeasturias.com\/noticias\/?p=479104"},"modified":"2014-01-26T22:08:40","modified_gmt":"2014-01-26T23:08:40","slug":"la-oposicion-ucraniana-rechaza-la-oferta-del-gobierno-de-yanukovich","status":"publish","type":"post","link":"https:\/\/www.eldigitaldeasturias.com\/noticias\/la-oposicion-ucraniana-rechaza-la-oferta-del-gobierno-de-yanukovich\/","title":{"rendered":"La oposici\u00f3n ucraniana rechaza la oferta del Gobierno de Yanuk\u00f3vich"},"content":{"rendered":"<p><img loading=\"lazy\" decoding=\"async\" class=\"alignleft size-medium wp-image-479105\" alt=\"5876853w\" src=\"https:\/\/www.eldigitaldeasturias.com\/noticias\/wp-content\/uploads\/2014\/01\/5876853w-360x211.jpg\" width=\"360\" height=\"211\" \/>Kiev, 25 ene (EFE).- La oposici\u00f3n ucraniana rechaz\u00f3 hoy la oferta del presidente, V\u00edktor Yanuk\u00f3vich, de que asuma la jefatura del Gobierno para poner fin a la crisis provocada por las protestas antigubernamentales.<\/p>\n<p>\u00abNuestra demanda es celebrar elecciones presidenciales este mismo a\u00f1o. Y no pensamos dar un paso atr\u00e1s. Mantendremos nuestras posiciones en el Maid\u00e1n y en las regiones\u00bb, proclam\u00f3 Vitali Klitschk\u00f3, l\u00edder del partido UDAR (Golpe).<\/p>\n<p>La negativa del carism\u00e1tico boxeador fue recibida con j\u00fabilo por las decenas de miles de manifestantes concentrados en la plaza de la Independencia de Kiev, conocida popularmente como Euromaid\u00e1n, y con un ensordecedor sonido de claxon por toda la ciudad.<\/p>\n<p>Durante una reuni\u00f3n con los tres l\u00edderes de la oposici\u00f3n parlamentaria, Yanuk\u00f3vich se hab\u00eda mostrado dispuesto a destituir al Gobierno en pleno, principal demanda de la oposici\u00f3n desde noviembre, si \u00e9sta aceptaba asumir el cargo de primer ministro.<\/p>\n<p>\u00abAnte nuestra propuesta de derogar las leyes dictatoriales, \u00e9l responde con la propuesta de introducir modificaciones. Nuestra posici\u00f3n es clara: revocar esas leyes y punto final\u00bb, subray\u00f3 el opositor.<\/p>\n<p>Con todo, Klitschk\u00f3 no cerr\u00f3 la puerta al di\u00e1logo con Yanuk\u00f3vich, ya que inform\u00f3 a sus partidarios que \u00ablas negociaciones contin\u00faan\u00bb.<\/p>\n<p>\u00abNo sucumbiremos ante ninguna provocaci\u00f3n. Aqu\u00ed (en el Euromaid\u00e1n) no hay extremistas. Somos gente pac\u00edfica que defiende sus derechos y sus demandas\u00bb, resalt\u00f3.<\/p>\n<p>Yanuk\u00f3vich ofreci\u00f3 el cargo de jefe del Gobierno a Arseni Yatseniuk, l\u00edder del principal partido opositor en el Parlamento, Batkivschina (Patria), desde el encarcelamiento de la ex primera ministra, Yulia Timoshenko.<\/p>\n<p>\u00abEn caso de que lo acepte, el presidente decidir\u00eda destituir al gobierno en pleno\u00bb, afirm\u00f3 Yelena Lukash, ministra de Justicia, seg\u00fan un comunicado oficial.<\/p>\n<p>Al respecto, Yatseniuk asegur\u00f3 en el Maid\u00e1n que la oposici\u00f3n no tiene miedo de asumir responsabilidades de gobierno, pero advirti\u00f3 que es significar\u00eda el ingreso de Ucrania en la UE y la liberaci\u00f3n de Timoshenko, que cumple siete a\u00f1os de c\u00e1rcel por abuso de poder.<\/p>\n<p>\u00abEl 28 de enero (sesi\u00f3n parlamentaria para revisar las controvertidas leyes y para remodelar el Gobierno) es el d\u00eda del juicio final. No nos creemos ni una palabra. Solo creemos en los hechos\u00bb, agreg\u00f3.<\/p>\n<p>El cargo de viceprimer ministro encargado de asuntos humanitarios se lo ofreci\u00f3 Yanuk\u00f3vich a Klitschk\u00f3, considerado un\u00e1nimemente el candidato con m\u00e1s posibilidades de derrotar a Yanuk\u00f3vich en unas elecciones presidenciales.<\/p>\n<p>\u00abEl presidente est\u00e1 convencido de que el trabajo conjunto con la oposici\u00f3n ayudar\u00e1 al Estado a unirse y a introducir las reformas necesarias para la sociedad y el Estado\u00bb, a\u00f1ade la nota oficial.<\/p>\n<p>Yanuk\u00f3vich tambi\u00e9n se pronunci\u00f3 a favor de la modificaci\u00f3n de las leyes \u00abdictatoriales\u00bb que provocaron el estallido de los des\u00f3rdenes hace una semana a trav\u00e9s de un \u00abconsenso pol\u00edtico\u00bb.<\/p>\n<p>Adem\u00e1s, ambas partes acordaron que las autoridades pondr\u00e1n en libertad a todos los detenidos en las protestas de los \u00faltimos dos meses paralelamente a la aprobaci\u00f3n de una ley de amnist\u00eda y la creaci\u00f3n de un grupo de trabajo para regresar a la Constituci\u00f3n de 2004.<\/p>\n<p>Con todo, el compromiso no le hubiera salido gratis a la oposici\u00f3n, ya que deb\u00eda comprometerse a persuadir a sus partidarios de que suspendan las protestas en el coraz\u00f3n de Kiev<\/p>\n<p>\u00abEn relaci\u00f3n con esto, los l\u00edderes opositores deben garantizar la completa salida de la gente de la calle Grushevski y el cese de toda acci\u00f3n ilegal\u00bb, matiz\u00f3 Andr\u00e9i Portnov, asesor del presidente ucraniano.<\/p>\n<p>En caso de acuerdo, agreg\u00f3, con el paso del tiempo las calles y plazas de la capital ucraniana deben ser desalojadas tanto de manifestantes, como de efectivos de las fuerzas de seguridad del Estado.<\/p>\n<p>La propuesta de Yanuk\u00f3vich se produjo cuando manifestantes y antidisturbios hab\u00edan puesto en peligro la tregua al reanudar anoche sus enfrentamientos en las inmediaciones del estadio del Dinamo Kiev (calle Grushevski).<\/p>\n<p>La humareda de los neum\u00e1ticos quemados, que se pod\u00eda ver durante todo el d\u00eda desde cualquier punto del centro de la ciudad, devolvieron hoy a la capital ucraniana su aspecto prerrevolucionario.<\/p>\n<p>Por su parte, la polic\u00eda puso en marcha de nuevo los camiones de agua y, tras d\u00eda y medio de silencio, volvieron a oirse los ensordecedores impactos de las granadas aturdidoras.<\/p>\n<p>El momento de mayor tensi\u00f3n de la jornada fue la captura en el Euromaid\u00e1n de dos agentes de polic\u00eda, que fueron supuestamente torturados, lo que llev\u00f3 al Ministerio del Interior a amenazar con asaltar el edificio del Ayuntamiento, bajo control opositor.<\/p>\n<p>Por otra parte, aumentaron a cuatro los manifestantes muertos en los des\u00f3rdenes ocurridos en Kiev al fallecer hoy un opositor de 45 a\u00f1os que result\u00f3 herido el mi\u00e9rcoles en enfrentamientos con la polic\u00eda.<\/p>\n<p>&nbsp;<\/p>\n<p>Ignacio Ortega<\/p>\n","protected":false},"excerpt":{"rendered":"<p>Kiev, 25 ene (EFE).- La oposici\u00f3n ucraniana rechaz\u00f3 hoy la oferta del presidente, V\u00edktor Yanuk\u00f3vich, de que asuma la jefatura del Gobierno para poner fin a la crisis provocada por las protestas antigubernamentales. \u00abNuestra demanda es celebrar elecciones presidenciales este mismo a\u00f1o. Y no pensamos dar un paso atr\u00e1s. Mantendremos nuestras posiciones en el Maid\u00e1n [&hellip;]<\/p>\n","protected":false},"author":1,"featured_media":1132184,"comment_status":"closed","ping_status":"open","sticky":false,"template":"","format":"standard","meta":{"footnotes":""},"categories":[1],"tags":[],"class_list":["post-479104","post","type-post","status-publish","format-standard","has-post-thumbnail","hentry","category-actualidad"],"aioseo_notices":[],"aioseo_head":"\n\t\t<!-- All in One SEO Pro 5.0.1 - aioseo.com -->\n\t<meta name=\"description\" content=\"Kiev, 25 ene (EFE).- La oposici\u00f3n ucraniana rechaz\u00f3 hoy la oferta del presidente, V\u00edktor Yanuk\u00f3vich, de que asuma la jefatura del Gobierno para poner fin a la crisis provocada por las protestas antigubernamentales. &quot;Nuestra demanda es celebrar elecciones presidenciales este mismo a\u00f1o. Y no pensamos dar un paso atr\u00e1s. Mantendremos nuestras posiciones en el Maid\u00e1n\" \/>\n\t<meta name=\"robots\" content=\"max-image-preview:large\" \/>\n\t<meta name=\"author\" content=\"El Digital de Asturias\"\/>\n\t<meta name=\"google-site-verification\" content=\"UA-38556648-1\" \/>\n\t<meta name=\"msvalidate.01\" content=\"7dfe9f3f1b24437ab69f4f2559babe99\" \/>\n\t<meta name=\"keywords\" content=\"actualidad\" \/>\n\t<link rel=\"canonical\" href=\"https:\/\/www.eldigitaldeasturias.com\/noticias\/la-oposicion-ucraniana-rechaza-la-oferta-del-gobierno-de-yanukovich\/\" \/>\n\t<meta name=\"generator\" content=\"All in One SEO Pro (AIOSEO) 5.0.1\" \/>\n\t\t<meta property=\"og:locale\" content=\"es_ES\" \/>\n\t\t<meta property=\"og:site_name\" content=\"El Digital de Asturias\" \/>\n\t\t<meta property=\"og:type\" content=\"article\" \/>\n\t\t<meta property=\"og:title\" content=\"La oposici\u00f3n ucraniana rechaza la oferta del Gobierno de Yanuk\u00f3vich - El Digital de Asturias\" \/>\n\t\t<meta property=\"og:description\" content=\"Kiev, 25 ene (EFE).- La oposici\u00f3n ucraniana rechaz\u00f3 hoy la oferta del presidente, V\u00edktor Yanuk\u00f3vich, de que asuma la jefatura del Gobierno para poner fin a la crisis provocada por las protestas antigubernamentales. &quot;Nuestra demanda es celebrar elecciones presidenciales este mismo a\u00f1o. Y no pensamos dar un paso atr\u00e1s. Mantendremos nuestras posiciones en el Maid\u00e1n\" \/>\n\t\t<meta property=\"og:url\" content=\"https:\/\/www.eldigitaldeasturias.com\/noticias\/la-oposicion-ucraniana-rechaza-la-oferta-del-gobierno-de-yanukovich\/\" \/>\n\t\t<meta property=\"og:image\" content=\"https:\/\/www.eldigitaldeasturias.com\/noticias\/wp-content\/uploads\/2026\/06\/Contenidos.jpg\" \/>\n\t\t<meta property=\"og:image:secure_url\" content=\"https:\/\/www.eldigitaldeasturias.com\/noticias\/wp-content\/uploads\/2026\/06\/Contenidos.jpg\" \/>\n\t\t<meta property=\"og:image:width\" content=\"1265\" \/>\n\t\t<meta property=\"og:image:height\" content=\"697\" \/>\n\t\t<meta property=\"article:tag\" content=\"actualidad\" \/>\n\t\t<meta property=\"article:published_time\" content=\"2014-01-26T23:08:40+00:00\" \/>\n\t\t<meta property=\"article:modified_time\" content=\"2014-01-26T23:08:40+00:00\" \/>\n\t\t<meta property=\"article:publisher\" content=\"https:\/\/facebook.com\/eldigitaldeasturias\" \/>\n\t\t<meta name=\"twitter:card\" content=\"summary_large_image\" \/>\n\t\t<meta name=\"twitter:title\" content=\"La oposici\u00f3n ucraniana rechaza la oferta del Gobierno de Yanuk\u00f3vich - El Digital de Asturias\" \/>\n\t\t<meta name=\"twitter:description\" content=\"Kiev, 25 ene (EFE).- La oposici\u00f3n ucraniana rechaz\u00f3 hoy la oferta del presidente, V\u00edktor Yanuk\u00f3vich, de que asuma la jefatura del Gobierno para poner fin a la crisis provocada por las protestas antigubernamentales. &quot;Nuestra demanda es celebrar elecciones presidenciales este mismo a\u00f1o. Y no pensamos dar un paso atr\u00e1s. Mantendremos nuestras posiciones en el Maid\u00e1n\" \/>\n\t\t<meta name=\"twitter:image\" content=\"https:\/\/www.eldigitaldeasturias.com\/noticias\/wp-content\/uploads\/2026\/06\/Contenidos.jpg\" \/>\n\t\t<meta name=\"twitter:label1\" content=\"Escrito por\" \/>\n\t\t<meta name=\"twitter:data1\" content=\"El Digital de Asturias\" \/>\n\t\t<meta name=\"twitter:label2\" content=\"Tiempo de lectura estimado\" \/>\n\t\t<meta name=\"twitter:data2\" content=\"4 minutos\" \/>\n\t\t<script type=\"application\/ld+json\" class=\"aioseo-schema\">\n\t\t\t{\"@context\":\"https:\\\/\\\/schema.org\",\"@graph\":[{\"@type\":\"BlogPosting\",\"@id\":\"https:\\\/\\\/www.eldigitaldeasturias.com\\\/noticias\\\/la-oposicion-ucraniana-rechaza-la-oferta-del-gobierno-de-yanukovich\\\/#blogposting\",\"name\":\"La oposici\\u00f3n ucraniana rechaza la oferta del Gobierno de Yanuk\\u00f3vich - El Digital de Asturias\",\"headline\":\"La oposici\\u00f3n ucraniana rechaza la oferta del Gobierno de Yanuk\\u00f3vich\",\"author\":{\"@id\":\"https:\\\/\\\/www.eldigitaldeasturias.com\\\/noticias\\\/author\\\/admin\\\/#author\"},\"publisher\":{\"@id\":\"https:\\\/\\\/www.eldigitaldeasturias.com\\\/noticias\\\/#organization\"},\"image\":{\"@type\":\"ImageObject\",\"url\":\"https:\\\/\\\/www.eldigitaldeasturias.com\\\/noticias\\\/wp-content\\\/uploads\\\/2026\\\/06\\\/Contenidos.jpg\",\"width\":1265,\"height\":697,\"caption\":\"Contenidos\"},\"datePublished\":\"2014-01-26T22:08:40+01:00\",\"dateModified\":\"2014-01-26T22:08:40+01:00\",\"inLanguage\":\"es-ES\",\"mainEntityOfPage\":{\"@id\":\"https:\\\/\\\/www.eldigitaldeasturias.com\\\/noticias\\\/la-oposicion-ucraniana-rechaza-la-oferta-del-gobierno-de-yanukovich\\\/#webpage\"},\"isPartOf\":{\"@id\":\"https:\\\/\\\/www.eldigitaldeasturias.com\\\/noticias\\\/la-oposicion-ucraniana-rechaza-la-oferta-del-gobierno-de-yanukovich\\\/#webpage\"},\"articleSection\":\"Actualidad\"},{\"@type\":\"BreadcrumbList\",\"@id\":\"https:\\\/\\\/www.eldigitaldeasturias.com\\\/noticias\\\/la-oposicion-ucraniana-rechaza-la-oferta-del-gobierno-de-yanukovich\\\/#breadcrumblist\",\"itemListElement\":[{\"@type\":\"ListItem\",\"@id\":\"https:\\\/\\\/www.eldigitaldeasturias.com\\\/noticias#listItem\",\"position\":1,\"name\":\"Home\",\"item\":\"https:\\\/\\\/www.eldigitaldeasturias.com\\\/noticias\",\"nextItem\":{\"@type\":\"ListItem\",\"@id\":\"https:\\\/\\\/www.eldigitaldeasturias.com\\\/noticias\\\/category\\\/actualidad\\\/#listItem\",\"name\":\"Actualidad\"}},{\"@type\":\"ListItem\",\"@id\":\"https:\\\/\\\/www.eldigitaldeasturias.com\\\/noticias\\\/category\\\/actualidad\\\/#listItem\",\"position\":2,\"name\":\"Actualidad\",\"item\":\"https:\\\/\\\/www.eldigitaldeasturias.com\\\/noticias\\\/category\\\/actualidad\\\/\",\"nextItem\":{\"@type\":\"ListItem\",\"@id\":\"https:\\\/\\\/www.eldigitaldeasturias.com\\\/noticias\\\/la-oposicion-ucraniana-rechaza-la-oferta-del-gobierno-de-yanukovich\\\/#listItem\",\"name\":\"La oposici\\u00f3n ucraniana rechaza la oferta del Gobierno de Yanuk\\u00f3vich\"},\"previousItem\":{\"@type\":\"ListItem\",\"@id\":\"https:\\\/\\\/www.eldigitaldeasturias.com\\\/noticias#listItem\",\"name\":\"Home\"}},{\"@type\":\"ListItem\",\"@id\":\"https:\\\/\\\/www.eldigitaldeasturias.com\\\/noticias\\\/la-oposicion-ucraniana-rechaza-la-oferta-del-gobierno-de-yanukovich\\\/#listItem\",\"position\":3,\"name\":\"La oposici\\u00f3n ucraniana rechaza la oferta del Gobierno de Yanuk\\u00f3vich\",\"previousItem\":{\"@type\":\"ListItem\",\"@id\":\"https:\\\/\\\/www.eldigitaldeasturias.com\\\/noticias\\\/category\\\/actualidad\\\/#listItem\",\"name\":\"Actualidad\"}}]},{\"@type\":\"Organization\",\"@id\":\"https:\\\/\\\/www.eldigitaldeasturias.com\\\/noticias\\\/#organization\",\"name\":\"El Digital de Asturias\",\"description\":\"Hemeroteca\",\"url\":\"https:\\\/\\\/www.eldigitaldeasturias.com\\\/noticias\\\/\",\"email\":\"info@eldigitaldeasturias.com\",\"telephone\":\"+34652131393\",\"logo\":{\"@type\":\"ImageObject\",\"url\":\"https:\\\/\\\/www.eldigitaldeasturias.com\\\/noticias\\\/wp-content\\\/uploads\\\/2020\\\/12\\\/EDA.jpg\",\"@id\":\"https:\\\/\\\/www.eldigitaldeasturias.com\\\/noticias\\\/la-oposicion-ucraniana-rechaza-la-oferta-del-gobierno-de-yanukovich\\\/#organizationLogo\"},\"image\":{\"@id\":\"https:\\\/\\\/www.eldigitaldeasturias.com\\\/noticias\\\/la-oposicion-ucraniana-rechaza-la-oferta-del-gobierno-de-yanukovich\\\/#organizationLogo\"},\"sameAs\":[\"https:\\\/\\\/facebook.com\\\/eldigitaldeasturias\",\"https:\\\/\\\/www.youtube.com\\\/channel\\\/UCZP-2wLEB9Rv6erhFmqVnvg\"],\"address\":{\"@id\":\"https:\\\/\\\/www.eldigitaldeasturias.com\\\/noticias\\\/#postaladdress\",\"@type\":\"PostalAddress\",\"streetAddress\":\"san antonio 4\",\"postalCode\":\"33430\",\"addressLocality\":\"Cand\\u00e1s\",\"addressRegion\":\"Asturias\",\"addressCountry\":\"ES\"}},{\"@type\":\"Person\",\"@id\":\"https:\\\/\\\/www.eldigitaldeasturias.com\\\/noticias\\\/author\\\/admin\\\/#author\",\"url\":\"https:\\\/\\\/www.eldigitaldeasturias.com\\\/noticias\\\/author\\\/admin\\\/\",\"name\":\"El Digital de Asturias\",\"image\":{\"@type\":\"ImageObject\",\"@id\":\"https:\\\/\\\/www.eldigitaldeasturias.com\\\/noticias\\\/la-oposicion-ucraniana-rechaza-la-oferta-del-gobierno-de-yanukovich\\\/#authorImage\",\"url\":\"https:\\\/\\\/secure.gravatar.com\\\/avatar\\\/df2aeffc32bcd13f8d26072ef8a91b623d677766deac7f97ca815868cd41bf5e?s=96&d=mm&r=g\",\"width\":96,\"height\":96,\"caption\":\"El Digital de Asturias\"}},{\"@type\":\"WebPage\",\"@id\":\"https:\\\/\\\/www.eldigitaldeasturias.com\\\/noticias\\\/la-oposicion-ucraniana-rechaza-la-oferta-del-gobierno-de-yanukovich\\\/#webpage\",\"url\":\"https:\\\/\\\/www.eldigitaldeasturias.com\\\/noticias\\\/la-oposicion-ucraniana-rechaza-la-oferta-del-gobierno-de-yanukovich\\\/\",\"name\":\"La oposici\\u00f3n ucraniana rechaza la oferta del Gobierno de Yanuk\\u00f3vich - El Digital de Asturias\",\"description\":\"Kiev, 25 ene (EFE).- La oposici\\u00f3n ucraniana rechaz\\u00f3 hoy la oferta del presidente, V\\u00edktor Yanuk\\u00f3vich, de que asuma la jefatura del Gobierno para poner fin a la crisis provocada por las protestas antigubernamentales. \\\"Nuestra demanda es celebrar elecciones presidenciales este mismo a\\u00f1o. Y no pensamos dar un paso atr\\u00e1s. Mantendremos nuestras posiciones en el Maid\\u00e1n\",\"inLanguage\":\"es-ES\",\"isPartOf\":{\"@id\":\"https:\\\/\\\/www.eldigitaldeasturias.com\\\/noticias\\\/#website\"},\"breadcrumb\":{\"@id\":\"https:\\\/\\\/www.eldigitaldeasturias.com\\\/noticias\\\/la-oposicion-ucraniana-rechaza-la-oferta-del-gobierno-de-yanukovich\\\/#breadcrumblist\"},\"author\":{\"@id\":\"https:\\\/\\\/www.eldigitaldeasturias.com\\\/noticias\\\/author\\\/admin\\\/#author\"},\"creator\":{\"@id\":\"https:\\\/\\\/www.eldigitaldeasturias.com\\\/noticias\\\/author\\\/admin\\\/#author\"},\"image\":{\"@type\":\"ImageObject\",\"url\":\"https:\\\/\\\/www.eldigitaldeasturias.com\\\/noticias\\\/wp-content\\\/uploads\\\/2026\\\/06\\\/Contenidos.jpg\",\"@id\":\"https:\\\/\\\/www.eldigitaldeasturias.com\\\/noticias\\\/la-oposicion-ucraniana-rechaza-la-oferta-del-gobierno-de-yanukovich\\\/#mainImage\",\"width\":1265,\"height\":697,\"caption\":\"Contenidos\"},\"primaryImageOfPage\":{\"@id\":\"https:\\\/\\\/www.eldigitaldeasturias.com\\\/noticias\\\/la-oposicion-ucraniana-rechaza-la-oferta-del-gobierno-de-yanukovich\\\/#mainImage\"},\"datePublished\":\"2014-01-26T22:08:40+01:00\",\"dateModified\":\"2014-01-26T22:08:40+01:00\"},{\"@type\":\"WebSite\",\"@id\":\"https:\\\/\\\/www.eldigitaldeasturias.com\\\/noticias\\\/#website\",\"url\":\"https:\\\/\\\/www.eldigitaldeasturias.com\\\/noticias\\\/\",\"name\":\"El Digital de Asturias - Diario de actualidad y noticias\",\"alternateName\":\"El Digital de Asturias - Diario de actualidad y noticias\",\"description\":\"Hemeroteca\",\"inLanguage\":\"es-ES\",\"publisher\":{\"@id\":\"https:\\\/\\\/www.eldigitaldeasturias.com\\\/noticias\\\/#organization\"}}]}\n\t\t<\/script>\n\t\t<!-- All in One SEO Pro -->\r\n\t\t<title>La oposici\u00f3n ucraniana rechaza la oferta del Gobierno de Yanuk\u00f3vich - El Digital de Asturias<\/title>\n\n","aioseo_head_json":{"title":"La oposici\u00f3n ucraniana rechaza la oferta del Gobierno de Yanuk\u00f3vich - El Digital de Asturias","description":"Kiev, 25 ene (EFE).- La oposici\u00f3n ucraniana rechaz\u00f3 hoy la oferta del presidente, V\u00edktor Yanuk\u00f3vich, de que asuma la jefatura del Gobierno para poner fin a la crisis provocada por las protestas antigubernamentales. \"Nuestra demanda es celebrar elecciones presidenciales este mismo a\u00f1o. Y no pensamos dar un paso atr\u00e1s. Mantendremos nuestras posiciones en el Maid\u00e1n","canonical_url":"https:\/\/www.eldigitaldeasturias.com\/noticias\/la-oposicion-ucraniana-rechaza-la-oferta-del-gobierno-de-yanukovich\/","robots":"max-image-preview:large","keywords":"actualidad","webmasterTools":{"google-site-verification":"UA-38556648-1","msvalidate.01":"7dfe9f3f1b24437ab69f4f2559babe99","miscellaneous":""},"schema":{"@context":"https:\/\/schema.org","@graph":[{"@type":"BlogPosting","@id":"https:\/\/www.eldigitaldeasturias.com\/noticias\/la-oposicion-ucraniana-rechaza-la-oferta-del-gobierno-de-yanukovich\/#blogposting","name":"La oposici\u00f3n ucraniana rechaza la oferta del Gobierno de Yanuk\u00f3vich - El Digital de Asturias","headline":"La oposici\u00f3n ucraniana rechaza la oferta del Gobierno de Yanuk\u00f3vich","author":{"@id":"https:\/\/www.eldigitaldeasturias.com\/noticias\/author\/admin\/#author"},"publisher":{"@id":"https:\/\/www.eldigitaldeasturias.com\/noticias\/#organization"},"image":{"@type":"ImageObject","url":"https:\/\/www.eldigitaldeasturias.com\/noticias\/wp-content\/uploads\/2026\/06\/Contenidos.jpg","width":1265,"height":697,"caption":"Contenidos"},"datePublished":"2014-01-26T22:08:40+01:00","dateModified":"2014-01-26T22:08:40+01:00","inLanguage":"es-ES","mainEntityOfPage":{"@id":"https:\/\/www.eldigitaldeasturias.com\/noticias\/la-oposicion-ucraniana-rechaza-la-oferta-del-gobierno-de-yanukovich\/#webpage"},"isPartOf":{"@id":"https:\/\/www.eldigitaldeasturias.com\/noticias\/la-oposicion-ucraniana-rechaza-la-oferta-del-gobierno-de-yanukovich\/#webpage"},"articleSection":"Actualidad"},{"@type":"BreadcrumbList","@id":"https:\/\/www.eldigitaldeasturias.com\/noticias\/la-oposicion-ucraniana-rechaza-la-oferta-del-gobierno-de-yanukovich\/#breadcrumblist","itemListElement":[{"@type":"ListItem","@id":"https:\/\/www.eldigitaldeasturias.com\/noticias#listItem","position":1,"name":"Home","item":"https:\/\/www.eldigitaldeasturias.com\/noticias","nextItem":{"@type":"ListItem","@id":"https:\/\/www.eldigitaldeasturias.com\/noticias\/category\/actualidad\/#listItem","name":"Actualidad"}},{"@type":"ListItem","@id":"https:\/\/www.eldigitaldeasturias.com\/noticias\/category\/actualidad\/#listItem","position":2,"name":"Actualidad","item":"https:\/\/www.eldigitaldeasturias.com\/noticias\/category\/actualidad\/","nextItem":{"@type":"ListItem","@id":"https:\/\/www.eldigitaldeasturias.com\/noticias\/la-oposicion-ucraniana-rechaza-la-oferta-del-gobierno-de-yanukovich\/#listItem","name":"La oposici\u00f3n ucraniana rechaza la oferta del Gobierno de Yanuk\u00f3vich"},"previousItem":{"@type":"ListItem","@id":"https:\/\/www.eldigitaldeasturias.com\/noticias#listItem","name":"Home"}},{"@type":"ListItem","@id":"https:\/\/www.eldigitaldeasturias.com\/noticias\/la-oposicion-ucraniana-rechaza-la-oferta-del-gobierno-de-yanukovich\/#listItem","position":3,"name":"La oposici\u00f3n ucraniana rechaza la oferta del Gobierno de Yanuk\u00f3vich","previousItem":{"@type":"ListItem","@id":"https:\/\/www.eldigitaldeasturias.com\/noticias\/category\/actualidad\/#listItem","name":"Actualidad"}}]},{"@type":"Organization","@id":"https:\/\/www.eldigitaldeasturias.com\/noticias\/#organization","name":"El Digital de Asturias","description":"Hemeroteca","url":"https:\/\/www.eldigitaldeasturias.com\/noticias\/","email":"info@eldigitaldeasturias.com","telephone":"+34652131393","logo":{"@type":"ImageObject","url":"https:\/\/www.eldigitaldeasturias.com\/noticias\/wp-content\/uploads\/2020\/12\/EDA.jpg","@id":"https:\/\/www.eldigitaldeasturias.com\/noticias\/la-oposicion-ucraniana-rechaza-la-oferta-del-gobierno-de-yanukovich\/#organizationLogo"},"image":{"@id":"https:\/\/www.eldigitaldeasturias.com\/noticias\/la-oposicion-ucraniana-rechaza-la-oferta-del-gobierno-de-yanukovich\/#organizationLogo"},"sameAs":["https:\/\/facebook.com\/eldigitaldeasturias","https:\/\/www.youtube.com\/channel\/UCZP-2wLEB9Rv6erhFmqVnvg"],"address":{"@id":"https:\/\/www.eldigitaldeasturias.com\/noticias\/#postaladdress","@type":"PostalAddress","streetAddress":"san antonio 4","postalCode":"33430","addressLocality":"Cand\u00e1s","addressRegion":"Asturias","addressCountry":"ES"}},{"@type":"Person","@id":"https:\/\/www.eldigitaldeasturias.com\/noticias\/author\/admin\/#author","url":"https:\/\/www.eldigitaldeasturias.com\/noticias\/author\/admin\/","name":"El Digital de Asturias","image":{"@type":"ImageObject","@id":"https:\/\/www.eldigitaldeasturias.com\/noticias\/la-oposicion-ucraniana-rechaza-la-oferta-del-gobierno-de-yanukovich\/#authorImage","url":"https:\/\/secure.gravatar.com\/avatar\/df2aeffc32bcd13f8d26072ef8a91b623d677766deac7f97ca815868cd41bf5e?s=96&d=mm&r=g","width":96,"height":96,"caption":"El Digital de Asturias"}},{"@type":"WebPage","@id":"https:\/\/www.eldigitaldeasturias.com\/noticias\/la-oposicion-ucraniana-rechaza-la-oferta-del-gobierno-de-yanukovich\/#webpage","url":"https:\/\/www.eldigitaldeasturias.com\/noticias\/la-oposicion-ucraniana-rechaza-la-oferta-del-gobierno-de-yanukovich\/","name":"La oposici\u00f3n ucraniana rechaza la oferta del Gobierno de Yanuk\u00f3vich - El Digital de Asturias","description":"Kiev, 25 ene (EFE).- La oposici\u00f3n ucraniana rechaz\u00f3 hoy la oferta del presidente, V\u00edktor Yanuk\u00f3vich, de que asuma la jefatura del Gobierno para poner fin a la crisis provocada por las protestas antigubernamentales. \"Nuestra demanda es celebrar elecciones presidenciales este mismo a\u00f1o. Y no pensamos dar un paso atr\u00e1s. Mantendremos nuestras posiciones en el Maid\u00e1n","inLanguage":"es-ES","isPartOf":{"@id":"https:\/\/www.eldigitaldeasturias.com\/noticias\/#website"},"breadcrumb":{"@id":"https:\/\/www.eldigitaldeasturias.com\/noticias\/la-oposicion-ucraniana-rechaza-la-oferta-del-gobierno-de-yanukovich\/#breadcrumblist"},"author":{"@id":"https:\/\/www.eldigitaldeasturias.com\/noticias\/author\/admin\/#author"},"creator":{"@id":"https:\/\/www.eldigitaldeasturias.com\/noticias\/author\/admin\/#author"},"image":{"@type":"ImageObject","url":"https:\/\/www.eldigitaldeasturias.com\/noticias\/wp-content\/uploads\/2026\/06\/Contenidos.jpg","@id":"https:\/\/www.eldigitaldeasturias.com\/noticias\/la-oposicion-ucraniana-rechaza-la-oferta-del-gobierno-de-yanukovich\/#mainImage","width":1265,"height":697,"caption":"Contenidos"},"primaryImageOfPage":{"@id":"https:\/\/www.eldigitaldeasturias.com\/noticias\/la-oposicion-ucraniana-rechaza-la-oferta-del-gobierno-de-yanukovich\/#mainImage"},"datePublished":"2014-01-26T22:08:40+01:00","dateModified":"2014-01-26T22:08:40+01:00"},{"@type":"WebSite","@id":"https:\/\/www.eldigitaldeasturias.com\/noticias\/#website","url":"https:\/\/www.eldigitaldeasturias.com\/noticias\/","name":"El Digital de Asturias - Diario de actualidad y noticias","alternateName":"El Digital de Asturias - Diario de actualidad y noticias","description":"Hemeroteca","inLanguage":"es-ES","publisher":{"@id":"https:\/\/www.eldigitaldeasturias.com\/noticias\/#organization"}}]},"og:locale":"es_ES","og:site_name":"El Digital de Asturias","og:type":"article","og:title":"La oposici\u00f3n ucraniana rechaza la oferta del Gobierno de Yanuk\u00f3vich - El Digital de Asturias","og:description":"Kiev, 25 ene (EFE).- La oposici\u00f3n ucraniana rechaz\u00f3 hoy la oferta del presidente, V\u00edktor Yanuk\u00f3vich, de que asuma la jefatura del Gobierno para poner fin a la crisis provocada por las protestas antigubernamentales. &quot;Nuestra demanda es celebrar elecciones presidenciales este mismo a\u00f1o. Y no pensamos dar un paso atr\u00e1s. Mantendremos nuestras posiciones en el Maid\u00e1n","og:url":"https:\/\/www.eldigitaldeasturias.com\/noticias\/la-oposicion-ucraniana-rechaza-la-oferta-del-gobierno-de-yanukovich\/","og:image":"https:\/\/www.eldigitaldeasturias.com\/noticias\/wp-content\/uploads\/2026\/06\/Contenidos.jpg","og:image:secure_url":"https:\/\/www.eldigitaldeasturias.com\/noticias\/wp-content\/uploads\/2026\/06\/Contenidos.jpg","og:image:width":1265,"og:image:height":697,"article:tag":["actualidad"],"article:published_time":"2014-01-26T23:08:40+00:00","article:modified_time":"2014-01-26T23:08:40+00:00","article:publisher":"https:\/\/facebook.com\/eldigitaldeasturias","twitter:card":"summary_large_image","twitter:title":"La oposici\u00f3n ucraniana rechaza la oferta del Gobierno de Yanuk\u00f3vich - El Digital de Asturias","twitter:description":"Kiev, 25 ene (EFE).- La oposici\u00f3n ucraniana rechaz\u00f3 hoy la oferta del presidente, V\u00edktor Yanuk\u00f3vich, de que asuma la jefatura del Gobierno para poner fin a la crisis provocada por las protestas antigubernamentales. &quot;Nuestra demanda es celebrar elecciones presidenciales este mismo a\u00f1o. Y no pensamos dar un paso atr\u00e1s. Mantendremos nuestras posiciones en el Maid\u00e1n","twitter:image":"https:\/\/www.eldigitaldeasturias.com\/noticias\/wp-content\/uploads\/2026\/06\/Contenidos.jpg","twitter:label1":"Escrito por","twitter:data1":"El Digital de Asturias","twitter:label2":"Tiempo de lectura estimado","twitter:data2":"4 minutos"},"aioseo_meta_data":{"post_id":"479104","title":null,"description":null,"keywords":null,"keyphrases":null,"primary_term":null,"canonical_url":null,"og_title":null,"og_description":null,"og_object_type":"default","og_image_type":"default","og_image_url":null,"og_image_width":null,"og_image_height":null,"og_image_custom_url":null,"og_image_custom_fields":null,"og_video":null,"og_custom_url":null,"og_article_section":null,"og_article_tags":null,"twitter_use_og":true,"twitter_card":"default","twitter_image_type":"default","twitter_image_url":null,"twitter_image_custom_url":null,"twitter_image_custom_fields":null,"twitter_title":null,"twitter_description":null,"schema":{"blockGraphs":[],"customGraphs":[],"default":{"data":{"Article":[],"Course":[],"Dataset":[],"FAQPage":[],"Movie":[],"Person":[],"Product":[],"ProductReview":[],"Car":[],"Recipe":[],"Service":[],"SoftwareApplication":[],"WebPage":[]},"graphName":"","isEnabled":true},"graphs":[],"defaultGraph":"","defaultPostTypeGraph":""},"schema_type":null,"schema_type_options":null,"pillar_content":false,"robots_default":true,"robots_noindex":false,"robots_noarchive":false,"robots_nosnippet":false,"robots_nofollow":false,"robots_noimageindex":false,"robots_noodp":false,"robots_notranslate":false,"robots_max_snippet":null,"robots_max_videopreview":null,"robots_max_imagepreview":"none","priority":null,"frequency":null,"local_seo":null,"seo_analyzer_scan_date":"2026-06-01 23:32:12","breadcrumb_settings":null,"limit_modified_date":false,"open_ai":null,"ai":null,"created":"2020-11-14 22:54:00","updated":"2026-06-01 23:32:12","focus_keyword":null,"additional_keywords":null,"truseo_locale":null},"aioseo_breadcrumb":"<div class=\"aioseo-breadcrumbs\"><span class=\"aioseo-breadcrumb\">\n\t<a href=\"https:\/\/www.eldigitaldeasturias.com\/noticias\" title=\"Home\">Home<\/a>\n<\/span><span class=\"aioseo-breadcrumb-separator\">\u2013<\/span><span class=\"aioseo-breadcrumb\">\n\t<a href=\"https:\/\/www.eldigitaldeasturias.com\/noticias\/category\/actualidad\/\" title=\"Actualidad\">Actualidad<\/a>\n<\/span><span class=\"aioseo-breadcrumb-separator\">\u2013<\/span><span class=\"aioseo-breadcrumb\">\n\t<a href=\"https:\/\/www.eldigitaldeasturias.com\/noticias\/la-oposicion-ucraniana-rechaza-la-oferta-del-gobierno-de-yanukovich\/\" title=\"La oposici\u00f3n ucraniana rechaza la oferta del Gobierno de Yanuk\u00f3vich\">La oposici\u00f3n ucraniana rechaza la oferta del Gobierno de Yanuk\u00f3vich<\/a>\n<\/span><\/div>","aioseo_breadcrumb_json":[{"label":"Home","link":"https:\/\/www.eldigitaldeasturias.com\/noticias"},{"label":"Actualidad","link":"https:\/\/www.eldigitaldeasturias.com\/noticias\/category\/actualidad\/"},{"label":"La oposici\u00f3n ucraniana rechaza la oferta del Gobierno de Yanuk\u00f3vich","link":"https:\/\/www.eldigitaldeasturias.com\/noticias\/la-oposicion-ucraniana-rechaza-la-oferta-del-gobierno-de-yanukovich\/"}],"_links":{"self":[{"href":"https:\/\/www.eldigitaldeasturias.com\/noticias\/wp-json\/wp\/v2\/posts\/479104","targetHints":{"allow":["GET"]}}],"collection":[{"href":"https:\/\/www.eldigitaldeasturias.com\/noticias\/wp-json\/wp\/v2\/posts"}],"about":[{"href":"https:\/\/www.eldigitaldeasturias.com\/noticias\/wp-json\/wp\/v2\/types\/post"}],"author":[{"embeddable":true,"href":"https:\/\/www.eldigitaldeasturias.com\/noticias\/wp-json\/wp\/v2\/users\/1"}],"replies":[{"embeddable":true,"href":"https:\/\/www.eldigitaldeasturias.com\/noticias\/wp-json\/wp\/v2\/comments?post=479104"}],"version-history":[{"count":0,"href":"https:\/\/www.eldigitaldeasturias.com\/noticias\/wp-json\/wp\/v2\/posts\/479104\/revisions"}],"wp:featuredmedia":[{"embeddable":true,"href":"https:\/\/www.eldigitaldeasturias.com\/noticias\/wp-json\/wp\/v2\/media\/1132184"}],"wp:attachment":[{"href":"https:\/\/www.eldigitaldeasturias.com\/noticias\/wp-json\/wp\/v2\/media?parent=479104"}],"wp:term":[{"taxonomy":"category","embeddable":true,"href":"https:\/\/www.eldigitaldeasturias.com\/noticias\/wp-json\/wp\/v2\/categories?post=479104"},{"taxonomy":"post_tag","embeddable":true,"href":"https:\/\/www.eldigitaldeasturias.com\/noticias\/wp-json\/wp\/v2\/tags?post=479104"}],"curies":[{"name":"wp","href":"https:\/\/api.w.org\/{rel}","templated":true}]}}